{"id":4965,"date":"2024-05-13T14:51:38","date_gmt":"2024-05-13T12:51:38","guid":{"rendered":"https:\/\/lepatriotebenin.com\/?p=4965"},"modified":"2024-05-13T14:51:39","modified_gmt":"2024-05-13T12:51:39","slug":"editorial-les-trahisons-de-fin-de-mandat","status":"publish","type":"post","link":"https:\/\/lepatriotebenin.com\/index.php\/2024\/05\/13\/editorial-les-trahisons-de-fin-de-mandat\/","title":{"rendered":"Editorial\u00a0: Les trahisons de fin de mandat"},"content":{"rendered":"\n<p>On a longtemps p\u00e9ror\u00e9 sur la mal\u00e9diction <strong>du roi Gb\u00e8hanzin<\/strong>. L\u2019histoire raconte qu\u2019aux derniers &nbsp;jours de son r\u00e8gne, alors en cavale, il serait retourn\u00e9 une derni\u00e8re fois \u00e0 Abomey pour prof\u00e9rer une mal\u00e9diction qui se r\u00e9v\u00e9lera comme ind\u00e9l\u00e9bile.&nbsp; Il aurait, face \u00e0 un cercle restreint de chefs cardinaux&nbsp; et de dignitaires, affirm\u00e9 que \u00ab&nbsp; le chiendent&nbsp; et les mauvaises herbes ne parleront jamais le m\u00eame langage&nbsp;\u00bb et que \u00ab&nbsp; les fils et les filles du Danxom\u00e8 ne s\u2019entendront jamais&nbsp;\u00bb. L\u00e9gitime juron pour quelqu\u2019un comme lui qui a pass\u00e9 tout son r\u00e8gne \u00e0 combattre l\u2019envahisseur blanc et qui venait d\u2019\u00eatre trahi par son fr\u00e8re et Chef d\u2019Etat Major qui l\u2019aurait livr\u00e9 \u00e0 l\u2019ennemi. La cons\u00e9quence de sa sentence a \u00e9t\u00e9 sans appel. Toutes les initiatives qui ont \u00e9t\u00e9 prises par des personnes ont constamment \u00e9chou\u00e9. A chaque fois qu\u2019il s\u2019agit de compter sur la sinc\u00e9rit\u00e9 et la fid\u00e9lit\u00e9 des uns et des autres pour entreprendre quelque chose de grand et de durable, il y a toujours un f\u00e9lon qui fait fuiter l\u2019information, un bavard imprudent qui livre le secret \u00e0 l\u2019ennemi. &nbsp;Et l\u2019initiative \u00e9choue lamentablement. En politique, la mal\u00e9diction du roi Gb\u00e8hanzin a \u00e9t\u00e9 \u00e9rig\u00e9e presque en une r\u00e8gle qui a fait recette pendant des d\u00e9cennies.<\/p>\n\n\n\n<p>A chaque \u00e9tape de notre vie politique, il y a toujours un acteur politique qui se d\u00e9solidarise, qui trahit\u2026Il y a toujours un protagoniste qui&nbsp; l\u00e2che prise. Plus d\u2019un si\u00e8cle apr\u00e8s, la p\u00e9remption de cette mal\u00e9diction semble n\u2019avoir pas de date. Depuis 1990, on a vu de fa\u00e7on r\u00e9guli\u00e8re les manifestations d\u2019actes de trahison en politique. C\u2019est \u00e0 raison que certains observateurs avertis de la politique b\u00e9ninoise affirment que la trahison a \u00e9t\u00e9 le moteur du jeu politique au B\u00e9nin et que les l\u00e2chet\u00e9s individuelles ont influenc\u00e9 plus fortement les cycles politiques que les d\u00e9cisions des grands ensembles.<\/p>\n\n\n\n<p>En 1996, la chute du <strong>pr\u00e9sident Soglo <\/strong>a \u00e9t\u00e9 l\u2019\u0153uvre fort endog\u00e8ne&nbsp; de \u00ab&nbsp;renards\u00bb, d\u2019entrepreneurs politiques sortis des entrailles du pouvoir et mus par des objectifs \u00e9go\u00efstes et qui, de fa\u00e7on individuelle, ont agi de l\u2019int\u00e9rieur pour torpiller la victoire.<\/p>\n\n\n\n<p>En 2006, les trahisons internes au sein de la galaxie K<strong>\u00e9r\u00e9kou<\/strong> n\u2019ont pas permis \u00e0 cette derni\u00e8re de s\u2019entendre pour porter un dauphin. Ce qui a favoris\u00e9 le candidat le plus combattu par le pouvoir de l\u2019\u00e9poque. C\u2019est celui l\u00e0 qui appara\u00eet le plus \u00e9loign\u00e9 de la chose politique qui gagne l\u2019\u00e9lection. En 2016, Yayi lui-m\u00eame n\u2019a pas r\u00e9ussi \u00e0 maintenir la coh\u00e9sion au sein de son camp. D\u00e8s 2013, &nbsp;une vaste&nbsp; frilosit\u00e9 s\u2019empare de sa mouvance lorsque Patrice Talon, jadis soutien financier et conseiller de l\u2019ombre, &nbsp;d\u00e9cide de s\u2019opposer \u00e0 lui. Plusieurs de ses proches collaborateurs de l\u2019\u00e9poque ont sournoisement travaill\u00e9 pour l\u2019ennemi public num\u00e9ro 1 de leur chef. Au finish, le candidat pr\u00e9sent\u00e9 et soutenu par Boni Yayi a perdu l\u2019\u00e9lection contre Patrice Talon, l\u2019ennemi soutenu en sourdine par des faucons du r\u00e9gime.<\/p>\n\n\n\n<p>L\u2019attelage gouvernemental de Talon qui a donn\u00e9 une forte impression de solidit\u00e9 a commenc\u00e9 aussi \u00e0 montrer des f\u00e9brilit\u00e9s. Les d\u00e9parts de certains de ses proches ont r\u00e9v\u00e9l\u00e9 de profonds malaises.<\/p>\n\n\n\n<p>Derni\u00e8re illustration, <strong>Aurelien Agb\u00e9nonci,<\/strong> ancien ministre des affaires \u00e9trang\u00e8res. Sa sortie m\u00e9diatique a quelque chose d\u2019intriguant&nbsp;: aller contredire presque son ancien patron sur le m\u00eame m\u00e9dia o\u00f9 il a parl\u00e9 et sur le m\u00eame sujet et ceci le lendemain de l\u2019intervention de ce dernier. Il n\u2019a d\u2019ailleurs plus cach\u00e9 la froideur des relations entre lui et Patrice Talon. Il s\u2019agit d\u2019un acte de d\u00e9fiance notoire qui faut savoir analyser avec recul. A trois reprises, il a affirm\u00e9 avoir <em>\u00ab&nbsp;tourn\u00e9 la page<\/em>&nbsp;\u00bb, en refusant d\u2019\u00e9voquer les raisons de son d\u00e9part du gouvernement et en entretenant un myst\u00e8re sur ces relations actuelles avec Patrice Talon. Cette attitude n\u2019est d\u2019ailleurs pas singuli\u00e8re. Elle est r\u00e9currente chez les cadres de l\u2019administration publique et une bonne frange de la classe politique. Tous ou presque tous ont de solides exp\u00e9riences <em>en \u00ab&nbsp;retournement de veste&nbsp;\u00bb.<\/em> Le bon et le meilleur pr\u00e9sident pour eux est toujours l\u2019actuel. Jamais l\u2019ancien n\u2019est bon. Ils ont m\u00eame une formule consacr\u00e9e par laquelle, ils changent de vestes&nbsp;: <em>\u00ab&nbsp;On a pourtant bien conseill\u00e9 le chef de l\u2019Etat. On lui a fait r\u00e9guli\u00e8rement des fiches mais il ne nous a pas suivis&nbsp;\u00bb.<\/em> Talon qu\u2019on croyait \u00eatre \u00e0 l\u2019abri de ces d\u00e9sid\u00e9ratas de fin de mandat semble ne pas y \u00e9pargner. &nbsp;<\/p>\n","protected":false},"excerpt":{"rendered":"<p>On a longtemps p\u00e9ror\u00e9 sur la mal\u00e9diction du roi Gb\u00e8hanzin. L\u2019histoire raconte qu\u2019aux derniers &nbsp;jours de son r\u00e8gne, alors en cavale, il serait retourn\u00e9 une derni\u00e8re fois \u00e0 Abomey pour&hellip;<\/p>\n","protected":false},"author":5,"featured_media":4594,"comment_status":"open","ping_status":"open","sticky":false,"template":"","format":"standard","meta":{"content-type":"","om_disable_all_campaigns":false,"_monsterinsights_skip_tracking":false,"_monsterinsights_sitenote_active":false,"_monsterinsights_sitenote_note":"","_monsterinsights_sitenote_category":0,"_uf_show_specific_survey":0,"_uf_disable_surveys":false,"footnotes":""},"categories":[26],"tags":[],"class_list":["post-4965","post","type-post","status-publish","format-standard","has-post-thumbnail","hentry","category-politique"],"aioseo_notices":[],"yoast_head":"<!-- This site is optimized with the Yoast SEO plugin v27.5 - https:\/\/yoast.com\/product\/yoast-seo-wordpress\/ -->\n<title>Editorial\u00a0: Les trahisons de fin de mandat - Le Patriote<\/title>\n<meta name=\"robots\" content=\"index, follow, max-snippet:-1, max-image-preview:large, max-video-preview:-1\" \/>\n<link rel=\"canonical\" href=\"https:\/\/lepatriotebenin.com\/index.php\/2024\/05\/13\/editorial-les-trahisons-de-fin-de-mandat\/\" \/>\n<meta property=\"og:locale\" content=\"fr_FR\" \/>\n<meta property=\"og:type\" content=\"article\" \/>\n<meta property=\"og:title\" content=\"Editorial\u00a0: Les trahisons de fin de mandat - Le Patriote\" \/>\n<meta property=\"og:description\" content=\"On a longtemps p\u00e9ror\u00e9 sur la mal\u00e9diction du roi Gb\u00e8hanzin. L\u2019histoire raconte qu\u2019aux derniers &nbsp;jours de son r\u00e8gne, alors en cavale, il serait retourn\u00e9 une derni\u00e8re fois \u00e0 Abomey pour&hellip;\" \/>\n<meta property=\"og:url\" content=\"https:\/\/lepatriotebenin.com\/index.php\/2024\/05\/13\/editorial-les-trahisons-de-fin-de-mandat\/\" \/>\n<meta property=\"og:site_name\" content=\"Le Patriote\" \/>\n<meta property=\"article:published_time\" content=\"2024-05-13T12:51:38+00:00\" \/>\n<meta property=\"article:modified_time\" content=\"2024-05-13T12:51:39+00:00\" \/>\n<meta property=\"og:image\" content=\"https:\/\/lepatriotebenin.com\/wp-content\/uploads\/2024\/04\/talon-1-1.jpg\" \/>\n\t<meta property=\"og:image:width\" content=\"980\" \/>\n\t<meta property=\"og:image:height\" content=\"551\" \/>\n\t<meta property=\"og:image:type\" content=\"image\/jpeg\" \/>\n<meta name=\"author\" content=\"Redaction\" \/>\n<meta name=\"twitter:card\" content=\"summary_large_image\" \/>\n<meta name=\"twitter:label1\" content=\"\u00c9crit par\" \/>\n\t<meta name=\"twitter:data1\" content=\"Redaction\" \/>\n\t<meta name=\"twitter:label2\" content=\"Dur\u00e9e de lecture estim\u00e9e\" \/>\n\t<meta name=\"twitter:data2\" content=\"4 minutes\" \/>\n<script type=\"application\/ld+json\" class=\"yoast-schema-graph\">{\"@context\":\"https:\\\/\\\/schema.org\",\"@graph\":[{\"@type\":\"Article\",\"@id\":\"https:\\\/\\\/lepatriotebenin.com\\\/index.php\\\/2024\\\/05\\\/13\\\/editorial-les-trahisons-de-fin-de-mandat\\\/#article\",\"isPartOf\":{\"@id\":\"https:\\\/\\\/lepatriotebenin.com\\\/index.php\\\/2024\\\/05\\\/13\\\/editorial-les-trahisons-de-fin-de-mandat\\\/\"},\"author\":{\"name\":\"Redaction\",\"@id\":\"https:\\\/\\\/lepatriotebenin.com\\\/#\\\/schema\\\/person\\\/2e7709b9c9cc313e452d1136af61690f\"},\"headline\":\"Editorial\u00a0: Les trahisons de fin de mandat\",\"datePublished\":\"2024-05-13T12:51:38+00:00\",\"dateModified\":\"2024-05-13T12:51:39+00:00\",\"mainEntityOfPage\":{\"@id\":\"https:\\\/\\\/lepatriotebenin.com\\\/index.php\\\/2024\\\/05\\\/13\\\/editorial-les-trahisons-de-fin-de-mandat\\\/\"},\"wordCount\":859,\"commentCount\":0,\"image\":{\"@id\":\"https:\\\/\\\/lepatriotebenin.com\\\/index.php\\\/2024\\\/05\\\/13\\\/editorial-les-trahisons-de-fin-de-mandat\\\/#primaryimage\"},\"thumbnailUrl\":\"https:\\\/\\\/lepatriotebenin.com\\\/wp-content\\\/uploads\\\/2024\\\/04\\\/talon-1-1.jpg\",\"articleSection\":[\"Politique\"],\"inLanguage\":\"fr-FR\",\"potentialAction\":[{\"@type\":\"CommentAction\",\"name\":\"Comment\",\"target\":[\"https:\\\/\\\/lepatriotebenin.com\\\/index.php\\\/2024\\\/05\\\/13\\\/editorial-les-trahisons-de-fin-de-mandat\\\/#respond\"]}]},{\"@type\":\"WebPage\",\"@id\":\"https:\\\/\\\/lepatriotebenin.com\\\/index.php\\\/2024\\\/05\\\/13\\\/editorial-les-trahisons-de-fin-de-mandat\\\/\",\"url\":\"https:\\\/\\\/lepatriotebenin.com\\\/index.php\\\/2024\\\/05\\\/13\\\/editorial-les-trahisons-de-fin-de-mandat\\\/\",\"name\":\"Editorial\u00a0: Les trahisons de fin de mandat - Le Patriote\",\"isPartOf\":{\"@id\":\"https:\\\/\\\/lepatriotebenin.com\\\/#website\"},\"primaryImageOfPage\":{\"@id\":\"https:\\\/\\\/lepatriotebenin.com\\\/index.php\\\/2024\\\/05\\\/13\\\/editorial-les-trahisons-de-fin-de-mandat\\\/#primaryimage\"},\"image\":{\"@id\":\"https:\\\/\\\/lepatriotebenin.com\\\/index.php\\\/2024\\\/05\\\/13\\\/editorial-les-trahisons-de-fin-de-mandat\\\/#primaryimage\"},\"thumbnailUrl\":\"https:\\\/\\\/lepatriotebenin.com\\\/wp-content\\\/uploads\\\/2024\\\/04\\\/talon-1-1.jpg\",\"datePublished\":\"2024-05-13T12:51:38+00:00\",\"dateModified\":\"2024-05-13T12:51:39+00:00\",\"author\":{\"@id\":\"https:\\\/\\\/lepatriotebenin.com\\\/#\\\/schema\\\/person\\\/2e7709b9c9cc313e452d1136af61690f\"},\"breadcrumb\":{\"@id\":\"https:\\\/\\\/lepatriotebenin.com\\\/index.php\\\/2024\\\/05\\\/13\\\/editorial-les-trahisons-de-fin-de-mandat\\\/#breadcrumb\"},\"inLanguage\":\"fr-FR\",\"potentialAction\":[{\"@type\":\"ReadAction\",\"target\":[\"https:\\\/\\\/lepatriotebenin.com\\\/index.php\\\/2024\\\/05\\\/13\\\/editorial-les-trahisons-de-fin-de-mandat\\\/\"]}]},{\"@type\":\"ImageObject\",\"inLanguage\":\"fr-FR\",\"@id\":\"https:\\\/\\\/lepatriotebenin.com\\\/index.php\\\/2024\\\/05\\\/13\\\/editorial-les-trahisons-de-fin-de-mandat\\\/#primaryimage\",\"url\":\"https:\\\/\\\/lepatriotebenin.com\\\/wp-content\\\/uploads\\\/2024\\\/04\\\/talon-1-1.jpg\",\"contentUrl\":\"https:\\\/\\\/lepatriotebenin.com\\\/wp-content\\\/uploads\\\/2024\\\/04\\\/talon-1-1.jpg\",\"width\":980,\"height\":551,\"caption\":\"Benin President Patrice Talon listening to French President Emmanuel Macron after a sining ceremony at the Elysee Palace in Paris, Tuesday, Nov. 9, 2021. France hand over in an official signing ceremony 26 looted colonial-era artifacts to the government of Benin. (AP Photo\\\/Michel Euler)\"},{\"@type\":\"BreadcrumbList\",\"@id\":\"https:\\\/\\\/lepatriotebenin.com\\\/index.php\\\/2024\\\/05\\\/13\\\/editorial-les-trahisons-de-fin-de-mandat\\\/#breadcrumb\",\"itemListElement\":[{\"@type\":\"ListItem\",\"position\":1,\"name\":\"Accueil\",\"item\":\"https:\\\/\\\/lepatriotebenin.com\\\/\"},{\"@type\":\"ListItem\",\"position\":2,\"name\":\"Editorial\u00a0: Les trahisons de fin de mandat\"}]},{\"@type\":\"WebSite\",\"@id\":\"https:\\\/\\\/lepatriotebenin.com\\\/#website\",\"url\":\"https:\\\/\\\/lepatriotebenin.com\\\/\",\"name\":\"Le Patriote\",\"description\":\"Le Patriote B\u00e9nin\",\"potentialAction\":[{\"@type\":\"SearchAction\",\"target\":{\"@type\":\"EntryPoint\",\"urlTemplate\":\"https:\\\/\\\/lepatriotebenin.com\\\/?s={search_term_string}\"},\"query-input\":{\"@type\":\"PropertyValueSpecification\",\"valueRequired\":true,\"valueName\":\"search_term_string\"}}],\"inLanguage\":\"fr-FR\"},{\"@type\":\"Person\",\"@id\":\"https:\\\/\\\/lepatriotebenin.com\\\/#\\\/schema\\\/person\\\/2e7709b9c9cc313e452d1136af61690f\",\"name\":\"Redaction\",\"image\":{\"@type\":\"ImageObject\",\"inLanguage\":\"fr-FR\",\"@id\":\"https:\\\/\\\/secure.gravatar.com\\\/avatar\\\/c4c509357859ea2ca2cbb6d8812898a73e4ef1ef9934c2e591d7e32face734d1?s=96&d=mm&r=g\",\"url\":\"https:\\\/\\\/secure.gravatar.com\\\/avatar\\\/c4c509357859ea2ca2cbb6d8812898a73e4ef1ef9934c2e591d7e32face734d1?s=96&d=mm&r=g\",\"contentUrl\":\"https:\\\/\\\/secure.gravatar.com\\\/avatar\\\/c4c509357859ea2ca2cbb6d8812898a73e4ef1ef9934c2e591d7e32face734d1?s=96&d=mm&r=g\",\"caption\":\"Redaction\"},\"url\":\"https:\\\/\\\/lepatriotebenin.com\"}]}<\/script>\n<!-- \/ Yoast SEO plugin. -->","yoast_head_json":{"title":"Editorial\u00a0: Les trahisons de fin de mandat - Le Patriote","robots":{"index":"index","follow":"follow","max-snippet":"max-snippet:-1","max-image-preview":"max-image-preview:large","max-video-preview":"max-video-preview:-1"},"canonical":"https:\/\/lepatriotebenin.com\/index.php\/2024\/05\/13\/editorial-les-trahisons-de-fin-de-mandat\/","og_locale":"fr_FR","og_type":"article","og_title":"Editorial\u00a0: Les trahisons de fin de mandat - Le Patriote","og_description":"On a longtemps p\u00e9ror\u00e9 sur la mal\u00e9diction du roi Gb\u00e8hanzin. L\u2019histoire raconte qu\u2019aux derniers &nbsp;jours de son r\u00e8gne, alors en cavale, il serait retourn\u00e9 une derni\u00e8re fois \u00e0 Abomey pour&hellip;","og_url":"https:\/\/lepatriotebenin.com\/index.php\/2024\/05\/13\/editorial-les-trahisons-de-fin-de-mandat\/","og_site_name":"Le Patriote","article_published_time":"2024-05-13T12:51:38+00:00","article_modified_time":"2024-05-13T12:51:39+00:00","og_image":[{"width":980,"height":551,"url":"https:\/\/lepatriotebenin.com\/wp-content\/uploads\/2024\/04\/talon-1-1.jpg","type":"image\/jpeg"}],"author":"Redaction","twitter_card":"summary_large_image","twitter_misc":{"\u00c9crit par":"Redaction","Dur\u00e9e de lecture estim\u00e9e":"4 minutes"},"schema":{"@context":"https:\/\/schema.org","@graph":[{"@type":"Article","@id":"https:\/\/lepatriotebenin.com\/index.php\/2024\/05\/13\/editorial-les-trahisons-de-fin-de-mandat\/#article","isPartOf":{"@id":"https:\/\/lepatriotebenin.com\/index.php\/2024\/05\/13\/editorial-les-trahisons-de-fin-de-mandat\/"},"author":{"name":"Redaction","@id":"https:\/\/lepatriotebenin.com\/#\/schema\/person\/2e7709b9c9cc313e452d1136af61690f"},"headline":"Editorial\u00a0: Les trahisons de fin de mandat","datePublished":"2024-05-13T12:51:38+00:00","dateModified":"2024-05-13T12:51:39+00:00","mainEntityOfPage":{"@id":"https:\/\/lepatriotebenin.com\/index.php\/2024\/05\/13\/editorial-les-trahisons-de-fin-de-mandat\/"},"wordCount":859,"commentCount":0,"image":{"@id":"https:\/\/lepatriotebenin.com\/index.php\/2024\/05\/13\/editorial-les-trahisons-de-fin-de-mandat\/#primaryimage"},"thumbnailUrl":"https:\/\/lepatriotebenin.com\/wp-content\/uploads\/2024\/04\/talon-1-1.jpg","articleSection":["Politique"],"inLanguage":"fr-FR","potentialAction":[{"@type":"CommentAction","name":"Comment","target":["https:\/\/lepatriotebenin.com\/index.php\/2024\/05\/13\/editorial-les-trahisons-de-fin-de-mandat\/#respond"]}]},{"@type":"WebPage","@id":"https:\/\/lepatriotebenin.com\/index.php\/2024\/05\/13\/editorial-les-trahisons-de-fin-de-mandat\/","url":"https:\/\/lepatriotebenin.com\/index.php\/2024\/05\/13\/editorial-les-trahisons-de-fin-de-mandat\/","name":"Editorial\u00a0: Les trahisons de fin de mandat - Le Patriote","isPartOf":{"@id":"https:\/\/lepatriotebenin.com\/#website"},"primaryImageOfPage":{"@id":"https:\/\/lepatriotebenin.com\/index.php\/2024\/05\/13\/editorial-les-trahisons-de-fin-de-mandat\/#primaryimage"},"image":{"@id":"https:\/\/lepatriotebenin.com\/index.php\/2024\/05\/13\/editorial-les-trahisons-de-fin-de-mandat\/#primaryimage"},"thumbnailUrl":"https:\/\/lepatriotebenin.com\/wp-content\/uploads\/2024\/04\/talon-1-1.jpg","datePublished":"2024-05-13T12:51:38+00:00","dateModified":"2024-05-13T12:51:39+00:00","author":{"@id":"https:\/\/lepatriotebenin.com\/#\/schema\/person\/2e7709b9c9cc313e452d1136af61690f"},"breadcrumb":{"@id":"https:\/\/lepatriotebenin.com\/index.php\/2024\/05\/13\/editorial-les-trahisons-de-fin-de-mandat\/#breadcrumb"},"inLanguage":"fr-FR","potentialAction":[{"@type":"ReadAction","target":["https:\/\/lepatriotebenin.com\/index.php\/2024\/05\/13\/editorial-les-trahisons-de-fin-de-mandat\/"]}]},{"@type":"ImageObject","inLanguage":"fr-FR","@id":"https:\/\/lepatriotebenin.com\/index.php\/2024\/05\/13\/editorial-les-trahisons-de-fin-de-mandat\/#primaryimage","url":"https:\/\/lepatriotebenin.com\/wp-content\/uploads\/2024\/04\/talon-1-1.jpg","contentUrl":"https:\/\/lepatriotebenin.com\/wp-content\/uploads\/2024\/04\/talon-1-1.jpg","width":980,"height":551,"caption":"Benin President Patrice Talon listening to French President Emmanuel Macron after a sining ceremony at the Elysee Palace in Paris, Tuesday, Nov. 9, 2021. France hand over in an official signing ceremony 26 looted colonial-era artifacts to the government of Benin. (AP Photo\/Michel Euler)"},{"@type":"BreadcrumbList","@id":"https:\/\/lepatriotebenin.com\/index.php\/2024\/05\/13\/editorial-les-trahisons-de-fin-de-mandat\/#breadcrumb","itemListElement":[{"@type":"ListItem","position":1,"name":"Accueil","item":"https:\/\/lepatriotebenin.com\/"},{"@type":"ListItem","position":2,"name":"Editorial\u00a0: Les trahisons de fin de mandat"}]},{"@type":"WebSite","@id":"https:\/\/lepatriotebenin.com\/#website","url":"https:\/\/lepatriotebenin.com\/","name":"Le Patriote","description":"Le Patriote B\u00e9nin","potentialAction":[{"@type":"SearchAction","target":{"@type":"EntryPoint","urlTemplate":"https:\/\/lepatriotebenin.com\/?s={search_term_string}"},"query-input":{"@type":"PropertyValueSpecification","valueRequired":true,"valueName":"search_term_string"}}],"inLanguage":"fr-FR"},{"@type":"Person","@id":"https:\/\/lepatriotebenin.com\/#\/schema\/person\/2e7709b9c9cc313e452d1136af61690f","name":"Redaction","image":{"@type":"ImageObject","inLanguage":"fr-FR","@id":"https:\/\/secure.gravatar.com\/avatar\/c4c509357859ea2ca2cbb6d8812898a73e4ef1ef9934c2e591d7e32face734d1?s=96&d=mm&r=g","url":"https:\/\/secure.gravatar.com\/avatar\/c4c509357859ea2ca2cbb6d8812898a73e4ef1ef9934c2e591d7e32face734d1?s=96&d=mm&r=g","contentUrl":"https:\/\/secure.gravatar.com\/avatar\/c4c509357859ea2ca2cbb6d8812898a73e4ef1ef9934c2e591d7e32face734d1?s=96&d=mm&r=g","caption":"Redaction"},"url":"https:\/\/lepatriotebenin.com"}]}},"_links":{"self":[{"href":"https:\/\/lepatriotebenin.com\/index.php\/wp-json\/wp\/v2\/posts\/4965","targetHints":{"allow":["GET"]}}],"collection":[{"href":"https:\/\/lepatriotebenin.com\/index.php\/wp-json\/wp\/v2\/posts"}],"about":[{"href":"https:\/\/lepatriotebenin.com\/index.php\/wp-json\/wp\/v2\/types\/post"}],"author":[{"embeddable":true,"href":"https:\/\/lepatriotebenin.com\/index.php\/wp-json\/wp\/v2\/users\/5"}],"replies":[{"embeddable":true,"href":"https:\/\/lepatriotebenin.com\/index.php\/wp-json\/wp\/v2\/comments?post=4965"}],"version-history":[{"count":1,"href":"https:\/\/lepatriotebenin.com\/index.php\/wp-json\/wp\/v2\/posts\/4965\/revisions"}],"predecessor-version":[{"id":4966,"href":"https:\/\/lepatriotebenin.com\/index.php\/wp-json\/wp\/v2\/posts\/4965\/revisions\/4966"}],"wp:featuredmedia":[{"embeddable":true,"href":"https:\/\/lepatriotebenin.com\/index.php\/wp-json\/wp\/v2\/media\/4594"}],"wp:attachment":[{"href":"https:\/\/lepatriotebenin.com\/index.php\/wp-json\/wp\/v2\/media?parent=4965"}],"wp:term":[{"taxonomy":"category","embeddable":true,"href":"https:\/\/lepatriotebenin.com\/index.php\/wp-json\/wp\/v2\/categories?post=4965"},{"taxonomy":"post_tag","embeddable":true,"href":"https:\/\/lepatriotebenin.com\/index.php\/wp-json\/wp\/v2\/tags?post=4965"}],"curies":[{"name":"wp","href":"https:\/\/api.w.org\/{rel}","templated":true}]}}