{"id":4963,"date":"2024-05-13T14:45:18","date_gmt":"2024-05-13T12:45:18","guid":{"rendered":"https:\/\/lepatriotebenin.com\/?p=4963"},"modified":"2024-05-13T14:45:19","modified_gmt":"2024-05-13T12:45:19","slug":"crise-niger-benin-le-parti-les-democrates-dit-ses-quatre-verites","status":"publish","type":"post","link":"https:\/\/lepatriotebenin.com\/index.php\/2024\/05\/13\/crise-niger-benin-le-parti-les-democrates-dit-ses-quatre-verites\/","title":{"rendered":"Crise Niger &#8211; B\u00e9nin : Le parti Les D\u00e9mocrates dit ses quatre v\u00e9rit\u00e9s"},"content":{"rendered":"\n<p>Au B\u00e9nin, les partis politiques sont pr\u00e9occup\u00e9s par la fracture des relations entre <strong>Cotonou et Niamey.<\/strong> Apr\u00e8s l&rsquo;UP-R, c&rsquo;est au principal parti d&rsquo;opposition Les D\u00e9mocrates de faire son r\u00e9quisitoire. C&rsquo;\u00e9tait \u00e0 l&rsquo;occasion de sa session extraordinaire du <strong>vendredi 10 mai 2024.<\/strong><\/p>\n\n\n\n<p><em>\u00ab L\u2019approche conflictuelle adopt\u00e9e par le pouvoir de la rupture \u00bb <\/em>dans la crise actuellement en cours entre le B\u00e9nin et le Niger n&rsquo;est pas du go\u00fbt du parti de Boni Yayi. Le parti l&rsquo;a fait clairement savoir vendredi 10 mai, au cours d&rsquo;une session extraordinaire. Dans le communiqu\u00e9 final d\u00e9livr\u00e9 par le charg\u00e9 de communication du parti<strong>, Guy Dossou Mitokpe, <\/strong>le parti se dit profond\u00e9ment pr\u00e9occuper par la situation entre les deux pays. Laquelle situation concerne essentiellement la d\u00e9cision du chef de l&rsquo;\u00c9tat de couper court au chargement par navires dans les eaux territoriales nationales du p\u00e9trole brut produit par le Niger ainsi que l\u2019exportation des produits vivriers du B\u00e9nin.<\/p>\n\n\n\n<p>De ce fait, le parti \u00ab Les D\u00e9mocrates \u00bb condamne <em>\u00ab l\u2019approche conflictuelle adopt\u00e9e par le pouvoir de la rupture \u00bb<\/em> et invite les deux partis \u00e0 la table de n\u00e9gociation; celle du <em>\u00ab dialogue respectueux des int\u00e9r\u00eats de toutes les parties notamment de l\u2019aspiration fondamentale des peuples du Niger et du B\u00e9nin \u00e0 la paix sans ing\u00e9rence ext\u00e9rieure conform\u00e9ment au communiqu\u00e9 de la 1168\u00e8 r\u00e9union du conseil de paix et de s\u00e9curit\u00e9 de l\u2019Union africaine tenue le 14 ao\u00fbt 2023 sur la situation du Niger \u00bb.<\/em><\/p>\n\n\n\n<p>De l&rsquo;avis de <em><strong>Boni Yay<\/strong><\/em>i et son parti, le B\u00e9nin \u00ab gagnerait davantage \u00e0 pr\u00e9server les lieux historiques de paix avec nos voisins comme nous l\u2019ont appris tous les pr\u00e9sidents avant Patrice Talon \u00bb.<\/p>\n\n\n\n<p>Depuis que le B\u00e9nin a ouvert sa fronti\u00e8re apr\u00e8s la lev\u00e9e de sanction de la Cedeao, le Niger persiste \u00e0 rouvrir ses fronti\u00e8res. Pour se justifier, Niamey \u00e9voque la pr\u00e9sence de bases militaires fran\u00e7aises sur le territoire b\u00e9ninois. De son c\u00f4t\u00e9, le gouvernement b\u00e9ninois ne manque pas d&rsquo;occasion pour d\u00e9mentir le fait. Dimanche encore, le porte-parole du gouvernement a expliqu\u00e9 que le Niger se fourvoie en faisant de telles all\u00e9gations. Il a m\u00eame autoris\u00e9 les autorit\u00e9s du Niger \u00e0 fait d\u00e9p\u00eacher des journalistes ind\u00e9pendants sur le territoire b\u00e9ninois pour v\u00e9rification des faits.<\/p>\n\n\n\n<p><strong>Ignace TOSSOU<\/strong><\/p>\n","protected":false},"excerpt":{"rendered":"<p>Au B\u00e9nin, les partis politiques sont pr\u00e9occup\u00e9s par la fracture des relations entre Cotonou et Niamey. Apr\u00e8s l&rsquo;UP-R, c&rsquo;est au principal parti d&rsquo;opposition Les D\u00e9mocrates de faire son r\u00e9quisitoire. C&rsquo;\u00e9tait&hellip;<\/p>\n","protected":false},"author":5,"featured_media":4885,"comment_status":"open","ping_status":"open","sticky":false,"template":"","format":"standard","meta":{"content-type":"","om_disable_all_campaigns":false,"_monsterinsights_skip_tracking":false,"_monsterinsights_sitenote_active":false,"_monsterinsights_sitenote_note":"","_monsterinsights_sitenote_category":0,"_uf_show_specific_survey":0,"_uf_disable_surveys":false,"footnotes":""},"categories":[26],"tags":[],"class_list":["post-4963","post","type-post","status-publish","format-standard","has-post-thumbnail","hentry","category-politique"],"aioseo_notices":[],"yoast_head":"<!-- This site is optimized with the Yoast SEO plugin v27.5 - https:\/\/yoast.com\/product\/yoast-seo-wordpress\/ -->\n<title>Crise Niger - B\u00e9nin : Le parti Les D\u00e9mocrates dit ses quatre v\u00e9rit\u00e9s - Le Patriote<\/title>\n<meta name=\"robots\" content=\"index, follow, max-snippet:-1, max-image-preview:large, max-video-preview:-1\" \/>\n<link rel=\"canonical\" href=\"https:\/\/lepatriotebenin.com\/index.php\/2024\/05\/13\/crise-niger-benin-le-parti-les-democrates-dit-ses-quatre-verites\/\" \/>\n<meta property=\"og:locale\" content=\"fr_FR\" \/>\n<meta property=\"og:type\" content=\"article\" \/>\n<meta property=\"og:title\" content=\"Crise Niger - B\u00e9nin : Le parti Les D\u00e9mocrates dit ses quatre v\u00e9rit\u00e9s - Le Patriote\" \/>\n<meta property=\"og:description\" content=\"Au B\u00e9nin, les partis politiques sont pr\u00e9occup\u00e9s par la fracture des relations entre Cotonou et Niamey. Apr\u00e8s l&rsquo;UP-R, c&rsquo;est au principal parti d&rsquo;opposition Les D\u00e9mocrates de faire son r\u00e9quisitoire. C&rsquo;\u00e9tait&hellip;\" \/>\n<meta property=\"og:url\" content=\"https:\/\/lepatriotebenin.com\/index.php\/2024\/05\/13\/crise-niger-benin-le-parti-les-democrates-dit-ses-quatre-verites\/\" \/>\n<meta property=\"og:site_name\" content=\"Le Patriote\" \/>\n<meta property=\"article:published_time\" content=\"2024-05-13T12:45:18+00:00\" \/>\n<meta property=\"article:modified_time\" content=\"2024-05-13T12:45:19+00:00\" \/>\n<meta property=\"og:image\" content=\"https:\/\/lepatriotebenin.com\/wp-content\/uploads\/2024\/05\/boni-yayi.webp\" \/>\n\t<meta property=\"og:image:width\" content=\"1200\" \/>\n\t<meta property=\"og:image:height\" content=\"675\" \/>\n\t<meta property=\"og:image:type\" content=\"image\/webp\" \/>\n<meta name=\"author\" content=\"Redaction\" \/>\n<meta name=\"twitter:card\" content=\"summary_large_image\" \/>\n<meta name=\"twitter:label1\" content=\"\u00c9crit par\" \/>\n\t<meta name=\"twitter:data1\" content=\"Redaction\" \/>\n\t<meta name=\"twitter:label2\" content=\"Dur\u00e9e de lecture estim\u00e9e\" \/>\n\t<meta name=\"twitter:data2\" content=\"2 minutes\" \/>\n<script type=\"application\/ld+json\" class=\"yoast-schema-graph\">{\"@context\":\"https:\\\/\\\/schema.org\",\"@graph\":[{\"@type\":\"Article\",\"@id\":\"https:\\\/\\\/lepatriotebenin.com\\\/index.php\\\/2024\\\/05\\\/13\\\/crise-niger-benin-le-parti-les-democrates-dit-ses-quatre-verites\\\/#article\",\"isPartOf\":{\"@id\":\"https:\\\/\\\/lepatriotebenin.com\\\/index.php\\\/2024\\\/05\\\/13\\\/crise-niger-benin-le-parti-les-democrates-dit-ses-quatre-verites\\\/\"},\"author\":{\"name\":\"Redaction\",\"@id\":\"https:\\\/\\\/lepatriotebenin.com\\\/#\\\/schema\\\/person\\\/2e7709b9c9cc313e452d1136af61690f\"},\"headline\":\"Crise Niger &#8211; B\u00e9nin : Le parti Les D\u00e9mocrates dit ses quatre v\u00e9rit\u00e9s\",\"datePublished\":\"2024-05-13T12:45:18+00:00\",\"dateModified\":\"2024-05-13T12:45:19+00:00\",\"mainEntityOfPage\":{\"@id\":\"https:\\\/\\\/lepatriotebenin.com\\\/index.php\\\/2024\\\/05\\\/13\\\/crise-niger-benin-le-parti-les-democrates-dit-ses-quatre-verites\\\/\"},\"wordCount\":428,\"commentCount\":0,\"image\":{\"@id\":\"https:\\\/\\\/lepatriotebenin.com\\\/index.php\\\/2024\\\/05\\\/13\\\/crise-niger-benin-le-parti-les-democrates-dit-ses-quatre-verites\\\/#primaryimage\"},\"thumbnailUrl\":\"https:\\\/\\\/lepatriotebenin.com\\\/wp-content\\\/uploads\\\/2024\\\/05\\\/boni-yayi.webp\",\"articleSection\":[\"Politique\"],\"inLanguage\":\"fr-FR\",\"potentialAction\":[{\"@type\":\"CommentAction\",\"name\":\"Comment\",\"target\":[\"https:\\\/\\\/lepatriotebenin.com\\\/index.php\\\/2024\\\/05\\\/13\\\/crise-niger-benin-le-parti-les-democrates-dit-ses-quatre-verites\\\/#respond\"]}]},{\"@type\":\"WebPage\",\"@id\":\"https:\\\/\\\/lepatriotebenin.com\\\/index.php\\\/2024\\\/05\\\/13\\\/crise-niger-benin-le-parti-les-democrates-dit-ses-quatre-verites\\\/\",\"url\":\"https:\\\/\\\/lepatriotebenin.com\\\/index.php\\\/2024\\\/05\\\/13\\\/crise-niger-benin-le-parti-les-democrates-dit-ses-quatre-verites\\\/\",\"name\":\"Crise Niger - B\u00e9nin : Le parti Les D\u00e9mocrates dit ses quatre v\u00e9rit\u00e9s - Le Patriote\",\"isPartOf\":{\"@id\":\"https:\\\/\\\/lepatriotebenin.com\\\/#website\"},\"primaryImageOfPage\":{\"@id\":\"https:\\\/\\\/lepatriotebenin.com\\\/index.php\\\/2024\\\/05\\\/13\\\/crise-niger-benin-le-parti-les-democrates-dit-ses-quatre-verites\\\/#primaryimage\"},\"image\":{\"@id\":\"https:\\\/\\\/lepatriotebenin.com\\\/index.php\\\/2024\\\/05\\\/13\\\/crise-niger-benin-le-parti-les-democrates-dit-ses-quatre-verites\\\/#primaryimage\"},\"thumbnailUrl\":\"https:\\\/\\\/lepatriotebenin.com\\\/wp-content\\\/uploads\\\/2024\\\/05\\\/boni-yayi.webp\",\"datePublished\":\"2024-05-13T12:45:18+00:00\",\"dateModified\":\"2024-05-13T12:45:19+00:00\",\"author\":{\"@id\":\"https:\\\/\\\/lepatriotebenin.com\\\/#\\\/schema\\\/person\\\/2e7709b9c9cc313e452d1136af61690f\"},\"breadcrumb\":{\"@id\":\"https:\\\/\\\/lepatriotebenin.com\\\/index.php\\\/2024\\\/05\\\/13\\\/crise-niger-benin-le-parti-les-democrates-dit-ses-quatre-verites\\\/#breadcrumb\"},\"inLanguage\":\"fr-FR\",\"potentialAction\":[{\"@type\":\"ReadAction\",\"target\":[\"https:\\\/\\\/lepatriotebenin.com\\\/index.php\\\/2024\\\/05\\\/13\\\/crise-niger-benin-le-parti-les-democrates-dit-ses-quatre-verites\\\/\"]}]},{\"@type\":\"ImageObject\",\"inLanguage\":\"fr-FR\",\"@id\":\"https:\\\/\\\/lepatriotebenin.com\\\/index.php\\\/2024\\\/05\\\/13\\\/crise-niger-benin-le-parti-les-democrates-dit-ses-quatre-verites\\\/#primaryimage\",\"url\":\"https:\\\/\\\/lepatriotebenin.com\\\/wp-content\\\/uploads\\\/2024\\\/05\\\/boni-yayi.webp\",\"contentUrl\":\"https:\\\/\\\/lepatriotebenin.com\\\/wp-content\\\/uploads\\\/2024\\\/05\\\/boni-yayi.webp\",\"width\":1200,\"height\":675},{\"@type\":\"BreadcrumbList\",\"@id\":\"https:\\\/\\\/lepatriotebenin.com\\\/index.php\\\/2024\\\/05\\\/13\\\/crise-niger-benin-le-parti-les-democrates-dit-ses-quatre-verites\\\/#breadcrumb\",\"itemListElement\":[{\"@type\":\"ListItem\",\"position\":1,\"name\":\"Accueil\",\"item\":\"https:\\\/\\\/lepatriotebenin.com\\\/\"},{\"@type\":\"ListItem\",\"position\":2,\"name\":\"Crise Niger &#8211; B\u00e9nin : Le parti Les D\u00e9mocrates dit ses quatre v\u00e9rit\u00e9s\"}]},{\"@type\":\"WebSite\",\"@id\":\"https:\\\/\\\/lepatriotebenin.com\\\/#website\",\"url\":\"https:\\\/\\\/lepatriotebenin.com\\\/\",\"name\":\"Le Patriote\",\"description\":\"Le Patriote B\u00e9nin\",\"potentialAction\":[{\"@type\":\"SearchAction\",\"target\":{\"@type\":\"EntryPoint\",\"urlTemplate\":\"https:\\\/\\\/lepatriotebenin.com\\\/?s={search_term_string}\"},\"query-input\":{\"@type\":\"PropertyValueSpecification\",\"valueRequired\":true,\"valueName\":\"search_term_string\"}}],\"inLanguage\":\"fr-FR\"},{\"@type\":\"Person\",\"@id\":\"https:\\\/\\\/lepatriotebenin.com\\\/#\\\/schema\\\/person\\\/2e7709b9c9cc313e452d1136af61690f\",\"name\":\"Redaction\",\"image\":{\"@type\":\"ImageObject\",\"inLanguage\":\"fr-FR\",\"@id\":\"https:\\\/\\\/secure.gravatar.com\\\/avatar\\\/c4c509357859ea2ca2cbb6d8812898a73e4ef1ef9934c2e591d7e32face734d1?s=96&d=mm&r=g\",\"url\":\"https:\\\/\\\/secure.gravatar.com\\\/avatar\\\/c4c509357859ea2ca2cbb6d8812898a73e4ef1ef9934c2e591d7e32face734d1?s=96&d=mm&r=g\",\"contentUrl\":\"https:\\\/\\\/secure.gravatar.com\\\/avatar\\\/c4c509357859ea2ca2cbb6d8812898a73e4ef1ef9934c2e591d7e32face734d1?s=96&d=mm&r=g\",\"caption\":\"Redaction\"},\"url\":\"https:\\\/\\\/lepatriotebenin.com\"}]}<\/script>\n<!-- \/ Yoast SEO plugin. -->","yoast_head_json":{"title":"Crise Niger - B\u00e9nin : Le parti Les D\u00e9mocrates dit ses quatre v\u00e9rit\u00e9s - Le Patriote","robots":{"index":"index","follow":"follow","max-snippet":"max-snippet:-1","max-image-preview":"max-image-preview:large","max-video-preview":"max-video-preview:-1"},"canonical":"https:\/\/lepatriotebenin.com\/index.php\/2024\/05\/13\/crise-niger-benin-le-parti-les-democrates-dit-ses-quatre-verites\/","og_locale":"fr_FR","og_type":"article","og_title":"Crise Niger - B\u00e9nin : Le parti Les D\u00e9mocrates dit ses quatre v\u00e9rit\u00e9s - Le Patriote","og_description":"Au B\u00e9nin, les partis politiques sont pr\u00e9occup\u00e9s par la fracture des relations entre Cotonou et Niamey. Apr\u00e8s l&rsquo;UP-R, c&rsquo;est au principal parti d&rsquo;opposition Les D\u00e9mocrates de faire son r\u00e9quisitoire. C&rsquo;\u00e9tait&hellip;","og_url":"https:\/\/lepatriotebenin.com\/index.php\/2024\/05\/13\/crise-niger-benin-le-parti-les-democrates-dit-ses-quatre-verites\/","og_site_name":"Le Patriote","article_published_time":"2024-05-13T12:45:18+00:00","article_modified_time":"2024-05-13T12:45:19+00:00","og_image":[{"width":1200,"height":675,"url":"https:\/\/lepatriotebenin.com\/wp-content\/uploads\/2024\/05\/boni-yayi.webp","type":"image\/webp"}],"author":"Redaction","twitter_card":"summary_large_image","twitter_misc":{"\u00c9crit par":"Redaction","Dur\u00e9e de lecture estim\u00e9e":"2 minutes"},"schema":{"@context":"https:\/\/schema.org","@graph":[{"@type":"Article","@id":"https:\/\/lepatriotebenin.com\/index.php\/2024\/05\/13\/crise-niger-benin-le-parti-les-democrates-dit-ses-quatre-verites\/#article","isPartOf":{"@id":"https:\/\/lepatriotebenin.com\/index.php\/2024\/05\/13\/crise-niger-benin-le-parti-les-democrates-dit-ses-quatre-verites\/"},"author":{"name":"Redaction","@id":"https:\/\/lepatriotebenin.com\/#\/schema\/person\/2e7709b9c9cc313e452d1136af61690f"},"headline":"Crise Niger &#8211; B\u00e9nin : Le parti Les D\u00e9mocrates dit ses quatre v\u00e9rit\u00e9s","datePublished":"2024-05-13T12:45:18+00:00","dateModified":"2024-05-13T12:45:19+00:00","mainEntityOfPage":{"@id":"https:\/\/lepatriotebenin.com\/index.php\/2024\/05\/13\/crise-niger-benin-le-parti-les-democrates-dit-ses-quatre-verites\/"},"wordCount":428,"commentCount":0,"image":{"@id":"https:\/\/lepatriotebenin.com\/index.php\/2024\/05\/13\/crise-niger-benin-le-parti-les-democrates-dit-ses-quatre-verites\/#primaryimage"},"thumbnailUrl":"https:\/\/lepatriotebenin.com\/wp-content\/uploads\/2024\/05\/boni-yayi.webp","articleSection":["Politique"],"inLanguage":"fr-FR","potentialAction":[{"@type":"CommentAction","name":"Comment","target":["https:\/\/lepatriotebenin.com\/index.php\/2024\/05\/13\/crise-niger-benin-le-parti-les-democrates-dit-ses-quatre-verites\/#respond"]}]},{"@type":"WebPage","@id":"https:\/\/lepatriotebenin.com\/index.php\/2024\/05\/13\/crise-niger-benin-le-parti-les-democrates-dit-ses-quatre-verites\/","url":"https:\/\/lepatriotebenin.com\/index.php\/2024\/05\/13\/crise-niger-benin-le-parti-les-democrates-dit-ses-quatre-verites\/","name":"Crise Niger - B\u00e9nin : Le parti Les D\u00e9mocrates dit ses quatre v\u00e9rit\u00e9s - Le Patriote","isPartOf":{"@id":"https:\/\/lepatriotebenin.com\/#website"},"primaryImageOfPage":{"@id":"https:\/\/lepatriotebenin.com\/index.php\/2024\/05\/13\/crise-niger-benin-le-parti-les-democrates-dit-ses-quatre-verites\/#primaryimage"},"image":{"@id":"https:\/\/lepatriotebenin.com\/index.php\/2024\/05\/13\/crise-niger-benin-le-parti-les-democrates-dit-ses-quatre-verites\/#primaryimage"},"thumbnailUrl":"https:\/\/lepatriotebenin.com\/wp-content\/uploads\/2024\/05\/boni-yayi.webp","datePublished":"2024-05-13T12:45:18+00:00","dateModified":"2024-05-13T12:45:19+00:00","author":{"@id":"https:\/\/lepatriotebenin.com\/#\/schema\/person\/2e7709b9c9cc313e452d1136af61690f"},"breadcrumb":{"@id":"https:\/\/lepatriotebenin.com\/index.php\/2024\/05\/13\/crise-niger-benin-le-parti-les-democrates-dit-ses-quatre-verites\/#breadcrumb"},"inLanguage":"fr-FR","potentialAction":[{"@type":"ReadAction","target":["https:\/\/lepatriotebenin.com\/index.php\/2024\/05\/13\/crise-niger-benin-le-parti-les-democrates-dit-ses-quatre-verites\/"]}]},{"@type":"ImageObject","inLanguage":"fr-FR","@id":"https:\/\/lepatriotebenin.com\/index.php\/2024\/05\/13\/crise-niger-benin-le-parti-les-democrates-dit-ses-quatre-verites\/#primaryimage","url":"https:\/\/lepatriotebenin.com\/wp-content\/uploads\/2024\/05\/boni-yayi.webp","contentUrl":"https:\/\/lepatriotebenin.com\/wp-content\/uploads\/2024\/05\/boni-yayi.webp","width":1200,"height":675},{"@type":"BreadcrumbList","@id":"https:\/\/lepatriotebenin.com\/index.php\/2024\/05\/13\/crise-niger-benin-le-parti-les-democrates-dit-ses-quatre-verites\/#breadcrumb","itemListElement":[{"@type":"ListItem","position":1,"name":"Accueil","item":"https:\/\/lepatriotebenin.com\/"},{"@type":"ListItem","position":2,"name":"Crise Niger &#8211; B\u00e9nin : Le parti Les D\u00e9mocrates dit ses quatre v\u00e9rit\u00e9s"}]},{"@type":"WebSite","@id":"https:\/\/lepatriotebenin.com\/#website","url":"https:\/\/lepatriotebenin.com\/","name":"Le Patriote","description":"Le Patriote B\u00e9nin","potentialAction":[{"@type":"SearchAction","target":{"@type":"EntryPoint","urlTemplate":"https:\/\/lepatriotebenin.com\/?s={search_term_string}"},"query-input":{"@type":"PropertyValueSpecification","valueRequired":true,"valueName":"search_term_string"}}],"inLanguage":"fr-FR"},{"@type":"Person","@id":"https:\/\/lepatriotebenin.com\/#\/schema\/person\/2e7709b9c9cc313e452d1136af61690f","name":"Redaction","image":{"@type":"ImageObject","inLanguage":"fr-FR","@id":"https:\/\/secure.gravatar.com\/avatar\/c4c509357859ea2ca2cbb6d8812898a73e4ef1ef9934c2e591d7e32face734d1?s=96&d=mm&r=g","url":"https:\/\/secure.gravatar.com\/avatar\/c4c509357859ea2ca2cbb6d8812898a73e4ef1ef9934c2e591d7e32face734d1?s=96&d=mm&r=g","contentUrl":"https:\/\/secure.gravatar.com\/avatar\/c4c509357859ea2ca2cbb6d8812898a73e4ef1ef9934c2e591d7e32face734d1?s=96&d=mm&r=g","caption":"Redaction"},"url":"https:\/\/lepatriotebenin.com"}]}},"_links":{"self":[{"href":"https:\/\/lepatriotebenin.com\/index.php\/wp-json\/wp\/v2\/posts\/4963","targetHints":{"allow":["GET"]}}],"collection":[{"href":"https:\/\/lepatriotebenin.com\/index.php\/wp-json\/wp\/v2\/posts"}],"about":[{"href":"https:\/\/lepatriotebenin.com\/index.php\/wp-json\/wp\/v2\/types\/post"}],"author":[{"embeddable":true,"href":"https:\/\/lepatriotebenin.com\/index.php\/wp-json\/wp\/v2\/users\/5"}],"replies":[{"embeddable":true,"href":"https:\/\/lepatriotebenin.com\/index.php\/wp-json\/wp\/v2\/comments?post=4963"}],"version-history":[{"count":1,"href":"https:\/\/lepatriotebenin.com\/index.php\/wp-json\/wp\/v2\/posts\/4963\/revisions"}],"predecessor-version":[{"id":4964,"href":"https:\/\/lepatriotebenin.com\/index.php\/wp-json\/wp\/v2\/posts\/4963\/revisions\/4964"}],"wp:featuredmedia":[{"embeddable":true,"href":"https:\/\/lepatriotebenin.com\/index.php\/wp-json\/wp\/v2\/media\/4885"}],"wp:attachment":[{"href":"https:\/\/lepatriotebenin.com\/index.php\/wp-json\/wp\/v2\/media?parent=4963"}],"wp:term":[{"taxonomy":"category","embeddable":true,"href":"https:\/\/lepatriotebenin.com\/index.php\/wp-json\/wp\/v2\/categories?post=4963"},{"taxonomy":"post_tag","embeddable":true,"href":"https:\/\/lepatriotebenin.com\/index.php\/wp-json\/wp\/v2\/tags?post=4963"}],"curies":[{"name":"wp","href":"https:\/\/api.w.org\/{rel}","templated":true}]}}