{"id":4959,"date":"2024-05-13T02:01:52","date_gmt":"2024-05-13T00:01:52","guid":{"rendered":"https:\/\/lepatriotebenin.com\/?p=4959"},"modified":"2024-05-13T02:02:01","modified_gmt":"2024-05-13T00:02:01","slug":"jo-paris-2024-les-minima-realises-noelie-yarigo-se-qualifie-directement","status":"publish","type":"post","link":"https:\/\/lepatriotebenin.com\/index.php\/2024\/05\/13\/jo-paris-2024-les-minima-realises-noelie-yarigo-se-qualifie-directement\/","title":{"rendered":"JOParis 2024 : Les minima r\u00e9alis\u00e9s, No\u00e9lie Yarigo se qualifie directement"},"content":{"rendered":"\n<p>M\u00e9daill\u00e9e de bronze aux derniers championnats du monde d\u2019athl\u00e9tisme en salle sur les 800 m, <strong>No\u00e9lie Yarigo<\/strong> a r\u00e9alis\u00e9 fin de la semaine derni\u00e8re les minima pour les Jeux Olympiques de Paris 2024.\u00a0 A la Diamond League, une comp\u00e9tition qualificative pour les JO, la sp\u00e9cialiste b\u00e9ninoise des 800 m a \u00a0\u00a0parcouru cette distance en un chrono de 1\u201958.70.\u00a0 Avec ce temps, \u201cla Gu\u00e9parde\u201d de la Pendjari a termin\u00e9 3\u00e8me sur la course et obtient par cons\u00e9quent son billet pour aller d\u00e9fendre les couleurs b\u00e9ninoises \u00e0 Paris dans quelques mois.\u00a0\u00a0 Avec la qualification de No\u00e9lie Yarigo, le B\u00e9nin n\u2019ira pas \u00e0 ces Jeux olympiques de Paris 2024 gr\u00e2ce au principe d\u2019universalit\u00e9 en athl\u00e9tisme. \u00a0\u00a0<\/p>\n\n\n\n<p>Il faut rappeler lors de son passage \u00e0 Cotonou apr\u00e8s avoir d\u00e9croch\u00e9 la m\u00e9daille de bronze aux derniers championnats du monde d\u2019athl\u00e9tisme en salle, No\u00e9lie Yarigo a, au cours de la conf\u00e9rence de presse qu\u2019elle a anim\u00e9, promis au peuple b\u00e9ninois qu\u2019elle donnera tout pour avoir les minima.\u00a0 Elle peut donc s\u2019enorgueillir d\u2019avoir tenu sa promesse et de concr\u00e9tiser par les actes ce qu\u2019elle a dit. Outre No\u00e9lie Yarigo, le B\u00e9nin pourrait avoir \u00e9galement une qualification directe de <strong>Odile Ahouanwanou<\/strong> en heptathlon.<\/p>\n","protected":false},"excerpt":{"rendered":"<p>M\u00e9daill\u00e9e de bronze aux derniers championnats du monde d\u2019athl\u00e9tisme en salle sur les 800 m, No\u00e9lie Yarigo a r\u00e9alis\u00e9 fin de la semaine derni\u00e8re les minima pour les Jeux Olympiques&hellip;<\/p>\n","protected":false},"author":6,"featured_media":4960,"comment_status":"open","ping_status":"open","sticky":false,"template":"","format":"standard","meta":{"content-type":"","om_disable_all_campaigns":false,"_monsterinsights_skip_tracking":false,"_monsterinsights_sitenote_active":false,"_monsterinsights_sitenote_note":"","_monsterinsights_sitenote_category":0,"_uf_show_specific_survey":0,"_uf_disable_surveys":false,"footnotes":""},"categories":[8],"tags":[],"class_list":["post-4959","post","type-post","status-publish","format-standard","has-post-thumbnail","hentry","category-sport"],"aioseo_notices":[],"yoast_head":"<!-- This site is optimized with the Yoast SEO plugin v27.5 - https:\/\/yoast.com\/product\/yoast-seo-wordpress\/ -->\n<title>JOParis 2024 : Les minima r\u00e9alis\u00e9s, No\u00e9lie Yarigo se qualifie directement - Le Patriote<\/title>\n<meta name=\"robots\" content=\"index, follow, max-snippet:-1, max-image-preview:large, max-video-preview:-1\" \/>\n<link rel=\"canonical\" href=\"https:\/\/lepatriotebenin.com\/index.php\/2024\/05\/13\/jo-paris-2024-les-minima-realises-noelie-yarigo-se-qualifie-directement\/\" \/>\n<meta property=\"og:locale\" content=\"fr_FR\" \/>\n<meta property=\"og:type\" content=\"article\" \/>\n<meta property=\"og:title\" content=\"JOParis 2024 : Les minima r\u00e9alis\u00e9s, No\u00e9lie Yarigo se qualifie directement - Le Patriote\" \/>\n<meta property=\"og:description\" content=\"M\u00e9daill\u00e9e de bronze aux derniers championnats du monde d\u2019athl\u00e9tisme en salle sur les 800 m, No\u00e9lie Yarigo a r\u00e9alis\u00e9 fin de la semaine derni\u00e8re les minima pour les Jeux Olympiques&hellip;\" \/>\n<meta property=\"og:url\" content=\"https:\/\/lepatriotebenin.com\/index.php\/2024\/05\/13\/jo-paris-2024-les-minima-realises-noelie-yarigo-se-qualifie-directement\/\" \/>\n<meta property=\"og:site_name\" content=\"Le Patriote\" \/>\n<meta property=\"article:published_time\" content=\"2024-05-13T00:01:52+00:00\" \/>\n<meta property=\"article:modified_time\" content=\"2024-05-13T00:02:01+00:00\" \/>\n<meta property=\"og:image\" content=\"https:\/\/lepatriotebenin.com\/wp-content\/uploads\/2024\/05\/noelie-yarigo-ben-2013.jpg\" \/>\n\t<meta property=\"og:image:width\" content=\"646\" \/>\n\t<meta property=\"og:image:height\" content=\"774\" \/>\n\t<meta property=\"og:image:type\" content=\"image\/jpeg\" \/>\n<meta name=\"author\" content=\"Roland AFFANOU\" \/>\n<meta name=\"twitter:card\" content=\"summary_large_image\" \/>\n<meta name=\"twitter:label1\" content=\"\u00c9crit par\" \/>\n\t<meta name=\"twitter:data1\" content=\"Roland AFFANOU\" \/>\n\t<meta name=\"twitter:label2\" content=\"Dur\u00e9e de lecture estim\u00e9e\" \/>\n\t<meta name=\"twitter:data2\" content=\"1 minute\" \/>\n<script type=\"application\/ld+json\" class=\"yoast-schema-graph\">{\"@context\":\"https:\\\/\\\/schema.org\",\"@graph\":[{\"@type\":\"Article\",\"@id\":\"https:\\\/\\\/lepatriotebenin.com\\\/index.php\\\/2024\\\/05\\\/13\\\/jo-paris-2024-les-minima-realises-noelie-yarigo-se-qualifie-directement\\\/#article\",\"isPartOf\":{\"@id\":\"https:\\\/\\\/lepatriotebenin.com\\\/index.php\\\/2024\\\/05\\\/13\\\/jo-paris-2024-les-minima-realises-noelie-yarigo-se-qualifie-directement\\\/\"},\"author\":{\"name\":\"Roland AFFANOU\",\"@id\":\"https:\\\/\\\/lepatriotebenin.com\\\/#\\\/schema\\\/person\\\/4a9b67216c97d04045e01405c534c91f\"},\"headline\":\"JOParis 2024 : Les minima r\u00e9alis\u00e9s, No\u00e9lie Yarigo se qualifie directement\",\"datePublished\":\"2024-05-13T00:01:52+00:00\",\"dateModified\":\"2024-05-13T00:02:01+00:00\",\"mainEntityOfPage\":{\"@id\":\"https:\\\/\\\/lepatriotebenin.com\\\/index.php\\\/2024\\\/05\\\/13\\\/jo-paris-2024-les-minima-realises-noelie-yarigo-se-qualifie-directement\\\/\"},\"wordCount\":234,\"commentCount\":0,\"image\":{\"@id\":\"https:\\\/\\\/lepatriotebenin.com\\\/index.php\\\/2024\\\/05\\\/13\\\/jo-paris-2024-les-minima-realises-noelie-yarigo-se-qualifie-directement\\\/#primaryimage\"},\"thumbnailUrl\":\"https:\\\/\\\/lepatriotebenin.com\\\/wp-content\\\/uploads\\\/2024\\\/05\\\/noelie-yarigo-ben-2013.jpg\",\"articleSection\":[\"Sport\"],\"inLanguage\":\"fr-FR\",\"potentialAction\":[{\"@type\":\"CommentAction\",\"name\":\"Comment\",\"target\":[\"https:\\\/\\\/lepatriotebenin.com\\\/index.php\\\/2024\\\/05\\\/13\\\/jo-paris-2024-les-minima-realises-noelie-yarigo-se-qualifie-directement\\\/#respond\"]}]},{\"@type\":\"WebPage\",\"@id\":\"https:\\\/\\\/lepatriotebenin.com\\\/index.php\\\/2024\\\/05\\\/13\\\/jo-paris-2024-les-minima-realises-noelie-yarigo-se-qualifie-directement\\\/\",\"url\":\"https:\\\/\\\/lepatriotebenin.com\\\/index.php\\\/2024\\\/05\\\/13\\\/jo-paris-2024-les-minima-realises-noelie-yarigo-se-qualifie-directement\\\/\",\"name\":\"JOParis 2024 : Les minima r\u00e9alis\u00e9s, No\u00e9lie Yarigo se qualifie directement - Le Patriote\",\"isPartOf\":{\"@id\":\"https:\\\/\\\/lepatriotebenin.com\\\/#website\"},\"primaryImageOfPage\":{\"@id\":\"https:\\\/\\\/lepatriotebenin.com\\\/index.php\\\/2024\\\/05\\\/13\\\/jo-paris-2024-les-minima-realises-noelie-yarigo-se-qualifie-directement\\\/#primaryimage\"},\"image\":{\"@id\":\"https:\\\/\\\/lepatriotebenin.com\\\/index.php\\\/2024\\\/05\\\/13\\\/jo-paris-2024-les-minima-realises-noelie-yarigo-se-qualifie-directement\\\/#primaryimage\"},\"thumbnailUrl\":\"https:\\\/\\\/lepatriotebenin.com\\\/wp-content\\\/uploads\\\/2024\\\/05\\\/noelie-yarigo-ben-2013.jpg\",\"datePublished\":\"2024-05-13T00:01:52+00:00\",\"dateModified\":\"2024-05-13T00:02:01+00:00\",\"author\":{\"@id\":\"https:\\\/\\\/lepatriotebenin.com\\\/#\\\/schema\\\/person\\\/4a9b67216c97d04045e01405c534c91f\"},\"breadcrumb\":{\"@id\":\"https:\\\/\\\/lepatriotebenin.com\\\/index.php\\\/2024\\\/05\\\/13\\\/jo-paris-2024-les-minima-realises-noelie-yarigo-se-qualifie-directement\\\/#breadcrumb\"},\"inLanguage\":\"fr-FR\",\"potentialAction\":[{\"@type\":\"ReadAction\",\"target\":[\"https:\\\/\\\/lepatriotebenin.com\\\/index.php\\\/2024\\\/05\\\/13\\\/jo-paris-2024-les-minima-realises-noelie-yarigo-se-qualifie-directement\\\/\"]}]},{\"@type\":\"ImageObject\",\"inLanguage\":\"fr-FR\",\"@id\":\"https:\\\/\\\/lepatriotebenin.com\\\/index.php\\\/2024\\\/05\\\/13\\\/jo-paris-2024-les-minima-realises-noelie-yarigo-se-qualifie-directement\\\/#primaryimage\",\"url\":\"https:\\\/\\\/lepatriotebenin.com\\\/wp-content\\\/uploads\\\/2024\\\/05\\\/noelie-yarigo-ben-2013.jpg\",\"contentUrl\":\"https:\\\/\\\/lepatriotebenin.com\\\/wp-content\\\/uploads\\\/2024\\\/05\\\/noelie-yarigo-ben-2013.jpg\",\"width\":646,\"height\":774},{\"@type\":\"BreadcrumbList\",\"@id\":\"https:\\\/\\\/lepatriotebenin.com\\\/index.php\\\/2024\\\/05\\\/13\\\/jo-paris-2024-les-minima-realises-noelie-yarigo-se-qualifie-directement\\\/#breadcrumb\",\"itemListElement\":[{\"@type\":\"ListItem\",\"position\":1,\"name\":\"Accueil\",\"item\":\"https:\\\/\\\/lepatriotebenin.com\\\/\"},{\"@type\":\"ListItem\",\"position\":2,\"name\":\"JOParis 2024 : Les minima r\u00e9alis\u00e9s, No\u00e9lie Yarigo se qualifie directement\"}]},{\"@type\":\"WebSite\",\"@id\":\"https:\\\/\\\/lepatriotebenin.com\\\/#website\",\"url\":\"https:\\\/\\\/lepatriotebenin.com\\\/\",\"name\":\"Le Patriote\",\"description\":\"Le Patriote B\u00e9nin\",\"potentialAction\":[{\"@type\":\"SearchAction\",\"target\":{\"@type\":\"EntryPoint\",\"urlTemplate\":\"https:\\\/\\\/lepatriotebenin.com\\\/?s={search_term_string}\"},\"query-input\":{\"@type\":\"PropertyValueSpecification\",\"valueRequired\":true,\"valueName\":\"search_term_string\"}}],\"inLanguage\":\"fr-FR\"},{\"@type\":\"Person\",\"@id\":\"https:\\\/\\\/lepatriotebenin.com\\\/#\\\/schema\\\/person\\\/4a9b67216c97d04045e01405c534c91f\",\"name\":\"Roland AFFANOU\",\"image\":{\"@type\":\"ImageObject\",\"inLanguage\":\"fr-FR\",\"@id\":\"https:\\\/\\\/secure.gravatar.com\\\/avatar\\\/7209d3f6d2d47ea4d0c67e14d3effb61feb10ae540a4381280c66265de5bd643?s=96&d=mm&r=g\",\"url\":\"https:\\\/\\\/secure.gravatar.com\\\/avatar\\\/7209d3f6d2d47ea4d0c67e14d3effb61feb10ae540a4381280c66265de5bd643?s=96&d=mm&r=g\",\"contentUrl\":\"https:\\\/\\\/secure.gravatar.com\\\/avatar\\\/7209d3f6d2d47ea4d0c67e14d3effb61feb10ae540a4381280c66265de5bd643?s=96&d=mm&r=g\",\"caption\":\"Roland AFFANOU\"},\"url\":\"https:\\\/\\\/lepatriotebenin.com\"}]}<\/script>\n<!-- \/ Yoast SEO plugin. -->","yoast_head_json":{"title":"JOParis 2024 : Les minima r\u00e9alis\u00e9s, No\u00e9lie Yarigo se qualifie directement - Le Patriote","robots":{"index":"index","follow":"follow","max-snippet":"max-snippet:-1","max-image-preview":"max-image-preview:large","max-video-preview":"max-video-preview:-1"},"canonical":"https:\/\/lepatriotebenin.com\/index.php\/2024\/05\/13\/jo-paris-2024-les-minima-realises-noelie-yarigo-se-qualifie-directement\/","og_locale":"fr_FR","og_type":"article","og_title":"JOParis 2024 : Les minima r\u00e9alis\u00e9s, No\u00e9lie Yarigo se qualifie directement - Le Patriote","og_description":"M\u00e9daill\u00e9e de bronze aux derniers championnats du monde d\u2019athl\u00e9tisme en salle sur les 800 m, No\u00e9lie Yarigo a r\u00e9alis\u00e9 fin de la semaine derni\u00e8re les minima pour les Jeux Olympiques&hellip;","og_url":"https:\/\/lepatriotebenin.com\/index.php\/2024\/05\/13\/jo-paris-2024-les-minima-realises-noelie-yarigo-se-qualifie-directement\/","og_site_name":"Le Patriote","article_published_time":"2024-05-13T00:01:52+00:00","article_modified_time":"2024-05-13T00:02:01+00:00","og_image":[{"width":646,"height":774,"url":"https:\/\/lepatriotebenin.com\/wp-content\/uploads\/2024\/05\/noelie-yarigo-ben-2013.jpg","type":"image\/jpeg"}],"author":"Roland AFFANOU","twitter_card":"summary_large_image","twitter_misc":{"\u00c9crit par":"Roland AFFANOU","Dur\u00e9e de lecture estim\u00e9e":"1 minute"},"schema":{"@context":"https:\/\/schema.org","@graph":[{"@type":"Article","@id":"https:\/\/lepatriotebenin.com\/index.php\/2024\/05\/13\/jo-paris-2024-les-minima-realises-noelie-yarigo-se-qualifie-directement\/#article","isPartOf":{"@id":"https:\/\/lepatriotebenin.com\/index.php\/2024\/05\/13\/jo-paris-2024-les-minima-realises-noelie-yarigo-se-qualifie-directement\/"},"author":{"name":"Roland AFFANOU","@id":"https:\/\/lepatriotebenin.com\/#\/schema\/person\/4a9b67216c97d04045e01405c534c91f"},"headline":"JOParis 2024 : Les minima r\u00e9alis\u00e9s, No\u00e9lie Yarigo se qualifie directement","datePublished":"2024-05-13T00:01:52+00:00","dateModified":"2024-05-13T00:02:01+00:00","mainEntityOfPage":{"@id":"https:\/\/lepatriotebenin.com\/index.php\/2024\/05\/13\/jo-paris-2024-les-minima-realises-noelie-yarigo-se-qualifie-directement\/"},"wordCount":234,"commentCount":0,"image":{"@id":"https:\/\/lepatriotebenin.com\/index.php\/2024\/05\/13\/jo-paris-2024-les-minima-realises-noelie-yarigo-se-qualifie-directement\/#primaryimage"},"thumbnailUrl":"https:\/\/lepatriotebenin.com\/wp-content\/uploads\/2024\/05\/noelie-yarigo-ben-2013.jpg","articleSection":["Sport"],"inLanguage":"fr-FR","potentialAction":[{"@type":"CommentAction","name":"Comment","target":["https:\/\/lepatriotebenin.com\/index.php\/2024\/05\/13\/jo-paris-2024-les-minima-realises-noelie-yarigo-se-qualifie-directement\/#respond"]}]},{"@type":"WebPage","@id":"https:\/\/lepatriotebenin.com\/index.php\/2024\/05\/13\/jo-paris-2024-les-minima-realises-noelie-yarigo-se-qualifie-directement\/","url":"https:\/\/lepatriotebenin.com\/index.php\/2024\/05\/13\/jo-paris-2024-les-minima-realises-noelie-yarigo-se-qualifie-directement\/","name":"JOParis 2024 : Les minima r\u00e9alis\u00e9s, No\u00e9lie Yarigo se qualifie directement - Le Patriote","isPartOf":{"@id":"https:\/\/lepatriotebenin.com\/#website"},"primaryImageOfPage":{"@id":"https:\/\/lepatriotebenin.com\/index.php\/2024\/05\/13\/jo-paris-2024-les-minima-realises-noelie-yarigo-se-qualifie-directement\/#primaryimage"},"image":{"@id":"https:\/\/lepatriotebenin.com\/index.php\/2024\/05\/13\/jo-paris-2024-les-minima-realises-noelie-yarigo-se-qualifie-directement\/#primaryimage"},"thumbnailUrl":"https:\/\/lepatriotebenin.com\/wp-content\/uploads\/2024\/05\/noelie-yarigo-ben-2013.jpg","datePublished":"2024-05-13T00:01:52+00:00","dateModified":"2024-05-13T00:02:01+00:00","author":{"@id":"https:\/\/lepatriotebenin.com\/#\/schema\/person\/4a9b67216c97d04045e01405c534c91f"},"breadcrumb":{"@id":"https:\/\/lepatriotebenin.com\/index.php\/2024\/05\/13\/jo-paris-2024-les-minima-realises-noelie-yarigo-se-qualifie-directement\/#breadcrumb"},"inLanguage":"fr-FR","potentialAction":[{"@type":"ReadAction","target":["https:\/\/lepatriotebenin.com\/index.php\/2024\/05\/13\/jo-paris-2024-les-minima-realises-noelie-yarigo-se-qualifie-directement\/"]}]},{"@type":"ImageObject","inLanguage":"fr-FR","@id":"https:\/\/lepatriotebenin.com\/index.php\/2024\/05\/13\/jo-paris-2024-les-minima-realises-noelie-yarigo-se-qualifie-directement\/#primaryimage","url":"https:\/\/lepatriotebenin.com\/wp-content\/uploads\/2024\/05\/noelie-yarigo-ben-2013.jpg","contentUrl":"https:\/\/lepatriotebenin.com\/wp-content\/uploads\/2024\/05\/noelie-yarigo-ben-2013.jpg","width":646,"height":774},{"@type":"BreadcrumbList","@id":"https:\/\/lepatriotebenin.com\/index.php\/2024\/05\/13\/jo-paris-2024-les-minima-realises-noelie-yarigo-se-qualifie-directement\/#breadcrumb","itemListElement":[{"@type":"ListItem","position":1,"name":"Accueil","item":"https:\/\/lepatriotebenin.com\/"},{"@type":"ListItem","position":2,"name":"JOParis 2024 : Les minima r\u00e9alis\u00e9s, No\u00e9lie Yarigo se qualifie directement"}]},{"@type":"WebSite","@id":"https:\/\/lepatriotebenin.com\/#website","url":"https:\/\/lepatriotebenin.com\/","name":"Le Patriote","description":"Le Patriote B\u00e9nin","potentialAction":[{"@type":"SearchAction","target":{"@type":"EntryPoint","urlTemplate":"https:\/\/lepatriotebenin.com\/?s={search_term_string}"},"query-input":{"@type":"PropertyValueSpecification","valueRequired":true,"valueName":"search_term_string"}}],"inLanguage":"fr-FR"},{"@type":"Person","@id":"https:\/\/lepatriotebenin.com\/#\/schema\/person\/4a9b67216c97d04045e01405c534c91f","name":"Roland AFFANOU","image":{"@type":"ImageObject","inLanguage":"fr-FR","@id":"https:\/\/secure.gravatar.com\/avatar\/7209d3f6d2d47ea4d0c67e14d3effb61feb10ae540a4381280c66265de5bd643?s=96&d=mm&r=g","url":"https:\/\/secure.gravatar.com\/avatar\/7209d3f6d2d47ea4d0c67e14d3effb61feb10ae540a4381280c66265de5bd643?s=96&d=mm&r=g","contentUrl":"https:\/\/secure.gravatar.com\/avatar\/7209d3f6d2d47ea4d0c67e14d3effb61feb10ae540a4381280c66265de5bd643?s=96&d=mm&r=g","caption":"Roland AFFANOU"},"url":"https:\/\/lepatriotebenin.com"}]}},"_links":{"self":[{"href":"https:\/\/lepatriotebenin.com\/index.php\/wp-json\/wp\/v2\/posts\/4959","targetHints":{"allow":["GET"]}}],"collection":[{"href":"https:\/\/lepatriotebenin.com\/index.php\/wp-json\/wp\/v2\/posts"}],"about":[{"href":"https:\/\/lepatriotebenin.com\/index.php\/wp-json\/wp\/v2\/types\/post"}],"author":[{"embeddable":true,"href":"https:\/\/lepatriotebenin.com\/index.php\/wp-json\/wp\/v2\/users\/6"}],"replies":[{"embeddable":true,"href":"https:\/\/lepatriotebenin.com\/index.php\/wp-json\/wp\/v2\/comments?post=4959"}],"version-history":[{"count":2,"href":"https:\/\/lepatriotebenin.com\/index.php\/wp-json\/wp\/v2\/posts\/4959\/revisions"}],"predecessor-version":[{"id":4962,"href":"https:\/\/lepatriotebenin.com\/index.php\/wp-json\/wp\/v2\/posts\/4959\/revisions\/4962"}],"wp:featuredmedia":[{"embeddable":true,"href":"https:\/\/lepatriotebenin.com\/index.php\/wp-json\/wp\/v2\/media\/4960"}],"wp:attachment":[{"href":"https:\/\/lepatriotebenin.com\/index.php\/wp-json\/wp\/v2\/media?parent=4959"}],"wp:term":[{"taxonomy":"category","embeddable":true,"href":"https:\/\/lepatriotebenin.com\/index.php\/wp-json\/wp\/v2\/categories?post=4959"},{"taxonomy":"post_tag","embeddable":true,"href":"https:\/\/lepatriotebenin.com\/index.php\/wp-json\/wp\/v2\/tags?post=4959"}],"curies":[{"name":"wp","href":"https:\/\/api.w.org\/{rel}","templated":true}]}}