{"id":4951,"date":"2024-05-12T21:59:37","date_gmt":"2024-05-12T19:59:37","guid":{"rendered":"https:\/\/lepatriotebenin.com\/?p=4951"},"modified":"2024-05-12T21:59:38","modified_gmt":"2024-05-12T19:59:38","slug":"prison-civile-dakpro-misserete-nicephore-soglo-empeche-de-rencontrer-reckya-madougou","status":"publish","type":"post","link":"https:\/\/lepatriotebenin.com\/index.php\/2024\/05\/12\/prison-civile-dakpro-misserete-nicephore-soglo-empeche-de-rencontrer-reckya-madougou\/","title":{"rendered":"Prison civile d\u2019Akpro-Miss\u00e9r\u00e9t\u00e9 : Nic\u00e9phore Soglo emp\u00each\u00e9 de rencontrer Reckya Madougou"},"content":{"rendered":"\n<p>L\u2019ancien pr\u00e9sident de la R\u00e9publique du B\u00e9nin, <strong>Nic\u00e9phore Dieudonn\u00e9 Soglo<\/strong> est all\u00e9, dans l\u2019apr\u00e8s midi de ce <strong>dimanche 12 mai 2024<\/strong>, rendre visite \u00e0 la prison civile d\u2019Akpro-Miss\u00e9r\u00e9t\u00e9 \u00e0 l\u2019ex ministre<strong> R\u00e9ckya Madougou. \u00a0<\/strong>Selon la radio en ligne <strong>Crystal News<\/strong>, l\u2019ex chef de l\u2019Etat b\u00e9ninois s\u2019est heurt\u00e9 \u00e0 un refus cat\u00e9gorique de la part des policiers de garde qui lui ont exig\u00e9 un permis de visite.\u00a0 Ils lui ont demand\u00e9 de se r\u00e9f\u00e9rer au Procureur sp\u00e9cial. \u00a0L\u2019ancien maire de la ville de Cotonou a tent\u00e9 de joindre par t\u00e9l\u00e9phone le Procureur Sp\u00e9cial mais en vain.<\/p>\n\n\n\n<p> Apr\u00e8s plus d\u2019une heure d\u2019attente, l\u2019ancien Pr\u00e9sident est reparti \u00e0 Cotonou aux environs de 18 heures. Mais Nic\u00e9phore Soglo a pu s\u2019entretenir pendant quelques minutes dans son v\u00e9hicule avec la m\u00e8re de l\u2019ancienne ministre de la justice, selon le m\u00e9dia. \u00a0\u00a0\u00a0Il faut rappeler qu\u2019avant l\u2019ancien pr\u00e9sident de la R\u00e9publique, les d\u00e9put\u00e9s du parti Les D\u00e9mocrates ont eux aussi emp\u00each\u00e9 de voir R\u00e9ckya Madougou \u00e0 cause de cette disposition de l\u2019article 113 du r\u00e8glement int\u00e9rieur type des \u00e9tablissements p\u00e9nitentiaires<\/p>\n","protected":false},"excerpt":{"rendered":"<p>L\u2019ancien pr\u00e9sident de la R\u00e9publique du B\u00e9nin, Nic\u00e9phore Dieudonn\u00e9 Soglo est all\u00e9, dans l\u2019apr\u00e8s midi de ce dimanche 12 mai 2024, rendre visite \u00e0 la prison civile d\u2019Akpro-Miss\u00e9r\u00e9t\u00e9 \u00e0 l\u2019ex&hellip;<\/p>\n","protected":false},"author":6,"featured_media":4952,"comment_status":"open","ping_status":"open","sticky":false,"template":"","format":"standard","meta":{"content-type":"","om_disable_all_campaigns":false,"_monsterinsights_skip_tracking":false,"_monsterinsights_sitenote_active":false,"_monsterinsights_sitenote_note":"","_monsterinsights_sitenote_category":0,"_uf_show_specific_survey":0,"_uf_disable_surveys":false,"footnotes":""},"categories":[26],"tags":[],"class_list":["post-4951","post","type-post","status-publish","format-standard","has-post-thumbnail","hentry","category-politique"],"aioseo_notices":[],"yoast_head":"<!-- This site is optimized with the Yoast SEO plugin v27.5 - https:\/\/yoast.com\/product\/yoast-seo-wordpress\/ -->\n<title>Prison civile d\u2019Akpro-Miss\u00e9r\u00e9t\u00e9 : Nic\u00e9phore Soglo emp\u00each\u00e9 de rencontrer Reckya Madougou - Le Patriote<\/title>\n<meta name=\"robots\" content=\"index, follow, max-snippet:-1, max-image-preview:large, max-video-preview:-1\" \/>\n<link rel=\"canonical\" href=\"https:\/\/lepatriotebenin.com\/index.php\/2024\/05\/12\/prison-civile-dakpro-misserete-nicephore-soglo-empeche-de-rencontrer-reckya-madougou\/\" \/>\n<meta property=\"og:locale\" content=\"fr_FR\" \/>\n<meta property=\"og:type\" content=\"article\" \/>\n<meta property=\"og:title\" content=\"Prison civile d\u2019Akpro-Miss\u00e9r\u00e9t\u00e9 : Nic\u00e9phore Soglo emp\u00each\u00e9 de rencontrer Reckya Madougou - Le Patriote\" \/>\n<meta property=\"og:description\" content=\"L\u2019ancien pr\u00e9sident de la R\u00e9publique du B\u00e9nin, Nic\u00e9phore Dieudonn\u00e9 Soglo est all\u00e9, dans l\u2019apr\u00e8s midi de ce dimanche 12 mai 2024, rendre visite \u00e0 la prison civile d\u2019Akpro-Miss\u00e9r\u00e9t\u00e9 \u00e0 l\u2019ex&hellip;\" \/>\n<meta property=\"og:url\" content=\"https:\/\/lepatriotebenin.com\/index.php\/2024\/05\/12\/prison-civile-dakpro-misserete-nicephore-soglo-empeche-de-rencontrer-reckya-madougou\/\" \/>\n<meta property=\"og:site_name\" content=\"Le Patriote\" \/>\n<meta property=\"article:published_time\" content=\"2024-05-12T19:59:37+00:00\" \/>\n<meta property=\"article:modified_time\" content=\"2024-05-12T19:59:38+00:00\" \/>\n<meta property=\"og:image\" content=\"https:\/\/lepatriotebenin.com\/wp-content\/uploads\/2024\/05\/soglo-1.jpg\" \/>\n\t<meta property=\"og:image:width\" content=\"1200\" \/>\n\t<meta property=\"og:image:height\" content=\"675\" \/>\n\t<meta property=\"og:image:type\" content=\"image\/jpeg\" \/>\n<meta name=\"author\" content=\"Roland AFFANOU\" \/>\n<meta name=\"twitter:card\" content=\"summary_large_image\" \/>\n<meta name=\"twitter:label1\" content=\"\u00c9crit par\" \/>\n\t<meta name=\"twitter:data1\" content=\"Roland AFFANOU\" \/>\n\t<meta name=\"twitter:label2\" content=\"Dur\u00e9e de lecture estim\u00e9e\" \/>\n\t<meta name=\"twitter:data2\" content=\"1 minute\" \/>\n<script type=\"application\/ld+json\" class=\"yoast-schema-graph\">{\"@context\":\"https:\\\/\\\/schema.org\",\"@graph\":[{\"@type\":\"Article\",\"@id\":\"https:\\\/\\\/lepatriotebenin.com\\\/index.php\\\/2024\\\/05\\\/12\\\/prison-civile-dakpro-misserete-nicephore-soglo-empeche-de-rencontrer-reckya-madougou\\\/#article\",\"isPartOf\":{\"@id\":\"https:\\\/\\\/lepatriotebenin.com\\\/index.php\\\/2024\\\/05\\\/12\\\/prison-civile-dakpro-misserete-nicephore-soglo-empeche-de-rencontrer-reckya-madougou\\\/\"},\"author\":{\"name\":\"Roland AFFANOU\",\"@id\":\"https:\\\/\\\/lepatriotebenin.com\\\/#\\\/schema\\\/person\\\/4a9b67216c97d04045e01405c534c91f\"},\"headline\":\"Prison civile d\u2019Akpro-Miss\u00e9r\u00e9t\u00e9 : Nic\u00e9phore Soglo emp\u00each\u00e9 de rencontrer Reckya Madougou\",\"datePublished\":\"2024-05-12T19:59:37+00:00\",\"dateModified\":\"2024-05-12T19:59:38+00:00\",\"mainEntityOfPage\":{\"@id\":\"https:\\\/\\\/lepatriotebenin.com\\\/index.php\\\/2024\\\/05\\\/12\\\/prison-civile-dakpro-misserete-nicephore-soglo-empeche-de-rencontrer-reckya-madougou\\\/\"},\"wordCount\":227,\"commentCount\":0,\"image\":{\"@id\":\"https:\\\/\\\/lepatriotebenin.com\\\/index.php\\\/2024\\\/05\\\/12\\\/prison-civile-dakpro-misserete-nicephore-soglo-empeche-de-rencontrer-reckya-madougou\\\/#primaryimage\"},\"thumbnailUrl\":\"https:\\\/\\\/lepatriotebenin.com\\\/wp-content\\\/uploads\\\/2024\\\/05\\\/soglo-1.jpg\",\"articleSection\":[\"Politique\"],\"inLanguage\":\"fr-FR\",\"potentialAction\":[{\"@type\":\"CommentAction\",\"name\":\"Comment\",\"target\":[\"https:\\\/\\\/lepatriotebenin.com\\\/index.php\\\/2024\\\/05\\\/12\\\/prison-civile-dakpro-misserete-nicephore-soglo-empeche-de-rencontrer-reckya-madougou\\\/#respond\"]}]},{\"@type\":\"WebPage\",\"@id\":\"https:\\\/\\\/lepatriotebenin.com\\\/index.php\\\/2024\\\/05\\\/12\\\/prison-civile-dakpro-misserete-nicephore-soglo-empeche-de-rencontrer-reckya-madougou\\\/\",\"url\":\"https:\\\/\\\/lepatriotebenin.com\\\/index.php\\\/2024\\\/05\\\/12\\\/prison-civile-dakpro-misserete-nicephore-soglo-empeche-de-rencontrer-reckya-madougou\\\/\",\"name\":\"Prison civile d\u2019Akpro-Miss\u00e9r\u00e9t\u00e9 : Nic\u00e9phore Soglo emp\u00each\u00e9 de rencontrer Reckya Madougou - Le Patriote\",\"isPartOf\":{\"@id\":\"https:\\\/\\\/lepatriotebenin.com\\\/#website\"},\"primaryImageOfPage\":{\"@id\":\"https:\\\/\\\/lepatriotebenin.com\\\/index.php\\\/2024\\\/05\\\/12\\\/prison-civile-dakpro-misserete-nicephore-soglo-empeche-de-rencontrer-reckya-madougou\\\/#primaryimage\"},\"image\":{\"@id\":\"https:\\\/\\\/lepatriotebenin.com\\\/index.php\\\/2024\\\/05\\\/12\\\/prison-civile-dakpro-misserete-nicephore-soglo-empeche-de-rencontrer-reckya-madougou\\\/#primaryimage\"},\"thumbnailUrl\":\"https:\\\/\\\/lepatriotebenin.com\\\/wp-content\\\/uploads\\\/2024\\\/05\\\/soglo-1.jpg\",\"datePublished\":\"2024-05-12T19:59:37+00:00\",\"dateModified\":\"2024-05-12T19:59:38+00:00\",\"author\":{\"@id\":\"https:\\\/\\\/lepatriotebenin.com\\\/#\\\/schema\\\/person\\\/4a9b67216c97d04045e01405c534c91f\"},\"breadcrumb\":{\"@id\":\"https:\\\/\\\/lepatriotebenin.com\\\/index.php\\\/2024\\\/05\\\/12\\\/prison-civile-dakpro-misserete-nicephore-soglo-empeche-de-rencontrer-reckya-madougou\\\/#breadcrumb\"},\"inLanguage\":\"fr-FR\",\"potentialAction\":[{\"@type\":\"ReadAction\",\"target\":[\"https:\\\/\\\/lepatriotebenin.com\\\/index.php\\\/2024\\\/05\\\/12\\\/prison-civile-dakpro-misserete-nicephore-soglo-empeche-de-rencontrer-reckya-madougou\\\/\"]}]},{\"@type\":\"ImageObject\",\"inLanguage\":\"fr-FR\",\"@id\":\"https:\\\/\\\/lepatriotebenin.com\\\/index.php\\\/2024\\\/05\\\/12\\\/prison-civile-dakpro-misserete-nicephore-soglo-empeche-de-rencontrer-reckya-madougou\\\/#primaryimage\",\"url\":\"https:\\\/\\\/lepatriotebenin.com\\\/wp-content\\\/uploads\\\/2024\\\/05\\\/soglo-1.jpg\",\"contentUrl\":\"https:\\\/\\\/lepatriotebenin.com\\\/wp-content\\\/uploads\\\/2024\\\/05\\\/soglo-1.jpg\",\"width\":1200,\"height\":675},{\"@type\":\"BreadcrumbList\",\"@id\":\"https:\\\/\\\/lepatriotebenin.com\\\/index.php\\\/2024\\\/05\\\/12\\\/prison-civile-dakpro-misserete-nicephore-soglo-empeche-de-rencontrer-reckya-madougou\\\/#breadcrumb\",\"itemListElement\":[{\"@type\":\"ListItem\",\"position\":1,\"name\":\"Accueil\",\"item\":\"https:\\\/\\\/lepatriotebenin.com\\\/\"},{\"@type\":\"ListItem\",\"position\":2,\"name\":\"Prison civile d\u2019Akpro-Miss\u00e9r\u00e9t\u00e9 : Nic\u00e9phore Soglo emp\u00each\u00e9 de rencontrer Reckya Madougou\"}]},{\"@type\":\"WebSite\",\"@id\":\"https:\\\/\\\/lepatriotebenin.com\\\/#website\",\"url\":\"https:\\\/\\\/lepatriotebenin.com\\\/\",\"name\":\"Le Patriote\",\"description\":\"Le Patriote B\u00e9nin\",\"potentialAction\":[{\"@type\":\"SearchAction\",\"target\":{\"@type\":\"EntryPoint\",\"urlTemplate\":\"https:\\\/\\\/lepatriotebenin.com\\\/?s={search_term_string}\"},\"query-input\":{\"@type\":\"PropertyValueSpecification\",\"valueRequired\":true,\"valueName\":\"search_term_string\"}}],\"inLanguage\":\"fr-FR\"},{\"@type\":\"Person\",\"@id\":\"https:\\\/\\\/lepatriotebenin.com\\\/#\\\/schema\\\/person\\\/4a9b67216c97d04045e01405c534c91f\",\"name\":\"Roland AFFANOU\",\"image\":{\"@type\":\"ImageObject\",\"inLanguage\":\"fr-FR\",\"@id\":\"https:\\\/\\\/secure.gravatar.com\\\/avatar\\\/7209d3f6d2d47ea4d0c67e14d3effb61feb10ae540a4381280c66265de5bd643?s=96&d=mm&r=g\",\"url\":\"https:\\\/\\\/secure.gravatar.com\\\/avatar\\\/7209d3f6d2d47ea4d0c67e14d3effb61feb10ae540a4381280c66265de5bd643?s=96&d=mm&r=g\",\"contentUrl\":\"https:\\\/\\\/secure.gravatar.com\\\/avatar\\\/7209d3f6d2d47ea4d0c67e14d3effb61feb10ae540a4381280c66265de5bd643?s=96&d=mm&r=g\",\"caption\":\"Roland AFFANOU\"},\"url\":\"https:\\\/\\\/lepatriotebenin.com\"}]}<\/script>\n<!-- \/ Yoast SEO plugin. -->","yoast_head_json":{"title":"Prison civile d\u2019Akpro-Miss\u00e9r\u00e9t\u00e9 : Nic\u00e9phore Soglo emp\u00each\u00e9 de rencontrer Reckya Madougou - Le Patriote","robots":{"index":"index","follow":"follow","max-snippet":"max-snippet:-1","max-image-preview":"max-image-preview:large","max-video-preview":"max-video-preview:-1"},"canonical":"https:\/\/lepatriotebenin.com\/index.php\/2024\/05\/12\/prison-civile-dakpro-misserete-nicephore-soglo-empeche-de-rencontrer-reckya-madougou\/","og_locale":"fr_FR","og_type":"article","og_title":"Prison civile d\u2019Akpro-Miss\u00e9r\u00e9t\u00e9 : Nic\u00e9phore Soglo emp\u00each\u00e9 de rencontrer Reckya Madougou - Le Patriote","og_description":"L\u2019ancien pr\u00e9sident de la R\u00e9publique du B\u00e9nin, Nic\u00e9phore Dieudonn\u00e9 Soglo est all\u00e9, dans l\u2019apr\u00e8s midi de ce dimanche 12 mai 2024, rendre visite \u00e0 la prison civile d\u2019Akpro-Miss\u00e9r\u00e9t\u00e9 \u00e0 l\u2019ex&hellip;","og_url":"https:\/\/lepatriotebenin.com\/index.php\/2024\/05\/12\/prison-civile-dakpro-misserete-nicephore-soglo-empeche-de-rencontrer-reckya-madougou\/","og_site_name":"Le Patriote","article_published_time":"2024-05-12T19:59:37+00:00","article_modified_time":"2024-05-12T19:59:38+00:00","og_image":[{"width":1200,"height":675,"url":"https:\/\/lepatriotebenin.com\/wp-content\/uploads\/2024\/05\/soglo-1.jpg","type":"image\/jpeg"}],"author":"Roland AFFANOU","twitter_card":"summary_large_image","twitter_misc":{"\u00c9crit par":"Roland AFFANOU","Dur\u00e9e de lecture estim\u00e9e":"1 minute"},"schema":{"@context":"https:\/\/schema.org","@graph":[{"@type":"Article","@id":"https:\/\/lepatriotebenin.com\/index.php\/2024\/05\/12\/prison-civile-dakpro-misserete-nicephore-soglo-empeche-de-rencontrer-reckya-madougou\/#article","isPartOf":{"@id":"https:\/\/lepatriotebenin.com\/index.php\/2024\/05\/12\/prison-civile-dakpro-misserete-nicephore-soglo-empeche-de-rencontrer-reckya-madougou\/"},"author":{"name":"Roland AFFANOU","@id":"https:\/\/lepatriotebenin.com\/#\/schema\/person\/4a9b67216c97d04045e01405c534c91f"},"headline":"Prison civile d\u2019Akpro-Miss\u00e9r\u00e9t\u00e9 : Nic\u00e9phore Soglo emp\u00each\u00e9 de rencontrer Reckya Madougou","datePublished":"2024-05-12T19:59:37+00:00","dateModified":"2024-05-12T19:59:38+00:00","mainEntityOfPage":{"@id":"https:\/\/lepatriotebenin.com\/index.php\/2024\/05\/12\/prison-civile-dakpro-misserete-nicephore-soglo-empeche-de-rencontrer-reckya-madougou\/"},"wordCount":227,"commentCount":0,"image":{"@id":"https:\/\/lepatriotebenin.com\/index.php\/2024\/05\/12\/prison-civile-dakpro-misserete-nicephore-soglo-empeche-de-rencontrer-reckya-madougou\/#primaryimage"},"thumbnailUrl":"https:\/\/lepatriotebenin.com\/wp-content\/uploads\/2024\/05\/soglo-1.jpg","articleSection":["Politique"],"inLanguage":"fr-FR","potentialAction":[{"@type":"CommentAction","name":"Comment","target":["https:\/\/lepatriotebenin.com\/index.php\/2024\/05\/12\/prison-civile-dakpro-misserete-nicephore-soglo-empeche-de-rencontrer-reckya-madougou\/#respond"]}]},{"@type":"WebPage","@id":"https:\/\/lepatriotebenin.com\/index.php\/2024\/05\/12\/prison-civile-dakpro-misserete-nicephore-soglo-empeche-de-rencontrer-reckya-madougou\/","url":"https:\/\/lepatriotebenin.com\/index.php\/2024\/05\/12\/prison-civile-dakpro-misserete-nicephore-soglo-empeche-de-rencontrer-reckya-madougou\/","name":"Prison civile d\u2019Akpro-Miss\u00e9r\u00e9t\u00e9 : Nic\u00e9phore Soglo emp\u00each\u00e9 de rencontrer Reckya Madougou - Le Patriote","isPartOf":{"@id":"https:\/\/lepatriotebenin.com\/#website"},"primaryImageOfPage":{"@id":"https:\/\/lepatriotebenin.com\/index.php\/2024\/05\/12\/prison-civile-dakpro-misserete-nicephore-soglo-empeche-de-rencontrer-reckya-madougou\/#primaryimage"},"image":{"@id":"https:\/\/lepatriotebenin.com\/index.php\/2024\/05\/12\/prison-civile-dakpro-misserete-nicephore-soglo-empeche-de-rencontrer-reckya-madougou\/#primaryimage"},"thumbnailUrl":"https:\/\/lepatriotebenin.com\/wp-content\/uploads\/2024\/05\/soglo-1.jpg","datePublished":"2024-05-12T19:59:37+00:00","dateModified":"2024-05-12T19:59:38+00:00","author":{"@id":"https:\/\/lepatriotebenin.com\/#\/schema\/person\/4a9b67216c97d04045e01405c534c91f"},"breadcrumb":{"@id":"https:\/\/lepatriotebenin.com\/index.php\/2024\/05\/12\/prison-civile-dakpro-misserete-nicephore-soglo-empeche-de-rencontrer-reckya-madougou\/#breadcrumb"},"inLanguage":"fr-FR","potentialAction":[{"@type":"ReadAction","target":["https:\/\/lepatriotebenin.com\/index.php\/2024\/05\/12\/prison-civile-dakpro-misserete-nicephore-soglo-empeche-de-rencontrer-reckya-madougou\/"]}]},{"@type":"ImageObject","inLanguage":"fr-FR","@id":"https:\/\/lepatriotebenin.com\/index.php\/2024\/05\/12\/prison-civile-dakpro-misserete-nicephore-soglo-empeche-de-rencontrer-reckya-madougou\/#primaryimage","url":"https:\/\/lepatriotebenin.com\/wp-content\/uploads\/2024\/05\/soglo-1.jpg","contentUrl":"https:\/\/lepatriotebenin.com\/wp-content\/uploads\/2024\/05\/soglo-1.jpg","width":1200,"height":675},{"@type":"BreadcrumbList","@id":"https:\/\/lepatriotebenin.com\/index.php\/2024\/05\/12\/prison-civile-dakpro-misserete-nicephore-soglo-empeche-de-rencontrer-reckya-madougou\/#breadcrumb","itemListElement":[{"@type":"ListItem","position":1,"name":"Accueil","item":"https:\/\/lepatriotebenin.com\/"},{"@type":"ListItem","position":2,"name":"Prison civile d\u2019Akpro-Miss\u00e9r\u00e9t\u00e9 : Nic\u00e9phore Soglo emp\u00each\u00e9 de rencontrer Reckya Madougou"}]},{"@type":"WebSite","@id":"https:\/\/lepatriotebenin.com\/#website","url":"https:\/\/lepatriotebenin.com\/","name":"Le Patriote","description":"Le Patriote B\u00e9nin","potentialAction":[{"@type":"SearchAction","target":{"@type":"EntryPoint","urlTemplate":"https:\/\/lepatriotebenin.com\/?s={search_term_string}"},"query-input":{"@type":"PropertyValueSpecification","valueRequired":true,"valueName":"search_term_string"}}],"inLanguage":"fr-FR"},{"@type":"Person","@id":"https:\/\/lepatriotebenin.com\/#\/schema\/person\/4a9b67216c97d04045e01405c534c91f","name":"Roland AFFANOU","image":{"@type":"ImageObject","inLanguage":"fr-FR","@id":"https:\/\/secure.gravatar.com\/avatar\/7209d3f6d2d47ea4d0c67e14d3effb61feb10ae540a4381280c66265de5bd643?s=96&d=mm&r=g","url":"https:\/\/secure.gravatar.com\/avatar\/7209d3f6d2d47ea4d0c67e14d3effb61feb10ae540a4381280c66265de5bd643?s=96&d=mm&r=g","contentUrl":"https:\/\/secure.gravatar.com\/avatar\/7209d3f6d2d47ea4d0c67e14d3effb61feb10ae540a4381280c66265de5bd643?s=96&d=mm&r=g","caption":"Roland AFFANOU"},"url":"https:\/\/lepatriotebenin.com"}]}},"_links":{"self":[{"href":"https:\/\/lepatriotebenin.com\/index.php\/wp-json\/wp\/v2\/posts\/4951","targetHints":{"allow":["GET"]}}],"collection":[{"href":"https:\/\/lepatriotebenin.com\/index.php\/wp-json\/wp\/v2\/posts"}],"about":[{"href":"https:\/\/lepatriotebenin.com\/index.php\/wp-json\/wp\/v2\/types\/post"}],"author":[{"embeddable":true,"href":"https:\/\/lepatriotebenin.com\/index.php\/wp-json\/wp\/v2\/users\/6"}],"replies":[{"embeddable":true,"href":"https:\/\/lepatriotebenin.com\/index.php\/wp-json\/wp\/v2\/comments?post=4951"}],"version-history":[{"count":1,"href":"https:\/\/lepatriotebenin.com\/index.php\/wp-json\/wp\/v2\/posts\/4951\/revisions"}],"predecessor-version":[{"id":4953,"href":"https:\/\/lepatriotebenin.com\/index.php\/wp-json\/wp\/v2\/posts\/4951\/revisions\/4953"}],"wp:featuredmedia":[{"embeddable":true,"href":"https:\/\/lepatriotebenin.com\/index.php\/wp-json\/wp\/v2\/media\/4952"}],"wp:attachment":[{"href":"https:\/\/lepatriotebenin.com\/index.php\/wp-json\/wp\/v2\/media?parent=4951"}],"wp:term":[{"taxonomy":"category","embeddable":true,"href":"https:\/\/lepatriotebenin.com\/index.php\/wp-json\/wp\/v2\/categories?post=4951"},{"taxonomy":"post_tag","embeddable":true,"href":"https:\/\/lepatriotebenin.com\/index.php\/wp-json\/wp\/v2\/tags?post=4951"}],"curies":[{"name":"wp","href":"https:\/\/api.w.org\/{rel}","templated":true}]}}