{"id":4909,"date":"2024-05-10T12:17:26","date_gmt":"2024-05-10T10:17:26","guid":{"rendered":"https:\/\/lepatriotebenin.com\/?p=4909"},"modified":"2024-05-10T12:17:27","modified_gmt":"2024-05-10T10:17:27","slug":"pere-aguenounon-a-propos-du-journalisme-le-changement-notable-dans-lexercice-de-la-profession-nest-pas-pour-aujourdhui","status":"publish","type":"post","link":"https:\/\/lepatriotebenin.com\/index.php\/2024\/05\/10\/pere-aguenounon-a-propos-du-journalisme-le-changement-notable-dans-lexercice-de-la-profession-nest-pas-pour-aujourdhui\/","title":{"rendered":"P\u00e8re Agu\u00e9nounon \u00e0 propos du journalisme : \u201c Le changement notable dans l\u2019exercice de la profession n\u2019est pas pour aujourd\u2019hui\u201d"},"content":{"rendered":"\n<p>Le <strong>vendredi 3 mai 2024,<\/strong> les journalistes ont c\u00e9l\u00e9br\u00e9 la journ\u00e9e internationale de la libert\u00e9 de presse.&nbsp; Re\u00e7u le <strong>samedi 04 mai 2024<\/strong> sur l\u2019\u00e9mission <strong>\u201cG\u00e9ostragie\u201d<\/strong> de la radio nationale dont le th\u00e8me est <strong>\u201cGestion des conflits dans le monde :&nbsp; r\u00f4le des m\u00e9dias\u201d,<\/strong> le P\u00e8re <strong>Eric Agu\u00e9nounon,<\/strong> philosophe politique, \u00c9crivain-Essayiste et analyste politique et sp\u00e9cialiste des questions internationales, par ses arguments d\u00e9velopp\u00e9s, a \u00e9difi\u00e9 plus d\u2019un. \u201c <em>La libert\u00e9 de presse, c\u2019est la libert\u00e9 d\u2019opinion accueillie, re\u00e7ue, entretenue et structur\u00e9e dans un groupe professionnel qui a pour but, de communiquer, de faire un travail journalistique soit la presse \u00e9crite ou audiovisuelle<\/em>\u201d a d\u00e9clar\u00e9 le P\u00e8re Agu\u00e9nounon. Il a indiqu\u00e9 que \u201c<em>cette libert\u00e9 est d\u00e9j\u00e0 inscrite dans les droits humains, les droits fondamentaux et plus tard structur\u00e9e par les lois positives de chaque Etat<\/em>\u201d.&nbsp;<\/p>\n\n\n\n<p>Pour le philosophe politique, cette libert\u00e9, elle est une libert\u00e9 primordiale et essentielle. Car dit-il, \u201c<em>le journalisme vient \u00e9clairer la lanterne de tout un chacun de nous \u00e0 travers la triple dimension, l\u2019information, la production de la connaissance et l\u2019investigation<\/em>\u201d. \u201c Le P\u00e8re Agu\u00e9nounon a affirm\u00e9 que <em>\u201cces trois dimensions sont essentielles\u201d<\/em> et que \u201c<em>&nbsp;&nbsp; pour que cette libert\u00e9 soit davantage mise en branle, davantage explor\u00e9e, il faut la formation, il faut des journalistes qualifi\u00e9s dans des organes bien \u00e9quip\u00e9s, bien outill\u00e9s.&nbsp;&nbsp; Que l\u2019espace public soit un espace assez ouvert et que la volont\u00e9 politique accompagne vraiment les acteurs<\/em>\u201d.<\/p>\n\n\n\n<p><strong>Importance de la journ\u00e9e internationale de la libert\u00e9 de presse<\/strong><\/p>\n\n\n\n<p>L\u2019\u00c9crivain-Essayiste a soulign\u00e9 que \u201c <em>cette journ\u00e9e est n\u00e9cessaire pour le journalisme, surtout pour les auditeurs, le monde politique, \u00e9conomique, culturel qui b\u00e9n\u00e9ficie des services des journalistes\u201d.<\/em> \u201c<em>Tout droit qui est d\u00e9j\u00e0 \u00e9tabli a besoin d\u2019\u00eatre sauvegard\u00e9, d\u2019\u00eatre vulgaris\u00e9 surtout que les mutations des civilisations et nos soci\u00e9t\u00e9s liquident obligent \u00e0 cr\u00e9er une journ\u00e9e pouvant aider \u00e0 davantage renforcer la pr\u00e9sence de ce droit, son exercice et sa jouissance pour que droit et devoir puissent vraiment s\u2019arrimer\u201d<\/em> a l\u00e2ch\u00e9 l\u2019analyste politique. Et il a poursuivi : \u201c<em>ces journ\u00e9es-l\u00e0 sont des lieux o\u00f9 on peut davantage mettre en lumi\u00e8re tout ce qui s\u2019est pass\u00e9 dans une ann\u00e9e, ce qui s\u2019est pass\u00e9 de positif, ce qui s\u2019est pass\u00e9 de n\u00e9gatif et relever les lieux de difficult\u00e9s, les lieux de souffrance, les lieux qui font que la libert\u00e9 d\u2019expression est difficile<\/em>\u201d.&nbsp;&nbsp;&nbsp; Le P\u00e8re Agu\u00e9nounon a laiss\u00e9 entendre que \u201c<em>la libert\u00e9 de presse est souvent tr\u00e8s coll\u00e9e \u00e0 la r\u00e9alit\u00e9 socio-politique de chaque pays, l\u2019architecture de chaque pays quand c\u2019est un pays d\u00e9mocratique, moins d\u00e9mocratique ou un pays d\u2019autoritarisme\u201d.&nbsp; <\/em>Le philosophe politique a d\u00e9clar\u00e9<em> que <\/em>tout cela \u201c<em>d\u00e9teint sur la pratique, l\u2019exercice du journalisme<\/em>\u201d.&nbsp; Pour lui, <em>\u201ccette journ\u00e9e internationale vient aussi pour rappeler \u00e0 ces dirigeants, \u00e0 ces pays qu\u2019il y a ce droit qui est essentiel<\/em>\u201d.<\/p>\n\n\n\n<p><strong>&nbsp; B\u00e9n\u00e9fices depuis l\u2019institution de la journ\u00e9e<\/strong><\/p>\n\n\n\n<p>&nbsp; \u201c<em>Le changement notable dans l\u2019exercice de la profession n\u2019est pas pour aujourd\u2019hui\u201d<\/em> a l\u00e2ch\u00e9 le philosophe politique. Pour lui, \u201c<em>ce qu\u2019il y a, c\u2019est que cette journ\u00e9e permette de mettre en lumi\u00e8re cette profession et de mettre en lumi\u00e8re ses souffrances, ses difficult\u00e9s et surtout \u00e7a permet aussi aux journalistes de se sentir valoriser, de sentir vraiment pris en compte<\/em>\u201d avant d\u2019ajouter : \u201d <em>il faut toujours remarquer qu\u2019\u00e0 l\u2019int\u00e9rieur du journalisme, il y a de mauvais journalistes, il y a des gens qui sont que des communicants, communicants pour tel bord politique, pour tel autre, communicant pour tel Etat. Il y a des gens qui \u00e9crivent un papier ou sortent quelque chose \u00e0 coup d\u2019argent<\/em>\u201d.&nbsp; Le P\u00e8re Eric Agu\u00e9nounon a r\u00e9v\u00e9l\u00e9 que \u201c<em>les m\u00e9dias ont besoins d\u2019argent mais de plus en plus le journalisme ou les journalistes deviennent des proies faciles du pouvoir de l\u2019argent et du pouvoir de l\u2019influence<\/em>\u201d et que \u201cceux qui font v\u00e9ritablement le travail avec int\u00e9grit\u00e9, ceux-l\u00e0 sont de plus en plus rares\u201d.<\/p>\n\n\n\n<p><strong>&nbsp;Les 3 cat\u00e9gories des m\u00e9dias dans la gestion des conflits<\/strong><\/p>\n\n\n\n<p>&nbsp; Les m\u00e9dias jouent un r\u00f4le pr\u00e9pond\u00e9rant dans la gestion des conflits dans le monde.&nbsp; Le sp\u00e9cialiste des relations internationales a expliqu\u00e9 que dans la gestion des conflits dans le monde, les m\u00e9dias ont une place assez importante. Le P\u00e8re Agu\u00e9nounon a pr\u00e9cis\u00e9 <em>que \u201ccette place n\u2019est pas une place directement li\u00e9e au r\u00e8glement du conflit ou \u00e0 la gestion interne du conflit<\/em>\u201d. Mais pour lui, \u201c<em>la presse est juste un agent pr\u00e9sent au cours du d\u00e9roulement de ce conflit<\/em>\u201d.&nbsp; \u00c0 son entendement, il a cibl\u00e9 3 cat\u00e9gories de m\u00e9dia. <em>\u201c Il y a la presse qui est du cot\u00e9 des bellig\u00e9rants. Chaque bellig\u00e9rant \u00e0 sa presse qui sont en fait des communicateurs qui veulent communiquer. De part et d\u2019autre, il y a v\u00e9ritablement une communication. Ensuite, il y a ce qu\u2019on appelle la presse internationale qui a parfois de grands reporters. C\u2019est cette presse l\u00e0 qui a plus de moyens, qui ont de grands reporters, des journalistes de guerre, des journalistes d\u2019investigation qui vont chercher les photos, les images. Et donc la presse internationale fait le chou gras de ce qui se passe quand il y a conflit. Et ensuite la 3\u00e8me cat\u00e9gorie, c\u2019est la presse qui est sur le terrain, mais qui n\u2019est pas du c\u00f4t\u00e9 des bellig\u00e9rants et qui essaie d\u2019investiguer et de nous donner en fait la vraie information parce qu\u2019ilfaut la vraie information <\/em>\u201d.<\/p>\n\n\n\n<p>&nbsp;La vraie information selon le P\u00e8re Agu\u00e9nounon, doit \u00eatre une information neutre, int\u00e8gre et&nbsp;&nbsp; impartiale., \u201c<em>une information factuelle qui n\u2019est pas une information pass\u00e9e par les couloirs ou bien les laboratoires des bellig\u00e9rants\u201d<\/em>.&nbsp; Il a laiss\u00e9 entendre que \u201cce n\u2019est pas \u00e9vident de laisser ces journalistes faire leur travail\u201d, Ceux-ci, affirme-t-il, <em>\u201csont vraiment concurrenc\u00e9s par la presse internationale qui fait peut-\u00eatre la propagande pour tel pays occidental ou tel pays de l\u2019Est ou les pays des zones de conflit\u201d.<\/em>&nbsp;<\/p>\n","protected":false},"excerpt":{"rendered":"<p>Le vendredi 3 mai 2024, les journalistes ont c\u00e9l\u00e9br\u00e9 la journ\u00e9e internationale de la libert\u00e9 de presse.&nbsp; Re\u00e7u le samedi 04 mai 2024 sur l\u2019\u00e9mission \u201cG\u00e9ostragie\u201d de la radio nationale&hellip;<\/p>\n","protected":false},"author":6,"featured_media":4653,"comment_status":"open","ping_status":"open","sticky":false,"template":"","format":"standard","meta":{"content-type":"","om_disable_all_campaigns":false,"_monsterinsights_skip_tracking":false,"_monsterinsights_sitenote_active":false,"_monsterinsights_sitenote_note":"","_monsterinsights_sitenote_category":0,"_uf_show_specific_survey":0,"_uf_disable_surveys":false,"footnotes":""},"categories":[20],"tags":[],"class_list":["post-4909","post","type-post","status-publish","format-standard","has-post-thumbnail","hentry","category-societe"],"aioseo_notices":[],"yoast_head":"<!-- This site is optimized with the Yoast SEO plugin v27.5 - https:\/\/yoast.com\/product\/yoast-seo-wordpress\/ -->\n<title>P\u00e8re Agu\u00e9nounon \u00e0 propos du journalisme : \u201c Le changement notable dans l\u2019exercice de la profession n\u2019est pas pour aujourd\u2019hui\u201d - Le Patriote<\/title>\n<meta name=\"robots\" content=\"index, follow, max-snippet:-1, max-image-preview:large, max-video-preview:-1\" \/>\n<link rel=\"canonical\" href=\"https:\/\/lepatriotebenin.com\/index.php\/2024\/05\/10\/pere-aguenounon-a-propos-du-journalisme-le-changement-notable-dans-lexercice-de-la-profession-nest-pas-pour-aujourdhui\/\" \/>\n<meta property=\"og:locale\" content=\"fr_FR\" \/>\n<meta property=\"og:type\" content=\"article\" \/>\n<meta property=\"og:title\" content=\"P\u00e8re Agu\u00e9nounon \u00e0 propos du journalisme : \u201c Le changement notable dans l\u2019exercice de la profession n\u2019est pas pour aujourd\u2019hui\u201d - Le Patriote\" \/>\n<meta property=\"og:description\" content=\"Le vendredi 3 mai 2024, les journalistes ont c\u00e9l\u00e9br\u00e9 la journ\u00e9e internationale de la libert\u00e9 de presse.&nbsp; Re\u00e7u le samedi 04 mai 2024 sur l\u2019\u00e9mission \u201cG\u00e9ostragie\u201d de la radio nationale&hellip;\" \/>\n<meta property=\"og:url\" content=\"https:\/\/lepatriotebenin.com\/index.php\/2024\/05\/10\/pere-aguenounon-a-propos-du-journalisme-le-changement-notable-dans-lexercice-de-la-profession-nest-pas-pour-aujourdhui\/\" \/>\n<meta property=\"og:site_name\" content=\"Le Patriote\" \/>\n<meta property=\"article:published_time\" content=\"2024-05-10T10:17:26+00:00\" \/>\n<meta property=\"article:modified_time\" content=\"2024-05-10T10:17:27+00:00\" \/>\n<meta property=\"og:image\" content=\"https:\/\/lepatriotebenin.com\/wp-content\/uploads\/2024\/04\/aguenounon-pere.jpg\" \/>\n\t<meta property=\"og:image:width\" content=\"1200\" \/>\n\t<meta property=\"og:image:height\" content=\"675\" \/>\n\t<meta property=\"og:image:type\" content=\"image\/jpeg\" \/>\n<meta name=\"author\" content=\"Roland AFFANOU\" \/>\n<meta name=\"twitter:card\" content=\"summary_large_image\" \/>\n<meta name=\"twitter:label1\" content=\"\u00c9crit par\" \/>\n\t<meta name=\"twitter:data1\" content=\"Roland AFFANOU\" \/>\n\t<meta name=\"twitter:label2\" content=\"Dur\u00e9e de lecture estim\u00e9e\" \/>\n\t<meta name=\"twitter:data2\" content=\"5 minutes\" \/>\n<script type=\"application\/ld+json\" class=\"yoast-schema-graph\">{\"@context\":\"https:\\\/\\\/schema.org\",\"@graph\":[{\"@type\":\"Article\",\"@id\":\"https:\\\/\\\/lepatriotebenin.com\\\/index.php\\\/2024\\\/05\\\/10\\\/pere-aguenounon-a-propos-du-journalisme-le-changement-notable-dans-lexercice-de-la-profession-nest-pas-pour-aujourdhui\\\/#article\",\"isPartOf\":{\"@id\":\"https:\\\/\\\/lepatriotebenin.com\\\/index.php\\\/2024\\\/05\\\/10\\\/pere-aguenounon-a-propos-du-journalisme-le-changement-notable-dans-lexercice-de-la-profession-nest-pas-pour-aujourdhui\\\/\"},\"author\":{\"name\":\"Roland AFFANOU\",\"@id\":\"https:\\\/\\\/lepatriotebenin.com\\\/#\\\/schema\\\/person\\\/4a9b67216c97d04045e01405c534c91f\"},\"headline\":\"P\u00e8re Agu\u00e9nounon \u00e0 propos du journalisme : \u201c Le changement notable dans l\u2019exercice de la profession n\u2019est pas pour aujourd\u2019hui\u201d\",\"datePublished\":\"2024-05-10T10:17:26+00:00\",\"dateModified\":\"2024-05-10T10:17:27+00:00\",\"mainEntityOfPage\":{\"@id\":\"https:\\\/\\\/lepatriotebenin.com\\\/index.php\\\/2024\\\/05\\\/10\\\/pere-aguenounon-a-propos-du-journalisme-le-changement-notable-dans-lexercice-de-la-profession-nest-pas-pour-aujourdhui\\\/\"},\"wordCount\":1111,\"commentCount\":0,\"image\":{\"@id\":\"https:\\\/\\\/lepatriotebenin.com\\\/index.php\\\/2024\\\/05\\\/10\\\/pere-aguenounon-a-propos-du-journalisme-le-changement-notable-dans-lexercice-de-la-profession-nest-pas-pour-aujourdhui\\\/#primaryimage\"},\"thumbnailUrl\":\"https:\\\/\\\/lepatriotebenin.com\\\/wp-content\\\/uploads\\\/2024\\\/04\\\/aguenounon-pere.jpg\",\"articleSection\":[\"Soci\u00e9t\u00e9\"],\"inLanguage\":\"fr-FR\",\"potentialAction\":[{\"@type\":\"CommentAction\",\"name\":\"Comment\",\"target\":[\"https:\\\/\\\/lepatriotebenin.com\\\/index.php\\\/2024\\\/05\\\/10\\\/pere-aguenounon-a-propos-du-journalisme-le-changement-notable-dans-lexercice-de-la-profession-nest-pas-pour-aujourdhui\\\/#respond\"]}]},{\"@type\":\"WebPage\",\"@id\":\"https:\\\/\\\/lepatriotebenin.com\\\/index.php\\\/2024\\\/05\\\/10\\\/pere-aguenounon-a-propos-du-journalisme-le-changement-notable-dans-lexercice-de-la-profession-nest-pas-pour-aujourdhui\\\/\",\"url\":\"https:\\\/\\\/lepatriotebenin.com\\\/index.php\\\/2024\\\/05\\\/10\\\/pere-aguenounon-a-propos-du-journalisme-le-changement-notable-dans-lexercice-de-la-profession-nest-pas-pour-aujourdhui\\\/\",\"name\":\"P\u00e8re Agu\u00e9nounon \u00e0 propos du journalisme : \u201c Le changement notable dans l\u2019exercice de la profession n\u2019est pas pour aujourd\u2019hui\u201d - Le Patriote\",\"isPartOf\":{\"@id\":\"https:\\\/\\\/lepatriotebenin.com\\\/#website\"},\"primaryImageOfPage\":{\"@id\":\"https:\\\/\\\/lepatriotebenin.com\\\/index.php\\\/2024\\\/05\\\/10\\\/pere-aguenounon-a-propos-du-journalisme-le-changement-notable-dans-lexercice-de-la-profession-nest-pas-pour-aujourdhui\\\/#primaryimage\"},\"image\":{\"@id\":\"https:\\\/\\\/lepatriotebenin.com\\\/index.php\\\/2024\\\/05\\\/10\\\/pere-aguenounon-a-propos-du-journalisme-le-changement-notable-dans-lexercice-de-la-profession-nest-pas-pour-aujourdhui\\\/#primaryimage\"},\"thumbnailUrl\":\"https:\\\/\\\/lepatriotebenin.com\\\/wp-content\\\/uploads\\\/2024\\\/04\\\/aguenounon-pere.jpg\",\"datePublished\":\"2024-05-10T10:17:26+00:00\",\"dateModified\":\"2024-05-10T10:17:27+00:00\",\"author\":{\"@id\":\"https:\\\/\\\/lepatriotebenin.com\\\/#\\\/schema\\\/person\\\/4a9b67216c97d04045e01405c534c91f\"},\"breadcrumb\":{\"@id\":\"https:\\\/\\\/lepatriotebenin.com\\\/index.php\\\/2024\\\/05\\\/10\\\/pere-aguenounon-a-propos-du-journalisme-le-changement-notable-dans-lexercice-de-la-profession-nest-pas-pour-aujourdhui\\\/#breadcrumb\"},\"inLanguage\":\"fr-FR\",\"potentialAction\":[{\"@type\":\"ReadAction\",\"target\":[\"https:\\\/\\\/lepatriotebenin.com\\\/index.php\\\/2024\\\/05\\\/10\\\/pere-aguenounon-a-propos-du-journalisme-le-changement-notable-dans-lexercice-de-la-profession-nest-pas-pour-aujourdhui\\\/\"]}]},{\"@type\":\"ImageObject\",\"inLanguage\":\"fr-FR\",\"@id\":\"https:\\\/\\\/lepatriotebenin.com\\\/index.php\\\/2024\\\/05\\\/10\\\/pere-aguenounon-a-propos-du-journalisme-le-changement-notable-dans-lexercice-de-la-profession-nest-pas-pour-aujourdhui\\\/#primaryimage\",\"url\":\"https:\\\/\\\/lepatriotebenin.com\\\/wp-content\\\/uploads\\\/2024\\\/04\\\/aguenounon-pere.jpg\",\"contentUrl\":\"https:\\\/\\\/lepatriotebenin.com\\\/wp-content\\\/uploads\\\/2024\\\/04\\\/aguenounon-pere.jpg\",\"width\":1200,\"height\":675},{\"@type\":\"BreadcrumbList\",\"@id\":\"https:\\\/\\\/lepatriotebenin.com\\\/index.php\\\/2024\\\/05\\\/10\\\/pere-aguenounon-a-propos-du-journalisme-le-changement-notable-dans-lexercice-de-la-profession-nest-pas-pour-aujourdhui\\\/#breadcrumb\",\"itemListElement\":[{\"@type\":\"ListItem\",\"position\":1,\"name\":\"Accueil\",\"item\":\"https:\\\/\\\/lepatriotebenin.com\\\/\"},{\"@type\":\"ListItem\",\"position\":2,\"name\":\"P\u00e8re Agu\u00e9nounon \u00e0 propos du journalisme : \u201c Le changement notable dans l\u2019exercice de la profession n\u2019est pas pour aujourd\u2019hui\u201d\"}]},{\"@type\":\"WebSite\",\"@id\":\"https:\\\/\\\/lepatriotebenin.com\\\/#website\",\"url\":\"https:\\\/\\\/lepatriotebenin.com\\\/\",\"name\":\"Le Patriote\",\"description\":\"Le Patriote B\u00e9nin\",\"potentialAction\":[{\"@type\":\"SearchAction\",\"target\":{\"@type\":\"EntryPoint\",\"urlTemplate\":\"https:\\\/\\\/lepatriotebenin.com\\\/?s={search_term_string}\"},\"query-input\":{\"@type\":\"PropertyValueSpecification\",\"valueRequired\":true,\"valueName\":\"search_term_string\"}}],\"inLanguage\":\"fr-FR\"},{\"@type\":\"Person\",\"@id\":\"https:\\\/\\\/lepatriotebenin.com\\\/#\\\/schema\\\/person\\\/4a9b67216c97d04045e01405c534c91f\",\"name\":\"Roland AFFANOU\",\"image\":{\"@type\":\"ImageObject\",\"inLanguage\":\"fr-FR\",\"@id\":\"https:\\\/\\\/secure.gravatar.com\\\/avatar\\\/7209d3f6d2d47ea4d0c67e14d3effb61feb10ae540a4381280c66265de5bd643?s=96&d=mm&r=g\",\"url\":\"https:\\\/\\\/secure.gravatar.com\\\/avatar\\\/7209d3f6d2d47ea4d0c67e14d3effb61feb10ae540a4381280c66265de5bd643?s=96&d=mm&r=g\",\"contentUrl\":\"https:\\\/\\\/secure.gravatar.com\\\/avatar\\\/7209d3f6d2d47ea4d0c67e14d3effb61feb10ae540a4381280c66265de5bd643?s=96&d=mm&r=g\",\"caption\":\"Roland AFFANOU\"},\"url\":\"https:\\\/\\\/lepatriotebenin.com\"}]}<\/script>\n<!-- \/ Yoast SEO plugin. -->","yoast_head_json":{"title":"P\u00e8re Agu\u00e9nounon \u00e0 propos du journalisme : \u201c Le changement notable dans l\u2019exercice de la profession n\u2019est pas pour aujourd\u2019hui\u201d - Le Patriote","robots":{"index":"index","follow":"follow","max-snippet":"max-snippet:-1","max-image-preview":"max-image-preview:large","max-video-preview":"max-video-preview:-1"},"canonical":"https:\/\/lepatriotebenin.com\/index.php\/2024\/05\/10\/pere-aguenounon-a-propos-du-journalisme-le-changement-notable-dans-lexercice-de-la-profession-nest-pas-pour-aujourdhui\/","og_locale":"fr_FR","og_type":"article","og_title":"P\u00e8re Agu\u00e9nounon \u00e0 propos du journalisme : \u201c Le changement notable dans l\u2019exercice de la profession n\u2019est pas pour aujourd\u2019hui\u201d - Le Patriote","og_description":"Le vendredi 3 mai 2024, les journalistes ont c\u00e9l\u00e9br\u00e9 la journ\u00e9e internationale de la libert\u00e9 de presse.&nbsp; Re\u00e7u le samedi 04 mai 2024 sur l\u2019\u00e9mission \u201cG\u00e9ostragie\u201d de la radio nationale&hellip;","og_url":"https:\/\/lepatriotebenin.com\/index.php\/2024\/05\/10\/pere-aguenounon-a-propos-du-journalisme-le-changement-notable-dans-lexercice-de-la-profession-nest-pas-pour-aujourdhui\/","og_site_name":"Le Patriote","article_published_time":"2024-05-10T10:17:26+00:00","article_modified_time":"2024-05-10T10:17:27+00:00","og_image":[{"width":1200,"height":675,"url":"https:\/\/lepatriotebenin.com\/wp-content\/uploads\/2024\/04\/aguenounon-pere.jpg","type":"image\/jpeg"}],"author":"Roland AFFANOU","twitter_card":"summary_large_image","twitter_misc":{"\u00c9crit par":"Roland AFFANOU","Dur\u00e9e de lecture estim\u00e9e":"5 minutes"},"schema":{"@context":"https:\/\/schema.org","@graph":[{"@type":"Article","@id":"https:\/\/lepatriotebenin.com\/index.php\/2024\/05\/10\/pere-aguenounon-a-propos-du-journalisme-le-changement-notable-dans-lexercice-de-la-profession-nest-pas-pour-aujourdhui\/#article","isPartOf":{"@id":"https:\/\/lepatriotebenin.com\/index.php\/2024\/05\/10\/pere-aguenounon-a-propos-du-journalisme-le-changement-notable-dans-lexercice-de-la-profession-nest-pas-pour-aujourdhui\/"},"author":{"name":"Roland AFFANOU","@id":"https:\/\/lepatriotebenin.com\/#\/schema\/person\/4a9b67216c97d04045e01405c534c91f"},"headline":"P\u00e8re Agu\u00e9nounon \u00e0 propos du journalisme : \u201c Le changement notable dans l\u2019exercice de la profession n\u2019est pas pour aujourd\u2019hui\u201d","datePublished":"2024-05-10T10:17:26+00:00","dateModified":"2024-05-10T10:17:27+00:00","mainEntityOfPage":{"@id":"https:\/\/lepatriotebenin.com\/index.php\/2024\/05\/10\/pere-aguenounon-a-propos-du-journalisme-le-changement-notable-dans-lexercice-de-la-profession-nest-pas-pour-aujourdhui\/"},"wordCount":1111,"commentCount":0,"image":{"@id":"https:\/\/lepatriotebenin.com\/index.php\/2024\/05\/10\/pere-aguenounon-a-propos-du-journalisme-le-changement-notable-dans-lexercice-de-la-profession-nest-pas-pour-aujourdhui\/#primaryimage"},"thumbnailUrl":"https:\/\/lepatriotebenin.com\/wp-content\/uploads\/2024\/04\/aguenounon-pere.jpg","articleSection":["Soci\u00e9t\u00e9"],"inLanguage":"fr-FR","potentialAction":[{"@type":"CommentAction","name":"Comment","target":["https:\/\/lepatriotebenin.com\/index.php\/2024\/05\/10\/pere-aguenounon-a-propos-du-journalisme-le-changement-notable-dans-lexercice-de-la-profession-nest-pas-pour-aujourdhui\/#respond"]}]},{"@type":"WebPage","@id":"https:\/\/lepatriotebenin.com\/index.php\/2024\/05\/10\/pere-aguenounon-a-propos-du-journalisme-le-changement-notable-dans-lexercice-de-la-profession-nest-pas-pour-aujourdhui\/","url":"https:\/\/lepatriotebenin.com\/index.php\/2024\/05\/10\/pere-aguenounon-a-propos-du-journalisme-le-changement-notable-dans-lexercice-de-la-profession-nest-pas-pour-aujourdhui\/","name":"P\u00e8re Agu\u00e9nounon \u00e0 propos du journalisme : \u201c Le changement notable dans l\u2019exercice de la profession n\u2019est pas pour aujourd\u2019hui\u201d - Le Patriote","isPartOf":{"@id":"https:\/\/lepatriotebenin.com\/#website"},"primaryImageOfPage":{"@id":"https:\/\/lepatriotebenin.com\/index.php\/2024\/05\/10\/pere-aguenounon-a-propos-du-journalisme-le-changement-notable-dans-lexercice-de-la-profession-nest-pas-pour-aujourdhui\/#primaryimage"},"image":{"@id":"https:\/\/lepatriotebenin.com\/index.php\/2024\/05\/10\/pere-aguenounon-a-propos-du-journalisme-le-changement-notable-dans-lexercice-de-la-profession-nest-pas-pour-aujourdhui\/#primaryimage"},"thumbnailUrl":"https:\/\/lepatriotebenin.com\/wp-content\/uploads\/2024\/04\/aguenounon-pere.jpg","datePublished":"2024-05-10T10:17:26+00:00","dateModified":"2024-05-10T10:17:27+00:00","author":{"@id":"https:\/\/lepatriotebenin.com\/#\/schema\/person\/4a9b67216c97d04045e01405c534c91f"},"breadcrumb":{"@id":"https:\/\/lepatriotebenin.com\/index.php\/2024\/05\/10\/pere-aguenounon-a-propos-du-journalisme-le-changement-notable-dans-lexercice-de-la-profession-nest-pas-pour-aujourdhui\/#breadcrumb"},"inLanguage":"fr-FR","potentialAction":[{"@type":"ReadAction","target":["https:\/\/lepatriotebenin.com\/index.php\/2024\/05\/10\/pere-aguenounon-a-propos-du-journalisme-le-changement-notable-dans-lexercice-de-la-profession-nest-pas-pour-aujourdhui\/"]}]},{"@type":"ImageObject","inLanguage":"fr-FR","@id":"https:\/\/lepatriotebenin.com\/index.php\/2024\/05\/10\/pere-aguenounon-a-propos-du-journalisme-le-changement-notable-dans-lexercice-de-la-profession-nest-pas-pour-aujourdhui\/#primaryimage","url":"https:\/\/lepatriotebenin.com\/wp-content\/uploads\/2024\/04\/aguenounon-pere.jpg","contentUrl":"https:\/\/lepatriotebenin.com\/wp-content\/uploads\/2024\/04\/aguenounon-pere.jpg","width":1200,"height":675},{"@type":"BreadcrumbList","@id":"https:\/\/lepatriotebenin.com\/index.php\/2024\/05\/10\/pere-aguenounon-a-propos-du-journalisme-le-changement-notable-dans-lexercice-de-la-profession-nest-pas-pour-aujourdhui\/#breadcrumb","itemListElement":[{"@type":"ListItem","position":1,"name":"Accueil","item":"https:\/\/lepatriotebenin.com\/"},{"@type":"ListItem","position":2,"name":"P\u00e8re Agu\u00e9nounon \u00e0 propos du journalisme : \u201c Le changement notable dans l\u2019exercice de la profession n\u2019est pas pour aujourd\u2019hui\u201d"}]},{"@type":"WebSite","@id":"https:\/\/lepatriotebenin.com\/#website","url":"https:\/\/lepatriotebenin.com\/","name":"Le Patriote","description":"Le Patriote B\u00e9nin","potentialAction":[{"@type":"SearchAction","target":{"@type":"EntryPoint","urlTemplate":"https:\/\/lepatriotebenin.com\/?s={search_term_string}"},"query-input":{"@type":"PropertyValueSpecification","valueRequired":true,"valueName":"search_term_string"}}],"inLanguage":"fr-FR"},{"@type":"Person","@id":"https:\/\/lepatriotebenin.com\/#\/schema\/person\/4a9b67216c97d04045e01405c534c91f","name":"Roland AFFANOU","image":{"@type":"ImageObject","inLanguage":"fr-FR","@id":"https:\/\/secure.gravatar.com\/avatar\/7209d3f6d2d47ea4d0c67e14d3effb61feb10ae540a4381280c66265de5bd643?s=96&d=mm&r=g","url":"https:\/\/secure.gravatar.com\/avatar\/7209d3f6d2d47ea4d0c67e14d3effb61feb10ae540a4381280c66265de5bd643?s=96&d=mm&r=g","contentUrl":"https:\/\/secure.gravatar.com\/avatar\/7209d3f6d2d47ea4d0c67e14d3effb61feb10ae540a4381280c66265de5bd643?s=96&d=mm&r=g","caption":"Roland AFFANOU"},"url":"https:\/\/lepatriotebenin.com"}]}},"_links":{"self":[{"href":"https:\/\/lepatriotebenin.com\/index.php\/wp-json\/wp\/v2\/posts\/4909","targetHints":{"allow":["GET"]}}],"collection":[{"href":"https:\/\/lepatriotebenin.com\/index.php\/wp-json\/wp\/v2\/posts"}],"about":[{"href":"https:\/\/lepatriotebenin.com\/index.php\/wp-json\/wp\/v2\/types\/post"}],"author":[{"embeddable":true,"href":"https:\/\/lepatriotebenin.com\/index.php\/wp-json\/wp\/v2\/users\/6"}],"replies":[{"embeddable":true,"href":"https:\/\/lepatriotebenin.com\/index.php\/wp-json\/wp\/v2\/comments?post=4909"}],"version-history":[{"count":1,"href":"https:\/\/lepatriotebenin.com\/index.php\/wp-json\/wp\/v2\/posts\/4909\/revisions"}],"predecessor-version":[{"id":4910,"href":"https:\/\/lepatriotebenin.com\/index.php\/wp-json\/wp\/v2\/posts\/4909\/revisions\/4910"}],"wp:featuredmedia":[{"embeddable":true,"href":"https:\/\/lepatriotebenin.com\/index.php\/wp-json\/wp\/v2\/media\/4653"}],"wp:attachment":[{"href":"https:\/\/lepatriotebenin.com\/index.php\/wp-json\/wp\/v2\/media?parent=4909"}],"wp:term":[{"taxonomy":"category","embeddable":true,"href":"https:\/\/lepatriotebenin.com\/index.php\/wp-json\/wp\/v2\/categories?post=4909"},{"taxonomy":"post_tag","embeddable":true,"href":"https:\/\/lepatriotebenin.com\/index.php\/wp-json\/wp\/v2\/tags?post=4909"}],"curies":[{"name":"wp","href":"https:\/\/api.w.org\/{rel}","templated":true}]}}