{"id":4900,"date":"2024-05-09T16:46:29","date_gmt":"2024-05-09T14:46:29","guid":{"rendered":"https:\/\/lepatriotebenin.com\/?p=4900"},"modified":"2024-05-09T16:46:30","modified_gmt":"2024-05-09T14:46:30","slug":"crise-benin-niger-richard-boni-ouorou-favorable-a-tout-dialogue-visant-a-la-reouverture-des-frontieres","status":"publish","type":"post","link":"https:\/\/lepatriotebenin.com\/index.php\/2024\/05\/09\/crise-benin-niger-richard-boni-ouorou-favorable-a-tout-dialogue-visant-a-la-reouverture-des-frontieres\/","title":{"rendered":"Crise B\u00e9nin- Niger : Richard Boni Ouorou favorable\u00a0 \u00e0 tout dialogue visant \u00e0 la r\u00e9ouverture des fronti\u00e8res"},"content":{"rendered":"\n<p><strong><em>La d\u00e9cision du gouvernement de bloquer l&#8217;embarquement du p\u00e9trole nig\u00e9rien vers S\u00e8m\u00e8 dans le cadre du projet Pipeline Niger-Benin est salu\u00e9e voire soutenue par certains acteurs politiques de la soci\u00e9t\u00e9 civile \u00e0 l&rsquo;instar de Richard Boni Ouorou. Dans une r\u00e9cente publication qu&rsquo;il a faite, le pr\u00e9sident du parti Le Lib\u00e9ral&nbsp; politique \u00e0 exprimer son soutien total au pr\u00e9sident Patrice Talon et a lanc\u00e9 un appel de r\u00e9conciliation entre les deux parties.<\/em><\/strong><\/p>\n\n\n\n<p>Mes chers compatriotes,<\/p>\n\n\n\n<p>Avec un c\u0153ur rempli de patriotisme et une d\u00e9votion in\u00e9branlable pour notre cher B\u00e9nin, je m&rsquo;adresse \u00e0 vous aujourd&rsquo;hui en ces temps qui appellent \u00e0 la solidarit\u00e9 et \u00e0 une vision \u00e9clair\u00e9e pour l&rsquo;avenir de notre nation.<\/p>\n\n\n\n<p>Il est vrai que, par le pass\u00e9, nous avons exprim\u00e9 notre d\u00e9saccord face \u00e0 certaines d\u00e9cisions prises par le gouvernement actuel, notamment en ce qui concerne la gestion des questions r\u00e9gionales et la crise au Niger. Nous avons \u00e9t\u00e9 critiques, et avec raison, du choix de notre pr\u00e9sident, Patrice Talon, d&rsquo;intervenir, autoris\u00e9 certes par la CEDEAO, mais d&rsquo;une mani\u00e8re que nous jugerions alors trop ing\u00e9rence dans les affaires de notre voisin.<\/p>\n\n\n\n<p>Cependant, le temps de la confrontation doit c\u00e9der sa place \u00e0 celui de la r\u00e9conciliation. Le pr\u00e9sident Talon, reconnaissant ses erreurs, a pris l&rsquo;initiative de pr\u00e9senter des excuses publiques, un geste qui t\u00e9moigne d&rsquo;une volont\u00e9 de d\u00e9passement des clivages pour le bien commun de notre peuple.<\/p>\n\n\n\n<p>Aujourd&rsquo;hui, nous sommes \u00e0 un carrefour critique. Les \u00e9changes commerciaux entre le B\u00e9nin et le Niger, essentiels \u00e0 la subsistance de nombreuses familles de nos deux nations, sont menac\u00e9s. La persistance de la fermeture des fronti\u00e8res a des r\u00e9percussions d\u00e9vastatrices, et il est de notre devoir de rechercher activement des solutions pour all\u00e9ger les souffrances de nos concitoyens.<\/p>\n\n\n\n<p>Nous soutenons fermement les efforts du gouvernement b\u00e9ninois pour inciter le Niger \u00e0 rouvrir ses fronti\u00e8res et reprendre les \u00e9changes commerciaux vitaux. Bien que les actions initiales de fermeture de notre fronti\u00e8re soient imputables \u00e0 notre pr\u00e9sident, il est imp\u00e9ratif de ne pas s&rsquo;attarder sur les erreurs pass\u00e9es, mais plut\u00f4t de se concentrer sur l&rsquo;assistance \u00e0 nos citoyens qui font face \u00e0 la faillite en raison de cette situation prolong\u00e9e.<\/p>\n\n\n\n<p>Nous appelons le Niger \u00e0 rejoindre la table des n\u00e9gociations, non pas sous la contrainte, mais dans un esprit de collaboration et de compr\u00e9hension mutuelle. C&rsquo;est ensemble, en dialoguant et en respectant les droits et les besoins de chacun, que nous pourrons construire les fondements d&rsquo;un avenir prosp\u00e8re et harmonieux.<\/p>\n\n\n\n<p>A l&rsquo;approche de la fin de son mandat, nous exhortons notre Pr\u00e9sident, Patrice Talon, \u00e0 redoubler d&rsquo;efforts pour prendre des d\u00e9cisions sages et r\u00e9fl\u00e9chies, pour le bien de tous les B\u00e9ninois et de nos relations avec le Niger.<\/p>\n\n\n\n<p>Je vous assure, mes chers concitoyens, que l&rsquo;avenir de notre patrie et le bien-\u00eatre de chaque B\u00e9ninois restent au c\u0153ur de mes priorit\u00e9s. Ensemble, travaillons pour que la paix et la prosp\u00e9rit\u00e9 r\u00e8gnent entre nos nations, pour que l&rsquo;avenir soit une source d&rsquo;opportunit\u00e9s pour tous.<\/p>\n\n\n\n<p>Que la paix et la solidarit\u00e9 soient le socle de nos relations avec le Niger, nos voisins, nos amis.<\/p>\n\n\n\n<p>Vive le B\u00e9nin, vive la fraternit\u00e9 entre nos nations, et que l&rsquo;avenir nous apporte sagesse et prosp\u00e9rit\u00e9. Merci.<\/p>\n\n\n\n<p><strong>Boni Richard Ouorou<\/strong><\/p>\n\n\n\n<p><strong>Pr\u00e9sident Mouvement lib\u00e9ral B\u00e9nin<\/strong><\/p>\n","protected":false},"excerpt":{"rendered":"<p>La d\u00e9cision du gouvernement de bloquer l&#8217;embarquement du p\u00e9trole nig\u00e9rien vers S\u00e8m\u00e8 dans le cadre du projet Pipeline Niger-Benin est salu\u00e9e voire soutenue par certains acteurs politiques de la soci\u00e9t\u00e9&hellip;<\/p>\n","protected":false},"author":5,"featured_media":4901,"comment_status":"open","ping_status":"open","sticky":false,"template":"","format":"standard","meta":{"content-type":"","om_disable_all_campaigns":false,"_monsterinsights_skip_tracking":false,"_monsterinsights_sitenote_active":false,"_monsterinsights_sitenote_note":"","_monsterinsights_sitenote_category":0,"_uf_show_specific_survey":0,"_uf_disable_surveys":false,"footnotes":""},"categories":[9],"tags":[],"class_list":["post-4900","post","type-post","status-publish","format-standard","has-post-thumbnail","hentry","category-uncategorized"],"aioseo_notices":[],"yoast_head":"<!-- This site is optimized with the Yoast SEO plugin v27.5 - https:\/\/yoast.com\/product\/yoast-seo-wordpress\/ -->\n<title>Crise B\u00e9nin- Niger : Richard Boni Ouorou favorable\u00a0 \u00e0 tout dialogue visant \u00e0 la r\u00e9ouverture des fronti\u00e8res - Le Patriote<\/title>\n<meta name=\"robots\" content=\"index, follow, max-snippet:-1, max-image-preview:large, max-video-preview:-1\" \/>\n<link rel=\"canonical\" href=\"https:\/\/lepatriotebenin.com\/index.php\/2024\/05\/09\/crise-benin-niger-richard-boni-ouorou-favorable-a-tout-dialogue-visant-a-la-reouverture-des-frontieres\/\" \/>\n<meta property=\"og:locale\" content=\"fr_FR\" \/>\n<meta property=\"og:type\" content=\"article\" \/>\n<meta property=\"og:title\" content=\"Crise B\u00e9nin- Niger : Richard Boni Ouorou favorable\u00a0 \u00e0 tout dialogue visant \u00e0 la r\u00e9ouverture des fronti\u00e8res - Le Patriote\" \/>\n<meta property=\"og:description\" content=\"La d\u00e9cision du gouvernement de bloquer l&#8217;embarquement du p\u00e9trole nig\u00e9rien vers S\u00e8m\u00e8 dans le cadre du projet Pipeline Niger-Benin est salu\u00e9e voire soutenue par certains acteurs politiques de la soci\u00e9t\u00e9&hellip;\" \/>\n<meta property=\"og:url\" content=\"https:\/\/lepatriotebenin.com\/index.php\/2024\/05\/09\/crise-benin-niger-richard-boni-ouorou-favorable-a-tout-dialogue-visant-a-la-reouverture-des-frontieres\/\" \/>\n<meta property=\"og:site_name\" content=\"Le Patriote\" \/>\n<meta property=\"article:published_time\" content=\"2024-05-09T14:46:29+00:00\" \/>\n<meta property=\"article:modified_time\" content=\"2024-05-09T14:46:30+00:00\" \/>\n<meta property=\"og:image\" content=\"https:\/\/lepatriotebenin.com\/wp-content\/uploads\/2024\/05\/boni-ouorou-1.jpg\" \/>\n\t<meta property=\"og:image:width\" content=\"2048\" \/>\n\t<meta property=\"og:image:height\" content=\"1366\" \/>\n\t<meta property=\"og:image:type\" content=\"image\/jpeg\" \/>\n<meta name=\"author\" content=\"Redaction\" \/>\n<meta name=\"twitter:card\" content=\"summary_large_image\" \/>\n<meta name=\"twitter:label1\" content=\"\u00c9crit par\" \/>\n\t<meta name=\"twitter:data1\" content=\"Redaction\" \/>\n\t<meta name=\"twitter:label2\" content=\"Dur\u00e9e de lecture estim\u00e9e\" \/>\n\t<meta name=\"twitter:data2\" content=\"3 minutes\" \/>\n<script type=\"application\/ld+json\" class=\"yoast-schema-graph\">{\"@context\":\"https:\\\/\\\/schema.org\",\"@graph\":[{\"@type\":\"Article\",\"@id\":\"https:\\\/\\\/lepatriotebenin.com\\\/index.php\\\/2024\\\/05\\\/09\\\/crise-benin-niger-richard-boni-ouorou-favorable-a-tout-dialogue-visant-a-la-reouverture-des-frontieres\\\/#article\",\"isPartOf\":{\"@id\":\"https:\\\/\\\/lepatriotebenin.com\\\/index.php\\\/2024\\\/05\\\/09\\\/crise-benin-niger-richard-boni-ouorou-favorable-a-tout-dialogue-visant-a-la-reouverture-des-frontieres\\\/\"},\"author\":{\"name\":\"Redaction\",\"@id\":\"https:\\\/\\\/lepatriotebenin.com\\\/#\\\/schema\\\/person\\\/2e7709b9c9cc313e452d1136af61690f\"},\"headline\":\"Crise B\u00e9nin- Niger : Richard Boni Ouorou favorable\u00a0 \u00e0 tout dialogue visant \u00e0 la r\u00e9ouverture des fronti\u00e8res\",\"datePublished\":\"2024-05-09T14:46:29+00:00\",\"dateModified\":\"2024-05-09T14:46:30+00:00\",\"mainEntityOfPage\":{\"@id\":\"https:\\\/\\\/lepatriotebenin.com\\\/index.php\\\/2024\\\/05\\\/09\\\/crise-benin-niger-richard-boni-ouorou-favorable-a-tout-dialogue-visant-a-la-reouverture-des-frontieres\\\/\"},\"wordCount\":619,\"commentCount\":0,\"image\":{\"@id\":\"https:\\\/\\\/lepatriotebenin.com\\\/index.php\\\/2024\\\/05\\\/09\\\/crise-benin-niger-richard-boni-ouorou-favorable-a-tout-dialogue-visant-a-la-reouverture-des-frontieres\\\/#primaryimage\"},\"thumbnailUrl\":\"https:\\\/\\\/lepatriotebenin.com\\\/wp-content\\\/uploads\\\/2024\\\/05\\\/boni-ouorou-1.jpg\",\"articleSection\":[\"Uncategorized\"],\"inLanguage\":\"fr-FR\",\"potentialAction\":[{\"@type\":\"CommentAction\",\"name\":\"Comment\",\"target\":[\"https:\\\/\\\/lepatriotebenin.com\\\/index.php\\\/2024\\\/05\\\/09\\\/crise-benin-niger-richard-boni-ouorou-favorable-a-tout-dialogue-visant-a-la-reouverture-des-frontieres\\\/#respond\"]}]},{\"@type\":\"WebPage\",\"@id\":\"https:\\\/\\\/lepatriotebenin.com\\\/index.php\\\/2024\\\/05\\\/09\\\/crise-benin-niger-richard-boni-ouorou-favorable-a-tout-dialogue-visant-a-la-reouverture-des-frontieres\\\/\",\"url\":\"https:\\\/\\\/lepatriotebenin.com\\\/index.php\\\/2024\\\/05\\\/09\\\/crise-benin-niger-richard-boni-ouorou-favorable-a-tout-dialogue-visant-a-la-reouverture-des-frontieres\\\/\",\"name\":\"Crise B\u00e9nin- Niger : Richard Boni Ouorou favorable\u00a0 \u00e0 tout dialogue visant \u00e0 la r\u00e9ouverture des fronti\u00e8res - Le Patriote\",\"isPartOf\":{\"@id\":\"https:\\\/\\\/lepatriotebenin.com\\\/#website\"},\"primaryImageOfPage\":{\"@id\":\"https:\\\/\\\/lepatriotebenin.com\\\/index.php\\\/2024\\\/05\\\/09\\\/crise-benin-niger-richard-boni-ouorou-favorable-a-tout-dialogue-visant-a-la-reouverture-des-frontieres\\\/#primaryimage\"},\"image\":{\"@id\":\"https:\\\/\\\/lepatriotebenin.com\\\/index.php\\\/2024\\\/05\\\/09\\\/crise-benin-niger-richard-boni-ouorou-favorable-a-tout-dialogue-visant-a-la-reouverture-des-frontieres\\\/#primaryimage\"},\"thumbnailUrl\":\"https:\\\/\\\/lepatriotebenin.com\\\/wp-content\\\/uploads\\\/2024\\\/05\\\/boni-ouorou-1.jpg\",\"datePublished\":\"2024-05-09T14:46:29+00:00\",\"dateModified\":\"2024-05-09T14:46:30+00:00\",\"author\":{\"@id\":\"https:\\\/\\\/lepatriotebenin.com\\\/#\\\/schema\\\/person\\\/2e7709b9c9cc313e452d1136af61690f\"},\"breadcrumb\":{\"@id\":\"https:\\\/\\\/lepatriotebenin.com\\\/index.php\\\/2024\\\/05\\\/09\\\/crise-benin-niger-richard-boni-ouorou-favorable-a-tout-dialogue-visant-a-la-reouverture-des-frontieres\\\/#breadcrumb\"},\"inLanguage\":\"fr-FR\",\"potentialAction\":[{\"@type\":\"ReadAction\",\"target\":[\"https:\\\/\\\/lepatriotebenin.com\\\/index.php\\\/2024\\\/05\\\/09\\\/crise-benin-niger-richard-boni-ouorou-favorable-a-tout-dialogue-visant-a-la-reouverture-des-frontieres\\\/\"]}]},{\"@type\":\"ImageObject\",\"inLanguage\":\"fr-FR\",\"@id\":\"https:\\\/\\\/lepatriotebenin.com\\\/index.php\\\/2024\\\/05\\\/09\\\/crise-benin-niger-richard-boni-ouorou-favorable-a-tout-dialogue-visant-a-la-reouverture-des-frontieres\\\/#primaryimage\",\"url\":\"https:\\\/\\\/lepatriotebenin.com\\\/wp-content\\\/uploads\\\/2024\\\/05\\\/boni-ouorou-1.jpg\",\"contentUrl\":\"https:\\\/\\\/lepatriotebenin.com\\\/wp-content\\\/uploads\\\/2024\\\/05\\\/boni-ouorou-1.jpg\",\"width\":2048,\"height\":1366},{\"@type\":\"BreadcrumbList\",\"@id\":\"https:\\\/\\\/lepatriotebenin.com\\\/index.php\\\/2024\\\/05\\\/09\\\/crise-benin-niger-richard-boni-ouorou-favorable-a-tout-dialogue-visant-a-la-reouverture-des-frontieres\\\/#breadcrumb\",\"itemListElement\":[{\"@type\":\"ListItem\",\"position\":1,\"name\":\"Accueil\",\"item\":\"https:\\\/\\\/lepatriotebenin.com\\\/\"},{\"@type\":\"ListItem\",\"position\":2,\"name\":\"Crise B\u00e9nin- Niger : Richard Boni Ouorou favorable\u00a0 \u00e0 tout dialogue visant \u00e0 la r\u00e9ouverture des fronti\u00e8res\"}]},{\"@type\":\"WebSite\",\"@id\":\"https:\\\/\\\/lepatriotebenin.com\\\/#website\",\"url\":\"https:\\\/\\\/lepatriotebenin.com\\\/\",\"name\":\"Le Patriote\",\"description\":\"Le Patriote B\u00e9nin\",\"potentialAction\":[{\"@type\":\"SearchAction\",\"target\":{\"@type\":\"EntryPoint\",\"urlTemplate\":\"https:\\\/\\\/lepatriotebenin.com\\\/?s={search_term_string}\"},\"query-input\":{\"@type\":\"PropertyValueSpecification\",\"valueRequired\":true,\"valueName\":\"search_term_string\"}}],\"inLanguage\":\"fr-FR\"},{\"@type\":\"Person\",\"@id\":\"https:\\\/\\\/lepatriotebenin.com\\\/#\\\/schema\\\/person\\\/2e7709b9c9cc313e452d1136af61690f\",\"name\":\"Redaction\",\"image\":{\"@type\":\"ImageObject\",\"inLanguage\":\"fr-FR\",\"@id\":\"https:\\\/\\\/secure.gravatar.com\\\/avatar\\\/c4c509357859ea2ca2cbb6d8812898a73e4ef1ef9934c2e591d7e32face734d1?s=96&d=mm&r=g\",\"url\":\"https:\\\/\\\/secure.gravatar.com\\\/avatar\\\/c4c509357859ea2ca2cbb6d8812898a73e4ef1ef9934c2e591d7e32face734d1?s=96&d=mm&r=g\",\"contentUrl\":\"https:\\\/\\\/secure.gravatar.com\\\/avatar\\\/c4c509357859ea2ca2cbb6d8812898a73e4ef1ef9934c2e591d7e32face734d1?s=96&d=mm&r=g\",\"caption\":\"Redaction\"},\"url\":\"https:\\\/\\\/lepatriotebenin.com\"}]}<\/script>\n<!-- \/ Yoast SEO plugin. -->","yoast_head_json":{"title":"Crise B\u00e9nin- Niger : Richard Boni Ouorou favorable\u00a0 \u00e0 tout dialogue visant \u00e0 la r\u00e9ouverture des fronti\u00e8res - Le Patriote","robots":{"index":"index","follow":"follow","max-snippet":"max-snippet:-1","max-image-preview":"max-image-preview:large","max-video-preview":"max-video-preview:-1"},"canonical":"https:\/\/lepatriotebenin.com\/index.php\/2024\/05\/09\/crise-benin-niger-richard-boni-ouorou-favorable-a-tout-dialogue-visant-a-la-reouverture-des-frontieres\/","og_locale":"fr_FR","og_type":"article","og_title":"Crise B\u00e9nin- Niger : Richard Boni Ouorou favorable\u00a0 \u00e0 tout dialogue visant \u00e0 la r\u00e9ouverture des fronti\u00e8res - Le Patriote","og_description":"La d\u00e9cision du gouvernement de bloquer l&#8217;embarquement du p\u00e9trole nig\u00e9rien vers S\u00e8m\u00e8 dans le cadre du projet Pipeline Niger-Benin est salu\u00e9e voire soutenue par certains acteurs politiques de la soci\u00e9t\u00e9&hellip;","og_url":"https:\/\/lepatriotebenin.com\/index.php\/2024\/05\/09\/crise-benin-niger-richard-boni-ouorou-favorable-a-tout-dialogue-visant-a-la-reouverture-des-frontieres\/","og_site_name":"Le Patriote","article_published_time":"2024-05-09T14:46:29+00:00","article_modified_time":"2024-05-09T14:46:30+00:00","og_image":[{"width":2048,"height":1366,"url":"https:\/\/lepatriotebenin.com\/wp-content\/uploads\/2024\/05\/boni-ouorou-1.jpg","type":"image\/jpeg"}],"author":"Redaction","twitter_card":"summary_large_image","twitter_misc":{"\u00c9crit par":"Redaction","Dur\u00e9e de lecture estim\u00e9e":"3 minutes"},"schema":{"@context":"https:\/\/schema.org","@graph":[{"@type":"Article","@id":"https:\/\/lepatriotebenin.com\/index.php\/2024\/05\/09\/crise-benin-niger-richard-boni-ouorou-favorable-a-tout-dialogue-visant-a-la-reouverture-des-frontieres\/#article","isPartOf":{"@id":"https:\/\/lepatriotebenin.com\/index.php\/2024\/05\/09\/crise-benin-niger-richard-boni-ouorou-favorable-a-tout-dialogue-visant-a-la-reouverture-des-frontieres\/"},"author":{"name":"Redaction","@id":"https:\/\/lepatriotebenin.com\/#\/schema\/person\/2e7709b9c9cc313e452d1136af61690f"},"headline":"Crise B\u00e9nin- Niger : Richard Boni Ouorou favorable\u00a0 \u00e0 tout dialogue visant \u00e0 la r\u00e9ouverture des fronti\u00e8res","datePublished":"2024-05-09T14:46:29+00:00","dateModified":"2024-05-09T14:46:30+00:00","mainEntityOfPage":{"@id":"https:\/\/lepatriotebenin.com\/index.php\/2024\/05\/09\/crise-benin-niger-richard-boni-ouorou-favorable-a-tout-dialogue-visant-a-la-reouverture-des-frontieres\/"},"wordCount":619,"commentCount":0,"image":{"@id":"https:\/\/lepatriotebenin.com\/index.php\/2024\/05\/09\/crise-benin-niger-richard-boni-ouorou-favorable-a-tout-dialogue-visant-a-la-reouverture-des-frontieres\/#primaryimage"},"thumbnailUrl":"https:\/\/lepatriotebenin.com\/wp-content\/uploads\/2024\/05\/boni-ouorou-1.jpg","articleSection":["Uncategorized"],"inLanguage":"fr-FR","potentialAction":[{"@type":"CommentAction","name":"Comment","target":["https:\/\/lepatriotebenin.com\/index.php\/2024\/05\/09\/crise-benin-niger-richard-boni-ouorou-favorable-a-tout-dialogue-visant-a-la-reouverture-des-frontieres\/#respond"]}]},{"@type":"WebPage","@id":"https:\/\/lepatriotebenin.com\/index.php\/2024\/05\/09\/crise-benin-niger-richard-boni-ouorou-favorable-a-tout-dialogue-visant-a-la-reouverture-des-frontieres\/","url":"https:\/\/lepatriotebenin.com\/index.php\/2024\/05\/09\/crise-benin-niger-richard-boni-ouorou-favorable-a-tout-dialogue-visant-a-la-reouverture-des-frontieres\/","name":"Crise B\u00e9nin- Niger : Richard Boni Ouorou favorable\u00a0 \u00e0 tout dialogue visant \u00e0 la r\u00e9ouverture des fronti\u00e8res - Le Patriote","isPartOf":{"@id":"https:\/\/lepatriotebenin.com\/#website"},"primaryImageOfPage":{"@id":"https:\/\/lepatriotebenin.com\/index.php\/2024\/05\/09\/crise-benin-niger-richard-boni-ouorou-favorable-a-tout-dialogue-visant-a-la-reouverture-des-frontieres\/#primaryimage"},"image":{"@id":"https:\/\/lepatriotebenin.com\/index.php\/2024\/05\/09\/crise-benin-niger-richard-boni-ouorou-favorable-a-tout-dialogue-visant-a-la-reouverture-des-frontieres\/#primaryimage"},"thumbnailUrl":"https:\/\/lepatriotebenin.com\/wp-content\/uploads\/2024\/05\/boni-ouorou-1.jpg","datePublished":"2024-05-09T14:46:29+00:00","dateModified":"2024-05-09T14:46:30+00:00","author":{"@id":"https:\/\/lepatriotebenin.com\/#\/schema\/person\/2e7709b9c9cc313e452d1136af61690f"},"breadcrumb":{"@id":"https:\/\/lepatriotebenin.com\/index.php\/2024\/05\/09\/crise-benin-niger-richard-boni-ouorou-favorable-a-tout-dialogue-visant-a-la-reouverture-des-frontieres\/#breadcrumb"},"inLanguage":"fr-FR","potentialAction":[{"@type":"ReadAction","target":["https:\/\/lepatriotebenin.com\/index.php\/2024\/05\/09\/crise-benin-niger-richard-boni-ouorou-favorable-a-tout-dialogue-visant-a-la-reouverture-des-frontieres\/"]}]},{"@type":"ImageObject","inLanguage":"fr-FR","@id":"https:\/\/lepatriotebenin.com\/index.php\/2024\/05\/09\/crise-benin-niger-richard-boni-ouorou-favorable-a-tout-dialogue-visant-a-la-reouverture-des-frontieres\/#primaryimage","url":"https:\/\/lepatriotebenin.com\/wp-content\/uploads\/2024\/05\/boni-ouorou-1.jpg","contentUrl":"https:\/\/lepatriotebenin.com\/wp-content\/uploads\/2024\/05\/boni-ouorou-1.jpg","width":2048,"height":1366},{"@type":"BreadcrumbList","@id":"https:\/\/lepatriotebenin.com\/index.php\/2024\/05\/09\/crise-benin-niger-richard-boni-ouorou-favorable-a-tout-dialogue-visant-a-la-reouverture-des-frontieres\/#breadcrumb","itemListElement":[{"@type":"ListItem","position":1,"name":"Accueil","item":"https:\/\/lepatriotebenin.com\/"},{"@type":"ListItem","position":2,"name":"Crise B\u00e9nin- Niger : Richard Boni Ouorou favorable\u00a0 \u00e0 tout dialogue visant \u00e0 la r\u00e9ouverture des fronti\u00e8res"}]},{"@type":"WebSite","@id":"https:\/\/lepatriotebenin.com\/#website","url":"https:\/\/lepatriotebenin.com\/","name":"Le Patriote","description":"Le Patriote B\u00e9nin","potentialAction":[{"@type":"SearchAction","target":{"@type":"EntryPoint","urlTemplate":"https:\/\/lepatriotebenin.com\/?s={search_term_string}"},"query-input":{"@type":"PropertyValueSpecification","valueRequired":true,"valueName":"search_term_string"}}],"inLanguage":"fr-FR"},{"@type":"Person","@id":"https:\/\/lepatriotebenin.com\/#\/schema\/person\/2e7709b9c9cc313e452d1136af61690f","name":"Redaction","image":{"@type":"ImageObject","inLanguage":"fr-FR","@id":"https:\/\/secure.gravatar.com\/avatar\/c4c509357859ea2ca2cbb6d8812898a73e4ef1ef9934c2e591d7e32face734d1?s=96&d=mm&r=g","url":"https:\/\/secure.gravatar.com\/avatar\/c4c509357859ea2ca2cbb6d8812898a73e4ef1ef9934c2e591d7e32face734d1?s=96&d=mm&r=g","contentUrl":"https:\/\/secure.gravatar.com\/avatar\/c4c509357859ea2ca2cbb6d8812898a73e4ef1ef9934c2e591d7e32face734d1?s=96&d=mm&r=g","caption":"Redaction"},"url":"https:\/\/lepatriotebenin.com"}]}},"_links":{"self":[{"href":"https:\/\/lepatriotebenin.com\/index.php\/wp-json\/wp\/v2\/posts\/4900","targetHints":{"allow":["GET"]}}],"collection":[{"href":"https:\/\/lepatriotebenin.com\/index.php\/wp-json\/wp\/v2\/posts"}],"about":[{"href":"https:\/\/lepatriotebenin.com\/index.php\/wp-json\/wp\/v2\/types\/post"}],"author":[{"embeddable":true,"href":"https:\/\/lepatriotebenin.com\/index.php\/wp-json\/wp\/v2\/users\/5"}],"replies":[{"embeddable":true,"href":"https:\/\/lepatriotebenin.com\/index.php\/wp-json\/wp\/v2\/comments?post=4900"}],"version-history":[{"count":1,"href":"https:\/\/lepatriotebenin.com\/index.php\/wp-json\/wp\/v2\/posts\/4900\/revisions"}],"predecessor-version":[{"id":4902,"href":"https:\/\/lepatriotebenin.com\/index.php\/wp-json\/wp\/v2\/posts\/4900\/revisions\/4902"}],"wp:featuredmedia":[{"embeddable":true,"href":"https:\/\/lepatriotebenin.com\/index.php\/wp-json\/wp\/v2\/media\/4901"}],"wp:attachment":[{"href":"https:\/\/lepatriotebenin.com\/index.php\/wp-json\/wp\/v2\/media?parent=4900"}],"wp:term":[{"taxonomy":"category","embeddable":true,"href":"https:\/\/lepatriotebenin.com\/index.php\/wp-json\/wp\/v2\/categories?post=4900"},{"taxonomy":"post_tag","embeddable":true,"href":"https:\/\/lepatriotebenin.com\/index.php\/wp-json\/wp\/v2\/tags?post=4900"}],"curies":[{"name":"wp","href":"https:\/\/api.w.org\/{rel}","templated":true}]}}