{"id":3971,"date":"2024-03-22T12:56:32","date_gmt":"2024-03-22T11:56:32","guid":{"rendered":"https:\/\/lepatriotebenin.com\/?p=3971"},"modified":"2024-03-22T12:56:34","modified_gmt":"2024-03-22T11:56:34","slug":"saka-fikara-le-plus-grand-mal-de-notre-pays-cest-djogbenou","status":"publish","type":"post","link":"https:\/\/lepatriotebenin.com\/index.php\/2024\/03\/22\/saka-fikara-le-plus-grand-mal-de-notre-pays-cest-djogbenou\/","title":{"rendered":"Saka Fikara\u00a0: \u00ab\u00a0Le plus grand mal de notre pays c\u2019est Djogb\u00e9nou\u00a0\u00bb"},"content":{"rendered":"\n<p><strong><em>Il fut un des acteurs de la conf\u00e9rence nationale de f\u00e9vrier 1990. Vingt quatre apr\u00e8s, Saka Fikara n\u2019a rien perdu de son engagement pour la d\u00e9mocratie et les droits de l\u2019homme qu\u2019il a d\u00e9fendus toute sa vie&nbsp; et en a pay\u00e9 le prix fort par un emprisonnement de plusieurs ann\u00e9es sous la r\u00e9volution. Aujourd\u2019hui, il assiste, m\u00e9dus\u00e9, \u00e0 sa d\u00e9molition et pour lui, le vrai auteur de cette d\u00e9molition n\u2019est que&nbsp; Joseph Djogb\u00e9nou<\/em><\/strong>.<\/p>\n\n\n\n<p>Toujours rest\u00e9 attach\u00e9 \u00e0 ses convictions de jeunesse. L\u2019ancien d\u00e9put\u00e9 Saka Fikara qui garde un tr\u00e8s bon souvenir de la conf\u00e9rence nationale affirme que cet \u00e9v\u00e8nement important de l\u2019histoire de notre pays a eu un impact majeur sur sa politique. Analysant son bilan, l\u2019ancien d\u00e9put\u00e9 de la 20\u00e8 circonscription \u00e9lectorale pense que tout s\u2019est bien pass\u00e9 jusqu\u2019en 2016 o\u00f9 un virage dangereux a \u00e9t\u00e9 op\u00e9r\u00e9. &nbsp;\u00ab Le bilan est globalement positif jusqu\u2019en 2016. A partir de cette ann\u00e9e, j\u2019ai commenc\u00e9 \u00e0 avoir des inqui\u00e9tudes&nbsp;\u00bb, nous a-t-il confi\u00e9. Et pour lui, l\u2019arriv\u00e9e de Joseph Djogb\u00e9nou \u00e0 la t\u00eate de la Cour Constitutionnelle a sonn\u00e9 le glas de la d\u00e9mocratie. \u00ab&nbsp;A vrai dire, lorsque Djogb\u00e9nou a \u00e9t\u00e9 \u00e9lu \u00e0 la t\u00eate de la Cour constitutionnelle hors norme du gouvernement, j\u2019ai dit que c\u2019est fini&nbsp;\u00bb, a-t-il fait remarquer. \u00ab&nbsp;En fait, le grand mal de notre pays aujourd\u2019hui a un nom c\u2019est Djogb\u00e9nou. C\u2019est Djogb\u00e9nou qui a imagin\u00e9 toute l\u2019architecture de destruction de notre d\u00e9mocratie. C\u2019est lui qui est responsable de la destruction de l\u2019Etat de droit. A ces diff\u00e9rents postes de d\u00e9put\u00e9, pr\u00e9sident de la Commission des lois \u00e0 l\u2019Assembl\u00e9e, de ministre de la justice et de Pr\u00e9sident de la Cour Constitutionnelle, c\u2019est lui qui a conseill\u00e9, propos\u00e9, ex\u00e9cut\u00e9 et valid\u00e9 toutes les d\u00e9cisions qui d\u00e9structur\u00e9 notre d\u00e9mocratie&nbsp;\u00bb, affirme le d\u00e9put\u00e9 Fikara sans ambages. Et d\u2019ajouter&nbsp;: \u00ab&nbsp;Dans toutes les dictatures,&nbsp; tant que le dictateur ne contr\u00f4le pas la justice, il y a encore de l\u2019espoir pour la d\u00e9mocratie et les libert\u00e9s peuvent esp\u00e9rer mais \u00e0 partir du moment o\u00f9 Djogb\u00e9nou a pris les r\u00eanes de la justice, il a d\u00e9truit le syst\u00e8me judiciaire. C\u2019est lui qui a valid\u00e9 la constitution de 2019. Cet homme nous a pris nos libert\u00e9s. Il faut le dire&nbsp;\u00bb.<\/p>\n\n\n\n<p>Mais l\u2019ancien d\u00e9put\u00e9 reconna\u00eet qu\u2019il n\u2019est pas le premier homme politique \u00e0 venir \u00e0 la t\u00eate de la Haute Juridiction. \u00ab&nbsp;D\u00e9j\u00e0, les premi\u00e8res inqui\u00e9tudes sont arriv\u00e9es quand avant lui, un pr\u00e9sident de parti politique(r\u00e9f \u00e0 Robert Dossou) \u00e9tait devenu pr\u00e9sident de la Cour constitutionnelle. Tout le monde avait eu peur sur son impartialit\u00e9. Tous les d\u00e9mocrates se sont inqui\u00e9t\u00e9s parce que mettre un pr\u00e9sident de parti politique \u00e0 la t\u00eate de la Cour constitutionnelle n\u2019\u00e9tait pas rassurant. Mais lui, il a fait son temps en respectant plus ou moins la constitution. Mais Djogb\u00e9nou lui s\u2019en est foutu de tout le monde. Il a pris le droit de gr\u00e8ve aux travailleurs&nbsp;\u00bb, d\u00e9plore l\u2019homme politique.<\/p>\n\n\n\n<p><strong>\u00ab&nbsp;Talon aurait pu \u00eatre un meilleur Pr\u00e9sident&nbsp;\u00bb<\/strong><\/p>\n\n\n\n<p>On a comme l\u2019impression que le pays n\u2019a pas de r\u00e9p\u00e8re.<\/p>\n\n\n\n<p>Revenant sur la gestion du pays par le pr\u00e9sident actuel, il affirme qu\u2019on a l\u2019impression que le pays a perdu tous ses rep\u00e8res et que les dirigeants actuels ne tiennent ni compte de l\u2019histoire, ni compte de la d\u00e9mocratie, ni compte des avanc\u00e9es obtenues par les anciens r\u00e9gimes. Il continue en disant que \u00ab&nbsp;Talon aurait pu \u00eatre un meilleur pr\u00e9sident s\u2019il avait respect\u00e9 la d\u00e9mocratie&nbsp;\u00bb et ajoutant que n\u2019\u00e9tant pas un acteur de la conf\u00e9rence nationale, \u00ab il aurait pu \u00eatre un vrai h\u00e9ritier de la conf\u00e9rence nationale et de la tradition d\u00e9mocratique n\u00e9e de cette conf\u00e9rence nationale&nbsp;\u00bb. Mais malheureusement, fustige-t-il&nbsp;: \u00ab&nbsp;ils se sont moqu\u00e9s de la conf\u00e9rence nationale. Ils ne comm\u00e9morent jamais les anniversaires de cette conf\u00e9rence. Ils en ont m\u00eame d\u00e9truit les symboles. Ils ont ras\u00e9 la maison de la conf\u00e9rence nationale. Certains parmi eux disent m\u00eame que la conf\u00e9rence nationale \u00e9tait une erreur. C\u2019est frustrant pour nous autres et pour ceux qui ont pris des risques comme moi pour que la conf\u00e9rence se tienne&nbsp;\u00bb avant de regretter&nbsp;: \u00ab&nbsp;Si je dois mourir dans ces conditions, j\u2019aurai pu dire que j\u2019ai v\u00e9cu inutile&nbsp;\u00bb. Il a aussi d\u00e9plor\u00e9 le r\u00f4le de l\u2019argent. \u00ab&nbsp;Dans un r\u00e9gime d\u00e9mocratique l\u2019argent joue un petit r\u00f4le car on en a besoin pour organiser des \u00e9lections. Le militantisme est le premier pilier d\u2019une d\u00e9mocratie. L\u2019argent ne peut pas \u00eatre le premier facteur d\u00e9terminant du syst\u00e8me partisan comme ce que nous voyons aujourd\u2019hui avec des leaders qui bombent le torse pour dire qu\u2019ils ont l\u2019argent. C\u2019est le militantisme que nous devons rechercher. L\u2019argent a d\u00e9truit notre pays, l\u2019argent a d\u00e9truit la d\u00e9mocratie. Il y a des gens qui viennent pour prendre de l\u2019argent. C\u2019est dommage&nbsp;\u00bb, a-t-il d\u00e9plor\u00e9. &nbsp;&nbsp;&nbsp;<\/p>\n","protected":false},"excerpt":{"rendered":"<p>Il fut un des acteurs de la conf\u00e9rence nationale de f\u00e9vrier 1990. Vingt quatre apr\u00e8s, Saka Fikara n\u2019a rien perdu de son engagement pour la d\u00e9mocratie et les droits de&hellip;<\/p>\n","protected":false},"author":2,"featured_media":3972,"comment_status":"open","ping_status":"open","sticky":false,"template":"","format":"standard","meta":{"content-type":"","om_disable_all_campaigns":false,"_monsterinsights_skip_tracking":false,"_monsterinsights_sitenote_active":false,"_monsterinsights_sitenote_note":"","_monsterinsights_sitenote_category":0,"_uf_show_specific_survey":0,"_uf_disable_surveys":false,"footnotes":""},"categories":[26],"tags":[],"class_list":["post-3971","post","type-post","status-publish","format-standard","has-post-thumbnail","hentry","category-politique"],"aioseo_notices":[],"yoast_head":"<!-- This site is optimized with the Yoast SEO plugin v27.5 - https:\/\/yoast.com\/product\/yoast-seo-wordpress\/ -->\n<title>Saka Fikara\u00a0: \u00ab\u00a0Le plus grand mal de notre pays c\u2019est Djogb\u00e9nou\u00a0\u00bb - Le Patriote<\/title>\n<meta name=\"robots\" content=\"index, follow, max-snippet:-1, max-image-preview:large, max-video-preview:-1\" \/>\n<link rel=\"canonical\" href=\"https:\/\/lepatriotebenin.com\/index.php\/2024\/03\/22\/saka-fikara-le-plus-grand-mal-de-notre-pays-cest-djogbenou\/\" \/>\n<meta property=\"og:locale\" content=\"fr_FR\" \/>\n<meta property=\"og:type\" content=\"article\" \/>\n<meta property=\"og:title\" content=\"Saka Fikara\u00a0: \u00ab\u00a0Le plus grand mal de notre pays c\u2019est Djogb\u00e9nou\u00a0\u00bb - Le Patriote\" \/>\n<meta property=\"og:description\" content=\"Il fut un des acteurs de la conf\u00e9rence nationale de f\u00e9vrier 1990. Vingt quatre apr\u00e8s, Saka Fikara n\u2019a rien perdu de son engagement pour la d\u00e9mocratie et les droits de&hellip;\" \/>\n<meta property=\"og:url\" content=\"https:\/\/lepatriotebenin.com\/index.php\/2024\/03\/22\/saka-fikara-le-plus-grand-mal-de-notre-pays-cest-djogbenou\/\" \/>\n<meta property=\"og:site_name\" content=\"Le Patriote\" \/>\n<meta property=\"article:published_time\" content=\"2024-03-22T11:56:32+00:00\" \/>\n<meta property=\"article:modified_time\" content=\"2024-03-22T11:56:34+00:00\" \/>\n<meta property=\"og:image\" content=\"https:\/\/lepatriotebenin.com\/wp-content\/uploads\/2024\/03\/fikara.jpg\" \/>\n\t<meta property=\"og:image:width\" content=\"204\" \/>\n\t<meta property=\"og:image:height\" content=\"208\" \/>\n\t<meta property=\"og:image:type\" content=\"image\/jpeg\" \/>\n<meta name=\"author\" content=\"Marcel ZOUMENOU\" \/>\n<meta name=\"twitter:card\" content=\"summary_large_image\" \/>\n<meta name=\"twitter:label1\" content=\"\u00c9crit par\" \/>\n\t<meta name=\"twitter:data1\" content=\"Marcel ZOUMENOU\" \/>\n\t<meta name=\"twitter:label2\" content=\"Dur\u00e9e de lecture estim\u00e9e\" \/>\n\t<meta name=\"twitter:data2\" content=\"4 minutes\" \/>\n<script type=\"application\/ld+json\" class=\"yoast-schema-graph\">{\"@context\":\"https:\\\/\\\/schema.org\",\"@graph\":[{\"@type\":\"Article\",\"@id\":\"https:\\\/\\\/lepatriotebenin.com\\\/index.php\\\/2024\\\/03\\\/22\\\/saka-fikara-le-plus-grand-mal-de-notre-pays-cest-djogbenou\\\/#article\",\"isPartOf\":{\"@id\":\"https:\\\/\\\/lepatriotebenin.com\\\/index.php\\\/2024\\\/03\\\/22\\\/saka-fikara-le-plus-grand-mal-de-notre-pays-cest-djogbenou\\\/\"},\"author\":{\"name\":\"Marcel ZOUMENOU\",\"@id\":\"https:\\\/\\\/lepatriotebenin.com\\\/#\\\/schema\\\/person\\\/bc185387219a73c6f2f8698114720c49\"},\"headline\":\"Saka Fikara\u00a0: \u00ab\u00a0Le plus grand mal de notre pays c\u2019est Djogb\u00e9nou\u00a0\u00bb\",\"datePublished\":\"2024-03-22T11:56:32+00:00\",\"dateModified\":\"2024-03-22T11:56:34+00:00\",\"mainEntityOfPage\":{\"@id\":\"https:\\\/\\\/lepatriotebenin.com\\\/index.php\\\/2024\\\/03\\\/22\\\/saka-fikara-le-plus-grand-mal-de-notre-pays-cest-djogbenou\\\/\"},\"wordCount\":958,\"commentCount\":0,\"image\":{\"@id\":\"https:\\\/\\\/lepatriotebenin.com\\\/index.php\\\/2024\\\/03\\\/22\\\/saka-fikara-le-plus-grand-mal-de-notre-pays-cest-djogbenou\\\/#primaryimage\"},\"thumbnailUrl\":\"https:\\\/\\\/lepatriotebenin.com\\\/wp-content\\\/uploads\\\/2024\\\/03\\\/fikara.jpg\",\"articleSection\":[\"Politique\"],\"inLanguage\":\"fr-FR\",\"potentialAction\":[{\"@type\":\"CommentAction\",\"name\":\"Comment\",\"target\":[\"https:\\\/\\\/lepatriotebenin.com\\\/index.php\\\/2024\\\/03\\\/22\\\/saka-fikara-le-plus-grand-mal-de-notre-pays-cest-djogbenou\\\/#respond\"]}]},{\"@type\":\"WebPage\",\"@id\":\"https:\\\/\\\/lepatriotebenin.com\\\/index.php\\\/2024\\\/03\\\/22\\\/saka-fikara-le-plus-grand-mal-de-notre-pays-cest-djogbenou\\\/\",\"url\":\"https:\\\/\\\/lepatriotebenin.com\\\/index.php\\\/2024\\\/03\\\/22\\\/saka-fikara-le-plus-grand-mal-de-notre-pays-cest-djogbenou\\\/\",\"name\":\"Saka Fikara\u00a0: \u00ab\u00a0Le plus grand mal de notre pays c\u2019est Djogb\u00e9nou\u00a0\u00bb - Le Patriote\",\"isPartOf\":{\"@id\":\"https:\\\/\\\/lepatriotebenin.com\\\/#website\"},\"primaryImageOfPage\":{\"@id\":\"https:\\\/\\\/lepatriotebenin.com\\\/index.php\\\/2024\\\/03\\\/22\\\/saka-fikara-le-plus-grand-mal-de-notre-pays-cest-djogbenou\\\/#primaryimage\"},\"image\":{\"@id\":\"https:\\\/\\\/lepatriotebenin.com\\\/index.php\\\/2024\\\/03\\\/22\\\/saka-fikara-le-plus-grand-mal-de-notre-pays-cest-djogbenou\\\/#primaryimage\"},\"thumbnailUrl\":\"https:\\\/\\\/lepatriotebenin.com\\\/wp-content\\\/uploads\\\/2024\\\/03\\\/fikara.jpg\",\"datePublished\":\"2024-03-22T11:56:32+00:00\",\"dateModified\":\"2024-03-22T11:56:34+00:00\",\"author\":{\"@id\":\"https:\\\/\\\/lepatriotebenin.com\\\/#\\\/schema\\\/person\\\/bc185387219a73c6f2f8698114720c49\"},\"breadcrumb\":{\"@id\":\"https:\\\/\\\/lepatriotebenin.com\\\/index.php\\\/2024\\\/03\\\/22\\\/saka-fikara-le-plus-grand-mal-de-notre-pays-cest-djogbenou\\\/#breadcrumb\"},\"inLanguage\":\"fr-FR\",\"potentialAction\":[{\"@type\":\"ReadAction\",\"target\":[\"https:\\\/\\\/lepatriotebenin.com\\\/index.php\\\/2024\\\/03\\\/22\\\/saka-fikara-le-plus-grand-mal-de-notre-pays-cest-djogbenou\\\/\"]}]},{\"@type\":\"ImageObject\",\"inLanguage\":\"fr-FR\",\"@id\":\"https:\\\/\\\/lepatriotebenin.com\\\/index.php\\\/2024\\\/03\\\/22\\\/saka-fikara-le-plus-grand-mal-de-notre-pays-cest-djogbenou\\\/#primaryimage\",\"url\":\"https:\\\/\\\/lepatriotebenin.com\\\/wp-content\\\/uploads\\\/2024\\\/03\\\/fikara.jpg\",\"contentUrl\":\"https:\\\/\\\/lepatriotebenin.com\\\/wp-content\\\/uploads\\\/2024\\\/03\\\/fikara.jpg\",\"width\":204,\"height\":208},{\"@type\":\"BreadcrumbList\",\"@id\":\"https:\\\/\\\/lepatriotebenin.com\\\/index.php\\\/2024\\\/03\\\/22\\\/saka-fikara-le-plus-grand-mal-de-notre-pays-cest-djogbenou\\\/#breadcrumb\",\"itemListElement\":[{\"@type\":\"ListItem\",\"position\":1,\"name\":\"Accueil\",\"item\":\"https:\\\/\\\/lepatriotebenin.com\\\/\"},{\"@type\":\"ListItem\",\"position\":2,\"name\":\"Saka Fikara\u00a0: \u00ab\u00a0Le plus grand mal de notre pays c\u2019est Djogb\u00e9nou\u00a0\u00bb\"}]},{\"@type\":\"WebSite\",\"@id\":\"https:\\\/\\\/lepatriotebenin.com\\\/#website\",\"url\":\"https:\\\/\\\/lepatriotebenin.com\\\/\",\"name\":\"Le Patriote\",\"description\":\"Le Patriote B\u00e9nin\",\"potentialAction\":[{\"@type\":\"SearchAction\",\"target\":{\"@type\":\"EntryPoint\",\"urlTemplate\":\"https:\\\/\\\/lepatriotebenin.com\\\/?s={search_term_string}\"},\"query-input\":{\"@type\":\"PropertyValueSpecification\",\"valueRequired\":true,\"valueName\":\"search_term_string\"}}],\"inLanguage\":\"fr-FR\"},{\"@type\":\"Person\",\"@id\":\"https:\\\/\\\/lepatriotebenin.com\\\/#\\\/schema\\\/person\\\/bc185387219a73c6f2f8698114720c49\",\"name\":\"Marcel ZOUMENOU\",\"image\":{\"@type\":\"ImageObject\",\"inLanguage\":\"fr-FR\",\"@id\":\"https:\\\/\\\/secure.gravatar.com\\\/avatar\\\/55e60188ee1ca2050a14675489f7856c575861edc734548164d100bdb6565472?s=96&d=mm&r=g\",\"url\":\"https:\\\/\\\/secure.gravatar.com\\\/avatar\\\/55e60188ee1ca2050a14675489f7856c575861edc734548164d100bdb6565472?s=96&d=mm&r=g\",\"contentUrl\":\"https:\\\/\\\/secure.gravatar.com\\\/avatar\\\/55e60188ee1ca2050a14675489f7856c575861edc734548164d100bdb6565472?s=96&d=mm&r=g\",\"caption\":\"Marcel ZOUMENOU\"},\"url\":\"https:\\\/\\\/lepatriotebenin.com\"}]}<\/script>\n<!-- \/ Yoast SEO plugin. -->","yoast_head_json":{"title":"Saka Fikara\u00a0: \u00ab\u00a0Le plus grand mal de notre pays c\u2019est Djogb\u00e9nou\u00a0\u00bb - Le Patriote","robots":{"index":"index","follow":"follow","max-snippet":"max-snippet:-1","max-image-preview":"max-image-preview:large","max-video-preview":"max-video-preview:-1"},"canonical":"https:\/\/lepatriotebenin.com\/index.php\/2024\/03\/22\/saka-fikara-le-plus-grand-mal-de-notre-pays-cest-djogbenou\/","og_locale":"fr_FR","og_type":"article","og_title":"Saka Fikara\u00a0: \u00ab\u00a0Le plus grand mal de notre pays c\u2019est Djogb\u00e9nou\u00a0\u00bb - Le Patriote","og_description":"Il fut un des acteurs de la conf\u00e9rence nationale de f\u00e9vrier 1990. Vingt quatre apr\u00e8s, Saka Fikara n\u2019a rien perdu de son engagement pour la d\u00e9mocratie et les droits de&hellip;","og_url":"https:\/\/lepatriotebenin.com\/index.php\/2024\/03\/22\/saka-fikara-le-plus-grand-mal-de-notre-pays-cest-djogbenou\/","og_site_name":"Le Patriote","article_published_time":"2024-03-22T11:56:32+00:00","article_modified_time":"2024-03-22T11:56:34+00:00","og_image":[{"width":204,"height":208,"url":"https:\/\/lepatriotebenin.com\/wp-content\/uploads\/2024\/03\/fikara.jpg","type":"image\/jpeg"}],"author":"Marcel ZOUMENOU","twitter_card":"summary_large_image","twitter_misc":{"\u00c9crit par":"Marcel ZOUMENOU","Dur\u00e9e de lecture estim\u00e9e":"4 minutes"},"schema":{"@context":"https:\/\/schema.org","@graph":[{"@type":"Article","@id":"https:\/\/lepatriotebenin.com\/index.php\/2024\/03\/22\/saka-fikara-le-plus-grand-mal-de-notre-pays-cest-djogbenou\/#article","isPartOf":{"@id":"https:\/\/lepatriotebenin.com\/index.php\/2024\/03\/22\/saka-fikara-le-plus-grand-mal-de-notre-pays-cest-djogbenou\/"},"author":{"name":"Marcel ZOUMENOU","@id":"https:\/\/lepatriotebenin.com\/#\/schema\/person\/bc185387219a73c6f2f8698114720c49"},"headline":"Saka Fikara\u00a0: \u00ab\u00a0Le plus grand mal de notre pays c\u2019est Djogb\u00e9nou\u00a0\u00bb","datePublished":"2024-03-22T11:56:32+00:00","dateModified":"2024-03-22T11:56:34+00:00","mainEntityOfPage":{"@id":"https:\/\/lepatriotebenin.com\/index.php\/2024\/03\/22\/saka-fikara-le-plus-grand-mal-de-notre-pays-cest-djogbenou\/"},"wordCount":958,"commentCount":0,"image":{"@id":"https:\/\/lepatriotebenin.com\/index.php\/2024\/03\/22\/saka-fikara-le-plus-grand-mal-de-notre-pays-cest-djogbenou\/#primaryimage"},"thumbnailUrl":"https:\/\/lepatriotebenin.com\/wp-content\/uploads\/2024\/03\/fikara.jpg","articleSection":["Politique"],"inLanguage":"fr-FR","potentialAction":[{"@type":"CommentAction","name":"Comment","target":["https:\/\/lepatriotebenin.com\/index.php\/2024\/03\/22\/saka-fikara-le-plus-grand-mal-de-notre-pays-cest-djogbenou\/#respond"]}]},{"@type":"WebPage","@id":"https:\/\/lepatriotebenin.com\/index.php\/2024\/03\/22\/saka-fikara-le-plus-grand-mal-de-notre-pays-cest-djogbenou\/","url":"https:\/\/lepatriotebenin.com\/index.php\/2024\/03\/22\/saka-fikara-le-plus-grand-mal-de-notre-pays-cest-djogbenou\/","name":"Saka Fikara\u00a0: \u00ab\u00a0Le plus grand mal de notre pays c\u2019est Djogb\u00e9nou\u00a0\u00bb - Le Patriote","isPartOf":{"@id":"https:\/\/lepatriotebenin.com\/#website"},"primaryImageOfPage":{"@id":"https:\/\/lepatriotebenin.com\/index.php\/2024\/03\/22\/saka-fikara-le-plus-grand-mal-de-notre-pays-cest-djogbenou\/#primaryimage"},"image":{"@id":"https:\/\/lepatriotebenin.com\/index.php\/2024\/03\/22\/saka-fikara-le-plus-grand-mal-de-notre-pays-cest-djogbenou\/#primaryimage"},"thumbnailUrl":"https:\/\/lepatriotebenin.com\/wp-content\/uploads\/2024\/03\/fikara.jpg","datePublished":"2024-03-22T11:56:32+00:00","dateModified":"2024-03-22T11:56:34+00:00","author":{"@id":"https:\/\/lepatriotebenin.com\/#\/schema\/person\/bc185387219a73c6f2f8698114720c49"},"breadcrumb":{"@id":"https:\/\/lepatriotebenin.com\/index.php\/2024\/03\/22\/saka-fikara-le-plus-grand-mal-de-notre-pays-cest-djogbenou\/#breadcrumb"},"inLanguage":"fr-FR","potentialAction":[{"@type":"ReadAction","target":["https:\/\/lepatriotebenin.com\/index.php\/2024\/03\/22\/saka-fikara-le-plus-grand-mal-de-notre-pays-cest-djogbenou\/"]}]},{"@type":"ImageObject","inLanguage":"fr-FR","@id":"https:\/\/lepatriotebenin.com\/index.php\/2024\/03\/22\/saka-fikara-le-plus-grand-mal-de-notre-pays-cest-djogbenou\/#primaryimage","url":"https:\/\/lepatriotebenin.com\/wp-content\/uploads\/2024\/03\/fikara.jpg","contentUrl":"https:\/\/lepatriotebenin.com\/wp-content\/uploads\/2024\/03\/fikara.jpg","width":204,"height":208},{"@type":"BreadcrumbList","@id":"https:\/\/lepatriotebenin.com\/index.php\/2024\/03\/22\/saka-fikara-le-plus-grand-mal-de-notre-pays-cest-djogbenou\/#breadcrumb","itemListElement":[{"@type":"ListItem","position":1,"name":"Accueil","item":"https:\/\/lepatriotebenin.com\/"},{"@type":"ListItem","position":2,"name":"Saka Fikara\u00a0: \u00ab\u00a0Le plus grand mal de notre pays c\u2019est Djogb\u00e9nou\u00a0\u00bb"}]},{"@type":"WebSite","@id":"https:\/\/lepatriotebenin.com\/#website","url":"https:\/\/lepatriotebenin.com\/","name":"Le Patriote","description":"Le Patriote B\u00e9nin","potentialAction":[{"@type":"SearchAction","target":{"@type":"EntryPoint","urlTemplate":"https:\/\/lepatriotebenin.com\/?s={search_term_string}"},"query-input":{"@type":"PropertyValueSpecification","valueRequired":true,"valueName":"search_term_string"}}],"inLanguage":"fr-FR"},{"@type":"Person","@id":"https:\/\/lepatriotebenin.com\/#\/schema\/person\/bc185387219a73c6f2f8698114720c49","name":"Marcel ZOUMENOU","image":{"@type":"ImageObject","inLanguage":"fr-FR","@id":"https:\/\/secure.gravatar.com\/avatar\/55e60188ee1ca2050a14675489f7856c575861edc734548164d100bdb6565472?s=96&d=mm&r=g","url":"https:\/\/secure.gravatar.com\/avatar\/55e60188ee1ca2050a14675489f7856c575861edc734548164d100bdb6565472?s=96&d=mm&r=g","contentUrl":"https:\/\/secure.gravatar.com\/avatar\/55e60188ee1ca2050a14675489f7856c575861edc734548164d100bdb6565472?s=96&d=mm&r=g","caption":"Marcel ZOUMENOU"},"url":"https:\/\/lepatriotebenin.com"}]}},"_links":{"self":[{"href":"https:\/\/lepatriotebenin.com\/index.php\/wp-json\/wp\/v2\/posts\/3971","targetHints":{"allow":["GET"]}}],"collection":[{"href":"https:\/\/lepatriotebenin.com\/index.php\/wp-json\/wp\/v2\/posts"}],"about":[{"href":"https:\/\/lepatriotebenin.com\/index.php\/wp-json\/wp\/v2\/types\/post"}],"author":[{"embeddable":true,"href":"https:\/\/lepatriotebenin.com\/index.php\/wp-json\/wp\/v2\/users\/2"}],"replies":[{"embeddable":true,"href":"https:\/\/lepatriotebenin.com\/index.php\/wp-json\/wp\/v2\/comments?post=3971"}],"version-history":[{"count":1,"href":"https:\/\/lepatriotebenin.com\/index.php\/wp-json\/wp\/v2\/posts\/3971\/revisions"}],"predecessor-version":[{"id":3973,"href":"https:\/\/lepatriotebenin.com\/index.php\/wp-json\/wp\/v2\/posts\/3971\/revisions\/3973"}],"wp:featuredmedia":[{"embeddable":true,"href":"https:\/\/lepatriotebenin.com\/index.php\/wp-json\/wp\/v2\/media\/3972"}],"wp:attachment":[{"href":"https:\/\/lepatriotebenin.com\/index.php\/wp-json\/wp\/v2\/media?parent=3971"}],"wp:term":[{"taxonomy":"category","embeddable":true,"href":"https:\/\/lepatriotebenin.com\/index.php\/wp-json\/wp\/v2\/categories?post=3971"},{"taxonomy":"post_tag","embeddable":true,"href":"https:\/\/lepatriotebenin.com\/index.php\/wp-json\/wp\/v2\/tags?post=3971"}],"curies":[{"name":"wp","href":"https:\/\/api.w.org\/{rel}","templated":true}]}}