{"id":3755,"date":"2024-03-11T14:40:00","date_gmt":"2024-03-11T13:40:00","guid":{"rendered":"https:\/\/lepatriotebenin.com\/?p=3755"},"modified":"2024-03-11T14:40:02","modified_gmt":"2024-03-11T13:40:02","slug":"jif2024-les-femmes-democrates-plus-engagees-pour-la-democratie-et-la-liberte","status":"publish","type":"post","link":"https:\/\/lepatriotebenin.com\/index.php\/2024\/03\/11\/jif2024-les-femmes-democrates-plus-engagees-pour-la-democratie-et-la-liberte\/","title":{"rendered":"JIF2024\u00a0: les femmes d\u00e9mocrates plus engag\u00e9es pour la d\u00e9mocratie et la libert\u00e9"},"content":{"rendered":"\n<p><strong>\u00ab\u00a0Investir en faveur des femmes\u00a0: acc\u00e9l\u00e9rer le rythme\u00a0\u00bb, c\u2019est ce th\u00e8me retenu par la communaut\u00e9 internationale pour la Journ\u00e9e Internationale des droits des femmes. Au parti Les D\u00e9mocrates, le comit\u00e9 d\u2019organisation dirig\u00e9 par Abibatou Dafia Ouassangari a anim\u00e9 une conf\u00e9rence de presse le 8 mars suivie d\u2019un grand meeting festif le samedi 9 au stade de Midombo en pr\u00e9sence du pr\u00e9sident Boni Yayi, des d\u00e9put\u00e9s et des membres des organes dirigeants du parti.<\/strong><\/p>\n\n\n\n<figure class=\"wp-block-image size-large is-resized\"><img fetchpriority=\"high\" decoding=\"async\" width=\"1024\" height=\"576\" src=\"https:\/\/lepatriotebenin.com\/wp-content\/uploads\/2024\/03\/jif-1024x576.jpg\" alt=\"\" class=\"wp-image-3756\" style=\"aspect-ratio:1.7777777777777777;width:596px;height:auto\" srcset=\"https:\/\/lepatriotebenin.com\/wp-content\/uploads\/2024\/03\/jif-1024x576.jpg 1024w, https:\/\/lepatriotebenin.com\/wp-content\/uploads\/2024\/03\/jif-300x169.jpg 300w, https:\/\/lepatriotebenin.com\/wp-content\/uploads\/2024\/03\/jif-768x432.jpg 768w, https:\/\/lepatriotebenin.com\/wp-content\/uploads\/2024\/03\/jif-1536x864.jpg 1536w, https:\/\/lepatriotebenin.com\/wp-content\/uploads\/2024\/03\/jif-2048x1152.jpg 2048w, https:\/\/lepatriotebenin.com\/wp-content\/uploads\/2024\/03\/jif-1200x675.jpg 1200w, https:\/\/lepatriotebenin.com\/wp-content\/uploads\/2024\/03\/jif-1920x1080.jpg 1920w, https:\/\/lepatriotebenin.com\/wp-content\/uploads\/2024\/03\/jif-1170x658.jpg 1170w, https:\/\/lepatriotebenin.com\/wp-content\/uploads\/2024\/03\/jif-585x329.jpg 585w\" sizes=\"(max-width: 1024px) 100vw, 1024px\" \/><figcaption class=\"wp-element-caption\">Conf\u00e9rence de presse du 08 mars. <\/figcaption><\/figure>\n\n\n\n<p>Tout a fini en apoth\u00e9ose samedi 9 mars au stade de Midombo par une chanson gospel dont les couplets ont \u00e9t\u00e9 chant\u00e9s en c\u0153ur par Boni Yayi et les femmes. Toutes ou presque toutes habill\u00e9es de tissus \u00e0 l\u2019effigie de Reckya Madougou, ancienne candidate du parti actuellement en prison, elles ont rempli tout le stade d\u00e8s 16h. La c\u00e9r\u00e9monie avait d\u00e9marr\u00e9 par la communication d\u2019Abibatou Dafia Ouassangari, ancienne maire et ancienne d\u00e9put\u00e9e. Dans sa communication suivie religieusement par Boni Yayi et toutes les femmes, elle a pr\u00e9sent\u00e9 un tableau inqui\u00e9tant en d\u00e9pit des efforts consentis par les diff\u00e9rents gouvernements pour inverser la tendance et plaid\u00e9 pour un investissement plus accru en faveur des femmes afin d\u2019avoir une soci\u00e9t\u00e9 plus juste. \u00ab&nbsp;Au parti Les D\u00e9mocrates, nous sommes plus que conscients que les progr\u00e8s en faveur des femmes profitent \u00e0 tous. Investir en faveur des femmes est un gage assur\u00e9 pour la s\u00e9curit\u00e9 de tous&nbsp;\u00bb, a-t-elle affirm\u00e9. Le d\u00e9fi est grand dans la mesure o\u00f9, \u00ab&nbsp;Au B\u00e9nin, les femmes sont les premi\u00e8res victimes de la pauvret\u00e9&nbsp;\u00bb, pr\u00e9cise-t-elle. Elle \u00e9nonce les groupes marginalis\u00e9s \u00e0 savoir les femmes issues des milieux ruraux, les domestiques et les femmes faiblement qualifi\u00e9es. \u00ab&nbsp;Le souhait du parti Les D\u00e9mocrates est d\u2019assurer \u00e0 toutes ces femmes des revenus plus \u00e9lev\u00e9s, un meilleur acc\u00e8s aux ressources et \u00e0 la terre et un contr\u00f4le de celles-ci. Et enfin une meilleure protection juridique car les femmes sont aussi les premi\u00e8res victimes des violences bas\u00e9es sur le genre&nbsp;\u00bb, a souhait\u00e9 Abibatou Dafia Ouassangari. Sur le plan politique, le constat n\u2019est pas mieux reluisant. \u00ab&nbsp;Sur le plan politique, la participation des femmes aux instances de prise de d\u00e9cision est encore faible. 3 femmes maires sur 77, 2 femmes pr\u00e9fets sur 12, 5 femmes ministres sur 22 et 29 femmes d\u00e9put\u00e9es sur 109&nbsp;\u00bb, a-t-elle dit avant d\u2019inviter \u00e0 plus d\u2019efforts en faveur des femmes \u00ab&nbsp;qui ne peuvent pas continuer \u00e0 \u00eatre des faire-valoir dans les partis politiques&nbsp;\u00bb. Sa communication finit par un sentiment de regret car selon elle, avec l\u2019av\u00e8nement du pouvoir de la rupture la situation des femmes ne s\u2019est gu\u00e8re am\u00e9lior\u00e9e. \u00ab&nbsp;Pr\u00e9sident Boni Yayi&nbsp;\u00bb, vous nous manquez&nbsp;\u00bb, a-t-elle conclu. S\u2019ensuivront apr\u00e8s les interventions en Goun, Fon, Nagot et Dendi respectivement par les d\u00e9put\u00e9es Denise Hounm\u00e8nou, Chantale Adjovi, H\u00e9l\u00e8ne Olossouma\u00ef et Zenabou Kora. La veille, au si\u00e8ge du parti dans le 15\u00e8 circonscription, elle avait anim\u00e9 une conf\u00e9rence de presse suivie d\u2019une communication anim\u00e9e par Madinath Ad\u00e9l\u00e9k\u00e9 et Rolande Edwige Dansi.<\/p>\n\n\n\n<p><strong>\u00ab&nbsp;Belles pour la restauration de la libert\u00e9&nbsp;\u00bb<\/strong><\/p>\n\n\n\n<p>D\u00e9clinant l\u2019offre de la parole, Eric Hound\u00e9t\u00e9 transmet le micro \u00e0 Boni Yayi par une formule comique desormais consacr\u00e9e&nbsp;: \u00ab&nbsp;Ishola, \u00e7a y est&nbsp;\u00bb. &nbsp;Ce dernier pr\u00e9sente un contexte difficile pour les B\u00e9ninois qui manquent de pain et de paix. Cette situation rejaillit tr\u00e8s n\u00e9gativement sur le panier de la m\u00e9nag\u00e8re. Il rappelle que le B\u00e9nin a ratifi\u00e9 la D\u00e9claration universelle des droits de l\u2019homme ainsi que la Charte africaine des droits de l\u2019homme et des peuples. Pour lui, le combat pour la restauration de la d\u00e9mocratie, des libert\u00e9s et des droits de l\u2019homme est aujourd\u2019hui capital pour notre pays. C\u2019est d\u2019ailleurs pourquoi, il va finir son message en invitant les femmes \u00e0 plus d\u2019engagement pour la d\u00e9mocratie, les Droits de l\u2019homme et la libert\u00e9. Et il revient sur sa formule consacr\u00e9e qu\u2019il compl\u00e8te cette fois-ci avec cette invitation. \u00ab&nbsp;Chers mamans, vous \u00eates belles, tr\u00e8s tr\u00e8s belles. Vous \u00eates toujours belles. Vous \u00eates encore tr\u00e8s tr\u00e8s belles pour la restauration de la d\u00e9mocratie, tr\u00e8s tr\u00e8s belles pour la paix. Vous \u00eates encore tr\u00e8s tr\u00e8s belles pour la paix. Que Dieu vous b\u00e9nisse abondamment combattantes de la libert\u00e9&nbsp;\u00bb, a-t-il dit pour finir. &nbsp;<\/p>\n","protected":false},"excerpt":{"rendered":"<p>\u00ab\u00a0Investir en faveur des femmes\u00a0: acc\u00e9l\u00e9rer le rythme\u00a0\u00bb, c\u2019est ce th\u00e8me retenu par la communaut\u00e9 internationale pour la Journ\u00e9e Internationale des droits des femmes. Au parti Les D\u00e9mocrates, le comit\u00e9&hellip;<\/p>\n","protected":false},"author":2,"featured_media":3757,"comment_status":"open","ping_status":"open","sticky":false,"template":"","format":"standard","meta":{"content-type":"","om_disable_all_campaigns":false,"_monsterinsights_skip_tracking":false,"_monsterinsights_sitenote_active":false,"_monsterinsights_sitenote_note":"","_monsterinsights_sitenote_category":0,"_uf_show_specific_survey":0,"_uf_disable_surveys":false,"footnotes":""},"categories":[20],"tags":[],"class_list":["post-3755","post","type-post","status-publish","format-standard","has-post-thumbnail","hentry","category-societe"],"aioseo_notices":[],"yoast_head":"<!-- This site is optimized with the Yoast SEO plugin v27.5 - https:\/\/yoast.com\/product\/yoast-seo-wordpress\/ -->\n<title>JIF2024\u00a0: les femmes d\u00e9mocrates plus engag\u00e9es pour la d\u00e9mocratie et la libert\u00e9 - Le Patriote<\/title>\n<meta name=\"robots\" content=\"index, follow, max-snippet:-1, max-image-preview:large, max-video-preview:-1\" \/>\n<link rel=\"canonical\" href=\"https:\/\/lepatriotebenin.com\/index.php\/2024\/03\/11\/jif2024-les-femmes-democrates-plus-engagees-pour-la-democratie-et-la-liberte\/\" \/>\n<meta property=\"og:locale\" content=\"fr_FR\" \/>\n<meta property=\"og:type\" content=\"article\" \/>\n<meta property=\"og:title\" content=\"JIF2024\u00a0: les femmes d\u00e9mocrates plus engag\u00e9es pour la d\u00e9mocratie et la libert\u00e9 - Le Patriote\" \/>\n<meta property=\"og:description\" content=\"\u00ab\u00a0Investir en faveur des femmes\u00a0: acc\u00e9l\u00e9rer le rythme\u00a0\u00bb, c\u2019est ce th\u00e8me retenu par la communaut\u00e9 internationale pour la Journ\u00e9e Internationale des droits des femmes. Au parti Les D\u00e9mocrates, le comit\u00e9&hellip;\" \/>\n<meta property=\"og:url\" content=\"https:\/\/lepatriotebenin.com\/index.php\/2024\/03\/11\/jif2024-les-femmes-democrates-plus-engagees-pour-la-democratie-et-la-liberte\/\" \/>\n<meta property=\"og:site_name\" content=\"Le Patriote\" \/>\n<meta property=\"article:published_time\" content=\"2024-03-11T13:40:00+00:00\" \/>\n<meta property=\"article:modified_time\" content=\"2024-03-11T13:40:02+00:00\" \/>\n<meta property=\"og:image\" content=\"https:\/\/lepatriotebenin.com\/wp-content\/uploads\/2024\/03\/jif1.jpg\" \/>\n\t<meta property=\"og:image:width\" content=\"1148\" \/>\n\t<meta property=\"og:image:height\" content=\"504\" \/>\n\t<meta property=\"og:image:type\" content=\"image\/jpeg\" \/>\n<meta name=\"author\" content=\"Marcel ZOUMENOU\" \/>\n<meta name=\"twitter:card\" content=\"summary_large_image\" \/>\n<meta name=\"twitter:label1\" content=\"\u00c9crit par\" \/>\n\t<meta name=\"twitter:data1\" content=\"Marcel ZOUMENOU\" \/>\n\t<meta name=\"twitter:label2\" content=\"Dur\u00e9e de lecture estim\u00e9e\" \/>\n\t<meta name=\"twitter:data2\" content=\"4 minutes\" \/>\n<script type=\"application\/ld+json\" class=\"yoast-schema-graph\">{\"@context\":\"https:\\\/\\\/schema.org\",\"@graph\":[{\"@type\":\"Article\",\"@id\":\"https:\\\/\\\/lepatriotebenin.com\\\/index.php\\\/2024\\\/03\\\/11\\\/jif2024-les-femmes-democrates-plus-engagees-pour-la-democratie-et-la-liberte\\\/#article\",\"isPartOf\":{\"@id\":\"https:\\\/\\\/lepatriotebenin.com\\\/index.php\\\/2024\\\/03\\\/11\\\/jif2024-les-femmes-democrates-plus-engagees-pour-la-democratie-et-la-liberte\\\/\"},\"author\":{\"name\":\"Marcel ZOUMENOU\",\"@id\":\"https:\\\/\\\/lepatriotebenin.com\\\/#\\\/schema\\\/person\\\/bc185387219a73c6f2f8698114720c49\"},\"headline\":\"JIF2024\u00a0: les femmes d\u00e9mocrates plus engag\u00e9es pour la d\u00e9mocratie et la libert\u00e9\",\"datePublished\":\"2024-03-11T13:40:00+00:00\",\"dateModified\":\"2024-03-11T13:40:02+00:00\",\"mainEntityOfPage\":{\"@id\":\"https:\\\/\\\/lepatriotebenin.com\\\/index.php\\\/2024\\\/03\\\/11\\\/jif2024-les-femmes-democrates-plus-engagees-pour-la-democratie-et-la-liberte\\\/\"},\"wordCount\":809,\"commentCount\":0,\"image\":{\"@id\":\"https:\\\/\\\/lepatriotebenin.com\\\/index.php\\\/2024\\\/03\\\/11\\\/jif2024-les-femmes-democrates-plus-engagees-pour-la-democratie-et-la-liberte\\\/#primaryimage\"},\"thumbnailUrl\":\"https:\\\/\\\/lepatriotebenin.com\\\/wp-content\\\/uploads\\\/2024\\\/03\\\/jif1.jpg\",\"articleSection\":[\"Soci\u00e9t\u00e9\"],\"inLanguage\":\"fr-FR\",\"potentialAction\":[{\"@type\":\"CommentAction\",\"name\":\"Comment\",\"target\":[\"https:\\\/\\\/lepatriotebenin.com\\\/index.php\\\/2024\\\/03\\\/11\\\/jif2024-les-femmes-democrates-plus-engagees-pour-la-democratie-et-la-liberte\\\/#respond\"]}]},{\"@type\":\"WebPage\",\"@id\":\"https:\\\/\\\/lepatriotebenin.com\\\/index.php\\\/2024\\\/03\\\/11\\\/jif2024-les-femmes-democrates-plus-engagees-pour-la-democratie-et-la-liberte\\\/\",\"url\":\"https:\\\/\\\/lepatriotebenin.com\\\/index.php\\\/2024\\\/03\\\/11\\\/jif2024-les-femmes-democrates-plus-engagees-pour-la-democratie-et-la-liberte\\\/\",\"name\":\"JIF2024\u00a0: les femmes d\u00e9mocrates plus engag\u00e9es pour la d\u00e9mocratie et la libert\u00e9 - Le Patriote\",\"isPartOf\":{\"@id\":\"https:\\\/\\\/lepatriotebenin.com\\\/#website\"},\"primaryImageOfPage\":{\"@id\":\"https:\\\/\\\/lepatriotebenin.com\\\/index.php\\\/2024\\\/03\\\/11\\\/jif2024-les-femmes-democrates-plus-engagees-pour-la-democratie-et-la-liberte\\\/#primaryimage\"},\"image\":{\"@id\":\"https:\\\/\\\/lepatriotebenin.com\\\/index.php\\\/2024\\\/03\\\/11\\\/jif2024-les-femmes-democrates-plus-engagees-pour-la-democratie-et-la-liberte\\\/#primaryimage\"},\"thumbnailUrl\":\"https:\\\/\\\/lepatriotebenin.com\\\/wp-content\\\/uploads\\\/2024\\\/03\\\/jif1.jpg\",\"datePublished\":\"2024-03-11T13:40:00+00:00\",\"dateModified\":\"2024-03-11T13:40:02+00:00\",\"author\":{\"@id\":\"https:\\\/\\\/lepatriotebenin.com\\\/#\\\/schema\\\/person\\\/bc185387219a73c6f2f8698114720c49\"},\"breadcrumb\":{\"@id\":\"https:\\\/\\\/lepatriotebenin.com\\\/index.php\\\/2024\\\/03\\\/11\\\/jif2024-les-femmes-democrates-plus-engagees-pour-la-democratie-et-la-liberte\\\/#breadcrumb\"},\"inLanguage\":\"fr-FR\",\"potentialAction\":[{\"@type\":\"ReadAction\",\"target\":[\"https:\\\/\\\/lepatriotebenin.com\\\/index.php\\\/2024\\\/03\\\/11\\\/jif2024-les-femmes-democrates-plus-engagees-pour-la-democratie-et-la-liberte\\\/\"]}]},{\"@type\":\"ImageObject\",\"inLanguage\":\"fr-FR\",\"@id\":\"https:\\\/\\\/lepatriotebenin.com\\\/index.php\\\/2024\\\/03\\\/11\\\/jif2024-les-femmes-democrates-plus-engagees-pour-la-democratie-et-la-liberte\\\/#primaryimage\",\"url\":\"https:\\\/\\\/lepatriotebenin.com\\\/wp-content\\\/uploads\\\/2024\\\/03\\\/jif1.jpg\",\"contentUrl\":\"https:\\\/\\\/lepatriotebenin.com\\\/wp-content\\\/uploads\\\/2024\\\/03\\\/jif1.jpg\",\"width\":1148,\"height\":504},{\"@type\":\"BreadcrumbList\",\"@id\":\"https:\\\/\\\/lepatriotebenin.com\\\/index.php\\\/2024\\\/03\\\/11\\\/jif2024-les-femmes-democrates-plus-engagees-pour-la-democratie-et-la-liberte\\\/#breadcrumb\",\"itemListElement\":[{\"@type\":\"ListItem\",\"position\":1,\"name\":\"Accueil\",\"item\":\"https:\\\/\\\/lepatriotebenin.com\\\/\"},{\"@type\":\"ListItem\",\"position\":2,\"name\":\"JIF2024\u00a0: les femmes d\u00e9mocrates plus engag\u00e9es pour la d\u00e9mocratie et la libert\u00e9\"}]},{\"@type\":\"WebSite\",\"@id\":\"https:\\\/\\\/lepatriotebenin.com\\\/#website\",\"url\":\"https:\\\/\\\/lepatriotebenin.com\\\/\",\"name\":\"Le Patriote\",\"description\":\"Le Patriote B\u00e9nin\",\"potentialAction\":[{\"@type\":\"SearchAction\",\"target\":{\"@type\":\"EntryPoint\",\"urlTemplate\":\"https:\\\/\\\/lepatriotebenin.com\\\/?s={search_term_string}\"},\"query-input\":{\"@type\":\"PropertyValueSpecification\",\"valueRequired\":true,\"valueName\":\"search_term_string\"}}],\"inLanguage\":\"fr-FR\"},{\"@type\":\"Person\",\"@id\":\"https:\\\/\\\/lepatriotebenin.com\\\/#\\\/schema\\\/person\\\/bc185387219a73c6f2f8698114720c49\",\"name\":\"Marcel ZOUMENOU\",\"image\":{\"@type\":\"ImageObject\",\"inLanguage\":\"fr-FR\",\"@id\":\"https:\\\/\\\/secure.gravatar.com\\\/avatar\\\/55e60188ee1ca2050a14675489f7856c575861edc734548164d100bdb6565472?s=96&d=mm&r=g\",\"url\":\"https:\\\/\\\/secure.gravatar.com\\\/avatar\\\/55e60188ee1ca2050a14675489f7856c575861edc734548164d100bdb6565472?s=96&d=mm&r=g\",\"contentUrl\":\"https:\\\/\\\/secure.gravatar.com\\\/avatar\\\/55e60188ee1ca2050a14675489f7856c575861edc734548164d100bdb6565472?s=96&d=mm&r=g\",\"caption\":\"Marcel ZOUMENOU\"},\"url\":\"https:\\\/\\\/lepatriotebenin.com\"}]}<\/script>\n<!-- \/ Yoast SEO plugin. -->","yoast_head_json":{"title":"JIF2024\u00a0: les femmes d\u00e9mocrates plus engag\u00e9es pour la d\u00e9mocratie et la libert\u00e9 - Le Patriote","robots":{"index":"index","follow":"follow","max-snippet":"max-snippet:-1","max-image-preview":"max-image-preview:large","max-video-preview":"max-video-preview:-1"},"canonical":"https:\/\/lepatriotebenin.com\/index.php\/2024\/03\/11\/jif2024-les-femmes-democrates-plus-engagees-pour-la-democratie-et-la-liberte\/","og_locale":"fr_FR","og_type":"article","og_title":"JIF2024\u00a0: les femmes d\u00e9mocrates plus engag\u00e9es pour la d\u00e9mocratie et la libert\u00e9 - Le Patriote","og_description":"\u00ab\u00a0Investir en faveur des femmes\u00a0: acc\u00e9l\u00e9rer le rythme\u00a0\u00bb, c\u2019est ce th\u00e8me retenu par la communaut\u00e9 internationale pour la Journ\u00e9e Internationale des droits des femmes. Au parti Les D\u00e9mocrates, le comit\u00e9&hellip;","og_url":"https:\/\/lepatriotebenin.com\/index.php\/2024\/03\/11\/jif2024-les-femmes-democrates-plus-engagees-pour-la-democratie-et-la-liberte\/","og_site_name":"Le Patriote","article_published_time":"2024-03-11T13:40:00+00:00","article_modified_time":"2024-03-11T13:40:02+00:00","og_image":[{"width":1148,"height":504,"url":"https:\/\/lepatriotebenin.com\/wp-content\/uploads\/2024\/03\/jif1.jpg","type":"image\/jpeg"}],"author":"Marcel ZOUMENOU","twitter_card":"summary_large_image","twitter_misc":{"\u00c9crit par":"Marcel ZOUMENOU","Dur\u00e9e de lecture estim\u00e9e":"4 minutes"},"schema":{"@context":"https:\/\/schema.org","@graph":[{"@type":"Article","@id":"https:\/\/lepatriotebenin.com\/index.php\/2024\/03\/11\/jif2024-les-femmes-democrates-plus-engagees-pour-la-democratie-et-la-liberte\/#article","isPartOf":{"@id":"https:\/\/lepatriotebenin.com\/index.php\/2024\/03\/11\/jif2024-les-femmes-democrates-plus-engagees-pour-la-democratie-et-la-liberte\/"},"author":{"name":"Marcel ZOUMENOU","@id":"https:\/\/lepatriotebenin.com\/#\/schema\/person\/bc185387219a73c6f2f8698114720c49"},"headline":"JIF2024\u00a0: les femmes d\u00e9mocrates plus engag\u00e9es pour la d\u00e9mocratie et la libert\u00e9","datePublished":"2024-03-11T13:40:00+00:00","dateModified":"2024-03-11T13:40:02+00:00","mainEntityOfPage":{"@id":"https:\/\/lepatriotebenin.com\/index.php\/2024\/03\/11\/jif2024-les-femmes-democrates-plus-engagees-pour-la-democratie-et-la-liberte\/"},"wordCount":809,"commentCount":0,"image":{"@id":"https:\/\/lepatriotebenin.com\/index.php\/2024\/03\/11\/jif2024-les-femmes-democrates-plus-engagees-pour-la-democratie-et-la-liberte\/#primaryimage"},"thumbnailUrl":"https:\/\/lepatriotebenin.com\/wp-content\/uploads\/2024\/03\/jif1.jpg","articleSection":["Soci\u00e9t\u00e9"],"inLanguage":"fr-FR","potentialAction":[{"@type":"CommentAction","name":"Comment","target":["https:\/\/lepatriotebenin.com\/index.php\/2024\/03\/11\/jif2024-les-femmes-democrates-plus-engagees-pour-la-democratie-et-la-liberte\/#respond"]}]},{"@type":"WebPage","@id":"https:\/\/lepatriotebenin.com\/index.php\/2024\/03\/11\/jif2024-les-femmes-democrates-plus-engagees-pour-la-democratie-et-la-liberte\/","url":"https:\/\/lepatriotebenin.com\/index.php\/2024\/03\/11\/jif2024-les-femmes-democrates-plus-engagees-pour-la-democratie-et-la-liberte\/","name":"JIF2024\u00a0: les femmes d\u00e9mocrates plus engag\u00e9es pour la d\u00e9mocratie et la libert\u00e9 - Le Patriote","isPartOf":{"@id":"https:\/\/lepatriotebenin.com\/#website"},"primaryImageOfPage":{"@id":"https:\/\/lepatriotebenin.com\/index.php\/2024\/03\/11\/jif2024-les-femmes-democrates-plus-engagees-pour-la-democratie-et-la-liberte\/#primaryimage"},"image":{"@id":"https:\/\/lepatriotebenin.com\/index.php\/2024\/03\/11\/jif2024-les-femmes-democrates-plus-engagees-pour-la-democratie-et-la-liberte\/#primaryimage"},"thumbnailUrl":"https:\/\/lepatriotebenin.com\/wp-content\/uploads\/2024\/03\/jif1.jpg","datePublished":"2024-03-11T13:40:00+00:00","dateModified":"2024-03-11T13:40:02+00:00","author":{"@id":"https:\/\/lepatriotebenin.com\/#\/schema\/person\/bc185387219a73c6f2f8698114720c49"},"breadcrumb":{"@id":"https:\/\/lepatriotebenin.com\/index.php\/2024\/03\/11\/jif2024-les-femmes-democrates-plus-engagees-pour-la-democratie-et-la-liberte\/#breadcrumb"},"inLanguage":"fr-FR","potentialAction":[{"@type":"ReadAction","target":["https:\/\/lepatriotebenin.com\/index.php\/2024\/03\/11\/jif2024-les-femmes-democrates-plus-engagees-pour-la-democratie-et-la-liberte\/"]}]},{"@type":"ImageObject","inLanguage":"fr-FR","@id":"https:\/\/lepatriotebenin.com\/index.php\/2024\/03\/11\/jif2024-les-femmes-democrates-plus-engagees-pour-la-democratie-et-la-liberte\/#primaryimage","url":"https:\/\/lepatriotebenin.com\/wp-content\/uploads\/2024\/03\/jif1.jpg","contentUrl":"https:\/\/lepatriotebenin.com\/wp-content\/uploads\/2024\/03\/jif1.jpg","width":1148,"height":504},{"@type":"BreadcrumbList","@id":"https:\/\/lepatriotebenin.com\/index.php\/2024\/03\/11\/jif2024-les-femmes-democrates-plus-engagees-pour-la-democratie-et-la-liberte\/#breadcrumb","itemListElement":[{"@type":"ListItem","position":1,"name":"Accueil","item":"https:\/\/lepatriotebenin.com\/"},{"@type":"ListItem","position":2,"name":"JIF2024\u00a0: les femmes d\u00e9mocrates plus engag\u00e9es pour la d\u00e9mocratie et la libert\u00e9"}]},{"@type":"WebSite","@id":"https:\/\/lepatriotebenin.com\/#website","url":"https:\/\/lepatriotebenin.com\/","name":"Le Patriote","description":"Le Patriote B\u00e9nin","potentialAction":[{"@type":"SearchAction","target":{"@type":"EntryPoint","urlTemplate":"https:\/\/lepatriotebenin.com\/?s={search_term_string}"},"query-input":{"@type":"PropertyValueSpecification","valueRequired":true,"valueName":"search_term_string"}}],"inLanguage":"fr-FR"},{"@type":"Person","@id":"https:\/\/lepatriotebenin.com\/#\/schema\/person\/bc185387219a73c6f2f8698114720c49","name":"Marcel ZOUMENOU","image":{"@type":"ImageObject","inLanguage":"fr-FR","@id":"https:\/\/secure.gravatar.com\/avatar\/55e60188ee1ca2050a14675489f7856c575861edc734548164d100bdb6565472?s=96&d=mm&r=g","url":"https:\/\/secure.gravatar.com\/avatar\/55e60188ee1ca2050a14675489f7856c575861edc734548164d100bdb6565472?s=96&d=mm&r=g","contentUrl":"https:\/\/secure.gravatar.com\/avatar\/55e60188ee1ca2050a14675489f7856c575861edc734548164d100bdb6565472?s=96&d=mm&r=g","caption":"Marcel ZOUMENOU"},"url":"https:\/\/lepatriotebenin.com"}]}},"_links":{"self":[{"href":"https:\/\/lepatriotebenin.com\/index.php\/wp-json\/wp\/v2\/posts\/3755","targetHints":{"allow":["GET"]}}],"collection":[{"href":"https:\/\/lepatriotebenin.com\/index.php\/wp-json\/wp\/v2\/posts"}],"about":[{"href":"https:\/\/lepatriotebenin.com\/index.php\/wp-json\/wp\/v2\/types\/post"}],"author":[{"embeddable":true,"href":"https:\/\/lepatriotebenin.com\/index.php\/wp-json\/wp\/v2\/users\/2"}],"replies":[{"embeddable":true,"href":"https:\/\/lepatriotebenin.com\/index.php\/wp-json\/wp\/v2\/comments?post=3755"}],"version-history":[{"count":1,"href":"https:\/\/lepatriotebenin.com\/index.php\/wp-json\/wp\/v2\/posts\/3755\/revisions"}],"predecessor-version":[{"id":3758,"href":"https:\/\/lepatriotebenin.com\/index.php\/wp-json\/wp\/v2\/posts\/3755\/revisions\/3758"}],"wp:featuredmedia":[{"embeddable":true,"href":"https:\/\/lepatriotebenin.com\/index.php\/wp-json\/wp\/v2\/media\/3757"}],"wp:attachment":[{"href":"https:\/\/lepatriotebenin.com\/index.php\/wp-json\/wp\/v2\/media?parent=3755"}],"wp:term":[{"taxonomy":"category","embeddable":true,"href":"https:\/\/lepatriotebenin.com\/index.php\/wp-json\/wp\/v2\/categories?post=3755"},{"taxonomy":"post_tag","embeddable":true,"href":"https:\/\/lepatriotebenin.com\/index.php\/wp-json\/wp\/v2\/tags?post=3755"}],"curies":[{"name":"wp","href":"https:\/\/api.w.org\/{rel}","templated":true}]}}