{"id":3748,"date":"2024-03-11T12:21:01","date_gmt":"2024-03-11T11:21:01","guid":{"rendered":"https:\/\/lepatriotebenin.com\/?p=3748"},"modified":"2024-03-11T12:32:16","modified_gmt":"2024-03-11T11:32:16","slug":"pere-raymond-bernard-goudjo-la-democratie-a-ete-prise-en-otage-par-le-monde-economique","status":"publish","type":"post","link":"https:\/\/lepatriotebenin.com\/index.php\/2024\/03\/11\/pere-raymond-bernard-goudjo-la-democratie-a-ete-prise-en-otage-par-le-monde-economique\/","title":{"rendered":"P\u00e8re Raymond Bernard Goudjo\u00a0: \u00ab\u00a0La d\u00e9mocratie a \u00e9t\u00e9 prise en otage par le monde \u00e9conomique\u00a0\u00bb\u00a0"},"content":{"rendered":"\n<p>Le P\u00e8re <strong>Raymond Bernard Goudjo<\/strong>, th\u00e9ologien b\u00e9ninois, sp\u00e9cialiste de la doctrine sociale de l\u2019Eglise, Directeur fondateur de l\u2019Institut des artisans de justice et de paix (IAJP) et actuel Directeur national de la Caritas au B\u00e9nin, s\u2019est entretenu avec les professionnels des m\u00e9dias, le <strong>vendredi 8 mars 2024<\/strong> au Chant d\u2019Oiseau de Cotonou, sur son nouveau livre intitul\u00e9<strong> \u00ab\u00a0La D\u00e9mocratie en Afrique : Le R\u00e9veil pr\u00e9visible des vieux d\u00e9mons\u00a0\u00bb <\/strong>sous-titr\u00e9 <strong>\u00ab\u00a0Essai de relecture de l\u2019encyclique sociale Centesius annus\u00a0\u00bb.\u00a0 <\/strong>Dans ses explications, le Directeur Fondateur de l\u2019IAJP a d\u2019abord donn\u00e9 les raisons qui l\u2019ont pouss\u00e9 \u00e0 \u00e9crire ce nouvel ouvrage.<\/p>\n\n\n\n<p><em>\u00ab&nbsp;Ces derniers temps, si je me suis d\u00e9cid\u00e9 \u00e0 prendre ma plume, j\u2019ai pris le temps d\u2019observer le processus d\u00e9mocratique dans mon pays depuis 2016. J\u2019ai vu qu\u2019il y a un changement. Ce que j\u2019appelais un hiatus. Comme c\u2019est un gouvernement de la rupture donc j\u2019ai senti qu\u2019il y a quelque chose de nouveau qui va se passer&nbsp;\u00bb<\/em> a-t-il laiss\u00e9 entendre.&nbsp; Aussi, il a fait savoir qu\u2019apr\u00e8s le coup d\u2019Etat du <strong>juillet 2023<\/strong> au <strong>Nige<\/strong>r, la r\u00e9action des pr\u00e9sidents de la Communaut\u00e9 \u00e9conomique des Etats de l\u2019Afrique de l\u2019Ouest (CEDEAO) l\u2019a surpris. Ces chefs d\u2019Etat de l\u2019organisation sous r\u00e9gionale, selon lui, <em>\u00ab admettent les coups d\u2019Etat constitutionnels, un tripatouillage de tous nos codes juridiques mais ils n\u2019admettent pas qu\u2019il y ait un haro d\u2019une autre frange de la population qui se disent militaire et pensent vouloir r\u00e9gler les probl\u00e8mes de soci\u00e9t\u00e9 avec le b\u00e2ton, le marteau et les fusils&nbsp;<\/em>\u00bb.<\/p>\n\n\n\n<p>Le P\u00e8re Raymond Bernard Goudjo a d\u00e9clar\u00e9 que <em>\u00ab la d\u00e9mocratie n\u2019est pas que le gouvernement du peuple par le peuple et pour le peuple<\/em>&nbsp;\u00bb. Mais pour lui, <em>\u00ab la d\u00e9mocratie, c\u2019est l\u2019expression de la libert\u00e9 profonde d\u2019un peuple qui s\u2019exprime en conscience en vertu du bien commun<\/em>&nbsp;\u00bb. Le bien commun peut \u00eatre compris comme valeur ou la r\u00e9f\u00e9rence la plus \u00e9lev\u00e9e en soci\u00e9t\u00e9 apr\u00e8s Dieu. Il a signifi\u00e9 que la d\u00e9mocratie repose sur la libert\u00e9 personnelle et non pas sur l\u2019individualisme. Pour lui, \u00ab la<em> d\u00e9mocratie veut que le peuple puisse s\u2019exprimer avec sa libert\u00e9 de conscience et suppose que ceux qui veulent gouverner le peuple aient de hautes qualit\u00e9s morales&nbsp;<\/em>\u00bb. Il a indiqu\u00e9 que <em>\u00ab&nbsp;la d\u00e9mocratie a \u00e9t\u00e9 prise en otage par le monde \u00e9conomique<\/em>&nbsp;\u00bb.<\/p>\n\n\n\n<p><strong>S\u00e9paration des pouvoirs au B\u00e9nin<\/strong><\/p>\n\n\n\n<p>Se pronon\u00e7ant sur l\u2019effectivit\u00e9 ou non de la s\u00e9paration des pouvoirs au B\u00e9nin, le sp\u00e9cialiste de la doctrine sociale de l\u2019Eglise a pr\u00e9cis\u00e9 que <em>\u00ab pour trouver l\u2019effectivit\u00e9 d\u2019une chose, il faut bien d\u00e9finir le bien commun \u00bb.<\/em> Selon lui, dans le bien commun, il y a 3 niveaux. Il a expliqu\u00e9 qu\u2019\u00ab&nbsp;<em>il faut prendre d\u2019abord le bien de la communaut\u00e9&nbsp;\u00bb<\/em>. Ce bien de la communaut\u00e9, dit-il, que \u00ab <em>tout le monde reconnait que ce sont les routes, les champs, en somme les infrastructures, qu\u2019on doit transformer en communaut\u00e9 de <\/em>bien, autrement dit les structurer juridiquement&nbsp;\u00bb. \u00ab Dans<em> cette communaut\u00e9 de bien d\u00e9pend de la fa\u00e7on dont le l\u00e9gislateur et celui qui a demand\u00e9 \u00e0 \u00eatre le grand l\u00e9gislateur \u00e9met les lois et les structurent pour le bien de tou<\/em>s&nbsp;\u00bb a affirm\u00e9 le th\u00e9ologien b\u00e9ninois avant d\u2019ajouter&nbsp;: <em>\u00ab Est-ce que depuis 2016, nous avons pu nous exprimer de fa\u00e7on absolument libre sans craindre de se voir faire rapidement un redressement fiscal pour ceux qui ont des affaires<\/em>,<em> voire craindre de se voir devant la CRIET<\/em> pour des propos dit d\u00e9plac\u00e9s, tel que subis par certains journalistes. Ce sont quelque peu les questions, selon le P\u00e8re Raymond Goudjo, qu\u2019il faut se poser.<\/p>\n\n\n\n<p>L\u2019actuel Directeur national de la Caritas au B\u00e9nin s\u2019est demand\u00e9 \u00ab <em>quelle est l\u2019expression de la libert\u00e9 qui devient une faute commise, sinon pour coller les l\u00e8vres de la libert\u00e9&nbsp;<\/em>\u00bb.&nbsp; Donc pour le th\u00e9ologien b\u00e9ninois, <em>\u00ab il faut qu\u2019on se pose les questions de fond non pas parce qu\u2019on est contre quelqu\u2019un mais parce qu\u2019on veut le bien de son pays et le bien m\u00eame de la personne<\/em>&nbsp;\u00bb. C\u2019est pour cela que le P\u00e8re Goudjo a soulign\u00e9 qu\u2019\u00ab&nbsp;<em>il faudrait qu\u2019au niveau&nbsp; du peuple b\u00e9ninois, on ne s\u2019exprime pas dans la violence, mais avec la conscience du devoir&nbsp;\u00bb.<\/em> <em>\u00ab C\u2019est \u00e7a que j\u2019appelais le droit des consciences humaines \u00e0 s\u2019exprimer&nbsp;<\/em>\u00bb a-t-il l\u00e2ch\u00e9.<\/p>\n\n\n\n<p><strong>&nbsp; Fin de cycle de la d\u00e9mocratie<\/strong><\/p>\n\n\n\n<p>Le P\u00e8re Raymond Goudjo a d\u00e9clar\u00e9 que la d\u00e9mocratie n\u2019est pas en fin de cycle malgr\u00e9 la recrudescence des coups d\u2019Etat dans la sous-r\u00e9gion. Pour lui, <em>\u00ab la libert\u00e9 humaine ne peut pas \u00eatre en fin de cycle&nbsp;\u00bb<\/em>. Car selon le sp\u00e9cialiste de la doctrine sociale de l\u2019Eglise<em>, \u00ab&nbsp;c\u2019est l\u2019expression et la traduction de la libert\u00e9 humaine dans le mot \u2018\u2019d\u00e9mocratie\u2019\u2019 qui peut \u00eatre en fin de cycle parce que si l\u2019on transforme la d\u00e9mocratie en lieu o\u00f9 tout a une valeur, o\u00f9 le permissif doit pr\u00e9valoir sur la soci\u00e9t\u00e9, nous ne sommes plus en d\u00e9mocratie. Mais sommes-nous dans le tout permis dans un espace dit d\u00e9mocratique&nbsp;? \u00bb.<\/em> Il a fait comprendre que tout ce qui se fait aujourd\u2019hui, \u00ab<em>&nbsp;tout prend une valeur, tout s\u2019\u00e9gale&nbsp;\u00bb.<\/em>&nbsp; Pour le th\u00e9ologien b\u00e9ninois, \u00ab <em>\u00e0 partir du moment o\u00f9 tout s\u2019\u00e9gale, il n\u2019y a plus de valeur<\/em>&nbsp;\u00bb et cette valeur, selon lui, a \u00ab&nbsp;<em>un sens marchand<\/em>&nbsp;\u00bb. &nbsp;\u00ab&nbsp;<em>Aujourd\u2019hui ceci a pour moi une valeur. Demain ceci n\u2019a plus pour moi une valeur. L\u2019autre dira voici c\u2019est ma valeur, tes valeurs ne sont pas mes valeurs<\/em>&nbsp;\u00bb a-t-il soulign\u00e9.<\/p>\n\n\n\n<p>&nbsp;Le P\u00e8re Raymond Goudjo finit par conclure qu\u2019\u00ab <em>il n\u2019y a plus un point de rep\u00e8re&nbsp;\u00bb.<\/em>&nbsp; Il a par ailleurs indiqu\u00e9 que \u00ab&nbsp;la d\u00e9mocratie est prisonni\u00e8re d\u2019un syst\u00e8me oligarchique et d\u2019enrichissement mondial&nbsp;\u00bb.&nbsp; Pour lui, le capitalisme, c\u2019est du pass\u00e9.&nbsp; <em>\u00ab Il s\u2019agit simplement d\u2019un syst\u00e8me. Et ce syst\u00e8me, c\u2019est un syst\u00e8me d\u2019investisseurs ou syst\u00e8me oligarchique. Et un investisseur est malheureusement une pieuvre. On ne voit pas ses tentacules. On ne voit pas d\u2019o\u00f9 il vient. A partir de ce moment, les gros investisseurs jouent sur beaucoup de corde que nous ne voyons pas. Et tant que \u00e7a les arrange surtout en Afrique, ils ne voudront pas une d\u00e9mocratie de la libert\u00e9<\/em>, <em>libert\u00e9 comprise comme devoir de bien<\/em>&nbsp;\u00bb a-t-il relev\u00e9 avant d\u2019ajouter&nbsp;: \u00ab&nbsp;<em>Nous devrons prendre conscience et faire un travail de fond sur nous-m\u00eames et sur nos consciences.<\/em>&nbsp;\u00bb.<\/p>\n\n\n\n<figure class=\"wp-block-image size-large\"><img fetchpriority=\"high\" decoding=\"async\" width=\"1024\" height=\"1024\" src=\"https:\/\/lepatriotebenin.com\/wp-content\/uploads\/2024\/03\/livre-1024x1024.jpg\" alt=\"\" class=\"wp-image-3750\" srcset=\"https:\/\/lepatriotebenin.com\/wp-content\/uploads\/2024\/03\/livre-1024x1024.jpg 1024w, https:\/\/lepatriotebenin.com\/wp-content\/uploads\/2024\/03\/livre-300x300.jpg 300w, https:\/\/lepatriotebenin.com\/wp-content\/uploads\/2024\/03\/livre-150x150.jpg 150w, https:\/\/lepatriotebenin.com\/wp-content\/uploads\/2024\/03\/livre-768x768.jpg 768w, https:\/\/lepatriotebenin.com\/wp-content\/uploads\/2024\/03\/livre-1200x1200.jpg 1200w, https:\/\/lepatriotebenin.com\/wp-content\/uploads\/2024\/03\/livre-1170x1170.jpg 1170w, https:\/\/lepatriotebenin.com\/wp-content\/uploads\/2024\/03\/livre-585x585.jpg 585w, https:\/\/lepatriotebenin.com\/wp-content\/uploads\/2024\/03\/livre.jpg 1280w\" sizes=\"(max-width: 1024px) 100vw, 1024px\" \/><\/figure>\n","protected":false},"excerpt":{"rendered":"<p>Le P\u00e8re Raymond Bernard Goudjo, th\u00e9ologien b\u00e9ninois, sp\u00e9cialiste de la doctrine sociale de l\u2019Eglise, Directeur fondateur de l\u2019Institut des artisans de justice et de paix (IAJP) et actuel Directeur national&hellip;<\/p>\n","protected":false},"author":6,"featured_media":3749,"comment_status":"open","ping_status":"open","sticky":false,"template":"","format":"standard","meta":{"content-type":"","om_disable_all_campaigns":false,"_monsterinsights_skip_tracking":false,"_monsterinsights_sitenote_active":false,"_monsterinsights_sitenote_note":"","_monsterinsights_sitenote_category":0,"_uf_show_specific_survey":0,"_uf_disable_surveys":false,"footnotes":""},"categories":[26],"tags":[317],"class_list":["post-3748","post","type-post","status-publish","format-standard","has-post-thumbnail","hentry","category-politique","tag-pere-raymond-bernard-goudjo"],"aioseo_notices":[],"yoast_head":"<!-- This site is optimized with the Yoast SEO plugin v27.5 - https:\/\/yoast.com\/product\/yoast-seo-wordpress\/ -->\n<title>P\u00e8re Raymond Bernard Goudjo\u00a0: \u00ab\u00a0La d\u00e9mocratie a \u00e9t\u00e9 prise en otage par le monde \u00e9conomique\u00a0\u00bb\u00a0 - Le Patriote<\/title>\n<meta name=\"robots\" content=\"index, follow, max-snippet:-1, max-image-preview:large, max-video-preview:-1\" \/>\n<link rel=\"canonical\" href=\"https:\/\/lepatriotebenin.com\/index.php\/2024\/03\/11\/pere-raymond-bernard-goudjo-la-democratie-a-ete-prise-en-otage-par-le-monde-economique\/\" \/>\n<meta property=\"og:locale\" content=\"fr_FR\" \/>\n<meta property=\"og:type\" content=\"article\" \/>\n<meta property=\"og:title\" content=\"P\u00e8re Raymond Bernard Goudjo\u00a0: \u00ab\u00a0La d\u00e9mocratie a \u00e9t\u00e9 prise en otage par le monde \u00e9conomique\u00a0\u00bb\u00a0 - Le Patriote\" \/>\n<meta property=\"og:description\" content=\"Le P\u00e8re Raymond Bernard Goudjo, th\u00e9ologien b\u00e9ninois, sp\u00e9cialiste de la doctrine sociale de l\u2019Eglise, Directeur fondateur de l\u2019Institut des artisans de justice et de paix (IAJP) et actuel Directeur national&hellip;\" \/>\n<meta property=\"og:url\" content=\"https:\/\/lepatriotebenin.com\/index.php\/2024\/03\/11\/pere-raymond-bernard-goudjo-la-democratie-a-ete-prise-en-otage-par-le-monde-economique\/\" \/>\n<meta property=\"og:site_name\" content=\"Le Patriote\" \/>\n<meta property=\"article:published_time\" content=\"2024-03-11T11:21:01+00:00\" \/>\n<meta property=\"article:modified_time\" content=\"2024-03-11T11:32:16+00:00\" \/>\n<meta property=\"og:image\" content=\"https:\/\/lepatriotebenin.com\/wp-content\/uploads\/2024\/03\/pere-goudjo.jpg\" \/>\n\t<meta property=\"og:image:width\" content=\"581\" \/>\n\t<meta property=\"og:image:height\" content=\"631\" \/>\n\t<meta property=\"og:image:type\" content=\"image\/jpeg\" \/>\n<meta name=\"author\" content=\"Roland AFFANOU\" \/>\n<meta name=\"twitter:card\" content=\"summary_large_image\" \/>\n<meta name=\"twitter:label1\" content=\"\u00c9crit par\" \/>\n\t<meta name=\"twitter:data1\" content=\"Roland AFFANOU\" \/>\n\t<meta name=\"twitter:label2\" content=\"Dur\u00e9e de lecture estim\u00e9e\" \/>\n\t<meta name=\"twitter:data2\" content=\"6 minutes\" \/>\n<script type=\"application\/ld+json\" class=\"yoast-schema-graph\">{\"@context\":\"https:\\\/\\\/schema.org\",\"@graph\":[{\"@type\":\"Article\",\"@id\":\"https:\\\/\\\/lepatriotebenin.com\\\/index.php\\\/2024\\\/03\\\/11\\\/pere-raymond-bernard-goudjo-la-democratie-a-ete-prise-en-otage-par-le-monde-economique\\\/#article\",\"isPartOf\":{\"@id\":\"https:\\\/\\\/lepatriotebenin.com\\\/index.php\\\/2024\\\/03\\\/11\\\/pere-raymond-bernard-goudjo-la-democratie-a-ete-prise-en-otage-par-le-monde-economique\\\/\"},\"author\":{\"name\":\"Roland AFFANOU\",\"@id\":\"https:\\\/\\\/lepatriotebenin.com\\\/#\\\/schema\\\/person\\\/4a9b67216c97d04045e01405c534c91f\"},\"headline\":\"P\u00e8re Raymond Bernard Goudjo\u00a0: \u00ab\u00a0La d\u00e9mocratie a \u00e9t\u00e9 prise en otage par le monde \u00e9conomique\u00a0\u00bb\u00a0\",\"datePublished\":\"2024-03-11T11:21:01+00:00\",\"dateModified\":\"2024-03-11T11:32:16+00:00\",\"mainEntityOfPage\":{\"@id\":\"https:\\\/\\\/lepatriotebenin.com\\\/index.php\\\/2024\\\/03\\\/11\\\/pere-raymond-bernard-goudjo-la-democratie-a-ete-prise-en-otage-par-le-monde-economique\\\/\"},\"wordCount\":1215,\"commentCount\":0,\"image\":{\"@id\":\"https:\\\/\\\/lepatriotebenin.com\\\/index.php\\\/2024\\\/03\\\/11\\\/pere-raymond-bernard-goudjo-la-democratie-a-ete-prise-en-otage-par-le-monde-economique\\\/#primaryimage\"},\"thumbnailUrl\":\"https:\\\/\\\/lepatriotebenin.com\\\/wp-content\\\/uploads\\\/2024\\\/03\\\/pere-goudjo.jpg\",\"keywords\":[\"P\u00e8re Raymond Bernard Goudjo\"],\"articleSection\":[\"Politique\"],\"inLanguage\":\"fr-FR\",\"potentialAction\":[{\"@type\":\"CommentAction\",\"name\":\"Comment\",\"target\":[\"https:\\\/\\\/lepatriotebenin.com\\\/index.php\\\/2024\\\/03\\\/11\\\/pere-raymond-bernard-goudjo-la-democratie-a-ete-prise-en-otage-par-le-monde-economique\\\/#respond\"]}]},{\"@type\":\"WebPage\",\"@id\":\"https:\\\/\\\/lepatriotebenin.com\\\/index.php\\\/2024\\\/03\\\/11\\\/pere-raymond-bernard-goudjo-la-democratie-a-ete-prise-en-otage-par-le-monde-economique\\\/\",\"url\":\"https:\\\/\\\/lepatriotebenin.com\\\/index.php\\\/2024\\\/03\\\/11\\\/pere-raymond-bernard-goudjo-la-democratie-a-ete-prise-en-otage-par-le-monde-economique\\\/\",\"name\":\"P\u00e8re Raymond Bernard Goudjo\u00a0: \u00ab\u00a0La d\u00e9mocratie a \u00e9t\u00e9 prise en otage par le monde \u00e9conomique\u00a0\u00bb\u00a0 - Le Patriote\",\"isPartOf\":{\"@id\":\"https:\\\/\\\/lepatriotebenin.com\\\/#website\"},\"primaryImageOfPage\":{\"@id\":\"https:\\\/\\\/lepatriotebenin.com\\\/index.php\\\/2024\\\/03\\\/11\\\/pere-raymond-bernard-goudjo-la-democratie-a-ete-prise-en-otage-par-le-monde-economique\\\/#primaryimage\"},\"image\":{\"@id\":\"https:\\\/\\\/lepatriotebenin.com\\\/index.php\\\/2024\\\/03\\\/11\\\/pere-raymond-bernard-goudjo-la-democratie-a-ete-prise-en-otage-par-le-monde-economique\\\/#primaryimage\"},\"thumbnailUrl\":\"https:\\\/\\\/lepatriotebenin.com\\\/wp-content\\\/uploads\\\/2024\\\/03\\\/pere-goudjo.jpg\",\"datePublished\":\"2024-03-11T11:21:01+00:00\",\"dateModified\":\"2024-03-11T11:32:16+00:00\",\"author\":{\"@id\":\"https:\\\/\\\/lepatriotebenin.com\\\/#\\\/schema\\\/person\\\/4a9b67216c97d04045e01405c534c91f\"},\"breadcrumb\":{\"@id\":\"https:\\\/\\\/lepatriotebenin.com\\\/index.php\\\/2024\\\/03\\\/11\\\/pere-raymond-bernard-goudjo-la-democratie-a-ete-prise-en-otage-par-le-monde-economique\\\/#breadcrumb\"},\"inLanguage\":\"fr-FR\",\"potentialAction\":[{\"@type\":\"ReadAction\",\"target\":[\"https:\\\/\\\/lepatriotebenin.com\\\/index.php\\\/2024\\\/03\\\/11\\\/pere-raymond-bernard-goudjo-la-democratie-a-ete-prise-en-otage-par-le-monde-economique\\\/\"]}]},{\"@type\":\"ImageObject\",\"inLanguage\":\"fr-FR\",\"@id\":\"https:\\\/\\\/lepatriotebenin.com\\\/index.php\\\/2024\\\/03\\\/11\\\/pere-raymond-bernard-goudjo-la-democratie-a-ete-prise-en-otage-par-le-monde-economique\\\/#primaryimage\",\"url\":\"https:\\\/\\\/lepatriotebenin.com\\\/wp-content\\\/uploads\\\/2024\\\/03\\\/pere-goudjo.jpg\",\"contentUrl\":\"https:\\\/\\\/lepatriotebenin.com\\\/wp-content\\\/uploads\\\/2024\\\/03\\\/pere-goudjo.jpg\",\"width\":581,\"height\":631},{\"@type\":\"BreadcrumbList\",\"@id\":\"https:\\\/\\\/lepatriotebenin.com\\\/index.php\\\/2024\\\/03\\\/11\\\/pere-raymond-bernard-goudjo-la-democratie-a-ete-prise-en-otage-par-le-monde-economique\\\/#breadcrumb\",\"itemListElement\":[{\"@type\":\"ListItem\",\"position\":1,\"name\":\"Accueil\",\"item\":\"https:\\\/\\\/lepatriotebenin.com\\\/\"},{\"@type\":\"ListItem\",\"position\":2,\"name\":\"P\u00e8re Raymond Bernard Goudjo\u00a0: \u00ab\u00a0La d\u00e9mocratie a \u00e9t\u00e9 prise en otage par le monde \u00e9conomique\u00a0\u00bb\u00a0\"}]},{\"@type\":\"WebSite\",\"@id\":\"https:\\\/\\\/lepatriotebenin.com\\\/#website\",\"url\":\"https:\\\/\\\/lepatriotebenin.com\\\/\",\"name\":\"Le Patriote\",\"description\":\"Le Patriote B\u00e9nin\",\"potentialAction\":[{\"@type\":\"SearchAction\",\"target\":{\"@type\":\"EntryPoint\",\"urlTemplate\":\"https:\\\/\\\/lepatriotebenin.com\\\/?s={search_term_string}\"},\"query-input\":{\"@type\":\"PropertyValueSpecification\",\"valueRequired\":true,\"valueName\":\"search_term_string\"}}],\"inLanguage\":\"fr-FR\"},{\"@type\":\"Person\",\"@id\":\"https:\\\/\\\/lepatriotebenin.com\\\/#\\\/schema\\\/person\\\/4a9b67216c97d04045e01405c534c91f\",\"name\":\"Roland AFFANOU\",\"image\":{\"@type\":\"ImageObject\",\"inLanguage\":\"fr-FR\",\"@id\":\"https:\\\/\\\/secure.gravatar.com\\\/avatar\\\/7209d3f6d2d47ea4d0c67e14d3effb61feb10ae540a4381280c66265de5bd643?s=96&d=mm&r=g\",\"url\":\"https:\\\/\\\/secure.gravatar.com\\\/avatar\\\/7209d3f6d2d47ea4d0c67e14d3effb61feb10ae540a4381280c66265de5bd643?s=96&d=mm&r=g\",\"contentUrl\":\"https:\\\/\\\/secure.gravatar.com\\\/avatar\\\/7209d3f6d2d47ea4d0c67e14d3effb61feb10ae540a4381280c66265de5bd643?s=96&d=mm&r=g\",\"caption\":\"Roland AFFANOU\"},\"url\":\"https:\\\/\\\/lepatriotebenin.com\"}]}<\/script>\n<!-- \/ Yoast SEO plugin. -->","yoast_head_json":{"title":"P\u00e8re Raymond Bernard Goudjo\u00a0: \u00ab\u00a0La d\u00e9mocratie a \u00e9t\u00e9 prise en otage par le monde \u00e9conomique\u00a0\u00bb\u00a0 - Le Patriote","robots":{"index":"index","follow":"follow","max-snippet":"max-snippet:-1","max-image-preview":"max-image-preview:large","max-video-preview":"max-video-preview:-1"},"canonical":"https:\/\/lepatriotebenin.com\/index.php\/2024\/03\/11\/pere-raymond-bernard-goudjo-la-democratie-a-ete-prise-en-otage-par-le-monde-economique\/","og_locale":"fr_FR","og_type":"article","og_title":"P\u00e8re Raymond Bernard Goudjo\u00a0: \u00ab\u00a0La d\u00e9mocratie a \u00e9t\u00e9 prise en otage par le monde \u00e9conomique\u00a0\u00bb\u00a0 - Le Patriote","og_description":"Le P\u00e8re Raymond Bernard Goudjo, th\u00e9ologien b\u00e9ninois, sp\u00e9cialiste de la doctrine sociale de l\u2019Eglise, Directeur fondateur de l\u2019Institut des artisans de justice et de paix (IAJP) et actuel Directeur national&hellip;","og_url":"https:\/\/lepatriotebenin.com\/index.php\/2024\/03\/11\/pere-raymond-bernard-goudjo-la-democratie-a-ete-prise-en-otage-par-le-monde-economique\/","og_site_name":"Le Patriote","article_published_time":"2024-03-11T11:21:01+00:00","article_modified_time":"2024-03-11T11:32:16+00:00","og_image":[{"width":581,"height":631,"url":"https:\/\/lepatriotebenin.com\/wp-content\/uploads\/2024\/03\/pere-goudjo.jpg","type":"image\/jpeg"}],"author":"Roland AFFANOU","twitter_card":"summary_large_image","twitter_misc":{"\u00c9crit par":"Roland AFFANOU","Dur\u00e9e de lecture estim\u00e9e":"6 minutes"},"schema":{"@context":"https:\/\/schema.org","@graph":[{"@type":"Article","@id":"https:\/\/lepatriotebenin.com\/index.php\/2024\/03\/11\/pere-raymond-bernard-goudjo-la-democratie-a-ete-prise-en-otage-par-le-monde-economique\/#article","isPartOf":{"@id":"https:\/\/lepatriotebenin.com\/index.php\/2024\/03\/11\/pere-raymond-bernard-goudjo-la-democratie-a-ete-prise-en-otage-par-le-monde-economique\/"},"author":{"name":"Roland AFFANOU","@id":"https:\/\/lepatriotebenin.com\/#\/schema\/person\/4a9b67216c97d04045e01405c534c91f"},"headline":"P\u00e8re Raymond Bernard Goudjo\u00a0: \u00ab\u00a0La d\u00e9mocratie a \u00e9t\u00e9 prise en otage par le monde \u00e9conomique\u00a0\u00bb\u00a0","datePublished":"2024-03-11T11:21:01+00:00","dateModified":"2024-03-11T11:32:16+00:00","mainEntityOfPage":{"@id":"https:\/\/lepatriotebenin.com\/index.php\/2024\/03\/11\/pere-raymond-bernard-goudjo-la-democratie-a-ete-prise-en-otage-par-le-monde-economique\/"},"wordCount":1215,"commentCount":0,"image":{"@id":"https:\/\/lepatriotebenin.com\/index.php\/2024\/03\/11\/pere-raymond-bernard-goudjo-la-democratie-a-ete-prise-en-otage-par-le-monde-economique\/#primaryimage"},"thumbnailUrl":"https:\/\/lepatriotebenin.com\/wp-content\/uploads\/2024\/03\/pere-goudjo.jpg","keywords":["P\u00e8re Raymond Bernard Goudjo"],"articleSection":["Politique"],"inLanguage":"fr-FR","potentialAction":[{"@type":"CommentAction","name":"Comment","target":["https:\/\/lepatriotebenin.com\/index.php\/2024\/03\/11\/pere-raymond-bernard-goudjo-la-democratie-a-ete-prise-en-otage-par-le-monde-economique\/#respond"]}]},{"@type":"WebPage","@id":"https:\/\/lepatriotebenin.com\/index.php\/2024\/03\/11\/pere-raymond-bernard-goudjo-la-democratie-a-ete-prise-en-otage-par-le-monde-economique\/","url":"https:\/\/lepatriotebenin.com\/index.php\/2024\/03\/11\/pere-raymond-bernard-goudjo-la-democratie-a-ete-prise-en-otage-par-le-monde-economique\/","name":"P\u00e8re Raymond Bernard Goudjo\u00a0: \u00ab\u00a0La d\u00e9mocratie a \u00e9t\u00e9 prise en otage par le monde \u00e9conomique\u00a0\u00bb\u00a0 - Le Patriote","isPartOf":{"@id":"https:\/\/lepatriotebenin.com\/#website"},"primaryImageOfPage":{"@id":"https:\/\/lepatriotebenin.com\/index.php\/2024\/03\/11\/pere-raymond-bernard-goudjo-la-democratie-a-ete-prise-en-otage-par-le-monde-economique\/#primaryimage"},"image":{"@id":"https:\/\/lepatriotebenin.com\/index.php\/2024\/03\/11\/pere-raymond-bernard-goudjo-la-democratie-a-ete-prise-en-otage-par-le-monde-economique\/#primaryimage"},"thumbnailUrl":"https:\/\/lepatriotebenin.com\/wp-content\/uploads\/2024\/03\/pere-goudjo.jpg","datePublished":"2024-03-11T11:21:01+00:00","dateModified":"2024-03-11T11:32:16+00:00","author":{"@id":"https:\/\/lepatriotebenin.com\/#\/schema\/person\/4a9b67216c97d04045e01405c534c91f"},"breadcrumb":{"@id":"https:\/\/lepatriotebenin.com\/index.php\/2024\/03\/11\/pere-raymond-bernard-goudjo-la-democratie-a-ete-prise-en-otage-par-le-monde-economique\/#breadcrumb"},"inLanguage":"fr-FR","potentialAction":[{"@type":"ReadAction","target":["https:\/\/lepatriotebenin.com\/index.php\/2024\/03\/11\/pere-raymond-bernard-goudjo-la-democratie-a-ete-prise-en-otage-par-le-monde-economique\/"]}]},{"@type":"ImageObject","inLanguage":"fr-FR","@id":"https:\/\/lepatriotebenin.com\/index.php\/2024\/03\/11\/pere-raymond-bernard-goudjo-la-democratie-a-ete-prise-en-otage-par-le-monde-economique\/#primaryimage","url":"https:\/\/lepatriotebenin.com\/wp-content\/uploads\/2024\/03\/pere-goudjo.jpg","contentUrl":"https:\/\/lepatriotebenin.com\/wp-content\/uploads\/2024\/03\/pere-goudjo.jpg","width":581,"height":631},{"@type":"BreadcrumbList","@id":"https:\/\/lepatriotebenin.com\/index.php\/2024\/03\/11\/pere-raymond-bernard-goudjo-la-democratie-a-ete-prise-en-otage-par-le-monde-economique\/#breadcrumb","itemListElement":[{"@type":"ListItem","position":1,"name":"Accueil","item":"https:\/\/lepatriotebenin.com\/"},{"@type":"ListItem","position":2,"name":"P\u00e8re Raymond Bernard Goudjo\u00a0: \u00ab\u00a0La d\u00e9mocratie a \u00e9t\u00e9 prise en otage par le monde \u00e9conomique\u00a0\u00bb\u00a0"}]},{"@type":"WebSite","@id":"https:\/\/lepatriotebenin.com\/#website","url":"https:\/\/lepatriotebenin.com\/","name":"Le Patriote","description":"Le Patriote B\u00e9nin","potentialAction":[{"@type":"SearchAction","target":{"@type":"EntryPoint","urlTemplate":"https:\/\/lepatriotebenin.com\/?s={search_term_string}"},"query-input":{"@type":"PropertyValueSpecification","valueRequired":true,"valueName":"search_term_string"}}],"inLanguage":"fr-FR"},{"@type":"Person","@id":"https:\/\/lepatriotebenin.com\/#\/schema\/person\/4a9b67216c97d04045e01405c534c91f","name":"Roland AFFANOU","image":{"@type":"ImageObject","inLanguage":"fr-FR","@id":"https:\/\/secure.gravatar.com\/avatar\/7209d3f6d2d47ea4d0c67e14d3effb61feb10ae540a4381280c66265de5bd643?s=96&d=mm&r=g","url":"https:\/\/secure.gravatar.com\/avatar\/7209d3f6d2d47ea4d0c67e14d3effb61feb10ae540a4381280c66265de5bd643?s=96&d=mm&r=g","contentUrl":"https:\/\/secure.gravatar.com\/avatar\/7209d3f6d2d47ea4d0c67e14d3effb61feb10ae540a4381280c66265de5bd643?s=96&d=mm&r=g","caption":"Roland AFFANOU"},"url":"https:\/\/lepatriotebenin.com"}]}},"_links":{"self":[{"href":"https:\/\/lepatriotebenin.com\/index.php\/wp-json\/wp\/v2\/posts\/3748","targetHints":{"allow":["GET"]}}],"collection":[{"href":"https:\/\/lepatriotebenin.com\/index.php\/wp-json\/wp\/v2\/posts"}],"about":[{"href":"https:\/\/lepatriotebenin.com\/index.php\/wp-json\/wp\/v2\/types\/post"}],"author":[{"embeddable":true,"href":"https:\/\/lepatriotebenin.com\/index.php\/wp-json\/wp\/v2\/users\/6"}],"replies":[{"embeddable":true,"href":"https:\/\/lepatriotebenin.com\/index.php\/wp-json\/wp\/v2\/comments?post=3748"}],"version-history":[{"count":2,"href":"https:\/\/lepatriotebenin.com\/index.php\/wp-json\/wp\/v2\/posts\/3748\/revisions"}],"predecessor-version":[{"id":3752,"href":"https:\/\/lepatriotebenin.com\/index.php\/wp-json\/wp\/v2\/posts\/3748\/revisions\/3752"}],"wp:featuredmedia":[{"embeddable":true,"href":"https:\/\/lepatriotebenin.com\/index.php\/wp-json\/wp\/v2\/media\/3749"}],"wp:attachment":[{"href":"https:\/\/lepatriotebenin.com\/index.php\/wp-json\/wp\/v2\/media?parent=3748"}],"wp:term":[{"taxonomy":"category","embeddable":true,"href":"https:\/\/lepatriotebenin.com\/index.php\/wp-json\/wp\/v2\/categories?post=3748"},{"taxonomy":"post_tag","embeddable":true,"href":"https:\/\/lepatriotebenin.com\/index.php\/wp-json\/wp\/v2\/tags?post=3748"}],"curies":[{"name":"wp","href":"https:\/\/api.w.org\/{rel}","templated":true}]}}