{"id":3745,"date":"2024-03-11T10:48:36","date_gmt":"2024-03-11T09:48:36","guid":{"rendered":"https:\/\/lepatriotebenin.com\/?p=3745"},"modified":"2024-03-11T10:48:37","modified_gmt":"2024-03-11T09:48:37","slug":"promoteurs-et-usagers-des-bars-au-benin-la-charte-de-bonne-conduite-lancee","status":"publish","type":"post","link":"https:\/\/lepatriotebenin.com\/index.php\/2024\/03\/11\/promoteurs-et-usagers-des-bars-au-benin-la-charte-de-bonne-conduite-lancee\/","title":{"rendered":"\u00a0Promoteurs et usagers des Bars au B\u00e9nin\u00a0:\u00a0La charte de bonne conduite lanc\u00e9e"},"content":{"rendered":"\n<p>Contribuer \u00e0 la protection des filles et femmes serveuses des bars et des restaurants contre les abus, violences et exploitation de tout genre dans 5 d\u00e9partements du B\u00e9nin. Tel est l\u2019objectif vis\u00e9 par Amnesty International B\u00e9nin et l\u2019Association des Promoteurs de bars-restaurants et \u00e9tablissements assimil\u00e9s du B\u00e9nin (ANAPROBAR) en lancement le <strong>vendredi 08 mars 2024<\/strong> au si\u00e8ge de Amnesty International B\u00e9nin la charte de bonne conduite pour les promoteurs et usagers des bars et restaurants au B\u00e9nin.<\/p>\n\n\n\n<p>Dans la pr\u00e9sentation de la charte de bonne conduite, le Coordonnateur de l\u2019\u00e9ducation aux Droits humains \u00e0 Amnesty B\u00e9nin, <strong>Eric Orion Biao<\/strong> a d\u00e9clar\u00e9 que la pr\u00e9sentation au grand public d\u2019une charte de bonne conduite permettra de contribuer \u00e0 la protection des filles et femmes serveuses des bars et restaurants du B\u00e9nin. &nbsp;<em>\u00ab&nbsp;Cette Charte que nous pr\u00e9sentons aujourd\u2019hui est un engagement solennel, un engagement envers la protection des femmes, un engagement pris par plusieurs acteurs et port\u00e9s essentiellement par l\u2019ANAPROBAR<\/em>&nbsp;\u00bb a-t-il laiss\u00e9 entendre avant de poursuivre que ladite Charte \u00ab&nbsp; <em>n\u2019est pas un simple document mais elle appelle \u00e0 l\u2019action , une d\u00e9claration d\u2019 intention \u00e0 transformer nos soci\u00e9t\u00e9s pour qu\u2019elles soient plus&nbsp; sensibles vis-\u00e0-vis des situations des femmes&nbsp; sp\u00e9cifiquement celles travaillant dans le service, dans les d\u00e9bits de boisson et des restaurants<\/em>&nbsp;\u00bb.<\/p>\n\n\n\n<p>&nbsp;Pour le Coordonnateur de l\u2019\u00e9ducation aux Droits humains \u00e0 Amnesty B\u00e9nin, cette initiative rentre dans le cadre du <strong>\u00ab&nbsp;projet Serveuses et dignes&nbsp;\u00bb,<\/strong> un projet d\u2019\u00e9ducation aux droits humains qui selon lui, \u00ab un projet qui visera \u00e0 mobiliser plusieurs acteurs pour que les droits \u00e0 la dignit\u00e9 des filles serveuses&nbsp;soient reconnus dans 5 d\u00e9partements du B\u00e9nin&nbsp;\u00bb. Ces 5 d\u00e9partements sont le <strong>Borgou, l\u2019Atlantique, le Zou, le Littoral et l\u2019Ou\u00e9m\u00e9.<\/strong>&nbsp; Il&nbsp;&nbsp; est \u00e0 pr\u00e9ciser que le \u00ab&nbsp;projet Serveuses et dignes&nbsp;\u00bb est d\u2019une dur\u00e9e de 30 mois (janvier 2023 \u00e0 juin 2025). &nbsp;L\u2019\u00e9laboration de la Charte qui invite \u00e0 la protection des femmes dans leur milieu de travail et qui leur donne un environnement de travail s\u00e9curit\u00e9 a \u00e9t\u00e9 possible avec le soutien du minist\u00e8re des affaires sociales, l\u2019Institut de la Femme (INF) et le minist\u00e8re de l\u2019Int\u00e9rieur et de la s\u00e9curit\u00e9 publique et aussi avec l\u2019appui de l\u2019<em>ANAPROBAR.<\/em><\/p>\n\n\n\n<p><em>&nbsp;&nbsp;<\/em>Le Pr\u00e9sident du Bureau Directeur des Promoteurs de bars-Restaurants et Etablissements assimil\u00e9s du B\u00e9nin (ANAPROBAR), <strong>Charlemagne Adjanohoun<\/strong> a, de son c\u00f4t\u00e9, reconnu qu\u2019\u00e0 travers les enqu\u00eates r\u00e9alis\u00e9es sur le terrain, il y a effectivement certaines choses qui se passent dans les &nbsp;&nbsp;r\u00e9ceptifs qu\u2019il ne faut pas accepter. &nbsp;Les s\u00e9ances faites entre Amnesty International et <em>ANAPROBAR ont, selon <\/em>Le Pr\u00e9sident <strong>Charlemagne Adjanohoun, <\/strong>permis d\u2019\u00e9laborer une Charte de bonne conduite au niveau des bars et restaurants qui concerne surtout les promoteurs et les usagers.&nbsp; Cette charte de bonne conduite comporte dix points.&nbsp;&nbsp; Il a rassur\u00e9 l\u2019assistance que la pr\u00e9sente charte de bonne conduite sera appliqu\u00e9e par les promoteurs et usagers des bars et restaurants.<\/p>\n\n\n\n<p><strong>&nbsp; Constats faits sur le terrain<\/strong><\/p>\n\n\n\n<p><strong>&nbsp; Jules Yago,<\/strong> assistant et suivi \u00e9valuateur \u00e0 Amnesty International B\u00e9nin, a pr\u00e9sent\u00e9 aux professionnels des m\u00e9dias, les r\u00e9sultats d\u2019une enqu\u00eate qu\u2019ils ont r\u00e9alis\u00e9 sur le terrain. De ces r\u00e9sultats, selon lui, il d\u00e9coule que les filles serveuses &nbsp;&nbsp;travaillent plus de 8 heures de temps par jour et 6 jours sur 7 avec un salaire moyen de <strong>29500 fcfa.<\/strong>&nbsp; Il a fait savoir que dans les bars, 80% des filles enqu\u00eat\u00e9es affirment avoir \u00e9t\u00e9 victimes ou t\u00e9moins d\u2019abus ou de violences. Ces filles indexent surtout plus les clients apr\u00e8s les g\u00e9rants et promoteurs de bars Concernant les formes de violence et abus dont ces filles sont victimes, l\u2019assistant et suivi \u00e9valuateur \u00e0 Amnesty International B\u00e9nin a cit\u00e9 l\u2019attouchement d\u00e9plac\u00e9 des clients repr\u00e9sente 40%, les violences verbales, l\u2019exigence de port de v\u00eatement sexy non d\u00e9sir\u00e9 et le non-paiement du salaire de travail.<\/p>\n\n\n\n<p>&nbsp;Ce qui est \u00e0 la base de ces violences et abus, Jules Yago a \u00e9num\u00e9r\u00e9 les pr\u00e9jug\u00e9s et le non-respect du m\u00e9tier de serveuse, l\u2019effet d\u2019alcool, le style vestimentaire et le manque de mesures de protection des bars o\u00f9 elles exercent. Les cons\u00e9quences et les r\u00e9percussions sont donc la stigmatisation et la marginalisation de ces serveuses, l\u2019augmentation du stress, le d\u00e9veloppement de sentiment d\u2019ins\u00e9curit\u00e9, les agressions physiques dues \u00e0 l\u2019abus de l\u2019alcool et les renvois pour celles qui osent d\u00e9noncer les cas d\u2019abus et de violence. &nbsp;Il&nbsp; faut signaler que 90% des&nbsp; filles enqu\u00eat\u00e9es ont&nbsp; indiqu\u00e9 qu\u2019elles &nbsp;n\u2019 ont pas connaissance de m\u00e9canismes de protection qu\u2019elles peuvent faire recours.<\/p>\n","protected":false},"excerpt":{"rendered":"<p>Contribuer \u00e0 la protection des filles et femmes serveuses des bars et des restaurants contre les abus, violences et exploitation de tout genre dans 5 d\u00e9partements du B\u00e9nin. Tel est&hellip;<\/p>\n","protected":false},"author":6,"featured_media":3746,"comment_status":"open","ping_status":"open","sticky":false,"template":"","format":"standard","meta":{"content-type":"","om_disable_all_campaigns":false,"_monsterinsights_skip_tracking":false,"_monsterinsights_sitenote_active":false,"_monsterinsights_sitenote_note":"","_monsterinsights_sitenote_category":0,"_uf_show_specific_survey":0,"_uf_disable_surveys":false,"footnotes":""},"categories":[20],"tags":[316],"class_list":["post-3745","post","type-post","status-publish","format-standard","has-post-thumbnail","hentry","category-societe","tag-promoteurs-et-usagers-des-bars-au-benin"],"aioseo_notices":[],"yoast_head":"<!-- This site is optimized with the Yoast SEO plugin v27.5 - https:\/\/yoast.com\/product\/yoast-seo-wordpress\/ -->\n<title>\u00a0Promoteurs et usagers des Bars au B\u00e9nin\u00a0:\u00a0La charte de bonne conduite lanc\u00e9e - Le Patriote<\/title>\n<meta name=\"robots\" content=\"index, follow, max-snippet:-1, max-image-preview:large, max-video-preview:-1\" \/>\n<link rel=\"canonical\" href=\"https:\/\/lepatriotebenin.com\/index.php\/2024\/03\/11\/promoteurs-et-usagers-des-bars-au-benin-la-charte-de-bonne-conduite-lancee\/\" \/>\n<meta property=\"og:locale\" content=\"fr_FR\" \/>\n<meta property=\"og:type\" content=\"article\" \/>\n<meta property=\"og:title\" content=\"\u00a0Promoteurs et usagers des Bars au B\u00e9nin\u00a0:\u00a0La charte de bonne conduite lanc\u00e9e - Le Patriote\" \/>\n<meta property=\"og:description\" content=\"Contribuer \u00e0 la protection des filles et femmes serveuses des bars et des restaurants contre les abus, violences et exploitation de tout genre dans 5 d\u00e9partements du B\u00e9nin. Tel est&hellip;\" \/>\n<meta property=\"og:url\" content=\"https:\/\/lepatriotebenin.com\/index.php\/2024\/03\/11\/promoteurs-et-usagers-des-bars-au-benin-la-charte-de-bonne-conduite-lancee\/\" \/>\n<meta property=\"og:site_name\" content=\"Le Patriote\" \/>\n<meta property=\"article:published_time\" content=\"2024-03-11T09:48:36+00:00\" \/>\n<meta property=\"article:modified_time\" content=\"2024-03-11T09:48:37+00:00\" \/>\n<meta property=\"og:image\" content=\"https:\/\/lepatriotebenin.com\/wp-content\/uploads\/2024\/03\/am-scaled.jpg\" \/>\n\t<meta property=\"og:image:width\" content=\"2560\" \/>\n\t<meta property=\"og:image:height\" content=\"1707\" \/>\n\t<meta property=\"og:image:type\" content=\"image\/jpeg\" \/>\n<meta name=\"author\" content=\"Roland AFFANOU\" \/>\n<meta name=\"twitter:card\" content=\"summary_large_image\" \/>\n<meta name=\"twitter:label1\" content=\"\u00c9crit par\" \/>\n\t<meta name=\"twitter:data1\" content=\"Roland AFFANOU\" \/>\n\t<meta name=\"twitter:label2\" content=\"Dur\u00e9e de lecture estim\u00e9e\" \/>\n\t<meta name=\"twitter:data2\" content=\"4 minutes\" \/>\n<script type=\"application\/ld+json\" class=\"yoast-schema-graph\">{\"@context\":\"https:\\\/\\\/schema.org\",\"@graph\":[{\"@type\":\"Article\",\"@id\":\"https:\\\/\\\/lepatriotebenin.com\\\/index.php\\\/2024\\\/03\\\/11\\\/promoteurs-et-usagers-des-bars-au-benin-la-charte-de-bonne-conduite-lancee\\\/#article\",\"isPartOf\":{\"@id\":\"https:\\\/\\\/lepatriotebenin.com\\\/index.php\\\/2024\\\/03\\\/11\\\/promoteurs-et-usagers-des-bars-au-benin-la-charte-de-bonne-conduite-lancee\\\/\"},\"author\":{\"name\":\"Roland AFFANOU\",\"@id\":\"https:\\\/\\\/lepatriotebenin.com\\\/#\\\/schema\\\/person\\\/4a9b67216c97d04045e01405c534c91f\"},\"headline\":\"\u00a0Promoteurs et usagers des Bars au B\u00e9nin\u00a0:\u00a0La charte de bonne conduite lanc\u00e9e\",\"datePublished\":\"2024-03-11T09:48:36+00:00\",\"dateModified\":\"2024-03-11T09:48:37+00:00\",\"mainEntityOfPage\":{\"@id\":\"https:\\\/\\\/lepatriotebenin.com\\\/index.php\\\/2024\\\/03\\\/11\\\/promoteurs-et-usagers-des-bars-au-benin-la-charte-de-bonne-conduite-lancee\\\/\"},\"wordCount\":855,\"commentCount\":0,\"image\":{\"@id\":\"https:\\\/\\\/lepatriotebenin.com\\\/index.php\\\/2024\\\/03\\\/11\\\/promoteurs-et-usagers-des-bars-au-benin-la-charte-de-bonne-conduite-lancee\\\/#primaryimage\"},\"thumbnailUrl\":\"https:\\\/\\\/lepatriotebenin.com\\\/wp-content\\\/uploads\\\/2024\\\/03\\\/am-scaled.jpg\",\"keywords\":[\"Promoteurs et usagers des Bars au B\u00e9nin\"],\"articleSection\":[\"Soci\u00e9t\u00e9\"],\"inLanguage\":\"fr-FR\",\"potentialAction\":[{\"@type\":\"CommentAction\",\"name\":\"Comment\",\"target\":[\"https:\\\/\\\/lepatriotebenin.com\\\/index.php\\\/2024\\\/03\\\/11\\\/promoteurs-et-usagers-des-bars-au-benin-la-charte-de-bonne-conduite-lancee\\\/#respond\"]}]},{\"@type\":\"WebPage\",\"@id\":\"https:\\\/\\\/lepatriotebenin.com\\\/index.php\\\/2024\\\/03\\\/11\\\/promoteurs-et-usagers-des-bars-au-benin-la-charte-de-bonne-conduite-lancee\\\/\",\"url\":\"https:\\\/\\\/lepatriotebenin.com\\\/index.php\\\/2024\\\/03\\\/11\\\/promoteurs-et-usagers-des-bars-au-benin-la-charte-de-bonne-conduite-lancee\\\/\",\"name\":\"\u00a0Promoteurs et usagers des Bars au B\u00e9nin\u00a0:\u00a0La charte de bonne conduite lanc\u00e9e - Le Patriote\",\"isPartOf\":{\"@id\":\"https:\\\/\\\/lepatriotebenin.com\\\/#website\"},\"primaryImageOfPage\":{\"@id\":\"https:\\\/\\\/lepatriotebenin.com\\\/index.php\\\/2024\\\/03\\\/11\\\/promoteurs-et-usagers-des-bars-au-benin-la-charte-de-bonne-conduite-lancee\\\/#primaryimage\"},\"image\":{\"@id\":\"https:\\\/\\\/lepatriotebenin.com\\\/index.php\\\/2024\\\/03\\\/11\\\/promoteurs-et-usagers-des-bars-au-benin-la-charte-de-bonne-conduite-lancee\\\/#primaryimage\"},\"thumbnailUrl\":\"https:\\\/\\\/lepatriotebenin.com\\\/wp-content\\\/uploads\\\/2024\\\/03\\\/am-scaled.jpg\",\"datePublished\":\"2024-03-11T09:48:36+00:00\",\"dateModified\":\"2024-03-11T09:48:37+00:00\",\"author\":{\"@id\":\"https:\\\/\\\/lepatriotebenin.com\\\/#\\\/schema\\\/person\\\/4a9b67216c97d04045e01405c534c91f\"},\"breadcrumb\":{\"@id\":\"https:\\\/\\\/lepatriotebenin.com\\\/index.php\\\/2024\\\/03\\\/11\\\/promoteurs-et-usagers-des-bars-au-benin-la-charte-de-bonne-conduite-lancee\\\/#breadcrumb\"},\"inLanguage\":\"fr-FR\",\"potentialAction\":[{\"@type\":\"ReadAction\",\"target\":[\"https:\\\/\\\/lepatriotebenin.com\\\/index.php\\\/2024\\\/03\\\/11\\\/promoteurs-et-usagers-des-bars-au-benin-la-charte-de-bonne-conduite-lancee\\\/\"]}]},{\"@type\":\"ImageObject\",\"inLanguage\":\"fr-FR\",\"@id\":\"https:\\\/\\\/lepatriotebenin.com\\\/index.php\\\/2024\\\/03\\\/11\\\/promoteurs-et-usagers-des-bars-au-benin-la-charte-de-bonne-conduite-lancee\\\/#primaryimage\",\"url\":\"https:\\\/\\\/lepatriotebenin.com\\\/wp-content\\\/uploads\\\/2024\\\/03\\\/am-scaled.jpg\",\"contentUrl\":\"https:\\\/\\\/lepatriotebenin.com\\\/wp-content\\\/uploads\\\/2024\\\/03\\\/am-scaled.jpg\",\"width\":2560,\"height\":1707},{\"@type\":\"BreadcrumbList\",\"@id\":\"https:\\\/\\\/lepatriotebenin.com\\\/index.php\\\/2024\\\/03\\\/11\\\/promoteurs-et-usagers-des-bars-au-benin-la-charte-de-bonne-conduite-lancee\\\/#breadcrumb\",\"itemListElement\":[{\"@type\":\"ListItem\",\"position\":1,\"name\":\"Accueil\",\"item\":\"https:\\\/\\\/lepatriotebenin.com\\\/\"},{\"@type\":\"ListItem\",\"position\":2,\"name\":\"\u00a0Promoteurs et usagers des Bars au B\u00e9nin\u00a0:\u00a0La charte de bonne conduite lanc\u00e9e\"}]},{\"@type\":\"WebSite\",\"@id\":\"https:\\\/\\\/lepatriotebenin.com\\\/#website\",\"url\":\"https:\\\/\\\/lepatriotebenin.com\\\/\",\"name\":\"Le Patriote\",\"description\":\"Le Patriote B\u00e9nin\",\"potentialAction\":[{\"@type\":\"SearchAction\",\"target\":{\"@type\":\"EntryPoint\",\"urlTemplate\":\"https:\\\/\\\/lepatriotebenin.com\\\/?s={search_term_string}\"},\"query-input\":{\"@type\":\"PropertyValueSpecification\",\"valueRequired\":true,\"valueName\":\"search_term_string\"}}],\"inLanguage\":\"fr-FR\"},{\"@type\":\"Person\",\"@id\":\"https:\\\/\\\/lepatriotebenin.com\\\/#\\\/schema\\\/person\\\/4a9b67216c97d04045e01405c534c91f\",\"name\":\"Roland AFFANOU\",\"image\":{\"@type\":\"ImageObject\",\"inLanguage\":\"fr-FR\",\"@id\":\"https:\\\/\\\/secure.gravatar.com\\\/avatar\\\/7209d3f6d2d47ea4d0c67e14d3effb61feb10ae540a4381280c66265de5bd643?s=96&d=mm&r=g\",\"url\":\"https:\\\/\\\/secure.gravatar.com\\\/avatar\\\/7209d3f6d2d47ea4d0c67e14d3effb61feb10ae540a4381280c66265de5bd643?s=96&d=mm&r=g\",\"contentUrl\":\"https:\\\/\\\/secure.gravatar.com\\\/avatar\\\/7209d3f6d2d47ea4d0c67e14d3effb61feb10ae540a4381280c66265de5bd643?s=96&d=mm&r=g\",\"caption\":\"Roland AFFANOU\"},\"url\":\"https:\\\/\\\/lepatriotebenin.com\"}]}<\/script>\n<!-- \/ Yoast SEO plugin. -->","yoast_head_json":{"title":"\u00a0Promoteurs et usagers des Bars au B\u00e9nin\u00a0:\u00a0La charte de bonne conduite lanc\u00e9e - Le Patriote","robots":{"index":"index","follow":"follow","max-snippet":"max-snippet:-1","max-image-preview":"max-image-preview:large","max-video-preview":"max-video-preview:-1"},"canonical":"https:\/\/lepatriotebenin.com\/index.php\/2024\/03\/11\/promoteurs-et-usagers-des-bars-au-benin-la-charte-de-bonne-conduite-lancee\/","og_locale":"fr_FR","og_type":"article","og_title":"\u00a0Promoteurs et usagers des Bars au B\u00e9nin\u00a0:\u00a0La charte de bonne conduite lanc\u00e9e - Le Patriote","og_description":"Contribuer \u00e0 la protection des filles et femmes serveuses des bars et des restaurants contre les abus, violences et exploitation de tout genre dans 5 d\u00e9partements du B\u00e9nin. Tel est&hellip;","og_url":"https:\/\/lepatriotebenin.com\/index.php\/2024\/03\/11\/promoteurs-et-usagers-des-bars-au-benin-la-charte-de-bonne-conduite-lancee\/","og_site_name":"Le Patriote","article_published_time":"2024-03-11T09:48:36+00:00","article_modified_time":"2024-03-11T09:48:37+00:00","og_image":[{"width":2560,"height":1707,"url":"https:\/\/lepatriotebenin.com\/wp-content\/uploads\/2024\/03\/am-scaled.jpg","type":"image\/jpeg"}],"author":"Roland AFFANOU","twitter_card":"summary_large_image","twitter_misc":{"\u00c9crit par":"Roland AFFANOU","Dur\u00e9e de lecture estim\u00e9e":"4 minutes"},"schema":{"@context":"https:\/\/schema.org","@graph":[{"@type":"Article","@id":"https:\/\/lepatriotebenin.com\/index.php\/2024\/03\/11\/promoteurs-et-usagers-des-bars-au-benin-la-charte-de-bonne-conduite-lancee\/#article","isPartOf":{"@id":"https:\/\/lepatriotebenin.com\/index.php\/2024\/03\/11\/promoteurs-et-usagers-des-bars-au-benin-la-charte-de-bonne-conduite-lancee\/"},"author":{"name":"Roland AFFANOU","@id":"https:\/\/lepatriotebenin.com\/#\/schema\/person\/4a9b67216c97d04045e01405c534c91f"},"headline":"\u00a0Promoteurs et usagers des Bars au B\u00e9nin\u00a0:\u00a0La charte de bonne conduite lanc\u00e9e","datePublished":"2024-03-11T09:48:36+00:00","dateModified":"2024-03-11T09:48:37+00:00","mainEntityOfPage":{"@id":"https:\/\/lepatriotebenin.com\/index.php\/2024\/03\/11\/promoteurs-et-usagers-des-bars-au-benin-la-charte-de-bonne-conduite-lancee\/"},"wordCount":855,"commentCount":0,"image":{"@id":"https:\/\/lepatriotebenin.com\/index.php\/2024\/03\/11\/promoteurs-et-usagers-des-bars-au-benin-la-charte-de-bonne-conduite-lancee\/#primaryimage"},"thumbnailUrl":"https:\/\/lepatriotebenin.com\/wp-content\/uploads\/2024\/03\/am-scaled.jpg","keywords":["Promoteurs et usagers des Bars au B\u00e9nin"],"articleSection":["Soci\u00e9t\u00e9"],"inLanguage":"fr-FR","potentialAction":[{"@type":"CommentAction","name":"Comment","target":["https:\/\/lepatriotebenin.com\/index.php\/2024\/03\/11\/promoteurs-et-usagers-des-bars-au-benin-la-charte-de-bonne-conduite-lancee\/#respond"]}]},{"@type":"WebPage","@id":"https:\/\/lepatriotebenin.com\/index.php\/2024\/03\/11\/promoteurs-et-usagers-des-bars-au-benin-la-charte-de-bonne-conduite-lancee\/","url":"https:\/\/lepatriotebenin.com\/index.php\/2024\/03\/11\/promoteurs-et-usagers-des-bars-au-benin-la-charte-de-bonne-conduite-lancee\/","name":"\u00a0Promoteurs et usagers des Bars au B\u00e9nin\u00a0:\u00a0La charte de bonne conduite lanc\u00e9e - Le Patriote","isPartOf":{"@id":"https:\/\/lepatriotebenin.com\/#website"},"primaryImageOfPage":{"@id":"https:\/\/lepatriotebenin.com\/index.php\/2024\/03\/11\/promoteurs-et-usagers-des-bars-au-benin-la-charte-de-bonne-conduite-lancee\/#primaryimage"},"image":{"@id":"https:\/\/lepatriotebenin.com\/index.php\/2024\/03\/11\/promoteurs-et-usagers-des-bars-au-benin-la-charte-de-bonne-conduite-lancee\/#primaryimage"},"thumbnailUrl":"https:\/\/lepatriotebenin.com\/wp-content\/uploads\/2024\/03\/am-scaled.jpg","datePublished":"2024-03-11T09:48:36+00:00","dateModified":"2024-03-11T09:48:37+00:00","author":{"@id":"https:\/\/lepatriotebenin.com\/#\/schema\/person\/4a9b67216c97d04045e01405c534c91f"},"breadcrumb":{"@id":"https:\/\/lepatriotebenin.com\/index.php\/2024\/03\/11\/promoteurs-et-usagers-des-bars-au-benin-la-charte-de-bonne-conduite-lancee\/#breadcrumb"},"inLanguage":"fr-FR","potentialAction":[{"@type":"ReadAction","target":["https:\/\/lepatriotebenin.com\/index.php\/2024\/03\/11\/promoteurs-et-usagers-des-bars-au-benin-la-charte-de-bonne-conduite-lancee\/"]}]},{"@type":"ImageObject","inLanguage":"fr-FR","@id":"https:\/\/lepatriotebenin.com\/index.php\/2024\/03\/11\/promoteurs-et-usagers-des-bars-au-benin-la-charte-de-bonne-conduite-lancee\/#primaryimage","url":"https:\/\/lepatriotebenin.com\/wp-content\/uploads\/2024\/03\/am-scaled.jpg","contentUrl":"https:\/\/lepatriotebenin.com\/wp-content\/uploads\/2024\/03\/am-scaled.jpg","width":2560,"height":1707},{"@type":"BreadcrumbList","@id":"https:\/\/lepatriotebenin.com\/index.php\/2024\/03\/11\/promoteurs-et-usagers-des-bars-au-benin-la-charte-de-bonne-conduite-lancee\/#breadcrumb","itemListElement":[{"@type":"ListItem","position":1,"name":"Accueil","item":"https:\/\/lepatriotebenin.com\/"},{"@type":"ListItem","position":2,"name":"\u00a0Promoteurs et usagers des Bars au B\u00e9nin\u00a0:\u00a0La charte de bonne conduite lanc\u00e9e"}]},{"@type":"WebSite","@id":"https:\/\/lepatriotebenin.com\/#website","url":"https:\/\/lepatriotebenin.com\/","name":"Le Patriote","description":"Le Patriote B\u00e9nin","potentialAction":[{"@type":"SearchAction","target":{"@type":"EntryPoint","urlTemplate":"https:\/\/lepatriotebenin.com\/?s={search_term_string}"},"query-input":{"@type":"PropertyValueSpecification","valueRequired":true,"valueName":"search_term_string"}}],"inLanguage":"fr-FR"},{"@type":"Person","@id":"https:\/\/lepatriotebenin.com\/#\/schema\/person\/4a9b67216c97d04045e01405c534c91f","name":"Roland AFFANOU","image":{"@type":"ImageObject","inLanguage":"fr-FR","@id":"https:\/\/secure.gravatar.com\/avatar\/7209d3f6d2d47ea4d0c67e14d3effb61feb10ae540a4381280c66265de5bd643?s=96&d=mm&r=g","url":"https:\/\/secure.gravatar.com\/avatar\/7209d3f6d2d47ea4d0c67e14d3effb61feb10ae540a4381280c66265de5bd643?s=96&d=mm&r=g","contentUrl":"https:\/\/secure.gravatar.com\/avatar\/7209d3f6d2d47ea4d0c67e14d3effb61feb10ae540a4381280c66265de5bd643?s=96&d=mm&r=g","caption":"Roland AFFANOU"},"url":"https:\/\/lepatriotebenin.com"}]}},"_links":{"self":[{"href":"https:\/\/lepatriotebenin.com\/index.php\/wp-json\/wp\/v2\/posts\/3745","targetHints":{"allow":["GET"]}}],"collection":[{"href":"https:\/\/lepatriotebenin.com\/index.php\/wp-json\/wp\/v2\/posts"}],"about":[{"href":"https:\/\/lepatriotebenin.com\/index.php\/wp-json\/wp\/v2\/types\/post"}],"author":[{"embeddable":true,"href":"https:\/\/lepatriotebenin.com\/index.php\/wp-json\/wp\/v2\/users\/6"}],"replies":[{"embeddable":true,"href":"https:\/\/lepatriotebenin.com\/index.php\/wp-json\/wp\/v2\/comments?post=3745"}],"version-history":[{"count":1,"href":"https:\/\/lepatriotebenin.com\/index.php\/wp-json\/wp\/v2\/posts\/3745\/revisions"}],"predecessor-version":[{"id":3747,"href":"https:\/\/lepatriotebenin.com\/index.php\/wp-json\/wp\/v2\/posts\/3745\/revisions\/3747"}],"wp:featuredmedia":[{"embeddable":true,"href":"https:\/\/lepatriotebenin.com\/index.php\/wp-json\/wp\/v2\/media\/3746"}],"wp:attachment":[{"href":"https:\/\/lepatriotebenin.com\/index.php\/wp-json\/wp\/v2\/media?parent=3745"}],"wp:term":[{"taxonomy":"category","embeddable":true,"href":"https:\/\/lepatriotebenin.com\/index.php\/wp-json\/wp\/v2\/categories?post=3745"},{"taxonomy":"post_tag","embeddable":true,"href":"https:\/\/lepatriotebenin.com\/index.php\/wp-json\/wp\/v2\/tags?post=3745"}],"curies":[{"name":"wp","href":"https:\/\/api.w.org\/{rel}","templated":true}]}}