{"id":3671,"date":"2024-03-06T16:08:35","date_gmt":"2024-03-06T15:08:35","guid":{"rendered":"https:\/\/lepatriotebenin.com\/?p=3671"},"modified":"2024-03-06T17:10:09","modified_gmt":"2024-03-06T16:10:09","slug":"revision-du-code-electoral-ce-que-le-pere-aguenounon-avait-dit-sur-les-10","status":"publish","type":"post","link":"https:\/\/lepatriotebenin.com\/index.php\/2024\/03\/06\/revision-du-code-electoral-ce-que-le-pere-aguenounon-avait-dit-sur-les-10\/","title":{"rendered":"R\u00e9vision du Code \u00e9lectoral\u00a0:\u00a0Ce que le P\u00e8re\u00a0 Agu\u00e9nounon avait dit sur les 10%"},"content":{"rendered":"\n<p>Les d\u00e9put\u00e9s de la 9<sup>\u00e8me<\/sup> l\u00e9gislature ont vot\u00e9 au petit matin du <strong>mercredi 06 mars 2024 <\/strong>la proposition de loi portant modification du Code \u00e9lectoral. Mais les \u00e9lus du peuple ont cors\u00e9 la question des <strong>10 %<\/strong>.\u00a0 Elle est pass\u00e9e \u00e0<strong> 15%.\u00a0 <\/strong>Avec le vote de ce code \u00e9lectoral r\u00e9vis\u00e9 qui augure dans le futur une crise, les faits ne sont-ils pas en train de donner raison au P\u00e8re <strong>Eric Agu\u00e9nounon\u00a0<\/strong>? Re\u00e7u sur la chaine de t\u00e9l\u00e9vision en ligne <strong>ESAE TV<\/strong> le <strong>dimanche 09 avril 2023,<\/strong> le P\u00e8re Eric Agu\u00e9nounon, philosophe politique, Ecrivain \u2013 Essayiste et analyste politique avait opin\u00e9 sur la question.\u00a0 L\u2019analyste politique s\u2019est prononc\u00e9 sur la question des 10 % qui a d\u00e9fray\u00e9 la chronique avant les \u00e9lections l\u00e9gislatives du <strong>dimanche 08 janvier 2023<\/strong>. Certains hommes politiques et partis ont exig\u00e9 la suppression de ces 10 %. \u00a0<\/p>\n\n\n\n<p>Au sujet de la question des 10%, le philosophe politique a fait savoir que cette question <em>\u00ab\u00a0ne permet pas \u00e0 la d\u00e9mocratie \u00e0 la base de s\u2019exprimer\u00a0\u00bb.<\/em>Selon leP\u00e8re Agu\u00e9nounon, il existe des partis politiques qui ne vont qu\u2019aux \u00e9lections municipales ou aux \u00e9lections l\u00e9gislatives. <em>\u00ab Qu\u2019est-ce qu\u2019on fait de ces partis-l\u00e0 ?\u00a0\u00bb <\/em>s\u2019est -il demand\u00e9 prenant l\u2019exemple de la France . L\u2019Ecrivain \u2013 Essayiste a d\u00e9clar\u00e9 qu\u2019il y a des regroupements ou des coalitions qui ne se pr\u00e9sentent qu\u2019aux \u00e9lections, r\u00e9gionales, d\u00e9partementales ou municipales.\u00a0 Le philosophe politique a donc sugg\u00e9r\u00e9 que\u00a0<em>\u00ab\u00a0les 10% soient le barom\u00e8tre pour le financement des partis politiques\u00a0\u00bb.<\/em> Mais \u00ab<em>\u00a0que les 10% ne soient pas le point d\u2019\u00e9ligibilit\u00e9 pour aller si\u00e9ger au Parlement ou bien pour avoir une marie\u00a0\u00bb.<\/em>\u00a0\u00a0Selon lui, en maintenant ces 10%, cela pourrait cr\u00e9er des frustrations, des exclusions et surtout au niveau des \u00e9lections municipales et l\u00e9gislatives.<\/p>\n\n\n\n<p><\/p>\n","protected":false},"excerpt":{"rendered":"<p>Les d\u00e9put\u00e9s de la 9\u00e8me l\u00e9gislature ont vot\u00e9 au petit matin du mercredi 06 mars 2024 la proposition de loi portant modification du Code \u00e9lectoral. Mais les \u00e9lus du peuple&hellip;<\/p>\n","protected":false},"author":6,"featured_media":3672,"comment_status":"open","ping_status":"open","sticky":false,"template":"","format":"standard","meta":{"content-type":"","om_disable_all_campaigns":false,"_monsterinsights_skip_tracking":false,"_monsterinsights_sitenote_active":false,"_monsterinsights_sitenote_note":"","_monsterinsights_sitenote_category":0,"_uf_show_specific_survey":0,"_uf_disable_surveys":false,"footnotes":""},"categories":[26],"tags":[],"class_list":["post-3671","post","type-post","status-publish","format-standard","has-post-thumbnail","hentry","category-politique"],"aioseo_notices":[],"yoast_head":"<!-- This site is optimized with the Yoast SEO plugin v27.5 - https:\/\/yoast.com\/product\/yoast-seo-wordpress\/ -->\n<title>R\u00e9vision du Code \u00e9lectoral\u00a0:\u00a0Ce que le P\u00e8re\u00a0 Agu\u00e9nounon avait dit sur les 10% - Le Patriote<\/title>\n<meta name=\"robots\" content=\"index, follow, max-snippet:-1, max-image-preview:large, max-video-preview:-1\" \/>\n<link rel=\"canonical\" href=\"https:\/\/lepatriotebenin.com\/index.php\/2024\/03\/06\/revision-du-code-electoral-ce-que-le-pere-aguenounon-avait-dit-sur-les-10\/\" \/>\n<meta property=\"og:locale\" content=\"fr_FR\" \/>\n<meta property=\"og:type\" content=\"article\" \/>\n<meta property=\"og:title\" content=\"R\u00e9vision du Code \u00e9lectoral\u00a0:\u00a0Ce que le P\u00e8re\u00a0 Agu\u00e9nounon avait dit sur les 10% - Le Patriote\" \/>\n<meta property=\"og:description\" content=\"Les d\u00e9put\u00e9s de la 9\u00e8me l\u00e9gislature ont vot\u00e9 au petit matin du mercredi 06 mars 2024 la proposition de loi portant modification du Code \u00e9lectoral. Mais les \u00e9lus du peuple&hellip;\" \/>\n<meta property=\"og:url\" content=\"https:\/\/lepatriotebenin.com\/index.php\/2024\/03\/06\/revision-du-code-electoral-ce-que-le-pere-aguenounon-avait-dit-sur-les-10\/\" \/>\n<meta property=\"og:site_name\" content=\"Le Patriote\" \/>\n<meta property=\"article:published_time\" content=\"2024-03-06T15:08:35+00:00\" \/>\n<meta property=\"article:modified_time\" content=\"2024-03-06T16:10:09+00:00\" \/>\n<meta property=\"og:image\" content=\"https:\/\/lepatriotebenin.com\/wp-content\/uploads\/2024\/03\/pere-eric-aguenounon-1.png\" \/>\n\t<meta property=\"og:image:width\" content=\"762\" \/>\n\t<meta property=\"og:image:height\" content=\"512\" \/>\n\t<meta property=\"og:image:type\" content=\"image\/png\" \/>\n<meta name=\"author\" content=\"Roland AFFANOU\" \/>\n<meta name=\"twitter:card\" content=\"summary_large_image\" \/>\n<meta name=\"twitter:label1\" content=\"\u00c9crit par\" \/>\n\t<meta name=\"twitter:data1\" content=\"Roland AFFANOU\" \/>\n\t<meta name=\"twitter:label2\" content=\"Dur\u00e9e de lecture estim\u00e9e\" \/>\n\t<meta name=\"twitter:data2\" content=\"2 minutes\" \/>\n<script type=\"application\/ld+json\" class=\"yoast-schema-graph\">{\"@context\":\"https:\\\/\\\/schema.org\",\"@graph\":[{\"@type\":\"Article\",\"@id\":\"https:\\\/\\\/lepatriotebenin.com\\\/index.php\\\/2024\\\/03\\\/06\\\/revision-du-code-electoral-ce-que-le-pere-aguenounon-avait-dit-sur-les-10\\\/#article\",\"isPartOf\":{\"@id\":\"https:\\\/\\\/lepatriotebenin.com\\\/index.php\\\/2024\\\/03\\\/06\\\/revision-du-code-electoral-ce-que-le-pere-aguenounon-avait-dit-sur-les-10\\\/\"},\"author\":{\"name\":\"Roland AFFANOU\",\"@id\":\"https:\\\/\\\/lepatriotebenin.com\\\/#\\\/schema\\\/person\\\/4a9b67216c97d04045e01405c534c91f\"},\"headline\":\"R\u00e9vision du Code \u00e9lectoral\u00a0:\u00a0Ce que le P\u00e8re\u00a0 Agu\u00e9nounon avait dit sur les 10%\",\"datePublished\":\"2024-03-06T15:08:35+00:00\",\"dateModified\":\"2024-03-06T16:10:09+00:00\",\"mainEntityOfPage\":{\"@id\":\"https:\\\/\\\/lepatriotebenin.com\\\/index.php\\\/2024\\\/03\\\/06\\\/revision-du-code-electoral-ce-que-le-pere-aguenounon-avait-dit-sur-les-10\\\/\"},\"wordCount\":316,\"commentCount\":0,\"image\":{\"@id\":\"https:\\\/\\\/lepatriotebenin.com\\\/index.php\\\/2024\\\/03\\\/06\\\/revision-du-code-electoral-ce-que-le-pere-aguenounon-avait-dit-sur-les-10\\\/#primaryimage\"},\"thumbnailUrl\":\"https:\\\/\\\/lepatriotebenin.com\\\/wp-content\\\/uploads\\\/2024\\\/03\\\/pere-eric-aguenounon-1.png\",\"articleSection\":[\"Politique\"],\"inLanguage\":\"fr-FR\",\"potentialAction\":[{\"@type\":\"CommentAction\",\"name\":\"Comment\",\"target\":[\"https:\\\/\\\/lepatriotebenin.com\\\/index.php\\\/2024\\\/03\\\/06\\\/revision-du-code-electoral-ce-que-le-pere-aguenounon-avait-dit-sur-les-10\\\/#respond\"]}]},{\"@type\":\"WebPage\",\"@id\":\"https:\\\/\\\/lepatriotebenin.com\\\/index.php\\\/2024\\\/03\\\/06\\\/revision-du-code-electoral-ce-que-le-pere-aguenounon-avait-dit-sur-les-10\\\/\",\"url\":\"https:\\\/\\\/lepatriotebenin.com\\\/index.php\\\/2024\\\/03\\\/06\\\/revision-du-code-electoral-ce-que-le-pere-aguenounon-avait-dit-sur-les-10\\\/\",\"name\":\"R\u00e9vision du Code \u00e9lectoral\u00a0:\u00a0Ce que le P\u00e8re\u00a0 Agu\u00e9nounon avait dit sur les 10% - Le Patriote\",\"isPartOf\":{\"@id\":\"https:\\\/\\\/lepatriotebenin.com\\\/#website\"},\"primaryImageOfPage\":{\"@id\":\"https:\\\/\\\/lepatriotebenin.com\\\/index.php\\\/2024\\\/03\\\/06\\\/revision-du-code-electoral-ce-que-le-pere-aguenounon-avait-dit-sur-les-10\\\/#primaryimage\"},\"image\":{\"@id\":\"https:\\\/\\\/lepatriotebenin.com\\\/index.php\\\/2024\\\/03\\\/06\\\/revision-du-code-electoral-ce-que-le-pere-aguenounon-avait-dit-sur-les-10\\\/#primaryimage\"},\"thumbnailUrl\":\"https:\\\/\\\/lepatriotebenin.com\\\/wp-content\\\/uploads\\\/2024\\\/03\\\/pere-eric-aguenounon-1.png\",\"datePublished\":\"2024-03-06T15:08:35+00:00\",\"dateModified\":\"2024-03-06T16:10:09+00:00\",\"author\":{\"@id\":\"https:\\\/\\\/lepatriotebenin.com\\\/#\\\/schema\\\/person\\\/4a9b67216c97d04045e01405c534c91f\"},\"breadcrumb\":{\"@id\":\"https:\\\/\\\/lepatriotebenin.com\\\/index.php\\\/2024\\\/03\\\/06\\\/revision-du-code-electoral-ce-que-le-pere-aguenounon-avait-dit-sur-les-10\\\/#breadcrumb\"},\"inLanguage\":\"fr-FR\",\"potentialAction\":[{\"@type\":\"ReadAction\",\"target\":[\"https:\\\/\\\/lepatriotebenin.com\\\/index.php\\\/2024\\\/03\\\/06\\\/revision-du-code-electoral-ce-que-le-pere-aguenounon-avait-dit-sur-les-10\\\/\"]}]},{\"@type\":\"ImageObject\",\"inLanguage\":\"fr-FR\",\"@id\":\"https:\\\/\\\/lepatriotebenin.com\\\/index.php\\\/2024\\\/03\\\/06\\\/revision-du-code-electoral-ce-que-le-pere-aguenounon-avait-dit-sur-les-10\\\/#primaryimage\",\"url\":\"https:\\\/\\\/lepatriotebenin.com\\\/wp-content\\\/uploads\\\/2024\\\/03\\\/pere-eric-aguenounon-1.png\",\"contentUrl\":\"https:\\\/\\\/lepatriotebenin.com\\\/wp-content\\\/uploads\\\/2024\\\/03\\\/pere-eric-aguenounon-1.png\",\"width\":762,\"height\":512},{\"@type\":\"BreadcrumbList\",\"@id\":\"https:\\\/\\\/lepatriotebenin.com\\\/index.php\\\/2024\\\/03\\\/06\\\/revision-du-code-electoral-ce-que-le-pere-aguenounon-avait-dit-sur-les-10\\\/#breadcrumb\",\"itemListElement\":[{\"@type\":\"ListItem\",\"position\":1,\"name\":\"Accueil\",\"item\":\"https:\\\/\\\/lepatriotebenin.com\\\/\"},{\"@type\":\"ListItem\",\"position\":2,\"name\":\"R\u00e9vision du Code \u00e9lectoral\u00a0:\u00a0Ce que le P\u00e8re\u00a0 Agu\u00e9nounon avait dit sur les 10%\"}]},{\"@type\":\"WebSite\",\"@id\":\"https:\\\/\\\/lepatriotebenin.com\\\/#website\",\"url\":\"https:\\\/\\\/lepatriotebenin.com\\\/\",\"name\":\"Le Patriote\",\"description\":\"Le Patriote B\u00e9nin\",\"potentialAction\":[{\"@type\":\"SearchAction\",\"target\":{\"@type\":\"EntryPoint\",\"urlTemplate\":\"https:\\\/\\\/lepatriotebenin.com\\\/?s={search_term_string}\"},\"query-input\":{\"@type\":\"PropertyValueSpecification\",\"valueRequired\":true,\"valueName\":\"search_term_string\"}}],\"inLanguage\":\"fr-FR\"},{\"@type\":\"Person\",\"@id\":\"https:\\\/\\\/lepatriotebenin.com\\\/#\\\/schema\\\/person\\\/4a9b67216c97d04045e01405c534c91f\",\"name\":\"Roland AFFANOU\",\"image\":{\"@type\":\"ImageObject\",\"inLanguage\":\"fr-FR\",\"@id\":\"https:\\\/\\\/secure.gravatar.com\\\/avatar\\\/7209d3f6d2d47ea4d0c67e14d3effb61feb10ae540a4381280c66265de5bd643?s=96&d=mm&r=g\",\"url\":\"https:\\\/\\\/secure.gravatar.com\\\/avatar\\\/7209d3f6d2d47ea4d0c67e14d3effb61feb10ae540a4381280c66265de5bd643?s=96&d=mm&r=g\",\"contentUrl\":\"https:\\\/\\\/secure.gravatar.com\\\/avatar\\\/7209d3f6d2d47ea4d0c67e14d3effb61feb10ae540a4381280c66265de5bd643?s=96&d=mm&r=g\",\"caption\":\"Roland AFFANOU\"},\"url\":\"https:\\\/\\\/lepatriotebenin.com\"}]}<\/script>\n<!-- \/ Yoast SEO plugin. -->","yoast_head_json":{"title":"R\u00e9vision du Code \u00e9lectoral\u00a0:\u00a0Ce que le P\u00e8re\u00a0 Agu\u00e9nounon avait dit sur les 10% - Le Patriote","robots":{"index":"index","follow":"follow","max-snippet":"max-snippet:-1","max-image-preview":"max-image-preview:large","max-video-preview":"max-video-preview:-1"},"canonical":"https:\/\/lepatriotebenin.com\/index.php\/2024\/03\/06\/revision-du-code-electoral-ce-que-le-pere-aguenounon-avait-dit-sur-les-10\/","og_locale":"fr_FR","og_type":"article","og_title":"R\u00e9vision du Code \u00e9lectoral\u00a0:\u00a0Ce que le P\u00e8re\u00a0 Agu\u00e9nounon avait dit sur les 10% - Le Patriote","og_description":"Les d\u00e9put\u00e9s de la 9\u00e8me l\u00e9gislature ont vot\u00e9 au petit matin du mercredi 06 mars 2024 la proposition de loi portant modification du Code \u00e9lectoral. Mais les \u00e9lus du peuple&hellip;","og_url":"https:\/\/lepatriotebenin.com\/index.php\/2024\/03\/06\/revision-du-code-electoral-ce-que-le-pere-aguenounon-avait-dit-sur-les-10\/","og_site_name":"Le Patriote","article_published_time":"2024-03-06T15:08:35+00:00","article_modified_time":"2024-03-06T16:10:09+00:00","og_image":[{"width":762,"height":512,"url":"https:\/\/lepatriotebenin.com\/wp-content\/uploads\/2024\/03\/pere-eric-aguenounon-1.png","type":"image\/png"}],"author":"Roland AFFANOU","twitter_card":"summary_large_image","twitter_misc":{"\u00c9crit par":"Roland AFFANOU","Dur\u00e9e de lecture estim\u00e9e":"2 minutes"},"schema":{"@context":"https:\/\/schema.org","@graph":[{"@type":"Article","@id":"https:\/\/lepatriotebenin.com\/index.php\/2024\/03\/06\/revision-du-code-electoral-ce-que-le-pere-aguenounon-avait-dit-sur-les-10\/#article","isPartOf":{"@id":"https:\/\/lepatriotebenin.com\/index.php\/2024\/03\/06\/revision-du-code-electoral-ce-que-le-pere-aguenounon-avait-dit-sur-les-10\/"},"author":{"name":"Roland AFFANOU","@id":"https:\/\/lepatriotebenin.com\/#\/schema\/person\/4a9b67216c97d04045e01405c534c91f"},"headline":"R\u00e9vision du Code \u00e9lectoral\u00a0:\u00a0Ce que le P\u00e8re\u00a0 Agu\u00e9nounon avait dit sur les 10%","datePublished":"2024-03-06T15:08:35+00:00","dateModified":"2024-03-06T16:10:09+00:00","mainEntityOfPage":{"@id":"https:\/\/lepatriotebenin.com\/index.php\/2024\/03\/06\/revision-du-code-electoral-ce-que-le-pere-aguenounon-avait-dit-sur-les-10\/"},"wordCount":316,"commentCount":0,"image":{"@id":"https:\/\/lepatriotebenin.com\/index.php\/2024\/03\/06\/revision-du-code-electoral-ce-que-le-pere-aguenounon-avait-dit-sur-les-10\/#primaryimage"},"thumbnailUrl":"https:\/\/lepatriotebenin.com\/wp-content\/uploads\/2024\/03\/pere-eric-aguenounon-1.png","articleSection":["Politique"],"inLanguage":"fr-FR","potentialAction":[{"@type":"CommentAction","name":"Comment","target":["https:\/\/lepatriotebenin.com\/index.php\/2024\/03\/06\/revision-du-code-electoral-ce-que-le-pere-aguenounon-avait-dit-sur-les-10\/#respond"]}]},{"@type":"WebPage","@id":"https:\/\/lepatriotebenin.com\/index.php\/2024\/03\/06\/revision-du-code-electoral-ce-que-le-pere-aguenounon-avait-dit-sur-les-10\/","url":"https:\/\/lepatriotebenin.com\/index.php\/2024\/03\/06\/revision-du-code-electoral-ce-que-le-pere-aguenounon-avait-dit-sur-les-10\/","name":"R\u00e9vision du Code \u00e9lectoral\u00a0:\u00a0Ce que le P\u00e8re\u00a0 Agu\u00e9nounon avait dit sur les 10% - Le Patriote","isPartOf":{"@id":"https:\/\/lepatriotebenin.com\/#website"},"primaryImageOfPage":{"@id":"https:\/\/lepatriotebenin.com\/index.php\/2024\/03\/06\/revision-du-code-electoral-ce-que-le-pere-aguenounon-avait-dit-sur-les-10\/#primaryimage"},"image":{"@id":"https:\/\/lepatriotebenin.com\/index.php\/2024\/03\/06\/revision-du-code-electoral-ce-que-le-pere-aguenounon-avait-dit-sur-les-10\/#primaryimage"},"thumbnailUrl":"https:\/\/lepatriotebenin.com\/wp-content\/uploads\/2024\/03\/pere-eric-aguenounon-1.png","datePublished":"2024-03-06T15:08:35+00:00","dateModified":"2024-03-06T16:10:09+00:00","author":{"@id":"https:\/\/lepatriotebenin.com\/#\/schema\/person\/4a9b67216c97d04045e01405c534c91f"},"breadcrumb":{"@id":"https:\/\/lepatriotebenin.com\/index.php\/2024\/03\/06\/revision-du-code-electoral-ce-que-le-pere-aguenounon-avait-dit-sur-les-10\/#breadcrumb"},"inLanguage":"fr-FR","potentialAction":[{"@type":"ReadAction","target":["https:\/\/lepatriotebenin.com\/index.php\/2024\/03\/06\/revision-du-code-electoral-ce-que-le-pere-aguenounon-avait-dit-sur-les-10\/"]}]},{"@type":"ImageObject","inLanguage":"fr-FR","@id":"https:\/\/lepatriotebenin.com\/index.php\/2024\/03\/06\/revision-du-code-electoral-ce-que-le-pere-aguenounon-avait-dit-sur-les-10\/#primaryimage","url":"https:\/\/lepatriotebenin.com\/wp-content\/uploads\/2024\/03\/pere-eric-aguenounon-1.png","contentUrl":"https:\/\/lepatriotebenin.com\/wp-content\/uploads\/2024\/03\/pere-eric-aguenounon-1.png","width":762,"height":512},{"@type":"BreadcrumbList","@id":"https:\/\/lepatriotebenin.com\/index.php\/2024\/03\/06\/revision-du-code-electoral-ce-que-le-pere-aguenounon-avait-dit-sur-les-10\/#breadcrumb","itemListElement":[{"@type":"ListItem","position":1,"name":"Accueil","item":"https:\/\/lepatriotebenin.com\/"},{"@type":"ListItem","position":2,"name":"R\u00e9vision du Code \u00e9lectoral\u00a0:\u00a0Ce que le P\u00e8re\u00a0 Agu\u00e9nounon avait dit sur les 10%"}]},{"@type":"WebSite","@id":"https:\/\/lepatriotebenin.com\/#website","url":"https:\/\/lepatriotebenin.com\/","name":"Le Patriote","description":"Le Patriote B\u00e9nin","potentialAction":[{"@type":"SearchAction","target":{"@type":"EntryPoint","urlTemplate":"https:\/\/lepatriotebenin.com\/?s={search_term_string}"},"query-input":{"@type":"PropertyValueSpecification","valueRequired":true,"valueName":"search_term_string"}}],"inLanguage":"fr-FR"},{"@type":"Person","@id":"https:\/\/lepatriotebenin.com\/#\/schema\/person\/4a9b67216c97d04045e01405c534c91f","name":"Roland AFFANOU","image":{"@type":"ImageObject","inLanguage":"fr-FR","@id":"https:\/\/secure.gravatar.com\/avatar\/7209d3f6d2d47ea4d0c67e14d3effb61feb10ae540a4381280c66265de5bd643?s=96&d=mm&r=g","url":"https:\/\/secure.gravatar.com\/avatar\/7209d3f6d2d47ea4d0c67e14d3effb61feb10ae540a4381280c66265de5bd643?s=96&d=mm&r=g","contentUrl":"https:\/\/secure.gravatar.com\/avatar\/7209d3f6d2d47ea4d0c67e14d3effb61feb10ae540a4381280c66265de5bd643?s=96&d=mm&r=g","caption":"Roland AFFANOU"},"url":"https:\/\/lepatriotebenin.com"}]}},"_links":{"self":[{"href":"https:\/\/lepatriotebenin.com\/index.php\/wp-json\/wp\/v2\/posts\/3671","targetHints":{"allow":["GET"]}}],"collection":[{"href":"https:\/\/lepatriotebenin.com\/index.php\/wp-json\/wp\/v2\/posts"}],"about":[{"href":"https:\/\/lepatriotebenin.com\/index.php\/wp-json\/wp\/v2\/types\/post"}],"author":[{"embeddable":true,"href":"https:\/\/lepatriotebenin.com\/index.php\/wp-json\/wp\/v2\/users\/6"}],"replies":[{"embeddable":true,"href":"https:\/\/lepatriotebenin.com\/index.php\/wp-json\/wp\/v2\/comments?post=3671"}],"version-history":[{"count":3,"href":"https:\/\/lepatriotebenin.com\/index.php\/wp-json\/wp\/v2\/posts\/3671\/revisions"}],"predecessor-version":[{"id":3683,"href":"https:\/\/lepatriotebenin.com\/index.php\/wp-json\/wp\/v2\/posts\/3671\/revisions\/3683"}],"wp:featuredmedia":[{"embeddable":true,"href":"https:\/\/lepatriotebenin.com\/index.php\/wp-json\/wp\/v2\/media\/3672"}],"wp:attachment":[{"href":"https:\/\/lepatriotebenin.com\/index.php\/wp-json\/wp\/v2\/media?parent=3671"}],"wp:term":[{"taxonomy":"category","embeddable":true,"href":"https:\/\/lepatriotebenin.com\/index.php\/wp-json\/wp\/v2\/categories?post=3671"},{"taxonomy":"post_tag","embeddable":true,"href":"https:\/\/lepatriotebenin.com\/index.php\/wp-json\/wp\/v2\/tags?post=3671"}],"curies":[{"name":"wp","href":"https:\/\/api.w.org\/{rel}","templated":true}]}}