{"id":3374,"date":"2024-02-26T14:42:16","date_gmt":"2024-02-26T13:42:16","guid":{"rendered":"https:\/\/lepatriotebenin.com\/?p=3374"},"modified":"2024-02-26T21:57:04","modified_gmt":"2024-02-26T20:57:04","slug":"demolition-dimmeuble-a-togbin-reaction-de-la-commission-interministerielle-chargee-du-dedommagement","status":"publish","type":"post","link":"https:\/\/lepatriotebenin.com\/index.php\/2024\/02\/26\/demolition-dimmeuble-a-togbin-reaction-de-la-commission-interministerielle-chargee-du-dedommagement\/","title":{"rendered":"\u00a0D\u00e9molition d\u2019un immeuble \u00e0 Togbin:\u00a0La commission du d\u00e9dommagement r\u00e9agit"},"content":{"rendered":"\n<p><strong>La commission interminist\u00e9rielle charg\u00e9e du d\u00e9dommagement des&nbsp; personnes affect\u00e9es par la lib\u00e9ration de &nbsp;la route des p\u00eaches a, dans un communiqu\u00e9 en date du lundi 26 f\u00e9vrier 2024, &nbsp;r\u00e9agi au sujet &nbsp;d\u2019 un \u00e9l\u00e9ment vid\u00e9o qui a circul\u00e9 ce weekend sur les r\u00e9seaux&nbsp; sociaux&nbsp; faisant &nbsp;d\u2019 un homme \u00ab<\/strong><em>qui insinuait dans ses propos que l\u2019Etat aurait entrepris de d\u00e9molir son immeuble sans l\u2019avoir pr\u00e9alablement d\u00e9dommag\u00e9&nbsp;\u00bb.&nbsp;&nbsp;&nbsp;<\/em><\/p>\n\n\n\n<p><em>Pour la Commission, interminist\u00e9rielle charg\u00e9e du d\u00e9dommagement, \u00ab l\u2019expropriation pour cause d\u2019utilit\u00e9 publique ob\u00e9it, en R\u00e9publique du B\u00e9nin, \u00e0 des r\u00e8gles strictes fix\u00e9es par la Constitution et en particulier,&nbsp;par la loi 2013-01 du 14 ao\u00fbt 2013 portant Code foncier et domanial en R\u00e9publique du B\u00e9nin telle que modifi\u00e9e et compl\u00e9t\u00e9e par la loi 2017-15 du 10 ao\u00fbt 201&nbsp;\u00bb .&nbsp; Lire ce communiqu\u00e9 ci-dessous <\/em>:<\/p>\n\n\n\n<p><strong><em>COMMUNIQUE DE PRESSE<\/em><\/strong><\/p>\n\n\n\n<p><em>Le Pr\u00e9sident de la Commission&nbsp;Interminist\u00e9rielle d\u2019expropriation&nbsp;charg\u00e9e de d\u00e9dommagement des personnes affect\u00e9es par les projets le long de la route des P\u00eaches communique&nbsp;:<\/em><\/p>\n\n\n\n<p><em>Il a circul\u00e9 ce weekend sur les r\u00e9seaux sociaux, un \u00e9l\u00e9ment vid\u00e9o exposant un homme, titulaire d\u2019une charge publique, perch\u00e9 sur un immeuble situ\u00e9 dans l\u2019emprise de la \u00ab&nbsp;Route des P\u00eaches&nbsp;\u00bb, qui insinuait dans ses propos que l\u2019Etat aurait entrepris de d\u00e9molir son immeuble sans l\u2019avoir pr\u00e9alablement d\u00e9dommag\u00e9.&nbsp;&nbsp;&nbsp;&nbsp;&nbsp;&nbsp;<\/em><\/p>\n\n\n\n<p><em>Au sujet de cette d\u00e9n\u00e9gation, la Commission&nbsp;Interminist\u00e9rielle en charge&nbsp;du d\u00e9dommagement des personnes affect\u00e9es par les projets le long de la route des P\u00eaches, souhaite rappeler \u00e0 l\u2019attention de l\u2019opinion publique ce qui suit. &nbsp;<\/em><\/p>\n\n\n\n<p><strong><em>1\u00b0)<\/em><\/strong><em>&nbsp;L\u2019expropriation pour cause d\u2019utilit\u00e9 publique ob\u00e9it, en R\u00e9publique du B\u00e9nin, \u00e0 des r\u00e8gles strictes fix\u00e9es par la Constitution et en particulier,&nbsp;par la loi 2013-01 du 14 ao\u00fbt 2013 portant Code foncier et domanial en R\u00e9publique du B\u00e9nin telle que modifi\u00e9e et compl\u00e9t\u00e9e par la loi 2017-15 du 10 ao\u00fbt 2017.<\/em><\/p>\n\n\n\n<p><strong><em>2\u00b0)&nbsp;<\/em><\/strong><em>Conform\u00e9ment aux dispositions des articles 232 et 242 du code foncier et domanial, le montant de l\u2019indemnisation d\u2019une personne affect\u00e9e, d\u00e8s qu\u2019il est fix\u00e9, peut \u00eatre consign\u00e9 par l\u2019autorit\u00e9 expropriante, m\u00eame en l\u2019absence de tout contentieux. Malgr\u00e9 cette possibilit\u00e9 pr\u00e9vue par la loi, la commission d\u2019expropriation ne recourt \u00e0 la consignation que dans des cas exceptionnels, notamment l\u2019indisponibilit\u00e9 ou l\u2019impossibilit\u00e9 de la personne affect\u00e9e \u00e0 se faire payer directement pour des motifs qui lui sont exclusivement imputables, ou le refus d\u00e9lib\u00e9r\u00e9 de collaborer sans motif valable. Dans ce dernier cas, il s\u2019agit \u00e0 la fois d\u2019une opposition \u00e0 la mesure d\u2019expropriation et d\u2019une opposition \u00e0 d\u00e9cision de justice car la prise de possession des lieux est g\u00e9n\u00e9ralement post\u00e9rieure \u00e0 l\u2019ordonnance de cl\u00f4ture et d\u2019envoi \u00e0 la prise de possession en l\u2019absence de lib\u00e9ration volontaire.<\/em><\/p>\n\n\n\n<p><strong><em>3\u00b0)&nbsp;<\/em><\/strong><em>Dans le cas d\u2019esp\u00e8ce, l\u2019immeuble a \u00e9t\u00e9 \u00e9valu\u00e9 \u00e0 deux reprises sur les observations de l\u2019int\u00e9ress\u00e9. De m\u00eame, la Commission et les autorit\u00e9s concern\u00e9es par le projet pr\u00e9vu, sont rest\u00e9es constamment en contact avec lui pour son indemnisation int\u00e9grale. Malgr\u00e9 les multiples relances qui lui ont \u00e9t\u00e9 adress\u00e9s afin de signer les actes n\u00e9cessaires \u00e0 son paiement, l\u2019int\u00e9ress\u00e9 s\u2019est content\u00e9 d\u2019exiger l\u2019int\u00e9gration de son immeuble dans le projet ou la reconstruction dudit immeuble sur une autre portion du m\u00eame site en expropriation.&nbsp;<\/em><\/p>\n\n\n\n<p><strong><em>4\u00b0)<\/em><\/strong><em>&nbsp;Rest\u00e9 d\u00e9lib\u00e9r\u00e9ment inflexible sur ses demandes qui ne r\u00e9pondent strictement d\u2019aucune norme en la mati\u00e8re, le montant correspondant \u00e0 son indemnisation a \u00e9t\u00e9 consign\u00e9 \u00e0 la Caisse des D\u00e9p\u00f4ts et Consignation conform\u00e9ment \u00e0 la loi. C\u2019est apr\u00e8s toute ces diligences que l\u2019autorit\u00e9 expropriante a engag\u00e9 la phase judiciaire qui a abouti \u00e0 la reddition de l\u2019ordonnance contradictoire d\u2019envoi \u00e0 la prise de possession n\u00b0 031\/CSAF-CPI-SPU1\/2023 du 22 novembre 2023, de la Cour sp\u00e9ciale des affaires fonci\u00e8res. Malgr\u00e9 la d\u00e9cision de cl\u00f4ture, une derni\u00e8re mise en demeure par communiqu\u00e9 en date du 22 janvier 2024 a \u00e9t\u00e9 assur\u00e9e par le Ministre en charge du Cadre de Vie et des Transports, charg\u00e9 du D\u00e9veloppement Durable. Face \u00e0 toutes ces d\u00e9marches de l\u2019Administration, l\u2019int\u00e9ress\u00e9 est rest\u00e9 passif.&nbsp;&nbsp;<\/em><\/p>\n\n\n\n<p><em>De tout ce qui pr\u00e9c\u00e8de, il en r\u00e9sulte que la d\u00e9claration selon laquelle l\u2019Etat aurait entrepris la d\u00e9molition de son immeuble sans l\u2019avoir pr\u00e9alablement d\u00e9dommag\u00e9 est mensong\u00e8re. De m\u00eame, l\u2019orchestration de sa r\u00e9sistance est \u00e9tonnante et indigne de la charge publique dont il est investi.&nbsp;&nbsp;<\/em><\/p>\n\n\n\n<p><em>Le Pr\u00e9sident de la Commission&nbsp;Interminist\u00e9rielle&nbsp;de d\u00e9dommagement&nbsp;saisit l\u2019occasion pour rappeler que les voies de droit sont pr\u00e9vues par le Code foncier et domanial au profit des personnes dont les biens font l\u2019objet d\u2019expropriation pour cause d\u2019utilit\u00e9 publique, et que ces voies constituent les canaux appropri\u00e9s pour d\u00e9fendre ses int\u00e9r\u00eats.&nbsp;&nbsp;&nbsp;&nbsp;&nbsp;<\/em><\/p>\n\n\n\n<p><em>Le Pr\u00e9sident des Commissions&nbsp;Interminist\u00e9rielles&nbsp;de d\u00e9dommagement compte sur la compr\u00e9hension de chacun et de tous.<\/em><\/p>\n\n\n\n<p><em>&nbsp;&nbsp;&nbsp;&nbsp;&nbsp;&nbsp;&nbsp;&nbsp;&nbsp;&nbsp;&nbsp; &nbsp;&nbsp;&nbsp;&nbsp;&nbsp;&nbsp;&nbsp;&nbsp;&nbsp;&nbsp;&nbsp; &nbsp;&nbsp;&nbsp;&nbsp;&nbsp;&nbsp;&nbsp;&nbsp;&nbsp;&nbsp;&nbsp;&nbsp;&nbsp;&nbsp; &nbsp; Fait \u00e0 Cotonou, le lundi 26 f\u00e9vrier 2024<\/em><\/p>\n\n\n\n<p><em>&nbsp;&nbsp;&nbsp;&nbsp;&nbsp;&nbsp;&nbsp;&nbsp;&nbsp;&nbsp;&nbsp;&nbsp;&nbsp;&nbsp;&nbsp;&nbsp;&nbsp;&nbsp;&nbsp;&nbsp;&nbsp;&nbsp;&nbsp;&nbsp;&nbsp;&nbsp;&nbsp;&nbsp;&nbsp;&nbsp;&nbsp;&nbsp;&nbsp;&nbsp;&nbsp;&nbsp;&nbsp;&nbsp;&nbsp;&nbsp;&nbsp;&nbsp;&nbsp;&nbsp;&nbsp;&nbsp;&nbsp; Le Pr\u00e9sident de la Commission&nbsp;Interminist\u00e9rielle<\/em><\/p>\n","protected":false},"excerpt":{"rendered":"<p>La commission interminist\u00e9rielle charg\u00e9e du d\u00e9dommagement des&nbsp; personnes affect\u00e9es par la lib\u00e9ration de &nbsp;la route des p\u00eaches a, dans un communiqu\u00e9 en date du lundi 26 f\u00e9vrier 2024, &nbsp;r\u00e9agi au&hellip;<\/p>\n","protected":false},"author":6,"featured_media":3375,"comment_status":"open","ping_status":"open","sticky":false,"template":"","format":"standard","meta":{"content-type":"","om_disable_all_campaigns":false,"_monsterinsights_skip_tracking":false,"_monsterinsights_sitenote_active":false,"_monsterinsights_sitenote_note":"","_monsterinsights_sitenote_category":0,"_uf_show_specific_survey":0,"_uf_disable_surveys":false,"footnotes":""},"categories":[20],"tags":[102],"class_list":["post-3374","post","type-post","status-publish","format-standard","has-post-thumbnail","hentry","category-societe","tag-benin"],"aioseo_notices":[],"yoast_head":"<!-- This site is optimized with the Yoast SEO plugin v27.5 - https:\/\/yoast.com\/product\/yoast-seo-wordpress\/ -->\n<title>\u00a0D\u00e9molition d\u2019un immeuble \u00e0 Togbin:\u00a0La commission du d\u00e9dommagement r\u00e9agit - Le Patriote<\/title>\n<meta name=\"robots\" content=\"index, follow, max-snippet:-1, max-image-preview:large, max-video-preview:-1\" \/>\n<link rel=\"canonical\" href=\"https:\/\/lepatriotebenin.com\/index.php\/2024\/02\/26\/demolition-dimmeuble-a-togbin-reaction-de-la-commission-interministerielle-chargee-du-dedommagement\/\" \/>\n<meta property=\"og:locale\" content=\"fr_FR\" \/>\n<meta property=\"og:type\" content=\"article\" \/>\n<meta property=\"og:title\" content=\"\u00a0D\u00e9molition d\u2019un immeuble \u00e0 Togbin:\u00a0La commission du d\u00e9dommagement r\u00e9agit - Le Patriote\" \/>\n<meta property=\"og:description\" content=\"La commission interminist\u00e9rielle charg\u00e9e du d\u00e9dommagement des&nbsp; personnes affect\u00e9es par la lib\u00e9ration de &nbsp;la route des p\u00eaches a, dans un communiqu\u00e9 en date du lundi 26 f\u00e9vrier 2024, &nbsp;r\u00e9agi au&hellip;\" \/>\n<meta property=\"og:url\" content=\"https:\/\/lepatriotebenin.com\/index.php\/2024\/02\/26\/demolition-dimmeuble-a-togbin-reaction-de-la-commission-interministerielle-chargee-du-dedommagement\/\" \/>\n<meta property=\"og:site_name\" content=\"Le Patriote\" \/>\n<meta property=\"article:published_time\" content=\"2024-02-26T13:42:16+00:00\" \/>\n<meta property=\"article:modified_time\" content=\"2024-02-26T20:57:04+00:00\" \/>\n<meta property=\"og:image\" content=\"https:\/\/lepatriotebenin.com\/wp-content\/uploads\/2024\/02\/immeu.webp\" \/>\n\t<meta property=\"og:image:width\" content=\"1068\" \/>\n\t<meta property=\"og:image:height\" content=\"601\" \/>\n\t<meta property=\"og:image:type\" content=\"image\/webp\" \/>\n<meta name=\"author\" content=\"Roland AFFANOU\" \/>\n<meta name=\"twitter:card\" content=\"summary_large_image\" \/>\n<meta name=\"twitter:label1\" content=\"\u00c9crit par\" \/>\n\t<meta name=\"twitter:data1\" content=\"Roland AFFANOU\" \/>\n\t<meta name=\"twitter:label2\" content=\"Dur\u00e9e de lecture estim\u00e9e\" \/>\n\t<meta name=\"twitter:data2\" content=\"4 minutes\" \/>\n<script type=\"application\/ld+json\" class=\"yoast-schema-graph\">{\"@context\":\"https:\\\/\\\/schema.org\",\"@graph\":[{\"@type\":\"Article\",\"@id\":\"https:\\\/\\\/lepatriotebenin.com\\\/index.php\\\/2024\\\/02\\\/26\\\/demolition-dimmeuble-a-togbin-reaction-de-la-commission-interministerielle-chargee-du-dedommagement\\\/#article\",\"isPartOf\":{\"@id\":\"https:\\\/\\\/lepatriotebenin.com\\\/index.php\\\/2024\\\/02\\\/26\\\/demolition-dimmeuble-a-togbin-reaction-de-la-commission-interministerielle-chargee-du-dedommagement\\\/\"},\"author\":{\"name\":\"Roland AFFANOU\",\"@id\":\"https:\\\/\\\/lepatriotebenin.com\\\/#\\\/schema\\\/person\\\/4a9b67216c97d04045e01405c534c91f\"},\"headline\":\"\u00a0D\u00e9molition d\u2019un immeuble \u00e0 Togbin:\u00a0La commission du d\u00e9dommagement r\u00e9agit\",\"datePublished\":\"2024-02-26T13:42:16+00:00\",\"dateModified\":\"2024-02-26T20:57:04+00:00\",\"mainEntityOfPage\":{\"@id\":\"https:\\\/\\\/lepatriotebenin.com\\\/index.php\\\/2024\\\/02\\\/26\\\/demolition-dimmeuble-a-togbin-reaction-de-la-commission-interministerielle-chargee-du-dedommagement\\\/\"},\"wordCount\":1042,\"commentCount\":0,\"image\":{\"@id\":\"https:\\\/\\\/lepatriotebenin.com\\\/index.php\\\/2024\\\/02\\\/26\\\/demolition-dimmeuble-a-togbin-reaction-de-la-commission-interministerielle-chargee-du-dedommagement\\\/#primaryimage\"},\"thumbnailUrl\":\"https:\\\/\\\/lepatriotebenin.com\\\/wp-content\\\/uploads\\\/2024\\\/02\\\/immeu.webp\",\"keywords\":[\"B\u00e9nin\"],\"articleSection\":[\"Soci\u00e9t\u00e9\"],\"inLanguage\":\"fr-FR\",\"potentialAction\":[{\"@type\":\"CommentAction\",\"name\":\"Comment\",\"target\":[\"https:\\\/\\\/lepatriotebenin.com\\\/index.php\\\/2024\\\/02\\\/26\\\/demolition-dimmeuble-a-togbin-reaction-de-la-commission-interministerielle-chargee-du-dedommagement\\\/#respond\"]}]},{\"@type\":\"WebPage\",\"@id\":\"https:\\\/\\\/lepatriotebenin.com\\\/index.php\\\/2024\\\/02\\\/26\\\/demolition-dimmeuble-a-togbin-reaction-de-la-commission-interministerielle-chargee-du-dedommagement\\\/\",\"url\":\"https:\\\/\\\/lepatriotebenin.com\\\/index.php\\\/2024\\\/02\\\/26\\\/demolition-dimmeuble-a-togbin-reaction-de-la-commission-interministerielle-chargee-du-dedommagement\\\/\",\"name\":\"\u00a0D\u00e9molition d\u2019un immeuble \u00e0 Togbin:\u00a0La commission du d\u00e9dommagement r\u00e9agit - Le Patriote\",\"isPartOf\":{\"@id\":\"https:\\\/\\\/lepatriotebenin.com\\\/#website\"},\"primaryImageOfPage\":{\"@id\":\"https:\\\/\\\/lepatriotebenin.com\\\/index.php\\\/2024\\\/02\\\/26\\\/demolition-dimmeuble-a-togbin-reaction-de-la-commission-interministerielle-chargee-du-dedommagement\\\/#primaryimage\"},\"image\":{\"@id\":\"https:\\\/\\\/lepatriotebenin.com\\\/index.php\\\/2024\\\/02\\\/26\\\/demolition-dimmeuble-a-togbin-reaction-de-la-commission-interministerielle-chargee-du-dedommagement\\\/#primaryimage\"},\"thumbnailUrl\":\"https:\\\/\\\/lepatriotebenin.com\\\/wp-content\\\/uploads\\\/2024\\\/02\\\/immeu.webp\",\"datePublished\":\"2024-02-26T13:42:16+00:00\",\"dateModified\":\"2024-02-26T20:57:04+00:00\",\"author\":{\"@id\":\"https:\\\/\\\/lepatriotebenin.com\\\/#\\\/schema\\\/person\\\/4a9b67216c97d04045e01405c534c91f\"},\"breadcrumb\":{\"@id\":\"https:\\\/\\\/lepatriotebenin.com\\\/index.php\\\/2024\\\/02\\\/26\\\/demolition-dimmeuble-a-togbin-reaction-de-la-commission-interministerielle-chargee-du-dedommagement\\\/#breadcrumb\"},\"inLanguage\":\"fr-FR\",\"potentialAction\":[{\"@type\":\"ReadAction\",\"target\":[\"https:\\\/\\\/lepatriotebenin.com\\\/index.php\\\/2024\\\/02\\\/26\\\/demolition-dimmeuble-a-togbin-reaction-de-la-commission-interministerielle-chargee-du-dedommagement\\\/\"]}]},{\"@type\":\"ImageObject\",\"inLanguage\":\"fr-FR\",\"@id\":\"https:\\\/\\\/lepatriotebenin.com\\\/index.php\\\/2024\\\/02\\\/26\\\/demolition-dimmeuble-a-togbin-reaction-de-la-commission-interministerielle-chargee-du-dedommagement\\\/#primaryimage\",\"url\":\"https:\\\/\\\/lepatriotebenin.com\\\/wp-content\\\/uploads\\\/2024\\\/02\\\/immeu.webp\",\"contentUrl\":\"https:\\\/\\\/lepatriotebenin.com\\\/wp-content\\\/uploads\\\/2024\\\/02\\\/immeu.webp\",\"width\":1068,\"height\":601},{\"@type\":\"BreadcrumbList\",\"@id\":\"https:\\\/\\\/lepatriotebenin.com\\\/index.php\\\/2024\\\/02\\\/26\\\/demolition-dimmeuble-a-togbin-reaction-de-la-commission-interministerielle-chargee-du-dedommagement\\\/#breadcrumb\",\"itemListElement\":[{\"@type\":\"ListItem\",\"position\":1,\"name\":\"Accueil\",\"item\":\"https:\\\/\\\/lepatriotebenin.com\\\/\"},{\"@type\":\"ListItem\",\"position\":2,\"name\":\"\u00a0D\u00e9molition d\u2019un immeuble \u00e0 Togbin:\u00a0La commission du d\u00e9dommagement r\u00e9agit\"}]},{\"@type\":\"WebSite\",\"@id\":\"https:\\\/\\\/lepatriotebenin.com\\\/#website\",\"url\":\"https:\\\/\\\/lepatriotebenin.com\\\/\",\"name\":\"Le Patriote\",\"description\":\"Le Patriote B\u00e9nin\",\"potentialAction\":[{\"@type\":\"SearchAction\",\"target\":{\"@type\":\"EntryPoint\",\"urlTemplate\":\"https:\\\/\\\/lepatriotebenin.com\\\/?s={search_term_string}\"},\"query-input\":{\"@type\":\"PropertyValueSpecification\",\"valueRequired\":true,\"valueName\":\"search_term_string\"}}],\"inLanguage\":\"fr-FR\"},{\"@type\":\"Person\",\"@id\":\"https:\\\/\\\/lepatriotebenin.com\\\/#\\\/schema\\\/person\\\/4a9b67216c97d04045e01405c534c91f\",\"name\":\"Roland AFFANOU\",\"image\":{\"@type\":\"ImageObject\",\"inLanguage\":\"fr-FR\",\"@id\":\"https:\\\/\\\/secure.gravatar.com\\\/avatar\\\/7209d3f6d2d47ea4d0c67e14d3effb61feb10ae540a4381280c66265de5bd643?s=96&d=mm&r=g\",\"url\":\"https:\\\/\\\/secure.gravatar.com\\\/avatar\\\/7209d3f6d2d47ea4d0c67e14d3effb61feb10ae540a4381280c66265de5bd643?s=96&d=mm&r=g\",\"contentUrl\":\"https:\\\/\\\/secure.gravatar.com\\\/avatar\\\/7209d3f6d2d47ea4d0c67e14d3effb61feb10ae540a4381280c66265de5bd643?s=96&d=mm&r=g\",\"caption\":\"Roland AFFANOU\"},\"url\":\"https:\\\/\\\/lepatriotebenin.com\"}]}<\/script>\n<!-- \/ Yoast SEO plugin. -->","yoast_head_json":{"title":"\u00a0D\u00e9molition d\u2019un immeuble \u00e0 Togbin:\u00a0La commission du d\u00e9dommagement r\u00e9agit - Le Patriote","robots":{"index":"index","follow":"follow","max-snippet":"max-snippet:-1","max-image-preview":"max-image-preview:large","max-video-preview":"max-video-preview:-1"},"canonical":"https:\/\/lepatriotebenin.com\/index.php\/2024\/02\/26\/demolition-dimmeuble-a-togbin-reaction-de-la-commission-interministerielle-chargee-du-dedommagement\/","og_locale":"fr_FR","og_type":"article","og_title":"\u00a0D\u00e9molition d\u2019un immeuble \u00e0 Togbin:\u00a0La commission du d\u00e9dommagement r\u00e9agit - Le Patriote","og_description":"La commission interminist\u00e9rielle charg\u00e9e du d\u00e9dommagement des&nbsp; personnes affect\u00e9es par la lib\u00e9ration de &nbsp;la route des p\u00eaches a, dans un communiqu\u00e9 en date du lundi 26 f\u00e9vrier 2024, &nbsp;r\u00e9agi au&hellip;","og_url":"https:\/\/lepatriotebenin.com\/index.php\/2024\/02\/26\/demolition-dimmeuble-a-togbin-reaction-de-la-commission-interministerielle-chargee-du-dedommagement\/","og_site_name":"Le Patriote","article_published_time":"2024-02-26T13:42:16+00:00","article_modified_time":"2024-02-26T20:57:04+00:00","og_image":[{"width":1068,"height":601,"url":"https:\/\/lepatriotebenin.com\/wp-content\/uploads\/2024\/02\/immeu.webp","type":"image\/webp"}],"author":"Roland AFFANOU","twitter_card":"summary_large_image","twitter_misc":{"\u00c9crit par":"Roland AFFANOU","Dur\u00e9e de lecture estim\u00e9e":"4 minutes"},"schema":{"@context":"https:\/\/schema.org","@graph":[{"@type":"Article","@id":"https:\/\/lepatriotebenin.com\/index.php\/2024\/02\/26\/demolition-dimmeuble-a-togbin-reaction-de-la-commission-interministerielle-chargee-du-dedommagement\/#article","isPartOf":{"@id":"https:\/\/lepatriotebenin.com\/index.php\/2024\/02\/26\/demolition-dimmeuble-a-togbin-reaction-de-la-commission-interministerielle-chargee-du-dedommagement\/"},"author":{"name":"Roland AFFANOU","@id":"https:\/\/lepatriotebenin.com\/#\/schema\/person\/4a9b67216c97d04045e01405c534c91f"},"headline":"\u00a0D\u00e9molition d\u2019un immeuble \u00e0 Togbin:\u00a0La commission du d\u00e9dommagement r\u00e9agit","datePublished":"2024-02-26T13:42:16+00:00","dateModified":"2024-02-26T20:57:04+00:00","mainEntityOfPage":{"@id":"https:\/\/lepatriotebenin.com\/index.php\/2024\/02\/26\/demolition-dimmeuble-a-togbin-reaction-de-la-commission-interministerielle-chargee-du-dedommagement\/"},"wordCount":1042,"commentCount":0,"image":{"@id":"https:\/\/lepatriotebenin.com\/index.php\/2024\/02\/26\/demolition-dimmeuble-a-togbin-reaction-de-la-commission-interministerielle-chargee-du-dedommagement\/#primaryimage"},"thumbnailUrl":"https:\/\/lepatriotebenin.com\/wp-content\/uploads\/2024\/02\/immeu.webp","keywords":["B\u00e9nin"],"articleSection":["Soci\u00e9t\u00e9"],"inLanguage":"fr-FR","potentialAction":[{"@type":"CommentAction","name":"Comment","target":["https:\/\/lepatriotebenin.com\/index.php\/2024\/02\/26\/demolition-dimmeuble-a-togbin-reaction-de-la-commission-interministerielle-chargee-du-dedommagement\/#respond"]}]},{"@type":"WebPage","@id":"https:\/\/lepatriotebenin.com\/index.php\/2024\/02\/26\/demolition-dimmeuble-a-togbin-reaction-de-la-commission-interministerielle-chargee-du-dedommagement\/","url":"https:\/\/lepatriotebenin.com\/index.php\/2024\/02\/26\/demolition-dimmeuble-a-togbin-reaction-de-la-commission-interministerielle-chargee-du-dedommagement\/","name":"\u00a0D\u00e9molition d\u2019un immeuble \u00e0 Togbin:\u00a0La commission du d\u00e9dommagement r\u00e9agit - Le Patriote","isPartOf":{"@id":"https:\/\/lepatriotebenin.com\/#website"},"primaryImageOfPage":{"@id":"https:\/\/lepatriotebenin.com\/index.php\/2024\/02\/26\/demolition-dimmeuble-a-togbin-reaction-de-la-commission-interministerielle-chargee-du-dedommagement\/#primaryimage"},"image":{"@id":"https:\/\/lepatriotebenin.com\/index.php\/2024\/02\/26\/demolition-dimmeuble-a-togbin-reaction-de-la-commission-interministerielle-chargee-du-dedommagement\/#primaryimage"},"thumbnailUrl":"https:\/\/lepatriotebenin.com\/wp-content\/uploads\/2024\/02\/immeu.webp","datePublished":"2024-02-26T13:42:16+00:00","dateModified":"2024-02-26T20:57:04+00:00","author":{"@id":"https:\/\/lepatriotebenin.com\/#\/schema\/person\/4a9b67216c97d04045e01405c534c91f"},"breadcrumb":{"@id":"https:\/\/lepatriotebenin.com\/index.php\/2024\/02\/26\/demolition-dimmeuble-a-togbin-reaction-de-la-commission-interministerielle-chargee-du-dedommagement\/#breadcrumb"},"inLanguage":"fr-FR","potentialAction":[{"@type":"ReadAction","target":["https:\/\/lepatriotebenin.com\/index.php\/2024\/02\/26\/demolition-dimmeuble-a-togbin-reaction-de-la-commission-interministerielle-chargee-du-dedommagement\/"]}]},{"@type":"ImageObject","inLanguage":"fr-FR","@id":"https:\/\/lepatriotebenin.com\/index.php\/2024\/02\/26\/demolition-dimmeuble-a-togbin-reaction-de-la-commission-interministerielle-chargee-du-dedommagement\/#primaryimage","url":"https:\/\/lepatriotebenin.com\/wp-content\/uploads\/2024\/02\/immeu.webp","contentUrl":"https:\/\/lepatriotebenin.com\/wp-content\/uploads\/2024\/02\/immeu.webp","width":1068,"height":601},{"@type":"BreadcrumbList","@id":"https:\/\/lepatriotebenin.com\/index.php\/2024\/02\/26\/demolition-dimmeuble-a-togbin-reaction-de-la-commission-interministerielle-chargee-du-dedommagement\/#breadcrumb","itemListElement":[{"@type":"ListItem","position":1,"name":"Accueil","item":"https:\/\/lepatriotebenin.com\/"},{"@type":"ListItem","position":2,"name":"\u00a0D\u00e9molition d\u2019un immeuble \u00e0 Togbin:\u00a0La commission du d\u00e9dommagement r\u00e9agit"}]},{"@type":"WebSite","@id":"https:\/\/lepatriotebenin.com\/#website","url":"https:\/\/lepatriotebenin.com\/","name":"Le Patriote","description":"Le Patriote B\u00e9nin","potentialAction":[{"@type":"SearchAction","target":{"@type":"EntryPoint","urlTemplate":"https:\/\/lepatriotebenin.com\/?s={search_term_string}"},"query-input":{"@type":"PropertyValueSpecification","valueRequired":true,"valueName":"search_term_string"}}],"inLanguage":"fr-FR"},{"@type":"Person","@id":"https:\/\/lepatriotebenin.com\/#\/schema\/person\/4a9b67216c97d04045e01405c534c91f","name":"Roland AFFANOU","image":{"@type":"ImageObject","inLanguage":"fr-FR","@id":"https:\/\/secure.gravatar.com\/avatar\/7209d3f6d2d47ea4d0c67e14d3effb61feb10ae540a4381280c66265de5bd643?s=96&d=mm&r=g","url":"https:\/\/secure.gravatar.com\/avatar\/7209d3f6d2d47ea4d0c67e14d3effb61feb10ae540a4381280c66265de5bd643?s=96&d=mm&r=g","contentUrl":"https:\/\/secure.gravatar.com\/avatar\/7209d3f6d2d47ea4d0c67e14d3effb61feb10ae540a4381280c66265de5bd643?s=96&d=mm&r=g","caption":"Roland AFFANOU"},"url":"https:\/\/lepatriotebenin.com"}]}},"_links":{"self":[{"href":"https:\/\/lepatriotebenin.com\/index.php\/wp-json\/wp\/v2\/posts\/3374","targetHints":{"allow":["GET"]}}],"collection":[{"href":"https:\/\/lepatriotebenin.com\/index.php\/wp-json\/wp\/v2\/posts"}],"about":[{"href":"https:\/\/lepatriotebenin.com\/index.php\/wp-json\/wp\/v2\/types\/post"}],"author":[{"embeddable":true,"href":"https:\/\/lepatriotebenin.com\/index.php\/wp-json\/wp\/v2\/users\/6"}],"replies":[{"embeddable":true,"href":"https:\/\/lepatriotebenin.com\/index.php\/wp-json\/wp\/v2\/comments?post=3374"}],"version-history":[{"count":3,"href":"https:\/\/lepatriotebenin.com\/index.php\/wp-json\/wp\/v2\/posts\/3374\/revisions"}],"predecessor-version":[{"id":3393,"href":"https:\/\/lepatriotebenin.com\/index.php\/wp-json\/wp\/v2\/posts\/3374\/revisions\/3393"}],"wp:featuredmedia":[{"embeddable":true,"href":"https:\/\/lepatriotebenin.com\/index.php\/wp-json\/wp\/v2\/media\/3375"}],"wp:attachment":[{"href":"https:\/\/lepatriotebenin.com\/index.php\/wp-json\/wp\/v2\/media?parent=3374"}],"wp:term":[{"taxonomy":"category","embeddable":true,"href":"https:\/\/lepatriotebenin.com\/index.php\/wp-json\/wp\/v2\/categories?post=3374"},{"taxonomy":"post_tag","embeddable":true,"href":"https:\/\/lepatriotebenin.com\/index.php\/wp-json\/wp\/v2\/tags?post=3374"}],"curies":[{"name":"wp","href":"https:\/\/api.w.org\/{rel}","templated":true}]}}