{"id":3371,"date":"2024-02-26T14:13:16","date_gmt":"2024-02-26T13:13:16","guid":{"rendered":"https:\/\/lepatriotebenin.com\/?p=3371"},"modified":"2024-02-26T14:13:18","modified_gmt":"2024-02-26T13:13:18","slug":"attaques-contre-des-journalistes-en-rdc-rsf-appelle-les-autorites-a-garantir-la-liberte-de-la-presse","status":"publish","type":"post","link":"https:\/\/lepatriotebenin.com\/index.php\/2024\/02\/26\/attaques-contre-des-journalistes-en-rdc-rsf-appelle-les-autorites-a-garantir-la-liberte-de-la-presse\/","title":{"rendered":"Attaques contre des journalistes en RDC : RSF appelle les autorit\u00e9s \u00e0 garantir la libert\u00e9 de la presse"},"content":{"rendered":"\n<p><strong>Apr\u00e8s de graves attaques contre la presse dans la province de l\u2019\u00c9quateur en R\u00e9publique d\u00e9mocratique du Congo (RDC), Reporters sans fronti\u00e8res (RSF) appelle les autorit\u00e9s provinciales \u00e0 poursuivre le dialogue entam\u00e9 avec les journalistes et \u00e0 les laisser exercer librement et sans crainte de repr\u00e9sailles.<\/strong><\/p>\n\n\n\n<p>\u00c0 la suite de graves atteintes \u00e0 la libert\u00e9 de la presse, un dialogue a \u00e9t\u00e9 entam\u00e9 entre les autorit\u00e9s de la province de l\u2019\u00c9quateur, dans le nord-ouest de la R\u00e9publique d\u00e9mocratique du Congo (RDC), et les journalistes. Samedi 17 f\u00e9vrier, le gouverneur de cette province, Bobo Boloko Bolumbu, les a invit\u00e9s dans sa r\u00e9sidence pour une s\u00e9ance de conciliation. Une rencontre qui fait suite au boycott de la couverture de ses activit\u00e9s, d\u00e9cid\u00e9 le 13 f\u00e9vrier par les professionnels de l&rsquo;information de Mbandaka, la capitale provinciale, apr\u00e8s une s\u00e9rie de s\u00e9v\u00e8res atteintes contre la presse les jours pr\u00e9c\u00e9dents.<\/p>\n\n\n\n<p><br>Ce 13 f\u00e9vrier, alors que des journalistes locaux manifestaient pour d\u00e9fendre la libert\u00e9 de la presse, 21 d\u2019entre eux ont \u00e9t\u00e9 interpell\u00e9s par l\u2019Agence nationale de renseignements (ANR) et ont ensuite \u00e9t\u00e9 d\u00e9tenus arbitrairement dans les locaux de l\u2019ANR pendant plusieurs heures avant d\u2019\u00eatre rel\u00e2ch\u00e9s.<\/p>\n\n\n\n<p>\u00a0<br>Ils manifestaient notamment pour apporter leur soutien \u00e0 la directrice provinciale de la <em>Radiot\u00e9l\u00e9vision nationale congolaise (RTNC)<\/em>, <strong>Mimi Etaka<\/strong>, victime d\u2019une agression sur ordre du gouverneur. Le 5 f\u00e9vrier, Bobo Boloko Bolumbu \u00e9tait entr\u00e9 de force dans les locaux de la t\u00e9l\u00e9vision avec des gardes du corps, \u00e0 qui il avait ordonn\u00e9 de passer \u00e0 tabac la journaliste. Il lui reprochait d\u2019avoir refus\u00e9 de diffuser \u00e0 l\u2019antenne trois arr\u00eat\u00e9s portant sur les nominations des nouveaux membres du gouvernement de la province. La directrice avait pourtant accept\u00e9 de le faire apr\u00e8s le journal plus t\u00f4t dans la journ\u00e9e, sans interrompre l\u2019\u00e9mission comme demand\u00e9. Malgr\u00e9 ses tentatives pour se d\u00e9fendre, ses v\u00eatements avaient \u00e9t\u00e9 arrach\u00e9s. La r\u00e9daction avait \u00e9t\u00e9 saccag\u00e9e.<\/p>\n\n\n\n<p>Contact\u00e9 par RSF, Bobo Boloko Bolumbu avait alors affirm\u00e9 que la directrice du m\u00e9dia \u201cn\u2019a[vait] pas \u00e9t\u00e9 attaqu\u00e9e\u201d, et que les images montrant la journaliste \u00e0 terre \u00e9taient \u201cdes montages\u201d mis en sc\u00e8ne par ses d\u00e9tracteurs politiques. \u201cSi j\u2019\u00e9tais sur les lieux, o\u00f9 sont les images ? Il n\u2019en existe aucune qui t\u00e9moigne de la pr\u00e9sence des militaires, pas de photo, rien\u201d. Mardi 20 f\u00e9vrier, il s\u2019est pourtant rendu \u00e0 la <em>RTNC <\/em>pour pr\u00e9senter ses excuses. Mimi Etaka a port\u00e9 plainte.<\/p>\n\n\n\n<p>&nbsp;<br>\u00c0 l&rsquo;issue de la rencontre organis\u00e9e par Bobo Boloko Bolumbu le 17 f\u00e9vrier, les journalistes pr\u00e9sents ont lev\u00e9 le boycott de la couverture des activit\u00e9s du gouverneur provincial. Et le 21 f\u00e9vrier, d\u2019autres journalistes locaux ont organis\u00e9 une r\u00e9union pour le lever \u00e0 leur tour.<br><br>\u00ab&nbsp;<em>Le dialogue entam\u00e9 par le gouverneur de la province de l\u2019\u00c9quateur est un premier signal positif. Il s\u2019agit \u00e0 pr\u00e9sent de prendre des engagements forts en faveur de la libert\u00e9 de la presse, afin de garantir le libre exercice des professionnels des m\u00e9dias, sans crainte de repr\u00e9sailles ou d\u2019ing\u00e9rence. Les r\u00e9centes attaques commises envers des journalistes sont inacceptables, elles ne doivent pas se reproduire. Les autorit\u00e9s doivent s\u2019engager fermement \u00e0 mettre un terme \u00e0 toute forme de harc\u00e8lement envers les professionnels des m\u00e9dias&nbsp;\u00bb<\/em><\/p>\n\n\n\n<p><strong>SADIBOU MARONG<\/strong>, <em><strong>RSF-Bureau Afrique de l&rsquo;Ouest<\/strong><\/em><\/p>\n","protected":false},"excerpt":{"rendered":"<p>Apr\u00e8s de graves attaques contre la presse dans la province de l\u2019\u00c9quateur en R\u00e9publique d\u00e9mocratique du Congo (RDC), Reporters sans fronti\u00e8res (RSF) appelle les autorit\u00e9s provinciales \u00e0 poursuivre le dialogue&hellip;<\/p>\n","protected":false},"author":5,"featured_media":3372,"comment_status":"open","ping_status":"open","sticky":false,"template":"","format":"standard","meta":{"content-type":"","om_disable_all_campaigns":false,"_monsterinsights_skip_tracking":false,"_monsterinsights_sitenote_active":false,"_monsterinsights_sitenote_note":"","_monsterinsights_sitenote_category":0,"_uf_show_specific_survey":0,"_uf_disable_surveys":false,"footnotes":""},"categories":[19],"tags":[272,270,37,271],"class_list":["post-3371","post","type-post","status-publish","format-standard","has-post-thumbnail","hentry","category-sante","tag-boloko-bolumbu","tag-rdc","tag-rsf","tag-sadibou-marong"],"aioseo_notices":[],"yoast_head":"<!-- This site is optimized with the Yoast SEO plugin v27.5 - https:\/\/yoast.com\/product\/yoast-seo-wordpress\/ -->\n<title>Attaques contre des journalistes en RDC : RSF appelle les autorit\u00e9s \u00e0 garantir la libert\u00e9 de la presse - Le Patriote<\/title>\n<meta name=\"robots\" content=\"index, follow, max-snippet:-1, max-image-preview:large, max-video-preview:-1\" \/>\n<link rel=\"canonical\" href=\"https:\/\/lepatriotebenin.com\/index.php\/2024\/02\/26\/attaques-contre-des-journalistes-en-rdc-rsf-appelle-les-autorites-a-garantir-la-liberte-de-la-presse\/\" \/>\n<meta property=\"og:locale\" content=\"fr_FR\" \/>\n<meta property=\"og:type\" content=\"article\" \/>\n<meta property=\"og:title\" content=\"Attaques contre des journalistes en RDC : RSF appelle les autorit\u00e9s \u00e0 garantir la libert\u00e9 de la presse - Le Patriote\" \/>\n<meta property=\"og:description\" content=\"Apr\u00e8s de graves attaques contre la presse dans la province de l\u2019\u00c9quateur en R\u00e9publique d\u00e9mocratique du Congo (RDC), Reporters sans fronti\u00e8res (RSF) appelle les autorit\u00e9s provinciales \u00e0 poursuivre le dialogue&hellip;\" \/>\n<meta property=\"og:url\" content=\"https:\/\/lepatriotebenin.com\/index.php\/2024\/02\/26\/attaques-contre-des-journalistes-en-rdc-rsf-appelle-les-autorites-a-garantir-la-liberte-de-la-presse\/\" \/>\n<meta property=\"og:site_name\" content=\"Le Patriote\" \/>\n<meta property=\"article:published_time\" content=\"2024-02-26T13:13:16+00:00\" \/>\n<meta property=\"article:modified_time\" content=\"2024-02-26T13:13:18+00:00\" \/>\n<meta property=\"og:image\" content=\"https:\/\/lepatriotebenin.com\/wp-content\/uploads\/2024\/02\/marong-1.jpg\" \/>\n\t<meta property=\"og:image:width\" content=\"584\" \/>\n\t<meta property=\"og:image:height\" content=\"470\" \/>\n\t<meta property=\"og:image:type\" content=\"image\/jpeg\" \/>\n<meta name=\"author\" content=\"Redaction\" \/>\n<meta name=\"twitter:card\" content=\"summary_large_image\" \/>\n<meta name=\"twitter:label1\" content=\"\u00c9crit par\" \/>\n\t<meta name=\"twitter:data1\" content=\"Redaction\" \/>\n\t<meta name=\"twitter:label2\" content=\"Dur\u00e9e de lecture estim\u00e9e\" \/>\n\t<meta name=\"twitter:data2\" content=\"3 minutes\" \/>\n<script type=\"application\/ld+json\" class=\"yoast-schema-graph\">{\"@context\":\"https:\\\/\\\/schema.org\",\"@graph\":[{\"@type\":\"Article\",\"@id\":\"https:\\\/\\\/lepatriotebenin.com\\\/index.php\\\/2024\\\/02\\\/26\\\/attaques-contre-des-journalistes-en-rdc-rsf-appelle-les-autorites-a-garantir-la-liberte-de-la-presse\\\/#article\",\"isPartOf\":{\"@id\":\"https:\\\/\\\/lepatriotebenin.com\\\/index.php\\\/2024\\\/02\\\/26\\\/attaques-contre-des-journalistes-en-rdc-rsf-appelle-les-autorites-a-garantir-la-liberte-de-la-presse\\\/\"},\"author\":{\"name\":\"Redaction\",\"@id\":\"https:\\\/\\\/lepatriotebenin.com\\\/#\\\/schema\\\/person\\\/2e7709b9c9cc313e452d1136af61690f\"},\"headline\":\"Attaques contre des journalistes en RDC : RSF appelle les autorit\u00e9s \u00e0 garantir la libert\u00e9 de la presse\",\"datePublished\":\"2024-02-26T13:13:16+00:00\",\"dateModified\":\"2024-02-26T13:13:18+00:00\",\"mainEntityOfPage\":{\"@id\":\"https:\\\/\\\/lepatriotebenin.com\\\/index.php\\\/2024\\\/02\\\/26\\\/attaques-contre-des-journalistes-en-rdc-rsf-appelle-les-autorites-a-garantir-la-liberte-de-la-presse\\\/\"},\"wordCount\":606,\"commentCount\":0,\"image\":{\"@id\":\"https:\\\/\\\/lepatriotebenin.com\\\/index.php\\\/2024\\\/02\\\/26\\\/attaques-contre-des-journalistes-en-rdc-rsf-appelle-les-autorites-a-garantir-la-liberte-de-la-presse\\\/#primaryimage\"},\"thumbnailUrl\":\"https:\\\/\\\/lepatriotebenin.com\\\/wp-content\\\/uploads\\\/2024\\\/02\\\/marong-1.jpg\",\"keywords\":[\"Boloko Bolumbu\",\"RDC\",\"RSF\",\"Sadibou Marong\"],\"articleSection\":[\"Sant\u00e9\"],\"inLanguage\":\"fr-FR\",\"potentialAction\":[{\"@type\":\"CommentAction\",\"name\":\"Comment\",\"target\":[\"https:\\\/\\\/lepatriotebenin.com\\\/index.php\\\/2024\\\/02\\\/26\\\/attaques-contre-des-journalistes-en-rdc-rsf-appelle-les-autorites-a-garantir-la-liberte-de-la-presse\\\/#respond\"]}]},{\"@type\":\"WebPage\",\"@id\":\"https:\\\/\\\/lepatriotebenin.com\\\/index.php\\\/2024\\\/02\\\/26\\\/attaques-contre-des-journalistes-en-rdc-rsf-appelle-les-autorites-a-garantir-la-liberte-de-la-presse\\\/\",\"url\":\"https:\\\/\\\/lepatriotebenin.com\\\/index.php\\\/2024\\\/02\\\/26\\\/attaques-contre-des-journalistes-en-rdc-rsf-appelle-les-autorites-a-garantir-la-liberte-de-la-presse\\\/\",\"name\":\"Attaques contre des journalistes en RDC : RSF appelle les autorit\u00e9s \u00e0 garantir la libert\u00e9 de la presse - Le Patriote\",\"isPartOf\":{\"@id\":\"https:\\\/\\\/lepatriotebenin.com\\\/#website\"},\"primaryImageOfPage\":{\"@id\":\"https:\\\/\\\/lepatriotebenin.com\\\/index.php\\\/2024\\\/02\\\/26\\\/attaques-contre-des-journalistes-en-rdc-rsf-appelle-les-autorites-a-garantir-la-liberte-de-la-presse\\\/#primaryimage\"},\"image\":{\"@id\":\"https:\\\/\\\/lepatriotebenin.com\\\/index.php\\\/2024\\\/02\\\/26\\\/attaques-contre-des-journalistes-en-rdc-rsf-appelle-les-autorites-a-garantir-la-liberte-de-la-presse\\\/#primaryimage\"},\"thumbnailUrl\":\"https:\\\/\\\/lepatriotebenin.com\\\/wp-content\\\/uploads\\\/2024\\\/02\\\/marong-1.jpg\",\"datePublished\":\"2024-02-26T13:13:16+00:00\",\"dateModified\":\"2024-02-26T13:13:18+00:00\",\"author\":{\"@id\":\"https:\\\/\\\/lepatriotebenin.com\\\/#\\\/schema\\\/person\\\/2e7709b9c9cc313e452d1136af61690f\"},\"breadcrumb\":{\"@id\":\"https:\\\/\\\/lepatriotebenin.com\\\/index.php\\\/2024\\\/02\\\/26\\\/attaques-contre-des-journalistes-en-rdc-rsf-appelle-les-autorites-a-garantir-la-liberte-de-la-presse\\\/#breadcrumb\"},\"inLanguage\":\"fr-FR\",\"potentialAction\":[{\"@type\":\"ReadAction\",\"target\":[\"https:\\\/\\\/lepatriotebenin.com\\\/index.php\\\/2024\\\/02\\\/26\\\/attaques-contre-des-journalistes-en-rdc-rsf-appelle-les-autorites-a-garantir-la-liberte-de-la-presse\\\/\"]}]},{\"@type\":\"ImageObject\",\"inLanguage\":\"fr-FR\",\"@id\":\"https:\\\/\\\/lepatriotebenin.com\\\/index.php\\\/2024\\\/02\\\/26\\\/attaques-contre-des-journalistes-en-rdc-rsf-appelle-les-autorites-a-garantir-la-liberte-de-la-presse\\\/#primaryimage\",\"url\":\"https:\\\/\\\/lepatriotebenin.com\\\/wp-content\\\/uploads\\\/2024\\\/02\\\/marong-1.jpg\",\"contentUrl\":\"https:\\\/\\\/lepatriotebenin.com\\\/wp-content\\\/uploads\\\/2024\\\/02\\\/marong-1.jpg\",\"width\":584,\"height\":470},{\"@type\":\"BreadcrumbList\",\"@id\":\"https:\\\/\\\/lepatriotebenin.com\\\/index.php\\\/2024\\\/02\\\/26\\\/attaques-contre-des-journalistes-en-rdc-rsf-appelle-les-autorites-a-garantir-la-liberte-de-la-presse\\\/#breadcrumb\",\"itemListElement\":[{\"@type\":\"ListItem\",\"position\":1,\"name\":\"Accueil\",\"item\":\"https:\\\/\\\/lepatriotebenin.com\\\/\"},{\"@type\":\"ListItem\",\"position\":2,\"name\":\"Attaques contre des journalistes en RDC : RSF appelle les autorit\u00e9s \u00e0 garantir la libert\u00e9 de la presse\"}]},{\"@type\":\"WebSite\",\"@id\":\"https:\\\/\\\/lepatriotebenin.com\\\/#website\",\"url\":\"https:\\\/\\\/lepatriotebenin.com\\\/\",\"name\":\"Le Patriote\",\"description\":\"Le Patriote B\u00e9nin\",\"potentialAction\":[{\"@type\":\"SearchAction\",\"target\":{\"@type\":\"EntryPoint\",\"urlTemplate\":\"https:\\\/\\\/lepatriotebenin.com\\\/?s={search_term_string}\"},\"query-input\":{\"@type\":\"PropertyValueSpecification\",\"valueRequired\":true,\"valueName\":\"search_term_string\"}}],\"inLanguage\":\"fr-FR\"},{\"@type\":\"Person\",\"@id\":\"https:\\\/\\\/lepatriotebenin.com\\\/#\\\/schema\\\/person\\\/2e7709b9c9cc313e452d1136af61690f\",\"name\":\"Redaction\",\"image\":{\"@type\":\"ImageObject\",\"inLanguage\":\"fr-FR\",\"@id\":\"https:\\\/\\\/secure.gravatar.com\\\/avatar\\\/c4c509357859ea2ca2cbb6d8812898a73e4ef1ef9934c2e591d7e32face734d1?s=96&d=mm&r=g\",\"url\":\"https:\\\/\\\/secure.gravatar.com\\\/avatar\\\/c4c509357859ea2ca2cbb6d8812898a73e4ef1ef9934c2e591d7e32face734d1?s=96&d=mm&r=g\",\"contentUrl\":\"https:\\\/\\\/secure.gravatar.com\\\/avatar\\\/c4c509357859ea2ca2cbb6d8812898a73e4ef1ef9934c2e591d7e32face734d1?s=96&d=mm&r=g\",\"caption\":\"Redaction\"},\"url\":\"https:\\\/\\\/lepatriotebenin.com\"}]}<\/script>\n<!-- \/ Yoast SEO plugin. -->","yoast_head_json":{"title":"Attaques contre des journalistes en RDC : RSF appelle les autorit\u00e9s \u00e0 garantir la libert\u00e9 de la presse - Le Patriote","robots":{"index":"index","follow":"follow","max-snippet":"max-snippet:-1","max-image-preview":"max-image-preview:large","max-video-preview":"max-video-preview:-1"},"canonical":"https:\/\/lepatriotebenin.com\/index.php\/2024\/02\/26\/attaques-contre-des-journalistes-en-rdc-rsf-appelle-les-autorites-a-garantir-la-liberte-de-la-presse\/","og_locale":"fr_FR","og_type":"article","og_title":"Attaques contre des journalistes en RDC : RSF appelle les autorit\u00e9s \u00e0 garantir la libert\u00e9 de la presse - Le Patriote","og_description":"Apr\u00e8s de graves attaques contre la presse dans la province de l\u2019\u00c9quateur en R\u00e9publique d\u00e9mocratique du Congo (RDC), Reporters sans fronti\u00e8res (RSF) appelle les autorit\u00e9s provinciales \u00e0 poursuivre le dialogue&hellip;","og_url":"https:\/\/lepatriotebenin.com\/index.php\/2024\/02\/26\/attaques-contre-des-journalistes-en-rdc-rsf-appelle-les-autorites-a-garantir-la-liberte-de-la-presse\/","og_site_name":"Le Patriote","article_published_time":"2024-02-26T13:13:16+00:00","article_modified_time":"2024-02-26T13:13:18+00:00","og_image":[{"width":584,"height":470,"url":"https:\/\/lepatriotebenin.com\/wp-content\/uploads\/2024\/02\/marong-1.jpg","type":"image\/jpeg"}],"author":"Redaction","twitter_card":"summary_large_image","twitter_misc":{"\u00c9crit par":"Redaction","Dur\u00e9e de lecture estim\u00e9e":"3 minutes"},"schema":{"@context":"https:\/\/schema.org","@graph":[{"@type":"Article","@id":"https:\/\/lepatriotebenin.com\/index.php\/2024\/02\/26\/attaques-contre-des-journalistes-en-rdc-rsf-appelle-les-autorites-a-garantir-la-liberte-de-la-presse\/#article","isPartOf":{"@id":"https:\/\/lepatriotebenin.com\/index.php\/2024\/02\/26\/attaques-contre-des-journalistes-en-rdc-rsf-appelle-les-autorites-a-garantir-la-liberte-de-la-presse\/"},"author":{"name":"Redaction","@id":"https:\/\/lepatriotebenin.com\/#\/schema\/person\/2e7709b9c9cc313e452d1136af61690f"},"headline":"Attaques contre des journalistes en RDC : RSF appelle les autorit\u00e9s \u00e0 garantir la libert\u00e9 de la presse","datePublished":"2024-02-26T13:13:16+00:00","dateModified":"2024-02-26T13:13:18+00:00","mainEntityOfPage":{"@id":"https:\/\/lepatriotebenin.com\/index.php\/2024\/02\/26\/attaques-contre-des-journalistes-en-rdc-rsf-appelle-les-autorites-a-garantir-la-liberte-de-la-presse\/"},"wordCount":606,"commentCount":0,"image":{"@id":"https:\/\/lepatriotebenin.com\/index.php\/2024\/02\/26\/attaques-contre-des-journalistes-en-rdc-rsf-appelle-les-autorites-a-garantir-la-liberte-de-la-presse\/#primaryimage"},"thumbnailUrl":"https:\/\/lepatriotebenin.com\/wp-content\/uploads\/2024\/02\/marong-1.jpg","keywords":["Boloko Bolumbu","RDC","RSF","Sadibou Marong"],"articleSection":["Sant\u00e9"],"inLanguage":"fr-FR","potentialAction":[{"@type":"CommentAction","name":"Comment","target":["https:\/\/lepatriotebenin.com\/index.php\/2024\/02\/26\/attaques-contre-des-journalistes-en-rdc-rsf-appelle-les-autorites-a-garantir-la-liberte-de-la-presse\/#respond"]}]},{"@type":"WebPage","@id":"https:\/\/lepatriotebenin.com\/index.php\/2024\/02\/26\/attaques-contre-des-journalistes-en-rdc-rsf-appelle-les-autorites-a-garantir-la-liberte-de-la-presse\/","url":"https:\/\/lepatriotebenin.com\/index.php\/2024\/02\/26\/attaques-contre-des-journalistes-en-rdc-rsf-appelle-les-autorites-a-garantir-la-liberte-de-la-presse\/","name":"Attaques contre des journalistes en RDC : RSF appelle les autorit\u00e9s \u00e0 garantir la libert\u00e9 de la presse - Le Patriote","isPartOf":{"@id":"https:\/\/lepatriotebenin.com\/#website"},"primaryImageOfPage":{"@id":"https:\/\/lepatriotebenin.com\/index.php\/2024\/02\/26\/attaques-contre-des-journalistes-en-rdc-rsf-appelle-les-autorites-a-garantir-la-liberte-de-la-presse\/#primaryimage"},"image":{"@id":"https:\/\/lepatriotebenin.com\/index.php\/2024\/02\/26\/attaques-contre-des-journalistes-en-rdc-rsf-appelle-les-autorites-a-garantir-la-liberte-de-la-presse\/#primaryimage"},"thumbnailUrl":"https:\/\/lepatriotebenin.com\/wp-content\/uploads\/2024\/02\/marong-1.jpg","datePublished":"2024-02-26T13:13:16+00:00","dateModified":"2024-02-26T13:13:18+00:00","author":{"@id":"https:\/\/lepatriotebenin.com\/#\/schema\/person\/2e7709b9c9cc313e452d1136af61690f"},"breadcrumb":{"@id":"https:\/\/lepatriotebenin.com\/index.php\/2024\/02\/26\/attaques-contre-des-journalistes-en-rdc-rsf-appelle-les-autorites-a-garantir-la-liberte-de-la-presse\/#breadcrumb"},"inLanguage":"fr-FR","potentialAction":[{"@type":"ReadAction","target":["https:\/\/lepatriotebenin.com\/index.php\/2024\/02\/26\/attaques-contre-des-journalistes-en-rdc-rsf-appelle-les-autorites-a-garantir-la-liberte-de-la-presse\/"]}]},{"@type":"ImageObject","inLanguage":"fr-FR","@id":"https:\/\/lepatriotebenin.com\/index.php\/2024\/02\/26\/attaques-contre-des-journalistes-en-rdc-rsf-appelle-les-autorites-a-garantir-la-liberte-de-la-presse\/#primaryimage","url":"https:\/\/lepatriotebenin.com\/wp-content\/uploads\/2024\/02\/marong-1.jpg","contentUrl":"https:\/\/lepatriotebenin.com\/wp-content\/uploads\/2024\/02\/marong-1.jpg","width":584,"height":470},{"@type":"BreadcrumbList","@id":"https:\/\/lepatriotebenin.com\/index.php\/2024\/02\/26\/attaques-contre-des-journalistes-en-rdc-rsf-appelle-les-autorites-a-garantir-la-liberte-de-la-presse\/#breadcrumb","itemListElement":[{"@type":"ListItem","position":1,"name":"Accueil","item":"https:\/\/lepatriotebenin.com\/"},{"@type":"ListItem","position":2,"name":"Attaques contre des journalistes en RDC : RSF appelle les autorit\u00e9s \u00e0 garantir la libert\u00e9 de la presse"}]},{"@type":"WebSite","@id":"https:\/\/lepatriotebenin.com\/#website","url":"https:\/\/lepatriotebenin.com\/","name":"Le Patriote","description":"Le Patriote B\u00e9nin","potentialAction":[{"@type":"SearchAction","target":{"@type":"EntryPoint","urlTemplate":"https:\/\/lepatriotebenin.com\/?s={search_term_string}"},"query-input":{"@type":"PropertyValueSpecification","valueRequired":true,"valueName":"search_term_string"}}],"inLanguage":"fr-FR"},{"@type":"Person","@id":"https:\/\/lepatriotebenin.com\/#\/schema\/person\/2e7709b9c9cc313e452d1136af61690f","name":"Redaction","image":{"@type":"ImageObject","inLanguage":"fr-FR","@id":"https:\/\/secure.gravatar.com\/avatar\/c4c509357859ea2ca2cbb6d8812898a73e4ef1ef9934c2e591d7e32face734d1?s=96&d=mm&r=g","url":"https:\/\/secure.gravatar.com\/avatar\/c4c509357859ea2ca2cbb6d8812898a73e4ef1ef9934c2e591d7e32face734d1?s=96&d=mm&r=g","contentUrl":"https:\/\/secure.gravatar.com\/avatar\/c4c509357859ea2ca2cbb6d8812898a73e4ef1ef9934c2e591d7e32face734d1?s=96&d=mm&r=g","caption":"Redaction"},"url":"https:\/\/lepatriotebenin.com"}]}},"_links":{"self":[{"href":"https:\/\/lepatriotebenin.com\/index.php\/wp-json\/wp\/v2\/posts\/3371","targetHints":{"allow":["GET"]}}],"collection":[{"href":"https:\/\/lepatriotebenin.com\/index.php\/wp-json\/wp\/v2\/posts"}],"about":[{"href":"https:\/\/lepatriotebenin.com\/index.php\/wp-json\/wp\/v2\/types\/post"}],"author":[{"embeddable":true,"href":"https:\/\/lepatriotebenin.com\/index.php\/wp-json\/wp\/v2\/users\/5"}],"replies":[{"embeddable":true,"href":"https:\/\/lepatriotebenin.com\/index.php\/wp-json\/wp\/v2\/comments?post=3371"}],"version-history":[{"count":1,"href":"https:\/\/lepatriotebenin.com\/index.php\/wp-json\/wp\/v2\/posts\/3371\/revisions"}],"predecessor-version":[{"id":3373,"href":"https:\/\/lepatriotebenin.com\/index.php\/wp-json\/wp\/v2\/posts\/3371\/revisions\/3373"}],"wp:featuredmedia":[{"embeddable":true,"href":"https:\/\/lepatriotebenin.com\/index.php\/wp-json\/wp\/v2\/media\/3372"}],"wp:attachment":[{"href":"https:\/\/lepatriotebenin.com\/index.php\/wp-json\/wp\/v2\/media?parent=3371"}],"wp:term":[{"taxonomy":"category","embeddable":true,"href":"https:\/\/lepatriotebenin.com\/index.php\/wp-json\/wp\/v2\/categories?post=3371"},{"taxonomy":"post_tag","embeddable":true,"href":"https:\/\/lepatriotebenin.com\/index.php\/wp-json\/wp\/v2\/tags?post=3371"}],"curies":[{"name":"wp","href":"https:\/\/api.w.org\/{rel}","templated":true}]}}