{"id":3176,"date":"2024-02-16T15:23:53","date_gmt":"2024-02-16T14:23:53","guid":{"rendered":"https:\/\/lepatriotebenin.com\/?p=3176"},"modified":"2024-02-16T16:19:45","modified_gmt":"2024-02-16T15:19:45","slug":"retraite-doffice-au-sein-de-forces-de-defense-et-securite-personne-na-dit-daller-appliquer-la-loi-de-cette-maniere-se","status":"publish","type":"post","link":"https:\/\/lepatriotebenin.com\/index.php\/2024\/02\/16\/retraite-doffice-au-sein-de-forces-de-defense-et-securite-personne-na-dit-daller-appliquer-la-loi-de-cette-maniere-se\/","title":{"rendered":"Retraite d\u2019office au sein de Forces de d\u00e9fense et s\u00e9curit\u00e9\u00a0: \u00ab\u00a0Personne n\u2019a dit d\u2019aller appliquer\u00a0\u00bb la loi \u00ab\u00a0de cette mani\u00e8re\u00a0\u00bb, selon Nassirou Bako Arifari"},"content":{"rendered":"\n<p>L\u2019ancien ministre des Affaires \u00e9trang\u00e8res et d\u00e9put\u00e9 de la 9<sup>\u00e8me<\/sup> l\u00e9gislature<strong>, Nassirou Bako Arifari<\/strong> a donn\u00e9 sa part de v\u00e9rit\u00e9 sur la pol\u00e9mique qui est en cours dans le pays au sujet de la retraite d\u2019office au sein des Forces de d\u00e9fense et s\u00e9curit\u00e9. Lors d\u2019un d\u00e9bat initi\u00e9 par l\u2019Institut des artisans de justice et de paix (IAJP) le <strong>jeudi 15 f\u00e9vrier 2024<\/strong> au Chant d\u2019Oiseau de Cotonou sur le th\u00e8me <em>\u00ab\u00a0La Coop\u00e9ration sous r\u00e9gionale et les probl\u00e8mes d\u2019ins\u00e9curit\u00e9 et de terrorisme au B\u00e9nin\u00a0\u00bb,<\/em> l\u2019ancien ministre des affaires \u00e9trang\u00e8res a d\u00e9clar\u00e9 qu\u2019effectivement, la loi a \u00e9t\u00e9 vot\u00e9e \u00e0 l\u2019Assembl\u00e9e nationale. \u00a0Selon lui, \u00ab\u00a0Une loi dispose\u00a0\u00bb et que \u00ab\u00a0lorsque vous votez la loi, \u00e0 l\u2019application vous n\u2019y \u00eates pas. C\u2019est le gouvernement, la justice ou autres choses,<\/p>\n\n\n\n<p>&nbsp;Mais il a tenu \u00e0 pr\u00e9ciser que <em>\u00ab&nbsp;personne n\u2019a dit d\u2019aller appliquer<\/em> <em>la loi de cette mani\u00e8re<\/em>&nbsp;\u00bb et que <em>\u00ab&nbsp;personne, en votant cette loi, n\u2019a imagin\u00e9 qu\u2019on pouvait aboutir \u00e0 de d\u00e9part massif, \u00e0 des mises \u00e0 la retraite massives<\/em>&nbsp;\u00bb.&nbsp;<em>\u00ab Le gouvernement, qui a la politique nationale de s\u00e9curit\u00e9, qui d\u00e9cide en fonction de ses contraintes dit, dans la pyramide militaire des grades et consorts, il y a une inversion de la pyramide, Il y a plus de grad\u00e9s que des gens \u00e0 commander&nbsp;\u00bb<\/em> a indiqu\u00e9 le d\u00e9put\u00e9 Nassirou Bako Arifari. Il a fait savoir que \u00ab<em>&nbsp;dans les situations post conflits, il y a ce qu\u2019on appelle les DDR (D\u00e9mobilisation, D\u00e9sarmement, r\u00e9insertion)<\/em>&nbsp;\u00bb.<\/p>\n\n\n\n<p>&nbsp;L\u2019ancien ministre<strong>, <\/strong>Nassirou Bako Arifari a expliqu\u00e9 que <em>\u00ab&nbsp;c\u2019est des combattants qui eux ont combattu mais qui sont d\u00e9sarm\u00e9s et \u00e0 qui l\u2019on trouve des ressources pour les r\u00e9ins\u00e9rer dans la vie sociale&nbsp;\u00bb.<\/em>&nbsp; Il a soulign\u00e9 que cela <em>\u00ab&nbsp;fait partie des d\u00e9marches de r\u00e9forme du secteur de la s\u00e9curit\u00e9 et de la d\u00e9fense&nbsp;\u00bb.<\/em> <em>\u00ab&nbsp;C\u2019est \u00e7a que le gouvernement applique \u00e0 sa mani\u00e8re&nbsp;\u00bb<\/em> a le d\u00e9put\u00e9 du parti Bloc R\u00e9publicain avant d\u2019ajouter qu\u2019\u00ab<em>&nbsp;il y a des mesures d\u2019accompagnement&nbsp;\u00bb.<\/em> Certainement, dit-il, <em>\u00ab&nbsp;peut-\u00eatre que ces mesures pourraient \u00eatre plus all\u00e9chantes et cr\u00e9es de nouvelle vocation et de nouvelle carri\u00e8re pour des gens qui seraient d\u00e9j\u00e0 peut-\u00eatre partis avec plus de ressources&nbsp;\u00bb<\/em>.<em> \u00ab&nbsp;Moi, je pense, ne dramatisons pas au-del\u00e0 de ce qui est normal mais essayons de voir le contexte et d\u2019expliquer. Les d\u00e9put\u00e9s n\u2019ont pas vot\u00e9 \u00e7a pour aboutir \u00e0 \u00e7a.&nbsp; Maintenant le gouvernement gouverne et \u00e7a c\u2019est des actes du gouvernement&nbsp;\u00bb<\/em> a-t-il l\u00e2ch\u00e9.&nbsp; &nbsp;<\/p>\n\n\n\n<figure class=\"wp-block-image size-full\"><img fetchpriority=\"high\" decoding=\"async\" width=\"1000\" height=\"450\" src=\"https:\/\/lepatriotebenin.com\/wp-content\/uploads\/2024\/02\/iajp-f.jpg\" alt=\"\" class=\"wp-image-3178\" srcset=\"https:\/\/lepatriotebenin.com\/wp-content\/uploads\/2024\/02\/iajp-f.jpg 1000w, https:\/\/lepatriotebenin.com\/wp-content\/uploads\/2024\/02\/iajp-f-300x135.jpg 300w, https:\/\/lepatriotebenin.com\/wp-content\/uploads\/2024\/02\/iajp-f-768x346.jpg 768w, https:\/\/lepatriotebenin.com\/wp-content\/uploads\/2024\/02\/iajp-f-585x263.jpg 585w\" sizes=\"(max-width: 1000px) 100vw, 1000px\" \/><\/figure>\n","protected":false},"excerpt":{"rendered":"<p>L\u2019ancien ministre des Affaires \u00e9trang\u00e8res et d\u00e9put\u00e9 de la 9\u00e8me l\u00e9gislature, Nassirou Bako Arifari a donn\u00e9 sa part de v\u00e9rit\u00e9 sur la pol\u00e9mique qui est en cours dans le pays&hellip;<\/p>\n","protected":false},"author":6,"featured_media":3177,"comment_status":"open","ping_status":"open","sticky":false,"template":"","format":"standard","meta":{"content-type":"","om_disable_all_campaigns":false,"_monsterinsights_skip_tracking":false,"_monsterinsights_sitenote_active":false,"_monsterinsights_sitenote_note":"","_monsterinsights_sitenote_category":0,"_uf_show_specific_survey":0,"_uf_disable_surveys":false,"footnotes":""},"categories":[20],"tags":[221,220],"class_list":["post-3176","post","type-post","status-publish","format-standard","has-post-thumbnail","hentry","category-societe","tag-personne-na-dit-daller-appliquer-la-loi-de-cette-maniere","tag-retraite-doffice-au-sein-de-forces-de-defense-et-securite"],"aioseo_notices":[],"yoast_head":"<!-- This site is optimized with the Yoast SEO plugin v27.5 - https:\/\/yoast.com\/product\/yoast-seo-wordpress\/ -->\n<title>Retraite d\u2019office au sein de Forces de d\u00e9fense et s\u00e9curit\u00e9\u00a0: \u00ab\u00a0Personne n\u2019a dit d\u2019aller appliquer\u00a0\u00bb la loi \u00ab\u00a0de cette mani\u00e8re\u00a0\u00bb, selon Nassirou Bako Arifari - Le Patriote<\/title>\n<meta name=\"robots\" content=\"index, follow, max-snippet:-1, max-image-preview:large, max-video-preview:-1\" \/>\n<link rel=\"canonical\" href=\"https:\/\/lepatriotebenin.com\/index.php\/2024\/02\/16\/retraite-doffice-au-sein-de-forces-de-defense-et-securite-personne-na-dit-daller-appliquer-la-loi-de-cette-maniere-se\/\" \/>\n<meta property=\"og:locale\" content=\"fr_FR\" \/>\n<meta property=\"og:type\" content=\"article\" \/>\n<meta property=\"og:title\" content=\"Retraite d\u2019office au sein de Forces de d\u00e9fense et s\u00e9curit\u00e9\u00a0: \u00ab\u00a0Personne n\u2019a dit d\u2019aller appliquer\u00a0\u00bb la loi \u00ab\u00a0de cette mani\u00e8re\u00a0\u00bb, selon Nassirou Bako Arifari - Le Patriote\" \/>\n<meta property=\"og:description\" content=\"L\u2019ancien ministre des Affaires \u00e9trang\u00e8res et d\u00e9put\u00e9 de la 9\u00e8me l\u00e9gislature, Nassirou Bako Arifari a donn\u00e9 sa part de v\u00e9rit\u00e9 sur la pol\u00e9mique qui est en cours dans le pays&hellip;\" \/>\n<meta property=\"og:url\" content=\"https:\/\/lepatriotebenin.com\/index.php\/2024\/02\/16\/retraite-doffice-au-sein-de-forces-de-defense-et-securite-personne-na-dit-daller-appliquer-la-loi-de-cette-maniere-se\/\" \/>\n<meta property=\"og:site_name\" content=\"Le Patriote\" \/>\n<meta property=\"article:published_time\" content=\"2024-02-16T14:23:53+00:00\" \/>\n<meta property=\"article:modified_time\" content=\"2024-02-16T15:19:45+00:00\" \/>\n<meta property=\"og:image\" content=\"https:\/\/lepatriotebenin.com\/wp-content\/uploads\/2024\/02\/arifari.jpg\" \/>\n\t<meta property=\"og:image:width\" content=\"1600\" \/>\n\t<meta property=\"og:image:height\" content=\"1066\" \/>\n\t<meta property=\"og:image:type\" content=\"image\/jpeg\" \/>\n<meta name=\"author\" content=\"Roland AFFANOU\" \/>\n<meta name=\"twitter:card\" content=\"summary_large_image\" \/>\n<meta name=\"twitter:label1\" content=\"\u00c9crit par\" \/>\n\t<meta name=\"twitter:data1\" content=\"Roland AFFANOU\" \/>\n\t<meta name=\"twitter:label2\" content=\"Dur\u00e9e de lecture estim\u00e9e\" \/>\n\t<meta name=\"twitter:data2\" content=\"3 minutes\" \/>\n<script type=\"application\/ld+json\" class=\"yoast-schema-graph\">{\"@context\":\"https:\\\/\\\/schema.org\",\"@graph\":[{\"@type\":\"Article\",\"@id\":\"https:\\\/\\\/lepatriotebenin.com\\\/index.php\\\/2024\\\/02\\\/16\\\/retraite-doffice-au-sein-de-forces-de-defense-et-securite-personne-na-dit-daller-appliquer-la-loi-de-cette-maniere-se\\\/#article\",\"isPartOf\":{\"@id\":\"https:\\\/\\\/lepatriotebenin.com\\\/index.php\\\/2024\\\/02\\\/16\\\/retraite-doffice-au-sein-de-forces-de-defense-et-securite-personne-na-dit-daller-appliquer-la-loi-de-cette-maniere-se\\\/\"},\"author\":{\"name\":\"Roland AFFANOU\",\"@id\":\"https:\\\/\\\/lepatriotebenin.com\\\/#\\\/schema\\\/person\\\/4a9b67216c97d04045e01405c534c91f\"},\"headline\":\"Retraite d\u2019office au sein de Forces de d\u00e9fense et s\u00e9curit\u00e9\u00a0: \u00ab\u00a0Personne n\u2019a dit d\u2019aller appliquer\u00a0\u00bb la loi \u00ab\u00a0de cette mani\u00e8re\u00a0\u00bb, selon Nassirou Bako Arifari\",\"datePublished\":\"2024-02-16T14:23:53+00:00\",\"dateModified\":\"2024-02-16T15:19:45+00:00\",\"mainEntityOfPage\":{\"@id\":\"https:\\\/\\\/lepatriotebenin.com\\\/index.php\\\/2024\\\/02\\\/16\\\/retraite-doffice-au-sein-de-forces-de-defense-et-securite-personne-na-dit-daller-appliquer-la-loi-de-cette-maniere-se\\\/\"},\"wordCount\":509,\"commentCount\":0,\"image\":{\"@id\":\"https:\\\/\\\/lepatriotebenin.com\\\/index.php\\\/2024\\\/02\\\/16\\\/retraite-doffice-au-sein-de-forces-de-defense-et-securite-personne-na-dit-daller-appliquer-la-loi-de-cette-maniere-se\\\/#primaryimage\"},\"thumbnailUrl\":\"https:\\\/\\\/lepatriotebenin.com\\\/wp-content\\\/uploads\\\/2024\\\/02\\\/arifari.jpg\",\"keywords\":[\"\u00ab Personne n\u2019a dit d\u2019aller appliquer \u00bb la loi \u00ab de cette mani\u00e8re \u00bb\",\"Retraite d\u2019office au sein de Forces de d\u00e9fense et s\u00e9curit\u00e9\"],\"articleSection\":[\"Soci\u00e9t\u00e9\"],\"inLanguage\":\"fr-FR\",\"potentialAction\":[{\"@type\":\"CommentAction\",\"name\":\"Comment\",\"target\":[\"https:\\\/\\\/lepatriotebenin.com\\\/index.php\\\/2024\\\/02\\\/16\\\/retraite-doffice-au-sein-de-forces-de-defense-et-securite-personne-na-dit-daller-appliquer-la-loi-de-cette-maniere-se\\\/#respond\"]}]},{\"@type\":\"WebPage\",\"@id\":\"https:\\\/\\\/lepatriotebenin.com\\\/index.php\\\/2024\\\/02\\\/16\\\/retraite-doffice-au-sein-de-forces-de-defense-et-securite-personne-na-dit-daller-appliquer-la-loi-de-cette-maniere-se\\\/\",\"url\":\"https:\\\/\\\/lepatriotebenin.com\\\/index.php\\\/2024\\\/02\\\/16\\\/retraite-doffice-au-sein-de-forces-de-defense-et-securite-personne-na-dit-daller-appliquer-la-loi-de-cette-maniere-se\\\/\",\"name\":\"Retraite d\u2019office au sein de Forces de d\u00e9fense et s\u00e9curit\u00e9\u00a0: \u00ab\u00a0Personne n\u2019a dit d\u2019aller appliquer\u00a0\u00bb la loi \u00ab\u00a0de cette mani\u00e8re\u00a0\u00bb, selon Nassirou Bako Arifari - Le Patriote\",\"isPartOf\":{\"@id\":\"https:\\\/\\\/lepatriotebenin.com\\\/#website\"},\"primaryImageOfPage\":{\"@id\":\"https:\\\/\\\/lepatriotebenin.com\\\/index.php\\\/2024\\\/02\\\/16\\\/retraite-doffice-au-sein-de-forces-de-defense-et-securite-personne-na-dit-daller-appliquer-la-loi-de-cette-maniere-se\\\/#primaryimage\"},\"image\":{\"@id\":\"https:\\\/\\\/lepatriotebenin.com\\\/index.php\\\/2024\\\/02\\\/16\\\/retraite-doffice-au-sein-de-forces-de-defense-et-securite-personne-na-dit-daller-appliquer-la-loi-de-cette-maniere-se\\\/#primaryimage\"},\"thumbnailUrl\":\"https:\\\/\\\/lepatriotebenin.com\\\/wp-content\\\/uploads\\\/2024\\\/02\\\/arifari.jpg\",\"datePublished\":\"2024-02-16T14:23:53+00:00\",\"dateModified\":\"2024-02-16T15:19:45+00:00\",\"author\":{\"@id\":\"https:\\\/\\\/lepatriotebenin.com\\\/#\\\/schema\\\/person\\\/4a9b67216c97d04045e01405c534c91f\"},\"breadcrumb\":{\"@id\":\"https:\\\/\\\/lepatriotebenin.com\\\/index.php\\\/2024\\\/02\\\/16\\\/retraite-doffice-au-sein-de-forces-de-defense-et-securite-personne-na-dit-daller-appliquer-la-loi-de-cette-maniere-se\\\/#breadcrumb\"},\"inLanguage\":\"fr-FR\",\"potentialAction\":[{\"@type\":\"ReadAction\",\"target\":[\"https:\\\/\\\/lepatriotebenin.com\\\/index.php\\\/2024\\\/02\\\/16\\\/retraite-doffice-au-sein-de-forces-de-defense-et-securite-personne-na-dit-daller-appliquer-la-loi-de-cette-maniere-se\\\/\"]}]},{\"@type\":\"ImageObject\",\"inLanguage\":\"fr-FR\",\"@id\":\"https:\\\/\\\/lepatriotebenin.com\\\/index.php\\\/2024\\\/02\\\/16\\\/retraite-doffice-au-sein-de-forces-de-defense-et-securite-personne-na-dit-daller-appliquer-la-loi-de-cette-maniere-se\\\/#primaryimage\",\"url\":\"https:\\\/\\\/lepatriotebenin.com\\\/wp-content\\\/uploads\\\/2024\\\/02\\\/arifari.jpg\",\"contentUrl\":\"https:\\\/\\\/lepatriotebenin.com\\\/wp-content\\\/uploads\\\/2024\\\/02\\\/arifari.jpg\",\"width\":1600,\"height\":1066},{\"@type\":\"BreadcrumbList\",\"@id\":\"https:\\\/\\\/lepatriotebenin.com\\\/index.php\\\/2024\\\/02\\\/16\\\/retraite-doffice-au-sein-de-forces-de-defense-et-securite-personne-na-dit-daller-appliquer-la-loi-de-cette-maniere-se\\\/#breadcrumb\",\"itemListElement\":[{\"@type\":\"ListItem\",\"position\":1,\"name\":\"Accueil\",\"item\":\"https:\\\/\\\/lepatriotebenin.com\\\/\"},{\"@type\":\"ListItem\",\"position\":2,\"name\":\"Retraite d\u2019office au sein de Forces de d\u00e9fense et s\u00e9curit\u00e9\u00a0: \u00ab\u00a0Personne n\u2019a dit d\u2019aller appliquer\u00a0\u00bb la loi \u00ab\u00a0de cette mani\u00e8re\u00a0\u00bb, selon Nassirou Bako Arifari\"}]},{\"@type\":\"WebSite\",\"@id\":\"https:\\\/\\\/lepatriotebenin.com\\\/#website\",\"url\":\"https:\\\/\\\/lepatriotebenin.com\\\/\",\"name\":\"Le Patriote\",\"description\":\"Le Patriote B\u00e9nin\",\"potentialAction\":[{\"@type\":\"SearchAction\",\"target\":{\"@type\":\"EntryPoint\",\"urlTemplate\":\"https:\\\/\\\/lepatriotebenin.com\\\/?s={search_term_string}\"},\"query-input\":{\"@type\":\"PropertyValueSpecification\",\"valueRequired\":true,\"valueName\":\"search_term_string\"}}],\"inLanguage\":\"fr-FR\"},{\"@type\":\"Person\",\"@id\":\"https:\\\/\\\/lepatriotebenin.com\\\/#\\\/schema\\\/person\\\/4a9b67216c97d04045e01405c534c91f\",\"name\":\"Roland AFFANOU\",\"image\":{\"@type\":\"ImageObject\",\"inLanguage\":\"fr-FR\",\"@id\":\"https:\\\/\\\/secure.gravatar.com\\\/avatar\\\/7209d3f6d2d47ea4d0c67e14d3effb61feb10ae540a4381280c66265de5bd643?s=96&d=mm&r=g\",\"url\":\"https:\\\/\\\/secure.gravatar.com\\\/avatar\\\/7209d3f6d2d47ea4d0c67e14d3effb61feb10ae540a4381280c66265de5bd643?s=96&d=mm&r=g\",\"contentUrl\":\"https:\\\/\\\/secure.gravatar.com\\\/avatar\\\/7209d3f6d2d47ea4d0c67e14d3effb61feb10ae540a4381280c66265de5bd643?s=96&d=mm&r=g\",\"caption\":\"Roland AFFANOU\"},\"url\":\"https:\\\/\\\/lepatriotebenin.com\"}]}<\/script>\n<!-- \/ Yoast SEO plugin. -->","yoast_head_json":{"title":"Retraite d\u2019office au sein de Forces de d\u00e9fense et s\u00e9curit\u00e9\u00a0: \u00ab\u00a0Personne n\u2019a dit d\u2019aller appliquer\u00a0\u00bb la loi \u00ab\u00a0de cette mani\u00e8re\u00a0\u00bb, selon Nassirou Bako Arifari - Le Patriote","robots":{"index":"index","follow":"follow","max-snippet":"max-snippet:-1","max-image-preview":"max-image-preview:large","max-video-preview":"max-video-preview:-1"},"canonical":"https:\/\/lepatriotebenin.com\/index.php\/2024\/02\/16\/retraite-doffice-au-sein-de-forces-de-defense-et-securite-personne-na-dit-daller-appliquer-la-loi-de-cette-maniere-se\/","og_locale":"fr_FR","og_type":"article","og_title":"Retraite d\u2019office au sein de Forces de d\u00e9fense et s\u00e9curit\u00e9\u00a0: \u00ab\u00a0Personne n\u2019a dit d\u2019aller appliquer\u00a0\u00bb la loi \u00ab\u00a0de cette mani\u00e8re\u00a0\u00bb, selon Nassirou Bako Arifari - Le Patriote","og_description":"L\u2019ancien ministre des Affaires \u00e9trang\u00e8res et d\u00e9put\u00e9 de la 9\u00e8me l\u00e9gislature, Nassirou Bako Arifari a donn\u00e9 sa part de v\u00e9rit\u00e9 sur la pol\u00e9mique qui est en cours dans le pays&hellip;","og_url":"https:\/\/lepatriotebenin.com\/index.php\/2024\/02\/16\/retraite-doffice-au-sein-de-forces-de-defense-et-securite-personne-na-dit-daller-appliquer-la-loi-de-cette-maniere-se\/","og_site_name":"Le Patriote","article_published_time":"2024-02-16T14:23:53+00:00","article_modified_time":"2024-02-16T15:19:45+00:00","og_image":[{"width":1600,"height":1066,"url":"https:\/\/lepatriotebenin.com\/wp-content\/uploads\/2024\/02\/arifari.jpg","type":"image\/jpeg"}],"author":"Roland AFFANOU","twitter_card":"summary_large_image","twitter_misc":{"\u00c9crit par":"Roland AFFANOU","Dur\u00e9e de lecture estim\u00e9e":"3 minutes"},"schema":{"@context":"https:\/\/schema.org","@graph":[{"@type":"Article","@id":"https:\/\/lepatriotebenin.com\/index.php\/2024\/02\/16\/retraite-doffice-au-sein-de-forces-de-defense-et-securite-personne-na-dit-daller-appliquer-la-loi-de-cette-maniere-se\/#article","isPartOf":{"@id":"https:\/\/lepatriotebenin.com\/index.php\/2024\/02\/16\/retraite-doffice-au-sein-de-forces-de-defense-et-securite-personne-na-dit-daller-appliquer-la-loi-de-cette-maniere-se\/"},"author":{"name":"Roland AFFANOU","@id":"https:\/\/lepatriotebenin.com\/#\/schema\/person\/4a9b67216c97d04045e01405c534c91f"},"headline":"Retraite d\u2019office au sein de Forces de d\u00e9fense et s\u00e9curit\u00e9\u00a0: \u00ab\u00a0Personne n\u2019a dit d\u2019aller appliquer\u00a0\u00bb la loi \u00ab\u00a0de cette mani\u00e8re\u00a0\u00bb, selon Nassirou Bako Arifari","datePublished":"2024-02-16T14:23:53+00:00","dateModified":"2024-02-16T15:19:45+00:00","mainEntityOfPage":{"@id":"https:\/\/lepatriotebenin.com\/index.php\/2024\/02\/16\/retraite-doffice-au-sein-de-forces-de-defense-et-securite-personne-na-dit-daller-appliquer-la-loi-de-cette-maniere-se\/"},"wordCount":509,"commentCount":0,"image":{"@id":"https:\/\/lepatriotebenin.com\/index.php\/2024\/02\/16\/retraite-doffice-au-sein-de-forces-de-defense-et-securite-personne-na-dit-daller-appliquer-la-loi-de-cette-maniere-se\/#primaryimage"},"thumbnailUrl":"https:\/\/lepatriotebenin.com\/wp-content\/uploads\/2024\/02\/arifari.jpg","keywords":["\u00ab Personne n\u2019a dit d\u2019aller appliquer \u00bb la loi \u00ab de cette mani\u00e8re \u00bb","Retraite d\u2019office au sein de Forces de d\u00e9fense et s\u00e9curit\u00e9"],"articleSection":["Soci\u00e9t\u00e9"],"inLanguage":"fr-FR","potentialAction":[{"@type":"CommentAction","name":"Comment","target":["https:\/\/lepatriotebenin.com\/index.php\/2024\/02\/16\/retraite-doffice-au-sein-de-forces-de-defense-et-securite-personne-na-dit-daller-appliquer-la-loi-de-cette-maniere-se\/#respond"]}]},{"@type":"WebPage","@id":"https:\/\/lepatriotebenin.com\/index.php\/2024\/02\/16\/retraite-doffice-au-sein-de-forces-de-defense-et-securite-personne-na-dit-daller-appliquer-la-loi-de-cette-maniere-se\/","url":"https:\/\/lepatriotebenin.com\/index.php\/2024\/02\/16\/retraite-doffice-au-sein-de-forces-de-defense-et-securite-personne-na-dit-daller-appliquer-la-loi-de-cette-maniere-se\/","name":"Retraite d\u2019office au sein de Forces de d\u00e9fense et s\u00e9curit\u00e9\u00a0: \u00ab\u00a0Personne n\u2019a dit d\u2019aller appliquer\u00a0\u00bb la loi \u00ab\u00a0de cette mani\u00e8re\u00a0\u00bb, selon Nassirou Bako Arifari - Le Patriote","isPartOf":{"@id":"https:\/\/lepatriotebenin.com\/#website"},"primaryImageOfPage":{"@id":"https:\/\/lepatriotebenin.com\/index.php\/2024\/02\/16\/retraite-doffice-au-sein-de-forces-de-defense-et-securite-personne-na-dit-daller-appliquer-la-loi-de-cette-maniere-se\/#primaryimage"},"image":{"@id":"https:\/\/lepatriotebenin.com\/index.php\/2024\/02\/16\/retraite-doffice-au-sein-de-forces-de-defense-et-securite-personne-na-dit-daller-appliquer-la-loi-de-cette-maniere-se\/#primaryimage"},"thumbnailUrl":"https:\/\/lepatriotebenin.com\/wp-content\/uploads\/2024\/02\/arifari.jpg","datePublished":"2024-02-16T14:23:53+00:00","dateModified":"2024-02-16T15:19:45+00:00","author":{"@id":"https:\/\/lepatriotebenin.com\/#\/schema\/person\/4a9b67216c97d04045e01405c534c91f"},"breadcrumb":{"@id":"https:\/\/lepatriotebenin.com\/index.php\/2024\/02\/16\/retraite-doffice-au-sein-de-forces-de-defense-et-securite-personne-na-dit-daller-appliquer-la-loi-de-cette-maniere-se\/#breadcrumb"},"inLanguage":"fr-FR","potentialAction":[{"@type":"ReadAction","target":["https:\/\/lepatriotebenin.com\/index.php\/2024\/02\/16\/retraite-doffice-au-sein-de-forces-de-defense-et-securite-personne-na-dit-daller-appliquer-la-loi-de-cette-maniere-se\/"]}]},{"@type":"ImageObject","inLanguage":"fr-FR","@id":"https:\/\/lepatriotebenin.com\/index.php\/2024\/02\/16\/retraite-doffice-au-sein-de-forces-de-defense-et-securite-personne-na-dit-daller-appliquer-la-loi-de-cette-maniere-se\/#primaryimage","url":"https:\/\/lepatriotebenin.com\/wp-content\/uploads\/2024\/02\/arifari.jpg","contentUrl":"https:\/\/lepatriotebenin.com\/wp-content\/uploads\/2024\/02\/arifari.jpg","width":1600,"height":1066},{"@type":"BreadcrumbList","@id":"https:\/\/lepatriotebenin.com\/index.php\/2024\/02\/16\/retraite-doffice-au-sein-de-forces-de-defense-et-securite-personne-na-dit-daller-appliquer-la-loi-de-cette-maniere-se\/#breadcrumb","itemListElement":[{"@type":"ListItem","position":1,"name":"Accueil","item":"https:\/\/lepatriotebenin.com\/"},{"@type":"ListItem","position":2,"name":"Retraite d\u2019office au sein de Forces de d\u00e9fense et s\u00e9curit\u00e9\u00a0: \u00ab\u00a0Personne n\u2019a dit d\u2019aller appliquer\u00a0\u00bb la loi \u00ab\u00a0de cette mani\u00e8re\u00a0\u00bb, selon Nassirou Bako Arifari"}]},{"@type":"WebSite","@id":"https:\/\/lepatriotebenin.com\/#website","url":"https:\/\/lepatriotebenin.com\/","name":"Le Patriote","description":"Le Patriote B\u00e9nin","potentialAction":[{"@type":"SearchAction","target":{"@type":"EntryPoint","urlTemplate":"https:\/\/lepatriotebenin.com\/?s={search_term_string}"},"query-input":{"@type":"PropertyValueSpecification","valueRequired":true,"valueName":"search_term_string"}}],"inLanguage":"fr-FR"},{"@type":"Person","@id":"https:\/\/lepatriotebenin.com\/#\/schema\/person\/4a9b67216c97d04045e01405c534c91f","name":"Roland AFFANOU","image":{"@type":"ImageObject","inLanguage":"fr-FR","@id":"https:\/\/secure.gravatar.com\/avatar\/7209d3f6d2d47ea4d0c67e14d3effb61feb10ae540a4381280c66265de5bd643?s=96&d=mm&r=g","url":"https:\/\/secure.gravatar.com\/avatar\/7209d3f6d2d47ea4d0c67e14d3effb61feb10ae540a4381280c66265de5bd643?s=96&d=mm&r=g","contentUrl":"https:\/\/secure.gravatar.com\/avatar\/7209d3f6d2d47ea4d0c67e14d3effb61feb10ae540a4381280c66265de5bd643?s=96&d=mm&r=g","caption":"Roland AFFANOU"},"url":"https:\/\/lepatriotebenin.com"}]}},"_links":{"self":[{"href":"https:\/\/lepatriotebenin.com\/index.php\/wp-json\/wp\/v2\/posts\/3176","targetHints":{"allow":["GET"]}}],"collection":[{"href":"https:\/\/lepatriotebenin.com\/index.php\/wp-json\/wp\/v2\/posts"}],"about":[{"href":"https:\/\/lepatriotebenin.com\/index.php\/wp-json\/wp\/v2\/types\/post"}],"author":[{"embeddable":true,"href":"https:\/\/lepatriotebenin.com\/index.php\/wp-json\/wp\/v2\/users\/6"}],"replies":[{"embeddable":true,"href":"https:\/\/lepatriotebenin.com\/index.php\/wp-json\/wp\/v2\/comments?post=3176"}],"version-history":[{"count":3,"href":"https:\/\/lepatriotebenin.com\/index.php\/wp-json\/wp\/v2\/posts\/3176\/revisions"}],"predecessor-version":[{"id":3181,"href":"https:\/\/lepatriotebenin.com\/index.php\/wp-json\/wp\/v2\/posts\/3176\/revisions\/3181"}],"wp:featuredmedia":[{"embeddable":true,"href":"https:\/\/lepatriotebenin.com\/index.php\/wp-json\/wp\/v2\/media\/3177"}],"wp:attachment":[{"href":"https:\/\/lepatriotebenin.com\/index.php\/wp-json\/wp\/v2\/media?parent=3176"}],"wp:term":[{"taxonomy":"category","embeddable":true,"href":"https:\/\/lepatriotebenin.com\/index.php\/wp-json\/wp\/v2\/categories?post=3176"},{"taxonomy":"post_tag","embeddable":true,"href":"https:\/\/lepatriotebenin.com\/index.php\/wp-json\/wp\/v2\/tags?post=3176"}],"curies":[{"name":"wp","href":"https:\/\/api.w.org\/{rel}","templated":true}]}}