{"id":23497,"date":"2026-09-02T03:14:49","date_gmt":"2026-09-02T01:14:49","guid":{"rendered":"https:\/\/lepatriotebenin.com\/?p=23497"},"modified":"2026-09-02T03:14:49","modified_gmt":"2026-09-02T01:14:49","slug":"a-adja-ouere-aux-obseques-de-sefou-fagbohoun-boni-yayi-appelle-a-la-paix-et-au-dialogue","status":"publish","type":"post","link":"https:\/\/lepatriotebenin.com\/index.php\/2026\/09\/02\/a-adja-ouere-aux-obseques-de-sefou-fagbohoun-boni-yayi-appelle-a-la-paix-et-au-dialogue\/","title":{"rendered":"A Adja-Ou\u00e8r\u00e8 aux obs\u00e8ques de S\u00e9fou Fagbohoun : Boni Yayi appelle \u00e0 la paix et au dialogue"},"content":{"rendered":"<p><strong>Au domicile du regrett\u00e9, ancien d\u00e9put\u00e9 b\u00e9ninois S\u00e9fou Fagbohoun, dimanche 30 ao\u00fbt \u00e0 Adja-Ou\u00e8r\u00e8, plusieurs figures politiques b\u00e9ninoises se sont succ\u00e9d\u00e9 pour t\u00e9moigner sur la m\u00e9moire de l\u2019ancien homme politique. Parmi elles, Bruno Amoussou et Boni Yayi ont salu\u00e9 le parcours et l\u2019engagement de celui qui aura marqu\u00e9 la vie politique nationale.<\/strong><\/p>\n<p>Outre les hommages rendus \u00e0 S\u00e9fou Fagbohoun, Boni Yayi, devant les parents, amis et proches du disparu, a profit\u00e9 de sa pr\u00e9sence \u00e0 Adja-Ou\u00e8r\u00e8 pour revenir sur sa relation avec le d\u00e9funt. Dans son t\u00e9moignage, il a surtout insist\u00e9 sur la n\u00e9cessit\u00e9 de pr\u00e9server la paix et de d\u00e9passer les diff\u00e9rends politiques. Pour l\u2019ancien chef de l\u2019\u00c9tat, cette disparition doit servir de le\u00e7on aux acteurs politiques. Au-del\u00e0 des divergences, chacun doit pouvoir reconna\u00eetre ses erreurs afin que les g\u00e9n\u00e9rations futures ne reproduisent pas les m\u00eames choses. Dans ce sens, le s\u00e9nateur a invit\u00e9 les acteurs politiques du B\u00e9nin \u00e0 tirer les le\u00e7ons des erreurs du pass\u00e9. \u00ab Naturellement, la politique est cruelle. \u00c0 partir de cette disparition, qui a n\u00e9cessit\u00e9 ma pr\u00e9sence ici \u00e0 Adja-Ou\u00e8r\u00e8, chacun doit faire son meilleur coup de pas. L\u00e0 o\u00f9 on a tr\u00e9buch\u00e9, nous devons le dire, pour que les jeunes g\u00e9n\u00e9rations ne puissent pas nous imiter et pour que ce pays puisse aller de l\u2019avant \u00bb, a-t-il d\u00e9clar\u00e9.<\/p>\n<p>Poursuivant son appel, l\u2019ancien pr\u00e9sident des D\u00e9mocrates a insist\u00e9 sur la n\u00e9cessit\u00e9 de mettre fin aux r\u00e8glements de comptes et d\u2019\u00e9viter de tout ramener aux personnes. \u00ab Pour que ce pays puisse aller de l\u2019avant. Les r\u00e8glements de comptes, il faut en finir. Il faut cesser de personnaliser \u00bb, a-t-il insist\u00e9.Dans le m\u00eame temps, le s\u00e9nateur a rappel\u00e9 la place de la paix dans la vie du pays. Selon lui, Fagbohoun avait toujours pri\u00e9 pour la paix au B\u00e9nin. \u00ab De 2006 \u00e0 2016, il a toujours pri\u00e9 pour ce pays, pour qu\u2019il y ait la paix. La paix n\u2019a pas de prix \u00bb, a-t-il t\u00e9moign\u00e9. Partant de l\u00e0, l\u2019ancien chef de l\u2019\u00c9tat invite les uns et les autres \u00e0 \u00e9viter les actes qui pourraient compromettre cette paix. \u00ab Nous devons \u00e9viter de poser des actes qui compromettent la paix. C\u2019est cette paix qui nous conduit au d\u00e9veloppement, \u00e0 la prosp\u00e9rit\u00e9 partag\u00e9e \u00bb, a-t-il poursuivi.<\/p>\n<p>Au-del\u00e0 de la paix, le dialogue reste \u00e9galement, selon lui, une n\u00e9cessit\u00e9. \u00ab Il faut cr\u00e9er les conditions pour que nous puissions instaurer le dialogue, qu\u2019on se parle sur la gestion de ce pays \u00bb, a-t-il d\u00e9clar\u00e9. \u00c0 l\u2019en croire, les divergences politiques ne doivent pas emp\u00eacher les acteurs de se parler et de travailler pour l\u2019int\u00e9r\u00eat du pays.<\/p>\n<p><strong>Le regret de Boni Yayi sur sa relation avec Fagbohoun<\/strong><\/p>\n<p>Revenant sur sa relation avec l\u2019ancien d\u00e9put\u00e9, Boni Yayi n\u2019a pas cach\u00e9 certains regrets. Son t\u00e9moignage a notamment port\u00e9 sur un dossier qu\u2019il aurait, avec le recul, souhait\u00e9 g\u00e9rer autrement. \u00ab Je me suis demand\u00e9 pardon \u00e0 Dieu avant de venir lui dire pardon. J\u2019aurais pu g\u00e9rer ce dossier autrement. Et il a accept\u00e9 ce pardon \u00bb, a-t-il confi\u00e9. Apr\u00e8s cette d\u00e9marche, les deux hommes ont renou\u00e9 le contact, malgr\u00e9 leurs diff\u00e9rentes sensibilit\u00e9s politiques. \u00ab Je n\u2019ai pas tenu compte du fait qu\u2019on \u00e9tait devenus de sensibilit\u00e9s politiques diff\u00e9rentes. Non, pas du tout \u00bb, a expliqu\u00e9 le s\u00e9nateur.<\/p>\n<p>&nbsp;<\/p>\n<p>Toutefois, Fagbohoun est rest\u00e9, \u00e0 ses yeux, un interlocuteur dont l\u2019exp\u00e9rience et l\u2019avis pouvaient lui \u00eatre utiles. \u00ab Pour moi, d\u00e9sormais, il est devenu un homme politique dont il faut avoir le point de vue, aupr\u00e8s de qui il faut prendre des conseils \u00bb, a-t-il d\u00e9clar\u00e9.Cette relation retrouv\u00e9e s\u2019est poursuivie au fil du temps, m\u00eame lorsque les deux hommes ne parvenaient pas \u00e0 se rencontrer. \u00ab Des fois, on se fixait des rendez-vous, mais avec des agendas diff\u00e9rents. On ne se voyait pas, mais on se parlait \u00bb, a-t-il racont\u00e9.<\/p>\n<p>Par ailleurs, l\u2019ancien chef de l\u2019\u00c9tat a \u00e9voqu\u00e9 la p\u00e9riode o\u00f9 il s\u2019\u00e9tait retrouv\u00e9 au Nigeria et y avait pass\u00e9 huit mois. Durant cette p\u00e9riode, les \u00e9changes se sont poursuivis. Il a notamment cit\u00e9 l\u2019implication de Fagbohoun dans le r\u00e8glement d\u2019une situation qui concernait le pr\u00e9sident nig\u00e9rian Muhammadu Buhari.Au terme de son t\u00e9moignage, l\u2019ancien pr\u00e9sident a surtout retenu le pardon entre les deux hommes. \u00ab Il a accept\u00e9 mon pardon, il m\u2019a accord\u00e9 son pardon. Moi aussi, je lui ai accord\u00e9 mon pardon et, plus que jamais, nous sommes rest\u00e9s ensemble \u00bb, a-t-il d\u00e9clar\u00e9.<\/p>\n<p>Enfin, dans son message, l\u2019ex-pr\u00e9sident de l\u2019Union africaine a confi\u00e9 la m\u00e9moire de l\u2019homme d\u2019affaires et ancien d\u00e9put\u00e9 b\u00e9ninois \u00e0 Dieu, priant pour qu\u2019il l\u2019accueille dans son royaume c\u00e9leste. Il a \u00e9galement demand\u00e9 la b\u00e9n\u00e9diction divine sur sa famille, Adja-Ou\u00e8r\u00e8, K\u00e9tou et l\u2019ensemble du B\u00e9nin.<\/p>\n<p>&nbsp;<\/p>\n<p><strong>Alola BIAOU<\/strong><\/p>\n","protected":false},"excerpt":{"rendered":"<p>Au domicile du regrett\u00e9, ancien d\u00e9put\u00e9 b\u00e9ninois S\u00e9fou Fagbohoun, dimanche 30 ao\u00fbt \u00e0 Adja-Ou\u00e8r\u00e8, plusieurs figures politiques b\u00e9ninoises se sont succ\u00e9d\u00e9 pour t\u00e9moigner sur la m\u00e9moire de l\u2019ancien homme politique.&hellip;<\/p>\n","protected":false},"author":5,"featured_media":23498,"comment_status":"open","ping_status":"open","sticky":false,"template":"","format":"standard","meta":{"content-type":"","om_disable_all_campaigns":false,"_monsterinsights_skip_tracking":false,"_uf_show_specific_survey":0,"_uf_disable_surveys":false,"footnotes":""},"categories":[26],"tags":[],"class_list":["post-23497","post","type-post","status-publish","format-standard","has-post-thumbnail","hentry","category-politique"],"aioseo_notices":[],"aioseo_head":"\n\t\t<!-- All in One SEO 5.0.1.1 - aioseo.com -->\n\t<meta name=\"description\" content=\"Au domicile du regrett\u00e9, ancien d\u00e9put\u00e9 b\u00e9ninois S\u00e9fou Fagbohoun, dimanche 30 ao\u00fbt \u00e0 Adja-Ou\u00e8r\u00e8, plusieurs figures politiques b\u00e9ninoises se sont succ\u00e9d\u00e9 pour t\u00e9moigner sur la m\u00e9moire de l\u2019ancien homme politique. Parmi elles, Bruno Amoussou et Boni Yayi ont salu\u00e9 le parcours et l\u2019engagement de celui qui aura marqu\u00e9 la vie politique nationale. Outre les hommages\" \/>\n\t<meta name=\"robots\" content=\"max-image-preview:large\" \/>\n\t<meta name=\"author\" content=\"Redaction\"\/>\n\t<link rel=\"canonical\" href=\"https:\/\/lepatriotebenin.com\/index.php\/2026\/09\/02\/a-adja-ouere-aux-obseques-de-sefou-fagbohoun-boni-yayi-appelle-a-la-paix-et-au-dialogue\/\" \/>\n\t<meta name=\"generator\" content=\"All in One SEO (AIOSEO) 5.0.1.1\" \/>\n\t\t<meta property=\"og:locale\" content=\"fr_FR\" \/>\n\t\t<meta property=\"og:site_name\" content=\"Le Patriote - Le Patriote B\u00e9nin\" \/>\n\t\t<meta property=\"og:type\" content=\"article\" \/>\n\t\t<meta property=\"og:title\" content=\"A Adja-Ou\u00e8r\u00e8 aux obs\u00e8ques de S\u00e9fou Fagbohoun : Boni Yayi appelle \u00e0 la paix et au dialogue - Le Patriote\" \/>\n\t\t<meta property=\"og:description\" content=\"Au domicile du regrett\u00e9, ancien d\u00e9put\u00e9 b\u00e9ninois S\u00e9fou Fagbohoun, dimanche 30 ao\u00fbt \u00e0 Adja-Ou\u00e8r\u00e8, plusieurs figures politiques b\u00e9ninoises se sont succ\u00e9d\u00e9 pour t\u00e9moigner sur la m\u00e9moire de l\u2019ancien homme politique. Parmi elles, Bruno Amoussou et Boni Yayi ont salu\u00e9 le parcours et l\u2019engagement de celui qui aura marqu\u00e9 la vie politique nationale. Outre les hommages\" \/>\n\t\t<meta property=\"og:url\" content=\"https:\/\/lepatriotebenin.com\/index.php\/2026\/09\/02\/a-adja-ouere-aux-obseques-de-sefou-fagbohoun-boni-yayi-appelle-a-la-paix-et-au-dialogue\/\" \/>\n\t\t<meta property=\"article:published_time\" content=\"2026-09-02T01:14:49+00:00\" \/>\n\t\t<meta property=\"article:modified_time\" content=\"2026-09-02T01:14:49+00:00\" \/>\n\t\t<meta name=\"twitter:card\" content=\"summary_large_image\" \/>\n\t\t<meta name=\"twitter:title\" content=\"A Adja-Ou\u00e8r\u00e8 aux obs\u00e8ques de S\u00e9fou Fagbohoun : Boni Yayi appelle \u00e0 la paix et au dialogue - Le Patriote\" \/>\n\t\t<meta name=\"twitter:description\" content=\"Au domicile du regrett\u00e9, ancien d\u00e9put\u00e9 b\u00e9ninois S\u00e9fou Fagbohoun, dimanche 30 ao\u00fbt \u00e0 Adja-Ou\u00e8r\u00e8, plusieurs figures politiques b\u00e9ninoises se sont succ\u00e9d\u00e9 pour t\u00e9moigner sur la m\u00e9moire de l\u2019ancien homme politique. Parmi elles, Bruno Amoussou et Boni Yayi ont salu\u00e9 le parcours et l\u2019engagement de celui qui aura marqu\u00e9 la vie politique nationale. Outre les hommages\" \/>\n\t\t<script type=\"application\/ld+json\" class=\"aioseo-schema\">\n\t\t\t{\"@context\":\"https:\\\/\\\/schema.org\",\"@graph\":[{\"@type\":\"BlogPosting\",\"@id\":\"https:\\\/\\\/lepatriotebenin.com\\\/index.php\\\/2026\\\/09\\\/02\\\/a-adja-ouere-aux-obseques-de-sefou-fagbohoun-boni-yayi-appelle-a-la-paix-et-au-dialogue\\\/#blogposting\",\"name\":\"A Adja-Ou\\u00e8r\\u00e8 aux obs\\u00e8ques de S\\u00e9fou Fagbohoun : Boni Yayi appelle \\u00e0 la paix et au dialogue - Le Patriote\",\"headline\":\"A Adja-Ou\\u00e8r\\u00e8 aux obs\\u00e8ques de S\\u00e9fou Fagbohoun : Boni Yayi appelle \\u00e0 la paix et au dialogue\",\"author\":{\"@id\":\"https:\\\/\\\/lepatriotebenin.com#author\"},\"publisher\":{\"@id\":\"https:\\\/\\\/lepatriotebenin.com\\\/#organization\"},\"image\":{\"@type\":\"ImageObject\",\"url\":\"https:\\\/\\\/lepatriotebenin.com\\\/wp-content\\\/uploads\\\/2026\\\/09\\\/c3e7423b-9157-4f95-8097-2312153cde86.jpg\",\"width\":289,\"height\":164},\"datePublished\":\"2026-09-02T03:14:49+02:00\",\"dateModified\":\"2026-09-02T03:14:49+02:00\",\"inLanguage\":\"fr-FR\",\"mainEntityOfPage\":{\"@id\":\"https:\\\/\\\/lepatriotebenin.com\\\/index.php\\\/2026\\\/09\\\/02\\\/a-adja-ouere-aux-obseques-de-sefou-fagbohoun-boni-yayi-appelle-a-la-paix-et-au-dialogue\\\/#webpage\"},\"isPartOf\":{\"@id\":\"https:\\\/\\\/lepatriotebenin.com\\\/index.php\\\/2026\\\/09\\\/02\\\/a-adja-ouere-aux-obseques-de-sefou-fagbohoun-boni-yayi-appelle-a-la-paix-et-au-dialogue\\\/#webpage\"},\"articleSection\":\"Politique\"},{\"@type\":\"BreadcrumbList\",\"@id\":\"https:\\\/\\\/lepatriotebenin.com\\\/index.php\\\/2026\\\/09\\\/02\\\/a-adja-ouere-aux-obseques-de-sefou-fagbohoun-boni-yayi-appelle-a-la-paix-et-au-dialogue\\\/#breadcrumblist\",\"itemListElement\":[{\"@type\":\"ListItem\",\"@id\":\"https:\\\/\\\/lepatriotebenin.com#listItem\",\"position\":1,\"name\":\"Home\",\"item\":\"https:\\\/\\\/lepatriotebenin.com\",\"nextItem\":{\"@type\":\"ListItem\",\"@id\":\"https:\\\/\\\/lepatriotebenin.com\\\/index.php\\\/category\\\/politique\\\/#listItem\",\"name\":\"Politique\"}},{\"@type\":\"ListItem\",\"@id\":\"https:\\\/\\\/lepatriotebenin.com\\\/index.php\\\/category\\\/politique\\\/#listItem\",\"position\":2,\"name\":\"Politique\",\"item\":\"https:\\\/\\\/lepatriotebenin.com\\\/index.php\\\/category\\\/politique\\\/\",\"nextItem\":{\"@type\":\"ListItem\",\"@id\":\"https:\\\/\\\/lepatriotebenin.com\\\/index.php\\\/2026\\\/09\\\/02\\\/a-adja-ouere-aux-obseques-de-sefou-fagbohoun-boni-yayi-appelle-a-la-paix-et-au-dialogue\\\/#listItem\",\"name\":\"A Adja-Ou\\u00e8r\\u00e8 aux obs\\u00e8ques de S\\u00e9fou Fagbohoun : Boni Yayi appelle \\u00e0 la paix et au dialogue\"},\"previousItem\":{\"@type\":\"ListItem\",\"@id\":\"https:\\\/\\\/lepatriotebenin.com#listItem\",\"name\":\"Home\"}},{\"@type\":\"ListItem\",\"@id\":\"https:\\\/\\\/lepatriotebenin.com\\\/index.php\\\/2026\\\/09\\\/02\\\/a-adja-ouere-aux-obseques-de-sefou-fagbohoun-boni-yayi-appelle-a-la-paix-et-au-dialogue\\\/#listItem\",\"position\":3,\"name\":\"A Adja-Ou\\u00e8r\\u00e8 aux obs\\u00e8ques de S\\u00e9fou Fagbohoun : Boni Yayi appelle \\u00e0 la paix et au dialogue\",\"previousItem\":{\"@type\":\"ListItem\",\"@id\":\"https:\\\/\\\/lepatriotebenin.com\\\/index.php\\\/category\\\/politique\\\/#listItem\",\"name\":\"Politique\"}}]},{\"@type\":\"Organization\",\"@id\":\"https:\\\/\\\/lepatriotebenin.com\\\/#organization\",\"name\":\"Le Patriote\",\"description\":\"Le Patriote B\\u00e9nin\",\"url\":\"https:\\\/\\\/lepatriotebenin.com\\\/\"},{\"@type\":\"Person\",\"@id\":\"https:\\\/\\\/lepatriotebenin.com#author\",\"url\":\"https:\\\/\\\/lepatriotebenin.com\",\"name\":\"Redaction\",\"image\":{\"@type\":\"ImageObject\",\"@id\":\"https:\\\/\\\/lepatriotebenin.com\\\/index.php\\\/2026\\\/09\\\/02\\\/a-adja-ouere-aux-obseques-de-sefou-fagbohoun-boni-yayi-appelle-a-la-paix-et-au-dialogue\\\/#authorImage\",\"url\":\"https:\\\/\\\/secure.gravatar.com\\\/avatar\\\/c4c509357859ea2ca2cbb6d8812898a73e4ef1ef9934c2e591d7e32face734d1?s=96&d=mm&r=g\",\"width\":96,\"height\":96,\"caption\":\"Redaction\"}},{\"@type\":\"WebPage\",\"@id\":\"https:\\\/\\\/lepatriotebenin.com\\\/index.php\\\/2026\\\/09\\\/02\\\/a-adja-ouere-aux-obseques-de-sefou-fagbohoun-boni-yayi-appelle-a-la-paix-et-au-dialogue\\\/#webpage\",\"url\":\"https:\\\/\\\/lepatriotebenin.com\\\/index.php\\\/2026\\\/09\\\/02\\\/a-adja-ouere-aux-obseques-de-sefou-fagbohoun-boni-yayi-appelle-a-la-paix-et-au-dialogue\\\/\",\"name\":\"A Adja-Ou\\u00e8r\\u00e8 aux obs\\u00e8ques de S\\u00e9fou Fagbohoun : Boni Yayi appelle \\u00e0 la paix et au dialogue - Le Patriote\",\"description\":\"Au domicile du regrett\\u00e9, ancien d\\u00e9put\\u00e9 b\\u00e9ninois S\\u00e9fou Fagbohoun, dimanche 30 ao\\u00fbt \\u00e0 Adja-Ou\\u00e8r\\u00e8, plusieurs figures politiques b\\u00e9ninoises se sont succ\\u00e9d\\u00e9 pour t\\u00e9moigner sur la m\\u00e9moire de l\\u2019ancien homme politique. Parmi elles, Bruno Amoussou et Boni Yayi ont salu\\u00e9 le parcours et l\\u2019engagement de celui qui aura marqu\\u00e9 la vie politique nationale. Outre les hommages\",\"inLanguage\":\"fr-FR\",\"isPartOf\":{\"@id\":\"https:\\\/\\\/lepatriotebenin.com\\\/#website\"},\"breadcrumb\":{\"@id\":\"https:\\\/\\\/lepatriotebenin.com\\\/index.php\\\/2026\\\/09\\\/02\\\/a-adja-ouere-aux-obseques-de-sefou-fagbohoun-boni-yayi-appelle-a-la-paix-et-au-dialogue\\\/#breadcrumblist\"},\"author\":{\"@id\":\"https:\\\/\\\/lepatriotebenin.com#author\"},\"creator\":{\"@id\":\"https:\\\/\\\/lepatriotebenin.com#author\"},\"image\":{\"@type\":\"ImageObject\",\"url\":\"https:\\\/\\\/lepatriotebenin.com\\\/wp-content\\\/uploads\\\/2026\\\/09\\\/c3e7423b-9157-4f95-8097-2312153cde86.jpg\",\"@id\":\"https:\\\/\\\/lepatriotebenin.com\\\/index.php\\\/2026\\\/09\\\/02\\\/a-adja-ouere-aux-obseques-de-sefou-fagbohoun-boni-yayi-appelle-a-la-paix-et-au-dialogue\\\/#mainImage\",\"width\":289,\"height\":164},\"primaryImageOfPage\":{\"@id\":\"https:\\\/\\\/lepatriotebenin.com\\\/index.php\\\/2026\\\/09\\\/02\\\/a-adja-ouere-aux-obseques-de-sefou-fagbohoun-boni-yayi-appelle-a-la-paix-et-au-dialogue\\\/#mainImage\"},\"datePublished\":\"2026-09-02T03:14:49+02:00\",\"dateModified\":\"2026-09-02T03:14:49+02:00\"},{\"@type\":\"WebSite\",\"@id\":\"https:\\\/\\\/lepatriotebenin.com\\\/#website\",\"url\":\"https:\\\/\\\/lepatriotebenin.com\\\/\",\"name\":\"Le Patriote\",\"description\":\"Le Patriote B\\u00e9nin\",\"inLanguage\":\"fr-FR\",\"publisher\":{\"@id\":\"https:\\\/\\\/lepatriotebenin.com\\\/#organization\"}}]}\n\t\t<\/script>\n\t\t<!-- All in One SEO -->\n\n","aioseo_head_json":{"title":"A Adja-Ou\u00e8r\u00e8 aux obs\u00e8ques de S\u00e9fou Fagbohoun : Boni Yayi appelle \u00e0 la paix et au dialogue - Le Patriote","description":"Au domicile du regrett\u00e9, ancien d\u00e9put\u00e9 b\u00e9ninois S\u00e9fou Fagbohoun, dimanche 30 ao\u00fbt \u00e0 Adja-Ou\u00e8r\u00e8, plusieurs figures politiques b\u00e9ninoises se sont succ\u00e9d\u00e9 pour t\u00e9moigner sur la m\u00e9moire de l\u2019ancien homme politique. Parmi elles, Bruno Amoussou et Boni Yayi ont salu\u00e9 le parcours et l\u2019engagement de celui qui aura marqu\u00e9 la vie politique nationale. Outre les hommages","canonical_url":"https:\/\/lepatriotebenin.com\/index.php\/2026\/09\/02\/a-adja-ouere-aux-obseques-de-sefou-fagbohoun-boni-yayi-appelle-a-la-paix-et-au-dialogue\/","robots":"max-image-preview:large","keywords":"","webmasterTools":{"miscellaneous":""},"schema":{"@context":"https:\/\/schema.org","@graph":[{"@type":"BlogPosting","@id":"https:\/\/lepatriotebenin.com\/index.php\/2026\/09\/02\/a-adja-ouere-aux-obseques-de-sefou-fagbohoun-boni-yayi-appelle-a-la-paix-et-au-dialogue\/#blogposting","name":"A Adja-Ou\u00e8r\u00e8 aux obs\u00e8ques de S\u00e9fou Fagbohoun : Boni Yayi appelle \u00e0 la paix et au dialogue - Le Patriote","headline":"A Adja-Ou\u00e8r\u00e8 aux obs\u00e8ques de S\u00e9fou Fagbohoun : Boni Yayi appelle \u00e0 la paix et au dialogue","author":{"@id":"https:\/\/lepatriotebenin.com#author"},"publisher":{"@id":"https:\/\/lepatriotebenin.com\/#organization"},"image":{"@type":"ImageObject","url":"https:\/\/lepatriotebenin.com\/wp-content\/uploads\/2026\/09\/c3e7423b-9157-4f95-8097-2312153cde86.jpg","width":289,"height":164},"datePublished":"2026-09-02T03:14:49+02:00","dateModified":"2026-09-02T03:14:49+02:00","inLanguage":"fr-FR","mainEntityOfPage":{"@id":"https:\/\/lepatriotebenin.com\/index.php\/2026\/09\/02\/a-adja-ouere-aux-obseques-de-sefou-fagbohoun-boni-yayi-appelle-a-la-paix-et-au-dialogue\/#webpage"},"isPartOf":{"@id":"https:\/\/lepatriotebenin.com\/index.php\/2026\/09\/02\/a-adja-ouere-aux-obseques-de-sefou-fagbohoun-boni-yayi-appelle-a-la-paix-et-au-dialogue\/#webpage"},"articleSection":"Politique"},{"@type":"BreadcrumbList","@id":"https:\/\/lepatriotebenin.com\/index.php\/2026\/09\/02\/a-adja-ouere-aux-obseques-de-sefou-fagbohoun-boni-yayi-appelle-a-la-paix-et-au-dialogue\/#breadcrumblist","itemListElement":[{"@type":"ListItem","@id":"https:\/\/lepatriotebenin.com#listItem","position":1,"name":"Home","item":"https:\/\/lepatriotebenin.com","nextItem":{"@type":"ListItem","@id":"https:\/\/lepatriotebenin.com\/index.php\/category\/politique\/#listItem","name":"Politique"}},{"@type":"ListItem","@id":"https:\/\/lepatriotebenin.com\/index.php\/category\/politique\/#listItem","position":2,"name":"Politique","item":"https:\/\/lepatriotebenin.com\/index.php\/category\/politique\/","nextItem":{"@type":"ListItem","@id":"https:\/\/lepatriotebenin.com\/index.php\/2026\/09\/02\/a-adja-ouere-aux-obseques-de-sefou-fagbohoun-boni-yayi-appelle-a-la-paix-et-au-dialogue\/#listItem","name":"A Adja-Ou\u00e8r\u00e8 aux obs\u00e8ques de S\u00e9fou Fagbohoun : Boni Yayi appelle \u00e0 la paix et au dialogue"},"previousItem":{"@type":"ListItem","@id":"https:\/\/lepatriotebenin.com#listItem","name":"Home"}},{"@type":"ListItem","@id":"https:\/\/lepatriotebenin.com\/index.php\/2026\/09\/02\/a-adja-ouere-aux-obseques-de-sefou-fagbohoun-boni-yayi-appelle-a-la-paix-et-au-dialogue\/#listItem","position":3,"name":"A Adja-Ou\u00e8r\u00e8 aux obs\u00e8ques de S\u00e9fou Fagbohoun : Boni Yayi appelle \u00e0 la paix et au dialogue","previousItem":{"@type":"ListItem","@id":"https:\/\/lepatriotebenin.com\/index.php\/category\/politique\/#listItem","name":"Politique"}}]},{"@type":"Organization","@id":"https:\/\/lepatriotebenin.com\/#organization","name":"Le Patriote","description":"Le Patriote B\u00e9nin","url":"https:\/\/lepatriotebenin.com\/"},{"@type":"Person","@id":"https:\/\/lepatriotebenin.com#author","url":"https:\/\/lepatriotebenin.com","name":"Redaction","image":{"@type":"ImageObject","@id":"https:\/\/lepatriotebenin.com\/index.php\/2026\/09\/02\/a-adja-ouere-aux-obseques-de-sefou-fagbohoun-boni-yayi-appelle-a-la-paix-et-au-dialogue\/#authorImage","url":"https:\/\/secure.gravatar.com\/avatar\/c4c509357859ea2ca2cbb6d8812898a73e4ef1ef9934c2e591d7e32face734d1?s=96&d=mm&r=g","width":96,"height":96,"caption":"Redaction"}},{"@type":"WebPage","@id":"https:\/\/lepatriotebenin.com\/index.php\/2026\/09\/02\/a-adja-ouere-aux-obseques-de-sefou-fagbohoun-boni-yayi-appelle-a-la-paix-et-au-dialogue\/#webpage","url":"https:\/\/lepatriotebenin.com\/index.php\/2026\/09\/02\/a-adja-ouere-aux-obseques-de-sefou-fagbohoun-boni-yayi-appelle-a-la-paix-et-au-dialogue\/","name":"A Adja-Ou\u00e8r\u00e8 aux obs\u00e8ques de S\u00e9fou Fagbohoun : Boni Yayi appelle \u00e0 la paix et au dialogue - Le Patriote","description":"Au domicile du regrett\u00e9, ancien d\u00e9put\u00e9 b\u00e9ninois S\u00e9fou Fagbohoun, dimanche 30 ao\u00fbt \u00e0 Adja-Ou\u00e8r\u00e8, plusieurs figures politiques b\u00e9ninoises se sont succ\u00e9d\u00e9 pour t\u00e9moigner sur la m\u00e9moire de l\u2019ancien homme politique. Parmi elles, Bruno Amoussou et Boni Yayi ont salu\u00e9 le parcours et l\u2019engagement de celui qui aura marqu\u00e9 la vie politique nationale. Outre les hommages","inLanguage":"fr-FR","isPartOf":{"@id":"https:\/\/lepatriotebenin.com\/#website"},"breadcrumb":{"@id":"https:\/\/lepatriotebenin.com\/index.php\/2026\/09\/02\/a-adja-ouere-aux-obseques-de-sefou-fagbohoun-boni-yayi-appelle-a-la-paix-et-au-dialogue\/#breadcrumblist"},"author":{"@id":"https:\/\/lepatriotebenin.com#author"},"creator":{"@id":"https:\/\/lepatriotebenin.com#author"},"image":{"@type":"ImageObject","url":"https:\/\/lepatriotebenin.com\/wp-content\/uploads\/2026\/09\/c3e7423b-9157-4f95-8097-2312153cde86.jpg","@id":"https:\/\/lepatriotebenin.com\/index.php\/2026\/09\/02\/a-adja-ouere-aux-obseques-de-sefou-fagbohoun-boni-yayi-appelle-a-la-paix-et-au-dialogue\/#mainImage","width":289,"height":164},"primaryImageOfPage":{"@id":"https:\/\/lepatriotebenin.com\/index.php\/2026\/09\/02\/a-adja-ouere-aux-obseques-de-sefou-fagbohoun-boni-yayi-appelle-a-la-paix-et-au-dialogue\/#mainImage"},"datePublished":"2026-09-02T03:14:49+02:00","dateModified":"2026-09-02T03:14:49+02:00"},{"@type":"WebSite","@id":"https:\/\/lepatriotebenin.com\/#website","url":"https:\/\/lepatriotebenin.com\/","name":"Le Patriote","description":"Le Patriote B\u00e9nin","inLanguage":"fr-FR","publisher":{"@id":"https:\/\/lepatriotebenin.com\/#organization"}}]},"og:locale":"fr_FR","og:site_name":"Le Patriote - Le Patriote B\u00e9nin","og:type":"article","og:title":"A Adja-Ou\u00e8r\u00e8 aux obs\u00e8ques de S\u00e9fou Fagbohoun : Boni Yayi appelle \u00e0 la paix et au dialogue - Le Patriote","og:description":"Au domicile du regrett\u00e9, ancien d\u00e9put\u00e9 b\u00e9ninois S\u00e9fou Fagbohoun, dimanche 30 ao\u00fbt \u00e0 Adja-Ou\u00e8r\u00e8, plusieurs figures politiques b\u00e9ninoises se sont succ\u00e9d\u00e9 pour t\u00e9moigner sur la m\u00e9moire de l\u2019ancien homme politique. Parmi elles, Bruno Amoussou et Boni Yayi ont salu\u00e9 le parcours et l\u2019engagement de celui qui aura marqu\u00e9 la vie politique nationale. Outre les hommages","og:url":"https:\/\/lepatriotebenin.com\/index.php\/2026\/09\/02\/a-adja-ouere-aux-obseques-de-sefou-fagbohoun-boni-yayi-appelle-a-la-paix-et-au-dialogue\/","article:published_time":"2026-09-02T01:14:49+00:00","article:modified_time":"2026-09-02T01:14:49+00:00","twitter:card":"summary_large_image","twitter:title":"A Adja-Ou\u00e8r\u00e8 aux obs\u00e8ques de S\u00e9fou Fagbohoun : Boni Yayi appelle \u00e0 la paix et au dialogue - Le Patriote","twitter:description":"Au domicile du regrett\u00e9, ancien d\u00e9put\u00e9 b\u00e9ninois S\u00e9fou Fagbohoun, dimanche 30 ao\u00fbt \u00e0 Adja-Ou\u00e8r\u00e8, plusieurs figures politiques b\u00e9ninoises se sont succ\u00e9d\u00e9 pour t\u00e9moigner sur la m\u00e9moire de l\u2019ancien homme politique. Parmi elles, Bruno Amoussou et Boni Yayi ont salu\u00e9 le parcours et l\u2019engagement de celui qui aura marqu\u00e9 la vie politique nationale. Outre les hommages"},"aioseo_meta_data":{"post_id":"23497","title":null,"description":null,"keywords":null,"keyphrases":{"focus":{"keyphrase":"","score":0,"analysis":{"keyphraseInTitle":{"score":0,"maxScore":9,"error":1}}},"additional":[]},"primary_term":null,"canonical_url":null,"og_title":null,"og_description":null,"og_object_type":"default","og_image_type":"default","og_image_url":null,"og_image_width":null,"og_image_height":null,"og_image_custom_url":null,"og_image_custom_fields":null,"og_video":"","og_custom_url":null,"og_article_section":null,"og_article_tags":null,"twitter_use_og":false,"twitter_card":"default","twitter_image_type":"default","twitter_image_url":null,"twitter_image_custom_url":null,"twitter_image_custom_fields":null,"twitter_title":null,"twitter_description":null,"schema":{"blockGraphs":[],"customGraphs":[],"default":{"data":{"Article":[],"Course":[],"Dataset":[],"FAQPage":[],"Movie":[],"Person":[],"Product":[],"ProductReview":[],"Car":[],"Recipe":[],"Service":[],"SoftwareApplication":[],"WebPage":[]},"graphName":"BlogPosting","isEnabled":true},"graphs":[]},"schema_type":"default","schema_type_options":null,"pillar_content":false,"robots_default":true,"robots_noindex":false,"robots_noarchive":false,"robots_nosnippet":false,"robots_nofollow":false,"robots_noimageindex":false,"robots_noodp":false,"robots_notranslate":false,"robots_max_snippet":"-1","robots_max_videopreview":"-1","robots_max_imagepreview":"large","priority":null,"frequency":"default","local_seo":null,"breadcrumb_settings":null,"limit_modified_date":false,"ai":{"faqs":[],"keyPoints":[],"schemas":[],"titles":[],"descriptions":[],"socialPosts":{"email":{"subject":"","preview":"","content":""},"linkedin":[],"twitter":[],"facebook":[],"instagram":[]}},"created":"2026-09-02 01:14:50","updated":"2026-09-02 01:14:50","seo_analyzer_scan_date":null,"focus_keyword":null,"additional_keywords":null,"truseo_locale":null},"aioseo_breadcrumb":"<div class=\"aioseo-breadcrumbs\"><span class=\"aioseo-breadcrumb\">\n\t\t\t<a href=\"https:\/\/lepatriotebenin.com\" title=\"Home\">Home<\/a>\n\t\t<\/span><span class=\"aioseo-breadcrumb-separator\">&raquo;<\/span><span class=\"aioseo-breadcrumb\">\n\t\t\t<a href=\"https:\/\/lepatriotebenin.com\/index.php\/category\/politique\/\" title=\"Politique\">Politique<\/a>\n\t\t<\/span><span class=\"aioseo-breadcrumb-separator\">&raquo;<\/span><span class=\"aioseo-breadcrumb\">\n\t\t\tA Adja-Ou\u00e8r\u00e8 aux obs\u00e8ques de S\u00e9fou Fagbohoun : Boni Yayi appelle \u00e0 la paix et au dialogue\n\t\t<\/span><\/div>","aioseo_breadcrumb_json":[{"label":"Home","link":"https:\/\/lepatriotebenin.com"},{"label":"Politique","link":"https:\/\/lepatriotebenin.com\/index.php\/category\/politique\/"},{"label":"A Adja-Ou\u00e8r\u00e8 aux obs\u00e8ques de S\u00e9fou Fagbohoun : Boni Yayi appelle \u00e0 la paix et au dialogue","link":"https:\/\/lepatriotebenin.com\/index.php\/2026\/09\/02\/a-adja-ouere-aux-obseques-de-sefou-fagbohoun-boni-yayi-appelle-a-la-paix-et-au-dialogue\/"}],"yoast_head":"<!-- This site is optimized with the Yoast SEO plugin v28.4 - https:\/\/yoast.com\/product\/yoast-seo-wordpress\/ -->\n<title>A Adja-Ou\u00e8r\u00e8 aux obs\u00e8ques de S\u00e9fou Fagbohoun : Boni Yayi appelle \u00e0 la paix et au dialogue - Le Patriote<\/title>\n<meta name=\"robots\" content=\"index, follow, max-snippet:-1, max-image-preview:large, max-video-preview:-1\" \/>\n<link rel=\"canonical\" href=\"https:\/\/lepatriotebenin.com\/index.php\/2026\/09\/02\/a-adja-ouere-aux-obseques-de-sefou-fagbohoun-boni-yayi-appelle-a-la-paix-et-au-dialogue\/\" \/>\n<meta property=\"og:locale\" content=\"fr_FR\" \/>\n<meta property=\"og:type\" content=\"article\" \/>\n<meta property=\"og:title\" content=\"A Adja-Ou\u00e8r\u00e8 aux obs\u00e8ques de S\u00e9fou Fagbohoun : Boni Yayi appelle \u00e0 la paix et au dialogue - Le Patriote\" \/>\n<meta property=\"og:description\" content=\"Au domicile du regrett\u00e9, ancien d\u00e9put\u00e9 b\u00e9ninois S\u00e9fou Fagbohoun, dimanche 30 ao\u00fbt \u00e0 Adja-Ou\u00e8r\u00e8, plusieurs figures politiques b\u00e9ninoises se sont succ\u00e9d\u00e9 pour t\u00e9moigner sur la m\u00e9moire de l\u2019ancien homme politique.&hellip;\" \/>\n<meta property=\"og:url\" content=\"https:\/\/lepatriotebenin.com\/index.php\/2026\/09\/02\/a-adja-ouere-aux-obseques-de-sefou-fagbohoun-boni-yayi-appelle-a-la-paix-et-au-dialogue\/\" \/>\n<meta property=\"og:site_name\" content=\"Le Patriote\" \/>\n<meta property=\"article:published_time\" content=\"2026-09-02T01:14:49+00:00\" \/>\n<meta property=\"og:image\" content=\"https:\/\/lepatriotebenin.com\/wp-content\/uploads\/2026\/09\/c3e7423b-9157-4f95-8097-2312153cde86.jpg\" \/>\n\t<meta property=\"og:image:width\" content=\"289\" \/>\n\t<meta property=\"og:image:height\" content=\"164\" \/>\n\t<meta property=\"og:image:type\" content=\"image\/jpeg\" \/>\n<meta name=\"author\" content=\"Redaction\" \/>\n<meta name=\"twitter:card\" content=\"summary_large_image\" \/>\n<meta name=\"twitter:label1\" content=\"\u00c9crit par\" \/>\n\t<meta name=\"twitter:data1\" content=\"Redaction\" \/>\n\t<meta name=\"twitter:label2\" content=\"Dur\u00e9e de lecture estim\u00e9e\" \/>\n\t<meta name=\"twitter:data2\" content=\"5 minutes\" \/>\n<script type=\"application\/ld+json\" class=\"yoast-schema-graph\">{\"@context\":\"https:\\\/\\\/schema.org\",\"@graph\":[{\"@type\":\"Article\",\"@id\":\"https:\\\/\\\/lepatriotebenin.com\\\/index.php\\\/2026\\\/09\\\/02\\\/a-adja-ouere-aux-obseques-de-sefou-fagbohoun-boni-yayi-appelle-a-la-paix-et-au-dialogue\\\/#article\",\"isPartOf\":{\"@id\":\"https:\\\/\\\/lepatriotebenin.com\\\/index.php\\\/2026\\\/09\\\/02\\\/a-adja-ouere-aux-obseques-de-sefou-fagbohoun-boni-yayi-appelle-a-la-paix-et-au-dialogue\\\/\"},\"author\":{\"name\":\"Redaction\",\"@id\":\"https:\\\/\\\/lepatriotebenin.com\\\/#\\\/schema\\\/person\\\/2e7709b9c9cc313e452d1136af61690f\"},\"headline\":\"A Adja-Ou\u00e8r\u00e8 aux obs\u00e8ques de S\u00e9fou Fagbohoun : Boni Yayi appelle \u00e0 la paix et au dialogue\",\"datePublished\":\"2026-09-02T01:14:49+00:00\",\"mainEntityOfPage\":{\"@id\":\"https:\\\/\\\/lepatriotebenin.com\\\/index.php\\\/2026\\\/09\\\/02\\\/a-adja-ouere-aux-obseques-de-sefou-fagbohoun-boni-yayi-appelle-a-la-paix-et-au-dialogue\\\/\"},\"wordCount\":882,\"commentCount\":0,\"image\":{\"@id\":\"https:\\\/\\\/lepatriotebenin.com\\\/index.php\\\/2026\\\/09\\\/02\\\/a-adja-ouere-aux-obseques-de-sefou-fagbohoun-boni-yayi-appelle-a-la-paix-et-au-dialogue\\\/#primaryimage\"},\"thumbnailUrl\":\"https:\\\/\\\/lepatriotebenin.com\\\/wp-content\\\/uploads\\\/2026\\\/09\\\/c3e7423b-9157-4f95-8097-2312153cde86.jpg\",\"articleSection\":[\"Politique\"],\"inLanguage\":\"fr-FR\",\"potentialAction\":[{\"@type\":\"CommentAction\",\"name\":\"Comment\",\"target\":[\"https:\\\/\\\/lepatriotebenin.com\\\/index.php\\\/2026\\\/09\\\/02\\\/a-adja-ouere-aux-obseques-de-sefou-fagbohoun-boni-yayi-appelle-a-la-paix-et-au-dialogue\\\/#respond\"]}]},{\"@type\":\"WebPage\",\"@id\":\"https:\\\/\\\/lepatriotebenin.com\\\/index.php\\\/2026\\\/09\\\/02\\\/a-adja-ouere-aux-obseques-de-sefou-fagbohoun-boni-yayi-appelle-a-la-paix-et-au-dialogue\\\/\",\"url\":\"https:\\\/\\\/lepatriotebenin.com\\\/index.php\\\/2026\\\/09\\\/02\\\/a-adja-ouere-aux-obseques-de-sefou-fagbohoun-boni-yayi-appelle-a-la-paix-et-au-dialogue\\\/\",\"name\":\"A Adja-Ou\u00e8r\u00e8 aux obs\u00e8ques de S\u00e9fou Fagbohoun : Boni Yayi appelle \u00e0 la paix et au dialogue - Le Patriote\",\"isPartOf\":{\"@id\":\"https:\\\/\\\/lepatriotebenin.com\\\/#website\"},\"primaryImageOfPage\":{\"@id\":\"https:\\\/\\\/lepatriotebenin.com\\\/index.php\\\/2026\\\/09\\\/02\\\/a-adja-ouere-aux-obseques-de-sefou-fagbohoun-boni-yayi-appelle-a-la-paix-et-au-dialogue\\\/#primaryimage\"},\"image\":{\"@id\":\"https:\\\/\\\/lepatriotebenin.com\\\/index.php\\\/2026\\\/09\\\/02\\\/a-adja-ouere-aux-obseques-de-sefou-fagbohoun-boni-yayi-appelle-a-la-paix-et-au-dialogue\\\/#primaryimage\"},\"thumbnailUrl\":\"https:\\\/\\\/lepatriotebenin.com\\\/wp-content\\\/uploads\\\/2026\\\/09\\\/c3e7423b-9157-4f95-8097-2312153cde86.jpg\",\"datePublished\":\"2026-09-02T01:14:49+00:00\",\"author\":{\"@id\":\"https:\\\/\\\/lepatriotebenin.com\\\/#\\\/schema\\\/person\\\/2e7709b9c9cc313e452d1136af61690f\"},\"breadcrumb\":{\"@id\":\"https:\\\/\\\/lepatriotebenin.com\\\/index.php\\\/2026\\\/09\\\/02\\\/a-adja-ouere-aux-obseques-de-sefou-fagbohoun-boni-yayi-appelle-a-la-paix-et-au-dialogue\\\/#breadcrumb\"},\"inLanguage\":\"fr-FR\",\"potentialAction\":[{\"@type\":\"ReadAction\",\"target\":[\"https:\\\/\\\/lepatriotebenin.com\\\/index.php\\\/2026\\\/09\\\/02\\\/a-adja-ouere-aux-obseques-de-sefou-fagbohoun-boni-yayi-appelle-a-la-paix-et-au-dialogue\\\/\"]}]},{\"@type\":\"ImageObject\",\"inLanguage\":\"fr-FR\",\"@id\":\"https:\\\/\\\/lepatriotebenin.com\\\/index.php\\\/2026\\\/09\\\/02\\\/a-adja-ouere-aux-obseques-de-sefou-fagbohoun-boni-yayi-appelle-a-la-paix-et-au-dialogue\\\/#primaryimage\",\"url\":\"https:\\\/\\\/lepatriotebenin.com\\\/wp-content\\\/uploads\\\/2026\\\/09\\\/c3e7423b-9157-4f95-8097-2312153cde86.jpg\",\"contentUrl\":\"https:\\\/\\\/lepatriotebenin.com\\\/wp-content\\\/uploads\\\/2026\\\/09\\\/c3e7423b-9157-4f95-8097-2312153cde86.jpg\",\"width\":289,\"height\":164},{\"@type\":\"BreadcrumbList\",\"@id\":\"https:\\\/\\\/lepatriotebenin.com\\\/index.php\\\/2026\\\/09\\\/02\\\/a-adja-ouere-aux-obseques-de-sefou-fagbohoun-boni-yayi-appelle-a-la-paix-et-au-dialogue\\\/#breadcrumb\",\"itemListElement\":[{\"@type\":\"ListItem\",\"position\":1,\"name\":\"Accueil\",\"item\":\"https:\\\/\\\/lepatriotebenin.com\\\/\"},{\"@type\":\"ListItem\",\"position\":2,\"name\":\"A Adja-Ou\u00e8r\u00e8 aux obs\u00e8ques de S\u00e9fou Fagbohoun : Boni Yayi appelle \u00e0 la paix et au dialogue\"}]},{\"@type\":\"WebSite\",\"@id\":\"https:\\\/\\\/lepatriotebenin.com\\\/#website\",\"url\":\"https:\\\/\\\/lepatriotebenin.com\\\/\",\"name\":\"Le Patriote\",\"description\":\"Le Patriote B\u00e9nin\",\"potentialAction\":[{\"@type\":\"SearchAction\",\"target\":{\"@type\":\"EntryPoint\",\"urlTemplate\":\"https:\\\/\\\/lepatriotebenin.com\\\/?s={search_term_string}\"},\"query-input\":{\"@type\":\"PropertyValueSpecification\",\"valueRequired\":true,\"valueName\":\"search_term_string\"}}],\"inLanguage\":\"fr-FR\"},{\"@type\":\"Person\",\"@id\":\"https:\\\/\\\/lepatriotebenin.com\\\/#\\\/schema\\\/person\\\/2e7709b9c9cc313e452d1136af61690f\",\"name\":\"Redaction\",\"image\":{\"@type\":\"ImageObject\",\"inLanguage\":\"fr-FR\",\"@id\":\"https:\\\/\\\/secure.gravatar.com\\\/avatar\\\/c4c509357859ea2ca2cbb6d8812898a73e4ef1ef9934c2e591d7e32face734d1?s=96&d=mm&r=g\",\"url\":\"https:\\\/\\\/secure.gravatar.com\\\/avatar\\\/c4c509357859ea2ca2cbb6d8812898a73e4ef1ef9934c2e591d7e32face734d1?s=96&d=mm&r=g\",\"contentUrl\":\"https:\\\/\\\/secure.gravatar.com\\\/avatar\\\/c4c509357859ea2ca2cbb6d8812898a73e4ef1ef9934c2e591d7e32face734d1?s=96&d=mm&r=g\",\"caption\":\"Redaction\"},\"url\":\"https:\\\/\\\/lepatriotebenin.com\"}]}<\/script>\n<!-- \/ Yoast SEO plugin. -->","yoast_head_json":{"title":"A Adja-Ou\u00e8r\u00e8 aux obs\u00e8ques de S\u00e9fou Fagbohoun : Boni Yayi appelle \u00e0 la paix et au dialogue - Le Patriote","robots":{"index":"index","follow":"follow","max-snippet":"max-snippet:-1","max-image-preview":"max-image-preview:large","max-video-preview":"max-video-preview:-1"},"canonical":"https:\/\/lepatriotebenin.com\/index.php\/2026\/09\/02\/a-adja-ouere-aux-obseques-de-sefou-fagbohoun-boni-yayi-appelle-a-la-paix-et-au-dialogue\/","og_locale":"fr_FR","og_type":"article","og_title":"A Adja-Ou\u00e8r\u00e8 aux obs\u00e8ques de S\u00e9fou Fagbohoun : Boni Yayi appelle \u00e0 la paix et au dialogue - Le Patriote","og_description":"Au domicile du regrett\u00e9, ancien d\u00e9put\u00e9 b\u00e9ninois S\u00e9fou Fagbohoun, dimanche 30 ao\u00fbt \u00e0 Adja-Ou\u00e8r\u00e8, plusieurs figures politiques b\u00e9ninoises se sont succ\u00e9d\u00e9 pour t\u00e9moigner sur la m\u00e9moire de l\u2019ancien homme politique.&hellip;","og_url":"https:\/\/lepatriotebenin.com\/index.php\/2026\/09\/02\/a-adja-ouere-aux-obseques-de-sefou-fagbohoun-boni-yayi-appelle-a-la-paix-et-au-dialogue\/","og_site_name":"Le Patriote","article_published_time":"2026-09-02T01:14:49+00:00","og_image":[{"width":289,"height":164,"url":"https:\/\/lepatriotebenin.com\/wp-content\/uploads\/2026\/09\/c3e7423b-9157-4f95-8097-2312153cde86.jpg","type":"image\/jpeg"}],"author":"Redaction","twitter_card":"summary_large_image","twitter_misc":{"\u00c9crit par":"Redaction","Dur\u00e9e de lecture estim\u00e9e":"5 minutes"},"schema":{"@context":"https:\/\/schema.org","@graph":[{"@type":"Article","@id":"https:\/\/lepatriotebenin.com\/index.php\/2026\/09\/02\/a-adja-ouere-aux-obseques-de-sefou-fagbohoun-boni-yayi-appelle-a-la-paix-et-au-dialogue\/#article","isPartOf":{"@id":"https:\/\/lepatriotebenin.com\/index.php\/2026\/09\/02\/a-adja-ouere-aux-obseques-de-sefou-fagbohoun-boni-yayi-appelle-a-la-paix-et-au-dialogue\/"},"author":{"name":"Redaction","@id":"https:\/\/lepatriotebenin.com\/#\/schema\/person\/2e7709b9c9cc313e452d1136af61690f"},"headline":"A Adja-Ou\u00e8r\u00e8 aux obs\u00e8ques de S\u00e9fou Fagbohoun : Boni Yayi appelle \u00e0 la paix et au dialogue","datePublished":"2026-09-02T01:14:49+00:00","mainEntityOfPage":{"@id":"https:\/\/lepatriotebenin.com\/index.php\/2026\/09\/02\/a-adja-ouere-aux-obseques-de-sefou-fagbohoun-boni-yayi-appelle-a-la-paix-et-au-dialogue\/"},"wordCount":882,"commentCount":0,"image":{"@id":"https:\/\/lepatriotebenin.com\/index.php\/2026\/09\/02\/a-adja-ouere-aux-obseques-de-sefou-fagbohoun-boni-yayi-appelle-a-la-paix-et-au-dialogue\/#primaryimage"},"thumbnailUrl":"https:\/\/lepatriotebenin.com\/wp-content\/uploads\/2026\/09\/c3e7423b-9157-4f95-8097-2312153cde86.jpg","articleSection":["Politique"],"inLanguage":"fr-FR","potentialAction":[{"@type":"CommentAction","name":"Comment","target":["https:\/\/lepatriotebenin.com\/index.php\/2026\/09\/02\/a-adja-ouere-aux-obseques-de-sefou-fagbohoun-boni-yayi-appelle-a-la-paix-et-au-dialogue\/#respond"]}]},{"@type":"WebPage","@id":"https:\/\/lepatriotebenin.com\/index.php\/2026\/09\/02\/a-adja-ouere-aux-obseques-de-sefou-fagbohoun-boni-yayi-appelle-a-la-paix-et-au-dialogue\/","url":"https:\/\/lepatriotebenin.com\/index.php\/2026\/09\/02\/a-adja-ouere-aux-obseques-de-sefou-fagbohoun-boni-yayi-appelle-a-la-paix-et-au-dialogue\/","name":"A Adja-Ou\u00e8r\u00e8 aux obs\u00e8ques de S\u00e9fou Fagbohoun : Boni Yayi appelle \u00e0 la paix et au dialogue - Le Patriote","isPartOf":{"@id":"https:\/\/lepatriotebenin.com\/#website"},"primaryImageOfPage":{"@id":"https:\/\/lepatriotebenin.com\/index.php\/2026\/09\/02\/a-adja-ouere-aux-obseques-de-sefou-fagbohoun-boni-yayi-appelle-a-la-paix-et-au-dialogue\/#primaryimage"},"image":{"@id":"https:\/\/lepatriotebenin.com\/index.php\/2026\/09\/02\/a-adja-ouere-aux-obseques-de-sefou-fagbohoun-boni-yayi-appelle-a-la-paix-et-au-dialogue\/#primaryimage"},"thumbnailUrl":"https:\/\/lepatriotebenin.com\/wp-content\/uploads\/2026\/09\/c3e7423b-9157-4f95-8097-2312153cde86.jpg","datePublished":"2026-09-02T01:14:49+00:00","author":{"@id":"https:\/\/lepatriotebenin.com\/#\/schema\/person\/2e7709b9c9cc313e452d1136af61690f"},"breadcrumb":{"@id":"https:\/\/lepatriotebenin.com\/index.php\/2026\/09\/02\/a-adja-ouere-aux-obseques-de-sefou-fagbohoun-boni-yayi-appelle-a-la-paix-et-au-dialogue\/#breadcrumb"},"inLanguage":"fr-FR","potentialAction":[{"@type":"ReadAction","target":["https:\/\/lepatriotebenin.com\/index.php\/2026\/09\/02\/a-adja-ouere-aux-obseques-de-sefou-fagbohoun-boni-yayi-appelle-a-la-paix-et-au-dialogue\/"]}]},{"@type":"ImageObject","inLanguage":"fr-FR","@id":"https:\/\/lepatriotebenin.com\/index.php\/2026\/09\/02\/a-adja-ouere-aux-obseques-de-sefou-fagbohoun-boni-yayi-appelle-a-la-paix-et-au-dialogue\/#primaryimage","url":"https:\/\/lepatriotebenin.com\/wp-content\/uploads\/2026\/09\/c3e7423b-9157-4f95-8097-2312153cde86.jpg","contentUrl":"https:\/\/lepatriotebenin.com\/wp-content\/uploads\/2026\/09\/c3e7423b-9157-4f95-8097-2312153cde86.jpg","width":289,"height":164},{"@type":"BreadcrumbList","@id":"https:\/\/lepatriotebenin.com\/index.php\/2026\/09\/02\/a-adja-ouere-aux-obseques-de-sefou-fagbohoun-boni-yayi-appelle-a-la-paix-et-au-dialogue\/#breadcrumb","itemListElement":[{"@type":"ListItem","position":1,"name":"Accueil","item":"https:\/\/lepatriotebenin.com\/"},{"@type":"ListItem","position":2,"name":"A Adja-Ou\u00e8r\u00e8 aux obs\u00e8ques de S\u00e9fou Fagbohoun : Boni Yayi appelle \u00e0 la paix et au dialogue"}]},{"@type":"WebSite","@id":"https:\/\/lepatriotebenin.com\/#website","url":"https:\/\/lepatriotebenin.com\/","name":"Le Patriote","description":"Le Patriote B\u00e9nin","potentialAction":[{"@type":"SearchAction","target":{"@type":"EntryPoint","urlTemplate":"https:\/\/lepatriotebenin.com\/?s={search_term_string}"},"query-input":{"@type":"PropertyValueSpecification","valueRequired":true,"valueName":"search_term_string"}}],"inLanguage":"fr-FR"},{"@type":"Person","@id":"https:\/\/lepatriotebenin.com\/#\/schema\/person\/2e7709b9c9cc313e452d1136af61690f","name":"Redaction","image":{"@type":"ImageObject","inLanguage":"fr-FR","@id":"https:\/\/secure.gravatar.com\/avatar\/c4c509357859ea2ca2cbb6d8812898a73e4ef1ef9934c2e591d7e32face734d1?s=96&d=mm&r=g","url":"https:\/\/secure.gravatar.com\/avatar\/c4c509357859ea2ca2cbb6d8812898a73e4ef1ef9934c2e591d7e32face734d1?s=96&d=mm&r=g","contentUrl":"https:\/\/secure.gravatar.com\/avatar\/c4c509357859ea2ca2cbb6d8812898a73e4ef1ef9934c2e591d7e32face734d1?s=96&d=mm&r=g","caption":"Redaction"},"url":"https:\/\/lepatriotebenin.com"}]}},"_links":{"self":[{"href":"https:\/\/lepatriotebenin.com\/index.php\/wp-json\/wp\/v2\/posts\/23497","targetHints":{"allow":["GET"]}}],"collection":[{"href":"https:\/\/lepatriotebenin.com\/index.php\/wp-json\/wp\/v2\/posts"}],"about":[{"href":"https:\/\/lepatriotebenin.com\/index.php\/wp-json\/wp\/v2\/types\/post"}],"author":[{"embeddable":true,"href":"https:\/\/lepatriotebenin.com\/index.php\/wp-json\/wp\/v2\/users\/5"}],"replies":[{"embeddable":true,"href":"https:\/\/lepatriotebenin.com\/index.php\/wp-json\/wp\/v2\/comments?post=23497"}],"version-history":[{"count":1,"href":"https:\/\/lepatriotebenin.com\/index.php\/wp-json\/wp\/v2\/posts\/23497\/revisions"}],"predecessor-version":[{"id":23499,"href":"https:\/\/lepatriotebenin.com\/index.php\/wp-json\/wp\/v2\/posts\/23497\/revisions\/23499"}],"wp:featuredmedia":[{"embeddable":true,"href":"https:\/\/lepatriotebenin.com\/index.php\/wp-json\/wp\/v2\/media\/23498"}],"wp:attachment":[{"href":"https:\/\/lepatriotebenin.com\/index.php\/wp-json\/wp\/v2\/media?parent=23497"}],"wp:term":[{"taxonomy":"category","embeddable":true,"href":"https:\/\/lepatriotebenin.com\/index.php\/wp-json\/wp\/v2\/categories?post=23497"},{"taxonomy":"post_tag","embeddable":true,"href":"https:\/\/lepatriotebenin.com\/index.php\/wp-json\/wp\/v2\/tags?post=23497"}],"curies":[{"name":"wp","href":"https:\/\/api.w.org\/{rel}","templated":true}]}}