{"id":23493,"date":"2026-09-02T03:09:52","date_gmt":"2026-09-02T01:09:52","guid":{"rendered":"https:\/\/lepatriotebenin.com\/?p=23493"},"modified":"2026-09-02T03:09:52","modified_gmt":"2026-09-02T01:09:52","slug":"non-organisation-des-initiatives-au-profit-de-la-jeunesse-militante-quelle-place-occupent-les-jeunes-dans-les-partis","status":"publish","type":"post","link":"https:\/\/lepatriotebenin.com\/index.php\/2026\/09\/02\/non-organisation-des-initiatives-au-profit-de-la-jeunesse-militante-quelle-place-occupent-les-jeunes-dans-les-partis\/","title":{"rendered":"Non-organisation des initiatives au profit  de la  jeunesse militante :  Quelle place occupent les jeunes dans les partis ?"},"content":{"rendered":"<p><strong><em>Depuis plus de deux ans, un ph\u00e9nom\u00e8ne interpelle dans le paysage politique b\u00e9ninois : la quasi-disparition des initiatives sp\u00e9cifiquement destin\u00e9es \u00e0 la jeunesse au sein de plusieurs formations politiques. Camps de jeunesse, universit\u00e9s d\u2019\u00e9t\u00e9, sessions de formation, activit\u00e9s citoyennes ou encore vacances militantes se font rares. Une situation qui soul\u00e8ve une question essentielle : quelle place les partis politiques accordent-ils r\u00e9ellement \u00e0 leur jeunesse ?<\/em><\/strong><\/p>\n<p>La question doit \u00eatre pos\u00e9e car les jeunes constituent l\u2019un des principaux militants des formations politiques. Lors des campagnes \u00e9lectorales, ils sont en premi\u00e8re ligne. Mobilisation de terrain, animation des meetings, sensibilisation des \u00e9lecteurs, communication num\u00e9rique, affichage, porte-\u00e0-porte : la jeunesse est sollicit\u00e9e sur presque tous les fronts. Elle constitue souvent le visage le plus visible des partis dans les quartiers, les villages et sur les r\u00e9seaux sociaux. Mais une fois les \u00e9lections pass\u00e9es, le constat semble tout autre. Les activit\u00e9s de formation et d\u2019encadrement destin\u00e9es \u00e0 cette frange militante deviennent rares, laissant croire que les jeunes ne sont indispensables qu&rsquo;au moment de conqu\u00e9rir les suffrages.<\/p>\n<p>Pourtant, l\u2019une des responsabilit\u00e9s fondamentales d\u2019un parti politique est de contribuer \u00e0 la formation de ses militants et \u00e0 la pr\u00e9paration de ceux appel\u00e9s \u00e0 assurer la rel\u00e8ve. Le militantisme ne se limite pas \u00e0 la mobilisation \u00e9lectorale. Il inclut \u00e9galement l\u2019apprentissage des valeurs, de l\u2019id\u00e9ologie, des m\u00e9canismes d\u00e9mocratiques et des responsabilit\u00e9s publiques. Les camps de jeunesse, universit\u00e9s politiques et autres cadres de formation ne sont donc pas de simples activit\u00e9s r\u00e9cr\u00e9atives. Ils constituent des espaces o\u00f9 se renforcent les convictions et se transmet une culture politique qui permet d&rsquo;avoir des futurs responsables. La disparition de ces activit\u00e9s pose ainsi la question de la strat\u00e9gie \u00e0 long terme des partis.<\/p>\n<p><strong>Une jeunesse mobilis\u00e9e, puis oubli\u00e9e ?<\/strong><\/p>\n<p>Le paradoxe est saisissant. Pendant les p\u00e9riodes \u00e9lectorales, la jeunesse est pr\u00e9sent\u00e9e comme une force incontournable. Les discours politiques c\u00e9l\u00e8brent sa vitalit\u00e9, son dynamisme et sa capacit\u00e9 de mobilisation. Mais au lendemain des scrutins, elle est rel\u00e9gu\u00e9e au second plan. Cette situation peut susciter chez les jeunes militants un sentiment de d\u00e9couragement. \u00c0 force d\u2019\u00eatre sollicit\u00e9s principalement pour les batailles \u00e9lectorales, sans b\u00e9n\u00e9ficier ensuite d\u2019un v\u00e9ritable accompagnement politique, certains peuvent finir par consid\u00e9rer leur engagement comme purement circonstanciel.<\/p>\n<p>Plus pr\u00e9occupant encore, cette absence d\u2019encadrement pourrait fragiliser la transmission des valeurs entre g\u00e9n\u00e9rations. Un parti politique qui ne forme pas aujourd\u2019hui ses jeunes militants prend le risque de se retrouver demain avec un d\u00e9ficit de cadres capables de porter son projet, son id\u00e9ologie et son organisation. La quasi-inexistence, depuis plusieurs ann\u00e9es, des initiatives de ce type dans certains partis, notamment ceux de la mouvance pr\u00e9sidentielle, interpelle donc. Apr\u00e8s avoir \u00e9t\u00e9 les soldats des campagnes \u00e9lectorales, les jeunes ne doivent pas devenir les oubli\u00e9s. On doit les former pour le futur. Cela passe par les activit\u00e9s organis\u00e9es \u00e0 leur profit.<\/p>\n<p><strong>Alassane Tour\u00e9 <\/strong><\/p>\n","protected":false},"excerpt":{"rendered":"<p>Depuis plus de deux ans, un ph\u00e9nom\u00e8ne interpelle dans le paysage politique b\u00e9ninois : la quasi-disparition des initiatives sp\u00e9cifiquement destin\u00e9es \u00e0 la jeunesse au sein de plusieurs formations politiques. Camps&hellip;<\/p>\n","protected":false},"author":5,"featured_media":23494,"comment_status":"open","ping_status":"open","sticky":false,"template":"","format":"standard","meta":{"content-type":"","om_disable_all_campaigns":false,"_monsterinsights_skip_tracking":false,"_uf_show_specific_survey":0,"_uf_disable_surveys":false,"footnotes":""},"categories":[26],"tags":[],"class_list":["post-23493","post","type-post","status-publish","format-standard","has-post-thumbnail","hentry","category-politique"],"aioseo_notices":[],"aioseo_head":"\n\t\t<!-- All in One SEO 5.0.1.1 - aioseo.com -->\n\t<meta name=\"description\" content=\"Depuis plus de deux ans, un ph\u00e9nom\u00e8ne interpelle dans le paysage politique b\u00e9ninois : la quasi-disparition des initiatives sp\u00e9cifiquement destin\u00e9es \u00e0 la jeunesse au sein de plusieurs formations politiques. Camps de jeunesse, universit\u00e9s d\u2019\u00e9t\u00e9, sessions de formation, activit\u00e9s citoyennes ou encore vacances militantes se font rares. Une situation qui soul\u00e8ve une question essentielle : quelle\" \/>\n\t<meta name=\"robots\" content=\"max-image-preview:large\" \/>\n\t<meta name=\"author\" content=\"Redaction\"\/>\n\t<link rel=\"canonical\" href=\"https:\/\/lepatriotebenin.com\/index.php\/2026\/09\/02\/non-organisation-des-initiatives-au-profit-de-la-jeunesse-militante-quelle-place-occupent-les-jeunes-dans-les-partis\/\" \/>\n\t<meta name=\"generator\" content=\"All in One SEO (AIOSEO) 5.0.1.1\" \/>\n\t\t<meta property=\"og:locale\" content=\"fr_FR\" \/>\n\t\t<meta property=\"og:site_name\" content=\"Le Patriote - Le Patriote B\u00e9nin\" \/>\n\t\t<meta property=\"og:type\" content=\"article\" \/>\n\t\t<meta property=\"og:title\" content=\"Non-organisation des initiatives au profit de la jeunesse militante : Quelle place occupent les jeunes dans les partis ? - Le Patriote\" \/>\n\t\t<meta property=\"og:description\" content=\"Depuis plus de deux ans, un ph\u00e9nom\u00e8ne interpelle dans le paysage politique b\u00e9ninois : la quasi-disparition des initiatives sp\u00e9cifiquement destin\u00e9es \u00e0 la jeunesse au sein de plusieurs formations politiques. Camps de jeunesse, universit\u00e9s d\u2019\u00e9t\u00e9, sessions de formation, activit\u00e9s citoyennes ou encore vacances militantes se font rares. Une situation qui soul\u00e8ve une question essentielle : quelle\" \/>\n\t\t<meta property=\"og:url\" content=\"https:\/\/lepatriotebenin.com\/index.php\/2026\/09\/02\/non-organisation-des-initiatives-au-profit-de-la-jeunesse-militante-quelle-place-occupent-les-jeunes-dans-les-partis\/\" \/>\n\t\t<meta property=\"article:published_time\" content=\"2026-09-02T01:09:52+00:00\" \/>\n\t\t<meta property=\"article:modified_time\" content=\"2026-09-02T01:09:52+00:00\" \/>\n\t\t<meta name=\"twitter:card\" content=\"summary_large_image\" \/>\n\t\t<meta name=\"twitter:title\" content=\"Non-organisation des initiatives au profit de la jeunesse militante : Quelle place occupent les jeunes dans les partis ? - Le Patriote\" \/>\n\t\t<meta name=\"twitter:description\" content=\"Depuis plus de deux ans, un ph\u00e9nom\u00e8ne interpelle dans le paysage politique b\u00e9ninois : la quasi-disparition des initiatives sp\u00e9cifiquement destin\u00e9es \u00e0 la jeunesse au sein de plusieurs formations politiques. Camps de jeunesse, universit\u00e9s d\u2019\u00e9t\u00e9, sessions de formation, activit\u00e9s citoyennes ou encore vacances militantes se font rares. Une situation qui soul\u00e8ve une question essentielle : quelle\" \/>\n\t\t<script type=\"application\/ld+json\" class=\"aioseo-schema\">\n\t\t\t{\"@context\":\"https:\\\/\\\/schema.org\",\"@graph\":[{\"@type\":\"BlogPosting\",\"@id\":\"https:\\\/\\\/lepatriotebenin.com\\\/index.php\\\/2026\\\/09\\\/02\\\/non-organisation-des-initiatives-au-profit-de-la-jeunesse-militante-quelle-place-occupent-les-jeunes-dans-les-partis\\\/#blogposting\",\"name\":\"Non-organisation des initiatives au profit de la jeunesse militante : Quelle place occupent les jeunes dans les partis ? - Le Patriote\",\"headline\":\"Non-organisation des initiatives au profit  de la  jeunesse militante :  Quelle place occupent les jeunes dans les partis ?\",\"author\":{\"@id\":\"https:\\\/\\\/lepatriotebenin.com#author\"},\"publisher\":{\"@id\":\"https:\\\/\\\/lepatriotebenin.com\\\/#organization\"},\"image\":{\"@type\":\"ImageObject\",\"url\":\"https:\\\/\\\/lepatriotebenin.com\\\/wp-content\\\/uploads\\\/2026\\\/09\\\/jeunesse-oubliee.png\",\"width\":632,\"height\":485},\"datePublished\":\"2026-09-02T03:09:52+02:00\",\"dateModified\":\"2026-09-02T03:09:52+02:00\",\"inLanguage\":\"fr-FR\",\"mainEntityOfPage\":{\"@id\":\"https:\\\/\\\/lepatriotebenin.com\\\/index.php\\\/2026\\\/09\\\/02\\\/non-organisation-des-initiatives-au-profit-de-la-jeunesse-militante-quelle-place-occupent-les-jeunes-dans-les-partis\\\/#webpage\"},\"isPartOf\":{\"@id\":\"https:\\\/\\\/lepatriotebenin.com\\\/index.php\\\/2026\\\/09\\\/02\\\/non-organisation-des-initiatives-au-profit-de-la-jeunesse-militante-quelle-place-occupent-les-jeunes-dans-les-partis\\\/#webpage\"},\"articleSection\":\"Politique\"},{\"@type\":\"BreadcrumbList\",\"@id\":\"https:\\\/\\\/lepatriotebenin.com\\\/index.php\\\/2026\\\/09\\\/02\\\/non-organisation-des-initiatives-au-profit-de-la-jeunesse-militante-quelle-place-occupent-les-jeunes-dans-les-partis\\\/#breadcrumblist\",\"itemListElement\":[{\"@type\":\"ListItem\",\"@id\":\"https:\\\/\\\/lepatriotebenin.com#listItem\",\"position\":1,\"name\":\"Home\",\"item\":\"https:\\\/\\\/lepatriotebenin.com\",\"nextItem\":{\"@type\":\"ListItem\",\"@id\":\"https:\\\/\\\/lepatriotebenin.com\\\/index.php\\\/category\\\/politique\\\/#listItem\",\"name\":\"Politique\"}},{\"@type\":\"ListItem\",\"@id\":\"https:\\\/\\\/lepatriotebenin.com\\\/index.php\\\/category\\\/politique\\\/#listItem\",\"position\":2,\"name\":\"Politique\",\"item\":\"https:\\\/\\\/lepatriotebenin.com\\\/index.php\\\/category\\\/politique\\\/\",\"nextItem\":{\"@type\":\"ListItem\",\"@id\":\"https:\\\/\\\/lepatriotebenin.com\\\/index.php\\\/2026\\\/09\\\/02\\\/non-organisation-des-initiatives-au-profit-de-la-jeunesse-militante-quelle-place-occupent-les-jeunes-dans-les-partis\\\/#listItem\",\"name\":\"Non-organisation des initiatives au profit  de la  jeunesse militante :  Quelle place occupent les jeunes dans les partis ?\"},\"previousItem\":{\"@type\":\"ListItem\",\"@id\":\"https:\\\/\\\/lepatriotebenin.com#listItem\",\"name\":\"Home\"}},{\"@type\":\"ListItem\",\"@id\":\"https:\\\/\\\/lepatriotebenin.com\\\/index.php\\\/2026\\\/09\\\/02\\\/non-organisation-des-initiatives-au-profit-de-la-jeunesse-militante-quelle-place-occupent-les-jeunes-dans-les-partis\\\/#listItem\",\"position\":3,\"name\":\"Non-organisation des initiatives au profit  de la  jeunesse militante :  Quelle place occupent les jeunes dans les partis ?\",\"previousItem\":{\"@type\":\"ListItem\",\"@id\":\"https:\\\/\\\/lepatriotebenin.com\\\/index.php\\\/category\\\/politique\\\/#listItem\",\"name\":\"Politique\"}}]},{\"@type\":\"Organization\",\"@id\":\"https:\\\/\\\/lepatriotebenin.com\\\/#organization\",\"name\":\"Le Patriote\",\"description\":\"Le Patriote B\\u00e9nin\",\"url\":\"https:\\\/\\\/lepatriotebenin.com\\\/\"},{\"@type\":\"Person\",\"@id\":\"https:\\\/\\\/lepatriotebenin.com#author\",\"url\":\"https:\\\/\\\/lepatriotebenin.com\",\"name\":\"Redaction\",\"image\":{\"@type\":\"ImageObject\",\"@id\":\"https:\\\/\\\/lepatriotebenin.com\\\/index.php\\\/2026\\\/09\\\/02\\\/non-organisation-des-initiatives-au-profit-de-la-jeunesse-militante-quelle-place-occupent-les-jeunes-dans-les-partis\\\/#authorImage\",\"url\":\"https:\\\/\\\/secure.gravatar.com\\\/avatar\\\/c4c509357859ea2ca2cbb6d8812898a73e4ef1ef9934c2e591d7e32face734d1?s=96&d=mm&r=g\",\"width\":96,\"height\":96,\"caption\":\"Redaction\"}},{\"@type\":\"WebPage\",\"@id\":\"https:\\\/\\\/lepatriotebenin.com\\\/index.php\\\/2026\\\/09\\\/02\\\/non-organisation-des-initiatives-au-profit-de-la-jeunesse-militante-quelle-place-occupent-les-jeunes-dans-les-partis\\\/#webpage\",\"url\":\"https:\\\/\\\/lepatriotebenin.com\\\/index.php\\\/2026\\\/09\\\/02\\\/non-organisation-des-initiatives-au-profit-de-la-jeunesse-militante-quelle-place-occupent-les-jeunes-dans-les-partis\\\/\",\"name\":\"Non-organisation des initiatives au profit de la jeunesse militante : Quelle place occupent les jeunes dans les partis ? - Le Patriote\",\"description\":\"Depuis plus de deux ans, un ph\\u00e9nom\\u00e8ne interpelle dans le paysage politique b\\u00e9ninois : la quasi-disparition des initiatives sp\\u00e9cifiquement destin\\u00e9es \\u00e0 la jeunesse au sein de plusieurs formations politiques. Camps de jeunesse, universit\\u00e9s d\\u2019\\u00e9t\\u00e9, sessions de formation, activit\\u00e9s citoyennes ou encore vacances militantes se font rares. Une situation qui soul\\u00e8ve une question essentielle : quelle\",\"inLanguage\":\"fr-FR\",\"isPartOf\":{\"@id\":\"https:\\\/\\\/lepatriotebenin.com\\\/#website\"},\"breadcrumb\":{\"@id\":\"https:\\\/\\\/lepatriotebenin.com\\\/index.php\\\/2026\\\/09\\\/02\\\/non-organisation-des-initiatives-au-profit-de-la-jeunesse-militante-quelle-place-occupent-les-jeunes-dans-les-partis\\\/#breadcrumblist\"},\"author\":{\"@id\":\"https:\\\/\\\/lepatriotebenin.com#author\"},\"creator\":{\"@id\":\"https:\\\/\\\/lepatriotebenin.com#author\"},\"image\":{\"@type\":\"ImageObject\",\"url\":\"https:\\\/\\\/lepatriotebenin.com\\\/wp-content\\\/uploads\\\/2026\\\/09\\\/jeunesse-oubliee.png\",\"@id\":\"https:\\\/\\\/lepatriotebenin.com\\\/index.php\\\/2026\\\/09\\\/02\\\/non-organisation-des-initiatives-au-profit-de-la-jeunesse-militante-quelle-place-occupent-les-jeunes-dans-les-partis\\\/#mainImage\",\"width\":632,\"height\":485},\"primaryImageOfPage\":{\"@id\":\"https:\\\/\\\/lepatriotebenin.com\\\/index.php\\\/2026\\\/09\\\/02\\\/non-organisation-des-initiatives-au-profit-de-la-jeunesse-militante-quelle-place-occupent-les-jeunes-dans-les-partis\\\/#mainImage\"},\"datePublished\":\"2026-09-02T03:09:52+02:00\",\"dateModified\":\"2026-09-02T03:09:52+02:00\"},{\"@type\":\"WebSite\",\"@id\":\"https:\\\/\\\/lepatriotebenin.com\\\/#website\",\"url\":\"https:\\\/\\\/lepatriotebenin.com\\\/\",\"name\":\"Le Patriote\",\"description\":\"Le Patriote B\\u00e9nin\",\"inLanguage\":\"fr-FR\",\"publisher\":{\"@id\":\"https:\\\/\\\/lepatriotebenin.com\\\/#organization\"}}]}\n\t\t<\/script>\n\t\t<!-- All in One SEO -->\n\n","aioseo_head_json":{"title":"Non-organisation des initiatives au profit de la jeunesse militante : Quelle place occupent les jeunes dans les partis ? - Le Patriote","description":"Depuis plus de deux ans, un ph\u00e9nom\u00e8ne interpelle dans le paysage politique b\u00e9ninois : la quasi-disparition des initiatives sp\u00e9cifiquement destin\u00e9es \u00e0 la jeunesse au sein de plusieurs formations politiques. Camps de jeunesse, universit\u00e9s d\u2019\u00e9t\u00e9, sessions de formation, activit\u00e9s citoyennes ou encore vacances militantes se font rares. Une situation qui soul\u00e8ve une question essentielle : quelle","canonical_url":"https:\/\/lepatriotebenin.com\/index.php\/2026\/09\/02\/non-organisation-des-initiatives-au-profit-de-la-jeunesse-militante-quelle-place-occupent-les-jeunes-dans-les-partis\/","robots":"max-image-preview:large","keywords":"","webmasterTools":{"miscellaneous":""},"schema":{"@context":"https:\/\/schema.org","@graph":[{"@type":"BlogPosting","@id":"https:\/\/lepatriotebenin.com\/index.php\/2026\/09\/02\/non-organisation-des-initiatives-au-profit-de-la-jeunesse-militante-quelle-place-occupent-les-jeunes-dans-les-partis\/#blogposting","name":"Non-organisation des initiatives au profit de la jeunesse militante : Quelle place occupent les jeunes dans les partis ? - Le Patriote","headline":"Non-organisation des initiatives au profit  de la  jeunesse militante :  Quelle place occupent les jeunes dans les partis ?","author":{"@id":"https:\/\/lepatriotebenin.com#author"},"publisher":{"@id":"https:\/\/lepatriotebenin.com\/#organization"},"image":{"@type":"ImageObject","url":"https:\/\/lepatriotebenin.com\/wp-content\/uploads\/2026\/09\/jeunesse-oubliee.png","width":632,"height":485},"datePublished":"2026-09-02T03:09:52+02:00","dateModified":"2026-09-02T03:09:52+02:00","inLanguage":"fr-FR","mainEntityOfPage":{"@id":"https:\/\/lepatriotebenin.com\/index.php\/2026\/09\/02\/non-organisation-des-initiatives-au-profit-de-la-jeunesse-militante-quelle-place-occupent-les-jeunes-dans-les-partis\/#webpage"},"isPartOf":{"@id":"https:\/\/lepatriotebenin.com\/index.php\/2026\/09\/02\/non-organisation-des-initiatives-au-profit-de-la-jeunesse-militante-quelle-place-occupent-les-jeunes-dans-les-partis\/#webpage"},"articleSection":"Politique"},{"@type":"BreadcrumbList","@id":"https:\/\/lepatriotebenin.com\/index.php\/2026\/09\/02\/non-organisation-des-initiatives-au-profit-de-la-jeunesse-militante-quelle-place-occupent-les-jeunes-dans-les-partis\/#breadcrumblist","itemListElement":[{"@type":"ListItem","@id":"https:\/\/lepatriotebenin.com#listItem","position":1,"name":"Home","item":"https:\/\/lepatriotebenin.com","nextItem":{"@type":"ListItem","@id":"https:\/\/lepatriotebenin.com\/index.php\/category\/politique\/#listItem","name":"Politique"}},{"@type":"ListItem","@id":"https:\/\/lepatriotebenin.com\/index.php\/category\/politique\/#listItem","position":2,"name":"Politique","item":"https:\/\/lepatriotebenin.com\/index.php\/category\/politique\/","nextItem":{"@type":"ListItem","@id":"https:\/\/lepatriotebenin.com\/index.php\/2026\/09\/02\/non-organisation-des-initiatives-au-profit-de-la-jeunesse-militante-quelle-place-occupent-les-jeunes-dans-les-partis\/#listItem","name":"Non-organisation des initiatives au profit  de la  jeunesse militante :  Quelle place occupent les jeunes dans les partis ?"},"previousItem":{"@type":"ListItem","@id":"https:\/\/lepatriotebenin.com#listItem","name":"Home"}},{"@type":"ListItem","@id":"https:\/\/lepatriotebenin.com\/index.php\/2026\/09\/02\/non-organisation-des-initiatives-au-profit-de-la-jeunesse-militante-quelle-place-occupent-les-jeunes-dans-les-partis\/#listItem","position":3,"name":"Non-organisation des initiatives au profit  de la  jeunesse militante :  Quelle place occupent les jeunes dans les partis ?","previousItem":{"@type":"ListItem","@id":"https:\/\/lepatriotebenin.com\/index.php\/category\/politique\/#listItem","name":"Politique"}}]},{"@type":"Organization","@id":"https:\/\/lepatriotebenin.com\/#organization","name":"Le Patriote","description":"Le Patriote B\u00e9nin","url":"https:\/\/lepatriotebenin.com\/"},{"@type":"Person","@id":"https:\/\/lepatriotebenin.com#author","url":"https:\/\/lepatriotebenin.com","name":"Redaction","image":{"@type":"ImageObject","@id":"https:\/\/lepatriotebenin.com\/index.php\/2026\/09\/02\/non-organisation-des-initiatives-au-profit-de-la-jeunesse-militante-quelle-place-occupent-les-jeunes-dans-les-partis\/#authorImage","url":"https:\/\/secure.gravatar.com\/avatar\/c4c509357859ea2ca2cbb6d8812898a73e4ef1ef9934c2e591d7e32face734d1?s=96&d=mm&r=g","width":96,"height":96,"caption":"Redaction"}},{"@type":"WebPage","@id":"https:\/\/lepatriotebenin.com\/index.php\/2026\/09\/02\/non-organisation-des-initiatives-au-profit-de-la-jeunesse-militante-quelle-place-occupent-les-jeunes-dans-les-partis\/#webpage","url":"https:\/\/lepatriotebenin.com\/index.php\/2026\/09\/02\/non-organisation-des-initiatives-au-profit-de-la-jeunesse-militante-quelle-place-occupent-les-jeunes-dans-les-partis\/","name":"Non-organisation des initiatives au profit de la jeunesse militante : Quelle place occupent les jeunes dans les partis ? - Le Patriote","description":"Depuis plus de deux ans, un ph\u00e9nom\u00e8ne interpelle dans le paysage politique b\u00e9ninois : la quasi-disparition des initiatives sp\u00e9cifiquement destin\u00e9es \u00e0 la jeunesse au sein de plusieurs formations politiques. Camps de jeunesse, universit\u00e9s d\u2019\u00e9t\u00e9, sessions de formation, activit\u00e9s citoyennes ou encore vacances militantes se font rares. Une situation qui soul\u00e8ve une question essentielle : quelle","inLanguage":"fr-FR","isPartOf":{"@id":"https:\/\/lepatriotebenin.com\/#website"},"breadcrumb":{"@id":"https:\/\/lepatriotebenin.com\/index.php\/2026\/09\/02\/non-organisation-des-initiatives-au-profit-de-la-jeunesse-militante-quelle-place-occupent-les-jeunes-dans-les-partis\/#breadcrumblist"},"author":{"@id":"https:\/\/lepatriotebenin.com#author"},"creator":{"@id":"https:\/\/lepatriotebenin.com#author"},"image":{"@type":"ImageObject","url":"https:\/\/lepatriotebenin.com\/wp-content\/uploads\/2026\/09\/jeunesse-oubliee.png","@id":"https:\/\/lepatriotebenin.com\/index.php\/2026\/09\/02\/non-organisation-des-initiatives-au-profit-de-la-jeunesse-militante-quelle-place-occupent-les-jeunes-dans-les-partis\/#mainImage","width":632,"height":485},"primaryImageOfPage":{"@id":"https:\/\/lepatriotebenin.com\/index.php\/2026\/09\/02\/non-organisation-des-initiatives-au-profit-de-la-jeunesse-militante-quelle-place-occupent-les-jeunes-dans-les-partis\/#mainImage"},"datePublished":"2026-09-02T03:09:52+02:00","dateModified":"2026-09-02T03:09:52+02:00"},{"@type":"WebSite","@id":"https:\/\/lepatriotebenin.com\/#website","url":"https:\/\/lepatriotebenin.com\/","name":"Le Patriote","description":"Le Patriote B\u00e9nin","inLanguage":"fr-FR","publisher":{"@id":"https:\/\/lepatriotebenin.com\/#organization"}}]},"og:locale":"fr_FR","og:site_name":"Le Patriote - Le Patriote B\u00e9nin","og:type":"article","og:title":"Non-organisation des initiatives au profit de la jeunesse militante : Quelle place occupent les jeunes dans les partis ? - Le Patriote","og:description":"Depuis plus de deux ans, un ph\u00e9nom\u00e8ne interpelle dans le paysage politique b\u00e9ninois : la quasi-disparition des initiatives sp\u00e9cifiquement destin\u00e9es \u00e0 la jeunesse au sein de plusieurs formations politiques. Camps de jeunesse, universit\u00e9s d\u2019\u00e9t\u00e9, sessions de formation, activit\u00e9s citoyennes ou encore vacances militantes se font rares. Une situation qui soul\u00e8ve une question essentielle : quelle","og:url":"https:\/\/lepatriotebenin.com\/index.php\/2026\/09\/02\/non-organisation-des-initiatives-au-profit-de-la-jeunesse-militante-quelle-place-occupent-les-jeunes-dans-les-partis\/","article:published_time":"2026-09-02T01:09:52+00:00","article:modified_time":"2026-09-02T01:09:52+00:00","twitter:card":"summary_large_image","twitter:title":"Non-organisation des initiatives au profit de la jeunesse militante : Quelle place occupent les jeunes dans les partis ? - Le Patriote","twitter:description":"Depuis plus de deux ans, un ph\u00e9nom\u00e8ne interpelle dans le paysage politique b\u00e9ninois : la quasi-disparition des initiatives sp\u00e9cifiquement destin\u00e9es \u00e0 la jeunesse au sein de plusieurs formations politiques. Camps de jeunesse, universit\u00e9s d\u2019\u00e9t\u00e9, sessions de formation, activit\u00e9s citoyennes ou encore vacances militantes se font rares. Une situation qui soul\u00e8ve une question essentielle : quelle"},"aioseo_meta_data":{"post_id":"23493","title":null,"description":null,"keywords":null,"keyphrases":{"focus":{"keyphrase":"","score":0,"analysis":{"keyphraseInTitle":{"score":0,"maxScore":9,"error":1}}},"additional":[]},"primary_term":null,"canonical_url":null,"og_title":null,"og_description":null,"og_object_type":"default","og_image_type":"default","og_image_url":null,"og_image_width":null,"og_image_height":null,"og_image_custom_url":null,"og_image_custom_fields":null,"og_video":"","og_custom_url":null,"og_article_section":null,"og_article_tags":null,"twitter_use_og":false,"twitter_card":"default","twitter_image_type":"default","twitter_image_url":null,"twitter_image_custom_url":null,"twitter_image_custom_fields":null,"twitter_title":null,"twitter_description":null,"schema":{"blockGraphs":[],"customGraphs":[],"default":{"data":{"Article":[],"Course":[],"Dataset":[],"FAQPage":[],"Movie":[],"Person":[],"Product":[],"ProductReview":[],"Car":[],"Recipe":[],"Service":[],"SoftwareApplication":[],"WebPage":[]},"graphName":"BlogPosting","isEnabled":true},"graphs":[]},"schema_type":"default","schema_type_options":null,"pillar_content":false,"robots_default":true,"robots_noindex":false,"robots_noarchive":false,"robots_nosnippet":false,"robots_nofollow":false,"robots_noimageindex":false,"robots_noodp":false,"robots_notranslate":false,"robots_max_snippet":"-1","robots_max_videopreview":"-1","robots_max_imagepreview":"large","priority":null,"frequency":"default","local_seo":null,"breadcrumb_settings":null,"limit_modified_date":false,"ai":{"faqs":[],"keyPoints":[],"schemas":[],"titles":[],"descriptions":[],"socialPosts":{"email":{"subject":"","preview":"","content":""},"linkedin":[],"twitter":[],"facebook":[],"instagram":[]}},"created":"2026-09-02 01:09:52","updated":"2026-09-02 01:10:44","seo_analyzer_scan_date":null,"focus_keyword":null,"additional_keywords":null,"truseo_locale":null},"aioseo_breadcrumb":"<div class=\"aioseo-breadcrumbs\"><span class=\"aioseo-breadcrumb\">\n\t\t\t<a href=\"https:\/\/lepatriotebenin.com\" title=\"Home\">Home<\/a>\n\t\t<\/span><span class=\"aioseo-breadcrumb-separator\">&raquo;<\/span><span class=\"aioseo-breadcrumb\">\n\t\t\t<a href=\"https:\/\/lepatriotebenin.com\/index.php\/category\/politique\/\" title=\"Politique\">Politique<\/a>\n\t\t<\/span><span class=\"aioseo-breadcrumb-separator\">&raquo;<\/span><span class=\"aioseo-breadcrumb\">\n\t\t\tNon-organisation des initiatives au profit  de la  jeunesse militante :  Quelle place occupent les jeunes dans les partis ?\n\t\t<\/span><\/div>","aioseo_breadcrumb_json":[{"label":"Home","link":"https:\/\/lepatriotebenin.com"},{"label":"Politique","link":"https:\/\/lepatriotebenin.com\/index.php\/category\/politique\/"},{"label":"Non-organisation des initiatives au profit  de la  jeunesse militante :  Quelle place occupent les jeunes dans les partis ?","link":"https:\/\/lepatriotebenin.com\/index.php\/2026\/09\/02\/non-organisation-des-initiatives-au-profit-de-la-jeunesse-militante-quelle-place-occupent-les-jeunes-dans-les-partis\/"}],"yoast_head":"<!-- This site is optimized with the Yoast SEO plugin v28.4 - https:\/\/yoast.com\/product\/yoast-seo-wordpress\/ -->\n<title>Non-organisation des initiatives au profit de la jeunesse militante : Quelle place occupent les jeunes dans les partis ? - Le Patriote<\/title>\n<meta name=\"robots\" content=\"index, follow, max-snippet:-1, max-image-preview:large, max-video-preview:-1\" \/>\n<link rel=\"canonical\" href=\"https:\/\/lepatriotebenin.com\/index.php\/2026\/09\/02\/non-organisation-des-initiatives-au-profit-de-la-jeunesse-militante-quelle-place-occupent-les-jeunes-dans-les-partis\/\" \/>\n<meta property=\"og:locale\" content=\"fr_FR\" \/>\n<meta property=\"og:type\" content=\"article\" \/>\n<meta property=\"og:title\" content=\"Non-organisation des initiatives au profit de la jeunesse militante : Quelle place occupent les jeunes dans les partis ? - Le Patriote\" \/>\n<meta property=\"og:description\" content=\"Depuis plus de deux ans, un ph\u00e9nom\u00e8ne interpelle dans le paysage politique b\u00e9ninois : la quasi-disparition des initiatives sp\u00e9cifiquement destin\u00e9es \u00e0 la jeunesse au sein de plusieurs formations politiques. Camps&hellip;\" \/>\n<meta property=\"og:url\" content=\"https:\/\/lepatriotebenin.com\/index.php\/2026\/09\/02\/non-organisation-des-initiatives-au-profit-de-la-jeunesse-militante-quelle-place-occupent-les-jeunes-dans-les-partis\/\" \/>\n<meta property=\"og:site_name\" content=\"Le Patriote\" \/>\n<meta property=\"article:published_time\" content=\"2026-09-02T01:09:52+00:00\" \/>\n<meta property=\"og:image\" content=\"https:\/\/lepatriotebenin.com\/wp-content\/uploads\/2026\/09\/jeunesse-oubliee.png\" \/>\n\t<meta property=\"og:image:width\" content=\"632\" \/>\n\t<meta property=\"og:image:height\" content=\"485\" \/>\n\t<meta property=\"og:image:type\" content=\"image\/png\" \/>\n<meta name=\"author\" content=\"Redaction\" \/>\n<meta name=\"twitter:card\" content=\"summary_large_image\" \/>\n<meta name=\"twitter:label1\" content=\"\u00c9crit par\" \/>\n\t<meta name=\"twitter:data1\" content=\"Redaction\" \/>\n\t<meta name=\"twitter:label2\" content=\"Dur\u00e9e de lecture estim\u00e9e\" \/>\n\t<meta name=\"twitter:data2\" content=\"3 minutes\" \/>\n<script type=\"application\/ld+json\" class=\"yoast-schema-graph\">{\"@context\":\"https:\\\/\\\/schema.org\",\"@graph\":[{\"@type\":\"Article\",\"@id\":\"https:\\\/\\\/lepatriotebenin.com\\\/index.php\\\/2026\\\/09\\\/02\\\/non-organisation-des-initiatives-au-profit-de-la-jeunesse-militante-quelle-place-occupent-les-jeunes-dans-les-partis\\\/#article\",\"isPartOf\":{\"@id\":\"https:\\\/\\\/lepatriotebenin.com\\\/index.php\\\/2026\\\/09\\\/02\\\/non-organisation-des-initiatives-au-profit-de-la-jeunesse-militante-quelle-place-occupent-les-jeunes-dans-les-partis\\\/\"},\"author\":{\"name\":\"Redaction\",\"@id\":\"https:\\\/\\\/lepatriotebenin.com\\\/#\\\/schema\\\/person\\\/2e7709b9c9cc313e452d1136af61690f\"},\"headline\":\"Non-organisation des initiatives au profit de la jeunesse militante : Quelle place occupent les jeunes dans les partis ?\",\"datePublished\":\"2026-09-02T01:09:52+00:00\",\"mainEntityOfPage\":{\"@id\":\"https:\\\/\\\/lepatriotebenin.com\\\/index.php\\\/2026\\\/09\\\/02\\\/non-organisation-des-initiatives-au-profit-de-la-jeunesse-militante-quelle-place-occupent-les-jeunes-dans-les-partis\\\/\"},\"wordCount\":541,\"commentCount\":0,\"image\":{\"@id\":\"https:\\\/\\\/lepatriotebenin.com\\\/index.php\\\/2026\\\/09\\\/02\\\/non-organisation-des-initiatives-au-profit-de-la-jeunesse-militante-quelle-place-occupent-les-jeunes-dans-les-partis\\\/#primaryimage\"},\"thumbnailUrl\":\"https:\\\/\\\/lepatriotebenin.com\\\/wp-content\\\/uploads\\\/2026\\\/09\\\/jeunesse-oubliee.png\",\"articleSection\":[\"Politique\"],\"inLanguage\":\"fr-FR\",\"potentialAction\":[{\"@type\":\"CommentAction\",\"name\":\"Comment\",\"target\":[\"https:\\\/\\\/lepatriotebenin.com\\\/index.php\\\/2026\\\/09\\\/02\\\/non-organisation-des-initiatives-au-profit-de-la-jeunesse-militante-quelle-place-occupent-les-jeunes-dans-les-partis\\\/#respond\"]}]},{\"@type\":\"WebPage\",\"@id\":\"https:\\\/\\\/lepatriotebenin.com\\\/index.php\\\/2026\\\/09\\\/02\\\/non-organisation-des-initiatives-au-profit-de-la-jeunesse-militante-quelle-place-occupent-les-jeunes-dans-les-partis\\\/\",\"url\":\"https:\\\/\\\/lepatriotebenin.com\\\/index.php\\\/2026\\\/09\\\/02\\\/non-organisation-des-initiatives-au-profit-de-la-jeunesse-militante-quelle-place-occupent-les-jeunes-dans-les-partis\\\/\",\"name\":\"Non-organisation des initiatives au profit de la jeunesse militante : Quelle place occupent les jeunes dans les partis ? - Le Patriote\",\"isPartOf\":{\"@id\":\"https:\\\/\\\/lepatriotebenin.com\\\/#website\"},\"primaryImageOfPage\":{\"@id\":\"https:\\\/\\\/lepatriotebenin.com\\\/index.php\\\/2026\\\/09\\\/02\\\/non-organisation-des-initiatives-au-profit-de-la-jeunesse-militante-quelle-place-occupent-les-jeunes-dans-les-partis\\\/#primaryimage\"},\"image\":{\"@id\":\"https:\\\/\\\/lepatriotebenin.com\\\/index.php\\\/2026\\\/09\\\/02\\\/non-organisation-des-initiatives-au-profit-de-la-jeunesse-militante-quelle-place-occupent-les-jeunes-dans-les-partis\\\/#primaryimage\"},\"thumbnailUrl\":\"https:\\\/\\\/lepatriotebenin.com\\\/wp-content\\\/uploads\\\/2026\\\/09\\\/jeunesse-oubliee.png\",\"datePublished\":\"2026-09-02T01:09:52+00:00\",\"author\":{\"@id\":\"https:\\\/\\\/lepatriotebenin.com\\\/#\\\/schema\\\/person\\\/2e7709b9c9cc313e452d1136af61690f\"},\"breadcrumb\":{\"@id\":\"https:\\\/\\\/lepatriotebenin.com\\\/index.php\\\/2026\\\/09\\\/02\\\/non-organisation-des-initiatives-au-profit-de-la-jeunesse-militante-quelle-place-occupent-les-jeunes-dans-les-partis\\\/#breadcrumb\"},\"inLanguage\":\"fr-FR\",\"potentialAction\":[{\"@type\":\"ReadAction\",\"target\":[\"https:\\\/\\\/lepatriotebenin.com\\\/index.php\\\/2026\\\/09\\\/02\\\/non-organisation-des-initiatives-au-profit-de-la-jeunesse-militante-quelle-place-occupent-les-jeunes-dans-les-partis\\\/\"]}]},{\"@type\":\"ImageObject\",\"inLanguage\":\"fr-FR\",\"@id\":\"https:\\\/\\\/lepatriotebenin.com\\\/index.php\\\/2026\\\/09\\\/02\\\/non-organisation-des-initiatives-au-profit-de-la-jeunesse-militante-quelle-place-occupent-les-jeunes-dans-les-partis\\\/#primaryimage\",\"url\":\"https:\\\/\\\/lepatriotebenin.com\\\/wp-content\\\/uploads\\\/2026\\\/09\\\/jeunesse-oubliee.png\",\"contentUrl\":\"https:\\\/\\\/lepatriotebenin.com\\\/wp-content\\\/uploads\\\/2026\\\/09\\\/jeunesse-oubliee.png\",\"width\":632,\"height\":485},{\"@type\":\"BreadcrumbList\",\"@id\":\"https:\\\/\\\/lepatriotebenin.com\\\/index.php\\\/2026\\\/09\\\/02\\\/non-organisation-des-initiatives-au-profit-de-la-jeunesse-militante-quelle-place-occupent-les-jeunes-dans-les-partis\\\/#breadcrumb\",\"itemListElement\":[{\"@type\":\"ListItem\",\"position\":1,\"name\":\"Accueil\",\"item\":\"https:\\\/\\\/lepatriotebenin.com\\\/\"},{\"@type\":\"ListItem\",\"position\":2,\"name\":\"Non-organisation des initiatives au profit de la jeunesse militante : Quelle place occupent les jeunes dans les partis ?\"}]},{\"@type\":\"WebSite\",\"@id\":\"https:\\\/\\\/lepatriotebenin.com\\\/#website\",\"url\":\"https:\\\/\\\/lepatriotebenin.com\\\/\",\"name\":\"Le Patriote\",\"description\":\"Le Patriote B\u00e9nin\",\"potentialAction\":[{\"@type\":\"SearchAction\",\"target\":{\"@type\":\"EntryPoint\",\"urlTemplate\":\"https:\\\/\\\/lepatriotebenin.com\\\/?s={search_term_string}\"},\"query-input\":{\"@type\":\"PropertyValueSpecification\",\"valueRequired\":true,\"valueName\":\"search_term_string\"}}],\"inLanguage\":\"fr-FR\"},{\"@type\":\"Person\",\"@id\":\"https:\\\/\\\/lepatriotebenin.com\\\/#\\\/schema\\\/person\\\/2e7709b9c9cc313e452d1136af61690f\",\"name\":\"Redaction\",\"image\":{\"@type\":\"ImageObject\",\"inLanguage\":\"fr-FR\",\"@id\":\"https:\\\/\\\/secure.gravatar.com\\\/avatar\\\/c4c509357859ea2ca2cbb6d8812898a73e4ef1ef9934c2e591d7e32face734d1?s=96&d=mm&r=g\",\"url\":\"https:\\\/\\\/secure.gravatar.com\\\/avatar\\\/c4c509357859ea2ca2cbb6d8812898a73e4ef1ef9934c2e591d7e32face734d1?s=96&d=mm&r=g\",\"contentUrl\":\"https:\\\/\\\/secure.gravatar.com\\\/avatar\\\/c4c509357859ea2ca2cbb6d8812898a73e4ef1ef9934c2e591d7e32face734d1?s=96&d=mm&r=g\",\"caption\":\"Redaction\"},\"url\":\"https:\\\/\\\/lepatriotebenin.com\"}]}<\/script>\n<!-- \/ Yoast SEO plugin. -->","yoast_head_json":{"title":"Non-organisation des initiatives au profit de la jeunesse militante : Quelle place occupent les jeunes dans les partis ? - Le Patriote","robots":{"index":"index","follow":"follow","max-snippet":"max-snippet:-1","max-image-preview":"max-image-preview:large","max-video-preview":"max-video-preview:-1"},"canonical":"https:\/\/lepatriotebenin.com\/index.php\/2026\/09\/02\/non-organisation-des-initiatives-au-profit-de-la-jeunesse-militante-quelle-place-occupent-les-jeunes-dans-les-partis\/","og_locale":"fr_FR","og_type":"article","og_title":"Non-organisation des initiatives au profit de la jeunesse militante : Quelle place occupent les jeunes dans les partis ? - Le Patriote","og_description":"Depuis plus de deux ans, un ph\u00e9nom\u00e8ne interpelle dans le paysage politique b\u00e9ninois : la quasi-disparition des initiatives sp\u00e9cifiquement destin\u00e9es \u00e0 la jeunesse au sein de plusieurs formations politiques. Camps&hellip;","og_url":"https:\/\/lepatriotebenin.com\/index.php\/2026\/09\/02\/non-organisation-des-initiatives-au-profit-de-la-jeunesse-militante-quelle-place-occupent-les-jeunes-dans-les-partis\/","og_site_name":"Le Patriote","article_published_time":"2026-09-02T01:09:52+00:00","og_image":[{"width":632,"height":485,"url":"https:\/\/lepatriotebenin.com\/wp-content\/uploads\/2026\/09\/jeunesse-oubliee.png","type":"image\/png"}],"author":"Redaction","twitter_card":"summary_large_image","twitter_misc":{"\u00c9crit par":"Redaction","Dur\u00e9e de lecture estim\u00e9e":"3 minutes"},"schema":{"@context":"https:\/\/schema.org","@graph":[{"@type":"Article","@id":"https:\/\/lepatriotebenin.com\/index.php\/2026\/09\/02\/non-organisation-des-initiatives-au-profit-de-la-jeunesse-militante-quelle-place-occupent-les-jeunes-dans-les-partis\/#article","isPartOf":{"@id":"https:\/\/lepatriotebenin.com\/index.php\/2026\/09\/02\/non-organisation-des-initiatives-au-profit-de-la-jeunesse-militante-quelle-place-occupent-les-jeunes-dans-les-partis\/"},"author":{"name":"Redaction","@id":"https:\/\/lepatriotebenin.com\/#\/schema\/person\/2e7709b9c9cc313e452d1136af61690f"},"headline":"Non-organisation des initiatives au profit de la jeunesse militante : Quelle place occupent les jeunes dans les partis ?","datePublished":"2026-09-02T01:09:52+00:00","mainEntityOfPage":{"@id":"https:\/\/lepatriotebenin.com\/index.php\/2026\/09\/02\/non-organisation-des-initiatives-au-profit-de-la-jeunesse-militante-quelle-place-occupent-les-jeunes-dans-les-partis\/"},"wordCount":541,"commentCount":0,"image":{"@id":"https:\/\/lepatriotebenin.com\/index.php\/2026\/09\/02\/non-organisation-des-initiatives-au-profit-de-la-jeunesse-militante-quelle-place-occupent-les-jeunes-dans-les-partis\/#primaryimage"},"thumbnailUrl":"https:\/\/lepatriotebenin.com\/wp-content\/uploads\/2026\/09\/jeunesse-oubliee.png","articleSection":["Politique"],"inLanguage":"fr-FR","potentialAction":[{"@type":"CommentAction","name":"Comment","target":["https:\/\/lepatriotebenin.com\/index.php\/2026\/09\/02\/non-organisation-des-initiatives-au-profit-de-la-jeunesse-militante-quelle-place-occupent-les-jeunes-dans-les-partis\/#respond"]}]},{"@type":"WebPage","@id":"https:\/\/lepatriotebenin.com\/index.php\/2026\/09\/02\/non-organisation-des-initiatives-au-profit-de-la-jeunesse-militante-quelle-place-occupent-les-jeunes-dans-les-partis\/","url":"https:\/\/lepatriotebenin.com\/index.php\/2026\/09\/02\/non-organisation-des-initiatives-au-profit-de-la-jeunesse-militante-quelle-place-occupent-les-jeunes-dans-les-partis\/","name":"Non-organisation des initiatives au profit de la jeunesse militante : Quelle place occupent les jeunes dans les partis ? - Le Patriote","isPartOf":{"@id":"https:\/\/lepatriotebenin.com\/#website"},"primaryImageOfPage":{"@id":"https:\/\/lepatriotebenin.com\/index.php\/2026\/09\/02\/non-organisation-des-initiatives-au-profit-de-la-jeunesse-militante-quelle-place-occupent-les-jeunes-dans-les-partis\/#primaryimage"},"image":{"@id":"https:\/\/lepatriotebenin.com\/index.php\/2026\/09\/02\/non-organisation-des-initiatives-au-profit-de-la-jeunesse-militante-quelle-place-occupent-les-jeunes-dans-les-partis\/#primaryimage"},"thumbnailUrl":"https:\/\/lepatriotebenin.com\/wp-content\/uploads\/2026\/09\/jeunesse-oubliee.png","datePublished":"2026-09-02T01:09:52+00:00","author":{"@id":"https:\/\/lepatriotebenin.com\/#\/schema\/person\/2e7709b9c9cc313e452d1136af61690f"},"breadcrumb":{"@id":"https:\/\/lepatriotebenin.com\/index.php\/2026\/09\/02\/non-organisation-des-initiatives-au-profit-de-la-jeunesse-militante-quelle-place-occupent-les-jeunes-dans-les-partis\/#breadcrumb"},"inLanguage":"fr-FR","potentialAction":[{"@type":"ReadAction","target":["https:\/\/lepatriotebenin.com\/index.php\/2026\/09\/02\/non-organisation-des-initiatives-au-profit-de-la-jeunesse-militante-quelle-place-occupent-les-jeunes-dans-les-partis\/"]}]},{"@type":"ImageObject","inLanguage":"fr-FR","@id":"https:\/\/lepatriotebenin.com\/index.php\/2026\/09\/02\/non-organisation-des-initiatives-au-profit-de-la-jeunesse-militante-quelle-place-occupent-les-jeunes-dans-les-partis\/#primaryimage","url":"https:\/\/lepatriotebenin.com\/wp-content\/uploads\/2026\/09\/jeunesse-oubliee.png","contentUrl":"https:\/\/lepatriotebenin.com\/wp-content\/uploads\/2026\/09\/jeunesse-oubliee.png","width":632,"height":485},{"@type":"BreadcrumbList","@id":"https:\/\/lepatriotebenin.com\/index.php\/2026\/09\/02\/non-organisation-des-initiatives-au-profit-de-la-jeunesse-militante-quelle-place-occupent-les-jeunes-dans-les-partis\/#breadcrumb","itemListElement":[{"@type":"ListItem","position":1,"name":"Accueil","item":"https:\/\/lepatriotebenin.com\/"},{"@type":"ListItem","position":2,"name":"Non-organisation des initiatives au profit de la jeunesse militante : Quelle place occupent les jeunes dans les partis ?"}]},{"@type":"WebSite","@id":"https:\/\/lepatriotebenin.com\/#website","url":"https:\/\/lepatriotebenin.com\/","name":"Le Patriote","description":"Le Patriote B\u00e9nin","potentialAction":[{"@type":"SearchAction","target":{"@type":"EntryPoint","urlTemplate":"https:\/\/lepatriotebenin.com\/?s={search_term_string}"},"query-input":{"@type":"PropertyValueSpecification","valueRequired":true,"valueName":"search_term_string"}}],"inLanguage":"fr-FR"},{"@type":"Person","@id":"https:\/\/lepatriotebenin.com\/#\/schema\/person\/2e7709b9c9cc313e452d1136af61690f","name":"Redaction","image":{"@type":"ImageObject","inLanguage":"fr-FR","@id":"https:\/\/secure.gravatar.com\/avatar\/c4c509357859ea2ca2cbb6d8812898a73e4ef1ef9934c2e591d7e32face734d1?s=96&d=mm&r=g","url":"https:\/\/secure.gravatar.com\/avatar\/c4c509357859ea2ca2cbb6d8812898a73e4ef1ef9934c2e591d7e32face734d1?s=96&d=mm&r=g","contentUrl":"https:\/\/secure.gravatar.com\/avatar\/c4c509357859ea2ca2cbb6d8812898a73e4ef1ef9934c2e591d7e32face734d1?s=96&d=mm&r=g","caption":"Redaction"},"url":"https:\/\/lepatriotebenin.com"}]}},"_links":{"self":[{"href":"https:\/\/lepatriotebenin.com\/index.php\/wp-json\/wp\/v2\/posts\/23493","targetHints":{"allow":["GET"]}}],"collection":[{"href":"https:\/\/lepatriotebenin.com\/index.php\/wp-json\/wp\/v2\/posts"}],"about":[{"href":"https:\/\/lepatriotebenin.com\/index.php\/wp-json\/wp\/v2\/types\/post"}],"author":[{"embeddable":true,"href":"https:\/\/lepatriotebenin.com\/index.php\/wp-json\/wp\/v2\/users\/5"}],"replies":[{"embeddable":true,"href":"https:\/\/lepatriotebenin.com\/index.php\/wp-json\/wp\/v2\/comments?post=23493"}],"version-history":[{"count":1,"href":"https:\/\/lepatriotebenin.com\/index.php\/wp-json\/wp\/v2\/posts\/23493\/revisions"}],"predecessor-version":[{"id":23495,"href":"https:\/\/lepatriotebenin.com\/index.php\/wp-json\/wp\/v2\/posts\/23493\/revisions\/23495"}],"wp:featuredmedia":[{"embeddable":true,"href":"https:\/\/lepatriotebenin.com\/index.php\/wp-json\/wp\/v2\/media\/23494"}],"wp:attachment":[{"href":"https:\/\/lepatriotebenin.com\/index.php\/wp-json\/wp\/v2\/media?parent=23493"}],"wp:term":[{"taxonomy":"category","embeddable":true,"href":"https:\/\/lepatriotebenin.com\/index.php\/wp-json\/wp\/v2\/categories?post=23493"},{"taxonomy":"post_tag","embeddable":true,"href":"https:\/\/lepatriotebenin.com\/index.php\/wp-json\/wp\/v2\/tags?post=23493"}],"curies":[{"name":"wp","href":"https:\/\/api.w.org\/{rel}","templated":true}]}}