{"id":23490,"date":"2026-09-02T03:01:57","date_gmt":"2026-09-02T01:01:57","guid":{"rendered":"https:\/\/lepatriotebenin.com\/?p=23490"},"modified":"2026-09-02T03:01:57","modified_gmt":"2026-09-02T01:01:57","slug":"renouveau-minier-des-decouvertes-prometteuses-pour-le-sous-sol-francais","status":"publish","type":"post","link":"https:\/\/lepatriotebenin.com\/index.php\/2026\/09\/02\/renouveau-minier-des-decouvertes-prometteuses-pour-le-sous-sol-francais\/","title":{"rendered":"Renouveau minier : Des d\u00e9couvertes prometteuses pour le sous-sol  fran\u00e7ais"},"content":{"rendered":"<p><strong>Longtemps consid\u00e9r\u00e9e comme une puissance mini\u00e8re d\u00e9clinante, la France cherche d\u00e9sormais \u00e0 mieux conna\u00eetre et exploiter son sous-sol. Face \u00e0 la d\u00e9pendance aux importations de m\u00e9taux indispensables \u00e0 l\u2019industrie, au num\u00e9rique et \u00e0 la transition \u00e9nerg\u00e9tique, le pays relance l\u2019exploration de ses ressources min\u00e9rales<\/strong><\/p>\n<p>\u200eLe mouvement s\u2019est concr\u00e9tis\u00e9 en f\u00e9vrier 2025 avec le lancement par le Bureau de recherches g\u00e9ologiques et mini\u00e8res (BRGM) d\u2019un nouvel inventaire des ressources min\u00e9rales fran\u00e7aises. Dot\u00e9 de 53 millions d\u2019euros sur cinq ans dans le cadre de France 2030, le programme couvre cinq zones : l\u2019ouest du Massif central, Morvan-Br\u00e9venne, les Vosges, l\u2019Occitanie-C\u00e9vennes-Cerdagne et le nord de la Guyane. Il doit notamment rechercher le potentiel d\u2019une cinquantaine de substances dont le lithium, le nickel, le graphite, le cobalt ou encore le tungst\u00e8ne.<\/p>\n<p><strong>\u200eLe lithium, fer de lance du renouveau<\/strong><\/p>\n<p>\u200eLe projet le plus avanc\u00e9 est celui d\u2019Imerys \u00e0 \u00c9chassi\u00e8res, dans l\u2019Allier. Le projet EMILI pr\u00e9voit une mine souterraine sous le site de Beauvoir, une usine de concentration et une unit\u00e9 de conversion \u00e0 Saint-Victor, pr\u00e8s de Montlu\u00e7on. L\u2019objectif est de produire environ 34 000 tonnes d\u2019hydroxyde de lithium par an \u00e0 partir de 2028, soit l\u2019\u00e9quivalent des besoins d\u2019environ 700 000 v\u00e9hicules \u00e9lectriques. Le projet pourrait fonctionner pendant au moins 25 ans et cr\u00e9er plus de 1 000 emplois directs et indirects.<\/p>\n<p>\u200eL\u2019Alsace constitue un autre p\u00f4le important. Le projet Ageli, port\u00e9 par Eramet et \u00c9lectricit\u00e9 de Strasbourg, ambitionne d\u2019extraire du lithium des saumures g\u00e9othermales situ\u00e9es \u00e0 plusieurs kilom\u00e8tres de profondeur. L\u2019objectif affich\u00e9 est une production d\u2019au moins 15 000 tonnes de carbonate de lithium par an \u00e0 l\u2019horizon 2031. Reconnu comme projet strat\u00e9gique par l\u2019Union europ\u00e9enne en 2025, Ageli est encore au stade des \u00e9tudes et pourrait faire l\u2019objet d\u2019une d\u00e9cision finale d\u2019investissement avant 2030.<\/p>\n<p><strong>\u200eDu lithium \u00e0 l\u2019or et aux m\u00e9taux critiques<\/strong><\/p>\n<p>\u200eLe renouveau ne se limite toutefois pas au lithium. En Guyane, le BRGM actualise \u00e9galement les connaissances sur un territoire pr\u00e9sentant un potentiel en or, cuivre, zinc, lithium, niobium et tantale. Des demandes de permis et d\u2019autorisations d\u2019exploitation aurif\u00e8re sont parall\u00e8lement instruites, notamment dans les secteurs de R\u00e9gina et de Saint-Laurent-du-Maroni.<\/p>\n<p>\u200eLa France s\u2019int\u00e9resse aussi \u00e0 l\u2019hydrog\u00e8ne naturel. Deux nouveaux permis exclusifs de recherche ont \u00e9t\u00e9 accord\u00e9s en 2025 dans les Landes et les Pyr\u00e9n\u00e9es, venant s\u2019ajouter \u00e0 un permis attribu\u00e9 en 2023.<\/p>\n<p><strong>\u200eUne relance encadr\u00e9e par de nouvelles r\u00e8gles<\/strong><\/p>\n<p>\u200eCe renouveau minier ne signifie pas que chaque d\u00e9couverte conduira automatiquement \u00e0 l\u2019ouverture d\u2019une mine. La r\u00e9forme du Code minier impose d\u00e9sormais une meilleure prise en compte des dimensions environnementales, \u00e9conomiques et sociales, ainsi qu\u2019une participation accrue du public et des collectivit\u00e9s. Un permis exclusif de recherche autorise d\u2019abord la prospection : il ne donne pas, \u00e0 lui seul, le droit d\u2019exploiter un gisement.<\/p>\n<p>\u200ePour Paris, l\u2019enjeu est donc double : retrouver une partie des ressources n\u00e9cessaires \u00e0 son autonomie industrielle tout en limitant l\u2019impact \u00e9cologique des futures exploitations. Le v\u00e9ritable d\u00e9fi du renouveau minier fran\u00e7ais sera d\u00e9sormais de transformer le potentiel g\u00e9ologique identifi\u00e9 en projets industriels acceptables par les territoires.<\/p>\n<p>\u200eAinsi, la France ne d\u00e9couvre pas soudainement son potentiel minier. Elle r\u00e9\u00e9value un sous-sol longtemps moins explor\u00e9, avec des technologies capables de d\u00e9tecter des ressources profondes qui avaient \u00e9chapp\u00e9 aux anciens inventaires r\u00e9alis\u00e9s entre 1970 et 1995<\/p>\n<p><strong>\u200eEz\u00e9chiel Dagb\u00e9gnon PADONOU<\/strong><\/p>\n","protected":false},"excerpt":{"rendered":"<p>Longtemps consid\u00e9r\u00e9e comme une puissance mini\u00e8re d\u00e9clinante, la France cherche d\u00e9sormais \u00e0 mieux conna\u00eetre et exploiter son sous-sol. Face \u00e0 la d\u00e9pendance aux importations de m\u00e9taux indispensables \u00e0 l\u2019industrie, au&hellip;<\/p>\n","protected":false},"author":5,"featured_media":23491,"comment_status":"open","ping_status":"open","sticky":false,"template":"","format":"standard","meta":{"content-type":"","om_disable_all_campaigns":false,"_monsterinsights_skip_tracking":false,"_uf_show_specific_survey":0,"_uf_disable_surveys":false,"footnotes":""},"categories":[20],"tags":[],"class_list":["post-23490","post","type-post","status-publish","format-standard","has-post-thumbnail","hentry","category-societe"],"aioseo_notices":[],"aioseo_head":"\n\t\t<!-- All in One SEO 5.0.1.1 - aioseo.com -->\n\t<meta name=\"description\" content=\"Longtemps consid\u00e9r\u00e9e comme une puissance mini\u00e8re d\u00e9clinante, la France cherche d\u00e9sormais \u00e0 mieux conna\u00eetre et exploiter son sous-sol. Face \u00e0 la d\u00e9pendance aux importations de m\u00e9taux indispensables \u00e0 l\u2019industrie, au num\u00e9rique et \u00e0 la transition \u00e9nerg\u00e9tique, le pays relance l\u2019exploration de ses ressources min\u00e9rales \u200eLe mouvement s\u2019est concr\u00e9tis\u00e9 en f\u00e9vrier 2025 avec le lancement par\" \/>\n\t<meta name=\"robots\" content=\"max-image-preview:large\" \/>\n\t<meta name=\"author\" content=\"Redaction\"\/>\n\t<link rel=\"canonical\" href=\"https:\/\/lepatriotebenin.com\/index.php\/2026\/09\/02\/renouveau-minier-des-decouvertes-prometteuses-pour-le-sous-sol-francais\/\" \/>\n\t<meta name=\"generator\" content=\"All in One SEO (AIOSEO) 5.0.1.1\" \/>\n\t\t<meta property=\"og:locale\" content=\"fr_FR\" \/>\n\t\t<meta property=\"og:site_name\" content=\"Le Patriote - Le Patriote B\u00e9nin\" \/>\n\t\t<meta property=\"og:type\" content=\"article\" \/>\n\t\t<meta property=\"og:title\" content=\"Renouveau minier : Des d\u00e9couvertes prometteuses pour le sous-sol fran\u00e7ais - Le Patriote\" \/>\n\t\t<meta property=\"og:description\" content=\"Longtemps consid\u00e9r\u00e9e comme une puissance mini\u00e8re d\u00e9clinante, la France cherche d\u00e9sormais \u00e0 mieux conna\u00eetre et exploiter son sous-sol. Face \u00e0 la d\u00e9pendance aux importations de m\u00e9taux indispensables \u00e0 l\u2019industrie, au num\u00e9rique et \u00e0 la transition \u00e9nerg\u00e9tique, le pays relance l\u2019exploration de ses ressources min\u00e9rales \u200eLe mouvement s\u2019est concr\u00e9tis\u00e9 en f\u00e9vrier 2025 avec le lancement par\" \/>\n\t\t<meta property=\"og:url\" content=\"https:\/\/lepatriotebenin.com\/index.php\/2026\/09\/02\/renouveau-minier-des-decouvertes-prometteuses-pour-le-sous-sol-francais\/\" \/>\n\t\t<meta property=\"article:published_time\" content=\"2026-09-02T01:01:57+00:00\" \/>\n\t\t<meta property=\"article:modified_time\" content=\"2026-09-02T01:01:57+00:00\" \/>\n\t\t<meta name=\"twitter:card\" content=\"summary_large_image\" \/>\n\t\t<meta name=\"twitter:title\" content=\"Renouveau minier : Des d\u00e9couvertes prometteuses pour le sous-sol fran\u00e7ais - Le Patriote\" \/>\n\t\t<meta name=\"twitter:description\" content=\"Longtemps consid\u00e9r\u00e9e comme une puissance mini\u00e8re d\u00e9clinante, la France cherche d\u00e9sormais \u00e0 mieux conna\u00eetre et exploiter son sous-sol. Face \u00e0 la d\u00e9pendance aux importations de m\u00e9taux indispensables \u00e0 l\u2019industrie, au num\u00e9rique et \u00e0 la transition \u00e9nerg\u00e9tique, le pays relance l\u2019exploration de ses ressources min\u00e9rales \u200eLe mouvement s\u2019est concr\u00e9tis\u00e9 en f\u00e9vrier 2025 avec le lancement par\" \/>\n\t\t<script type=\"application\/ld+json\" class=\"aioseo-schema\">\n\t\t\t{\"@context\":\"https:\\\/\\\/schema.org\",\"@graph\":[{\"@type\":\"BlogPosting\",\"@id\":\"https:\\\/\\\/lepatriotebenin.com\\\/index.php\\\/2026\\\/09\\\/02\\\/renouveau-minier-des-decouvertes-prometteuses-pour-le-sous-sol-francais\\\/#blogposting\",\"name\":\"Renouveau minier : Des d\\u00e9couvertes prometteuses pour le sous-sol fran\\u00e7ais - Le Patriote\",\"headline\":\"Renouveau minier : Des d\\u00e9couvertes prometteuses pour le sous-sol  fran\\u00e7ais\",\"author\":{\"@id\":\"https:\\\/\\\/lepatriotebenin.com#author\"},\"publisher\":{\"@id\":\"https:\\\/\\\/lepatriotebenin.com\\\/#organization\"},\"image\":{\"@type\":\"ImageObject\",\"url\":\"https:\\\/\\\/lepatriotebenin.com\\\/wp-content\\\/uploads\\\/2026\\\/09\\\/renouveau-minier.png\",\"width\":1024,\"height\":733},\"datePublished\":\"2026-09-02T03:01:57+02:00\",\"dateModified\":\"2026-09-02T03:01:57+02:00\",\"inLanguage\":\"fr-FR\",\"mainEntityOfPage\":{\"@id\":\"https:\\\/\\\/lepatriotebenin.com\\\/index.php\\\/2026\\\/09\\\/02\\\/renouveau-minier-des-decouvertes-prometteuses-pour-le-sous-sol-francais\\\/#webpage\"},\"isPartOf\":{\"@id\":\"https:\\\/\\\/lepatriotebenin.com\\\/index.php\\\/2026\\\/09\\\/02\\\/renouveau-minier-des-decouvertes-prometteuses-pour-le-sous-sol-francais\\\/#webpage\"},\"articleSection\":\"Soci\\u00e9t\\u00e9\"},{\"@type\":\"BreadcrumbList\",\"@id\":\"https:\\\/\\\/lepatriotebenin.com\\\/index.php\\\/2026\\\/09\\\/02\\\/renouveau-minier-des-decouvertes-prometteuses-pour-le-sous-sol-francais\\\/#breadcrumblist\",\"itemListElement\":[{\"@type\":\"ListItem\",\"@id\":\"https:\\\/\\\/lepatriotebenin.com#listItem\",\"position\":1,\"name\":\"Home\",\"item\":\"https:\\\/\\\/lepatriotebenin.com\",\"nextItem\":{\"@type\":\"ListItem\",\"@id\":\"https:\\\/\\\/lepatriotebenin.com\\\/index.php\\\/category\\\/societe\\\/#listItem\",\"name\":\"Soci\\u00e9t\\u00e9\"}},{\"@type\":\"ListItem\",\"@id\":\"https:\\\/\\\/lepatriotebenin.com\\\/index.php\\\/category\\\/societe\\\/#listItem\",\"position\":2,\"name\":\"Soci\\u00e9t\\u00e9\",\"item\":\"https:\\\/\\\/lepatriotebenin.com\\\/index.php\\\/category\\\/societe\\\/\",\"nextItem\":{\"@type\":\"ListItem\",\"@id\":\"https:\\\/\\\/lepatriotebenin.com\\\/index.php\\\/2026\\\/09\\\/02\\\/renouveau-minier-des-decouvertes-prometteuses-pour-le-sous-sol-francais\\\/#listItem\",\"name\":\"Renouveau minier : Des d\\u00e9couvertes prometteuses pour le sous-sol  fran\\u00e7ais\"},\"previousItem\":{\"@type\":\"ListItem\",\"@id\":\"https:\\\/\\\/lepatriotebenin.com#listItem\",\"name\":\"Home\"}},{\"@type\":\"ListItem\",\"@id\":\"https:\\\/\\\/lepatriotebenin.com\\\/index.php\\\/2026\\\/09\\\/02\\\/renouveau-minier-des-decouvertes-prometteuses-pour-le-sous-sol-francais\\\/#listItem\",\"position\":3,\"name\":\"Renouveau minier : Des d\\u00e9couvertes prometteuses pour le sous-sol  fran\\u00e7ais\",\"previousItem\":{\"@type\":\"ListItem\",\"@id\":\"https:\\\/\\\/lepatriotebenin.com\\\/index.php\\\/category\\\/societe\\\/#listItem\",\"name\":\"Soci\\u00e9t\\u00e9\"}}]},{\"@type\":\"Organization\",\"@id\":\"https:\\\/\\\/lepatriotebenin.com\\\/#organization\",\"name\":\"Le Patriote\",\"description\":\"Le Patriote B\\u00e9nin\",\"url\":\"https:\\\/\\\/lepatriotebenin.com\\\/\"},{\"@type\":\"Person\",\"@id\":\"https:\\\/\\\/lepatriotebenin.com#author\",\"url\":\"https:\\\/\\\/lepatriotebenin.com\",\"name\":\"Redaction\",\"image\":{\"@type\":\"ImageObject\",\"@id\":\"https:\\\/\\\/lepatriotebenin.com\\\/index.php\\\/2026\\\/09\\\/02\\\/renouveau-minier-des-decouvertes-prometteuses-pour-le-sous-sol-francais\\\/#authorImage\",\"url\":\"https:\\\/\\\/secure.gravatar.com\\\/avatar\\\/c4c509357859ea2ca2cbb6d8812898a73e4ef1ef9934c2e591d7e32face734d1?s=96&d=mm&r=g\",\"width\":96,\"height\":96,\"caption\":\"Redaction\"}},{\"@type\":\"WebPage\",\"@id\":\"https:\\\/\\\/lepatriotebenin.com\\\/index.php\\\/2026\\\/09\\\/02\\\/renouveau-minier-des-decouvertes-prometteuses-pour-le-sous-sol-francais\\\/#webpage\",\"url\":\"https:\\\/\\\/lepatriotebenin.com\\\/index.php\\\/2026\\\/09\\\/02\\\/renouveau-minier-des-decouvertes-prometteuses-pour-le-sous-sol-francais\\\/\",\"name\":\"Renouveau minier : Des d\\u00e9couvertes prometteuses pour le sous-sol fran\\u00e7ais - Le Patriote\",\"description\":\"Longtemps consid\\u00e9r\\u00e9e comme une puissance mini\\u00e8re d\\u00e9clinante, la France cherche d\\u00e9sormais \\u00e0 mieux conna\\u00eetre et exploiter son sous-sol. Face \\u00e0 la d\\u00e9pendance aux importations de m\\u00e9taux indispensables \\u00e0 l\\u2019industrie, au num\\u00e9rique et \\u00e0 la transition \\u00e9nerg\\u00e9tique, le pays relance l\\u2019exploration de ses ressources min\\u00e9rales \\u200eLe mouvement s\\u2019est concr\\u00e9tis\\u00e9 en f\\u00e9vrier 2025 avec le lancement par\",\"inLanguage\":\"fr-FR\",\"isPartOf\":{\"@id\":\"https:\\\/\\\/lepatriotebenin.com\\\/#website\"},\"breadcrumb\":{\"@id\":\"https:\\\/\\\/lepatriotebenin.com\\\/index.php\\\/2026\\\/09\\\/02\\\/renouveau-minier-des-decouvertes-prometteuses-pour-le-sous-sol-francais\\\/#breadcrumblist\"},\"author\":{\"@id\":\"https:\\\/\\\/lepatriotebenin.com#author\"},\"creator\":{\"@id\":\"https:\\\/\\\/lepatriotebenin.com#author\"},\"image\":{\"@type\":\"ImageObject\",\"url\":\"https:\\\/\\\/lepatriotebenin.com\\\/wp-content\\\/uploads\\\/2026\\\/09\\\/renouveau-minier.png\",\"@id\":\"https:\\\/\\\/lepatriotebenin.com\\\/index.php\\\/2026\\\/09\\\/02\\\/renouveau-minier-des-decouvertes-prometteuses-pour-le-sous-sol-francais\\\/#mainImage\",\"width\":1024,\"height\":733},\"primaryImageOfPage\":{\"@id\":\"https:\\\/\\\/lepatriotebenin.com\\\/index.php\\\/2026\\\/09\\\/02\\\/renouveau-minier-des-decouvertes-prometteuses-pour-le-sous-sol-francais\\\/#mainImage\"},\"datePublished\":\"2026-09-02T03:01:57+02:00\",\"dateModified\":\"2026-09-02T03:01:57+02:00\"},{\"@type\":\"WebSite\",\"@id\":\"https:\\\/\\\/lepatriotebenin.com\\\/#website\",\"url\":\"https:\\\/\\\/lepatriotebenin.com\\\/\",\"name\":\"Le Patriote\",\"description\":\"Le Patriote B\\u00e9nin\",\"inLanguage\":\"fr-FR\",\"publisher\":{\"@id\":\"https:\\\/\\\/lepatriotebenin.com\\\/#organization\"}}]}\n\t\t<\/script>\n\t\t<!-- All in One SEO -->\n\n","aioseo_head_json":{"title":"Renouveau minier : Des d\u00e9couvertes prometteuses pour le sous-sol fran\u00e7ais - Le Patriote","description":"Longtemps consid\u00e9r\u00e9e comme une puissance mini\u00e8re d\u00e9clinante, la France cherche d\u00e9sormais \u00e0 mieux conna\u00eetre et exploiter son sous-sol. Face \u00e0 la d\u00e9pendance aux importations de m\u00e9taux indispensables \u00e0 l\u2019industrie, au num\u00e9rique et \u00e0 la transition \u00e9nerg\u00e9tique, le pays relance l\u2019exploration de ses ressources min\u00e9rales \u200eLe mouvement s\u2019est concr\u00e9tis\u00e9 en f\u00e9vrier 2025 avec le lancement par","canonical_url":"https:\/\/lepatriotebenin.com\/index.php\/2026\/09\/02\/renouveau-minier-des-decouvertes-prometteuses-pour-le-sous-sol-francais\/","robots":"max-image-preview:large","keywords":"","webmasterTools":{"miscellaneous":""},"schema":{"@context":"https:\/\/schema.org","@graph":[{"@type":"BlogPosting","@id":"https:\/\/lepatriotebenin.com\/index.php\/2026\/09\/02\/renouveau-minier-des-decouvertes-prometteuses-pour-le-sous-sol-francais\/#blogposting","name":"Renouveau minier : Des d\u00e9couvertes prometteuses pour le sous-sol fran\u00e7ais - Le Patriote","headline":"Renouveau minier : Des d\u00e9couvertes prometteuses pour le sous-sol  fran\u00e7ais","author":{"@id":"https:\/\/lepatriotebenin.com#author"},"publisher":{"@id":"https:\/\/lepatriotebenin.com\/#organization"},"image":{"@type":"ImageObject","url":"https:\/\/lepatriotebenin.com\/wp-content\/uploads\/2026\/09\/renouveau-minier.png","width":1024,"height":733},"datePublished":"2026-09-02T03:01:57+02:00","dateModified":"2026-09-02T03:01:57+02:00","inLanguage":"fr-FR","mainEntityOfPage":{"@id":"https:\/\/lepatriotebenin.com\/index.php\/2026\/09\/02\/renouveau-minier-des-decouvertes-prometteuses-pour-le-sous-sol-francais\/#webpage"},"isPartOf":{"@id":"https:\/\/lepatriotebenin.com\/index.php\/2026\/09\/02\/renouveau-minier-des-decouvertes-prometteuses-pour-le-sous-sol-francais\/#webpage"},"articleSection":"Soci\u00e9t\u00e9"},{"@type":"BreadcrumbList","@id":"https:\/\/lepatriotebenin.com\/index.php\/2026\/09\/02\/renouveau-minier-des-decouvertes-prometteuses-pour-le-sous-sol-francais\/#breadcrumblist","itemListElement":[{"@type":"ListItem","@id":"https:\/\/lepatriotebenin.com#listItem","position":1,"name":"Home","item":"https:\/\/lepatriotebenin.com","nextItem":{"@type":"ListItem","@id":"https:\/\/lepatriotebenin.com\/index.php\/category\/societe\/#listItem","name":"Soci\u00e9t\u00e9"}},{"@type":"ListItem","@id":"https:\/\/lepatriotebenin.com\/index.php\/category\/societe\/#listItem","position":2,"name":"Soci\u00e9t\u00e9","item":"https:\/\/lepatriotebenin.com\/index.php\/category\/societe\/","nextItem":{"@type":"ListItem","@id":"https:\/\/lepatriotebenin.com\/index.php\/2026\/09\/02\/renouveau-minier-des-decouvertes-prometteuses-pour-le-sous-sol-francais\/#listItem","name":"Renouveau minier : Des d\u00e9couvertes prometteuses pour le sous-sol  fran\u00e7ais"},"previousItem":{"@type":"ListItem","@id":"https:\/\/lepatriotebenin.com#listItem","name":"Home"}},{"@type":"ListItem","@id":"https:\/\/lepatriotebenin.com\/index.php\/2026\/09\/02\/renouveau-minier-des-decouvertes-prometteuses-pour-le-sous-sol-francais\/#listItem","position":3,"name":"Renouveau minier : Des d\u00e9couvertes prometteuses pour le sous-sol  fran\u00e7ais","previousItem":{"@type":"ListItem","@id":"https:\/\/lepatriotebenin.com\/index.php\/category\/societe\/#listItem","name":"Soci\u00e9t\u00e9"}}]},{"@type":"Organization","@id":"https:\/\/lepatriotebenin.com\/#organization","name":"Le Patriote","description":"Le Patriote B\u00e9nin","url":"https:\/\/lepatriotebenin.com\/"},{"@type":"Person","@id":"https:\/\/lepatriotebenin.com#author","url":"https:\/\/lepatriotebenin.com","name":"Redaction","image":{"@type":"ImageObject","@id":"https:\/\/lepatriotebenin.com\/index.php\/2026\/09\/02\/renouveau-minier-des-decouvertes-prometteuses-pour-le-sous-sol-francais\/#authorImage","url":"https:\/\/secure.gravatar.com\/avatar\/c4c509357859ea2ca2cbb6d8812898a73e4ef1ef9934c2e591d7e32face734d1?s=96&d=mm&r=g","width":96,"height":96,"caption":"Redaction"}},{"@type":"WebPage","@id":"https:\/\/lepatriotebenin.com\/index.php\/2026\/09\/02\/renouveau-minier-des-decouvertes-prometteuses-pour-le-sous-sol-francais\/#webpage","url":"https:\/\/lepatriotebenin.com\/index.php\/2026\/09\/02\/renouveau-minier-des-decouvertes-prometteuses-pour-le-sous-sol-francais\/","name":"Renouveau minier : Des d\u00e9couvertes prometteuses pour le sous-sol fran\u00e7ais - Le Patriote","description":"Longtemps consid\u00e9r\u00e9e comme une puissance mini\u00e8re d\u00e9clinante, la France cherche d\u00e9sormais \u00e0 mieux conna\u00eetre et exploiter son sous-sol. Face \u00e0 la d\u00e9pendance aux importations de m\u00e9taux indispensables \u00e0 l\u2019industrie, au num\u00e9rique et \u00e0 la transition \u00e9nerg\u00e9tique, le pays relance l\u2019exploration de ses ressources min\u00e9rales \u200eLe mouvement s\u2019est concr\u00e9tis\u00e9 en f\u00e9vrier 2025 avec le lancement par","inLanguage":"fr-FR","isPartOf":{"@id":"https:\/\/lepatriotebenin.com\/#website"},"breadcrumb":{"@id":"https:\/\/lepatriotebenin.com\/index.php\/2026\/09\/02\/renouveau-minier-des-decouvertes-prometteuses-pour-le-sous-sol-francais\/#breadcrumblist"},"author":{"@id":"https:\/\/lepatriotebenin.com#author"},"creator":{"@id":"https:\/\/lepatriotebenin.com#author"},"image":{"@type":"ImageObject","url":"https:\/\/lepatriotebenin.com\/wp-content\/uploads\/2026\/09\/renouveau-minier.png","@id":"https:\/\/lepatriotebenin.com\/index.php\/2026\/09\/02\/renouveau-minier-des-decouvertes-prometteuses-pour-le-sous-sol-francais\/#mainImage","width":1024,"height":733},"primaryImageOfPage":{"@id":"https:\/\/lepatriotebenin.com\/index.php\/2026\/09\/02\/renouveau-minier-des-decouvertes-prometteuses-pour-le-sous-sol-francais\/#mainImage"},"datePublished":"2026-09-02T03:01:57+02:00","dateModified":"2026-09-02T03:01:57+02:00"},{"@type":"WebSite","@id":"https:\/\/lepatriotebenin.com\/#website","url":"https:\/\/lepatriotebenin.com\/","name":"Le Patriote","description":"Le Patriote B\u00e9nin","inLanguage":"fr-FR","publisher":{"@id":"https:\/\/lepatriotebenin.com\/#organization"}}]},"og:locale":"fr_FR","og:site_name":"Le Patriote - Le Patriote B\u00e9nin","og:type":"article","og:title":"Renouveau minier : Des d\u00e9couvertes prometteuses pour le sous-sol fran\u00e7ais - Le Patriote","og:description":"Longtemps consid\u00e9r\u00e9e comme une puissance mini\u00e8re d\u00e9clinante, la France cherche d\u00e9sormais \u00e0 mieux conna\u00eetre et exploiter son sous-sol. Face \u00e0 la d\u00e9pendance aux importations de m\u00e9taux indispensables \u00e0 l\u2019industrie, au num\u00e9rique et \u00e0 la transition \u00e9nerg\u00e9tique, le pays relance l\u2019exploration de ses ressources min\u00e9rales \u200eLe mouvement s\u2019est concr\u00e9tis\u00e9 en f\u00e9vrier 2025 avec le lancement par","og:url":"https:\/\/lepatriotebenin.com\/index.php\/2026\/09\/02\/renouveau-minier-des-decouvertes-prometteuses-pour-le-sous-sol-francais\/","article:published_time":"2026-09-02T01:01:57+00:00","article:modified_time":"2026-09-02T01:01:57+00:00","twitter:card":"summary_large_image","twitter:title":"Renouveau minier : Des d\u00e9couvertes prometteuses pour le sous-sol fran\u00e7ais - Le Patriote","twitter:description":"Longtemps consid\u00e9r\u00e9e comme une puissance mini\u00e8re d\u00e9clinante, la France cherche d\u00e9sormais \u00e0 mieux conna\u00eetre et exploiter son sous-sol. Face \u00e0 la d\u00e9pendance aux importations de m\u00e9taux indispensables \u00e0 l\u2019industrie, au num\u00e9rique et \u00e0 la transition \u00e9nerg\u00e9tique, le pays relance l\u2019exploration de ses ressources min\u00e9rales \u200eLe mouvement s\u2019est concr\u00e9tis\u00e9 en f\u00e9vrier 2025 avec le lancement par"},"aioseo_meta_data":{"post_id":"23490","title":null,"description":null,"keywords":null,"keyphrases":{"focus":{"keyphrase":"","score":0,"analysis":{"keyphraseInTitle":{"score":0,"maxScore":9,"error":1}}},"additional":[]},"primary_term":null,"canonical_url":null,"og_title":null,"og_description":null,"og_object_type":"default","og_image_type":"default","og_image_url":null,"og_image_width":null,"og_image_height":null,"og_image_custom_url":null,"og_image_custom_fields":null,"og_video":"","og_custom_url":null,"og_article_section":null,"og_article_tags":null,"twitter_use_og":false,"twitter_card":"default","twitter_image_type":"default","twitter_image_url":null,"twitter_image_custom_url":null,"twitter_image_custom_fields":null,"twitter_title":null,"twitter_description":null,"schema":{"blockGraphs":[],"customGraphs":[],"default":{"data":{"Article":[],"Course":[],"Dataset":[],"FAQPage":[],"Movie":[],"Person":[],"Product":[],"ProductReview":[],"Car":[],"Recipe":[],"Service":[],"SoftwareApplication":[],"WebPage":[]},"graphName":"BlogPosting","isEnabled":true},"graphs":[]},"schema_type":"default","schema_type_options":null,"pillar_content":false,"robots_default":true,"robots_noindex":false,"robots_noarchive":false,"robots_nosnippet":false,"robots_nofollow":false,"robots_noimageindex":false,"robots_noodp":false,"robots_notranslate":false,"robots_max_snippet":"-1","robots_max_videopreview":"-1","robots_max_imagepreview":"large","priority":null,"frequency":"default","local_seo":null,"breadcrumb_settings":null,"limit_modified_date":false,"ai":{"faqs":[],"keyPoints":[],"schemas":[],"titles":[],"descriptions":[],"socialPosts":{"email":{"subject":"","preview":"","content":""},"linkedin":[],"twitter":[],"facebook":[],"instagram":[]}},"created":"2026-09-02 01:01:57","updated":"2026-09-02 01:09:43","seo_analyzer_scan_date":null,"focus_keyword":null,"additional_keywords":null,"truseo_locale":null},"aioseo_breadcrumb":"<div class=\"aioseo-breadcrumbs\"><span class=\"aioseo-breadcrumb\">\n\t\t\t<a href=\"https:\/\/lepatriotebenin.com\" title=\"Home\">Home<\/a>\n\t\t<\/span><span class=\"aioseo-breadcrumb-separator\">&raquo;<\/span><span class=\"aioseo-breadcrumb\">\n\t\t\t<a href=\"https:\/\/lepatriotebenin.com\/index.php\/category\/societe\/\" title=\"Soci\u00e9t\u00e9\">Soci\u00e9t\u00e9<\/a>\n\t\t<\/span><span class=\"aioseo-breadcrumb-separator\">&raquo;<\/span><span class=\"aioseo-breadcrumb\">\n\t\t\tRenouveau minier : Des d\u00e9couvertes prometteuses pour le sous-sol  fran\u00e7ais\n\t\t<\/span><\/div>","aioseo_breadcrumb_json":[{"label":"Home","link":"https:\/\/lepatriotebenin.com"},{"label":"Soci\u00e9t\u00e9","link":"https:\/\/lepatriotebenin.com\/index.php\/category\/societe\/"},{"label":"Renouveau minier : Des d\u00e9couvertes prometteuses pour le sous-sol  fran\u00e7ais","link":"https:\/\/lepatriotebenin.com\/index.php\/2026\/09\/02\/renouveau-minier-des-decouvertes-prometteuses-pour-le-sous-sol-francais\/"}],"yoast_head":"<!-- This site is optimized with the Yoast SEO plugin v28.4 - https:\/\/yoast.com\/product\/yoast-seo-wordpress\/ -->\n<title>Renouveau minier : Des d\u00e9couvertes prometteuses pour le sous-sol fran\u00e7ais - Le Patriote<\/title>\n<meta name=\"robots\" content=\"index, follow, max-snippet:-1, max-image-preview:large, max-video-preview:-1\" \/>\n<link rel=\"canonical\" href=\"https:\/\/lepatriotebenin.com\/index.php\/2026\/09\/02\/renouveau-minier-des-decouvertes-prometteuses-pour-le-sous-sol-francais\/\" \/>\n<meta property=\"og:locale\" content=\"fr_FR\" \/>\n<meta property=\"og:type\" content=\"article\" \/>\n<meta property=\"og:title\" content=\"Renouveau minier : Des d\u00e9couvertes prometteuses pour le sous-sol fran\u00e7ais - Le Patriote\" \/>\n<meta property=\"og:description\" content=\"Longtemps consid\u00e9r\u00e9e comme une puissance mini\u00e8re d\u00e9clinante, la France cherche d\u00e9sormais \u00e0 mieux conna\u00eetre et exploiter son sous-sol. Face \u00e0 la d\u00e9pendance aux importations de m\u00e9taux indispensables \u00e0 l\u2019industrie, au&hellip;\" \/>\n<meta property=\"og:url\" content=\"https:\/\/lepatriotebenin.com\/index.php\/2026\/09\/02\/renouveau-minier-des-decouvertes-prometteuses-pour-le-sous-sol-francais\/\" \/>\n<meta property=\"og:site_name\" content=\"Le Patriote\" \/>\n<meta property=\"article:published_time\" content=\"2026-09-02T01:01:57+00:00\" \/>\n<meta property=\"og:image\" content=\"https:\/\/lepatriotebenin.com\/wp-content\/uploads\/2026\/09\/renouveau-minier.png\" \/>\n\t<meta property=\"og:image:width\" content=\"1024\" \/>\n\t<meta property=\"og:image:height\" content=\"733\" \/>\n\t<meta property=\"og:image:type\" content=\"image\/png\" \/>\n<meta name=\"author\" content=\"Redaction\" \/>\n<meta name=\"twitter:card\" content=\"summary_large_image\" \/>\n<meta name=\"twitter:label1\" content=\"\u00c9crit par\" \/>\n\t<meta name=\"twitter:data1\" content=\"Redaction\" \/>\n\t<meta name=\"twitter:label2\" content=\"Dur\u00e9e de lecture estim\u00e9e\" \/>\n\t<meta name=\"twitter:data2\" content=\"3 minutes\" \/>\n<script type=\"application\/ld+json\" class=\"yoast-schema-graph\">{\"@context\":\"https:\\\/\\\/schema.org\",\"@graph\":[{\"@type\":\"Article\",\"@id\":\"https:\\\/\\\/lepatriotebenin.com\\\/index.php\\\/2026\\\/09\\\/02\\\/renouveau-minier-des-decouvertes-prometteuses-pour-le-sous-sol-francais\\\/#article\",\"isPartOf\":{\"@id\":\"https:\\\/\\\/lepatriotebenin.com\\\/index.php\\\/2026\\\/09\\\/02\\\/renouveau-minier-des-decouvertes-prometteuses-pour-le-sous-sol-francais\\\/\"},\"author\":{\"name\":\"Redaction\",\"@id\":\"https:\\\/\\\/lepatriotebenin.com\\\/#\\\/schema\\\/person\\\/2e7709b9c9cc313e452d1136af61690f\"},\"headline\":\"Renouveau minier : Des d\u00e9couvertes prometteuses pour le sous-sol fran\u00e7ais\",\"datePublished\":\"2026-09-02T01:01:57+00:00\",\"mainEntityOfPage\":{\"@id\":\"https:\\\/\\\/lepatriotebenin.com\\\/index.php\\\/2026\\\/09\\\/02\\\/renouveau-minier-des-decouvertes-prometteuses-pour-le-sous-sol-francais\\\/\"},\"wordCount\":611,\"commentCount\":0,\"image\":{\"@id\":\"https:\\\/\\\/lepatriotebenin.com\\\/index.php\\\/2026\\\/09\\\/02\\\/renouveau-minier-des-decouvertes-prometteuses-pour-le-sous-sol-francais\\\/#primaryimage\"},\"thumbnailUrl\":\"https:\\\/\\\/lepatriotebenin.com\\\/wp-content\\\/uploads\\\/2026\\\/09\\\/renouveau-minier.png\",\"articleSection\":[\"Soci\u00e9t\u00e9\"],\"inLanguage\":\"fr-FR\",\"potentialAction\":[{\"@type\":\"CommentAction\",\"name\":\"Comment\",\"target\":[\"https:\\\/\\\/lepatriotebenin.com\\\/index.php\\\/2026\\\/09\\\/02\\\/renouveau-minier-des-decouvertes-prometteuses-pour-le-sous-sol-francais\\\/#respond\"]}]},{\"@type\":\"WebPage\",\"@id\":\"https:\\\/\\\/lepatriotebenin.com\\\/index.php\\\/2026\\\/09\\\/02\\\/renouveau-minier-des-decouvertes-prometteuses-pour-le-sous-sol-francais\\\/\",\"url\":\"https:\\\/\\\/lepatriotebenin.com\\\/index.php\\\/2026\\\/09\\\/02\\\/renouveau-minier-des-decouvertes-prometteuses-pour-le-sous-sol-francais\\\/\",\"name\":\"Renouveau minier : Des d\u00e9couvertes prometteuses pour le sous-sol fran\u00e7ais - Le Patriote\",\"isPartOf\":{\"@id\":\"https:\\\/\\\/lepatriotebenin.com\\\/#website\"},\"primaryImageOfPage\":{\"@id\":\"https:\\\/\\\/lepatriotebenin.com\\\/index.php\\\/2026\\\/09\\\/02\\\/renouveau-minier-des-decouvertes-prometteuses-pour-le-sous-sol-francais\\\/#primaryimage\"},\"image\":{\"@id\":\"https:\\\/\\\/lepatriotebenin.com\\\/index.php\\\/2026\\\/09\\\/02\\\/renouveau-minier-des-decouvertes-prometteuses-pour-le-sous-sol-francais\\\/#primaryimage\"},\"thumbnailUrl\":\"https:\\\/\\\/lepatriotebenin.com\\\/wp-content\\\/uploads\\\/2026\\\/09\\\/renouveau-minier.png\",\"datePublished\":\"2026-09-02T01:01:57+00:00\",\"author\":{\"@id\":\"https:\\\/\\\/lepatriotebenin.com\\\/#\\\/schema\\\/person\\\/2e7709b9c9cc313e452d1136af61690f\"},\"breadcrumb\":{\"@id\":\"https:\\\/\\\/lepatriotebenin.com\\\/index.php\\\/2026\\\/09\\\/02\\\/renouveau-minier-des-decouvertes-prometteuses-pour-le-sous-sol-francais\\\/#breadcrumb\"},\"inLanguage\":\"fr-FR\",\"potentialAction\":[{\"@type\":\"ReadAction\",\"target\":[\"https:\\\/\\\/lepatriotebenin.com\\\/index.php\\\/2026\\\/09\\\/02\\\/renouveau-minier-des-decouvertes-prometteuses-pour-le-sous-sol-francais\\\/\"]}]},{\"@type\":\"ImageObject\",\"inLanguage\":\"fr-FR\",\"@id\":\"https:\\\/\\\/lepatriotebenin.com\\\/index.php\\\/2026\\\/09\\\/02\\\/renouveau-minier-des-decouvertes-prometteuses-pour-le-sous-sol-francais\\\/#primaryimage\",\"url\":\"https:\\\/\\\/lepatriotebenin.com\\\/wp-content\\\/uploads\\\/2026\\\/09\\\/renouveau-minier.png\",\"contentUrl\":\"https:\\\/\\\/lepatriotebenin.com\\\/wp-content\\\/uploads\\\/2026\\\/09\\\/renouveau-minier.png\",\"width\":1024,\"height\":733},{\"@type\":\"BreadcrumbList\",\"@id\":\"https:\\\/\\\/lepatriotebenin.com\\\/index.php\\\/2026\\\/09\\\/02\\\/renouveau-minier-des-decouvertes-prometteuses-pour-le-sous-sol-francais\\\/#breadcrumb\",\"itemListElement\":[{\"@type\":\"ListItem\",\"position\":1,\"name\":\"Accueil\",\"item\":\"https:\\\/\\\/lepatriotebenin.com\\\/\"},{\"@type\":\"ListItem\",\"position\":2,\"name\":\"Renouveau minier : Des d\u00e9couvertes prometteuses pour le sous-sol fran\u00e7ais\"}]},{\"@type\":\"WebSite\",\"@id\":\"https:\\\/\\\/lepatriotebenin.com\\\/#website\",\"url\":\"https:\\\/\\\/lepatriotebenin.com\\\/\",\"name\":\"Le Patriote\",\"description\":\"Le Patriote B\u00e9nin\",\"potentialAction\":[{\"@type\":\"SearchAction\",\"target\":{\"@type\":\"EntryPoint\",\"urlTemplate\":\"https:\\\/\\\/lepatriotebenin.com\\\/?s={search_term_string}\"},\"query-input\":{\"@type\":\"PropertyValueSpecification\",\"valueRequired\":true,\"valueName\":\"search_term_string\"}}],\"inLanguage\":\"fr-FR\"},{\"@type\":\"Person\",\"@id\":\"https:\\\/\\\/lepatriotebenin.com\\\/#\\\/schema\\\/person\\\/2e7709b9c9cc313e452d1136af61690f\",\"name\":\"Redaction\",\"image\":{\"@type\":\"ImageObject\",\"inLanguage\":\"fr-FR\",\"@id\":\"https:\\\/\\\/secure.gravatar.com\\\/avatar\\\/c4c509357859ea2ca2cbb6d8812898a73e4ef1ef9934c2e591d7e32face734d1?s=96&d=mm&r=g\",\"url\":\"https:\\\/\\\/secure.gravatar.com\\\/avatar\\\/c4c509357859ea2ca2cbb6d8812898a73e4ef1ef9934c2e591d7e32face734d1?s=96&d=mm&r=g\",\"contentUrl\":\"https:\\\/\\\/secure.gravatar.com\\\/avatar\\\/c4c509357859ea2ca2cbb6d8812898a73e4ef1ef9934c2e591d7e32face734d1?s=96&d=mm&r=g\",\"caption\":\"Redaction\"},\"url\":\"https:\\\/\\\/lepatriotebenin.com\"}]}<\/script>\n<!-- \/ Yoast SEO plugin. -->","yoast_head_json":{"title":"Renouveau minier : Des d\u00e9couvertes prometteuses pour le sous-sol fran\u00e7ais - Le Patriote","robots":{"index":"index","follow":"follow","max-snippet":"max-snippet:-1","max-image-preview":"max-image-preview:large","max-video-preview":"max-video-preview:-1"},"canonical":"https:\/\/lepatriotebenin.com\/index.php\/2026\/09\/02\/renouveau-minier-des-decouvertes-prometteuses-pour-le-sous-sol-francais\/","og_locale":"fr_FR","og_type":"article","og_title":"Renouveau minier : Des d\u00e9couvertes prometteuses pour le sous-sol fran\u00e7ais - Le Patriote","og_description":"Longtemps consid\u00e9r\u00e9e comme une puissance mini\u00e8re d\u00e9clinante, la France cherche d\u00e9sormais \u00e0 mieux conna\u00eetre et exploiter son sous-sol. Face \u00e0 la d\u00e9pendance aux importations de m\u00e9taux indispensables \u00e0 l\u2019industrie, au&hellip;","og_url":"https:\/\/lepatriotebenin.com\/index.php\/2026\/09\/02\/renouveau-minier-des-decouvertes-prometteuses-pour-le-sous-sol-francais\/","og_site_name":"Le Patriote","article_published_time":"2026-09-02T01:01:57+00:00","og_image":[{"width":1024,"height":733,"url":"https:\/\/lepatriotebenin.com\/wp-content\/uploads\/2026\/09\/renouveau-minier.png","type":"image\/png"}],"author":"Redaction","twitter_card":"summary_large_image","twitter_misc":{"\u00c9crit par":"Redaction","Dur\u00e9e de lecture estim\u00e9e":"3 minutes"},"schema":{"@context":"https:\/\/schema.org","@graph":[{"@type":"Article","@id":"https:\/\/lepatriotebenin.com\/index.php\/2026\/09\/02\/renouveau-minier-des-decouvertes-prometteuses-pour-le-sous-sol-francais\/#article","isPartOf":{"@id":"https:\/\/lepatriotebenin.com\/index.php\/2026\/09\/02\/renouveau-minier-des-decouvertes-prometteuses-pour-le-sous-sol-francais\/"},"author":{"name":"Redaction","@id":"https:\/\/lepatriotebenin.com\/#\/schema\/person\/2e7709b9c9cc313e452d1136af61690f"},"headline":"Renouveau minier : Des d\u00e9couvertes prometteuses pour le sous-sol fran\u00e7ais","datePublished":"2026-09-02T01:01:57+00:00","mainEntityOfPage":{"@id":"https:\/\/lepatriotebenin.com\/index.php\/2026\/09\/02\/renouveau-minier-des-decouvertes-prometteuses-pour-le-sous-sol-francais\/"},"wordCount":611,"commentCount":0,"image":{"@id":"https:\/\/lepatriotebenin.com\/index.php\/2026\/09\/02\/renouveau-minier-des-decouvertes-prometteuses-pour-le-sous-sol-francais\/#primaryimage"},"thumbnailUrl":"https:\/\/lepatriotebenin.com\/wp-content\/uploads\/2026\/09\/renouveau-minier.png","articleSection":["Soci\u00e9t\u00e9"],"inLanguage":"fr-FR","potentialAction":[{"@type":"CommentAction","name":"Comment","target":["https:\/\/lepatriotebenin.com\/index.php\/2026\/09\/02\/renouveau-minier-des-decouvertes-prometteuses-pour-le-sous-sol-francais\/#respond"]}]},{"@type":"WebPage","@id":"https:\/\/lepatriotebenin.com\/index.php\/2026\/09\/02\/renouveau-minier-des-decouvertes-prometteuses-pour-le-sous-sol-francais\/","url":"https:\/\/lepatriotebenin.com\/index.php\/2026\/09\/02\/renouveau-minier-des-decouvertes-prometteuses-pour-le-sous-sol-francais\/","name":"Renouveau minier : Des d\u00e9couvertes prometteuses pour le sous-sol fran\u00e7ais - Le Patriote","isPartOf":{"@id":"https:\/\/lepatriotebenin.com\/#website"},"primaryImageOfPage":{"@id":"https:\/\/lepatriotebenin.com\/index.php\/2026\/09\/02\/renouveau-minier-des-decouvertes-prometteuses-pour-le-sous-sol-francais\/#primaryimage"},"image":{"@id":"https:\/\/lepatriotebenin.com\/index.php\/2026\/09\/02\/renouveau-minier-des-decouvertes-prometteuses-pour-le-sous-sol-francais\/#primaryimage"},"thumbnailUrl":"https:\/\/lepatriotebenin.com\/wp-content\/uploads\/2026\/09\/renouveau-minier.png","datePublished":"2026-09-02T01:01:57+00:00","author":{"@id":"https:\/\/lepatriotebenin.com\/#\/schema\/person\/2e7709b9c9cc313e452d1136af61690f"},"breadcrumb":{"@id":"https:\/\/lepatriotebenin.com\/index.php\/2026\/09\/02\/renouveau-minier-des-decouvertes-prometteuses-pour-le-sous-sol-francais\/#breadcrumb"},"inLanguage":"fr-FR","potentialAction":[{"@type":"ReadAction","target":["https:\/\/lepatriotebenin.com\/index.php\/2026\/09\/02\/renouveau-minier-des-decouvertes-prometteuses-pour-le-sous-sol-francais\/"]}]},{"@type":"ImageObject","inLanguage":"fr-FR","@id":"https:\/\/lepatriotebenin.com\/index.php\/2026\/09\/02\/renouveau-minier-des-decouvertes-prometteuses-pour-le-sous-sol-francais\/#primaryimage","url":"https:\/\/lepatriotebenin.com\/wp-content\/uploads\/2026\/09\/renouveau-minier.png","contentUrl":"https:\/\/lepatriotebenin.com\/wp-content\/uploads\/2026\/09\/renouveau-minier.png","width":1024,"height":733},{"@type":"BreadcrumbList","@id":"https:\/\/lepatriotebenin.com\/index.php\/2026\/09\/02\/renouveau-minier-des-decouvertes-prometteuses-pour-le-sous-sol-francais\/#breadcrumb","itemListElement":[{"@type":"ListItem","position":1,"name":"Accueil","item":"https:\/\/lepatriotebenin.com\/"},{"@type":"ListItem","position":2,"name":"Renouveau minier : Des d\u00e9couvertes prometteuses pour le sous-sol fran\u00e7ais"}]},{"@type":"WebSite","@id":"https:\/\/lepatriotebenin.com\/#website","url":"https:\/\/lepatriotebenin.com\/","name":"Le Patriote","description":"Le Patriote B\u00e9nin","potentialAction":[{"@type":"SearchAction","target":{"@type":"EntryPoint","urlTemplate":"https:\/\/lepatriotebenin.com\/?s={search_term_string}"},"query-input":{"@type":"PropertyValueSpecification","valueRequired":true,"valueName":"search_term_string"}}],"inLanguage":"fr-FR"},{"@type":"Person","@id":"https:\/\/lepatriotebenin.com\/#\/schema\/person\/2e7709b9c9cc313e452d1136af61690f","name":"Redaction","image":{"@type":"ImageObject","inLanguage":"fr-FR","@id":"https:\/\/secure.gravatar.com\/avatar\/c4c509357859ea2ca2cbb6d8812898a73e4ef1ef9934c2e591d7e32face734d1?s=96&d=mm&r=g","url":"https:\/\/secure.gravatar.com\/avatar\/c4c509357859ea2ca2cbb6d8812898a73e4ef1ef9934c2e591d7e32face734d1?s=96&d=mm&r=g","contentUrl":"https:\/\/secure.gravatar.com\/avatar\/c4c509357859ea2ca2cbb6d8812898a73e4ef1ef9934c2e591d7e32face734d1?s=96&d=mm&r=g","caption":"Redaction"},"url":"https:\/\/lepatriotebenin.com"}]}},"_links":{"self":[{"href":"https:\/\/lepatriotebenin.com\/index.php\/wp-json\/wp\/v2\/posts\/23490","targetHints":{"allow":["GET"]}}],"collection":[{"href":"https:\/\/lepatriotebenin.com\/index.php\/wp-json\/wp\/v2\/posts"}],"about":[{"href":"https:\/\/lepatriotebenin.com\/index.php\/wp-json\/wp\/v2\/types\/post"}],"author":[{"embeddable":true,"href":"https:\/\/lepatriotebenin.com\/index.php\/wp-json\/wp\/v2\/users\/5"}],"replies":[{"embeddable":true,"href":"https:\/\/lepatriotebenin.com\/index.php\/wp-json\/wp\/v2\/comments?post=23490"}],"version-history":[{"count":1,"href":"https:\/\/lepatriotebenin.com\/index.php\/wp-json\/wp\/v2\/posts\/23490\/revisions"}],"predecessor-version":[{"id":23492,"href":"https:\/\/lepatriotebenin.com\/index.php\/wp-json\/wp\/v2\/posts\/23490\/revisions\/23492"}],"wp:featuredmedia":[{"embeddable":true,"href":"https:\/\/lepatriotebenin.com\/index.php\/wp-json\/wp\/v2\/media\/23491"}],"wp:attachment":[{"href":"https:\/\/lepatriotebenin.com\/index.php\/wp-json\/wp\/v2\/media?parent=23490"}],"wp:term":[{"taxonomy":"category","embeddable":true,"href":"https:\/\/lepatriotebenin.com\/index.php\/wp-json\/wp\/v2\/categories?post=23490"},{"taxonomy":"post_tag","embeddable":true,"href":"https:\/\/lepatriotebenin.com\/index.php\/wp-json\/wp\/v2\/tags?post=23490"}],"curies":[{"name":"wp","href":"https:\/\/api.w.org\/{rel}","templated":true}]}}