{"id":23487,"date":"2026-09-02T02:56:20","date_gmt":"2026-09-02T00:56:20","guid":{"rendered":"https:\/\/lepatriotebenin.com\/?p=23487"},"modified":"2026-09-02T02:56:20","modified_gmt":"2026-09-02T00:56:20","slug":"incendie-davakpa-a-porto-novo-qui-veut-reduire-les-victimes-au-silence","status":"publish","type":"post","link":"https:\/\/lepatriotebenin.com\/index.php\/2026\/09\/02\/incendie-davakpa-a-porto-novo-qui-veut-reduire-les-victimes-au-silence\/","title":{"rendered":"Incendie d\u2019Avakpa \u00e0 Porto-Novo : Qui veut r\u00e9duire les victimes au silence ?"},"content":{"rendered":"<p><strong>A Avakpa, les flammes se sont \u00e9teintes, mais les interrogations existent toujours. Plusieurs semaines apr\u00e8s le violent incendie qui a caus\u00e9 d\u2019importants d\u00e9g\u00e2ts mat\u00e9riels, les victimes attendent toujours des r\u00e9parations. Pendant ce temps, une curieuse campagne semble les pousser vers le dialogue au d\u00e9triment de toute d\u00e9marche judiciaire. Une situation qui pose une question essentielle : cherche-t-on \u00e0 \u00e9touffer une affaire ?<\/strong><\/p>\n<p>La nuit du jeudi 6 ao\u00fbt 2026 restera inoubliable dans la m\u00e9moire des habitants d\u2019Avakpa, \u00e0 Porto-Novo. Des v\u00e9hicules r\u00e9duits en cendres, des habitations endommag\u00e9es, des biens d\u00e9truits et, surtout, une population plong\u00e9e dans la douleur. L\u2019intervention des \u00e9l\u00e9ments de l\u2019Agence b\u00e9ninoise de protection civile, renforc\u00e9s par des \u00e9quipes venues de Cotonou et de Pob\u00e8, a heureusement permis de circonscrire le sinistre. Aors que les flammes ont \u00e9t\u00e9 ma\u00eetris\u00e9es, une autre bataille de la responsabilit\u00e9 et de la r\u00e9paration commence pour les victimes. Depuis l\u2019incendie, une campagne d\u2019information, relay\u00e9e avec le concours de certains organes de presse, encourage les victimes \u00e0 privil\u00e9gier la voie du dialogue pour obtenir r\u00e9paration. En r\u00e9alit\u00e9, cette solution n&rsquo;est pas mauvaise en soi. Elle peut permettre une indemnisation rapide et \u00e9viter des proc\u00e9dures longues.<\/p>\n<p>Cependant\u00a0le probl\u00e8me appara\u00eet lorsque le dialogue est pr\u00e9sent\u00e9 comme la seule voie acceptable, voire lorsque la perspective d\u2019un recours \u00e0 la justice est d\u00e9courag\u00e9e. Dans une affaire ayant caus\u00e9 autant de d\u00e9g\u00e2ts, peut-on s\u00e9rieusement demander aux victimes de renoncer \u00e0 leur droit de saisir la justice ? Pourquoi les exige-t-on n\u00e9gocier sans que les circonstances exactes du sinistre, l\u2019origine de la cargaison, l\u2019identit\u00e9 de son propri\u00e9taire et les \u00e9ventuelles responsabilit\u00e9s aient \u00e9t\u00e9 clairement \u00e9tablies? Dans de pareIls cas, les circonstances du d\u00e9part du feu doivent \u00eatre \u00e9tablies.<\/p>\n<p>Des t\u00e9moignages \u00e9voquent notamment un camion transportant de l\u2019essence de contrebande, tandis que d\u2019autres versions font \u00e9tat d\u2019un \u00e9ventuel lien avec une station-service. Aucune de ces hypoth\u00e8ses n\u2019ayant \u00e9t\u00e9 officiellement confirm\u00e9e, l\u2019enqu\u00eate doit justement permettre de d\u00e9m\u00ealer le vrai du faux. Si une enqu\u00eate \u00e9tablit qu\u2019une personne physique ou morale a manqu\u00e9 \u00e0 ses obligations et que ce manquement a contribu\u00e9 au drame, sa responsabilit\u00e9 doit \u00eatre recherch\u00e9e. Dans un \u00c9tat de droit, l\u2019enqu\u00eate ne devrait pas d\u00e9pendre du statut social, \u00e9conomique ou politique de celui qui peut \u00eatre impliqu\u00e9. Qu\u2019il soit inconnu, homme d\u2019affaires influent ou personnalit\u00e9 suppos\u00e9e proche du pouvoir, la r\u00e8gle doit rester la m\u00eame.<\/p>\n<p><strong>Le temps joue-t-il contre les victimes ?<\/strong><\/p>\n<p>Plus les jours passent, on se demande la raison pour laquelle les responsabilit\u00e9s ne sont-elles pas encore clairement situ\u00e9es.\u00a0 Lorsqu\u2019un incendie impliquant des produits inflammables provoque autant de d\u00e9g\u00e2ts, les premi\u00e8res investigations devraient permettre d\u2019identifier les propri\u00e9taires de la marchandise et des v\u00e9hicules concern\u00e9s, de d\u00e9terminer les \u00e9ventuelles infractions et de situer les responsabilit\u00e9s. Or, \u00e0 entendre les victimes et au regard des informations qui circulent, les lignes semblent peu bouger. Cette lenteur nourrit les soup\u00e7ons. Elle donne l\u2019impression qu\u2019une main invisible veut ralentir le traitement du dossier. Mieux, l\u2019absence de communication des autorit\u00e9s suscite des interrogations.<\/p>\n<p><strong>Les victimes ne doivent pas \u00eatre r\u00e9duites au silence<\/strong><\/p>\n<p>Les victimes d\u2019Avakpa n\u2019ont pas seulement besoin d\u2019un arrangement. Elles ont besoin de savoir les causes, les circonstances et qui doit r\u00e9pondre des cons\u00e9quences, si des fautes ont \u00e9t\u00e9 commises. Une victime peut accepter une solution amiable tout en conservant, selon le cadre juridique applicable, ses droits et les garanties n\u00e9cessaires. Le plus inqui\u00e9tant est de transformer le dialogue en instrument de pression ou de dissuasion, car derri\u00e8re chaque maison endommag\u00e9e, chaque v\u00e9hicule d\u00e9truit et chaque bien parti en fum\u00e9e, il y a des citoyens qui ont le droit d\u2019obtenir r\u00e9paration. Ce dossier m\u00e9rite une enqu\u00eate transparente, des responsabilit\u00e9s clairement \u00e9tablies et, le cas \u00e9ch\u00e9ant, des sanctions.<\/p>\n<p><strong>Alassane Tour\u00e9<\/strong><\/p>\n","protected":false},"excerpt":{"rendered":"<p>A Avakpa, les flammes se sont \u00e9teintes, mais les interrogations existent toujours. Plusieurs semaines apr\u00e8s le violent incendie qui a caus\u00e9 d\u2019importants d\u00e9g\u00e2ts mat\u00e9riels, les victimes attendent toujours des r\u00e9parations.&hellip;<\/p>\n","protected":false},"author":5,"featured_media":23488,"comment_status":"open","ping_status":"open","sticky":false,"template":"","format":"standard","meta":{"content-type":"","om_disable_all_campaigns":false,"_monsterinsights_skip_tracking":false,"_uf_show_specific_survey":0,"_uf_disable_surveys":false,"footnotes":""},"categories":[20],"tags":[],"class_list":["post-23487","post","type-post","status-publish","format-standard","has-post-thumbnail","hentry","category-societe"],"aioseo_notices":[],"aioseo_head":"\n\t\t<!-- All in One SEO 5.0.1.1 - aioseo.com -->\n\t<meta name=\"description\" content=\"A Avakpa, les flammes se sont \u00e9teintes, mais les interrogations existent toujours. Plusieurs semaines apr\u00e8s le violent incendie qui a caus\u00e9 d\u2019importants d\u00e9g\u00e2ts mat\u00e9riels, les victimes attendent toujours des r\u00e9parations. Pendant ce temps, une curieuse campagne semble les pousser vers le dialogue au d\u00e9triment de toute d\u00e9marche judiciaire. Une situation qui pose une question essentielle\" \/>\n\t<meta name=\"robots\" content=\"max-image-preview:large\" \/>\n\t<meta name=\"author\" content=\"Redaction\"\/>\n\t<link rel=\"canonical\" href=\"https:\/\/lepatriotebenin.com\/index.php\/2026\/09\/02\/incendie-davakpa-a-porto-novo-qui-veut-reduire-les-victimes-au-silence\/\" \/>\n\t<meta name=\"generator\" content=\"All in One SEO (AIOSEO) 5.0.1.1\" \/>\n\t\t<meta property=\"og:locale\" content=\"fr_FR\" \/>\n\t\t<meta property=\"og:site_name\" content=\"Le Patriote - Le Patriote B\u00e9nin\" \/>\n\t\t<meta property=\"og:type\" content=\"article\" \/>\n\t\t<meta property=\"og:title\" content=\"Incendie d\u2019Avakpa \u00e0 Porto-Novo : Qui veut r\u00e9duire les victimes au silence ? - Le Patriote\" \/>\n\t\t<meta property=\"og:description\" content=\"A Avakpa, les flammes se sont \u00e9teintes, mais les interrogations existent toujours. Plusieurs semaines apr\u00e8s le violent incendie qui a caus\u00e9 d\u2019importants d\u00e9g\u00e2ts mat\u00e9riels, les victimes attendent toujours des r\u00e9parations. Pendant ce temps, une curieuse campagne semble les pousser vers le dialogue au d\u00e9triment de toute d\u00e9marche judiciaire. Une situation qui pose une question essentielle\" \/>\n\t\t<meta property=\"og:url\" content=\"https:\/\/lepatriotebenin.com\/index.php\/2026\/09\/02\/incendie-davakpa-a-porto-novo-qui-veut-reduire-les-victimes-au-silence\/\" \/>\n\t\t<meta property=\"article:published_time\" content=\"2026-09-02T00:56:20+00:00\" \/>\n\t\t<meta property=\"article:modified_time\" content=\"2026-09-02T00:56:20+00:00\" \/>\n\t\t<meta name=\"twitter:card\" content=\"summary_large_image\" \/>\n\t\t<meta name=\"twitter:title\" content=\"Incendie d\u2019Avakpa \u00e0 Porto-Novo : Qui veut r\u00e9duire les victimes au silence ? - Le Patriote\" \/>\n\t\t<meta name=\"twitter:description\" content=\"A Avakpa, les flammes se sont \u00e9teintes, mais les interrogations existent toujours. Plusieurs semaines apr\u00e8s le violent incendie qui a caus\u00e9 d\u2019importants d\u00e9g\u00e2ts mat\u00e9riels, les victimes attendent toujours des r\u00e9parations. Pendant ce temps, une curieuse campagne semble les pousser vers le dialogue au d\u00e9triment de toute d\u00e9marche judiciaire. Une situation qui pose une question essentielle\" \/>\n\t\t<script type=\"application\/ld+json\" class=\"aioseo-schema\">\n\t\t\t{\"@context\":\"https:\\\/\\\/schema.org\",\"@graph\":[{\"@type\":\"BlogPosting\",\"@id\":\"https:\\\/\\\/lepatriotebenin.com\\\/index.php\\\/2026\\\/09\\\/02\\\/incendie-davakpa-a-porto-novo-qui-veut-reduire-les-victimes-au-silence\\\/#blogposting\",\"name\":\"Incendie d\\u2019Avakpa \\u00e0 Porto-Novo : Qui veut r\\u00e9duire les victimes au silence ? - Le Patriote\",\"headline\":\"Incendie d\\u2019Avakpa \\u00e0 Porto-Novo : Qui veut r\\u00e9duire les victimes au silence ?\",\"author\":{\"@id\":\"https:\\\/\\\/lepatriotebenin.com#author\"},\"publisher\":{\"@id\":\"https:\\\/\\\/lepatriotebenin.com\\\/#organization\"},\"image\":{\"@type\":\"ImageObject\",\"url\":\"https:\\\/\\\/lepatriotebenin.com\\\/wp-content\\\/uploads\\\/2026\\\/09\\\/incendie-avakpa-1.webp\",\"width\":1000,\"height\":750},\"datePublished\":\"2026-09-02T02:56:20+02:00\",\"dateModified\":\"2026-09-02T02:56:20+02:00\",\"inLanguage\":\"fr-FR\",\"mainEntityOfPage\":{\"@id\":\"https:\\\/\\\/lepatriotebenin.com\\\/index.php\\\/2026\\\/09\\\/02\\\/incendie-davakpa-a-porto-novo-qui-veut-reduire-les-victimes-au-silence\\\/#webpage\"},\"isPartOf\":{\"@id\":\"https:\\\/\\\/lepatriotebenin.com\\\/index.php\\\/2026\\\/09\\\/02\\\/incendie-davakpa-a-porto-novo-qui-veut-reduire-les-victimes-au-silence\\\/#webpage\"},\"articleSection\":\"Soci\\u00e9t\\u00e9\"},{\"@type\":\"BreadcrumbList\",\"@id\":\"https:\\\/\\\/lepatriotebenin.com\\\/index.php\\\/2026\\\/09\\\/02\\\/incendie-davakpa-a-porto-novo-qui-veut-reduire-les-victimes-au-silence\\\/#breadcrumblist\",\"itemListElement\":[{\"@type\":\"ListItem\",\"@id\":\"https:\\\/\\\/lepatriotebenin.com#listItem\",\"position\":1,\"name\":\"Home\",\"item\":\"https:\\\/\\\/lepatriotebenin.com\",\"nextItem\":{\"@type\":\"ListItem\",\"@id\":\"https:\\\/\\\/lepatriotebenin.com\\\/index.php\\\/category\\\/societe\\\/#listItem\",\"name\":\"Soci\\u00e9t\\u00e9\"}},{\"@type\":\"ListItem\",\"@id\":\"https:\\\/\\\/lepatriotebenin.com\\\/index.php\\\/category\\\/societe\\\/#listItem\",\"position\":2,\"name\":\"Soci\\u00e9t\\u00e9\",\"item\":\"https:\\\/\\\/lepatriotebenin.com\\\/index.php\\\/category\\\/societe\\\/\",\"nextItem\":{\"@type\":\"ListItem\",\"@id\":\"https:\\\/\\\/lepatriotebenin.com\\\/index.php\\\/2026\\\/09\\\/02\\\/incendie-davakpa-a-porto-novo-qui-veut-reduire-les-victimes-au-silence\\\/#listItem\",\"name\":\"Incendie d\\u2019Avakpa \\u00e0 Porto-Novo : Qui veut r\\u00e9duire les victimes au silence ?\"},\"previousItem\":{\"@type\":\"ListItem\",\"@id\":\"https:\\\/\\\/lepatriotebenin.com#listItem\",\"name\":\"Home\"}},{\"@type\":\"ListItem\",\"@id\":\"https:\\\/\\\/lepatriotebenin.com\\\/index.php\\\/2026\\\/09\\\/02\\\/incendie-davakpa-a-porto-novo-qui-veut-reduire-les-victimes-au-silence\\\/#listItem\",\"position\":3,\"name\":\"Incendie d\\u2019Avakpa \\u00e0 Porto-Novo : Qui veut r\\u00e9duire les victimes au silence ?\",\"previousItem\":{\"@type\":\"ListItem\",\"@id\":\"https:\\\/\\\/lepatriotebenin.com\\\/index.php\\\/category\\\/societe\\\/#listItem\",\"name\":\"Soci\\u00e9t\\u00e9\"}}]},{\"@type\":\"Organization\",\"@id\":\"https:\\\/\\\/lepatriotebenin.com\\\/#organization\",\"name\":\"Le Patriote\",\"description\":\"Le Patriote B\\u00e9nin\",\"url\":\"https:\\\/\\\/lepatriotebenin.com\\\/\"},{\"@type\":\"Person\",\"@id\":\"https:\\\/\\\/lepatriotebenin.com#author\",\"url\":\"https:\\\/\\\/lepatriotebenin.com\",\"name\":\"Redaction\",\"image\":{\"@type\":\"ImageObject\",\"@id\":\"https:\\\/\\\/lepatriotebenin.com\\\/index.php\\\/2026\\\/09\\\/02\\\/incendie-davakpa-a-porto-novo-qui-veut-reduire-les-victimes-au-silence\\\/#authorImage\",\"url\":\"https:\\\/\\\/secure.gravatar.com\\\/avatar\\\/c4c509357859ea2ca2cbb6d8812898a73e4ef1ef9934c2e591d7e32face734d1?s=96&d=mm&r=g\",\"width\":96,\"height\":96,\"caption\":\"Redaction\"}},{\"@type\":\"WebPage\",\"@id\":\"https:\\\/\\\/lepatriotebenin.com\\\/index.php\\\/2026\\\/09\\\/02\\\/incendie-davakpa-a-porto-novo-qui-veut-reduire-les-victimes-au-silence\\\/#webpage\",\"url\":\"https:\\\/\\\/lepatriotebenin.com\\\/index.php\\\/2026\\\/09\\\/02\\\/incendie-davakpa-a-porto-novo-qui-veut-reduire-les-victimes-au-silence\\\/\",\"name\":\"Incendie d\\u2019Avakpa \\u00e0 Porto-Novo : Qui veut r\\u00e9duire les victimes au silence ? - Le Patriote\",\"description\":\"A Avakpa, les flammes se sont \\u00e9teintes, mais les interrogations existent toujours. Plusieurs semaines apr\\u00e8s le violent incendie qui a caus\\u00e9 d\\u2019importants d\\u00e9g\\u00e2ts mat\\u00e9riels, les victimes attendent toujours des r\\u00e9parations. Pendant ce temps, une curieuse campagne semble les pousser vers le dialogue au d\\u00e9triment de toute d\\u00e9marche judiciaire. Une situation qui pose une question essentielle\",\"inLanguage\":\"fr-FR\",\"isPartOf\":{\"@id\":\"https:\\\/\\\/lepatriotebenin.com\\\/#website\"},\"breadcrumb\":{\"@id\":\"https:\\\/\\\/lepatriotebenin.com\\\/index.php\\\/2026\\\/09\\\/02\\\/incendie-davakpa-a-porto-novo-qui-veut-reduire-les-victimes-au-silence\\\/#breadcrumblist\"},\"author\":{\"@id\":\"https:\\\/\\\/lepatriotebenin.com#author\"},\"creator\":{\"@id\":\"https:\\\/\\\/lepatriotebenin.com#author\"},\"image\":{\"@type\":\"ImageObject\",\"url\":\"https:\\\/\\\/lepatriotebenin.com\\\/wp-content\\\/uploads\\\/2026\\\/09\\\/incendie-avakpa-1.webp\",\"@id\":\"https:\\\/\\\/lepatriotebenin.com\\\/index.php\\\/2026\\\/09\\\/02\\\/incendie-davakpa-a-porto-novo-qui-veut-reduire-les-victimes-au-silence\\\/#mainImage\",\"width\":1000,\"height\":750},\"primaryImageOfPage\":{\"@id\":\"https:\\\/\\\/lepatriotebenin.com\\\/index.php\\\/2026\\\/09\\\/02\\\/incendie-davakpa-a-porto-novo-qui-veut-reduire-les-victimes-au-silence\\\/#mainImage\"},\"datePublished\":\"2026-09-02T02:56:20+02:00\",\"dateModified\":\"2026-09-02T02:56:20+02:00\"},{\"@type\":\"WebSite\",\"@id\":\"https:\\\/\\\/lepatriotebenin.com\\\/#website\",\"url\":\"https:\\\/\\\/lepatriotebenin.com\\\/\",\"name\":\"Le Patriote\",\"description\":\"Le Patriote B\\u00e9nin\",\"inLanguage\":\"fr-FR\",\"publisher\":{\"@id\":\"https:\\\/\\\/lepatriotebenin.com\\\/#organization\"}}]}\n\t\t<\/script>\n\t\t<!-- All in One SEO -->\n\n","aioseo_head_json":{"title":"Incendie d\u2019Avakpa \u00e0 Porto-Novo : Qui veut r\u00e9duire les victimes au silence ? - Le Patriote","description":"A Avakpa, les flammes se sont \u00e9teintes, mais les interrogations existent toujours. Plusieurs semaines apr\u00e8s le violent incendie qui a caus\u00e9 d\u2019importants d\u00e9g\u00e2ts mat\u00e9riels, les victimes attendent toujours des r\u00e9parations. Pendant ce temps, une curieuse campagne semble les pousser vers le dialogue au d\u00e9triment de toute d\u00e9marche judiciaire. Une situation qui pose une question essentielle","canonical_url":"https:\/\/lepatriotebenin.com\/index.php\/2026\/09\/02\/incendie-davakpa-a-porto-novo-qui-veut-reduire-les-victimes-au-silence\/","robots":"max-image-preview:large","keywords":"","webmasterTools":{"miscellaneous":""},"schema":{"@context":"https:\/\/schema.org","@graph":[{"@type":"BlogPosting","@id":"https:\/\/lepatriotebenin.com\/index.php\/2026\/09\/02\/incendie-davakpa-a-porto-novo-qui-veut-reduire-les-victimes-au-silence\/#blogposting","name":"Incendie d\u2019Avakpa \u00e0 Porto-Novo : Qui veut r\u00e9duire les victimes au silence ? - Le Patriote","headline":"Incendie d\u2019Avakpa \u00e0 Porto-Novo : Qui veut r\u00e9duire les victimes au silence ?","author":{"@id":"https:\/\/lepatriotebenin.com#author"},"publisher":{"@id":"https:\/\/lepatriotebenin.com\/#organization"},"image":{"@type":"ImageObject","url":"https:\/\/lepatriotebenin.com\/wp-content\/uploads\/2026\/09\/incendie-avakpa-1.webp","width":1000,"height":750},"datePublished":"2026-09-02T02:56:20+02:00","dateModified":"2026-09-02T02:56:20+02:00","inLanguage":"fr-FR","mainEntityOfPage":{"@id":"https:\/\/lepatriotebenin.com\/index.php\/2026\/09\/02\/incendie-davakpa-a-porto-novo-qui-veut-reduire-les-victimes-au-silence\/#webpage"},"isPartOf":{"@id":"https:\/\/lepatriotebenin.com\/index.php\/2026\/09\/02\/incendie-davakpa-a-porto-novo-qui-veut-reduire-les-victimes-au-silence\/#webpage"},"articleSection":"Soci\u00e9t\u00e9"},{"@type":"BreadcrumbList","@id":"https:\/\/lepatriotebenin.com\/index.php\/2026\/09\/02\/incendie-davakpa-a-porto-novo-qui-veut-reduire-les-victimes-au-silence\/#breadcrumblist","itemListElement":[{"@type":"ListItem","@id":"https:\/\/lepatriotebenin.com#listItem","position":1,"name":"Home","item":"https:\/\/lepatriotebenin.com","nextItem":{"@type":"ListItem","@id":"https:\/\/lepatriotebenin.com\/index.php\/category\/societe\/#listItem","name":"Soci\u00e9t\u00e9"}},{"@type":"ListItem","@id":"https:\/\/lepatriotebenin.com\/index.php\/category\/societe\/#listItem","position":2,"name":"Soci\u00e9t\u00e9","item":"https:\/\/lepatriotebenin.com\/index.php\/category\/societe\/","nextItem":{"@type":"ListItem","@id":"https:\/\/lepatriotebenin.com\/index.php\/2026\/09\/02\/incendie-davakpa-a-porto-novo-qui-veut-reduire-les-victimes-au-silence\/#listItem","name":"Incendie d\u2019Avakpa \u00e0 Porto-Novo : Qui veut r\u00e9duire les victimes au silence ?"},"previousItem":{"@type":"ListItem","@id":"https:\/\/lepatriotebenin.com#listItem","name":"Home"}},{"@type":"ListItem","@id":"https:\/\/lepatriotebenin.com\/index.php\/2026\/09\/02\/incendie-davakpa-a-porto-novo-qui-veut-reduire-les-victimes-au-silence\/#listItem","position":3,"name":"Incendie d\u2019Avakpa \u00e0 Porto-Novo : Qui veut r\u00e9duire les victimes au silence ?","previousItem":{"@type":"ListItem","@id":"https:\/\/lepatriotebenin.com\/index.php\/category\/societe\/#listItem","name":"Soci\u00e9t\u00e9"}}]},{"@type":"Organization","@id":"https:\/\/lepatriotebenin.com\/#organization","name":"Le Patriote","description":"Le Patriote B\u00e9nin","url":"https:\/\/lepatriotebenin.com\/"},{"@type":"Person","@id":"https:\/\/lepatriotebenin.com#author","url":"https:\/\/lepatriotebenin.com","name":"Redaction","image":{"@type":"ImageObject","@id":"https:\/\/lepatriotebenin.com\/index.php\/2026\/09\/02\/incendie-davakpa-a-porto-novo-qui-veut-reduire-les-victimes-au-silence\/#authorImage","url":"https:\/\/secure.gravatar.com\/avatar\/c4c509357859ea2ca2cbb6d8812898a73e4ef1ef9934c2e591d7e32face734d1?s=96&d=mm&r=g","width":96,"height":96,"caption":"Redaction"}},{"@type":"WebPage","@id":"https:\/\/lepatriotebenin.com\/index.php\/2026\/09\/02\/incendie-davakpa-a-porto-novo-qui-veut-reduire-les-victimes-au-silence\/#webpage","url":"https:\/\/lepatriotebenin.com\/index.php\/2026\/09\/02\/incendie-davakpa-a-porto-novo-qui-veut-reduire-les-victimes-au-silence\/","name":"Incendie d\u2019Avakpa \u00e0 Porto-Novo : Qui veut r\u00e9duire les victimes au silence ? - Le Patriote","description":"A Avakpa, les flammes se sont \u00e9teintes, mais les interrogations existent toujours. Plusieurs semaines apr\u00e8s le violent incendie qui a caus\u00e9 d\u2019importants d\u00e9g\u00e2ts mat\u00e9riels, les victimes attendent toujours des r\u00e9parations. Pendant ce temps, une curieuse campagne semble les pousser vers le dialogue au d\u00e9triment de toute d\u00e9marche judiciaire. Une situation qui pose une question essentielle","inLanguage":"fr-FR","isPartOf":{"@id":"https:\/\/lepatriotebenin.com\/#website"},"breadcrumb":{"@id":"https:\/\/lepatriotebenin.com\/index.php\/2026\/09\/02\/incendie-davakpa-a-porto-novo-qui-veut-reduire-les-victimes-au-silence\/#breadcrumblist"},"author":{"@id":"https:\/\/lepatriotebenin.com#author"},"creator":{"@id":"https:\/\/lepatriotebenin.com#author"},"image":{"@type":"ImageObject","url":"https:\/\/lepatriotebenin.com\/wp-content\/uploads\/2026\/09\/incendie-avakpa-1.webp","@id":"https:\/\/lepatriotebenin.com\/index.php\/2026\/09\/02\/incendie-davakpa-a-porto-novo-qui-veut-reduire-les-victimes-au-silence\/#mainImage","width":1000,"height":750},"primaryImageOfPage":{"@id":"https:\/\/lepatriotebenin.com\/index.php\/2026\/09\/02\/incendie-davakpa-a-porto-novo-qui-veut-reduire-les-victimes-au-silence\/#mainImage"},"datePublished":"2026-09-02T02:56:20+02:00","dateModified":"2026-09-02T02:56:20+02:00"},{"@type":"WebSite","@id":"https:\/\/lepatriotebenin.com\/#website","url":"https:\/\/lepatriotebenin.com\/","name":"Le Patriote","description":"Le Patriote B\u00e9nin","inLanguage":"fr-FR","publisher":{"@id":"https:\/\/lepatriotebenin.com\/#organization"}}]},"og:locale":"fr_FR","og:site_name":"Le Patriote - Le Patriote B\u00e9nin","og:type":"article","og:title":"Incendie d\u2019Avakpa \u00e0 Porto-Novo : Qui veut r\u00e9duire les victimes au silence ? - Le Patriote","og:description":"A Avakpa, les flammes se sont \u00e9teintes, mais les interrogations existent toujours. Plusieurs semaines apr\u00e8s le violent incendie qui a caus\u00e9 d\u2019importants d\u00e9g\u00e2ts mat\u00e9riels, les victimes attendent toujours des r\u00e9parations. Pendant ce temps, une curieuse campagne semble les pousser vers le dialogue au d\u00e9triment de toute d\u00e9marche judiciaire. Une situation qui pose une question essentielle","og:url":"https:\/\/lepatriotebenin.com\/index.php\/2026\/09\/02\/incendie-davakpa-a-porto-novo-qui-veut-reduire-les-victimes-au-silence\/","article:published_time":"2026-09-02T00:56:20+00:00","article:modified_time":"2026-09-02T00:56:20+00:00","twitter:card":"summary_large_image","twitter:title":"Incendie d\u2019Avakpa \u00e0 Porto-Novo : Qui veut r\u00e9duire les victimes au silence ? - Le Patriote","twitter:description":"A Avakpa, les flammes se sont \u00e9teintes, mais les interrogations existent toujours. Plusieurs semaines apr\u00e8s le violent incendie qui a caus\u00e9 d\u2019importants d\u00e9g\u00e2ts mat\u00e9riels, les victimes attendent toujours des r\u00e9parations. Pendant ce temps, une curieuse campagne semble les pousser vers le dialogue au d\u00e9triment de toute d\u00e9marche judiciaire. Une situation qui pose une question essentielle"},"aioseo_meta_data":{"post_id":"23487","title":null,"description":null,"keywords":null,"keyphrases":{"focus":{"keyphrase":"","score":0,"analysis":{"keyphraseInTitle":{"score":0,"maxScore":9,"error":1}}},"additional":[]},"primary_term":null,"canonical_url":null,"og_title":null,"og_description":null,"og_object_type":"default","og_image_type":"default","og_image_url":null,"og_image_width":null,"og_image_height":null,"og_image_custom_url":null,"og_image_custom_fields":null,"og_video":"","og_custom_url":null,"og_article_section":null,"og_article_tags":null,"twitter_use_og":false,"twitter_card":"default","twitter_image_type":"default","twitter_image_url":null,"twitter_image_custom_url":null,"twitter_image_custom_fields":null,"twitter_title":null,"twitter_description":null,"schema":{"blockGraphs":[],"customGraphs":[],"default":{"data":{"Article":[],"Course":[],"Dataset":[],"FAQPage":[],"Movie":[],"Person":[],"Product":[],"ProductReview":[],"Car":[],"Recipe":[],"Service":[],"SoftwareApplication":[],"WebPage":[]},"graphName":"BlogPosting","isEnabled":true},"graphs":[]},"schema_type":"default","schema_type_options":null,"pillar_content":false,"robots_default":true,"robots_noindex":false,"robots_noarchive":false,"robots_nosnippet":false,"robots_nofollow":false,"robots_noimageindex":false,"robots_noodp":false,"robots_notranslate":false,"robots_max_snippet":"-1","robots_max_videopreview":"-1","robots_max_imagepreview":"large","priority":null,"frequency":"default","local_seo":null,"breadcrumb_settings":null,"limit_modified_date":false,"ai":{"faqs":[],"keyPoints":[],"schemas":[],"titles":[],"descriptions":[],"socialPosts":{"email":{"subject":"","preview":"","content":""},"linkedin":[],"twitter":[],"facebook":[],"instagram":[]}},"created":"2026-09-02 00:56:20","updated":"2026-09-02 01:09:43","seo_analyzer_scan_date":null,"focus_keyword":null,"additional_keywords":null,"truseo_locale":null},"aioseo_breadcrumb":"<div class=\"aioseo-breadcrumbs\"><span class=\"aioseo-breadcrumb\">\n\t\t\t<a href=\"https:\/\/lepatriotebenin.com\" title=\"Home\">Home<\/a>\n\t\t<\/span><span class=\"aioseo-breadcrumb-separator\">&raquo;<\/span><span class=\"aioseo-breadcrumb\">\n\t\t\t<a href=\"https:\/\/lepatriotebenin.com\/index.php\/category\/societe\/\" title=\"Soci\u00e9t\u00e9\">Soci\u00e9t\u00e9<\/a>\n\t\t<\/span><span class=\"aioseo-breadcrumb-separator\">&raquo;<\/span><span class=\"aioseo-breadcrumb\">\n\t\t\tIncendie d\u2019Avakpa \u00e0 Porto-Novo : Qui veut r\u00e9duire les victimes au silence ?\n\t\t<\/span><\/div>","aioseo_breadcrumb_json":[{"label":"Home","link":"https:\/\/lepatriotebenin.com"},{"label":"Soci\u00e9t\u00e9","link":"https:\/\/lepatriotebenin.com\/index.php\/category\/societe\/"},{"label":"Incendie d\u2019Avakpa \u00e0 Porto-Novo : Qui veut r\u00e9duire les victimes au silence ?","link":"https:\/\/lepatriotebenin.com\/index.php\/2026\/09\/02\/incendie-davakpa-a-porto-novo-qui-veut-reduire-les-victimes-au-silence\/"}],"yoast_head":"<!-- This site is optimized with the Yoast SEO plugin v28.4 - https:\/\/yoast.com\/product\/yoast-seo-wordpress\/ -->\n<title>Incendie d\u2019Avakpa \u00e0 Porto-Novo : Qui veut r\u00e9duire les victimes au silence ? - Le Patriote<\/title>\n<meta name=\"robots\" content=\"index, follow, max-snippet:-1, max-image-preview:large, max-video-preview:-1\" \/>\n<link rel=\"canonical\" href=\"https:\/\/lepatriotebenin.com\/index.php\/2026\/09\/02\/incendie-davakpa-a-porto-novo-qui-veut-reduire-les-victimes-au-silence\/\" \/>\n<meta property=\"og:locale\" content=\"fr_FR\" \/>\n<meta property=\"og:type\" content=\"article\" \/>\n<meta property=\"og:title\" content=\"Incendie d\u2019Avakpa \u00e0 Porto-Novo : Qui veut r\u00e9duire les victimes au silence ? - Le Patriote\" \/>\n<meta property=\"og:description\" content=\"A Avakpa, les flammes se sont \u00e9teintes, mais les interrogations existent toujours. Plusieurs semaines apr\u00e8s le violent incendie qui a caus\u00e9 d\u2019importants d\u00e9g\u00e2ts mat\u00e9riels, les victimes attendent toujours des r\u00e9parations.&hellip;\" \/>\n<meta property=\"og:url\" content=\"https:\/\/lepatriotebenin.com\/index.php\/2026\/09\/02\/incendie-davakpa-a-porto-novo-qui-veut-reduire-les-victimes-au-silence\/\" \/>\n<meta property=\"og:site_name\" content=\"Le Patriote\" \/>\n<meta property=\"article:published_time\" content=\"2026-09-02T00:56:20+00:00\" \/>\n<meta property=\"og:image\" content=\"https:\/\/lepatriotebenin.com\/wp-content\/uploads\/2026\/09\/incendie-avakpa-1.webp\" \/>\n\t<meta property=\"og:image:width\" content=\"1000\" \/>\n\t<meta property=\"og:image:height\" content=\"750\" \/>\n\t<meta property=\"og:image:type\" content=\"image\/webp\" \/>\n<meta name=\"author\" content=\"Redaction\" \/>\n<meta name=\"twitter:card\" content=\"summary_large_image\" \/>\n<meta name=\"twitter:label1\" content=\"\u00c9crit par\" \/>\n\t<meta name=\"twitter:data1\" content=\"Redaction\" \/>\n\t<meta name=\"twitter:label2\" content=\"Dur\u00e9e de lecture estim\u00e9e\" \/>\n\t<meta name=\"twitter:data2\" content=\"4 minutes\" \/>\n<script type=\"application\/ld+json\" class=\"yoast-schema-graph\">{\"@context\":\"https:\\\/\\\/schema.org\",\"@graph\":[{\"@type\":\"Article\",\"@id\":\"https:\\\/\\\/lepatriotebenin.com\\\/index.php\\\/2026\\\/09\\\/02\\\/incendie-davakpa-a-porto-novo-qui-veut-reduire-les-victimes-au-silence\\\/#article\",\"isPartOf\":{\"@id\":\"https:\\\/\\\/lepatriotebenin.com\\\/index.php\\\/2026\\\/09\\\/02\\\/incendie-davakpa-a-porto-novo-qui-veut-reduire-les-victimes-au-silence\\\/\"},\"author\":{\"name\":\"Redaction\",\"@id\":\"https:\\\/\\\/lepatriotebenin.com\\\/#\\\/schema\\\/person\\\/2e7709b9c9cc313e452d1136af61690f\"},\"headline\":\"Incendie d\u2019Avakpa \u00e0 Porto-Novo : Qui veut r\u00e9duire les victimes au silence ?\",\"datePublished\":\"2026-09-02T00:56:20+00:00\",\"mainEntityOfPage\":{\"@id\":\"https:\\\/\\\/lepatriotebenin.com\\\/index.php\\\/2026\\\/09\\\/02\\\/incendie-davakpa-a-porto-novo-qui-veut-reduire-les-victimes-au-silence\\\/\"},\"wordCount\":713,\"commentCount\":0,\"image\":{\"@id\":\"https:\\\/\\\/lepatriotebenin.com\\\/index.php\\\/2026\\\/09\\\/02\\\/incendie-davakpa-a-porto-novo-qui-veut-reduire-les-victimes-au-silence\\\/#primaryimage\"},\"thumbnailUrl\":\"https:\\\/\\\/lepatriotebenin.com\\\/wp-content\\\/uploads\\\/2026\\\/09\\\/incendie-avakpa-1.webp\",\"articleSection\":[\"Soci\u00e9t\u00e9\"],\"inLanguage\":\"fr-FR\",\"potentialAction\":[{\"@type\":\"CommentAction\",\"name\":\"Comment\",\"target\":[\"https:\\\/\\\/lepatriotebenin.com\\\/index.php\\\/2026\\\/09\\\/02\\\/incendie-davakpa-a-porto-novo-qui-veut-reduire-les-victimes-au-silence\\\/#respond\"]}]},{\"@type\":\"WebPage\",\"@id\":\"https:\\\/\\\/lepatriotebenin.com\\\/index.php\\\/2026\\\/09\\\/02\\\/incendie-davakpa-a-porto-novo-qui-veut-reduire-les-victimes-au-silence\\\/\",\"url\":\"https:\\\/\\\/lepatriotebenin.com\\\/index.php\\\/2026\\\/09\\\/02\\\/incendie-davakpa-a-porto-novo-qui-veut-reduire-les-victimes-au-silence\\\/\",\"name\":\"Incendie d\u2019Avakpa \u00e0 Porto-Novo : Qui veut r\u00e9duire les victimes au silence ? - Le Patriote\",\"isPartOf\":{\"@id\":\"https:\\\/\\\/lepatriotebenin.com\\\/#website\"},\"primaryImageOfPage\":{\"@id\":\"https:\\\/\\\/lepatriotebenin.com\\\/index.php\\\/2026\\\/09\\\/02\\\/incendie-davakpa-a-porto-novo-qui-veut-reduire-les-victimes-au-silence\\\/#primaryimage\"},\"image\":{\"@id\":\"https:\\\/\\\/lepatriotebenin.com\\\/index.php\\\/2026\\\/09\\\/02\\\/incendie-davakpa-a-porto-novo-qui-veut-reduire-les-victimes-au-silence\\\/#primaryimage\"},\"thumbnailUrl\":\"https:\\\/\\\/lepatriotebenin.com\\\/wp-content\\\/uploads\\\/2026\\\/09\\\/incendie-avakpa-1.webp\",\"datePublished\":\"2026-09-02T00:56:20+00:00\",\"author\":{\"@id\":\"https:\\\/\\\/lepatriotebenin.com\\\/#\\\/schema\\\/person\\\/2e7709b9c9cc313e452d1136af61690f\"},\"breadcrumb\":{\"@id\":\"https:\\\/\\\/lepatriotebenin.com\\\/index.php\\\/2026\\\/09\\\/02\\\/incendie-davakpa-a-porto-novo-qui-veut-reduire-les-victimes-au-silence\\\/#breadcrumb\"},\"inLanguage\":\"fr-FR\",\"potentialAction\":[{\"@type\":\"ReadAction\",\"target\":[\"https:\\\/\\\/lepatriotebenin.com\\\/index.php\\\/2026\\\/09\\\/02\\\/incendie-davakpa-a-porto-novo-qui-veut-reduire-les-victimes-au-silence\\\/\"]}]},{\"@type\":\"ImageObject\",\"inLanguage\":\"fr-FR\",\"@id\":\"https:\\\/\\\/lepatriotebenin.com\\\/index.php\\\/2026\\\/09\\\/02\\\/incendie-davakpa-a-porto-novo-qui-veut-reduire-les-victimes-au-silence\\\/#primaryimage\",\"url\":\"https:\\\/\\\/lepatriotebenin.com\\\/wp-content\\\/uploads\\\/2026\\\/09\\\/incendie-avakpa-1.webp\",\"contentUrl\":\"https:\\\/\\\/lepatriotebenin.com\\\/wp-content\\\/uploads\\\/2026\\\/09\\\/incendie-avakpa-1.webp\",\"width\":1000,\"height\":750},{\"@type\":\"BreadcrumbList\",\"@id\":\"https:\\\/\\\/lepatriotebenin.com\\\/index.php\\\/2026\\\/09\\\/02\\\/incendie-davakpa-a-porto-novo-qui-veut-reduire-les-victimes-au-silence\\\/#breadcrumb\",\"itemListElement\":[{\"@type\":\"ListItem\",\"position\":1,\"name\":\"Accueil\",\"item\":\"https:\\\/\\\/lepatriotebenin.com\\\/\"},{\"@type\":\"ListItem\",\"position\":2,\"name\":\"Incendie d\u2019Avakpa \u00e0 Porto-Novo : Qui veut r\u00e9duire les victimes au silence ?\"}]},{\"@type\":\"WebSite\",\"@id\":\"https:\\\/\\\/lepatriotebenin.com\\\/#website\",\"url\":\"https:\\\/\\\/lepatriotebenin.com\\\/\",\"name\":\"Le Patriote\",\"description\":\"Le Patriote B\u00e9nin\",\"potentialAction\":[{\"@type\":\"SearchAction\",\"target\":{\"@type\":\"EntryPoint\",\"urlTemplate\":\"https:\\\/\\\/lepatriotebenin.com\\\/?s={search_term_string}\"},\"query-input\":{\"@type\":\"PropertyValueSpecification\",\"valueRequired\":true,\"valueName\":\"search_term_string\"}}],\"inLanguage\":\"fr-FR\"},{\"@type\":\"Person\",\"@id\":\"https:\\\/\\\/lepatriotebenin.com\\\/#\\\/schema\\\/person\\\/2e7709b9c9cc313e452d1136af61690f\",\"name\":\"Redaction\",\"image\":{\"@type\":\"ImageObject\",\"inLanguage\":\"fr-FR\",\"@id\":\"https:\\\/\\\/secure.gravatar.com\\\/avatar\\\/c4c509357859ea2ca2cbb6d8812898a73e4ef1ef9934c2e591d7e32face734d1?s=96&d=mm&r=g\",\"url\":\"https:\\\/\\\/secure.gravatar.com\\\/avatar\\\/c4c509357859ea2ca2cbb6d8812898a73e4ef1ef9934c2e591d7e32face734d1?s=96&d=mm&r=g\",\"contentUrl\":\"https:\\\/\\\/secure.gravatar.com\\\/avatar\\\/c4c509357859ea2ca2cbb6d8812898a73e4ef1ef9934c2e591d7e32face734d1?s=96&d=mm&r=g\",\"caption\":\"Redaction\"},\"url\":\"https:\\\/\\\/lepatriotebenin.com\"}]}<\/script>\n<!-- \/ Yoast SEO plugin. -->","yoast_head_json":{"title":"Incendie d\u2019Avakpa \u00e0 Porto-Novo : Qui veut r\u00e9duire les victimes au silence ? - Le Patriote","robots":{"index":"index","follow":"follow","max-snippet":"max-snippet:-1","max-image-preview":"max-image-preview:large","max-video-preview":"max-video-preview:-1"},"canonical":"https:\/\/lepatriotebenin.com\/index.php\/2026\/09\/02\/incendie-davakpa-a-porto-novo-qui-veut-reduire-les-victimes-au-silence\/","og_locale":"fr_FR","og_type":"article","og_title":"Incendie d\u2019Avakpa \u00e0 Porto-Novo : Qui veut r\u00e9duire les victimes au silence ? - Le Patriote","og_description":"A Avakpa, les flammes se sont \u00e9teintes, mais les interrogations existent toujours. Plusieurs semaines apr\u00e8s le violent incendie qui a caus\u00e9 d\u2019importants d\u00e9g\u00e2ts mat\u00e9riels, les victimes attendent toujours des r\u00e9parations.&hellip;","og_url":"https:\/\/lepatriotebenin.com\/index.php\/2026\/09\/02\/incendie-davakpa-a-porto-novo-qui-veut-reduire-les-victimes-au-silence\/","og_site_name":"Le Patriote","article_published_time":"2026-09-02T00:56:20+00:00","og_image":[{"width":1000,"height":750,"url":"https:\/\/lepatriotebenin.com\/wp-content\/uploads\/2026\/09\/incendie-avakpa-1.webp","type":"image\/webp"}],"author":"Redaction","twitter_card":"summary_large_image","twitter_misc":{"\u00c9crit par":"Redaction","Dur\u00e9e de lecture estim\u00e9e":"4 minutes"},"schema":{"@context":"https:\/\/schema.org","@graph":[{"@type":"Article","@id":"https:\/\/lepatriotebenin.com\/index.php\/2026\/09\/02\/incendie-davakpa-a-porto-novo-qui-veut-reduire-les-victimes-au-silence\/#article","isPartOf":{"@id":"https:\/\/lepatriotebenin.com\/index.php\/2026\/09\/02\/incendie-davakpa-a-porto-novo-qui-veut-reduire-les-victimes-au-silence\/"},"author":{"name":"Redaction","@id":"https:\/\/lepatriotebenin.com\/#\/schema\/person\/2e7709b9c9cc313e452d1136af61690f"},"headline":"Incendie d\u2019Avakpa \u00e0 Porto-Novo : Qui veut r\u00e9duire les victimes au silence ?","datePublished":"2026-09-02T00:56:20+00:00","mainEntityOfPage":{"@id":"https:\/\/lepatriotebenin.com\/index.php\/2026\/09\/02\/incendie-davakpa-a-porto-novo-qui-veut-reduire-les-victimes-au-silence\/"},"wordCount":713,"commentCount":0,"image":{"@id":"https:\/\/lepatriotebenin.com\/index.php\/2026\/09\/02\/incendie-davakpa-a-porto-novo-qui-veut-reduire-les-victimes-au-silence\/#primaryimage"},"thumbnailUrl":"https:\/\/lepatriotebenin.com\/wp-content\/uploads\/2026\/09\/incendie-avakpa-1.webp","articleSection":["Soci\u00e9t\u00e9"],"inLanguage":"fr-FR","potentialAction":[{"@type":"CommentAction","name":"Comment","target":["https:\/\/lepatriotebenin.com\/index.php\/2026\/09\/02\/incendie-davakpa-a-porto-novo-qui-veut-reduire-les-victimes-au-silence\/#respond"]}]},{"@type":"WebPage","@id":"https:\/\/lepatriotebenin.com\/index.php\/2026\/09\/02\/incendie-davakpa-a-porto-novo-qui-veut-reduire-les-victimes-au-silence\/","url":"https:\/\/lepatriotebenin.com\/index.php\/2026\/09\/02\/incendie-davakpa-a-porto-novo-qui-veut-reduire-les-victimes-au-silence\/","name":"Incendie d\u2019Avakpa \u00e0 Porto-Novo : Qui veut r\u00e9duire les victimes au silence ? - Le Patriote","isPartOf":{"@id":"https:\/\/lepatriotebenin.com\/#website"},"primaryImageOfPage":{"@id":"https:\/\/lepatriotebenin.com\/index.php\/2026\/09\/02\/incendie-davakpa-a-porto-novo-qui-veut-reduire-les-victimes-au-silence\/#primaryimage"},"image":{"@id":"https:\/\/lepatriotebenin.com\/index.php\/2026\/09\/02\/incendie-davakpa-a-porto-novo-qui-veut-reduire-les-victimes-au-silence\/#primaryimage"},"thumbnailUrl":"https:\/\/lepatriotebenin.com\/wp-content\/uploads\/2026\/09\/incendie-avakpa-1.webp","datePublished":"2026-09-02T00:56:20+00:00","author":{"@id":"https:\/\/lepatriotebenin.com\/#\/schema\/person\/2e7709b9c9cc313e452d1136af61690f"},"breadcrumb":{"@id":"https:\/\/lepatriotebenin.com\/index.php\/2026\/09\/02\/incendie-davakpa-a-porto-novo-qui-veut-reduire-les-victimes-au-silence\/#breadcrumb"},"inLanguage":"fr-FR","potentialAction":[{"@type":"ReadAction","target":["https:\/\/lepatriotebenin.com\/index.php\/2026\/09\/02\/incendie-davakpa-a-porto-novo-qui-veut-reduire-les-victimes-au-silence\/"]}]},{"@type":"ImageObject","inLanguage":"fr-FR","@id":"https:\/\/lepatriotebenin.com\/index.php\/2026\/09\/02\/incendie-davakpa-a-porto-novo-qui-veut-reduire-les-victimes-au-silence\/#primaryimage","url":"https:\/\/lepatriotebenin.com\/wp-content\/uploads\/2026\/09\/incendie-avakpa-1.webp","contentUrl":"https:\/\/lepatriotebenin.com\/wp-content\/uploads\/2026\/09\/incendie-avakpa-1.webp","width":1000,"height":750},{"@type":"BreadcrumbList","@id":"https:\/\/lepatriotebenin.com\/index.php\/2026\/09\/02\/incendie-davakpa-a-porto-novo-qui-veut-reduire-les-victimes-au-silence\/#breadcrumb","itemListElement":[{"@type":"ListItem","position":1,"name":"Accueil","item":"https:\/\/lepatriotebenin.com\/"},{"@type":"ListItem","position":2,"name":"Incendie d\u2019Avakpa \u00e0 Porto-Novo : Qui veut r\u00e9duire les victimes au silence ?"}]},{"@type":"WebSite","@id":"https:\/\/lepatriotebenin.com\/#website","url":"https:\/\/lepatriotebenin.com\/","name":"Le Patriote","description":"Le Patriote B\u00e9nin","potentialAction":[{"@type":"SearchAction","target":{"@type":"EntryPoint","urlTemplate":"https:\/\/lepatriotebenin.com\/?s={search_term_string}"},"query-input":{"@type":"PropertyValueSpecification","valueRequired":true,"valueName":"search_term_string"}}],"inLanguage":"fr-FR"},{"@type":"Person","@id":"https:\/\/lepatriotebenin.com\/#\/schema\/person\/2e7709b9c9cc313e452d1136af61690f","name":"Redaction","image":{"@type":"ImageObject","inLanguage":"fr-FR","@id":"https:\/\/secure.gravatar.com\/avatar\/c4c509357859ea2ca2cbb6d8812898a73e4ef1ef9934c2e591d7e32face734d1?s=96&d=mm&r=g","url":"https:\/\/secure.gravatar.com\/avatar\/c4c509357859ea2ca2cbb6d8812898a73e4ef1ef9934c2e591d7e32face734d1?s=96&d=mm&r=g","contentUrl":"https:\/\/secure.gravatar.com\/avatar\/c4c509357859ea2ca2cbb6d8812898a73e4ef1ef9934c2e591d7e32face734d1?s=96&d=mm&r=g","caption":"Redaction"},"url":"https:\/\/lepatriotebenin.com"}]}},"_links":{"self":[{"href":"https:\/\/lepatriotebenin.com\/index.php\/wp-json\/wp\/v2\/posts\/23487","targetHints":{"allow":["GET"]}}],"collection":[{"href":"https:\/\/lepatriotebenin.com\/index.php\/wp-json\/wp\/v2\/posts"}],"about":[{"href":"https:\/\/lepatriotebenin.com\/index.php\/wp-json\/wp\/v2\/types\/post"}],"author":[{"embeddable":true,"href":"https:\/\/lepatriotebenin.com\/index.php\/wp-json\/wp\/v2\/users\/5"}],"replies":[{"embeddable":true,"href":"https:\/\/lepatriotebenin.com\/index.php\/wp-json\/wp\/v2\/comments?post=23487"}],"version-history":[{"count":1,"href":"https:\/\/lepatriotebenin.com\/index.php\/wp-json\/wp\/v2\/posts\/23487\/revisions"}],"predecessor-version":[{"id":23489,"href":"https:\/\/lepatriotebenin.com\/index.php\/wp-json\/wp\/v2\/posts\/23487\/revisions\/23489"}],"wp:featuredmedia":[{"embeddable":true,"href":"https:\/\/lepatriotebenin.com\/index.php\/wp-json\/wp\/v2\/media\/23488"}],"wp:attachment":[{"href":"https:\/\/lepatriotebenin.com\/index.php\/wp-json\/wp\/v2\/media?parent=23487"}],"wp:term":[{"taxonomy":"category","embeddable":true,"href":"https:\/\/lepatriotebenin.com\/index.php\/wp-json\/wp\/v2\/categories?post=23487"},{"taxonomy":"post_tag","embeddable":true,"href":"https:\/\/lepatriotebenin.com\/index.php\/wp-json\/wp\/v2\/tags?post=23487"}],"curies":[{"name":"wp","href":"https:\/\/api.w.org\/{rel}","templated":true}]}}