{"id":23484,"date":"2026-09-02T02:30:24","date_gmt":"2026-09-02T00:30:24","guid":{"rendered":"https:\/\/lepatriotebenin.com\/?p=23484"},"modified":"2026-09-02T02:30:24","modified_gmt":"2026-09-02T00:30:24","slug":"apres-la-vente-de-son-rein-au-nigeria-un-homme-accuse-son-ami-descroquerie","status":"publish","type":"post","link":"https:\/\/lepatriotebenin.com\/index.php\/2026\/09\/02\/apres-la-vente-de-son-rein-au-nigeria-un-homme-accuse-son-ami-descroquerie\/","title":{"rendered":"Apr\u00e8s  la vente de son rein au Nigeria : Un homme accuse son ami d&rsquo;escroquerie"},"content":{"rendered":"<p>Lors d\u2019une parade de suspects vendredi 29 ao\u00fbt 2026, une victime, Samuel Ezekiel, a livr\u00e9 un t\u00e9moignage sur la vente de son rein. Cela a permis le d\u00e9mant\u00e8lement d&rsquo;un pr\u00e9sum\u00e9 r\u00e9seau de trafic d\u2019organes op\u00e9rant entre Abuja et l\u2019\u00c9tat de Nasarawa par la police nig\u00e9riane<\/p>\n<p>\u200eSelon les d\u00e9clarations de la victime, son ami, Emmanuel Odeh, l\u2019aurait convaincu de vendre son rein. Il a \u00e9t\u00e9 conduit \u00e0 l\u2019h\u00f4pital Wellington \u00e0 Life Camp, \u00e0 Abuja, o\u00f9 l\u2019ablation aurait eu lieu le 24 avril. Pour masquer son identit\u00e9, un affidavit au nom de \u00ab\u00a0Hassan Abubakar\u00a0\u00bb aurait \u00e9t\u00e9 pr\u00e9par\u00e9 au Tribunal f\u00e9d\u00e9ral.<\/p>\n<p>\u200eEzekiel affirme avoir re\u00e7u plusieurs billets de 100 dollars et un billet de 50 dollars. Mais au lieu de lui remettre la somme, Odeh aurait gard\u00e9 l\u2019argent pour acheter des t\u00e9l\u00e9phones, des power banks et des routeurs Wi-Fi. Des mois plus tard, sans ressources pour rentrer, la victime dit que son ami a m\u00eame vendu son t\u00e9l\u00e9phone pour payer son transport.<\/p>\n<p>\u200eL\u2019affaire a \u00e9clat\u00e9 apr\u00e8s une alerte de l\u2019activiste Martins Otse, alias VeryDarkMan. Une op\u00e9ration de police a ensuite permis l\u2019arrestation de plusieurs personnes \u00e0 Karu, dans l\u2019\u00c9tat de Nasarawa.<\/p>\n<p>\u200eParmi les suspects figurent deux n\u00e9phrologues : le Dr Benjamin Oyime, consultant \u00e0 Wellington Hospital, et le Dr Daniel Otukpa, directeur par int\u00e9rim des services cliniques du m\u00eame \u00e9tablissement, ainsi que les pr\u00e9sum\u00e9s recruteurs Odeh et David Idoko.\u00a0 La police accuse le r\u00e9seau de cibler des jeunes vuln\u00e9rables avec de faux documents. Cette affaire relance le d\u00e9bat sur le trafic de reins et la vuln\u00e9rabilit\u00e9 de la jeunesse nig\u00e9riane qui n&rsquo;h\u00e9site plus \u00e0 recourir \u00e0 la vente d&rsquo;organes pour de l&rsquo;argent.<\/p>\n<p>\u200e<\/p>\n<p><strong>\u200eEz\u00e9chiel Dagb\u00e9gnon PADONOU <\/strong><\/p>\n<p>\u200e<\/p>\n","protected":false},"excerpt":{"rendered":"<p>Lors d\u2019une parade de suspects vendredi 29 ao\u00fbt 2026, une victime, Samuel Ezekiel, a livr\u00e9 un t\u00e9moignage sur la vente de son rein. Cela a permis le d\u00e9mant\u00e8lement d&rsquo;un pr\u00e9sum\u00e9&hellip;<\/p>\n","protected":false},"author":5,"featured_media":23485,"comment_status":"open","ping_status":"open","sticky":false,"template":"","format":"standard","meta":{"content-type":"","om_disable_all_campaigns":false,"_monsterinsights_skip_tracking":false,"_uf_show_specific_survey":0,"_uf_disable_surveys":false,"footnotes":""},"categories":[20],"tags":[],"class_list":["post-23484","post","type-post","status-publish","format-standard","has-post-thumbnail","hentry","category-societe"],"aioseo_notices":[],"aioseo_head":"\n\t\t<!-- All in One SEO 5.0.1.1 - aioseo.com -->\n\t<meta name=\"description\" content=\"Lors d\u2019une parade de suspects vendredi 29 ao\u00fbt 2026, une victime, Samuel Ezekiel, a livr\u00e9 un t\u00e9moignage sur la vente de son rein. Cela a permis le d\u00e9mant\u00e8lement d&#039;un pr\u00e9sum\u00e9 r\u00e9seau de trafic d\u2019organes op\u00e9rant entre Abuja et l\u2019\u00c9tat de Nasarawa par la police nig\u00e9riane \u200eSelon les d\u00e9clarations de la victime, son ami, Emmanuel Odeh,\" \/>\n\t<meta name=\"robots\" content=\"max-image-preview:large\" \/>\n\t<meta name=\"author\" content=\"Redaction\"\/>\n\t<link rel=\"canonical\" href=\"https:\/\/lepatriotebenin.com\/index.php\/2026\/09\/02\/apres-la-vente-de-son-rein-au-nigeria-un-homme-accuse-son-ami-descroquerie\/\" \/>\n\t<meta name=\"generator\" content=\"All in One SEO (AIOSEO) 5.0.1.1\" \/>\n\t\t<meta property=\"og:locale\" content=\"fr_FR\" \/>\n\t\t<meta property=\"og:site_name\" content=\"Le Patriote - Le Patriote B\u00e9nin\" \/>\n\t\t<meta property=\"og:type\" content=\"article\" \/>\n\t\t<meta property=\"og:title\" content=\"Apr\u00e8s la vente de son rein au Nigeria : Un homme accuse son ami d\u2019escroquerie - Le Patriote\" \/>\n\t\t<meta property=\"og:description\" content=\"Lors d\u2019une parade de suspects vendredi 29 ao\u00fbt 2026, une victime, Samuel Ezekiel, a livr\u00e9 un t\u00e9moignage sur la vente de son rein. Cela a permis le d\u00e9mant\u00e8lement d&#039;un pr\u00e9sum\u00e9 r\u00e9seau de trafic d\u2019organes op\u00e9rant entre Abuja et l\u2019\u00c9tat de Nasarawa par la police nig\u00e9riane \u200eSelon les d\u00e9clarations de la victime, son ami, Emmanuel Odeh,\" \/>\n\t\t<meta property=\"og:url\" content=\"https:\/\/lepatriotebenin.com\/index.php\/2026\/09\/02\/apres-la-vente-de-son-rein-au-nigeria-un-homme-accuse-son-ami-descroquerie\/\" \/>\n\t\t<meta property=\"article:published_time\" content=\"2026-09-02T00:30:24+00:00\" \/>\n\t\t<meta property=\"article:modified_time\" content=\"2026-09-02T00:30:24+00:00\" \/>\n\t\t<meta name=\"twitter:card\" content=\"summary_large_image\" \/>\n\t\t<meta name=\"twitter:title\" content=\"Apr\u00e8s la vente de son rein au Nigeria : Un homme accuse son ami d\u2019escroquerie - Le Patriote\" \/>\n\t\t<meta name=\"twitter:description\" content=\"Lors d\u2019une parade de suspects vendredi 29 ao\u00fbt 2026, une victime, Samuel Ezekiel, a livr\u00e9 un t\u00e9moignage sur la vente de son rein. Cela a permis le d\u00e9mant\u00e8lement d&#039;un pr\u00e9sum\u00e9 r\u00e9seau de trafic d\u2019organes op\u00e9rant entre Abuja et l\u2019\u00c9tat de Nasarawa par la police nig\u00e9riane \u200eSelon les d\u00e9clarations de la victime, son ami, Emmanuel Odeh,\" \/>\n\t\t<script type=\"application\/ld+json\" class=\"aioseo-schema\">\n\t\t\t{\"@context\":\"https:\\\/\\\/schema.org\",\"@graph\":[{\"@type\":\"BlogPosting\",\"@id\":\"https:\\\/\\\/lepatriotebenin.com\\\/index.php\\\/2026\\\/09\\\/02\\\/apres-la-vente-de-son-rein-au-nigeria-un-homme-accuse-son-ami-descroquerie\\\/#blogposting\",\"name\":\"Apr\\u00e8s la vente de son rein au Nigeria : Un homme accuse son ami d\\u2019escroquerie - Le Patriote\",\"headline\":\"Apr\\u00e8s  la vente de son rein au Nigeria : Un homme accuse son ami d&rsquo;escroquerie\",\"author\":{\"@id\":\"https:\\\/\\\/lepatriotebenin.com#author\"},\"publisher\":{\"@id\":\"https:\\\/\\\/lepatriotebenin.com\\\/#organization\"},\"image\":{\"@type\":\"ImageObject\",\"url\":\"https:\\\/\\\/lepatriotebenin.com\\\/wp-content\\\/uploads\\\/2026\\\/09\\\/nigeria.png\",\"width\":1024,\"height\":1024},\"datePublished\":\"2026-09-02T02:30:24+02:00\",\"dateModified\":\"2026-09-02T02:30:24+02:00\",\"inLanguage\":\"fr-FR\",\"mainEntityOfPage\":{\"@id\":\"https:\\\/\\\/lepatriotebenin.com\\\/index.php\\\/2026\\\/09\\\/02\\\/apres-la-vente-de-son-rein-au-nigeria-un-homme-accuse-son-ami-descroquerie\\\/#webpage\"},\"isPartOf\":{\"@id\":\"https:\\\/\\\/lepatriotebenin.com\\\/index.php\\\/2026\\\/09\\\/02\\\/apres-la-vente-de-son-rein-au-nigeria-un-homme-accuse-son-ami-descroquerie\\\/#webpage\"},\"articleSection\":\"Soci\\u00e9t\\u00e9\"},{\"@type\":\"BreadcrumbList\",\"@id\":\"https:\\\/\\\/lepatriotebenin.com\\\/index.php\\\/2026\\\/09\\\/02\\\/apres-la-vente-de-son-rein-au-nigeria-un-homme-accuse-son-ami-descroquerie\\\/#breadcrumblist\",\"itemListElement\":[{\"@type\":\"ListItem\",\"@id\":\"https:\\\/\\\/lepatriotebenin.com#listItem\",\"position\":1,\"name\":\"Home\",\"item\":\"https:\\\/\\\/lepatriotebenin.com\",\"nextItem\":{\"@type\":\"ListItem\",\"@id\":\"https:\\\/\\\/lepatriotebenin.com\\\/index.php\\\/category\\\/societe\\\/#listItem\",\"name\":\"Soci\\u00e9t\\u00e9\"}},{\"@type\":\"ListItem\",\"@id\":\"https:\\\/\\\/lepatriotebenin.com\\\/index.php\\\/category\\\/societe\\\/#listItem\",\"position\":2,\"name\":\"Soci\\u00e9t\\u00e9\",\"item\":\"https:\\\/\\\/lepatriotebenin.com\\\/index.php\\\/category\\\/societe\\\/\",\"nextItem\":{\"@type\":\"ListItem\",\"@id\":\"https:\\\/\\\/lepatriotebenin.com\\\/index.php\\\/2026\\\/09\\\/02\\\/apres-la-vente-de-son-rein-au-nigeria-un-homme-accuse-son-ami-descroquerie\\\/#listItem\",\"name\":\"Apr\\u00e8s  la vente de son rein au Nigeria : Un homme accuse son ami d&rsquo;escroquerie\"},\"previousItem\":{\"@type\":\"ListItem\",\"@id\":\"https:\\\/\\\/lepatriotebenin.com#listItem\",\"name\":\"Home\"}},{\"@type\":\"ListItem\",\"@id\":\"https:\\\/\\\/lepatriotebenin.com\\\/index.php\\\/2026\\\/09\\\/02\\\/apres-la-vente-de-son-rein-au-nigeria-un-homme-accuse-son-ami-descroquerie\\\/#listItem\",\"position\":3,\"name\":\"Apr\\u00e8s  la vente de son rein au Nigeria : Un homme accuse son ami d&rsquo;escroquerie\",\"previousItem\":{\"@type\":\"ListItem\",\"@id\":\"https:\\\/\\\/lepatriotebenin.com\\\/index.php\\\/category\\\/societe\\\/#listItem\",\"name\":\"Soci\\u00e9t\\u00e9\"}}]},{\"@type\":\"Organization\",\"@id\":\"https:\\\/\\\/lepatriotebenin.com\\\/#organization\",\"name\":\"Le Patriote\",\"description\":\"Le Patriote B\\u00e9nin\",\"url\":\"https:\\\/\\\/lepatriotebenin.com\\\/\"},{\"@type\":\"Person\",\"@id\":\"https:\\\/\\\/lepatriotebenin.com#author\",\"url\":\"https:\\\/\\\/lepatriotebenin.com\",\"name\":\"Redaction\",\"image\":{\"@type\":\"ImageObject\",\"@id\":\"https:\\\/\\\/lepatriotebenin.com\\\/index.php\\\/2026\\\/09\\\/02\\\/apres-la-vente-de-son-rein-au-nigeria-un-homme-accuse-son-ami-descroquerie\\\/#authorImage\",\"url\":\"https:\\\/\\\/secure.gravatar.com\\\/avatar\\\/c4c509357859ea2ca2cbb6d8812898a73e4ef1ef9934c2e591d7e32face734d1?s=96&d=mm&r=g\",\"width\":96,\"height\":96,\"caption\":\"Redaction\"}},{\"@type\":\"WebPage\",\"@id\":\"https:\\\/\\\/lepatriotebenin.com\\\/index.php\\\/2026\\\/09\\\/02\\\/apres-la-vente-de-son-rein-au-nigeria-un-homme-accuse-son-ami-descroquerie\\\/#webpage\",\"url\":\"https:\\\/\\\/lepatriotebenin.com\\\/index.php\\\/2026\\\/09\\\/02\\\/apres-la-vente-de-son-rein-au-nigeria-un-homme-accuse-son-ami-descroquerie\\\/\",\"name\":\"Apr\\u00e8s la vente de son rein au Nigeria : Un homme accuse son ami d\\u2019escroquerie - Le Patriote\",\"description\":\"Lors d\\u2019une parade de suspects vendredi 29 ao\\u00fbt 2026, une victime, Samuel Ezekiel, a livr\\u00e9 un t\\u00e9moignage sur la vente de son rein. Cela a permis le d\\u00e9mant\\u00e8lement d'un pr\\u00e9sum\\u00e9 r\\u00e9seau de trafic d\\u2019organes op\\u00e9rant entre Abuja et l\\u2019\\u00c9tat de Nasarawa par la police nig\\u00e9riane \\u200eSelon les d\\u00e9clarations de la victime, son ami, Emmanuel Odeh,\",\"inLanguage\":\"fr-FR\",\"isPartOf\":{\"@id\":\"https:\\\/\\\/lepatriotebenin.com\\\/#website\"},\"breadcrumb\":{\"@id\":\"https:\\\/\\\/lepatriotebenin.com\\\/index.php\\\/2026\\\/09\\\/02\\\/apres-la-vente-de-son-rein-au-nigeria-un-homme-accuse-son-ami-descroquerie\\\/#breadcrumblist\"},\"author\":{\"@id\":\"https:\\\/\\\/lepatriotebenin.com#author\"},\"creator\":{\"@id\":\"https:\\\/\\\/lepatriotebenin.com#author\"},\"image\":{\"@type\":\"ImageObject\",\"url\":\"https:\\\/\\\/lepatriotebenin.com\\\/wp-content\\\/uploads\\\/2026\\\/09\\\/nigeria.png\",\"@id\":\"https:\\\/\\\/lepatriotebenin.com\\\/index.php\\\/2026\\\/09\\\/02\\\/apres-la-vente-de-son-rein-au-nigeria-un-homme-accuse-son-ami-descroquerie\\\/#mainImage\",\"width\":1024,\"height\":1024},\"primaryImageOfPage\":{\"@id\":\"https:\\\/\\\/lepatriotebenin.com\\\/index.php\\\/2026\\\/09\\\/02\\\/apres-la-vente-de-son-rein-au-nigeria-un-homme-accuse-son-ami-descroquerie\\\/#mainImage\"},\"datePublished\":\"2026-09-02T02:30:24+02:00\",\"dateModified\":\"2026-09-02T02:30:24+02:00\"},{\"@type\":\"WebSite\",\"@id\":\"https:\\\/\\\/lepatriotebenin.com\\\/#website\",\"url\":\"https:\\\/\\\/lepatriotebenin.com\\\/\",\"name\":\"Le Patriote\",\"description\":\"Le Patriote B\\u00e9nin\",\"inLanguage\":\"fr-FR\",\"publisher\":{\"@id\":\"https:\\\/\\\/lepatriotebenin.com\\\/#organization\"}}]}\n\t\t<\/script>\n\t\t<!-- All in One SEO -->\n\n","aioseo_head_json":{"title":"Apr\u00e8s la vente de son rein au Nigeria : Un homme accuse son ami d\u2019escroquerie - Le Patriote","description":"Lors d\u2019une parade de suspects vendredi 29 ao\u00fbt 2026, une victime, Samuel Ezekiel, a livr\u00e9 un t\u00e9moignage sur la vente de son rein. Cela a permis le d\u00e9mant\u00e8lement d'un pr\u00e9sum\u00e9 r\u00e9seau de trafic d\u2019organes op\u00e9rant entre Abuja et l\u2019\u00c9tat de Nasarawa par la police nig\u00e9riane \u200eSelon les d\u00e9clarations de la victime, son ami, Emmanuel Odeh,","canonical_url":"https:\/\/lepatriotebenin.com\/index.php\/2026\/09\/02\/apres-la-vente-de-son-rein-au-nigeria-un-homme-accuse-son-ami-descroquerie\/","robots":"max-image-preview:large","keywords":"","webmasterTools":{"miscellaneous":""},"schema":{"@context":"https:\/\/schema.org","@graph":[{"@type":"BlogPosting","@id":"https:\/\/lepatriotebenin.com\/index.php\/2026\/09\/02\/apres-la-vente-de-son-rein-au-nigeria-un-homme-accuse-son-ami-descroquerie\/#blogposting","name":"Apr\u00e8s la vente de son rein au Nigeria : Un homme accuse son ami d\u2019escroquerie - Le Patriote","headline":"Apr\u00e8s  la vente de son rein au Nigeria : Un homme accuse son ami d&rsquo;escroquerie","author":{"@id":"https:\/\/lepatriotebenin.com#author"},"publisher":{"@id":"https:\/\/lepatriotebenin.com\/#organization"},"image":{"@type":"ImageObject","url":"https:\/\/lepatriotebenin.com\/wp-content\/uploads\/2026\/09\/nigeria.png","width":1024,"height":1024},"datePublished":"2026-09-02T02:30:24+02:00","dateModified":"2026-09-02T02:30:24+02:00","inLanguage":"fr-FR","mainEntityOfPage":{"@id":"https:\/\/lepatriotebenin.com\/index.php\/2026\/09\/02\/apres-la-vente-de-son-rein-au-nigeria-un-homme-accuse-son-ami-descroquerie\/#webpage"},"isPartOf":{"@id":"https:\/\/lepatriotebenin.com\/index.php\/2026\/09\/02\/apres-la-vente-de-son-rein-au-nigeria-un-homme-accuse-son-ami-descroquerie\/#webpage"},"articleSection":"Soci\u00e9t\u00e9"},{"@type":"BreadcrumbList","@id":"https:\/\/lepatriotebenin.com\/index.php\/2026\/09\/02\/apres-la-vente-de-son-rein-au-nigeria-un-homme-accuse-son-ami-descroquerie\/#breadcrumblist","itemListElement":[{"@type":"ListItem","@id":"https:\/\/lepatriotebenin.com#listItem","position":1,"name":"Home","item":"https:\/\/lepatriotebenin.com","nextItem":{"@type":"ListItem","@id":"https:\/\/lepatriotebenin.com\/index.php\/category\/societe\/#listItem","name":"Soci\u00e9t\u00e9"}},{"@type":"ListItem","@id":"https:\/\/lepatriotebenin.com\/index.php\/category\/societe\/#listItem","position":2,"name":"Soci\u00e9t\u00e9","item":"https:\/\/lepatriotebenin.com\/index.php\/category\/societe\/","nextItem":{"@type":"ListItem","@id":"https:\/\/lepatriotebenin.com\/index.php\/2026\/09\/02\/apres-la-vente-de-son-rein-au-nigeria-un-homme-accuse-son-ami-descroquerie\/#listItem","name":"Apr\u00e8s  la vente de son rein au Nigeria : Un homme accuse son ami d&rsquo;escroquerie"},"previousItem":{"@type":"ListItem","@id":"https:\/\/lepatriotebenin.com#listItem","name":"Home"}},{"@type":"ListItem","@id":"https:\/\/lepatriotebenin.com\/index.php\/2026\/09\/02\/apres-la-vente-de-son-rein-au-nigeria-un-homme-accuse-son-ami-descroquerie\/#listItem","position":3,"name":"Apr\u00e8s  la vente de son rein au Nigeria : Un homme accuse son ami d&rsquo;escroquerie","previousItem":{"@type":"ListItem","@id":"https:\/\/lepatriotebenin.com\/index.php\/category\/societe\/#listItem","name":"Soci\u00e9t\u00e9"}}]},{"@type":"Organization","@id":"https:\/\/lepatriotebenin.com\/#organization","name":"Le Patriote","description":"Le Patriote B\u00e9nin","url":"https:\/\/lepatriotebenin.com\/"},{"@type":"Person","@id":"https:\/\/lepatriotebenin.com#author","url":"https:\/\/lepatriotebenin.com","name":"Redaction","image":{"@type":"ImageObject","@id":"https:\/\/lepatriotebenin.com\/index.php\/2026\/09\/02\/apres-la-vente-de-son-rein-au-nigeria-un-homme-accuse-son-ami-descroquerie\/#authorImage","url":"https:\/\/secure.gravatar.com\/avatar\/c4c509357859ea2ca2cbb6d8812898a73e4ef1ef9934c2e591d7e32face734d1?s=96&d=mm&r=g","width":96,"height":96,"caption":"Redaction"}},{"@type":"WebPage","@id":"https:\/\/lepatriotebenin.com\/index.php\/2026\/09\/02\/apres-la-vente-de-son-rein-au-nigeria-un-homme-accuse-son-ami-descroquerie\/#webpage","url":"https:\/\/lepatriotebenin.com\/index.php\/2026\/09\/02\/apres-la-vente-de-son-rein-au-nigeria-un-homme-accuse-son-ami-descroquerie\/","name":"Apr\u00e8s la vente de son rein au Nigeria : Un homme accuse son ami d\u2019escroquerie - Le Patriote","description":"Lors d\u2019une parade de suspects vendredi 29 ao\u00fbt 2026, une victime, Samuel Ezekiel, a livr\u00e9 un t\u00e9moignage sur la vente de son rein. Cela a permis le d\u00e9mant\u00e8lement d'un pr\u00e9sum\u00e9 r\u00e9seau de trafic d\u2019organes op\u00e9rant entre Abuja et l\u2019\u00c9tat de Nasarawa par la police nig\u00e9riane \u200eSelon les d\u00e9clarations de la victime, son ami, Emmanuel Odeh,","inLanguage":"fr-FR","isPartOf":{"@id":"https:\/\/lepatriotebenin.com\/#website"},"breadcrumb":{"@id":"https:\/\/lepatriotebenin.com\/index.php\/2026\/09\/02\/apres-la-vente-de-son-rein-au-nigeria-un-homme-accuse-son-ami-descroquerie\/#breadcrumblist"},"author":{"@id":"https:\/\/lepatriotebenin.com#author"},"creator":{"@id":"https:\/\/lepatriotebenin.com#author"},"image":{"@type":"ImageObject","url":"https:\/\/lepatriotebenin.com\/wp-content\/uploads\/2026\/09\/nigeria.png","@id":"https:\/\/lepatriotebenin.com\/index.php\/2026\/09\/02\/apres-la-vente-de-son-rein-au-nigeria-un-homme-accuse-son-ami-descroquerie\/#mainImage","width":1024,"height":1024},"primaryImageOfPage":{"@id":"https:\/\/lepatriotebenin.com\/index.php\/2026\/09\/02\/apres-la-vente-de-son-rein-au-nigeria-un-homme-accuse-son-ami-descroquerie\/#mainImage"},"datePublished":"2026-09-02T02:30:24+02:00","dateModified":"2026-09-02T02:30:24+02:00"},{"@type":"WebSite","@id":"https:\/\/lepatriotebenin.com\/#website","url":"https:\/\/lepatriotebenin.com\/","name":"Le Patriote","description":"Le Patriote B\u00e9nin","inLanguage":"fr-FR","publisher":{"@id":"https:\/\/lepatriotebenin.com\/#organization"}}]},"og:locale":"fr_FR","og:site_name":"Le Patriote - Le Patriote B\u00e9nin","og:type":"article","og:title":"Apr\u00e8s la vente de son rein au Nigeria : Un homme accuse son ami d\u2019escroquerie - Le Patriote","og:description":"Lors d\u2019une parade de suspects vendredi 29 ao\u00fbt 2026, une victime, Samuel Ezekiel, a livr\u00e9 un t\u00e9moignage sur la vente de son rein. Cela a permis le d\u00e9mant\u00e8lement d'un pr\u00e9sum\u00e9 r\u00e9seau de trafic d\u2019organes op\u00e9rant entre Abuja et l\u2019\u00c9tat de Nasarawa par la police nig\u00e9riane \u200eSelon les d\u00e9clarations de la victime, son ami, Emmanuel Odeh,","og:url":"https:\/\/lepatriotebenin.com\/index.php\/2026\/09\/02\/apres-la-vente-de-son-rein-au-nigeria-un-homme-accuse-son-ami-descroquerie\/","article:published_time":"2026-09-02T00:30:24+00:00","article:modified_time":"2026-09-02T00:30:24+00:00","twitter:card":"summary_large_image","twitter:title":"Apr\u00e8s la vente de son rein au Nigeria : Un homme accuse son ami d\u2019escroquerie - Le Patriote","twitter:description":"Lors d\u2019une parade de suspects vendredi 29 ao\u00fbt 2026, une victime, Samuel Ezekiel, a livr\u00e9 un t\u00e9moignage sur la vente de son rein. Cela a permis le d\u00e9mant\u00e8lement d'un pr\u00e9sum\u00e9 r\u00e9seau de trafic d\u2019organes op\u00e9rant entre Abuja et l\u2019\u00c9tat de Nasarawa par la police nig\u00e9riane \u200eSelon les d\u00e9clarations de la victime, son ami, Emmanuel Odeh,"},"aioseo_meta_data":{"post_id":"23484","title":null,"description":null,"keywords":null,"keyphrases":{"focus":{"keyphrase":"","score":0,"analysis":{"keyphraseInTitle":{"score":0,"maxScore":9,"error":1}}},"additional":[]},"primary_term":null,"canonical_url":null,"og_title":null,"og_description":null,"og_object_type":"default","og_image_type":"default","og_image_url":null,"og_image_width":null,"og_image_height":null,"og_image_custom_url":null,"og_image_custom_fields":null,"og_video":"","og_custom_url":null,"og_article_section":null,"og_article_tags":null,"twitter_use_og":false,"twitter_card":"default","twitter_image_type":"default","twitter_image_url":null,"twitter_image_custom_url":null,"twitter_image_custom_fields":null,"twitter_title":null,"twitter_description":null,"schema":{"blockGraphs":[],"customGraphs":[],"default":{"data":{"Article":[],"Course":[],"Dataset":[],"FAQPage":[],"Movie":[],"Person":[],"Product":[],"ProductReview":[],"Car":[],"Recipe":[],"Service":[],"SoftwareApplication":[],"WebPage":[]},"graphName":"BlogPosting","isEnabled":true},"graphs":[]},"schema_type":"default","schema_type_options":null,"pillar_content":false,"robots_default":true,"robots_noindex":false,"robots_noarchive":false,"robots_nosnippet":false,"robots_nofollow":false,"robots_noimageindex":false,"robots_noodp":false,"robots_notranslate":false,"robots_max_snippet":"-1","robots_max_videopreview":"-1","robots_max_imagepreview":"large","priority":null,"frequency":"default","local_seo":null,"breadcrumb_settings":null,"limit_modified_date":false,"ai":{"faqs":[],"keyPoints":[],"schemas":[],"titles":[],"descriptions":[],"socialPosts":{"email":{"subject":"","preview":"","content":""},"linkedin":[],"twitter":[],"facebook":[],"instagram":[]}},"created":"2026-09-02 00:30:24","updated":"2026-09-02 01:09:43","seo_analyzer_scan_date":null,"focus_keyword":null,"additional_keywords":null,"truseo_locale":null},"aioseo_breadcrumb":"<div class=\"aioseo-breadcrumbs\"><span class=\"aioseo-breadcrumb\">\n\t\t\t<a href=\"https:\/\/lepatriotebenin.com\" title=\"Home\">Home<\/a>\n\t\t<\/span><span class=\"aioseo-breadcrumb-separator\">&raquo;<\/span><span class=\"aioseo-breadcrumb\">\n\t\t\t<a href=\"https:\/\/lepatriotebenin.com\/index.php\/category\/societe\/\" title=\"Soci\u00e9t\u00e9\">Soci\u00e9t\u00e9<\/a>\n\t\t<\/span><span class=\"aioseo-breadcrumb-separator\">&raquo;<\/span><span class=\"aioseo-breadcrumb\">\n\t\t\tApr\u00e8s  la vente de son rein au Nigeria : Un homme accuse son ami d\u2019escroquerie\n\t\t<\/span><\/div>","aioseo_breadcrumb_json":[{"label":"Home","link":"https:\/\/lepatriotebenin.com"},{"label":"Soci\u00e9t\u00e9","link":"https:\/\/lepatriotebenin.com\/index.php\/category\/societe\/"},{"label":"Apr\u00e8s  la vente de son rein au Nigeria : Un homme accuse son ami d&rsquo;escroquerie","link":"https:\/\/lepatriotebenin.com\/index.php\/2026\/09\/02\/apres-la-vente-de-son-rein-au-nigeria-un-homme-accuse-son-ami-descroquerie\/"}],"yoast_head":"<!-- This site is optimized with the Yoast SEO plugin v28.4 - https:\/\/yoast.com\/product\/yoast-seo-wordpress\/ -->\n<title>Apr\u00e8s la vente de son rein au Nigeria : Un homme accuse son ami d&#039;escroquerie - Le Patriote<\/title>\n<meta name=\"robots\" content=\"index, follow, max-snippet:-1, max-image-preview:large, max-video-preview:-1\" \/>\n<link rel=\"canonical\" href=\"https:\/\/lepatriotebenin.com\/index.php\/2026\/09\/02\/apres-la-vente-de-son-rein-au-nigeria-un-homme-accuse-son-ami-descroquerie\/\" \/>\n<meta property=\"og:locale\" content=\"fr_FR\" \/>\n<meta property=\"og:type\" content=\"article\" \/>\n<meta property=\"og:title\" content=\"Apr\u00e8s la vente de son rein au Nigeria : Un homme accuse son ami d&#039;escroquerie - Le Patriote\" \/>\n<meta property=\"og:description\" content=\"Lors d\u2019une parade de suspects vendredi 29 ao\u00fbt 2026, une victime, Samuel Ezekiel, a livr\u00e9 un t\u00e9moignage sur la vente de son rein. Cela a permis le d\u00e9mant\u00e8lement d&rsquo;un pr\u00e9sum\u00e9&hellip;\" \/>\n<meta property=\"og:url\" content=\"https:\/\/lepatriotebenin.com\/index.php\/2026\/09\/02\/apres-la-vente-de-son-rein-au-nigeria-un-homme-accuse-son-ami-descroquerie\/\" \/>\n<meta property=\"og:site_name\" content=\"Le Patriote\" \/>\n<meta property=\"article:published_time\" content=\"2026-09-02T00:30:24+00:00\" \/>\n<meta property=\"og:image\" content=\"https:\/\/lepatriotebenin.com\/wp-content\/uploads\/2026\/09\/nigeria.png\" \/>\n\t<meta property=\"og:image:width\" content=\"1024\" \/>\n\t<meta property=\"og:image:height\" content=\"1024\" \/>\n\t<meta property=\"og:image:type\" content=\"image\/png\" \/>\n<meta name=\"author\" content=\"Redaction\" \/>\n<meta name=\"twitter:card\" content=\"summary_large_image\" \/>\n<meta name=\"twitter:label1\" content=\"\u00c9crit par\" \/>\n\t<meta name=\"twitter:data1\" content=\"Redaction\" \/>\n\t<meta name=\"twitter:label2\" content=\"Dur\u00e9e de lecture estim\u00e9e\" \/>\n\t<meta name=\"twitter:data2\" content=\"2 minutes\" \/>\n<script type=\"application\/ld+json\" class=\"yoast-schema-graph\">{\"@context\":\"https:\\\/\\\/schema.org\",\"@graph\":[{\"@type\":\"Article\",\"@id\":\"https:\\\/\\\/lepatriotebenin.com\\\/index.php\\\/2026\\\/09\\\/02\\\/apres-la-vente-de-son-rein-au-nigeria-un-homme-accuse-son-ami-descroquerie\\\/#article\",\"isPartOf\":{\"@id\":\"https:\\\/\\\/lepatriotebenin.com\\\/index.php\\\/2026\\\/09\\\/02\\\/apres-la-vente-de-son-rein-au-nigeria-un-homme-accuse-son-ami-descroquerie\\\/\"},\"author\":{\"name\":\"Redaction\",\"@id\":\"https:\\\/\\\/lepatriotebenin.com\\\/#\\\/schema\\\/person\\\/2e7709b9c9cc313e452d1136af61690f\"},\"headline\":\"Apr\u00e8s la vente de son rein au Nigeria : Un homme accuse son ami d&rsquo;escroquerie\",\"datePublished\":\"2026-09-02T00:30:24+00:00\",\"mainEntityOfPage\":{\"@id\":\"https:\\\/\\\/lepatriotebenin.com\\\/index.php\\\/2026\\\/09\\\/02\\\/apres-la-vente-de-son-rein-au-nigeria-un-homme-accuse-son-ami-descroquerie\\\/\"},\"wordCount\":324,\"commentCount\":0,\"image\":{\"@id\":\"https:\\\/\\\/lepatriotebenin.com\\\/index.php\\\/2026\\\/09\\\/02\\\/apres-la-vente-de-son-rein-au-nigeria-un-homme-accuse-son-ami-descroquerie\\\/#primaryimage\"},\"thumbnailUrl\":\"https:\\\/\\\/lepatriotebenin.com\\\/wp-content\\\/uploads\\\/2026\\\/09\\\/nigeria.png\",\"articleSection\":[\"Soci\u00e9t\u00e9\"],\"inLanguage\":\"fr-FR\",\"potentialAction\":[{\"@type\":\"CommentAction\",\"name\":\"Comment\",\"target\":[\"https:\\\/\\\/lepatriotebenin.com\\\/index.php\\\/2026\\\/09\\\/02\\\/apres-la-vente-de-son-rein-au-nigeria-un-homme-accuse-son-ami-descroquerie\\\/#respond\"]}]},{\"@type\":\"WebPage\",\"@id\":\"https:\\\/\\\/lepatriotebenin.com\\\/index.php\\\/2026\\\/09\\\/02\\\/apres-la-vente-de-son-rein-au-nigeria-un-homme-accuse-son-ami-descroquerie\\\/\",\"url\":\"https:\\\/\\\/lepatriotebenin.com\\\/index.php\\\/2026\\\/09\\\/02\\\/apres-la-vente-de-son-rein-au-nigeria-un-homme-accuse-son-ami-descroquerie\\\/\",\"name\":\"Apr\u00e8s la vente de son rein au Nigeria : Un homme accuse son ami d'escroquerie - Le Patriote\",\"isPartOf\":{\"@id\":\"https:\\\/\\\/lepatriotebenin.com\\\/#website\"},\"primaryImageOfPage\":{\"@id\":\"https:\\\/\\\/lepatriotebenin.com\\\/index.php\\\/2026\\\/09\\\/02\\\/apres-la-vente-de-son-rein-au-nigeria-un-homme-accuse-son-ami-descroquerie\\\/#primaryimage\"},\"image\":{\"@id\":\"https:\\\/\\\/lepatriotebenin.com\\\/index.php\\\/2026\\\/09\\\/02\\\/apres-la-vente-de-son-rein-au-nigeria-un-homme-accuse-son-ami-descroquerie\\\/#primaryimage\"},\"thumbnailUrl\":\"https:\\\/\\\/lepatriotebenin.com\\\/wp-content\\\/uploads\\\/2026\\\/09\\\/nigeria.png\",\"datePublished\":\"2026-09-02T00:30:24+00:00\",\"author\":{\"@id\":\"https:\\\/\\\/lepatriotebenin.com\\\/#\\\/schema\\\/person\\\/2e7709b9c9cc313e452d1136af61690f\"},\"breadcrumb\":{\"@id\":\"https:\\\/\\\/lepatriotebenin.com\\\/index.php\\\/2026\\\/09\\\/02\\\/apres-la-vente-de-son-rein-au-nigeria-un-homme-accuse-son-ami-descroquerie\\\/#breadcrumb\"},\"inLanguage\":\"fr-FR\",\"potentialAction\":[{\"@type\":\"ReadAction\",\"target\":[\"https:\\\/\\\/lepatriotebenin.com\\\/index.php\\\/2026\\\/09\\\/02\\\/apres-la-vente-de-son-rein-au-nigeria-un-homme-accuse-son-ami-descroquerie\\\/\"]}]},{\"@type\":\"ImageObject\",\"inLanguage\":\"fr-FR\",\"@id\":\"https:\\\/\\\/lepatriotebenin.com\\\/index.php\\\/2026\\\/09\\\/02\\\/apres-la-vente-de-son-rein-au-nigeria-un-homme-accuse-son-ami-descroquerie\\\/#primaryimage\",\"url\":\"https:\\\/\\\/lepatriotebenin.com\\\/wp-content\\\/uploads\\\/2026\\\/09\\\/nigeria.png\",\"contentUrl\":\"https:\\\/\\\/lepatriotebenin.com\\\/wp-content\\\/uploads\\\/2026\\\/09\\\/nigeria.png\",\"width\":1024,\"height\":1024},{\"@type\":\"BreadcrumbList\",\"@id\":\"https:\\\/\\\/lepatriotebenin.com\\\/index.php\\\/2026\\\/09\\\/02\\\/apres-la-vente-de-son-rein-au-nigeria-un-homme-accuse-son-ami-descroquerie\\\/#breadcrumb\",\"itemListElement\":[{\"@type\":\"ListItem\",\"position\":1,\"name\":\"Accueil\",\"item\":\"https:\\\/\\\/lepatriotebenin.com\\\/\"},{\"@type\":\"ListItem\",\"position\":2,\"name\":\"Apr\u00e8s la vente de son rein au Nigeria : Un homme accuse son ami d&rsquo;escroquerie\"}]},{\"@type\":\"WebSite\",\"@id\":\"https:\\\/\\\/lepatriotebenin.com\\\/#website\",\"url\":\"https:\\\/\\\/lepatriotebenin.com\\\/\",\"name\":\"Le Patriote\",\"description\":\"Le Patriote B\u00e9nin\",\"potentialAction\":[{\"@type\":\"SearchAction\",\"target\":{\"@type\":\"EntryPoint\",\"urlTemplate\":\"https:\\\/\\\/lepatriotebenin.com\\\/?s={search_term_string}\"},\"query-input\":{\"@type\":\"PropertyValueSpecification\",\"valueRequired\":true,\"valueName\":\"search_term_string\"}}],\"inLanguage\":\"fr-FR\"},{\"@type\":\"Person\",\"@id\":\"https:\\\/\\\/lepatriotebenin.com\\\/#\\\/schema\\\/person\\\/2e7709b9c9cc313e452d1136af61690f\",\"name\":\"Redaction\",\"image\":{\"@type\":\"ImageObject\",\"inLanguage\":\"fr-FR\",\"@id\":\"https:\\\/\\\/secure.gravatar.com\\\/avatar\\\/c4c509357859ea2ca2cbb6d8812898a73e4ef1ef9934c2e591d7e32face734d1?s=96&d=mm&r=g\",\"url\":\"https:\\\/\\\/secure.gravatar.com\\\/avatar\\\/c4c509357859ea2ca2cbb6d8812898a73e4ef1ef9934c2e591d7e32face734d1?s=96&d=mm&r=g\",\"contentUrl\":\"https:\\\/\\\/secure.gravatar.com\\\/avatar\\\/c4c509357859ea2ca2cbb6d8812898a73e4ef1ef9934c2e591d7e32face734d1?s=96&d=mm&r=g\",\"caption\":\"Redaction\"},\"url\":\"https:\\\/\\\/lepatriotebenin.com\"}]}<\/script>\n<!-- \/ Yoast SEO plugin. -->","yoast_head_json":{"title":"Apr\u00e8s la vente de son rein au Nigeria : Un homme accuse son ami d'escroquerie - Le Patriote","robots":{"index":"index","follow":"follow","max-snippet":"max-snippet:-1","max-image-preview":"max-image-preview:large","max-video-preview":"max-video-preview:-1"},"canonical":"https:\/\/lepatriotebenin.com\/index.php\/2026\/09\/02\/apres-la-vente-de-son-rein-au-nigeria-un-homme-accuse-son-ami-descroquerie\/","og_locale":"fr_FR","og_type":"article","og_title":"Apr\u00e8s la vente de son rein au Nigeria : Un homme accuse son ami d'escroquerie - Le Patriote","og_description":"Lors d\u2019une parade de suspects vendredi 29 ao\u00fbt 2026, une victime, Samuel Ezekiel, a livr\u00e9 un t\u00e9moignage sur la vente de son rein. Cela a permis le d\u00e9mant\u00e8lement d&rsquo;un pr\u00e9sum\u00e9&hellip;","og_url":"https:\/\/lepatriotebenin.com\/index.php\/2026\/09\/02\/apres-la-vente-de-son-rein-au-nigeria-un-homme-accuse-son-ami-descroquerie\/","og_site_name":"Le Patriote","article_published_time":"2026-09-02T00:30:24+00:00","og_image":[{"width":1024,"height":1024,"url":"https:\/\/lepatriotebenin.com\/wp-content\/uploads\/2026\/09\/nigeria.png","type":"image\/png"}],"author":"Redaction","twitter_card":"summary_large_image","twitter_misc":{"\u00c9crit par":"Redaction","Dur\u00e9e de lecture estim\u00e9e":"2 minutes"},"schema":{"@context":"https:\/\/schema.org","@graph":[{"@type":"Article","@id":"https:\/\/lepatriotebenin.com\/index.php\/2026\/09\/02\/apres-la-vente-de-son-rein-au-nigeria-un-homme-accuse-son-ami-descroquerie\/#article","isPartOf":{"@id":"https:\/\/lepatriotebenin.com\/index.php\/2026\/09\/02\/apres-la-vente-de-son-rein-au-nigeria-un-homme-accuse-son-ami-descroquerie\/"},"author":{"name":"Redaction","@id":"https:\/\/lepatriotebenin.com\/#\/schema\/person\/2e7709b9c9cc313e452d1136af61690f"},"headline":"Apr\u00e8s la vente de son rein au Nigeria : Un homme accuse son ami d&rsquo;escroquerie","datePublished":"2026-09-02T00:30:24+00:00","mainEntityOfPage":{"@id":"https:\/\/lepatriotebenin.com\/index.php\/2026\/09\/02\/apres-la-vente-de-son-rein-au-nigeria-un-homme-accuse-son-ami-descroquerie\/"},"wordCount":324,"commentCount":0,"image":{"@id":"https:\/\/lepatriotebenin.com\/index.php\/2026\/09\/02\/apres-la-vente-de-son-rein-au-nigeria-un-homme-accuse-son-ami-descroquerie\/#primaryimage"},"thumbnailUrl":"https:\/\/lepatriotebenin.com\/wp-content\/uploads\/2026\/09\/nigeria.png","articleSection":["Soci\u00e9t\u00e9"],"inLanguage":"fr-FR","potentialAction":[{"@type":"CommentAction","name":"Comment","target":["https:\/\/lepatriotebenin.com\/index.php\/2026\/09\/02\/apres-la-vente-de-son-rein-au-nigeria-un-homme-accuse-son-ami-descroquerie\/#respond"]}]},{"@type":"WebPage","@id":"https:\/\/lepatriotebenin.com\/index.php\/2026\/09\/02\/apres-la-vente-de-son-rein-au-nigeria-un-homme-accuse-son-ami-descroquerie\/","url":"https:\/\/lepatriotebenin.com\/index.php\/2026\/09\/02\/apres-la-vente-de-son-rein-au-nigeria-un-homme-accuse-son-ami-descroquerie\/","name":"Apr\u00e8s la vente de son rein au Nigeria : Un homme accuse son ami d'escroquerie - Le Patriote","isPartOf":{"@id":"https:\/\/lepatriotebenin.com\/#website"},"primaryImageOfPage":{"@id":"https:\/\/lepatriotebenin.com\/index.php\/2026\/09\/02\/apres-la-vente-de-son-rein-au-nigeria-un-homme-accuse-son-ami-descroquerie\/#primaryimage"},"image":{"@id":"https:\/\/lepatriotebenin.com\/index.php\/2026\/09\/02\/apres-la-vente-de-son-rein-au-nigeria-un-homme-accuse-son-ami-descroquerie\/#primaryimage"},"thumbnailUrl":"https:\/\/lepatriotebenin.com\/wp-content\/uploads\/2026\/09\/nigeria.png","datePublished":"2026-09-02T00:30:24+00:00","author":{"@id":"https:\/\/lepatriotebenin.com\/#\/schema\/person\/2e7709b9c9cc313e452d1136af61690f"},"breadcrumb":{"@id":"https:\/\/lepatriotebenin.com\/index.php\/2026\/09\/02\/apres-la-vente-de-son-rein-au-nigeria-un-homme-accuse-son-ami-descroquerie\/#breadcrumb"},"inLanguage":"fr-FR","potentialAction":[{"@type":"ReadAction","target":["https:\/\/lepatriotebenin.com\/index.php\/2026\/09\/02\/apres-la-vente-de-son-rein-au-nigeria-un-homme-accuse-son-ami-descroquerie\/"]}]},{"@type":"ImageObject","inLanguage":"fr-FR","@id":"https:\/\/lepatriotebenin.com\/index.php\/2026\/09\/02\/apres-la-vente-de-son-rein-au-nigeria-un-homme-accuse-son-ami-descroquerie\/#primaryimage","url":"https:\/\/lepatriotebenin.com\/wp-content\/uploads\/2026\/09\/nigeria.png","contentUrl":"https:\/\/lepatriotebenin.com\/wp-content\/uploads\/2026\/09\/nigeria.png","width":1024,"height":1024},{"@type":"BreadcrumbList","@id":"https:\/\/lepatriotebenin.com\/index.php\/2026\/09\/02\/apres-la-vente-de-son-rein-au-nigeria-un-homme-accuse-son-ami-descroquerie\/#breadcrumb","itemListElement":[{"@type":"ListItem","position":1,"name":"Accueil","item":"https:\/\/lepatriotebenin.com\/"},{"@type":"ListItem","position":2,"name":"Apr\u00e8s la vente de son rein au Nigeria : Un homme accuse son ami d&rsquo;escroquerie"}]},{"@type":"WebSite","@id":"https:\/\/lepatriotebenin.com\/#website","url":"https:\/\/lepatriotebenin.com\/","name":"Le Patriote","description":"Le Patriote B\u00e9nin","potentialAction":[{"@type":"SearchAction","target":{"@type":"EntryPoint","urlTemplate":"https:\/\/lepatriotebenin.com\/?s={search_term_string}"},"query-input":{"@type":"PropertyValueSpecification","valueRequired":true,"valueName":"search_term_string"}}],"inLanguage":"fr-FR"},{"@type":"Person","@id":"https:\/\/lepatriotebenin.com\/#\/schema\/person\/2e7709b9c9cc313e452d1136af61690f","name":"Redaction","image":{"@type":"ImageObject","inLanguage":"fr-FR","@id":"https:\/\/secure.gravatar.com\/avatar\/c4c509357859ea2ca2cbb6d8812898a73e4ef1ef9934c2e591d7e32face734d1?s=96&d=mm&r=g","url":"https:\/\/secure.gravatar.com\/avatar\/c4c509357859ea2ca2cbb6d8812898a73e4ef1ef9934c2e591d7e32face734d1?s=96&d=mm&r=g","contentUrl":"https:\/\/secure.gravatar.com\/avatar\/c4c509357859ea2ca2cbb6d8812898a73e4ef1ef9934c2e591d7e32face734d1?s=96&d=mm&r=g","caption":"Redaction"},"url":"https:\/\/lepatriotebenin.com"}]}},"_links":{"self":[{"href":"https:\/\/lepatriotebenin.com\/index.php\/wp-json\/wp\/v2\/posts\/23484","targetHints":{"allow":["GET"]}}],"collection":[{"href":"https:\/\/lepatriotebenin.com\/index.php\/wp-json\/wp\/v2\/posts"}],"about":[{"href":"https:\/\/lepatriotebenin.com\/index.php\/wp-json\/wp\/v2\/types\/post"}],"author":[{"embeddable":true,"href":"https:\/\/lepatriotebenin.com\/index.php\/wp-json\/wp\/v2\/users\/5"}],"replies":[{"embeddable":true,"href":"https:\/\/lepatriotebenin.com\/index.php\/wp-json\/wp\/v2\/comments?post=23484"}],"version-history":[{"count":1,"href":"https:\/\/lepatriotebenin.com\/index.php\/wp-json\/wp\/v2\/posts\/23484\/revisions"}],"predecessor-version":[{"id":23486,"href":"https:\/\/lepatriotebenin.com\/index.php\/wp-json\/wp\/v2\/posts\/23484\/revisions\/23486"}],"wp:featuredmedia":[{"embeddable":true,"href":"https:\/\/lepatriotebenin.com\/index.php\/wp-json\/wp\/v2\/media\/23485"}],"wp:attachment":[{"href":"https:\/\/lepatriotebenin.com\/index.php\/wp-json\/wp\/v2\/media?parent=23484"}],"wp:term":[{"taxonomy":"category","embeddable":true,"href":"https:\/\/lepatriotebenin.com\/index.php\/wp-json\/wp\/v2\/categories?post=23484"},{"taxonomy":"post_tag","embeddable":true,"href":"https:\/\/lepatriotebenin.com\/index.php\/wp-json\/wp\/v2\/tags?post=23484"}],"curies":[{"name":"wp","href":"https:\/\/api.w.org\/{rel}","templated":true}]}}