{"id":23478,"date":"2026-09-02T02:08:05","date_gmt":"2026-09-02T00:08:05","guid":{"rendered":"https:\/\/lepatriotebenin.com\/?p=23478"},"modified":"2026-09-02T02:08:05","modified_gmt":"2026-09-02T00:08:05","slug":"fin-des-matchs-de-preparation-les-amazones-u20-pretes-pour-le-defi-du-mondial-en-pologne","status":"publish","type":"post","link":"https:\/\/lepatriotebenin.com\/index.php\/2026\/09\/02\/fin-des-matchs-de-preparation-les-amazones-u20-pretes-pour-le-defi-du-mondial-en-pologne\/","title":{"rendered":"Fin des matchs de pr\u00e9paration : les Amazones U20 pr\u00eates pour le d\u00e9fi du Mondial en Pologne"},"content":{"rendered":"<p>Prenant quartier en France depuis le 10 ao\u00fbt 2026, les Amazones U20 du B\u00e9nin ont \u00e9tabli leur camp de base \u00e0 Corbeil-Essonnes, o\u00f9 elles ont boucl\u00e9 trois semaines de pr\u00e9paration en vue de leur premi\u00e8re participation \u00e0 la Coupe du monde f\u00e9minine U20.<\/p>\n<p>Les B\u00e9ninoises ont achev\u00e9 leur stage le 30 ao\u00fbt dernier. Les prot\u00e9g\u00e9es d\u2019Abdoulaye Ouz\u00e9rou ont d\u00e9sormais tourn\u00e9 la page de la pr\u00e9paration, avec un bilan satisfaisant. Apr\u00e8s plusieurs jours de travail en France, les Amazones ont les yeux tourn\u00e9s vers la Pologne, o\u00f9 elles s\u2019appr\u00eatent \u00e0 faire leurs premiers pas dans la comp\u00e9tition.<\/p>\n<p>Durant leur s\u00e9jour \u00e0 Corbeil-Essonnes, les B\u00e9ninoises ont altern\u00e9 s\u00e9ances d\u2019entra\u00eenement et matchs amicaux. Cette p\u00e9riode de travail a permis au staff technique de poursuivre les r\u00e9glages, de renforcer les automatismes et de pr\u00e9parer progressivement le groupe aux exigences du Mondial. Le dernier test a \u00e9t\u00e9 disput\u00e9 le 30 ao\u00fbt face \u00e0 la r\u00e9serve du Paris FC. Cette ultime rencontre a marqu\u00e9 la fin du stage en France avant le d\u00e9part pour la Pologne.<\/p>\n<p><strong>Les Amazones jouent gros d\u2019entr\u00e9e<\/strong><\/p>\n<p>Pour leur premi\u00e8re sortie, les B\u00e9ninoises affrontent le Mexique, le samedi 5 septembre 2026 \u00e0 17h, \u00e0 l\u2019Ar\u00e8ne de Katowice. Une affiche face \u00e0 une s\u00e9lection qui poss\u00e8de une exp\u00e9rience bien sup\u00e9rieure \u00e0 celle du B\u00e9nin dans cette comp\u00e9tition. En effet, le Mexique s\u2019appr\u00eate \u00e0 participer \u00e0 sa 11e Coupe du monde f\u00e9minine U20. Pr\u00e9sentes depuis 2002, les Mexicaines ont atteint \u00e0 quatre reprises les quarts de finale, en 2010, 2012, 2016 et 2022.<\/p>\n<p>Elles ont obtenu leur qualification pour l\u2019\u00e9dition 2026 apr\u00e8s avoir atteint la finale du Championnat f\u00e9minin U20 de la Concacaf 2025, finalement perdue face au Canada (3-2 apr\u00e8s prolongation). L\u2019effectif mexicain est majoritairement compos\u00e9 de joueuses \u00e9voluant dans le championnat national. Dix-huit des 21 s\u00e9lectionn\u00e9es jouent au Mexique, tandis que trois \u00e9voluent aux \u00c9tats-Unis. Une \u00e9quipe jeune, mais d\u00e9j\u00e0 rompue aux exigences du haut niveau international.<\/p>\n<p>Apr\u00e8s le Mexique, les Amazones poursuivront leur parcours dans le groupe A face \u00e0 l\u2019Argentine, avant de terminer la phase de groupes contre la Pologne, pays h\u00f4te. Un programme exigeant pour les B\u00e9ninoises, qui devront rapidement s\u2019adapter au rythme de la comp\u00e9tition.<\/p>\n<p>Mais avant de penser aux deux autres rencontres, c\u2019est le Mexique qui se dresse sur leur chemin. Le travail effectu\u00e9 en France devra d\u00e9sormais trouver sa traduction sur le terrain.<\/p>\n<p>Samedi, le B\u00e9nin vivra un moment in\u00e9dit. Pour leur premi\u00e8re participation \u00e0 une Coupe du monde f\u00e9minine U20, les Amazones auront l\u2019occasion d\u2019\u00e9crire une nouvelle page de l\u2019histoire du football f\u00e9minin b\u00e9ninois face \u00e0 une habitu\u00e9e de la comp\u00e9tition.<\/p>\n<p>&nbsp;<\/p>\n<p><strong>Alola BIAOU<\/strong><\/p>\n","protected":false},"excerpt":{"rendered":"<p>Prenant quartier en France depuis le 10 ao\u00fbt 2026, les Amazones U20 du B\u00e9nin ont \u00e9tabli leur camp de base \u00e0 Corbeil-Essonnes, o\u00f9 elles ont boucl\u00e9 trois semaines de pr\u00e9paration&hellip;<\/p>\n","protected":false},"author":5,"featured_media":23479,"comment_status":"open","ping_status":"open","sticky":false,"template":"","format":"standard","meta":{"content-type":"","om_disable_all_campaigns":false,"_monsterinsights_skip_tracking":false,"_uf_show_specific_survey":0,"_uf_disable_surveys":false,"footnotes":""},"categories":[8],"tags":[],"class_list":["post-23478","post","type-post","status-publish","format-standard","has-post-thumbnail","hentry","category-sport"],"aioseo_notices":[],"aioseo_head":"\n\t\t<!-- All in One SEO 5.0.1.1 - aioseo.com -->\n\t<meta name=\"description\" content=\"Prenant quartier en France depuis le 10 ao\u00fbt 2026, les Amazones U20 du B\u00e9nin ont \u00e9tabli leur camp de base \u00e0 Corbeil-Essonnes, o\u00f9 elles ont boucl\u00e9 trois semaines de pr\u00e9paration en vue de leur premi\u00e8re participation \u00e0 la Coupe du monde f\u00e9minine U20. Les B\u00e9ninoises ont achev\u00e9 leur stage le 30 ao\u00fbt dernier. Les prot\u00e9g\u00e9es\" \/>\n\t<meta name=\"robots\" content=\"max-image-preview:large\" \/>\n\t<meta name=\"author\" content=\"Redaction\"\/>\n\t<link rel=\"canonical\" href=\"https:\/\/lepatriotebenin.com\/index.php\/2026\/09\/02\/fin-des-matchs-de-preparation-les-amazones-u20-pretes-pour-le-defi-du-mondial-en-pologne\/\" \/>\n\t<meta name=\"generator\" content=\"All in One SEO (AIOSEO) 5.0.1.1\" \/>\n\t\t<meta property=\"og:locale\" content=\"fr_FR\" \/>\n\t\t<meta property=\"og:site_name\" content=\"Le Patriote - Le Patriote B\u00e9nin\" \/>\n\t\t<meta property=\"og:type\" content=\"article\" \/>\n\t\t<meta property=\"og:title\" content=\"Fin des matchs de pr\u00e9paration : les Amazones U20 pr\u00eates pour le d\u00e9fi du Mondial en Pologne - Le Patriote\" \/>\n\t\t<meta property=\"og:description\" content=\"Prenant quartier en France depuis le 10 ao\u00fbt 2026, les Amazones U20 du B\u00e9nin ont \u00e9tabli leur camp de base \u00e0 Corbeil-Essonnes, o\u00f9 elles ont boucl\u00e9 trois semaines de pr\u00e9paration en vue de leur premi\u00e8re participation \u00e0 la Coupe du monde f\u00e9minine U20. Les B\u00e9ninoises ont achev\u00e9 leur stage le 30 ao\u00fbt dernier. Les prot\u00e9g\u00e9es\" \/>\n\t\t<meta property=\"og:url\" content=\"https:\/\/lepatriotebenin.com\/index.php\/2026\/09\/02\/fin-des-matchs-de-preparation-les-amazones-u20-pretes-pour-le-defi-du-mondial-en-pologne\/\" \/>\n\t\t<meta property=\"article:published_time\" content=\"2026-09-02T00:08:05+00:00\" \/>\n\t\t<meta property=\"article:modified_time\" content=\"2026-09-02T00:08:05+00:00\" \/>\n\t\t<meta name=\"twitter:card\" content=\"summary_large_image\" \/>\n\t\t<meta name=\"twitter:title\" content=\"Fin des matchs de pr\u00e9paration : les Amazones U20 pr\u00eates pour le d\u00e9fi du Mondial en Pologne - Le Patriote\" \/>\n\t\t<meta name=\"twitter:description\" content=\"Prenant quartier en France depuis le 10 ao\u00fbt 2026, les Amazones U20 du B\u00e9nin ont \u00e9tabli leur camp de base \u00e0 Corbeil-Essonnes, o\u00f9 elles ont boucl\u00e9 trois semaines de pr\u00e9paration en vue de leur premi\u00e8re participation \u00e0 la Coupe du monde f\u00e9minine U20. Les B\u00e9ninoises ont achev\u00e9 leur stage le 30 ao\u00fbt dernier. Les prot\u00e9g\u00e9es\" \/>\n\t\t<script type=\"application\/ld+json\" class=\"aioseo-schema\">\n\t\t\t{\"@context\":\"https:\\\/\\\/schema.org\",\"@graph\":[{\"@type\":\"BlogPosting\",\"@id\":\"https:\\\/\\\/lepatriotebenin.com\\\/index.php\\\/2026\\\/09\\\/02\\\/fin-des-matchs-de-preparation-les-amazones-u20-pretes-pour-le-defi-du-mondial-en-pologne\\\/#blogposting\",\"name\":\"Fin des matchs de pr\\u00e9paration : les Amazones U20 pr\\u00eates pour le d\\u00e9fi du Mondial en Pologne - Le Patriote\",\"headline\":\"Fin des matchs de pr\\u00e9paration : les Amazones U20 pr\\u00eates pour le d\\u00e9fi du Mondial en Pologne\",\"author\":{\"@id\":\"https:\\\/\\\/lepatriotebenin.com#author\"},\"publisher\":{\"@id\":\"https:\\\/\\\/lepatriotebenin.com\\\/#organization\"},\"image\":{\"@type\":\"ImageObject\",\"url\":\"https:\\\/\\\/lepatriotebenin.com\\\/wp-content\\\/uploads\\\/2026\\\/09\\\/pologne.png\",\"width\":720,\"height\":450},\"datePublished\":\"2026-09-02T02:08:05+02:00\",\"dateModified\":\"2026-09-02T02:08:05+02:00\",\"inLanguage\":\"fr-FR\",\"mainEntityOfPage\":{\"@id\":\"https:\\\/\\\/lepatriotebenin.com\\\/index.php\\\/2026\\\/09\\\/02\\\/fin-des-matchs-de-preparation-les-amazones-u20-pretes-pour-le-defi-du-mondial-en-pologne\\\/#webpage\"},\"isPartOf\":{\"@id\":\"https:\\\/\\\/lepatriotebenin.com\\\/index.php\\\/2026\\\/09\\\/02\\\/fin-des-matchs-de-preparation-les-amazones-u20-pretes-pour-le-defi-du-mondial-en-pologne\\\/#webpage\"},\"articleSection\":\"Sport\"},{\"@type\":\"BreadcrumbList\",\"@id\":\"https:\\\/\\\/lepatriotebenin.com\\\/index.php\\\/2026\\\/09\\\/02\\\/fin-des-matchs-de-preparation-les-amazones-u20-pretes-pour-le-defi-du-mondial-en-pologne\\\/#breadcrumblist\",\"itemListElement\":[{\"@type\":\"ListItem\",\"@id\":\"https:\\\/\\\/lepatriotebenin.com#listItem\",\"position\":1,\"name\":\"Home\",\"item\":\"https:\\\/\\\/lepatriotebenin.com\",\"nextItem\":{\"@type\":\"ListItem\",\"@id\":\"https:\\\/\\\/lepatriotebenin.com\\\/index.php\\\/category\\\/sport\\\/#listItem\",\"name\":\"Sport\"}},{\"@type\":\"ListItem\",\"@id\":\"https:\\\/\\\/lepatriotebenin.com\\\/index.php\\\/category\\\/sport\\\/#listItem\",\"position\":2,\"name\":\"Sport\",\"item\":\"https:\\\/\\\/lepatriotebenin.com\\\/index.php\\\/category\\\/sport\\\/\",\"nextItem\":{\"@type\":\"ListItem\",\"@id\":\"https:\\\/\\\/lepatriotebenin.com\\\/index.php\\\/2026\\\/09\\\/02\\\/fin-des-matchs-de-preparation-les-amazones-u20-pretes-pour-le-defi-du-mondial-en-pologne\\\/#listItem\",\"name\":\"Fin des matchs de pr\\u00e9paration : les Amazones U20 pr\\u00eates pour le d\\u00e9fi du Mondial en Pologne\"},\"previousItem\":{\"@type\":\"ListItem\",\"@id\":\"https:\\\/\\\/lepatriotebenin.com#listItem\",\"name\":\"Home\"}},{\"@type\":\"ListItem\",\"@id\":\"https:\\\/\\\/lepatriotebenin.com\\\/index.php\\\/2026\\\/09\\\/02\\\/fin-des-matchs-de-preparation-les-amazones-u20-pretes-pour-le-defi-du-mondial-en-pologne\\\/#listItem\",\"position\":3,\"name\":\"Fin des matchs de pr\\u00e9paration : les Amazones U20 pr\\u00eates pour le d\\u00e9fi du Mondial en Pologne\",\"previousItem\":{\"@type\":\"ListItem\",\"@id\":\"https:\\\/\\\/lepatriotebenin.com\\\/index.php\\\/category\\\/sport\\\/#listItem\",\"name\":\"Sport\"}}]},{\"@type\":\"Organization\",\"@id\":\"https:\\\/\\\/lepatriotebenin.com\\\/#organization\",\"name\":\"Le Patriote\",\"description\":\"Le Patriote B\\u00e9nin\",\"url\":\"https:\\\/\\\/lepatriotebenin.com\\\/\"},{\"@type\":\"Person\",\"@id\":\"https:\\\/\\\/lepatriotebenin.com#author\",\"url\":\"https:\\\/\\\/lepatriotebenin.com\",\"name\":\"Redaction\",\"image\":{\"@type\":\"ImageObject\",\"@id\":\"https:\\\/\\\/lepatriotebenin.com\\\/index.php\\\/2026\\\/09\\\/02\\\/fin-des-matchs-de-preparation-les-amazones-u20-pretes-pour-le-defi-du-mondial-en-pologne\\\/#authorImage\",\"url\":\"https:\\\/\\\/secure.gravatar.com\\\/avatar\\\/c4c509357859ea2ca2cbb6d8812898a73e4ef1ef9934c2e591d7e32face734d1?s=96&d=mm&r=g\",\"width\":96,\"height\":96,\"caption\":\"Redaction\"}},{\"@type\":\"WebPage\",\"@id\":\"https:\\\/\\\/lepatriotebenin.com\\\/index.php\\\/2026\\\/09\\\/02\\\/fin-des-matchs-de-preparation-les-amazones-u20-pretes-pour-le-defi-du-mondial-en-pologne\\\/#webpage\",\"url\":\"https:\\\/\\\/lepatriotebenin.com\\\/index.php\\\/2026\\\/09\\\/02\\\/fin-des-matchs-de-preparation-les-amazones-u20-pretes-pour-le-defi-du-mondial-en-pologne\\\/\",\"name\":\"Fin des matchs de pr\\u00e9paration : les Amazones U20 pr\\u00eates pour le d\\u00e9fi du Mondial en Pologne - Le Patriote\",\"description\":\"Prenant quartier en France depuis le 10 ao\\u00fbt 2026, les Amazones U20 du B\\u00e9nin ont \\u00e9tabli leur camp de base \\u00e0 Corbeil-Essonnes, o\\u00f9 elles ont boucl\\u00e9 trois semaines de pr\\u00e9paration en vue de leur premi\\u00e8re participation \\u00e0 la Coupe du monde f\\u00e9minine U20. Les B\\u00e9ninoises ont achev\\u00e9 leur stage le 30 ao\\u00fbt dernier. Les prot\\u00e9g\\u00e9es\",\"inLanguage\":\"fr-FR\",\"isPartOf\":{\"@id\":\"https:\\\/\\\/lepatriotebenin.com\\\/#website\"},\"breadcrumb\":{\"@id\":\"https:\\\/\\\/lepatriotebenin.com\\\/index.php\\\/2026\\\/09\\\/02\\\/fin-des-matchs-de-preparation-les-amazones-u20-pretes-pour-le-defi-du-mondial-en-pologne\\\/#breadcrumblist\"},\"author\":{\"@id\":\"https:\\\/\\\/lepatriotebenin.com#author\"},\"creator\":{\"@id\":\"https:\\\/\\\/lepatriotebenin.com#author\"},\"image\":{\"@type\":\"ImageObject\",\"url\":\"https:\\\/\\\/lepatriotebenin.com\\\/wp-content\\\/uploads\\\/2026\\\/09\\\/pologne.png\",\"@id\":\"https:\\\/\\\/lepatriotebenin.com\\\/index.php\\\/2026\\\/09\\\/02\\\/fin-des-matchs-de-preparation-les-amazones-u20-pretes-pour-le-defi-du-mondial-en-pologne\\\/#mainImage\",\"width\":720,\"height\":450},\"primaryImageOfPage\":{\"@id\":\"https:\\\/\\\/lepatriotebenin.com\\\/index.php\\\/2026\\\/09\\\/02\\\/fin-des-matchs-de-preparation-les-amazones-u20-pretes-pour-le-defi-du-mondial-en-pologne\\\/#mainImage\"},\"datePublished\":\"2026-09-02T02:08:05+02:00\",\"dateModified\":\"2026-09-02T02:08:05+02:00\"},{\"@type\":\"WebSite\",\"@id\":\"https:\\\/\\\/lepatriotebenin.com\\\/#website\",\"url\":\"https:\\\/\\\/lepatriotebenin.com\\\/\",\"name\":\"Le Patriote\",\"description\":\"Le Patriote B\\u00e9nin\",\"inLanguage\":\"fr-FR\",\"publisher\":{\"@id\":\"https:\\\/\\\/lepatriotebenin.com\\\/#organization\"}}]}\n\t\t<\/script>\n\t\t<!-- All in One SEO -->\n\n","aioseo_head_json":{"title":"Fin des matchs de pr\u00e9paration : les Amazones U20 pr\u00eates pour le d\u00e9fi du Mondial en Pologne - Le Patriote","description":"Prenant quartier en France depuis le 10 ao\u00fbt 2026, les Amazones U20 du B\u00e9nin ont \u00e9tabli leur camp de base \u00e0 Corbeil-Essonnes, o\u00f9 elles ont boucl\u00e9 trois semaines de pr\u00e9paration en vue de leur premi\u00e8re participation \u00e0 la Coupe du monde f\u00e9minine U20. Les B\u00e9ninoises ont achev\u00e9 leur stage le 30 ao\u00fbt dernier. Les prot\u00e9g\u00e9es","canonical_url":"https:\/\/lepatriotebenin.com\/index.php\/2026\/09\/02\/fin-des-matchs-de-preparation-les-amazones-u20-pretes-pour-le-defi-du-mondial-en-pologne\/","robots":"max-image-preview:large","keywords":"","webmasterTools":{"miscellaneous":""},"schema":{"@context":"https:\/\/schema.org","@graph":[{"@type":"BlogPosting","@id":"https:\/\/lepatriotebenin.com\/index.php\/2026\/09\/02\/fin-des-matchs-de-preparation-les-amazones-u20-pretes-pour-le-defi-du-mondial-en-pologne\/#blogposting","name":"Fin des matchs de pr\u00e9paration : les Amazones U20 pr\u00eates pour le d\u00e9fi du Mondial en Pologne - Le Patriote","headline":"Fin des matchs de pr\u00e9paration : les Amazones U20 pr\u00eates pour le d\u00e9fi du Mondial en Pologne","author":{"@id":"https:\/\/lepatriotebenin.com#author"},"publisher":{"@id":"https:\/\/lepatriotebenin.com\/#organization"},"image":{"@type":"ImageObject","url":"https:\/\/lepatriotebenin.com\/wp-content\/uploads\/2026\/09\/pologne.png","width":720,"height":450},"datePublished":"2026-09-02T02:08:05+02:00","dateModified":"2026-09-02T02:08:05+02:00","inLanguage":"fr-FR","mainEntityOfPage":{"@id":"https:\/\/lepatriotebenin.com\/index.php\/2026\/09\/02\/fin-des-matchs-de-preparation-les-amazones-u20-pretes-pour-le-defi-du-mondial-en-pologne\/#webpage"},"isPartOf":{"@id":"https:\/\/lepatriotebenin.com\/index.php\/2026\/09\/02\/fin-des-matchs-de-preparation-les-amazones-u20-pretes-pour-le-defi-du-mondial-en-pologne\/#webpage"},"articleSection":"Sport"},{"@type":"BreadcrumbList","@id":"https:\/\/lepatriotebenin.com\/index.php\/2026\/09\/02\/fin-des-matchs-de-preparation-les-amazones-u20-pretes-pour-le-defi-du-mondial-en-pologne\/#breadcrumblist","itemListElement":[{"@type":"ListItem","@id":"https:\/\/lepatriotebenin.com#listItem","position":1,"name":"Home","item":"https:\/\/lepatriotebenin.com","nextItem":{"@type":"ListItem","@id":"https:\/\/lepatriotebenin.com\/index.php\/category\/sport\/#listItem","name":"Sport"}},{"@type":"ListItem","@id":"https:\/\/lepatriotebenin.com\/index.php\/category\/sport\/#listItem","position":2,"name":"Sport","item":"https:\/\/lepatriotebenin.com\/index.php\/category\/sport\/","nextItem":{"@type":"ListItem","@id":"https:\/\/lepatriotebenin.com\/index.php\/2026\/09\/02\/fin-des-matchs-de-preparation-les-amazones-u20-pretes-pour-le-defi-du-mondial-en-pologne\/#listItem","name":"Fin des matchs de pr\u00e9paration : les Amazones U20 pr\u00eates pour le d\u00e9fi du Mondial en Pologne"},"previousItem":{"@type":"ListItem","@id":"https:\/\/lepatriotebenin.com#listItem","name":"Home"}},{"@type":"ListItem","@id":"https:\/\/lepatriotebenin.com\/index.php\/2026\/09\/02\/fin-des-matchs-de-preparation-les-amazones-u20-pretes-pour-le-defi-du-mondial-en-pologne\/#listItem","position":3,"name":"Fin des matchs de pr\u00e9paration : les Amazones U20 pr\u00eates pour le d\u00e9fi du Mondial en Pologne","previousItem":{"@type":"ListItem","@id":"https:\/\/lepatriotebenin.com\/index.php\/category\/sport\/#listItem","name":"Sport"}}]},{"@type":"Organization","@id":"https:\/\/lepatriotebenin.com\/#organization","name":"Le Patriote","description":"Le Patriote B\u00e9nin","url":"https:\/\/lepatriotebenin.com\/"},{"@type":"Person","@id":"https:\/\/lepatriotebenin.com#author","url":"https:\/\/lepatriotebenin.com","name":"Redaction","image":{"@type":"ImageObject","@id":"https:\/\/lepatriotebenin.com\/index.php\/2026\/09\/02\/fin-des-matchs-de-preparation-les-amazones-u20-pretes-pour-le-defi-du-mondial-en-pologne\/#authorImage","url":"https:\/\/secure.gravatar.com\/avatar\/c4c509357859ea2ca2cbb6d8812898a73e4ef1ef9934c2e591d7e32face734d1?s=96&d=mm&r=g","width":96,"height":96,"caption":"Redaction"}},{"@type":"WebPage","@id":"https:\/\/lepatriotebenin.com\/index.php\/2026\/09\/02\/fin-des-matchs-de-preparation-les-amazones-u20-pretes-pour-le-defi-du-mondial-en-pologne\/#webpage","url":"https:\/\/lepatriotebenin.com\/index.php\/2026\/09\/02\/fin-des-matchs-de-preparation-les-amazones-u20-pretes-pour-le-defi-du-mondial-en-pologne\/","name":"Fin des matchs de pr\u00e9paration : les Amazones U20 pr\u00eates pour le d\u00e9fi du Mondial en Pologne - Le Patriote","description":"Prenant quartier en France depuis le 10 ao\u00fbt 2026, les Amazones U20 du B\u00e9nin ont \u00e9tabli leur camp de base \u00e0 Corbeil-Essonnes, o\u00f9 elles ont boucl\u00e9 trois semaines de pr\u00e9paration en vue de leur premi\u00e8re participation \u00e0 la Coupe du monde f\u00e9minine U20. Les B\u00e9ninoises ont achev\u00e9 leur stage le 30 ao\u00fbt dernier. Les prot\u00e9g\u00e9es","inLanguage":"fr-FR","isPartOf":{"@id":"https:\/\/lepatriotebenin.com\/#website"},"breadcrumb":{"@id":"https:\/\/lepatriotebenin.com\/index.php\/2026\/09\/02\/fin-des-matchs-de-preparation-les-amazones-u20-pretes-pour-le-defi-du-mondial-en-pologne\/#breadcrumblist"},"author":{"@id":"https:\/\/lepatriotebenin.com#author"},"creator":{"@id":"https:\/\/lepatriotebenin.com#author"},"image":{"@type":"ImageObject","url":"https:\/\/lepatriotebenin.com\/wp-content\/uploads\/2026\/09\/pologne.png","@id":"https:\/\/lepatriotebenin.com\/index.php\/2026\/09\/02\/fin-des-matchs-de-preparation-les-amazones-u20-pretes-pour-le-defi-du-mondial-en-pologne\/#mainImage","width":720,"height":450},"primaryImageOfPage":{"@id":"https:\/\/lepatriotebenin.com\/index.php\/2026\/09\/02\/fin-des-matchs-de-preparation-les-amazones-u20-pretes-pour-le-defi-du-mondial-en-pologne\/#mainImage"},"datePublished":"2026-09-02T02:08:05+02:00","dateModified":"2026-09-02T02:08:05+02:00"},{"@type":"WebSite","@id":"https:\/\/lepatriotebenin.com\/#website","url":"https:\/\/lepatriotebenin.com\/","name":"Le Patriote","description":"Le Patriote B\u00e9nin","inLanguage":"fr-FR","publisher":{"@id":"https:\/\/lepatriotebenin.com\/#organization"}}]},"og:locale":"fr_FR","og:site_name":"Le Patriote - Le Patriote B\u00e9nin","og:type":"article","og:title":"Fin des matchs de pr\u00e9paration : les Amazones U20 pr\u00eates pour le d\u00e9fi du Mondial en Pologne - Le Patriote","og:description":"Prenant quartier en France depuis le 10 ao\u00fbt 2026, les Amazones U20 du B\u00e9nin ont \u00e9tabli leur camp de base \u00e0 Corbeil-Essonnes, o\u00f9 elles ont boucl\u00e9 trois semaines de pr\u00e9paration en vue de leur premi\u00e8re participation \u00e0 la Coupe du monde f\u00e9minine U20. Les B\u00e9ninoises ont achev\u00e9 leur stage le 30 ao\u00fbt dernier. Les prot\u00e9g\u00e9es","og:url":"https:\/\/lepatriotebenin.com\/index.php\/2026\/09\/02\/fin-des-matchs-de-preparation-les-amazones-u20-pretes-pour-le-defi-du-mondial-en-pologne\/","article:published_time":"2026-09-02T00:08:05+00:00","article:modified_time":"2026-09-02T00:08:05+00:00","twitter:card":"summary_large_image","twitter:title":"Fin des matchs de pr\u00e9paration : les Amazones U20 pr\u00eates pour le d\u00e9fi du Mondial en Pologne - Le Patriote","twitter:description":"Prenant quartier en France depuis le 10 ao\u00fbt 2026, les Amazones U20 du B\u00e9nin ont \u00e9tabli leur camp de base \u00e0 Corbeil-Essonnes, o\u00f9 elles ont boucl\u00e9 trois semaines de pr\u00e9paration en vue de leur premi\u00e8re participation \u00e0 la Coupe du monde f\u00e9minine U20. Les B\u00e9ninoises ont achev\u00e9 leur stage le 30 ao\u00fbt dernier. Les prot\u00e9g\u00e9es"},"aioseo_meta_data":{"post_id":"23478","title":null,"description":null,"keywords":null,"keyphrases":{"focus":{"keyphrase":"","score":0,"analysis":{"keyphraseInTitle":{"score":0,"maxScore":9,"error":1}}},"additional":[]},"primary_term":null,"canonical_url":null,"og_title":null,"og_description":null,"og_object_type":"default","og_image_type":"default","og_image_url":null,"og_image_width":null,"og_image_height":null,"og_image_custom_url":null,"og_image_custom_fields":null,"og_video":"","og_custom_url":null,"og_article_section":null,"og_article_tags":null,"twitter_use_og":false,"twitter_card":"default","twitter_image_type":"default","twitter_image_url":null,"twitter_image_custom_url":null,"twitter_image_custom_fields":null,"twitter_title":null,"twitter_description":null,"schema":{"blockGraphs":[],"customGraphs":[],"default":{"data":{"Article":[],"Course":[],"Dataset":[],"FAQPage":[],"Movie":[],"Person":[],"Product":[],"ProductReview":[],"Car":[],"Recipe":[],"Service":[],"SoftwareApplication":[],"WebPage":[]},"graphName":"BlogPosting","isEnabled":true},"graphs":[]},"schema_type":"default","schema_type_options":null,"pillar_content":false,"robots_default":true,"robots_noindex":false,"robots_noarchive":false,"robots_nosnippet":false,"robots_nofollow":false,"robots_noimageindex":false,"robots_noodp":false,"robots_notranslate":false,"robots_max_snippet":"-1","robots_max_videopreview":"-1","robots_max_imagepreview":"large","priority":null,"frequency":"default","local_seo":null,"breadcrumb_settings":null,"limit_modified_date":false,"ai":{"faqs":[],"keyPoints":[],"schemas":[],"titles":[],"descriptions":[],"socialPosts":{"email":{"subject":"","preview":"","content":""},"linkedin":[],"twitter":[],"facebook":[],"instagram":[]}},"created":"2026-09-02 00:08:05","updated":"2026-09-02 00:08:14","seo_analyzer_scan_date":null,"focus_keyword":null,"additional_keywords":null,"truseo_locale":null},"aioseo_breadcrumb":"<div class=\"aioseo-breadcrumbs\"><span class=\"aioseo-breadcrumb\">\n\t\t\t<a href=\"https:\/\/lepatriotebenin.com\" title=\"Home\">Home<\/a>\n\t\t<\/span><span class=\"aioseo-breadcrumb-separator\">&raquo;<\/span><span class=\"aioseo-breadcrumb\">\n\t\t\t<a href=\"https:\/\/lepatriotebenin.com\/index.php\/category\/sport\/\" title=\"Sport\">Sport<\/a>\n\t\t<\/span><span class=\"aioseo-breadcrumb-separator\">&raquo;<\/span><span class=\"aioseo-breadcrumb\">\n\t\t\tFin des matchs de pr\u00e9paration : les Amazones U20 pr\u00eates pour le d\u00e9fi du Mondial en Pologne\n\t\t<\/span><\/div>","aioseo_breadcrumb_json":[{"label":"Home","link":"https:\/\/lepatriotebenin.com"},{"label":"Sport","link":"https:\/\/lepatriotebenin.com\/index.php\/category\/sport\/"},{"label":"Fin des matchs de pr\u00e9paration : les Amazones U20 pr\u00eates pour le d\u00e9fi du Mondial en Pologne","link":"https:\/\/lepatriotebenin.com\/index.php\/2026\/09\/02\/fin-des-matchs-de-preparation-les-amazones-u20-pretes-pour-le-defi-du-mondial-en-pologne\/"}],"yoast_head":"<!-- This site is optimized with the Yoast SEO plugin v28.4 - https:\/\/yoast.com\/product\/yoast-seo-wordpress\/ -->\n<title>Fin des matchs de pr\u00e9paration : les Amazones U20 pr\u00eates pour le d\u00e9fi du Mondial en Pologne - Le Patriote<\/title>\n<meta name=\"robots\" content=\"index, follow, max-snippet:-1, max-image-preview:large, max-video-preview:-1\" \/>\n<link rel=\"canonical\" href=\"https:\/\/lepatriotebenin.com\/index.php\/2026\/09\/02\/fin-des-matchs-de-preparation-les-amazones-u20-pretes-pour-le-defi-du-mondial-en-pologne\/\" \/>\n<meta property=\"og:locale\" content=\"fr_FR\" \/>\n<meta property=\"og:type\" content=\"article\" \/>\n<meta property=\"og:title\" content=\"Fin des matchs de pr\u00e9paration : les Amazones U20 pr\u00eates pour le d\u00e9fi du Mondial en Pologne - Le Patriote\" \/>\n<meta property=\"og:description\" content=\"Prenant quartier en France depuis le 10 ao\u00fbt 2026, les Amazones U20 du B\u00e9nin ont \u00e9tabli leur camp de base \u00e0 Corbeil-Essonnes, o\u00f9 elles ont boucl\u00e9 trois semaines de pr\u00e9paration&hellip;\" \/>\n<meta property=\"og:url\" content=\"https:\/\/lepatriotebenin.com\/index.php\/2026\/09\/02\/fin-des-matchs-de-preparation-les-amazones-u20-pretes-pour-le-defi-du-mondial-en-pologne\/\" \/>\n<meta property=\"og:site_name\" content=\"Le Patriote\" \/>\n<meta property=\"article:published_time\" content=\"2026-09-02T00:08:05+00:00\" \/>\n<meta property=\"og:image\" content=\"https:\/\/lepatriotebenin.com\/wp-content\/uploads\/2026\/09\/pologne.png\" \/>\n\t<meta property=\"og:image:width\" content=\"720\" \/>\n\t<meta property=\"og:image:height\" content=\"450\" \/>\n\t<meta property=\"og:image:type\" content=\"image\/png\" \/>\n<meta name=\"author\" content=\"Redaction\" \/>\n<meta name=\"twitter:card\" content=\"summary_large_image\" \/>\n<meta name=\"twitter:label1\" content=\"\u00c9crit par\" \/>\n\t<meta name=\"twitter:data1\" content=\"Redaction\" \/>\n\t<meta name=\"twitter:label2\" content=\"Dur\u00e9e de lecture estim\u00e9e\" \/>\n\t<meta name=\"twitter:data2\" content=\"3 minutes\" \/>\n<script type=\"application\/ld+json\" class=\"yoast-schema-graph\">{\"@context\":\"https:\\\/\\\/schema.org\",\"@graph\":[{\"@type\":\"Article\",\"@id\":\"https:\\\/\\\/lepatriotebenin.com\\\/index.php\\\/2026\\\/09\\\/02\\\/fin-des-matchs-de-preparation-les-amazones-u20-pretes-pour-le-defi-du-mondial-en-pologne\\\/#article\",\"isPartOf\":{\"@id\":\"https:\\\/\\\/lepatriotebenin.com\\\/index.php\\\/2026\\\/09\\\/02\\\/fin-des-matchs-de-preparation-les-amazones-u20-pretes-pour-le-defi-du-mondial-en-pologne\\\/\"},\"author\":{\"name\":\"Redaction\",\"@id\":\"https:\\\/\\\/lepatriotebenin.com\\\/#\\\/schema\\\/person\\\/2e7709b9c9cc313e452d1136af61690f\"},\"headline\":\"Fin des matchs de pr\u00e9paration : les Amazones U20 pr\u00eates pour le d\u00e9fi du Mondial en Pologne\",\"datePublished\":\"2026-09-02T00:08:05+00:00\",\"mainEntityOfPage\":{\"@id\":\"https:\\\/\\\/lepatriotebenin.com\\\/index.php\\\/2026\\\/09\\\/02\\\/fin-des-matchs-de-preparation-les-amazones-u20-pretes-pour-le-defi-du-mondial-en-pologne\\\/\"},\"wordCount\":491,\"commentCount\":0,\"image\":{\"@id\":\"https:\\\/\\\/lepatriotebenin.com\\\/index.php\\\/2026\\\/09\\\/02\\\/fin-des-matchs-de-preparation-les-amazones-u20-pretes-pour-le-defi-du-mondial-en-pologne\\\/#primaryimage\"},\"thumbnailUrl\":\"https:\\\/\\\/lepatriotebenin.com\\\/wp-content\\\/uploads\\\/2026\\\/09\\\/pologne.png\",\"articleSection\":[\"Sport\"],\"inLanguage\":\"fr-FR\",\"potentialAction\":[{\"@type\":\"CommentAction\",\"name\":\"Comment\",\"target\":[\"https:\\\/\\\/lepatriotebenin.com\\\/index.php\\\/2026\\\/09\\\/02\\\/fin-des-matchs-de-preparation-les-amazones-u20-pretes-pour-le-defi-du-mondial-en-pologne\\\/#respond\"]}]},{\"@type\":\"WebPage\",\"@id\":\"https:\\\/\\\/lepatriotebenin.com\\\/index.php\\\/2026\\\/09\\\/02\\\/fin-des-matchs-de-preparation-les-amazones-u20-pretes-pour-le-defi-du-mondial-en-pologne\\\/\",\"url\":\"https:\\\/\\\/lepatriotebenin.com\\\/index.php\\\/2026\\\/09\\\/02\\\/fin-des-matchs-de-preparation-les-amazones-u20-pretes-pour-le-defi-du-mondial-en-pologne\\\/\",\"name\":\"Fin des matchs de pr\u00e9paration : les Amazones U20 pr\u00eates pour le d\u00e9fi du Mondial en Pologne - Le Patriote\",\"isPartOf\":{\"@id\":\"https:\\\/\\\/lepatriotebenin.com\\\/#website\"},\"primaryImageOfPage\":{\"@id\":\"https:\\\/\\\/lepatriotebenin.com\\\/index.php\\\/2026\\\/09\\\/02\\\/fin-des-matchs-de-preparation-les-amazones-u20-pretes-pour-le-defi-du-mondial-en-pologne\\\/#primaryimage\"},\"image\":{\"@id\":\"https:\\\/\\\/lepatriotebenin.com\\\/index.php\\\/2026\\\/09\\\/02\\\/fin-des-matchs-de-preparation-les-amazones-u20-pretes-pour-le-defi-du-mondial-en-pologne\\\/#primaryimage\"},\"thumbnailUrl\":\"https:\\\/\\\/lepatriotebenin.com\\\/wp-content\\\/uploads\\\/2026\\\/09\\\/pologne.png\",\"datePublished\":\"2026-09-02T00:08:05+00:00\",\"author\":{\"@id\":\"https:\\\/\\\/lepatriotebenin.com\\\/#\\\/schema\\\/person\\\/2e7709b9c9cc313e452d1136af61690f\"},\"breadcrumb\":{\"@id\":\"https:\\\/\\\/lepatriotebenin.com\\\/index.php\\\/2026\\\/09\\\/02\\\/fin-des-matchs-de-preparation-les-amazones-u20-pretes-pour-le-defi-du-mondial-en-pologne\\\/#breadcrumb\"},\"inLanguage\":\"fr-FR\",\"potentialAction\":[{\"@type\":\"ReadAction\",\"target\":[\"https:\\\/\\\/lepatriotebenin.com\\\/index.php\\\/2026\\\/09\\\/02\\\/fin-des-matchs-de-preparation-les-amazones-u20-pretes-pour-le-defi-du-mondial-en-pologne\\\/\"]}]},{\"@type\":\"ImageObject\",\"inLanguage\":\"fr-FR\",\"@id\":\"https:\\\/\\\/lepatriotebenin.com\\\/index.php\\\/2026\\\/09\\\/02\\\/fin-des-matchs-de-preparation-les-amazones-u20-pretes-pour-le-defi-du-mondial-en-pologne\\\/#primaryimage\",\"url\":\"https:\\\/\\\/lepatriotebenin.com\\\/wp-content\\\/uploads\\\/2026\\\/09\\\/pologne.png\",\"contentUrl\":\"https:\\\/\\\/lepatriotebenin.com\\\/wp-content\\\/uploads\\\/2026\\\/09\\\/pologne.png\",\"width\":720,\"height\":450},{\"@type\":\"BreadcrumbList\",\"@id\":\"https:\\\/\\\/lepatriotebenin.com\\\/index.php\\\/2026\\\/09\\\/02\\\/fin-des-matchs-de-preparation-les-amazones-u20-pretes-pour-le-defi-du-mondial-en-pologne\\\/#breadcrumb\",\"itemListElement\":[{\"@type\":\"ListItem\",\"position\":1,\"name\":\"Accueil\",\"item\":\"https:\\\/\\\/lepatriotebenin.com\\\/\"},{\"@type\":\"ListItem\",\"position\":2,\"name\":\"Fin des matchs de pr\u00e9paration : les Amazones U20 pr\u00eates pour le d\u00e9fi du Mondial en Pologne\"}]},{\"@type\":\"WebSite\",\"@id\":\"https:\\\/\\\/lepatriotebenin.com\\\/#website\",\"url\":\"https:\\\/\\\/lepatriotebenin.com\\\/\",\"name\":\"Le Patriote\",\"description\":\"Le Patriote B\u00e9nin\",\"potentialAction\":[{\"@type\":\"SearchAction\",\"target\":{\"@type\":\"EntryPoint\",\"urlTemplate\":\"https:\\\/\\\/lepatriotebenin.com\\\/?s={search_term_string}\"},\"query-input\":{\"@type\":\"PropertyValueSpecification\",\"valueRequired\":true,\"valueName\":\"search_term_string\"}}],\"inLanguage\":\"fr-FR\"},{\"@type\":\"Person\",\"@id\":\"https:\\\/\\\/lepatriotebenin.com\\\/#\\\/schema\\\/person\\\/2e7709b9c9cc313e452d1136af61690f\",\"name\":\"Redaction\",\"image\":{\"@type\":\"ImageObject\",\"inLanguage\":\"fr-FR\",\"@id\":\"https:\\\/\\\/secure.gravatar.com\\\/avatar\\\/c4c509357859ea2ca2cbb6d8812898a73e4ef1ef9934c2e591d7e32face734d1?s=96&d=mm&r=g\",\"url\":\"https:\\\/\\\/secure.gravatar.com\\\/avatar\\\/c4c509357859ea2ca2cbb6d8812898a73e4ef1ef9934c2e591d7e32face734d1?s=96&d=mm&r=g\",\"contentUrl\":\"https:\\\/\\\/secure.gravatar.com\\\/avatar\\\/c4c509357859ea2ca2cbb6d8812898a73e4ef1ef9934c2e591d7e32face734d1?s=96&d=mm&r=g\",\"caption\":\"Redaction\"},\"url\":\"https:\\\/\\\/lepatriotebenin.com\"}]}<\/script>\n<!-- \/ Yoast SEO plugin. -->","yoast_head_json":{"title":"Fin des matchs de pr\u00e9paration : les Amazones U20 pr\u00eates pour le d\u00e9fi du Mondial en Pologne - Le Patriote","robots":{"index":"index","follow":"follow","max-snippet":"max-snippet:-1","max-image-preview":"max-image-preview:large","max-video-preview":"max-video-preview:-1"},"canonical":"https:\/\/lepatriotebenin.com\/index.php\/2026\/09\/02\/fin-des-matchs-de-preparation-les-amazones-u20-pretes-pour-le-defi-du-mondial-en-pologne\/","og_locale":"fr_FR","og_type":"article","og_title":"Fin des matchs de pr\u00e9paration : les Amazones U20 pr\u00eates pour le d\u00e9fi du Mondial en Pologne - Le Patriote","og_description":"Prenant quartier en France depuis le 10 ao\u00fbt 2026, les Amazones U20 du B\u00e9nin ont \u00e9tabli leur camp de base \u00e0 Corbeil-Essonnes, o\u00f9 elles ont boucl\u00e9 trois semaines de pr\u00e9paration&hellip;","og_url":"https:\/\/lepatriotebenin.com\/index.php\/2026\/09\/02\/fin-des-matchs-de-preparation-les-amazones-u20-pretes-pour-le-defi-du-mondial-en-pologne\/","og_site_name":"Le Patriote","article_published_time":"2026-09-02T00:08:05+00:00","og_image":[{"width":720,"height":450,"url":"https:\/\/lepatriotebenin.com\/wp-content\/uploads\/2026\/09\/pologne.png","type":"image\/png"}],"author":"Redaction","twitter_card":"summary_large_image","twitter_misc":{"\u00c9crit par":"Redaction","Dur\u00e9e de lecture estim\u00e9e":"3 minutes"},"schema":{"@context":"https:\/\/schema.org","@graph":[{"@type":"Article","@id":"https:\/\/lepatriotebenin.com\/index.php\/2026\/09\/02\/fin-des-matchs-de-preparation-les-amazones-u20-pretes-pour-le-defi-du-mondial-en-pologne\/#article","isPartOf":{"@id":"https:\/\/lepatriotebenin.com\/index.php\/2026\/09\/02\/fin-des-matchs-de-preparation-les-amazones-u20-pretes-pour-le-defi-du-mondial-en-pologne\/"},"author":{"name":"Redaction","@id":"https:\/\/lepatriotebenin.com\/#\/schema\/person\/2e7709b9c9cc313e452d1136af61690f"},"headline":"Fin des matchs de pr\u00e9paration : les Amazones U20 pr\u00eates pour le d\u00e9fi du Mondial en Pologne","datePublished":"2026-09-02T00:08:05+00:00","mainEntityOfPage":{"@id":"https:\/\/lepatriotebenin.com\/index.php\/2026\/09\/02\/fin-des-matchs-de-preparation-les-amazones-u20-pretes-pour-le-defi-du-mondial-en-pologne\/"},"wordCount":491,"commentCount":0,"image":{"@id":"https:\/\/lepatriotebenin.com\/index.php\/2026\/09\/02\/fin-des-matchs-de-preparation-les-amazones-u20-pretes-pour-le-defi-du-mondial-en-pologne\/#primaryimage"},"thumbnailUrl":"https:\/\/lepatriotebenin.com\/wp-content\/uploads\/2026\/09\/pologne.png","articleSection":["Sport"],"inLanguage":"fr-FR","potentialAction":[{"@type":"CommentAction","name":"Comment","target":["https:\/\/lepatriotebenin.com\/index.php\/2026\/09\/02\/fin-des-matchs-de-preparation-les-amazones-u20-pretes-pour-le-defi-du-mondial-en-pologne\/#respond"]}]},{"@type":"WebPage","@id":"https:\/\/lepatriotebenin.com\/index.php\/2026\/09\/02\/fin-des-matchs-de-preparation-les-amazones-u20-pretes-pour-le-defi-du-mondial-en-pologne\/","url":"https:\/\/lepatriotebenin.com\/index.php\/2026\/09\/02\/fin-des-matchs-de-preparation-les-amazones-u20-pretes-pour-le-defi-du-mondial-en-pologne\/","name":"Fin des matchs de pr\u00e9paration : les Amazones U20 pr\u00eates pour le d\u00e9fi du Mondial en Pologne - Le Patriote","isPartOf":{"@id":"https:\/\/lepatriotebenin.com\/#website"},"primaryImageOfPage":{"@id":"https:\/\/lepatriotebenin.com\/index.php\/2026\/09\/02\/fin-des-matchs-de-preparation-les-amazones-u20-pretes-pour-le-defi-du-mondial-en-pologne\/#primaryimage"},"image":{"@id":"https:\/\/lepatriotebenin.com\/index.php\/2026\/09\/02\/fin-des-matchs-de-preparation-les-amazones-u20-pretes-pour-le-defi-du-mondial-en-pologne\/#primaryimage"},"thumbnailUrl":"https:\/\/lepatriotebenin.com\/wp-content\/uploads\/2026\/09\/pologne.png","datePublished":"2026-09-02T00:08:05+00:00","author":{"@id":"https:\/\/lepatriotebenin.com\/#\/schema\/person\/2e7709b9c9cc313e452d1136af61690f"},"breadcrumb":{"@id":"https:\/\/lepatriotebenin.com\/index.php\/2026\/09\/02\/fin-des-matchs-de-preparation-les-amazones-u20-pretes-pour-le-defi-du-mondial-en-pologne\/#breadcrumb"},"inLanguage":"fr-FR","potentialAction":[{"@type":"ReadAction","target":["https:\/\/lepatriotebenin.com\/index.php\/2026\/09\/02\/fin-des-matchs-de-preparation-les-amazones-u20-pretes-pour-le-defi-du-mondial-en-pologne\/"]}]},{"@type":"ImageObject","inLanguage":"fr-FR","@id":"https:\/\/lepatriotebenin.com\/index.php\/2026\/09\/02\/fin-des-matchs-de-preparation-les-amazones-u20-pretes-pour-le-defi-du-mondial-en-pologne\/#primaryimage","url":"https:\/\/lepatriotebenin.com\/wp-content\/uploads\/2026\/09\/pologne.png","contentUrl":"https:\/\/lepatriotebenin.com\/wp-content\/uploads\/2026\/09\/pologne.png","width":720,"height":450},{"@type":"BreadcrumbList","@id":"https:\/\/lepatriotebenin.com\/index.php\/2026\/09\/02\/fin-des-matchs-de-preparation-les-amazones-u20-pretes-pour-le-defi-du-mondial-en-pologne\/#breadcrumb","itemListElement":[{"@type":"ListItem","position":1,"name":"Accueil","item":"https:\/\/lepatriotebenin.com\/"},{"@type":"ListItem","position":2,"name":"Fin des matchs de pr\u00e9paration : les Amazones U20 pr\u00eates pour le d\u00e9fi du Mondial en Pologne"}]},{"@type":"WebSite","@id":"https:\/\/lepatriotebenin.com\/#website","url":"https:\/\/lepatriotebenin.com\/","name":"Le Patriote","description":"Le Patriote B\u00e9nin","potentialAction":[{"@type":"SearchAction","target":{"@type":"EntryPoint","urlTemplate":"https:\/\/lepatriotebenin.com\/?s={search_term_string}"},"query-input":{"@type":"PropertyValueSpecification","valueRequired":true,"valueName":"search_term_string"}}],"inLanguage":"fr-FR"},{"@type":"Person","@id":"https:\/\/lepatriotebenin.com\/#\/schema\/person\/2e7709b9c9cc313e452d1136af61690f","name":"Redaction","image":{"@type":"ImageObject","inLanguage":"fr-FR","@id":"https:\/\/secure.gravatar.com\/avatar\/c4c509357859ea2ca2cbb6d8812898a73e4ef1ef9934c2e591d7e32face734d1?s=96&d=mm&r=g","url":"https:\/\/secure.gravatar.com\/avatar\/c4c509357859ea2ca2cbb6d8812898a73e4ef1ef9934c2e591d7e32face734d1?s=96&d=mm&r=g","contentUrl":"https:\/\/secure.gravatar.com\/avatar\/c4c509357859ea2ca2cbb6d8812898a73e4ef1ef9934c2e591d7e32face734d1?s=96&d=mm&r=g","caption":"Redaction"},"url":"https:\/\/lepatriotebenin.com"}]}},"_links":{"self":[{"href":"https:\/\/lepatriotebenin.com\/index.php\/wp-json\/wp\/v2\/posts\/23478","targetHints":{"allow":["GET"]}}],"collection":[{"href":"https:\/\/lepatriotebenin.com\/index.php\/wp-json\/wp\/v2\/posts"}],"about":[{"href":"https:\/\/lepatriotebenin.com\/index.php\/wp-json\/wp\/v2\/types\/post"}],"author":[{"embeddable":true,"href":"https:\/\/lepatriotebenin.com\/index.php\/wp-json\/wp\/v2\/users\/5"}],"replies":[{"embeddable":true,"href":"https:\/\/lepatriotebenin.com\/index.php\/wp-json\/wp\/v2\/comments?post=23478"}],"version-history":[{"count":1,"href":"https:\/\/lepatriotebenin.com\/index.php\/wp-json\/wp\/v2\/posts\/23478\/revisions"}],"predecessor-version":[{"id":23480,"href":"https:\/\/lepatriotebenin.com\/index.php\/wp-json\/wp\/v2\/posts\/23478\/revisions\/23480"}],"wp:featuredmedia":[{"embeddable":true,"href":"https:\/\/lepatriotebenin.com\/index.php\/wp-json\/wp\/v2\/media\/23479"}],"wp:attachment":[{"href":"https:\/\/lepatriotebenin.com\/index.php\/wp-json\/wp\/v2\/media?parent=23478"}],"wp:term":[{"taxonomy":"category","embeddable":true,"href":"https:\/\/lepatriotebenin.com\/index.php\/wp-json\/wp\/v2\/categories?post=23478"},{"taxonomy":"post_tag","embeddable":true,"href":"https:\/\/lepatriotebenin.com\/index.php\/wp-json\/wp\/v2\/tags?post=23478"}],"curies":[{"name":"wp","href":"https:\/\/api.w.org\/{rel}","templated":true}]}}