{"id":23475,"date":"2026-09-02T01:42:10","date_gmt":"2026-09-01T23:42:10","guid":{"rendered":"https:\/\/lepatriotebenin.com\/?p=23475"},"modified":"2026-09-02T01:42:10","modified_gmt":"2026-09-01T23:42:10","slug":"ghana-lor-artisanal-devra-desormais-etre-raffine-sur-place-avant-son-exportation","status":"publish","type":"post","link":"https:\/\/lepatriotebenin.com\/index.php\/2026\/09\/02\/ghana-lor-artisanal-devra-desormais-etre-raffine-sur-place-avant-son-exportation\/","title":{"rendered":"Ghana : l\u2019or artisanal devra d\u00e9sormais \u00eatre raffin\u00e9 sur place avant son exportation"},"content":{"rendered":"<p>\u200e Depuis le 1er septembre 2026, l\u2019or artisanal et issu de la petite exploitation mini\u00e8re ne peut plus \u00eatre export\u00e9 sous forme de dor\u00e9 non raffin\u00e9. Cette nouvelle mesure s\u2019inscrit dans un mouvement plus large de transformation locale des minerais en Afrique.<\/p>\n<p>\u200eAccra franchit une nouvelle \u00e9tape dans sa volont\u00e9 de conserver davantage de valeur ajout\u00e9e issue de ses ressources mini\u00e8res. La nouvelle directive du Ghana Gold Board (GoldBod) impose aux agr\u00e9gateurs autoris\u00e9s de faire raffiner au Ghana tout l\u2019or dor\u00e9 achet\u00e9 avant son exportation. Les op\u00e9rations doivent \u00eatre r\u00e9alis\u00e9es dans une raffinerie approuv\u00e9e ou d\u00e9sign\u00e9e par GoldBod. Les contrevenants s\u2019exposent notamment \u00e0 la suspension ou au retrait de leur licence.<\/p>\n<p>\u200eLa d\u00e9cision intervient apr\u00e8s une ann\u00e9e exceptionnelle pour le secteur artisanal. En 2025, GoldBod a achet\u00e9, agr\u00e9g\u00e9 et export\u00e9 104 tonnes d\u2019or provenant de l\u2019exploitation artisanale et \u00e0 petite \u00e9chelle, pour plus de 10 milliards de dollars. Cette production a d\u00e9pass\u00e9 celle des grandes exploitations mini\u00e8res, qui avaient export\u00e9 96,6 tonnes.<\/p>\n<p>\u200ePour Accra, l\u2019enjeu est donc consid\u00e9rable : il ne s\u2019agit plus seulement de contr\u00f4ler l\u2019achat et l\u2019exportation de l\u2019or, mais de conserver au Ghana une partie de la valeur cr\u00e9\u00e9e entre l\u2019extraction et la vente internationale. GoldBod affirme \u00e9galement vouloir r\u00e9duire la contrebande et am\u00e9liorer la tra\u00e7abilit\u00e9 de la production. Le Ghana aurait perdu environ 11,4 milliards de dollars \u00e0 cause de la contrebande d\u2019or entre 2019 et 2023, selon une enqu\u00eate cit\u00e9e par Reuters.<\/p>\n<p><strong>\u200eUn mouvement qui gagne le continent<\/strong><\/p>\n<p>\u200eLe Ghana n\u2019est pas isol\u00e9 dans cette strat\u00e9gie. En R\u00e9publique d\u00e9mocratique du Congo, Kinshasa a suspendu en f\u00e9vrier 2025 les exportations de cobalt afin de reprendre le contr\u00f4le du march\u00e9 et d\u2019\u00e9laborer notamment des mesures favorisant la transformation locale. Le pays a ensuite instaur\u00e9 un syst\u00e8me de quotas d\u2019exportation.<\/p>\n<p>\u200eAu Zimbabwe, le gouvernement est all\u00e9 encore plus loin. En f\u00e9vrier 2026, il a interdit l\u2019exportation des minerais bruts ainsi que des concentr\u00e9s de lithium, y compris ceux d\u00e9j\u00e0 en transit, afin d\u2019encourager leur transformation dans le pays.<\/p>\n<p>\u200eCes politiques traduisent une m\u00eame ambition : ne plus se contenter d\u2019extraire et d\u2019exp\u00e9dier les ressources africaines, mais d\u00e9velopper sur place le raffinage, la transformation, les emplois et les recettes fiscales. Le d\u00e9fi reste toutefois \u00e9conomique.<\/p>\n<p>\u200eSelon les sp\u00e9cialistes, le raffinage local n\u2019est r\u00e9ellement rentable que si les infrastructures sont comp\u00e9titives et si les produits transform\u00e9s r\u00e9pondent aux standards internationaux. Au Ghana, l\u2019absence actuelle de certification London Bullion Market Association ( LBMA) pour les raffineries locales constitue encore un obstacle \u00e0 l\u2019acc\u00e8s aux grands march\u00e9s internationaux. L\u2019enjeu pour Accra sera donc de transformer cette nouvelle interdiction en v\u00e9ritable politique industrielle, plut\u00f4t qu\u2019en simple obligation administrative.<\/p>\n<p><strong>\u200eEz\u00e9chiel Dagb\u00e9gnon PADONOU<\/strong><\/p>\n","protected":false},"excerpt":{"rendered":"<p>\u200e Depuis le 1er septembre 2026, l\u2019or artisanal et issu de la petite exploitation mini\u00e8re ne peut plus \u00eatre export\u00e9 sous forme de dor\u00e9 non raffin\u00e9. Cette nouvelle mesure s\u2019inscrit&hellip;<\/p>\n","protected":false},"author":5,"featured_media":23476,"comment_status":"open","ping_status":"open","sticky":false,"template":"","format":"standard","meta":{"content-type":"","om_disable_all_campaigns":false,"_monsterinsights_skip_tracking":false,"_uf_show_specific_survey":0,"_uf_disable_surveys":false,"footnotes":""},"categories":[20],"tags":[],"class_list":["post-23475","post","type-post","status-publish","format-standard","has-post-thumbnail","hentry","category-societe"],"aioseo_notices":[],"aioseo_head":"\n\t\t<!-- All in One SEO 5.0.1.1 - aioseo.com -->\n\t<meta name=\"description\" content=\"\u200e Depuis le 1er septembre 2026, l\u2019or artisanal et issu de la petite exploitation mini\u00e8re ne peut plus \u00eatre export\u00e9 sous forme de dor\u00e9 non raffin\u00e9. Cette nouvelle mesure s\u2019inscrit dans un mouvement plus large de transformation locale des minerais en Afrique. \u200eAccra franchit une nouvelle \u00e9tape dans sa volont\u00e9 de conserver davantage de valeur\" \/>\n\t<meta name=\"robots\" content=\"max-image-preview:large\" \/>\n\t<meta name=\"author\" content=\"Redaction\"\/>\n\t<link rel=\"canonical\" href=\"https:\/\/lepatriotebenin.com\/index.php\/2026\/09\/02\/ghana-lor-artisanal-devra-desormais-etre-raffine-sur-place-avant-son-exportation\/\" \/>\n\t<meta name=\"generator\" content=\"All in One SEO (AIOSEO) 5.0.1.1\" \/>\n\t\t<meta property=\"og:locale\" content=\"fr_FR\" \/>\n\t\t<meta property=\"og:site_name\" content=\"Le Patriote - Le Patriote B\u00e9nin\" \/>\n\t\t<meta property=\"og:type\" content=\"article\" \/>\n\t\t<meta property=\"og:title\" content=\"Ghana : l\u2019or artisanal devra d\u00e9sormais \u00eatre raffin\u00e9 sur place avant son exportation - Le Patriote\" \/>\n\t\t<meta property=\"og:description\" content=\"\u200e Depuis le 1er septembre 2026, l\u2019or artisanal et issu de la petite exploitation mini\u00e8re ne peut plus \u00eatre export\u00e9 sous forme de dor\u00e9 non raffin\u00e9. Cette nouvelle mesure s\u2019inscrit dans un mouvement plus large de transformation locale des minerais en Afrique. \u200eAccra franchit une nouvelle \u00e9tape dans sa volont\u00e9 de conserver davantage de valeur\" \/>\n\t\t<meta property=\"og:url\" content=\"https:\/\/lepatriotebenin.com\/index.php\/2026\/09\/02\/ghana-lor-artisanal-devra-desormais-etre-raffine-sur-place-avant-son-exportation\/\" \/>\n\t\t<meta property=\"article:published_time\" content=\"2026-09-01T23:42:10+00:00\" \/>\n\t\t<meta property=\"article:modified_time\" content=\"2026-09-01T23:42:10+00:00\" \/>\n\t\t<meta name=\"twitter:card\" content=\"summary_large_image\" \/>\n\t\t<meta name=\"twitter:title\" content=\"Ghana : l\u2019or artisanal devra d\u00e9sormais \u00eatre raffin\u00e9 sur place avant son exportation - Le Patriote\" \/>\n\t\t<meta name=\"twitter:description\" content=\"\u200e Depuis le 1er septembre 2026, l\u2019or artisanal et issu de la petite exploitation mini\u00e8re ne peut plus \u00eatre export\u00e9 sous forme de dor\u00e9 non raffin\u00e9. Cette nouvelle mesure s\u2019inscrit dans un mouvement plus large de transformation locale des minerais en Afrique. \u200eAccra franchit une nouvelle \u00e9tape dans sa volont\u00e9 de conserver davantage de valeur\" \/>\n\t\t<script type=\"application\/ld+json\" class=\"aioseo-schema\">\n\t\t\t{\"@context\":\"https:\\\/\\\/schema.org\",\"@graph\":[{\"@type\":\"BlogPosting\",\"@id\":\"https:\\\/\\\/lepatriotebenin.com\\\/index.php\\\/2026\\\/09\\\/02\\\/ghana-lor-artisanal-devra-desormais-etre-raffine-sur-place-avant-son-exportation\\\/#blogposting\",\"name\":\"Ghana : l\\u2019or artisanal devra d\\u00e9sormais \\u00eatre raffin\\u00e9 sur place avant son exportation - Le Patriote\",\"headline\":\"Ghana : l\\u2019or artisanal devra d\\u00e9sormais \\u00eatre raffin\\u00e9 sur place avant son exportation\",\"author\":{\"@id\":\"https:\\\/\\\/lepatriotebenin.com#author\"},\"publisher\":{\"@id\":\"https:\\\/\\\/lepatriotebenin.com\\\/#organization\"},\"image\":{\"@type\":\"ImageObject\",\"url\":\"https:\\\/\\\/lepatriotebenin.com\\\/wp-content\\\/uploads\\\/2026\\\/09\\\/ghana.jpeg\",\"width\":800,\"height\":533},\"datePublished\":\"2026-09-02T01:42:10+02:00\",\"dateModified\":\"2026-09-02T01:42:10+02:00\",\"inLanguage\":\"fr-FR\",\"mainEntityOfPage\":{\"@id\":\"https:\\\/\\\/lepatriotebenin.com\\\/index.php\\\/2026\\\/09\\\/02\\\/ghana-lor-artisanal-devra-desormais-etre-raffine-sur-place-avant-son-exportation\\\/#webpage\"},\"isPartOf\":{\"@id\":\"https:\\\/\\\/lepatriotebenin.com\\\/index.php\\\/2026\\\/09\\\/02\\\/ghana-lor-artisanal-devra-desormais-etre-raffine-sur-place-avant-son-exportation\\\/#webpage\"},\"articleSection\":\"Soci\\u00e9t\\u00e9\"},{\"@type\":\"BreadcrumbList\",\"@id\":\"https:\\\/\\\/lepatriotebenin.com\\\/index.php\\\/2026\\\/09\\\/02\\\/ghana-lor-artisanal-devra-desormais-etre-raffine-sur-place-avant-son-exportation\\\/#breadcrumblist\",\"itemListElement\":[{\"@type\":\"ListItem\",\"@id\":\"https:\\\/\\\/lepatriotebenin.com#listItem\",\"position\":1,\"name\":\"Home\",\"item\":\"https:\\\/\\\/lepatriotebenin.com\",\"nextItem\":{\"@type\":\"ListItem\",\"@id\":\"https:\\\/\\\/lepatriotebenin.com\\\/index.php\\\/category\\\/societe\\\/#listItem\",\"name\":\"Soci\\u00e9t\\u00e9\"}},{\"@type\":\"ListItem\",\"@id\":\"https:\\\/\\\/lepatriotebenin.com\\\/index.php\\\/category\\\/societe\\\/#listItem\",\"position\":2,\"name\":\"Soci\\u00e9t\\u00e9\",\"item\":\"https:\\\/\\\/lepatriotebenin.com\\\/index.php\\\/category\\\/societe\\\/\",\"nextItem\":{\"@type\":\"ListItem\",\"@id\":\"https:\\\/\\\/lepatriotebenin.com\\\/index.php\\\/2026\\\/09\\\/02\\\/ghana-lor-artisanal-devra-desormais-etre-raffine-sur-place-avant-son-exportation\\\/#listItem\",\"name\":\"Ghana : l\\u2019or artisanal devra d\\u00e9sormais \\u00eatre raffin\\u00e9 sur place avant son exportation\"},\"previousItem\":{\"@type\":\"ListItem\",\"@id\":\"https:\\\/\\\/lepatriotebenin.com#listItem\",\"name\":\"Home\"}},{\"@type\":\"ListItem\",\"@id\":\"https:\\\/\\\/lepatriotebenin.com\\\/index.php\\\/2026\\\/09\\\/02\\\/ghana-lor-artisanal-devra-desormais-etre-raffine-sur-place-avant-son-exportation\\\/#listItem\",\"position\":3,\"name\":\"Ghana : l\\u2019or artisanal devra d\\u00e9sormais \\u00eatre raffin\\u00e9 sur place avant son exportation\",\"previousItem\":{\"@type\":\"ListItem\",\"@id\":\"https:\\\/\\\/lepatriotebenin.com\\\/index.php\\\/category\\\/societe\\\/#listItem\",\"name\":\"Soci\\u00e9t\\u00e9\"}}]},{\"@type\":\"Organization\",\"@id\":\"https:\\\/\\\/lepatriotebenin.com\\\/#organization\",\"name\":\"Le Patriote\",\"description\":\"Le Patriote B\\u00e9nin\",\"url\":\"https:\\\/\\\/lepatriotebenin.com\\\/\"},{\"@type\":\"Person\",\"@id\":\"https:\\\/\\\/lepatriotebenin.com#author\",\"url\":\"https:\\\/\\\/lepatriotebenin.com\",\"name\":\"Redaction\",\"image\":{\"@type\":\"ImageObject\",\"@id\":\"https:\\\/\\\/lepatriotebenin.com\\\/index.php\\\/2026\\\/09\\\/02\\\/ghana-lor-artisanal-devra-desormais-etre-raffine-sur-place-avant-son-exportation\\\/#authorImage\",\"url\":\"https:\\\/\\\/secure.gravatar.com\\\/avatar\\\/c4c509357859ea2ca2cbb6d8812898a73e4ef1ef9934c2e591d7e32face734d1?s=96&d=mm&r=g\",\"width\":96,\"height\":96,\"caption\":\"Redaction\"}},{\"@type\":\"WebPage\",\"@id\":\"https:\\\/\\\/lepatriotebenin.com\\\/index.php\\\/2026\\\/09\\\/02\\\/ghana-lor-artisanal-devra-desormais-etre-raffine-sur-place-avant-son-exportation\\\/#webpage\",\"url\":\"https:\\\/\\\/lepatriotebenin.com\\\/index.php\\\/2026\\\/09\\\/02\\\/ghana-lor-artisanal-devra-desormais-etre-raffine-sur-place-avant-son-exportation\\\/\",\"name\":\"Ghana : l\\u2019or artisanal devra d\\u00e9sormais \\u00eatre raffin\\u00e9 sur place avant son exportation - Le Patriote\",\"description\":\"\\u200e Depuis le 1er septembre 2026, l\\u2019or artisanal et issu de la petite exploitation mini\\u00e8re ne peut plus \\u00eatre export\\u00e9 sous forme de dor\\u00e9 non raffin\\u00e9. Cette nouvelle mesure s\\u2019inscrit dans un mouvement plus large de transformation locale des minerais en Afrique. \\u200eAccra franchit une nouvelle \\u00e9tape dans sa volont\\u00e9 de conserver davantage de valeur\",\"inLanguage\":\"fr-FR\",\"isPartOf\":{\"@id\":\"https:\\\/\\\/lepatriotebenin.com\\\/#website\"},\"breadcrumb\":{\"@id\":\"https:\\\/\\\/lepatriotebenin.com\\\/index.php\\\/2026\\\/09\\\/02\\\/ghana-lor-artisanal-devra-desormais-etre-raffine-sur-place-avant-son-exportation\\\/#breadcrumblist\"},\"author\":{\"@id\":\"https:\\\/\\\/lepatriotebenin.com#author\"},\"creator\":{\"@id\":\"https:\\\/\\\/lepatriotebenin.com#author\"},\"image\":{\"@type\":\"ImageObject\",\"url\":\"https:\\\/\\\/lepatriotebenin.com\\\/wp-content\\\/uploads\\\/2026\\\/09\\\/ghana.jpeg\",\"@id\":\"https:\\\/\\\/lepatriotebenin.com\\\/index.php\\\/2026\\\/09\\\/02\\\/ghana-lor-artisanal-devra-desormais-etre-raffine-sur-place-avant-son-exportation\\\/#mainImage\",\"width\":800,\"height\":533},\"primaryImageOfPage\":{\"@id\":\"https:\\\/\\\/lepatriotebenin.com\\\/index.php\\\/2026\\\/09\\\/02\\\/ghana-lor-artisanal-devra-desormais-etre-raffine-sur-place-avant-son-exportation\\\/#mainImage\"},\"datePublished\":\"2026-09-02T01:42:10+02:00\",\"dateModified\":\"2026-09-02T01:42:10+02:00\"},{\"@type\":\"WebSite\",\"@id\":\"https:\\\/\\\/lepatriotebenin.com\\\/#website\",\"url\":\"https:\\\/\\\/lepatriotebenin.com\\\/\",\"name\":\"Le Patriote\",\"description\":\"Le Patriote B\\u00e9nin\",\"inLanguage\":\"fr-FR\",\"publisher\":{\"@id\":\"https:\\\/\\\/lepatriotebenin.com\\\/#organization\"}}]}\n\t\t<\/script>\n\t\t<!-- All in One SEO -->\n\n","aioseo_head_json":{"title":"Ghana : l\u2019or artisanal devra d\u00e9sormais \u00eatre raffin\u00e9 sur place avant son exportation - Le Patriote","description":"\u200e Depuis le 1er septembre 2026, l\u2019or artisanal et issu de la petite exploitation mini\u00e8re ne peut plus \u00eatre export\u00e9 sous forme de dor\u00e9 non raffin\u00e9. Cette nouvelle mesure s\u2019inscrit dans un mouvement plus large de transformation locale des minerais en Afrique. \u200eAccra franchit une nouvelle \u00e9tape dans sa volont\u00e9 de conserver davantage de valeur","canonical_url":"https:\/\/lepatriotebenin.com\/index.php\/2026\/09\/02\/ghana-lor-artisanal-devra-desormais-etre-raffine-sur-place-avant-son-exportation\/","robots":"max-image-preview:large","keywords":"","webmasterTools":{"miscellaneous":""},"schema":{"@context":"https:\/\/schema.org","@graph":[{"@type":"BlogPosting","@id":"https:\/\/lepatriotebenin.com\/index.php\/2026\/09\/02\/ghana-lor-artisanal-devra-desormais-etre-raffine-sur-place-avant-son-exportation\/#blogposting","name":"Ghana : l\u2019or artisanal devra d\u00e9sormais \u00eatre raffin\u00e9 sur place avant son exportation - Le Patriote","headline":"Ghana : l\u2019or artisanal devra d\u00e9sormais \u00eatre raffin\u00e9 sur place avant son exportation","author":{"@id":"https:\/\/lepatriotebenin.com#author"},"publisher":{"@id":"https:\/\/lepatriotebenin.com\/#organization"},"image":{"@type":"ImageObject","url":"https:\/\/lepatriotebenin.com\/wp-content\/uploads\/2026\/09\/ghana.jpeg","width":800,"height":533},"datePublished":"2026-09-02T01:42:10+02:00","dateModified":"2026-09-02T01:42:10+02:00","inLanguage":"fr-FR","mainEntityOfPage":{"@id":"https:\/\/lepatriotebenin.com\/index.php\/2026\/09\/02\/ghana-lor-artisanal-devra-desormais-etre-raffine-sur-place-avant-son-exportation\/#webpage"},"isPartOf":{"@id":"https:\/\/lepatriotebenin.com\/index.php\/2026\/09\/02\/ghana-lor-artisanal-devra-desormais-etre-raffine-sur-place-avant-son-exportation\/#webpage"},"articleSection":"Soci\u00e9t\u00e9"},{"@type":"BreadcrumbList","@id":"https:\/\/lepatriotebenin.com\/index.php\/2026\/09\/02\/ghana-lor-artisanal-devra-desormais-etre-raffine-sur-place-avant-son-exportation\/#breadcrumblist","itemListElement":[{"@type":"ListItem","@id":"https:\/\/lepatriotebenin.com#listItem","position":1,"name":"Home","item":"https:\/\/lepatriotebenin.com","nextItem":{"@type":"ListItem","@id":"https:\/\/lepatriotebenin.com\/index.php\/category\/societe\/#listItem","name":"Soci\u00e9t\u00e9"}},{"@type":"ListItem","@id":"https:\/\/lepatriotebenin.com\/index.php\/category\/societe\/#listItem","position":2,"name":"Soci\u00e9t\u00e9","item":"https:\/\/lepatriotebenin.com\/index.php\/category\/societe\/","nextItem":{"@type":"ListItem","@id":"https:\/\/lepatriotebenin.com\/index.php\/2026\/09\/02\/ghana-lor-artisanal-devra-desormais-etre-raffine-sur-place-avant-son-exportation\/#listItem","name":"Ghana : l\u2019or artisanal devra d\u00e9sormais \u00eatre raffin\u00e9 sur place avant son exportation"},"previousItem":{"@type":"ListItem","@id":"https:\/\/lepatriotebenin.com#listItem","name":"Home"}},{"@type":"ListItem","@id":"https:\/\/lepatriotebenin.com\/index.php\/2026\/09\/02\/ghana-lor-artisanal-devra-desormais-etre-raffine-sur-place-avant-son-exportation\/#listItem","position":3,"name":"Ghana : l\u2019or artisanal devra d\u00e9sormais \u00eatre raffin\u00e9 sur place avant son exportation","previousItem":{"@type":"ListItem","@id":"https:\/\/lepatriotebenin.com\/index.php\/category\/societe\/#listItem","name":"Soci\u00e9t\u00e9"}}]},{"@type":"Organization","@id":"https:\/\/lepatriotebenin.com\/#organization","name":"Le Patriote","description":"Le Patriote B\u00e9nin","url":"https:\/\/lepatriotebenin.com\/"},{"@type":"Person","@id":"https:\/\/lepatriotebenin.com#author","url":"https:\/\/lepatriotebenin.com","name":"Redaction","image":{"@type":"ImageObject","@id":"https:\/\/lepatriotebenin.com\/index.php\/2026\/09\/02\/ghana-lor-artisanal-devra-desormais-etre-raffine-sur-place-avant-son-exportation\/#authorImage","url":"https:\/\/secure.gravatar.com\/avatar\/c4c509357859ea2ca2cbb6d8812898a73e4ef1ef9934c2e591d7e32face734d1?s=96&d=mm&r=g","width":96,"height":96,"caption":"Redaction"}},{"@type":"WebPage","@id":"https:\/\/lepatriotebenin.com\/index.php\/2026\/09\/02\/ghana-lor-artisanal-devra-desormais-etre-raffine-sur-place-avant-son-exportation\/#webpage","url":"https:\/\/lepatriotebenin.com\/index.php\/2026\/09\/02\/ghana-lor-artisanal-devra-desormais-etre-raffine-sur-place-avant-son-exportation\/","name":"Ghana : l\u2019or artisanal devra d\u00e9sormais \u00eatre raffin\u00e9 sur place avant son exportation - Le Patriote","description":"\u200e Depuis le 1er septembre 2026, l\u2019or artisanal et issu de la petite exploitation mini\u00e8re ne peut plus \u00eatre export\u00e9 sous forme de dor\u00e9 non raffin\u00e9. Cette nouvelle mesure s\u2019inscrit dans un mouvement plus large de transformation locale des minerais en Afrique. \u200eAccra franchit une nouvelle \u00e9tape dans sa volont\u00e9 de conserver davantage de valeur","inLanguage":"fr-FR","isPartOf":{"@id":"https:\/\/lepatriotebenin.com\/#website"},"breadcrumb":{"@id":"https:\/\/lepatriotebenin.com\/index.php\/2026\/09\/02\/ghana-lor-artisanal-devra-desormais-etre-raffine-sur-place-avant-son-exportation\/#breadcrumblist"},"author":{"@id":"https:\/\/lepatriotebenin.com#author"},"creator":{"@id":"https:\/\/lepatriotebenin.com#author"},"image":{"@type":"ImageObject","url":"https:\/\/lepatriotebenin.com\/wp-content\/uploads\/2026\/09\/ghana.jpeg","@id":"https:\/\/lepatriotebenin.com\/index.php\/2026\/09\/02\/ghana-lor-artisanal-devra-desormais-etre-raffine-sur-place-avant-son-exportation\/#mainImage","width":800,"height":533},"primaryImageOfPage":{"@id":"https:\/\/lepatriotebenin.com\/index.php\/2026\/09\/02\/ghana-lor-artisanal-devra-desormais-etre-raffine-sur-place-avant-son-exportation\/#mainImage"},"datePublished":"2026-09-02T01:42:10+02:00","dateModified":"2026-09-02T01:42:10+02:00"},{"@type":"WebSite","@id":"https:\/\/lepatriotebenin.com\/#website","url":"https:\/\/lepatriotebenin.com\/","name":"Le Patriote","description":"Le Patriote B\u00e9nin","inLanguage":"fr-FR","publisher":{"@id":"https:\/\/lepatriotebenin.com\/#organization"}}]},"og:locale":"fr_FR","og:site_name":"Le Patriote - Le Patriote B\u00e9nin","og:type":"article","og:title":"Ghana : l\u2019or artisanal devra d\u00e9sormais \u00eatre raffin\u00e9 sur place avant son exportation - Le Patriote","og:description":"\u200e Depuis le 1er septembre 2026, l\u2019or artisanal et issu de la petite exploitation mini\u00e8re ne peut plus \u00eatre export\u00e9 sous forme de dor\u00e9 non raffin\u00e9. Cette nouvelle mesure s\u2019inscrit dans un mouvement plus large de transformation locale des minerais en Afrique. \u200eAccra franchit une nouvelle \u00e9tape dans sa volont\u00e9 de conserver davantage de valeur","og:url":"https:\/\/lepatriotebenin.com\/index.php\/2026\/09\/02\/ghana-lor-artisanal-devra-desormais-etre-raffine-sur-place-avant-son-exportation\/","article:published_time":"2026-09-01T23:42:10+00:00","article:modified_time":"2026-09-01T23:42:10+00:00","twitter:card":"summary_large_image","twitter:title":"Ghana : l\u2019or artisanal devra d\u00e9sormais \u00eatre raffin\u00e9 sur place avant son exportation - Le Patriote","twitter:description":"\u200e Depuis le 1er septembre 2026, l\u2019or artisanal et issu de la petite exploitation mini\u00e8re ne peut plus \u00eatre export\u00e9 sous forme de dor\u00e9 non raffin\u00e9. Cette nouvelle mesure s\u2019inscrit dans un mouvement plus large de transformation locale des minerais en Afrique. \u200eAccra franchit une nouvelle \u00e9tape dans sa volont\u00e9 de conserver davantage de valeur"},"aioseo_meta_data":{"post_id":"23475","title":null,"description":null,"keywords":null,"keyphrases":{"focus":{"keyphrase":"","score":0,"analysis":{"keyphraseInTitle":{"score":0,"maxScore":9,"error":1}}},"additional":[]},"primary_term":null,"canonical_url":null,"og_title":null,"og_description":null,"og_object_type":"default","og_image_type":"default","og_image_url":null,"og_image_width":null,"og_image_height":null,"og_image_custom_url":null,"og_image_custom_fields":null,"og_video":"","og_custom_url":null,"og_article_section":null,"og_article_tags":null,"twitter_use_og":false,"twitter_card":"default","twitter_image_type":"default","twitter_image_url":null,"twitter_image_custom_url":null,"twitter_image_custom_fields":null,"twitter_title":null,"twitter_description":null,"schema":{"blockGraphs":[],"customGraphs":[],"default":{"data":{"Article":[],"Course":[],"Dataset":[],"FAQPage":[],"Movie":[],"Person":[],"Product":[],"ProductReview":[],"Car":[],"Recipe":[],"Service":[],"SoftwareApplication":[],"WebPage":[]},"graphName":"BlogPosting","isEnabled":true},"graphs":[]},"schema_type":"default","schema_type_options":null,"pillar_content":false,"robots_default":true,"robots_noindex":false,"robots_noarchive":false,"robots_nosnippet":false,"robots_nofollow":false,"robots_noimageindex":false,"robots_noodp":false,"robots_notranslate":false,"robots_max_snippet":"-1","robots_max_videopreview":"-1","robots_max_imagepreview":"large","priority":null,"frequency":"default","local_seo":null,"breadcrumb_settings":null,"limit_modified_date":false,"ai":{"faqs":[],"keyPoints":[],"schemas":[],"titles":[],"descriptions":[],"socialPosts":{"email":{"subject":"","preview":"","content":""},"linkedin":[],"twitter":[],"facebook":[],"instagram":[]}},"created":"2026-09-01 23:42:10","updated":"2026-09-02 00:07:14","seo_analyzer_scan_date":null,"focus_keyword":null,"additional_keywords":null,"truseo_locale":null},"aioseo_breadcrumb":"<div class=\"aioseo-breadcrumbs\"><span class=\"aioseo-breadcrumb\">\n\t\t\t<a href=\"https:\/\/lepatriotebenin.com\" title=\"Home\">Home<\/a>\n\t\t<\/span><span class=\"aioseo-breadcrumb-separator\">&raquo;<\/span><span class=\"aioseo-breadcrumb\">\n\t\t\t<a href=\"https:\/\/lepatriotebenin.com\/index.php\/category\/societe\/\" title=\"Soci\u00e9t\u00e9\">Soci\u00e9t\u00e9<\/a>\n\t\t<\/span><span class=\"aioseo-breadcrumb-separator\">&raquo;<\/span><span class=\"aioseo-breadcrumb\">\n\t\t\tGhana : l\u2019or artisanal devra d\u00e9sormais \u00eatre raffin\u00e9 sur place avant son exportation\n\t\t<\/span><\/div>","aioseo_breadcrumb_json":[{"label":"Home","link":"https:\/\/lepatriotebenin.com"},{"label":"Soci\u00e9t\u00e9","link":"https:\/\/lepatriotebenin.com\/index.php\/category\/societe\/"},{"label":"Ghana : l\u2019or artisanal devra d\u00e9sormais \u00eatre raffin\u00e9 sur place avant son exportation","link":"https:\/\/lepatriotebenin.com\/index.php\/2026\/09\/02\/ghana-lor-artisanal-devra-desormais-etre-raffine-sur-place-avant-son-exportation\/"}],"yoast_head":"<!-- This site is optimized with the Yoast SEO plugin v28.4 - https:\/\/yoast.com\/product\/yoast-seo-wordpress\/ -->\n<title>Ghana : l\u2019or artisanal devra d\u00e9sormais \u00eatre raffin\u00e9 sur place avant son exportation - Le Patriote<\/title>\n<meta name=\"robots\" content=\"index, follow, max-snippet:-1, max-image-preview:large, max-video-preview:-1\" \/>\n<link rel=\"canonical\" href=\"https:\/\/lepatriotebenin.com\/index.php\/2026\/09\/02\/ghana-lor-artisanal-devra-desormais-etre-raffine-sur-place-avant-son-exportation\/\" \/>\n<meta property=\"og:locale\" content=\"fr_FR\" \/>\n<meta property=\"og:type\" content=\"article\" \/>\n<meta property=\"og:title\" content=\"Ghana : l\u2019or artisanal devra d\u00e9sormais \u00eatre raffin\u00e9 sur place avant son exportation - Le Patriote\" \/>\n<meta property=\"og:description\" content=\"\u200e Depuis le 1er septembre 2026, l\u2019or artisanal et issu de la petite exploitation mini\u00e8re ne peut plus \u00eatre export\u00e9 sous forme de dor\u00e9 non raffin\u00e9. Cette nouvelle mesure s\u2019inscrit&hellip;\" \/>\n<meta property=\"og:url\" content=\"https:\/\/lepatriotebenin.com\/index.php\/2026\/09\/02\/ghana-lor-artisanal-devra-desormais-etre-raffine-sur-place-avant-son-exportation\/\" \/>\n<meta property=\"og:site_name\" content=\"Le Patriote\" \/>\n<meta property=\"article:published_time\" content=\"2026-09-01T23:42:10+00:00\" \/>\n<meta property=\"og:image\" content=\"https:\/\/lepatriotebenin.com\/wp-content\/uploads\/2026\/09\/ghana.jpeg\" \/>\n\t<meta property=\"og:image:width\" content=\"800\" \/>\n\t<meta property=\"og:image:height\" content=\"533\" \/>\n\t<meta property=\"og:image:type\" content=\"image\/jpeg\" \/>\n<meta name=\"author\" content=\"Redaction\" \/>\n<meta name=\"twitter:card\" content=\"summary_large_image\" \/>\n<meta name=\"twitter:label1\" content=\"\u00c9crit par\" \/>\n\t<meta name=\"twitter:data1\" content=\"Redaction\" \/>\n\t<meta name=\"twitter:label2\" content=\"Dur\u00e9e de lecture estim\u00e9e\" \/>\n\t<meta name=\"twitter:data2\" content=\"3 minutes\" \/>\n<script type=\"application\/ld+json\" class=\"yoast-schema-graph\">{\"@context\":\"https:\\\/\\\/schema.org\",\"@graph\":[{\"@type\":\"Article\",\"@id\":\"https:\\\/\\\/lepatriotebenin.com\\\/index.php\\\/2026\\\/09\\\/02\\\/ghana-lor-artisanal-devra-desormais-etre-raffine-sur-place-avant-son-exportation\\\/#article\",\"isPartOf\":{\"@id\":\"https:\\\/\\\/lepatriotebenin.com\\\/index.php\\\/2026\\\/09\\\/02\\\/ghana-lor-artisanal-devra-desormais-etre-raffine-sur-place-avant-son-exportation\\\/\"},\"author\":{\"name\":\"Redaction\",\"@id\":\"https:\\\/\\\/lepatriotebenin.com\\\/#\\\/schema\\\/person\\\/2e7709b9c9cc313e452d1136af61690f\"},\"headline\":\"Ghana : l\u2019or artisanal devra d\u00e9sormais \u00eatre raffin\u00e9 sur place avant son exportation\",\"datePublished\":\"2026-09-01T23:42:10+00:00\",\"mainEntityOfPage\":{\"@id\":\"https:\\\/\\\/lepatriotebenin.com\\\/index.php\\\/2026\\\/09\\\/02\\\/ghana-lor-artisanal-devra-desormais-etre-raffine-sur-place-avant-son-exportation\\\/\"},\"wordCount\":508,\"commentCount\":0,\"image\":{\"@id\":\"https:\\\/\\\/lepatriotebenin.com\\\/index.php\\\/2026\\\/09\\\/02\\\/ghana-lor-artisanal-devra-desormais-etre-raffine-sur-place-avant-son-exportation\\\/#primaryimage\"},\"thumbnailUrl\":\"https:\\\/\\\/lepatriotebenin.com\\\/wp-content\\\/uploads\\\/2026\\\/09\\\/ghana.jpeg\",\"articleSection\":[\"Soci\u00e9t\u00e9\"],\"inLanguage\":\"fr-FR\",\"potentialAction\":[{\"@type\":\"CommentAction\",\"name\":\"Comment\",\"target\":[\"https:\\\/\\\/lepatriotebenin.com\\\/index.php\\\/2026\\\/09\\\/02\\\/ghana-lor-artisanal-devra-desormais-etre-raffine-sur-place-avant-son-exportation\\\/#respond\"]}]},{\"@type\":\"WebPage\",\"@id\":\"https:\\\/\\\/lepatriotebenin.com\\\/index.php\\\/2026\\\/09\\\/02\\\/ghana-lor-artisanal-devra-desormais-etre-raffine-sur-place-avant-son-exportation\\\/\",\"url\":\"https:\\\/\\\/lepatriotebenin.com\\\/index.php\\\/2026\\\/09\\\/02\\\/ghana-lor-artisanal-devra-desormais-etre-raffine-sur-place-avant-son-exportation\\\/\",\"name\":\"Ghana : l\u2019or artisanal devra d\u00e9sormais \u00eatre raffin\u00e9 sur place avant son exportation - Le Patriote\",\"isPartOf\":{\"@id\":\"https:\\\/\\\/lepatriotebenin.com\\\/#website\"},\"primaryImageOfPage\":{\"@id\":\"https:\\\/\\\/lepatriotebenin.com\\\/index.php\\\/2026\\\/09\\\/02\\\/ghana-lor-artisanal-devra-desormais-etre-raffine-sur-place-avant-son-exportation\\\/#primaryimage\"},\"image\":{\"@id\":\"https:\\\/\\\/lepatriotebenin.com\\\/index.php\\\/2026\\\/09\\\/02\\\/ghana-lor-artisanal-devra-desormais-etre-raffine-sur-place-avant-son-exportation\\\/#primaryimage\"},\"thumbnailUrl\":\"https:\\\/\\\/lepatriotebenin.com\\\/wp-content\\\/uploads\\\/2026\\\/09\\\/ghana.jpeg\",\"datePublished\":\"2026-09-01T23:42:10+00:00\",\"author\":{\"@id\":\"https:\\\/\\\/lepatriotebenin.com\\\/#\\\/schema\\\/person\\\/2e7709b9c9cc313e452d1136af61690f\"},\"breadcrumb\":{\"@id\":\"https:\\\/\\\/lepatriotebenin.com\\\/index.php\\\/2026\\\/09\\\/02\\\/ghana-lor-artisanal-devra-desormais-etre-raffine-sur-place-avant-son-exportation\\\/#breadcrumb\"},\"inLanguage\":\"fr-FR\",\"potentialAction\":[{\"@type\":\"ReadAction\",\"target\":[\"https:\\\/\\\/lepatriotebenin.com\\\/index.php\\\/2026\\\/09\\\/02\\\/ghana-lor-artisanal-devra-desormais-etre-raffine-sur-place-avant-son-exportation\\\/\"]}]},{\"@type\":\"ImageObject\",\"inLanguage\":\"fr-FR\",\"@id\":\"https:\\\/\\\/lepatriotebenin.com\\\/index.php\\\/2026\\\/09\\\/02\\\/ghana-lor-artisanal-devra-desormais-etre-raffine-sur-place-avant-son-exportation\\\/#primaryimage\",\"url\":\"https:\\\/\\\/lepatriotebenin.com\\\/wp-content\\\/uploads\\\/2026\\\/09\\\/ghana.jpeg\",\"contentUrl\":\"https:\\\/\\\/lepatriotebenin.com\\\/wp-content\\\/uploads\\\/2026\\\/09\\\/ghana.jpeg\",\"width\":800,\"height\":533},{\"@type\":\"BreadcrumbList\",\"@id\":\"https:\\\/\\\/lepatriotebenin.com\\\/index.php\\\/2026\\\/09\\\/02\\\/ghana-lor-artisanal-devra-desormais-etre-raffine-sur-place-avant-son-exportation\\\/#breadcrumb\",\"itemListElement\":[{\"@type\":\"ListItem\",\"position\":1,\"name\":\"Accueil\",\"item\":\"https:\\\/\\\/lepatriotebenin.com\\\/\"},{\"@type\":\"ListItem\",\"position\":2,\"name\":\"Ghana : l\u2019or artisanal devra d\u00e9sormais \u00eatre raffin\u00e9 sur place avant son exportation\"}]},{\"@type\":\"WebSite\",\"@id\":\"https:\\\/\\\/lepatriotebenin.com\\\/#website\",\"url\":\"https:\\\/\\\/lepatriotebenin.com\\\/\",\"name\":\"Le Patriote\",\"description\":\"Le Patriote B\u00e9nin\",\"potentialAction\":[{\"@type\":\"SearchAction\",\"target\":{\"@type\":\"EntryPoint\",\"urlTemplate\":\"https:\\\/\\\/lepatriotebenin.com\\\/?s={search_term_string}\"},\"query-input\":{\"@type\":\"PropertyValueSpecification\",\"valueRequired\":true,\"valueName\":\"search_term_string\"}}],\"inLanguage\":\"fr-FR\"},{\"@type\":\"Person\",\"@id\":\"https:\\\/\\\/lepatriotebenin.com\\\/#\\\/schema\\\/person\\\/2e7709b9c9cc313e452d1136af61690f\",\"name\":\"Redaction\",\"image\":{\"@type\":\"ImageObject\",\"inLanguage\":\"fr-FR\",\"@id\":\"https:\\\/\\\/secure.gravatar.com\\\/avatar\\\/c4c509357859ea2ca2cbb6d8812898a73e4ef1ef9934c2e591d7e32face734d1?s=96&d=mm&r=g\",\"url\":\"https:\\\/\\\/secure.gravatar.com\\\/avatar\\\/c4c509357859ea2ca2cbb6d8812898a73e4ef1ef9934c2e591d7e32face734d1?s=96&d=mm&r=g\",\"contentUrl\":\"https:\\\/\\\/secure.gravatar.com\\\/avatar\\\/c4c509357859ea2ca2cbb6d8812898a73e4ef1ef9934c2e591d7e32face734d1?s=96&d=mm&r=g\",\"caption\":\"Redaction\"},\"url\":\"https:\\\/\\\/lepatriotebenin.com\"}]}<\/script>\n<!-- \/ Yoast SEO plugin. -->","yoast_head_json":{"title":"Ghana : l\u2019or artisanal devra d\u00e9sormais \u00eatre raffin\u00e9 sur place avant son exportation - Le Patriote","robots":{"index":"index","follow":"follow","max-snippet":"max-snippet:-1","max-image-preview":"max-image-preview:large","max-video-preview":"max-video-preview:-1"},"canonical":"https:\/\/lepatriotebenin.com\/index.php\/2026\/09\/02\/ghana-lor-artisanal-devra-desormais-etre-raffine-sur-place-avant-son-exportation\/","og_locale":"fr_FR","og_type":"article","og_title":"Ghana : l\u2019or artisanal devra d\u00e9sormais \u00eatre raffin\u00e9 sur place avant son exportation - Le Patriote","og_description":"\u200e Depuis le 1er septembre 2026, l\u2019or artisanal et issu de la petite exploitation mini\u00e8re ne peut plus \u00eatre export\u00e9 sous forme de dor\u00e9 non raffin\u00e9. Cette nouvelle mesure s\u2019inscrit&hellip;","og_url":"https:\/\/lepatriotebenin.com\/index.php\/2026\/09\/02\/ghana-lor-artisanal-devra-desormais-etre-raffine-sur-place-avant-son-exportation\/","og_site_name":"Le Patriote","article_published_time":"2026-09-01T23:42:10+00:00","og_image":[{"width":800,"height":533,"url":"https:\/\/lepatriotebenin.com\/wp-content\/uploads\/2026\/09\/ghana.jpeg","type":"image\/jpeg"}],"author":"Redaction","twitter_card":"summary_large_image","twitter_misc":{"\u00c9crit par":"Redaction","Dur\u00e9e de lecture estim\u00e9e":"3 minutes"},"schema":{"@context":"https:\/\/schema.org","@graph":[{"@type":"Article","@id":"https:\/\/lepatriotebenin.com\/index.php\/2026\/09\/02\/ghana-lor-artisanal-devra-desormais-etre-raffine-sur-place-avant-son-exportation\/#article","isPartOf":{"@id":"https:\/\/lepatriotebenin.com\/index.php\/2026\/09\/02\/ghana-lor-artisanal-devra-desormais-etre-raffine-sur-place-avant-son-exportation\/"},"author":{"name":"Redaction","@id":"https:\/\/lepatriotebenin.com\/#\/schema\/person\/2e7709b9c9cc313e452d1136af61690f"},"headline":"Ghana : l\u2019or artisanal devra d\u00e9sormais \u00eatre raffin\u00e9 sur place avant son exportation","datePublished":"2026-09-01T23:42:10+00:00","mainEntityOfPage":{"@id":"https:\/\/lepatriotebenin.com\/index.php\/2026\/09\/02\/ghana-lor-artisanal-devra-desormais-etre-raffine-sur-place-avant-son-exportation\/"},"wordCount":508,"commentCount":0,"image":{"@id":"https:\/\/lepatriotebenin.com\/index.php\/2026\/09\/02\/ghana-lor-artisanal-devra-desormais-etre-raffine-sur-place-avant-son-exportation\/#primaryimage"},"thumbnailUrl":"https:\/\/lepatriotebenin.com\/wp-content\/uploads\/2026\/09\/ghana.jpeg","articleSection":["Soci\u00e9t\u00e9"],"inLanguage":"fr-FR","potentialAction":[{"@type":"CommentAction","name":"Comment","target":["https:\/\/lepatriotebenin.com\/index.php\/2026\/09\/02\/ghana-lor-artisanal-devra-desormais-etre-raffine-sur-place-avant-son-exportation\/#respond"]}]},{"@type":"WebPage","@id":"https:\/\/lepatriotebenin.com\/index.php\/2026\/09\/02\/ghana-lor-artisanal-devra-desormais-etre-raffine-sur-place-avant-son-exportation\/","url":"https:\/\/lepatriotebenin.com\/index.php\/2026\/09\/02\/ghana-lor-artisanal-devra-desormais-etre-raffine-sur-place-avant-son-exportation\/","name":"Ghana : l\u2019or artisanal devra d\u00e9sormais \u00eatre raffin\u00e9 sur place avant son exportation - Le Patriote","isPartOf":{"@id":"https:\/\/lepatriotebenin.com\/#website"},"primaryImageOfPage":{"@id":"https:\/\/lepatriotebenin.com\/index.php\/2026\/09\/02\/ghana-lor-artisanal-devra-desormais-etre-raffine-sur-place-avant-son-exportation\/#primaryimage"},"image":{"@id":"https:\/\/lepatriotebenin.com\/index.php\/2026\/09\/02\/ghana-lor-artisanal-devra-desormais-etre-raffine-sur-place-avant-son-exportation\/#primaryimage"},"thumbnailUrl":"https:\/\/lepatriotebenin.com\/wp-content\/uploads\/2026\/09\/ghana.jpeg","datePublished":"2026-09-01T23:42:10+00:00","author":{"@id":"https:\/\/lepatriotebenin.com\/#\/schema\/person\/2e7709b9c9cc313e452d1136af61690f"},"breadcrumb":{"@id":"https:\/\/lepatriotebenin.com\/index.php\/2026\/09\/02\/ghana-lor-artisanal-devra-desormais-etre-raffine-sur-place-avant-son-exportation\/#breadcrumb"},"inLanguage":"fr-FR","potentialAction":[{"@type":"ReadAction","target":["https:\/\/lepatriotebenin.com\/index.php\/2026\/09\/02\/ghana-lor-artisanal-devra-desormais-etre-raffine-sur-place-avant-son-exportation\/"]}]},{"@type":"ImageObject","inLanguage":"fr-FR","@id":"https:\/\/lepatriotebenin.com\/index.php\/2026\/09\/02\/ghana-lor-artisanal-devra-desormais-etre-raffine-sur-place-avant-son-exportation\/#primaryimage","url":"https:\/\/lepatriotebenin.com\/wp-content\/uploads\/2026\/09\/ghana.jpeg","contentUrl":"https:\/\/lepatriotebenin.com\/wp-content\/uploads\/2026\/09\/ghana.jpeg","width":800,"height":533},{"@type":"BreadcrumbList","@id":"https:\/\/lepatriotebenin.com\/index.php\/2026\/09\/02\/ghana-lor-artisanal-devra-desormais-etre-raffine-sur-place-avant-son-exportation\/#breadcrumb","itemListElement":[{"@type":"ListItem","position":1,"name":"Accueil","item":"https:\/\/lepatriotebenin.com\/"},{"@type":"ListItem","position":2,"name":"Ghana : l\u2019or artisanal devra d\u00e9sormais \u00eatre raffin\u00e9 sur place avant son exportation"}]},{"@type":"WebSite","@id":"https:\/\/lepatriotebenin.com\/#website","url":"https:\/\/lepatriotebenin.com\/","name":"Le Patriote","description":"Le Patriote B\u00e9nin","potentialAction":[{"@type":"SearchAction","target":{"@type":"EntryPoint","urlTemplate":"https:\/\/lepatriotebenin.com\/?s={search_term_string}"},"query-input":{"@type":"PropertyValueSpecification","valueRequired":true,"valueName":"search_term_string"}}],"inLanguage":"fr-FR"},{"@type":"Person","@id":"https:\/\/lepatriotebenin.com\/#\/schema\/person\/2e7709b9c9cc313e452d1136af61690f","name":"Redaction","image":{"@type":"ImageObject","inLanguage":"fr-FR","@id":"https:\/\/secure.gravatar.com\/avatar\/c4c509357859ea2ca2cbb6d8812898a73e4ef1ef9934c2e591d7e32face734d1?s=96&d=mm&r=g","url":"https:\/\/secure.gravatar.com\/avatar\/c4c509357859ea2ca2cbb6d8812898a73e4ef1ef9934c2e591d7e32face734d1?s=96&d=mm&r=g","contentUrl":"https:\/\/secure.gravatar.com\/avatar\/c4c509357859ea2ca2cbb6d8812898a73e4ef1ef9934c2e591d7e32face734d1?s=96&d=mm&r=g","caption":"Redaction"},"url":"https:\/\/lepatriotebenin.com"}]}},"_links":{"self":[{"href":"https:\/\/lepatriotebenin.com\/index.php\/wp-json\/wp\/v2\/posts\/23475","targetHints":{"allow":["GET"]}}],"collection":[{"href":"https:\/\/lepatriotebenin.com\/index.php\/wp-json\/wp\/v2\/posts"}],"about":[{"href":"https:\/\/lepatriotebenin.com\/index.php\/wp-json\/wp\/v2\/types\/post"}],"author":[{"embeddable":true,"href":"https:\/\/lepatriotebenin.com\/index.php\/wp-json\/wp\/v2\/users\/5"}],"replies":[{"embeddable":true,"href":"https:\/\/lepatriotebenin.com\/index.php\/wp-json\/wp\/v2\/comments?post=23475"}],"version-history":[{"count":1,"href":"https:\/\/lepatriotebenin.com\/index.php\/wp-json\/wp\/v2\/posts\/23475\/revisions"}],"predecessor-version":[{"id":23477,"href":"https:\/\/lepatriotebenin.com\/index.php\/wp-json\/wp\/v2\/posts\/23475\/revisions\/23477"}],"wp:featuredmedia":[{"embeddable":true,"href":"https:\/\/lepatriotebenin.com\/index.php\/wp-json\/wp\/v2\/media\/23476"}],"wp:attachment":[{"href":"https:\/\/lepatriotebenin.com\/index.php\/wp-json\/wp\/v2\/media?parent=23475"}],"wp:term":[{"taxonomy":"category","embeddable":true,"href":"https:\/\/lepatriotebenin.com\/index.php\/wp-json\/wp\/v2\/categories?post=23475"},{"taxonomy":"post_tag","embeddable":true,"href":"https:\/\/lepatriotebenin.com\/index.php\/wp-json\/wp\/v2\/tags?post=23475"}],"curies":[{"name":"wp","href":"https:\/\/api.w.org\/{rel}","templated":true}]}}