{"id":23472,"date":"2026-09-02T01:39:22","date_gmt":"2026-09-01T23:39:22","guid":{"rendered":"https:\/\/lepatriotebenin.com\/?p=23472"},"modified":"2026-09-02T01:39:22","modified_gmt":"2026-09-01T23:39:22","slug":"algerie-tebboune-ordonne-le-retour-de-la-peine-de-mort-pour-les-pyromanes-apres-des-incendies-meurtriers","status":"publish","type":"post","link":"https:\/\/lepatriotebenin.com\/index.php\/2026\/09\/02\/algerie-tebboune-ordonne-le-retour-de-la-peine-de-mort-pour-les-pyromanes-apres-des-incendies-meurtriers\/","title":{"rendered":"Alg\u00e9rie : Tebboune ordonne le retour de la peine de mort pour les pyromanes apr\u00e8s des incendies meurtriers"},"content":{"rendered":"<p>Le pr\u00e9sident alg\u00e9rien Abdelmadjid Tebboune a annonc\u00e9 le retour de la peine capitale avec ex\u00e9cution pour les personnes reconnues coupables d\u2019incendies volontaires. L\u2019instruction a \u00e9t\u00e9 donn\u00e9e le 30 ao\u00fbt 2026 lors d\u2019une r\u00e9union gouvernementale, avec pour objectif une modification du Code p\u00e9nal avant le 15 septembre.<\/p>\n<p>\u200eLa d\u00e9cision intervient apr\u00e8s une s\u00e9rie de feux de for\u00eat d\u00e9clar\u00e9s \u00e0 partir du 26 ao\u00fbt dans le nord, le centre et l\u2019est du pays. Le bilan officiel fait \u00e9tat de 12 morts dont 5 \u00e0 Jijel, 4 \u00e0 B\u00e9ja\u00efa et 3 \u00e0 Tizi Ouzou. \u00c0 B\u00e9ja\u00efa, 54 personnes ont \u00e9t\u00e9 bless\u00e9es, dont 6 gri\u00e8vement. Plusieurs victimes ont \u00e9t\u00e9 transf\u00e9r\u00e9es vers l\u2019h\u00f4pital des Grands Br\u00fbl\u00e9s de Z\u00e9ralda.<\/p>\n<p>\u200eSelon la Protection civile, 193 incendies de v\u00e9g\u00e9tation ont \u00e9t\u00e9 recens\u00e9s. Au 30 ao\u00fbt, 147 foyers \u00e9taient ma\u00eetris\u00e9s et 46 restaient actifs dans 13 wilayas, dont Jijel, B\u00e9ja\u00efa et Skikda avec 7 foyers chacune. Le pr\u00e9sident a cit\u00e9 des vents de plus de 100 km\/h et des conditions m\u00e9t\u00e9orologiques d\u00e9favorables comme facteurs de propagation.<\/p>\n<p>\u200e\u00c9voquant une possible origine criminelle, le pr\u00e9sident alg\u00e9rien a demand\u00e9 l\u2019ouverture d\u2019enqu\u00eates et le durcissement de la loi. Les condamnations \u00e0 mort prononc\u00e9es devront \u00eatre ex\u00e9cut\u00e9es apr\u00e8s \u00e9puisement des voies de recours. L\u2019Alg\u00e9rie n\u2019a proc\u00e9d\u00e9 \u00e0 aucune ex\u00e9cution depuis 1993, m\u00eame si la peine de mort reste inscrite pour certains crimes. En juillet dernier, elle avait d\u00e9j\u00e0 \u00e9t\u00e9 r\u00e9introduite pour des infractions li\u00e9es au trafic de drogue.<\/p>\n<p>\u200eParall\u00e8lement, le chef de l\u2019\u00c9tat a d\u00e9cr\u00e9t\u00e9 trois jours de deuil national \u00e0 partir du 27 ao\u00fbt et a promis l\u2019indemnisation, d\u2019ici la mi-septembre, des personnes ayant perdu leurs logements, cheptels ou vergers. Le Premier ministre Sifi Ghrieb a \u00e9t\u00e9 charg\u00e9 d\u2019assurer la prise en charge des bless\u00e9s et des sinistr\u00e9s.<\/p>\n<p>\u200e<\/p>\n<p><strong>\u200eEz\u00e9chiel Dagb\u00e9gnon PADONOU<\/strong><\/p>\n<p>\u200e<\/p>\n","protected":false},"excerpt":{"rendered":"<p>Le pr\u00e9sident alg\u00e9rien Abdelmadjid Tebboune a annonc\u00e9 le retour de la peine capitale avec ex\u00e9cution pour les personnes reconnues coupables d\u2019incendies volontaires. L\u2019instruction a \u00e9t\u00e9 donn\u00e9e le 30 ao\u00fbt 2026&hellip;<\/p>\n","protected":false},"author":5,"featured_media":23473,"comment_status":"open","ping_status":"open","sticky":false,"template":"","format":"standard","meta":{"content-type":"","om_disable_all_campaigns":false,"_monsterinsights_skip_tracking":false,"_uf_show_specific_survey":0,"_uf_disable_surveys":false,"footnotes":""},"categories":[20],"tags":[],"class_list":["post-23472","post","type-post","status-publish","format-standard","has-post-thumbnail","hentry","category-societe"],"aioseo_notices":[],"aioseo_head":"\n\t\t<!-- All in One SEO 5.0.1.1 - aioseo.com -->\n\t<meta name=\"description\" content=\"Le pr\u00e9sident alg\u00e9rien Abdelmadjid Tebboune a annonc\u00e9 le retour de la peine capitale avec ex\u00e9cution pour les personnes reconnues coupables d\u2019incendies volontaires. L\u2019instruction a \u00e9t\u00e9 donn\u00e9e le 30 ao\u00fbt 2026 lors d\u2019une r\u00e9union gouvernementale, avec pour objectif une modification du Code p\u00e9nal avant le 15 septembre. \u200eLa d\u00e9cision intervient apr\u00e8s une s\u00e9rie de feux de\" \/>\n\t<meta name=\"robots\" content=\"max-image-preview:large\" \/>\n\t<meta name=\"author\" content=\"Redaction\"\/>\n\t<link rel=\"canonical\" href=\"https:\/\/lepatriotebenin.com\/index.php\/2026\/09\/02\/algerie-tebboune-ordonne-le-retour-de-la-peine-de-mort-pour-les-pyromanes-apres-des-incendies-meurtriers\/\" \/>\n\t<meta name=\"generator\" content=\"All in One SEO (AIOSEO) 5.0.1.1\" \/>\n\t\t<meta property=\"og:locale\" content=\"fr_FR\" \/>\n\t\t<meta property=\"og:site_name\" content=\"Le Patriote - Le Patriote B\u00e9nin\" \/>\n\t\t<meta property=\"og:type\" content=\"article\" \/>\n\t\t<meta property=\"og:title\" content=\"Alg\u00e9rie : Tebboune ordonne le retour de la peine de mort pour les pyromanes apr\u00e8s des incendies meurtriers - Le Patriote\" \/>\n\t\t<meta property=\"og:description\" content=\"Le pr\u00e9sident alg\u00e9rien Abdelmadjid Tebboune a annonc\u00e9 le retour de la peine capitale avec ex\u00e9cution pour les personnes reconnues coupables d\u2019incendies volontaires. L\u2019instruction a \u00e9t\u00e9 donn\u00e9e le 30 ao\u00fbt 2026 lors d\u2019une r\u00e9union gouvernementale, avec pour objectif une modification du Code p\u00e9nal avant le 15 septembre. \u200eLa d\u00e9cision intervient apr\u00e8s une s\u00e9rie de feux de\" \/>\n\t\t<meta property=\"og:url\" content=\"https:\/\/lepatriotebenin.com\/index.php\/2026\/09\/02\/algerie-tebboune-ordonne-le-retour-de-la-peine-de-mort-pour-les-pyromanes-apres-des-incendies-meurtriers\/\" \/>\n\t\t<meta property=\"article:published_time\" content=\"2026-09-01T23:39:22+00:00\" \/>\n\t\t<meta property=\"article:modified_time\" content=\"2026-09-01T23:39:22+00:00\" \/>\n\t\t<meta name=\"twitter:card\" content=\"summary_large_image\" \/>\n\t\t<meta name=\"twitter:title\" content=\"Alg\u00e9rie : Tebboune ordonne le retour de la peine de mort pour les pyromanes apr\u00e8s des incendies meurtriers - Le Patriote\" \/>\n\t\t<meta name=\"twitter:description\" content=\"Le pr\u00e9sident alg\u00e9rien Abdelmadjid Tebboune a annonc\u00e9 le retour de la peine capitale avec ex\u00e9cution pour les personnes reconnues coupables d\u2019incendies volontaires. L\u2019instruction a \u00e9t\u00e9 donn\u00e9e le 30 ao\u00fbt 2026 lors d\u2019une r\u00e9union gouvernementale, avec pour objectif une modification du Code p\u00e9nal avant le 15 septembre. \u200eLa d\u00e9cision intervient apr\u00e8s une s\u00e9rie de feux de\" \/>\n\t\t<script type=\"application\/ld+json\" class=\"aioseo-schema\">\n\t\t\t{\"@context\":\"https:\\\/\\\/schema.org\",\"@graph\":[{\"@type\":\"BlogPosting\",\"@id\":\"https:\\\/\\\/lepatriotebenin.com\\\/index.php\\\/2026\\\/09\\\/02\\\/algerie-tebboune-ordonne-le-retour-de-la-peine-de-mort-pour-les-pyromanes-apres-des-incendies-meurtriers\\\/#blogposting\",\"name\":\"Alg\\u00e9rie : Tebboune ordonne le retour de la peine de mort pour les pyromanes apr\\u00e8s des incendies meurtriers - Le Patriote\",\"headline\":\"Alg\\u00e9rie : Tebboune ordonne le retour de la peine de mort pour les pyromanes apr\\u00e8s des incendies meurtriers\",\"author\":{\"@id\":\"https:\\\/\\\/lepatriotebenin.com#author\"},\"publisher\":{\"@id\":\"https:\\\/\\\/lepatriotebenin.com\\\/#organization\"},\"image\":{\"@type\":\"ImageObject\",\"url\":\"https:\\\/\\\/lepatriotebenin.com\\\/wp-content\\\/uploads\\\/2026\\\/09\\\/algerie.jpeg\",\"width\":580,\"height\":350},\"datePublished\":\"2026-09-02T01:39:22+02:00\",\"dateModified\":\"2026-09-02T01:39:22+02:00\",\"inLanguage\":\"fr-FR\",\"mainEntityOfPage\":{\"@id\":\"https:\\\/\\\/lepatriotebenin.com\\\/index.php\\\/2026\\\/09\\\/02\\\/algerie-tebboune-ordonne-le-retour-de-la-peine-de-mort-pour-les-pyromanes-apres-des-incendies-meurtriers\\\/#webpage\"},\"isPartOf\":{\"@id\":\"https:\\\/\\\/lepatriotebenin.com\\\/index.php\\\/2026\\\/09\\\/02\\\/algerie-tebboune-ordonne-le-retour-de-la-peine-de-mort-pour-les-pyromanes-apres-des-incendies-meurtriers\\\/#webpage\"},\"articleSection\":\"Soci\\u00e9t\\u00e9\"},{\"@type\":\"BreadcrumbList\",\"@id\":\"https:\\\/\\\/lepatriotebenin.com\\\/index.php\\\/2026\\\/09\\\/02\\\/algerie-tebboune-ordonne-le-retour-de-la-peine-de-mort-pour-les-pyromanes-apres-des-incendies-meurtriers\\\/#breadcrumblist\",\"itemListElement\":[{\"@type\":\"ListItem\",\"@id\":\"https:\\\/\\\/lepatriotebenin.com#listItem\",\"position\":1,\"name\":\"Home\",\"item\":\"https:\\\/\\\/lepatriotebenin.com\",\"nextItem\":{\"@type\":\"ListItem\",\"@id\":\"https:\\\/\\\/lepatriotebenin.com\\\/index.php\\\/category\\\/societe\\\/#listItem\",\"name\":\"Soci\\u00e9t\\u00e9\"}},{\"@type\":\"ListItem\",\"@id\":\"https:\\\/\\\/lepatriotebenin.com\\\/index.php\\\/category\\\/societe\\\/#listItem\",\"position\":2,\"name\":\"Soci\\u00e9t\\u00e9\",\"item\":\"https:\\\/\\\/lepatriotebenin.com\\\/index.php\\\/category\\\/societe\\\/\",\"nextItem\":{\"@type\":\"ListItem\",\"@id\":\"https:\\\/\\\/lepatriotebenin.com\\\/index.php\\\/2026\\\/09\\\/02\\\/algerie-tebboune-ordonne-le-retour-de-la-peine-de-mort-pour-les-pyromanes-apres-des-incendies-meurtriers\\\/#listItem\",\"name\":\"Alg\\u00e9rie : Tebboune ordonne le retour de la peine de mort pour les pyromanes apr\\u00e8s des incendies meurtriers\"},\"previousItem\":{\"@type\":\"ListItem\",\"@id\":\"https:\\\/\\\/lepatriotebenin.com#listItem\",\"name\":\"Home\"}},{\"@type\":\"ListItem\",\"@id\":\"https:\\\/\\\/lepatriotebenin.com\\\/index.php\\\/2026\\\/09\\\/02\\\/algerie-tebboune-ordonne-le-retour-de-la-peine-de-mort-pour-les-pyromanes-apres-des-incendies-meurtriers\\\/#listItem\",\"position\":3,\"name\":\"Alg\\u00e9rie : Tebboune ordonne le retour de la peine de mort pour les pyromanes apr\\u00e8s des incendies meurtriers\",\"previousItem\":{\"@type\":\"ListItem\",\"@id\":\"https:\\\/\\\/lepatriotebenin.com\\\/index.php\\\/category\\\/societe\\\/#listItem\",\"name\":\"Soci\\u00e9t\\u00e9\"}}]},{\"@type\":\"Organization\",\"@id\":\"https:\\\/\\\/lepatriotebenin.com\\\/#organization\",\"name\":\"Le Patriote\",\"description\":\"Le Patriote B\\u00e9nin\",\"url\":\"https:\\\/\\\/lepatriotebenin.com\\\/\"},{\"@type\":\"Person\",\"@id\":\"https:\\\/\\\/lepatriotebenin.com#author\",\"url\":\"https:\\\/\\\/lepatriotebenin.com\",\"name\":\"Redaction\",\"image\":{\"@type\":\"ImageObject\",\"@id\":\"https:\\\/\\\/lepatriotebenin.com\\\/index.php\\\/2026\\\/09\\\/02\\\/algerie-tebboune-ordonne-le-retour-de-la-peine-de-mort-pour-les-pyromanes-apres-des-incendies-meurtriers\\\/#authorImage\",\"url\":\"https:\\\/\\\/secure.gravatar.com\\\/avatar\\\/c4c509357859ea2ca2cbb6d8812898a73e4ef1ef9934c2e591d7e32face734d1?s=96&d=mm&r=g\",\"width\":96,\"height\":96,\"caption\":\"Redaction\"}},{\"@type\":\"WebPage\",\"@id\":\"https:\\\/\\\/lepatriotebenin.com\\\/index.php\\\/2026\\\/09\\\/02\\\/algerie-tebboune-ordonne-le-retour-de-la-peine-de-mort-pour-les-pyromanes-apres-des-incendies-meurtriers\\\/#webpage\",\"url\":\"https:\\\/\\\/lepatriotebenin.com\\\/index.php\\\/2026\\\/09\\\/02\\\/algerie-tebboune-ordonne-le-retour-de-la-peine-de-mort-pour-les-pyromanes-apres-des-incendies-meurtriers\\\/\",\"name\":\"Alg\\u00e9rie : Tebboune ordonne le retour de la peine de mort pour les pyromanes apr\\u00e8s des incendies meurtriers - Le Patriote\",\"description\":\"Le pr\\u00e9sident alg\\u00e9rien Abdelmadjid Tebboune a annonc\\u00e9 le retour de la peine capitale avec ex\\u00e9cution pour les personnes reconnues coupables d\\u2019incendies volontaires. L\\u2019instruction a \\u00e9t\\u00e9 donn\\u00e9e le 30 ao\\u00fbt 2026 lors d\\u2019une r\\u00e9union gouvernementale, avec pour objectif une modification du Code p\\u00e9nal avant le 15 septembre. \\u200eLa d\\u00e9cision intervient apr\\u00e8s une s\\u00e9rie de feux de\",\"inLanguage\":\"fr-FR\",\"isPartOf\":{\"@id\":\"https:\\\/\\\/lepatriotebenin.com\\\/#website\"},\"breadcrumb\":{\"@id\":\"https:\\\/\\\/lepatriotebenin.com\\\/index.php\\\/2026\\\/09\\\/02\\\/algerie-tebboune-ordonne-le-retour-de-la-peine-de-mort-pour-les-pyromanes-apres-des-incendies-meurtriers\\\/#breadcrumblist\"},\"author\":{\"@id\":\"https:\\\/\\\/lepatriotebenin.com#author\"},\"creator\":{\"@id\":\"https:\\\/\\\/lepatriotebenin.com#author\"},\"image\":{\"@type\":\"ImageObject\",\"url\":\"https:\\\/\\\/lepatriotebenin.com\\\/wp-content\\\/uploads\\\/2026\\\/09\\\/algerie.jpeg\",\"@id\":\"https:\\\/\\\/lepatriotebenin.com\\\/index.php\\\/2026\\\/09\\\/02\\\/algerie-tebboune-ordonne-le-retour-de-la-peine-de-mort-pour-les-pyromanes-apres-des-incendies-meurtriers\\\/#mainImage\",\"width\":580,\"height\":350},\"primaryImageOfPage\":{\"@id\":\"https:\\\/\\\/lepatriotebenin.com\\\/index.php\\\/2026\\\/09\\\/02\\\/algerie-tebboune-ordonne-le-retour-de-la-peine-de-mort-pour-les-pyromanes-apres-des-incendies-meurtriers\\\/#mainImage\"},\"datePublished\":\"2026-09-02T01:39:22+02:00\",\"dateModified\":\"2026-09-02T01:39:22+02:00\"},{\"@type\":\"WebSite\",\"@id\":\"https:\\\/\\\/lepatriotebenin.com\\\/#website\",\"url\":\"https:\\\/\\\/lepatriotebenin.com\\\/\",\"name\":\"Le Patriote\",\"description\":\"Le Patriote B\\u00e9nin\",\"inLanguage\":\"fr-FR\",\"publisher\":{\"@id\":\"https:\\\/\\\/lepatriotebenin.com\\\/#organization\"}}]}\n\t\t<\/script>\n\t\t<!-- All in One SEO -->\n\n","aioseo_head_json":{"title":"Alg\u00e9rie : Tebboune ordonne le retour de la peine de mort pour les pyromanes apr\u00e8s des incendies meurtriers - Le Patriote","description":"Le pr\u00e9sident alg\u00e9rien Abdelmadjid Tebboune a annonc\u00e9 le retour de la peine capitale avec ex\u00e9cution pour les personnes reconnues coupables d\u2019incendies volontaires. L\u2019instruction a \u00e9t\u00e9 donn\u00e9e le 30 ao\u00fbt 2026 lors d\u2019une r\u00e9union gouvernementale, avec pour objectif une modification du Code p\u00e9nal avant le 15 septembre. \u200eLa d\u00e9cision intervient apr\u00e8s une s\u00e9rie de feux de","canonical_url":"https:\/\/lepatriotebenin.com\/index.php\/2026\/09\/02\/algerie-tebboune-ordonne-le-retour-de-la-peine-de-mort-pour-les-pyromanes-apres-des-incendies-meurtriers\/","robots":"max-image-preview:large","keywords":"","webmasterTools":{"miscellaneous":""},"schema":{"@context":"https:\/\/schema.org","@graph":[{"@type":"BlogPosting","@id":"https:\/\/lepatriotebenin.com\/index.php\/2026\/09\/02\/algerie-tebboune-ordonne-le-retour-de-la-peine-de-mort-pour-les-pyromanes-apres-des-incendies-meurtriers\/#blogposting","name":"Alg\u00e9rie : Tebboune ordonne le retour de la peine de mort pour les pyromanes apr\u00e8s des incendies meurtriers - Le Patriote","headline":"Alg\u00e9rie : Tebboune ordonne le retour de la peine de mort pour les pyromanes apr\u00e8s des incendies meurtriers","author":{"@id":"https:\/\/lepatriotebenin.com#author"},"publisher":{"@id":"https:\/\/lepatriotebenin.com\/#organization"},"image":{"@type":"ImageObject","url":"https:\/\/lepatriotebenin.com\/wp-content\/uploads\/2026\/09\/algerie.jpeg","width":580,"height":350},"datePublished":"2026-09-02T01:39:22+02:00","dateModified":"2026-09-02T01:39:22+02:00","inLanguage":"fr-FR","mainEntityOfPage":{"@id":"https:\/\/lepatriotebenin.com\/index.php\/2026\/09\/02\/algerie-tebboune-ordonne-le-retour-de-la-peine-de-mort-pour-les-pyromanes-apres-des-incendies-meurtriers\/#webpage"},"isPartOf":{"@id":"https:\/\/lepatriotebenin.com\/index.php\/2026\/09\/02\/algerie-tebboune-ordonne-le-retour-de-la-peine-de-mort-pour-les-pyromanes-apres-des-incendies-meurtriers\/#webpage"},"articleSection":"Soci\u00e9t\u00e9"},{"@type":"BreadcrumbList","@id":"https:\/\/lepatriotebenin.com\/index.php\/2026\/09\/02\/algerie-tebboune-ordonne-le-retour-de-la-peine-de-mort-pour-les-pyromanes-apres-des-incendies-meurtriers\/#breadcrumblist","itemListElement":[{"@type":"ListItem","@id":"https:\/\/lepatriotebenin.com#listItem","position":1,"name":"Home","item":"https:\/\/lepatriotebenin.com","nextItem":{"@type":"ListItem","@id":"https:\/\/lepatriotebenin.com\/index.php\/category\/societe\/#listItem","name":"Soci\u00e9t\u00e9"}},{"@type":"ListItem","@id":"https:\/\/lepatriotebenin.com\/index.php\/category\/societe\/#listItem","position":2,"name":"Soci\u00e9t\u00e9","item":"https:\/\/lepatriotebenin.com\/index.php\/category\/societe\/","nextItem":{"@type":"ListItem","@id":"https:\/\/lepatriotebenin.com\/index.php\/2026\/09\/02\/algerie-tebboune-ordonne-le-retour-de-la-peine-de-mort-pour-les-pyromanes-apres-des-incendies-meurtriers\/#listItem","name":"Alg\u00e9rie : Tebboune ordonne le retour de la peine de mort pour les pyromanes apr\u00e8s des incendies meurtriers"},"previousItem":{"@type":"ListItem","@id":"https:\/\/lepatriotebenin.com#listItem","name":"Home"}},{"@type":"ListItem","@id":"https:\/\/lepatriotebenin.com\/index.php\/2026\/09\/02\/algerie-tebboune-ordonne-le-retour-de-la-peine-de-mort-pour-les-pyromanes-apres-des-incendies-meurtriers\/#listItem","position":3,"name":"Alg\u00e9rie : Tebboune ordonne le retour de la peine de mort pour les pyromanes apr\u00e8s des incendies meurtriers","previousItem":{"@type":"ListItem","@id":"https:\/\/lepatriotebenin.com\/index.php\/category\/societe\/#listItem","name":"Soci\u00e9t\u00e9"}}]},{"@type":"Organization","@id":"https:\/\/lepatriotebenin.com\/#organization","name":"Le Patriote","description":"Le Patriote B\u00e9nin","url":"https:\/\/lepatriotebenin.com\/"},{"@type":"Person","@id":"https:\/\/lepatriotebenin.com#author","url":"https:\/\/lepatriotebenin.com","name":"Redaction","image":{"@type":"ImageObject","@id":"https:\/\/lepatriotebenin.com\/index.php\/2026\/09\/02\/algerie-tebboune-ordonne-le-retour-de-la-peine-de-mort-pour-les-pyromanes-apres-des-incendies-meurtriers\/#authorImage","url":"https:\/\/secure.gravatar.com\/avatar\/c4c509357859ea2ca2cbb6d8812898a73e4ef1ef9934c2e591d7e32face734d1?s=96&d=mm&r=g","width":96,"height":96,"caption":"Redaction"}},{"@type":"WebPage","@id":"https:\/\/lepatriotebenin.com\/index.php\/2026\/09\/02\/algerie-tebboune-ordonne-le-retour-de-la-peine-de-mort-pour-les-pyromanes-apres-des-incendies-meurtriers\/#webpage","url":"https:\/\/lepatriotebenin.com\/index.php\/2026\/09\/02\/algerie-tebboune-ordonne-le-retour-de-la-peine-de-mort-pour-les-pyromanes-apres-des-incendies-meurtriers\/","name":"Alg\u00e9rie : Tebboune ordonne le retour de la peine de mort pour les pyromanes apr\u00e8s des incendies meurtriers - Le Patriote","description":"Le pr\u00e9sident alg\u00e9rien Abdelmadjid Tebboune a annonc\u00e9 le retour de la peine capitale avec ex\u00e9cution pour les personnes reconnues coupables d\u2019incendies volontaires. L\u2019instruction a \u00e9t\u00e9 donn\u00e9e le 30 ao\u00fbt 2026 lors d\u2019une r\u00e9union gouvernementale, avec pour objectif une modification du Code p\u00e9nal avant le 15 septembre. \u200eLa d\u00e9cision intervient apr\u00e8s une s\u00e9rie de feux de","inLanguage":"fr-FR","isPartOf":{"@id":"https:\/\/lepatriotebenin.com\/#website"},"breadcrumb":{"@id":"https:\/\/lepatriotebenin.com\/index.php\/2026\/09\/02\/algerie-tebboune-ordonne-le-retour-de-la-peine-de-mort-pour-les-pyromanes-apres-des-incendies-meurtriers\/#breadcrumblist"},"author":{"@id":"https:\/\/lepatriotebenin.com#author"},"creator":{"@id":"https:\/\/lepatriotebenin.com#author"},"image":{"@type":"ImageObject","url":"https:\/\/lepatriotebenin.com\/wp-content\/uploads\/2026\/09\/algerie.jpeg","@id":"https:\/\/lepatriotebenin.com\/index.php\/2026\/09\/02\/algerie-tebboune-ordonne-le-retour-de-la-peine-de-mort-pour-les-pyromanes-apres-des-incendies-meurtriers\/#mainImage","width":580,"height":350},"primaryImageOfPage":{"@id":"https:\/\/lepatriotebenin.com\/index.php\/2026\/09\/02\/algerie-tebboune-ordonne-le-retour-de-la-peine-de-mort-pour-les-pyromanes-apres-des-incendies-meurtriers\/#mainImage"},"datePublished":"2026-09-02T01:39:22+02:00","dateModified":"2026-09-02T01:39:22+02:00"},{"@type":"WebSite","@id":"https:\/\/lepatriotebenin.com\/#website","url":"https:\/\/lepatriotebenin.com\/","name":"Le Patriote","description":"Le Patriote B\u00e9nin","inLanguage":"fr-FR","publisher":{"@id":"https:\/\/lepatriotebenin.com\/#organization"}}]},"og:locale":"fr_FR","og:site_name":"Le Patriote - Le Patriote B\u00e9nin","og:type":"article","og:title":"Alg\u00e9rie : Tebboune ordonne le retour de la peine de mort pour les pyromanes apr\u00e8s des incendies meurtriers - Le Patriote","og:description":"Le pr\u00e9sident alg\u00e9rien Abdelmadjid Tebboune a annonc\u00e9 le retour de la peine capitale avec ex\u00e9cution pour les personnes reconnues coupables d\u2019incendies volontaires. L\u2019instruction a \u00e9t\u00e9 donn\u00e9e le 30 ao\u00fbt 2026 lors d\u2019une r\u00e9union gouvernementale, avec pour objectif une modification du Code p\u00e9nal avant le 15 septembre. \u200eLa d\u00e9cision intervient apr\u00e8s une s\u00e9rie de feux de","og:url":"https:\/\/lepatriotebenin.com\/index.php\/2026\/09\/02\/algerie-tebboune-ordonne-le-retour-de-la-peine-de-mort-pour-les-pyromanes-apres-des-incendies-meurtriers\/","article:published_time":"2026-09-01T23:39:22+00:00","article:modified_time":"2026-09-01T23:39:22+00:00","twitter:card":"summary_large_image","twitter:title":"Alg\u00e9rie : Tebboune ordonne le retour de la peine de mort pour les pyromanes apr\u00e8s des incendies meurtriers - Le Patriote","twitter:description":"Le pr\u00e9sident alg\u00e9rien Abdelmadjid Tebboune a annonc\u00e9 le retour de la peine capitale avec ex\u00e9cution pour les personnes reconnues coupables d\u2019incendies volontaires. L\u2019instruction a \u00e9t\u00e9 donn\u00e9e le 30 ao\u00fbt 2026 lors d\u2019une r\u00e9union gouvernementale, avec pour objectif une modification du Code p\u00e9nal avant le 15 septembre. \u200eLa d\u00e9cision intervient apr\u00e8s une s\u00e9rie de feux de"},"aioseo_meta_data":{"post_id":"23472","title":null,"description":null,"keywords":null,"keyphrases":{"focus":{"keyphrase":"","score":0,"analysis":{"keyphraseInTitle":{"score":0,"maxScore":9,"error":1}}},"additional":[]},"primary_term":null,"canonical_url":null,"og_title":null,"og_description":null,"og_object_type":"default","og_image_type":"default","og_image_url":null,"og_image_width":null,"og_image_height":null,"og_image_custom_url":null,"og_image_custom_fields":null,"og_video":"","og_custom_url":null,"og_article_section":null,"og_article_tags":null,"twitter_use_og":false,"twitter_card":"default","twitter_image_type":"default","twitter_image_url":null,"twitter_image_custom_url":null,"twitter_image_custom_fields":null,"twitter_title":null,"twitter_description":null,"schema":{"blockGraphs":[],"customGraphs":[],"default":{"data":{"Article":[],"Course":[],"Dataset":[],"FAQPage":[],"Movie":[],"Person":[],"Product":[],"ProductReview":[],"Car":[],"Recipe":[],"Service":[],"SoftwareApplication":[],"WebPage":[]},"graphName":"BlogPosting","isEnabled":true},"graphs":[]},"schema_type":"default","schema_type_options":null,"pillar_content":false,"robots_default":true,"robots_noindex":false,"robots_noarchive":false,"robots_nosnippet":false,"robots_nofollow":false,"robots_noimageindex":false,"robots_noodp":false,"robots_notranslate":false,"robots_max_snippet":"-1","robots_max_videopreview":"-1","robots_max_imagepreview":"large","priority":null,"frequency":"default","local_seo":null,"breadcrumb_settings":null,"limit_modified_date":false,"ai":{"faqs":[],"keyPoints":[],"schemas":[],"titles":[],"descriptions":[],"socialPosts":{"email":{"subject":"","preview":"","content":""},"linkedin":[],"twitter":[],"facebook":[],"instagram":[]}},"created":"2026-09-01 23:39:22","updated":"2026-09-02 00:07:14","seo_analyzer_scan_date":null,"focus_keyword":null,"additional_keywords":null,"truseo_locale":null},"aioseo_breadcrumb":"<div class=\"aioseo-breadcrumbs\"><span class=\"aioseo-breadcrumb\">\n\t\t\t<a href=\"https:\/\/lepatriotebenin.com\" title=\"Home\">Home<\/a>\n\t\t<\/span><span class=\"aioseo-breadcrumb-separator\">&raquo;<\/span><span class=\"aioseo-breadcrumb\">\n\t\t\t<a href=\"https:\/\/lepatriotebenin.com\/index.php\/category\/societe\/\" title=\"Soci\u00e9t\u00e9\">Soci\u00e9t\u00e9<\/a>\n\t\t<\/span><span class=\"aioseo-breadcrumb-separator\">&raquo;<\/span><span class=\"aioseo-breadcrumb\">\n\t\t\tAlg\u00e9rie : Tebboune ordonne le retour de la peine de mort pour les pyromanes apr\u00e8s des incendies meurtriers\n\t\t<\/span><\/div>","aioseo_breadcrumb_json":[{"label":"Home","link":"https:\/\/lepatriotebenin.com"},{"label":"Soci\u00e9t\u00e9","link":"https:\/\/lepatriotebenin.com\/index.php\/category\/societe\/"},{"label":"Alg\u00e9rie : Tebboune ordonne le retour de la peine de mort pour les pyromanes apr\u00e8s des incendies meurtriers","link":"https:\/\/lepatriotebenin.com\/index.php\/2026\/09\/02\/algerie-tebboune-ordonne-le-retour-de-la-peine-de-mort-pour-les-pyromanes-apres-des-incendies-meurtriers\/"}],"yoast_head":"<!-- This site is optimized with the Yoast SEO plugin v28.4 - https:\/\/yoast.com\/product\/yoast-seo-wordpress\/ -->\n<title>Alg\u00e9rie : Tebboune ordonne le retour de la peine de mort pour les pyromanes apr\u00e8s des incendies meurtriers - Le Patriote<\/title>\n<meta name=\"robots\" content=\"index, follow, max-snippet:-1, max-image-preview:large, max-video-preview:-1\" \/>\n<link rel=\"canonical\" href=\"https:\/\/lepatriotebenin.com\/index.php\/2026\/09\/02\/algerie-tebboune-ordonne-le-retour-de-la-peine-de-mort-pour-les-pyromanes-apres-des-incendies-meurtriers\/\" \/>\n<meta property=\"og:locale\" content=\"fr_FR\" \/>\n<meta property=\"og:type\" content=\"article\" \/>\n<meta property=\"og:title\" content=\"Alg\u00e9rie : Tebboune ordonne le retour de la peine de mort pour les pyromanes apr\u00e8s des incendies meurtriers - Le Patriote\" \/>\n<meta property=\"og:description\" content=\"Le pr\u00e9sident alg\u00e9rien Abdelmadjid Tebboune a annonc\u00e9 le retour de la peine capitale avec ex\u00e9cution pour les personnes reconnues coupables d\u2019incendies volontaires. L\u2019instruction a \u00e9t\u00e9 donn\u00e9e le 30 ao\u00fbt 2026&hellip;\" \/>\n<meta property=\"og:url\" content=\"https:\/\/lepatriotebenin.com\/index.php\/2026\/09\/02\/algerie-tebboune-ordonne-le-retour-de-la-peine-de-mort-pour-les-pyromanes-apres-des-incendies-meurtriers\/\" \/>\n<meta property=\"og:site_name\" content=\"Le Patriote\" \/>\n<meta property=\"article:published_time\" content=\"2026-09-01T23:39:22+00:00\" \/>\n<meta property=\"og:image\" content=\"https:\/\/lepatriotebenin.com\/wp-content\/uploads\/2026\/09\/algerie.jpeg\" \/>\n\t<meta property=\"og:image:width\" content=\"580\" \/>\n\t<meta property=\"og:image:height\" content=\"350\" \/>\n\t<meta property=\"og:image:type\" content=\"image\/jpeg\" \/>\n<meta name=\"author\" content=\"Redaction\" \/>\n<meta name=\"twitter:card\" content=\"summary_large_image\" \/>\n<meta name=\"twitter:label1\" content=\"\u00c9crit par\" \/>\n\t<meta name=\"twitter:data1\" content=\"Redaction\" \/>\n\t<meta name=\"twitter:label2\" content=\"Dur\u00e9e de lecture estim\u00e9e\" \/>\n\t<meta name=\"twitter:data2\" content=\"2 minutes\" \/>\n<script type=\"application\/ld+json\" class=\"yoast-schema-graph\">{\"@context\":\"https:\\\/\\\/schema.org\",\"@graph\":[{\"@type\":\"Article\",\"@id\":\"https:\\\/\\\/lepatriotebenin.com\\\/index.php\\\/2026\\\/09\\\/02\\\/algerie-tebboune-ordonne-le-retour-de-la-peine-de-mort-pour-les-pyromanes-apres-des-incendies-meurtriers\\\/#article\",\"isPartOf\":{\"@id\":\"https:\\\/\\\/lepatriotebenin.com\\\/index.php\\\/2026\\\/09\\\/02\\\/algerie-tebboune-ordonne-le-retour-de-la-peine-de-mort-pour-les-pyromanes-apres-des-incendies-meurtriers\\\/\"},\"author\":{\"name\":\"Redaction\",\"@id\":\"https:\\\/\\\/lepatriotebenin.com\\\/#\\\/schema\\\/person\\\/2e7709b9c9cc313e452d1136af61690f\"},\"headline\":\"Alg\u00e9rie : Tebboune ordonne le retour de la peine de mort pour les pyromanes apr\u00e8s des incendies meurtriers\",\"datePublished\":\"2026-09-01T23:39:22+00:00\",\"mainEntityOfPage\":{\"@id\":\"https:\\\/\\\/lepatriotebenin.com\\\/index.php\\\/2026\\\/09\\\/02\\\/algerie-tebboune-ordonne-le-retour-de-la-peine-de-mort-pour-les-pyromanes-apres-des-incendies-meurtriers\\\/\"},\"wordCount\":354,\"commentCount\":0,\"image\":{\"@id\":\"https:\\\/\\\/lepatriotebenin.com\\\/index.php\\\/2026\\\/09\\\/02\\\/algerie-tebboune-ordonne-le-retour-de-la-peine-de-mort-pour-les-pyromanes-apres-des-incendies-meurtriers\\\/#primaryimage\"},\"thumbnailUrl\":\"https:\\\/\\\/lepatriotebenin.com\\\/wp-content\\\/uploads\\\/2026\\\/09\\\/algerie.jpeg\",\"articleSection\":[\"Soci\u00e9t\u00e9\"],\"inLanguage\":\"fr-FR\",\"potentialAction\":[{\"@type\":\"CommentAction\",\"name\":\"Comment\",\"target\":[\"https:\\\/\\\/lepatriotebenin.com\\\/index.php\\\/2026\\\/09\\\/02\\\/algerie-tebboune-ordonne-le-retour-de-la-peine-de-mort-pour-les-pyromanes-apres-des-incendies-meurtriers\\\/#respond\"]}]},{\"@type\":\"WebPage\",\"@id\":\"https:\\\/\\\/lepatriotebenin.com\\\/index.php\\\/2026\\\/09\\\/02\\\/algerie-tebboune-ordonne-le-retour-de-la-peine-de-mort-pour-les-pyromanes-apres-des-incendies-meurtriers\\\/\",\"url\":\"https:\\\/\\\/lepatriotebenin.com\\\/index.php\\\/2026\\\/09\\\/02\\\/algerie-tebboune-ordonne-le-retour-de-la-peine-de-mort-pour-les-pyromanes-apres-des-incendies-meurtriers\\\/\",\"name\":\"Alg\u00e9rie : Tebboune ordonne le retour de la peine de mort pour les pyromanes apr\u00e8s des incendies meurtriers - Le Patriote\",\"isPartOf\":{\"@id\":\"https:\\\/\\\/lepatriotebenin.com\\\/#website\"},\"primaryImageOfPage\":{\"@id\":\"https:\\\/\\\/lepatriotebenin.com\\\/index.php\\\/2026\\\/09\\\/02\\\/algerie-tebboune-ordonne-le-retour-de-la-peine-de-mort-pour-les-pyromanes-apres-des-incendies-meurtriers\\\/#primaryimage\"},\"image\":{\"@id\":\"https:\\\/\\\/lepatriotebenin.com\\\/index.php\\\/2026\\\/09\\\/02\\\/algerie-tebboune-ordonne-le-retour-de-la-peine-de-mort-pour-les-pyromanes-apres-des-incendies-meurtriers\\\/#primaryimage\"},\"thumbnailUrl\":\"https:\\\/\\\/lepatriotebenin.com\\\/wp-content\\\/uploads\\\/2026\\\/09\\\/algerie.jpeg\",\"datePublished\":\"2026-09-01T23:39:22+00:00\",\"author\":{\"@id\":\"https:\\\/\\\/lepatriotebenin.com\\\/#\\\/schema\\\/person\\\/2e7709b9c9cc313e452d1136af61690f\"},\"breadcrumb\":{\"@id\":\"https:\\\/\\\/lepatriotebenin.com\\\/index.php\\\/2026\\\/09\\\/02\\\/algerie-tebboune-ordonne-le-retour-de-la-peine-de-mort-pour-les-pyromanes-apres-des-incendies-meurtriers\\\/#breadcrumb\"},\"inLanguage\":\"fr-FR\",\"potentialAction\":[{\"@type\":\"ReadAction\",\"target\":[\"https:\\\/\\\/lepatriotebenin.com\\\/index.php\\\/2026\\\/09\\\/02\\\/algerie-tebboune-ordonne-le-retour-de-la-peine-de-mort-pour-les-pyromanes-apres-des-incendies-meurtriers\\\/\"]}]},{\"@type\":\"ImageObject\",\"inLanguage\":\"fr-FR\",\"@id\":\"https:\\\/\\\/lepatriotebenin.com\\\/index.php\\\/2026\\\/09\\\/02\\\/algerie-tebboune-ordonne-le-retour-de-la-peine-de-mort-pour-les-pyromanes-apres-des-incendies-meurtriers\\\/#primaryimage\",\"url\":\"https:\\\/\\\/lepatriotebenin.com\\\/wp-content\\\/uploads\\\/2026\\\/09\\\/algerie.jpeg\",\"contentUrl\":\"https:\\\/\\\/lepatriotebenin.com\\\/wp-content\\\/uploads\\\/2026\\\/09\\\/algerie.jpeg\",\"width\":580,\"height\":350},{\"@type\":\"BreadcrumbList\",\"@id\":\"https:\\\/\\\/lepatriotebenin.com\\\/index.php\\\/2026\\\/09\\\/02\\\/algerie-tebboune-ordonne-le-retour-de-la-peine-de-mort-pour-les-pyromanes-apres-des-incendies-meurtriers\\\/#breadcrumb\",\"itemListElement\":[{\"@type\":\"ListItem\",\"position\":1,\"name\":\"Accueil\",\"item\":\"https:\\\/\\\/lepatriotebenin.com\\\/\"},{\"@type\":\"ListItem\",\"position\":2,\"name\":\"Alg\u00e9rie : Tebboune ordonne le retour de la peine de mort pour les pyromanes apr\u00e8s des incendies meurtriers\"}]},{\"@type\":\"WebSite\",\"@id\":\"https:\\\/\\\/lepatriotebenin.com\\\/#website\",\"url\":\"https:\\\/\\\/lepatriotebenin.com\\\/\",\"name\":\"Le Patriote\",\"description\":\"Le Patriote B\u00e9nin\",\"potentialAction\":[{\"@type\":\"SearchAction\",\"target\":{\"@type\":\"EntryPoint\",\"urlTemplate\":\"https:\\\/\\\/lepatriotebenin.com\\\/?s={search_term_string}\"},\"query-input\":{\"@type\":\"PropertyValueSpecification\",\"valueRequired\":true,\"valueName\":\"search_term_string\"}}],\"inLanguage\":\"fr-FR\"},{\"@type\":\"Person\",\"@id\":\"https:\\\/\\\/lepatriotebenin.com\\\/#\\\/schema\\\/person\\\/2e7709b9c9cc313e452d1136af61690f\",\"name\":\"Redaction\",\"image\":{\"@type\":\"ImageObject\",\"inLanguage\":\"fr-FR\",\"@id\":\"https:\\\/\\\/secure.gravatar.com\\\/avatar\\\/c4c509357859ea2ca2cbb6d8812898a73e4ef1ef9934c2e591d7e32face734d1?s=96&d=mm&r=g\",\"url\":\"https:\\\/\\\/secure.gravatar.com\\\/avatar\\\/c4c509357859ea2ca2cbb6d8812898a73e4ef1ef9934c2e591d7e32face734d1?s=96&d=mm&r=g\",\"contentUrl\":\"https:\\\/\\\/secure.gravatar.com\\\/avatar\\\/c4c509357859ea2ca2cbb6d8812898a73e4ef1ef9934c2e591d7e32face734d1?s=96&d=mm&r=g\",\"caption\":\"Redaction\"},\"url\":\"https:\\\/\\\/lepatriotebenin.com\"}]}<\/script>\n<!-- \/ Yoast SEO plugin. -->","yoast_head_json":{"title":"Alg\u00e9rie : Tebboune ordonne le retour de la peine de mort pour les pyromanes apr\u00e8s des incendies meurtriers - Le Patriote","robots":{"index":"index","follow":"follow","max-snippet":"max-snippet:-1","max-image-preview":"max-image-preview:large","max-video-preview":"max-video-preview:-1"},"canonical":"https:\/\/lepatriotebenin.com\/index.php\/2026\/09\/02\/algerie-tebboune-ordonne-le-retour-de-la-peine-de-mort-pour-les-pyromanes-apres-des-incendies-meurtriers\/","og_locale":"fr_FR","og_type":"article","og_title":"Alg\u00e9rie : Tebboune ordonne le retour de la peine de mort pour les pyromanes apr\u00e8s des incendies meurtriers - Le Patriote","og_description":"Le pr\u00e9sident alg\u00e9rien Abdelmadjid Tebboune a annonc\u00e9 le retour de la peine capitale avec ex\u00e9cution pour les personnes reconnues coupables d\u2019incendies volontaires. L\u2019instruction a \u00e9t\u00e9 donn\u00e9e le 30 ao\u00fbt 2026&hellip;","og_url":"https:\/\/lepatriotebenin.com\/index.php\/2026\/09\/02\/algerie-tebboune-ordonne-le-retour-de-la-peine-de-mort-pour-les-pyromanes-apres-des-incendies-meurtriers\/","og_site_name":"Le Patriote","article_published_time":"2026-09-01T23:39:22+00:00","og_image":[{"width":580,"height":350,"url":"https:\/\/lepatriotebenin.com\/wp-content\/uploads\/2026\/09\/algerie.jpeg","type":"image\/jpeg"}],"author":"Redaction","twitter_card":"summary_large_image","twitter_misc":{"\u00c9crit par":"Redaction","Dur\u00e9e de lecture estim\u00e9e":"2 minutes"},"schema":{"@context":"https:\/\/schema.org","@graph":[{"@type":"Article","@id":"https:\/\/lepatriotebenin.com\/index.php\/2026\/09\/02\/algerie-tebboune-ordonne-le-retour-de-la-peine-de-mort-pour-les-pyromanes-apres-des-incendies-meurtriers\/#article","isPartOf":{"@id":"https:\/\/lepatriotebenin.com\/index.php\/2026\/09\/02\/algerie-tebboune-ordonne-le-retour-de-la-peine-de-mort-pour-les-pyromanes-apres-des-incendies-meurtriers\/"},"author":{"name":"Redaction","@id":"https:\/\/lepatriotebenin.com\/#\/schema\/person\/2e7709b9c9cc313e452d1136af61690f"},"headline":"Alg\u00e9rie : Tebboune ordonne le retour de la peine de mort pour les pyromanes apr\u00e8s des incendies meurtriers","datePublished":"2026-09-01T23:39:22+00:00","mainEntityOfPage":{"@id":"https:\/\/lepatriotebenin.com\/index.php\/2026\/09\/02\/algerie-tebboune-ordonne-le-retour-de-la-peine-de-mort-pour-les-pyromanes-apres-des-incendies-meurtriers\/"},"wordCount":354,"commentCount":0,"image":{"@id":"https:\/\/lepatriotebenin.com\/index.php\/2026\/09\/02\/algerie-tebboune-ordonne-le-retour-de-la-peine-de-mort-pour-les-pyromanes-apres-des-incendies-meurtriers\/#primaryimage"},"thumbnailUrl":"https:\/\/lepatriotebenin.com\/wp-content\/uploads\/2026\/09\/algerie.jpeg","articleSection":["Soci\u00e9t\u00e9"],"inLanguage":"fr-FR","potentialAction":[{"@type":"CommentAction","name":"Comment","target":["https:\/\/lepatriotebenin.com\/index.php\/2026\/09\/02\/algerie-tebboune-ordonne-le-retour-de-la-peine-de-mort-pour-les-pyromanes-apres-des-incendies-meurtriers\/#respond"]}]},{"@type":"WebPage","@id":"https:\/\/lepatriotebenin.com\/index.php\/2026\/09\/02\/algerie-tebboune-ordonne-le-retour-de-la-peine-de-mort-pour-les-pyromanes-apres-des-incendies-meurtriers\/","url":"https:\/\/lepatriotebenin.com\/index.php\/2026\/09\/02\/algerie-tebboune-ordonne-le-retour-de-la-peine-de-mort-pour-les-pyromanes-apres-des-incendies-meurtriers\/","name":"Alg\u00e9rie : Tebboune ordonne le retour de la peine de mort pour les pyromanes apr\u00e8s des incendies meurtriers - Le Patriote","isPartOf":{"@id":"https:\/\/lepatriotebenin.com\/#website"},"primaryImageOfPage":{"@id":"https:\/\/lepatriotebenin.com\/index.php\/2026\/09\/02\/algerie-tebboune-ordonne-le-retour-de-la-peine-de-mort-pour-les-pyromanes-apres-des-incendies-meurtriers\/#primaryimage"},"image":{"@id":"https:\/\/lepatriotebenin.com\/index.php\/2026\/09\/02\/algerie-tebboune-ordonne-le-retour-de-la-peine-de-mort-pour-les-pyromanes-apres-des-incendies-meurtriers\/#primaryimage"},"thumbnailUrl":"https:\/\/lepatriotebenin.com\/wp-content\/uploads\/2026\/09\/algerie.jpeg","datePublished":"2026-09-01T23:39:22+00:00","author":{"@id":"https:\/\/lepatriotebenin.com\/#\/schema\/person\/2e7709b9c9cc313e452d1136af61690f"},"breadcrumb":{"@id":"https:\/\/lepatriotebenin.com\/index.php\/2026\/09\/02\/algerie-tebboune-ordonne-le-retour-de-la-peine-de-mort-pour-les-pyromanes-apres-des-incendies-meurtriers\/#breadcrumb"},"inLanguage":"fr-FR","potentialAction":[{"@type":"ReadAction","target":["https:\/\/lepatriotebenin.com\/index.php\/2026\/09\/02\/algerie-tebboune-ordonne-le-retour-de-la-peine-de-mort-pour-les-pyromanes-apres-des-incendies-meurtriers\/"]}]},{"@type":"ImageObject","inLanguage":"fr-FR","@id":"https:\/\/lepatriotebenin.com\/index.php\/2026\/09\/02\/algerie-tebboune-ordonne-le-retour-de-la-peine-de-mort-pour-les-pyromanes-apres-des-incendies-meurtriers\/#primaryimage","url":"https:\/\/lepatriotebenin.com\/wp-content\/uploads\/2026\/09\/algerie.jpeg","contentUrl":"https:\/\/lepatriotebenin.com\/wp-content\/uploads\/2026\/09\/algerie.jpeg","width":580,"height":350},{"@type":"BreadcrumbList","@id":"https:\/\/lepatriotebenin.com\/index.php\/2026\/09\/02\/algerie-tebboune-ordonne-le-retour-de-la-peine-de-mort-pour-les-pyromanes-apres-des-incendies-meurtriers\/#breadcrumb","itemListElement":[{"@type":"ListItem","position":1,"name":"Accueil","item":"https:\/\/lepatriotebenin.com\/"},{"@type":"ListItem","position":2,"name":"Alg\u00e9rie : Tebboune ordonne le retour de la peine de mort pour les pyromanes apr\u00e8s des incendies meurtriers"}]},{"@type":"WebSite","@id":"https:\/\/lepatriotebenin.com\/#website","url":"https:\/\/lepatriotebenin.com\/","name":"Le Patriote","description":"Le Patriote B\u00e9nin","potentialAction":[{"@type":"SearchAction","target":{"@type":"EntryPoint","urlTemplate":"https:\/\/lepatriotebenin.com\/?s={search_term_string}"},"query-input":{"@type":"PropertyValueSpecification","valueRequired":true,"valueName":"search_term_string"}}],"inLanguage":"fr-FR"},{"@type":"Person","@id":"https:\/\/lepatriotebenin.com\/#\/schema\/person\/2e7709b9c9cc313e452d1136af61690f","name":"Redaction","image":{"@type":"ImageObject","inLanguage":"fr-FR","@id":"https:\/\/secure.gravatar.com\/avatar\/c4c509357859ea2ca2cbb6d8812898a73e4ef1ef9934c2e591d7e32face734d1?s=96&d=mm&r=g","url":"https:\/\/secure.gravatar.com\/avatar\/c4c509357859ea2ca2cbb6d8812898a73e4ef1ef9934c2e591d7e32face734d1?s=96&d=mm&r=g","contentUrl":"https:\/\/secure.gravatar.com\/avatar\/c4c509357859ea2ca2cbb6d8812898a73e4ef1ef9934c2e591d7e32face734d1?s=96&d=mm&r=g","caption":"Redaction"},"url":"https:\/\/lepatriotebenin.com"}]}},"_links":{"self":[{"href":"https:\/\/lepatriotebenin.com\/index.php\/wp-json\/wp\/v2\/posts\/23472","targetHints":{"allow":["GET"]}}],"collection":[{"href":"https:\/\/lepatriotebenin.com\/index.php\/wp-json\/wp\/v2\/posts"}],"about":[{"href":"https:\/\/lepatriotebenin.com\/index.php\/wp-json\/wp\/v2\/types\/post"}],"author":[{"embeddable":true,"href":"https:\/\/lepatriotebenin.com\/index.php\/wp-json\/wp\/v2\/users\/5"}],"replies":[{"embeddable":true,"href":"https:\/\/lepatriotebenin.com\/index.php\/wp-json\/wp\/v2\/comments?post=23472"}],"version-history":[{"count":1,"href":"https:\/\/lepatriotebenin.com\/index.php\/wp-json\/wp\/v2\/posts\/23472\/revisions"}],"predecessor-version":[{"id":23474,"href":"https:\/\/lepatriotebenin.com\/index.php\/wp-json\/wp\/v2\/posts\/23472\/revisions\/23474"}],"wp:featuredmedia":[{"embeddable":true,"href":"https:\/\/lepatriotebenin.com\/index.php\/wp-json\/wp\/v2\/media\/23473"}],"wp:attachment":[{"href":"https:\/\/lepatriotebenin.com\/index.php\/wp-json\/wp\/v2\/media?parent=23472"}],"wp:term":[{"taxonomy":"category","embeddable":true,"href":"https:\/\/lepatriotebenin.com\/index.php\/wp-json\/wp\/v2\/categories?post=23472"},{"taxonomy":"post_tag","embeddable":true,"href":"https:\/\/lepatriotebenin.com\/index.php\/wp-json\/wp\/v2\/tags?post=23472"}],"curies":[{"name":"wp","href":"https:\/\/api.w.org\/{rel}","templated":true}]}}