{"id":23461,"date":"2026-09-01T14:45:39","date_gmt":"2026-09-01T12:45:39","guid":{"rendered":"https:\/\/lepatriotebenin.com\/?p=23461"},"modified":"2026-09-01T14:45:39","modified_gmt":"2026-09-01T12:45:39","slug":"concours-dentree-dans-les-universites-publiques-les-candidats-invites-a-consulter-les-listes-de-composition","status":"publish","type":"post","link":"https:\/\/lepatriotebenin.com\/index.php\/2026\/09\/01\/concours-dentree-dans-les-universites-publiques-les-candidats-invites-a-consulter-les-listes-de-composition\/","title":{"rendered":"Concours d\u2019entr\u00e9e dans les universit\u00e9s publiques : les candidats invit\u00e9s \u00e0 consulter les listes de composition"},"content":{"rendered":"<p>Dans un communiqu\u00e9 en date du 31 ao\u00fbt 2026, le minist\u00e8re de l\u2019Enseignement sup\u00e9rieur et de la Recherche scientifique en charge de la formation technique, invite les candidats aux concours d\u2019entr\u00e9e en premi\u00e8re ann\u00e9e des \u00c9coles et Instituts des Universit\u00e9s publiques du B\u00e9nin, session 2026, \u00e0 consulter les listes de composition. Les candidats disposent \u00e9galement jusqu\u2019au 3 septembre 2026 pour introduire d\u2019\u00e9ventuelles r\u00e9clamations. concours d\u2019entr\u00e9e en premi\u00e8re ann\u00e9e des \u00c9coles et Instituts des Universit\u00e9s publiques du B\u00e9nin, session 2026, \u00e0 consulter les listes de composition. Les candidats disposent \u00e9galement jusqu\u2019au 3 septembre 2026 pour introduire d\u2019\u00e9ventuelles r\u00e9clamations.<\/p>\n<p><img fetchpriority=\"high\" decoding=\"async\" class=\"alignnone size-medium wp-image-23462\" src=\"https:\/\/lepatriotebenin.com\/wp-content\/uploads\/2026\/09\/parakou-212x300.jpg\" alt=\"\" width=\"212\" height=\"300\" srcset=\"https:\/\/lepatriotebenin.com\/wp-content\/uploads\/2026\/09\/parakou-212x300.jpg 212w, https:\/\/lepatriotebenin.com\/wp-content\/uploads\/2026\/09\/parakou-724x1024.jpg 724w, https:\/\/lepatriotebenin.com\/wp-content\/uploads\/2026\/09\/parakou-768x1087.jpg 768w, https:\/\/lepatriotebenin.com\/wp-content\/uploads\/2026\/09\/parakou-1085x1536.jpg 1085w, https:\/\/lepatriotebenin.com\/wp-content\/uploads\/2026\/09\/parakou-1170x1656.jpg 1170w, https:\/\/lepatriotebenin.com\/wp-content\/uploads\/2026\/09\/parakou-585x828.jpg 585w, https:\/\/lepatriotebenin.com\/wp-content\/uploads\/2026\/09\/parakou.jpg 1240w\" sizes=\"(max-width: 212px) 100vw, 212px\" \/><\/p>\n","protected":false},"excerpt":{"rendered":"<p>Dans un communiqu\u00e9 en date du 31 ao\u00fbt 2026, le minist\u00e8re de l\u2019Enseignement sup\u00e9rieur et de la Recherche scientifique en charge de la formation technique, invite les candidats aux concours&hellip;<\/p>\n","protected":false},"author":5,"featured_media":23463,"comment_status":"open","ping_status":"open","sticky":false,"template":"","format":"standard","meta":{"content-type":"","om_disable_all_campaigns":false,"_monsterinsights_skip_tracking":false,"_uf_show_specific_survey":0,"_uf_disable_surveys":false,"footnotes":""},"categories":[20],"tags":[],"class_list":["post-23461","post","type-post","status-publish","format-standard","has-post-thumbnail","hentry","category-societe"],"aioseo_notices":[],"aioseo_head":"\n\t\t<!-- All in One SEO 5.0.1.1 - aioseo.com -->\n\t<meta name=\"description\" content=\"Dans un communiqu\u00e9 en date du 31 ao\u00fbt 2026, le minist\u00e8re de l\u2019Enseignement sup\u00e9rieur et de la Recherche scientifique en charge de la formation technique, invite les candidats aux concours d\u2019entr\u00e9e en premi\u00e8re ann\u00e9e des \u00c9coles et Instituts des Universit\u00e9s publiques du B\u00e9nin, session 2026, \u00e0 consulter les listes de composition. Les candidats disposent \u00e9galement\" \/>\n\t<meta name=\"robots\" content=\"max-image-preview:large\" \/>\n\t<meta name=\"author\" content=\"Redaction\"\/>\n\t<link rel=\"canonical\" href=\"https:\/\/lepatriotebenin.com\/index.php\/2026\/09\/01\/concours-dentree-dans-les-universites-publiques-les-candidats-invites-a-consulter-les-listes-de-composition\/\" \/>\n\t<meta name=\"generator\" content=\"All in One SEO (AIOSEO) 5.0.1.1\" \/>\n\t\t<meta property=\"og:locale\" content=\"fr_FR\" \/>\n\t\t<meta property=\"og:site_name\" content=\"Le Patriote - Le Patriote B\u00e9nin\" \/>\n\t\t<meta property=\"og:type\" content=\"article\" \/>\n\t\t<meta property=\"og:title\" content=\"Concours d\u2019entr\u00e9e dans les universit\u00e9s publiques : les candidats invit\u00e9s \u00e0 consulter les listes de composition - Le Patriote\" \/>\n\t\t<meta property=\"og:description\" content=\"Dans un communiqu\u00e9 en date du 31 ao\u00fbt 2026, le minist\u00e8re de l\u2019Enseignement sup\u00e9rieur et de la Recherche scientifique en charge de la formation technique, invite les candidats aux concours d\u2019entr\u00e9e en premi\u00e8re ann\u00e9e des \u00c9coles et Instituts des Universit\u00e9s publiques du B\u00e9nin, session 2026, \u00e0 consulter les listes de composition. Les candidats disposent \u00e9galement\" \/>\n\t\t<meta property=\"og:url\" content=\"https:\/\/lepatriotebenin.com\/index.php\/2026\/09\/01\/concours-dentree-dans-les-universites-publiques-les-candidats-invites-a-consulter-les-listes-de-composition\/\" \/>\n\t\t<meta property=\"article:published_time\" content=\"2026-09-01T12:45:39+00:00\" \/>\n\t\t<meta property=\"article:modified_time\" content=\"2026-09-01T12:45:39+00:00\" \/>\n\t\t<meta name=\"twitter:card\" content=\"summary_large_image\" \/>\n\t\t<meta name=\"twitter:title\" content=\"Concours d\u2019entr\u00e9e dans les universit\u00e9s publiques : les candidats invit\u00e9s \u00e0 consulter les listes de composition - Le Patriote\" \/>\n\t\t<meta name=\"twitter:description\" content=\"Dans un communiqu\u00e9 en date du 31 ao\u00fbt 2026, le minist\u00e8re de l\u2019Enseignement sup\u00e9rieur et de la Recherche scientifique en charge de la formation technique, invite les candidats aux concours d\u2019entr\u00e9e en premi\u00e8re ann\u00e9e des \u00c9coles et Instituts des Universit\u00e9s publiques du B\u00e9nin, session 2026, \u00e0 consulter les listes de composition. Les candidats disposent \u00e9galement\" \/>\n\t\t<script type=\"application\/ld+json\" class=\"aioseo-schema\">\n\t\t\t{\"@context\":\"https:\\\/\\\/schema.org\",\"@graph\":[{\"@type\":\"BlogPosting\",\"@id\":\"https:\\\/\\\/lepatriotebenin.com\\\/index.php\\\/2026\\\/09\\\/01\\\/concours-dentree-dans-les-universites-publiques-les-candidats-invites-a-consulter-les-listes-de-composition\\\/#blogposting\",\"name\":\"Concours d\\u2019entr\\u00e9e dans les universit\\u00e9s publiques : les candidats invit\\u00e9s \\u00e0 consulter les listes de composition - Le Patriote\",\"headline\":\"Concours d\\u2019entr\\u00e9e dans les universit\\u00e9s publiques : les candidats invit\\u00e9s \\u00e0 consulter les listes de composition\",\"author\":{\"@id\":\"https:\\\/\\\/lepatriotebenin.com#author\"},\"publisher\":{\"@id\":\"https:\\\/\\\/lepatriotebenin.com\\\/#organization\"},\"image\":{\"@type\":\"ImageObject\",\"url\":\"https:\\\/\\\/lepatriotebenin.com\\\/wp-content\\\/uploads\\\/2026\\\/09\\\/universite-parakou.png\",\"width\":739,\"height\":415},\"datePublished\":\"2026-09-01T14:45:39+02:00\",\"dateModified\":\"2026-09-01T14:45:39+02:00\",\"inLanguage\":\"fr-FR\",\"mainEntityOfPage\":{\"@id\":\"https:\\\/\\\/lepatriotebenin.com\\\/index.php\\\/2026\\\/09\\\/01\\\/concours-dentree-dans-les-universites-publiques-les-candidats-invites-a-consulter-les-listes-de-composition\\\/#webpage\"},\"isPartOf\":{\"@id\":\"https:\\\/\\\/lepatriotebenin.com\\\/index.php\\\/2026\\\/09\\\/01\\\/concours-dentree-dans-les-universites-publiques-les-candidats-invites-a-consulter-les-listes-de-composition\\\/#webpage\"},\"articleSection\":\"Soci\\u00e9t\\u00e9\"},{\"@type\":\"BreadcrumbList\",\"@id\":\"https:\\\/\\\/lepatriotebenin.com\\\/index.php\\\/2026\\\/09\\\/01\\\/concours-dentree-dans-les-universites-publiques-les-candidats-invites-a-consulter-les-listes-de-composition\\\/#breadcrumblist\",\"itemListElement\":[{\"@type\":\"ListItem\",\"@id\":\"https:\\\/\\\/lepatriotebenin.com#listItem\",\"position\":1,\"name\":\"Home\",\"item\":\"https:\\\/\\\/lepatriotebenin.com\",\"nextItem\":{\"@type\":\"ListItem\",\"@id\":\"https:\\\/\\\/lepatriotebenin.com\\\/index.php\\\/category\\\/societe\\\/#listItem\",\"name\":\"Soci\\u00e9t\\u00e9\"}},{\"@type\":\"ListItem\",\"@id\":\"https:\\\/\\\/lepatriotebenin.com\\\/index.php\\\/category\\\/societe\\\/#listItem\",\"position\":2,\"name\":\"Soci\\u00e9t\\u00e9\",\"item\":\"https:\\\/\\\/lepatriotebenin.com\\\/index.php\\\/category\\\/societe\\\/\",\"nextItem\":{\"@type\":\"ListItem\",\"@id\":\"https:\\\/\\\/lepatriotebenin.com\\\/index.php\\\/2026\\\/09\\\/01\\\/concours-dentree-dans-les-universites-publiques-les-candidats-invites-a-consulter-les-listes-de-composition\\\/#listItem\",\"name\":\"Concours d\\u2019entr\\u00e9e dans les universit\\u00e9s publiques : les candidats invit\\u00e9s \\u00e0 consulter les listes de composition\"},\"previousItem\":{\"@type\":\"ListItem\",\"@id\":\"https:\\\/\\\/lepatriotebenin.com#listItem\",\"name\":\"Home\"}},{\"@type\":\"ListItem\",\"@id\":\"https:\\\/\\\/lepatriotebenin.com\\\/index.php\\\/2026\\\/09\\\/01\\\/concours-dentree-dans-les-universites-publiques-les-candidats-invites-a-consulter-les-listes-de-composition\\\/#listItem\",\"position\":3,\"name\":\"Concours d\\u2019entr\\u00e9e dans les universit\\u00e9s publiques : les candidats invit\\u00e9s \\u00e0 consulter les listes de composition\",\"previousItem\":{\"@type\":\"ListItem\",\"@id\":\"https:\\\/\\\/lepatriotebenin.com\\\/index.php\\\/category\\\/societe\\\/#listItem\",\"name\":\"Soci\\u00e9t\\u00e9\"}}]},{\"@type\":\"Organization\",\"@id\":\"https:\\\/\\\/lepatriotebenin.com\\\/#organization\",\"name\":\"Le Patriote\",\"description\":\"Le Patriote B\\u00e9nin\",\"url\":\"https:\\\/\\\/lepatriotebenin.com\\\/\"},{\"@type\":\"Person\",\"@id\":\"https:\\\/\\\/lepatriotebenin.com#author\",\"url\":\"https:\\\/\\\/lepatriotebenin.com\",\"name\":\"Redaction\",\"image\":{\"@type\":\"ImageObject\",\"@id\":\"https:\\\/\\\/lepatriotebenin.com\\\/index.php\\\/2026\\\/09\\\/01\\\/concours-dentree-dans-les-universites-publiques-les-candidats-invites-a-consulter-les-listes-de-composition\\\/#authorImage\",\"url\":\"https:\\\/\\\/secure.gravatar.com\\\/avatar\\\/c4c509357859ea2ca2cbb6d8812898a73e4ef1ef9934c2e591d7e32face734d1?s=96&d=mm&r=g\",\"width\":96,\"height\":96,\"caption\":\"Redaction\"}},{\"@type\":\"WebPage\",\"@id\":\"https:\\\/\\\/lepatriotebenin.com\\\/index.php\\\/2026\\\/09\\\/01\\\/concours-dentree-dans-les-universites-publiques-les-candidats-invites-a-consulter-les-listes-de-composition\\\/#webpage\",\"url\":\"https:\\\/\\\/lepatriotebenin.com\\\/index.php\\\/2026\\\/09\\\/01\\\/concours-dentree-dans-les-universites-publiques-les-candidats-invites-a-consulter-les-listes-de-composition\\\/\",\"name\":\"Concours d\\u2019entr\\u00e9e dans les universit\\u00e9s publiques : les candidats invit\\u00e9s \\u00e0 consulter les listes de composition - Le Patriote\",\"description\":\"Dans un communiqu\\u00e9 en date du 31 ao\\u00fbt 2026, le minist\\u00e8re de l\\u2019Enseignement sup\\u00e9rieur et de la Recherche scientifique en charge de la formation technique, invite les candidats aux concours d\\u2019entr\\u00e9e en premi\\u00e8re ann\\u00e9e des \\u00c9coles et Instituts des Universit\\u00e9s publiques du B\\u00e9nin, session 2026, \\u00e0 consulter les listes de composition. Les candidats disposent \\u00e9galement\",\"inLanguage\":\"fr-FR\",\"isPartOf\":{\"@id\":\"https:\\\/\\\/lepatriotebenin.com\\\/#website\"},\"breadcrumb\":{\"@id\":\"https:\\\/\\\/lepatriotebenin.com\\\/index.php\\\/2026\\\/09\\\/01\\\/concours-dentree-dans-les-universites-publiques-les-candidats-invites-a-consulter-les-listes-de-composition\\\/#breadcrumblist\"},\"author\":{\"@id\":\"https:\\\/\\\/lepatriotebenin.com#author\"},\"creator\":{\"@id\":\"https:\\\/\\\/lepatriotebenin.com#author\"},\"image\":{\"@type\":\"ImageObject\",\"url\":\"https:\\\/\\\/lepatriotebenin.com\\\/wp-content\\\/uploads\\\/2026\\\/09\\\/universite-parakou.png\",\"@id\":\"https:\\\/\\\/lepatriotebenin.com\\\/index.php\\\/2026\\\/09\\\/01\\\/concours-dentree-dans-les-universites-publiques-les-candidats-invites-a-consulter-les-listes-de-composition\\\/#mainImage\",\"width\":739,\"height\":415},\"primaryImageOfPage\":{\"@id\":\"https:\\\/\\\/lepatriotebenin.com\\\/index.php\\\/2026\\\/09\\\/01\\\/concours-dentree-dans-les-universites-publiques-les-candidats-invites-a-consulter-les-listes-de-composition\\\/#mainImage\"},\"datePublished\":\"2026-09-01T14:45:39+02:00\",\"dateModified\":\"2026-09-01T14:45:39+02:00\"},{\"@type\":\"WebSite\",\"@id\":\"https:\\\/\\\/lepatriotebenin.com\\\/#website\",\"url\":\"https:\\\/\\\/lepatriotebenin.com\\\/\",\"name\":\"Le Patriote\",\"description\":\"Le Patriote B\\u00e9nin\",\"inLanguage\":\"fr-FR\",\"publisher\":{\"@id\":\"https:\\\/\\\/lepatriotebenin.com\\\/#organization\"}}]}\n\t\t<\/script>\n\t\t<!-- All in One SEO -->\n\n","aioseo_head_json":{"title":"Concours d\u2019entr\u00e9e dans les universit\u00e9s publiques : les candidats invit\u00e9s \u00e0 consulter les listes de composition - Le Patriote","description":"Dans un communiqu\u00e9 en date du 31 ao\u00fbt 2026, le minist\u00e8re de l\u2019Enseignement sup\u00e9rieur et de la Recherche scientifique en charge de la formation technique, invite les candidats aux concours d\u2019entr\u00e9e en premi\u00e8re ann\u00e9e des \u00c9coles et Instituts des Universit\u00e9s publiques du B\u00e9nin, session 2026, \u00e0 consulter les listes de composition. Les candidats disposent \u00e9galement","canonical_url":"https:\/\/lepatriotebenin.com\/index.php\/2026\/09\/01\/concours-dentree-dans-les-universites-publiques-les-candidats-invites-a-consulter-les-listes-de-composition\/","robots":"max-image-preview:large","keywords":"","webmasterTools":{"miscellaneous":""},"schema":{"@context":"https:\/\/schema.org","@graph":[{"@type":"BlogPosting","@id":"https:\/\/lepatriotebenin.com\/index.php\/2026\/09\/01\/concours-dentree-dans-les-universites-publiques-les-candidats-invites-a-consulter-les-listes-de-composition\/#blogposting","name":"Concours d\u2019entr\u00e9e dans les universit\u00e9s publiques : les candidats invit\u00e9s \u00e0 consulter les listes de composition - Le Patriote","headline":"Concours d\u2019entr\u00e9e dans les universit\u00e9s publiques : les candidats invit\u00e9s \u00e0 consulter les listes de composition","author":{"@id":"https:\/\/lepatriotebenin.com#author"},"publisher":{"@id":"https:\/\/lepatriotebenin.com\/#organization"},"image":{"@type":"ImageObject","url":"https:\/\/lepatriotebenin.com\/wp-content\/uploads\/2026\/09\/universite-parakou.png","width":739,"height":415},"datePublished":"2026-09-01T14:45:39+02:00","dateModified":"2026-09-01T14:45:39+02:00","inLanguage":"fr-FR","mainEntityOfPage":{"@id":"https:\/\/lepatriotebenin.com\/index.php\/2026\/09\/01\/concours-dentree-dans-les-universites-publiques-les-candidats-invites-a-consulter-les-listes-de-composition\/#webpage"},"isPartOf":{"@id":"https:\/\/lepatriotebenin.com\/index.php\/2026\/09\/01\/concours-dentree-dans-les-universites-publiques-les-candidats-invites-a-consulter-les-listes-de-composition\/#webpage"},"articleSection":"Soci\u00e9t\u00e9"},{"@type":"BreadcrumbList","@id":"https:\/\/lepatriotebenin.com\/index.php\/2026\/09\/01\/concours-dentree-dans-les-universites-publiques-les-candidats-invites-a-consulter-les-listes-de-composition\/#breadcrumblist","itemListElement":[{"@type":"ListItem","@id":"https:\/\/lepatriotebenin.com#listItem","position":1,"name":"Home","item":"https:\/\/lepatriotebenin.com","nextItem":{"@type":"ListItem","@id":"https:\/\/lepatriotebenin.com\/index.php\/category\/societe\/#listItem","name":"Soci\u00e9t\u00e9"}},{"@type":"ListItem","@id":"https:\/\/lepatriotebenin.com\/index.php\/category\/societe\/#listItem","position":2,"name":"Soci\u00e9t\u00e9","item":"https:\/\/lepatriotebenin.com\/index.php\/category\/societe\/","nextItem":{"@type":"ListItem","@id":"https:\/\/lepatriotebenin.com\/index.php\/2026\/09\/01\/concours-dentree-dans-les-universites-publiques-les-candidats-invites-a-consulter-les-listes-de-composition\/#listItem","name":"Concours d\u2019entr\u00e9e dans les universit\u00e9s publiques : les candidats invit\u00e9s \u00e0 consulter les listes de composition"},"previousItem":{"@type":"ListItem","@id":"https:\/\/lepatriotebenin.com#listItem","name":"Home"}},{"@type":"ListItem","@id":"https:\/\/lepatriotebenin.com\/index.php\/2026\/09\/01\/concours-dentree-dans-les-universites-publiques-les-candidats-invites-a-consulter-les-listes-de-composition\/#listItem","position":3,"name":"Concours d\u2019entr\u00e9e dans les universit\u00e9s publiques : les candidats invit\u00e9s \u00e0 consulter les listes de composition","previousItem":{"@type":"ListItem","@id":"https:\/\/lepatriotebenin.com\/index.php\/category\/societe\/#listItem","name":"Soci\u00e9t\u00e9"}}]},{"@type":"Organization","@id":"https:\/\/lepatriotebenin.com\/#organization","name":"Le Patriote","description":"Le Patriote B\u00e9nin","url":"https:\/\/lepatriotebenin.com\/"},{"@type":"Person","@id":"https:\/\/lepatriotebenin.com#author","url":"https:\/\/lepatriotebenin.com","name":"Redaction","image":{"@type":"ImageObject","@id":"https:\/\/lepatriotebenin.com\/index.php\/2026\/09\/01\/concours-dentree-dans-les-universites-publiques-les-candidats-invites-a-consulter-les-listes-de-composition\/#authorImage","url":"https:\/\/secure.gravatar.com\/avatar\/c4c509357859ea2ca2cbb6d8812898a73e4ef1ef9934c2e591d7e32face734d1?s=96&d=mm&r=g","width":96,"height":96,"caption":"Redaction"}},{"@type":"WebPage","@id":"https:\/\/lepatriotebenin.com\/index.php\/2026\/09\/01\/concours-dentree-dans-les-universites-publiques-les-candidats-invites-a-consulter-les-listes-de-composition\/#webpage","url":"https:\/\/lepatriotebenin.com\/index.php\/2026\/09\/01\/concours-dentree-dans-les-universites-publiques-les-candidats-invites-a-consulter-les-listes-de-composition\/","name":"Concours d\u2019entr\u00e9e dans les universit\u00e9s publiques : les candidats invit\u00e9s \u00e0 consulter les listes de composition - Le Patriote","description":"Dans un communiqu\u00e9 en date du 31 ao\u00fbt 2026, le minist\u00e8re de l\u2019Enseignement sup\u00e9rieur et de la Recherche scientifique en charge de la formation technique, invite les candidats aux concours d\u2019entr\u00e9e en premi\u00e8re ann\u00e9e des \u00c9coles et Instituts des Universit\u00e9s publiques du B\u00e9nin, session 2026, \u00e0 consulter les listes de composition. Les candidats disposent \u00e9galement","inLanguage":"fr-FR","isPartOf":{"@id":"https:\/\/lepatriotebenin.com\/#website"},"breadcrumb":{"@id":"https:\/\/lepatriotebenin.com\/index.php\/2026\/09\/01\/concours-dentree-dans-les-universites-publiques-les-candidats-invites-a-consulter-les-listes-de-composition\/#breadcrumblist"},"author":{"@id":"https:\/\/lepatriotebenin.com#author"},"creator":{"@id":"https:\/\/lepatriotebenin.com#author"},"image":{"@type":"ImageObject","url":"https:\/\/lepatriotebenin.com\/wp-content\/uploads\/2026\/09\/universite-parakou.png","@id":"https:\/\/lepatriotebenin.com\/index.php\/2026\/09\/01\/concours-dentree-dans-les-universites-publiques-les-candidats-invites-a-consulter-les-listes-de-composition\/#mainImage","width":739,"height":415},"primaryImageOfPage":{"@id":"https:\/\/lepatriotebenin.com\/index.php\/2026\/09\/01\/concours-dentree-dans-les-universites-publiques-les-candidats-invites-a-consulter-les-listes-de-composition\/#mainImage"},"datePublished":"2026-09-01T14:45:39+02:00","dateModified":"2026-09-01T14:45:39+02:00"},{"@type":"WebSite","@id":"https:\/\/lepatriotebenin.com\/#website","url":"https:\/\/lepatriotebenin.com\/","name":"Le Patriote","description":"Le Patriote B\u00e9nin","inLanguage":"fr-FR","publisher":{"@id":"https:\/\/lepatriotebenin.com\/#organization"}}]},"og:locale":"fr_FR","og:site_name":"Le Patriote - Le Patriote B\u00e9nin","og:type":"article","og:title":"Concours d\u2019entr\u00e9e dans les universit\u00e9s publiques : les candidats invit\u00e9s \u00e0 consulter les listes de composition - Le Patriote","og:description":"Dans un communiqu\u00e9 en date du 31 ao\u00fbt 2026, le minist\u00e8re de l\u2019Enseignement sup\u00e9rieur et de la Recherche scientifique en charge de la formation technique, invite les candidats aux concours d\u2019entr\u00e9e en premi\u00e8re ann\u00e9e des \u00c9coles et Instituts des Universit\u00e9s publiques du B\u00e9nin, session 2026, \u00e0 consulter les listes de composition. Les candidats disposent \u00e9galement","og:url":"https:\/\/lepatriotebenin.com\/index.php\/2026\/09\/01\/concours-dentree-dans-les-universites-publiques-les-candidats-invites-a-consulter-les-listes-de-composition\/","article:published_time":"2026-09-01T12:45:39+00:00","article:modified_time":"2026-09-01T12:45:39+00:00","twitter:card":"summary_large_image","twitter:title":"Concours d\u2019entr\u00e9e dans les universit\u00e9s publiques : les candidats invit\u00e9s \u00e0 consulter les listes de composition - Le Patriote","twitter:description":"Dans un communiqu\u00e9 en date du 31 ao\u00fbt 2026, le minist\u00e8re de l\u2019Enseignement sup\u00e9rieur et de la Recherche scientifique en charge de la formation technique, invite les candidats aux concours d\u2019entr\u00e9e en premi\u00e8re ann\u00e9e des \u00c9coles et Instituts des Universit\u00e9s publiques du B\u00e9nin, session 2026, \u00e0 consulter les listes de composition. Les candidats disposent \u00e9galement"},"aioseo_meta_data":{"post_id":"23461","title":null,"description":null,"keywords":null,"keyphrases":{"focus":{"keyphrase":"","score":0,"analysis":{"keyphraseInTitle":{"score":0,"maxScore":9,"error":1}}},"additional":[]},"primary_term":null,"canonical_url":null,"og_title":null,"og_description":null,"og_object_type":"default","og_image_type":"default","og_image_url":null,"og_image_width":null,"og_image_height":null,"og_image_custom_url":null,"og_image_custom_fields":null,"og_video":"","og_custom_url":null,"og_article_section":null,"og_article_tags":null,"twitter_use_og":false,"twitter_card":"default","twitter_image_type":"default","twitter_image_url":null,"twitter_image_custom_url":null,"twitter_image_custom_fields":null,"twitter_title":null,"twitter_description":null,"schema":{"blockGraphs":[],"customGraphs":[],"default":{"data":{"Article":[],"Course":[],"Dataset":[],"FAQPage":[],"Movie":[],"Person":[],"Product":[],"ProductReview":[],"Car":[],"Recipe":[],"Service":[],"SoftwareApplication":[],"WebPage":[]},"graphName":"BlogPosting","isEnabled":true},"graphs":[]},"schema_type":"default","schema_type_options":null,"pillar_content":false,"robots_default":true,"robots_noindex":false,"robots_noarchive":false,"robots_nosnippet":false,"robots_nofollow":false,"robots_noimageindex":false,"robots_noodp":false,"robots_notranslate":false,"robots_max_snippet":"-1","robots_max_videopreview":"-1","robots_max_imagepreview":"large","priority":null,"frequency":"default","local_seo":null,"breadcrumb_settings":null,"limit_modified_date":false,"ai":{"faqs":[],"keyPoints":[],"schemas":[],"titles":[],"descriptions":[],"socialPosts":{"email":{"subject":"","preview":"","content":""},"linkedin":[],"twitter":[],"facebook":[],"instagram":[]}},"created":"2026-09-01 12:45:39","updated":"2026-09-01 12:54:34","seo_analyzer_scan_date":null,"focus_keyword":null,"additional_keywords":null,"truseo_locale":null},"aioseo_breadcrumb":"<div class=\"aioseo-breadcrumbs\"><span class=\"aioseo-breadcrumb\">\n\t\t\t<a href=\"https:\/\/lepatriotebenin.com\" title=\"Home\">Home<\/a>\n\t\t<\/span><span class=\"aioseo-breadcrumb-separator\">&raquo;<\/span><span class=\"aioseo-breadcrumb\">\n\t\t\t<a href=\"https:\/\/lepatriotebenin.com\/index.php\/category\/societe\/\" title=\"Soci\u00e9t\u00e9\">Soci\u00e9t\u00e9<\/a>\n\t\t<\/span><span class=\"aioseo-breadcrumb-separator\">&raquo;<\/span><span class=\"aioseo-breadcrumb\">\n\t\t\tConcours d\u2019entr\u00e9e dans les universit\u00e9s publiques : les candidats invit\u00e9s \u00e0 consulter les listes de composition\n\t\t<\/span><\/div>","aioseo_breadcrumb_json":[{"label":"Home","link":"https:\/\/lepatriotebenin.com"},{"label":"Soci\u00e9t\u00e9","link":"https:\/\/lepatriotebenin.com\/index.php\/category\/societe\/"},{"label":"Concours d\u2019entr\u00e9e dans les universit\u00e9s publiques : les candidats invit\u00e9s \u00e0 consulter les listes de composition","link":"https:\/\/lepatriotebenin.com\/index.php\/2026\/09\/01\/concours-dentree-dans-les-universites-publiques-les-candidats-invites-a-consulter-les-listes-de-composition\/"}],"yoast_head":"<!-- This site is optimized with the Yoast SEO plugin v28.3 - https:\/\/yoast.com\/product\/yoast-seo-wordpress\/ -->\n<title>Concours d\u2019entr\u00e9e dans les universit\u00e9s publiques : les candidats invit\u00e9s \u00e0 consulter les listes de composition - Le Patriote<\/title>\n<meta name=\"robots\" content=\"index, follow, max-snippet:-1, max-image-preview:large, max-video-preview:-1\" \/>\n<link rel=\"canonical\" href=\"https:\/\/lepatriotebenin.com\/index.php\/2026\/09\/01\/concours-dentree-dans-les-universites-publiques-les-candidats-invites-a-consulter-les-listes-de-composition\/\" \/>\n<meta property=\"og:locale\" content=\"fr_FR\" \/>\n<meta property=\"og:type\" content=\"article\" \/>\n<meta property=\"og:title\" content=\"Concours d\u2019entr\u00e9e dans les universit\u00e9s publiques : les candidats invit\u00e9s \u00e0 consulter les listes de composition - Le Patriote\" \/>\n<meta property=\"og:description\" content=\"Dans un communiqu\u00e9 en date du 31 ao\u00fbt 2026, le minist\u00e8re de l\u2019Enseignement sup\u00e9rieur et de la Recherche scientifique en charge de la formation technique, invite les candidats aux concours&hellip;\" \/>\n<meta property=\"og:url\" content=\"https:\/\/lepatriotebenin.com\/index.php\/2026\/09\/01\/concours-dentree-dans-les-universites-publiques-les-candidats-invites-a-consulter-les-listes-de-composition\/\" \/>\n<meta property=\"og:site_name\" content=\"Le Patriote\" \/>\n<meta property=\"article:published_time\" content=\"2026-09-01T12:45:39+00:00\" \/>\n<meta property=\"og:image\" content=\"https:\/\/lepatriotebenin.com\/wp-content\/uploads\/2026\/09\/universite-parakou.png\" \/>\n\t<meta property=\"og:image:width\" content=\"739\" \/>\n\t<meta property=\"og:image:height\" content=\"415\" \/>\n\t<meta property=\"og:image:type\" content=\"image\/png\" \/>\n<meta name=\"author\" content=\"Redaction\" \/>\n<meta name=\"twitter:card\" content=\"summary_large_image\" \/>\n<meta name=\"twitter:label1\" content=\"\u00c9crit par\" \/>\n\t<meta name=\"twitter:data1\" content=\"Redaction\" \/>\n\t<meta name=\"twitter:label2\" content=\"Dur\u00e9e de lecture estim\u00e9e\" \/>\n\t<meta name=\"twitter:data2\" content=\"1 minute\" \/>\n<script type=\"application\/ld+json\" class=\"yoast-schema-graph\">{\"@context\":\"https:\\\/\\\/schema.org\",\"@graph\":[{\"@type\":\"Article\",\"@id\":\"https:\\\/\\\/lepatriotebenin.com\\\/index.php\\\/2026\\\/09\\\/01\\\/concours-dentree-dans-les-universites-publiques-les-candidats-invites-a-consulter-les-listes-de-composition\\\/#article\",\"isPartOf\":{\"@id\":\"https:\\\/\\\/lepatriotebenin.com\\\/index.php\\\/2026\\\/09\\\/01\\\/concours-dentree-dans-les-universites-publiques-les-candidats-invites-a-consulter-les-listes-de-composition\\\/\"},\"author\":{\"name\":\"Redaction\",\"@id\":\"https:\\\/\\\/lepatriotebenin.com\\\/#\\\/schema\\\/person\\\/2e7709b9c9cc313e452d1136af61690f\"},\"headline\":\"Concours d\u2019entr\u00e9e dans les universit\u00e9s publiques : les candidats invit\u00e9s \u00e0 consulter les listes de composition\",\"datePublished\":\"2026-09-01T12:45:39+00:00\",\"mainEntityOfPage\":{\"@id\":\"https:\\\/\\\/lepatriotebenin.com\\\/index.php\\\/2026\\\/09\\\/01\\\/concours-dentree-dans-les-universites-publiques-les-candidats-invites-a-consulter-les-listes-de-composition\\\/\"},\"wordCount\":127,\"commentCount\":0,\"image\":{\"@id\":\"https:\\\/\\\/lepatriotebenin.com\\\/index.php\\\/2026\\\/09\\\/01\\\/concours-dentree-dans-les-universites-publiques-les-candidats-invites-a-consulter-les-listes-de-composition\\\/#primaryimage\"},\"thumbnailUrl\":\"https:\\\/\\\/lepatriotebenin.com\\\/wp-content\\\/uploads\\\/2026\\\/09\\\/universite-parakou.png\",\"articleSection\":[\"Soci\u00e9t\u00e9\"],\"inLanguage\":\"fr-FR\",\"potentialAction\":[{\"@type\":\"CommentAction\",\"name\":\"Comment\",\"target\":[\"https:\\\/\\\/lepatriotebenin.com\\\/index.php\\\/2026\\\/09\\\/01\\\/concours-dentree-dans-les-universites-publiques-les-candidats-invites-a-consulter-les-listes-de-composition\\\/#respond\"]}]},{\"@type\":\"WebPage\",\"@id\":\"https:\\\/\\\/lepatriotebenin.com\\\/index.php\\\/2026\\\/09\\\/01\\\/concours-dentree-dans-les-universites-publiques-les-candidats-invites-a-consulter-les-listes-de-composition\\\/\",\"url\":\"https:\\\/\\\/lepatriotebenin.com\\\/index.php\\\/2026\\\/09\\\/01\\\/concours-dentree-dans-les-universites-publiques-les-candidats-invites-a-consulter-les-listes-de-composition\\\/\",\"name\":\"Concours d\u2019entr\u00e9e dans les universit\u00e9s publiques : les candidats invit\u00e9s \u00e0 consulter les listes de composition - Le Patriote\",\"isPartOf\":{\"@id\":\"https:\\\/\\\/lepatriotebenin.com\\\/#website\"},\"primaryImageOfPage\":{\"@id\":\"https:\\\/\\\/lepatriotebenin.com\\\/index.php\\\/2026\\\/09\\\/01\\\/concours-dentree-dans-les-universites-publiques-les-candidats-invites-a-consulter-les-listes-de-composition\\\/#primaryimage\"},\"image\":{\"@id\":\"https:\\\/\\\/lepatriotebenin.com\\\/index.php\\\/2026\\\/09\\\/01\\\/concours-dentree-dans-les-universites-publiques-les-candidats-invites-a-consulter-les-listes-de-composition\\\/#primaryimage\"},\"thumbnailUrl\":\"https:\\\/\\\/lepatriotebenin.com\\\/wp-content\\\/uploads\\\/2026\\\/09\\\/universite-parakou.png\",\"datePublished\":\"2026-09-01T12:45:39+00:00\",\"author\":{\"@id\":\"https:\\\/\\\/lepatriotebenin.com\\\/#\\\/schema\\\/person\\\/2e7709b9c9cc313e452d1136af61690f\"},\"breadcrumb\":{\"@id\":\"https:\\\/\\\/lepatriotebenin.com\\\/index.php\\\/2026\\\/09\\\/01\\\/concours-dentree-dans-les-universites-publiques-les-candidats-invites-a-consulter-les-listes-de-composition\\\/#breadcrumb\"},\"inLanguage\":\"fr-FR\",\"potentialAction\":[{\"@type\":\"ReadAction\",\"target\":[\"https:\\\/\\\/lepatriotebenin.com\\\/index.php\\\/2026\\\/09\\\/01\\\/concours-dentree-dans-les-universites-publiques-les-candidats-invites-a-consulter-les-listes-de-composition\\\/\"]}]},{\"@type\":\"ImageObject\",\"inLanguage\":\"fr-FR\",\"@id\":\"https:\\\/\\\/lepatriotebenin.com\\\/index.php\\\/2026\\\/09\\\/01\\\/concours-dentree-dans-les-universites-publiques-les-candidats-invites-a-consulter-les-listes-de-composition\\\/#primaryimage\",\"url\":\"https:\\\/\\\/lepatriotebenin.com\\\/wp-content\\\/uploads\\\/2026\\\/09\\\/universite-parakou.png\",\"contentUrl\":\"https:\\\/\\\/lepatriotebenin.com\\\/wp-content\\\/uploads\\\/2026\\\/09\\\/universite-parakou.png\",\"width\":739,\"height\":415},{\"@type\":\"BreadcrumbList\",\"@id\":\"https:\\\/\\\/lepatriotebenin.com\\\/index.php\\\/2026\\\/09\\\/01\\\/concours-dentree-dans-les-universites-publiques-les-candidats-invites-a-consulter-les-listes-de-composition\\\/#breadcrumb\",\"itemListElement\":[{\"@type\":\"ListItem\",\"position\":1,\"name\":\"Accueil\",\"item\":\"https:\\\/\\\/lepatriotebenin.com\\\/\"},{\"@type\":\"ListItem\",\"position\":2,\"name\":\"Concours d\u2019entr\u00e9e dans les universit\u00e9s publiques : les candidats invit\u00e9s \u00e0 consulter les listes de composition\"}]},{\"@type\":\"WebSite\",\"@id\":\"https:\\\/\\\/lepatriotebenin.com\\\/#website\",\"url\":\"https:\\\/\\\/lepatriotebenin.com\\\/\",\"name\":\"Le Patriote\",\"description\":\"Le Patriote B\u00e9nin\",\"potentialAction\":[{\"@type\":\"SearchAction\",\"target\":{\"@type\":\"EntryPoint\",\"urlTemplate\":\"https:\\\/\\\/lepatriotebenin.com\\\/?s={search_term_string}\"},\"query-input\":{\"@type\":\"PropertyValueSpecification\",\"valueRequired\":true,\"valueName\":\"search_term_string\"}}],\"inLanguage\":\"fr-FR\"},{\"@type\":\"Person\",\"@id\":\"https:\\\/\\\/lepatriotebenin.com\\\/#\\\/schema\\\/person\\\/2e7709b9c9cc313e452d1136af61690f\",\"name\":\"Redaction\",\"image\":{\"@type\":\"ImageObject\",\"inLanguage\":\"fr-FR\",\"@id\":\"https:\\\/\\\/secure.gravatar.com\\\/avatar\\\/c4c509357859ea2ca2cbb6d8812898a73e4ef1ef9934c2e591d7e32face734d1?s=96&d=mm&r=g\",\"url\":\"https:\\\/\\\/secure.gravatar.com\\\/avatar\\\/c4c509357859ea2ca2cbb6d8812898a73e4ef1ef9934c2e591d7e32face734d1?s=96&d=mm&r=g\",\"contentUrl\":\"https:\\\/\\\/secure.gravatar.com\\\/avatar\\\/c4c509357859ea2ca2cbb6d8812898a73e4ef1ef9934c2e591d7e32face734d1?s=96&d=mm&r=g\",\"caption\":\"Redaction\"},\"url\":\"https:\\\/\\\/lepatriotebenin.com\"}]}<\/script>\n<!-- \/ Yoast SEO plugin. -->","yoast_head_json":{"title":"Concours d\u2019entr\u00e9e dans les universit\u00e9s publiques : les candidats invit\u00e9s \u00e0 consulter les listes de composition - Le Patriote","robots":{"index":"index","follow":"follow","max-snippet":"max-snippet:-1","max-image-preview":"max-image-preview:large","max-video-preview":"max-video-preview:-1"},"canonical":"https:\/\/lepatriotebenin.com\/index.php\/2026\/09\/01\/concours-dentree-dans-les-universites-publiques-les-candidats-invites-a-consulter-les-listes-de-composition\/","og_locale":"fr_FR","og_type":"article","og_title":"Concours d\u2019entr\u00e9e dans les universit\u00e9s publiques : les candidats invit\u00e9s \u00e0 consulter les listes de composition - Le Patriote","og_description":"Dans un communiqu\u00e9 en date du 31 ao\u00fbt 2026, le minist\u00e8re de l\u2019Enseignement sup\u00e9rieur et de la Recherche scientifique en charge de la formation technique, invite les candidats aux concours&hellip;","og_url":"https:\/\/lepatriotebenin.com\/index.php\/2026\/09\/01\/concours-dentree-dans-les-universites-publiques-les-candidats-invites-a-consulter-les-listes-de-composition\/","og_site_name":"Le Patriote","article_published_time":"2026-09-01T12:45:39+00:00","og_image":[{"width":739,"height":415,"url":"https:\/\/lepatriotebenin.com\/wp-content\/uploads\/2026\/09\/universite-parakou.png","type":"image\/png"}],"author":"Redaction","twitter_card":"summary_large_image","twitter_misc":{"\u00c9crit par":"Redaction","Dur\u00e9e de lecture estim\u00e9e":"1 minute"},"schema":{"@context":"https:\/\/schema.org","@graph":[{"@type":"Article","@id":"https:\/\/lepatriotebenin.com\/index.php\/2026\/09\/01\/concours-dentree-dans-les-universites-publiques-les-candidats-invites-a-consulter-les-listes-de-composition\/#article","isPartOf":{"@id":"https:\/\/lepatriotebenin.com\/index.php\/2026\/09\/01\/concours-dentree-dans-les-universites-publiques-les-candidats-invites-a-consulter-les-listes-de-composition\/"},"author":{"name":"Redaction","@id":"https:\/\/lepatriotebenin.com\/#\/schema\/person\/2e7709b9c9cc313e452d1136af61690f"},"headline":"Concours d\u2019entr\u00e9e dans les universit\u00e9s publiques : les candidats invit\u00e9s \u00e0 consulter les listes de composition","datePublished":"2026-09-01T12:45:39+00:00","mainEntityOfPage":{"@id":"https:\/\/lepatriotebenin.com\/index.php\/2026\/09\/01\/concours-dentree-dans-les-universites-publiques-les-candidats-invites-a-consulter-les-listes-de-composition\/"},"wordCount":127,"commentCount":0,"image":{"@id":"https:\/\/lepatriotebenin.com\/index.php\/2026\/09\/01\/concours-dentree-dans-les-universites-publiques-les-candidats-invites-a-consulter-les-listes-de-composition\/#primaryimage"},"thumbnailUrl":"https:\/\/lepatriotebenin.com\/wp-content\/uploads\/2026\/09\/universite-parakou.png","articleSection":["Soci\u00e9t\u00e9"],"inLanguage":"fr-FR","potentialAction":[{"@type":"CommentAction","name":"Comment","target":["https:\/\/lepatriotebenin.com\/index.php\/2026\/09\/01\/concours-dentree-dans-les-universites-publiques-les-candidats-invites-a-consulter-les-listes-de-composition\/#respond"]}]},{"@type":"WebPage","@id":"https:\/\/lepatriotebenin.com\/index.php\/2026\/09\/01\/concours-dentree-dans-les-universites-publiques-les-candidats-invites-a-consulter-les-listes-de-composition\/","url":"https:\/\/lepatriotebenin.com\/index.php\/2026\/09\/01\/concours-dentree-dans-les-universites-publiques-les-candidats-invites-a-consulter-les-listes-de-composition\/","name":"Concours d\u2019entr\u00e9e dans les universit\u00e9s publiques : les candidats invit\u00e9s \u00e0 consulter les listes de composition - Le Patriote","isPartOf":{"@id":"https:\/\/lepatriotebenin.com\/#website"},"primaryImageOfPage":{"@id":"https:\/\/lepatriotebenin.com\/index.php\/2026\/09\/01\/concours-dentree-dans-les-universites-publiques-les-candidats-invites-a-consulter-les-listes-de-composition\/#primaryimage"},"image":{"@id":"https:\/\/lepatriotebenin.com\/index.php\/2026\/09\/01\/concours-dentree-dans-les-universites-publiques-les-candidats-invites-a-consulter-les-listes-de-composition\/#primaryimage"},"thumbnailUrl":"https:\/\/lepatriotebenin.com\/wp-content\/uploads\/2026\/09\/universite-parakou.png","datePublished":"2026-09-01T12:45:39+00:00","author":{"@id":"https:\/\/lepatriotebenin.com\/#\/schema\/person\/2e7709b9c9cc313e452d1136af61690f"},"breadcrumb":{"@id":"https:\/\/lepatriotebenin.com\/index.php\/2026\/09\/01\/concours-dentree-dans-les-universites-publiques-les-candidats-invites-a-consulter-les-listes-de-composition\/#breadcrumb"},"inLanguage":"fr-FR","potentialAction":[{"@type":"ReadAction","target":["https:\/\/lepatriotebenin.com\/index.php\/2026\/09\/01\/concours-dentree-dans-les-universites-publiques-les-candidats-invites-a-consulter-les-listes-de-composition\/"]}]},{"@type":"ImageObject","inLanguage":"fr-FR","@id":"https:\/\/lepatriotebenin.com\/index.php\/2026\/09\/01\/concours-dentree-dans-les-universites-publiques-les-candidats-invites-a-consulter-les-listes-de-composition\/#primaryimage","url":"https:\/\/lepatriotebenin.com\/wp-content\/uploads\/2026\/09\/universite-parakou.png","contentUrl":"https:\/\/lepatriotebenin.com\/wp-content\/uploads\/2026\/09\/universite-parakou.png","width":739,"height":415},{"@type":"BreadcrumbList","@id":"https:\/\/lepatriotebenin.com\/index.php\/2026\/09\/01\/concours-dentree-dans-les-universites-publiques-les-candidats-invites-a-consulter-les-listes-de-composition\/#breadcrumb","itemListElement":[{"@type":"ListItem","position":1,"name":"Accueil","item":"https:\/\/lepatriotebenin.com\/"},{"@type":"ListItem","position":2,"name":"Concours d\u2019entr\u00e9e dans les universit\u00e9s publiques : les candidats invit\u00e9s \u00e0 consulter les listes de composition"}]},{"@type":"WebSite","@id":"https:\/\/lepatriotebenin.com\/#website","url":"https:\/\/lepatriotebenin.com\/","name":"Le Patriote","description":"Le Patriote B\u00e9nin","potentialAction":[{"@type":"SearchAction","target":{"@type":"EntryPoint","urlTemplate":"https:\/\/lepatriotebenin.com\/?s={search_term_string}"},"query-input":{"@type":"PropertyValueSpecification","valueRequired":true,"valueName":"search_term_string"}}],"inLanguage":"fr-FR"},{"@type":"Person","@id":"https:\/\/lepatriotebenin.com\/#\/schema\/person\/2e7709b9c9cc313e452d1136af61690f","name":"Redaction","image":{"@type":"ImageObject","inLanguage":"fr-FR","@id":"https:\/\/secure.gravatar.com\/avatar\/c4c509357859ea2ca2cbb6d8812898a73e4ef1ef9934c2e591d7e32face734d1?s=96&d=mm&r=g","url":"https:\/\/secure.gravatar.com\/avatar\/c4c509357859ea2ca2cbb6d8812898a73e4ef1ef9934c2e591d7e32face734d1?s=96&d=mm&r=g","contentUrl":"https:\/\/secure.gravatar.com\/avatar\/c4c509357859ea2ca2cbb6d8812898a73e4ef1ef9934c2e591d7e32face734d1?s=96&d=mm&r=g","caption":"Redaction"},"url":"https:\/\/lepatriotebenin.com"}]}},"_links":{"self":[{"href":"https:\/\/lepatriotebenin.com\/index.php\/wp-json\/wp\/v2\/posts\/23461","targetHints":{"allow":["GET"]}}],"collection":[{"href":"https:\/\/lepatriotebenin.com\/index.php\/wp-json\/wp\/v2\/posts"}],"about":[{"href":"https:\/\/lepatriotebenin.com\/index.php\/wp-json\/wp\/v2\/types\/post"}],"author":[{"embeddable":true,"href":"https:\/\/lepatriotebenin.com\/index.php\/wp-json\/wp\/v2\/users\/5"}],"replies":[{"embeddable":true,"href":"https:\/\/lepatriotebenin.com\/index.php\/wp-json\/wp\/v2\/comments?post=23461"}],"version-history":[{"count":1,"href":"https:\/\/lepatriotebenin.com\/index.php\/wp-json\/wp\/v2\/posts\/23461\/revisions"}],"predecessor-version":[{"id":23464,"href":"https:\/\/lepatriotebenin.com\/index.php\/wp-json\/wp\/v2\/posts\/23461\/revisions\/23464"}],"wp:featuredmedia":[{"embeddable":true,"href":"https:\/\/lepatriotebenin.com\/index.php\/wp-json\/wp\/v2\/media\/23463"}],"wp:attachment":[{"href":"https:\/\/lepatriotebenin.com\/index.php\/wp-json\/wp\/v2\/media?parent=23461"}],"wp:term":[{"taxonomy":"category","embeddable":true,"href":"https:\/\/lepatriotebenin.com\/index.php\/wp-json\/wp\/v2\/categories?post=23461"},{"taxonomy":"post_tag","embeddable":true,"href":"https:\/\/lepatriotebenin.com\/index.php\/wp-json\/wp\/v2\/tags?post=23461"}],"curies":[{"name":"wp","href":"https:\/\/api.w.org\/{rel}","templated":true}]}}