{"id":23459,"date":"2026-09-01T14:34:28","date_gmt":"2026-09-01T12:34:28","guid":{"rendered":"https:\/\/lepatriotebenin.com\/?p=23459"},"modified":"2026-09-01T14:34:28","modified_gmt":"2026-09-01T12:34:28","slug":"harcelement-sexuel-sur-une-eleve-cinq-ans-de-prison-ferme-pour-un-instituteur-a-cotonou","status":"publish","type":"post","link":"https:\/\/lepatriotebenin.com\/index.php\/2026\/09\/01\/harcelement-sexuel-sur-une-eleve-cinq-ans-de-prison-ferme-pour-un-instituteur-a-cotonou\/","title":{"rendered":"Harc\u00e8lement sexuel sur une \u00e9l\u00e8ve : cinq ans de prison ferme pour un instituteur \u00e0 Cotonou"},"content":{"rendered":"<p>\u00c0 Cotonou, un instituteur de 41 ans a \u00e9t\u00e9 condamn\u00e9 \u00e0 cinq ans de prison ferme par la Cour de r\u00e9pression des infractions \u00e9conomiques et du terrorisme (CRIET) pour harc\u00e8lement sexuel sur une \u00e9l\u00e8ve de 15 ans.<\/p>\n<p>La peine, prononc\u00e9e en premi\u00e8re instance en juin 2025, a \u00e9t\u00e9 confirm\u00e9e en appel, avec une amende d\u2019un million de francs CFA et une interdiction d\u2019exercer le m\u00e9tier d\u2019enseignant pendant trois ans. L\u2019affaire concerne des faits qui se sont d\u00e9roul\u00e9s dans une \u00e9cole de Cotonou. L\u2019enseignant, identifi\u00e9 sous les initiales A. N. , \u00e9tait affect\u00e9 \u00e0 une classe de CM1. En effet, en l\u2019absence de sa coll\u00e8gue charg\u00e9e du CM2, il lui arrivait d\u2019assurer les cours de cette classe. C\u2019est dans ce cadre qu\u2019il aurait fait la connaissance de l\u2019\u00e9l\u00e8ve \u00e2g\u00e9e de 15 ans.Selon les \u00e9l\u00e9ments retenus par la justice, l\u2019enseignant aurait d\u2019abord adress\u00e9 des avances \u00e0 l\u2019adolescente avant de se livrer \u00e0 des attouchements sexuels. Les faits se seraient r\u00e9p\u00e9t\u00e9s au fil du temps et auraient eu des cons\u00e9quences sur la jeune fille, notamment sur sa tranquillit\u00e9 et son parcours scolaire.<\/p>\n<p>Condamn\u00e9 une premi\u00e8re fois le 5 juin 2025, A.N. avait contest\u00e9 la d\u00e9cision devant la chambre d\u2019appel de la CRIET. Celle-ci a confirm\u00e9 les cinq ans de prison ferme et l\u2019amende d\u2019un million de francs CFA. L\u2019enseignant devra \u00e9galement verser le franc symbolique \u00e0 la victime \u00e0 titre de dommages et int\u00e9r\u00eats. Il lui est par ailleurs , interdit d\u2019exercer la profession d\u2019enseignant pendant trois ans, \u00e0 compter de la fin de l\u2019ex\u00e9cution de sa peine principale.<\/p>\n<p>Au-del\u00e0 de la d\u00e9cision judiciaire, cette affaire rappelle la responsabilit\u00e9 particuli\u00e8re des enseignants envers les enfants qui leur sont confi\u00e9s. \u00c0 l\u2019\u00e9cole, l\u2019\u00e9l\u00e8ve doit pouvoir apprendre, grandir et se sentir en s\u00e9curit\u00e9. La relation entre enseignant et apprenant impose donc des limites qui ne peuvent \u00eatre franchies.<\/p>\n<p>&nbsp;<\/p>\n<p>Alola BIAOU<\/p>\n","protected":false},"excerpt":{"rendered":"<p>\u00c0 Cotonou, un instituteur de 41 ans a \u00e9t\u00e9 condamn\u00e9 \u00e0 cinq ans de prison ferme par la Cour de r\u00e9pression des infractions \u00e9conomiques et du terrorisme (CRIET) pour harc\u00e8lement&hellip;<\/p>\n","protected":false},"author":5,"featured_media":23442,"comment_status":"open","ping_status":"open","sticky":false,"template":"","format":"standard","meta":{"content-type":"","om_disable_all_campaigns":false,"_monsterinsights_skip_tracking":false,"_uf_show_specific_survey":0,"_uf_disable_surveys":false,"footnotes":""},"categories":[20],"tags":[],"class_list":["post-23459","post","type-post","status-publish","format-standard","has-post-thumbnail","hentry","category-societe"],"aioseo_notices":[],"aioseo_head":"\n\t\t<!-- All in One SEO 5.0.1.1 - aioseo.com -->\n\t<meta name=\"description\" content=\"\u00c0 Cotonou, un instituteur de 41 ans a \u00e9t\u00e9 condamn\u00e9 \u00e0 cinq ans de prison ferme par la Cour de r\u00e9pression des infractions \u00e9conomiques et du terrorisme (CRIET) pour harc\u00e8lement sexuel sur une \u00e9l\u00e8ve de 15 ans. La peine, prononc\u00e9e en premi\u00e8re instance en juin 2025, a \u00e9t\u00e9 confirm\u00e9e en appel, avec une amende d\u2019un\" \/>\n\t<meta name=\"robots\" content=\"max-image-preview:large\" \/>\n\t<meta name=\"author\" content=\"Redaction\"\/>\n\t<link rel=\"canonical\" href=\"https:\/\/lepatriotebenin.com\/index.php\/2026\/09\/01\/harcelement-sexuel-sur-une-eleve-cinq-ans-de-prison-ferme-pour-un-instituteur-a-cotonou\/\" \/>\n\t<meta name=\"generator\" content=\"All in One SEO (AIOSEO) 5.0.1.1\" \/>\n\t\t<meta property=\"og:locale\" content=\"fr_FR\" \/>\n\t\t<meta property=\"og:site_name\" content=\"Le Patriote - Le Patriote B\u00e9nin\" \/>\n\t\t<meta property=\"og:type\" content=\"article\" \/>\n\t\t<meta property=\"og:title\" content=\"Harc\u00e8lement sexuel sur une \u00e9l\u00e8ve : cinq ans de prison ferme pour un instituteur \u00e0 Cotonou - Le Patriote\" \/>\n\t\t<meta property=\"og:description\" content=\"\u00c0 Cotonou, un instituteur de 41 ans a \u00e9t\u00e9 condamn\u00e9 \u00e0 cinq ans de prison ferme par la Cour de r\u00e9pression des infractions \u00e9conomiques et du terrorisme (CRIET) pour harc\u00e8lement sexuel sur une \u00e9l\u00e8ve de 15 ans. La peine, prononc\u00e9e en premi\u00e8re instance en juin 2025, a \u00e9t\u00e9 confirm\u00e9e en appel, avec une amende d\u2019un\" \/>\n\t\t<meta property=\"og:url\" content=\"https:\/\/lepatriotebenin.com\/index.php\/2026\/09\/01\/harcelement-sexuel-sur-une-eleve-cinq-ans-de-prison-ferme-pour-un-instituteur-a-cotonou\/\" \/>\n\t\t<meta property=\"article:published_time\" content=\"2026-09-01T12:34:28+00:00\" \/>\n\t\t<meta property=\"article:modified_time\" content=\"2026-09-01T12:34:28+00:00\" \/>\n\t\t<meta name=\"twitter:card\" content=\"summary_large_image\" \/>\n\t\t<meta name=\"twitter:title\" content=\"Harc\u00e8lement sexuel sur une \u00e9l\u00e8ve : cinq ans de prison ferme pour un instituteur \u00e0 Cotonou - Le Patriote\" \/>\n\t\t<meta name=\"twitter:description\" content=\"\u00c0 Cotonou, un instituteur de 41 ans a \u00e9t\u00e9 condamn\u00e9 \u00e0 cinq ans de prison ferme par la Cour de r\u00e9pression des infractions \u00e9conomiques et du terrorisme (CRIET) pour harc\u00e8lement sexuel sur une \u00e9l\u00e8ve de 15 ans. La peine, prononc\u00e9e en premi\u00e8re instance en juin 2025, a \u00e9t\u00e9 confirm\u00e9e en appel, avec une amende d\u2019un\" \/>\n\t\t<script type=\"application\/ld+json\" class=\"aioseo-schema\">\n\t\t\t{\"@context\":\"https:\\\/\\\/schema.org\",\"@graph\":[{\"@type\":\"BlogPosting\",\"@id\":\"https:\\\/\\\/lepatriotebenin.com\\\/index.php\\\/2026\\\/09\\\/01\\\/harcelement-sexuel-sur-une-eleve-cinq-ans-de-prison-ferme-pour-un-instituteur-a-cotonou\\\/#blogposting\",\"name\":\"Harc\\u00e8lement sexuel sur une \\u00e9l\\u00e8ve : cinq ans de prison ferme pour un instituteur \\u00e0 Cotonou - Le Patriote\",\"headline\":\"Harc\\u00e8lement sexuel sur une \\u00e9l\\u00e8ve : cinq ans de prison ferme pour un instituteur \\u00e0 Cotonou\",\"author\":{\"@id\":\"https:\\\/\\\/lepatriotebenin.com#author\"},\"publisher\":{\"@id\":\"https:\\\/\\\/lepatriotebenin.com\\\/#organization\"},\"image\":{\"@type\":\"ImageObject\",\"url\":\"https:\\\/\\\/lepatriotebenin.com\\\/wp-content\\\/uploads\\\/2026\\\/08\\\/criet.png\",\"width\":1200,\"height\":675},\"datePublished\":\"2026-09-01T14:34:28+02:00\",\"dateModified\":\"2026-09-01T14:34:28+02:00\",\"inLanguage\":\"fr-FR\",\"mainEntityOfPage\":{\"@id\":\"https:\\\/\\\/lepatriotebenin.com\\\/index.php\\\/2026\\\/09\\\/01\\\/harcelement-sexuel-sur-une-eleve-cinq-ans-de-prison-ferme-pour-un-instituteur-a-cotonou\\\/#webpage\"},\"isPartOf\":{\"@id\":\"https:\\\/\\\/lepatriotebenin.com\\\/index.php\\\/2026\\\/09\\\/01\\\/harcelement-sexuel-sur-une-eleve-cinq-ans-de-prison-ferme-pour-un-instituteur-a-cotonou\\\/#webpage\"},\"articleSection\":\"Soci\\u00e9t\\u00e9\"},{\"@type\":\"BreadcrumbList\",\"@id\":\"https:\\\/\\\/lepatriotebenin.com\\\/index.php\\\/2026\\\/09\\\/01\\\/harcelement-sexuel-sur-une-eleve-cinq-ans-de-prison-ferme-pour-un-instituteur-a-cotonou\\\/#breadcrumblist\",\"itemListElement\":[{\"@type\":\"ListItem\",\"@id\":\"https:\\\/\\\/lepatriotebenin.com#listItem\",\"position\":1,\"name\":\"Home\",\"item\":\"https:\\\/\\\/lepatriotebenin.com\",\"nextItem\":{\"@type\":\"ListItem\",\"@id\":\"https:\\\/\\\/lepatriotebenin.com\\\/index.php\\\/category\\\/societe\\\/#listItem\",\"name\":\"Soci\\u00e9t\\u00e9\"}},{\"@type\":\"ListItem\",\"@id\":\"https:\\\/\\\/lepatriotebenin.com\\\/index.php\\\/category\\\/societe\\\/#listItem\",\"position\":2,\"name\":\"Soci\\u00e9t\\u00e9\",\"item\":\"https:\\\/\\\/lepatriotebenin.com\\\/index.php\\\/category\\\/societe\\\/\",\"nextItem\":{\"@type\":\"ListItem\",\"@id\":\"https:\\\/\\\/lepatriotebenin.com\\\/index.php\\\/2026\\\/09\\\/01\\\/harcelement-sexuel-sur-une-eleve-cinq-ans-de-prison-ferme-pour-un-instituteur-a-cotonou\\\/#listItem\",\"name\":\"Harc\\u00e8lement sexuel sur une \\u00e9l\\u00e8ve : cinq ans de prison ferme pour un instituteur \\u00e0 Cotonou\"},\"previousItem\":{\"@type\":\"ListItem\",\"@id\":\"https:\\\/\\\/lepatriotebenin.com#listItem\",\"name\":\"Home\"}},{\"@type\":\"ListItem\",\"@id\":\"https:\\\/\\\/lepatriotebenin.com\\\/index.php\\\/2026\\\/09\\\/01\\\/harcelement-sexuel-sur-une-eleve-cinq-ans-de-prison-ferme-pour-un-instituteur-a-cotonou\\\/#listItem\",\"position\":3,\"name\":\"Harc\\u00e8lement sexuel sur une \\u00e9l\\u00e8ve : cinq ans de prison ferme pour un instituteur \\u00e0 Cotonou\",\"previousItem\":{\"@type\":\"ListItem\",\"@id\":\"https:\\\/\\\/lepatriotebenin.com\\\/index.php\\\/category\\\/societe\\\/#listItem\",\"name\":\"Soci\\u00e9t\\u00e9\"}}]},{\"@type\":\"Organization\",\"@id\":\"https:\\\/\\\/lepatriotebenin.com\\\/#organization\",\"name\":\"Le Patriote\",\"description\":\"Le Patriote B\\u00e9nin\",\"url\":\"https:\\\/\\\/lepatriotebenin.com\\\/\"},{\"@type\":\"Person\",\"@id\":\"https:\\\/\\\/lepatriotebenin.com#author\",\"url\":\"https:\\\/\\\/lepatriotebenin.com\",\"name\":\"Redaction\",\"image\":{\"@type\":\"ImageObject\",\"@id\":\"https:\\\/\\\/lepatriotebenin.com\\\/index.php\\\/2026\\\/09\\\/01\\\/harcelement-sexuel-sur-une-eleve-cinq-ans-de-prison-ferme-pour-un-instituteur-a-cotonou\\\/#authorImage\",\"url\":\"https:\\\/\\\/secure.gravatar.com\\\/avatar\\\/c4c509357859ea2ca2cbb6d8812898a73e4ef1ef9934c2e591d7e32face734d1?s=96&d=mm&r=g\",\"width\":96,\"height\":96,\"caption\":\"Redaction\"}},{\"@type\":\"WebPage\",\"@id\":\"https:\\\/\\\/lepatriotebenin.com\\\/index.php\\\/2026\\\/09\\\/01\\\/harcelement-sexuel-sur-une-eleve-cinq-ans-de-prison-ferme-pour-un-instituteur-a-cotonou\\\/#webpage\",\"url\":\"https:\\\/\\\/lepatriotebenin.com\\\/index.php\\\/2026\\\/09\\\/01\\\/harcelement-sexuel-sur-une-eleve-cinq-ans-de-prison-ferme-pour-un-instituteur-a-cotonou\\\/\",\"name\":\"Harc\\u00e8lement sexuel sur une \\u00e9l\\u00e8ve : cinq ans de prison ferme pour un instituteur \\u00e0 Cotonou - Le Patriote\",\"description\":\"\\u00c0 Cotonou, un instituteur de 41 ans a \\u00e9t\\u00e9 condamn\\u00e9 \\u00e0 cinq ans de prison ferme par la Cour de r\\u00e9pression des infractions \\u00e9conomiques et du terrorisme (CRIET) pour harc\\u00e8lement sexuel sur une \\u00e9l\\u00e8ve de 15 ans. La peine, prononc\\u00e9e en premi\\u00e8re instance en juin 2025, a \\u00e9t\\u00e9 confirm\\u00e9e en appel, avec une amende d\\u2019un\",\"inLanguage\":\"fr-FR\",\"isPartOf\":{\"@id\":\"https:\\\/\\\/lepatriotebenin.com\\\/#website\"},\"breadcrumb\":{\"@id\":\"https:\\\/\\\/lepatriotebenin.com\\\/index.php\\\/2026\\\/09\\\/01\\\/harcelement-sexuel-sur-une-eleve-cinq-ans-de-prison-ferme-pour-un-instituteur-a-cotonou\\\/#breadcrumblist\"},\"author\":{\"@id\":\"https:\\\/\\\/lepatriotebenin.com#author\"},\"creator\":{\"@id\":\"https:\\\/\\\/lepatriotebenin.com#author\"},\"image\":{\"@type\":\"ImageObject\",\"url\":\"https:\\\/\\\/lepatriotebenin.com\\\/wp-content\\\/uploads\\\/2026\\\/08\\\/criet.png\",\"@id\":\"https:\\\/\\\/lepatriotebenin.com\\\/index.php\\\/2026\\\/09\\\/01\\\/harcelement-sexuel-sur-une-eleve-cinq-ans-de-prison-ferme-pour-un-instituteur-a-cotonou\\\/#mainImage\",\"width\":1200,\"height\":675},\"primaryImageOfPage\":{\"@id\":\"https:\\\/\\\/lepatriotebenin.com\\\/index.php\\\/2026\\\/09\\\/01\\\/harcelement-sexuel-sur-une-eleve-cinq-ans-de-prison-ferme-pour-un-instituteur-a-cotonou\\\/#mainImage\"},\"datePublished\":\"2026-09-01T14:34:28+02:00\",\"dateModified\":\"2026-09-01T14:34:28+02:00\"},{\"@type\":\"WebSite\",\"@id\":\"https:\\\/\\\/lepatriotebenin.com\\\/#website\",\"url\":\"https:\\\/\\\/lepatriotebenin.com\\\/\",\"name\":\"Le Patriote\",\"description\":\"Le Patriote B\\u00e9nin\",\"inLanguage\":\"fr-FR\",\"publisher\":{\"@id\":\"https:\\\/\\\/lepatriotebenin.com\\\/#organization\"}}]}\n\t\t<\/script>\n\t\t<!-- All in One SEO -->\n\n","aioseo_head_json":{"title":"Harc\u00e8lement sexuel sur une \u00e9l\u00e8ve : cinq ans de prison ferme pour un instituteur \u00e0 Cotonou - Le Patriote","description":"\u00c0 Cotonou, un instituteur de 41 ans a \u00e9t\u00e9 condamn\u00e9 \u00e0 cinq ans de prison ferme par la Cour de r\u00e9pression des infractions \u00e9conomiques et du terrorisme (CRIET) pour harc\u00e8lement sexuel sur une \u00e9l\u00e8ve de 15 ans. La peine, prononc\u00e9e en premi\u00e8re instance en juin 2025, a \u00e9t\u00e9 confirm\u00e9e en appel, avec une amende d\u2019un","canonical_url":"https:\/\/lepatriotebenin.com\/index.php\/2026\/09\/01\/harcelement-sexuel-sur-une-eleve-cinq-ans-de-prison-ferme-pour-un-instituteur-a-cotonou\/","robots":"max-image-preview:large","keywords":"","webmasterTools":{"miscellaneous":""},"schema":{"@context":"https:\/\/schema.org","@graph":[{"@type":"BlogPosting","@id":"https:\/\/lepatriotebenin.com\/index.php\/2026\/09\/01\/harcelement-sexuel-sur-une-eleve-cinq-ans-de-prison-ferme-pour-un-instituteur-a-cotonou\/#blogposting","name":"Harc\u00e8lement sexuel sur une \u00e9l\u00e8ve : cinq ans de prison ferme pour un instituteur \u00e0 Cotonou - Le Patriote","headline":"Harc\u00e8lement sexuel sur une \u00e9l\u00e8ve : cinq ans de prison ferme pour un instituteur \u00e0 Cotonou","author":{"@id":"https:\/\/lepatriotebenin.com#author"},"publisher":{"@id":"https:\/\/lepatriotebenin.com\/#organization"},"image":{"@type":"ImageObject","url":"https:\/\/lepatriotebenin.com\/wp-content\/uploads\/2026\/08\/criet.png","width":1200,"height":675},"datePublished":"2026-09-01T14:34:28+02:00","dateModified":"2026-09-01T14:34:28+02:00","inLanguage":"fr-FR","mainEntityOfPage":{"@id":"https:\/\/lepatriotebenin.com\/index.php\/2026\/09\/01\/harcelement-sexuel-sur-une-eleve-cinq-ans-de-prison-ferme-pour-un-instituteur-a-cotonou\/#webpage"},"isPartOf":{"@id":"https:\/\/lepatriotebenin.com\/index.php\/2026\/09\/01\/harcelement-sexuel-sur-une-eleve-cinq-ans-de-prison-ferme-pour-un-instituteur-a-cotonou\/#webpage"},"articleSection":"Soci\u00e9t\u00e9"},{"@type":"BreadcrumbList","@id":"https:\/\/lepatriotebenin.com\/index.php\/2026\/09\/01\/harcelement-sexuel-sur-une-eleve-cinq-ans-de-prison-ferme-pour-un-instituteur-a-cotonou\/#breadcrumblist","itemListElement":[{"@type":"ListItem","@id":"https:\/\/lepatriotebenin.com#listItem","position":1,"name":"Home","item":"https:\/\/lepatriotebenin.com","nextItem":{"@type":"ListItem","@id":"https:\/\/lepatriotebenin.com\/index.php\/category\/societe\/#listItem","name":"Soci\u00e9t\u00e9"}},{"@type":"ListItem","@id":"https:\/\/lepatriotebenin.com\/index.php\/category\/societe\/#listItem","position":2,"name":"Soci\u00e9t\u00e9","item":"https:\/\/lepatriotebenin.com\/index.php\/category\/societe\/","nextItem":{"@type":"ListItem","@id":"https:\/\/lepatriotebenin.com\/index.php\/2026\/09\/01\/harcelement-sexuel-sur-une-eleve-cinq-ans-de-prison-ferme-pour-un-instituteur-a-cotonou\/#listItem","name":"Harc\u00e8lement sexuel sur une \u00e9l\u00e8ve : cinq ans de prison ferme pour un instituteur \u00e0 Cotonou"},"previousItem":{"@type":"ListItem","@id":"https:\/\/lepatriotebenin.com#listItem","name":"Home"}},{"@type":"ListItem","@id":"https:\/\/lepatriotebenin.com\/index.php\/2026\/09\/01\/harcelement-sexuel-sur-une-eleve-cinq-ans-de-prison-ferme-pour-un-instituteur-a-cotonou\/#listItem","position":3,"name":"Harc\u00e8lement sexuel sur une \u00e9l\u00e8ve : cinq ans de prison ferme pour un instituteur \u00e0 Cotonou","previousItem":{"@type":"ListItem","@id":"https:\/\/lepatriotebenin.com\/index.php\/category\/societe\/#listItem","name":"Soci\u00e9t\u00e9"}}]},{"@type":"Organization","@id":"https:\/\/lepatriotebenin.com\/#organization","name":"Le Patriote","description":"Le Patriote B\u00e9nin","url":"https:\/\/lepatriotebenin.com\/"},{"@type":"Person","@id":"https:\/\/lepatriotebenin.com#author","url":"https:\/\/lepatriotebenin.com","name":"Redaction","image":{"@type":"ImageObject","@id":"https:\/\/lepatriotebenin.com\/index.php\/2026\/09\/01\/harcelement-sexuel-sur-une-eleve-cinq-ans-de-prison-ferme-pour-un-instituteur-a-cotonou\/#authorImage","url":"https:\/\/secure.gravatar.com\/avatar\/c4c509357859ea2ca2cbb6d8812898a73e4ef1ef9934c2e591d7e32face734d1?s=96&d=mm&r=g","width":96,"height":96,"caption":"Redaction"}},{"@type":"WebPage","@id":"https:\/\/lepatriotebenin.com\/index.php\/2026\/09\/01\/harcelement-sexuel-sur-une-eleve-cinq-ans-de-prison-ferme-pour-un-instituteur-a-cotonou\/#webpage","url":"https:\/\/lepatriotebenin.com\/index.php\/2026\/09\/01\/harcelement-sexuel-sur-une-eleve-cinq-ans-de-prison-ferme-pour-un-instituteur-a-cotonou\/","name":"Harc\u00e8lement sexuel sur une \u00e9l\u00e8ve : cinq ans de prison ferme pour un instituteur \u00e0 Cotonou - Le Patriote","description":"\u00c0 Cotonou, un instituteur de 41 ans a \u00e9t\u00e9 condamn\u00e9 \u00e0 cinq ans de prison ferme par la Cour de r\u00e9pression des infractions \u00e9conomiques et du terrorisme (CRIET) pour harc\u00e8lement sexuel sur une \u00e9l\u00e8ve de 15 ans. La peine, prononc\u00e9e en premi\u00e8re instance en juin 2025, a \u00e9t\u00e9 confirm\u00e9e en appel, avec une amende d\u2019un","inLanguage":"fr-FR","isPartOf":{"@id":"https:\/\/lepatriotebenin.com\/#website"},"breadcrumb":{"@id":"https:\/\/lepatriotebenin.com\/index.php\/2026\/09\/01\/harcelement-sexuel-sur-une-eleve-cinq-ans-de-prison-ferme-pour-un-instituteur-a-cotonou\/#breadcrumblist"},"author":{"@id":"https:\/\/lepatriotebenin.com#author"},"creator":{"@id":"https:\/\/lepatriotebenin.com#author"},"image":{"@type":"ImageObject","url":"https:\/\/lepatriotebenin.com\/wp-content\/uploads\/2026\/08\/criet.png","@id":"https:\/\/lepatriotebenin.com\/index.php\/2026\/09\/01\/harcelement-sexuel-sur-une-eleve-cinq-ans-de-prison-ferme-pour-un-instituteur-a-cotonou\/#mainImage","width":1200,"height":675},"primaryImageOfPage":{"@id":"https:\/\/lepatriotebenin.com\/index.php\/2026\/09\/01\/harcelement-sexuel-sur-une-eleve-cinq-ans-de-prison-ferme-pour-un-instituteur-a-cotonou\/#mainImage"},"datePublished":"2026-09-01T14:34:28+02:00","dateModified":"2026-09-01T14:34:28+02:00"},{"@type":"WebSite","@id":"https:\/\/lepatriotebenin.com\/#website","url":"https:\/\/lepatriotebenin.com\/","name":"Le Patriote","description":"Le Patriote B\u00e9nin","inLanguage":"fr-FR","publisher":{"@id":"https:\/\/lepatriotebenin.com\/#organization"}}]},"og:locale":"fr_FR","og:site_name":"Le Patriote - Le Patriote B\u00e9nin","og:type":"article","og:title":"Harc\u00e8lement sexuel sur une \u00e9l\u00e8ve : cinq ans de prison ferme pour un instituteur \u00e0 Cotonou - Le Patriote","og:description":"\u00c0 Cotonou, un instituteur de 41 ans a \u00e9t\u00e9 condamn\u00e9 \u00e0 cinq ans de prison ferme par la Cour de r\u00e9pression des infractions \u00e9conomiques et du terrorisme (CRIET) pour harc\u00e8lement sexuel sur une \u00e9l\u00e8ve de 15 ans. La peine, prononc\u00e9e en premi\u00e8re instance en juin 2025, a \u00e9t\u00e9 confirm\u00e9e en appel, avec une amende d\u2019un","og:url":"https:\/\/lepatriotebenin.com\/index.php\/2026\/09\/01\/harcelement-sexuel-sur-une-eleve-cinq-ans-de-prison-ferme-pour-un-instituteur-a-cotonou\/","article:published_time":"2026-09-01T12:34:28+00:00","article:modified_time":"2026-09-01T12:34:28+00:00","twitter:card":"summary_large_image","twitter:title":"Harc\u00e8lement sexuel sur une \u00e9l\u00e8ve : cinq ans de prison ferme pour un instituteur \u00e0 Cotonou - Le Patriote","twitter:description":"\u00c0 Cotonou, un instituteur de 41 ans a \u00e9t\u00e9 condamn\u00e9 \u00e0 cinq ans de prison ferme par la Cour de r\u00e9pression des infractions \u00e9conomiques et du terrorisme (CRIET) pour harc\u00e8lement sexuel sur une \u00e9l\u00e8ve de 15 ans. La peine, prononc\u00e9e en premi\u00e8re instance en juin 2025, a \u00e9t\u00e9 confirm\u00e9e en appel, avec une amende d\u2019un"},"aioseo_meta_data":{"post_id":"23459","title":null,"description":null,"keywords":null,"keyphrases":{"focus":{"keyphrase":"","score":0,"analysis":{"keyphraseInTitle":{"score":0,"maxScore":9,"error":1}}},"additional":[]},"primary_term":null,"canonical_url":null,"og_title":null,"og_description":null,"og_object_type":"default","og_image_type":"default","og_image_url":null,"og_image_width":null,"og_image_height":null,"og_image_custom_url":null,"og_image_custom_fields":null,"og_video":"","og_custom_url":null,"og_article_section":null,"og_article_tags":null,"twitter_use_og":false,"twitter_card":"default","twitter_image_type":"default","twitter_image_url":null,"twitter_image_custom_url":null,"twitter_image_custom_fields":null,"twitter_title":null,"twitter_description":null,"schema":{"blockGraphs":[],"customGraphs":[],"default":{"data":{"Article":[],"Course":[],"Dataset":[],"FAQPage":[],"Movie":[],"Person":[],"Product":[],"ProductReview":[],"Car":[],"Recipe":[],"Service":[],"SoftwareApplication":[],"WebPage":[]},"graphName":"BlogPosting","isEnabled":true},"graphs":[]},"schema_type":"default","schema_type_options":null,"pillar_content":false,"robots_default":true,"robots_noindex":false,"robots_noarchive":false,"robots_nosnippet":false,"robots_nofollow":false,"robots_noimageindex":false,"robots_noodp":false,"robots_notranslate":false,"robots_max_snippet":"-1","robots_max_videopreview":"-1","robots_max_imagepreview":"large","priority":null,"frequency":"default","local_seo":null,"breadcrumb_settings":null,"limit_modified_date":false,"ai":{"faqs":[],"keyPoints":[],"schemas":[],"titles":[],"descriptions":[],"socialPosts":{"email":{"subject":"","preview":"","content":""},"linkedin":[],"twitter":[],"facebook":[],"instagram":[]}},"created":"2026-09-01 12:34:28","updated":"2026-09-01 12:54:34","seo_analyzer_scan_date":null,"focus_keyword":null,"additional_keywords":null,"truseo_locale":null},"aioseo_breadcrumb":"<div class=\"aioseo-breadcrumbs\"><span class=\"aioseo-breadcrumb\">\n\t\t\t<a href=\"https:\/\/lepatriotebenin.com\" title=\"Home\">Home<\/a>\n\t\t<\/span><span class=\"aioseo-breadcrumb-separator\">&raquo;<\/span><span class=\"aioseo-breadcrumb\">\n\t\t\t<a href=\"https:\/\/lepatriotebenin.com\/index.php\/category\/societe\/\" title=\"Soci\u00e9t\u00e9\">Soci\u00e9t\u00e9<\/a>\n\t\t<\/span><span class=\"aioseo-breadcrumb-separator\">&raquo;<\/span><span class=\"aioseo-breadcrumb\">\n\t\t\tHarc\u00e8lement sexuel sur une \u00e9l\u00e8ve : cinq ans de prison ferme pour un instituteur \u00e0 Cotonou\n\t\t<\/span><\/div>","aioseo_breadcrumb_json":[{"label":"Home","link":"https:\/\/lepatriotebenin.com"},{"label":"Soci\u00e9t\u00e9","link":"https:\/\/lepatriotebenin.com\/index.php\/category\/societe\/"},{"label":"Harc\u00e8lement sexuel sur une \u00e9l\u00e8ve : cinq ans de prison ferme pour un instituteur \u00e0 Cotonou","link":"https:\/\/lepatriotebenin.com\/index.php\/2026\/09\/01\/harcelement-sexuel-sur-une-eleve-cinq-ans-de-prison-ferme-pour-un-instituteur-a-cotonou\/"}],"yoast_head":"<!-- This site is optimized with the Yoast SEO plugin v28.3 - https:\/\/yoast.com\/product\/yoast-seo-wordpress\/ -->\n<title>Harc\u00e8lement sexuel sur une \u00e9l\u00e8ve : cinq ans de prison ferme pour un instituteur \u00e0 Cotonou - Le Patriote<\/title>\n<meta name=\"robots\" content=\"index, follow, max-snippet:-1, max-image-preview:large, max-video-preview:-1\" \/>\n<link rel=\"canonical\" href=\"https:\/\/lepatriotebenin.com\/index.php\/2026\/09\/01\/harcelement-sexuel-sur-une-eleve-cinq-ans-de-prison-ferme-pour-un-instituteur-a-cotonou\/\" \/>\n<meta property=\"og:locale\" content=\"fr_FR\" \/>\n<meta property=\"og:type\" content=\"article\" \/>\n<meta property=\"og:title\" content=\"Harc\u00e8lement sexuel sur une \u00e9l\u00e8ve : cinq ans de prison ferme pour un instituteur \u00e0 Cotonou - Le Patriote\" \/>\n<meta property=\"og:description\" content=\"\u00c0 Cotonou, un instituteur de 41 ans a \u00e9t\u00e9 condamn\u00e9 \u00e0 cinq ans de prison ferme par la Cour de r\u00e9pression des infractions \u00e9conomiques et du terrorisme (CRIET) pour harc\u00e8lement&hellip;\" \/>\n<meta property=\"og:url\" content=\"https:\/\/lepatriotebenin.com\/index.php\/2026\/09\/01\/harcelement-sexuel-sur-une-eleve-cinq-ans-de-prison-ferme-pour-un-instituteur-a-cotonou\/\" \/>\n<meta property=\"og:site_name\" content=\"Le Patriote\" \/>\n<meta property=\"article:published_time\" content=\"2026-09-01T12:34:28+00:00\" \/>\n<meta property=\"og:image\" content=\"https:\/\/lepatriotebenin.com\/wp-content\/uploads\/2026\/08\/criet.png\" \/>\n\t<meta property=\"og:image:width\" content=\"1200\" \/>\n\t<meta property=\"og:image:height\" content=\"675\" \/>\n\t<meta property=\"og:image:type\" content=\"image\/png\" \/>\n<meta name=\"author\" content=\"Redaction\" \/>\n<meta name=\"twitter:card\" content=\"summary_large_image\" \/>\n<meta name=\"twitter:label1\" content=\"\u00c9crit par\" \/>\n\t<meta name=\"twitter:data1\" content=\"Redaction\" \/>\n\t<meta name=\"twitter:label2\" content=\"Dur\u00e9e de lecture estim\u00e9e\" \/>\n\t<meta name=\"twitter:data2\" content=\"2 minutes\" \/>\n<script type=\"application\/ld+json\" class=\"yoast-schema-graph\">{\"@context\":\"https:\\\/\\\/schema.org\",\"@graph\":[{\"@type\":\"Article\",\"@id\":\"https:\\\/\\\/lepatriotebenin.com\\\/index.php\\\/2026\\\/09\\\/01\\\/harcelement-sexuel-sur-une-eleve-cinq-ans-de-prison-ferme-pour-un-instituteur-a-cotonou\\\/#article\",\"isPartOf\":{\"@id\":\"https:\\\/\\\/lepatriotebenin.com\\\/index.php\\\/2026\\\/09\\\/01\\\/harcelement-sexuel-sur-une-eleve-cinq-ans-de-prison-ferme-pour-un-instituteur-a-cotonou\\\/\"},\"author\":{\"name\":\"Redaction\",\"@id\":\"https:\\\/\\\/lepatriotebenin.com\\\/#\\\/schema\\\/person\\\/2e7709b9c9cc313e452d1136af61690f\"},\"headline\":\"Harc\u00e8lement sexuel sur une \u00e9l\u00e8ve : cinq ans de prison ferme pour un instituteur \u00e0 Cotonou\",\"datePublished\":\"2026-09-01T12:34:28+00:00\",\"mainEntityOfPage\":{\"@id\":\"https:\\\/\\\/lepatriotebenin.com\\\/index.php\\\/2026\\\/09\\\/01\\\/harcelement-sexuel-sur-une-eleve-cinq-ans-de-prison-ferme-pour-un-instituteur-a-cotonou\\\/\"},\"wordCount\":357,\"commentCount\":0,\"image\":{\"@id\":\"https:\\\/\\\/lepatriotebenin.com\\\/index.php\\\/2026\\\/09\\\/01\\\/harcelement-sexuel-sur-une-eleve-cinq-ans-de-prison-ferme-pour-un-instituteur-a-cotonou\\\/#primaryimage\"},\"thumbnailUrl\":\"https:\\\/\\\/lepatriotebenin.com\\\/wp-content\\\/uploads\\\/2026\\\/08\\\/criet.png\",\"articleSection\":[\"Soci\u00e9t\u00e9\"],\"inLanguage\":\"fr-FR\",\"potentialAction\":[{\"@type\":\"CommentAction\",\"name\":\"Comment\",\"target\":[\"https:\\\/\\\/lepatriotebenin.com\\\/index.php\\\/2026\\\/09\\\/01\\\/harcelement-sexuel-sur-une-eleve-cinq-ans-de-prison-ferme-pour-un-instituteur-a-cotonou\\\/#respond\"]}]},{\"@type\":\"WebPage\",\"@id\":\"https:\\\/\\\/lepatriotebenin.com\\\/index.php\\\/2026\\\/09\\\/01\\\/harcelement-sexuel-sur-une-eleve-cinq-ans-de-prison-ferme-pour-un-instituteur-a-cotonou\\\/\",\"url\":\"https:\\\/\\\/lepatriotebenin.com\\\/index.php\\\/2026\\\/09\\\/01\\\/harcelement-sexuel-sur-une-eleve-cinq-ans-de-prison-ferme-pour-un-instituteur-a-cotonou\\\/\",\"name\":\"Harc\u00e8lement sexuel sur une \u00e9l\u00e8ve : cinq ans de prison ferme pour un instituteur \u00e0 Cotonou - Le Patriote\",\"isPartOf\":{\"@id\":\"https:\\\/\\\/lepatriotebenin.com\\\/#website\"},\"primaryImageOfPage\":{\"@id\":\"https:\\\/\\\/lepatriotebenin.com\\\/index.php\\\/2026\\\/09\\\/01\\\/harcelement-sexuel-sur-une-eleve-cinq-ans-de-prison-ferme-pour-un-instituteur-a-cotonou\\\/#primaryimage\"},\"image\":{\"@id\":\"https:\\\/\\\/lepatriotebenin.com\\\/index.php\\\/2026\\\/09\\\/01\\\/harcelement-sexuel-sur-une-eleve-cinq-ans-de-prison-ferme-pour-un-instituteur-a-cotonou\\\/#primaryimage\"},\"thumbnailUrl\":\"https:\\\/\\\/lepatriotebenin.com\\\/wp-content\\\/uploads\\\/2026\\\/08\\\/criet.png\",\"datePublished\":\"2026-09-01T12:34:28+00:00\",\"author\":{\"@id\":\"https:\\\/\\\/lepatriotebenin.com\\\/#\\\/schema\\\/person\\\/2e7709b9c9cc313e452d1136af61690f\"},\"breadcrumb\":{\"@id\":\"https:\\\/\\\/lepatriotebenin.com\\\/index.php\\\/2026\\\/09\\\/01\\\/harcelement-sexuel-sur-une-eleve-cinq-ans-de-prison-ferme-pour-un-instituteur-a-cotonou\\\/#breadcrumb\"},\"inLanguage\":\"fr-FR\",\"potentialAction\":[{\"@type\":\"ReadAction\",\"target\":[\"https:\\\/\\\/lepatriotebenin.com\\\/index.php\\\/2026\\\/09\\\/01\\\/harcelement-sexuel-sur-une-eleve-cinq-ans-de-prison-ferme-pour-un-instituteur-a-cotonou\\\/\"]}]},{\"@type\":\"ImageObject\",\"inLanguage\":\"fr-FR\",\"@id\":\"https:\\\/\\\/lepatriotebenin.com\\\/index.php\\\/2026\\\/09\\\/01\\\/harcelement-sexuel-sur-une-eleve-cinq-ans-de-prison-ferme-pour-un-instituteur-a-cotonou\\\/#primaryimage\",\"url\":\"https:\\\/\\\/lepatriotebenin.com\\\/wp-content\\\/uploads\\\/2026\\\/08\\\/criet.png\",\"contentUrl\":\"https:\\\/\\\/lepatriotebenin.com\\\/wp-content\\\/uploads\\\/2026\\\/08\\\/criet.png\",\"width\":1200,\"height\":675},{\"@type\":\"BreadcrumbList\",\"@id\":\"https:\\\/\\\/lepatriotebenin.com\\\/index.php\\\/2026\\\/09\\\/01\\\/harcelement-sexuel-sur-une-eleve-cinq-ans-de-prison-ferme-pour-un-instituteur-a-cotonou\\\/#breadcrumb\",\"itemListElement\":[{\"@type\":\"ListItem\",\"position\":1,\"name\":\"Accueil\",\"item\":\"https:\\\/\\\/lepatriotebenin.com\\\/\"},{\"@type\":\"ListItem\",\"position\":2,\"name\":\"Harc\u00e8lement sexuel sur une \u00e9l\u00e8ve : cinq ans de prison ferme pour un instituteur \u00e0 Cotonou\"}]},{\"@type\":\"WebSite\",\"@id\":\"https:\\\/\\\/lepatriotebenin.com\\\/#website\",\"url\":\"https:\\\/\\\/lepatriotebenin.com\\\/\",\"name\":\"Le Patriote\",\"description\":\"Le Patriote B\u00e9nin\",\"potentialAction\":[{\"@type\":\"SearchAction\",\"target\":{\"@type\":\"EntryPoint\",\"urlTemplate\":\"https:\\\/\\\/lepatriotebenin.com\\\/?s={search_term_string}\"},\"query-input\":{\"@type\":\"PropertyValueSpecification\",\"valueRequired\":true,\"valueName\":\"search_term_string\"}}],\"inLanguage\":\"fr-FR\"},{\"@type\":\"Person\",\"@id\":\"https:\\\/\\\/lepatriotebenin.com\\\/#\\\/schema\\\/person\\\/2e7709b9c9cc313e452d1136af61690f\",\"name\":\"Redaction\",\"image\":{\"@type\":\"ImageObject\",\"inLanguage\":\"fr-FR\",\"@id\":\"https:\\\/\\\/secure.gravatar.com\\\/avatar\\\/c4c509357859ea2ca2cbb6d8812898a73e4ef1ef9934c2e591d7e32face734d1?s=96&d=mm&r=g\",\"url\":\"https:\\\/\\\/secure.gravatar.com\\\/avatar\\\/c4c509357859ea2ca2cbb6d8812898a73e4ef1ef9934c2e591d7e32face734d1?s=96&d=mm&r=g\",\"contentUrl\":\"https:\\\/\\\/secure.gravatar.com\\\/avatar\\\/c4c509357859ea2ca2cbb6d8812898a73e4ef1ef9934c2e591d7e32face734d1?s=96&d=mm&r=g\",\"caption\":\"Redaction\"},\"url\":\"https:\\\/\\\/lepatriotebenin.com\"}]}<\/script>\n<!-- \/ Yoast SEO plugin. -->","yoast_head_json":{"title":"Harc\u00e8lement sexuel sur une \u00e9l\u00e8ve : cinq ans de prison ferme pour un instituteur \u00e0 Cotonou - Le Patriote","robots":{"index":"index","follow":"follow","max-snippet":"max-snippet:-1","max-image-preview":"max-image-preview:large","max-video-preview":"max-video-preview:-1"},"canonical":"https:\/\/lepatriotebenin.com\/index.php\/2026\/09\/01\/harcelement-sexuel-sur-une-eleve-cinq-ans-de-prison-ferme-pour-un-instituteur-a-cotonou\/","og_locale":"fr_FR","og_type":"article","og_title":"Harc\u00e8lement sexuel sur une \u00e9l\u00e8ve : cinq ans de prison ferme pour un instituteur \u00e0 Cotonou - Le Patriote","og_description":"\u00c0 Cotonou, un instituteur de 41 ans a \u00e9t\u00e9 condamn\u00e9 \u00e0 cinq ans de prison ferme par la Cour de r\u00e9pression des infractions \u00e9conomiques et du terrorisme (CRIET) pour harc\u00e8lement&hellip;","og_url":"https:\/\/lepatriotebenin.com\/index.php\/2026\/09\/01\/harcelement-sexuel-sur-une-eleve-cinq-ans-de-prison-ferme-pour-un-instituteur-a-cotonou\/","og_site_name":"Le Patriote","article_published_time":"2026-09-01T12:34:28+00:00","og_image":[{"width":1200,"height":675,"url":"https:\/\/lepatriotebenin.com\/wp-content\/uploads\/2026\/08\/criet.png","type":"image\/png"}],"author":"Redaction","twitter_card":"summary_large_image","twitter_misc":{"\u00c9crit par":"Redaction","Dur\u00e9e de lecture estim\u00e9e":"2 minutes"},"schema":{"@context":"https:\/\/schema.org","@graph":[{"@type":"Article","@id":"https:\/\/lepatriotebenin.com\/index.php\/2026\/09\/01\/harcelement-sexuel-sur-une-eleve-cinq-ans-de-prison-ferme-pour-un-instituteur-a-cotonou\/#article","isPartOf":{"@id":"https:\/\/lepatriotebenin.com\/index.php\/2026\/09\/01\/harcelement-sexuel-sur-une-eleve-cinq-ans-de-prison-ferme-pour-un-instituteur-a-cotonou\/"},"author":{"name":"Redaction","@id":"https:\/\/lepatriotebenin.com\/#\/schema\/person\/2e7709b9c9cc313e452d1136af61690f"},"headline":"Harc\u00e8lement sexuel sur une \u00e9l\u00e8ve : cinq ans de prison ferme pour un instituteur \u00e0 Cotonou","datePublished":"2026-09-01T12:34:28+00:00","mainEntityOfPage":{"@id":"https:\/\/lepatriotebenin.com\/index.php\/2026\/09\/01\/harcelement-sexuel-sur-une-eleve-cinq-ans-de-prison-ferme-pour-un-instituteur-a-cotonou\/"},"wordCount":357,"commentCount":0,"image":{"@id":"https:\/\/lepatriotebenin.com\/index.php\/2026\/09\/01\/harcelement-sexuel-sur-une-eleve-cinq-ans-de-prison-ferme-pour-un-instituteur-a-cotonou\/#primaryimage"},"thumbnailUrl":"https:\/\/lepatriotebenin.com\/wp-content\/uploads\/2026\/08\/criet.png","articleSection":["Soci\u00e9t\u00e9"],"inLanguage":"fr-FR","potentialAction":[{"@type":"CommentAction","name":"Comment","target":["https:\/\/lepatriotebenin.com\/index.php\/2026\/09\/01\/harcelement-sexuel-sur-une-eleve-cinq-ans-de-prison-ferme-pour-un-instituteur-a-cotonou\/#respond"]}]},{"@type":"WebPage","@id":"https:\/\/lepatriotebenin.com\/index.php\/2026\/09\/01\/harcelement-sexuel-sur-une-eleve-cinq-ans-de-prison-ferme-pour-un-instituteur-a-cotonou\/","url":"https:\/\/lepatriotebenin.com\/index.php\/2026\/09\/01\/harcelement-sexuel-sur-une-eleve-cinq-ans-de-prison-ferme-pour-un-instituteur-a-cotonou\/","name":"Harc\u00e8lement sexuel sur une \u00e9l\u00e8ve : cinq ans de prison ferme pour un instituteur \u00e0 Cotonou - Le Patriote","isPartOf":{"@id":"https:\/\/lepatriotebenin.com\/#website"},"primaryImageOfPage":{"@id":"https:\/\/lepatriotebenin.com\/index.php\/2026\/09\/01\/harcelement-sexuel-sur-une-eleve-cinq-ans-de-prison-ferme-pour-un-instituteur-a-cotonou\/#primaryimage"},"image":{"@id":"https:\/\/lepatriotebenin.com\/index.php\/2026\/09\/01\/harcelement-sexuel-sur-une-eleve-cinq-ans-de-prison-ferme-pour-un-instituteur-a-cotonou\/#primaryimage"},"thumbnailUrl":"https:\/\/lepatriotebenin.com\/wp-content\/uploads\/2026\/08\/criet.png","datePublished":"2026-09-01T12:34:28+00:00","author":{"@id":"https:\/\/lepatriotebenin.com\/#\/schema\/person\/2e7709b9c9cc313e452d1136af61690f"},"breadcrumb":{"@id":"https:\/\/lepatriotebenin.com\/index.php\/2026\/09\/01\/harcelement-sexuel-sur-une-eleve-cinq-ans-de-prison-ferme-pour-un-instituteur-a-cotonou\/#breadcrumb"},"inLanguage":"fr-FR","potentialAction":[{"@type":"ReadAction","target":["https:\/\/lepatriotebenin.com\/index.php\/2026\/09\/01\/harcelement-sexuel-sur-une-eleve-cinq-ans-de-prison-ferme-pour-un-instituteur-a-cotonou\/"]}]},{"@type":"ImageObject","inLanguage":"fr-FR","@id":"https:\/\/lepatriotebenin.com\/index.php\/2026\/09\/01\/harcelement-sexuel-sur-une-eleve-cinq-ans-de-prison-ferme-pour-un-instituteur-a-cotonou\/#primaryimage","url":"https:\/\/lepatriotebenin.com\/wp-content\/uploads\/2026\/08\/criet.png","contentUrl":"https:\/\/lepatriotebenin.com\/wp-content\/uploads\/2026\/08\/criet.png","width":1200,"height":675},{"@type":"BreadcrumbList","@id":"https:\/\/lepatriotebenin.com\/index.php\/2026\/09\/01\/harcelement-sexuel-sur-une-eleve-cinq-ans-de-prison-ferme-pour-un-instituteur-a-cotonou\/#breadcrumb","itemListElement":[{"@type":"ListItem","position":1,"name":"Accueil","item":"https:\/\/lepatriotebenin.com\/"},{"@type":"ListItem","position":2,"name":"Harc\u00e8lement sexuel sur une \u00e9l\u00e8ve : cinq ans de prison ferme pour un instituteur \u00e0 Cotonou"}]},{"@type":"WebSite","@id":"https:\/\/lepatriotebenin.com\/#website","url":"https:\/\/lepatriotebenin.com\/","name":"Le Patriote","description":"Le Patriote B\u00e9nin","potentialAction":[{"@type":"SearchAction","target":{"@type":"EntryPoint","urlTemplate":"https:\/\/lepatriotebenin.com\/?s={search_term_string}"},"query-input":{"@type":"PropertyValueSpecification","valueRequired":true,"valueName":"search_term_string"}}],"inLanguage":"fr-FR"},{"@type":"Person","@id":"https:\/\/lepatriotebenin.com\/#\/schema\/person\/2e7709b9c9cc313e452d1136af61690f","name":"Redaction","image":{"@type":"ImageObject","inLanguage":"fr-FR","@id":"https:\/\/secure.gravatar.com\/avatar\/c4c509357859ea2ca2cbb6d8812898a73e4ef1ef9934c2e591d7e32face734d1?s=96&d=mm&r=g","url":"https:\/\/secure.gravatar.com\/avatar\/c4c509357859ea2ca2cbb6d8812898a73e4ef1ef9934c2e591d7e32face734d1?s=96&d=mm&r=g","contentUrl":"https:\/\/secure.gravatar.com\/avatar\/c4c509357859ea2ca2cbb6d8812898a73e4ef1ef9934c2e591d7e32face734d1?s=96&d=mm&r=g","caption":"Redaction"},"url":"https:\/\/lepatriotebenin.com"}]}},"_links":{"self":[{"href":"https:\/\/lepatriotebenin.com\/index.php\/wp-json\/wp\/v2\/posts\/23459","targetHints":{"allow":["GET"]}}],"collection":[{"href":"https:\/\/lepatriotebenin.com\/index.php\/wp-json\/wp\/v2\/posts"}],"about":[{"href":"https:\/\/lepatriotebenin.com\/index.php\/wp-json\/wp\/v2\/types\/post"}],"author":[{"embeddable":true,"href":"https:\/\/lepatriotebenin.com\/index.php\/wp-json\/wp\/v2\/users\/5"}],"replies":[{"embeddable":true,"href":"https:\/\/lepatriotebenin.com\/index.php\/wp-json\/wp\/v2\/comments?post=23459"}],"version-history":[{"count":1,"href":"https:\/\/lepatriotebenin.com\/index.php\/wp-json\/wp\/v2\/posts\/23459\/revisions"}],"predecessor-version":[{"id":23460,"href":"https:\/\/lepatriotebenin.com\/index.php\/wp-json\/wp\/v2\/posts\/23459\/revisions\/23460"}],"wp:featuredmedia":[{"embeddable":true,"href":"https:\/\/lepatriotebenin.com\/index.php\/wp-json\/wp\/v2\/media\/23442"}],"wp:attachment":[{"href":"https:\/\/lepatriotebenin.com\/index.php\/wp-json\/wp\/v2\/media?parent=23459"}],"wp:term":[{"taxonomy":"category","embeddable":true,"href":"https:\/\/lepatriotebenin.com\/index.php\/wp-json\/wp\/v2\/categories?post=23459"},{"taxonomy":"post_tag","embeddable":true,"href":"https:\/\/lepatriotebenin.com\/index.php\/wp-json\/wp\/v2\/tags?post=23459"}],"curies":[{"name":"wp","href":"https:\/\/api.w.org\/{rel}","templated":true}]}}