{"id":23450,"date":"2026-08-31T22:32:21","date_gmt":"2026-08-31T20:32:21","guid":{"rendered":"https:\/\/lepatriotebenin.com\/?p=23450"},"modified":"2026-08-31T22:32:21","modified_gmt":"2026-08-31T20:32:21","slug":"can-u21-de-handball-les-18-guepards-beninois-retenus-pour-abidjan","status":"publish","type":"post","link":"https:\/\/lepatriotebenin.com\/index.php\/2026\/08\/31\/can-u21-de-handball-les-18-guepards-beninois-retenus-pour-abidjan\/","title":{"rendered":"CAN U21 de handball : les 18 Gu\u00e9pards b\u00e9ninois retenus pour Abidjan"},"content":{"rendered":"<p>En marge de leur pr\u00e9paration pour la 33e \u00e9dition du Championnat d\u2019Afrique des nations U21 de handball, les Gu\u00e9pards du B\u00e9nin connaissent leurs 18 joueurs pour le rendez-vous d\u2019Abidjan.<\/p>\n<p>Apr\u00e8s plusieurs jours de travail \u00e0 Cotonou, le s\u00e9lectionneur Serge Mathieu Dako et son staff ont r\u00e9duit le groupe. Ils \u00e9taient 26 joueurs au d\u00e9but du stage. Dix-huit ont finalement \u00e9t\u00e9 retenus pour poursuivre la pr\u00e9paration et disputer la comp\u00e9tition. En effet, dans ce tournoi \u00e0 Abidjan, le B\u00e9nin est plac\u00e9 dans le groupe C avec la Tunisie, la Libye et le Kenya. Les Gu\u00e9pards entreront en lice le 5 septembre contre la Tunisie. Ils joueront ensuite face \u00e0 la Libye le 6 septembre, avant de terminer la phase de groupes contre le Kenya, le 8 septembre.<\/p>\n<p><strong>Douze joueurs pr\u00e9sents \u00e0 l\u2019IHF Trophy U20<\/strong><\/p>\n<p>La s\u00e9lection compte douze joueurs qui avaient particip\u00e9 \u00e0 l\u2019IHF Trophy U20 \u00e0 Lom\u00e9. Le B\u00e9nin avait termin\u00e9 deuxi\u00e8me de cette comp\u00e9tition et obtenu sa qualification pour la CAN U21. Par ailleurs, Steeve Zandhohoun et Odilon Akiyo connaissent \u00e9galement les comp\u00e9titions internationales. Les deux joueurs avaient repr\u00e9sent\u00e9 le B\u00e9nin lors de l\u2019IHF Trophy U18 de la zone III \u00e0 Lom\u00e9.<\/p>\n<p>\u00c0 l\u2019inverse, quatre joueurs vont d\u00e9couvrir la s\u00e9lection dans cette cat\u00e9gorie. Il s\u2019agit d\u2019Adamou Wahidou, Djibril Safiou, Yaya Moukaidimou et Narcisse Adjagbenon.<\/p>\n<p><strong>La qualification au Mondial en jeu<\/strong><\/p>\n<p>Pour la suite de la comp\u00e9tition, les deux premi\u00e8res \u00e9quipes de chaque groupe se qualifieront pour les quarts de finale, pr\u00e9vus le 9 septembre. Les demi-finales auront lieu le 11 septembre, avant les matches pour les m\u00e9dailles le 12 septembre.<\/p>\n<p>Au-del\u00e0 du podium continental, la comp\u00e9tition offre \u00e9galement une place pour le prochain Championnat du monde U21. Les quatre \u00e9quipes qui atteindront les demi-finales seront ainsi qualifi\u00e9es pour le rendez-vous mondial.<\/p>\n<p>Le B\u00e9nin devra donc d\u2019abord r\u00e9ussir sa phase de groupes avant de viser une place dans le dernier carr\u00e9 \u00e0 Abidjan. La comp\u00e9tition se d\u00e9roulera du 5 au 12 septembre 2026 en C\u00f4te d\u2019Ivoire.<\/p>\n<p>&nbsp;<\/p>\n<p><strong>Alola BIAOU<\/strong><\/p>\n","protected":false},"excerpt":{"rendered":"<p>En marge de leur pr\u00e9paration pour la 33e \u00e9dition du Championnat d\u2019Afrique des nations U21 de handball, les Gu\u00e9pards du B\u00e9nin connaissent leurs 18 joueurs pour le rendez-vous d\u2019Abidjan. Apr\u00e8s&hellip;<\/p>\n","protected":false},"author":5,"featured_media":23451,"comment_status":"open","ping_status":"open","sticky":false,"template":"","format":"standard","meta":{"content-type":"","om_disable_all_campaigns":false,"_monsterinsights_skip_tracking":false,"_uf_show_specific_survey":0,"_uf_disable_surveys":false,"footnotes":""},"categories":[8],"tags":[],"class_list":["post-23450","post","type-post","status-publish","format-standard","has-post-thumbnail","hentry","category-sport"],"aioseo_notices":[],"aioseo_head":"\n\t\t<!-- All in One SEO 5.0.1.1 - aioseo.com -->\n\t<meta name=\"description\" content=\"En marge de leur pr\u00e9paration pour la 33e \u00e9dition du Championnat d\u2019Afrique des nations U21 de handball, les Gu\u00e9pards du B\u00e9nin connaissent leurs 18 joueurs pour le rendez-vous d\u2019Abidjan. Apr\u00e8s plusieurs jours de travail \u00e0 Cotonou, le s\u00e9lectionneur Serge Mathieu Dako et son staff ont r\u00e9duit le groupe. Ils \u00e9taient 26 joueurs au d\u00e9but du\" \/>\n\t<meta name=\"robots\" content=\"max-image-preview:large\" \/>\n\t<meta name=\"author\" content=\"Redaction\"\/>\n\t<link rel=\"canonical\" href=\"https:\/\/lepatriotebenin.com\/index.php\/2026\/08\/31\/can-u21-de-handball-les-18-guepards-beninois-retenus-pour-abidjan\/\" \/>\n\t<meta name=\"generator\" content=\"All in One SEO (AIOSEO) 5.0.1.1\" \/>\n\t\t<meta property=\"og:locale\" content=\"fr_FR\" \/>\n\t\t<meta property=\"og:site_name\" content=\"Le Patriote - Le Patriote B\u00e9nin\" \/>\n\t\t<meta property=\"og:type\" content=\"article\" \/>\n\t\t<meta property=\"og:title\" content=\"CAN U21 de handball : les 18 Gu\u00e9pards b\u00e9ninois retenus pour Abidjan - Le Patriote\" \/>\n\t\t<meta property=\"og:description\" content=\"En marge de leur pr\u00e9paration pour la 33e \u00e9dition du Championnat d\u2019Afrique des nations U21 de handball, les Gu\u00e9pards du B\u00e9nin connaissent leurs 18 joueurs pour le rendez-vous d\u2019Abidjan. Apr\u00e8s plusieurs jours de travail \u00e0 Cotonou, le s\u00e9lectionneur Serge Mathieu Dako et son staff ont r\u00e9duit le groupe. Ils \u00e9taient 26 joueurs au d\u00e9but du\" \/>\n\t\t<meta property=\"og:url\" content=\"https:\/\/lepatriotebenin.com\/index.php\/2026\/08\/31\/can-u21-de-handball-les-18-guepards-beninois-retenus-pour-abidjan\/\" \/>\n\t\t<meta property=\"article:published_time\" content=\"2026-08-31T20:32:21+00:00\" \/>\n\t\t<meta property=\"article:modified_time\" content=\"2026-08-31T20:32:21+00:00\" \/>\n\t\t<meta name=\"twitter:card\" content=\"summary_large_image\" \/>\n\t\t<meta name=\"twitter:title\" content=\"CAN U21 de handball : les 18 Gu\u00e9pards b\u00e9ninois retenus pour Abidjan - Le Patriote\" \/>\n\t\t<meta name=\"twitter:description\" content=\"En marge de leur pr\u00e9paration pour la 33e \u00e9dition du Championnat d\u2019Afrique des nations U21 de handball, les Gu\u00e9pards du B\u00e9nin connaissent leurs 18 joueurs pour le rendez-vous d\u2019Abidjan. Apr\u00e8s plusieurs jours de travail \u00e0 Cotonou, le s\u00e9lectionneur Serge Mathieu Dako et son staff ont r\u00e9duit le groupe. Ils \u00e9taient 26 joueurs au d\u00e9but du\" \/>\n\t\t<script type=\"application\/ld+json\" class=\"aioseo-schema\">\n\t\t\t{\"@context\":\"https:\\\/\\\/schema.org\",\"@graph\":[{\"@type\":\"BlogPosting\",\"@id\":\"https:\\\/\\\/lepatriotebenin.com\\\/index.php\\\/2026\\\/08\\\/31\\\/can-u21-de-handball-les-18-guepards-beninois-retenus-pour-abidjan\\\/#blogposting\",\"name\":\"CAN U21 de handball : les 18 Gu\\u00e9pards b\\u00e9ninois retenus pour Abidjan - Le Patriote\",\"headline\":\"CAN U21 de handball : les 18 Gu\\u00e9pards b\\u00e9ninois retenus pour Abidjan\",\"author\":{\"@id\":\"https:\\\/\\\/lepatriotebenin.com#author\"},\"publisher\":{\"@id\":\"https:\\\/\\\/lepatriotebenin.com\\\/#organization\"},\"image\":{\"@type\":\"ImageObject\",\"url\":\"https:\\\/\\\/lepatriotebenin.com\\\/wp-content\\\/uploads\\\/2026\\\/08\\\/can-21.png\",\"width\":1024,\"height\":1280},\"datePublished\":\"2026-08-31T22:32:21+02:00\",\"dateModified\":\"2026-08-31T22:32:21+02:00\",\"inLanguage\":\"fr-FR\",\"mainEntityOfPage\":{\"@id\":\"https:\\\/\\\/lepatriotebenin.com\\\/index.php\\\/2026\\\/08\\\/31\\\/can-u21-de-handball-les-18-guepards-beninois-retenus-pour-abidjan\\\/#webpage\"},\"isPartOf\":{\"@id\":\"https:\\\/\\\/lepatriotebenin.com\\\/index.php\\\/2026\\\/08\\\/31\\\/can-u21-de-handball-les-18-guepards-beninois-retenus-pour-abidjan\\\/#webpage\"},\"articleSection\":\"Sport\"},{\"@type\":\"BreadcrumbList\",\"@id\":\"https:\\\/\\\/lepatriotebenin.com\\\/index.php\\\/2026\\\/08\\\/31\\\/can-u21-de-handball-les-18-guepards-beninois-retenus-pour-abidjan\\\/#breadcrumblist\",\"itemListElement\":[{\"@type\":\"ListItem\",\"@id\":\"https:\\\/\\\/lepatriotebenin.com#listItem\",\"position\":1,\"name\":\"Home\",\"item\":\"https:\\\/\\\/lepatriotebenin.com\",\"nextItem\":{\"@type\":\"ListItem\",\"@id\":\"https:\\\/\\\/lepatriotebenin.com\\\/index.php\\\/category\\\/sport\\\/#listItem\",\"name\":\"Sport\"}},{\"@type\":\"ListItem\",\"@id\":\"https:\\\/\\\/lepatriotebenin.com\\\/index.php\\\/category\\\/sport\\\/#listItem\",\"position\":2,\"name\":\"Sport\",\"item\":\"https:\\\/\\\/lepatriotebenin.com\\\/index.php\\\/category\\\/sport\\\/\",\"nextItem\":{\"@type\":\"ListItem\",\"@id\":\"https:\\\/\\\/lepatriotebenin.com\\\/index.php\\\/2026\\\/08\\\/31\\\/can-u21-de-handball-les-18-guepards-beninois-retenus-pour-abidjan\\\/#listItem\",\"name\":\"CAN U21 de handball : les 18 Gu\\u00e9pards b\\u00e9ninois retenus pour Abidjan\"},\"previousItem\":{\"@type\":\"ListItem\",\"@id\":\"https:\\\/\\\/lepatriotebenin.com#listItem\",\"name\":\"Home\"}},{\"@type\":\"ListItem\",\"@id\":\"https:\\\/\\\/lepatriotebenin.com\\\/index.php\\\/2026\\\/08\\\/31\\\/can-u21-de-handball-les-18-guepards-beninois-retenus-pour-abidjan\\\/#listItem\",\"position\":3,\"name\":\"CAN U21 de handball : les 18 Gu\\u00e9pards b\\u00e9ninois retenus pour Abidjan\",\"previousItem\":{\"@type\":\"ListItem\",\"@id\":\"https:\\\/\\\/lepatriotebenin.com\\\/index.php\\\/category\\\/sport\\\/#listItem\",\"name\":\"Sport\"}}]},{\"@type\":\"Organization\",\"@id\":\"https:\\\/\\\/lepatriotebenin.com\\\/#organization\",\"name\":\"Le Patriote\",\"description\":\"Le Patriote B\\u00e9nin\",\"url\":\"https:\\\/\\\/lepatriotebenin.com\\\/\"},{\"@type\":\"Person\",\"@id\":\"https:\\\/\\\/lepatriotebenin.com#author\",\"url\":\"https:\\\/\\\/lepatriotebenin.com\",\"name\":\"Redaction\",\"image\":{\"@type\":\"ImageObject\",\"@id\":\"https:\\\/\\\/lepatriotebenin.com\\\/index.php\\\/2026\\\/08\\\/31\\\/can-u21-de-handball-les-18-guepards-beninois-retenus-pour-abidjan\\\/#authorImage\",\"url\":\"https:\\\/\\\/secure.gravatar.com\\\/avatar\\\/c4c509357859ea2ca2cbb6d8812898a73e4ef1ef9934c2e591d7e32face734d1?s=96&d=mm&r=g\",\"width\":96,\"height\":96,\"caption\":\"Redaction\"}},{\"@type\":\"WebPage\",\"@id\":\"https:\\\/\\\/lepatriotebenin.com\\\/index.php\\\/2026\\\/08\\\/31\\\/can-u21-de-handball-les-18-guepards-beninois-retenus-pour-abidjan\\\/#webpage\",\"url\":\"https:\\\/\\\/lepatriotebenin.com\\\/index.php\\\/2026\\\/08\\\/31\\\/can-u21-de-handball-les-18-guepards-beninois-retenus-pour-abidjan\\\/\",\"name\":\"CAN U21 de handball : les 18 Gu\\u00e9pards b\\u00e9ninois retenus pour Abidjan - Le Patriote\",\"description\":\"En marge de leur pr\\u00e9paration pour la 33e \\u00e9dition du Championnat d\\u2019Afrique des nations U21 de handball, les Gu\\u00e9pards du B\\u00e9nin connaissent leurs 18 joueurs pour le rendez-vous d\\u2019Abidjan. Apr\\u00e8s plusieurs jours de travail \\u00e0 Cotonou, le s\\u00e9lectionneur Serge Mathieu Dako et son staff ont r\\u00e9duit le groupe. Ils \\u00e9taient 26 joueurs au d\\u00e9but du\",\"inLanguage\":\"fr-FR\",\"isPartOf\":{\"@id\":\"https:\\\/\\\/lepatriotebenin.com\\\/#website\"},\"breadcrumb\":{\"@id\":\"https:\\\/\\\/lepatriotebenin.com\\\/index.php\\\/2026\\\/08\\\/31\\\/can-u21-de-handball-les-18-guepards-beninois-retenus-pour-abidjan\\\/#breadcrumblist\"},\"author\":{\"@id\":\"https:\\\/\\\/lepatriotebenin.com#author\"},\"creator\":{\"@id\":\"https:\\\/\\\/lepatriotebenin.com#author\"},\"image\":{\"@type\":\"ImageObject\",\"url\":\"https:\\\/\\\/lepatriotebenin.com\\\/wp-content\\\/uploads\\\/2026\\\/08\\\/can-21.png\",\"@id\":\"https:\\\/\\\/lepatriotebenin.com\\\/index.php\\\/2026\\\/08\\\/31\\\/can-u21-de-handball-les-18-guepards-beninois-retenus-pour-abidjan\\\/#mainImage\",\"width\":1024,\"height\":1280},\"primaryImageOfPage\":{\"@id\":\"https:\\\/\\\/lepatriotebenin.com\\\/index.php\\\/2026\\\/08\\\/31\\\/can-u21-de-handball-les-18-guepards-beninois-retenus-pour-abidjan\\\/#mainImage\"},\"datePublished\":\"2026-08-31T22:32:21+02:00\",\"dateModified\":\"2026-08-31T22:32:21+02:00\"},{\"@type\":\"WebSite\",\"@id\":\"https:\\\/\\\/lepatriotebenin.com\\\/#website\",\"url\":\"https:\\\/\\\/lepatriotebenin.com\\\/\",\"name\":\"Le Patriote\",\"description\":\"Le Patriote B\\u00e9nin\",\"inLanguage\":\"fr-FR\",\"publisher\":{\"@id\":\"https:\\\/\\\/lepatriotebenin.com\\\/#organization\"}}]}\n\t\t<\/script>\n\t\t<!-- All in One SEO -->\n\n","aioseo_head_json":{"title":"CAN U21 de handball : les 18 Gu\u00e9pards b\u00e9ninois retenus pour Abidjan - Le Patriote","description":"En marge de leur pr\u00e9paration pour la 33e \u00e9dition du Championnat d\u2019Afrique des nations U21 de handball, les Gu\u00e9pards du B\u00e9nin connaissent leurs 18 joueurs pour le rendez-vous d\u2019Abidjan. Apr\u00e8s plusieurs jours de travail \u00e0 Cotonou, le s\u00e9lectionneur Serge Mathieu Dako et son staff ont r\u00e9duit le groupe. Ils \u00e9taient 26 joueurs au d\u00e9but du","canonical_url":"https:\/\/lepatriotebenin.com\/index.php\/2026\/08\/31\/can-u21-de-handball-les-18-guepards-beninois-retenus-pour-abidjan\/","robots":"max-image-preview:large","keywords":"","webmasterTools":{"miscellaneous":""},"schema":{"@context":"https:\/\/schema.org","@graph":[{"@type":"BlogPosting","@id":"https:\/\/lepatriotebenin.com\/index.php\/2026\/08\/31\/can-u21-de-handball-les-18-guepards-beninois-retenus-pour-abidjan\/#blogposting","name":"CAN U21 de handball : les 18 Gu\u00e9pards b\u00e9ninois retenus pour Abidjan - Le Patriote","headline":"CAN U21 de handball : les 18 Gu\u00e9pards b\u00e9ninois retenus pour Abidjan","author":{"@id":"https:\/\/lepatriotebenin.com#author"},"publisher":{"@id":"https:\/\/lepatriotebenin.com\/#organization"},"image":{"@type":"ImageObject","url":"https:\/\/lepatriotebenin.com\/wp-content\/uploads\/2026\/08\/can-21.png","width":1024,"height":1280},"datePublished":"2026-08-31T22:32:21+02:00","dateModified":"2026-08-31T22:32:21+02:00","inLanguage":"fr-FR","mainEntityOfPage":{"@id":"https:\/\/lepatriotebenin.com\/index.php\/2026\/08\/31\/can-u21-de-handball-les-18-guepards-beninois-retenus-pour-abidjan\/#webpage"},"isPartOf":{"@id":"https:\/\/lepatriotebenin.com\/index.php\/2026\/08\/31\/can-u21-de-handball-les-18-guepards-beninois-retenus-pour-abidjan\/#webpage"},"articleSection":"Sport"},{"@type":"BreadcrumbList","@id":"https:\/\/lepatriotebenin.com\/index.php\/2026\/08\/31\/can-u21-de-handball-les-18-guepards-beninois-retenus-pour-abidjan\/#breadcrumblist","itemListElement":[{"@type":"ListItem","@id":"https:\/\/lepatriotebenin.com#listItem","position":1,"name":"Home","item":"https:\/\/lepatriotebenin.com","nextItem":{"@type":"ListItem","@id":"https:\/\/lepatriotebenin.com\/index.php\/category\/sport\/#listItem","name":"Sport"}},{"@type":"ListItem","@id":"https:\/\/lepatriotebenin.com\/index.php\/category\/sport\/#listItem","position":2,"name":"Sport","item":"https:\/\/lepatriotebenin.com\/index.php\/category\/sport\/","nextItem":{"@type":"ListItem","@id":"https:\/\/lepatriotebenin.com\/index.php\/2026\/08\/31\/can-u21-de-handball-les-18-guepards-beninois-retenus-pour-abidjan\/#listItem","name":"CAN U21 de handball : les 18 Gu\u00e9pards b\u00e9ninois retenus pour Abidjan"},"previousItem":{"@type":"ListItem","@id":"https:\/\/lepatriotebenin.com#listItem","name":"Home"}},{"@type":"ListItem","@id":"https:\/\/lepatriotebenin.com\/index.php\/2026\/08\/31\/can-u21-de-handball-les-18-guepards-beninois-retenus-pour-abidjan\/#listItem","position":3,"name":"CAN U21 de handball : les 18 Gu\u00e9pards b\u00e9ninois retenus pour Abidjan","previousItem":{"@type":"ListItem","@id":"https:\/\/lepatriotebenin.com\/index.php\/category\/sport\/#listItem","name":"Sport"}}]},{"@type":"Organization","@id":"https:\/\/lepatriotebenin.com\/#organization","name":"Le Patriote","description":"Le Patriote B\u00e9nin","url":"https:\/\/lepatriotebenin.com\/"},{"@type":"Person","@id":"https:\/\/lepatriotebenin.com#author","url":"https:\/\/lepatriotebenin.com","name":"Redaction","image":{"@type":"ImageObject","@id":"https:\/\/lepatriotebenin.com\/index.php\/2026\/08\/31\/can-u21-de-handball-les-18-guepards-beninois-retenus-pour-abidjan\/#authorImage","url":"https:\/\/secure.gravatar.com\/avatar\/c4c509357859ea2ca2cbb6d8812898a73e4ef1ef9934c2e591d7e32face734d1?s=96&d=mm&r=g","width":96,"height":96,"caption":"Redaction"}},{"@type":"WebPage","@id":"https:\/\/lepatriotebenin.com\/index.php\/2026\/08\/31\/can-u21-de-handball-les-18-guepards-beninois-retenus-pour-abidjan\/#webpage","url":"https:\/\/lepatriotebenin.com\/index.php\/2026\/08\/31\/can-u21-de-handball-les-18-guepards-beninois-retenus-pour-abidjan\/","name":"CAN U21 de handball : les 18 Gu\u00e9pards b\u00e9ninois retenus pour Abidjan - Le Patriote","description":"En marge de leur pr\u00e9paration pour la 33e \u00e9dition du Championnat d\u2019Afrique des nations U21 de handball, les Gu\u00e9pards du B\u00e9nin connaissent leurs 18 joueurs pour le rendez-vous d\u2019Abidjan. Apr\u00e8s plusieurs jours de travail \u00e0 Cotonou, le s\u00e9lectionneur Serge Mathieu Dako et son staff ont r\u00e9duit le groupe. Ils \u00e9taient 26 joueurs au d\u00e9but du","inLanguage":"fr-FR","isPartOf":{"@id":"https:\/\/lepatriotebenin.com\/#website"},"breadcrumb":{"@id":"https:\/\/lepatriotebenin.com\/index.php\/2026\/08\/31\/can-u21-de-handball-les-18-guepards-beninois-retenus-pour-abidjan\/#breadcrumblist"},"author":{"@id":"https:\/\/lepatriotebenin.com#author"},"creator":{"@id":"https:\/\/lepatriotebenin.com#author"},"image":{"@type":"ImageObject","url":"https:\/\/lepatriotebenin.com\/wp-content\/uploads\/2026\/08\/can-21.png","@id":"https:\/\/lepatriotebenin.com\/index.php\/2026\/08\/31\/can-u21-de-handball-les-18-guepards-beninois-retenus-pour-abidjan\/#mainImage","width":1024,"height":1280},"primaryImageOfPage":{"@id":"https:\/\/lepatriotebenin.com\/index.php\/2026\/08\/31\/can-u21-de-handball-les-18-guepards-beninois-retenus-pour-abidjan\/#mainImage"},"datePublished":"2026-08-31T22:32:21+02:00","dateModified":"2026-08-31T22:32:21+02:00"},{"@type":"WebSite","@id":"https:\/\/lepatriotebenin.com\/#website","url":"https:\/\/lepatriotebenin.com\/","name":"Le Patriote","description":"Le Patriote B\u00e9nin","inLanguage":"fr-FR","publisher":{"@id":"https:\/\/lepatriotebenin.com\/#organization"}}]},"og:locale":"fr_FR","og:site_name":"Le Patriote - Le Patriote B\u00e9nin","og:type":"article","og:title":"CAN U21 de handball : les 18 Gu\u00e9pards b\u00e9ninois retenus pour Abidjan - Le Patriote","og:description":"En marge de leur pr\u00e9paration pour la 33e \u00e9dition du Championnat d\u2019Afrique des nations U21 de handball, les Gu\u00e9pards du B\u00e9nin connaissent leurs 18 joueurs pour le rendez-vous d\u2019Abidjan. Apr\u00e8s plusieurs jours de travail \u00e0 Cotonou, le s\u00e9lectionneur Serge Mathieu Dako et son staff ont r\u00e9duit le groupe. Ils \u00e9taient 26 joueurs au d\u00e9but du","og:url":"https:\/\/lepatriotebenin.com\/index.php\/2026\/08\/31\/can-u21-de-handball-les-18-guepards-beninois-retenus-pour-abidjan\/","article:published_time":"2026-08-31T20:32:21+00:00","article:modified_time":"2026-08-31T20:32:21+00:00","twitter:card":"summary_large_image","twitter:title":"CAN U21 de handball : les 18 Gu\u00e9pards b\u00e9ninois retenus pour Abidjan - Le Patriote","twitter:description":"En marge de leur pr\u00e9paration pour la 33e \u00e9dition du Championnat d\u2019Afrique des nations U21 de handball, les Gu\u00e9pards du B\u00e9nin connaissent leurs 18 joueurs pour le rendez-vous d\u2019Abidjan. Apr\u00e8s plusieurs jours de travail \u00e0 Cotonou, le s\u00e9lectionneur Serge Mathieu Dako et son staff ont r\u00e9duit le groupe. Ils \u00e9taient 26 joueurs au d\u00e9but du"},"aioseo_meta_data":{"post_id":"23450","title":null,"description":null,"keywords":null,"keyphrases":{"focus":{"keyphrase":"","score":0,"analysis":{"keyphraseInTitle":{"score":0,"maxScore":9,"error":1}}},"additional":[]},"primary_term":null,"canonical_url":null,"og_title":null,"og_description":null,"og_object_type":"default","og_image_type":"default","og_image_url":null,"og_image_width":null,"og_image_height":null,"og_image_custom_url":null,"og_image_custom_fields":null,"og_video":"","og_custom_url":null,"og_article_section":null,"og_article_tags":null,"twitter_use_og":false,"twitter_card":"default","twitter_image_type":"default","twitter_image_url":null,"twitter_image_custom_url":null,"twitter_image_custom_fields":null,"twitter_title":null,"twitter_description":null,"schema":{"blockGraphs":[],"customGraphs":[],"default":{"data":{"Article":[],"Course":[],"Dataset":[],"FAQPage":[],"Movie":[],"Person":[],"Product":[],"ProductReview":[],"Car":[],"Recipe":[],"Service":[],"SoftwareApplication":[],"WebPage":[]},"graphName":"BlogPosting","isEnabled":true},"graphs":[]},"schema_type":"default","schema_type_options":null,"pillar_content":false,"robots_default":true,"robots_noindex":false,"robots_noarchive":false,"robots_nosnippet":false,"robots_nofollow":false,"robots_noimageindex":false,"robots_noodp":false,"robots_notranslate":false,"robots_max_snippet":"-1","robots_max_videopreview":"-1","robots_max_imagepreview":"large","priority":null,"frequency":"default","local_seo":null,"breadcrumb_settings":null,"limit_modified_date":false,"ai":{"faqs":[],"keyPoints":[],"schemas":[],"titles":[],"descriptions":[],"socialPosts":{"email":{"subject":"","preview":"","content":""},"linkedin":[],"twitter":[],"facebook":[],"instagram":[]}},"created":"2026-08-31 20:32:22","updated":"2026-08-31 21:31:04","seo_analyzer_scan_date":null,"focus_keyword":null,"additional_keywords":null,"truseo_locale":null},"aioseo_breadcrumb":"<div class=\"aioseo-breadcrumbs\"><span class=\"aioseo-breadcrumb\">\n\t\t\t<a href=\"https:\/\/lepatriotebenin.com\" title=\"Home\">Home<\/a>\n\t\t<\/span><span class=\"aioseo-breadcrumb-separator\">&raquo;<\/span><span class=\"aioseo-breadcrumb\">\n\t\t\t<a href=\"https:\/\/lepatriotebenin.com\/index.php\/category\/sport\/\" title=\"Sport\">Sport<\/a>\n\t\t<\/span><span class=\"aioseo-breadcrumb-separator\">&raquo;<\/span><span class=\"aioseo-breadcrumb\">\n\t\t\tCAN U21 de handball : les 18 Gu\u00e9pards b\u00e9ninois retenus pour Abidjan\n\t\t<\/span><\/div>","aioseo_breadcrumb_json":[{"label":"Home","link":"https:\/\/lepatriotebenin.com"},{"label":"Sport","link":"https:\/\/lepatriotebenin.com\/index.php\/category\/sport\/"},{"label":"CAN U21 de handball : les 18 Gu\u00e9pards b\u00e9ninois retenus pour Abidjan","link":"https:\/\/lepatriotebenin.com\/index.php\/2026\/08\/31\/can-u21-de-handball-les-18-guepards-beninois-retenus-pour-abidjan\/"}],"yoast_head":"<!-- This site is optimized with the Yoast SEO plugin v28.3 - https:\/\/yoast.com\/product\/yoast-seo-wordpress\/ -->\n<title>CAN U21 de handball : les 18 Gu\u00e9pards b\u00e9ninois retenus pour Abidjan - Le Patriote<\/title>\n<meta name=\"robots\" content=\"index, follow, max-snippet:-1, max-image-preview:large, max-video-preview:-1\" \/>\n<link rel=\"canonical\" href=\"https:\/\/lepatriotebenin.com\/index.php\/2026\/08\/31\/can-u21-de-handball-les-18-guepards-beninois-retenus-pour-abidjan\/\" \/>\n<meta property=\"og:locale\" content=\"fr_FR\" \/>\n<meta property=\"og:type\" content=\"article\" \/>\n<meta property=\"og:title\" content=\"CAN U21 de handball : les 18 Gu\u00e9pards b\u00e9ninois retenus pour Abidjan - Le Patriote\" \/>\n<meta property=\"og:description\" content=\"En marge de leur pr\u00e9paration pour la 33e \u00e9dition du Championnat d\u2019Afrique des nations U21 de handball, les Gu\u00e9pards du B\u00e9nin connaissent leurs 18 joueurs pour le rendez-vous d\u2019Abidjan. Apr\u00e8s&hellip;\" \/>\n<meta property=\"og:url\" content=\"https:\/\/lepatriotebenin.com\/index.php\/2026\/08\/31\/can-u21-de-handball-les-18-guepards-beninois-retenus-pour-abidjan\/\" \/>\n<meta property=\"og:site_name\" content=\"Le Patriote\" \/>\n<meta property=\"article:published_time\" content=\"2026-08-31T20:32:21+00:00\" \/>\n<meta property=\"og:image\" content=\"https:\/\/lepatriotebenin.com\/wp-content\/uploads\/2026\/08\/can-21.png\" \/>\n\t<meta property=\"og:image:width\" content=\"1024\" \/>\n\t<meta property=\"og:image:height\" content=\"1280\" \/>\n\t<meta property=\"og:image:type\" content=\"image\/png\" \/>\n<meta name=\"author\" content=\"Redaction\" \/>\n<meta name=\"twitter:card\" content=\"summary_large_image\" \/>\n<meta name=\"twitter:label1\" content=\"\u00c9crit par\" \/>\n\t<meta name=\"twitter:data1\" content=\"Redaction\" \/>\n\t<meta name=\"twitter:label2\" content=\"Dur\u00e9e de lecture estim\u00e9e\" \/>\n\t<meta name=\"twitter:data2\" content=\"2 minutes\" \/>\n<script type=\"application\/ld+json\" class=\"yoast-schema-graph\">{\"@context\":\"https:\\\/\\\/schema.org\",\"@graph\":[{\"@type\":\"Article\",\"@id\":\"https:\\\/\\\/lepatriotebenin.com\\\/index.php\\\/2026\\\/08\\\/31\\\/can-u21-de-handball-les-18-guepards-beninois-retenus-pour-abidjan\\\/#article\",\"isPartOf\":{\"@id\":\"https:\\\/\\\/lepatriotebenin.com\\\/index.php\\\/2026\\\/08\\\/31\\\/can-u21-de-handball-les-18-guepards-beninois-retenus-pour-abidjan\\\/\"},\"author\":{\"name\":\"Redaction\",\"@id\":\"https:\\\/\\\/lepatriotebenin.com\\\/#\\\/schema\\\/person\\\/2e7709b9c9cc313e452d1136af61690f\"},\"headline\":\"CAN U21 de handball : les 18 Gu\u00e9pards b\u00e9ninois retenus pour Abidjan\",\"datePublished\":\"2026-08-31T20:32:21+00:00\",\"mainEntityOfPage\":{\"@id\":\"https:\\\/\\\/lepatriotebenin.com\\\/index.php\\\/2026\\\/08\\\/31\\\/can-u21-de-handball-les-18-guepards-beninois-retenus-pour-abidjan\\\/\"},\"wordCount\":364,\"commentCount\":0,\"image\":{\"@id\":\"https:\\\/\\\/lepatriotebenin.com\\\/index.php\\\/2026\\\/08\\\/31\\\/can-u21-de-handball-les-18-guepards-beninois-retenus-pour-abidjan\\\/#primaryimage\"},\"thumbnailUrl\":\"https:\\\/\\\/lepatriotebenin.com\\\/wp-content\\\/uploads\\\/2026\\\/08\\\/can-21.png\",\"articleSection\":[\"Sport\"],\"inLanguage\":\"fr-FR\",\"potentialAction\":[{\"@type\":\"CommentAction\",\"name\":\"Comment\",\"target\":[\"https:\\\/\\\/lepatriotebenin.com\\\/index.php\\\/2026\\\/08\\\/31\\\/can-u21-de-handball-les-18-guepards-beninois-retenus-pour-abidjan\\\/#respond\"]}]},{\"@type\":\"WebPage\",\"@id\":\"https:\\\/\\\/lepatriotebenin.com\\\/index.php\\\/2026\\\/08\\\/31\\\/can-u21-de-handball-les-18-guepards-beninois-retenus-pour-abidjan\\\/\",\"url\":\"https:\\\/\\\/lepatriotebenin.com\\\/index.php\\\/2026\\\/08\\\/31\\\/can-u21-de-handball-les-18-guepards-beninois-retenus-pour-abidjan\\\/\",\"name\":\"CAN U21 de handball : les 18 Gu\u00e9pards b\u00e9ninois retenus pour Abidjan - Le Patriote\",\"isPartOf\":{\"@id\":\"https:\\\/\\\/lepatriotebenin.com\\\/#website\"},\"primaryImageOfPage\":{\"@id\":\"https:\\\/\\\/lepatriotebenin.com\\\/index.php\\\/2026\\\/08\\\/31\\\/can-u21-de-handball-les-18-guepards-beninois-retenus-pour-abidjan\\\/#primaryimage\"},\"image\":{\"@id\":\"https:\\\/\\\/lepatriotebenin.com\\\/index.php\\\/2026\\\/08\\\/31\\\/can-u21-de-handball-les-18-guepards-beninois-retenus-pour-abidjan\\\/#primaryimage\"},\"thumbnailUrl\":\"https:\\\/\\\/lepatriotebenin.com\\\/wp-content\\\/uploads\\\/2026\\\/08\\\/can-21.png\",\"datePublished\":\"2026-08-31T20:32:21+00:00\",\"author\":{\"@id\":\"https:\\\/\\\/lepatriotebenin.com\\\/#\\\/schema\\\/person\\\/2e7709b9c9cc313e452d1136af61690f\"},\"breadcrumb\":{\"@id\":\"https:\\\/\\\/lepatriotebenin.com\\\/index.php\\\/2026\\\/08\\\/31\\\/can-u21-de-handball-les-18-guepards-beninois-retenus-pour-abidjan\\\/#breadcrumb\"},\"inLanguage\":\"fr-FR\",\"potentialAction\":[{\"@type\":\"ReadAction\",\"target\":[\"https:\\\/\\\/lepatriotebenin.com\\\/index.php\\\/2026\\\/08\\\/31\\\/can-u21-de-handball-les-18-guepards-beninois-retenus-pour-abidjan\\\/\"]}]},{\"@type\":\"ImageObject\",\"inLanguage\":\"fr-FR\",\"@id\":\"https:\\\/\\\/lepatriotebenin.com\\\/index.php\\\/2026\\\/08\\\/31\\\/can-u21-de-handball-les-18-guepards-beninois-retenus-pour-abidjan\\\/#primaryimage\",\"url\":\"https:\\\/\\\/lepatriotebenin.com\\\/wp-content\\\/uploads\\\/2026\\\/08\\\/can-21.png\",\"contentUrl\":\"https:\\\/\\\/lepatriotebenin.com\\\/wp-content\\\/uploads\\\/2026\\\/08\\\/can-21.png\",\"width\":1024,\"height\":1280},{\"@type\":\"BreadcrumbList\",\"@id\":\"https:\\\/\\\/lepatriotebenin.com\\\/index.php\\\/2026\\\/08\\\/31\\\/can-u21-de-handball-les-18-guepards-beninois-retenus-pour-abidjan\\\/#breadcrumb\",\"itemListElement\":[{\"@type\":\"ListItem\",\"position\":1,\"name\":\"Accueil\",\"item\":\"https:\\\/\\\/lepatriotebenin.com\\\/\"},{\"@type\":\"ListItem\",\"position\":2,\"name\":\"CAN U21 de handball : les 18 Gu\u00e9pards b\u00e9ninois retenus pour Abidjan\"}]},{\"@type\":\"WebSite\",\"@id\":\"https:\\\/\\\/lepatriotebenin.com\\\/#website\",\"url\":\"https:\\\/\\\/lepatriotebenin.com\\\/\",\"name\":\"Le Patriote\",\"description\":\"Le Patriote B\u00e9nin\",\"potentialAction\":[{\"@type\":\"SearchAction\",\"target\":{\"@type\":\"EntryPoint\",\"urlTemplate\":\"https:\\\/\\\/lepatriotebenin.com\\\/?s={search_term_string}\"},\"query-input\":{\"@type\":\"PropertyValueSpecification\",\"valueRequired\":true,\"valueName\":\"search_term_string\"}}],\"inLanguage\":\"fr-FR\"},{\"@type\":\"Person\",\"@id\":\"https:\\\/\\\/lepatriotebenin.com\\\/#\\\/schema\\\/person\\\/2e7709b9c9cc313e452d1136af61690f\",\"name\":\"Redaction\",\"image\":{\"@type\":\"ImageObject\",\"inLanguage\":\"fr-FR\",\"@id\":\"https:\\\/\\\/secure.gravatar.com\\\/avatar\\\/c4c509357859ea2ca2cbb6d8812898a73e4ef1ef9934c2e591d7e32face734d1?s=96&d=mm&r=g\",\"url\":\"https:\\\/\\\/secure.gravatar.com\\\/avatar\\\/c4c509357859ea2ca2cbb6d8812898a73e4ef1ef9934c2e591d7e32face734d1?s=96&d=mm&r=g\",\"contentUrl\":\"https:\\\/\\\/secure.gravatar.com\\\/avatar\\\/c4c509357859ea2ca2cbb6d8812898a73e4ef1ef9934c2e591d7e32face734d1?s=96&d=mm&r=g\",\"caption\":\"Redaction\"},\"url\":\"https:\\\/\\\/lepatriotebenin.com\"}]}<\/script>\n<!-- \/ Yoast SEO plugin. -->","yoast_head_json":{"title":"CAN U21 de handball : les 18 Gu\u00e9pards b\u00e9ninois retenus pour Abidjan - Le Patriote","robots":{"index":"index","follow":"follow","max-snippet":"max-snippet:-1","max-image-preview":"max-image-preview:large","max-video-preview":"max-video-preview:-1"},"canonical":"https:\/\/lepatriotebenin.com\/index.php\/2026\/08\/31\/can-u21-de-handball-les-18-guepards-beninois-retenus-pour-abidjan\/","og_locale":"fr_FR","og_type":"article","og_title":"CAN U21 de handball : les 18 Gu\u00e9pards b\u00e9ninois retenus pour Abidjan - Le Patriote","og_description":"En marge de leur pr\u00e9paration pour la 33e \u00e9dition du Championnat d\u2019Afrique des nations U21 de handball, les Gu\u00e9pards du B\u00e9nin connaissent leurs 18 joueurs pour le rendez-vous d\u2019Abidjan. Apr\u00e8s&hellip;","og_url":"https:\/\/lepatriotebenin.com\/index.php\/2026\/08\/31\/can-u21-de-handball-les-18-guepards-beninois-retenus-pour-abidjan\/","og_site_name":"Le Patriote","article_published_time":"2026-08-31T20:32:21+00:00","og_image":[{"width":1024,"height":1280,"url":"https:\/\/lepatriotebenin.com\/wp-content\/uploads\/2026\/08\/can-21.png","type":"image\/png"}],"author":"Redaction","twitter_card":"summary_large_image","twitter_misc":{"\u00c9crit par":"Redaction","Dur\u00e9e de lecture estim\u00e9e":"2 minutes"},"schema":{"@context":"https:\/\/schema.org","@graph":[{"@type":"Article","@id":"https:\/\/lepatriotebenin.com\/index.php\/2026\/08\/31\/can-u21-de-handball-les-18-guepards-beninois-retenus-pour-abidjan\/#article","isPartOf":{"@id":"https:\/\/lepatriotebenin.com\/index.php\/2026\/08\/31\/can-u21-de-handball-les-18-guepards-beninois-retenus-pour-abidjan\/"},"author":{"name":"Redaction","@id":"https:\/\/lepatriotebenin.com\/#\/schema\/person\/2e7709b9c9cc313e452d1136af61690f"},"headline":"CAN U21 de handball : les 18 Gu\u00e9pards b\u00e9ninois retenus pour Abidjan","datePublished":"2026-08-31T20:32:21+00:00","mainEntityOfPage":{"@id":"https:\/\/lepatriotebenin.com\/index.php\/2026\/08\/31\/can-u21-de-handball-les-18-guepards-beninois-retenus-pour-abidjan\/"},"wordCount":364,"commentCount":0,"image":{"@id":"https:\/\/lepatriotebenin.com\/index.php\/2026\/08\/31\/can-u21-de-handball-les-18-guepards-beninois-retenus-pour-abidjan\/#primaryimage"},"thumbnailUrl":"https:\/\/lepatriotebenin.com\/wp-content\/uploads\/2026\/08\/can-21.png","articleSection":["Sport"],"inLanguage":"fr-FR","potentialAction":[{"@type":"CommentAction","name":"Comment","target":["https:\/\/lepatriotebenin.com\/index.php\/2026\/08\/31\/can-u21-de-handball-les-18-guepards-beninois-retenus-pour-abidjan\/#respond"]}]},{"@type":"WebPage","@id":"https:\/\/lepatriotebenin.com\/index.php\/2026\/08\/31\/can-u21-de-handball-les-18-guepards-beninois-retenus-pour-abidjan\/","url":"https:\/\/lepatriotebenin.com\/index.php\/2026\/08\/31\/can-u21-de-handball-les-18-guepards-beninois-retenus-pour-abidjan\/","name":"CAN U21 de handball : les 18 Gu\u00e9pards b\u00e9ninois retenus pour Abidjan - Le Patriote","isPartOf":{"@id":"https:\/\/lepatriotebenin.com\/#website"},"primaryImageOfPage":{"@id":"https:\/\/lepatriotebenin.com\/index.php\/2026\/08\/31\/can-u21-de-handball-les-18-guepards-beninois-retenus-pour-abidjan\/#primaryimage"},"image":{"@id":"https:\/\/lepatriotebenin.com\/index.php\/2026\/08\/31\/can-u21-de-handball-les-18-guepards-beninois-retenus-pour-abidjan\/#primaryimage"},"thumbnailUrl":"https:\/\/lepatriotebenin.com\/wp-content\/uploads\/2026\/08\/can-21.png","datePublished":"2026-08-31T20:32:21+00:00","author":{"@id":"https:\/\/lepatriotebenin.com\/#\/schema\/person\/2e7709b9c9cc313e452d1136af61690f"},"breadcrumb":{"@id":"https:\/\/lepatriotebenin.com\/index.php\/2026\/08\/31\/can-u21-de-handball-les-18-guepards-beninois-retenus-pour-abidjan\/#breadcrumb"},"inLanguage":"fr-FR","potentialAction":[{"@type":"ReadAction","target":["https:\/\/lepatriotebenin.com\/index.php\/2026\/08\/31\/can-u21-de-handball-les-18-guepards-beninois-retenus-pour-abidjan\/"]}]},{"@type":"ImageObject","inLanguage":"fr-FR","@id":"https:\/\/lepatriotebenin.com\/index.php\/2026\/08\/31\/can-u21-de-handball-les-18-guepards-beninois-retenus-pour-abidjan\/#primaryimage","url":"https:\/\/lepatriotebenin.com\/wp-content\/uploads\/2026\/08\/can-21.png","contentUrl":"https:\/\/lepatriotebenin.com\/wp-content\/uploads\/2026\/08\/can-21.png","width":1024,"height":1280},{"@type":"BreadcrumbList","@id":"https:\/\/lepatriotebenin.com\/index.php\/2026\/08\/31\/can-u21-de-handball-les-18-guepards-beninois-retenus-pour-abidjan\/#breadcrumb","itemListElement":[{"@type":"ListItem","position":1,"name":"Accueil","item":"https:\/\/lepatriotebenin.com\/"},{"@type":"ListItem","position":2,"name":"CAN U21 de handball : les 18 Gu\u00e9pards b\u00e9ninois retenus pour Abidjan"}]},{"@type":"WebSite","@id":"https:\/\/lepatriotebenin.com\/#website","url":"https:\/\/lepatriotebenin.com\/","name":"Le Patriote","description":"Le Patriote B\u00e9nin","potentialAction":[{"@type":"SearchAction","target":{"@type":"EntryPoint","urlTemplate":"https:\/\/lepatriotebenin.com\/?s={search_term_string}"},"query-input":{"@type":"PropertyValueSpecification","valueRequired":true,"valueName":"search_term_string"}}],"inLanguage":"fr-FR"},{"@type":"Person","@id":"https:\/\/lepatriotebenin.com\/#\/schema\/person\/2e7709b9c9cc313e452d1136af61690f","name":"Redaction","image":{"@type":"ImageObject","inLanguage":"fr-FR","@id":"https:\/\/secure.gravatar.com\/avatar\/c4c509357859ea2ca2cbb6d8812898a73e4ef1ef9934c2e591d7e32face734d1?s=96&d=mm&r=g","url":"https:\/\/secure.gravatar.com\/avatar\/c4c509357859ea2ca2cbb6d8812898a73e4ef1ef9934c2e591d7e32face734d1?s=96&d=mm&r=g","contentUrl":"https:\/\/secure.gravatar.com\/avatar\/c4c509357859ea2ca2cbb6d8812898a73e4ef1ef9934c2e591d7e32face734d1?s=96&d=mm&r=g","caption":"Redaction"},"url":"https:\/\/lepatriotebenin.com"}]}},"_links":{"self":[{"href":"https:\/\/lepatriotebenin.com\/index.php\/wp-json\/wp\/v2\/posts\/23450","targetHints":{"allow":["GET"]}}],"collection":[{"href":"https:\/\/lepatriotebenin.com\/index.php\/wp-json\/wp\/v2\/posts"}],"about":[{"href":"https:\/\/lepatriotebenin.com\/index.php\/wp-json\/wp\/v2\/types\/post"}],"author":[{"embeddable":true,"href":"https:\/\/lepatriotebenin.com\/index.php\/wp-json\/wp\/v2\/users\/5"}],"replies":[{"embeddable":true,"href":"https:\/\/lepatriotebenin.com\/index.php\/wp-json\/wp\/v2\/comments?post=23450"}],"version-history":[{"count":1,"href":"https:\/\/lepatriotebenin.com\/index.php\/wp-json\/wp\/v2\/posts\/23450\/revisions"}],"predecessor-version":[{"id":23452,"href":"https:\/\/lepatriotebenin.com\/index.php\/wp-json\/wp\/v2\/posts\/23450\/revisions\/23452"}],"wp:featuredmedia":[{"embeddable":true,"href":"https:\/\/lepatriotebenin.com\/index.php\/wp-json\/wp\/v2\/media\/23451"}],"wp:attachment":[{"href":"https:\/\/lepatriotebenin.com\/index.php\/wp-json\/wp\/v2\/media?parent=23450"}],"wp:term":[{"taxonomy":"category","embeddable":true,"href":"https:\/\/lepatriotebenin.com\/index.php\/wp-json\/wp\/v2\/categories?post=23450"},{"taxonomy":"post_tag","embeddable":true,"href":"https:\/\/lepatriotebenin.com\/index.php\/wp-json\/wp\/v2\/tags?post=23450"}],"curies":[{"name":"wp","href":"https:\/\/api.w.org\/{rel}","templated":true}]}}