{"id":23447,"date":"2026-08-31T22:27:13","date_gmt":"2026-08-31T20:27:13","guid":{"rendered":"https:\/\/lepatriotebenin.com\/?p=23447"},"modified":"2026-08-31T22:27:13","modified_gmt":"2026-08-31T20:27:13","slug":"nepal-le-bilan-des-inondations-salourdit-a-903-morts-et-4-247-disparus","status":"publish","type":"post","link":"https:\/\/lepatriotebenin.com\/index.php\/2026\/08\/31\/nepal-le-bilan-des-inondations-salourdit-a-903-morts-et-4-247-disparus\/","title":{"rendered":"N\u00e9pal : le bilan des inondations s\u2019alourdit \u00e0 903 morts et 4 247 disparus"},"content":{"rendered":"<p>Le bilan de la crue \u00e9clair qui a frapp\u00e9 le N\u00e9pal mercredi dernier ne cesse de s\u2019alourdir. Des centaines de personnes sont mortes et des milliers sont port\u00e9es disparues alors que les recherches se poursuivent pour esp\u00e9rer retrouver des survivants.<\/p>\n<p>\u200eSelon l&rsquo;autorit\u00e9 nationale de r\u00e9duction et de gestion des risques li\u00e9s au d\u00e9sastre (NDRRMA), au moins 903 personnes ont \u00e9t\u00e9 tu\u00e9es et 4 247 autres sont port\u00e9es disparues ce lundi, au sixi\u00e8me jour des op\u00e9rations de secours. La catastrophe s\u2019est produite le 26 ao\u00fbt dans le corridor de la rivi\u00e8re Bhote Koshi, \u00e0 la fronti\u00e8re avec le Tibet. Les autorit\u00e9s \u00e9voquent un effondrement ou une avalanche de glace et de rochers pr\u00e8s de la fronti\u00e8re n\u00e9palo-tib\u00e9taine qui a provoqu\u00e9 une crue brutale de type \u00ab\u00a0tsunami\u00a0\u00bb.<\/p>\n<p>\u200eLa vague a d\u00e9vast\u00e9 des villages entiers, emport\u00e9 des maisons, des v\u00e9hicules, des routes et des ponts, et endommag\u00e9 plusieurs infrastructures hydro\u00e9lectriques dans le nord et le centre du pays. Le corridor commercial de Bhote Koshi, principale liaison terrestre du N\u00e9pal avec la Chine, ainsi que le poste-fronti\u00e8re de Rasuwagadhi ont \u00e9t\u00e9 emport\u00e9s.<\/p>\n<p>\u200eSur les 4 247 disparus recens\u00e9s, 3 655 sont des citoyens n\u00e9palais et 592 sont des \u00e9trangers. Le district de Nuwakot, situ\u00e9 \u00e0 environ 75 km au nord-ouest de Katmandou dans la province de Bagmati, concentre \u00e0 lui seul 1 158 disparus, contre 115 dimanche. Rasuwa, district montagneux frontalier du Tibet dans la province de Bagmati, en compte 562. Parmi les disparus figurent \u00e9galement 933 travailleurs de projets hydro\u00e9lectriques install\u00e9s le long de la rivi\u00e8re, ainsi que 45 soldats de l\u2019arm\u00e9e n\u00e9palaise, 38 policiers et 19 agents des douanes et de l\u2019immigration.<\/p>\n<p>\u200eLe gouvernement concentre d\u00e9sormais ses efforts sur une demi-douzaine de tunnels de centrales hydro\u00e9lectriques o\u00f9 de nombreux ouvriers seraient pi\u00e9g\u00e9s sous la boue et les d\u00e9bris. Pr\u00e8s de 300 travailleurs ont d\u00e9j\u00e0 \u00e9t\u00e9 secourus, dont plusieurs ressortissants indiens. Les \u00e9quipes de secours, appuy\u00e9es par pr\u00e8s de 20 000 membres des forces de s\u00e9curit\u00e9 et 14 h\u00e9licopt\u00e8res militaires, poursuivent les recherches 24h\/24. \u00c0 ce jour, 10 451 personnes ont \u00e9t\u00e9 secourues.<\/p>\n<p>\u200e<strong>Plusieurs<\/strong><strong> provinces touch\u00e9es<\/strong><\/p>\n<p>\u200ePlusieurs localit\u00e9s ont \u00e9t\u00e9 touch\u00e9es par ce ph\u00e9nom\u00e8ne naturel. Le plus grand nombre de corps a \u00e9t\u00e9 retrouv\u00e9 \u00e0 Chitwan, district du sud du N\u00e9pal dans la province de Bagmati, connu pour son parc national, avec 272 victimes, suivi de Nawalparasi Est, dans le centre du pays, avec 207.\u00a0 Les morgues de Katmandou, la capitale du N\u00e9pal, et des districts touch\u00e9s sont d\u00e9bord\u00e9es et les familles se pressent pour tenter d\u2019identifier leurs proches.<\/p>\n<p>\u200eAu Tibet, les m\u00e9dias d\u2019\u00c9tat chinois font \u00e9tat de 16 morts et 546 disparus. Le bilan global de la catastrophe s\u2019\u00e9l\u00e8ve donc \u00e0 au moins 919 morts et 4 793 disparus. En Inde, 17 corps rep\u00each\u00e9s dans les rivi\u00e8res en provenance du N\u00e9pal ont \u00e9t\u00e9 retrouv\u00e9s dans l\u2019\u00c9tat de l\u2019Uttar Pradesh. Ils ne sont pas encore comptabilis\u00e9s dans le bilan officiel.<\/p>\n<p>\u200eL\u2019Inde a d\u00e9p\u00each\u00e9 une \u00e9quipe m\u00e9dico-l\u00e9gale de 19 personnes \u00e0 Katmandou pour aider \u00e0 l\u2019identification des victimes. L\u2019ONU, la Croix-Rouge, l\u2019Australie, la Cor\u00e9e du Sud et les \u00c9tats-Unis ont \u00e9galement envoy\u00e9 de l\u2019aide. La NDRRMA a mis en garde dimanche contre une nouvelle mont\u00e9e des eaux de la Bhote Koshi et appel\u00e9 les habitants \u00e0 rester vigilants.<\/p>\n<p><strong>\u200eEz\u00e9chiel Dagb\u00e9gnon PADONOU<\/strong><\/p>\n","protected":false},"excerpt":{"rendered":"<p>Le bilan de la crue \u00e9clair qui a frapp\u00e9 le N\u00e9pal mercredi dernier ne cesse de s\u2019alourdir. Des centaines de personnes sont mortes et des milliers sont port\u00e9es disparues alors&hellip;<\/p>\n","protected":false},"author":5,"featured_media":23448,"comment_status":"open","ping_status":"open","sticky":false,"template":"","format":"standard","meta":{"content-type":"","om_disable_all_campaigns":false,"_monsterinsights_skip_tracking":false,"_uf_show_specific_survey":0,"_uf_disable_surveys":false,"footnotes":""},"categories":[20],"tags":[],"class_list":["post-23447","post","type-post","status-publish","format-standard","has-post-thumbnail","hentry","category-societe"],"aioseo_notices":[],"aioseo_head":"\n\t\t<!-- All in One SEO 5.0.1.1 - aioseo.com -->\n\t<meta name=\"description\" content=\"Le bilan de la crue \u00e9clair qui a frapp\u00e9 le N\u00e9pal mercredi dernier ne cesse de s\u2019alourdir. Des centaines de personnes sont mortes et des milliers sont port\u00e9es disparues alors que les recherches se poursuivent pour esp\u00e9rer retrouver des survivants. \u200eSelon l&#039;autorit\u00e9 nationale de r\u00e9duction et de gestion des risques li\u00e9s au d\u00e9sastre (NDRRMA), au\" \/>\n\t<meta name=\"robots\" content=\"max-image-preview:large\" \/>\n\t<meta name=\"author\" content=\"Redaction\"\/>\n\t<link rel=\"canonical\" href=\"https:\/\/lepatriotebenin.com\/index.php\/2026\/08\/31\/nepal-le-bilan-des-inondations-salourdit-a-903-morts-et-4-247-disparus\/\" \/>\n\t<meta name=\"generator\" content=\"All in One SEO (AIOSEO) 5.0.1.1\" \/>\n\t\t<meta property=\"og:locale\" content=\"fr_FR\" \/>\n\t\t<meta property=\"og:site_name\" content=\"Le Patriote - Le Patriote B\u00e9nin\" \/>\n\t\t<meta property=\"og:type\" content=\"article\" \/>\n\t\t<meta property=\"og:title\" content=\"N\u00e9pal : le bilan des inondations s\u2019alourdit \u00e0 903 morts et 4 247 disparus - Le Patriote\" \/>\n\t\t<meta property=\"og:description\" content=\"Le bilan de la crue \u00e9clair qui a frapp\u00e9 le N\u00e9pal mercredi dernier ne cesse de s\u2019alourdir. Des centaines de personnes sont mortes et des milliers sont port\u00e9es disparues alors que les recherches se poursuivent pour esp\u00e9rer retrouver des survivants. \u200eSelon l&#039;autorit\u00e9 nationale de r\u00e9duction et de gestion des risques li\u00e9s au d\u00e9sastre (NDRRMA), au\" \/>\n\t\t<meta property=\"og:url\" content=\"https:\/\/lepatriotebenin.com\/index.php\/2026\/08\/31\/nepal-le-bilan-des-inondations-salourdit-a-903-morts-et-4-247-disparus\/\" \/>\n\t\t<meta property=\"article:published_time\" content=\"2026-08-31T20:27:13+00:00\" \/>\n\t\t<meta property=\"article:modified_time\" content=\"2026-08-31T20:27:13+00:00\" \/>\n\t\t<meta name=\"twitter:card\" content=\"summary_large_image\" \/>\n\t\t<meta name=\"twitter:title\" content=\"N\u00e9pal : le bilan des inondations s\u2019alourdit \u00e0 903 morts et 4 247 disparus - Le Patriote\" \/>\n\t\t<meta name=\"twitter:description\" content=\"Le bilan de la crue \u00e9clair qui a frapp\u00e9 le N\u00e9pal mercredi dernier ne cesse de s\u2019alourdir. Des centaines de personnes sont mortes et des milliers sont port\u00e9es disparues alors que les recherches se poursuivent pour esp\u00e9rer retrouver des survivants. \u200eSelon l&#039;autorit\u00e9 nationale de r\u00e9duction et de gestion des risques li\u00e9s au d\u00e9sastre (NDRRMA), au\" \/>\n\t\t<script type=\"application\/ld+json\" class=\"aioseo-schema\">\n\t\t\t{\"@context\":\"https:\\\/\\\/schema.org\",\"@graph\":[{\"@type\":\"BlogPosting\",\"@id\":\"https:\\\/\\\/lepatriotebenin.com\\\/index.php\\\/2026\\\/08\\\/31\\\/nepal-le-bilan-des-inondations-salourdit-a-903-morts-et-4-247-disparus\\\/#blogposting\",\"name\":\"N\\u00e9pal : le bilan des inondations s\\u2019alourdit \\u00e0 903 morts et 4 247 disparus - Le Patriote\",\"headline\":\"N\\u00e9pal : le bilan des inondations s\\u2019alourdit \\u00e0 903 morts et 4 247 disparus\",\"author\":{\"@id\":\"https:\\\/\\\/lepatriotebenin.com#author\"},\"publisher\":{\"@id\":\"https:\\\/\\\/lepatriotebenin.com\\\/#organization\"},\"image\":{\"@type\":\"ImageObject\",\"url\":\"https:\\\/\\\/lepatriotebenin.com\\\/wp-content\\\/uploads\\\/2026\\\/08\\\/nepal.png\",\"width\":717,\"height\":570},\"datePublished\":\"2026-08-31T22:27:13+02:00\",\"dateModified\":\"2026-08-31T22:27:13+02:00\",\"inLanguage\":\"fr-FR\",\"mainEntityOfPage\":{\"@id\":\"https:\\\/\\\/lepatriotebenin.com\\\/index.php\\\/2026\\\/08\\\/31\\\/nepal-le-bilan-des-inondations-salourdit-a-903-morts-et-4-247-disparus\\\/#webpage\"},\"isPartOf\":{\"@id\":\"https:\\\/\\\/lepatriotebenin.com\\\/index.php\\\/2026\\\/08\\\/31\\\/nepal-le-bilan-des-inondations-salourdit-a-903-morts-et-4-247-disparus\\\/#webpage\"},\"articleSection\":\"Soci\\u00e9t\\u00e9\"},{\"@type\":\"BreadcrumbList\",\"@id\":\"https:\\\/\\\/lepatriotebenin.com\\\/index.php\\\/2026\\\/08\\\/31\\\/nepal-le-bilan-des-inondations-salourdit-a-903-morts-et-4-247-disparus\\\/#breadcrumblist\",\"itemListElement\":[{\"@type\":\"ListItem\",\"@id\":\"https:\\\/\\\/lepatriotebenin.com#listItem\",\"position\":1,\"name\":\"Home\",\"item\":\"https:\\\/\\\/lepatriotebenin.com\",\"nextItem\":{\"@type\":\"ListItem\",\"@id\":\"https:\\\/\\\/lepatriotebenin.com\\\/index.php\\\/category\\\/societe\\\/#listItem\",\"name\":\"Soci\\u00e9t\\u00e9\"}},{\"@type\":\"ListItem\",\"@id\":\"https:\\\/\\\/lepatriotebenin.com\\\/index.php\\\/category\\\/societe\\\/#listItem\",\"position\":2,\"name\":\"Soci\\u00e9t\\u00e9\",\"item\":\"https:\\\/\\\/lepatriotebenin.com\\\/index.php\\\/category\\\/societe\\\/\",\"nextItem\":{\"@type\":\"ListItem\",\"@id\":\"https:\\\/\\\/lepatriotebenin.com\\\/index.php\\\/2026\\\/08\\\/31\\\/nepal-le-bilan-des-inondations-salourdit-a-903-morts-et-4-247-disparus\\\/#listItem\",\"name\":\"N\\u00e9pal : le bilan des inondations s\\u2019alourdit \\u00e0 903 morts et 4 247 disparus\"},\"previousItem\":{\"@type\":\"ListItem\",\"@id\":\"https:\\\/\\\/lepatriotebenin.com#listItem\",\"name\":\"Home\"}},{\"@type\":\"ListItem\",\"@id\":\"https:\\\/\\\/lepatriotebenin.com\\\/index.php\\\/2026\\\/08\\\/31\\\/nepal-le-bilan-des-inondations-salourdit-a-903-morts-et-4-247-disparus\\\/#listItem\",\"position\":3,\"name\":\"N\\u00e9pal : le bilan des inondations s\\u2019alourdit \\u00e0 903 morts et 4 247 disparus\",\"previousItem\":{\"@type\":\"ListItem\",\"@id\":\"https:\\\/\\\/lepatriotebenin.com\\\/index.php\\\/category\\\/societe\\\/#listItem\",\"name\":\"Soci\\u00e9t\\u00e9\"}}]},{\"@type\":\"Organization\",\"@id\":\"https:\\\/\\\/lepatriotebenin.com\\\/#organization\",\"name\":\"Le Patriote\",\"description\":\"Le Patriote B\\u00e9nin\",\"url\":\"https:\\\/\\\/lepatriotebenin.com\\\/\"},{\"@type\":\"Person\",\"@id\":\"https:\\\/\\\/lepatriotebenin.com#author\",\"url\":\"https:\\\/\\\/lepatriotebenin.com\",\"name\":\"Redaction\",\"image\":{\"@type\":\"ImageObject\",\"@id\":\"https:\\\/\\\/lepatriotebenin.com\\\/index.php\\\/2026\\\/08\\\/31\\\/nepal-le-bilan-des-inondations-salourdit-a-903-morts-et-4-247-disparus\\\/#authorImage\",\"url\":\"https:\\\/\\\/secure.gravatar.com\\\/avatar\\\/c4c509357859ea2ca2cbb6d8812898a73e4ef1ef9934c2e591d7e32face734d1?s=96&d=mm&r=g\",\"width\":96,\"height\":96,\"caption\":\"Redaction\"}},{\"@type\":\"WebPage\",\"@id\":\"https:\\\/\\\/lepatriotebenin.com\\\/index.php\\\/2026\\\/08\\\/31\\\/nepal-le-bilan-des-inondations-salourdit-a-903-morts-et-4-247-disparus\\\/#webpage\",\"url\":\"https:\\\/\\\/lepatriotebenin.com\\\/index.php\\\/2026\\\/08\\\/31\\\/nepal-le-bilan-des-inondations-salourdit-a-903-morts-et-4-247-disparus\\\/\",\"name\":\"N\\u00e9pal : le bilan des inondations s\\u2019alourdit \\u00e0 903 morts et 4 247 disparus - Le Patriote\",\"description\":\"Le bilan de la crue \\u00e9clair qui a frapp\\u00e9 le N\\u00e9pal mercredi dernier ne cesse de s\\u2019alourdir. Des centaines de personnes sont mortes et des milliers sont port\\u00e9es disparues alors que les recherches se poursuivent pour esp\\u00e9rer retrouver des survivants. \\u200eSelon l'autorit\\u00e9 nationale de r\\u00e9duction et de gestion des risques li\\u00e9s au d\\u00e9sastre (NDRRMA), au\",\"inLanguage\":\"fr-FR\",\"isPartOf\":{\"@id\":\"https:\\\/\\\/lepatriotebenin.com\\\/#website\"},\"breadcrumb\":{\"@id\":\"https:\\\/\\\/lepatriotebenin.com\\\/index.php\\\/2026\\\/08\\\/31\\\/nepal-le-bilan-des-inondations-salourdit-a-903-morts-et-4-247-disparus\\\/#breadcrumblist\"},\"author\":{\"@id\":\"https:\\\/\\\/lepatriotebenin.com#author\"},\"creator\":{\"@id\":\"https:\\\/\\\/lepatriotebenin.com#author\"},\"image\":{\"@type\":\"ImageObject\",\"url\":\"https:\\\/\\\/lepatriotebenin.com\\\/wp-content\\\/uploads\\\/2026\\\/08\\\/nepal.png\",\"@id\":\"https:\\\/\\\/lepatriotebenin.com\\\/index.php\\\/2026\\\/08\\\/31\\\/nepal-le-bilan-des-inondations-salourdit-a-903-morts-et-4-247-disparus\\\/#mainImage\",\"width\":717,\"height\":570},\"primaryImageOfPage\":{\"@id\":\"https:\\\/\\\/lepatriotebenin.com\\\/index.php\\\/2026\\\/08\\\/31\\\/nepal-le-bilan-des-inondations-salourdit-a-903-morts-et-4-247-disparus\\\/#mainImage\"},\"datePublished\":\"2026-08-31T22:27:13+02:00\",\"dateModified\":\"2026-08-31T22:27:13+02:00\"},{\"@type\":\"WebSite\",\"@id\":\"https:\\\/\\\/lepatriotebenin.com\\\/#website\",\"url\":\"https:\\\/\\\/lepatriotebenin.com\\\/\",\"name\":\"Le Patriote\",\"description\":\"Le Patriote B\\u00e9nin\",\"inLanguage\":\"fr-FR\",\"publisher\":{\"@id\":\"https:\\\/\\\/lepatriotebenin.com\\\/#organization\"}}]}\n\t\t<\/script>\n\t\t<!-- All in One SEO -->\n\n","aioseo_head_json":{"title":"N\u00e9pal : le bilan des inondations s\u2019alourdit \u00e0 903 morts et 4 247 disparus - Le Patriote","description":"Le bilan de la crue \u00e9clair qui a frapp\u00e9 le N\u00e9pal mercredi dernier ne cesse de s\u2019alourdir. Des centaines de personnes sont mortes et des milliers sont port\u00e9es disparues alors que les recherches se poursuivent pour esp\u00e9rer retrouver des survivants. \u200eSelon l'autorit\u00e9 nationale de r\u00e9duction et de gestion des risques li\u00e9s au d\u00e9sastre (NDRRMA), au","canonical_url":"https:\/\/lepatriotebenin.com\/index.php\/2026\/08\/31\/nepal-le-bilan-des-inondations-salourdit-a-903-morts-et-4-247-disparus\/","robots":"max-image-preview:large","keywords":"","webmasterTools":{"miscellaneous":""},"schema":{"@context":"https:\/\/schema.org","@graph":[{"@type":"BlogPosting","@id":"https:\/\/lepatriotebenin.com\/index.php\/2026\/08\/31\/nepal-le-bilan-des-inondations-salourdit-a-903-morts-et-4-247-disparus\/#blogposting","name":"N\u00e9pal : le bilan des inondations s\u2019alourdit \u00e0 903 morts et 4 247 disparus - Le Patriote","headline":"N\u00e9pal : le bilan des inondations s\u2019alourdit \u00e0 903 morts et 4 247 disparus","author":{"@id":"https:\/\/lepatriotebenin.com#author"},"publisher":{"@id":"https:\/\/lepatriotebenin.com\/#organization"},"image":{"@type":"ImageObject","url":"https:\/\/lepatriotebenin.com\/wp-content\/uploads\/2026\/08\/nepal.png","width":717,"height":570},"datePublished":"2026-08-31T22:27:13+02:00","dateModified":"2026-08-31T22:27:13+02:00","inLanguage":"fr-FR","mainEntityOfPage":{"@id":"https:\/\/lepatriotebenin.com\/index.php\/2026\/08\/31\/nepal-le-bilan-des-inondations-salourdit-a-903-morts-et-4-247-disparus\/#webpage"},"isPartOf":{"@id":"https:\/\/lepatriotebenin.com\/index.php\/2026\/08\/31\/nepal-le-bilan-des-inondations-salourdit-a-903-morts-et-4-247-disparus\/#webpage"},"articleSection":"Soci\u00e9t\u00e9"},{"@type":"BreadcrumbList","@id":"https:\/\/lepatriotebenin.com\/index.php\/2026\/08\/31\/nepal-le-bilan-des-inondations-salourdit-a-903-morts-et-4-247-disparus\/#breadcrumblist","itemListElement":[{"@type":"ListItem","@id":"https:\/\/lepatriotebenin.com#listItem","position":1,"name":"Home","item":"https:\/\/lepatriotebenin.com","nextItem":{"@type":"ListItem","@id":"https:\/\/lepatriotebenin.com\/index.php\/category\/societe\/#listItem","name":"Soci\u00e9t\u00e9"}},{"@type":"ListItem","@id":"https:\/\/lepatriotebenin.com\/index.php\/category\/societe\/#listItem","position":2,"name":"Soci\u00e9t\u00e9","item":"https:\/\/lepatriotebenin.com\/index.php\/category\/societe\/","nextItem":{"@type":"ListItem","@id":"https:\/\/lepatriotebenin.com\/index.php\/2026\/08\/31\/nepal-le-bilan-des-inondations-salourdit-a-903-morts-et-4-247-disparus\/#listItem","name":"N\u00e9pal : le bilan des inondations s\u2019alourdit \u00e0 903 morts et 4 247 disparus"},"previousItem":{"@type":"ListItem","@id":"https:\/\/lepatriotebenin.com#listItem","name":"Home"}},{"@type":"ListItem","@id":"https:\/\/lepatriotebenin.com\/index.php\/2026\/08\/31\/nepal-le-bilan-des-inondations-salourdit-a-903-morts-et-4-247-disparus\/#listItem","position":3,"name":"N\u00e9pal : le bilan des inondations s\u2019alourdit \u00e0 903 morts et 4 247 disparus","previousItem":{"@type":"ListItem","@id":"https:\/\/lepatriotebenin.com\/index.php\/category\/societe\/#listItem","name":"Soci\u00e9t\u00e9"}}]},{"@type":"Organization","@id":"https:\/\/lepatriotebenin.com\/#organization","name":"Le Patriote","description":"Le Patriote B\u00e9nin","url":"https:\/\/lepatriotebenin.com\/"},{"@type":"Person","@id":"https:\/\/lepatriotebenin.com#author","url":"https:\/\/lepatriotebenin.com","name":"Redaction","image":{"@type":"ImageObject","@id":"https:\/\/lepatriotebenin.com\/index.php\/2026\/08\/31\/nepal-le-bilan-des-inondations-salourdit-a-903-morts-et-4-247-disparus\/#authorImage","url":"https:\/\/secure.gravatar.com\/avatar\/c4c509357859ea2ca2cbb6d8812898a73e4ef1ef9934c2e591d7e32face734d1?s=96&d=mm&r=g","width":96,"height":96,"caption":"Redaction"}},{"@type":"WebPage","@id":"https:\/\/lepatriotebenin.com\/index.php\/2026\/08\/31\/nepal-le-bilan-des-inondations-salourdit-a-903-morts-et-4-247-disparus\/#webpage","url":"https:\/\/lepatriotebenin.com\/index.php\/2026\/08\/31\/nepal-le-bilan-des-inondations-salourdit-a-903-morts-et-4-247-disparus\/","name":"N\u00e9pal : le bilan des inondations s\u2019alourdit \u00e0 903 morts et 4 247 disparus - Le Patriote","description":"Le bilan de la crue \u00e9clair qui a frapp\u00e9 le N\u00e9pal mercredi dernier ne cesse de s\u2019alourdir. Des centaines de personnes sont mortes et des milliers sont port\u00e9es disparues alors que les recherches se poursuivent pour esp\u00e9rer retrouver des survivants. \u200eSelon l'autorit\u00e9 nationale de r\u00e9duction et de gestion des risques li\u00e9s au d\u00e9sastre (NDRRMA), au","inLanguage":"fr-FR","isPartOf":{"@id":"https:\/\/lepatriotebenin.com\/#website"},"breadcrumb":{"@id":"https:\/\/lepatriotebenin.com\/index.php\/2026\/08\/31\/nepal-le-bilan-des-inondations-salourdit-a-903-morts-et-4-247-disparus\/#breadcrumblist"},"author":{"@id":"https:\/\/lepatriotebenin.com#author"},"creator":{"@id":"https:\/\/lepatriotebenin.com#author"},"image":{"@type":"ImageObject","url":"https:\/\/lepatriotebenin.com\/wp-content\/uploads\/2026\/08\/nepal.png","@id":"https:\/\/lepatriotebenin.com\/index.php\/2026\/08\/31\/nepal-le-bilan-des-inondations-salourdit-a-903-morts-et-4-247-disparus\/#mainImage","width":717,"height":570},"primaryImageOfPage":{"@id":"https:\/\/lepatriotebenin.com\/index.php\/2026\/08\/31\/nepal-le-bilan-des-inondations-salourdit-a-903-morts-et-4-247-disparus\/#mainImage"},"datePublished":"2026-08-31T22:27:13+02:00","dateModified":"2026-08-31T22:27:13+02:00"},{"@type":"WebSite","@id":"https:\/\/lepatriotebenin.com\/#website","url":"https:\/\/lepatriotebenin.com\/","name":"Le Patriote","description":"Le Patriote B\u00e9nin","inLanguage":"fr-FR","publisher":{"@id":"https:\/\/lepatriotebenin.com\/#organization"}}]},"og:locale":"fr_FR","og:site_name":"Le Patriote - Le Patriote B\u00e9nin","og:type":"article","og:title":"N\u00e9pal : le bilan des inondations s\u2019alourdit \u00e0 903 morts et 4 247 disparus - Le Patriote","og:description":"Le bilan de la crue \u00e9clair qui a frapp\u00e9 le N\u00e9pal mercredi dernier ne cesse de s\u2019alourdir. Des centaines de personnes sont mortes et des milliers sont port\u00e9es disparues alors que les recherches se poursuivent pour esp\u00e9rer retrouver des survivants. \u200eSelon l'autorit\u00e9 nationale de r\u00e9duction et de gestion des risques li\u00e9s au d\u00e9sastre (NDRRMA), au","og:url":"https:\/\/lepatriotebenin.com\/index.php\/2026\/08\/31\/nepal-le-bilan-des-inondations-salourdit-a-903-morts-et-4-247-disparus\/","article:published_time":"2026-08-31T20:27:13+00:00","article:modified_time":"2026-08-31T20:27:13+00:00","twitter:card":"summary_large_image","twitter:title":"N\u00e9pal : le bilan des inondations s\u2019alourdit \u00e0 903 morts et 4 247 disparus - Le Patriote","twitter:description":"Le bilan de la crue \u00e9clair qui a frapp\u00e9 le N\u00e9pal mercredi dernier ne cesse de s\u2019alourdir. Des centaines de personnes sont mortes et des milliers sont port\u00e9es disparues alors que les recherches se poursuivent pour esp\u00e9rer retrouver des survivants. \u200eSelon l'autorit\u00e9 nationale de r\u00e9duction et de gestion des risques li\u00e9s au d\u00e9sastre (NDRRMA), au"},"aioseo_meta_data":{"post_id":"23447","title":null,"description":null,"keywords":null,"keyphrases":{"focus":{"keyphrase":"","score":0,"analysis":{"keyphraseInTitle":{"score":0,"maxScore":9,"error":1}}},"additional":[]},"primary_term":null,"canonical_url":null,"og_title":null,"og_description":null,"og_object_type":"default","og_image_type":"default","og_image_url":null,"og_image_width":null,"og_image_height":null,"og_image_custom_url":null,"og_image_custom_fields":null,"og_video":"","og_custom_url":null,"og_article_section":null,"og_article_tags":null,"twitter_use_og":false,"twitter_card":"default","twitter_image_type":"default","twitter_image_url":null,"twitter_image_custom_url":null,"twitter_image_custom_fields":null,"twitter_title":null,"twitter_description":null,"schema":{"blockGraphs":[],"customGraphs":[],"default":{"data":{"Article":[],"Course":[],"Dataset":[],"FAQPage":[],"Movie":[],"Person":[],"Product":[],"ProductReview":[],"Car":[],"Recipe":[],"Service":[],"SoftwareApplication":[],"WebPage":[]},"graphName":"BlogPosting","isEnabled":true},"graphs":[]},"schema_type":"default","schema_type_options":null,"pillar_content":false,"robots_default":true,"robots_noindex":false,"robots_noarchive":false,"robots_nosnippet":false,"robots_nofollow":false,"robots_noimageindex":false,"robots_noodp":false,"robots_notranslate":false,"robots_max_snippet":"-1","robots_max_videopreview":"-1","robots_max_imagepreview":"large","priority":null,"frequency":"default","local_seo":null,"breadcrumb_settings":null,"limit_modified_date":false,"ai":{"faqs":[],"keyPoints":[],"schemas":[],"titles":[],"descriptions":[],"socialPosts":{"email":{"subject":"","preview":"","content":""},"linkedin":[],"twitter":[],"facebook":[],"instagram":[]}},"created":"2026-08-31 20:27:13","updated":"2026-08-31 20:29:16","seo_analyzer_scan_date":null,"focus_keyword":null,"additional_keywords":null,"truseo_locale":null},"aioseo_breadcrumb":"<div class=\"aioseo-breadcrumbs\"><span class=\"aioseo-breadcrumb\">\n\t\t\t<a href=\"https:\/\/lepatriotebenin.com\" title=\"Home\">Home<\/a>\n\t\t<\/span><span class=\"aioseo-breadcrumb-separator\">&raquo;<\/span><span class=\"aioseo-breadcrumb\">\n\t\t\t<a href=\"https:\/\/lepatriotebenin.com\/index.php\/category\/societe\/\" title=\"Soci\u00e9t\u00e9\">Soci\u00e9t\u00e9<\/a>\n\t\t<\/span><span class=\"aioseo-breadcrumb-separator\">&raquo;<\/span><span class=\"aioseo-breadcrumb\">\n\t\t\tN\u00e9pal : le bilan des inondations s\u2019alourdit \u00e0 903 morts et 4 247 disparus\n\t\t<\/span><\/div>","aioseo_breadcrumb_json":[{"label":"Home","link":"https:\/\/lepatriotebenin.com"},{"label":"Soci\u00e9t\u00e9","link":"https:\/\/lepatriotebenin.com\/index.php\/category\/societe\/"},{"label":"N\u00e9pal : le bilan des inondations s\u2019alourdit \u00e0 903 morts et 4 247 disparus","link":"https:\/\/lepatriotebenin.com\/index.php\/2026\/08\/31\/nepal-le-bilan-des-inondations-salourdit-a-903-morts-et-4-247-disparus\/"}],"yoast_head":"<!-- This site is optimized with the Yoast SEO plugin v28.3 - https:\/\/yoast.com\/product\/yoast-seo-wordpress\/ -->\n<title>N\u00e9pal : le bilan des inondations s\u2019alourdit \u00e0 903 morts et 4 247 disparus - Le Patriote<\/title>\n<meta name=\"robots\" content=\"index, follow, max-snippet:-1, max-image-preview:large, max-video-preview:-1\" \/>\n<link rel=\"canonical\" href=\"https:\/\/lepatriotebenin.com\/index.php\/2026\/08\/31\/nepal-le-bilan-des-inondations-salourdit-a-903-morts-et-4-247-disparus\/\" \/>\n<meta property=\"og:locale\" content=\"fr_FR\" \/>\n<meta property=\"og:type\" content=\"article\" \/>\n<meta property=\"og:title\" content=\"N\u00e9pal : le bilan des inondations s\u2019alourdit \u00e0 903 morts et 4 247 disparus - Le Patriote\" \/>\n<meta property=\"og:description\" content=\"Le bilan de la crue \u00e9clair qui a frapp\u00e9 le N\u00e9pal mercredi dernier ne cesse de s\u2019alourdir. Des centaines de personnes sont mortes et des milliers sont port\u00e9es disparues alors&hellip;\" \/>\n<meta property=\"og:url\" content=\"https:\/\/lepatriotebenin.com\/index.php\/2026\/08\/31\/nepal-le-bilan-des-inondations-salourdit-a-903-morts-et-4-247-disparus\/\" \/>\n<meta property=\"og:site_name\" content=\"Le Patriote\" \/>\n<meta property=\"article:published_time\" content=\"2026-08-31T20:27:13+00:00\" \/>\n<meta property=\"og:image\" content=\"https:\/\/lepatriotebenin.com\/wp-content\/uploads\/2026\/08\/nepal.png\" \/>\n\t<meta property=\"og:image:width\" content=\"717\" \/>\n\t<meta property=\"og:image:height\" content=\"570\" \/>\n\t<meta property=\"og:image:type\" content=\"image\/png\" \/>\n<meta name=\"author\" content=\"Redaction\" \/>\n<meta name=\"twitter:card\" content=\"summary_large_image\" \/>\n<meta name=\"twitter:label1\" content=\"\u00c9crit par\" \/>\n\t<meta name=\"twitter:data1\" content=\"Redaction\" \/>\n\t<meta name=\"twitter:label2\" content=\"Dur\u00e9e de lecture estim\u00e9e\" \/>\n\t<meta name=\"twitter:data2\" content=\"3 minutes\" \/>\n<script type=\"application\/ld+json\" class=\"yoast-schema-graph\">{\"@context\":\"https:\\\/\\\/schema.org\",\"@graph\":[{\"@type\":\"Article\",\"@id\":\"https:\\\/\\\/lepatriotebenin.com\\\/index.php\\\/2026\\\/08\\\/31\\\/nepal-le-bilan-des-inondations-salourdit-a-903-morts-et-4-247-disparus\\\/#article\",\"isPartOf\":{\"@id\":\"https:\\\/\\\/lepatriotebenin.com\\\/index.php\\\/2026\\\/08\\\/31\\\/nepal-le-bilan-des-inondations-salourdit-a-903-morts-et-4-247-disparus\\\/\"},\"author\":{\"name\":\"Redaction\",\"@id\":\"https:\\\/\\\/lepatriotebenin.com\\\/#\\\/schema\\\/person\\\/2e7709b9c9cc313e452d1136af61690f\"},\"headline\":\"N\u00e9pal : le bilan des inondations s\u2019alourdit \u00e0 903 morts et 4 247 disparus\",\"datePublished\":\"2026-08-31T20:27:13+00:00\",\"mainEntityOfPage\":{\"@id\":\"https:\\\/\\\/lepatriotebenin.com\\\/index.php\\\/2026\\\/08\\\/31\\\/nepal-le-bilan-des-inondations-salourdit-a-903-morts-et-4-247-disparus\\\/\"},\"wordCount\":590,\"commentCount\":0,\"image\":{\"@id\":\"https:\\\/\\\/lepatriotebenin.com\\\/index.php\\\/2026\\\/08\\\/31\\\/nepal-le-bilan-des-inondations-salourdit-a-903-morts-et-4-247-disparus\\\/#primaryimage\"},\"thumbnailUrl\":\"https:\\\/\\\/lepatriotebenin.com\\\/wp-content\\\/uploads\\\/2026\\\/08\\\/nepal.png\",\"articleSection\":[\"Soci\u00e9t\u00e9\"],\"inLanguage\":\"fr-FR\",\"potentialAction\":[{\"@type\":\"CommentAction\",\"name\":\"Comment\",\"target\":[\"https:\\\/\\\/lepatriotebenin.com\\\/index.php\\\/2026\\\/08\\\/31\\\/nepal-le-bilan-des-inondations-salourdit-a-903-morts-et-4-247-disparus\\\/#respond\"]}]},{\"@type\":\"WebPage\",\"@id\":\"https:\\\/\\\/lepatriotebenin.com\\\/index.php\\\/2026\\\/08\\\/31\\\/nepal-le-bilan-des-inondations-salourdit-a-903-morts-et-4-247-disparus\\\/\",\"url\":\"https:\\\/\\\/lepatriotebenin.com\\\/index.php\\\/2026\\\/08\\\/31\\\/nepal-le-bilan-des-inondations-salourdit-a-903-morts-et-4-247-disparus\\\/\",\"name\":\"N\u00e9pal : le bilan des inondations s\u2019alourdit \u00e0 903 morts et 4 247 disparus - Le Patriote\",\"isPartOf\":{\"@id\":\"https:\\\/\\\/lepatriotebenin.com\\\/#website\"},\"primaryImageOfPage\":{\"@id\":\"https:\\\/\\\/lepatriotebenin.com\\\/index.php\\\/2026\\\/08\\\/31\\\/nepal-le-bilan-des-inondations-salourdit-a-903-morts-et-4-247-disparus\\\/#primaryimage\"},\"image\":{\"@id\":\"https:\\\/\\\/lepatriotebenin.com\\\/index.php\\\/2026\\\/08\\\/31\\\/nepal-le-bilan-des-inondations-salourdit-a-903-morts-et-4-247-disparus\\\/#primaryimage\"},\"thumbnailUrl\":\"https:\\\/\\\/lepatriotebenin.com\\\/wp-content\\\/uploads\\\/2026\\\/08\\\/nepal.png\",\"datePublished\":\"2026-08-31T20:27:13+00:00\",\"author\":{\"@id\":\"https:\\\/\\\/lepatriotebenin.com\\\/#\\\/schema\\\/person\\\/2e7709b9c9cc313e452d1136af61690f\"},\"breadcrumb\":{\"@id\":\"https:\\\/\\\/lepatriotebenin.com\\\/index.php\\\/2026\\\/08\\\/31\\\/nepal-le-bilan-des-inondations-salourdit-a-903-morts-et-4-247-disparus\\\/#breadcrumb\"},\"inLanguage\":\"fr-FR\",\"potentialAction\":[{\"@type\":\"ReadAction\",\"target\":[\"https:\\\/\\\/lepatriotebenin.com\\\/index.php\\\/2026\\\/08\\\/31\\\/nepal-le-bilan-des-inondations-salourdit-a-903-morts-et-4-247-disparus\\\/\"]}]},{\"@type\":\"ImageObject\",\"inLanguage\":\"fr-FR\",\"@id\":\"https:\\\/\\\/lepatriotebenin.com\\\/index.php\\\/2026\\\/08\\\/31\\\/nepal-le-bilan-des-inondations-salourdit-a-903-morts-et-4-247-disparus\\\/#primaryimage\",\"url\":\"https:\\\/\\\/lepatriotebenin.com\\\/wp-content\\\/uploads\\\/2026\\\/08\\\/nepal.png\",\"contentUrl\":\"https:\\\/\\\/lepatriotebenin.com\\\/wp-content\\\/uploads\\\/2026\\\/08\\\/nepal.png\",\"width\":717,\"height\":570},{\"@type\":\"BreadcrumbList\",\"@id\":\"https:\\\/\\\/lepatriotebenin.com\\\/index.php\\\/2026\\\/08\\\/31\\\/nepal-le-bilan-des-inondations-salourdit-a-903-morts-et-4-247-disparus\\\/#breadcrumb\",\"itemListElement\":[{\"@type\":\"ListItem\",\"position\":1,\"name\":\"Accueil\",\"item\":\"https:\\\/\\\/lepatriotebenin.com\\\/\"},{\"@type\":\"ListItem\",\"position\":2,\"name\":\"N\u00e9pal : le bilan des inondations s\u2019alourdit \u00e0 903 morts et 4 247 disparus\"}]},{\"@type\":\"WebSite\",\"@id\":\"https:\\\/\\\/lepatriotebenin.com\\\/#website\",\"url\":\"https:\\\/\\\/lepatriotebenin.com\\\/\",\"name\":\"Le Patriote\",\"description\":\"Le Patriote B\u00e9nin\",\"potentialAction\":[{\"@type\":\"SearchAction\",\"target\":{\"@type\":\"EntryPoint\",\"urlTemplate\":\"https:\\\/\\\/lepatriotebenin.com\\\/?s={search_term_string}\"},\"query-input\":{\"@type\":\"PropertyValueSpecification\",\"valueRequired\":true,\"valueName\":\"search_term_string\"}}],\"inLanguage\":\"fr-FR\"},{\"@type\":\"Person\",\"@id\":\"https:\\\/\\\/lepatriotebenin.com\\\/#\\\/schema\\\/person\\\/2e7709b9c9cc313e452d1136af61690f\",\"name\":\"Redaction\",\"image\":{\"@type\":\"ImageObject\",\"inLanguage\":\"fr-FR\",\"@id\":\"https:\\\/\\\/secure.gravatar.com\\\/avatar\\\/c4c509357859ea2ca2cbb6d8812898a73e4ef1ef9934c2e591d7e32face734d1?s=96&d=mm&r=g\",\"url\":\"https:\\\/\\\/secure.gravatar.com\\\/avatar\\\/c4c509357859ea2ca2cbb6d8812898a73e4ef1ef9934c2e591d7e32face734d1?s=96&d=mm&r=g\",\"contentUrl\":\"https:\\\/\\\/secure.gravatar.com\\\/avatar\\\/c4c509357859ea2ca2cbb6d8812898a73e4ef1ef9934c2e591d7e32face734d1?s=96&d=mm&r=g\",\"caption\":\"Redaction\"},\"url\":\"https:\\\/\\\/lepatriotebenin.com\"}]}<\/script>\n<!-- \/ Yoast SEO plugin. -->","yoast_head_json":{"title":"N\u00e9pal : le bilan des inondations s\u2019alourdit \u00e0 903 morts et 4 247 disparus - Le Patriote","robots":{"index":"index","follow":"follow","max-snippet":"max-snippet:-1","max-image-preview":"max-image-preview:large","max-video-preview":"max-video-preview:-1"},"canonical":"https:\/\/lepatriotebenin.com\/index.php\/2026\/08\/31\/nepal-le-bilan-des-inondations-salourdit-a-903-morts-et-4-247-disparus\/","og_locale":"fr_FR","og_type":"article","og_title":"N\u00e9pal : le bilan des inondations s\u2019alourdit \u00e0 903 morts et 4 247 disparus - Le Patriote","og_description":"Le bilan de la crue \u00e9clair qui a frapp\u00e9 le N\u00e9pal mercredi dernier ne cesse de s\u2019alourdir. Des centaines de personnes sont mortes et des milliers sont port\u00e9es disparues alors&hellip;","og_url":"https:\/\/lepatriotebenin.com\/index.php\/2026\/08\/31\/nepal-le-bilan-des-inondations-salourdit-a-903-morts-et-4-247-disparus\/","og_site_name":"Le Patriote","article_published_time":"2026-08-31T20:27:13+00:00","og_image":[{"width":717,"height":570,"url":"https:\/\/lepatriotebenin.com\/wp-content\/uploads\/2026\/08\/nepal.png","type":"image\/png"}],"author":"Redaction","twitter_card":"summary_large_image","twitter_misc":{"\u00c9crit par":"Redaction","Dur\u00e9e de lecture estim\u00e9e":"3 minutes"},"schema":{"@context":"https:\/\/schema.org","@graph":[{"@type":"Article","@id":"https:\/\/lepatriotebenin.com\/index.php\/2026\/08\/31\/nepal-le-bilan-des-inondations-salourdit-a-903-morts-et-4-247-disparus\/#article","isPartOf":{"@id":"https:\/\/lepatriotebenin.com\/index.php\/2026\/08\/31\/nepal-le-bilan-des-inondations-salourdit-a-903-morts-et-4-247-disparus\/"},"author":{"name":"Redaction","@id":"https:\/\/lepatriotebenin.com\/#\/schema\/person\/2e7709b9c9cc313e452d1136af61690f"},"headline":"N\u00e9pal : le bilan des inondations s\u2019alourdit \u00e0 903 morts et 4 247 disparus","datePublished":"2026-08-31T20:27:13+00:00","mainEntityOfPage":{"@id":"https:\/\/lepatriotebenin.com\/index.php\/2026\/08\/31\/nepal-le-bilan-des-inondations-salourdit-a-903-morts-et-4-247-disparus\/"},"wordCount":590,"commentCount":0,"image":{"@id":"https:\/\/lepatriotebenin.com\/index.php\/2026\/08\/31\/nepal-le-bilan-des-inondations-salourdit-a-903-morts-et-4-247-disparus\/#primaryimage"},"thumbnailUrl":"https:\/\/lepatriotebenin.com\/wp-content\/uploads\/2026\/08\/nepal.png","articleSection":["Soci\u00e9t\u00e9"],"inLanguage":"fr-FR","potentialAction":[{"@type":"CommentAction","name":"Comment","target":["https:\/\/lepatriotebenin.com\/index.php\/2026\/08\/31\/nepal-le-bilan-des-inondations-salourdit-a-903-morts-et-4-247-disparus\/#respond"]}]},{"@type":"WebPage","@id":"https:\/\/lepatriotebenin.com\/index.php\/2026\/08\/31\/nepal-le-bilan-des-inondations-salourdit-a-903-morts-et-4-247-disparus\/","url":"https:\/\/lepatriotebenin.com\/index.php\/2026\/08\/31\/nepal-le-bilan-des-inondations-salourdit-a-903-morts-et-4-247-disparus\/","name":"N\u00e9pal : le bilan des inondations s\u2019alourdit \u00e0 903 morts et 4 247 disparus - Le Patriote","isPartOf":{"@id":"https:\/\/lepatriotebenin.com\/#website"},"primaryImageOfPage":{"@id":"https:\/\/lepatriotebenin.com\/index.php\/2026\/08\/31\/nepal-le-bilan-des-inondations-salourdit-a-903-morts-et-4-247-disparus\/#primaryimage"},"image":{"@id":"https:\/\/lepatriotebenin.com\/index.php\/2026\/08\/31\/nepal-le-bilan-des-inondations-salourdit-a-903-morts-et-4-247-disparus\/#primaryimage"},"thumbnailUrl":"https:\/\/lepatriotebenin.com\/wp-content\/uploads\/2026\/08\/nepal.png","datePublished":"2026-08-31T20:27:13+00:00","author":{"@id":"https:\/\/lepatriotebenin.com\/#\/schema\/person\/2e7709b9c9cc313e452d1136af61690f"},"breadcrumb":{"@id":"https:\/\/lepatriotebenin.com\/index.php\/2026\/08\/31\/nepal-le-bilan-des-inondations-salourdit-a-903-morts-et-4-247-disparus\/#breadcrumb"},"inLanguage":"fr-FR","potentialAction":[{"@type":"ReadAction","target":["https:\/\/lepatriotebenin.com\/index.php\/2026\/08\/31\/nepal-le-bilan-des-inondations-salourdit-a-903-morts-et-4-247-disparus\/"]}]},{"@type":"ImageObject","inLanguage":"fr-FR","@id":"https:\/\/lepatriotebenin.com\/index.php\/2026\/08\/31\/nepal-le-bilan-des-inondations-salourdit-a-903-morts-et-4-247-disparus\/#primaryimage","url":"https:\/\/lepatriotebenin.com\/wp-content\/uploads\/2026\/08\/nepal.png","contentUrl":"https:\/\/lepatriotebenin.com\/wp-content\/uploads\/2026\/08\/nepal.png","width":717,"height":570},{"@type":"BreadcrumbList","@id":"https:\/\/lepatriotebenin.com\/index.php\/2026\/08\/31\/nepal-le-bilan-des-inondations-salourdit-a-903-morts-et-4-247-disparus\/#breadcrumb","itemListElement":[{"@type":"ListItem","position":1,"name":"Accueil","item":"https:\/\/lepatriotebenin.com\/"},{"@type":"ListItem","position":2,"name":"N\u00e9pal : le bilan des inondations s\u2019alourdit \u00e0 903 morts et 4 247 disparus"}]},{"@type":"WebSite","@id":"https:\/\/lepatriotebenin.com\/#website","url":"https:\/\/lepatriotebenin.com\/","name":"Le Patriote","description":"Le Patriote B\u00e9nin","potentialAction":[{"@type":"SearchAction","target":{"@type":"EntryPoint","urlTemplate":"https:\/\/lepatriotebenin.com\/?s={search_term_string}"},"query-input":{"@type":"PropertyValueSpecification","valueRequired":true,"valueName":"search_term_string"}}],"inLanguage":"fr-FR"},{"@type":"Person","@id":"https:\/\/lepatriotebenin.com\/#\/schema\/person\/2e7709b9c9cc313e452d1136af61690f","name":"Redaction","image":{"@type":"ImageObject","inLanguage":"fr-FR","@id":"https:\/\/secure.gravatar.com\/avatar\/c4c509357859ea2ca2cbb6d8812898a73e4ef1ef9934c2e591d7e32face734d1?s=96&d=mm&r=g","url":"https:\/\/secure.gravatar.com\/avatar\/c4c509357859ea2ca2cbb6d8812898a73e4ef1ef9934c2e591d7e32face734d1?s=96&d=mm&r=g","contentUrl":"https:\/\/secure.gravatar.com\/avatar\/c4c509357859ea2ca2cbb6d8812898a73e4ef1ef9934c2e591d7e32face734d1?s=96&d=mm&r=g","caption":"Redaction"},"url":"https:\/\/lepatriotebenin.com"}]}},"_links":{"self":[{"href":"https:\/\/lepatriotebenin.com\/index.php\/wp-json\/wp\/v2\/posts\/23447","targetHints":{"allow":["GET"]}}],"collection":[{"href":"https:\/\/lepatriotebenin.com\/index.php\/wp-json\/wp\/v2\/posts"}],"about":[{"href":"https:\/\/lepatriotebenin.com\/index.php\/wp-json\/wp\/v2\/types\/post"}],"author":[{"embeddable":true,"href":"https:\/\/lepatriotebenin.com\/index.php\/wp-json\/wp\/v2\/users\/5"}],"replies":[{"embeddable":true,"href":"https:\/\/lepatriotebenin.com\/index.php\/wp-json\/wp\/v2\/comments?post=23447"}],"version-history":[{"count":1,"href":"https:\/\/lepatriotebenin.com\/index.php\/wp-json\/wp\/v2\/posts\/23447\/revisions"}],"predecessor-version":[{"id":23449,"href":"https:\/\/lepatriotebenin.com\/index.php\/wp-json\/wp\/v2\/posts\/23447\/revisions\/23449"}],"wp:featuredmedia":[{"embeddable":true,"href":"https:\/\/lepatriotebenin.com\/index.php\/wp-json\/wp\/v2\/media\/23448"}],"wp:attachment":[{"href":"https:\/\/lepatriotebenin.com\/index.php\/wp-json\/wp\/v2\/media?parent=23447"}],"wp:term":[{"taxonomy":"category","embeddable":true,"href":"https:\/\/lepatriotebenin.com\/index.php\/wp-json\/wp\/v2\/categories?post=23447"},{"taxonomy":"post_tag","embeddable":true,"href":"https:\/\/lepatriotebenin.com\/index.php\/wp-json\/wp\/v2\/tags?post=23447"}],"curies":[{"name":"wp","href":"https:\/\/api.w.org\/{rel}","templated":true}]}}