{"id":23444,"date":"2026-08-31T22:22:05","date_gmt":"2026-08-31T20:22:05","guid":{"rendered":"https:\/\/lepatriotebenin.com\/?p=23444"},"modified":"2026-08-31T22:22:05","modified_gmt":"2026-08-31T20:22:05","slug":"kenya-le-principal-hub-dafrique-de-lest-paralyse-par-une-greve","status":"publish","type":"post","link":"https:\/\/lepatriotebenin.com\/index.php\/2026\/08\/31\/kenya-le-principal-hub-dafrique-de-lest-paralyse-par-une-greve\/","title":{"rendered":"Kenya : le principal hub d&rsquo;Afrique de l\u2019est paralys\u00e9 par une gr\u00e8ve"},"content":{"rendered":"<p>&nbsp;<\/p>\n<p>\u200eLe principal hub d\u2019Afrique de l\u2019Est, l\u2019a\u00e9roport international Jomo Kenyatta de Nairobi, et celui de Mombasa sont touch\u00e9s par une gr\u00e8ve du Kenya Aviation Workers\u2019 Union (KAWU). Cette manifestation est entr\u00e9e dans sa deuxi\u00e8me journ\u00e9e ce lundi 31 ao\u00fbt.<\/p>\n<p>\u200eLe trafic a\u00e9rien k\u00e9nyan est au ralenti depuis dimanche. Lanc\u00e9e apr\u00e8s l\u2019\u00e9chec d\u2019un accord-cadre sign\u00e9 le 27 juillet, la mobilisation r\u00e9unit des agents de la KCAA, de la KAA et de Jambojet. Le syndicat r\u00e9clame une revalorisation salariale, de meilleures conditions de travail et surtout la signature d\u2019une convention collective bloqu\u00e9e depuis 2015. Il d\u00e9nonce aussi le recours \u00e0 des volontaires au lieu d\u2019embauches.<\/p>\n<p>\u200eCette gr\u00e8ve a eu des r\u00e9percussions sur les activit\u00e9s a\u00e9roportuaires du pays. Des centaines de passagers bloqu\u00e9s parfois plus de 12 heures, des dizaines de vols retard\u00e9s ou annul\u00e9s. Kenya Airways fait \u00e9tat de 30% de vols affect\u00e9s et RwandAir a annul\u00e9 deux liaisons.<\/p>\n<p>\u200eLes n\u00e9gociations d\u2019urgence ont repris lundi mais sans avanc\u00e9e. Un blocage prolong\u00e9 menace le tourisme et le fret, l\u2019a\u00e9roport JKIA \u00e9tant un corridor vital pour les exportations horticoles et les \u00e9quipements \u00e9lectroniques.<\/p>\n<p>\u200e<\/p>\n<p><strong>\u200eEz\u00e9chiel Dagb\u00e9gnon PADONOU<\/strong><\/p>\n","protected":false},"excerpt":{"rendered":"<p>&nbsp; \u200eLe principal hub d\u2019Afrique de l\u2019Est, l\u2019a\u00e9roport international Jomo Kenyatta de Nairobi, et celui de Mombasa sont touch\u00e9s par une gr\u00e8ve du Kenya Aviation Workers\u2019 Union (KAWU). Cette manifestation&hellip;<\/p>\n","protected":false},"author":5,"featured_media":23445,"comment_status":"open","ping_status":"open","sticky":false,"template":"","format":"standard","meta":{"content-type":"","om_disable_all_campaigns":false,"_monsterinsights_skip_tracking":false,"_uf_show_specific_survey":0,"_uf_disable_surveys":false,"footnotes":""},"categories":[20],"tags":[],"class_list":["post-23444","post","type-post","status-publish","format-standard","has-post-thumbnail","hentry","category-societe"],"aioseo_notices":[],"aioseo_head":"\n\t\t<!-- All in One SEO 5.0.1.1 - aioseo.com -->\n\t<meta name=\"description\" content=\"\u200eLe principal hub d\u2019Afrique de l\u2019Est, l\u2019a\u00e9roport international Jomo Kenyatta de Nairobi, et celui de Mombasa sont touch\u00e9s par une gr\u00e8ve du Kenya Aviation Workers\u2019 Union (KAWU). Cette manifestation est entr\u00e9e dans sa deuxi\u00e8me journ\u00e9e ce lundi 31 ao\u00fbt. \u200eLe trafic a\u00e9rien k\u00e9nyan est au ralenti depuis dimanche. Lanc\u00e9e apr\u00e8s l\u2019\u00e9chec d\u2019un accord-cadre sign\u00e9\" \/>\n\t<meta name=\"robots\" content=\"max-image-preview:large\" \/>\n\t<meta name=\"author\" content=\"Redaction\"\/>\n\t<link rel=\"canonical\" href=\"https:\/\/lepatriotebenin.com\/index.php\/2026\/08\/31\/kenya-le-principal-hub-dafrique-de-lest-paralyse-par-une-greve\/\" \/>\n\t<meta name=\"generator\" content=\"All in One SEO (AIOSEO) 5.0.1.1\" \/>\n\t\t<meta property=\"og:locale\" content=\"fr_FR\" \/>\n\t\t<meta property=\"og:site_name\" content=\"Le Patriote - Le Patriote B\u00e9nin\" \/>\n\t\t<meta property=\"og:type\" content=\"article\" \/>\n\t\t<meta property=\"og:title\" content=\"Kenya : le principal hub d\u2019Afrique de l\u2019est paralys\u00e9 par une gr\u00e8ve - Le Patriote\" \/>\n\t\t<meta property=\"og:description\" content=\"\u200eLe principal hub d\u2019Afrique de l\u2019Est, l\u2019a\u00e9roport international Jomo Kenyatta de Nairobi, et celui de Mombasa sont touch\u00e9s par une gr\u00e8ve du Kenya Aviation Workers\u2019 Union (KAWU). Cette manifestation est entr\u00e9e dans sa deuxi\u00e8me journ\u00e9e ce lundi 31 ao\u00fbt. \u200eLe trafic a\u00e9rien k\u00e9nyan est au ralenti depuis dimanche. Lanc\u00e9e apr\u00e8s l\u2019\u00e9chec d\u2019un accord-cadre sign\u00e9\" \/>\n\t\t<meta property=\"og:url\" content=\"https:\/\/lepatriotebenin.com\/index.php\/2026\/08\/31\/kenya-le-principal-hub-dafrique-de-lest-paralyse-par-une-greve\/\" \/>\n\t\t<meta property=\"article:published_time\" content=\"2026-08-31T20:22:05+00:00\" \/>\n\t\t<meta property=\"article:modified_time\" content=\"2026-08-31T20:22:05+00:00\" \/>\n\t\t<meta name=\"twitter:card\" content=\"summary_large_image\" \/>\n\t\t<meta name=\"twitter:title\" content=\"Kenya : le principal hub d\u2019Afrique de l\u2019est paralys\u00e9 par une gr\u00e8ve - Le Patriote\" \/>\n\t\t<meta name=\"twitter:description\" content=\"\u200eLe principal hub d\u2019Afrique de l\u2019Est, l\u2019a\u00e9roport international Jomo Kenyatta de Nairobi, et celui de Mombasa sont touch\u00e9s par une gr\u00e8ve du Kenya Aviation Workers\u2019 Union (KAWU). Cette manifestation est entr\u00e9e dans sa deuxi\u00e8me journ\u00e9e ce lundi 31 ao\u00fbt. \u200eLe trafic a\u00e9rien k\u00e9nyan est au ralenti depuis dimanche. Lanc\u00e9e apr\u00e8s l\u2019\u00e9chec d\u2019un accord-cadre sign\u00e9\" \/>\n\t\t<script type=\"application\/ld+json\" class=\"aioseo-schema\">\n\t\t\t{\"@context\":\"https:\\\/\\\/schema.org\",\"@graph\":[{\"@type\":\"BlogPosting\",\"@id\":\"https:\\\/\\\/lepatriotebenin.com\\\/index.php\\\/2026\\\/08\\\/31\\\/kenya-le-principal-hub-dafrique-de-lest-paralyse-par-une-greve\\\/#blogposting\",\"name\":\"Kenya : le principal hub d\\u2019Afrique de l\\u2019est paralys\\u00e9 par une gr\\u00e8ve - Le Patriote\",\"headline\":\"Kenya : le principal hub d&rsquo;Afrique de l\\u2019est paralys\\u00e9 par une gr\\u00e8ve\",\"author\":{\"@id\":\"https:\\\/\\\/lepatriotebenin.com#author\"},\"publisher\":{\"@id\":\"https:\\\/\\\/lepatriotebenin.com\\\/#organization\"},\"image\":{\"@type\":\"ImageObject\",\"url\":\"https:\\\/\\\/lepatriotebenin.com\\\/wp-content\\\/uploads\\\/2026\\\/08\\\/kenya.png\",\"width\":696,\"height\":392},\"datePublished\":\"2026-08-31T22:22:05+02:00\",\"dateModified\":\"2026-08-31T22:22:05+02:00\",\"inLanguage\":\"fr-FR\",\"mainEntityOfPage\":{\"@id\":\"https:\\\/\\\/lepatriotebenin.com\\\/index.php\\\/2026\\\/08\\\/31\\\/kenya-le-principal-hub-dafrique-de-lest-paralyse-par-une-greve\\\/#webpage\"},\"isPartOf\":{\"@id\":\"https:\\\/\\\/lepatriotebenin.com\\\/index.php\\\/2026\\\/08\\\/31\\\/kenya-le-principal-hub-dafrique-de-lest-paralyse-par-une-greve\\\/#webpage\"},\"articleSection\":\"Soci\\u00e9t\\u00e9\"},{\"@type\":\"BreadcrumbList\",\"@id\":\"https:\\\/\\\/lepatriotebenin.com\\\/index.php\\\/2026\\\/08\\\/31\\\/kenya-le-principal-hub-dafrique-de-lest-paralyse-par-une-greve\\\/#breadcrumblist\",\"itemListElement\":[{\"@type\":\"ListItem\",\"@id\":\"https:\\\/\\\/lepatriotebenin.com#listItem\",\"position\":1,\"name\":\"Home\",\"item\":\"https:\\\/\\\/lepatriotebenin.com\",\"nextItem\":{\"@type\":\"ListItem\",\"@id\":\"https:\\\/\\\/lepatriotebenin.com\\\/index.php\\\/category\\\/societe\\\/#listItem\",\"name\":\"Soci\\u00e9t\\u00e9\"}},{\"@type\":\"ListItem\",\"@id\":\"https:\\\/\\\/lepatriotebenin.com\\\/index.php\\\/category\\\/societe\\\/#listItem\",\"position\":2,\"name\":\"Soci\\u00e9t\\u00e9\",\"item\":\"https:\\\/\\\/lepatriotebenin.com\\\/index.php\\\/category\\\/societe\\\/\",\"nextItem\":{\"@type\":\"ListItem\",\"@id\":\"https:\\\/\\\/lepatriotebenin.com\\\/index.php\\\/2026\\\/08\\\/31\\\/kenya-le-principal-hub-dafrique-de-lest-paralyse-par-une-greve\\\/#listItem\",\"name\":\"Kenya : le principal hub d&rsquo;Afrique de l\\u2019est paralys\\u00e9 par une gr\\u00e8ve\"},\"previousItem\":{\"@type\":\"ListItem\",\"@id\":\"https:\\\/\\\/lepatriotebenin.com#listItem\",\"name\":\"Home\"}},{\"@type\":\"ListItem\",\"@id\":\"https:\\\/\\\/lepatriotebenin.com\\\/index.php\\\/2026\\\/08\\\/31\\\/kenya-le-principal-hub-dafrique-de-lest-paralyse-par-une-greve\\\/#listItem\",\"position\":3,\"name\":\"Kenya : le principal hub d&rsquo;Afrique de l\\u2019est paralys\\u00e9 par une gr\\u00e8ve\",\"previousItem\":{\"@type\":\"ListItem\",\"@id\":\"https:\\\/\\\/lepatriotebenin.com\\\/index.php\\\/category\\\/societe\\\/#listItem\",\"name\":\"Soci\\u00e9t\\u00e9\"}}]},{\"@type\":\"Organization\",\"@id\":\"https:\\\/\\\/lepatriotebenin.com\\\/#organization\",\"name\":\"Le Patriote\",\"description\":\"Le Patriote B\\u00e9nin\",\"url\":\"https:\\\/\\\/lepatriotebenin.com\\\/\"},{\"@type\":\"Person\",\"@id\":\"https:\\\/\\\/lepatriotebenin.com#author\",\"url\":\"https:\\\/\\\/lepatriotebenin.com\",\"name\":\"Redaction\",\"image\":{\"@type\":\"ImageObject\",\"@id\":\"https:\\\/\\\/lepatriotebenin.com\\\/index.php\\\/2026\\\/08\\\/31\\\/kenya-le-principal-hub-dafrique-de-lest-paralyse-par-une-greve\\\/#authorImage\",\"url\":\"https:\\\/\\\/secure.gravatar.com\\\/avatar\\\/c4c509357859ea2ca2cbb6d8812898a73e4ef1ef9934c2e591d7e32face734d1?s=96&d=mm&r=g\",\"width\":96,\"height\":96,\"caption\":\"Redaction\"}},{\"@type\":\"WebPage\",\"@id\":\"https:\\\/\\\/lepatriotebenin.com\\\/index.php\\\/2026\\\/08\\\/31\\\/kenya-le-principal-hub-dafrique-de-lest-paralyse-par-une-greve\\\/#webpage\",\"url\":\"https:\\\/\\\/lepatriotebenin.com\\\/index.php\\\/2026\\\/08\\\/31\\\/kenya-le-principal-hub-dafrique-de-lest-paralyse-par-une-greve\\\/\",\"name\":\"Kenya : le principal hub d\\u2019Afrique de l\\u2019est paralys\\u00e9 par une gr\\u00e8ve - Le Patriote\",\"description\":\"\\u200eLe principal hub d\\u2019Afrique de l\\u2019Est, l\\u2019a\\u00e9roport international Jomo Kenyatta de Nairobi, et celui de Mombasa sont touch\\u00e9s par une gr\\u00e8ve du Kenya Aviation Workers\\u2019 Union (KAWU). Cette manifestation est entr\\u00e9e dans sa deuxi\\u00e8me journ\\u00e9e ce lundi 31 ao\\u00fbt. \\u200eLe trafic a\\u00e9rien k\\u00e9nyan est au ralenti depuis dimanche. Lanc\\u00e9e apr\\u00e8s l\\u2019\\u00e9chec d\\u2019un accord-cadre sign\\u00e9\",\"inLanguage\":\"fr-FR\",\"isPartOf\":{\"@id\":\"https:\\\/\\\/lepatriotebenin.com\\\/#website\"},\"breadcrumb\":{\"@id\":\"https:\\\/\\\/lepatriotebenin.com\\\/index.php\\\/2026\\\/08\\\/31\\\/kenya-le-principal-hub-dafrique-de-lest-paralyse-par-une-greve\\\/#breadcrumblist\"},\"author\":{\"@id\":\"https:\\\/\\\/lepatriotebenin.com#author\"},\"creator\":{\"@id\":\"https:\\\/\\\/lepatriotebenin.com#author\"},\"image\":{\"@type\":\"ImageObject\",\"url\":\"https:\\\/\\\/lepatriotebenin.com\\\/wp-content\\\/uploads\\\/2026\\\/08\\\/kenya.png\",\"@id\":\"https:\\\/\\\/lepatriotebenin.com\\\/index.php\\\/2026\\\/08\\\/31\\\/kenya-le-principal-hub-dafrique-de-lest-paralyse-par-une-greve\\\/#mainImage\",\"width\":696,\"height\":392},\"primaryImageOfPage\":{\"@id\":\"https:\\\/\\\/lepatriotebenin.com\\\/index.php\\\/2026\\\/08\\\/31\\\/kenya-le-principal-hub-dafrique-de-lest-paralyse-par-une-greve\\\/#mainImage\"},\"datePublished\":\"2026-08-31T22:22:05+02:00\",\"dateModified\":\"2026-08-31T22:22:05+02:00\"},{\"@type\":\"WebSite\",\"@id\":\"https:\\\/\\\/lepatriotebenin.com\\\/#website\",\"url\":\"https:\\\/\\\/lepatriotebenin.com\\\/\",\"name\":\"Le Patriote\",\"description\":\"Le Patriote B\\u00e9nin\",\"inLanguage\":\"fr-FR\",\"publisher\":{\"@id\":\"https:\\\/\\\/lepatriotebenin.com\\\/#organization\"}}]}\n\t\t<\/script>\n\t\t<!-- All in One SEO -->\n\n","aioseo_head_json":{"title":"Kenya : le principal hub d\u2019Afrique de l\u2019est paralys\u00e9 par une gr\u00e8ve - Le Patriote","description":"\u200eLe principal hub d\u2019Afrique de l\u2019Est, l\u2019a\u00e9roport international Jomo Kenyatta de Nairobi, et celui de Mombasa sont touch\u00e9s par une gr\u00e8ve du Kenya Aviation Workers\u2019 Union (KAWU). Cette manifestation est entr\u00e9e dans sa deuxi\u00e8me journ\u00e9e ce lundi 31 ao\u00fbt. \u200eLe trafic a\u00e9rien k\u00e9nyan est au ralenti depuis dimanche. Lanc\u00e9e apr\u00e8s l\u2019\u00e9chec d\u2019un accord-cadre sign\u00e9","canonical_url":"https:\/\/lepatriotebenin.com\/index.php\/2026\/08\/31\/kenya-le-principal-hub-dafrique-de-lest-paralyse-par-une-greve\/","robots":"max-image-preview:large","keywords":"","webmasterTools":{"miscellaneous":""},"schema":{"@context":"https:\/\/schema.org","@graph":[{"@type":"BlogPosting","@id":"https:\/\/lepatriotebenin.com\/index.php\/2026\/08\/31\/kenya-le-principal-hub-dafrique-de-lest-paralyse-par-une-greve\/#blogposting","name":"Kenya : le principal hub d\u2019Afrique de l\u2019est paralys\u00e9 par une gr\u00e8ve - Le Patriote","headline":"Kenya : le principal hub d&rsquo;Afrique de l\u2019est paralys\u00e9 par une gr\u00e8ve","author":{"@id":"https:\/\/lepatriotebenin.com#author"},"publisher":{"@id":"https:\/\/lepatriotebenin.com\/#organization"},"image":{"@type":"ImageObject","url":"https:\/\/lepatriotebenin.com\/wp-content\/uploads\/2026\/08\/kenya.png","width":696,"height":392},"datePublished":"2026-08-31T22:22:05+02:00","dateModified":"2026-08-31T22:22:05+02:00","inLanguage":"fr-FR","mainEntityOfPage":{"@id":"https:\/\/lepatriotebenin.com\/index.php\/2026\/08\/31\/kenya-le-principal-hub-dafrique-de-lest-paralyse-par-une-greve\/#webpage"},"isPartOf":{"@id":"https:\/\/lepatriotebenin.com\/index.php\/2026\/08\/31\/kenya-le-principal-hub-dafrique-de-lest-paralyse-par-une-greve\/#webpage"},"articleSection":"Soci\u00e9t\u00e9"},{"@type":"BreadcrumbList","@id":"https:\/\/lepatriotebenin.com\/index.php\/2026\/08\/31\/kenya-le-principal-hub-dafrique-de-lest-paralyse-par-une-greve\/#breadcrumblist","itemListElement":[{"@type":"ListItem","@id":"https:\/\/lepatriotebenin.com#listItem","position":1,"name":"Home","item":"https:\/\/lepatriotebenin.com","nextItem":{"@type":"ListItem","@id":"https:\/\/lepatriotebenin.com\/index.php\/category\/societe\/#listItem","name":"Soci\u00e9t\u00e9"}},{"@type":"ListItem","@id":"https:\/\/lepatriotebenin.com\/index.php\/category\/societe\/#listItem","position":2,"name":"Soci\u00e9t\u00e9","item":"https:\/\/lepatriotebenin.com\/index.php\/category\/societe\/","nextItem":{"@type":"ListItem","@id":"https:\/\/lepatriotebenin.com\/index.php\/2026\/08\/31\/kenya-le-principal-hub-dafrique-de-lest-paralyse-par-une-greve\/#listItem","name":"Kenya : le principal hub d&rsquo;Afrique de l\u2019est paralys\u00e9 par une gr\u00e8ve"},"previousItem":{"@type":"ListItem","@id":"https:\/\/lepatriotebenin.com#listItem","name":"Home"}},{"@type":"ListItem","@id":"https:\/\/lepatriotebenin.com\/index.php\/2026\/08\/31\/kenya-le-principal-hub-dafrique-de-lest-paralyse-par-une-greve\/#listItem","position":3,"name":"Kenya : le principal hub d&rsquo;Afrique de l\u2019est paralys\u00e9 par une gr\u00e8ve","previousItem":{"@type":"ListItem","@id":"https:\/\/lepatriotebenin.com\/index.php\/category\/societe\/#listItem","name":"Soci\u00e9t\u00e9"}}]},{"@type":"Organization","@id":"https:\/\/lepatriotebenin.com\/#organization","name":"Le Patriote","description":"Le Patriote B\u00e9nin","url":"https:\/\/lepatriotebenin.com\/"},{"@type":"Person","@id":"https:\/\/lepatriotebenin.com#author","url":"https:\/\/lepatriotebenin.com","name":"Redaction","image":{"@type":"ImageObject","@id":"https:\/\/lepatriotebenin.com\/index.php\/2026\/08\/31\/kenya-le-principal-hub-dafrique-de-lest-paralyse-par-une-greve\/#authorImage","url":"https:\/\/secure.gravatar.com\/avatar\/c4c509357859ea2ca2cbb6d8812898a73e4ef1ef9934c2e591d7e32face734d1?s=96&d=mm&r=g","width":96,"height":96,"caption":"Redaction"}},{"@type":"WebPage","@id":"https:\/\/lepatriotebenin.com\/index.php\/2026\/08\/31\/kenya-le-principal-hub-dafrique-de-lest-paralyse-par-une-greve\/#webpage","url":"https:\/\/lepatriotebenin.com\/index.php\/2026\/08\/31\/kenya-le-principal-hub-dafrique-de-lest-paralyse-par-une-greve\/","name":"Kenya : le principal hub d\u2019Afrique de l\u2019est paralys\u00e9 par une gr\u00e8ve - Le Patriote","description":"\u200eLe principal hub d\u2019Afrique de l\u2019Est, l\u2019a\u00e9roport international Jomo Kenyatta de Nairobi, et celui de Mombasa sont touch\u00e9s par une gr\u00e8ve du Kenya Aviation Workers\u2019 Union (KAWU). Cette manifestation est entr\u00e9e dans sa deuxi\u00e8me journ\u00e9e ce lundi 31 ao\u00fbt. \u200eLe trafic a\u00e9rien k\u00e9nyan est au ralenti depuis dimanche. Lanc\u00e9e apr\u00e8s l\u2019\u00e9chec d\u2019un accord-cadre sign\u00e9","inLanguage":"fr-FR","isPartOf":{"@id":"https:\/\/lepatriotebenin.com\/#website"},"breadcrumb":{"@id":"https:\/\/lepatriotebenin.com\/index.php\/2026\/08\/31\/kenya-le-principal-hub-dafrique-de-lest-paralyse-par-une-greve\/#breadcrumblist"},"author":{"@id":"https:\/\/lepatriotebenin.com#author"},"creator":{"@id":"https:\/\/lepatriotebenin.com#author"},"image":{"@type":"ImageObject","url":"https:\/\/lepatriotebenin.com\/wp-content\/uploads\/2026\/08\/kenya.png","@id":"https:\/\/lepatriotebenin.com\/index.php\/2026\/08\/31\/kenya-le-principal-hub-dafrique-de-lest-paralyse-par-une-greve\/#mainImage","width":696,"height":392},"primaryImageOfPage":{"@id":"https:\/\/lepatriotebenin.com\/index.php\/2026\/08\/31\/kenya-le-principal-hub-dafrique-de-lest-paralyse-par-une-greve\/#mainImage"},"datePublished":"2026-08-31T22:22:05+02:00","dateModified":"2026-08-31T22:22:05+02:00"},{"@type":"WebSite","@id":"https:\/\/lepatriotebenin.com\/#website","url":"https:\/\/lepatriotebenin.com\/","name":"Le Patriote","description":"Le Patriote B\u00e9nin","inLanguage":"fr-FR","publisher":{"@id":"https:\/\/lepatriotebenin.com\/#organization"}}]},"og:locale":"fr_FR","og:site_name":"Le Patriote - Le Patriote B\u00e9nin","og:type":"article","og:title":"Kenya : le principal hub d\u2019Afrique de l\u2019est paralys\u00e9 par une gr\u00e8ve - Le Patriote","og:description":"\u200eLe principal hub d\u2019Afrique de l\u2019Est, l\u2019a\u00e9roport international Jomo Kenyatta de Nairobi, et celui de Mombasa sont touch\u00e9s par une gr\u00e8ve du Kenya Aviation Workers\u2019 Union (KAWU). Cette manifestation est entr\u00e9e dans sa deuxi\u00e8me journ\u00e9e ce lundi 31 ao\u00fbt. \u200eLe trafic a\u00e9rien k\u00e9nyan est au ralenti depuis dimanche. Lanc\u00e9e apr\u00e8s l\u2019\u00e9chec d\u2019un accord-cadre sign\u00e9","og:url":"https:\/\/lepatriotebenin.com\/index.php\/2026\/08\/31\/kenya-le-principal-hub-dafrique-de-lest-paralyse-par-une-greve\/","article:published_time":"2026-08-31T20:22:05+00:00","article:modified_time":"2026-08-31T20:22:05+00:00","twitter:card":"summary_large_image","twitter:title":"Kenya : le principal hub d\u2019Afrique de l\u2019est paralys\u00e9 par une gr\u00e8ve - Le Patriote","twitter:description":"\u200eLe principal hub d\u2019Afrique de l\u2019Est, l\u2019a\u00e9roport international Jomo Kenyatta de Nairobi, et celui de Mombasa sont touch\u00e9s par une gr\u00e8ve du Kenya Aviation Workers\u2019 Union (KAWU). Cette manifestation est entr\u00e9e dans sa deuxi\u00e8me journ\u00e9e ce lundi 31 ao\u00fbt. \u200eLe trafic a\u00e9rien k\u00e9nyan est au ralenti depuis dimanche. Lanc\u00e9e apr\u00e8s l\u2019\u00e9chec d\u2019un accord-cadre sign\u00e9"},"aioseo_meta_data":{"post_id":"23444","title":null,"description":null,"keywords":null,"keyphrases":{"focus":{"keyphrase":"","score":0,"analysis":{"keyphraseInTitle":{"score":0,"maxScore":9,"error":1}}},"additional":[]},"primary_term":null,"canonical_url":null,"og_title":null,"og_description":null,"og_object_type":"default","og_image_type":"default","og_image_url":null,"og_image_width":null,"og_image_height":null,"og_image_custom_url":null,"og_image_custom_fields":null,"og_video":"","og_custom_url":null,"og_article_section":null,"og_article_tags":null,"twitter_use_og":false,"twitter_card":"default","twitter_image_type":"default","twitter_image_url":null,"twitter_image_custom_url":null,"twitter_image_custom_fields":null,"twitter_title":null,"twitter_description":null,"schema":{"blockGraphs":[],"customGraphs":[],"default":{"data":{"Article":[],"Course":[],"Dataset":[],"FAQPage":[],"Movie":[],"Person":[],"Product":[],"ProductReview":[],"Car":[],"Recipe":[],"Service":[],"SoftwareApplication":[],"WebPage":[]},"graphName":"BlogPosting","isEnabled":true},"graphs":[]},"schema_type":"default","schema_type_options":null,"pillar_content":false,"robots_default":true,"robots_noindex":false,"robots_noarchive":false,"robots_nosnippet":false,"robots_nofollow":false,"robots_noimageindex":false,"robots_noodp":false,"robots_notranslate":false,"robots_max_snippet":"-1","robots_max_videopreview":"-1","robots_max_imagepreview":"large","priority":null,"frequency":"default","local_seo":null,"breadcrumb_settings":null,"limit_modified_date":false,"ai":{"faqs":[],"keyPoints":[],"schemas":[],"titles":[],"descriptions":[],"socialPosts":{"email":{"subject":"","preview":"","content":""},"linkedin":[],"twitter":[],"facebook":[],"instagram":[]}},"created":"2026-08-31 20:22:05","updated":"2026-08-31 20:26:46","seo_analyzer_scan_date":null,"focus_keyword":null,"additional_keywords":null,"truseo_locale":null},"aioseo_breadcrumb":"<div class=\"aioseo-breadcrumbs\"><span class=\"aioseo-breadcrumb\">\n\t\t\t<a href=\"https:\/\/lepatriotebenin.com\" title=\"Home\">Home<\/a>\n\t\t<\/span><span class=\"aioseo-breadcrumb-separator\">&raquo;<\/span><span class=\"aioseo-breadcrumb\">\n\t\t\t<a href=\"https:\/\/lepatriotebenin.com\/index.php\/category\/societe\/\" title=\"Soci\u00e9t\u00e9\">Soci\u00e9t\u00e9<\/a>\n\t\t<\/span><span class=\"aioseo-breadcrumb-separator\">&raquo;<\/span><span class=\"aioseo-breadcrumb\">\n\t\t\tKenya : le principal hub d\u2019Afrique de l\u2019est paralys\u00e9 par une gr\u00e8ve\n\t\t<\/span><\/div>","aioseo_breadcrumb_json":[{"label":"Home","link":"https:\/\/lepatriotebenin.com"},{"label":"Soci\u00e9t\u00e9","link":"https:\/\/lepatriotebenin.com\/index.php\/category\/societe\/"},{"label":"Kenya : le principal hub d&rsquo;Afrique de l\u2019est paralys\u00e9 par une gr\u00e8ve","link":"https:\/\/lepatriotebenin.com\/index.php\/2026\/08\/31\/kenya-le-principal-hub-dafrique-de-lest-paralyse-par-une-greve\/"}],"yoast_head":"<!-- This site is optimized with the Yoast SEO plugin v28.3 - https:\/\/yoast.com\/product\/yoast-seo-wordpress\/ -->\n<title>Kenya : le principal hub d&#039;Afrique de l\u2019est paralys\u00e9 par une gr\u00e8ve - Le Patriote<\/title>\n<meta name=\"robots\" content=\"index, follow, max-snippet:-1, max-image-preview:large, max-video-preview:-1\" \/>\n<link rel=\"canonical\" href=\"https:\/\/lepatriotebenin.com\/index.php\/2026\/08\/31\/kenya-le-principal-hub-dafrique-de-lest-paralyse-par-une-greve\/\" \/>\n<meta property=\"og:locale\" content=\"fr_FR\" \/>\n<meta property=\"og:type\" content=\"article\" \/>\n<meta property=\"og:title\" content=\"Kenya : le principal hub d&#039;Afrique de l\u2019est paralys\u00e9 par une gr\u00e8ve - Le Patriote\" \/>\n<meta property=\"og:description\" content=\"&nbsp; \u200eLe principal hub d\u2019Afrique de l\u2019Est, l\u2019a\u00e9roport international Jomo Kenyatta de Nairobi, et celui de Mombasa sont touch\u00e9s par une gr\u00e8ve du Kenya Aviation Workers\u2019 Union (KAWU). Cette manifestation&hellip;\" \/>\n<meta property=\"og:url\" content=\"https:\/\/lepatriotebenin.com\/index.php\/2026\/08\/31\/kenya-le-principal-hub-dafrique-de-lest-paralyse-par-une-greve\/\" \/>\n<meta property=\"og:site_name\" content=\"Le Patriote\" \/>\n<meta property=\"article:published_time\" content=\"2026-08-31T20:22:05+00:00\" \/>\n<meta property=\"og:image\" content=\"https:\/\/lepatriotebenin.com\/wp-content\/uploads\/2026\/08\/kenya.png\" \/>\n\t<meta property=\"og:image:width\" content=\"696\" \/>\n\t<meta property=\"og:image:height\" content=\"392\" \/>\n\t<meta property=\"og:image:type\" content=\"image\/png\" \/>\n<meta name=\"author\" content=\"Redaction\" \/>\n<meta name=\"twitter:card\" content=\"summary_large_image\" \/>\n<meta name=\"twitter:label1\" content=\"\u00c9crit par\" \/>\n\t<meta name=\"twitter:data1\" content=\"Redaction\" \/>\n\t<meta name=\"twitter:label2\" content=\"Dur\u00e9e de lecture estim\u00e9e\" \/>\n\t<meta name=\"twitter:data2\" content=\"2 minutes\" \/>\n<script type=\"application\/ld+json\" class=\"yoast-schema-graph\">{\"@context\":\"https:\\\/\\\/schema.org\",\"@graph\":[{\"@type\":\"Article\",\"@id\":\"https:\\\/\\\/lepatriotebenin.com\\\/index.php\\\/2026\\\/08\\\/31\\\/kenya-le-principal-hub-dafrique-de-lest-paralyse-par-une-greve\\\/#article\",\"isPartOf\":{\"@id\":\"https:\\\/\\\/lepatriotebenin.com\\\/index.php\\\/2026\\\/08\\\/31\\\/kenya-le-principal-hub-dafrique-de-lest-paralyse-par-une-greve\\\/\"},\"author\":{\"name\":\"Redaction\",\"@id\":\"https:\\\/\\\/lepatriotebenin.com\\\/#\\\/schema\\\/person\\\/2e7709b9c9cc313e452d1136af61690f\"},\"headline\":\"Kenya : le principal hub d&rsquo;Afrique de l\u2019est paralys\u00e9 par une gr\u00e8ve\",\"datePublished\":\"2026-08-31T20:22:05+00:00\",\"mainEntityOfPage\":{\"@id\":\"https:\\\/\\\/lepatriotebenin.com\\\/index.php\\\/2026\\\/08\\\/31\\\/kenya-le-principal-hub-dafrique-de-lest-paralyse-par-une-greve\\\/\"},\"wordCount\":228,\"commentCount\":0,\"image\":{\"@id\":\"https:\\\/\\\/lepatriotebenin.com\\\/index.php\\\/2026\\\/08\\\/31\\\/kenya-le-principal-hub-dafrique-de-lest-paralyse-par-une-greve\\\/#primaryimage\"},\"thumbnailUrl\":\"https:\\\/\\\/lepatriotebenin.com\\\/wp-content\\\/uploads\\\/2026\\\/08\\\/kenya.png\",\"articleSection\":[\"Soci\u00e9t\u00e9\"],\"inLanguage\":\"fr-FR\",\"potentialAction\":[{\"@type\":\"CommentAction\",\"name\":\"Comment\",\"target\":[\"https:\\\/\\\/lepatriotebenin.com\\\/index.php\\\/2026\\\/08\\\/31\\\/kenya-le-principal-hub-dafrique-de-lest-paralyse-par-une-greve\\\/#respond\"]}]},{\"@type\":\"WebPage\",\"@id\":\"https:\\\/\\\/lepatriotebenin.com\\\/index.php\\\/2026\\\/08\\\/31\\\/kenya-le-principal-hub-dafrique-de-lest-paralyse-par-une-greve\\\/\",\"url\":\"https:\\\/\\\/lepatriotebenin.com\\\/index.php\\\/2026\\\/08\\\/31\\\/kenya-le-principal-hub-dafrique-de-lest-paralyse-par-une-greve\\\/\",\"name\":\"Kenya : le principal hub d'Afrique de l\u2019est paralys\u00e9 par une gr\u00e8ve - Le Patriote\",\"isPartOf\":{\"@id\":\"https:\\\/\\\/lepatriotebenin.com\\\/#website\"},\"primaryImageOfPage\":{\"@id\":\"https:\\\/\\\/lepatriotebenin.com\\\/index.php\\\/2026\\\/08\\\/31\\\/kenya-le-principal-hub-dafrique-de-lest-paralyse-par-une-greve\\\/#primaryimage\"},\"image\":{\"@id\":\"https:\\\/\\\/lepatriotebenin.com\\\/index.php\\\/2026\\\/08\\\/31\\\/kenya-le-principal-hub-dafrique-de-lest-paralyse-par-une-greve\\\/#primaryimage\"},\"thumbnailUrl\":\"https:\\\/\\\/lepatriotebenin.com\\\/wp-content\\\/uploads\\\/2026\\\/08\\\/kenya.png\",\"datePublished\":\"2026-08-31T20:22:05+00:00\",\"author\":{\"@id\":\"https:\\\/\\\/lepatriotebenin.com\\\/#\\\/schema\\\/person\\\/2e7709b9c9cc313e452d1136af61690f\"},\"breadcrumb\":{\"@id\":\"https:\\\/\\\/lepatriotebenin.com\\\/index.php\\\/2026\\\/08\\\/31\\\/kenya-le-principal-hub-dafrique-de-lest-paralyse-par-une-greve\\\/#breadcrumb\"},\"inLanguage\":\"fr-FR\",\"potentialAction\":[{\"@type\":\"ReadAction\",\"target\":[\"https:\\\/\\\/lepatriotebenin.com\\\/index.php\\\/2026\\\/08\\\/31\\\/kenya-le-principal-hub-dafrique-de-lest-paralyse-par-une-greve\\\/\"]}]},{\"@type\":\"ImageObject\",\"inLanguage\":\"fr-FR\",\"@id\":\"https:\\\/\\\/lepatriotebenin.com\\\/index.php\\\/2026\\\/08\\\/31\\\/kenya-le-principal-hub-dafrique-de-lest-paralyse-par-une-greve\\\/#primaryimage\",\"url\":\"https:\\\/\\\/lepatriotebenin.com\\\/wp-content\\\/uploads\\\/2026\\\/08\\\/kenya.png\",\"contentUrl\":\"https:\\\/\\\/lepatriotebenin.com\\\/wp-content\\\/uploads\\\/2026\\\/08\\\/kenya.png\",\"width\":696,\"height\":392},{\"@type\":\"BreadcrumbList\",\"@id\":\"https:\\\/\\\/lepatriotebenin.com\\\/index.php\\\/2026\\\/08\\\/31\\\/kenya-le-principal-hub-dafrique-de-lest-paralyse-par-une-greve\\\/#breadcrumb\",\"itemListElement\":[{\"@type\":\"ListItem\",\"position\":1,\"name\":\"Accueil\",\"item\":\"https:\\\/\\\/lepatriotebenin.com\\\/\"},{\"@type\":\"ListItem\",\"position\":2,\"name\":\"Kenya : le principal hub d&rsquo;Afrique de l\u2019est paralys\u00e9 par une gr\u00e8ve\"}]},{\"@type\":\"WebSite\",\"@id\":\"https:\\\/\\\/lepatriotebenin.com\\\/#website\",\"url\":\"https:\\\/\\\/lepatriotebenin.com\\\/\",\"name\":\"Le Patriote\",\"description\":\"Le Patriote B\u00e9nin\",\"potentialAction\":[{\"@type\":\"SearchAction\",\"target\":{\"@type\":\"EntryPoint\",\"urlTemplate\":\"https:\\\/\\\/lepatriotebenin.com\\\/?s={search_term_string}\"},\"query-input\":{\"@type\":\"PropertyValueSpecification\",\"valueRequired\":true,\"valueName\":\"search_term_string\"}}],\"inLanguage\":\"fr-FR\"},{\"@type\":\"Person\",\"@id\":\"https:\\\/\\\/lepatriotebenin.com\\\/#\\\/schema\\\/person\\\/2e7709b9c9cc313e452d1136af61690f\",\"name\":\"Redaction\",\"image\":{\"@type\":\"ImageObject\",\"inLanguage\":\"fr-FR\",\"@id\":\"https:\\\/\\\/secure.gravatar.com\\\/avatar\\\/c4c509357859ea2ca2cbb6d8812898a73e4ef1ef9934c2e591d7e32face734d1?s=96&d=mm&r=g\",\"url\":\"https:\\\/\\\/secure.gravatar.com\\\/avatar\\\/c4c509357859ea2ca2cbb6d8812898a73e4ef1ef9934c2e591d7e32face734d1?s=96&d=mm&r=g\",\"contentUrl\":\"https:\\\/\\\/secure.gravatar.com\\\/avatar\\\/c4c509357859ea2ca2cbb6d8812898a73e4ef1ef9934c2e591d7e32face734d1?s=96&d=mm&r=g\",\"caption\":\"Redaction\"},\"url\":\"https:\\\/\\\/lepatriotebenin.com\"}]}<\/script>\n<!-- \/ Yoast SEO plugin. -->","yoast_head_json":{"title":"Kenya : le principal hub d'Afrique de l\u2019est paralys\u00e9 par une gr\u00e8ve - Le Patriote","robots":{"index":"index","follow":"follow","max-snippet":"max-snippet:-1","max-image-preview":"max-image-preview:large","max-video-preview":"max-video-preview:-1"},"canonical":"https:\/\/lepatriotebenin.com\/index.php\/2026\/08\/31\/kenya-le-principal-hub-dafrique-de-lest-paralyse-par-une-greve\/","og_locale":"fr_FR","og_type":"article","og_title":"Kenya : le principal hub d'Afrique de l\u2019est paralys\u00e9 par une gr\u00e8ve - Le Patriote","og_description":"&nbsp; \u200eLe principal hub d\u2019Afrique de l\u2019Est, l\u2019a\u00e9roport international Jomo Kenyatta de Nairobi, et celui de Mombasa sont touch\u00e9s par une gr\u00e8ve du Kenya Aviation Workers\u2019 Union (KAWU). Cette manifestation&hellip;","og_url":"https:\/\/lepatriotebenin.com\/index.php\/2026\/08\/31\/kenya-le-principal-hub-dafrique-de-lest-paralyse-par-une-greve\/","og_site_name":"Le Patriote","article_published_time":"2026-08-31T20:22:05+00:00","og_image":[{"width":696,"height":392,"url":"https:\/\/lepatriotebenin.com\/wp-content\/uploads\/2026\/08\/kenya.png","type":"image\/png"}],"author":"Redaction","twitter_card":"summary_large_image","twitter_misc":{"\u00c9crit par":"Redaction","Dur\u00e9e de lecture estim\u00e9e":"2 minutes"},"schema":{"@context":"https:\/\/schema.org","@graph":[{"@type":"Article","@id":"https:\/\/lepatriotebenin.com\/index.php\/2026\/08\/31\/kenya-le-principal-hub-dafrique-de-lest-paralyse-par-une-greve\/#article","isPartOf":{"@id":"https:\/\/lepatriotebenin.com\/index.php\/2026\/08\/31\/kenya-le-principal-hub-dafrique-de-lest-paralyse-par-une-greve\/"},"author":{"name":"Redaction","@id":"https:\/\/lepatriotebenin.com\/#\/schema\/person\/2e7709b9c9cc313e452d1136af61690f"},"headline":"Kenya : le principal hub d&rsquo;Afrique de l\u2019est paralys\u00e9 par une gr\u00e8ve","datePublished":"2026-08-31T20:22:05+00:00","mainEntityOfPage":{"@id":"https:\/\/lepatriotebenin.com\/index.php\/2026\/08\/31\/kenya-le-principal-hub-dafrique-de-lest-paralyse-par-une-greve\/"},"wordCount":228,"commentCount":0,"image":{"@id":"https:\/\/lepatriotebenin.com\/index.php\/2026\/08\/31\/kenya-le-principal-hub-dafrique-de-lest-paralyse-par-une-greve\/#primaryimage"},"thumbnailUrl":"https:\/\/lepatriotebenin.com\/wp-content\/uploads\/2026\/08\/kenya.png","articleSection":["Soci\u00e9t\u00e9"],"inLanguage":"fr-FR","potentialAction":[{"@type":"CommentAction","name":"Comment","target":["https:\/\/lepatriotebenin.com\/index.php\/2026\/08\/31\/kenya-le-principal-hub-dafrique-de-lest-paralyse-par-une-greve\/#respond"]}]},{"@type":"WebPage","@id":"https:\/\/lepatriotebenin.com\/index.php\/2026\/08\/31\/kenya-le-principal-hub-dafrique-de-lest-paralyse-par-une-greve\/","url":"https:\/\/lepatriotebenin.com\/index.php\/2026\/08\/31\/kenya-le-principal-hub-dafrique-de-lest-paralyse-par-une-greve\/","name":"Kenya : le principal hub d'Afrique de l\u2019est paralys\u00e9 par une gr\u00e8ve - Le Patriote","isPartOf":{"@id":"https:\/\/lepatriotebenin.com\/#website"},"primaryImageOfPage":{"@id":"https:\/\/lepatriotebenin.com\/index.php\/2026\/08\/31\/kenya-le-principal-hub-dafrique-de-lest-paralyse-par-une-greve\/#primaryimage"},"image":{"@id":"https:\/\/lepatriotebenin.com\/index.php\/2026\/08\/31\/kenya-le-principal-hub-dafrique-de-lest-paralyse-par-une-greve\/#primaryimage"},"thumbnailUrl":"https:\/\/lepatriotebenin.com\/wp-content\/uploads\/2026\/08\/kenya.png","datePublished":"2026-08-31T20:22:05+00:00","author":{"@id":"https:\/\/lepatriotebenin.com\/#\/schema\/person\/2e7709b9c9cc313e452d1136af61690f"},"breadcrumb":{"@id":"https:\/\/lepatriotebenin.com\/index.php\/2026\/08\/31\/kenya-le-principal-hub-dafrique-de-lest-paralyse-par-une-greve\/#breadcrumb"},"inLanguage":"fr-FR","potentialAction":[{"@type":"ReadAction","target":["https:\/\/lepatriotebenin.com\/index.php\/2026\/08\/31\/kenya-le-principal-hub-dafrique-de-lest-paralyse-par-une-greve\/"]}]},{"@type":"ImageObject","inLanguage":"fr-FR","@id":"https:\/\/lepatriotebenin.com\/index.php\/2026\/08\/31\/kenya-le-principal-hub-dafrique-de-lest-paralyse-par-une-greve\/#primaryimage","url":"https:\/\/lepatriotebenin.com\/wp-content\/uploads\/2026\/08\/kenya.png","contentUrl":"https:\/\/lepatriotebenin.com\/wp-content\/uploads\/2026\/08\/kenya.png","width":696,"height":392},{"@type":"BreadcrumbList","@id":"https:\/\/lepatriotebenin.com\/index.php\/2026\/08\/31\/kenya-le-principal-hub-dafrique-de-lest-paralyse-par-une-greve\/#breadcrumb","itemListElement":[{"@type":"ListItem","position":1,"name":"Accueil","item":"https:\/\/lepatriotebenin.com\/"},{"@type":"ListItem","position":2,"name":"Kenya : le principal hub d&rsquo;Afrique de l\u2019est paralys\u00e9 par une gr\u00e8ve"}]},{"@type":"WebSite","@id":"https:\/\/lepatriotebenin.com\/#website","url":"https:\/\/lepatriotebenin.com\/","name":"Le Patriote","description":"Le Patriote B\u00e9nin","potentialAction":[{"@type":"SearchAction","target":{"@type":"EntryPoint","urlTemplate":"https:\/\/lepatriotebenin.com\/?s={search_term_string}"},"query-input":{"@type":"PropertyValueSpecification","valueRequired":true,"valueName":"search_term_string"}}],"inLanguage":"fr-FR"},{"@type":"Person","@id":"https:\/\/lepatriotebenin.com\/#\/schema\/person\/2e7709b9c9cc313e452d1136af61690f","name":"Redaction","image":{"@type":"ImageObject","inLanguage":"fr-FR","@id":"https:\/\/secure.gravatar.com\/avatar\/c4c509357859ea2ca2cbb6d8812898a73e4ef1ef9934c2e591d7e32face734d1?s=96&d=mm&r=g","url":"https:\/\/secure.gravatar.com\/avatar\/c4c509357859ea2ca2cbb6d8812898a73e4ef1ef9934c2e591d7e32face734d1?s=96&d=mm&r=g","contentUrl":"https:\/\/secure.gravatar.com\/avatar\/c4c509357859ea2ca2cbb6d8812898a73e4ef1ef9934c2e591d7e32face734d1?s=96&d=mm&r=g","caption":"Redaction"},"url":"https:\/\/lepatriotebenin.com"}]}},"_links":{"self":[{"href":"https:\/\/lepatriotebenin.com\/index.php\/wp-json\/wp\/v2\/posts\/23444","targetHints":{"allow":["GET"]}}],"collection":[{"href":"https:\/\/lepatriotebenin.com\/index.php\/wp-json\/wp\/v2\/posts"}],"about":[{"href":"https:\/\/lepatriotebenin.com\/index.php\/wp-json\/wp\/v2\/types\/post"}],"author":[{"embeddable":true,"href":"https:\/\/lepatriotebenin.com\/index.php\/wp-json\/wp\/v2\/users\/5"}],"replies":[{"embeddable":true,"href":"https:\/\/lepatriotebenin.com\/index.php\/wp-json\/wp\/v2\/comments?post=23444"}],"version-history":[{"count":1,"href":"https:\/\/lepatriotebenin.com\/index.php\/wp-json\/wp\/v2\/posts\/23444\/revisions"}],"predecessor-version":[{"id":23446,"href":"https:\/\/lepatriotebenin.com\/index.php\/wp-json\/wp\/v2\/posts\/23444\/revisions\/23446"}],"wp:featuredmedia":[{"embeddable":true,"href":"https:\/\/lepatriotebenin.com\/index.php\/wp-json\/wp\/v2\/media\/23445"}],"wp:attachment":[{"href":"https:\/\/lepatriotebenin.com\/index.php\/wp-json\/wp\/v2\/media?parent=23444"}],"wp:term":[{"taxonomy":"category","embeddable":true,"href":"https:\/\/lepatriotebenin.com\/index.php\/wp-json\/wp\/v2\/categories?post=23444"},{"taxonomy":"post_tag","embeddable":true,"href":"https:\/\/lepatriotebenin.com\/index.php\/wp-json\/wp\/v2\/tags?post=23444"}],"curies":[{"name":"wp","href":"https:\/\/api.w.org\/{rel}","templated":true}]}}