{"id":23441,"date":"2026-08-31T22:17:29","date_gmt":"2026-08-31T20:17:29","guid":{"rendered":"https:\/\/lepatriotebenin.com\/?p=23441"},"modified":"2026-08-31T22:17:29","modified_gmt":"2026-08-31T20:17:29","slug":"trafic-de-produits-pharmaceutiques-des-militaires-accuses-de-monnayer-des-saisies","status":"publish","type":"post","link":"https:\/\/lepatriotebenin.com\/index.php\/2026\/08\/31\/trafic-de-produits-pharmaceutiques-des-militaires-accuses-de-monnayer-des-saisies\/","title":{"rendered":"Trafic de produits pharmaceutiques : Des militaires accus\u00e9s de monnayer des saisies"},"content":{"rendered":"<p>&nbsp;<\/p>\n<p><strong>Trois militaires comparaissent devant la CRIET pour avoir, selon le parquet sp\u00e9cial, intercept\u00e9 puis restitu\u00e9 des cargaisons de produits pharmaceutiques en \u00e9change d\u2019argent. Cinq pr\u00e9venus sont concern\u00e9s dans cette affaire renvoy\u00e9e au 8 octobre 2026.<\/strong><\/p>\n<p>Une affaire qui \u00e9clabousse l\u2019uniforme. Trois militaires sont poursuivis devant la Cour de r\u00e9pression des infractions \u00e9conomiques et du terrorisme (CRIET) pour leur implication pr\u00e9sum\u00e9e dans une affaire de trafic de produits pharmaceutiques. Le dossier, examin\u00e9 le jeudi 27 ao\u00fbt 2026, implique au total cinq pr\u00e9venus, poursuivis notamment pour trafic de produits psychotropes et exercice ill\u00e9gal de la pharmacie.<\/p>\n<p>En effet, selon les accusations pr\u00e9sent\u00e9es \u00e0 l\u2019audience, les militaires auraient proc\u00e9d\u00e9 \u00e0 la saisie de cargaisons de produits pharmaceutiques avant de les restituer \u00e0 leurs propri\u00e9taires contre des paiements compris entre 200 000 et 300 000 FCFA.<\/p>\n<p><strong>Les pr\u00e9venus contestent les accusations<\/strong><\/p>\n<p>Devant les juges, les cinq hommes ont rejet\u00e9 les faits qui leur sont reproch\u00e9s. Les militaires ont notamment ni\u00e9 avoir entretenu des contacts avec les deux autres accus\u00e9s.<\/p>\n<p>Le minist\u00e8re public soutient toutefois que les cinq pr\u00e9venus se connaissaient et appartenaient \u00e0 un m\u00eame forum d\u00e9nomm\u00e9 \u00ab Dieu est grand \u00bb. Pour le parquet, les militaires auraient agi en toute connaissance de cause.<\/p>\n<p>\u00c0 l\u2019issue des d\u00e9bats, le procureur a requis cinq ans de prison ferme et deux millions de FCFA d\u2019amende pour chacun des cinq pr\u00e9venus. Il a \u00e9galement demand\u00e9 la confiscation et la destruction des produits saisis.<\/p>\n<p>De leur c\u00f4t\u00e9, les avocats de la d\u00e9fense ont plaid\u00e9 pour la lib\u00e9ration pure et simple de leurs clients.<\/p>\n<p>La CRIET a finalement renvoy\u00e9 l\u2019affaire au 8 octobre 2026, date \u00e0 laquelle les juges devraient poursuivre l\u2019examen du dossier.<\/p>\n<p>&nbsp;<\/p>\n<p>Gildas AHOGNI<\/p>\n","protected":false},"excerpt":{"rendered":"<p>&nbsp; Trois militaires comparaissent devant la CRIET pour avoir, selon le parquet sp\u00e9cial, intercept\u00e9 puis restitu\u00e9 des cargaisons de produits pharmaceutiques en \u00e9change d\u2019argent. Cinq pr\u00e9venus sont concern\u00e9s dans cette&hellip;<\/p>\n","protected":false},"author":5,"featured_media":23442,"comment_status":"open","ping_status":"open","sticky":false,"template":"","format":"standard","meta":{"content-type":"","om_disable_all_campaigns":false,"_monsterinsights_skip_tracking":false,"_uf_show_specific_survey":0,"_uf_disable_surveys":false,"footnotes":""},"categories":[20],"tags":[],"class_list":["post-23441","post","type-post","status-publish","format-standard","has-post-thumbnail","hentry","category-societe"],"aioseo_notices":[],"aioseo_head":"\n\t\t<!-- All in One SEO 5.0.1.1 - aioseo.com -->\n\t<meta name=\"description\" content=\"Trois militaires comparaissent devant la CRIET pour avoir, selon le parquet sp\u00e9cial, intercept\u00e9 puis restitu\u00e9 des cargaisons de produits pharmaceutiques en \u00e9change d\u2019argent. Cinq pr\u00e9venus sont concern\u00e9s dans cette affaire renvoy\u00e9e au 8 octobre 2026. Une affaire qui \u00e9clabousse l\u2019uniforme. Trois militaires sont poursuivis devant la Cour de r\u00e9pression des infractions \u00e9conomiques et du\" \/>\n\t<meta name=\"robots\" content=\"max-image-preview:large\" \/>\n\t<meta name=\"author\" content=\"Redaction\"\/>\n\t<link rel=\"canonical\" href=\"https:\/\/lepatriotebenin.com\/index.php\/2026\/08\/31\/trafic-de-produits-pharmaceutiques-des-militaires-accuses-de-monnayer-des-saisies\/\" \/>\n\t<meta name=\"generator\" content=\"All in One SEO (AIOSEO) 5.0.1.1\" \/>\n\t\t<meta property=\"og:locale\" content=\"fr_FR\" \/>\n\t\t<meta property=\"og:site_name\" content=\"Le Patriote - Le Patriote B\u00e9nin\" \/>\n\t\t<meta property=\"og:type\" content=\"article\" \/>\n\t\t<meta property=\"og:title\" content=\"Trafic de produits pharmaceutiques : Des militaires accus\u00e9s de monnayer des saisies - Le Patriote\" \/>\n\t\t<meta property=\"og:description\" content=\"Trois militaires comparaissent devant la CRIET pour avoir, selon le parquet sp\u00e9cial, intercept\u00e9 puis restitu\u00e9 des cargaisons de produits pharmaceutiques en \u00e9change d\u2019argent. Cinq pr\u00e9venus sont concern\u00e9s dans cette affaire renvoy\u00e9e au 8 octobre 2026. Une affaire qui \u00e9clabousse l\u2019uniforme. Trois militaires sont poursuivis devant la Cour de r\u00e9pression des infractions \u00e9conomiques et du\" \/>\n\t\t<meta property=\"og:url\" content=\"https:\/\/lepatriotebenin.com\/index.php\/2026\/08\/31\/trafic-de-produits-pharmaceutiques-des-militaires-accuses-de-monnayer-des-saisies\/\" \/>\n\t\t<meta property=\"article:published_time\" content=\"2026-08-31T20:17:29+00:00\" \/>\n\t\t<meta property=\"article:modified_time\" content=\"2026-08-31T20:17:29+00:00\" \/>\n\t\t<meta name=\"twitter:card\" content=\"summary_large_image\" \/>\n\t\t<meta name=\"twitter:title\" content=\"Trafic de produits pharmaceutiques : Des militaires accus\u00e9s de monnayer des saisies - Le Patriote\" \/>\n\t\t<meta name=\"twitter:description\" content=\"Trois militaires comparaissent devant la CRIET pour avoir, selon le parquet sp\u00e9cial, intercept\u00e9 puis restitu\u00e9 des cargaisons de produits pharmaceutiques en \u00e9change d\u2019argent. Cinq pr\u00e9venus sont concern\u00e9s dans cette affaire renvoy\u00e9e au 8 octobre 2026. Une affaire qui \u00e9clabousse l\u2019uniforme. Trois militaires sont poursuivis devant la Cour de r\u00e9pression des infractions \u00e9conomiques et du\" \/>\n\t\t<script type=\"application\/ld+json\" class=\"aioseo-schema\">\n\t\t\t{\"@context\":\"https:\\\/\\\/schema.org\",\"@graph\":[{\"@type\":\"BlogPosting\",\"@id\":\"https:\\\/\\\/lepatriotebenin.com\\\/index.php\\\/2026\\\/08\\\/31\\\/trafic-de-produits-pharmaceutiques-des-militaires-accuses-de-monnayer-des-saisies\\\/#blogposting\",\"name\":\"Trafic de produits pharmaceutiques : Des militaires accus\\u00e9s de monnayer des saisies - Le Patriote\",\"headline\":\"Trafic de produits pharmaceutiques : Des militaires accus\\u00e9s de monnayer des saisies\",\"author\":{\"@id\":\"https:\\\/\\\/lepatriotebenin.com#author\"},\"publisher\":{\"@id\":\"https:\\\/\\\/lepatriotebenin.com\\\/#organization\"},\"image\":{\"@type\":\"ImageObject\",\"url\":\"https:\\\/\\\/lepatriotebenin.com\\\/wp-content\\\/uploads\\\/2026\\\/08\\\/criet.png\",\"width\":1200,\"height\":675},\"datePublished\":\"2026-08-31T22:17:29+02:00\",\"dateModified\":\"2026-08-31T22:17:29+02:00\",\"inLanguage\":\"fr-FR\",\"mainEntityOfPage\":{\"@id\":\"https:\\\/\\\/lepatriotebenin.com\\\/index.php\\\/2026\\\/08\\\/31\\\/trafic-de-produits-pharmaceutiques-des-militaires-accuses-de-monnayer-des-saisies\\\/#webpage\"},\"isPartOf\":{\"@id\":\"https:\\\/\\\/lepatriotebenin.com\\\/index.php\\\/2026\\\/08\\\/31\\\/trafic-de-produits-pharmaceutiques-des-militaires-accuses-de-monnayer-des-saisies\\\/#webpage\"},\"articleSection\":\"Soci\\u00e9t\\u00e9\"},{\"@type\":\"BreadcrumbList\",\"@id\":\"https:\\\/\\\/lepatriotebenin.com\\\/index.php\\\/2026\\\/08\\\/31\\\/trafic-de-produits-pharmaceutiques-des-militaires-accuses-de-monnayer-des-saisies\\\/#breadcrumblist\",\"itemListElement\":[{\"@type\":\"ListItem\",\"@id\":\"https:\\\/\\\/lepatriotebenin.com#listItem\",\"position\":1,\"name\":\"Home\",\"item\":\"https:\\\/\\\/lepatriotebenin.com\",\"nextItem\":{\"@type\":\"ListItem\",\"@id\":\"https:\\\/\\\/lepatriotebenin.com\\\/index.php\\\/category\\\/societe\\\/#listItem\",\"name\":\"Soci\\u00e9t\\u00e9\"}},{\"@type\":\"ListItem\",\"@id\":\"https:\\\/\\\/lepatriotebenin.com\\\/index.php\\\/category\\\/societe\\\/#listItem\",\"position\":2,\"name\":\"Soci\\u00e9t\\u00e9\",\"item\":\"https:\\\/\\\/lepatriotebenin.com\\\/index.php\\\/category\\\/societe\\\/\",\"nextItem\":{\"@type\":\"ListItem\",\"@id\":\"https:\\\/\\\/lepatriotebenin.com\\\/index.php\\\/2026\\\/08\\\/31\\\/trafic-de-produits-pharmaceutiques-des-militaires-accuses-de-monnayer-des-saisies\\\/#listItem\",\"name\":\"Trafic de produits pharmaceutiques : Des militaires accus\\u00e9s de monnayer des saisies\"},\"previousItem\":{\"@type\":\"ListItem\",\"@id\":\"https:\\\/\\\/lepatriotebenin.com#listItem\",\"name\":\"Home\"}},{\"@type\":\"ListItem\",\"@id\":\"https:\\\/\\\/lepatriotebenin.com\\\/index.php\\\/2026\\\/08\\\/31\\\/trafic-de-produits-pharmaceutiques-des-militaires-accuses-de-monnayer-des-saisies\\\/#listItem\",\"position\":3,\"name\":\"Trafic de produits pharmaceutiques : Des militaires accus\\u00e9s de monnayer des saisies\",\"previousItem\":{\"@type\":\"ListItem\",\"@id\":\"https:\\\/\\\/lepatriotebenin.com\\\/index.php\\\/category\\\/societe\\\/#listItem\",\"name\":\"Soci\\u00e9t\\u00e9\"}}]},{\"@type\":\"Organization\",\"@id\":\"https:\\\/\\\/lepatriotebenin.com\\\/#organization\",\"name\":\"Le Patriote\",\"description\":\"Le Patriote B\\u00e9nin\",\"url\":\"https:\\\/\\\/lepatriotebenin.com\\\/\"},{\"@type\":\"Person\",\"@id\":\"https:\\\/\\\/lepatriotebenin.com#author\",\"url\":\"https:\\\/\\\/lepatriotebenin.com\",\"name\":\"Redaction\",\"image\":{\"@type\":\"ImageObject\",\"@id\":\"https:\\\/\\\/lepatriotebenin.com\\\/index.php\\\/2026\\\/08\\\/31\\\/trafic-de-produits-pharmaceutiques-des-militaires-accuses-de-monnayer-des-saisies\\\/#authorImage\",\"url\":\"https:\\\/\\\/secure.gravatar.com\\\/avatar\\\/c4c509357859ea2ca2cbb6d8812898a73e4ef1ef9934c2e591d7e32face734d1?s=96&d=mm&r=g\",\"width\":96,\"height\":96,\"caption\":\"Redaction\"}},{\"@type\":\"WebPage\",\"@id\":\"https:\\\/\\\/lepatriotebenin.com\\\/index.php\\\/2026\\\/08\\\/31\\\/trafic-de-produits-pharmaceutiques-des-militaires-accuses-de-monnayer-des-saisies\\\/#webpage\",\"url\":\"https:\\\/\\\/lepatriotebenin.com\\\/index.php\\\/2026\\\/08\\\/31\\\/trafic-de-produits-pharmaceutiques-des-militaires-accuses-de-monnayer-des-saisies\\\/\",\"name\":\"Trafic de produits pharmaceutiques : Des militaires accus\\u00e9s de monnayer des saisies - Le Patriote\",\"description\":\"Trois militaires comparaissent devant la CRIET pour avoir, selon le parquet sp\\u00e9cial, intercept\\u00e9 puis restitu\\u00e9 des cargaisons de produits pharmaceutiques en \\u00e9change d\\u2019argent. Cinq pr\\u00e9venus sont concern\\u00e9s dans cette affaire renvoy\\u00e9e au 8 octobre 2026. Une affaire qui \\u00e9clabousse l\\u2019uniforme. Trois militaires sont poursuivis devant la Cour de r\\u00e9pression des infractions \\u00e9conomiques et du\",\"inLanguage\":\"fr-FR\",\"isPartOf\":{\"@id\":\"https:\\\/\\\/lepatriotebenin.com\\\/#website\"},\"breadcrumb\":{\"@id\":\"https:\\\/\\\/lepatriotebenin.com\\\/index.php\\\/2026\\\/08\\\/31\\\/trafic-de-produits-pharmaceutiques-des-militaires-accuses-de-monnayer-des-saisies\\\/#breadcrumblist\"},\"author\":{\"@id\":\"https:\\\/\\\/lepatriotebenin.com#author\"},\"creator\":{\"@id\":\"https:\\\/\\\/lepatriotebenin.com#author\"},\"image\":{\"@type\":\"ImageObject\",\"url\":\"https:\\\/\\\/lepatriotebenin.com\\\/wp-content\\\/uploads\\\/2026\\\/08\\\/criet.png\",\"@id\":\"https:\\\/\\\/lepatriotebenin.com\\\/index.php\\\/2026\\\/08\\\/31\\\/trafic-de-produits-pharmaceutiques-des-militaires-accuses-de-monnayer-des-saisies\\\/#mainImage\",\"width\":1200,\"height\":675},\"primaryImageOfPage\":{\"@id\":\"https:\\\/\\\/lepatriotebenin.com\\\/index.php\\\/2026\\\/08\\\/31\\\/trafic-de-produits-pharmaceutiques-des-militaires-accuses-de-monnayer-des-saisies\\\/#mainImage\"},\"datePublished\":\"2026-08-31T22:17:29+02:00\",\"dateModified\":\"2026-08-31T22:17:29+02:00\"},{\"@type\":\"WebSite\",\"@id\":\"https:\\\/\\\/lepatriotebenin.com\\\/#website\",\"url\":\"https:\\\/\\\/lepatriotebenin.com\\\/\",\"name\":\"Le Patriote\",\"description\":\"Le Patriote B\\u00e9nin\",\"inLanguage\":\"fr-FR\",\"publisher\":{\"@id\":\"https:\\\/\\\/lepatriotebenin.com\\\/#organization\"}}]}\n\t\t<\/script>\n\t\t<!-- All in One SEO -->\n\n","aioseo_head_json":{"title":"Trafic de produits pharmaceutiques : Des militaires accus\u00e9s de monnayer des saisies - Le Patriote","description":"Trois militaires comparaissent devant la CRIET pour avoir, selon le parquet sp\u00e9cial, intercept\u00e9 puis restitu\u00e9 des cargaisons de produits pharmaceutiques en \u00e9change d\u2019argent. Cinq pr\u00e9venus sont concern\u00e9s dans cette affaire renvoy\u00e9e au 8 octobre 2026. Une affaire qui \u00e9clabousse l\u2019uniforme. Trois militaires sont poursuivis devant la Cour de r\u00e9pression des infractions \u00e9conomiques et du","canonical_url":"https:\/\/lepatriotebenin.com\/index.php\/2026\/08\/31\/trafic-de-produits-pharmaceutiques-des-militaires-accuses-de-monnayer-des-saisies\/","robots":"max-image-preview:large","keywords":"","webmasterTools":{"miscellaneous":""},"schema":{"@context":"https:\/\/schema.org","@graph":[{"@type":"BlogPosting","@id":"https:\/\/lepatriotebenin.com\/index.php\/2026\/08\/31\/trafic-de-produits-pharmaceutiques-des-militaires-accuses-de-monnayer-des-saisies\/#blogposting","name":"Trafic de produits pharmaceutiques : Des militaires accus\u00e9s de monnayer des saisies - Le Patriote","headline":"Trafic de produits pharmaceutiques : Des militaires accus\u00e9s de monnayer des saisies","author":{"@id":"https:\/\/lepatriotebenin.com#author"},"publisher":{"@id":"https:\/\/lepatriotebenin.com\/#organization"},"image":{"@type":"ImageObject","url":"https:\/\/lepatriotebenin.com\/wp-content\/uploads\/2026\/08\/criet.png","width":1200,"height":675},"datePublished":"2026-08-31T22:17:29+02:00","dateModified":"2026-08-31T22:17:29+02:00","inLanguage":"fr-FR","mainEntityOfPage":{"@id":"https:\/\/lepatriotebenin.com\/index.php\/2026\/08\/31\/trafic-de-produits-pharmaceutiques-des-militaires-accuses-de-monnayer-des-saisies\/#webpage"},"isPartOf":{"@id":"https:\/\/lepatriotebenin.com\/index.php\/2026\/08\/31\/trafic-de-produits-pharmaceutiques-des-militaires-accuses-de-monnayer-des-saisies\/#webpage"},"articleSection":"Soci\u00e9t\u00e9"},{"@type":"BreadcrumbList","@id":"https:\/\/lepatriotebenin.com\/index.php\/2026\/08\/31\/trafic-de-produits-pharmaceutiques-des-militaires-accuses-de-monnayer-des-saisies\/#breadcrumblist","itemListElement":[{"@type":"ListItem","@id":"https:\/\/lepatriotebenin.com#listItem","position":1,"name":"Home","item":"https:\/\/lepatriotebenin.com","nextItem":{"@type":"ListItem","@id":"https:\/\/lepatriotebenin.com\/index.php\/category\/societe\/#listItem","name":"Soci\u00e9t\u00e9"}},{"@type":"ListItem","@id":"https:\/\/lepatriotebenin.com\/index.php\/category\/societe\/#listItem","position":2,"name":"Soci\u00e9t\u00e9","item":"https:\/\/lepatriotebenin.com\/index.php\/category\/societe\/","nextItem":{"@type":"ListItem","@id":"https:\/\/lepatriotebenin.com\/index.php\/2026\/08\/31\/trafic-de-produits-pharmaceutiques-des-militaires-accuses-de-monnayer-des-saisies\/#listItem","name":"Trafic de produits pharmaceutiques : Des militaires accus\u00e9s de monnayer des saisies"},"previousItem":{"@type":"ListItem","@id":"https:\/\/lepatriotebenin.com#listItem","name":"Home"}},{"@type":"ListItem","@id":"https:\/\/lepatriotebenin.com\/index.php\/2026\/08\/31\/trafic-de-produits-pharmaceutiques-des-militaires-accuses-de-monnayer-des-saisies\/#listItem","position":3,"name":"Trafic de produits pharmaceutiques : Des militaires accus\u00e9s de monnayer des saisies","previousItem":{"@type":"ListItem","@id":"https:\/\/lepatriotebenin.com\/index.php\/category\/societe\/#listItem","name":"Soci\u00e9t\u00e9"}}]},{"@type":"Organization","@id":"https:\/\/lepatriotebenin.com\/#organization","name":"Le Patriote","description":"Le Patriote B\u00e9nin","url":"https:\/\/lepatriotebenin.com\/"},{"@type":"Person","@id":"https:\/\/lepatriotebenin.com#author","url":"https:\/\/lepatriotebenin.com","name":"Redaction","image":{"@type":"ImageObject","@id":"https:\/\/lepatriotebenin.com\/index.php\/2026\/08\/31\/trafic-de-produits-pharmaceutiques-des-militaires-accuses-de-monnayer-des-saisies\/#authorImage","url":"https:\/\/secure.gravatar.com\/avatar\/c4c509357859ea2ca2cbb6d8812898a73e4ef1ef9934c2e591d7e32face734d1?s=96&d=mm&r=g","width":96,"height":96,"caption":"Redaction"}},{"@type":"WebPage","@id":"https:\/\/lepatriotebenin.com\/index.php\/2026\/08\/31\/trafic-de-produits-pharmaceutiques-des-militaires-accuses-de-monnayer-des-saisies\/#webpage","url":"https:\/\/lepatriotebenin.com\/index.php\/2026\/08\/31\/trafic-de-produits-pharmaceutiques-des-militaires-accuses-de-monnayer-des-saisies\/","name":"Trafic de produits pharmaceutiques : Des militaires accus\u00e9s de monnayer des saisies - Le Patriote","description":"Trois militaires comparaissent devant la CRIET pour avoir, selon le parquet sp\u00e9cial, intercept\u00e9 puis restitu\u00e9 des cargaisons de produits pharmaceutiques en \u00e9change d\u2019argent. Cinq pr\u00e9venus sont concern\u00e9s dans cette affaire renvoy\u00e9e au 8 octobre 2026. Une affaire qui \u00e9clabousse l\u2019uniforme. Trois militaires sont poursuivis devant la Cour de r\u00e9pression des infractions \u00e9conomiques et du","inLanguage":"fr-FR","isPartOf":{"@id":"https:\/\/lepatriotebenin.com\/#website"},"breadcrumb":{"@id":"https:\/\/lepatriotebenin.com\/index.php\/2026\/08\/31\/trafic-de-produits-pharmaceutiques-des-militaires-accuses-de-monnayer-des-saisies\/#breadcrumblist"},"author":{"@id":"https:\/\/lepatriotebenin.com#author"},"creator":{"@id":"https:\/\/lepatriotebenin.com#author"},"image":{"@type":"ImageObject","url":"https:\/\/lepatriotebenin.com\/wp-content\/uploads\/2026\/08\/criet.png","@id":"https:\/\/lepatriotebenin.com\/index.php\/2026\/08\/31\/trafic-de-produits-pharmaceutiques-des-militaires-accuses-de-monnayer-des-saisies\/#mainImage","width":1200,"height":675},"primaryImageOfPage":{"@id":"https:\/\/lepatriotebenin.com\/index.php\/2026\/08\/31\/trafic-de-produits-pharmaceutiques-des-militaires-accuses-de-monnayer-des-saisies\/#mainImage"},"datePublished":"2026-08-31T22:17:29+02:00","dateModified":"2026-08-31T22:17:29+02:00"},{"@type":"WebSite","@id":"https:\/\/lepatriotebenin.com\/#website","url":"https:\/\/lepatriotebenin.com\/","name":"Le Patriote","description":"Le Patriote B\u00e9nin","inLanguage":"fr-FR","publisher":{"@id":"https:\/\/lepatriotebenin.com\/#organization"}}]},"og:locale":"fr_FR","og:site_name":"Le Patriote - Le Patriote B\u00e9nin","og:type":"article","og:title":"Trafic de produits pharmaceutiques : Des militaires accus\u00e9s de monnayer des saisies - Le Patriote","og:description":"Trois militaires comparaissent devant la CRIET pour avoir, selon le parquet sp\u00e9cial, intercept\u00e9 puis restitu\u00e9 des cargaisons de produits pharmaceutiques en \u00e9change d\u2019argent. Cinq pr\u00e9venus sont concern\u00e9s dans cette affaire renvoy\u00e9e au 8 octobre 2026. Une affaire qui \u00e9clabousse l\u2019uniforme. Trois militaires sont poursuivis devant la Cour de r\u00e9pression des infractions \u00e9conomiques et du","og:url":"https:\/\/lepatriotebenin.com\/index.php\/2026\/08\/31\/trafic-de-produits-pharmaceutiques-des-militaires-accuses-de-monnayer-des-saisies\/","article:published_time":"2026-08-31T20:17:29+00:00","article:modified_time":"2026-08-31T20:17:29+00:00","twitter:card":"summary_large_image","twitter:title":"Trafic de produits pharmaceutiques : Des militaires accus\u00e9s de monnayer des saisies - Le Patriote","twitter:description":"Trois militaires comparaissent devant la CRIET pour avoir, selon le parquet sp\u00e9cial, intercept\u00e9 puis restitu\u00e9 des cargaisons de produits pharmaceutiques en \u00e9change d\u2019argent. Cinq pr\u00e9venus sont concern\u00e9s dans cette affaire renvoy\u00e9e au 8 octobre 2026. Une affaire qui \u00e9clabousse l\u2019uniforme. Trois militaires sont poursuivis devant la Cour de r\u00e9pression des infractions \u00e9conomiques et du"},"aioseo_meta_data":{"post_id":"23441","title":null,"description":null,"keywords":null,"keyphrases":{"focus":{"keyphrase":"","score":0,"analysis":{"keyphraseInTitle":{"score":0,"maxScore":9,"error":1}}},"additional":[]},"primary_term":null,"canonical_url":null,"og_title":null,"og_description":null,"og_object_type":"default","og_image_type":"default","og_image_url":null,"og_image_width":null,"og_image_height":null,"og_image_custom_url":null,"og_image_custom_fields":null,"og_video":"","og_custom_url":null,"og_article_section":null,"og_article_tags":null,"twitter_use_og":false,"twitter_card":"default","twitter_image_type":"default","twitter_image_url":null,"twitter_image_custom_url":null,"twitter_image_custom_fields":null,"twitter_title":null,"twitter_description":null,"schema":{"blockGraphs":[],"customGraphs":[],"default":{"data":{"Article":[],"Course":[],"Dataset":[],"FAQPage":[],"Movie":[],"Person":[],"Product":[],"ProductReview":[],"Car":[],"Recipe":[],"Service":[],"SoftwareApplication":[],"WebPage":[]},"graphName":"BlogPosting","isEnabled":true},"graphs":[]},"schema_type":"default","schema_type_options":null,"pillar_content":false,"robots_default":true,"robots_noindex":false,"robots_noarchive":false,"robots_nosnippet":false,"robots_nofollow":false,"robots_noimageindex":false,"robots_noodp":false,"robots_notranslate":false,"robots_max_snippet":"-1","robots_max_videopreview":"-1","robots_max_imagepreview":"large","priority":null,"frequency":"default","local_seo":null,"breadcrumb_settings":null,"limit_modified_date":false,"ai":{"faqs":[],"keyPoints":[],"schemas":[],"titles":[],"descriptions":[],"socialPosts":{"email":{"subject":"","preview":"","content":""},"linkedin":[],"twitter":[],"facebook":[],"instagram":[]}},"created":"2026-08-31 20:17:30","updated":"2026-08-31 20:26:46","seo_analyzer_scan_date":null,"focus_keyword":null,"additional_keywords":null,"truseo_locale":null},"aioseo_breadcrumb":"<div class=\"aioseo-breadcrumbs\"><span class=\"aioseo-breadcrumb\">\n\t\t\t<a href=\"https:\/\/lepatriotebenin.com\" title=\"Home\">Home<\/a>\n\t\t<\/span><span class=\"aioseo-breadcrumb-separator\">&raquo;<\/span><span class=\"aioseo-breadcrumb\">\n\t\t\t<a href=\"https:\/\/lepatriotebenin.com\/index.php\/category\/societe\/\" title=\"Soci\u00e9t\u00e9\">Soci\u00e9t\u00e9<\/a>\n\t\t<\/span><span class=\"aioseo-breadcrumb-separator\">&raquo;<\/span><span class=\"aioseo-breadcrumb\">\n\t\t\tTrafic de produits pharmaceutiques : Des militaires accus\u00e9s de monnayer des saisies\n\t\t<\/span><\/div>","aioseo_breadcrumb_json":[{"label":"Home","link":"https:\/\/lepatriotebenin.com"},{"label":"Soci\u00e9t\u00e9","link":"https:\/\/lepatriotebenin.com\/index.php\/category\/societe\/"},{"label":"Trafic de produits pharmaceutiques : Des militaires accus\u00e9s de monnayer des saisies","link":"https:\/\/lepatriotebenin.com\/index.php\/2026\/08\/31\/trafic-de-produits-pharmaceutiques-des-militaires-accuses-de-monnayer-des-saisies\/"}],"yoast_head":"<!-- This site is optimized with the Yoast SEO plugin v28.3 - https:\/\/yoast.com\/product\/yoast-seo-wordpress\/ -->\n<title>Trafic de produits pharmaceutiques : Des militaires accus\u00e9s de monnayer des saisies - Le Patriote<\/title>\n<meta name=\"robots\" content=\"index, follow, max-snippet:-1, max-image-preview:large, max-video-preview:-1\" \/>\n<link rel=\"canonical\" href=\"https:\/\/lepatriotebenin.com\/index.php\/2026\/08\/31\/trafic-de-produits-pharmaceutiques-des-militaires-accuses-de-monnayer-des-saisies\/\" \/>\n<meta property=\"og:locale\" content=\"fr_FR\" \/>\n<meta property=\"og:type\" content=\"article\" \/>\n<meta property=\"og:title\" content=\"Trafic de produits pharmaceutiques : Des militaires accus\u00e9s de monnayer des saisies - Le Patriote\" \/>\n<meta property=\"og:description\" content=\"&nbsp; Trois militaires comparaissent devant la CRIET pour avoir, selon le parquet sp\u00e9cial, intercept\u00e9 puis restitu\u00e9 des cargaisons de produits pharmaceutiques en \u00e9change d\u2019argent. Cinq pr\u00e9venus sont concern\u00e9s dans cette&hellip;\" \/>\n<meta property=\"og:url\" content=\"https:\/\/lepatriotebenin.com\/index.php\/2026\/08\/31\/trafic-de-produits-pharmaceutiques-des-militaires-accuses-de-monnayer-des-saisies\/\" \/>\n<meta property=\"og:site_name\" content=\"Le Patriote\" \/>\n<meta property=\"article:published_time\" content=\"2026-08-31T20:17:29+00:00\" \/>\n<meta property=\"og:image\" content=\"https:\/\/lepatriotebenin.com\/wp-content\/uploads\/2026\/08\/criet.png\" \/>\n\t<meta property=\"og:image:width\" content=\"1200\" \/>\n\t<meta property=\"og:image:height\" content=\"675\" \/>\n\t<meta property=\"og:image:type\" content=\"image\/png\" \/>\n<meta name=\"author\" content=\"Redaction\" \/>\n<meta name=\"twitter:card\" content=\"summary_large_image\" \/>\n<meta name=\"twitter:label1\" content=\"\u00c9crit par\" \/>\n\t<meta name=\"twitter:data1\" content=\"Redaction\" \/>\n\t<meta name=\"twitter:label2\" content=\"Dur\u00e9e de lecture estim\u00e9e\" \/>\n\t<meta name=\"twitter:data2\" content=\"2 minutes\" \/>\n<script type=\"application\/ld+json\" class=\"yoast-schema-graph\">{\"@context\":\"https:\\\/\\\/schema.org\",\"@graph\":[{\"@type\":\"Article\",\"@id\":\"https:\\\/\\\/lepatriotebenin.com\\\/index.php\\\/2026\\\/08\\\/31\\\/trafic-de-produits-pharmaceutiques-des-militaires-accuses-de-monnayer-des-saisies\\\/#article\",\"isPartOf\":{\"@id\":\"https:\\\/\\\/lepatriotebenin.com\\\/index.php\\\/2026\\\/08\\\/31\\\/trafic-de-produits-pharmaceutiques-des-militaires-accuses-de-monnayer-des-saisies\\\/\"},\"author\":{\"name\":\"Redaction\",\"@id\":\"https:\\\/\\\/lepatriotebenin.com\\\/#\\\/schema\\\/person\\\/2e7709b9c9cc313e452d1136af61690f\"},\"headline\":\"Trafic de produits pharmaceutiques : Des militaires accus\u00e9s de monnayer des saisies\",\"datePublished\":\"2026-08-31T20:17:29+00:00\",\"mainEntityOfPage\":{\"@id\":\"https:\\\/\\\/lepatriotebenin.com\\\/index.php\\\/2026\\\/08\\\/31\\\/trafic-de-produits-pharmaceutiques-des-militaires-accuses-de-monnayer-des-saisies\\\/\"},\"wordCount\":306,\"commentCount\":0,\"image\":{\"@id\":\"https:\\\/\\\/lepatriotebenin.com\\\/index.php\\\/2026\\\/08\\\/31\\\/trafic-de-produits-pharmaceutiques-des-militaires-accuses-de-monnayer-des-saisies\\\/#primaryimage\"},\"thumbnailUrl\":\"https:\\\/\\\/lepatriotebenin.com\\\/wp-content\\\/uploads\\\/2026\\\/08\\\/criet.png\",\"articleSection\":[\"Soci\u00e9t\u00e9\"],\"inLanguage\":\"fr-FR\",\"potentialAction\":[{\"@type\":\"CommentAction\",\"name\":\"Comment\",\"target\":[\"https:\\\/\\\/lepatriotebenin.com\\\/index.php\\\/2026\\\/08\\\/31\\\/trafic-de-produits-pharmaceutiques-des-militaires-accuses-de-monnayer-des-saisies\\\/#respond\"]}]},{\"@type\":\"WebPage\",\"@id\":\"https:\\\/\\\/lepatriotebenin.com\\\/index.php\\\/2026\\\/08\\\/31\\\/trafic-de-produits-pharmaceutiques-des-militaires-accuses-de-monnayer-des-saisies\\\/\",\"url\":\"https:\\\/\\\/lepatriotebenin.com\\\/index.php\\\/2026\\\/08\\\/31\\\/trafic-de-produits-pharmaceutiques-des-militaires-accuses-de-monnayer-des-saisies\\\/\",\"name\":\"Trafic de produits pharmaceutiques : Des militaires accus\u00e9s de monnayer des saisies - Le Patriote\",\"isPartOf\":{\"@id\":\"https:\\\/\\\/lepatriotebenin.com\\\/#website\"},\"primaryImageOfPage\":{\"@id\":\"https:\\\/\\\/lepatriotebenin.com\\\/index.php\\\/2026\\\/08\\\/31\\\/trafic-de-produits-pharmaceutiques-des-militaires-accuses-de-monnayer-des-saisies\\\/#primaryimage\"},\"image\":{\"@id\":\"https:\\\/\\\/lepatriotebenin.com\\\/index.php\\\/2026\\\/08\\\/31\\\/trafic-de-produits-pharmaceutiques-des-militaires-accuses-de-monnayer-des-saisies\\\/#primaryimage\"},\"thumbnailUrl\":\"https:\\\/\\\/lepatriotebenin.com\\\/wp-content\\\/uploads\\\/2026\\\/08\\\/criet.png\",\"datePublished\":\"2026-08-31T20:17:29+00:00\",\"author\":{\"@id\":\"https:\\\/\\\/lepatriotebenin.com\\\/#\\\/schema\\\/person\\\/2e7709b9c9cc313e452d1136af61690f\"},\"breadcrumb\":{\"@id\":\"https:\\\/\\\/lepatriotebenin.com\\\/index.php\\\/2026\\\/08\\\/31\\\/trafic-de-produits-pharmaceutiques-des-militaires-accuses-de-monnayer-des-saisies\\\/#breadcrumb\"},\"inLanguage\":\"fr-FR\",\"potentialAction\":[{\"@type\":\"ReadAction\",\"target\":[\"https:\\\/\\\/lepatriotebenin.com\\\/index.php\\\/2026\\\/08\\\/31\\\/trafic-de-produits-pharmaceutiques-des-militaires-accuses-de-monnayer-des-saisies\\\/\"]}]},{\"@type\":\"ImageObject\",\"inLanguage\":\"fr-FR\",\"@id\":\"https:\\\/\\\/lepatriotebenin.com\\\/index.php\\\/2026\\\/08\\\/31\\\/trafic-de-produits-pharmaceutiques-des-militaires-accuses-de-monnayer-des-saisies\\\/#primaryimage\",\"url\":\"https:\\\/\\\/lepatriotebenin.com\\\/wp-content\\\/uploads\\\/2026\\\/08\\\/criet.png\",\"contentUrl\":\"https:\\\/\\\/lepatriotebenin.com\\\/wp-content\\\/uploads\\\/2026\\\/08\\\/criet.png\",\"width\":1200,\"height\":675},{\"@type\":\"BreadcrumbList\",\"@id\":\"https:\\\/\\\/lepatriotebenin.com\\\/index.php\\\/2026\\\/08\\\/31\\\/trafic-de-produits-pharmaceutiques-des-militaires-accuses-de-monnayer-des-saisies\\\/#breadcrumb\",\"itemListElement\":[{\"@type\":\"ListItem\",\"position\":1,\"name\":\"Accueil\",\"item\":\"https:\\\/\\\/lepatriotebenin.com\\\/\"},{\"@type\":\"ListItem\",\"position\":2,\"name\":\"Trafic de produits pharmaceutiques : Des militaires accus\u00e9s de monnayer des saisies\"}]},{\"@type\":\"WebSite\",\"@id\":\"https:\\\/\\\/lepatriotebenin.com\\\/#website\",\"url\":\"https:\\\/\\\/lepatriotebenin.com\\\/\",\"name\":\"Le Patriote\",\"description\":\"Le Patriote B\u00e9nin\",\"potentialAction\":[{\"@type\":\"SearchAction\",\"target\":{\"@type\":\"EntryPoint\",\"urlTemplate\":\"https:\\\/\\\/lepatriotebenin.com\\\/?s={search_term_string}\"},\"query-input\":{\"@type\":\"PropertyValueSpecification\",\"valueRequired\":true,\"valueName\":\"search_term_string\"}}],\"inLanguage\":\"fr-FR\"},{\"@type\":\"Person\",\"@id\":\"https:\\\/\\\/lepatriotebenin.com\\\/#\\\/schema\\\/person\\\/2e7709b9c9cc313e452d1136af61690f\",\"name\":\"Redaction\",\"image\":{\"@type\":\"ImageObject\",\"inLanguage\":\"fr-FR\",\"@id\":\"https:\\\/\\\/secure.gravatar.com\\\/avatar\\\/c4c509357859ea2ca2cbb6d8812898a73e4ef1ef9934c2e591d7e32face734d1?s=96&d=mm&r=g\",\"url\":\"https:\\\/\\\/secure.gravatar.com\\\/avatar\\\/c4c509357859ea2ca2cbb6d8812898a73e4ef1ef9934c2e591d7e32face734d1?s=96&d=mm&r=g\",\"contentUrl\":\"https:\\\/\\\/secure.gravatar.com\\\/avatar\\\/c4c509357859ea2ca2cbb6d8812898a73e4ef1ef9934c2e591d7e32face734d1?s=96&d=mm&r=g\",\"caption\":\"Redaction\"},\"url\":\"https:\\\/\\\/lepatriotebenin.com\"}]}<\/script>\n<!-- \/ Yoast SEO plugin. -->","yoast_head_json":{"title":"Trafic de produits pharmaceutiques : Des militaires accus\u00e9s de monnayer des saisies - Le Patriote","robots":{"index":"index","follow":"follow","max-snippet":"max-snippet:-1","max-image-preview":"max-image-preview:large","max-video-preview":"max-video-preview:-1"},"canonical":"https:\/\/lepatriotebenin.com\/index.php\/2026\/08\/31\/trafic-de-produits-pharmaceutiques-des-militaires-accuses-de-monnayer-des-saisies\/","og_locale":"fr_FR","og_type":"article","og_title":"Trafic de produits pharmaceutiques : Des militaires accus\u00e9s de monnayer des saisies - Le Patriote","og_description":"&nbsp; Trois militaires comparaissent devant la CRIET pour avoir, selon le parquet sp\u00e9cial, intercept\u00e9 puis restitu\u00e9 des cargaisons de produits pharmaceutiques en \u00e9change d\u2019argent. Cinq pr\u00e9venus sont concern\u00e9s dans cette&hellip;","og_url":"https:\/\/lepatriotebenin.com\/index.php\/2026\/08\/31\/trafic-de-produits-pharmaceutiques-des-militaires-accuses-de-monnayer-des-saisies\/","og_site_name":"Le Patriote","article_published_time":"2026-08-31T20:17:29+00:00","og_image":[{"width":1200,"height":675,"url":"https:\/\/lepatriotebenin.com\/wp-content\/uploads\/2026\/08\/criet.png","type":"image\/png"}],"author":"Redaction","twitter_card":"summary_large_image","twitter_misc":{"\u00c9crit par":"Redaction","Dur\u00e9e de lecture estim\u00e9e":"2 minutes"},"schema":{"@context":"https:\/\/schema.org","@graph":[{"@type":"Article","@id":"https:\/\/lepatriotebenin.com\/index.php\/2026\/08\/31\/trafic-de-produits-pharmaceutiques-des-militaires-accuses-de-monnayer-des-saisies\/#article","isPartOf":{"@id":"https:\/\/lepatriotebenin.com\/index.php\/2026\/08\/31\/trafic-de-produits-pharmaceutiques-des-militaires-accuses-de-monnayer-des-saisies\/"},"author":{"name":"Redaction","@id":"https:\/\/lepatriotebenin.com\/#\/schema\/person\/2e7709b9c9cc313e452d1136af61690f"},"headline":"Trafic de produits pharmaceutiques : Des militaires accus\u00e9s de monnayer des saisies","datePublished":"2026-08-31T20:17:29+00:00","mainEntityOfPage":{"@id":"https:\/\/lepatriotebenin.com\/index.php\/2026\/08\/31\/trafic-de-produits-pharmaceutiques-des-militaires-accuses-de-monnayer-des-saisies\/"},"wordCount":306,"commentCount":0,"image":{"@id":"https:\/\/lepatriotebenin.com\/index.php\/2026\/08\/31\/trafic-de-produits-pharmaceutiques-des-militaires-accuses-de-monnayer-des-saisies\/#primaryimage"},"thumbnailUrl":"https:\/\/lepatriotebenin.com\/wp-content\/uploads\/2026\/08\/criet.png","articleSection":["Soci\u00e9t\u00e9"],"inLanguage":"fr-FR","potentialAction":[{"@type":"CommentAction","name":"Comment","target":["https:\/\/lepatriotebenin.com\/index.php\/2026\/08\/31\/trafic-de-produits-pharmaceutiques-des-militaires-accuses-de-monnayer-des-saisies\/#respond"]}]},{"@type":"WebPage","@id":"https:\/\/lepatriotebenin.com\/index.php\/2026\/08\/31\/trafic-de-produits-pharmaceutiques-des-militaires-accuses-de-monnayer-des-saisies\/","url":"https:\/\/lepatriotebenin.com\/index.php\/2026\/08\/31\/trafic-de-produits-pharmaceutiques-des-militaires-accuses-de-monnayer-des-saisies\/","name":"Trafic de produits pharmaceutiques : Des militaires accus\u00e9s de monnayer des saisies - Le Patriote","isPartOf":{"@id":"https:\/\/lepatriotebenin.com\/#website"},"primaryImageOfPage":{"@id":"https:\/\/lepatriotebenin.com\/index.php\/2026\/08\/31\/trafic-de-produits-pharmaceutiques-des-militaires-accuses-de-monnayer-des-saisies\/#primaryimage"},"image":{"@id":"https:\/\/lepatriotebenin.com\/index.php\/2026\/08\/31\/trafic-de-produits-pharmaceutiques-des-militaires-accuses-de-monnayer-des-saisies\/#primaryimage"},"thumbnailUrl":"https:\/\/lepatriotebenin.com\/wp-content\/uploads\/2026\/08\/criet.png","datePublished":"2026-08-31T20:17:29+00:00","author":{"@id":"https:\/\/lepatriotebenin.com\/#\/schema\/person\/2e7709b9c9cc313e452d1136af61690f"},"breadcrumb":{"@id":"https:\/\/lepatriotebenin.com\/index.php\/2026\/08\/31\/trafic-de-produits-pharmaceutiques-des-militaires-accuses-de-monnayer-des-saisies\/#breadcrumb"},"inLanguage":"fr-FR","potentialAction":[{"@type":"ReadAction","target":["https:\/\/lepatriotebenin.com\/index.php\/2026\/08\/31\/trafic-de-produits-pharmaceutiques-des-militaires-accuses-de-monnayer-des-saisies\/"]}]},{"@type":"ImageObject","inLanguage":"fr-FR","@id":"https:\/\/lepatriotebenin.com\/index.php\/2026\/08\/31\/trafic-de-produits-pharmaceutiques-des-militaires-accuses-de-monnayer-des-saisies\/#primaryimage","url":"https:\/\/lepatriotebenin.com\/wp-content\/uploads\/2026\/08\/criet.png","contentUrl":"https:\/\/lepatriotebenin.com\/wp-content\/uploads\/2026\/08\/criet.png","width":1200,"height":675},{"@type":"BreadcrumbList","@id":"https:\/\/lepatriotebenin.com\/index.php\/2026\/08\/31\/trafic-de-produits-pharmaceutiques-des-militaires-accuses-de-monnayer-des-saisies\/#breadcrumb","itemListElement":[{"@type":"ListItem","position":1,"name":"Accueil","item":"https:\/\/lepatriotebenin.com\/"},{"@type":"ListItem","position":2,"name":"Trafic de produits pharmaceutiques : Des militaires accus\u00e9s de monnayer des saisies"}]},{"@type":"WebSite","@id":"https:\/\/lepatriotebenin.com\/#website","url":"https:\/\/lepatriotebenin.com\/","name":"Le Patriote","description":"Le Patriote B\u00e9nin","potentialAction":[{"@type":"SearchAction","target":{"@type":"EntryPoint","urlTemplate":"https:\/\/lepatriotebenin.com\/?s={search_term_string}"},"query-input":{"@type":"PropertyValueSpecification","valueRequired":true,"valueName":"search_term_string"}}],"inLanguage":"fr-FR"},{"@type":"Person","@id":"https:\/\/lepatriotebenin.com\/#\/schema\/person\/2e7709b9c9cc313e452d1136af61690f","name":"Redaction","image":{"@type":"ImageObject","inLanguage":"fr-FR","@id":"https:\/\/secure.gravatar.com\/avatar\/c4c509357859ea2ca2cbb6d8812898a73e4ef1ef9934c2e591d7e32face734d1?s=96&d=mm&r=g","url":"https:\/\/secure.gravatar.com\/avatar\/c4c509357859ea2ca2cbb6d8812898a73e4ef1ef9934c2e591d7e32face734d1?s=96&d=mm&r=g","contentUrl":"https:\/\/secure.gravatar.com\/avatar\/c4c509357859ea2ca2cbb6d8812898a73e4ef1ef9934c2e591d7e32face734d1?s=96&d=mm&r=g","caption":"Redaction"},"url":"https:\/\/lepatriotebenin.com"}]}},"_links":{"self":[{"href":"https:\/\/lepatriotebenin.com\/index.php\/wp-json\/wp\/v2\/posts\/23441","targetHints":{"allow":["GET"]}}],"collection":[{"href":"https:\/\/lepatriotebenin.com\/index.php\/wp-json\/wp\/v2\/posts"}],"about":[{"href":"https:\/\/lepatriotebenin.com\/index.php\/wp-json\/wp\/v2\/types\/post"}],"author":[{"embeddable":true,"href":"https:\/\/lepatriotebenin.com\/index.php\/wp-json\/wp\/v2\/users\/5"}],"replies":[{"embeddable":true,"href":"https:\/\/lepatriotebenin.com\/index.php\/wp-json\/wp\/v2\/comments?post=23441"}],"version-history":[{"count":1,"href":"https:\/\/lepatriotebenin.com\/index.php\/wp-json\/wp\/v2\/posts\/23441\/revisions"}],"predecessor-version":[{"id":23443,"href":"https:\/\/lepatriotebenin.com\/index.php\/wp-json\/wp\/v2\/posts\/23441\/revisions\/23443"}],"wp:featuredmedia":[{"embeddable":true,"href":"https:\/\/lepatriotebenin.com\/index.php\/wp-json\/wp\/v2\/media\/23442"}],"wp:attachment":[{"href":"https:\/\/lepatriotebenin.com\/index.php\/wp-json\/wp\/v2\/media?parent=23441"}],"wp:term":[{"taxonomy":"category","embeddable":true,"href":"https:\/\/lepatriotebenin.com\/index.php\/wp-json\/wp\/v2\/categories?post=23441"},{"taxonomy":"post_tag","embeddable":true,"href":"https:\/\/lepatriotebenin.com\/index.php\/wp-json\/wp\/v2\/tags?post=23441"}],"curies":[{"name":"wp","href":"https:\/\/api.w.org\/{rel}","templated":true}]}}