{"id":23438,"date":"2026-08-31T22:10:19","date_gmt":"2026-08-31T20:10:19","guid":{"rendered":"https:\/\/lepatriotebenin.com\/?p=23438"},"modified":"2026-08-31T22:10:19","modified_gmt":"2026-08-31T20:10:19","slug":"football-lionel-messi-prend-sa-retraite-internationale","status":"publish","type":"post","link":"https:\/\/lepatriotebenin.com\/index.php\/2026\/08\/31\/football-lionel-messi-prend-sa-retraite-internationale\/","title":{"rendered":"Football : Lionel Messi prend sa retraite internationale"},"content":{"rendered":"<p>&nbsp;<\/p>\n<p>\u00ab Apr\u00e8s cette p\u00e9riode &#8230;.que je prends ma retraite de l&rsquo;\u00e9quipe nationale\u00bb<\/p>\n<p>La star argentine, Lionel Messi vient d&rsquo;annoncer sa retraite internationale apr\u00e8s plusieurs ann\u00e9es. Selon la lettre, cet arr\u00eat intervient au lendemain de la Coupe du Monde et apr\u00e8s le d\u00e9c\u00e8s de son g\u00e9niteur. Lire l&rsquo;int\u00e9gralit\u00e9 de son message.<\/p>\n<p>\u00ab Apr\u00e8s cette p\u00e9riode qui s&rsquo;est \u00e9coul\u00e9e depuis la finale, en pensant \u00e0 cela beaucoup, je veux vous informer que je prends ma retraite de l&rsquo;\u00e9quipe nationale&#8230;<\/p>\n<p>C&rsquo;\u00e9tait une d\u00e9cision qui m&rsquo;a bless\u00e9 et qui me blesse encore dans l&rsquo;\u00e2me, mais je comprends que c&rsquo;est le moment. Je jure que j&rsquo;ai toujours donn\u00e9 tout, pas seulement les derni\u00e8res ann\u00e9es o\u00f9 j&rsquo;ai gagn\u00e9 tout avant, et j&rsquo;ai toujours combattu et donn\u00e9 tout pour cette d\u00e9coration, pour leur donner de la joie et leur faire se sentir fiers d&rsquo;\u00eatre Argentins par le football.<\/p>\n<p>Il ne reste plus grand-chose et les chapitres se ferment, et c&rsquo;est celui qui m&rsquo;a beaucoup bless\u00e9. J&rsquo;ai aim\u00e9, aim\u00e9, et j&rsquo;aimerai toujours \u00eatre dans l&rsquo;\u00e9quipe nationale. J&rsquo;ai vid\u00e9 mon \u00e9nergie, je n&rsquo;ai plus rien \u00e0 donner, et en plus, il y a de jeunes joueurs tr\u00e8s bons qui arrivent qui m\u00e9ritent d&rsquo;\u00eatre l\u00e0.<\/p>\n<p>Merci pour tout l&rsquo;amour que vous m&rsquo;avez accord\u00e9 ces 20 ans. Je vais manquer beaucoup de vos messages de l&rsquo;int\u00e9rieur. Maintenant, je serai l&rsquo;un d&rsquo;entre vous, toujours en train de soutenir et de encourager de l&rsquo;ext\u00e9rieur (bien comme mal), encore plus.<\/p>\n<p>Merci \u00e0 ma famille d&rsquo;avoir toujours \u00e9t\u00e9 l\u00e0, de m&rsquo;avoir accompagn\u00e9 dans ce beau mais difficile voyage. Merci \u00e0 chacun des entra\u00eeneurs, des co\u00e9quipiers et des dirigeants avec qui j&rsquo;ai eu la chance de partager. Je prends des souvenirs et des moments inoubliables v\u00e9cus.<\/p>\n<p>Je pars avec la paix et la fiert\u00e9 d&rsquo;avoir donn\u00e9 tout, avec mes co\u00e9quipiers, des moments de r\u00eave. C&rsquo;\u00e9tait fou de vivre cela avec vous. Je vous aime tous !<\/p>\n<p>Merci \u00e0 Dieu de m&rsquo;avoir fait Argentin.<\/p>\n<p>Allez l&rsquo;Argentine ! \u00bb<\/p>\n<p>Ces mots que j&rsquo;ai \u00e9crit le 21 juillet, deux jours apr\u00e8s la finale. Aujourd&rsquo;hui, apr\u00e8s ce qui est arriv\u00e9 \u00e0 mon p\u00e8re, je suis plus convaincu que avant.<\/p>\n","protected":false},"excerpt":{"rendered":"<p>&nbsp; \u00ab Apr\u00e8s cette p\u00e9riode &#8230;.que je prends ma retraite de l&rsquo;\u00e9quipe nationale\u00bb La star argentine, Lionel Messi vient d&rsquo;annoncer sa retraite internationale apr\u00e8s plusieurs ann\u00e9es. Selon la lettre, cet&hellip;<\/p>\n","protected":false},"author":5,"featured_media":23439,"comment_status":"open","ping_status":"open","sticky":false,"template":"","format":"standard","meta":{"content-type":"","om_disable_all_campaigns":false,"_monsterinsights_skip_tracking":false,"_uf_show_specific_survey":0,"_uf_disable_surveys":false,"footnotes":""},"categories":[8],"tags":[],"class_list":["post-23438","post","type-post","status-publish","format-standard","has-post-thumbnail","hentry","category-sport"],"aioseo_notices":[],"aioseo_head":"\n\t\t<!-- All in One SEO 5.0.1.1 - aioseo.com -->\n\t<meta name=\"description\" content=\"\u00ab Apr\u00e8s cette p\u00e9riode ....que je prends ma retraite de l&#039;\u00e9quipe nationale\u00bb La star argentine, Lionel Messi vient d&#039;annoncer sa retraite internationale apr\u00e8s plusieurs ann\u00e9es. Selon la lettre, cet arr\u00eat intervient au lendemain de la Coupe du Monde et apr\u00e8s le d\u00e9c\u00e8s de son g\u00e9niteur. Lire l&#039;int\u00e9gralit\u00e9 de son message. \u00ab Apr\u00e8s cette p\u00e9riode\" \/>\n\t<meta name=\"robots\" content=\"max-image-preview:large\" \/>\n\t<meta name=\"author\" content=\"Redaction\"\/>\n\t<link rel=\"canonical\" href=\"https:\/\/lepatriotebenin.com\/index.php\/2026\/08\/31\/football-lionel-messi-prend-sa-retraite-internationale\/\" \/>\n\t<meta name=\"generator\" content=\"All in One SEO (AIOSEO) 5.0.1.1\" \/>\n\t\t<meta property=\"og:locale\" content=\"fr_FR\" \/>\n\t\t<meta property=\"og:site_name\" content=\"Le Patriote - Le Patriote B\u00e9nin\" \/>\n\t\t<meta property=\"og:type\" content=\"article\" \/>\n\t\t<meta property=\"og:title\" content=\"Football : Lionel Messi prend sa retraite internationale - Le Patriote\" \/>\n\t\t<meta property=\"og:description\" content=\"\u00ab Apr\u00e8s cette p\u00e9riode ....que je prends ma retraite de l&#039;\u00e9quipe nationale\u00bb La star argentine, Lionel Messi vient d&#039;annoncer sa retraite internationale apr\u00e8s plusieurs ann\u00e9es. Selon la lettre, cet arr\u00eat intervient au lendemain de la Coupe du Monde et apr\u00e8s le d\u00e9c\u00e8s de son g\u00e9niteur. Lire l&#039;int\u00e9gralit\u00e9 de son message. \u00ab Apr\u00e8s cette p\u00e9riode\" \/>\n\t\t<meta property=\"og:url\" content=\"https:\/\/lepatriotebenin.com\/index.php\/2026\/08\/31\/football-lionel-messi-prend-sa-retraite-internationale\/\" \/>\n\t\t<meta property=\"article:published_time\" content=\"2026-08-31T20:10:19+00:00\" \/>\n\t\t<meta property=\"article:modified_time\" content=\"2026-08-31T20:10:19+00:00\" \/>\n\t\t<meta name=\"twitter:card\" content=\"summary_large_image\" \/>\n\t\t<meta name=\"twitter:title\" content=\"Football : Lionel Messi prend sa retraite internationale - Le Patriote\" \/>\n\t\t<meta name=\"twitter:description\" content=\"\u00ab Apr\u00e8s cette p\u00e9riode ....que je prends ma retraite de l&#039;\u00e9quipe nationale\u00bb La star argentine, Lionel Messi vient d&#039;annoncer sa retraite internationale apr\u00e8s plusieurs ann\u00e9es. Selon la lettre, cet arr\u00eat intervient au lendemain de la Coupe du Monde et apr\u00e8s le d\u00e9c\u00e8s de son g\u00e9niteur. Lire l&#039;int\u00e9gralit\u00e9 de son message. \u00ab Apr\u00e8s cette p\u00e9riode\" \/>\n\t\t<script type=\"application\/ld+json\" class=\"aioseo-schema\">\n\t\t\t{\"@context\":\"https:\\\/\\\/schema.org\",\"@graph\":[{\"@type\":\"BlogPosting\",\"@id\":\"https:\\\/\\\/lepatriotebenin.com\\\/index.php\\\/2026\\\/08\\\/31\\\/football-lionel-messi-prend-sa-retraite-internationale\\\/#blogposting\",\"name\":\"Football : Lionel Messi prend sa retraite internationale - Le Patriote\",\"headline\":\"Football : Lionel Messi prend sa retraite internationale\",\"author\":{\"@id\":\"https:\\\/\\\/lepatriotebenin.com#author\"},\"publisher\":{\"@id\":\"https:\\\/\\\/lepatriotebenin.com\\\/#organization\"},\"image\":{\"@type\":\"ImageObject\",\"url\":\"https:\\\/\\\/lepatriotebenin.com\\\/wp-content\\\/uploads\\\/2026\\\/08\\\/lionnel.jpg\",\"width\":700,\"height\":690},\"datePublished\":\"2026-08-31T22:10:19+02:00\",\"dateModified\":\"2026-08-31T22:10:19+02:00\",\"inLanguage\":\"fr-FR\",\"mainEntityOfPage\":{\"@id\":\"https:\\\/\\\/lepatriotebenin.com\\\/index.php\\\/2026\\\/08\\\/31\\\/football-lionel-messi-prend-sa-retraite-internationale\\\/#webpage\"},\"isPartOf\":{\"@id\":\"https:\\\/\\\/lepatriotebenin.com\\\/index.php\\\/2026\\\/08\\\/31\\\/football-lionel-messi-prend-sa-retraite-internationale\\\/#webpage\"},\"articleSection\":\"Sport\"},{\"@type\":\"BreadcrumbList\",\"@id\":\"https:\\\/\\\/lepatriotebenin.com\\\/index.php\\\/2026\\\/08\\\/31\\\/football-lionel-messi-prend-sa-retraite-internationale\\\/#breadcrumblist\",\"itemListElement\":[{\"@type\":\"ListItem\",\"@id\":\"https:\\\/\\\/lepatriotebenin.com#listItem\",\"position\":1,\"name\":\"Home\",\"item\":\"https:\\\/\\\/lepatriotebenin.com\",\"nextItem\":{\"@type\":\"ListItem\",\"@id\":\"https:\\\/\\\/lepatriotebenin.com\\\/index.php\\\/category\\\/sport\\\/#listItem\",\"name\":\"Sport\"}},{\"@type\":\"ListItem\",\"@id\":\"https:\\\/\\\/lepatriotebenin.com\\\/index.php\\\/category\\\/sport\\\/#listItem\",\"position\":2,\"name\":\"Sport\",\"item\":\"https:\\\/\\\/lepatriotebenin.com\\\/index.php\\\/category\\\/sport\\\/\",\"nextItem\":{\"@type\":\"ListItem\",\"@id\":\"https:\\\/\\\/lepatriotebenin.com\\\/index.php\\\/2026\\\/08\\\/31\\\/football-lionel-messi-prend-sa-retraite-internationale\\\/#listItem\",\"name\":\"Football : Lionel Messi prend sa retraite internationale\"},\"previousItem\":{\"@type\":\"ListItem\",\"@id\":\"https:\\\/\\\/lepatriotebenin.com#listItem\",\"name\":\"Home\"}},{\"@type\":\"ListItem\",\"@id\":\"https:\\\/\\\/lepatriotebenin.com\\\/index.php\\\/2026\\\/08\\\/31\\\/football-lionel-messi-prend-sa-retraite-internationale\\\/#listItem\",\"position\":3,\"name\":\"Football : Lionel Messi prend sa retraite internationale\",\"previousItem\":{\"@type\":\"ListItem\",\"@id\":\"https:\\\/\\\/lepatriotebenin.com\\\/index.php\\\/category\\\/sport\\\/#listItem\",\"name\":\"Sport\"}}]},{\"@type\":\"Organization\",\"@id\":\"https:\\\/\\\/lepatriotebenin.com\\\/#organization\",\"name\":\"Le Patriote\",\"description\":\"Le Patriote B\\u00e9nin\",\"url\":\"https:\\\/\\\/lepatriotebenin.com\\\/\"},{\"@type\":\"Person\",\"@id\":\"https:\\\/\\\/lepatriotebenin.com#author\",\"url\":\"https:\\\/\\\/lepatriotebenin.com\",\"name\":\"Redaction\",\"image\":{\"@type\":\"ImageObject\",\"@id\":\"https:\\\/\\\/lepatriotebenin.com\\\/index.php\\\/2026\\\/08\\\/31\\\/football-lionel-messi-prend-sa-retraite-internationale\\\/#authorImage\",\"url\":\"https:\\\/\\\/secure.gravatar.com\\\/avatar\\\/c4c509357859ea2ca2cbb6d8812898a73e4ef1ef9934c2e591d7e32face734d1?s=96&d=mm&r=g\",\"width\":96,\"height\":96,\"caption\":\"Redaction\"}},{\"@type\":\"WebPage\",\"@id\":\"https:\\\/\\\/lepatriotebenin.com\\\/index.php\\\/2026\\\/08\\\/31\\\/football-lionel-messi-prend-sa-retraite-internationale\\\/#webpage\",\"url\":\"https:\\\/\\\/lepatriotebenin.com\\\/index.php\\\/2026\\\/08\\\/31\\\/football-lionel-messi-prend-sa-retraite-internationale\\\/\",\"name\":\"Football : Lionel Messi prend sa retraite internationale - Le Patriote\",\"description\":\"\\u00ab Apr\\u00e8s cette p\\u00e9riode ....que je prends ma retraite de l'\\u00e9quipe nationale\\u00bb La star argentine, Lionel Messi vient d'annoncer sa retraite internationale apr\\u00e8s plusieurs ann\\u00e9es. Selon la lettre, cet arr\\u00eat intervient au lendemain de la Coupe du Monde et apr\\u00e8s le d\\u00e9c\\u00e8s de son g\\u00e9niteur. Lire l'int\\u00e9gralit\\u00e9 de son message. \\u00ab Apr\\u00e8s cette p\\u00e9riode\",\"inLanguage\":\"fr-FR\",\"isPartOf\":{\"@id\":\"https:\\\/\\\/lepatriotebenin.com\\\/#website\"},\"breadcrumb\":{\"@id\":\"https:\\\/\\\/lepatriotebenin.com\\\/index.php\\\/2026\\\/08\\\/31\\\/football-lionel-messi-prend-sa-retraite-internationale\\\/#breadcrumblist\"},\"author\":{\"@id\":\"https:\\\/\\\/lepatriotebenin.com#author\"},\"creator\":{\"@id\":\"https:\\\/\\\/lepatriotebenin.com#author\"},\"image\":{\"@type\":\"ImageObject\",\"url\":\"https:\\\/\\\/lepatriotebenin.com\\\/wp-content\\\/uploads\\\/2026\\\/08\\\/lionnel.jpg\",\"@id\":\"https:\\\/\\\/lepatriotebenin.com\\\/index.php\\\/2026\\\/08\\\/31\\\/football-lionel-messi-prend-sa-retraite-internationale\\\/#mainImage\",\"width\":700,\"height\":690},\"primaryImageOfPage\":{\"@id\":\"https:\\\/\\\/lepatriotebenin.com\\\/index.php\\\/2026\\\/08\\\/31\\\/football-lionel-messi-prend-sa-retraite-internationale\\\/#mainImage\"},\"datePublished\":\"2026-08-31T22:10:19+02:00\",\"dateModified\":\"2026-08-31T22:10:19+02:00\"},{\"@type\":\"WebSite\",\"@id\":\"https:\\\/\\\/lepatriotebenin.com\\\/#website\",\"url\":\"https:\\\/\\\/lepatriotebenin.com\\\/\",\"name\":\"Le Patriote\",\"description\":\"Le Patriote B\\u00e9nin\",\"inLanguage\":\"fr-FR\",\"publisher\":{\"@id\":\"https:\\\/\\\/lepatriotebenin.com\\\/#organization\"}}]}\n\t\t<\/script>\n\t\t<!-- All in One SEO -->\n\n","aioseo_head_json":{"title":"Football : Lionel Messi prend sa retraite internationale - Le Patriote","description":"\u00ab Apr\u00e8s cette p\u00e9riode ....que je prends ma retraite de l'\u00e9quipe nationale\u00bb La star argentine, Lionel Messi vient d'annoncer sa retraite internationale apr\u00e8s plusieurs ann\u00e9es. Selon la lettre, cet arr\u00eat intervient au lendemain de la Coupe du Monde et apr\u00e8s le d\u00e9c\u00e8s de son g\u00e9niteur. Lire l'int\u00e9gralit\u00e9 de son message. \u00ab Apr\u00e8s cette p\u00e9riode","canonical_url":"https:\/\/lepatriotebenin.com\/index.php\/2026\/08\/31\/football-lionel-messi-prend-sa-retraite-internationale\/","robots":"max-image-preview:large","keywords":"","webmasterTools":{"miscellaneous":""},"schema":{"@context":"https:\/\/schema.org","@graph":[{"@type":"BlogPosting","@id":"https:\/\/lepatriotebenin.com\/index.php\/2026\/08\/31\/football-lionel-messi-prend-sa-retraite-internationale\/#blogposting","name":"Football : Lionel Messi prend sa retraite internationale - Le Patriote","headline":"Football : Lionel Messi prend sa retraite internationale","author":{"@id":"https:\/\/lepatriotebenin.com#author"},"publisher":{"@id":"https:\/\/lepatriotebenin.com\/#organization"},"image":{"@type":"ImageObject","url":"https:\/\/lepatriotebenin.com\/wp-content\/uploads\/2026\/08\/lionnel.jpg","width":700,"height":690},"datePublished":"2026-08-31T22:10:19+02:00","dateModified":"2026-08-31T22:10:19+02:00","inLanguage":"fr-FR","mainEntityOfPage":{"@id":"https:\/\/lepatriotebenin.com\/index.php\/2026\/08\/31\/football-lionel-messi-prend-sa-retraite-internationale\/#webpage"},"isPartOf":{"@id":"https:\/\/lepatriotebenin.com\/index.php\/2026\/08\/31\/football-lionel-messi-prend-sa-retraite-internationale\/#webpage"},"articleSection":"Sport"},{"@type":"BreadcrumbList","@id":"https:\/\/lepatriotebenin.com\/index.php\/2026\/08\/31\/football-lionel-messi-prend-sa-retraite-internationale\/#breadcrumblist","itemListElement":[{"@type":"ListItem","@id":"https:\/\/lepatriotebenin.com#listItem","position":1,"name":"Home","item":"https:\/\/lepatriotebenin.com","nextItem":{"@type":"ListItem","@id":"https:\/\/lepatriotebenin.com\/index.php\/category\/sport\/#listItem","name":"Sport"}},{"@type":"ListItem","@id":"https:\/\/lepatriotebenin.com\/index.php\/category\/sport\/#listItem","position":2,"name":"Sport","item":"https:\/\/lepatriotebenin.com\/index.php\/category\/sport\/","nextItem":{"@type":"ListItem","@id":"https:\/\/lepatriotebenin.com\/index.php\/2026\/08\/31\/football-lionel-messi-prend-sa-retraite-internationale\/#listItem","name":"Football : Lionel Messi prend sa retraite internationale"},"previousItem":{"@type":"ListItem","@id":"https:\/\/lepatriotebenin.com#listItem","name":"Home"}},{"@type":"ListItem","@id":"https:\/\/lepatriotebenin.com\/index.php\/2026\/08\/31\/football-lionel-messi-prend-sa-retraite-internationale\/#listItem","position":3,"name":"Football : Lionel Messi prend sa retraite internationale","previousItem":{"@type":"ListItem","@id":"https:\/\/lepatriotebenin.com\/index.php\/category\/sport\/#listItem","name":"Sport"}}]},{"@type":"Organization","@id":"https:\/\/lepatriotebenin.com\/#organization","name":"Le Patriote","description":"Le Patriote B\u00e9nin","url":"https:\/\/lepatriotebenin.com\/"},{"@type":"Person","@id":"https:\/\/lepatriotebenin.com#author","url":"https:\/\/lepatriotebenin.com","name":"Redaction","image":{"@type":"ImageObject","@id":"https:\/\/lepatriotebenin.com\/index.php\/2026\/08\/31\/football-lionel-messi-prend-sa-retraite-internationale\/#authorImage","url":"https:\/\/secure.gravatar.com\/avatar\/c4c509357859ea2ca2cbb6d8812898a73e4ef1ef9934c2e591d7e32face734d1?s=96&d=mm&r=g","width":96,"height":96,"caption":"Redaction"}},{"@type":"WebPage","@id":"https:\/\/lepatriotebenin.com\/index.php\/2026\/08\/31\/football-lionel-messi-prend-sa-retraite-internationale\/#webpage","url":"https:\/\/lepatriotebenin.com\/index.php\/2026\/08\/31\/football-lionel-messi-prend-sa-retraite-internationale\/","name":"Football : Lionel Messi prend sa retraite internationale - Le Patriote","description":"\u00ab Apr\u00e8s cette p\u00e9riode ....que je prends ma retraite de l'\u00e9quipe nationale\u00bb La star argentine, Lionel Messi vient d'annoncer sa retraite internationale apr\u00e8s plusieurs ann\u00e9es. Selon la lettre, cet arr\u00eat intervient au lendemain de la Coupe du Monde et apr\u00e8s le d\u00e9c\u00e8s de son g\u00e9niteur. Lire l'int\u00e9gralit\u00e9 de son message. \u00ab Apr\u00e8s cette p\u00e9riode","inLanguage":"fr-FR","isPartOf":{"@id":"https:\/\/lepatriotebenin.com\/#website"},"breadcrumb":{"@id":"https:\/\/lepatriotebenin.com\/index.php\/2026\/08\/31\/football-lionel-messi-prend-sa-retraite-internationale\/#breadcrumblist"},"author":{"@id":"https:\/\/lepatriotebenin.com#author"},"creator":{"@id":"https:\/\/lepatriotebenin.com#author"},"image":{"@type":"ImageObject","url":"https:\/\/lepatriotebenin.com\/wp-content\/uploads\/2026\/08\/lionnel.jpg","@id":"https:\/\/lepatriotebenin.com\/index.php\/2026\/08\/31\/football-lionel-messi-prend-sa-retraite-internationale\/#mainImage","width":700,"height":690},"primaryImageOfPage":{"@id":"https:\/\/lepatriotebenin.com\/index.php\/2026\/08\/31\/football-lionel-messi-prend-sa-retraite-internationale\/#mainImage"},"datePublished":"2026-08-31T22:10:19+02:00","dateModified":"2026-08-31T22:10:19+02:00"},{"@type":"WebSite","@id":"https:\/\/lepatriotebenin.com\/#website","url":"https:\/\/lepatriotebenin.com\/","name":"Le Patriote","description":"Le Patriote B\u00e9nin","inLanguage":"fr-FR","publisher":{"@id":"https:\/\/lepatriotebenin.com\/#organization"}}]},"og:locale":"fr_FR","og:site_name":"Le Patriote - Le Patriote B\u00e9nin","og:type":"article","og:title":"Football : Lionel Messi prend sa retraite internationale - Le Patriote","og:description":"\u00ab Apr\u00e8s cette p\u00e9riode ....que je prends ma retraite de l'\u00e9quipe nationale\u00bb La star argentine, Lionel Messi vient d'annoncer sa retraite internationale apr\u00e8s plusieurs ann\u00e9es. Selon la lettre, cet arr\u00eat intervient au lendemain de la Coupe du Monde et apr\u00e8s le d\u00e9c\u00e8s de son g\u00e9niteur. Lire l'int\u00e9gralit\u00e9 de son message. \u00ab Apr\u00e8s cette p\u00e9riode","og:url":"https:\/\/lepatriotebenin.com\/index.php\/2026\/08\/31\/football-lionel-messi-prend-sa-retraite-internationale\/","article:published_time":"2026-08-31T20:10:19+00:00","article:modified_time":"2026-08-31T20:10:19+00:00","twitter:card":"summary_large_image","twitter:title":"Football : Lionel Messi prend sa retraite internationale - Le Patriote","twitter:description":"\u00ab Apr\u00e8s cette p\u00e9riode ....que je prends ma retraite de l'\u00e9quipe nationale\u00bb La star argentine, Lionel Messi vient d'annoncer sa retraite internationale apr\u00e8s plusieurs ann\u00e9es. Selon la lettre, cet arr\u00eat intervient au lendemain de la Coupe du Monde et apr\u00e8s le d\u00e9c\u00e8s de son g\u00e9niteur. Lire l'int\u00e9gralit\u00e9 de son message. \u00ab Apr\u00e8s cette p\u00e9riode"},"aioseo_meta_data":{"post_id":"23438","title":null,"description":null,"keywords":null,"keyphrases":{"focus":{"keyphrase":"","score":0,"analysis":{"keyphraseInTitle":{"score":0,"maxScore":9,"error":1}}},"additional":[]},"primary_term":null,"canonical_url":null,"og_title":null,"og_description":null,"og_object_type":"default","og_image_type":"default","og_image_url":null,"og_image_width":null,"og_image_height":null,"og_image_custom_url":null,"og_image_custom_fields":null,"og_video":"","og_custom_url":null,"og_article_section":null,"og_article_tags":null,"twitter_use_og":false,"twitter_card":"default","twitter_image_type":"default","twitter_image_url":null,"twitter_image_custom_url":null,"twitter_image_custom_fields":null,"twitter_title":null,"twitter_description":null,"schema":{"blockGraphs":[],"customGraphs":[],"default":{"data":{"Article":[],"Course":[],"Dataset":[],"FAQPage":[],"Movie":[],"Person":[],"Product":[],"ProductReview":[],"Car":[],"Recipe":[],"Service":[],"SoftwareApplication":[],"WebPage":[]},"graphName":"BlogPosting","isEnabled":true},"graphs":[]},"schema_type":"default","schema_type_options":null,"pillar_content":false,"robots_default":true,"robots_noindex":false,"robots_noarchive":false,"robots_nosnippet":false,"robots_nofollow":false,"robots_noimageindex":false,"robots_noodp":false,"robots_notranslate":false,"robots_max_snippet":"-1","robots_max_videopreview":"-1","robots_max_imagepreview":"large","priority":null,"frequency":"default","local_seo":null,"breadcrumb_settings":null,"limit_modified_date":false,"ai":{"faqs":[],"keyPoints":[],"schemas":[],"titles":[],"descriptions":[],"socialPosts":{"email":{"subject":"","preview":"","content":""},"linkedin":[],"twitter":[],"facebook":[],"instagram":[]}},"created":"2026-08-31 20:10:19","updated":"2026-08-31 20:26:46","seo_analyzer_scan_date":null,"focus_keyword":null,"additional_keywords":null,"truseo_locale":null},"aioseo_breadcrumb":"<div class=\"aioseo-breadcrumbs\"><span class=\"aioseo-breadcrumb\">\n\t\t\t<a href=\"https:\/\/lepatriotebenin.com\" title=\"Home\">Home<\/a>\n\t\t<\/span><span class=\"aioseo-breadcrumb-separator\">&raquo;<\/span><span class=\"aioseo-breadcrumb\">\n\t\t\t<a href=\"https:\/\/lepatriotebenin.com\/index.php\/category\/sport\/\" title=\"Sport\">Sport<\/a>\n\t\t<\/span><span class=\"aioseo-breadcrumb-separator\">&raquo;<\/span><span class=\"aioseo-breadcrumb\">\n\t\t\tFootball : Lionel Messi prend sa retraite internationale\n\t\t<\/span><\/div>","aioseo_breadcrumb_json":[{"label":"Home","link":"https:\/\/lepatriotebenin.com"},{"label":"Sport","link":"https:\/\/lepatriotebenin.com\/index.php\/category\/sport\/"},{"label":"Football : Lionel Messi prend sa retraite internationale","link":"https:\/\/lepatriotebenin.com\/index.php\/2026\/08\/31\/football-lionel-messi-prend-sa-retraite-internationale\/"}],"yoast_head":"<!-- This site is optimized with the Yoast SEO plugin v28.3 - https:\/\/yoast.com\/product\/yoast-seo-wordpress\/ -->\n<title>Football : Lionel Messi prend sa retraite internationale - Le Patriote<\/title>\n<meta name=\"robots\" content=\"index, follow, max-snippet:-1, max-image-preview:large, max-video-preview:-1\" \/>\n<link rel=\"canonical\" href=\"https:\/\/lepatriotebenin.com\/index.php\/2026\/08\/31\/football-lionel-messi-prend-sa-retraite-internationale\/\" \/>\n<meta property=\"og:locale\" content=\"fr_FR\" \/>\n<meta property=\"og:type\" content=\"article\" \/>\n<meta property=\"og:title\" content=\"Football : Lionel Messi prend sa retraite internationale - Le Patriote\" \/>\n<meta property=\"og:description\" content=\"&nbsp; \u00ab Apr\u00e8s cette p\u00e9riode &#8230;.que je prends ma retraite de l&rsquo;\u00e9quipe nationale\u00bb La star argentine, Lionel Messi vient d&rsquo;annoncer sa retraite internationale apr\u00e8s plusieurs ann\u00e9es. Selon la lettre, cet&hellip;\" \/>\n<meta property=\"og:url\" content=\"https:\/\/lepatriotebenin.com\/index.php\/2026\/08\/31\/football-lionel-messi-prend-sa-retraite-internationale\/\" \/>\n<meta property=\"og:site_name\" content=\"Le Patriote\" \/>\n<meta property=\"article:published_time\" content=\"2026-08-31T20:10:19+00:00\" \/>\n<meta property=\"og:image\" content=\"https:\/\/lepatriotebenin.com\/wp-content\/uploads\/2026\/08\/lionnel.jpg\" \/>\n\t<meta property=\"og:image:width\" content=\"700\" \/>\n\t<meta property=\"og:image:height\" content=\"690\" \/>\n\t<meta property=\"og:image:type\" content=\"image\/jpeg\" \/>\n<meta name=\"author\" content=\"Redaction\" \/>\n<meta name=\"twitter:card\" content=\"summary_large_image\" \/>\n<meta name=\"twitter:label1\" content=\"\u00c9crit par\" \/>\n\t<meta name=\"twitter:data1\" content=\"Redaction\" \/>\n\t<meta name=\"twitter:label2\" content=\"Dur\u00e9e de lecture estim\u00e9e\" \/>\n\t<meta name=\"twitter:data2\" content=\"2 minutes\" \/>\n<script type=\"application\/ld+json\" class=\"yoast-schema-graph\">{\"@context\":\"https:\\\/\\\/schema.org\",\"@graph\":[{\"@type\":\"Article\",\"@id\":\"https:\\\/\\\/lepatriotebenin.com\\\/index.php\\\/2026\\\/08\\\/31\\\/football-lionel-messi-prend-sa-retraite-internationale\\\/#article\",\"isPartOf\":{\"@id\":\"https:\\\/\\\/lepatriotebenin.com\\\/index.php\\\/2026\\\/08\\\/31\\\/football-lionel-messi-prend-sa-retraite-internationale\\\/\"},\"author\":{\"name\":\"Redaction\",\"@id\":\"https:\\\/\\\/lepatriotebenin.com\\\/#\\\/schema\\\/person\\\/2e7709b9c9cc313e452d1136af61690f\"},\"headline\":\"Football : Lionel Messi prend sa retraite internationale\",\"datePublished\":\"2026-08-31T20:10:19+00:00\",\"mainEntityOfPage\":{\"@id\":\"https:\\\/\\\/lepatriotebenin.com\\\/index.php\\\/2026\\\/08\\\/31\\\/football-lionel-messi-prend-sa-retraite-internationale\\\/\"},\"wordCount\":409,\"commentCount\":0,\"image\":{\"@id\":\"https:\\\/\\\/lepatriotebenin.com\\\/index.php\\\/2026\\\/08\\\/31\\\/football-lionel-messi-prend-sa-retraite-internationale\\\/#primaryimage\"},\"thumbnailUrl\":\"https:\\\/\\\/lepatriotebenin.com\\\/wp-content\\\/uploads\\\/2026\\\/08\\\/lionnel.jpg\",\"articleSection\":[\"Sport\"],\"inLanguage\":\"fr-FR\",\"potentialAction\":[{\"@type\":\"CommentAction\",\"name\":\"Comment\",\"target\":[\"https:\\\/\\\/lepatriotebenin.com\\\/index.php\\\/2026\\\/08\\\/31\\\/football-lionel-messi-prend-sa-retraite-internationale\\\/#respond\"]}]},{\"@type\":\"WebPage\",\"@id\":\"https:\\\/\\\/lepatriotebenin.com\\\/index.php\\\/2026\\\/08\\\/31\\\/football-lionel-messi-prend-sa-retraite-internationale\\\/\",\"url\":\"https:\\\/\\\/lepatriotebenin.com\\\/index.php\\\/2026\\\/08\\\/31\\\/football-lionel-messi-prend-sa-retraite-internationale\\\/\",\"name\":\"Football : Lionel Messi prend sa retraite internationale - Le Patriote\",\"isPartOf\":{\"@id\":\"https:\\\/\\\/lepatriotebenin.com\\\/#website\"},\"primaryImageOfPage\":{\"@id\":\"https:\\\/\\\/lepatriotebenin.com\\\/index.php\\\/2026\\\/08\\\/31\\\/football-lionel-messi-prend-sa-retraite-internationale\\\/#primaryimage\"},\"image\":{\"@id\":\"https:\\\/\\\/lepatriotebenin.com\\\/index.php\\\/2026\\\/08\\\/31\\\/football-lionel-messi-prend-sa-retraite-internationale\\\/#primaryimage\"},\"thumbnailUrl\":\"https:\\\/\\\/lepatriotebenin.com\\\/wp-content\\\/uploads\\\/2026\\\/08\\\/lionnel.jpg\",\"datePublished\":\"2026-08-31T20:10:19+00:00\",\"author\":{\"@id\":\"https:\\\/\\\/lepatriotebenin.com\\\/#\\\/schema\\\/person\\\/2e7709b9c9cc313e452d1136af61690f\"},\"breadcrumb\":{\"@id\":\"https:\\\/\\\/lepatriotebenin.com\\\/index.php\\\/2026\\\/08\\\/31\\\/football-lionel-messi-prend-sa-retraite-internationale\\\/#breadcrumb\"},\"inLanguage\":\"fr-FR\",\"potentialAction\":[{\"@type\":\"ReadAction\",\"target\":[\"https:\\\/\\\/lepatriotebenin.com\\\/index.php\\\/2026\\\/08\\\/31\\\/football-lionel-messi-prend-sa-retraite-internationale\\\/\"]}]},{\"@type\":\"ImageObject\",\"inLanguage\":\"fr-FR\",\"@id\":\"https:\\\/\\\/lepatriotebenin.com\\\/index.php\\\/2026\\\/08\\\/31\\\/football-lionel-messi-prend-sa-retraite-internationale\\\/#primaryimage\",\"url\":\"https:\\\/\\\/lepatriotebenin.com\\\/wp-content\\\/uploads\\\/2026\\\/08\\\/lionnel.jpg\",\"contentUrl\":\"https:\\\/\\\/lepatriotebenin.com\\\/wp-content\\\/uploads\\\/2026\\\/08\\\/lionnel.jpg\",\"width\":700,\"height\":690},{\"@type\":\"BreadcrumbList\",\"@id\":\"https:\\\/\\\/lepatriotebenin.com\\\/index.php\\\/2026\\\/08\\\/31\\\/football-lionel-messi-prend-sa-retraite-internationale\\\/#breadcrumb\",\"itemListElement\":[{\"@type\":\"ListItem\",\"position\":1,\"name\":\"Accueil\",\"item\":\"https:\\\/\\\/lepatriotebenin.com\\\/\"},{\"@type\":\"ListItem\",\"position\":2,\"name\":\"Football : Lionel Messi prend sa retraite internationale\"}]},{\"@type\":\"WebSite\",\"@id\":\"https:\\\/\\\/lepatriotebenin.com\\\/#website\",\"url\":\"https:\\\/\\\/lepatriotebenin.com\\\/\",\"name\":\"Le Patriote\",\"description\":\"Le Patriote B\u00e9nin\",\"potentialAction\":[{\"@type\":\"SearchAction\",\"target\":{\"@type\":\"EntryPoint\",\"urlTemplate\":\"https:\\\/\\\/lepatriotebenin.com\\\/?s={search_term_string}\"},\"query-input\":{\"@type\":\"PropertyValueSpecification\",\"valueRequired\":true,\"valueName\":\"search_term_string\"}}],\"inLanguage\":\"fr-FR\"},{\"@type\":\"Person\",\"@id\":\"https:\\\/\\\/lepatriotebenin.com\\\/#\\\/schema\\\/person\\\/2e7709b9c9cc313e452d1136af61690f\",\"name\":\"Redaction\",\"image\":{\"@type\":\"ImageObject\",\"inLanguage\":\"fr-FR\",\"@id\":\"https:\\\/\\\/secure.gravatar.com\\\/avatar\\\/c4c509357859ea2ca2cbb6d8812898a73e4ef1ef9934c2e591d7e32face734d1?s=96&d=mm&r=g\",\"url\":\"https:\\\/\\\/secure.gravatar.com\\\/avatar\\\/c4c509357859ea2ca2cbb6d8812898a73e4ef1ef9934c2e591d7e32face734d1?s=96&d=mm&r=g\",\"contentUrl\":\"https:\\\/\\\/secure.gravatar.com\\\/avatar\\\/c4c509357859ea2ca2cbb6d8812898a73e4ef1ef9934c2e591d7e32face734d1?s=96&d=mm&r=g\",\"caption\":\"Redaction\"},\"url\":\"https:\\\/\\\/lepatriotebenin.com\"}]}<\/script>\n<!-- \/ Yoast SEO plugin. -->","yoast_head_json":{"title":"Football : Lionel Messi prend sa retraite internationale - Le Patriote","robots":{"index":"index","follow":"follow","max-snippet":"max-snippet:-1","max-image-preview":"max-image-preview:large","max-video-preview":"max-video-preview:-1"},"canonical":"https:\/\/lepatriotebenin.com\/index.php\/2026\/08\/31\/football-lionel-messi-prend-sa-retraite-internationale\/","og_locale":"fr_FR","og_type":"article","og_title":"Football : Lionel Messi prend sa retraite internationale - Le Patriote","og_description":"&nbsp; \u00ab Apr\u00e8s cette p\u00e9riode &#8230;.que je prends ma retraite de l&rsquo;\u00e9quipe nationale\u00bb La star argentine, Lionel Messi vient d&rsquo;annoncer sa retraite internationale apr\u00e8s plusieurs ann\u00e9es. Selon la lettre, cet&hellip;","og_url":"https:\/\/lepatriotebenin.com\/index.php\/2026\/08\/31\/football-lionel-messi-prend-sa-retraite-internationale\/","og_site_name":"Le Patriote","article_published_time":"2026-08-31T20:10:19+00:00","og_image":[{"width":700,"height":690,"url":"https:\/\/lepatriotebenin.com\/wp-content\/uploads\/2026\/08\/lionnel.jpg","type":"image\/jpeg"}],"author":"Redaction","twitter_card":"summary_large_image","twitter_misc":{"\u00c9crit par":"Redaction","Dur\u00e9e de lecture estim\u00e9e":"2 minutes"},"schema":{"@context":"https:\/\/schema.org","@graph":[{"@type":"Article","@id":"https:\/\/lepatriotebenin.com\/index.php\/2026\/08\/31\/football-lionel-messi-prend-sa-retraite-internationale\/#article","isPartOf":{"@id":"https:\/\/lepatriotebenin.com\/index.php\/2026\/08\/31\/football-lionel-messi-prend-sa-retraite-internationale\/"},"author":{"name":"Redaction","@id":"https:\/\/lepatriotebenin.com\/#\/schema\/person\/2e7709b9c9cc313e452d1136af61690f"},"headline":"Football : Lionel Messi prend sa retraite internationale","datePublished":"2026-08-31T20:10:19+00:00","mainEntityOfPage":{"@id":"https:\/\/lepatriotebenin.com\/index.php\/2026\/08\/31\/football-lionel-messi-prend-sa-retraite-internationale\/"},"wordCount":409,"commentCount":0,"image":{"@id":"https:\/\/lepatriotebenin.com\/index.php\/2026\/08\/31\/football-lionel-messi-prend-sa-retraite-internationale\/#primaryimage"},"thumbnailUrl":"https:\/\/lepatriotebenin.com\/wp-content\/uploads\/2026\/08\/lionnel.jpg","articleSection":["Sport"],"inLanguage":"fr-FR","potentialAction":[{"@type":"CommentAction","name":"Comment","target":["https:\/\/lepatriotebenin.com\/index.php\/2026\/08\/31\/football-lionel-messi-prend-sa-retraite-internationale\/#respond"]}]},{"@type":"WebPage","@id":"https:\/\/lepatriotebenin.com\/index.php\/2026\/08\/31\/football-lionel-messi-prend-sa-retraite-internationale\/","url":"https:\/\/lepatriotebenin.com\/index.php\/2026\/08\/31\/football-lionel-messi-prend-sa-retraite-internationale\/","name":"Football : Lionel Messi prend sa retraite internationale - Le Patriote","isPartOf":{"@id":"https:\/\/lepatriotebenin.com\/#website"},"primaryImageOfPage":{"@id":"https:\/\/lepatriotebenin.com\/index.php\/2026\/08\/31\/football-lionel-messi-prend-sa-retraite-internationale\/#primaryimage"},"image":{"@id":"https:\/\/lepatriotebenin.com\/index.php\/2026\/08\/31\/football-lionel-messi-prend-sa-retraite-internationale\/#primaryimage"},"thumbnailUrl":"https:\/\/lepatriotebenin.com\/wp-content\/uploads\/2026\/08\/lionnel.jpg","datePublished":"2026-08-31T20:10:19+00:00","author":{"@id":"https:\/\/lepatriotebenin.com\/#\/schema\/person\/2e7709b9c9cc313e452d1136af61690f"},"breadcrumb":{"@id":"https:\/\/lepatriotebenin.com\/index.php\/2026\/08\/31\/football-lionel-messi-prend-sa-retraite-internationale\/#breadcrumb"},"inLanguage":"fr-FR","potentialAction":[{"@type":"ReadAction","target":["https:\/\/lepatriotebenin.com\/index.php\/2026\/08\/31\/football-lionel-messi-prend-sa-retraite-internationale\/"]}]},{"@type":"ImageObject","inLanguage":"fr-FR","@id":"https:\/\/lepatriotebenin.com\/index.php\/2026\/08\/31\/football-lionel-messi-prend-sa-retraite-internationale\/#primaryimage","url":"https:\/\/lepatriotebenin.com\/wp-content\/uploads\/2026\/08\/lionnel.jpg","contentUrl":"https:\/\/lepatriotebenin.com\/wp-content\/uploads\/2026\/08\/lionnel.jpg","width":700,"height":690},{"@type":"BreadcrumbList","@id":"https:\/\/lepatriotebenin.com\/index.php\/2026\/08\/31\/football-lionel-messi-prend-sa-retraite-internationale\/#breadcrumb","itemListElement":[{"@type":"ListItem","position":1,"name":"Accueil","item":"https:\/\/lepatriotebenin.com\/"},{"@type":"ListItem","position":2,"name":"Football : Lionel Messi prend sa retraite internationale"}]},{"@type":"WebSite","@id":"https:\/\/lepatriotebenin.com\/#website","url":"https:\/\/lepatriotebenin.com\/","name":"Le Patriote","description":"Le Patriote B\u00e9nin","potentialAction":[{"@type":"SearchAction","target":{"@type":"EntryPoint","urlTemplate":"https:\/\/lepatriotebenin.com\/?s={search_term_string}"},"query-input":{"@type":"PropertyValueSpecification","valueRequired":true,"valueName":"search_term_string"}}],"inLanguage":"fr-FR"},{"@type":"Person","@id":"https:\/\/lepatriotebenin.com\/#\/schema\/person\/2e7709b9c9cc313e452d1136af61690f","name":"Redaction","image":{"@type":"ImageObject","inLanguage":"fr-FR","@id":"https:\/\/secure.gravatar.com\/avatar\/c4c509357859ea2ca2cbb6d8812898a73e4ef1ef9934c2e591d7e32face734d1?s=96&d=mm&r=g","url":"https:\/\/secure.gravatar.com\/avatar\/c4c509357859ea2ca2cbb6d8812898a73e4ef1ef9934c2e591d7e32face734d1?s=96&d=mm&r=g","contentUrl":"https:\/\/secure.gravatar.com\/avatar\/c4c509357859ea2ca2cbb6d8812898a73e4ef1ef9934c2e591d7e32face734d1?s=96&d=mm&r=g","caption":"Redaction"},"url":"https:\/\/lepatriotebenin.com"}]}},"_links":{"self":[{"href":"https:\/\/lepatriotebenin.com\/index.php\/wp-json\/wp\/v2\/posts\/23438","targetHints":{"allow":["GET"]}}],"collection":[{"href":"https:\/\/lepatriotebenin.com\/index.php\/wp-json\/wp\/v2\/posts"}],"about":[{"href":"https:\/\/lepatriotebenin.com\/index.php\/wp-json\/wp\/v2\/types\/post"}],"author":[{"embeddable":true,"href":"https:\/\/lepatriotebenin.com\/index.php\/wp-json\/wp\/v2\/users\/5"}],"replies":[{"embeddable":true,"href":"https:\/\/lepatriotebenin.com\/index.php\/wp-json\/wp\/v2\/comments?post=23438"}],"version-history":[{"count":1,"href":"https:\/\/lepatriotebenin.com\/index.php\/wp-json\/wp\/v2\/posts\/23438\/revisions"}],"predecessor-version":[{"id":23440,"href":"https:\/\/lepatriotebenin.com\/index.php\/wp-json\/wp\/v2\/posts\/23438\/revisions\/23440"}],"wp:featuredmedia":[{"embeddable":true,"href":"https:\/\/lepatriotebenin.com\/index.php\/wp-json\/wp\/v2\/media\/23439"}],"wp:attachment":[{"href":"https:\/\/lepatriotebenin.com\/index.php\/wp-json\/wp\/v2\/media?parent=23438"}],"wp:term":[{"taxonomy":"category","embeddable":true,"href":"https:\/\/lepatriotebenin.com\/index.php\/wp-json\/wp\/v2\/categories?post=23438"},{"taxonomy":"post_tag","embeddable":true,"href":"https:\/\/lepatriotebenin.com\/index.php\/wp-json\/wp\/v2\/tags?post=23438"}],"curies":[{"name":"wp","href":"https:\/\/api.w.org\/{rel}","templated":true}]}}