{"id":21822,"date":"2026-07-18T16:52:01","date_gmt":"2026-07-18T14:52:01","guid":{"rendered":"https:\/\/lepatriotebenin.com\/?p=21822"},"modified":"2026-07-18T16:52:01","modified_gmt":"2026-07-18T14:52:01","slug":"53e-anniversaire-du-prof-joel-aivo-lhommage-emouvant-de-valentin-djenontin","status":"publish","type":"post","link":"https:\/\/lepatriotebenin.com\/index.php\/2026\/07\/18\/53e-anniversaire-du-prof-joel-aivo-lhommage-emouvant-de-valentin-djenontin\/","title":{"rendered":"53\u00e8 anniversaire du Prof Jo\u00ebl A\u00efvo: L&rsquo;hommage \u00e9mouvant de Valentin Dj\u00e8nontin"},"content":{"rendered":"<p>&nbsp;<\/p>\n<p><strong><em>Incarc\u00e9r\u00e9 depuis le 25 avril 2021 \u00e0 la prison, le Professeur de Droit constitutionnel Jo\u00ebl A\u00efvo c\u00e9l\u00e8bre ce 18 juillet 2026 son 53\u1d49 anniversaire. C\u2019est dans ce cadre que \u00a0l\u2019ancien Djenontin-agossou Valentin a\u00a0 eu une pieuse pens\u00e9e \u00e0 l\u2019endroit de ce dernier en lui\u00a0 rendant un hommage \u00e9mouvant. \u00a0Tout en d\u00e9plorant \u00a0l\u2019absence de ce dernier comme une perte pour le B\u00e9nin notamment pour l\u2019universit\u00e9 et la jeunesse b\u00e9ninoise , Valentin \u00a0Dj\u00e8nontin a\u00a0 d\u00e9clar\u00e9 que\u00a0 \u00ab\u00a0ceux qui b\u00e2tissent leur puissance sur la haine, le cynisme ou l&rsquo;injustice d\u00e9couvriront un jour que toute \u0153uvre humaine est soumise au jugement de Dieu et de l&rsquo;histoire\u00a0\u00bb et qu\u2019\u00a0\u00ab\u00a0\u00e0 l&rsquo;inverse, ceux qui pers\u00e9v\u00e8rent dans la v\u00e9rit\u00e9, la dignit\u00e9 et l&rsquo;esp\u00e9rance finissent toujours par trouver leur r\u00e9compense\u00a0\u00bb.\u00a0 Pour lui, \u00ab\u00a0il y a un temps pour toute chose sous les cieux \u00bb.<\/em><\/strong> Lire l\u2019int\u00e9gralit\u00e9 de\u00a0 son message<\/p>\n<p>Une libert\u00e9 que les barreaux ne peuvent emprisonner<\/p>\n<p>JOYEUX ANNIVERSAIRE, PROFESSEUR JO\u00cbL A\u00cfVO.<\/p>\n<p>Le 15 avril 2021, vous \u00e9tiez arr\u00eat\u00e9 sur le pont Djonou, \u00e0 Godomey, alors que vous rentriez de l&rsquo;Universit\u00e9 d&rsquo;Abomey-Calavi, o\u00f9 vous accomplissiez votre vocation la plus noble : transmettre le savoir \u00e0 la jeunesse b\u00e9ninoise.<\/p>\n<p>Consid\u00e9r\u00e9 comme l&rsquo;un des principaux candidats \u00e0 l&rsquo;\u00e9lection pr\u00e9sidentielle d&rsquo;avril 2021, votre candidature fut rejet\u00e9e.<\/p>\n<p>Quelques mois plus tard, dans la nuit du 6 au 7 d\u00e9cembre 2021, vous \u00e9tiez condamn\u00e9 \u00e0 dix ann\u00e9es de r\u00e9clusion criminelle par la CRIET. Depuis ce jour, vous \u00eates s\u00e9par\u00e9 de votre famille, de vos proches, de vos \u00e9tudiants et de tous ceux qui reconnaissent en vous un universitaire, un intellectuel et un homme engag\u00e9 pour son pays.<\/p>\n<p>Au-del\u00e0 de votre personne, cette absence est une perte pour le B\u00e9nin. C&rsquo;est l&rsquo;universit\u00e9 qui est priv\u00e9e de l&rsquo;un de ses enseignants. C&rsquo;est la jeunesse qui est priv\u00e9e d&rsquo;une source d&rsquo;inspiration. C&rsquo;est l&rsquo;intelligentsia b\u00e9ninoise qui voit l&rsquo;une de ses voix r\u00e9duite au silence. Et c&rsquo;est toute la Nation qui s&rsquo;interroge sur le prix de la libert\u00e9, de la pluralit\u00e9 politique et de l&rsquo;\u00c9tat de droit.<\/p>\n<p>Le contraste est douloureux. Le B\u00e9nin, longtemps pr\u00e9sent\u00e9 comme le laboratoire de la d\u00e9mocratie en Afrique \u00e0 la suite de la Conf\u00e9rence nationale de f\u00e9vrier 1990, ne devrait jamais cesser d&rsquo;\u00eatre une terre o\u00f9 les divergences d&rsquo;opinion s&rsquo;expriment dans le respect des libert\u00e9s fondamentales et de la comp\u00e9tition politique loyale.<\/p>\n<p>En ce 18 juillet 2026, alors que vous c\u00e9l\u00e9brez votre 53\u1d49 anniversaire derri\u00e8re les barreaux, je tiens \u00e0 vous exprimer ma profonde proximit\u00e9 fraternelle et spirituelle.<\/p>\n<p>Gardez courage. Gardez la foi. Gardez l&rsquo;esp\u00e9rance.<\/p>\n<p>Comme R\u00e9ckya Madougou et toutes les personnes priv\u00e9es de libert\u00e9 pour des raisons que beaucoup estiment li\u00e9es au contexte politique, continuez de croire que Dieu demeure le Ma\u00eetre des temps et des circonstances. L&rsquo;\u00c9criture nous rappelle qu\u2019\u00ab <u>il y a un temps pour toute chose sous les cieux \u00bb.<\/u> Aucun hiver n&rsquo;est \u00e9ternel ; apr\u00e8s la nuit vient toujours l&rsquo;aurore.<\/p>\n<p>Ceux qui b\u00e2tissent leur puissance sur la haine, le cynisme ou l&rsquo;injustice d\u00e9couvriront un jour que toute \u0153uvre humaine est soumise au jugement de Dieu et de l&rsquo;histoire. \u00c0 l&rsquo;inverse, ceux qui pers\u00e9v\u00e8rent dans la v\u00e9rit\u00e9, la dignit\u00e9 et l&rsquo;esp\u00e9rance finissent toujours par trouver leur r\u00e9compense.<\/p>\n<p>Les murs d&rsquo;une prison peuvent retenir un corps, mais ils ne peuvent encha\u00eener une conscience droite, ni emprisonner les convictions fond\u00e9es sur la justice. Votre libert\u00e9 int\u00e9rieure demeure plus forte que les barreaux qui vous entourent.<\/p>\n<p>Ma pri\u00e8re est qu&rsquo;un miracle de Dieu ouvre bient\u00f4t le chemin de votre lib\u00e9ration, non seulement pour la joie de votre famille et de vos proches, mais aussi comme un signe de r\u00e9conciliation, d&rsquo;apaisement et de coh\u00e9sion nationale.<\/p>\n<p>Puisse le B\u00e9nin retrouver pleinement le chemin du dialogue, de la confiance et de la fraternit\u00e9, afin que tous ses fils et toutes ses filles puissent contribuer librement \u00e0 son d\u00e9veloppement ?<\/p>\n<p>Joyeux anniversaire, Professeur Jo\u00ebl A\u00efvo.<\/p>\n<p>Que le Seigneur vous fortifie, vous prot\u00e8ge et fasse lever, en son temps, le jour de votre libert\u00e9.<\/p>\n<p>&nbsp;<\/p>\n<p><strong>Djenontin-agossou Valentin ,<\/strong><\/p>\n<p><strong>Ancien Ministre ,<\/strong><\/p>\n<p><strong>Ancien D\u00e9put\u00e9 \u00e9lu .<\/strong><\/p>\n","protected":false},"excerpt":{"rendered":"<p>&nbsp; Incarc\u00e9r\u00e9 depuis le 25 avril 2021 \u00e0 la prison, le Professeur de Droit constitutionnel Jo\u00ebl A\u00efvo c\u00e9l\u00e8bre ce 18 juillet 2026 son 53\u1d49 anniversaire. C\u2019est dans ce cadre que&hellip;<\/p>\n","protected":false},"author":6,"featured_media":21823,"comment_status":"open","ping_status":"open","sticky":false,"template":"","format":"standard","meta":{"content-type":"","om_disable_all_campaigns":false,"_monsterinsights_skip_tracking":false,"_uf_show_specific_survey":0,"_uf_disable_surveys":false,"footnotes":""},"categories":[20],"tags":[],"class_list":["post-21822","post","type-post","status-publish","format-standard","has-post-thumbnail","hentry","category-societe"],"aioseo_notices":[],"aioseo_head":"\n\t\t<!-- All in One SEO 5.0.1.1 - aioseo.com -->\n\t<meta name=\"description\" content=\"Incarc\u00e9r\u00e9 depuis le 25 avril 2021 \u00e0 la prison, le Professeur de Droit constitutionnel Jo\u00ebl A\u00efvo c\u00e9l\u00e8bre ce 18 juillet 2026 son 53\u1d49 anniversaire. C\u2019est dans ce cadre que l\u2019ancien Djenontin-agossou Valentin a eu une pieuse pens\u00e9e \u00e0 l\u2019endroit de ce dernier en lui rendant un hommage \u00e9mouvant. Tout en d\u00e9plorant l\u2019absence de ce\" \/>\n\t<meta name=\"robots\" content=\"max-image-preview:large\" \/>\n\t<meta name=\"author\" content=\"Roland AFFANOU\"\/>\n\t<link rel=\"canonical\" href=\"https:\/\/lepatriotebenin.com\/index.php\/2026\/07\/18\/53e-anniversaire-du-prof-joel-aivo-lhommage-emouvant-de-valentin-djenontin\/\" \/>\n\t<meta name=\"generator\" content=\"All in One SEO (AIOSEO) 5.0.1.1\" \/>\n\t\t<meta property=\"og:locale\" content=\"fr_FR\" \/>\n\t\t<meta property=\"og:site_name\" content=\"Le Patriote - Le Patriote B\u00e9nin\" \/>\n\t\t<meta property=\"og:type\" content=\"article\" \/>\n\t\t<meta property=\"og:title\" content=\"53\u00e8 anniversaire du Prof Jo\u00ebl A\u00efvo: L\u2019hommage \u00e9mouvant de Valentin Dj\u00e8nontin - Le Patriote\" \/>\n\t\t<meta property=\"og:description\" content=\"Incarc\u00e9r\u00e9 depuis le 25 avril 2021 \u00e0 la prison, le Professeur de Droit constitutionnel Jo\u00ebl A\u00efvo c\u00e9l\u00e8bre ce 18 juillet 2026 son 53\u1d49 anniversaire. C\u2019est dans ce cadre que l\u2019ancien Djenontin-agossou Valentin a eu une pieuse pens\u00e9e \u00e0 l\u2019endroit de ce dernier en lui rendant un hommage \u00e9mouvant. Tout en d\u00e9plorant l\u2019absence de ce\" \/>\n\t\t<meta property=\"og:url\" content=\"https:\/\/lepatriotebenin.com\/index.php\/2026\/07\/18\/53e-anniversaire-du-prof-joel-aivo-lhommage-emouvant-de-valentin-djenontin\/\" \/>\n\t\t<meta property=\"article:published_time\" content=\"2026-07-18T14:52:01+00:00\" \/>\n\t\t<meta property=\"article:modified_time\" content=\"2026-07-18T14:52:01+00:00\" \/>\n\t\t<meta name=\"twitter:card\" content=\"summary_large_image\" \/>\n\t\t<meta name=\"twitter:title\" content=\"53\u00e8 anniversaire du Prof Jo\u00ebl A\u00efvo: L\u2019hommage \u00e9mouvant de Valentin Dj\u00e8nontin - Le Patriote\" \/>\n\t\t<meta name=\"twitter:description\" content=\"Incarc\u00e9r\u00e9 depuis le 25 avril 2021 \u00e0 la prison, le Professeur de Droit constitutionnel Jo\u00ebl A\u00efvo c\u00e9l\u00e8bre ce 18 juillet 2026 son 53\u1d49 anniversaire. C\u2019est dans ce cadre que l\u2019ancien Djenontin-agossou Valentin a eu une pieuse pens\u00e9e \u00e0 l\u2019endroit de ce dernier en lui rendant un hommage \u00e9mouvant. Tout en d\u00e9plorant l\u2019absence de ce\" \/>\n\t\t<script type=\"application\/ld+json\" class=\"aioseo-schema\">\n\t\t\t{\"@context\":\"https:\\\/\\\/schema.org\",\"@graph\":[{\"@type\":\"BlogPosting\",\"@id\":\"https:\\\/\\\/lepatriotebenin.com\\\/index.php\\\/2026\\\/07\\\/18\\\/53e-anniversaire-du-prof-joel-aivo-lhommage-emouvant-de-valentin-djenontin\\\/#blogposting\",\"name\":\"53\\u00e8 anniversaire du Prof Jo\\u00ebl A\\u00efvo: L\\u2019hommage \\u00e9mouvant de Valentin Dj\\u00e8nontin - Le Patriote\",\"headline\":\"53\\u00e8 anniversaire du Prof Jo\\u00ebl A\\u00efvo: L&rsquo;hommage \\u00e9mouvant de Valentin Dj\\u00e8nontin\",\"author\":{\"@id\":\"https:\\\/\\\/lepatriotebenin.com#author\"},\"publisher\":{\"@id\":\"https:\\\/\\\/lepatriotebenin.com\\\/#organization\"},\"image\":{\"@type\":\"ImageObject\",\"url\":\"https:\\\/\\\/lepatriotebenin.com\\\/wp-content\\\/uploads\\\/2026\\\/07\\\/aivo.jpeg\",\"width\":446,\"height\":448},\"datePublished\":\"2026-07-18T16:52:01+02:00\",\"dateModified\":\"2026-07-18T16:52:01+02:00\",\"inLanguage\":\"fr-FR\",\"mainEntityOfPage\":{\"@id\":\"https:\\\/\\\/lepatriotebenin.com\\\/index.php\\\/2026\\\/07\\\/18\\\/53e-anniversaire-du-prof-joel-aivo-lhommage-emouvant-de-valentin-djenontin\\\/#webpage\"},\"isPartOf\":{\"@id\":\"https:\\\/\\\/lepatriotebenin.com\\\/index.php\\\/2026\\\/07\\\/18\\\/53e-anniversaire-du-prof-joel-aivo-lhommage-emouvant-de-valentin-djenontin\\\/#webpage\"},\"articleSection\":\"Soci\\u00e9t\\u00e9\"},{\"@type\":\"BreadcrumbList\",\"@id\":\"https:\\\/\\\/lepatriotebenin.com\\\/index.php\\\/2026\\\/07\\\/18\\\/53e-anniversaire-du-prof-joel-aivo-lhommage-emouvant-de-valentin-djenontin\\\/#breadcrumblist\",\"itemListElement\":[{\"@type\":\"ListItem\",\"@id\":\"https:\\\/\\\/lepatriotebenin.com#listItem\",\"position\":1,\"name\":\"Home\",\"item\":\"https:\\\/\\\/lepatriotebenin.com\",\"nextItem\":{\"@type\":\"ListItem\",\"@id\":\"https:\\\/\\\/lepatriotebenin.com\\\/index.php\\\/category\\\/societe\\\/#listItem\",\"name\":\"Soci\\u00e9t\\u00e9\"}},{\"@type\":\"ListItem\",\"@id\":\"https:\\\/\\\/lepatriotebenin.com\\\/index.php\\\/category\\\/societe\\\/#listItem\",\"position\":2,\"name\":\"Soci\\u00e9t\\u00e9\",\"item\":\"https:\\\/\\\/lepatriotebenin.com\\\/index.php\\\/category\\\/societe\\\/\",\"nextItem\":{\"@type\":\"ListItem\",\"@id\":\"https:\\\/\\\/lepatriotebenin.com\\\/index.php\\\/2026\\\/07\\\/18\\\/53e-anniversaire-du-prof-joel-aivo-lhommage-emouvant-de-valentin-djenontin\\\/#listItem\",\"name\":\"53\\u00e8 anniversaire du Prof Jo\\u00ebl A\\u00efvo: L&rsquo;hommage \\u00e9mouvant de Valentin Dj\\u00e8nontin\"},\"previousItem\":{\"@type\":\"ListItem\",\"@id\":\"https:\\\/\\\/lepatriotebenin.com#listItem\",\"name\":\"Home\"}},{\"@type\":\"ListItem\",\"@id\":\"https:\\\/\\\/lepatriotebenin.com\\\/index.php\\\/2026\\\/07\\\/18\\\/53e-anniversaire-du-prof-joel-aivo-lhommage-emouvant-de-valentin-djenontin\\\/#listItem\",\"position\":3,\"name\":\"53\\u00e8 anniversaire du Prof Jo\\u00ebl A\\u00efvo: L&rsquo;hommage \\u00e9mouvant de Valentin Dj\\u00e8nontin\",\"previousItem\":{\"@type\":\"ListItem\",\"@id\":\"https:\\\/\\\/lepatriotebenin.com\\\/index.php\\\/category\\\/societe\\\/#listItem\",\"name\":\"Soci\\u00e9t\\u00e9\"}}]},{\"@type\":\"Organization\",\"@id\":\"https:\\\/\\\/lepatriotebenin.com\\\/#organization\",\"name\":\"Le Patriote\",\"description\":\"Le Patriote B\\u00e9nin\",\"url\":\"https:\\\/\\\/lepatriotebenin.com\\\/\"},{\"@type\":\"Person\",\"@id\":\"https:\\\/\\\/lepatriotebenin.com#author\",\"url\":\"https:\\\/\\\/lepatriotebenin.com\",\"name\":\"Roland AFFANOU\",\"image\":{\"@type\":\"ImageObject\",\"@id\":\"https:\\\/\\\/lepatriotebenin.com\\\/index.php\\\/2026\\\/07\\\/18\\\/53e-anniversaire-du-prof-joel-aivo-lhommage-emouvant-de-valentin-djenontin\\\/#authorImage\",\"url\":\"https:\\\/\\\/secure.gravatar.com\\\/avatar\\\/7209d3f6d2d47ea4d0c67e14d3effb61feb10ae540a4381280c66265de5bd643?s=96&d=mm&r=g\",\"width\":96,\"height\":96,\"caption\":\"Roland AFFANOU\"}},{\"@type\":\"WebPage\",\"@id\":\"https:\\\/\\\/lepatriotebenin.com\\\/index.php\\\/2026\\\/07\\\/18\\\/53e-anniversaire-du-prof-joel-aivo-lhommage-emouvant-de-valentin-djenontin\\\/#webpage\",\"url\":\"https:\\\/\\\/lepatriotebenin.com\\\/index.php\\\/2026\\\/07\\\/18\\\/53e-anniversaire-du-prof-joel-aivo-lhommage-emouvant-de-valentin-djenontin\\\/\",\"name\":\"53\\u00e8 anniversaire du Prof Jo\\u00ebl A\\u00efvo: L\\u2019hommage \\u00e9mouvant de Valentin Dj\\u00e8nontin - Le Patriote\",\"description\":\"Incarc\\u00e9r\\u00e9 depuis le 25 avril 2021 \\u00e0 la prison, le Professeur de Droit constitutionnel Jo\\u00ebl A\\u00efvo c\\u00e9l\\u00e8bre ce 18 juillet 2026 son 53\\u1d49 anniversaire. C\\u2019est dans ce cadre que l\\u2019ancien Djenontin-agossou Valentin a eu une pieuse pens\\u00e9e \\u00e0 l\\u2019endroit de ce dernier en lui rendant un hommage \\u00e9mouvant. Tout en d\\u00e9plorant l\\u2019absence de ce\",\"inLanguage\":\"fr-FR\",\"isPartOf\":{\"@id\":\"https:\\\/\\\/lepatriotebenin.com\\\/#website\"},\"breadcrumb\":{\"@id\":\"https:\\\/\\\/lepatriotebenin.com\\\/index.php\\\/2026\\\/07\\\/18\\\/53e-anniversaire-du-prof-joel-aivo-lhommage-emouvant-de-valentin-djenontin\\\/#breadcrumblist\"},\"author\":{\"@id\":\"https:\\\/\\\/lepatriotebenin.com#author\"},\"creator\":{\"@id\":\"https:\\\/\\\/lepatriotebenin.com#author\"},\"image\":{\"@type\":\"ImageObject\",\"url\":\"https:\\\/\\\/lepatriotebenin.com\\\/wp-content\\\/uploads\\\/2026\\\/07\\\/aivo.jpeg\",\"@id\":\"https:\\\/\\\/lepatriotebenin.com\\\/index.php\\\/2026\\\/07\\\/18\\\/53e-anniversaire-du-prof-joel-aivo-lhommage-emouvant-de-valentin-djenontin\\\/#mainImage\",\"width\":446,\"height\":448},\"primaryImageOfPage\":{\"@id\":\"https:\\\/\\\/lepatriotebenin.com\\\/index.php\\\/2026\\\/07\\\/18\\\/53e-anniversaire-du-prof-joel-aivo-lhommage-emouvant-de-valentin-djenontin\\\/#mainImage\"},\"datePublished\":\"2026-07-18T16:52:01+02:00\",\"dateModified\":\"2026-07-18T16:52:01+02:00\"},{\"@type\":\"WebSite\",\"@id\":\"https:\\\/\\\/lepatriotebenin.com\\\/#website\",\"url\":\"https:\\\/\\\/lepatriotebenin.com\\\/\",\"name\":\"Le Patriote\",\"description\":\"Le Patriote B\\u00e9nin\",\"inLanguage\":\"fr-FR\",\"publisher\":{\"@id\":\"https:\\\/\\\/lepatriotebenin.com\\\/#organization\"}}]}\n\t\t<\/script>\n\t\t<!-- All in One SEO -->\n\n","aioseo_head_json":{"title":"53\u00e8 anniversaire du Prof Jo\u00ebl A\u00efvo: L\u2019hommage \u00e9mouvant de Valentin Dj\u00e8nontin - Le Patriote","description":"Incarc\u00e9r\u00e9 depuis le 25 avril 2021 \u00e0 la prison, le Professeur de Droit constitutionnel Jo\u00ebl A\u00efvo c\u00e9l\u00e8bre ce 18 juillet 2026 son 53\u1d49 anniversaire. C\u2019est dans ce cadre que l\u2019ancien Djenontin-agossou Valentin a eu une pieuse pens\u00e9e \u00e0 l\u2019endroit de ce dernier en lui rendant un hommage \u00e9mouvant. Tout en d\u00e9plorant l\u2019absence de ce","canonical_url":"https:\/\/lepatriotebenin.com\/index.php\/2026\/07\/18\/53e-anniversaire-du-prof-joel-aivo-lhommage-emouvant-de-valentin-djenontin\/","robots":"max-image-preview:large","keywords":"","webmasterTools":{"miscellaneous":""},"schema":{"@context":"https:\/\/schema.org","@graph":[{"@type":"BlogPosting","@id":"https:\/\/lepatriotebenin.com\/index.php\/2026\/07\/18\/53e-anniversaire-du-prof-joel-aivo-lhommage-emouvant-de-valentin-djenontin\/#blogposting","name":"53\u00e8 anniversaire du Prof Jo\u00ebl A\u00efvo: L\u2019hommage \u00e9mouvant de Valentin Dj\u00e8nontin - Le Patriote","headline":"53\u00e8 anniversaire du Prof Jo\u00ebl A\u00efvo: L&rsquo;hommage \u00e9mouvant de Valentin Dj\u00e8nontin","author":{"@id":"https:\/\/lepatriotebenin.com#author"},"publisher":{"@id":"https:\/\/lepatriotebenin.com\/#organization"},"image":{"@type":"ImageObject","url":"https:\/\/lepatriotebenin.com\/wp-content\/uploads\/2026\/07\/aivo.jpeg","width":446,"height":448},"datePublished":"2026-07-18T16:52:01+02:00","dateModified":"2026-07-18T16:52:01+02:00","inLanguage":"fr-FR","mainEntityOfPage":{"@id":"https:\/\/lepatriotebenin.com\/index.php\/2026\/07\/18\/53e-anniversaire-du-prof-joel-aivo-lhommage-emouvant-de-valentin-djenontin\/#webpage"},"isPartOf":{"@id":"https:\/\/lepatriotebenin.com\/index.php\/2026\/07\/18\/53e-anniversaire-du-prof-joel-aivo-lhommage-emouvant-de-valentin-djenontin\/#webpage"},"articleSection":"Soci\u00e9t\u00e9"},{"@type":"BreadcrumbList","@id":"https:\/\/lepatriotebenin.com\/index.php\/2026\/07\/18\/53e-anniversaire-du-prof-joel-aivo-lhommage-emouvant-de-valentin-djenontin\/#breadcrumblist","itemListElement":[{"@type":"ListItem","@id":"https:\/\/lepatriotebenin.com#listItem","position":1,"name":"Home","item":"https:\/\/lepatriotebenin.com","nextItem":{"@type":"ListItem","@id":"https:\/\/lepatriotebenin.com\/index.php\/category\/societe\/#listItem","name":"Soci\u00e9t\u00e9"}},{"@type":"ListItem","@id":"https:\/\/lepatriotebenin.com\/index.php\/category\/societe\/#listItem","position":2,"name":"Soci\u00e9t\u00e9","item":"https:\/\/lepatriotebenin.com\/index.php\/category\/societe\/","nextItem":{"@type":"ListItem","@id":"https:\/\/lepatriotebenin.com\/index.php\/2026\/07\/18\/53e-anniversaire-du-prof-joel-aivo-lhommage-emouvant-de-valentin-djenontin\/#listItem","name":"53\u00e8 anniversaire du Prof Jo\u00ebl A\u00efvo: L&rsquo;hommage \u00e9mouvant de Valentin Dj\u00e8nontin"},"previousItem":{"@type":"ListItem","@id":"https:\/\/lepatriotebenin.com#listItem","name":"Home"}},{"@type":"ListItem","@id":"https:\/\/lepatriotebenin.com\/index.php\/2026\/07\/18\/53e-anniversaire-du-prof-joel-aivo-lhommage-emouvant-de-valentin-djenontin\/#listItem","position":3,"name":"53\u00e8 anniversaire du Prof Jo\u00ebl A\u00efvo: L&rsquo;hommage \u00e9mouvant de Valentin Dj\u00e8nontin","previousItem":{"@type":"ListItem","@id":"https:\/\/lepatriotebenin.com\/index.php\/category\/societe\/#listItem","name":"Soci\u00e9t\u00e9"}}]},{"@type":"Organization","@id":"https:\/\/lepatriotebenin.com\/#organization","name":"Le Patriote","description":"Le Patriote B\u00e9nin","url":"https:\/\/lepatriotebenin.com\/"},{"@type":"Person","@id":"https:\/\/lepatriotebenin.com#author","url":"https:\/\/lepatriotebenin.com","name":"Roland AFFANOU","image":{"@type":"ImageObject","@id":"https:\/\/lepatriotebenin.com\/index.php\/2026\/07\/18\/53e-anniversaire-du-prof-joel-aivo-lhommage-emouvant-de-valentin-djenontin\/#authorImage","url":"https:\/\/secure.gravatar.com\/avatar\/7209d3f6d2d47ea4d0c67e14d3effb61feb10ae540a4381280c66265de5bd643?s=96&d=mm&r=g","width":96,"height":96,"caption":"Roland AFFANOU"}},{"@type":"WebPage","@id":"https:\/\/lepatriotebenin.com\/index.php\/2026\/07\/18\/53e-anniversaire-du-prof-joel-aivo-lhommage-emouvant-de-valentin-djenontin\/#webpage","url":"https:\/\/lepatriotebenin.com\/index.php\/2026\/07\/18\/53e-anniversaire-du-prof-joel-aivo-lhommage-emouvant-de-valentin-djenontin\/","name":"53\u00e8 anniversaire du Prof Jo\u00ebl A\u00efvo: L\u2019hommage \u00e9mouvant de Valentin Dj\u00e8nontin - Le Patriote","description":"Incarc\u00e9r\u00e9 depuis le 25 avril 2021 \u00e0 la prison, le Professeur de Droit constitutionnel Jo\u00ebl A\u00efvo c\u00e9l\u00e8bre ce 18 juillet 2026 son 53\u1d49 anniversaire. C\u2019est dans ce cadre que l\u2019ancien Djenontin-agossou Valentin a eu une pieuse pens\u00e9e \u00e0 l\u2019endroit de ce dernier en lui rendant un hommage \u00e9mouvant. Tout en d\u00e9plorant l\u2019absence de ce","inLanguage":"fr-FR","isPartOf":{"@id":"https:\/\/lepatriotebenin.com\/#website"},"breadcrumb":{"@id":"https:\/\/lepatriotebenin.com\/index.php\/2026\/07\/18\/53e-anniversaire-du-prof-joel-aivo-lhommage-emouvant-de-valentin-djenontin\/#breadcrumblist"},"author":{"@id":"https:\/\/lepatriotebenin.com#author"},"creator":{"@id":"https:\/\/lepatriotebenin.com#author"},"image":{"@type":"ImageObject","url":"https:\/\/lepatriotebenin.com\/wp-content\/uploads\/2026\/07\/aivo.jpeg","@id":"https:\/\/lepatriotebenin.com\/index.php\/2026\/07\/18\/53e-anniversaire-du-prof-joel-aivo-lhommage-emouvant-de-valentin-djenontin\/#mainImage","width":446,"height":448},"primaryImageOfPage":{"@id":"https:\/\/lepatriotebenin.com\/index.php\/2026\/07\/18\/53e-anniversaire-du-prof-joel-aivo-lhommage-emouvant-de-valentin-djenontin\/#mainImage"},"datePublished":"2026-07-18T16:52:01+02:00","dateModified":"2026-07-18T16:52:01+02:00"},{"@type":"WebSite","@id":"https:\/\/lepatriotebenin.com\/#website","url":"https:\/\/lepatriotebenin.com\/","name":"Le Patriote","description":"Le Patriote B\u00e9nin","inLanguage":"fr-FR","publisher":{"@id":"https:\/\/lepatriotebenin.com\/#organization"}}]},"og:locale":"fr_FR","og:site_name":"Le Patriote - Le Patriote B\u00e9nin","og:type":"article","og:title":"53\u00e8 anniversaire du Prof Jo\u00ebl A\u00efvo: L\u2019hommage \u00e9mouvant de Valentin Dj\u00e8nontin - Le Patriote","og:description":"Incarc\u00e9r\u00e9 depuis le 25 avril 2021 \u00e0 la prison, le Professeur de Droit constitutionnel Jo\u00ebl A\u00efvo c\u00e9l\u00e8bre ce 18 juillet 2026 son 53\u1d49 anniversaire. C\u2019est dans ce cadre que l\u2019ancien Djenontin-agossou Valentin a eu une pieuse pens\u00e9e \u00e0 l\u2019endroit de ce dernier en lui rendant un hommage \u00e9mouvant. Tout en d\u00e9plorant l\u2019absence de ce","og:url":"https:\/\/lepatriotebenin.com\/index.php\/2026\/07\/18\/53e-anniversaire-du-prof-joel-aivo-lhommage-emouvant-de-valentin-djenontin\/","article:published_time":"2026-07-18T14:52:01+00:00","article:modified_time":"2026-07-18T14:52:01+00:00","twitter:card":"summary_large_image","twitter:title":"53\u00e8 anniversaire du Prof Jo\u00ebl A\u00efvo: L\u2019hommage \u00e9mouvant de Valentin Dj\u00e8nontin - Le Patriote","twitter:description":"Incarc\u00e9r\u00e9 depuis le 25 avril 2021 \u00e0 la prison, le Professeur de Droit constitutionnel Jo\u00ebl A\u00efvo c\u00e9l\u00e8bre ce 18 juillet 2026 son 53\u1d49 anniversaire. C\u2019est dans ce cadre que l\u2019ancien Djenontin-agossou Valentin a eu une pieuse pens\u00e9e \u00e0 l\u2019endroit de ce dernier en lui rendant un hommage \u00e9mouvant. Tout en d\u00e9plorant l\u2019absence de ce"},"aioseo_meta_data":{"post_id":"21822","title":null,"description":null,"keywords":null,"keyphrases":{"focus":{"keyphrase":"","score":0,"analysis":{"keyphraseInTitle":{"score":0,"maxScore":9,"error":1}}},"additional":[]},"primary_term":null,"canonical_url":null,"og_title":null,"og_description":null,"og_object_type":"default","og_image_type":"default","og_image_url":null,"og_image_width":null,"og_image_height":null,"og_image_custom_url":null,"og_image_custom_fields":null,"og_video":"","og_custom_url":null,"og_article_section":null,"og_article_tags":null,"twitter_use_og":false,"twitter_card":"default","twitter_image_type":"default","twitter_image_url":null,"twitter_image_custom_url":null,"twitter_image_custom_fields":null,"twitter_title":null,"twitter_description":null,"schema":{"blockGraphs":[],"customGraphs":[],"default":{"data":{"Article":[],"Course":[],"Dataset":[],"FAQPage":[],"Movie":[],"Person":[],"Product":[],"ProductReview":[],"Car":[],"Recipe":[],"Service":[],"SoftwareApplication":[],"WebPage":[]},"graphName":"BlogPosting","isEnabled":true},"graphs":[]},"schema_type":"default","schema_type_options":null,"pillar_content":false,"robots_default":true,"robots_noindex":false,"robots_noarchive":false,"robots_nosnippet":false,"robots_nofollow":false,"robots_noimageindex":false,"robots_noodp":false,"robots_notranslate":false,"robots_max_snippet":"-1","robots_max_videopreview":"-1","robots_max_imagepreview":"large","priority":null,"frequency":"default","local_seo":null,"breadcrumb_settings":null,"limit_modified_date":false,"ai":{"faqs":[],"keyPoints":[],"schemas":[],"titles":[],"descriptions":[],"socialPosts":{"email":{"subject":"","preview":"","content":""},"linkedin":[],"twitter":[],"facebook":[],"instagram":[]}},"created":"2026-07-18 14:52:01","updated":"2026-07-18 15:14:24","seo_analyzer_scan_date":null,"focus_keyword":null,"additional_keywords":null,"truseo_locale":null},"aioseo_breadcrumb":"<div class=\"aioseo-breadcrumbs\"><span class=\"aioseo-breadcrumb\">\n\t\t\t<a href=\"https:\/\/lepatriotebenin.com\" title=\"Home\">Home<\/a>\n\t\t<\/span><span class=\"aioseo-breadcrumb-separator\">&raquo;<\/span><span class=\"aioseo-breadcrumb\">\n\t\t\t<a href=\"https:\/\/lepatriotebenin.com\/index.php\/category\/societe\/\" title=\"Soci\u00e9t\u00e9\">Soci\u00e9t\u00e9<\/a>\n\t\t<\/span><span class=\"aioseo-breadcrumb-separator\">&raquo;<\/span><span class=\"aioseo-breadcrumb\">\n\t\t\t53\u00e8 anniversaire du Prof Jo\u00ebl A\u00efvo: L\u2019hommage \u00e9mouvant de Valentin Dj\u00e8nontin\n\t\t<\/span><\/div>","aioseo_breadcrumb_json":[{"label":"Home","link":"https:\/\/lepatriotebenin.com"},{"label":"Soci\u00e9t\u00e9","link":"https:\/\/lepatriotebenin.com\/index.php\/category\/societe\/"},{"label":"53\u00e8 anniversaire du Prof Jo\u00ebl A\u00efvo: L&rsquo;hommage \u00e9mouvant de Valentin Dj\u00e8nontin","link":"https:\/\/lepatriotebenin.com\/index.php\/2026\/07\/18\/53e-anniversaire-du-prof-joel-aivo-lhommage-emouvant-de-valentin-djenontin\/"}],"yoast_head":"<!-- This site is optimized with the Yoast SEO plugin v28.4 - https:\/\/yoast.com\/product\/yoast-seo-wordpress\/ -->\n<title>53\u00e8 anniversaire du Prof Jo\u00ebl A\u00efvo: L&#039;hommage \u00e9mouvant de Valentin Dj\u00e8nontin - Le Patriote<\/title>\n<meta name=\"robots\" content=\"index, follow, max-snippet:-1, max-image-preview:large, max-video-preview:-1\" \/>\n<link rel=\"canonical\" href=\"https:\/\/lepatriotebenin.com\/index.php\/2026\/07\/18\/53e-anniversaire-du-prof-joel-aivo-lhommage-emouvant-de-valentin-djenontin\/\" \/>\n<meta property=\"og:locale\" content=\"fr_FR\" \/>\n<meta property=\"og:type\" content=\"article\" \/>\n<meta property=\"og:title\" content=\"53\u00e8 anniversaire du Prof Jo\u00ebl A\u00efvo: L&#039;hommage \u00e9mouvant de Valentin Dj\u00e8nontin - Le Patriote\" \/>\n<meta property=\"og:description\" content=\"&nbsp; Incarc\u00e9r\u00e9 depuis le 25 avril 2021 \u00e0 la prison, le Professeur de Droit constitutionnel Jo\u00ebl A\u00efvo c\u00e9l\u00e8bre ce 18 juillet 2026 son 53\u1d49 anniversaire. C\u2019est dans ce cadre que&hellip;\" \/>\n<meta property=\"og:url\" content=\"https:\/\/lepatriotebenin.com\/index.php\/2026\/07\/18\/53e-anniversaire-du-prof-joel-aivo-lhommage-emouvant-de-valentin-djenontin\/\" \/>\n<meta property=\"og:site_name\" content=\"Le Patriote\" \/>\n<meta property=\"article:published_time\" content=\"2026-07-18T14:52:01+00:00\" \/>\n<meta property=\"og:image\" content=\"https:\/\/lepatriotebenin.com\/wp-content\/uploads\/2026\/07\/aivo.jpeg\" \/>\n\t<meta property=\"og:image:width\" content=\"446\" \/>\n\t<meta property=\"og:image:height\" content=\"448\" \/>\n\t<meta property=\"og:image:type\" content=\"image\/jpeg\" \/>\n<meta name=\"author\" content=\"Roland AFFANOU\" \/>\n<meta name=\"twitter:card\" content=\"summary_large_image\" \/>\n<meta name=\"twitter:label1\" content=\"\u00c9crit par\" \/>\n\t<meta name=\"twitter:data1\" content=\"Roland AFFANOU\" \/>\n\t<meta name=\"twitter:label2\" content=\"Dur\u00e9e de lecture estim\u00e9e\" \/>\n\t<meta name=\"twitter:data2\" content=\"4 minutes\" \/>\n<script type=\"application\/ld+json\" class=\"yoast-schema-graph\">{\"@context\":\"https:\\\/\\\/schema.org\",\"@graph\":[{\"@type\":\"Article\",\"@id\":\"https:\\\/\\\/lepatriotebenin.com\\\/index.php\\\/2026\\\/07\\\/18\\\/53e-anniversaire-du-prof-joel-aivo-lhommage-emouvant-de-valentin-djenontin\\\/#article\",\"isPartOf\":{\"@id\":\"https:\\\/\\\/lepatriotebenin.com\\\/index.php\\\/2026\\\/07\\\/18\\\/53e-anniversaire-du-prof-joel-aivo-lhommage-emouvant-de-valentin-djenontin\\\/\"},\"author\":{\"name\":\"Roland AFFANOU\",\"@id\":\"https:\\\/\\\/lepatriotebenin.com\\\/#\\\/schema\\\/person\\\/4a9b67216c97d04045e01405c534c91f\"},\"headline\":\"53\u00e8 anniversaire du Prof Jo\u00ebl A\u00efvo: L&rsquo;hommage \u00e9mouvant de Valentin Dj\u00e8nontin\",\"datePublished\":\"2026-07-18T14:52:01+00:00\",\"mainEntityOfPage\":{\"@id\":\"https:\\\/\\\/lepatriotebenin.com\\\/index.php\\\/2026\\\/07\\\/18\\\/53e-anniversaire-du-prof-joel-aivo-lhommage-emouvant-de-valentin-djenontin\\\/\"},\"wordCount\":751,\"commentCount\":0,\"image\":{\"@id\":\"https:\\\/\\\/lepatriotebenin.com\\\/index.php\\\/2026\\\/07\\\/18\\\/53e-anniversaire-du-prof-joel-aivo-lhommage-emouvant-de-valentin-djenontin\\\/#primaryimage\"},\"thumbnailUrl\":\"https:\\\/\\\/lepatriotebenin.com\\\/wp-content\\\/uploads\\\/2026\\\/07\\\/aivo.jpeg\",\"articleSection\":[\"Soci\u00e9t\u00e9\"],\"inLanguage\":\"fr-FR\",\"potentialAction\":[{\"@type\":\"CommentAction\",\"name\":\"Comment\",\"target\":[\"https:\\\/\\\/lepatriotebenin.com\\\/index.php\\\/2026\\\/07\\\/18\\\/53e-anniversaire-du-prof-joel-aivo-lhommage-emouvant-de-valentin-djenontin\\\/#respond\"]}]},{\"@type\":\"WebPage\",\"@id\":\"https:\\\/\\\/lepatriotebenin.com\\\/index.php\\\/2026\\\/07\\\/18\\\/53e-anniversaire-du-prof-joel-aivo-lhommage-emouvant-de-valentin-djenontin\\\/\",\"url\":\"https:\\\/\\\/lepatriotebenin.com\\\/index.php\\\/2026\\\/07\\\/18\\\/53e-anniversaire-du-prof-joel-aivo-lhommage-emouvant-de-valentin-djenontin\\\/\",\"name\":\"53\u00e8 anniversaire du Prof Jo\u00ebl A\u00efvo: L'hommage \u00e9mouvant de Valentin Dj\u00e8nontin - Le Patriote\",\"isPartOf\":{\"@id\":\"https:\\\/\\\/lepatriotebenin.com\\\/#website\"},\"primaryImageOfPage\":{\"@id\":\"https:\\\/\\\/lepatriotebenin.com\\\/index.php\\\/2026\\\/07\\\/18\\\/53e-anniversaire-du-prof-joel-aivo-lhommage-emouvant-de-valentin-djenontin\\\/#primaryimage\"},\"image\":{\"@id\":\"https:\\\/\\\/lepatriotebenin.com\\\/index.php\\\/2026\\\/07\\\/18\\\/53e-anniversaire-du-prof-joel-aivo-lhommage-emouvant-de-valentin-djenontin\\\/#primaryimage\"},\"thumbnailUrl\":\"https:\\\/\\\/lepatriotebenin.com\\\/wp-content\\\/uploads\\\/2026\\\/07\\\/aivo.jpeg\",\"datePublished\":\"2026-07-18T14:52:01+00:00\",\"author\":{\"@id\":\"https:\\\/\\\/lepatriotebenin.com\\\/#\\\/schema\\\/person\\\/4a9b67216c97d04045e01405c534c91f\"},\"breadcrumb\":{\"@id\":\"https:\\\/\\\/lepatriotebenin.com\\\/index.php\\\/2026\\\/07\\\/18\\\/53e-anniversaire-du-prof-joel-aivo-lhommage-emouvant-de-valentin-djenontin\\\/#breadcrumb\"},\"inLanguage\":\"fr-FR\",\"potentialAction\":[{\"@type\":\"ReadAction\",\"target\":[\"https:\\\/\\\/lepatriotebenin.com\\\/index.php\\\/2026\\\/07\\\/18\\\/53e-anniversaire-du-prof-joel-aivo-lhommage-emouvant-de-valentin-djenontin\\\/\"]}]},{\"@type\":\"ImageObject\",\"inLanguage\":\"fr-FR\",\"@id\":\"https:\\\/\\\/lepatriotebenin.com\\\/index.php\\\/2026\\\/07\\\/18\\\/53e-anniversaire-du-prof-joel-aivo-lhommage-emouvant-de-valentin-djenontin\\\/#primaryimage\",\"url\":\"https:\\\/\\\/lepatriotebenin.com\\\/wp-content\\\/uploads\\\/2026\\\/07\\\/aivo.jpeg\",\"contentUrl\":\"https:\\\/\\\/lepatriotebenin.com\\\/wp-content\\\/uploads\\\/2026\\\/07\\\/aivo.jpeg\",\"width\":446,\"height\":448},{\"@type\":\"BreadcrumbList\",\"@id\":\"https:\\\/\\\/lepatriotebenin.com\\\/index.php\\\/2026\\\/07\\\/18\\\/53e-anniversaire-du-prof-joel-aivo-lhommage-emouvant-de-valentin-djenontin\\\/#breadcrumb\",\"itemListElement\":[{\"@type\":\"ListItem\",\"position\":1,\"name\":\"Accueil\",\"item\":\"https:\\\/\\\/lepatriotebenin.com\\\/\"},{\"@type\":\"ListItem\",\"position\":2,\"name\":\"53\u00e8 anniversaire du Prof Jo\u00ebl A\u00efvo: L&rsquo;hommage \u00e9mouvant de Valentin Dj\u00e8nontin\"}]},{\"@type\":\"WebSite\",\"@id\":\"https:\\\/\\\/lepatriotebenin.com\\\/#website\",\"url\":\"https:\\\/\\\/lepatriotebenin.com\\\/\",\"name\":\"Le Patriote\",\"description\":\"Le Patriote B\u00e9nin\",\"potentialAction\":[{\"@type\":\"SearchAction\",\"target\":{\"@type\":\"EntryPoint\",\"urlTemplate\":\"https:\\\/\\\/lepatriotebenin.com\\\/?s={search_term_string}\"},\"query-input\":{\"@type\":\"PropertyValueSpecification\",\"valueRequired\":true,\"valueName\":\"search_term_string\"}}],\"inLanguage\":\"fr-FR\"},{\"@type\":\"Person\",\"@id\":\"https:\\\/\\\/lepatriotebenin.com\\\/#\\\/schema\\\/person\\\/4a9b67216c97d04045e01405c534c91f\",\"name\":\"Roland AFFANOU\",\"image\":{\"@type\":\"ImageObject\",\"inLanguage\":\"fr-FR\",\"@id\":\"https:\\\/\\\/secure.gravatar.com\\\/avatar\\\/7209d3f6d2d47ea4d0c67e14d3effb61feb10ae540a4381280c66265de5bd643?s=96&d=mm&r=g\",\"url\":\"https:\\\/\\\/secure.gravatar.com\\\/avatar\\\/7209d3f6d2d47ea4d0c67e14d3effb61feb10ae540a4381280c66265de5bd643?s=96&d=mm&r=g\",\"contentUrl\":\"https:\\\/\\\/secure.gravatar.com\\\/avatar\\\/7209d3f6d2d47ea4d0c67e14d3effb61feb10ae540a4381280c66265de5bd643?s=96&d=mm&r=g\",\"caption\":\"Roland AFFANOU\"},\"url\":\"https:\\\/\\\/lepatriotebenin.com\"}]}<\/script>\n<!-- \/ Yoast SEO plugin. -->","yoast_head_json":{"title":"53\u00e8 anniversaire du Prof Jo\u00ebl A\u00efvo: L'hommage \u00e9mouvant de Valentin Dj\u00e8nontin - Le Patriote","robots":{"index":"index","follow":"follow","max-snippet":"max-snippet:-1","max-image-preview":"max-image-preview:large","max-video-preview":"max-video-preview:-1"},"canonical":"https:\/\/lepatriotebenin.com\/index.php\/2026\/07\/18\/53e-anniversaire-du-prof-joel-aivo-lhommage-emouvant-de-valentin-djenontin\/","og_locale":"fr_FR","og_type":"article","og_title":"53\u00e8 anniversaire du Prof Jo\u00ebl A\u00efvo: L'hommage \u00e9mouvant de Valentin Dj\u00e8nontin - Le Patriote","og_description":"&nbsp; Incarc\u00e9r\u00e9 depuis le 25 avril 2021 \u00e0 la prison, le Professeur de Droit constitutionnel Jo\u00ebl A\u00efvo c\u00e9l\u00e8bre ce 18 juillet 2026 son 53\u1d49 anniversaire. C\u2019est dans ce cadre que&hellip;","og_url":"https:\/\/lepatriotebenin.com\/index.php\/2026\/07\/18\/53e-anniversaire-du-prof-joel-aivo-lhommage-emouvant-de-valentin-djenontin\/","og_site_name":"Le Patriote","article_published_time":"2026-07-18T14:52:01+00:00","og_image":[{"width":446,"height":448,"url":"https:\/\/lepatriotebenin.com\/wp-content\/uploads\/2026\/07\/aivo.jpeg","type":"image\/jpeg"}],"author":"Roland AFFANOU","twitter_card":"summary_large_image","twitter_misc":{"\u00c9crit par":"Roland AFFANOU","Dur\u00e9e de lecture estim\u00e9e":"4 minutes"},"schema":{"@context":"https:\/\/schema.org","@graph":[{"@type":"Article","@id":"https:\/\/lepatriotebenin.com\/index.php\/2026\/07\/18\/53e-anniversaire-du-prof-joel-aivo-lhommage-emouvant-de-valentin-djenontin\/#article","isPartOf":{"@id":"https:\/\/lepatriotebenin.com\/index.php\/2026\/07\/18\/53e-anniversaire-du-prof-joel-aivo-lhommage-emouvant-de-valentin-djenontin\/"},"author":{"name":"Roland AFFANOU","@id":"https:\/\/lepatriotebenin.com\/#\/schema\/person\/4a9b67216c97d04045e01405c534c91f"},"headline":"53\u00e8 anniversaire du Prof Jo\u00ebl A\u00efvo: L&rsquo;hommage \u00e9mouvant de Valentin Dj\u00e8nontin","datePublished":"2026-07-18T14:52:01+00:00","mainEntityOfPage":{"@id":"https:\/\/lepatriotebenin.com\/index.php\/2026\/07\/18\/53e-anniversaire-du-prof-joel-aivo-lhommage-emouvant-de-valentin-djenontin\/"},"wordCount":751,"commentCount":0,"image":{"@id":"https:\/\/lepatriotebenin.com\/index.php\/2026\/07\/18\/53e-anniversaire-du-prof-joel-aivo-lhommage-emouvant-de-valentin-djenontin\/#primaryimage"},"thumbnailUrl":"https:\/\/lepatriotebenin.com\/wp-content\/uploads\/2026\/07\/aivo.jpeg","articleSection":["Soci\u00e9t\u00e9"],"inLanguage":"fr-FR","potentialAction":[{"@type":"CommentAction","name":"Comment","target":["https:\/\/lepatriotebenin.com\/index.php\/2026\/07\/18\/53e-anniversaire-du-prof-joel-aivo-lhommage-emouvant-de-valentin-djenontin\/#respond"]}]},{"@type":"WebPage","@id":"https:\/\/lepatriotebenin.com\/index.php\/2026\/07\/18\/53e-anniversaire-du-prof-joel-aivo-lhommage-emouvant-de-valentin-djenontin\/","url":"https:\/\/lepatriotebenin.com\/index.php\/2026\/07\/18\/53e-anniversaire-du-prof-joel-aivo-lhommage-emouvant-de-valentin-djenontin\/","name":"53\u00e8 anniversaire du Prof Jo\u00ebl A\u00efvo: L'hommage \u00e9mouvant de Valentin Dj\u00e8nontin - Le Patriote","isPartOf":{"@id":"https:\/\/lepatriotebenin.com\/#website"},"primaryImageOfPage":{"@id":"https:\/\/lepatriotebenin.com\/index.php\/2026\/07\/18\/53e-anniversaire-du-prof-joel-aivo-lhommage-emouvant-de-valentin-djenontin\/#primaryimage"},"image":{"@id":"https:\/\/lepatriotebenin.com\/index.php\/2026\/07\/18\/53e-anniversaire-du-prof-joel-aivo-lhommage-emouvant-de-valentin-djenontin\/#primaryimage"},"thumbnailUrl":"https:\/\/lepatriotebenin.com\/wp-content\/uploads\/2026\/07\/aivo.jpeg","datePublished":"2026-07-18T14:52:01+00:00","author":{"@id":"https:\/\/lepatriotebenin.com\/#\/schema\/person\/4a9b67216c97d04045e01405c534c91f"},"breadcrumb":{"@id":"https:\/\/lepatriotebenin.com\/index.php\/2026\/07\/18\/53e-anniversaire-du-prof-joel-aivo-lhommage-emouvant-de-valentin-djenontin\/#breadcrumb"},"inLanguage":"fr-FR","potentialAction":[{"@type":"ReadAction","target":["https:\/\/lepatriotebenin.com\/index.php\/2026\/07\/18\/53e-anniversaire-du-prof-joel-aivo-lhommage-emouvant-de-valentin-djenontin\/"]}]},{"@type":"ImageObject","inLanguage":"fr-FR","@id":"https:\/\/lepatriotebenin.com\/index.php\/2026\/07\/18\/53e-anniversaire-du-prof-joel-aivo-lhommage-emouvant-de-valentin-djenontin\/#primaryimage","url":"https:\/\/lepatriotebenin.com\/wp-content\/uploads\/2026\/07\/aivo.jpeg","contentUrl":"https:\/\/lepatriotebenin.com\/wp-content\/uploads\/2026\/07\/aivo.jpeg","width":446,"height":448},{"@type":"BreadcrumbList","@id":"https:\/\/lepatriotebenin.com\/index.php\/2026\/07\/18\/53e-anniversaire-du-prof-joel-aivo-lhommage-emouvant-de-valentin-djenontin\/#breadcrumb","itemListElement":[{"@type":"ListItem","position":1,"name":"Accueil","item":"https:\/\/lepatriotebenin.com\/"},{"@type":"ListItem","position":2,"name":"53\u00e8 anniversaire du Prof Jo\u00ebl A\u00efvo: L&rsquo;hommage \u00e9mouvant de Valentin Dj\u00e8nontin"}]},{"@type":"WebSite","@id":"https:\/\/lepatriotebenin.com\/#website","url":"https:\/\/lepatriotebenin.com\/","name":"Le Patriote","description":"Le Patriote B\u00e9nin","potentialAction":[{"@type":"SearchAction","target":{"@type":"EntryPoint","urlTemplate":"https:\/\/lepatriotebenin.com\/?s={search_term_string}"},"query-input":{"@type":"PropertyValueSpecification","valueRequired":true,"valueName":"search_term_string"}}],"inLanguage":"fr-FR"},{"@type":"Person","@id":"https:\/\/lepatriotebenin.com\/#\/schema\/person\/4a9b67216c97d04045e01405c534c91f","name":"Roland AFFANOU","image":{"@type":"ImageObject","inLanguage":"fr-FR","@id":"https:\/\/secure.gravatar.com\/avatar\/7209d3f6d2d47ea4d0c67e14d3effb61feb10ae540a4381280c66265de5bd643?s=96&d=mm&r=g","url":"https:\/\/secure.gravatar.com\/avatar\/7209d3f6d2d47ea4d0c67e14d3effb61feb10ae540a4381280c66265de5bd643?s=96&d=mm&r=g","contentUrl":"https:\/\/secure.gravatar.com\/avatar\/7209d3f6d2d47ea4d0c67e14d3effb61feb10ae540a4381280c66265de5bd643?s=96&d=mm&r=g","caption":"Roland AFFANOU"},"url":"https:\/\/lepatriotebenin.com"}]}},"_links":{"self":[{"href":"https:\/\/lepatriotebenin.com\/index.php\/wp-json\/wp\/v2\/posts\/21822","targetHints":{"allow":["GET"]}}],"collection":[{"href":"https:\/\/lepatriotebenin.com\/index.php\/wp-json\/wp\/v2\/posts"}],"about":[{"href":"https:\/\/lepatriotebenin.com\/index.php\/wp-json\/wp\/v2\/types\/post"}],"author":[{"embeddable":true,"href":"https:\/\/lepatriotebenin.com\/index.php\/wp-json\/wp\/v2\/users\/6"}],"replies":[{"embeddable":true,"href":"https:\/\/lepatriotebenin.com\/index.php\/wp-json\/wp\/v2\/comments?post=21822"}],"version-history":[{"count":1,"href":"https:\/\/lepatriotebenin.com\/index.php\/wp-json\/wp\/v2\/posts\/21822\/revisions"}],"predecessor-version":[{"id":21824,"href":"https:\/\/lepatriotebenin.com\/index.php\/wp-json\/wp\/v2\/posts\/21822\/revisions\/21824"}],"wp:featuredmedia":[{"embeddable":true,"href":"https:\/\/lepatriotebenin.com\/index.php\/wp-json\/wp\/v2\/media\/21823"}],"wp:attachment":[{"href":"https:\/\/lepatriotebenin.com\/index.php\/wp-json\/wp\/v2\/media?parent=21822"}],"wp:term":[{"taxonomy":"category","embeddable":true,"href":"https:\/\/lepatriotebenin.com\/index.php\/wp-json\/wp\/v2\/categories?post=21822"},{"taxonomy":"post_tag","embeddable":true,"href":"https:\/\/lepatriotebenin.com\/index.php\/wp-json\/wp\/v2\/tags?post=21822"}],"curies":[{"name":"wp","href":"https:\/\/api.w.org\/{rel}","templated":true}]}}