{"id":21819,"date":"2026-07-18T16:06:44","date_gmt":"2026-07-18T14:06:44","guid":{"rendered":"https:\/\/lepatriotebenin.com\/?p=21819"},"modified":"2026-07-18T16:06:44","modified_gmt":"2026-07-18T14:06:44","slug":"rdc-lepidemie-debola-depasse-les-2-100-cas-confirmes","status":"publish","type":"post","link":"https:\/\/lepatriotebenin.com\/index.php\/2026\/07\/18\/rdc-lepidemie-debola-depasse-les-2-100-cas-confirmes\/","title":{"rendered":"\u200eRDC : l&rsquo;\u00e9pid\u00e9mie d&rsquo;Ebola d\u00e9passe les 2 100 cas confirm\u00e9s"},"content":{"rendered":"<p>&nbsp;<\/p>\n<p>\u200eL&rsquo;\u00e9pid\u00e9mie d&rsquo;Ebola continue de s&rsquo;aggraver dans l&rsquo;est de la R\u00e9publique d\u00e9mocratique du Congo. L&rsquo;Organisation mondiale de la Sant\u00e9 (OMS) alerte sur une propagation qui d\u00e9passe toujours les capacit\u00e9s de riposte.<\/p>\n<p>\u200eLa R\u00e9publique d\u00e9mocratique du Congo (RDC) fait face \u00e0 la plus grave flamb\u00e9e d&rsquo;Ebola caus\u00e9e par le virus Bundibugyo jamais enregistr\u00e9e. Selon le dernier bilan de l&rsquo;OMS, publi\u00e9 le 17 juillet, le pays totalise 2 124 cas confirm\u00e9s et 828 d\u00e9c\u00e8s, principalement dans les provinces de l&rsquo;Ituri, du Nord-Kivu, du Sud-Kivu, du Haut-Uele et de la Tshopo.<\/p>\n<p>\u200eD\u00e9clar\u00e9e en mai 2026, cette \u00e9pid\u00e9mie progresse \u00e0 un rythme in\u00e9dit. L&rsquo;OMS souligne que de nombreuses cha\u00eenes de transmission restent inconnues, compliquant le tra\u00e7age des contacts et les op\u00e9rations de confinement. L&rsquo;ins\u00e9curit\u00e9 persistante dans l&rsquo;est du pays, les d\u00e9placements de populations, les attaques contre les structures de sant\u00e9 et le manque de financement freinent \u00e9galement la riposte.<\/p>\n<p>\u200e\u00c0 ce jour, environ 390 patients ont pu gu\u00e9rir en RDC. Toutefois, aucun vaccin homologu\u00e9 n&rsquo;est disponible contre cette souche du virus Bundibugyo, m\u00eame si des essais cliniques sur des traitements exp\u00e9rimentaux sont en cours. L&rsquo;\u00e9pid\u00e9mie a \u00e9galement entra\u00een\u00e9 des cas import\u00e9s en Ouganda, en Allemagne et en France, renfor\u00e7ant la vigilance sanitaire internationale.<\/p>\n<p>\u200eFace \u00e0 cette situation, l&rsquo;OMS appelle \u00e0 une mobilisation urgente des partenaires internationaux afin de renforcer les capacit\u00e9s de surveillance, de prise en charge des malades et de protection des personnels de sant\u00e9, alors que cette flamb\u00e9e est d\u00e9sormais consid\u00e9r\u00e9e comme la plus rapide de l&rsquo;histoire d&rsquo;Ebola.<\/p>\n<p>\u200e<\/p>\n<p>\u200eEz\u00e9chiel Dagb\u00e9gnon PADONOU<\/p>\n","protected":false},"excerpt":{"rendered":"<p>&nbsp; \u200eL&rsquo;\u00e9pid\u00e9mie d&rsquo;Ebola continue de s&rsquo;aggraver dans l&rsquo;est de la R\u00e9publique d\u00e9mocratique du Congo. L&rsquo;Organisation mondiale de la Sant\u00e9 (OMS) alerte sur une propagation qui d\u00e9passe toujours les capacit\u00e9s de&hellip;<\/p>\n","protected":false},"author":5,"featured_media":21820,"comment_status":"open","ping_status":"open","sticky":false,"template":"","format":"standard","meta":{"content-type":"","om_disable_all_campaigns":false,"_monsterinsights_skip_tracking":false,"_uf_show_specific_survey":0,"_uf_disable_surveys":false,"footnotes":""},"categories":[19],"tags":[],"class_list":["post-21819","post","type-post","status-publish","format-standard","has-post-thumbnail","hentry","category-sante"],"aioseo_notices":[],"aioseo_head":"\n\t\t<!-- All in One SEO 5.0.1.1 - aioseo.com -->\n\t<meta name=\"description\" content=\"\u200eL&#039;\u00e9pid\u00e9mie d&#039;Ebola continue de s&#039;aggraver dans l&#039;est de la R\u00e9publique d\u00e9mocratique du Congo. L&#039;Organisation mondiale de la Sant\u00e9 (OMS) alerte sur une propagation qui d\u00e9passe toujours les capacit\u00e9s de riposte. \u200eLa R\u00e9publique d\u00e9mocratique du Congo (RDC) fait face \u00e0 la plus grave flamb\u00e9e d&#039;Ebola caus\u00e9e par le virus Bundibugyo jamais enregistr\u00e9e. Selon le dernier\" \/>\n\t<meta name=\"robots\" content=\"max-image-preview:large\" \/>\n\t<meta name=\"author\" content=\"Redaction\"\/>\n\t<link rel=\"canonical\" href=\"https:\/\/lepatriotebenin.com\/index.php\/2026\/07\/18\/rdc-lepidemie-debola-depasse-les-2-100-cas-confirmes\/\" \/>\n\t<meta name=\"generator\" content=\"All in One SEO (AIOSEO) 5.0.1.1\" \/>\n\t\t<meta property=\"og:locale\" content=\"fr_FR\" \/>\n\t\t<meta property=\"og:site_name\" content=\"Le Patriote - Le Patriote B\u00e9nin\" \/>\n\t\t<meta property=\"og:type\" content=\"article\" \/>\n\t\t<meta property=\"og:title\" content=\"\u200eRDC : l\u2019\u00e9pid\u00e9mie d\u2019Ebola d\u00e9passe les 2 100 cas confirm\u00e9s - Le Patriote\" \/>\n\t\t<meta property=\"og:description\" content=\"\u200eL&#039;\u00e9pid\u00e9mie d&#039;Ebola continue de s&#039;aggraver dans l&#039;est de la R\u00e9publique d\u00e9mocratique du Congo. L&#039;Organisation mondiale de la Sant\u00e9 (OMS) alerte sur une propagation qui d\u00e9passe toujours les capacit\u00e9s de riposte. \u200eLa R\u00e9publique d\u00e9mocratique du Congo (RDC) fait face \u00e0 la plus grave flamb\u00e9e d&#039;Ebola caus\u00e9e par le virus Bundibugyo jamais enregistr\u00e9e. Selon le dernier\" \/>\n\t\t<meta property=\"og:url\" content=\"https:\/\/lepatriotebenin.com\/index.php\/2026\/07\/18\/rdc-lepidemie-debola-depasse-les-2-100-cas-confirmes\/\" \/>\n\t\t<meta property=\"article:published_time\" content=\"2026-07-18T14:06:44+00:00\" \/>\n\t\t<meta property=\"article:modified_time\" content=\"2026-07-18T14:06:44+00:00\" \/>\n\t\t<meta name=\"twitter:card\" content=\"summary_large_image\" \/>\n\t\t<meta name=\"twitter:title\" content=\"\u200eRDC : l\u2019\u00e9pid\u00e9mie d\u2019Ebola d\u00e9passe les 2 100 cas confirm\u00e9s - Le Patriote\" \/>\n\t\t<meta name=\"twitter:description\" content=\"\u200eL&#039;\u00e9pid\u00e9mie d&#039;Ebola continue de s&#039;aggraver dans l&#039;est de la R\u00e9publique d\u00e9mocratique du Congo. L&#039;Organisation mondiale de la Sant\u00e9 (OMS) alerte sur une propagation qui d\u00e9passe toujours les capacit\u00e9s de riposte. \u200eLa R\u00e9publique d\u00e9mocratique du Congo (RDC) fait face \u00e0 la plus grave flamb\u00e9e d&#039;Ebola caus\u00e9e par le virus Bundibugyo jamais enregistr\u00e9e. Selon le dernier\" \/>\n\t\t<script type=\"application\/ld+json\" class=\"aioseo-schema\">\n\t\t\t{\"@context\":\"https:\\\/\\\/schema.org\",\"@graph\":[{\"@type\":\"BlogPosting\",\"@id\":\"https:\\\/\\\/lepatriotebenin.com\\\/index.php\\\/2026\\\/07\\\/18\\\/rdc-lepidemie-debola-depasse-les-2-100-cas-confirmes\\\/#blogposting\",\"name\":\"\\u200eRDC : l\\u2019\\u00e9pid\\u00e9mie d\\u2019Ebola d\\u00e9passe les 2 100 cas confirm\\u00e9s - Le Patriote\",\"headline\":\"\\u200eRDC : l&rsquo;\\u00e9pid\\u00e9mie d&rsquo;Ebola d\\u00e9passe les 2 100 cas confirm\\u00e9s\",\"author\":{\"@id\":\"https:\\\/\\\/lepatriotebenin.com#author\"},\"publisher\":{\"@id\":\"https:\\\/\\\/lepatriotebenin.com\\\/#organization\"},\"image\":{\"@type\":\"ImageObject\",\"url\":\"https:\\\/\\\/lepatriotebenin.com\\\/wp-content\\\/uploads\\\/2026\\\/07\\\/rdc-1ebola.jpeg\",\"width\":720,\"height\":503},\"datePublished\":\"2026-07-18T16:06:44+02:00\",\"dateModified\":\"2026-07-18T16:06:44+02:00\",\"inLanguage\":\"fr-FR\",\"mainEntityOfPage\":{\"@id\":\"https:\\\/\\\/lepatriotebenin.com\\\/index.php\\\/2026\\\/07\\\/18\\\/rdc-lepidemie-debola-depasse-les-2-100-cas-confirmes\\\/#webpage\"},\"isPartOf\":{\"@id\":\"https:\\\/\\\/lepatriotebenin.com\\\/index.php\\\/2026\\\/07\\\/18\\\/rdc-lepidemie-debola-depasse-les-2-100-cas-confirmes\\\/#webpage\"},\"articleSection\":\"Sant\\u00e9\"},{\"@type\":\"BreadcrumbList\",\"@id\":\"https:\\\/\\\/lepatriotebenin.com\\\/index.php\\\/2026\\\/07\\\/18\\\/rdc-lepidemie-debola-depasse-les-2-100-cas-confirmes\\\/#breadcrumblist\",\"itemListElement\":[{\"@type\":\"ListItem\",\"@id\":\"https:\\\/\\\/lepatriotebenin.com#listItem\",\"position\":1,\"name\":\"Home\",\"item\":\"https:\\\/\\\/lepatriotebenin.com\",\"nextItem\":{\"@type\":\"ListItem\",\"@id\":\"https:\\\/\\\/lepatriotebenin.com\\\/index.php\\\/category\\\/sante\\\/#listItem\",\"name\":\"Sant\\u00e9\"}},{\"@type\":\"ListItem\",\"@id\":\"https:\\\/\\\/lepatriotebenin.com\\\/index.php\\\/category\\\/sante\\\/#listItem\",\"position\":2,\"name\":\"Sant\\u00e9\",\"item\":\"https:\\\/\\\/lepatriotebenin.com\\\/index.php\\\/category\\\/sante\\\/\",\"nextItem\":{\"@type\":\"ListItem\",\"@id\":\"https:\\\/\\\/lepatriotebenin.com\\\/index.php\\\/2026\\\/07\\\/18\\\/rdc-lepidemie-debola-depasse-les-2-100-cas-confirmes\\\/#listItem\",\"name\":\"\\u200eRDC : l&rsquo;\\u00e9pid\\u00e9mie d&rsquo;Ebola d\\u00e9passe les 2 100 cas confirm\\u00e9s\"},\"previousItem\":{\"@type\":\"ListItem\",\"@id\":\"https:\\\/\\\/lepatriotebenin.com#listItem\",\"name\":\"Home\"}},{\"@type\":\"ListItem\",\"@id\":\"https:\\\/\\\/lepatriotebenin.com\\\/index.php\\\/2026\\\/07\\\/18\\\/rdc-lepidemie-debola-depasse-les-2-100-cas-confirmes\\\/#listItem\",\"position\":3,\"name\":\"\\u200eRDC : l&rsquo;\\u00e9pid\\u00e9mie d&rsquo;Ebola d\\u00e9passe les 2 100 cas confirm\\u00e9s\",\"previousItem\":{\"@type\":\"ListItem\",\"@id\":\"https:\\\/\\\/lepatriotebenin.com\\\/index.php\\\/category\\\/sante\\\/#listItem\",\"name\":\"Sant\\u00e9\"}}]},{\"@type\":\"Organization\",\"@id\":\"https:\\\/\\\/lepatriotebenin.com\\\/#organization\",\"name\":\"Le Patriote\",\"description\":\"Le Patriote B\\u00e9nin\",\"url\":\"https:\\\/\\\/lepatriotebenin.com\\\/\"},{\"@type\":\"Person\",\"@id\":\"https:\\\/\\\/lepatriotebenin.com#author\",\"url\":\"https:\\\/\\\/lepatriotebenin.com\",\"name\":\"Redaction\",\"image\":{\"@type\":\"ImageObject\",\"@id\":\"https:\\\/\\\/lepatriotebenin.com\\\/index.php\\\/2026\\\/07\\\/18\\\/rdc-lepidemie-debola-depasse-les-2-100-cas-confirmes\\\/#authorImage\",\"url\":\"https:\\\/\\\/secure.gravatar.com\\\/avatar\\\/c4c509357859ea2ca2cbb6d8812898a73e4ef1ef9934c2e591d7e32face734d1?s=96&d=mm&r=g\",\"width\":96,\"height\":96,\"caption\":\"Redaction\"}},{\"@type\":\"WebPage\",\"@id\":\"https:\\\/\\\/lepatriotebenin.com\\\/index.php\\\/2026\\\/07\\\/18\\\/rdc-lepidemie-debola-depasse-les-2-100-cas-confirmes\\\/#webpage\",\"url\":\"https:\\\/\\\/lepatriotebenin.com\\\/index.php\\\/2026\\\/07\\\/18\\\/rdc-lepidemie-debola-depasse-les-2-100-cas-confirmes\\\/\",\"name\":\"\\u200eRDC : l\\u2019\\u00e9pid\\u00e9mie d\\u2019Ebola d\\u00e9passe les 2 100 cas confirm\\u00e9s - Le Patriote\",\"description\":\"\\u200eL'\\u00e9pid\\u00e9mie d'Ebola continue de s'aggraver dans l'est de la R\\u00e9publique d\\u00e9mocratique du Congo. L'Organisation mondiale de la Sant\\u00e9 (OMS) alerte sur une propagation qui d\\u00e9passe toujours les capacit\\u00e9s de riposte. \\u200eLa R\\u00e9publique d\\u00e9mocratique du Congo (RDC) fait face \\u00e0 la plus grave flamb\\u00e9e d'Ebola caus\\u00e9e par le virus Bundibugyo jamais enregistr\\u00e9e. Selon le dernier\",\"inLanguage\":\"fr-FR\",\"isPartOf\":{\"@id\":\"https:\\\/\\\/lepatriotebenin.com\\\/#website\"},\"breadcrumb\":{\"@id\":\"https:\\\/\\\/lepatriotebenin.com\\\/index.php\\\/2026\\\/07\\\/18\\\/rdc-lepidemie-debola-depasse-les-2-100-cas-confirmes\\\/#breadcrumblist\"},\"author\":{\"@id\":\"https:\\\/\\\/lepatriotebenin.com#author\"},\"creator\":{\"@id\":\"https:\\\/\\\/lepatriotebenin.com#author\"},\"image\":{\"@type\":\"ImageObject\",\"url\":\"https:\\\/\\\/lepatriotebenin.com\\\/wp-content\\\/uploads\\\/2026\\\/07\\\/rdc-1ebola.jpeg\",\"@id\":\"https:\\\/\\\/lepatriotebenin.com\\\/index.php\\\/2026\\\/07\\\/18\\\/rdc-lepidemie-debola-depasse-les-2-100-cas-confirmes\\\/#mainImage\",\"width\":720,\"height\":503},\"primaryImageOfPage\":{\"@id\":\"https:\\\/\\\/lepatriotebenin.com\\\/index.php\\\/2026\\\/07\\\/18\\\/rdc-lepidemie-debola-depasse-les-2-100-cas-confirmes\\\/#mainImage\"},\"datePublished\":\"2026-07-18T16:06:44+02:00\",\"dateModified\":\"2026-07-18T16:06:44+02:00\"},{\"@type\":\"WebSite\",\"@id\":\"https:\\\/\\\/lepatriotebenin.com\\\/#website\",\"url\":\"https:\\\/\\\/lepatriotebenin.com\\\/\",\"name\":\"Le Patriote\",\"description\":\"Le Patriote B\\u00e9nin\",\"inLanguage\":\"fr-FR\",\"publisher\":{\"@id\":\"https:\\\/\\\/lepatriotebenin.com\\\/#organization\"}}]}\n\t\t<\/script>\n\t\t<!-- All in One SEO -->\n\n","aioseo_head_json":{"title":"\u200eRDC : l\u2019\u00e9pid\u00e9mie d\u2019Ebola d\u00e9passe les 2 100 cas confirm\u00e9s - Le Patriote","description":"\u200eL'\u00e9pid\u00e9mie d'Ebola continue de s'aggraver dans l'est de la R\u00e9publique d\u00e9mocratique du Congo. L'Organisation mondiale de la Sant\u00e9 (OMS) alerte sur une propagation qui d\u00e9passe toujours les capacit\u00e9s de riposte. \u200eLa R\u00e9publique d\u00e9mocratique du Congo (RDC) fait face \u00e0 la plus grave flamb\u00e9e d'Ebola caus\u00e9e par le virus Bundibugyo jamais enregistr\u00e9e. Selon le dernier","canonical_url":"https:\/\/lepatriotebenin.com\/index.php\/2026\/07\/18\/rdc-lepidemie-debola-depasse-les-2-100-cas-confirmes\/","robots":"max-image-preview:large","keywords":"","webmasterTools":{"miscellaneous":""},"schema":{"@context":"https:\/\/schema.org","@graph":[{"@type":"BlogPosting","@id":"https:\/\/lepatriotebenin.com\/index.php\/2026\/07\/18\/rdc-lepidemie-debola-depasse-les-2-100-cas-confirmes\/#blogposting","name":"\u200eRDC : l\u2019\u00e9pid\u00e9mie d\u2019Ebola d\u00e9passe les 2 100 cas confirm\u00e9s - Le Patriote","headline":"\u200eRDC : l&rsquo;\u00e9pid\u00e9mie d&rsquo;Ebola d\u00e9passe les 2 100 cas confirm\u00e9s","author":{"@id":"https:\/\/lepatriotebenin.com#author"},"publisher":{"@id":"https:\/\/lepatriotebenin.com\/#organization"},"image":{"@type":"ImageObject","url":"https:\/\/lepatriotebenin.com\/wp-content\/uploads\/2026\/07\/rdc-1ebola.jpeg","width":720,"height":503},"datePublished":"2026-07-18T16:06:44+02:00","dateModified":"2026-07-18T16:06:44+02:00","inLanguage":"fr-FR","mainEntityOfPage":{"@id":"https:\/\/lepatriotebenin.com\/index.php\/2026\/07\/18\/rdc-lepidemie-debola-depasse-les-2-100-cas-confirmes\/#webpage"},"isPartOf":{"@id":"https:\/\/lepatriotebenin.com\/index.php\/2026\/07\/18\/rdc-lepidemie-debola-depasse-les-2-100-cas-confirmes\/#webpage"},"articleSection":"Sant\u00e9"},{"@type":"BreadcrumbList","@id":"https:\/\/lepatriotebenin.com\/index.php\/2026\/07\/18\/rdc-lepidemie-debola-depasse-les-2-100-cas-confirmes\/#breadcrumblist","itemListElement":[{"@type":"ListItem","@id":"https:\/\/lepatriotebenin.com#listItem","position":1,"name":"Home","item":"https:\/\/lepatriotebenin.com","nextItem":{"@type":"ListItem","@id":"https:\/\/lepatriotebenin.com\/index.php\/category\/sante\/#listItem","name":"Sant\u00e9"}},{"@type":"ListItem","@id":"https:\/\/lepatriotebenin.com\/index.php\/category\/sante\/#listItem","position":2,"name":"Sant\u00e9","item":"https:\/\/lepatriotebenin.com\/index.php\/category\/sante\/","nextItem":{"@type":"ListItem","@id":"https:\/\/lepatriotebenin.com\/index.php\/2026\/07\/18\/rdc-lepidemie-debola-depasse-les-2-100-cas-confirmes\/#listItem","name":"\u200eRDC : l&rsquo;\u00e9pid\u00e9mie d&rsquo;Ebola d\u00e9passe les 2 100 cas confirm\u00e9s"},"previousItem":{"@type":"ListItem","@id":"https:\/\/lepatriotebenin.com#listItem","name":"Home"}},{"@type":"ListItem","@id":"https:\/\/lepatriotebenin.com\/index.php\/2026\/07\/18\/rdc-lepidemie-debola-depasse-les-2-100-cas-confirmes\/#listItem","position":3,"name":"\u200eRDC : l&rsquo;\u00e9pid\u00e9mie d&rsquo;Ebola d\u00e9passe les 2 100 cas confirm\u00e9s","previousItem":{"@type":"ListItem","@id":"https:\/\/lepatriotebenin.com\/index.php\/category\/sante\/#listItem","name":"Sant\u00e9"}}]},{"@type":"Organization","@id":"https:\/\/lepatriotebenin.com\/#organization","name":"Le Patriote","description":"Le Patriote B\u00e9nin","url":"https:\/\/lepatriotebenin.com\/"},{"@type":"Person","@id":"https:\/\/lepatriotebenin.com#author","url":"https:\/\/lepatriotebenin.com","name":"Redaction","image":{"@type":"ImageObject","@id":"https:\/\/lepatriotebenin.com\/index.php\/2026\/07\/18\/rdc-lepidemie-debola-depasse-les-2-100-cas-confirmes\/#authorImage","url":"https:\/\/secure.gravatar.com\/avatar\/c4c509357859ea2ca2cbb6d8812898a73e4ef1ef9934c2e591d7e32face734d1?s=96&d=mm&r=g","width":96,"height":96,"caption":"Redaction"}},{"@type":"WebPage","@id":"https:\/\/lepatriotebenin.com\/index.php\/2026\/07\/18\/rdc-lepidemie-debola-depasse-les-2-100-cas-confirmes\/#webpage","url":"https:\/\/lepatriotebenin.com\/index.php\/2026\/07\/18\/rdc-lepidemie-debola-depasse-les-2-100-cas-confirmes\/","name":"\u200eRDC : l\u2019\u00e9pid\u00e9mie d\u2019Ebola d\u00e9passe les 2 100 cas confirm\u00e9s - Le Patriote","description":"\u200eL'\u00e9pid\u00e9mie d'Ebola continue de s'aggraver dans l'est de la R\u00e9publique d\u00e9mocratique du Congo. L'Organisation mondiale de la Sant\u00e9 (OMS) alerte sur une propagation qui d\u00e9passe toujours les capacit\u00e9s de riposte. \u200eLa R\u00e9publique d\u00e9mocratique du Congo (RDC) fait face \u00e0 la plus grave flamb\u00e9e d'Ebola caus\u00e9e par le virus Bundibugyo jamais enregistr\u00e9e. Selon le dernier","inLanguage":"fr-FR","isPartOf":{"@id":"https:\/\/lepatriotebenin.com\/#website"},"breadcrumb":{"@id":"https:\/\/lepatriotebenin.com\/index.php\/2026\/07\/18\/rdc-lepidemie-debola-depasse-les-2-100-cas-confirmes\/#breadcrumblist"},"author":{"@id":"https:\/\/lepatriotebenin.com#author"},"creator":{"@id":"https:\/\/lepatriotebenin.com#author"},"image":{"@type":"ImageObject","url":"https:\/\/lepatriotebenin.com\/wp-content\/uploads\/2026\/07\/rdc-1ebola.jpeg","@id":"https:\/\/lepatriotebenin.com\/index.php\/2026\/07\/18\/rdc-lepidemie-debola-depasse-les-2-100-cas-confirmes\/#mainImage","width":720,"height":503},"primaryImageOfPage":{"@id":"https:\/\/lepatriotebenin.com\/index.php\/2026\/07\/18\/rdc-lepidemie-debola-depasse-les-2-100-cas-confirmes\/#mainImage"},"datePublished":"2026-07-18T16:06:44+02:00","dateModified":"2026-07-18T16:06:44+02:00"},{"@type":"WebSite","@id":"https:\/\/lepatriotebenin.com\/#website","url":"https:\/\/lepatriotebenin.com\/","name":"Le Patriote","description":"Le Patriote B\u00e9nin","inLanguage":"fr-FR","publisher":{"@id":"https:\/\/lepatriotebenin.com\/#organization"}}]},"og:locale":"fr_FR","og:site_name":"Le Patriote - Le Patriote B\u00e9nin","og:type":"article","og:title":"\u200eRDC : l\u2019\u00e9pid\u00e9mie d\u2019Ebola d\u00e9passe les 2 100 cas confirm\u00e9s - Le Patriote","og:description":"\u200eL'\u00e9pid\u00e9mie d'Ebola continue de s'aggraver dans l'est de la R\u00e9publique d\u00e9mocratique du Congo. L'Organisation mondiale de la Sant\u00e9 (OMS) alerte sur une propagation qui d\u00e9passe toujours les capacit\u00e9s de riposte. \u200eLa R\u00e9publique d\u00e9mocratique du Congo (RDC) fait face \u00e0 la plus grave flamb\u00e9e d'Ebola caus\u00e9e par le virus Bundibugyo jamais enregistr\u00e9e. Selon le dernier","og:url":"https:\/\/lepatriotebenin.com\/index.php\/2026\/07\/18\/rdc-lepidemie-debola-depasse-les-2-100-cas-confirmes\/","article:published_time":"2026-07-18T14:06:44+00:00","article:modified_time":"2026-07-18T14:06:44+00:00","twitter:card":"summary_large_image","twitter:title":"\u200eRDC : l\u2019\u00e9pid\u00e9mie d\u2019Ebola d\u00e9passe les 2 100 cas confirm\u00e9s - Le Patriote","twitter:description":"\u200eL'\u00e9pid\u00e9mie d'Ebola continue de s'aggraver dans l'est de la R\u00e9publique d\u00e9mocratique du Congo. L'Organisation mondiale de la Sant\u00e9 (OMS) alerte sur une propagation qui d\u00e9passe toujours les capacit\u00e9s de riposte. \u200eLa R\u00e9publique d\u00e9mocratique du Congo (RDC) fait face \u00e0 la plus grave flamb\u00e9e d'Ebola caus\u00e9e par le virus Bundibugyo jamais enregistr\u00e9e. Selon le dernier"},"aioseo_meta_data":{"post_id":"21819","title":null,"description":null,"keywords":null,"keyphrases":{"focus":{"keyphrase":"","score":0,"analysis":{"keyphraseInTitle":{"score":0,"maxScore":9,"error":1}}},"additional":[]},"primary_term":null,"canonical_url":null,"og_title":null,"og_description":null,"og_object_type":"default","og_image_type":"default","og_image_url":null,"og_image_width":null,"og_image_height":null,"og_image_custom_url":null,"og_image_custom_fields":null,"og_video":"","og_custom_url":null,"og_article_section":null,"og_article_tags":null,"twitter_use_og":false,"twitter_card":"default","twitter_image_type":"default","twitter_image_url":null,"twitter_image_custom_url":null,"twitter_image_custom_fields":null,"twitter_title":null,"twitter_description":null,"schema":{"blockGraphs":[],"customGraphs":[],"default":{"data":{"Article":[],"Course":[],"Dataset":[],"FAQPage":[],"Movie":[],"Person":[],"Product":[],"ProductReview":[],"Car":[],"Recipe":[],"Service":[],"SoftwareApplication":[],"WebPage":[]},"graphName":"BlogPosting","isEnabled":true},"graphs":[]},"schema_type":"default","schema_type_options":null,"pillar_content":false,"robots_default":true,"robots_noindex":false,"robots_noarchive":false,"robots_nosnippet":false,"robots_nofollow":false,"robots_noimageindex":false,"robots_noodp":false,"robots_notranslate":false,"robots_max_snippet":"-1","robots_max_videopreview":"-1","robots_max_imagepreview":"large","priority":null,"frequency":"default","local_seo":null,"breadcrumb_settings":null,"limit_modified_date":false,"ai":{"faqs":[],"keyPoints":[],"schemas":[],"titles":[],"descriptions":[],"socialPosts":{"email":{"subject":"","preview":"","content":""},"linkedin":[],"twitter":[],"facebook":[],"instagram":[]}},"created":"2026-07-18 14:06:44","updated":"2026-07-18 14:10:33","seo_analyzer_scan_date":null,"focus_keyword":null,"additional_keywords":null,"truseo_locale":null},"aioseo_breadcrumb":"<div class=\"aioseo-breadcrumbs\"><span class=\"aioseo-breadcrumb\">\n\t\t\t<a href=\"https:\/\/lepatriotebenin.com\" title=\"Home\">Home<\/a>\n\t\t<\/span><span class=\"aioseo-breadcrumb-separator\">&raquo;<\/span><span class=\"aioseo-breadcrumb\">\n\t\t\t<a href=\"https:\/\/lepatriotebenin.com\/index.php\/category\/sante\/\" title=\"Sant\u00e9\">Sant\u00e9<\/a>\n\t\t<\/span><span class=\"aioseo-breadcrumb-separator\">&raquo;<\/span><span class=\"aioseo-breadcrumb\">\n\t\t\t\u200eRDC : l\u2019\u00e9pid\u00e9mie d\u2019Ebola d\u00e9passe les 2 100 cas confirm\u00e9s\n\t\t<\/span><\/div>","aioseo_breadcrumb_json":[{"label":"Home","link":"https:\/\/lepatriotebenin.com"},{"label":"Sant\u00e9","link":"https:\/\/lepatriotebenin.com\/index.php\/category\/sante\/"},{"label":"\u200eRDC : l&rsquo;\u00e9pid\u00e9mie d&rsquo;Ebola d\u00e9passe les 2 100 cas confirm\u00e9s","link":"https:\/\/lepatriotebenin.com\/index.php\/2026\/07\/18\/rdc-lepidemie-debola-depasse-les-2-100-cas-confirmes\/"}],"yoast_head":"<!-- This site is optimized with the Yoast SEO plugin v28.4 - https:\/\/yoast.com\/product\/yoast-seo-wordpress\/ -->\n<title>\u200eRDC : l&#039;\u00e9pid\u00e9mie d&#039;Ebola d\u00e9passe les 2 100 cas confirm\u00e9s - Le Patriote<\/title>\n<meta name=\"robots\" content=\"index, follow, max-snippet:-1, max-image-preview:large, max-video-preview:-1\" \/>\n<link rel=\"canonical\" href=\"https:\/\/lepatriotebenin.com\/index.php\/2026\/07\/18\/rdc-lepidemie-debola-depasse-les-2-100-cas-confirmes\/\" \/>\n<meta property=\"og:locale\" content=\"fr_FR\" \/>\n<meta property=\"og:type\" content=\"article\" \/>\n<meta property=\"og:title\" content=\"\u200eRDC : l&#039;\u00e9pid\u00e9mie d&#039;Ebola d\u00e9passe les 2 100 cas confirm\u00e9s - Le Patriote\" \/>\n<meta property=\"og:description\" content=\"&nbsp; \u200eL&rsquo;\u00e9pid\u00e9mie d&rsquo;Ebola continue de s&rsquo;aggraver dans l&rsquo;est de la R\u00e9publique d\u00e9mocratique du Congo. L&rsquo;Organisation mondiale de la Sant\u00e9 (OMS) alerte sur une propagation qui d\u00e9passe toujours les capacit\u00e9s de&hellip;\" \/>\n<meta property=\"og:url\" content=\"https:\/\/lepatriotebenin.com\/index.php\/2026\/07\/18\/rdc-lepidemie-debola-depasse-les-2-100-cas-confirmes\/\" \/>\n<meta property=\"og:site_name\" content=\"Le Patriote\" \/>\n<meta property=\"article:published_time\" content=\"2026-07-18T14:06:44+00:00\" \/>\n<meta property=\"og:image\" content=\"https:\/\/lepatriotebenin.com\/wp-content\/uploads\/2026\/07\/rdc-1ebola.jpeg\" \/>\n\t<meta property=\"og:image:width\" content=\"720\" \/>\n\t<meta property=\"og:image:height\" content=\"503\" \/>\n\t<meta property=\"og:image:type\" content=\"image\/jpeg\" \/>\n<meta name=\"author\" content=\"Redaction\" \/>\n<meta name=\"twitter:card\" content=\"summary_large_image\" \/>\n<meta name=\"twitter:label1\" content=\"\u00c9crit par\" \/>\n\t<meta name=\"twitter:data1\" content=\"Redaction\" \/>\n\t<meta name=\"twitter:label2\" content=\"Dur\u00e9e de lecture estim\u00e9e\" \/>\n\t<meta name=\"twitter:data2\" content=\"2 minutes\" \/>\n<script type=\"application\/ld+json\" class=\"yoast-schema-graph\">{\"@context\":\"https:\\\/\\\/schema.org\",\"@graph\":[{\"@type\":\"Article\",\"@id\":\"https:\\\/\\\/lepatriotebenin.com\\\/index.php\\\/2026\\\/07\\\/18\\\/rdc-lepidemie-debola-depasse-les-2-100-cas-confirmes\\\/#article\",\"isPartOf\":{\"@id\":\"https:\\\/\\\/lepatriotebenin.com\\\/index.php\\\/2026\\\/07\\\/18\\\/rdc-lepidemie-debola-depasse-les-2-100-cas-confirmes\\\/\"},\"author\":{\"name\":\"Redaction\",\"@id\":\"https:\\\/\\\/lepatriotebenin.com\\\/#\\\/schema\\\/person\\\/2e7709b9c9cc313e452d1136af61690f\"},\"headline\":\"\u200eRDC : l&rsquo;\u00e9pid\u00e9mie d&rsquo;Ebola d\u00e9passe les 2 100 cas confirm\u00e9s\",\"datePublished\":\"2026-07-18T14:06:44+00:00\",\"mainEntityOfPage\":{\"@id\":\"https:\\\/\\\/lepatriotebenin.com\\\/index.php\\\/2026\\\/07\\\/18\\\/rdc-lepidemie-debola-depasse-les-2-100-cas-confirmes\\\/\"},\"wordCount\":302,\"commentCount\":0,\"image\":{\"@id\":\"https:\\\/\\\/lepatriotebenin.com\\\/index.php\\\/2026\\\/07\\\/18\\\/rdc-lepidemie-debola-depasse-les-2-100-cas-confirmes\\\/#primaryimage\"},\"thumbnailUrl\":\"https:\\\/\\\/lepatriotebenin.com\\\/wp-content\\\/uploads\\\/2026\\\/07\\\/rdc-1ebola.jpeg\",\"articleSection\":[\"Sant\u00e9\"],\"inLanguage\":\"fr-FR\",\"potentialAction\":[{\"@type\":\"CommentAction\",\"name\":\"Comment\",\"target\":[\"https:\\\/\\\/lepatriotebenin.com\\\/index.php\\\/2026\\\/07\\\/18\\\/rdc-lepidemie-debola-depasse-les-2-100-cas-confirmes\\\/#respond\"]}]},{\"@type\":\"WebPage\",\"@id\":\"https:\\\/\\\/lepatriotebenin.com\\\/index.php\\\/2026\\\/07\\\/18\\\/rdc-lepidemie-debola-depasse-les-2-100-cas-confirmes\\\/\",\"url\":\"https:\\\/\\\/lepatriotebenin.com\\\/index.php\\\/2026\\\/07\\\/18\\\/rdc-lepidemie-debola-depasse-les-2-100-cas-confirmes\\\/\",\"name\":\"\u200eRDC : l'\u00e9pid\u00e9mie d'Ebola d\u00e9passe les 2 100 cas confirm\u00e9s - Le Patriote\",\"isPartOf\":{\"@id\":\"https:\\\/\\\/lepatriotebenin.com\\\/#website\"},\"primaryImageOfPage\":{\"@id\":\"https:\\\/\\\/lepatriotebenin.com\\\/index.php\\\/2026\\\/07\\\/18\\\/rdc-lepidemie-debola-depasse-les-2-100-cas-confirmes\\\/#primaryimage\"},\"image\":{\"@id\":\"https:\\\/\\\/lepatriotebenin.com\\\/index.php\\\/2026\\\/07\\\/18\\\/rdc-lepidemie-debola-depasse-les-2-100-cas-confirmes\\\/#primaryimage\"},\"thumbnailUrl\":\"https:\\\/\\\/lepatriotebenin.com\\\/wp-content\\\/uploads\\\/2026\\\/07\\\/rdc-1ebola.jpeg\",\"datePublished\":\"2026-07-18T14:06:44+00:00\",\"author\":{\"@id\":\"https:\\\/\\\/lepatriotebenin.com\\\/#\\\/schema\\\/person\\\/2e7709b9c9cc313e452d1136af61690f\"},\"breadcrumb\":{\"@id\":\"https:\\\/\\\/lepatriotebenin.com\\\/index.php\\\/2026\\\/07\\\/18\\\/rdc-lepidemie-debola-depasse-les-2-100-cas-confirmes\\\/#breadcrumb\"},\"inLanguage\":\"fr-FR\",\"potentialAction\":[{\"@type\":\"ReadAction\",\"target\":[\"https:\\\/\\\/lepatriotebenin.com\\\/index.php\\\/2026\\\/07\\\/18\\\/rdc-lepidemie-debola-depasse-les-2-100-cas-confirmes\\\/\"]}]},{\"@type\":\"ImageObject\",\"inLanguage\":\"fr-FR\",\"@id\":\"https:\\\/\\\/lepatriotebenin.com\\\/index.php\\\/2026\\\/07\\\/18\\\/rdc-lepidemie-debola-depasse-les-2-100-cas-confirmes\\\/#primaryimage\",\"url\":\"https:\\\/\\\/lepatriotebenin.com\\\/wp-content\\\/uploads\\\/2026\\\/07\\\/rdc-1ebola.jpeg\",\"contentUrl\":\"https:\\\/\\\/lepatriotebenin.com\\\/wp-content\\\/uploads\\\/2026\\\/07\\\/rdc-1ebola.jpeg\",\"width\":720,\"height\":503},{\"@type\":\"BreadcrumbList\",\"@id\":\"https:\\\/\\\/lepatriotebenin.com\\\/index.php\\\/2026\\\/07\\\/18\\\/rdc-lepidemie-debola-depasse-les-2-100-cas-confirmes\\\/#breadcrumb\",\"itemListElement\":[{\"@type\":\"ListItem\",\"position\":1,\"name\":\"Accueil\",\"item\":\"https:\\\/\\\/lepatriotebenin.com\\\/\"},{\"@type\":\"ListItem\",\"position\":2,\"name\":\"\u200eRDC : l&rsquo;\u00e9pid\u00e9mie d&rsquo;Ebola d\u00e9passe les 2 100 cas confirm\u00e9s\"}]},{\"@type\":\"WebSite\",\"@id\":\"https:\\\/\\\/lepatriotebenin.com\\\/#website\",\"url\":\"https:\\\/\\\/lepatriotebenin.com\\\/\",\"name\":\"Le Patriote\",\"description\":\"Le Patriote B\u00e9nin\",\"potentialAction\":[{\"@type\":\"SearchAction\",\"target\":{\"@type\":\"EntryPoint\",\"urlTemplate\":\"https:\\\/\\\/lepatriotebenin.com\\\/?s={search_term_string}\"},\"query-input\":{\"@type\":\"PropertyValueSpecification\",\"valueRequired\":true,\"valueName\":\"search_term_string\"}}],\"inLanguage\":\"fr-FR\"},{\"@type\":\"Person\",\"@id\":\"https:\\\/\\\/lepatriotebenin.com\\\/#\\\/schema\\\/person\\\/2e7709b9c9cc313e452d1136af61690f\",\"name\":\"Redaction\",\"image\":{\"@type\":\"ImageObject\",\"inLanguage\":\"fr-FR\",\"@id\":\"https:\\\/\\\/secure.gravatar.com\\\/avatar\\\/c4c509357859ea2ca2cbb6d8812898a73e4ef1ef9934c2e591d7e32face734d1?s=96&d=mm&r=g\",\"url\":\"https:\\\/\\\/secure.gravatar.com\\\/avatar\\\/c4c509357859ea2ca2cbb6d8812898a73e4ef1ef9934c2e591d7e32face734d1?s=96&d=mm&r=g\",\"contentUrl\":\"https:\\\/\\\/secure.gravatar.com\\\/avatar\\\/c4c509357859ea2ca2cbb6d8812898a73e4ef1ef9934c2e591d7e32face734d1?s=96&d=mm&r=g\",\"caption\":\"Redaction\"},\"url\":\"https:\\\/\\\/lepatriotebenin.com\"}]}<\/script>\n<!-- \/ Yoast SEO plugin. -->","yoast_head_json":{"title":"\u200eRDC : l'\u00e9pid\u00e9mie d'Ebola d\u00e9passe les 2 100 cas confirm\u00e9s - Le Patriote","robots":{"index":"index","follow":"follow","max-snippet":"max-snippet:-1","max-image-preview":"max-image-preview:large","max-video-preview":"max-video-preview:-1"},"canonical":"https:\/\/lepatriotebenin.com\/index.php\/2026\/07\/18\/rdc-lepidemie-debola-depasse-les-2-100-cas-confirmes\/","og_locale":"fr_FR","og_type":"article","og_title":"\u200eRDC : l'\u00e9pid\u00e9mie d'Ebola d\u00e9passe les 2 100 cas confirm\u00e9s - Le Patriote","og_description":"&nbsp; \u200eL&rsquo;\u00e9pid\u00e9mie d&rsquo;Ebola continue de s&rsquo;aggraver dans l&rsquo;est de la R\u00e9publique d\u00e9mocratique du Congo. L&rsquo;Organisation mondiale de la Sant\u00e9 (OMS) alerte sur une propagation qui d\u00e9passe toujours les capacit\u00e9s de&hellip;","og_url":"https:\/\/lepatriotebenin.com\/index.php\/2026\/07\/18\/rdc-lepidemie-debola-depasse-les-2-100-cas-confirmes\/","og_site_name":"Le Patriote","article_published_time":"2026-07-18T14:06:44+00:00","og_image":[{"width":720,"height":503,"url":"https:\/\/lepatriotebenin.com\/wp-content\/uploads\/2026\/07\/rdc-1ebola.jpeg","type":"image\/jpeg"}],"author":"Redaction","twitter_card":"summary_large_image","twitter_misc":{"\u00c9crit par":"Redaction","Dur\u00e9e de lecture estim\u00e9e":"2 minutes"},"schema":{"@context":"https:\/\/schema.org","@graph":[{"@type":"Article","@id":"https:\/\/lepatriotebenin.com\/index.php\/2026\/07\/18\/rdc-lepidemie-debola-depasse-les-2-100-cas-confirmes\/#article","isPartOf":{"@id":"https:\/\/lepatriotebenin.com\/index.php\/2026\/07\/18\/rdc-lepidemie-debola-depasse-les-2-100-cas-confirmes\/"},"author":{"name":"Redaction","@id":"https:\/\/lepatriotebenin.com\/#\/schema\/person\/2e7709b9c9cc313e452d1136af61690f"},"headline":"\u200eRDC : l&rsquo;\u00e9pid\u00e9mie d&rsquo;Ebola d\u00e9passe les 2 100 cas confirm\u00e9s","datePublished":"2026-07-18T14:06:44+00:00","mainEntityOfPage":{"@id":"https:\/\/lepatriotebenin.com\/index.php\/2026\/07\/18\/rdc-lepidemie-debola-depasse-les-2-100-cas-confirmes\/"},"wordCount":302,"commentCount":0,"image":{"@id":"https:\/\/lepatriotebenin.com\/index.php\/2026\/07\/18\/rdc-lepidemie-debola-depasse-les-2-100-cas-confirmes\/#primaryimage"},"thumbnailUrl":"https:\/\/lepatriotebenin.com\/wp-content\/uploads\/2026\/07\/rdc-1ebola.jpeg","articleSection":["Sant\u00e9"],"inLanguage":"fr-FR","potentialAction":[{"@type":"CommentAction","name":"Comment","target":["https:\/\/lepatriotebenin.com\/index.php\/2026\/07\/18\/rdc-lepidemie-debola-depasse-les-2-100-cas-confirmes\/#respond"]}]},{"@type":"WebPage","@id":"https:\/\/lepatriotebenin.com\/index.php\/2026\/07\/18\/rdc-lepidemie-debola-depasse-les-2-100-cas-confirmes\/","url":"https:\/\/lepatriotebenin.com\/index.php\/2026\/07\/18\/rdc-lepidemie-debola-depasse-les-2-100-cas-confirmes\/","name":"\u200eRDC : l'\u00e9pid\u00e9mie d'Ebola d\u00e9passe les 2 100 cas confirm\u00e9s - Le Patriote","isPartOf":{"@id":"https:\/\/lepatriotebenin.com\/#website"},"primaryImageOfPage":{"@id":"https:\/\/lepatriotebenin.com\/index.php\/2026\/07\/18\/rdc-lepidemie-debola-depasse-les-2-100-cas-confirmes\/#primaryimage"},"image":{"@id":"https:\/\/lepatriotebenin.com\/index.php\/2026\/07\/18\/rdc-lepidemie-debola-depasse-les-2-100-cas-confirmes\/#primaryimage"},"thumbnailUrl":"https:\/\/lepatriotebenin.com\/wp-content\/uploads\/2026\/07\/rdc-1ebola.jpeg","datePublished":"2026-07-18T14:06:44+00:00","author":{"@id":"https:\/\/lepatriotebenin.com\/#\/schema\/person\/2e7709b9c9cc313e452d1136af61690f"},"breadcrumb":{"@id":"https:\/\/lepatriotebenin.com\/index.php\/2026\/07\/18\/rdc-lepidemie-debola-depasse-les-2-100-cas-confirmes\/#breadcrumb"},"inLanguage":"fr-FR","potentialAction":[{"@type":"ReadAction","target":["https:\/\/lepatriotebenin.com\/index.php\/2026\/07\/18\/rdc-lepidemie-debola-depasse-les-2-100-cas-confirmes\/"]}]},{"@type":"ImageObject","inLanguage":"fr-FR","@id":"https:\/\/lepatriotebenin.com\/index.php\/2026\/07\/18\/rdc-lepidemie-debola-depasse-les-2-100-cas-confirmes\/#primaryimage","url":"https:\/\/lepatriotebenin.com\/wp-content\/uploads\/2026\/07\/rdc-1ebola.jpeg","contentUrl":"https:\/\/lepatriotebenin.com\/wp-content\/uploads\/2026\/07\/rdc-1ebola.jpeg","width":720,"height":503},{"@type":"BreadcrumbList","@id":"https:\/\/lepatriotebenin.com\/index.php\/2026\/07\/18\/rdc-lepidemie-debola-depasse-les-2-100-cas-confirmes\/#breadcrumb","itemListElement":[{"@type":"ListItem","position":1,"name":"Accueil","item":"https:\/\/lepatriotebenin.com\/"},{"@type":"ListItem","position":2,"name":"\u200eRDC : l&rsquo;\u00e9pid\u00e9mie d&rsquo;Ebola d\u00e9passe les 2 100 cas confirm\u00e9s"}]},{"@type":"WebSite","@id":"https:\/\/lepatriotebenin.com\/#website","url":"https:\/\/lepatriotebenin.com\/","name":"Le Patriote","description":"Le Patriote B\u00e9nin","potentialAction":[{"@type":"SearchAction","target":{"@type":"EntryPoint","urlTemplate":"https:\/\/lepatriotebenin.com\/?s={search_term_string}"},"query-input":{"@type":"PropertyValueSpecification","valueRequired":true,"valueName":"search_term_string"}}],"inLanguage":"fr-FR"},{"@type":"Person","@id":"https:\/\/lepatriotebenin.com\/#\/schema\/person\/2e7709b9c9cc313e452d1136af61690f","name":"Redaction","image":{"@type":"ImageObject","inLanguage":"fr-FR","@id":"https:\/\/secure.gravatar.com\/avatar\/c4c509357859ea2ca2cbb6d8812898a73e4ef1ef9934c2e591d7e32face734d1?s=96&d=mm&r=g","url":"https:\/\/secure.gravatar.com\/avatar\/c4c509357859ea2ca2cbb6d8812898a73e4ef1ef9934c2e591d7e32face734d1?s=96&d=mm&r=g","contentUrl":"https:\/\/secure.gravatar.com\/avatar\/c4c509357859ea2ca2cbb6d8812898a73e4ef1ef9934c2e591d7e32face734d1?s=96&d=mm&r=g","caption":"Redaction"},"url":"https:\/\/lepatriotebenin.com"}]}},"_links":{"self":[{"href":"https:\/\/lepatriotebenin.com\/index.php\/wp-json\/wp\/v2\/posts\/21819","targetHints":{"allow":["GET"]}}],"collection":[{"href":"https:\/\/lepatriotebenin.com\/index.php\/wp-json\/wp\/v2\/posts"}],"about":[{"href":"https:\/\/lepatriotebenin.com\/index.php\/wp-json\/wp\/v2\/types\/post"}],"author":[{"embeddable":true,"href":"https:\/\/lepatriotebenin.com\/index.php\/wp-json\/wp\/v2\/users\/5"}],"replies":[{"embeddable":true,"href":"https:\/\/lepatriotebenin.com\/index.php\/wp-json\/wp\/v2\/comments?post=21819"}],"version-history":[{"count":1,"href":"https:\/\/lepatriotebenin.com\/index.php\/wp-json\/wp\/v2\/posts\/21819\/revisions"}],"predecessor-version":[{"id":21821,"href":"https:\/\/lepatriotebenin.com\/index.php\/wp-json\/wp\/v2\/posts\/21819\/revisions\/21821"}],"wp:featuredmedia":[{"embeddable":true,"href":"https:\/\/lepatriotebenin.com\/index.php\/wp-json\/wp\/v2\/media\/21820"}],"wp:attachment":[{"href":"https:\/\/lepatriotebenin.com\/index.php\/wp-json\/wp\/v2\/media?parent=21819"}],"wp:term":[{"taxonomy":"category","embeddable":true,"href":"https:\/\/lepatriotebenin.com\/index.php\/wp-json\/wp\/v2\/categories?post=21819"},{"taxonomy":"post_tag","embeddable":true,"href":"https:\/\/lepatriotebenin.com\/index.php\/wp-json\/wp\/v2\/tags?post=21819"}],"curies":[{"name":"wp","href":"https:\/\/api.w.org\/{rel}","templated":true}]}}