{"id":21813,"date":"2026-07-18T15:54:31","date_gmt":"2026-07-18T13:54:31","guid":{"rendered":"https:\/\/lepatriotebenin.com\/?p=21813"},"modified":"2026-07-18T15:54:31","modified_gmt":"2026-07-18T13:54:31","slug":"secretariat-general-de-lonu-macky-sall-poursuit-sa-campagne-diplomatique-en-gambie","status":"publish","type":"post","link":"https:\/\/lepatriotebenin.com\/index.php\/2026\/07\/18\/secretariat-general-de-lonu-macky-sall-poursuit-sa-campagne-diplomatique-en-gambie\/","title":{"rendered":"Secr\u00e9tariat g\u00e9n\u00e9ral de l&rsquo;Onu : Macky Sall poursuit sa campagne diplomatique en Gambie"},"content":{"rendered":"<p>L&rsquo;ancien pr\u00e9sident s\u00e9n\u00e9galais Macky Sall poursuit activement sa campagne diplomatique en vue de briguer le poste de Secr\u00e9taire g\u00e9n\u00e9ral de l&rsquo;Organisation des Nations unies (Onu). A Banjul o\u00f9 il a \u00e9t\u00e9 re\u00e7u le vendredi 17 juillet 2026 par le pr\u00e9sident gambien Adama Barrow, quelques heures apr\u00e8s avoir \u00e9chang\u00e9 avec son successeur \u00e0 la t\u00eate du S\u00e9n\u00e9gal, Bassirou Diomaye Faye, Macky Sall a \u00e9galement sollicit\u00e9 l&rsquo;appui officiel du pr\u00e9sident Adama Barrow, estimant qu&rsquo;une candidature africaine forte \u00e0 la t\u00eate des Nations unies constitue un enjeu majeur pour le continent.<\/p>\n<p>Cette audience s&rsquo;inscrit dans une vaste tourn\u00e9e diplomatique entreprise par l&rsquo;ancien chef de l&rsquo;\u00c9tat s\u00e9n\u00e9galais afin de rallier les soutiens des dirigeants africains et de la communaut\u00e9 internationale \u00e0 sa candidature. Au cours de leurs \u00e9changes, Macky Sall a mis l&rsquo;accent sur la n\u00e9cessit\u00e9 pour les pays africains de parler d&rsquo;une seule voix sur les grands dossiers mondiaux.<\/p>\n<p>\u00c0 travers cette offensive diplomatique, Macky Sall entend renforcer son r\u00e9seau de soutiens avant le processus de d\u00e9signation du futur Secr\u00e9taire g\u00e9n\u00e9ral de l&rsquo;Onu. Cette s\u00e9rie de consultations t\u00e9moigne de sa volont\u00e9 de convaincre les dirigeants africains et les partenaires internationaux de faire bloc autour de sa candidature, afin de voir un Africain acc\u00e9der \u00e0 la direction de l&rsquo;organisation internationale.<\/p>\n<p>Mohamed Y\u00e8kini<\/p>\n","protected":false},"excerpt":{"rendered":"<p>L&rsquo;ancien pr\u00e9sident s\u00e9n\u00e9galais Macky Sall poursuit activement sa campagne diplomatique en vue de briguer le poste de Secr\u00e9taire g\u00e9n\u00e9ral de l&rsquo;Organisation des Nations unies (Onu). A Banjul o\u00f9 il a&hellip;<\/p>\n","protected":false},"author":5,"featured_media":21814,"comment_status":"open","ping_status":"open","sticky":false,"template":"","format":"standard","meta":{"content-type":"","om_disable_all_campaigns":false,"_monsterinsights_skip_tracking":false,"_uf_show_specific_survey":0,"_uf_disable_surveys":false,"footnotes":""},"categories":[26],"tags":[],"class_list":["post-21813","post","type-post","status-publish","format-standard","has-post-thumbnail","hentry","category-politique"],"aioseo_notices":[],"aioseo_head":"\n\t\t<!-- All in One SEO 5.0.1.1 - aioseo.com -->\n\t<meta name=\"description\" content=\"L&#039;ancien pr\u00e9sident s\u00e9n\u00e9galais Macky Sall poursuit activement sa campagne diplomatique en vue de briguer le poste de Secr\u00e9taire g\u00e9n\u00e9ral de l&#039;Organisation des Nations unies (Onu). A Banjul o\u00f9 il a \u00e9t\u00e9 re\u00e7u le vendredi 17 juillet 2026 par le pr\u00e9sident gambien Adama Barrow, quelques heures apr\u00e8s avoir \u00e9chang\u00e9 avec son successeur \u00e0 la t\u00eate du\" \/>\n\t<meta name=\"robots\" content=\"max-image-preview:large\" \/>\n\t<meta name=\"author\" content=\"Redaction\"\/>\n\t<link rel=\"canonical\" href=\"https:\/\/lepatriotebenin.com\/index.php\/2026\/07\/18\/secretariat-general-de-lonu-macky-sall-poursuit-sa-campagne-diplomatique-en-gambie\/\" \/>\n\t<meta name=\"generator\" content=\"All in One SEO (AIOSEO) 5.0.1.1\" \/>\n\t\t<meta property=\"og:locale\" content=\"fr_FR\" \/>\n\t\t<meta property=\"og:site_name\" content=\"Le Patriote - Le Patriote B\u00e9nin\" \/>\n\t\t<meta property=\"og:type\" content=\"article\" \/>\n\t\t<meta property=\"og:title\" content=\"Secr\u00e9tariat g\u00e9n\u00e9ral de l\u2019Onu : Macky Sall poursuit sa campagne diplomatique en Gambie - Le Patriote\" \/>\n\t\t<meta property=\"og:description\" content=\"L&#039;ancien pr\u00e9sident s\u00e9n\u00e9galais Macky Sall poursuit activement sa campagne diplomatique en vue de briguer le poste de Secr\u00e9taire g\u00e9n\u00e9ral de l&#039;Organisation des Nations unies (Onu). A Banjul o\u00f9 il a \u00e9t\u00e9 re\u00e7u le vendredi 17 juillet 2026 par le pr\u00e9sident gambien Adama Barrow, quelques heures apr\u00e8s avoir \u00e9chang\u00e9 avec son successeur \u00e0 la t\u00eate du\" \/>\n\t\t<meta property=\"og:url\" content=\"https:\/\/lepatriotebenin.com\/index.php\/2026\/07\/18\/secretariat-general-de-lonu-macky-sall-poursuit-sa-campagne-diplomatique-en-gambie\/\" \/>\n\t\t<meta property=\"article:published_time\" content=\"2026-07-18T13:54:31+00:00\" \/>\n\t\t<meta property=\"article:modified_time\" content=\"2026-07-18T13:54:31+00:00\" \/>\n\t\t<meta name=\"twitter:card\" content=\"summary_large_image\" \/>\n\t\t<meta name=\"twitter:title\" content=\"Secr\u00e9tariat g\u00e9n\u00e9ral de l\u2019Onu : Macky Sall poursuit sa campagne diplomatique en Gambie - Le Patriote\" \/>\n\t\t<meta name=\"twitter:description\" content=\"L&#039;ancien pr\u00e9sident s\u00e9n\u00e9galais Macky Sall poursuit activement sa campagne diplomatique en vue de briguer le poste de Secr\u00e9taire g\u00e9n\u00e9ral de l&#039;Organisation des Nations unies (Onu). A Banjul o\u00f9 il a \u00e9t\u00e9 re\u00e7u le vendredi 17 juillet 2026 par le pr\u00e9sident gambien Adama Barrow, quelques heures apr\u00e8s avoir \u00e9chang\u00e9 avec son successeur \u00e0 la t\u00eate du\" \/>\n\t\t<script type=\"application\/ld+json\" class=\"aioseo-schema\">\n\t\t\t{\"@context\":\"https:\\\/\\\/schema.org\",\"@graph\":[{\"@type\":\"BlogPosting\",\"@id\":\"https:\\\/\\\/lepatriotebenin.com\\\/index.php\\\/2026\\\/07\\\/18\\\/secretariat-general-de-lonu-macky-sall-poursuit-sa-campagne-diplomatique-en-gambie\\\/#blogposting\",\"name\":\"Secr\\u00e9tariat g\\u00e9n\\u00e9ral de l\\u2019Onu : Macky Sall poursuit sa campagne diplomatique en Gambie - Le Patriote\",\"headline\":\"Secr\\u00e9tariat g\\u00e9n\\u00e9ral de l&rsquo;Onu : Macky Sall poursuit sa campagne diplomatique en Gambie\",\"author\":{\"@id\":\"https:\\\/\\\/lepatriotebenin.com#author\"},\"publisher\":{\"@id\":\"https:\\\/\\\/lepatriotebenin.com\\\/#organization\"},\"image\":{\"@type\":\"ImageObject\",\"url\":\"https:\\\/\\\/lepatriotebenin.com\\\/wp-content\\\/uploads\\\/2026\\\/07\\\/secretariat-general.jpeg\",\"width\":1440,\"height\":960},\"datePublished\":\"2026-07-18T15:54:31+02:00\",\"dateModified\":\"2026-07-18T15:54:31+02:00\",\"inLanguage\":\"fr-FR\",\"mainEntityOfPage\":{\"@id\":\"https:\\\/\\\/lepatriotebenin.com\\\/index.php\\\/2026\\\/07\\\/18\\\/secretariat-general-de-lonu-macky-sall-poursuit-sa-campagne-diplomatique-en-gambie\\\/#webpage\"},\"isPartOf\":{\"@id\":\"https:\\\/\\\/lepatriotebenin.com\\\/index.php\\\/2026\\\/07\\\/18\\\/secretariat-general-de-lonu-macky-sall-poursuit-sa-campagne-diplomatique-en-gambie\\\/#webpage\"},\"articleSection\":\"Politique\"},{\"@type\":\"BreadcrumbList\",\"@id\":\"https:\\\/\\\/lepatriotebenin.com\\\/index.php\\\/2026\\\/07\\\/18\\\/secretariat-general-de-lonu-macky-sall-poursuit-sa-campagne-diplomatique-en-gambie\\\/#breadcrumblist\",\"itemListElement\":[{\"@type\":\"ListItem\",\"@id\":\"https:\\\/\\\/lepatriotebenin.com#listItem\",\"position\":1,\"name\":\"Home\",\"item\":\"https:\\\/\\\/lepatriotebenin.com\",\"nextItem\":{\"@type\":\"ListItem\",\"@id\":\"https:\\\/\\\/lepatriotebenin.com\\\/index.php\\\/category\\\/politique\\\/#listItem\",\"name\":\"Politique\"}},{\"@type\":\"ListItem\",\"@id\":\"https:\\\/\\\/lepatriotebenin.com\\\/index.php\\\/category\\\/politique\\\/#listItem\",\"position\":2,\"name\":\"Politique\",\"item\":\"https:\\\/\\\/lepatriotebenin.com\\\/index.php\\\/category\\\/politique\\\/\",\"nextItem\":{\"@type\":\"ListItem\",\"@id\":\"https:\\\/\\\/lepatriotebenin.com\\\/index.php\\\/2026\\\/07\\\/18\\\/secretariat-general-de-lonu-macky-sall-poursuit-sa-campagne-diplomatique-en-gambie\\\/#listItem\",\"name\":\"Secr\\u00e9tariat g\\u00e9n\\u00e9ral de l&rsquo;Onu : Macky Sall poursuit sa campagne diplomatique en Gambie\"},\"previousItem\":{\"@type\":\"ListItem\",\"@id\":\"https:\\\/\\\/lepatriotebenin.com#listItem\",\"name\":\"Home\"}},{\"@type\":\"ListItem\",\"@id\":\"https:\\\/\\\/lepatriotebenin.com\\\/index.php\\\/2026\\\/07\\\/18\\\/secretariat-general-de-lonu-macky-sall-poursuit-sa-campagne-diplomatique-en-gambie\\\/#listItem\",\"position\":3,\"name\":\"Secr\\u00e9tariat g\\u00e9n\\u00e9ral de l&rsquo;Onu : Macky Sall poursuit sa campagne diplomatique en Gambie\",\"previousItem\":{\"@type\":\"ListItem\",\"@id\":\"https:\\\/\\\/lepatriotebenin.com\\\/index.php\\\/category\\\/politique\\\/#listItem\",\"name\":\"Politique\"}}]},{\"@type\":\"Organization\",\"@id\":\"https:\\\/\\\/lepatriotebenin.com\\\/#organization\",\"name\":\"Le Patriote\",\"description\":\"Le Patriote B\\u00e9nin\",\"url\":\"https:\\\/\\\/lepatriotebenin.com\\\/\"},{\"@type\":\"Person\",\"@id\":\"https:\\\/\\\/lepatriotebenin.com#author\",\"url\":\"https:\\\/\\\/lepatriotebenin.com\",\"name\":\"Redaction\",\"image\":{\"@type\":\"ImageObject\",\"@id\":\"https:\\\/\\\/lepatriotebenin.com\\\/index.php\\\/2026\\\/07\\\/18\\\/secretariat-general-de-lonu-macky-sall-poursuit-sa-campagne-diplomatique-en-gambie\\\/#authorImage\",\"url\":\"https:\\\/\\\/secure.gravatar.com\\\/avatar\\\/c4c509357859ea2ca2cbb6d8812898a73e4ef1ef9934c2e591d7e32face734d1?s=96&d=mm&r=g\",\"width\":96,\"height\":96,\"caption\":\"Redaction\"}},{\"@type\":\"WebPage\",\"@id\":\"https:\\\/\\\/lepatriotebenin.com\\\/index.php\\\/2026\\\/07\\\/18\\\/secretariat-general-de-lonu-macky-sall-poursuit-sa-campagne-diplomatique-en-gambie\\\/#webpage\",\"url\":\"https:\\\/\\\/lepatriotebenin.com\\\/index.php\\\/2026\\\/07\\\/18\\\/secretariat-general-de-lonu-macky-sall-poursuit-sa-campagne-diplomatique-en-gambie\\\/\",\"name\":\"Secr\\u00e9tariat g\\u00e9n\\u00e9ral de l\\u2019Onu : Macky Sall poursuit sa campagne diplomatique en Gambie - Le Patriote\",\"description\":\"L'ancien pr\\u00e9sident s\\u00e9n\\u00e9galais Macky Sall poursuit activement sa campagne diplomatique en vue de briguer le poste de Secr\\u00e9taire g\\u00e9n\\u00e9ral de l'Organisation des Nations unies (Onu). A Banjul o\\u00f9 il a \\u00e9t\\u00e9 re\\u00e7u le vendredi 17 juillet 2026 par le pr\\u00e9sident gambien Adama Barrow, quelques heures apr\\u00e8s avoir \\u00e9chang\\u00e9 avec son successeur \\u00e0 la t\\u00eate du\",\"inLanguage\":\"fr-FR\",\"isPartOf\":{\"@id\":\"https:\\\/\\\/lepatriotebenin.com\\\/#website\"},\"breadcrumb\":{\"@id\":\"https:\\\/\\\/lepatriotebenin.com\\\/index.php\\\/2026\\\/07\\\/18\\\/secretariat-general-de-lonu-macky-sall-poursuit-sa-campagne-diplomatique-en-gambie\\\/#breadcrumblist\"},\"author\":{\"@id\":\"https:\\\/\\\/lepatriotebenin.com#author\"},\"creator\":{\"@id\":\"https:\\\/\\\/lepatriotebenin.com#author\"},\"image\":{\"@type\":\"ImageObject\",\"url\":\"https:\\\/\\\/lepatriotebenin.com\\\/wp-content\\\/uploads\\\/2026\\\/07\\\/secretariat-general.jpeg\",\"@id\":\"https:\\\/\\\/lepatriotebenin.com\\\/index.php\\\/2026\\\/07\\\/18\\\/secretariat-general-de-lonu-macky-sall-poursuit-sa-campagne-diplomatique-en-gambie\\\/#mainImage\",\"width\":1440,\"height\":960},\"primaryImageOfPage\":{\"@id\":\"https:\\\/\\\/lepatriotebenin.com\\\/index.php\\\/2026\\\/07\\\/18\\\/secretariat-general-de-lonu-macky-sall-poursuit-sa-campagne-diplomatique-en-gambie\\\/#mainImage\"},\"datePublished\":\"2026-07-18T15:54:31+02:00\",\"dateModified\":\"2026-07-18T15:54:31+02:00\"},{\"@type\":\"WebSite\",\"@id\":\"https:\\\/\\\/lepatriotebenin.com\\\/#website\",\"url\":\"https:\\\/\\\/lepatriotebenin.com\\\/\",\"name\":\"Le Patriote\",\"description\":\"Le Patriote B\\u00e9nin\",\"inLanguage\":\"fr-FR\",\"publisher\":{\"@id\":\"https:\\\/\\\/lepatriotebenin.com\\\/#organization\"}}]}\n\t\t<\/script>\n\t\t<!-- All in One SEO -->\n\n","aioseo_head_json":{"title":"Secr\u00e9tariat g\u00e9n\u00e9ral de l\u2019Onu : Macky Sall poursuit sa campagne diplomatique en Gambie - Le Patriote","description":"L'ancien pr\u00e9sident s\u00e9n\u00e9galais Macky Sall poursuit activement sa campagne diplomatique en vue de briguer le poste de Secr\u00e9taire g\u00e9n\u00e9ral de l'Organisation des Nations unies (Onu). A Banjul o\u00f9 il a \u00e9t\u00e9 re\u00e7u le vendredi 17 juillet 2026 par le pr\u00e9sident gambien Adama Barrow, quelques heures apr\u00e8s avoir \u00e9chang\u00e9 avec son successeur \u00e0 la t\u00eate du","canonical_url":"https:\/\/lepatriotebenin.com\/index.php\/2026\/07\/18\/secretariat-general-de-lonu-macky-sall-poursuit-sa-campagne-diplomatique-en-gambie\/","robots":"max-image-preview:large","keywords":"","webmasterTools":{"miscellaneous":""},"schema":{"@context":"https:\/\/schema.org","@graph":[{"@type":"BlogPosting","@id":"https:\/\/lepatriotebenin.com\/index.php\/2026\/07\/18\/secretariat-general-de-lonu-macky-sall-poursuit-sa-campagne-diplomatique-en-gambie\/#blogposting","name":"Secr\u00e9tariat g\u00e9n\u00e9ral de l\u2019Onu : Macky Sall poursuit sa campagne diplomatique en Gambie - Le Patriote","headline":"Secr\u00e9tariat g\u00e9n\u00e9ral de l&rsquo;Onu : Macky Sall poursuit sa campagne diplomatique en Gambie","author":{"@id":"https:\/\/lepatriotebenin.com#author"},"publisher":{"@id":"https:\/\/lepatriotebenin.com\/#organization"},"image":{"@type":"ImageObject","url":"https:\/\/lepatriotebenin.com\/wp-content\/uploads\/2026\/07\/secretariat-general.jpeg","width":1440,"height":960},"datePublished":"2026-07-18T15:54:31+02:00","dateModified":"2026-07-18T15:54:31+02:00","inLanguage":"fr-FR","mainEntityOfPage":{"@id":"https:\/\/lepatriotebenin.com\/index.php\/2026\/07\/18\/secretariat-general-de-lonu-macky-sall-poursuit-sa-campagne-diplomatique-en-gambie\/#webpage"},"isPartOf":{"@id":"https:\/\/lepatriotebenin.com\/index.php\/2026\/07\/18\/secretariat-general-de-lonu-macky-sall-poursuit-sa-campagne-diplomatique-en-gambie\/#webpage"},"articleSection":"Politique"},{"@type":"BreadcrumbList","@id":"https:\/\/lepatriotebenin.com\/index.php\/2026\/07\/18\/secretariat-general-de-lonu-macky-sall-poursuit-sa-campagne-diplomatique-en-gambie\/#breadcrumblist","itemListElement":[{"@type":"ListItem","@id":"https:\/\/lepatriotebenin.com#listItem","position":1,"name":"Home","item":"https:\/\/lepatriotebenin.com","nextItem":{"@type":"ListItem","@id":"https:\/\/lepatriotebenin.com\/index.php\/category\/politique\/#listItem","name":"Politique"}},{"@type":"ListItem","@id":"https:\/\/lepatriotebenin.com\/index.php\/category\/politique\/#listItem","position":2,"name":"Politique","item":"https:\/\/lepatriotebenin.com\/index.php\/category\/politique\/","nextItem":{"@type":"ListItem","@id":"https:\/\/lepatriotebenin.com\/index.php\/2026\/07\/18\/secretariat-general-de-lonu-macky-sall-poursuit-sa-campagne-diplomatique-en-gambie\/#listItem","name":"Secr\u00e9tariat g\u00e9n\u00e9ral de l&rsquo;Onu : Macky Sall poursuit sa campagne diplomatique en Gambie"},"previousItem":{"@type":"ListItem","@id":"https:\/\/lepatriotebenin.com#listItem","name":"Home"}},{"@type":"ListItem","@id":"https:\/\/lepatriotebenin.com\/index.php\/2026\/07\/18\/secretariat-general-de-lonu-macky-sall-poursuit-sa-campagne-diplomatique-en-gambie\/#listItem","position":3,"name":"Secr\u00e9tariat g\u00e9n\u00e9ral de l&rsquo;Onu : Macky Sall poursuit sa campagne diplomatique en Gambie","previousItem":{"@type":"ListItem","@id":"https:\/\/lepatriotebenin.com\/index.php\/category\/politique\/#listItem","name":"Politique"}}]},{"@type":"Organization","@id":"https:\/\/lepatriotebenin.com\/#organization","name":"Le Patriote","description":"Le Patriote B\u00e9nin","url":"https:\/\/lepatriotebenin.com\/"},{"@type":"Person","@id":"https:\/\/lepatriotebenin.com#author","url":"https:\/\/lepatriotebenin.com","name":"Redaction","image":{"@type":"ImageObject","@id":"https:\/\/lepatriotebenin.com\/index.php\/2026\/07\/18\/secretariat-general-de-lonu-macky-sall-poursuit-sa-campagne-diplomatique-en-gambie\/#authorImage","url":"https:\/\/secure.gravatar.com\/avatar\/c4c509357859ea2ca2cbb6d8812898a73e4ef1ef9934c2e591d7e32face734d1?s=96&d=mm&r=g","width":96,"height":96,"caption":"Redaction"}},{"@type":"WebPage","@id":"https:\/\/lepatriotebenin.com\/index.php\/2026\/07\/18\/secretariat-general-de-lonu-macky-sall-poursuit-sa-campagne-diplomatique-en-gambie\/#webpage","url":"https:\/\/lepatriotebenin.com\/index.php\/2026\/07\/18\/secretariat-general-de-lonu-macky-sall-poursuit-sa-campagne-diplomatique-en-gambie\/","name":"Secr\u00e9tariat g\u00e9n\u00e9ral de l\u2019Onu : Macky Sall poursuit sa campagne diplomatique en Gambie - Le Patriote","description":"L'ancien pr\u00e9sident s\u00e9n\u00e9galais Macky Sall poursuit activement sa campagne diplomatique en vue de briguer le poste de Secr\u00e9taire g\u00e9n\u00e9ral de l'Organisation des Nations unies (Onu). A Banjul o\u00f9 il a \u00e9t\u00e9 re\u00e7u le vendredi 17 juillet 2026 par le pr\u00e9sident gambien Adama Barrow, quelques heures apr\u00e8s avoir \u00e9chang\u00e9 avec son successeur \u00e0 la t\u00eate du","inLanguage":"fr-FR","isPartOf":{"@id":"https:\/\/lepatriotebenin.com\/#website"},"breadcrumb":{"@id":"https:\/\/lepatriotebenin.com\/index.php\/2026\/07\/18\/secretariat-general-de-lonu-macky-sall-poursuit-sa-campagne-diplomatique-en-gambie\/#breadcrumblist"},"author":{"@id":"https:\/\/lepatriotebenin.com#author"},"creator":{"@id":"https:\/\/lepatriotebenin.com#author"},"image":{"@type":"ImageObject","url":"https:\/\/lepatriotebenin.com\/wp-content\/uploads\/2026\/07\/secretariat-general.jpeg","@id":"https:\/\/lepatriotebenin.com\/index.php\/2026\/07\/18\/secretariat-general-de-lonu-macky-sall-poursuit-sa-campagne-diplomatique-en-gambie\/#mainImage","width":1440,"height":960},"primaryImageOfPage":{"@id":"https:\/\/lepatriotebenin.com\/index.php\/2026\/07\/18\/secretariat-general-de-lonu-macky-sall-poursuit-sa-campagne-diplomatique-en-gambie\/#mainImage"},"datePublished":"2026-07-18T15:54:31+02:00","dateModified":"2026-07-18T15:54:31+02:00"},{"@type":"WebSite","@id":"https:\/\/lepatriotebenin.com\/#website","url":"https:\/\/lepatriotebenin.com\/","name":"Le Patriote","description":"Le Patriote B\u00e9nin","inLanguage":"fr-FR","publisher":{"@id":"https:\/\/lepatriotebenin.com\/#organization"}}]},"og:locale":"fr_FR","og:site_name":"Le Patriote - Le Patriote B\u00e9nin","og:type":"article","og:title":"Secr\u00e9tariat g\u00e9n\u00e9ral de l\u2019Onu : Macky Sall poursuit sa campagne diplomatique en Gambie - Le Patriote","og:description":"L'ancien pr\u00e9sident s\u00e9n\u00e9galais Macky Sall poursuit activement sa campagne diplomatique en vue de briguer le poste de Secr\u00e9taire g\u00e9n\u00e9ral de l'Organisation des Nations unies (Onu). A Banjul o\u00f9 il a \u00e9t\u00e9 re\u00e7u le vendredi 17 juillet 2026 par le pr\u00e9sident gambien Adama Barrow, quelques heures apr\u00e8s avoir \u00e9chang\u00e9 avec son successeur \u00e0 la t\u00eate du","og:url":"https:\/\/lepatriotebenin.com\/index.php\/2026\/07\/18\/secretariat-general-de-lonu-macky-sall-poursuit-sa-campagne-diplomatique-en-gambie\/","article:published_time":"2026-07-18T13:54:31+00:00","article:modified_time":"2026-07-18T13:54:31+00:00","twitter:card":"summary_large_image","twitter:title":"Secr\u00e9tariat g\u00e9n\u00e9ral de l\u2019Onu : Macky Sall poursuit sa campagne diplomatique en Gambie - Le Patriote","twitter:description":"L'ancien pr\u00e9sident s\u00e9n\u00e9galais Macky Sall poursuit activement sa campagne diplomatique en vue de briguer le poste de Secr\u00e9taire g\u00e9n\u00e9ral de l'Organisation des Nations unies (Onu). A Banjul o\u00f9 il a \u00e9t\u00e9 re\u00e7u le vendredi 17 juillet 2026 par le pr\u00e9sident gambien Adama Barrow, quelques heures apr\u00e8s avoir \u00e9chang\u00e9 avec son successeur \u00e0 la t\u00eate du"},"aioseo_meta_data":{"post_id":"21813","title":null,"description":null,"keywords":null,"keyphrases":{"focus":{"keyphrase":"","score":0,"analysis":{"keyphraseInTitle":{"score":0,"maxScore":9,"error":1}}},"additional":[]},"primary_term":null,"canonical_url":null,"og_title":null,"og_description":null,"og_object_type":"default","og_image_type":"default","og_image_url":null,"og_image_width":null,"og_image_height":null,"og_image_custom_url":null,"og_image_custom_fields":null,"og_video":"","og_custom_url":null,"og_article_section":null,"og_article_tags":null,"twitter_use_og":false,"twitter_card":"default","twitter_image_type":"default","twitter_image_url":null,"twitter_image_custom_url":null,"twitter_image_custom_fields":null,"twitter_title":null,"twitter_description":null,"schema":{"blockGraphs":[],"customGraphs":[],"default":{"data":{"Article":[],"Course":[],"Dataset":[],"FAQPage":[],"Movie":[],"Person":[],"Product":[],"ProductReview":[],"Car":[],"Recipe":[],"Service":[],"SoftwareApplication":[],"WebPage":[]},"graphName":"BlogPosting","isEnabled":true},"graphs":[]},"schema_type":"default","schema_type_options":null,"pillar_content":false,"robots_default":true,"robots_noindex":false,"robots_noarchive":false,"robots_nosnippet":false,"robots_nofollow":false,"robots_noimageindex":false,"robots_noodp":false,"robots_notranslate":false,"robots_max_snippet":"-1","robots_max_videopreview":"-1","robots_max_imagepreview":"large","priority":null,"frequency":"default","local_seo":null,"breadcrumb_settings":null,"limit_modified_date":false,"ai":{"faqs":[],"keyPoints":[],"schemas":[],"titles":[],"descriptions":[],"socialPosts":{"email":{"subject":"","preview":"","content":""},"linkedin":[],"twitter":[],"facebook":[],"instagram":[]}},"created":"2026-07-18 13:54:31","updated":"2026-07-18 14:10:33","seo_analyzer_scan_date":null,"focus_keyword":null,"additional_keywords":null,"truseo_locale":null},"aioseo_breadcrumb":"<div class=\"aioseo-breadcrumbs\"><span class=\"aioseo-breadcrumb\">\n\t\t\t<a href=\"https:\/\/lepatriotebenin.com\" title=\"Home\">Home<\/a>\n\t\t<\/span><span class=\"aioseo-breadcrumb-separator\">&raquo;<\/span><span class=\"aioseo-breadcrumb\">\n\t\t\t<a href=\"https:\/\/lepatriotebenin.com\/index.php\/category\/politique\/\" title=\"Politique\">Politique<\/a>\n\t\t<\/span><span class=\"aioseo-breadcrumb-separator\">&raquo;<\/span><span class=\"aioseo-breadcrumb\">\n\t\t\tSecr\u00e9tariat g\u00e9n\u00e9ral de l\u2019Onu : Macky Sall poursuit sa campagne diplomatique en Gambie\n\t\t<\/span><\/div>","aioseo_breadcrumb_json":[{"label":"Home","link":"https:\/\/lepatriotebenin.com"},{"label":"Politique","link":"https:\/\/lepatriotebenin.com\/index.php\/category\/politique\/"},{"label":"Secr\u00e9tariat g\u00e9n\u00e9ral de l&rsquo;Onu : Macky Sall poursuit sa campagne diplomatique en Gambie","link":"https:\/\/lepatriotebenin.com\/index.php\/2026\/07\/18\/secretariat-general-de-lonu-macky-sall-poursuit-sa-campagne-diplomatique-en-gambie\/"}],"yoast_head":"<!-- This site is optimized with the Yoast SEO plugin v28.4 - https:\/\/yoast.com\/product\/yoast-seo-wordpress\/ -->\n<title>Secr\u00e9tariat g\u00e9n\u00e9ral de l&#039;Onu : Macky Sall poursuit sa campagne diplomatique en Gambie - Le Patriote<\/title>\n<meta name=\"robots\" content=\"index, follow, max-snippet:-1, max-image-preview:large, max-video-preview:-1\" \/>\n<link rel=\"canonical\" href=\"https:\/\/lepatriotebenin.com\/index.php\/2026\/07\/18\/secretariat-general-de-lonu-macky-sall-poursuit-sa-campagne-diplomatique-en-gambie\/\" \/>\n<meta property=\"og:locale\" content=\"fr_FR\" \/>\n<meta property=\"og:type\" content=\"article\" \/>\n<meta property=\"og:title\" content=\"Secr\u00e9tariat g\u00e9n\u00e9ral de l&#039;Onu : Macky Sall poursuit sa campagne diplomatique en Gambie - Le Patriote\" \/>\n<meta property=\"og:description\" content=\"L&rsquo;ancien pr\u00e9sident s\u00e9n\u00e9galais Macky Sall poursuit activement sa campagne diplomatique en vue de briguer le poste de Secr\u00e9taire g\u00e9n\u00e9ral de l&rsquo;Organisation des Nations unies (Onu). A Banjul o\u00f9 il a&hellip;\" \/>\n<meta property=\"og:url\" content=\"https:\/\/lepatriotebenin.com\/index.php\/2026\/07\/18\/secretariat-general-de-lonu-macky-sall-poursuit-sa-campagne-diplomatique-en-gambie\/\" \/>\n<meta property=\"og:site_name\" content=\"Le Patriote\" \/>\n<meta property=\"article:published_time\" content=\"2026-07-18T13:54:31+00:00\" \/>\n<meta property=\"og:image\" content=\"https:\/\/lepatriotebenin.com\/wp-content\/uploads\/2026\/07\/secretariat-general.jpeg\" \/>\n\t<meta property=\"og:image:width\" content=\"1440\" \/>\n\t<meta property=\"og:image:height\" content=\"960\" \/>\n\t<meta property=\"og:image:type\" content=\"image\/jpeg\" \/>\n<meta name=\"author\" content=\"Redaction\" \/>\n<meta name=\"twitter:card\" content=\"summary_large_image\" \/>\n<meta name=\"twitter:label1\" content=\"\u00c9crit par\" \/>\n\t<meta name=\"twitter:data1\" content=\"Redaction\" \/>\n\t<meta name=\"twitter:label2\" content=\"Dur\u00e9e de lecture estim\u00e9e\" \/>\n\t<meta name=\"twitter:data2\" content=\"2 minutes\" \/>\n<script type=\"application\/ld+json\" class=\"yoast-schema-graph\">{\"@context\":\"https:\\\/\\\/schema.org\",\"@graph\":[{\"@type\":\"Article\",\"@id\":\"https:\\\/\\\/lepatriotebenin.com\\\/index.php\\\/2026\\\/07\\\/18\\\/secretariat-general-de-lonu-macky-sall-poursuit-sa-campagne-diplomatique-en-gambie\\\/#article\",\"isPartOf\":{\"@id\":\"https:\\\/\\\/lepatriotebenin.com\\\/index.php\\\/2026\\\/07\\\/18\\\/secretariat-general-de-lonu-macky-sall-poursuit-sa-campagne-diplomatique-en-gambie\\\/\"},\"author\":{\"name\":\"Redaction\",\"@id\":\"https:\\\/\\\/lepatriotebenin.com\\\/#\\\/schema\\\/person\\\/2e7709b9c9cc313e452d1136af61690f\"},\"headline\":\"Secr\u00e9tariat g\u00e9n\u00e9ral de l&rsquo;Onu : Macky Sall poursuit sa campagne diplomatique en Gambie\",\"datePublished\":\"2026-07-18T13:54:31+00:00\",\"mainEntityOfPage\":{\"@id\":\"https:\\\/\\\/lepatriotebenin.com\\\/index.php\\\/2026\\\/07\\\/18\\\/secretariat-general-de-lonu-macky-sall-poursuit-sa-campagne-diplomatique-en-gambie\\\/\"},\"wordCount\":255,\"commentCount\":0,\"image\":{\"@id\":\"https:\\\/\\\/lepatriotebenin.com\\\/index.php\\\/2026\\\/07\\\/18\\\/secretariat-general-de-lonu-macky-sall-poursuit-sa-campagne-diplomatique-en-gambie\\\/#primaryimage\"},\"thumbnailUrl\":\"https:\\\/\\\/lepatriotebenin.com\\\/wp-content\\\/uploads\\\/2026\\\/07\\\/secretariat-general.jpeg\",\"articleSection\":[\"Politique\"],\"inLanguage\":\"fr-FR\",\"potentialAction\":[{\"@type\":\"CommentAction\",\"name\":\"Comment\",\"target\":[\"https:\\\/\\\/lepatriotebenin.com\\\/index.php\\\/2026\\\/07\\\/18\\\/secretariat-general-de-lonu-macky-sall-poursuit-sa-campagne-diplomatique-en-gambie\\\/#respond\"]}]},{\"@type\":\"WebPage\",\"@id\":\"https:\\\/\\\/lepatriotebenin.com\\\/index.php\\\/2026\\\/07\\\/18\\\/secretariat-general-de-lonu-macky-sall-poursuit-sa-campagne-diplomatique-en-gambie\\\/\",\"url\":\"https:\\\/\\\/lepatriotebenin.com\\\/index.php\\\/2026\\\/07\\\/18\\\/secretariat-general-de-lonu-macky-sall-poursuit-sa-campagne-diplomatique-en-gambie\\\/\",\"name\":\"Secr\u00e9tariat g\u00e9n\u00e9ral de l'Onu : Macky Sall poursuit sa campagne diplomatique en Gambie - Le Patriote\",\"isPartOf\":{\"@id\":\"https:\\\/\\\/lepatriotebenin.com\\\/#website\"},\"primaryImageOfPage\":{\"@id\":\"https:\\\/\\\/lepatriotebenin.com\\\/index.php\\\/2026\\\/07\\\/18\\\/secretariat-general-de-lonu-macky-sall-poursuit-sa-campagne-diplomatique-en-gambie\\\/#primaryimage\"},\"image\":{\"@id\":\"https:\\\/\\\/lepatriotebenin.com\\\/index.php\\\/2026\\\/07\\\/18\\\/secretariat-general-de-lonu-macky-sall-poursuit-sa-campagne-diplomatique-en-gambie\\\/#primaryimage\"},\"thumbnailUrl\":\"https:\\\/\\\/lepatriotebenin.com\\\/wp-content\\\/uploads\\\/2026\\\/07\\\/secretariat-general.jpeg\",\"datePublished\":\"2026-07-18T13:54:31+00:00\",\"author\":{\"@id\":\"https:\\\/\\\/lepatriotebenin.com\\\/#\\\/schema\\\/person\\\/2e7709b9c9cc313e452d1136af61690f\"},\"breadcrumb\":{\"@id\":\"https:\\\/\\\/lepatriotebenin.com\\\/index.php\\\/2026\\\/07\\\/18\\\/secretariat-general-de-lonu-macky-sall-poursuit-sa-campagne-diplomatique-en-gambie\\\/#breadcrumb\"},\"inLanguage\":\"fr-FR\",\"potentialAction\":[{\"@type\":\"ReadAction\",\"target\":[\"https:\\\/\\\/lepatriotebenin.com\\\/index.php\\\/2026\\\/07\\\/18\\\/secretariat-general-de-lonu-macky-sall-poursuit-sa-campagne-diplomatique-en-gambie\\\/\"]}]},{\"@type\":\"ImageObject\",\"inLanguage\":\"fr-FR\",\"@id\":\"https:\\\/\\\/lepatriotebenin.com\\\/index.php\\\/2026\\\/07\\\/18\\\/secretariat-general-de-lonu-macky-sall-poursuit-sa-campagne-diplomatique-en-gambie\\\/#primaryimage\",\"url\":\"https:\\\/\\\/lepatriotebenin.com\\\/wp-content\\\/uploads\\\/2026\\\/07\\\/secretariat-general.jpeg\",\"contentUrl\":\"https:\\\/\\\/lepatriotebenin.com\\\/wp-content\\\/uploads\\\/2026\\\/07\\\/secretariat-general.jpeg\",\"width\":1440,\"height\":960},{\"@type\":\"BreadcrumbList\",\"@id\":\"https:\\\/\\\/lepatriotebenin.com\\\/index.php\\\/2026\\\/07\\\/18\\\/secretariat-general-de-lonu-macky-sall-poursuit-sa-campagne-diplomatique-en-gambie\\\/#breadcrumb\",\"itemListElement\":[{\"@type\":\"ListItem\",\"position\":1,\"name\":\"Accueil\",\"item\":\"https:\\\/\\\/lepatriotebenin.com\\\/\"},{\"@type\":\"ListItem\",\"position\":2,\"name\":\"Secr\u00e9tariat g\u00e9n\u00e9ral de l&rsquo;Onu : Macky Sall poursuit sa campagne diplomatique en Gambie\"}]},{\"@type\":\"WebSite\",\"@id\":\"https:\\\/\\\/lepatriotebenin.com\\\/#website\",\"url\":\"https:\\\/\\\/lepatriotebenin.com\\\/\",\"name\":\"Le Patriote\",\"description\":\"Le Patriote B\u00e9nin\",\"potentialAction\":[{\"@type\":\"SearchAction\",\"target\":{\"@type\":\"EntryPoint\",\"urlTemplate\":\"https:\\\/\\\/lepatriotebenin.com\\\/?s={search_term_string}\"},\"query-input\":{\"@type\":\"PropertyValueSpecification\",\"valueRequired\":true,\"valueName\":\"search_term_string\"}}],\"inLanguage\":\"fr-FR\"},{\"@type\":\"Person\",\"@id\":\"https:\\\/\\\/lepatriotebenin.com\\\/#\\\/schema\\\/person\\\/2e7709b9c9cc313e452d1136af61690f\",\"name\":\"Redaction\",\"image\":{\"@type\":\"ImageObject\",\"inLanguage\":\"fr-FR\",\"@id\":\"https:\\\/\\\/secure.gravatar.com\\\/avatar\\\/c4c509357859ea2ca2cbb6d8812898a73e4ef1ef9934c2e591d7e32face734d1?s=96&d=mm&r=g\",\"url\":\"https:\\\/\\\/secure.gravatar.com\\\/avatar\\\/c4c509357859ea2ca2cbb6d8812898a73e4ef1ef9934c2e591d7e32face734d1?s=96&d=mm&r=g\",\"contentUrl\":\"https:\\\/\\\/secure.gravatar.com\\\/avatar\\\/c4c509357859ea2ca2cbb6d8812898a73e4ef1ef9934c2e591d7e32face734d1?s=96&d=mm&r=g\",\"caption\":\"Redaction\"},\"url\":\"https:\\\/\\\/lepatriotebenin.com\"}]}<\/script>\n<!-- \/ Yoast SEO plugin. -->","yoast_head_json":{"title":"Secr\u00e9tariat g\u00e9n\u00e9ral de l'Onu : Macky Sall poursuit sa campagne diplomatique en Gambie - Le Patriote","robots":{"index":"index","follow":"follow","max-snippet":"max-snippet:-1","max-image-preview":"max-image-preview:large","max-video-preview":"max-video-preview:-1"},"canonical":"https:\/\/lepatriotebenin.com\/index.php\/2026\/07\/18\/secretariat-general-de-lonu-macky-sall-poursuit-sa-campagne-diplomatique-en-gambie\/","og_locale":"fr_FR","og_type":"article","og_title":"Secr\u00e9tariat g\u00e9n\u00e9ral de l'Onu : Macky Sall poursuit sa campagne diplomatique en Gambie - Le Patriote","og_description":"L&rsquo;ancien pr\u00e9sident s\u00e9n\u00e9galais Macky Sall poursuit activement sa campagne diplomatique en vue de briguer le poste de Secr\u00e9taire g\u00e9n\u00e9ral de l&rsquo;Organisation des Nations unies (Onu). A Banjul o\u00f9 il a&hellip;","og_url":"https:\/\/lepatriotebenin.com\/index.php\/2026\/07\/18\/secretariat-general-de-lonu-macky-sall-poursuit-sa-campagne-diplomatique-en-gambie\/","og_site_name":"Le Patriote","article_published_time":"2026-07-18T13:54:31+00:00","og_image":[{"width":1440,"height":960,"url":"https:\/\/lepatriotebenin.com\/wp-content\/uploads\/2026\/07\/secretariat-general.jpeg","type":"image\/jpeg"}],"author":"Redaction","twitter_card":"summary_large_image","twitter_misc":{"\u00c9crit par":"Redaction","Dur\u00e9e de lecture estim\u00e9e":"2 minutes"},"schema":{"@context":"https:\/\/schema.org","@graph":[{"@type":"Article","@id":"https:\/\/lepatriotebenin.com\/index.php\/2026\/07\/18\/secretariat-general-de-lonu-macky-sall-poursuit-sa-campagne-diplomatique-en-gambie\/#article","isPartOf":{"@id":"https:\/\/lepatriotebenin.com\/index.php\/2026\/07\/18\/secretariat-general-de-lonu-macky-sall-poursuit-sa-campagne-diplomatique-en-gambie\/"},"author":{"name":"Redaction","@id":"https:\/\/lepatriotebenin.com\/#\/schema\/person\/2e7709b9c9cc313e452d1136af61690f"},"headline":"Secr\u00e9tariat g\u00e9n\u00e9ral de l&rsquo;Onu : Macky Sall poursuit sa campagne diplomatique en Gambie","datePublished":"2026-07-18T13:54:31+00:00","mainEntityOfPage":{"@id":"https:\/\/lepatriotebenin.com\/index.php\/2026\/07\/18\/secretariat-general-de-lonu-macky-sall-poursuit-sa-campagne-diplomatique-en-gambie\/"},"wordCount":255,"commentCount":0,"image":{"@id":"https:\/\/lepatriotebenin.com\/index.php\/2026\/07\/18\/secretariat-general-de-lonu-macky-sall-poursuit-sa-campagne-diplomatique-en-gambie\/#primaryimage"},"thumbnailUrl":"https:\/\/lepatriotebenin.com\/wp-content\/uploads\/2026\/07\/secretariat-general.jpeg","articleSection":["Politique"],"inLanguage":"fr-FR","potentialAction":[{"@type":"CommentAction","name":"Comment","target":["https:\/\/lepatriotebenin.com\/index.php\/2026\/07\/18\/secretariat-general-de-lonu-macky-sall-poursuit-sa-campagne-diplomatique-en-gambie\/#respond"]}]},{"@type":"WebPage","@id":"https:\/\/lepatriotebenin.com\/index.php\/2026\/07\/18\/secretariat-general-de-lonu-macky-sall-poursuit-sa-campagne-diplomatique-en-gambie\/","url":"https:\/\/lepatriotebenin.com\/index.php\/2026\/07\/18\/secretariat-general-de-lonu-macky-sall-poursuit-sa-campagne-diplomatique-en-gambie\/","name":"Secr\u00e9tariat g\u00e9n\u00e9ral de l'Onu : Macky Sall poursuit sa campagne diplomatique en Gambie - Le Patriote","isPartOf":{"@id":"https:\/\/lepatriotebenin.com\/#website"},"primaryImageOfPage":{"@id":"https:\/\/lepatriotebenin.com\/index.php\/2026\/07\/18\/secretariat-general-de-lonu-macky-sall-poursuit-sa-campagne-diplomatique-en-gambie\/#primaryimage"},"image":{"@id":"https:\/\/lepatriotebenin.com\/index.php\/2026\/07\/18\/secretariat-general-de-lonu-macky-sall-poursuit-sa-campagne-diplomatique-en-gambie\/#primaryimage"},"thumbnailUrl":"https:\/\/lepatriotebenin.com\/wp-content\/uploads\/2026\/07\/secretariat-general.jpeg","datePublished":"2026-07-18T13:54:31+00:00","author":{"@id":"https:\/\/lepatriotebenin.com\/#\/schema\/person\/2e7709b9c9cc313e452d1136af61690f"},"breadcrumb":{"@id":"https:\/\/lepatriotebenin.com\/index.php\/2026\/07\/18\/secretariat-general-de-lonu-macky-sall-poursuit-sa-campagne-diplomatique-en-gambie\/#breadcrumb"},"inLanguage":"fr-FR","potentialAction":[{"@type":"ReadAction","target":["https:\/\/lepatriotebenin.com\/index.php\/2026\/07\/18\/secretariat-general-de-lonu-macky-sall-poursuit-sa-campagne-diplomatique-en-gambie\/"]}]},{"@type":"ImageObject","inLanguage":"fr-FR","@id":"https:\/\/lepatriotebenin.com\/index.php\/2026\/07\/18\/secretariat-general-de-lonu-macky-sall-poursuit-sa-campagne-diplomatique-en-gambie\/#primaryimage","url":"https:\/\/lepatriotebenin.com\/wp-content\/uploads\/2026\/07\/secretariat-general.jpeg","contentUrl":"https:\/\/lepatriotebenin.com\/wp-content\/uploads\/2026\/07\/secretariat-general.jpeg","width":1440,"height":960},{"@type":"BreadcrumbList","@id":"https:\/\/lepatriotebenin.com\/index.php\/2026\/07\/18\/secretariat-general-de-lonu-macky-sall-poursuit-sa-campagne-diplomatique-en-gambie\/#breadcrumb","itemListElement":[{"@type":"ListItem","position":1,"name":"Accueil","item":"https:\/\/lepatriotebenin.com\/"},{"@type":"ListItem","position":2,"name":"Secr\u00e9tariat g\u00e9n\u00e9ral de l&rsquo;Onu : Macky Sall poursuit sa campagne diplomatique en Gambie"}]},{"@type":"WebSite","@id":"https:\/\/lepatriotebenin.com\/#website","url":"https:\/\/lepatriotebenin.com\/","name":"Le Patriote","description":"Le Patriote B\u00e9nin","potentialAction":[{"@type":"SearchAction","target":{"@type":"EntryPoint","urlTemplate":"https:\/\/lepatriotebenin.com\/?s={search_term_string}"},"query-input":{"@type":"PropertyValueSpecification","valueRequired":true,"valueName":"search_term_string"}}],"inLanguage":"fr-FR"},{"@type":"Person","@id":"https:\/\/lepatriotebenin.com\/#\/schema\/person\/2e7709b9c9cc313e452d1136af61690f","name":"Redaction","image":{"@type":"ImageObject","inLanguage":"fr-FR","@id":"https:\/\/secure.gravatar.com\/avatar\/c4c509357859ea2ca2cbb6d8812898a73e4ef1ef9934c2e591d7e32face734d1?s=96&d=mm&r=g","url":"https:\/\/secure.gravatar.com\/avatar\/c4c509357859ea2ca2cbb6d8812898a73e4ef1ef9934c2e591d7e32face734d1?s=96&d=mm&r=g","contentUrl":"https:\/\/secure.gravatar.com\/avatar\/c4c509357859ea2ca2cbb6d8812898a73e4ef1ef9934c2e591d7e32face734d1?s=96&d=mm&r=g","caption":"Redaction"},"url":"https:\/\/lepatriotebenin.com"}]}},"_links":{"self":[{"href":"https:\/\/lepatriotebenin.com\/index.php\/wp-json\/wp\/v2\/posts\/21813","targetHints":{"allow":["GET"]}}],"collection":[{"href":"https:\/\/lepatriotebenin.com\/index.php\/wp-json\/wp\/v2\/posts"}],"about":[{"href":"https:\/\/lepatriotebenin.com\/index.php\/wp-json\/wp\/v2\/types\/post"}],"author":[{"embeddable":true,"href":"https:\/\/lepatriotebenin.com\/index.php\/wp-json\/wp\/v2\/users\/5"}],"replies":[{"embeddable":true,"href":"https:\/\/lepatriotebenin.com\/index.php\/wp-json\/wp\/v2\/comments?post=21813"}],"version-history":[{"count":1,"href":"https:\/\/lepatriotebenin.com\/index.php\/wp-json\/wp\/v2\/posts\/21813\/revisions"}],"predecessor-version":[{"id":21815,"href":"https:\/\/lepatriotebenin.com\/index.php\/wp-json\/wp\/v2\/posts\/21813\/revisions\/21815"}],"wp:featuredmedia":[{"embeddable":true,"href":"https:\/\/lepatriotebenin.com\/index.php\/wp-json\/wp\/v2\/media\/21814"}],"wp:attachment":[{"href":"https:\/\/lepatriotebenin.com\/index.php\/wp-json\/wp\/v2\/media?parent=21813"}],"wp:term":[{"taxonomy":"category","embeddable":true,"href":"https:\/\/lepatriotebenin.com\/index.php\/wp-json\/wp\/v2\/categories?post=21813"},{"taxonomy":"post_tag","embeddable":true,"href":"https:\/\/lepatriotebenin.com\/index.php\/wp-json\/wp\/v2\/tags?post=21813"}],"curies":[{"name":"wp","href":"https:\/\/api.w.org\/{rel}","templated":true}]}}