{"id":21810,"date":"2026-07-18T15:36:32","date_gmt":"2026-07-18T13:36:32","guid":{"rendered":"https:\/\/lepatriotebenin.com\/?p=21810"},"modified":"2026-07-18T15:36:32","modified_gmt":"2026-07-18T13:36:32","slug":"declaration-de-melenchon-sur-ouattara-la-replique-dabidjan","status":"publish","type":"post","link":"https:\/\/lepatriotebenin.com\/index.php\/2026\/07\/18\/declaration-de-melenchon-sur-ouattara-la-replique-dabidjan\/","title":{"rendered":"D\u00e9claration de M\u00e9lenchon sur Ouattara : la r\u00e9plique d\u2019Abidjan"},"content":{"rendered":"<p>En C\u00f4te d\u2019Ivoire, les d\u00e9clarations de Jean-Luc M\u00e9lenchon \u00e0 Paris sur la pr\u00e9sidentielle ivoirienne ne passent pas. Dans un communiqu\u00e9 publi\u00e9 par l\u2019ambassade de C\u00f4te d\u2019Ivoire en France, les autorit\u00e9s ivoiriennes d\u00e9noncent des propos jug\u00e9s offensants contre le pr\u00e9sident Alassane Ouattara, les institutions du pays et le peuple ivoirien. Elles annoncent \u00e9galement se r\u00e9server le droit d\u2019engager des poursuites judiciaires.<\/p>\n<p>La pol\u00e9mique enfle entre Abidjan et le leader de La France insoumise. Lors d\u2019un meeting tenu r\u00e9cemment \u00e0 Paris, Jean-Luc M\u00e9lenchon s\u2019est prononc\u00e9 sur la situation politique ivoirienne, critiquant notamment le processus \u00e9lectoral et la r\u00e9\u00e9lection du pr\u00e9sident Alassane Ouattara en 2025. Il a affirm\u00e9 que le chef de l\u2019\u00c9tat ivoirien avait \u00e9cart\u00e9 ses principaux adversaires avant le scrutin et qu\u2019il exer\u00e7ait un quatri\u00e8me mandat qu\u2019il qualifie d\u2019\u00ab anticonstitutionnel \u00bb.<\/p>\n<p>Ces d\u00e9clarations ont suscit\u00e9 une vive r\u00e9action de la repr\u00e9sentation diplomatique ivoirienne en France. Dans son communiqu\u00e9, l\u2019ambassadeur Maurice Kouakou Bandaman d\u00e9nonce des propos jug\u00e9s \u00ab irresponsables \u00bb, \u00ab irr\u00e9v\u00e9rencieux \u00bb, \u00ab insultants \u00bb et \u00ab d\u00e9gradants \u00bb \u00e0 l\u2019endroit du peuple ivoirien et de son pr\u00e9sident.<\/p>\n<p>La mission diplomatique reproche au responsable politique fran\u00e7ais de porter des jugements sur le fonctionnement des institutions ivoiriennes. Elle estime que Jean-Luc M\u00e9lenchon ne dispose \u00ab d\u2019aucune l\u00e9gitimit\u00e9, qualit\u00e9 ni comp\u00e9tence \u00bb pour appr\u00e9cier les d\u00e9cisions des institutions qui ont organis\u00e9 et valid\u00e9 les diff\u00e9rents scrutins en C\u00f4te d\u2019Ivoire<\/p>\n<p>L\u2019ambassade rappelle \u00e9galement le principe de souverainet\u00e9 nationale. \u00ab Depuis le 7 ao\u00fbt 1960, la C\u00f4te d\u2019Ivoire n\u2019est plus une colonie fran\u00e7aise \u00bb, souligne-t-elle, estimant que le pass\u00e9 colonial ne saurait justifier des prises de position jug\u00e9es offensantes sur les affaires int\u00e9rieures du pays.<\/p>\n<p>En guise de r\u00e9ponse, l\u2019ambassade de C\u00f4te d\u2019Ivoire en France annonce qu\u2019elle entend engager \u00ab toute action de droit \u00bb afin que ce qu\u2019elle consid\u00e8re comme une offense faite au peuple ivoirien, \u00e0 ses institutions et \u00e0 son chef de l\u2019\u00c9tat puisse trouver une suite devant les instances comp\u00e9tentes<\/p>\n<p>Au-del\u00e0 de cette controverse, Abidjan met en avant la solidit\u00e9 des relations franco-ivoiriennes. La repr\u00e9sentation diplomatique \u00e9voque des liens fond\u00e9s sur \u00ab le respect mutuel \u00bb, la courtoisie et une coop\u00e9ration ancienne entre les deux pays.<\/p>\n<p>&nbsp;<\/p>\n<p>Alola BIAOU<\/p>\n","protected":false},"excerpt":{"rendered":"<p>En C\u00f4te d\u2019Ivoire, les d\u00e9clarations de Jean-Luc M\u00e9lenchon \u00e0 Paris sur la pr\u00e9sidentielle ivoirienne ne passent pas. Dans un communiqu\u00e9 publi\u00e9 par l\u2019ambassade de C\u00f4te d\u2019Ivoire en France, les autorit\u00e9s&hellip;<\/p>\n","protected":false},"author":5,"featured_media":21811,"comment_status":"open","ping_status":"open","sticky":false,"template":"","format":"standard","meta":{"content-type":"","om_disable_all_campaigns":false,"_monsterinsights_skip_tracking":false,"_uf_show_specific_survey":0,"_uf_disable_surveys":false,"footnotes":""},"categories":[26],"tags":[],"class_list":["post-21810","post","type-post","status-publish","format-standard","has-post-thumbnail","hentry","category-politique"],"aioseo_notices":[],"aioseo_head":"\n\t\t<!-- All in One SEO 5.0.1.1 - aioseo.com -->\n\t<meta name=\"description\" content=\"En C\u00f4te d\u2019Ivoire, les d\u00e9clarations de Jean-Luc M\u00e9lenchon \u00e0 Paris sur la pr\u00e9sidentielle ivoirienne ne passent pas. Dans un communiqu\u00e9 publi\u00e9 par l\u2019ambassade de C\u00f4te d\u2019Ivoire en France, les autorit\u00e9s ivoiriennes d\u00e9noncent des propos jug\u00e9s offensants contre le pr\u00e9sident Alassane Ouattara, les institutions du pays et le peuple ivoirien. Elles annoncent \u00e9galement se r\u00e9server le\" \/>\n\t<meta name=\"robots\" content=\"max-image-preview:large\" \/>\n\t<meta name=\"author\" content=\"Redaction\"\/>\n\t<link rel=\"canonical\" href=\"https:\/\/lepatriotebenin.com\/index.php\/2026\/07\/18\/declaration-de-melenchon-sur-ouattara-la-replique-dabidjan\/\" \/>\n\t<meta name=\"generator\" content=\"All in One SEO (AIOSEO) 5.0.1.1\" \/>\n\t\t<meta property=\"og:locale\" content=\"fr_FR\" \/>\n\t\t<meta property=\"og:site_name\" content=\"Le Patriote - Le Patriote B\u00e9nin\" \/>\n\t\t<meta property=\"og:type\" content=\"article\" \/>\n\t\t<meta property=\"og:title\" content=\"D\u00e9claration de M\u00e9lenchon sur Ouattara : la r\u00e9plique d\u2019Abidjan - Le Patriote\" \/>\n\t\t<meta property=\"og:description\" content=\"En C\u00f4te d\u2019Ivoire, les d\u00e9clarations de Jean-Luc M\u00e9lenchon \u00e0 Paris sur la pr\u00e9sidentielle ivoirienne ne passent pas. Dans un communiqu\u00e9 publi\u00e9 par l\u2019ambassade de C\u00f4te d\u2019Ivoire en France, les autorit\u00e9s ivoiriennes d\u00e9noncent des propos jug\u00e9s offensants contre le pr\u00e9sident Alassane Ouattara, les institutions du pays et le peuple ivoirien. Elles annoncent \u00e9galement se r\u00e9server le\" \/>\n\t\t<meta property=\"og:url\" content=\"https:\/\/lepatriotebenin.com\/index.php\/2026\/07\/18\/declaration-de-melenchon-sur-ouattara-la-replique-dabidjan\/\" \/>\n\t\t<meta property=\"article:published_time\" content=\"2026-07-18T13:36:32+00:00\" \/>\n\t\t<meta property=\"article:modified_time\" content=\"2026-07-18T13:36:32+00:00\" \/>\n\t\t<meta name=\"twitter:card\" content=\"summary_large_image\" \/>\n\t\t<meta name=\"twitter:title\" content=\"D\u00e9claration de M\u00e9lenchon sur Ouattara : la r\u00e9plique d\u2019Abidjan - Le Patriote\" \/>\n\t\t<meta name=\"twitter:description\" content=\"En C\u00f4te d\u2019Ivoire, les d\u00e9clarations de Jean-Luc M\u00e9lenchon \u00e0 Paris sur la pr\u00e9sidentielle ivoirienne ne passent pas. Dans un communiqu\u00e9 publi\u00e9 par l\u2019ambassade de C\u00f4te d\u2019Ivoire en France, les autorit\u00e9s ivoiriennes d\u00e9noncent des propos jug\u00e9s offensants contre le pr\u00e9sident Alassane Ouattara, les institutions du pays et le peuple ivoirien. Elles annoncent \u00e9galement se r\u00e9server le\" \/>\n\t\t<script type=\"application\/ld+json\" class=\"aioseo-schema\">\n\t\t\t{\"@context\":\"https:\\\/\\\/schema.org\",\"@graph\":[{\"@type\":\"BlogPosting\",\"@id\":\"https:\\\/\\\/lepatriotebenin.com\\\/index.php\\\/2026\\\/07\\\/18\\\/declaration-de-melenchon-sur-ouattara-la-replique-dabidjan\\\/#blogposting\",\"name\":\"D\\u00e9claration de M\\u00e9lenchon sur Ouattara : la r\\u00e9plique d\\u2019Abidjan - Le Patriote\",\"headline\":\"D\\u00e9claration de M\\u00e9lenchon sur Ouattara : la r\\u00e9plique d\\u2019Abidjan\",\"author\":{\"@id\":\"https:\\\/\\\/lepatriotebenin.com#author\"},\"publisher\":{\"@id\":\"https:\\\/\\\/lepatriotebenin.com\\\/#organization\"},\"image\":{\"@type\":\"ImageObject\",\"url\":\"https:\\\/\\\/lepatriotebenin.com\\\/wp-content\\\/uploads\\\/2026\\\/07\\\/replique.jpeg\",\"width\":720,\"height\":480},\"datePublished\":\"2026-07-18T15:36:32+02:00\",\"dateModified\":\"2026-07-18T15:36:32+02:00\",\"inLanguage\":\"fr-FR\",\"mainEntityOfPage\":{\"@id\":\"https:\\\/\\\/lepatriotebenin.com\\\/index.php\\\/2026\\\/07\\\/18\\\/declaration-de-melenchon-sur-ouattara-la-replique-dabidjan\\\/#webpage\"},\"isPartOf\":{\"@id\":\"https:\\\/\\\/lepatriotebenin.com\\\/index.php\\\/2026\\\/07\\\/18\\\/declaration-de-melenchon-sur-ouattara-la-replique-dabidjan\\\/#webpage\"},\"articleSection\":\"Politique\"},{\"@type\":\"BreadcrumbList\",\"@id\":\"https:\\\/\\\/lepatriotebenin.com\\\/index.php\\\/2026\\\/07\\\/18\\\/declaration-de-melenchon-sur-ouattara-la-replique-dabidjan\\\/#breadcrumblist\",\"itemListElement\":[{\"@type\":\"ListItem\",\"@id\":\"https:\\\/\\\/lepatriotebenin.com#listItem\",\"position\":1,\"name\":\"Home\",\"item\":\"https:\\\/\\\/lepatriotebenin.com\",\"nextItem\":{\"@type\":\"ListItem\",\"@id\":\"https:\\\/\\\/lepatriotebenin.com\\\/index.php\\\/category\\\/politique\\\/#listItem\",\"name\":\"Politique\"}},{\"@type\":\"ListItem\",\"@id\":\"https:\\\/\\\/lepatriotebenin.com\\\/index.php\\\/category\\\/politique\\\/#listItem\",\"position\":2,\"name\":\"Politique\",\"item\":\"https:\\\/\\\/lepatriotebenin.com\\\/index.php\\\/category\\\/politique\\\/\",\"nextItem\":{\"@type\":\"ListItem\",\"@id\":\"https:\\\/\\\/lepatriotebenin.com\\\/index.php\\\/2026\\\/07\\\/18\\\/declaration-de-melenchon-sur-ouattara-la-replique-dabidjan\\\/#listItem\",\"name\":\"D\\u00e9claration de M\\u00e9lenchon sur Ouattara : la r\\u00e9plique d\\u2019Abidjan\"},\"previousItem\":{\"@type\":\"ListItem\",\"@id\":\"https:\\\/\\\/lepatriotebenin.com#listItem\",\"name\":\"Home\"}},{\"@type\":\"ListItem\",\"@id\":\"https:\\\/\\\/lepatriotebenin.com\\\/index.php\\\/2026\\\/07\\\/18\\\/declaration-de-melenchon-sur-ouattara-la-replique-dabidjan\\\/#listItem\",\"position\":3,\"name\":\"D\\u00e9claration de M\\u00e9lenchon sur Ouattara : la r\\u00e9plique d\\u2019Abidjan\",\"previousItem\":{\"@type\":\"ListItem\",\"@id\":\"https:\\\/\\\/lepatriotebenin.com\\\/index.php\\\/category\\\/politique\\\/#listItem\",\"name\":\"Politique\"}}]},{\"@type\":\"Organization\",\"@id\":\"https:\\\/\\\/lepatriotebenin.com\\\/#organization\",\"name\":\"Le Patriote\",\"description\":\"Le Patriote B\\u00e9nin\",\"url\":\"https:\\\/\\\/lepatriotebenin.com\\\/\"},{\"@type\":\"Person\",\"@id\":\"https:\\\/\\\/lepatriotebenin.com#author\",\"url\":\"https:\\\/\\\/lepatriotebenin.com\",\"name\":\"Redaction\",\"image\":{\"@type\":\"ImageObject\",\"@id\":\"https:\\\/\\\/lepatriotebenin.com\\\/index.php\\\/2026\\\/07\\\/18\\\/declaration-de-melenchon-sur-ouattara-la-replique-dabidjan\\\/#authorImage\",\"url\":\"https:\\\/\\\/secure.gravatar.com\\\/avatar\\\/c4c509357859ea2ca2cbb6d8812898a73e4ef1ef9934c2e591d7e32face734d1?s=96&d=mm&r=g\",\"width\":96,\"height\":96,\"caption\":\"Redaction\"}},{\"@type\":\"WebPage\",\"@id\":\"https:\\\/\\\/lepatriotebenin.com\\\/index.php\\\/2026\\\/07\\\/18\\\/declaration-de-melenchon-sur-ouattara-la-replique-dabidjan\\\/#webpage\",\"url\":\"https:\\\/\\\/lepatriotebenin.com\\\/index.php\\\/2026\\\/07\\\/18\\\/declaration-de-melenchon-sur-ouattara-la-replique-dabidjan\\\/\",\"name\":\"D\\u00e9claration de M\\u00e9lenchon sur Ouattara : la r\\u00e9plique d\\u2019Abidjan - Le Patriote\",\"description\":\"En C\\u00f4te d\\u2019Ivoire, les d\\u00e9clarations de Jean-Luc M\\u00e9lenchon \\u00e0 Paris sur la pr\\u00e9sidentielle ivoirienne ne passent pas. Dans un communiqu\\u00e9 publi\\u00e9 par l\\u2019ambassade de C\\u00f4te d\\u2019Ivoire en France, les autorit\\u00e9s ivoiriennes d\\u00e9noncent des propos jug\\u00e9s offensants contre le pr\\u00e9sident Alassane Ouattara, les institutions du pays et le peuple ivoirien. Elles annoncent \\u00e9galement se r\\u00e9server le\",\"inLanguage\":\"fr-FR\",\"isPartOf\":{\"@id\":\"https:\\\/\\\/lepatriotebenin.com\\\/#website\"},\"breadcrumb\":{\"@id\":\"https:\\\/\\\/lepatriotebenin.com\\\/index.php\\\/2026\\\/07\\\/18\\\/declaration-de-melenchon-sur-ouattara-la-replique-dabidjan\\\/#breadcrumblist\"},\"author\":{\"@id\":\"https:\\\/\\\/lepatriotebenin.com#author\"},\"creator\":{\"@id\":\"https:\\\/\\\/lepatriotebenin.com#author\"},\"image\":{\"@type\":\"ImageObject\",\"url\":\"https:\\\/\\\/lepatriotebenin.com\\\/wp-content\\\/uploads\\\/2026\\\/07\\\/replique.jpeg\",\"@id\":\"https:\\\/\\\/lepatriotebenin.com\\\/index.php\\\/2026\\\/07\\\/18\\\/declaration-de-melenchon-sur-ouattara-la-replique-dabidjan\\\/#mainImage\",\"width\":720,\"height\":480},\"primaryImageOfPage\":{\"@id\":\"https:\\\/\\\/lepatriotebenin.com\\\/index.php\\\/2026\\\/07\\\/18\\\/declaration-de-melenchon-sur-ouattara-la-replique-dabidjan\\\/#mainImage\"},\"datePublished\":\"2026-07-18T15:36:32+02:00\",\"dateModified\":\"2026-07-18T15:36:32+02:00\"},{\"@type\":\"WebSite\",\"@id\":\"https:\\\/\\\/lepatriotebenin.com\\\/#website\",\"url\":\"https:\\\/\\\/lepatriotebenin.com\\\/\",\"name\":\"Le Patriote\",\"description\":\"Le Patriote B\\u00e9nin\",\"inLanguage\":\"fr-FR\",\"publisher\":{\"@id\":\"https:\\\/\\\/lepatriotebenin.com\\\/#organization\"}}]}\n\t\t<\/script>\n\t\t<!-- All in One SEO -->\n\n","aioseo_head_json":{"title":"D\u00e9claration de M\u00e9lenchon sur Ouattara : la r\u00e9plique d\u2019Abidjan - Le Patriote","description":"En C\u00f4te d\u2019Ivoire, les d\u00e9clarations de Jean-Luc M\u00e9lenchon \u00e0 Paris sur la pr\u00e9sidentielle ivoirienne ne passent pas. Dans un communiqu\u00e9 publi\u00e9 par l\u2019ambassade de C\u00f4te d\u2019Ivoire en France, les autorit\u00e9s ivoiriennes d\u00e9noncent des propos jug\u00e9s offensants contre le pr\u00e9sident Alassane Ouattara, les institutions du pays et le peuple ivoirien. Elles annoncent \u00e9galement se r\u00e9server le","canonical_url":"https:\/\/lepatriotebenin.com\/index.php\/2026\/07\/18\/declaration-de-melenchon-sur-ouattara-la-replique-dabidjan\/","robots":"max-image-preview:large","keywords":"","webmasterTools":{"miscellaneous":""},"schema":{"@context":"https:\/\/schema.org","@graph":[{"@type":"BlogPosting","@id":"https:\/\/lepatriotebenin.com\/index.php\/2026\/07\/18\/declaration-de-melenchon-sur-ouattara-la-replique-dabidjan\/#blogposting","name":"D\u00e9claration de M\u00e9lenchon sur Ouattara : la r\u00e9plique d\u2019Abidjan - Le Patriote","headline":"D\u00e9claration de M\u00e9lenchon sur Ouattara : la r\u00e9plique d\u2019Abidjan","author":{"@id":"https:\/\/lepatriotebenin.com#author"},"publisher":{"@id":"https:\/\/lepatriotebenin.com\/#organization"},"image":{"@type":"ImageObject","url":"https:\/\/lepatriotebenin.com\/wp-content\/uploads\/2026\/07\/replique.jpeg","width":720,"height":480},"datePublished":"2026-07-18T15:36:32+02:00","dateModified":"2026-07-18T15:36:32+02:00","inLanguage":"fr-FR","mainEntityOfPage":{"@id":"https:\/\/lepatriotebenin.com\/index.php\/2026\/07\/18\/declaration-de-melenchon-sur-ouattara-la-replique-dabidjan\/#webpage"},"isPartOf":{"@id":"https:\/\/lepatriotebenin.com\/index.php\/2026\/07\/18\/declaration-de-melenchon-sur-ouattara-la-replique-dabidjan\/#webpage"},"articleSection":"Politique"},{"@type":"BreadcrumbList","@id":"https:\/\/lepatriotebenin.com\/index.php\/2026\/07\/18\/declaration-de-melenchon-sur-ouattara-la-replique-dabidjan\/#breadcrumblist","itemListElement":[{"@type":"ListItem","@id":"https:\/\/lepatriotebenin.com#listItem","position":1,"name":"Home","item":"https:\/\/lepatriotebenin.com","nextItem":{"@type":"ListItem","@id":"https:\/\/lepatriotebenin.com\/index.php\/category\/politique\/#listItem","name":"Politique"}},{"@type":"ListItem","@id":"https:\/\/lepatriotebenin.com\/index.php\/category\/politique\/#listItem","position":2,"name":"Politique","item":"https:\/\/lepatriotebenin.com\/index.php\/category\/politique\/","nextItem":{"@type":"ListItem","@id":"https:\/\/lepatriotebenin.com\/index.php\/2026\/07\/18\/declaration-de-melenchon-sur-ouattara-la-replique-dabidjan\/#listItem","name":"D\u00e9claration de M\u00e9lenchon sur Ouattara : la r\u00e9plique d\u2019Abidjan"},"previousItem":{"@type":"ListItem","@id":"https:\/\/lepatriotebenin.com#listItem","name":"Home"}},{"@type":"ListItem","@id":"https:\/\/lepatriotebenin.com\/index.php\/2026\/07\/18\/declaration-de-melenchon-sur-ouattara-la-replique-dabidjan\/#listItem","position":3,"name":"D\u00e9claration de M\u00e9lenchon sur Ouattara : la r\u00e9plique d\u2019Abidjan","previousItem":{"@type":"ListItem","@id":"https:\/\/lepatriotebenin.com\/index.php\/category\/politique\/#listItem","name":"Politique"}}]},{"@type":"Organization","@id":"https:\/\/lepatriotebenin.com\/#organization","name":"Le Patriote","description":"Le Patriote B\u00e9nin","url":"https:\/\/lepatriotebenin.com\/"},{"@type":"Person","@id":"https:\/\/lepatriotebenin.com#author","url":"https:\/\/lepatriotebenin.com","name":"Redaction","image":{"@type":"ImageObject","@id":"https:\/\/lepatriotebenin.com\/index.php\/2026\/07\/18\/declaration-de-melenchon-sur-ouattara-la-replique-dabidjan\/#authorImage","url":"https:\/\/secure.gravatar.com\/avatar\/c4c509357859ea2ca2cbb6d8812898a73e4ef1ef9934c2e591d7e32face734d1?s=96&d=mm&r=g","width":96,"height":96,"caption":"Redaction"}},{"@type":"WebPage","@id":"https:\/\/lepatriotebenin.com\/index.php\/2026\/07\/18\/declaration-de-melenchon-sur-ouattara-la-replique-dabidjan\/#webpage","url":"https:\/\/lepatriotebenin.com\/index.php\/2026\/07\/18\/declaration-de-melenchon-sur-ouattara-la-replique-dabidjan\/","name":"D\u00e9claration de M\u00e9lenchon sur Ouattara : la r\u00e9plique d\u2019Abidjan - Le Patriote","description":"En C\u00f4te d\u2019Ivoire, les d\u00e9clarations de Jean-Luc M\u00e9lenchon \u00e0 Paris sur la pr\u00e9sidentielle ivoirienne ne passent pas. Dans un communiqu\u00e9 publi\u00e9 par l\u2019ambassade de C\u00f4te d\u2019Ivoire en France, les autorit\u00e9s ivoiriennes d\u00e9noncent des propos jug\u00e9s offensants contre le pr\u00e9sident Alassane Ouattara, les institutions du pays et le peuple ivoirien. Elles annoncent \u00e9galement se r\u00e9server le","inLanguage":"fr-FR","isPartOf":{"@id":"https:\/\/lepatriotebenin.com\/#website"},"breadcrumb":{"@id":"https:\/\/lepatriotebenin.com\/index.php\/2026\/07\/18\/declaration-de-melenchon-sur-ouattara-la-replique-dabidjan\/#breadcrumblist"},"author":{"@id":"https:\/\/lepatriotebenin.com#author"},"creator":{"@id":"https:\/\/lepatriotebenin.com#author"},"image":{"@type":"ImageObject","url":"https:\/\/lepatriotebenin.com\/wp-content\/uploads\/2026\/07\/replique.jpeg","@id":"https:\/\/lepatriotebenin.com\/index.php\/2026\/07\/18\/declaration-de-melenchon-sur-ouattara-la-replique-dabidjan\/#mainImage","width":720,"height":480},"primaryImageOfPage":{"@id":"https:\/\/lepatriotebenin.com\/index.php\/2026\/07\/18\/declaration-de-melenchon-sur-ouattara-la-replique-dabidjan\/#mainImage"},"datePublished":"2026-07-18T15:36:32+02:00","dateModified":"2026-07-18T15:36:32+02:00"},{"@type":"WebSite","@id":"https:\/\/lepatriotebenin.com\/#website","url":"https:\/\/lepatriotebenin.com\/","name":"Le Patriote","description":"Le Patriote B\u00e9nin","inLanguage":"fr-FR","publisher":{"@id":"https:\/\/lepatriotebenin.com\/#organization"}}]},"og:locale":"fr_FR","og:site_name":"Le Patriote - Le Patriote B\u00e9nin","og:type":"article","og:title":"D\u00e9claration de M\u00e9lenchon sur Ouattara : la r\u00e9plique d\u2019Abidjan - Le Patriote","og:description":"En C\u00f4te d\u2019Ivoire, les d\u00e9clarations de Jean-Luc M\u00e9lenchon \u00e0 Paris sur la pr\u00e9sidentielle ivoirienne ne passent pas. Dans un communiqu\u00e9 publi\u00e9 par l\u2019ambassade de C\u00f4te d\u2019Ivoire en France, les autorit\u00e9s ivoiriennes d\u00e9noncent des propos jug\u00e9s offensants contre le pr\u00e9sident Alassane Ouattara, les institutions du pays et le peuple ivoirien. Elles annoncent \u00e9galement se r\u00e9server le","og:url":"https:\/\/lepatriotebenin.com\/index.php\/2026\/07\/18\/declaration-de-melenchon-sur-ouattara-la-replique-dabidjan\/","article:published_time":"2026-07-18T13:36:32+00:00","article:modified_time":"2026-07-18T13:36:32+00:00","twitter:card":"summary_large_image","twitter:title":"D\u00e9claration de M\u00e9lenchon sur Ouattara : la r\u00e9plique d\u2019Abidjan - Le Patriote","twitter:description":"En C\u00f4te d\u2019Ivoire, les d\u00e9clarations de Jean-Luc M\u00e9lenchon \u00e0 Paris sur la pr\u00e9sidentielle ivoirienne ne passent pas. Dans un communiqu\u00e9 publi\u00e9 par l\u2019ambassade de C\u00f4te d\u2019Ivoire en France, les autorit\u00e9s ivoiriennes d\u00e9noncent des propos jug\u00e9s offensants contre le pr\u00e9sident Alassane Ouattara, les institutions du pays et le peuple ivoirien. Elles annoncent \u00e9galement se r\u00e9server le"},"aioseo_meta_data":{"post_id":"21810","title":null,"description":null,"keywords":null,"keyphrases":{"focus":{"keyphrase":"","score":0,"analysis":{"keyphraseInTitle":{"score":0,"maxScore":9,"error":1}}},"additional":[]},"primary_term":null,"canonical_url":null,"og_title":null,"og_description":null,"og_object_type":"default","og_image_type":"default","og_image_url":null,"og_image_width":null,"og_image_height":null,"og_image_custom_url":null,"og_image_custom_fields":null,"og_video":"","og_custom_url":null,"og_article_section":null,"og_article_tags":null,"twitter_use_og":false,"twitter_card":"default","twitter_image_type":"default","twitter_image_url":null,"twitter_image_custom_url":null,"twitter_image_custom_fields":null,"twitter_title":null,"twitter_description":null,"schema":{"blockGraphs":[],"customGraphs":[],"default":{"data":{"Article":[],"Course":[],"Dataset":[],"FAQPage":[],"Movie":[],"Person":[],"Product":[],"ProductReview":[],"Car":[],"Recipe":[],"Service":[],"SoftwareApplication":[],"WebPage":[]},"graphName":"BlogPosting","isEnabled":true},"graphs":[]},"schema_type":"default","schema_type_options":null,"pillar_content":false,"robots_default":true,"robots_noindex":false,"robots_noarchive":false,"robots_nosnippet":false,"robots_nofollow":false,"robots_noimageindex":false,"robots_noodp":false,"robots_notranslate":false,"robots_max_snippet":"-1","robots_max_videopreview":"-1","robots_max_imagepreview":"large","priority":null,"frequency":"default","local_seo":null,"breadcrumb_settings":null,"limit_modified_date":false,"ai":{"faqs":[],"keyPoints":[],"schemas":[],"titles":[],"descriptions":[],"socialPosts":{"email":{"subject":"","preview":"","content":""},"linkedin":[],"twitter":[],"facebook":[],"instagram":[]}},"created":"2026-07-18 13:36:33","updated":"2026-07-18 14:10:33","seo_analyzer_scan_date":null,"focus_keyword":null,"additional_keywords":null,"truseo_locale":null},"aioseo_breadcrumb":"<div class=\"aioseo-breadcrumbs\"><span class=\"aioseo-breadcrumb\">\n\t\t\t<a href=\"https:\/\/lepatriotebenin.com\" title=\"Home\">Home<\/a>\n\t\t<\/span><span class=\"aioseo-breadcrumb-separator\">&raquo;<\/span><span class=\"aioseo-breadcrumb\">\n\t\t\t<a href=\"https:\/\/lepatriotebenin.com\/index.php\/category\/politique\/\" title=\"Politique\">Politique<\/a>\n\t\t<\/span><span class=\"aioseo-breadcrumb-separator\">&raquo;<\/span><span class=\"aioseo-breadcrumb\">\n\t\t\tD\u00e9claration de M\u00e9lenchon sur Ouattara : la r\u00e9plique d\u2019Abidjan\n\t\t<\/span><\/div>","aioseo_breadcrumb_json":[{"label":"Home","link":"https:\/\/lepatriotebenin.com"},{"label":"Politique","link":"https:\/\/lepatriotebenin.com\/index.php\/category\/politique\/"},{"label":"D\u00e9claration de M\u00e9lenchon sur Ouattara : la r\u00e9plique d\u2019Abidjan","link":"https:\/\/lepatriotebenin.com\/index.php\/2026\/07\/18\/declaration-de-melenchon-sur-ouattara-la-replique-dabidjan\/"}],"yoast_head":"<!-- This site is optimized with the Yoast SEO plugin v28.4 - https:\/\/yoast.com\/product\/yoast-seo-wordpress\/ -->\n<title>D\u00e9claration de M\u00e9lenchon sur Ouattara : la r\u00e9plique d\u2019Abidjan - Le Patriote<\/title>\n<meta name=\"robots\" content=\"index, follow, max-snippet:-1, max-image-preview:large, max-video-preview:-1\" \/>\n<link rel=\"canonical\" href=\"https:\/\/lepatriotebenin.com\/index.php\/2026\/07\/18\/declaration-de-melenchon-sur-ouattara-la-replique-dabidjan\/\" \/>\n<meta property=\"og:locale\" content=\"fr_FR\" \/>\n<meta property=\"og:type\" content=\"article\" \/>\n<meta property=\"og:title\" content=\"D\u00e9claration de M\u00e9lenchon sur Ouattara : la r\u00e9plique d\u2019Abidjan - Le Patriote\" \/>\n<meta property=\"og:description\" content=\"En C\u00f4te d\u2019Ivoire, les d\u00e9clarations de Jean-Luc M\u00e9lenchon \u00e0 Paris sur la pr\u00e9sidentielle ivoirienne ne passent pas. Dans un communiqu\u00e9 publi\u00e9 par l\u2019ambassade de C\u00f4te d\u2019Ivoire en France, les autorit\u00e9s&hellip;\" \/>\n<meta property=\"og:url\" content=\"https:\/\/lepatriotebenin.com\/index.php\/2026\/07\/18\/declaration-de-melenchon-sur-ouattara-la-replique-dabidjan\/\" \/>\n<meta property=\"og:site_name\" content=\"Le Patriote\" \/>\n<meta property=\"article:published_time\" content=\"2026-07-18T13:36:32+00:00\" \/>\n<meta property=\"og:image\" content=\"https:\/\/lepatriotebenin.com\/wp-content\/uploads\/2026\/07\/replique.jpeg\" \/>\n\t<meta property=\"og:image:width\" content=\"720\" \/>\n\t<meta property=\"og:image:height\" content=\"480\" \/>\n\t<meta property=\"og:image:type\" content=\"image\/jpeg\" \/>\n<meta name=\"author\" content=\"Redaction\" \/>\n<meta name=\"twitter:card\" content=\"summary_large_image\" \/>\n<meta name=\"twitter:label1\" content=\"\u00c9crit par\" \/>\n\t<meta name=\"twitter:data1\" content=\"Redaction\" \/>\n\t<meta name=\"twitter:label2\" content=\"Dur\u00e9e de lecture estim\u00e9e\" \/>\n\t<meta name=\"twitter:data2\" content=\"2 minutes\" \/>\n<script type=\"application\/ld+json\" class=\"yoast-schema-graph\">{\"@context\":\"https:\\\/\\\/schema.org\",\"@graph\":[{\"@type\":\"Article\",\"@id\":\"https:\\\/\\\/lepatriotebenin.com\\\/index.php\\\/2026\\\/07\\\/18\\\/declaration-de-melenchon-sur-ouattara-la-replique-dabidjan\\\/#article\",\"isPartOf\":{\"@id\":\"https:\\\/\\\/lepatriotebenin.com\\\/index.php\\\/2026\\\/07\\\/18\\\/declaration-de-melenchon-sur-ouattara-la-replique-dabidjan\\\/\"},\"author\":{\"name\":\"Redaction\",\"@id\":\"https:\\\/\\\/lepatriotebenin.com\\\/#\\\/schema\\\/person\\\/2e7709b9c9cc313e452d1136af61690f\"},\"headline\":\"D\u00e9claration de M\u00e9lenchon sur Ouattara : la r\u00e9plique d\u2019Abidjan\",\"datePublished\":\"2026-07-18T13:36:32+00:00\",\"mainEntityOfPage\":{\"@id\":\"https:\\\/\\\/lepatriotebenin.com\\\/index.php\\\/2026\\\/07\\\/18\\\/declaration-de-melenchon-sur-ouattara-la-replique-dabidjan\\\/\"},\"wordCount\":412,\"commentCount\":0,\"image\":{\"@id\":\"https:\\\/\\\/lepatriotebenin.com\\\/index.php\\\/2026\\\/07\\\/18\\\/declaration-de-melenchon-sur-ouattara-la-replique-dabidjan\\\/#primaryimage\"},\"thumbnailUrl\":\"https:\\\/\\\/lepatriotebenin.com\\\/wp-content\\\/uploads\\\/2026\\\/07\\\/replique.jpeg\",\"articleSection\":[\"Politique\"],\"inLanguage\":\"fr-FR\",\"potentialAction\":[{\"@type\":\"CommentAction\",\"name\":\"Comment\",\"target\":[\"https:\\\/\\\/lepatriotebenin.com\\\/index.php\\\/2026\\\/07\\\/18\\\/declaration-de-melenchon-sur-ouattara-la-replique-dabidjan\\\/#respond\"]}]},{\"@type\":\"WebPage\",\"@id\":\"https:\\\/\\\/lepatriotebenin.com\\\/index.php\\\/2026\\\/07\\\/18\\\/declaration-de-melenchon-sur-ouattara-la-replique-dabidjan\\\/\",\"url\":\"https:\\\/\\\/lepatriotebenin.com\\\/index.php\\\/2026\\\/07\\\/18\\\/declaration-de-melenchon-sur-ouattara-la-replique-dabidjan\\\/\",\"name\":\"D\u00e9claration de M\u00e9lenchon sur Ouattara : la r\u00e9plique d\u2019Abidjan - Le Patriote\",\"isPartOf\":{\"@id\":\"https:\\\/\\\/lepatriotebenin.com\\\/#website\"},\"primaryImageOfPage\":{\"@id\":\"https:\\\/\\\/lepatriotebenin.com\\\/index.php\\\/2026\\\/07\\\/18\\\/declaration-de-melenchon-sur-ouattara-la-replique-dabidjan\\\/#primaryimage\"},\"image\":{\"@id\":\"https:\\\/\\\/lepatriotebenin.com\\\/index.php\\\/2026\\\/07\\\/18\\\/declaration-de-melenchon-sur-ouattara-la-replique-dabidjan\\\/#primaryimage\"},\"thumbnailUrl\":\"https:\\\/\\\/lepatriotebenin.com\\\/wp-content\\\/uploads\\\/2026\\\/07\\\/replique.jpeg\",\"datePublished\":\"2026-07-18T13:36:32+00:00\",\"author\":{\"@id\":\"https:\\\/\\\/lepatriotebenin.com\\\/#\\\/schema\\\/person\\\/2e7709b9c9cc313e452d1136af61690f\"},\"breadcrumb\":{\"@id\":\"https:\\\/\\\/lepatriotebenin.com\\\/index.php\\\/2026\\\/07\\\/18\\\/declaration-de-melenchon-sur-ouattara-la-replique-dabidjan\\\/#breadcrumb\"},\"inLanguage\":\"fr-FR\",\"potentialAction\":[{\"@type\":\"ReadAction\",\"target\":[\"https:\\\/\\\/lepatriotebenin.com\\\/index.php\\\/2026\\\/07\\\/18\\\/declaration-de-melenchon-sur-ouattara-la-replique-dabidjan\\\/\"]}]},{\"@type\":\"ImageObject\",\"inLanguage\":\"fr-FR\",\"@id\":\"https:\\\/\\\/lepatriotebenin.com\\\/index.php\\\/2026\\\/07\\\/18\\\/declaration-de-melenchon-sur-ouattara-la-replique-dabidjan\\\/#primaryimage\",\"url\":\"https:\\\/\\\/lepatriotebenin.com\\\/wp-content\\\/uploads\\\/2026\\\/07\\\/replique.jpeg\",\"contentUrl\":\"https:\\\/\\\/lepatriotebenin.com\\\/wp-content\\\/uploads\\\/2026\\\/07\\\/replique.jpeg\",\"width\":720,\"height\":480},{\"@type\":\"BreadcrumbList\",\"@id\":\"https:\\\/\\\/lepatriotebenin.com\\\/index.php\\\/2026\\\/07\\\/18\\\/declaration-de-melenchon-sur-ouattara-la-replique-dabidjan\\\/#breadcrumb\",\"itemListElement\":[{\"@type\":\"ListItem\",\"position\":1,\"name\":\"Accueil\",\"item\":\"https:\\\/\\\/lepatriotebenin.com\\\/\"},{\"@type\":\"ListItem\",\"position\":2,\"name\":\"D\u00e9claration de M\u00e9lenchon sur Ouattara : la r\u00e9plique d\u2019Abidjan\"}]},{\"@type\":\"WebSite\",\"@id\":\"https:\\\/\\\/lepatriotebenin.com\\\/#website\",\"url\":\"https:\\\/\\\/lepatriotebenin.com\\\/\",\"name\":\"Le Patriote\",\"description\":\"Le Patriote B\u00e9nin\",\"potentialAction\":[{\"@type\":\"SearchAction\",\"target\":{\"@type\":\"EntryPoint\",\"urlTemplate\":\"https:\\\/\\\/lepatriotebenin.com\\\/?s={search_term_string}\"},\"query-input\":{\"@type\":\"PropertyValueSpecification\",\"valueRequired\":true,\"valueName\":\"search_term_string\"}}],\"inLanguage\":\"fr-FR\"},{\"@type\":\"Person\",\"@id\":\"https:\\\/\\\/lepatriotebenin.com\\\/#\\\/schema\\\/person\\\/2e7709b9c9cc313e452d1136af61690f\",\"name\":\"Redaction\",\"image\":{\"@type\":\"ImageObject\",\"inLanguage\":\"fr-FR\",\"@id\":\"https:\\\/\\\/secure.gravatar.com\\\/avatar\\\/c4c509357859ea2ca2cbb6d8812898a73e4ef1ef9934c2e591d7e32face734d1?s=96&d=mm&r=g\",\"url\":\"https:\\\/\\\/secure.gravatar.com\\\/avatar\\\/c4c509357859ea2ca2cbb6d8812898a73e4ef1ef9934c2e591d7e32face734d1?s=96&d=mm&r=g\",\"contentUrl\":\"https:\\\/\\\/secure.gravatar.com\\\/avatar\\\/c4c509357859ea2ca2cbb6d8812898a73e4ef1ef9934c2e591d7e32face734d1?s=96&d=mm&r=g\",\"caption\":\"Redaction\"},\"url\":\"https:\\\/\\\/lepatriotebenin.com\"}]}<\/script>\n<!-- \/ Yoast SEO plugin. -->","yoast_head_json":{"title":"D\u00e9claration de M\u00e9lenchon sur Ouattara : la r\u00e9plique d\u2019Abidjan - Le Patriote","robots":{"index":"index","follow":"follow","max-snippet":"max-snippet:-1","max-image-preview":"max-image-preview:large","max-video-preview":"max-video-preview:-1"},"canonical":"https:\/\/lepatriotebenin.com\/index.php\/2026\/07\/18\/declaration-de-melenchon-sur-ouattara-la-replique-dabidjan\/","og_locale":"fr_FR","og_type":"article","og_title":"D\u00e9claration de M\u00e9lenchon sur Ouattara : la r\u00e9plique d\u2019Abidjan - Le Patriote","og_description":"En C\u00f4te d\u2019Ivoire, les d\u00e9clarations de Jean-Luc M\u00e9lenchon \u00e0 Paris sur la pr\u00e9sidentielle ivoirienne ne passent pas. Dans un communiqu\u00e9 publi\u00e9 par l\u2019ambassade de C\u00f4te d\u2019Ivoire en France, les autorit\u00e9s&hellip;","og_url":"https:\/\/lepatriotebenin.com\/index.php\/2026\/07\/18\/declaration-de-melenchon-sur-ouattara-la-replique-dabidjan\/","og_site_name":"Le Patriote","article_published_time":"2026-07-18T13:36:32+00:00","og_image":[{"width":720,"height":480,"url":"https:\/\/lepatriotebenin.com\/wp-content\/uploads\/2026\/07\/replique.jpeg","type":"image\/jpeg"}],"author":"Redaction","twitter_card":"summary_large_image","twitter_misc":{"\u00c9crit par":"Redaction","Dur\u00e9e de lecture estim\u00e9e":"2 minutes"},"schema":{"@context":"https:\/\/schema.org","@graph":[{"@type":"Article","@id":"https:\/\/lepatriotebenin.com\/index.php\/2026\/07\/18\/declaration-de-melenchon-sur-ouattara-la-replique-dabidjan\/#article","isPartOf":{"@id":"https:\/\/lepatriotebenin.com\/index.php\/2026\/07\/18\/declaration-de-melenchon-sur-ouattara-la-replique-dabidjan\/"},"author":{"name":"Redaction","@id":"https:\/\/lepatriotebenin.com\/#\/schema\/person\/2e7709b9c9cc313e452d1136af61690f"},"headline":"D\u00e9claration de M\u00e9lenchon sur Ouattara : la r\u00e9plique d\u2019Abidjan","datePublished":"2026-07-18T13:36:32+00:00","mainEntityOfPage":{"@id":"https:\/\/lepatriotebenin.com\/index.php\/2026\/07\/18\/declaration-de-melenchon-sur-ouattara-la-replique-dabidjan\/"},"wordCount":412,"commentCount":0,"image":{"@id":"https:\/\/lepatriotebenin.com\/index.php\/2026\/07\/18\/declaration-de-melenchon-sur-ouattara-la-replique-dabidjan\/#primaryimage"},"thumbnailUrl":"https:\/\/lepatriotebenin.com\/wp-content\/uploads\/2026\/07\/replique.jpeg","articleSection":["Politique"],"inLanguage":"fr-FR","potentialAction":[{"@type":"CommentAction","name":"Comment","target":["https:\/\/lepatriotebenin.com\/index.php\/2026\/07\/18\/declaration-de-melenchon-sur-ouattara-la-replique-dabidjan\/#respond"]}]},{"@type":"WebPage","@id":"https:\/\/lepatriotebenin.com\/index.php\/2026\/07\/18\/declaration-de-melenchon-sur-ouattara-la-replique-dabidjan\/","url":"https:\/\/lepatriotebenin.com\/index.php\/2026\/07\/18\/declaration-de-melenchon-sur-ouattara-la-replique-dabidjan\/","name":"D\u00e9claration de M\u00e9lenchon sur Ouattara : la r\u00e9plique d\u2019Abidjan - Le Patriote","isPartOf":{"@id":"https:\/\/lepatriotebenin.com\/#website"},"primaryImageOfPage":{"@id":"https:\/\/lepatriotebenin.com\/index.php\/2026\/07\/18\/declaration-de-melenchon-sur-ouattara-la-replique-dabidjan\/#primaryimage"},"image":{"@id":"https:\/\/lepatriotebenin.com\/index.php\/2026\/07\/18\/declaration-de-melenchon-sur-ouattara-la-replique-dabidjan\/#primaryimage"},"thumbnailUrl":"https:\/\/lepatriotebenin.com\/wp-content\/uploads\/2026\/07\/replique.jpeg","datePublished":"2026-07-18T13:36:32+00:00","author":{"@id":"https:\/\/lepatriotebenin.com\/#\/schema\/person\/2e7709b9c9cc313e452d1136af61690f"},"breadcrumb":{"@id":"https:\/\/lepatriotebenin.com\/index.php\/2026\/07\/18\/declaration-de-melenchon-sur-ouattara-la-replique-dabidjan\/#breadcrumb"},"inLanguage":"fr-FR","potentialAction":[{"@type":"ReadAction","target":["https:\/\/lepatriotebenin.com\/index.php\/2026\/07\/18\/declaration-de-melenchon-sur-ouattara-la-replique-dabidjan\/"]}]},{"@type":"ImageObject","inLanguage":"fr-FR","@id":"https:\/\/lepatriotebenin.com\/index.php\/2026\/07\/18\/declaration-de-melenchon-sur-ouattara-la-replique-dabidjan\/#primaryimage","url":"https:\/\/lepatriotebenin.com\/wp-content\/uploads\/2026\/07\/replique.jpeg","contentUrl":"https:\/\/lepatriotebenin.com\/wp-content\/uploads\/2026\/07\/replique.jpeg","width":720,"height":480},{"@type":"BreadcrumbList","@id":"https:\/\/lepatriotebenin.com\/index.php\/2026\/07\/18\/declaration-de-melenchon-sur-ouattara-la-replique-dabidjan\/#breadcrumb","itemListElement":[{"@type":"ListItem","position":1,"name":"Accueil","item":"https:\/\/lepatriotebenin.com\/"},{"@type":"ListItem","position":2,"name":"D\u00e9claration de M\u00e9lenchon sur Ouattara : la r\u00e9plique d\u2019Abidjan"}]},{"@type":"WebSite","@id":"https:\/\/lepatriotebenin.com\/#website","url":"https:\/\/lepatriotebenin.com\/","name":"Le Patriote","description":"Le Patriote B\u00e9nin","potentialAction":[{"@type":"SearchAction","target":{"@type":"EntryPoint","urlTemplate":"https:\/\/lepatriotebenin.com\/?s={search_term_string}"},"query-input":{"@type":"PropertyValueSpecification","valueRequired":true,"valueName":"search_term_string"}}],"inLanguage":"fr-FR"},{"@type":"Person","@id":"https:\/\/lepatriotebenin.com\/#\/schema\/person\/2e7709b9c9cc313e452d1136af61690f","name":"Redaction","image":{"@type":"ImageObject","inLanguage":"fr-FR","@id":"https:\/\/secure.gravatar.com\/avatar\/c4c509357859ea2ca2cbb6d8812898a73e4ef1ef9934c2e591d7e32face734d1?s=96&d=mm&r=g","url":"https:\/\/secure.gravatar.com\/avatar\/c4c509357859ea2ca2cbb6d8812898a73e4ef1ef9934c2e591d7e32face734d1?s=96&d=mm&r=g","contentUrl":"https:\/\/secure.gravatar.com\/avatar\/c4c509357859ea2ca2cbb6d8812898a73e4ef1ef9934c2e591d7e32face734d1?s=96&d=mm&r=g","caption":"Redaction"},"url":"https:\/\/lepatriotebenin.com"}]}},"_links":{"self":[{"href":"https:\/\/lepatriotebenin.com\/index.php\/wp-json\/wp\/v2\/posts\/21810","targetHints":{"allow":["GET"]}}],"collection":[{"href":"https:\/\/lepatriotebenin.com\/index.php\/wp-json\/wp\/v2\/posts"}],"about":[{"href":"https:\/\/lepatriotebenin.com\/index.php\/wp-json\/wp\/v2\/types\/post"}],"author":[{"embeddable":true,"href":"https:\/\/lepatriotebenin.com\/index.php\/wp-json\/wp\/v2\/users\/5"}],"replies":[{"embeddable":true,"href":"https:\/\/lepatriotebenin.com\/index.php\/wp-json\/wp\/v2\/comments?post=21810"}],"version-history":[{"count":1,"href":"https:\/\/lepatriotebenin.com\/index.php\/wp-json\/wp\/v2\/posts\/21810\/revisions"}],"predecessor-version":[{"id":21812,"href":"https:\/\/lepatriotebenin.com\/index.php\/wp-json\/wp\/v2\/posts\/21810\/revisions\/21812"}],"wp:featuredmedia":[{"embeddable":true,"href":"https:\/\/lepatriotebenin.com\/index.php\/wp-json\/wp\/v2\/media\/21811"}],"wp:attachment":[{"href":"https:\/\/lepatriotebenin.com\/index.php\/wp-json\/wp\/v2\/media?parent=21810"}],"wp:term":[{"taxonomy":"category","embeddable":true,"href":"https:\/\/lepatriotebenin.com\/index.php\/wp-json\/wp\/v2\/categories?post=21810"},{"taxonomy":"post_tag","embeddable":true,"href":"https:\/\/lepatriotebenin.com\/index.php\/wp-json\/wp\/v2\/tags?post=21810"}],"curies":[{"name":"wp","href":"https:\/\/api.w.org\/{rel}","templated":true}]}}