{"id":21783,"date":"2026-07-17T14:27:40","date_gmt":"2026-07-17T12:27:40","guid":{"rendered":"https:\/\/lepatriotebenin.com\/?p=21783"},"modified":"2026-07-17T14:27:40","modified_gmt":"2026-07-17T12:27:40","slug":"ghana-le-gouvernement-veut-relancer-son-textile-avec-du-coton-beninois","status":"publish","type":"post","link":"https:\/\/lepatriotebenin.com\/index.php\/2026\/07\/17\/ghana-le-gouvernement-veut-relancer-son-textile-avec-du-coton-beninois\/","title":{"rendered":"Ghana : le gouvernement veut relancer son textile avec du coton b\u00e9ninois"},"content":{"rendered":"<p>Le pr\u00e9sident John Dramani Mahama a annonc\u00e9 la signature prochaine d\u2019un protocole d\u2019accord avec le B\u00e9nin pour importer du coton destin\u00e9 \u00e0 alimenter l&rsquo;usine Volta Star Textiles Limited. Il s&rsquo;agit de l&rsquo;usine historique de Juapong \u00e0 l\u2019arr\u00eat depuis plusieurs ann\u00e9es.<\/p>\n<p>\u200eLe Ghana veut redonner vie \u00e0 son industrie textile. L\u2019objectif est de s\u00e9curiser un approvisionnement r\u00e9gulier en mati\u00e8re premi\u00e8re en attendant que la fili\u00e8re cotonni\u00e8re ghan\u00e9enne atteigne sa pleine capacit\u00e9. Le B\u00e9nin, premier producteur de coton d\u2019Afrique, repr\u00e9sente donc un partenaire strat\u00e9gique pour relancer la cha\u00eene de valeur.<\/p>\n<p>\u200eParall\u00e8lement, le gouvernement ghan\u00e9en a d\u00e9j\u00e0 s\u00e9lectionn\u00e9 un investisseur strat\u00e9gique charg\u00e9 de moderniser Volta Star Textiles Limited. Le projet s\u2019inscrit dans le programme \u00ab\u00a024H+\u00a0\u00bb du pr\u00e9sident Mahama, visant \u00e0 stimuler la production 24h\/24 et \u00e0 acc\u00e9l\u00e9rer les exportations.<\/p>\n<p>\u200ePour Juapong, la relance de l\u2019usine est porteuse d\u2019espoir. Elle doit permettre la cr\u00e9ation d\u2019emplois directs et indirects, la dynamisation de l\u2019\u00e9conomie locale et la r\u00e9duction de la d\u00e9pendance aux importations de tissus finis. Le Ghana mise ainsi sur l\u2019int\u00e9gration r\u00e9gionale. En s\u2019approvisionnant chez son voisin b\u00e9ninois, Accra veut poser les bases d\u2019une industrie textile comp\u00e9titive, capable de fournir le march\u00e9 local et sous-r\u00e9gional.<\/p>\n<p><strong>\u200eEz\u00e9chiel Dagb\u00e9gnon PADONOU <\/strong><\/p>\n<p>\u200e<\/p>\n","protected":false},"excerpt":{"rendered":"<p>Le pr\u00e9sident John Dramani Mahama a annonc\u00e9 la signature prochaine d\u2019un protocole d\u2019accord avec le B\u00e9nin pour importer du coton destin\u00e9 \u00e0 alimenter l&rsquo;usine Volta Star Textiles Limited. Il s&rsquo;agit&hellip;<\/p>\n","protected":false},"author":5,"featured_media":21784,"comment_status":"open","ping_status":"open","sticky":false,"template":"","format":"standard","meta":{"content-type":"","om_disable_all_campaigns":false,"_monsterinsights_skip_tracking":false,"_uf_show_specific_survey":0,"_uf_disable_surveys":false,"footnotes":""},"categories":[20],"tags":[],"class_list":["post-21783","post","type-post","status-publish","format-standard","has-post-thumbnail","hentry","category-societe"],"aioseo_notices":[],"aioseo_head":"\n\t\t<!-- All in One SEO 5.0.1.1 - aioseo.com -->\n\t<meta name=\"description\" content=\"Le pr\u00e9sident John Dramani Mahama a annonc\u00e9 la signature prochaine d\u2019un protocole d\u2019accord avec le B\u00e9nin pour importer du coton destin\u00e9 \u00e0 alimenter l&#039;usine Volta Star Textiles Limited. Il s&#039;agit de l&#039;usine historique de Juapong \u00e0 l\u2019arr\u00eat depuis plusieurs ann\u00e9es. \u200eLe Ghana veut redonner vie \u00e0 son industrie textile. L\u2019objectif est de s\u00e9curiser un approvisionnement\" \/>\n\t<meta name=\"robots\" content=\"max-image-preview:large\" \/>\n\t<meta name=\"author\" content=\"Redaction\"\/>\n\t<link rel=\"canonical\" href=\"https:\/\/lepatriotebenin.com\/index.php\/2026\/07\/17\/ghana-le-gouvernement-veut-relancer-son-textile-avec-du-coton-beninois\/\" \/>\n\t<meta name=\"generator\" content=\"All in One SEO (AIOSEO) 5.0.1.1\" \/>\n\t\t<meta property=\"og:locale\" content=\"fr_FR\" \/>\n\t\t<meta property=\"og:site_name\" content=\"Le Patriote - Le Patriote B\u00e9nin\" \/>\n\t\t<meta property=\"og:type\" content=\"article\" \/>\n\t\t<meta property=\"og:title\" content=\"Ghana : le gouvernement veut relancer son textile avec du coton b\u00e9ninois - Le Patriote\" \/>\n\t\t<meta property=\"og:description\" content=\"Le pr\u00e9sident John Dramani Mahama a annonc\u00e9 la signature prochaine d\u2019un protocole d\u2019accord avec le B\u00e9nin pour importer du coton destin\u00e9 \u00e0 alimenter l&#039;usine Volta Star Textiles Limited. Il s&#039;agit de l&#039;usine historique de Juapong \u00e0 l\u2019arr\u00eat depuis plusieurs ann\u00e9es. \u200eLe Ghana veut redonner vie \u00e0 son industrie textile. L\u2019objectif est de s\u00e9curiser un approvisionnement\" \/>\n\t\t<meta property=\"og:url\" content=\"https:\/\/lepatriotebenin.com\/index.php\/2026\/07\/17\/ghana-le-gouvernement-veut-relancer-son-textile-avec-du-coton-beninois\/\" \/>\n\t\t<meta property=\"article:published_time\" content=\"2026-07-17T12:27:40+00:00\" \/>\n\t\t<meta property=\"article:modified_time\" content=\"2026-07-17T12:27:40+00:00\" \/>\n\t\t<meta name=\"twitter:card\" content=\"summary_large_image\" \/>\n\t\t<meta name=\"twitter:title\" content=\"Ghana : le gouvernement veut relancer son textile avec du coton b\u00e9ninois - Le Patriote\" \/>\n\t\t<meta name=\"twitter:description\" content=\"Le pr\u00e9sident John Dramani Mahama a annonc\u00e9 la signature prochaine d\u2019un protocole d\u2019accord avec le B\u00e9nin pour importer du coton destin\u00e9 \u00e0 alimenter l&#039;usine Volta Star Textiles Limited. Il s&#039;agit de l&#039;usine historique de Juapong \u00e0 l\u2019arr\u00eat depuis plusieurs ann\u00e9es. \u200eLe Ghana veut redonner vie \u00e0 son industrie textile. L\u2019objectif est de s\u00e9curiser un approvisionnement\" \/>\n\t\t<script type=\"application\/ld+json\" class=\"aioseo-schema\">\n\t\t\t{\"@context\":\"https:\\\/\\\/schema.org\",\"@graph\":[{\"@type\":\"BlogPosting\",\"@id\":\"https:\\\/\\\/lepatriotebenin.com\\\/index.php\\\/2026\\\/07\\\/17\\\/ghana-le-gouvernement-veut-relancer-son-textile-avec-du-coton-beninois\\\/#blogposting\",\"name\":\"Ghana : le gouvernement veut relancer son textile avec du coton b\\u00e9ninois - Le Patriote\",\"headline\":\"Ghana : le gouvernement veut relancer son textile avec du coton b\\u00e9ninois\",\"author\":{\"@id\":\"https:\\\/\\\/lepatriotebenin.com#author\"},\"publisher\":{\"@id\":\"https:\\\/\\\/lepatriotebenin.com\\\/#organization\"},\"image\":{\"@type\":\"ImageObject\",\"url\":\"https:\\\/\\\/lepatriotebenin.com\\\/wp-content\\\/uploads\\\/2026\\\/07\\\/ghana-1.jpeg\",\"width\":720,\"height\":623},\"datePublished\":\"2026-07-17T14:27:40+02:00\",\"dateModified\":\"2026-07-17T14:27:40+02:00\",\"inLanguage\":\"fr-FR\",\"mainEntityOfPage\":{\"@id\":\"https:\\\/\\\/lepatriotebenin.com\\\/index.php\\\/2026\\\/07\\\/17\\\/ghana-le-gouvernement-veut-relancer-son-textile-avec-du-coton-beninois\\\/#webpage\"},\"isPartOf\":{\"@id\":\"https:\\\/\\\/lepatriotebenin.com\\\/index.php\\\/2026\\\/07\\\/17\\\/ghana-le-gouvernement-veut-relancer-son-textile-avec-du-coton-beninois\\\/#webpage\"},\"articleSection\":\"Soci\\u00e9t\\u00e9\"},{\"@type\":\"BreadcrumbList\",\"@id\":\"https:\\\/\\\/lepatriotebenin.com\\\/index.php\\\/2026\\\/07\\\/17\\\/ghana-le-gouvernement-veut-relancer-son-textile-avec-du-coton-beninois\\\/#breadcrumblist\",\"itemListElement\":[{\"@type\":\"ListItem\",\"@id\":\"https:\\\/\\\/lepatriotebenin.com#listItem\",\"position\":1,\"name\":\"Home\",\"item\":\"https:\\\/\\\/lepatriotebenin.com\",\"nextItem\":{\"@type\":\"ListItem\",\"@id\":\"https:\\\/\\\/lepatriotebenin.com\\\/index.php\\\/category\\\/societe\\\/#listItem\",\"name\":\"Soci\\u00e9t\\u00e9\"}},{\"@type\":\"ListItem\",\"@id\":\"https:\\\/\\\/lepatriotebenin.com\\\/index.php\\\/category\\\/societe\\\/#listItem\",\"position\":2,\"name\":\"Soci\\u00e9t\\u00e9\",\"item\":\"https:\\\/\\\/lepatriotebenin.com\\\/index.php\\\/category\\\/societe\\\/\",\"nextItem\":{\"@type\":\"ListItem\",\"@id\":\"https:\\\/\\\/lepatriotebenin.com\\\/index.php\\\/2026\\\/07\\\/17\\\/ghana-le-gouvernement-veut-relancer-son-textile-avec-du-coton-beninois\\\/#listItem\",\"name\":\"Ghana : le gouvernement veut relancer son textile avec du coton b\\u00e9ninois\"},\"previousItem\":{\"@type\":\"ListItem\",\"@id\":\"https:\\\/\\\/lepatriotebenin.com#listItem\",\"name\":\"Home\"}},{\"@type\":\"ListItem\",\"@id\":\"https:\\\/\\\/lepatriotebenin.com\\\/index.php\\\/2026\\\/07\\\/17\\\/ghana-le-gouvernement-veut-relancer-son-textile-avec-du-coton-beninois\\\/#listItem\",\"position\":3,\"name\":\"Ghana : le gouvernement veut relancer son textile avec du coton b\\u00e9ninois\",\"previousItem\":{\"@type\":\"ListItem\",\"@id\":\"https:\\\/\\\/lepatriotebenin.com\\\/index.php\\\/category\\\/societe\\\/#listItem\",\"name\":\"Soci\\u00e9t\\u00e9\"}}]},{\"@type\":\"Organization\",\"@id\":\"https:\\\/\\\/lepatriotebenin.com\\\/#organization\",\"name\":\"Le Patriote\",\"description\":\"Le Patriote B\\u00e9nin\",\"url\":\"https:\\\/\\\/lepatriotebenin.com\\\/\"},{\"@type\":\"Person\",\"@id\":\"https:\\\/\\\/lepatriotebenin.com#author\",\"url\":\"https:\\\/\\\/lepatriotebenin.com\",\"name\":\"Redaction\",\"image\":{\"@type\":\"ImageObject\",\"@id\":\"https:\\\/\\\/lepatriotebenin.com\\\/index.php\\\/2026\\\/07\\\/17\\\/ghana-le-gouvernement-veut-relancer-son-textile-avec-du-coton-beninois\\\/#authorImage\",\"url\":\"https:\\\/\\\/secure.gravatar.com\\\/avatar\\\/c4c509357859ea2ca2cbb6d8812898a73e4ef1ef9934c2e591d7e32face734d1?s=96&d=mm&r=g\",\"width\":96,\"height\":96,\"caption\":\"Redaction\"}},{\"@type\":\"WebPage\",\"@id\":\"https:\\\/\\\/lepatriotebenin.com\\\/index.php\\\/2026\\\/07\\\/17\\\/ghana-le-gouvernement-veut-relancer-son-textile-avec-du-coton-beninois\\\/#webpage\",\"url\":\"https:\\\/\\\/lepatriotebenin.com\\\/index.php\\\/2026\\\/07\\\/17\\\/ghana-le-gouvernement-veut-relancer-son-textile-avec-du-coton-beninois\\\/\",\"name\":\"Ghana : le gouvernement veut relancer son textile avec du coton b\\u00e9ninois - Le Patriote\",\"description\":\"Le pr\\u00e9sident John Dramani Mahama a annonc\\u00e9 la signature prochaine d\\u2019un protocole d\\u2019accord avec le B\\u00e9nin pour importer du coton destin\\u00e9 \\u00e0 alimenter l'usine Volta Star Textiles Limited. Il s'agit de l'usine historique de Juapong \\u00e0 l\\u2019arr\\u00eat depuis plusieurs ann\\u00e9es. \\u200eLe Ghana veut redonner vie \\u00e0 son industrie textile. L\\u2019objectif est de s\\u00e9curiser un approvisionnement\",\"inLanguage\":\"fr-FR\",\"isPartOf\":{\"@id\":\"https:\\\/\\\/lepatriotebenin.com\\\/#website\"},\"breadcrumb\":{\"@id\":\"https:\\\/\\\/lepatriotebenin.com\\\/index.php\\\/2026\\\/07\\\/17\\\/ghana-le-gouvernement-veut-relancer-son-textile-avec-du-coton-beninois\\\/#breadcrumblist\"},\"author\":{\"@id\":\"https:\\\/\\\/lepatriotebenin.com#author\"},\"creator\":{\"@id\":\"https:\\\/\\\/lepatriotebenin.com#author\"},\"image\":{\"@type\":\"ImageObject\",\"url\":\"https:\\\/\\\/lepatriotebenin.com\\\/wp-content\\\/uploads\\\/2026\\\/07\\\/ghana-1.jpeg\",\"@id\":\"https:\\\/\\\/lepatriotebenin.com\\\/index.php\\\/2026\\\/07\\\/17\\\/ghana-le-gouvernement-veut-relancer-son-textile-avec-du-coton-beninois\\\/#mainImage\",\"width\":720,\"height\":623},\"primaryImageOfPage\":{\"@id\":\"https:\\\/\\\/lepatriotebenin.com\\\/index.php\\\/2026\\\/07\\\/17\\\/ghana-le-gouvernement-veut-relancer-son-textile-avec-du-coton-beninois\\\/#mainImage\"},\"datePublished\":\"2026-07-17T14:27:40+02:00\",\"dateModified\":\"2026-07-17T14:27:40+02:00\"},{\"@type\":\"WebSite\",\"@id\":\"https:\\\/\\\/lepatriotebenin.com\\\/#website\",\"url\":\"https:\\\/\\\/lepatriotebenin.com\\\/\",\"name\":\"Le Patriote\",\"description\":\"Le Patriote B\\u00e9nin\",\"inLanguage\":\"fr-FR\",\"publisher\":{\"@id\":\"https:\\\/\\\/lepatriotebenin.com\\\/#organization\"}}]}\n\t\t<\/script>\n\t\t<!-- All in One SEO -->\n\n","aioseo_head_json":{"title":"Ghana : le gouvernement veut relancer son textile avec du coton b\u00e9ninois - Le Patriote","description":"Le pr\u00e9sident John Dramani Mahama a annonc\u00e9 la signature prochaine d\u2019un protocole d\u2019accord avec le B\u00e9nin pour importer du coton destin\u00e9 \u00e0 alimenter l'usine Volta Star Textiles Limited. Il s'agit de l'usine historique de Juapong \u00e0 l\u2019arr\u00eat depuis plusieurs ann\u00e9es. \u200eLe Ghana veut redonner vie \u00e0 son industrie textile. L\u2019objectif est de s\u00e9curiser un approvisionnement","canonical_url":"https:\/\/lepatriotebenin.com\/index.php\/2026\/07\/17\/ghana-le-gouvernement-veut-relancer-son-textile-avec-du-coton-beninois\/","robots":"max-image-preview:large","keywords":"","webmasterTools":{"miscellaneous":""},"schema":{"@context":"https:\/\/schema.org","@graph":[{"@type":"BlogPosting","@id":"https:\/\/lepatriotebenin.com\/index.php\/2026\/07\/17\/ghana-le-gouvernement-veut-relancer-son-textile-avec-du-coton-beninois\/#blogposting","name":"Ghana : le gouvernement veut relancer son textile avec du coton b\u00e9ninois - Le Patriote","headline":"Ghana : le gouvernement veut relancer son textile avec du coton b\u00e9ninois","author":{"@id":"https:\/\/lepatriotebenin.com#author"},"publisher":{"@id":"https:\/\/lepatriotebenin.com\/#organization"},"image":{"@type":"ImageObject","url":"https:\/\/lepatriotebenin.com\/wp-content\/uploads\/2026\/07\/ghana-1.jpeg","width":720,"height":623},"datePublished":"2026-07-17T14:27:40+02:00","dateModified":"2026-07-17T14:27:40+02:00","inLanguage":"fr-FR","mainEntityOfPage":{"@id":"https:\/\/lepatriotebenin.com\/index.php\/2026\/07\/17\/ghana-le-gouvernement-veut-relancer-son-textile-avec-du-coton-beninois\/#webpage"},"isPartOf":{"@id":"https:\/\/lepatriotebenin.com\/index.php\/2026\/07\/17\/ghana-le-gouvernement-veut-relancer-son-textile-avec-du-coton-beninois\/#webpage"},"articleSection":"Soci\u00e9t\u00e9"},{"@type":"BreadcrumbList","@id":"https:\/\/lepatriotebenin.com\/index.php\/2026\/07\/17\/ghana-le-gouvernement-veut-relancer-son-textile-avec-du-coton-beninois\/#breadcrumblist","itemListElement":[{"@type":"ListItem","@id":"https:\/\/lepatriotebenin.com#listItem","position":1,"name":"Home","item":"https:\/\/lepatriotebenin.com","nextItem":{"@type":"ListItem","@id":"https:\/\/lepatriotebenin.com\/index.php\/category\/societe\/#listItem","name":"Soci\u00e9t\u00e9"}},{"@type":"ListItem","@id":"https:\/\/lepatriotebenin.com\/index.php\/category\/societe\/#listItem","position":2,"name":"Soci\u00e9t\u00e9","item":"https:\/\/lepatriotebenin.com\/index.php\/category\/societe\/","nextItem":{"@type":"ListItem","@id":"https:\/\/lepatriotebenin.com\/index.php\/2026\/07\/17\/ghana-le-gouvernement-veut-relancer-son-textile-avec-du-coton-beninois\/#listItem","name":"Ghana : le gouvernement veut relancer son textile avec du coton b\u00e9ninois"},"previousItem":{"@type":"ListItem","@id":"https:\/\/lepatriotebenin.com#listItem","name":"Home"}},{"@type":"ListItem","@id":"https:\/\/lepatriotebenin.com\/index.php\/2026\/07\/17\/ghana-le-gouvernement-veut-relancer-son-textile-avec-du-coton-beninois\/#listItem","position":3,"name":"Ghana : le gouvernement veut relancer son textile avec du coton b\u00e9ninois","previousItem":{"@type":"ListItem","@id":"https:\/\/lepatriotebenin.com\/index.php\/category\/societe\/#listItem","name":"Soci\u00e9t\u00e9"}}]},{"@type":"Organization","@id":"https:\/\/lepatriotebenin.com\/#organization","name":"Le Patriote","description":"Le Patriote B\u00e9nin","url":"https:\/\/lepatriotebenin.com\/"},{"@type":"Person","@id":"https:\/\/lepatriotebenin.com#author","url":"https:\/\/lepatriotebenin.com","name":"Redaction","image":{"@type":"ImageObject","@id":"https:\/\/lepatriotebenin.com\/index.php\/2026\/07\/17\/ghana-le-gouvernement-veut-relancer-son-textile-avec-du-coton-beninois\/#authorImage","url":"https:\/\/secure.gravatar.com\/avatar\/c4c509357859ea2ca2cbb6d8812898a73e4ef1ef9934c2e591d7e32face734d1?s=96&d=mm&r=g","width":96,"height":96,"caption":"Redaction"}},{"@type":"WebPage","@id":"https:\/\/lepatriotebenin.com\/index.php\/2026\/07\/17\/ghana-le-gouvernement-veut-relancer-son-textile-avec-du-coton-beninois\/#webpage","url":"https:\/\/lepatriotebenin.com\/index.php\/2026\/07\/17\/ghana-le-gouvernement-veut-relancer-son-textile-avec-du-coton-beninois\/","name":"Ghana : le gouvernement veut relancer son textile avec du coton b\u00e9ninois - Le Patriote","description":"Le pr\u00e9sident John Dramani Mahama a annonc\u00e9 la signature prochaine d\u2019un protocole d\u2019accord avec le B\u00e9nin pour importer du coton destin\u00e9 \u00e0 alimenter l'usine Volta Star Textiles Limited. Il s'agit de l'usine historique de Juapong \u00e0 l\u2019arr\u00eat depuis plusieurs ann\u00e9es. \u200eLe Ghana veut redonner vie \u00e0 son industrie textile. L\u2019objectif est de s\u00e9curiser un approvisionnement","inLanguage":"fr-FR","isPartOf":{"@id":"https:\/\/lepatriotebenin.com\/#website"},"breadcrumb":{"@id":"https:\/\/lepatriotebenin.com\/index.php\/2026\/07\/17\/ghana-le-gouvernement-veut-relancer-son-textile-avec-du-coton-beninois\/#breadcrumblist"},"author":{"@id":"https:\/\/lepatriotebenin.com#author"},"creator":{"@id":"https:\/\/lepatriotebenin.com#author"},"image":{"@type":"ImageObject","url":"https:\/\/lepatriotebenin.com\/wp-content\/uploads\/2026\/07\/ghana-1.jpeg","@id":"https:\/\/lepatriotebenin.com\/index.php\/2026\/07\/17\/ghana-le-gouvernement-veut-relancer-son-textile-avec-du-coton-beninois\/#mainImage","width":720,"height":623},"primaryImageOfPage":{"@id":"https:\/\/lepatriotebenin.com\/index.php\/2026\/07\/17\/ghana-le-gouvernement-veut-relancer-son-textile-avec-du-coton-beninois\/#mainImage"},"datePublished":"2026-07-17T14:27:40+02:00","dateModified":"2026-07-17T14:27:40+02:00"},{"@type":"WebSite","@id":"https:\/\/lepatriotebenin.com\/#website","url":"https:\/\/lepatriotebenin.com\/","name":"Le Patriote","description":"Le Patriote B\u00e9nin","inLanguage":"fr-FR","publisher":{"@id":"https:\/\/lepatriotebenin.com\/#organization"}}]},"og:locale":"fr_FR","og:site_name":"Le Patriote - Le Patriote B\u00e9nin","og:type":"article","og:title":"Ghana : le gouvernement veut relancer son textile avec du coton b\u00e9ninois - Le Patriote","og:description":"Le pr\u00e9sident John Dramani Mahama a annonc\u00e9 la signature prochaine d\u2019un protocole d\u2019accord avec le B\u00e9nin pour importer du coton destin\u00e9 \u00e0 alimenter l'usine Volta Star Textiles Limited. Il s'agit de l'usine historique de Juapong \u00e0 l\u2019arr\u00eat depuis plusieurs ann\u00e9es. \u200eLe Ghana veut redonner vie \u00e0 son industrie textile. L\u2019objectif est de s\u00e9curiser un approvisionnement","og:url":"https:\/\/lepatriotebenin.com\/index.php\/2026\/07\/17\/ghana-le-gouvernement-veut-relancer-son-textile-avec-du-coton-beninois\/","article:published_time":"2026-07-17T12:27:40+00:00","article:modified_time":"2026-07-17T12:27:40+00:00","twitter:card":"summary_large_image","twitter:title":"Ghana : le gouvernement veut relancer son textile avec du coton b\u00e9ninois - Le Patriote","twitter:description":"Le pr\u00e9sident John Dramani Mahama a annonc\u00e9 la signature prochaine d\u2019un protocole d\u2019accord avec le B\u00e9nin pour importer du coton destin\u00e9 \u00e0 alimenter l'usine Volta Star Textiles Limited. Il s'agit de l'usine historique de Juapong \u00e0 l\u2019arr\u00eat depuis plusieurs ann\u00e9es. \u200eLe Ghana veut redonner vie \u00e0 son industrie textile. L\u2019objectif est de s\u00e9curiser un approvisionnement"},"aioseo_meta_data":{"post_id":"21783","title":null,"description":null,"keywords":null,"keyphrases":{"focus":{"keyphrase":"","score":0,"analysis":{"keyphraseInTitle":{"score":0,"maxScore":9,"error":1}}},"additional":[]},"primary_term":null,"canonical_url":null,"og_title":null,"og_description":null,"og_object_type":"default","og_image_type":"default","og_image_url":null,"og_image_width":null,"og_image_height":null,"og_image_custom_url":null,"og_image_custom_fields":null,"og_video":"","og_custom_url":null,"og_article_section":null,"og_article_tags":null,"twitter_use_og":false,"twitter_card":"default","twitter_image_type":"default","twitter_image_url":null,"twitter_image_custom_url":null,"twitter_image_custom_fields":null,"twitter_title":null,"twitter_description":null,"schema":{"blockGraphs":[],"customGraphs":[],"default":{"data":{"Article":[],"Course":[],"Dataset":[],"FAQPage":[],"Movie":[],"Person":[],"Product":[],"ProductReview":[],"Car":[],"Recipe":[],"Service":[],"SoftwareApplication":[],"WebPage":[]},"graphName":"BlogPosting","isEnabled":true},"graphs":[]},"schema_type":"default","schema_type_options":null,"pillar_content":false,"robots_default":true,"robots_noindex":false,"robots_noarchive":false,"robots_nosnippet":false,"robots_nofollow":false,"robots_noimageindex":false,"robots_noodp":false,"robots_notranslate":false,"robots_max_snippet":"-1","robots_max_videopreview":"-1","robots_max_imagepreview":"large","priority":null,"frequency":"default","local_seo":null,"breadcrumb_settings":null,"limit_modified_date":false,"ai":{"faqs":[],"keyPoints":[],"schemas":[],"titles":[],"descriptions":[],"socialPosts":{"email":{"subject":"","preview":"","content":""},"linkedin":[],"twitter":[],"facebook":[],"instagram":[]}},"created":"2026-07-17 12:27:40","updated":"2026-07-17 12:40:17","seo_analyzer_scan_date":null,"focus_keyword":null,"additional_keywords":null,"truseo_locale":null},"aioseo_breadcrumb":"<div class=\"aioseo-breadcrumbs\"><span class=\"aioseo-breadcrumb\">\n\t\t\t<a href=\"https:\/\/lepatriotebenin.com\" title=\"Home\">Home<\/a>\n\t\t<\/span><span class=\"aioseo-breadcrumb-separator\">&raquo;<\/span><span class=\"aioseo-breadcrumb\">\n\t\t\t<a href=\"https:\/\/lepatriotebenin.com\/index.php\/category\/societe\/\" title=\"Soci\u00e9t\u00e9\">Soci\u00e9t\u00e9<\/a>\n\t\t<\/span><span class=\"aioseo-breadcrumb-separator\">&raquo;<\/span><span class=\"aioseo-breadcrumb\">\n\t\t\tGhana : le gouvernement veut relancer son textile avec du coton b\u00e9ninois\n\t\t<\/span><\/div>","aioseo_breadcrumb_json":[{"label":"Home","link":"https:\/\/lepatriotebenin.com"},{"label":"Soci\u00e9t\u00e9","link":"https:\/\/lepatriotebenin.com\/index.php\/category\/societe\/"},{"label":"Ghana : le gouvernement veut relancer son textile avec du coton b\u00e9ninois","link":"https:\/\/lepatriotebenin.com\/index.php\/2026\/07\/17\/ghana-le-gouvernement-veut-relancer-son-textile-avec-du-coton-beninois\/"}],"yoast_head":"<!-- This site is optimized with the Yoast SEO plugin v28.3 - https:\/\/yoast.com\/product\/yoast-seo-wordpress\/ -->\n<title>Ghana : le gouvernement veut relancer son textile avec du coton b\u00e9ninois - Le Patriote<\/title>\n<meta name=\"robots\" content=\"index, follow, max-snippet:-1, max-image-preview:large, max-video-preview:-1\" \/>\n<link rel=\"canonical\" href=\"https:\/\/lepatriotebenin.com\/index.php\/2026\/07\/17\/ghana-le-gouvernement-veut-relancer-son-textile-avec-du-coton-beninois\/\" \/>\n<meta property=\"og:locale\" content=\"fr_FR\" \/>\n<meta property=\"og:type\" content=\"article\" \/>\n<meta property=\"og:title\" content=\"Ghana : le gouvernement veut relancer son textile avec du coton b\u00e9ninois - Le Patriote\" \/>\n<meta property=\"og:description\" content=\"Le pr\u00e9sident John Dramani Mahama a annonc\u00e9 la signature prochaine d\u2019un protocole d\u2019accord avec le B\u00e9nin pour importer du coton destin\u00e9 \u00e0 alimenter l&rsquo;usine Volta Star Textiles Limited. Il s&rsquo;agit&hellip;\" \/>\n<meta property=\"og:url\" content=\"https:\/\/lepatriotebenin.com\/index.php\/2026\/07\/17\/ghana-le-gouvernement-veut-relancer-son-textile-avec-du-coton-beninois\/\" \/>\n<meta property=\"og:site_name\" content=\"Le Patriote\" \/>\n<meta property=\"article:published_time\" content=\"2026-07-17T12:27:40+00:00\" \/>\n<meta property=\"og:image\" content=\"https:\/\/lepatriotebenin.com\/wp-content\/uploads\/2026\/07\/ghana-1.jpeg\" \/>\n\t<meta property=\"og:image:width\" content=\"720\" \/>\n\t<meta property=\"og:image:height\" content=\"623\" \/>\n\t<meta property=\"og:image:type\" content=\"image\/jpeg\" \/>\n<meta name=\"author\" content=\"Redaction\" \/>\n<meta name=\"twitter:card\" content=\"summary_large_image\" \/>\n<meta name=\"twitter:label1\" content=\"\u00c9crit par\" \/>\n\t<meta name=\"twitter:data1\" content=\"Redaction\" \/>\n\t<meta name=\"twitter:label2\" content=\"Dur\u00e9e de lecture estim\u00e9e\" \/>\n\t<meta name=\"twitter:data2\" content=\"2 minutes\" \/>\n<script type=\"application\/ld+json\" class=\"yoast-schema-graph\">{\"@context\":\"https:\\\/\\\/schema.org\",\"@graph\":[{\"@type\":\"Article\",\"@id\":\"https:\\\/\\\/lepatriotebenin.com\\\/index.php\\\/2026\\\/07\\\/17\\\/ghana-le-gouvernement-veut-relancer-son-textile-avec-du-coton-beninois\\\/#article\",\"isPartOf\":{\"@id\":\"https:\\\/\\\/lepatriotebenin.com\\\/index.php\\\/2026\\\/07\\\/17\\\/ghana-le-gouvernement-veut-relancer-son-textile-avec-du-coton-beninois\\\/\"},\"author\":{\"name\":\"Redaction\",\"@id\":\"https:\\\/\\\/lepatriotebenin.com\\\/#\\\/schema\\\/person\\\/2e7709b9c9cc313e452d1136af61690f\"},\"headline\":\"Ghana : le gouvernement veut relancer son textile avec du coton b\u00e9ninois\",\"datePublished\":\"2026-07-17T12:27:40+00:00\",\"mainEntityOfPage\":{\"@id\":\"https:\\\/\\\/lepatriotebenin.com\\\/index.php\\\/2026\\\/07\\\/17\\\/ghana-le-gouvernement-veut-relancer-son-textile-avec-du-coton-beninois\\\/\"},\"wordCount\":249,\"commentCount\":0,\"image\":{\"@id\":\"https:\\\/\\\/lepatriotebenin.com\\\/index.php\\\/2026\\\/07\\\/17\\\/ghana-le-gouvernement-veut-relancer-son-textile-avec-du-coton-beninois\\\/#primaryimage\"},\"thumbnailUrl\":\"https:\\\/\\\/lepatriotebenin.com\\\/wp-content\\\/uploads\\\/2026\\\/07\\\/ghana-1.jpeg\",\"articleSection\":[\"Soci\u00e9t\u00e9\"],\"inLanguage\":\"fr-FR\",\"potentialAction\":[{\"@type\":\"CommentAction\",\"name\":\"Comment\",\"target\":[\"https:\\\/\\\/lepatriotebenin.com\\\/index.php\\\/2026\\\/07\\\/17\\\/ghana-le-gouvernement-veut-relancer-son-textile-avec-du-coton-beninois\\\/#respond\"]}]},{\"@type\":\"WebPage\",\"@id\":\"https:\\\/\\\/lepatriotebenin.com\\\/index.php\\\/2026\\\/07\\\/17\\\/ghana-le-gouvernement-veut-relancer-son-textile-avec-du-coton-beninois\\\/\",\"url\":\"https:\\\/\\\/lepatriotebenin.com\\\/index.php\\\/2026\\\/07\\\/17\\\/ghana-le-gouvernement-veut-relancer-son-textile-avec-du-coton-beninois\\\/\",\"name\":\"Ghana : le gouvernement veut relancer son textile avec du coton b\u00e9ninois - Le Patriote\",\"isPartOf\":{\"@id\":\"https:\\\/\\\/lepatriotebenin.com\\\/#website\"},\"primaryImageOfPage\":{\"@id\":\"https:\\\/\\\/lepatriotebenin.com\\\/index.php\\\/2026\\\/07\\\/17\\\/ghana-le-gouvernement-veut-relancer-son-textile-avec-du-coton-beninois\\\/#primaryimage\"},\"image\":{\"@id\":\"https:\\\/\\\/lepatriotebenin.com\\\/index.php\\\/2026\\\/07\\\/17\\\/ghana-le-gouvernement-veut-relancer-son-textile-avec-du-coton-beninois\\\/#primaryimage\"},\"thumbnailUrl\":\"https:\\\/\\\/lepatriotebenin.com\\\/wp-content\\\/uploads\\\/2026\\\/07\\\/ghana-1.jpeg\",\"datePublished\":\"2026-07-17T12:27:40+00:00\",\"author\":{\"@id\":\"https:\\\/\\\/lepatriotebenin.com\\\/#\\\/schema\\\/person\\\/2e7709b9c9cc313e452d1136af61690f\"},\"breadcrumb\":{\"@id\":\"https:\\\/\\\/lepatriotebenin.com\\\/index.php\\\/2026\\\/07\\\/17\\\/ghana-le-gouvernement-veut-relancer-son-textile-avec-du-coton-beninois\\\/#breadcrumb\"},\"inLanguage\":\"fr-FR\",\"potentialAction\":[{\"@type\":\"ReadAction\",\"target\":[\"https:\\\/\\\/lepatriotebenin.com\\\/index.php\\\/2026\\\/07\\\/17\\\/ghana-le-gouvernement-veut-relancer-son-textile-avec-du-coton-beninois\\\/\"]}]},{\"@type\":\"ImageObject\",\"inLanguage\":\"fr-FR\",\"@id\":\"https:\\\/\\\/lepatriotebenin.com\\\/index.php\\\/2026\\\/07\\\/17\\\/ghana-le-gouvernement-veut-relancer-son-textile-avec-du-coton-beninois\\\/#primaryimage\",\"url\":\"https:\\\/\\\/lepatriotebenin.com\\\/wp-content\\\/uploads\\\/2026\\\/07\\\/ghana-1.jpeg\",\"contentUrl\":\"https:\\\/\\\/lepatriotebenin.com\\\/wp-content\\\/uploads\\\/2026\\\/07\\\/ghana-1.jpeg\",\"width\":720,\"height\":623},{\"@type\":\"BreadcrumbList\",\"@id\":\"https:\\\/\\\/lepatriotebenin.com\\\/index.php\\\/2026\\\/07\\\/17\\\/ghana-le-gouvernement-veut-relancer-son-textile-avec-du-coton-beninois\\\/#breadcrumb\",\"itemListElement\":[{\"@type\":\"ListItem\",\"position\":1,\"name\":\"Accueil\",\"item\":\"https:\\\/\\\/lepatriotebenin.com\\\/\"},{\"@type\":\"ListItem\",\"position\":2,\"name\":\"Ghana : le gouvernement veut relancer son textile avec du coton b\u00e9ninois\"}]},{\"@type\":\"WebSite\",\"@id\":\"https:\\\/\\\/lepatriotebenin.com\\\/#website\",\"url\":\"https:\\\/\\\/lepatriotebenin.com\\\/\",\"name\":\"Le Patriote\",\"description\":\"Le Patriote B\u00e9nin\",\"potentialAction\":[{\"@type\":\"SearchAction\",\"target\":{\"@type\":\"EntryPoint\",\"urlTemplate\":\"https:\\\/\\\/lepatriotebenin.com\\\/?s={search_term_string}\"},\"query-input\":{\"@type\":\"PropertyValueSpecification\",\"valueRequired\":true,\"valueName\":\"search_term_string\"}}],\"inLanguage\":\"fr-FR\"},{\"@type\":\"Person\",\"@id\":\"https:\\\/\\\/lepatriotebenin.com\\\/#\\\/schema\\\/person\\\/2e7709b9c9cc313e452d1136af61690f\",\"name\":\"Redaction\",\"image\":{\"@type\":\"ImageObject\",\"inLanguage\":\"fr-FR\",\"@id\":\"https:\\\/\\\/secure.gravatar.com\\\/avatar\\\/c4c509357859ea2ca2cbb6d8812898a73e4ef1ef9934c2e591d7e32face734d1?s=96&d=mm&r=g\",\"url\":\"https:\\\/\\\/secure.gravatar.com\\\/avatar\\\/c4c509357859ea2ca2cbb6d8812898a73e4ef1ef9934c2e591d7e32face734d1?s=96&d=mm&r=g\",\"contentUrl\":\"https:\\\/\\\/secure.gravatar.com\\\/avatar\\\/c4c509357859ea2ca2cbb6d8812898a73e4ef1ef9934c2e591d7e32face734d1?s=96&d=mm&r=g\",\"caption\":\"Redaction\"},\"url\":\"https:\\\/\\\/lepatriotebenin.com\"}]}<\/script>\n<!-- \/ Yoast SEO plugin. -->","yoast_head_json":{"title":"Ghana : le gouvernement veut relancer son textile avec du coton b\u00e9ninois - Le Patriote","robots":{"index":"index","follow":"follow","max-snippet":"max-snippet:-1","max-image-preview":"max-image-preview:large","max-video-preview":"max-video-preview:-1"},"canonical":"https:\/\/lepatriotebenin.com\/index.php\/2026\/07\/17\/ghana-le-gouvernement-veut-relancer-son-textile-avec-du-coton-beninois\/","og_locale":"fr_FR","og_type":"article","og_title":"Ghana : le gouvernement veut relancer son textile avec du coton b\u00e9ninois - Le Patriote","og_description":"Le pr\u00e9sident John Dramani Mahama a annonc\u00e9 la signature prochaine d\u2019un protocole d\u2019accord avec le B\u00e9nin pour importer du coton destin\u00e9 \u00e0 alimenter l&rsquo;usine Volta Star Textiles Limited. Il s&rsquo;agit&hellip;","og_url":"https:\/\/lepatriotebenin.com\/index.php\/2026\/07\/17\/ghana-le-gouvernement-veut-relancer-son-textile-avec-du-coton-beninois\/","og_site_name":"Le Patriote","article_published_time":"2026-07-17T12:27:40+00:00","og_image":[{"width":720,"height":623,"url":"https:\/\/lepatriotebenin.com\/wp-content\/uploads\/2026\/07\/ghana-1.jpeg","type":"image\/jpeg"}],"author":"Redaction","twitter_card":"summary_large_image","twitter_misc":{"\u00c9crit par":"Redaction","Dur\u00e9e de lecture estim\u00e9e":"2 minutes"},"schema":{"@context":"https:\/\/schema.org","@graph":[{"@type":"Article","@id":"https:\/\/lepatriotebenin.com\/index.php\/2026\/07\/17\/ghana-le-gouvernement-veut-relancer-son-textile-avec-du-coton-beninois\/#article","isPartOf":{"@id":"https:\/\/lepatriotebenin.com\/index.php\/2026\/07\/17\/ghana-le-gouvernement-veut-relancer-son-textile-avec-du-coton-beninois\/"},"author":{"name":"Redaction","@id":"https:\/\/lepatriotebenin.com\/#\/schema\/person\/2e7709b9c9cc313e452d1136af61690f"},"headline":"Ghana : le gouvernement veut relancer son textile avec du coton b\u00e9ninois","datePublished":"2026-07-17T12:27:40+00:00","mainEntityOfPage":{"@id":"https:\/\/lepatriotebenin.com\/index.php\/2026\/07\/17\/ghana-le-gouvernement-veut-relancer-son-textile-avec-du-coton-beninois\/"},"wordCount":249,"commentCount":0,"image":{"@id":"https:\/\/lepatriotebenin.com\/index.php\/2026\/07\/17\/ghana-le-gouvernement-veut-relancer-son-textile-avec-du-coton-beninois\/#primaryimage"},"thumbnailUrl":"https:\/\/lepatriotebenin.com\/wp-content\/uploads\/2026\/07\/ghana-1.jpeg","articleSection":["Soci\u00e9t\u00e9"],"inLanguage":"fr-FR","potentialAction":[{"@type":"CommentAction","name":"Comment","target":["https:\/\/lepatriotebenin.com\/index.php\/2026\/07\/17\/ghana-le-gouvernement-veut-relancer-son-textile-avec-du-coton-beninois\/#respond"]}]},{"@type":"WebPage","@id":"https:\/\/lepatriotebenin.com\/index.php\/2026\/07\/17\/ghana-le-gouvernement-veut-relancer-son-textile-avec-du-coton-beninois\/","url":"https:\/\/lepatriotebenin.com\/index.php\/2026\/07\/17\/ghana-le-gouvernement-veut-relancer-son-textile-avec-du-coton-beninois\/","name":"Ghana : le gouvernement veut relancer son textile avec du coton b\u00e9ninois - Le Patriote","isPartOf":{"@id":"https:\/\/lepatriotebenin.com\/#website"},"primaryImageOfPage":{"@id":"https:\/\/lepatriotebenin.com\/index.php\/2026\/07\/17\/ghana-le-gouvernement-veut-relancer-son-textile-avec-du-coton-beninois\/#primaryimage"},"image":{"@id":"https:\/\/lepatriotebenin.com\/index.php\/2026\/07\/17\/ghana-le-gouvernement-veut-relancer-son-textile-avec-du-coton-beninois\/#primaryimage"},"thumbnailUrl":"https:\/\/lepatriotebenin.com\/wp-content\/uploads\/2026\/07\/ghana-1.jpeg","datePublished":"2026-07-17T12:27:40+00:00","author":{"@id":"https:\/\/lepatriotebenin.com\/#\/schema\/person\/2e7709b9c9cc313e452d1136af61690f"},"breadcrumb":{"@id":"https:\/\/lepatriotebenin.com\/index.php\/2026\/07\/17\/ghana-le-gouvernement-veut-relancer-son-textile-avec-du-coton-beninois\/#breadcrumb"},"inLanguage":"fr-FR","potentialAction":[{"@type":"ReadAction","target":["https:\/\/lepatriotebenin.com\/index.php\/2026\/07\/17\/ghana-le-gouvernement-veut-relancer-son-textile-avec-du-coton-beninois\/"]}]},{"@type":"ImageObject","inLanguage":"fr-FR","@id":"https:\/\/lepatriotebenin.com\/index.php\/2026\/07\/17\/ghana-le-gouvernement-veut-relancer-son-textile-avec-du-coton-beninois\/#primaryimage","url":"https:\/\/lepatriotebenin.com\/wp-content\/uploads\/2026\/07\/ghana-1.jpeg","contentUrl":"https:\/\/lepatriotebenin.com\/wp-content\/uploads\/2026\/07\/ghana-1.jpeg","width":720,"height":623},{"@type":"BreadcrumbList","@id":"https:\/\/lepatriotebenin.com\/index.php\/2026\/07\/17\/ghana-le-gouvernement-veut-relancer-son-textile-avec-du-coton-beninois\/#breadcrumb","itemListElement":[{"@type":"ListItem","position":1,"name":"Accueil","item":"https:\/\/lepatriotebenin.com\/"},{"@type":"ListItem","position":2,"name":"Ghana : le gouvernement veut relancer son textile avec du coton b\u00e9ninois"}]},{"@type":"WebSite","@id":"https:\/\/lepatriotebenin.com\/#website","url":"https:\/\/lepatriotebenin.com\/","name":"Le Patriote","description":"Le Patriote B\u00e9nin","potentialAction":[{"@type":"SearchAction","target":{"@type":"EntryPoint","urlTemplate":"https:\/\/lepatriotebenin.com\/?s={search_term_string}"},"query-input":{"@type":"PropertyValueSpecification","valueRequired":true,"valueName":"search_term_string"}}],"inLanguage":"fr-FR"},{"@type":"Person","@id":"https:\/\/lepatriotebenin.com\/#\/schema\/person\/2e7709b9c9cc313e452d1136af61690f","name":"Redaction","image":{"@type":"ImageObject","inLanguage":"fr-FR","@id":"https:\/\/secure.gravatar.com\/avatar\/c4c509357859ea2ca2cbb6d8812898a73e4ef1ef9934c2e591d7e32face734d1?s=96&d=mm&r=g","url":"https:\/\/secure.gravatar.com\/avatar\/c4c509357859ea2ca2cbb6d8812898a73e4ef1ef9934c2e591d7e32face734d1?s=96&d=mm&r=g","contentUrl":"https:\/\/secure.gravatar.com\/avatar\/c4c509357859ea2ca2cbb6d8812898a73e4ef1ef9934c2e591d7e32face734d1?s=96&d=mm&r=g","caption":"Redaction"},"url":"https:\/\/lepatriotebenin.com"}]}},"_links":{"self":[{"href":"https:\/\/lepatriotebenin.com\/index.php\/wp-json\/wp\/v2\/posts\/21783","targetHints":{"allow":["GET"]}}],"collection":[{"href":"https:\/\/lepatriotebenin.com\/index.php\/wp-json\/wp\/v2\/posts"}],"about":[{"href":"https:\/\/lepatriotebenin.com\/index.php\/wp-json\/wp\/v2\/types\/post"}],"author":[{"embeddable":true,"href":"https:\/\/lepatriotebenin.com\/index.php\/wp-json\/wp\/v2\/users\/5"}],"replies":[{"embeddable":true,"href":"https:\/\/lepatriotebenin.com\/index.php\/wp-json\/wp\/v2\/comments?post=21783"}],"version-history":[{"count":1,"href":"https:\/\/lepatriotebenin.com\/index.php\/wp-json\/wp\/v2\/posts\/21783\/revisions"}],"predecessor-version":[{"id":21785,"href":"https:\/\/lepatriotebenin.com\/index.php\/wp-json\/wp\/v2\/posts\/21783\/revisions\/21785"}],"wp:featuredmedia":[{"embeddable":true,"href":"https:\/\/lepatriotebenin.com\/index.php\/wp-json\/wp\/v2\/media\/21784"}],"wp:attachment":[{"href":"https:\/\/lepatriotebenin.com\/index.php\/wp-json\/wp\/v2\/media?parent=21783"}],"wp:term":[{"taxonomy":"category","embeddable":true,"href":"https:\/\/lepatriotebenin.com\/index.php\/wp-json\/wp\/v2\/categories?post=21783"},{"taxonomy":"post_tag","embeddable":true,"href":"https:\/\/lepatriotebenin.com\/index.php\/wp-json\/wp\/v2\/tags?post=21783"}],"curies":[{"name":"wp","href":"https:\/\/api.w.org\/{rel}","templated":true}]}}