{"id":21777,"date":"2026-07-17T12:46:13","date_gmt":"2026-07-17T10:46:13","guid":{"rendered":"https:\/\/lepatriotebenin.com\/?p=21777"},"modified":"2026-07-17T12:46:13","modified_gmt":"2026-07-17T10:46:13","slug":"baccalaureat-2026-le-registre-des-consultations-de-copies-ouvert-du-20-au-27-juillet","status":"publish","type":"post","link":"https:\/\/lepatriotebenin.com\/index.php\/2026\/07\/17\/baccalaureat-2026-le-registre-des-consultations-de-copies-ouvert-du-20-au-27-juillet\/","title":{"rendered":"Baccalaur\u00e9at 2026 : Le registre des consultations de copies ouvert du 20 au 27 juillet"},"content":{"rendered":"<p>Dans un communiqu\u00e9, le Directeur de l&rsquo;Office du Baccalaur\u00e9at, Alphonse da Silva, invite, les candidats admissibles, mais en situation de cas r\u00e9serv\u00e9s, \u00e0 d\u00e9poser un dossier au secr\u00e9tariat de l&rsquo;Office. Par ailleurs, le registre des consultations de copies sera ouvert du 20 au 27 juillet.<\/p>\n<p><img fetchpriority=\"high\" decoding=\"async\" class=\"alignnone size-medium wp-image-21778\" src=\"https:\/\/lepatriotebenin.com\/wp-content\/uploads\/2026\/07\/baccalaureat-2026-300x221.jpeg\" alt=\"\" width=\"300\" height=\"221\" srcset=\"https:\/\/lepatriotebenin.com\/wp-content\/uploads\/2026\/07\/baccalaureat-2026-300x221.jpeg 300w, https:\/\/lepatriotebenin.com\/wp-content\/uploads\/2026\/07\/baccalaureat-2026-768x567.jpeg 768w, https:\/\/lepatriotebenin.com\/wp-content\/uploads\/2026\/07\/baccalaureat-2026-585x432.jpeg 585w, https:\/\/lepatriotebenin.com\/wp-content\/uploads\/2026\/07\/baccalaureat-2026.jpeg 1018w\" sizes=\"(max-width: 300px) 100vw, 300px\" \/><\/p>\n","protected":false},"excerpt":{"rendered":"<p>Dans un communiqu\u00e9, le Directeur de l&rsquo;Office du Baccalaur\u00e9at, Alphonse da Silva, invite, les candidats admissibles, mais en situation de cas r\u00e9serv\u00e9s, \u00e0 d\u00e9poser un dossier au secr\u00e9tariat de l&rsquo;Office.&hellip;<\/p>\n","protected":false},"author":5,"featured_media":21361,"comment_status":"open","ping_status":"open","sticky":false,"template":"","format":"standard","meta":{"content-type":"","om_disable_all_campaigns":false,"_monsterinsights_skip_tracking":false,"_uf_show_specific_survey":0,"_uf_disable_surveys":false,"footnotes":""},"categories":[1],"tags":[],"class_list":["post-21777","post","type-post","status-publish","format-standard","has-post-thumbnail","hentry","category-blog"],"aioseo_notices":[],"aioseo_head":"\n\t\t<!-- All in One SEO 5.0.1.1 - aioseo.com -->\n\t<meta name=\"description\" content=\"Dans un communiqu\u00e9, le Directeur de l&#039;Office du Baccalaur\u00e9at, Alphonse da Silva, invite, les candidats admissibles, mais en situation de cas r\u00e9serv\u00e9s, \u00e0 d\u00e9poser un dossier au secr\u00e9tariat de l&#039;Office. Par ailleurs, le registre des consultations de copies sera ouvert du 20 au 27 juillet.\" \/>\n\t<meta name=\"robots\" content=\"max-image-preview:large\" \/>\n\t<meta name=\"author\" content=\"Redaction\"\/>\n\t<link rel=\"canonical\" href=\"https:\/\/lepatriotebenin.com\/index.php\/2026\/07\/17\/baccalaureat-2026-le-registre-des-consultations-de-copies-ouvert-du-20-au-27-juillet\/\" \/>\n\t<meta name=\"generator\" content=\"All in One SEO (AIOSEO) 5.0.1.1\" \/>\n\t\t<meta property=\"og:locale\" content=\"fr_FR\" \/>\n\t\t<meta property=\"og:site_name\" content=\"Le Patriote - Le Patriote B\u00e9nin\" \/>\n\t\t<meta property=\"og:type\" content=\"article\" \/>\n\t\t<meta property=\"og:title\" content=\"Baccalaur\u00e9at 2026 : Le registre des consultations de copies ouvert du 20 au 27 juillet - Le Patriote\" \/>\n\t\t<meta property=\"og:description\" content=\"Dans un communiqu\u00e9, le Directeur de l&#039;Office du Baccalaur\u00e9at, Alphonse da Silva, invite, les candidats admissibles, mais en situation de cas r\u00e9serv\u00e9s, \u00e0 d\u00e9poser un dossier au secr\u00e9tariat de l&#039;Office. Par ailleurs, le registre des consultations de copies sera ouvert du 20 au 27 juillet.\" \/>\n\t\t<meta property=\"og:url\" content=\"https:\/\/lepatriotebenin.com\/index.php\/2026\/07\/17\/baccalaureat-2026-le-registre-des-consultations-de-copies-ouvert-du-20-au-27-juillet\/\" \/>\n\t\t<meta property=\"article:published_time\" content=\"2026-07-17T10:46:13+00:00\" \/>\n\t\t<meta property=\"article:modified_time\" content=\"2026-07-17T10:46:13+00:00\" \/>\n\t\t<meta name=\"twitter:card\" content=\"summary_large_image\" \/>\n\t\t<meta name=\"twitter:title\" content=\"Baccalaur\u00e9at 2026 : Le registre des consultations de copies ouvert du 20 au 27 juillet - Le Patriote\" \/>\n\t\t<meta name=\"twitter:description\" content=\"Dans un communiqu\u00e9, le Directeur de l&#039;Office du Baccalaur\u00e9at, Alphonse da Silva, invite, les candidats admissibles, mais en situation de cas r\u00e9serv\u00e9s, \u00e0 d\u00e9poser un dossier au secr\u00e9tariat de l&#039;Office. Par ailleurs, le registre des consultations de copies sera ouvert du 20 au 27 juillet.\" \/>\n\t\t<script type=\"application\/ld+json\" class=\"aioseo-schema\">\n\t\t\t{\"@context\":\"https:\\\/\\\/schema.org\",\"@graph\":[{\"@type\":\"BlogPosting\",\"@id\":\"https:\\\/\\\/lepatriotebenin.com\\\/index.php\\\/2026\\\/07\\\/17\\\/baccalaureat-2026-le-registre-des-consultations-de-copies-ouvert-du-20-au-27-juillet\\\/#blogposting\",\"name\":\"Baccalaur\\u00e9at 2026 : Le registre des consultations de copies ouvert du 20 au 27 juillet - Le Patriote\",\"headline\":\"Baccalaur\\u00e9at 2026 : Le registre des consultations de copies ouvert du 20 au 27 juillet\",\"author\":{\"@id\":\"https:\\\/\\\/lepatriotebenin.com#author\"},\"publisher\":{\"@id\":\"https:\\\/\\\/lepatriotebenin.com\\\/#organization\"},\"image\":{\"@type\":\"ImageObject\",\"url\":\"https:\\\/\\\/lepatriotebenin.com\\\/wp-content\\\/uploads\\\/2026\\\/07\\\/alphonse-dasilvapx.jpg\",\"width\":1200,\"height\":675},\"datePublished\":\"2026-07-17T12:46:13+02:00\",\"dateModified\":\"2026-07-17T12:46:13+02:00\",\"inLanguage\":\"fr-FR\",\"mainEntityOfPage\":{\"@id\":\"https:\\\/\\\/lepatriotebenin.com\\\/index.php\\\/2026\\\/07\\\/17\\\/baccalaureat-2026-le-registre-des-consultations-de-copies-ouvert-du-20-au-27-juillet\\\/#webpage\"},\"isPartOf\":{\"@id\":\"https:\\\/\\\/lepatriotebenin.com\\\/index.php\\\/2026\\\/07\\\/17\\\/baccalaureat-2026-le-registre-des-consultations-de-copies-ouvert-du-20-au-27-juillet\\\/#webpage\"},\"articleSection\":\"Blog\"},{\"@type\":\"BreadcrumbList\",\"@id\":\"https:\\\/\\\/lepatriotebenin.com\\\/index.php\\\/2026\\\/07\\\/17\\\/baccalaureat-2026-le-registre-des-consultations-de-copies-ouvert-du-20-au-27-juillet\\\/#breadcrumblist\",\"itemListElement\":[{\"@type\":\"ListItem\",\"@id\":\"https:\\\/\\\/lepatriotebenin.com#listItem\",\"position\":1,\"name\":\"Home\",\"item\":\"https:\\\/\\\/lepatriotebenin.com\",\"nextItem\":{\"@type\":\"ListItem\",\"@id\":\"https:\\\/\\\/lepatriotebenin.com\\\/index.php\\\/category\\\/blog\\\/#listItem\",\"name\":\"Blog\"}},{\"@type\":\"ListItem\",\"@id\":\"https:\\\/\\\/lepatriotebenin.com\\\/index.php\\\/category\\\/blog\\\/#listItem\",\"position\":2,\"name\":\"Blog\",\"item\":\"https:\\\/\\\/lepatriotebenin.com\\\/index.php\\\/category\\\/blog\\\/\",\"nextItem\":{\"@type\":\"ListItem\",\"@id\":\"https:\\\/\\\/lepatriotebenin.com\\\/index.php\\\/2026\\\/07\\\/17\\\/baccalaureat-2026-le-registre-des-consultations-de-copies-ouvert-du-20-au-27-juillet\\\/#listItem\",\"name\":\"Baccalaur\\u00e9at 2026 : Le registre des consultations de copies ouvert du 20 au 27 juillet\"},\"previousItem\":{\"@type\":\"ListItem\",\"@id\":\"https:\\\/\\\/lepatriotebenin.com#listItem\",\"name\":\"Home\"}},{\"@type\":\"ListItem\",\"@id\":\"https:\\\/\\\/lepatriotebenin.com\\\/index.php\\\/2026\\\/07\\\/17\\\/baccalaureat-2026-le-registre-des-consultations-de-copies-ouvert-du-20-au-27-juillet\\\/#listItem\",\"position\":3,\"name\":\"Baccalaur\\u00e9at 2026 : Le registre des consultations de copies ouvert du 20 au 27 juillet\",\"previousItem\":{\"@type\":\"ListItem\",\"@id\":\"https:\\\/\\\/lepatriotebenin.com\\\/index.php\\\/category\\\/blog\\\/#listItem\",\"name\":\"Blog\"}}]},{\"@type\":\"Organization\",\"@id\":\"https:\\\/\\\/lepatriotebenin.com\\\/#organization\",\"name\":\"Le Patriote\",\"description\":\"Le Patriote B\\u00e9nin\",\"url\":\"https:\\\/\\\/lepatriotebenin.com\\\/\"},{\"@type\":\"Person\",\"@id\":\"https:\\\/\\\/lepatriotebenin.com#author\",\"url\":\"https:\\\/\\\/lepatriotebenin.com\",\"name\":\"Redaction\",\"image\":{\"@type\":\"ImageObject\",\"@id\":\"https:\\\/\\\/lepatriotebenin.com\\\/index.php\\\/2026\\\/07\\\/17\\\/baccalaureat-2026-le-registre-des-consultations-de-copies-ouvert-du-20-au-27-juillet\\\/#authorImage\",\"url\":\"https:\\\/\\\/secure.gravatar.com\\\/avatar\\\/c4c509357859ea2ca2cbb6d8812898a73e4ef1ef9934c2e591d7e32face734d1?s=96&d=mm&r=g\",\"width\":96,\"height\":96,\"caption\":\"Redaction\"}},{\"@type\":\"WebPage\",\"@id\":\"https:\\\/\\\/lepatriotebenin.com\\\/index.php\\\/2026\\\/07\\\/17\\\/baccalaureat-2026-le-registre-des-consultations-de-copies-ouvert-du-20-au-27-juillet\\\/#webpage\",\"url\":\"https:\\\/\\\/lepatriotebenin.com\\\/index.php\\\/2026\\\/07\\\/17\\\/baccalaureat-2026-le-registre-des-consultations-de-copies-ouvert-du-20-au-27-juillet\\\/\",\"name\":\"Baccalaur\\u00e9at 2026 : Le registre des consultations de copies ouvert du 20 au 27 juillet - Le Patriote\",\"description\":\"Dans un communiqu\\u00e9, le Directeur de l'Office du Baccalaur\\u00e9at, Alphonse da Silva, invite, les candidats admissibles, mais en situation de cas r\\u00e9serv\\u00e9s, \\u00e0 d\\u00e9poser un dossier au secr\\u00e9tariat de l'Office. Par ailleurs, le registre des consultations de copies sera ouvert du 20 au 27 juillet.\",\"inLanguage\":\"fr-FR\",\"isPartOf\":{\"@id\":\"https:\\\/\\\/lepatriotebenin.com\\\/#website\"},\"breadcrumb\":{\"@id\":\"https:\\\/\\\/lepatriotebenin.com\\\/index.php\\\/2026\\\/07\\\/17\\\/baccalaureat-2026-le-registre-des-consultations-de-copies-ouvert-du-20-au-27-juillet\\\/#breadcrumblist\"},\"author\":{\"@id\":\"https:\\\/\\\/lepatriotebenin.com#author\"},\"creator\":{\"@id\":\"https:\\\/\\\/lepatriotebenin.com#author\"},\"image\":{\"@type\":\"ImageObject\",\"url\":\"https:\\\/\\\/lepatriotebenin.com\\\/wp-content\\\/uploads\\\/2026\\\/07\\\/alphonse-dasilvapx.jpg\",\"@id\":\"https:\\\/\\\/lepatriotebenin.com\\\/index.php\\\/2026\\\/07\\\/17\\\/baccalaureat-2026-le-registre-des-consultations-de-copies-ouvert-du-20-au-27-juillet\\\/#mainImage\",\"width\":1200,\"height\":675},\"primaryImageOfPage\":{\"@id\":\"https:\\\/\\\/lepatriotebenin.com\\\/index.php\\\/2026\\\/07\\\/17\\\/baccalaureat-2026-le-registre-des-consultations-de-copies-ouvert-du-20-au-27-juillet\\\/#mainImage\"},\"datePublished\":\"2026-07-17T12:46:13+02:00\",\"dateModified\":\"2026-07-17T12:46:13+02:00\"},{\"@type\":\"WebSite\",\"@id\":\"https:\\\/\\\/lepatriotebenin.com\\\/#website\",\"url\":\"https:\\\/\\\/lepatriotebenin.com\\\/\",\"name\":\"Le Patriote\",\"description\":\"Le Patriote B\\u00e9nin\",\"inLanguage\":\"fr-FR\",\"publisher\":{\"@id\":\"https:\\\/\\\/lepatriotebenin.com\\\/#organization\"}}]}\n\t\t<\/script>\n\t\t<!-- All in One SEO -->\n\n","aioseo_head_json":{"title":"Baccalaur\u00e9at 2026 : Le registre des consultations de copies ouvert du 20 au 27 juillet - Le Patriote","description":"Dans un communiqu\u00e9, le Directeur de l'Office du Baccalaur\u00e9at, Alphonse da Silva, invite, les candidats admissibles, mais en situation de cas r\u00e9serv\u00e9s, \u00e0 d\u00e9poser un dossier au secr\u00e9tariat de l'Office. Par ailleurs, le registre des consultations de copies sera ouvert du 20 au 27 juillet.","canonical_url":"https:\/\/lepatriotebenin.com\/index.php\/2026\/07\/17\/baccalaureat-2026-le-registre-des-consultations-de-copies-ouvert-du-20-au-27-juillet\/","robots":"max-image-preview:large","keywords":"","webmasterTools":{"miscellaneous":""},"schema":{"@context":"https:\/\/schema.org","@graph":[{"@type":"BlogPosting","@id":"https:\/\/lepatriotebenin.com\/index.php\/2026\/07\/17\/baccalaureat-2026-le-registre-des-consultations-de-copies-ouvert-du-20-au-27-juillet\/#blogposting","name":"Baccalaur\u00e9at 2026 : Le registre des consultations de copies ouvert du 20 au 27 juillet - Le Patriote","headline":"Baccalaur\u00e9at 2026 : Le registre des consultations de copies ouvert du 20 au 27 juillet","author":{"@id":"https:\/\/lepatriotebenin.com#author"},"publisher":{"@id":"https:\/\/lepatriotebenin.com\/#organization"},"image":{"@type":"ImageObject","url":"https:\/\/lepatriotebenin.com\/wp-content\/uploads\/2026\/07\/alphonse-dasilvapx.jpg","width":1200,"height":675},"datePublished":"2026-07-17T12:46:13+02:00","dateModified":"2026-07-17T12:46:13+02:00","inLanguage":"fr-FR","mainEntityOfPage":{"@id":"https:\/\/lepatriotebenin.com\/index.php\/2026\/07\/17\/baccalaureat-2026-le-registre-des-consultations-de-copies-ouvert-du-20-au-27-juillet\/#webpage"},"isPartOf":{"@id":"https:\/\/lepatriotebenin.com\/index.php\/2026\/07\/17\/baccalaureat-2026-le-registre-des-consultations-de-copies-ouvert-du-20-au-27-juillet\/#webpage"},"articleSection":"Blog"},{"@type":"BreadcrumbList","@id":"https:\/\/lepatriotebenin.com\/index.php\/2026\/07\/17\/baccalaureat-2026-le-registre-des-consultations-de-copies-ouvert-du-20-au-27-juillet\/#breadcrumblist","itemListElement":[{"@type":"ListItem","@id":"https:\/\/lepatriotebenin.com#listItem","position":1,"name":"Home","item":"https:\/\/lepatriotebenin.com","nextItem":{"@type":"ListItem","@id":"https:\/\/lepatriotebenin.com\/index.php\/category\/blog\/#listItem","name":"Blog"}},{"@type":"ListItem","@id":"https:\/\/lepatriotebenin.com\/index.php\/category\/blog\/#listItem","position":2,"name":"Blog","item":"https:\/\/lepatriotebenin.com\/index.php\/category\/blog\/","nextItem":{"@type":"ListItem","@id":"https:\/\/lepatriotebenin.com\/index.php\/2026\/07\/17\/baccalaureat-2026-le-registre-des-consultations-de-copies-ouvert-du-20-au-27-juillet\/#listItem","name":"Baccalaur\u00e9at 2026 : Le registre des consultations de copies ouvert du 20 au 27 juillet"},"previousItem":{"@type":"ListItem","@id":"https:\/\/lepatriotebenin.com#listItem","name":"Home"}},{"@type":"ListItem","@id":"https:\/\/lepatriotebenin.com\/index.php\/2026\/07\/17\/baccalaureat-2026-le-registre-des-consultations-de-copies-ouvert-du-20-au-27-juillet\/#listItem","position":3,"name":"Baccalaur\u00e9at 2026 : Le registre des consultations de copies ouvert du 20 au 27 juillet","previousItem":{"@type":"ListItem","@id":"https:\/\/lepatriotebenin.com\/index.php\/category\/blog\/#listItem","name":"Blog"}}]},{"@type":"Organization","@id":"https:\/\/lepatriotebenin.com\/#organization","name":"Le Patriote","description":"Le Patriote B\u00e9nin","url":"https:\/\/lepatriotebenin.com\/"},{"@type":"Person","@id":"https:\/\/lepatriotebenin.com#author","url":"https:\/\/lepatriotebenin.com","name":"Redaction","image":{"@type":"ImageObject","@id":"https:\/\/lepatriotebenin.com\/index.php\/2026\/07\/17\/baccalaureat-2026-le-registre-des-consultations-de-copies-ouvert-du-20-au-27-juillet\/#authorImage","url":"https:\/\/secure.gravatar.com\/avatar\/c4c509357859ea2ca2cbb6d8812898a73e4ef1ef9934c2e591d7e32face734d1?s=96&d=mm&r=g","width":96,"height":96,"caption":"Redaction"}},{"@type":"WebPage","@id":"https:\/\/lepatriotebenin.com\/index.php\/2026\/07\/17\/baccalaureat-2026-le-registre-des-consultations-de-copies-ouvert-du-20-au-27-juillet\/#webpage","url":"https:\/\/lepatriotebenin.com\/index.php\/2026\/07\/17\/baccalaureat-2026-le-registre-des-consultations-de-copies-ouvert-du-20-au-27-juillet\/","name":"Baccalaur\u00e9at 2026 : Le registre des consultations de copies ouvert du 20 au 27 juillet - Le Patriote","description":"Dans un communiqu\u00e9, le Directeur de l'Office du Baccalaur\u00e9at, Alphonse da Silva, invite, les candidats admissibles, mais en situation de cas r\u00e9serv\u00e9s, \u00e0 d\u00e9poser un dossier au secr\u00e9tariat de l'Office. Par ailleurs, le registre des consultations de copies sera ouvert du 20 au 27 juillet.","inLanguage":"fr-FR","isPartOf":{"@id":"https:\/\/lepatriotebenin.com\/#website"},"breadcrumb":{"@id":"https:\/\/lepatriotebenin.com\/index.php\/2026\/07\/17\/baccalaureat-2026-le-registre-des-consultations-de-copies-ouvert-du-20-au-27-juillet\/#breadcrumblist"},"author":{"@id":"https:\/\/lepatriotebenin.com#author"},"creator":{"@id":"https:\/\/lepatriotebenin.com#author"},"image":{"@type":"ImageObject","url":"https:\/\/lepatriotebenin.com\/wp-content\/uploads\/2026\/07\/alphonse-dasilvapx.jpg","@id":"https:\/\/lepatriotebenin.com\/index.php\/2026\/07\/17\/baccalaureat-2026-le-registre-des-consultations-de-copies-ouvert-du-20-au-27-juillet\/#mainImage","width":1200,"height":675},"primaryImageOfPage":{"@id":"https:\/\/lepatriotebenin.com\/index.php\/2026\/07\/17\/baccalaureat-2026-le-registre-des-consultations-de-copies-ouvert-du-20-au-27-juillet\/#mainImage"},"datePublished":"2026-07-17T12:46:13+02:00","dateModified":"2026-07-17T12:46:13+02:00"},{"@type":"WebSite","@id":"https:\/\/lepatriotebenin.com\/#website","url":"https:\/\/lepatriotebenin.com\/","name":"Le Patriote","description":"Le Patriote B\u00e9nin","inLanguage":"fr-FR","publisher":{"@id":"https:\/\/lepatriotebenin.com\/#organization"}}]},"og:locale":"fr_FR","og:site_name":"Le Patriote - Le Patriote B\u00e9nin","og:type":"article","og:title":"Baccalaur\u00e9at 2026 : Le registre des consultations de copies ouvert du 20 au 27 juillet - Le Patriote","og:description":"Dans un communiqu\u00e9, le Directeur de l'Office du Baccalaur\u00e9at, Alphonse da Silva, invite, les candidats admissibles, mais en situation de cas r\u00e9serv\u00e9s, \u00e0 d\u00e9poser un dossier au secr\u00e9tariat de l'Office. Par ailleurs, le registre des consultations de copies sera ouvert du 20 au 27 juillet.","og:url":"https:\/\/lepatriotebenin.com\/index.php\/2026\/07\/17\/baccalaureat-2026-le-registre-des-consultations-de-copies-ouvert-du-20-au-27-juillet\/","article:published_time":"2026-07-17T10:46:13+00:00","article:modified_time":"2026-07-17T10:46:13+00:00","twitter:card":"summary_large_image","twitter:title":"Baccalaur\u00e9at 2026 : Le registre des consultations de copies ouvert du 20 au 27 juillet - Le Patriote","twitter:description":"Dans un communiqu\u00e9, le Directeur de l'Office du Baccalaur\u00e9at, Alphonse da Silva, invite, les candidats admissibles, mais en situation de cas r\u00e9serv\u00e9s, \u00e0 d\u00e9poser un dossier au secr\u00e9tariat de l'Office. Par ailleurs, le registre des consultations de copies sera ouvert du 20 au 27 juillet."},"aioseo_meta_data":{"post_id":"21777","title":null,"description":null,"keywords":null,"keyphrases":{"focus":{"keyphrase":"","score":0,"analysis":{"keyphraseInTitle":{"score":0,"maxScore":9,"error":1}}},"additional":[]},"primary_term":null,"canonical_url":null,"og_title":null,"og_description":null,"og_object_type":"default","og_image_type":"default","og_image_url":null,"og_image_width":null,"og_image_height":null,"og_image_custom_url":null,"og_image_custom_fields":null,"og_video":"","og_custom_url":null,"og_article_section":null,"og_article_tags":null,"twitter_use_og":false,"twitter_card":"default","twitter_image_type":"default","twitter_image_url":null,"twitter_image_custom_url":null,"twitter_image_custom_fields":null,"twitter_title":null,"twitter_description":null,"schema":{"blockGraphs":[],"customGraphs":[],"default":{"data":{"Article":[],"Course":[],"Dataset":[],"FAQPage":[],"Movie":[],"Person":[],"Product":[],"ProductReview":[],"Car":[],"Recipe":[],"Service":[],"SoftwareApplication":[],"WebPage":[]},"graphName":"BlogPosting","isEnabled":true},"graphs":[]},"schema_type":"default","schema_type_options":null,"pillar_content":false,"robots_default":true,"robots_noindex":false,"robots_noarchive":false,"robots_nosnippet":false,"robots_nofollow":false,"robots_noimageindex":false,"robots_noodp":false,"robots_notranslate":false,"robots_max_snippet":"-1","robots_max_videopreview":"-1","robots_max_imagepreview":"large","priority":null,"frequency":"default","local_seo":null,"breadcrumb_settings":null,"limit_modified_date":false,"ai":{"faqs":[],"keyPoints":[],"schemas":[],"titles":[],"descriptions":[],"socialPosts":{"email":{"subject":"","preview":"","content":""},"linkedin":[],"twitter":[],"facebook":[],"instagram":[]}},"created":"2026-07-17 10:46:13","updated":"2026-07-17 11:38:02","seo_analyzer_scan_date":null,"focus_keyword":null,"additional_keywords":null,"truseo_locale":null},"aioseo_breadcrumb":"<div class=\"aioseo-breadcrumbs\"><span class=\"aioseo-breadcrumb\">\n\t\t\t<a href=\"https:\/\/lepatriotebenin.com\" title=\"Home\">Home<\/a>\n\t\t<\/span><span class=\"aioseo-breadcrumb-separator\">&raquo;<\/span><span class=\"aioseo-breadcrumb\">\n\t\t\t<a href=\"https:\/\/lepatriotebenin.com\/index.php\/category\/blog\/\" title=\"Blog\">Blog<\/a>\n\t\t<\/span><span class=\"aioseo-breadcrumb-separator\">&raquo;<\/span><span class=\"aioseo-breadcrumb\">\n\t\t\tBaccalaur\u00e9at 2026 : Le registre des consultations de copies ouvert du 20 au 27 juillet\n\t\t<\/span><\/div>","aioseo_breadcrumb_json":[{"label":"Home","link":"https:\/\/lepatriotebenin.com"},{"label":"Blog","link":"https:\/\/lepatriotebenin.com\/index.php\/category\/blog\/"},{"label":"Baccalaur\u00e9at 2026 : Le registre des consultations de copies ouvert du 20 au 27 juillet","link":"https:\/\/lepatriotebenin.com\/index.php\/2026\/07\/17\/baccalaureat-2026-le-registre-des-consultations-de-copies-ouvert-du-20-au-27-juillet\/"}],"yoast_head":"<!-- This site is optimized with the Yoast SEO plugin v28.3 - https:\/\/yoast.com\/product\/yoast-seo-wordpress\/ -->\n<title>Baccalaur\u00e9at 2026 : Le registre des consultations de copies ouvert du 20 au 27 juillet - Le Patriote<\/title>\n<meta name=\"robots\" content=\"index, follow, max-snippet:-1, max-image-preview:large, max-video-preview:-1\" \/>\n<link rel=\"canonical\" href=\"https:\/\/lepatriotebenin.com\/index.php\/2026\/07\/17\/baccalaureat-2026-le-registre-des-consultations-de-copies-ouvert-du-20-au-27-juillet\/\" \/>\n<meta property=\"og:locale\" content=\"fr_FR\" \/>\n<meta property=\"og:type\" content=\"article\" \/>\n<meta property=\"og:title\" content=\"Baccalaur\u00e9at 2026 : Le registre des consultations de copies ouvert du 20 au 27 juillet - Le Patriote\" \/>\n<meta property=\"og:description\" content=\"Dans un communiqu\u00e9, le Directeur de l&rsquo;Office du Baccalaur\u00e9at, Alphonse da Silva, invite, les candidats admissibles, mais en situation de cas r\u00e9serv\u00e9s, \u00e0 d\u00e9poser un dossier au secr\u00e9tariat de l&rsquo;Office.&hellip;\" \/>\n<meta property=\"og:url\" content=\"https:\/\/lepatriotebenin.com\/index.php\/2026\/07\/17\/baccalaureat-2026-le-registre-des-consultations-de-copies-ouvert-du-20-au-27-juillet\/\" \/>\n<meta property=\"og:site_name\" content=\"Le Patriote\" \/>\n<meta property=\"article:published_time\" content=\"2026-07-17T10:46:13+00:00\" \/>\n<meta property=\"og:image\" content=\"https:\/\/lepatriotebenin.com\/wp-content\/uploads\/2026\/07\/alphonse-dasilvapx.jpg\" \/>\n\t<meta property=\"og:image:width\" content=\"1200\" \/>\n\t<meta property=\"og:image:height\" content=\"675\" \/>\n\t<meta property=\"og:image:type\" content=\"image\/jpeg\" \/>\n<meta name=\"author\" content=\"Redaction\" \/>\n<meta name=\"twitter:card\" content=\"summary_large_image\" \/>\n<meta name=\"twitter:label1\" content=\"\u00c9crit par\" \/>\n\t<meta name=\"twitter:data1\" content=\"Redaction\" \/>\n\t<meta name=\"twitter:label2\" content=\"Dur\u00e9e de lecture estim\u00e9e\" \/>\n\t<meta name=\"twitter:data2\" content=\"1 minute\" \/>\n<script type=\"application\/ld+json\" class=\"yoast-schema-graph\">{\"@context\":\"https:\\\/\\\/schema.org\",\"@graph\":[{\"@type\":\"Article\",\"@id\":\"https:\\\/\\\/lepatriotebenin.com\\\/index.php\\\/2026\\\/07\\\/17\\\/baccalaureat-2026-le-registre-des-consultations-de-copies-ouvert-du-20-au-27-juillet\\\/#article\",\"isPartOf\":{\"@id\":\"https:\\\/\\\/lepatriotebenin.com\\\/index.php\\\/2026\\\/07\\\/17\\\/baccalaureat-2026-le-registre-des-consultations-de-copies-ouvert-du-20-au-27-juillet\\\/\"},\"author\":{\"name\":\"Redaction\",\"@id\":\"https:\\\/\\\/lepatriotebenin.com\\\/#\\\/schema\\\/person\\\/2e7709b9c9cc313e452d1136af61690f\"},\"headline\":\"Baccalaur\u00e9at 2026 : Le registre des consultations de copies ouvert du 20 au 27 juillet\",\"datePublished\":\"2026-07-17T10:46:13+00:00\",\"mainEntityOfPage\":{\"@id\":\"https:\\\/\\\/lepatriotebenin.com\\\/index.php\\\/2026\\\/07\\\/17\\\/baccalaureat-2026-le-registre-des-consultations-de-copies-ouvert-du-20-au-27-juillet\\\/\"},\"wordCount\":61,\"commentCount\":0,\"image\":{\"@id\":\"https:\\\/\\\/lepatriotebenin.com\\\/index.php\\\/2026\\\/07\\\/17\\\/baccalaureat-2026-le-registre-des-consultations-de-copies-ouvert-du-20-au-27-juillet\\\/#primaryimage\"},\"thumbnailUrl\":\"https:\\\/\\\/lepatriotebenin.com\\\/wp-content\\\/uploads\\\/2026\\\/07\\\/alphonse-dasilvapx.jpg\",\"articleSection\":[\"Blog\"],\"inLanguage\":\"fr-FR\",\"potentialAction\":[{\"@type\":\"CommentAction\",\"name\":\"Comment\",\"target\":[\"https:\\\/\\\/lepatriotebenin.com\\\/index.php\\\/2026\\\/07\\\/17\\\/baccalaureat-2026-le-registre-des-consultations-de-copies-ouvert-du-20-au-27-juillet\\\/#respond\"]}]},{\"@type\":\"WebPage\",\"@id\":\"https:\\\/\\\/lepatriotebenin.com\\\/index.php\\\/2026\\\/07\\\/17\\\/baccalaureat-2026-le-registre-des-consultations-de-copies-ouvert-du-20-au-27-juillet\\\/\",\"url\":\"https:\\\/\\\/lepatriotebenin.com\\\/index.php\\\/2026\\\/07\\\/17\\\/baccalaureat-2026-le-registre-des-consultations-de-copies-ouvert-du-20-au-27-juillet\\\/\",\"name\":\"Baccalaur\u00e9at 2026 : Le registre des consultations de copies ouvert du 20 au 27 juillet - Le Patriote\",\"isPartOf\":{\"@id\":\"https:\\\/\\\/lepatriotebenin.com\\\/#website\"},\"primaryImageOfPage\":{\"@id\":\"https:\\\/\\\/lepatriotebenin.com\\\/index.php\\\/2026\\\/07\\\/17\\\/baccalaureat-2026-le-registre-des-consultations-de-copies-ouvert-du-20-au-27-juillet\\\/#primaryimage\"},\"image\":{\"@id\":\"https:\\\/\\\/lepatriotebenin.com\\\/index.php\\\/2026\\\/07\\\/17\\\/baccalaureat-2026-le-registre-des-consultations-de-copies-ouvert-du-20-au-27-juillet\\\/#primaryimage\"},\"thumbnailUrl\":\"https:\\\/\\\/lepatriotebenin.com\\\/wp-content\\\/uploads\\\/2026\\\/07\\\/alphonse-dasilvapx.jpg\",\"datePublished\":\"2026-07-17T10:46:13+00:00\",\"author\":{\"@id\":\"https:\\\/\\\/lepatriotebenin.com\\\/#\\\/schema\\\/person\\\/2e7709b9c9cc313e452d1136af61690f\"},\"breadcrumb\":{\"@id\":\"https:\\\/\\\/lepatriotebenin.com\\\/index.php\\\/2026\\\/07\\\/17\\\/baccalaureat-2026-le-registre-des-consultations-de-copies-ouvert-du-20-au-27-juillet\\\/#breadcrumb\"},\"inLanguage\":\"fr-FR\",\"potentialAction\":[{\"@type\":\"ReadAction\",\"target\":[\"https:\\\/\\\/lepatriotebenin.com\\\/index.php\\\/2026\\\/07\\\/17\\\/baccalaureat-2026-le-registre-des-consultations-de-copies-ouvert-du-20-au-27-juillet\\\/\"]}]},{\"@type\":\"ImageObject\",\"inLanguage\":\"fr-FR\",\"@id\":\"https:\\\/\\\/lepatriotebenin.com\\\/index.php\\\/2026\\\/07\\\/17\\\/baccalaureat-2026-le-registre-des-consultations-de-copies-ouvert-du-20-au-27-juillet\\\/#primaryimage\",\"url\":\"https:\\\/\\\/lepatriotebenin.com\\\/wp-content\\\/uploads\\\/2026\\\/07\\\/alphonse-dasilvapx.jpg\",\"contentUrl\":\"https:\\\/\\\/lepatriotebenin.com\\\/wp-content\\\/uploads\\\/2026\\\/07\\\/alphonse-dasilvapx.jpg\",\"width\":1200,\"height\":675},{\"@type\":\"BreadcrumbList\",\"@id\":\"https:\\\/\\\/lepatriotebenin.com\\\/index.php\\\/2026\\\/07\\\/17\\\/baccalaureat-2026-le-registre-des-consultations-de-copies-ouvert-du-20-au-27-juillet\\\/#breadcrumb\",\"itemListElement\":[{\"@type\":\"ListItem\",\"position\":1,\"name\":\"Accueil\",\"item\":\"https:\\\/\\\/lepatriotebenin.com\\\/\"},{\"@type\":\"ListItem\",\"position\":2,\"name\":\"Baccalaur\u00e9at 2026 : Le registre des consultations de copies ouvert du 20 au 27 juillet\"}]},{\"@type\":\"WebSite\",\"@id\":\"https:\\\/\\\/lepatriotebenin.com\\\/#website\",\"url\":\"https:\\\/\\\/lepatriotebenin.com\\\/\",\"name\":\"Le Patriote\",\"description\":\"Le Patriote B\u00e9nin\",\"potentialAction\":[{\"@type\":\"SearchAction\",\"target\":{\"@type\":\"EntryPoint\",\"urlTemplate\":\"https:\\\/\\\/lepatriotebenin.com\\\/?s={search_term_string}\"},\"query-input\":{\"@type\":\"PropertyValueSpecification\",\"valueRequired\":true,\"valueName\":\"search_term_string\"}}],\"inLanguage\":\"fr-FR\"},{\"@type\":\"Person\",\"@id\":\"https:\\\/\\\/lepatriotebenin.com\\\/#\\\/schema\\\/person\\\/2e7709b9c9cc313e452d1136af61690f\",\"name\":\"Redaction\",\"image\":{\"@type\":\"ImageObject\",\"inLanguage\":\"fr-FR\",\"@id\":\"https:\\\/\\\/secure.gravatar.com\\\/avatar\\\/c4c509357859ea2ca2cbb6d8812898a73e4ef1ef9934c2e591d7e32face734d1?s=96&d=mm&r=g\",\"url\":\"https:\\\/\\\/secure.gravatar.com\\\/avatar\\\/c4c509357859ea2ca2cbb6d8812898a73e4ef1ef9934c2e591d7e32face734d1?s=96&d=mm&r=g\",\"contentUrl\":\"https:\\\/\\\/secure.gravatar.com\\\/avatar\\\/c4c509357859ea2ca2cbb6d8812898a73e4ef1ef9934c2e591d7e32face734d1?s=96&d=mm&r=g\",\"caption\":\"Redaction\"},\"url\":\"https:\\\/\\\/lepatriotebenin.com\"}]}<\/script>\n<!-- \/ Yoast SEO plugin. -->","yoast_head_json":{"title":"Baccalaur\u00e9at 2026 : Le registre des consultations de copies ouvert du 20 au 27 juillet - Le Patriote","robots":{"index":"index","follow":"follow","max-snippet":"max-snippet:-1","max-image-preview":"max-image-preview:large","max-video-preview":"max-video-preview:-1"},"canonical":"https:\/\/lepatriotebenin.com\/index.php\/2026\/07\/17\/baccalaureat-2026-le-registre-des-consultations-de-copies-ouvert-du-20-au-27-juillet\/","og_locale":"fr_FR","og_type":"article","og_title":"Baccalaur\u00e9at 2026 : Le registre des consultations de copies ouvert du 20 au 27 juillet - Le Patriote","og_description":"Dans un communiqu\u00e9, le Directeur de l&rsquo;Office du Baccalaur\u00e9at, Alphonse da Silva, invite, les candidats admissibles, mais en situation de cas r\u00e9serv\u00e9s, \u00e0 d\u00e9poser un dossier au secr\u00e9tariat de l&rsquo;Office.&hellip;","og_url":"https:\/\/lepatriotebenin.com\/index.php\/2026\/07\/17\/baccalaureat-2026-le-registre-des-consultations-de-copies-ouvert-du-20-au-27-juillet\/","og_site_name":"Le Patriote","article_published_time":"2026-07-17T10:46:13+00:00","og_image":[{"width":1200,"height":675,"url":"https:\/\/lepatriotebenin.com\/wp-content\/uploads\/2026\/07\/alphonse-dasilvapx.jpg","type":"image\/jpeg"}],"author":"Redaction","twitter_card":"summary_large_image","twitter_misc":{"\u00c9crit par":"Redaction","Dur\u00e9e de lecture estim\u00e9e":"1 minute"},"schema":{"@context":"https:\/\/schema.org","@graph":[{"@type":"Article","@id":"https:\/\/lepatriotebenin.com\/index.php\/2026\/07\/17\/baccalaureat-2026-le-registre-des-consultations-de-copies-ouvert-du-20-au-27-juillet\/#article","isPartOf":{"@id":"https:\/\/lepatriotebenin.com\/index.php\/2026\/07\/17\/baccalaureat-2026-le-registre-des-consultations-de-copies-ouvert-du-20-au-27-juillet\/"},"author":{"name":"Redaction","@id":"https:\/\/lepatriotebenin.com\/#\/schema\/person\/2e7709b9c9cc313e452d1136af61690f"},"headline":"Baccalaur\u00e9at 2026 : Le registre des consultations de copies ouvert du 20 au 27 juillet","datePublished":"2026-07-17T10:46:13+00:00","mainEntityOfPage":{"@id":"https:\/\/lepatriotebenin.com\/index.php\/2026\/07\/17\/baccalaureat-2026-le-registre-des-consultations-de-copies-ouvert-du-20-au-27-juillet\/"},"wordCount":61,"commentCount":0,"image":{"@id":"https:\/\/lepatriotebenin.com\/index.php\/2026\/07\/17\/baccalaureat-2026-le-registre-des-consultations-de-copies-ouvert-du-20-au-27-juillet\/#primaryimage"},"thumbnailUrl":"https:\/\/lepatriotebenin.com\/wp-content\/uploads\/2026\/07\/alphonse-dasilvapx.jpg","articleSection":["Blog"],"inLanguage":"fr-FR","potentialAction":[{"@type":"CommentAction","name":"Comment","target":["https:\/\/lepatriotebenin.com\/index.php\/2026\/07\/17\/baccalaureat-2026-le-registre-des-consultations-de-copies-ouvert-du-20-au-27-juillet\/#respond"]}]},{"@type":"WebPage","@id":"https:\/\/lepatriotebenin.com\/index.php\/2026\/07\/17\/baccalaureat-2026-le-registre-des-consultations-de-copies-ouvert-du-20-au-27-juillet\/","url":"https:\/\/lepatriotebenin.com\/index.php\/2026\/07\/17\/baccalaureat-2026-le-registre-des-consultations-de-copies-ouvert-du-20-au-27-juillet\/","name":"Baccalaur\u00e9at 2026 : Le registre des consultations de copies ouvert du 20 au 27 juillet - Le Patriote","isPartOf":{"@id":"https:\/\/lepatriotebenin.com\/#website"},"primaryImageOfPage":{"@id":"https:\/\/lepatriotebenin.com\/index.php\/2026\/07\/17\/baccalaureat-2026-le-registre-des-consultations-de-copies-ouvert-du-20-au-27-juillet\/#primaryimage"},"image":{"@id":"https:\/\/lepatriotebenin.com\/index.php\/2026\/07\/17\/baccalaureat-2026-le-registre-des-consultations-de-copies-ouvert-du-20-au-27-juillet\/#primaryimage"},"thumbnailUrl":"https:\/\/lepatriotebenin.com\/wp-content\/uploads\/2026\/07\/alphonse-dasilvapx.jpg","datePublished":"2026-07-17T10:46:13+00:00","author":{"@id":"https:\/\/lepatriotebenin.com\/#\/schema\/person\/2e7709b9c9cc313e452d1136af61690f"},"breadcrumb":{"@id":"https:\/\/lepatriotebenin.com\/index.php\/2026\/07\/17\/baccalaureat-2026-le-registre-des-consultations-de-copies-ouvert-du-20-au-27-juillet\/#breadcrumb"},"inLanguage":"fr-FR","potentialAction":[{"@type":"ReadAction","target":["https:\/\/lepatriotebenin.com\/index.php\/2026\/07\/17\/baccalaureat-2026-le-registre-des-consultations-de-copies-ouvert-du-20-au-27-juillet\/"]}]},{"@type":"ImageObject","inLanguage":"fr-FR","@id":"https:\/\/lepatriotebenin.com\/index.php\/2026\/07\/17\/baccalaureat-2026-le-registre-des-consultations-de-copies-ouvert-du-20-au-27-juillet\/#primaryimage","url":"https:\/\/lepatriotebenin.com\/wp-content\/uploads\/2026\/07\/alphonse-dasilvapx.jpg","contentUrl":"https:\/\/lepatriotebenin.com\/wp-content\/uploads\/2026\/07\/alphonse-dasilvapx.jpg","width":1200,"height":675},{"@type":"BreadcrumbList","@id":"https:\/\/lepatriotebenin.com\/index.php\/2026\/07\/17\/baccalaureat-2026-le-registre-des-consultations-de-copies-ouvert-du-20-au-27-juillet\/#breadcrumb","itemListElement":[{"@type":"ListItem","position":1,"name":"Accueil","item":"https:\/\/lepatriotebenin.com\/"},{"@type":"ListItem","position":2,"name":"Baccalaur\u00e9at 2026 : Le registre des consultations de copies ouvert du 20 au 27 juillet"}]},{"@type":"WebSite","@id":"https:\/\/lepatriotebenin.com\/#website","url":"https:\/\/lepatriotebenin.com\/","name":"Le Patriote","description":"Le Patriote B\u00e9nin","potentialAction":[{"@type":"SearchAction","target":{"@type":"EntryPoint","urlTemplate":"https:\/\/lepatriotebenin.com\/?s={search_term_string}"},"query-input":{"@type":"PropertyValueSpecification","valueRequired":true,"valueName":"search_term_string"}}],"inLanguage":"fr-FR"},{"@type":"Person","@id":"https:\/\/lepatriotebenin.com\/#\/schema\/person\/2e7709b9c9cc313e452d1136af61690f","name":"Redaction","image":{"@type":"ImageObject","inLanguage":"fr-FR","@id":"https:\/\/secure.gravatar.com\/avatar\/c4c509357859ea2ca2cbb6d8812898a73e4ef1ef9934c2e591d7e32face734d1?s=96&d=mm&r=g","url":"https:\/\/secure.gravatar.com\/avatar\/c4c509357859ea2ca2cbb6d8812898a73e4ef1ef9934c2e591d7e32face734d1?s=96&d=mm&r=g","contentUrl":"https:\/\/secure.gravatar.com\/avatar\/c4c509357859ea2ca2cbb6d8812898a73e4ef1ef9934c2e591d7e32face734d1?s=96&d=mm&r=g","caption":"Redaction"},"url":"https:\/\/lepatriotebenin.com"}]}},"_links":{"self":[{"href":"https:\/\/lepatriotebenin.com\/index.php\/wp-json\/wp\/v2\/posts\/21777","targetHints":{"allow":["GET"]}}],"collection":[{"href":"https:\/\/lepatriotebenin.com\/index.php\/wp-json\/wp\/v2\/posts"}],"about":[{"href":"https:\/\/lepatriotebenin.com\/index.php\/wp-json\/wp\/v2\/types\/post"}],"author":[{"embeddable":true,"href":"https:\/\/lepatriotebenin.com\/index.php\/wp-json\/wp\/v2\/users\/5"}],"replies":[{"embeddable":true,"href":"https:\/\/lepatriotebenin.com\/index.php\/wp-json\/wp\/v2\/comments?post=21777"}],"version-history":[{"count":1,"href":"https:\/\/lepatriotebenin.com\/index.php\/wp-json\/wp\/v2\/posts\/21777\/revisions"}],"predecessor-version":[{"id":21779,"href":"https:\/\/lepatriotebenin.com\/index.php\/wp-json\/wp\/v2\/posts\/21777\/revisions\/21779"}],"wp:featuredmedia":[{"embeddable":true,"href":"https:\/\/lepatriotebenin.com\/index.php\/wp-json\/wp\/v2\/media\/21361"}],"wp:attachment":[{"href":"https:\/\/lepatriotebenin.com\/index.php\/wp-json\/wp\/v2\/media?parent=21777"}],"wp:term":[{"taxonomy":"category","embeddable":true,"href":"https:\/\/lepatriotebenin.com\/index.php\/wp-json\/wp\/v2\/categories?post=21777"},{"taxonomy":"post_tag","embeddable":true,"href":"https:\/\/lepatriotebenin.com\/index.php\/wp-json\/wp\/v2\/tags?post=21777"}],"curies":[{"name":"wp","href":"https:\/\/api.w.org\/{rel}","templated":true}]}}