{"id":21774,"date":"2026-07-17T12:33:14","date_gmt":"2026-07-17T10:33:14","guid":{"rendered":"https:\/\/lepatriotebenin.com\/?p=21774"},"modified":"2026-07-17T12:33:14","modified_gmt":"2026-07-17T10:33:14","slug":"cooperation-militaire-regionale-le-benin-defilera-pour-lindependance-ivoirienne","status":"publish","type":"post","link":"https:\/\/lepatriotebenin.com\/index.php\/2026\/07\/17\/cooperation-militaire-regionale-le-benin-defilera-pour-lindependance-ivoirienne\/","title":{"rendered":"Coop\u00e9ration militaire r\u00e9gionale : Le B\u00e9nin d\u00e9filera pour l&rsquo;ind\u00e9pendance ivoirienne"},"content":{"rendered":"<p><strong>Les Forces arm\u00e9es b\u00e9ninoises participeront aux festivit\u00e9s du 66\u1d49 anniversaire de l&rsquo;ind\u00e9pendance de la C\u00f4te d&rsquo;Ivoire, le 7 ao\u00fbt prochain. Cette invitation illustre la solidit\u00e9 des relations entre Cotonou et Abidjan ainsi que leur engagement commun en faveur de la coop\u00e9ration r\u00e9gionale.<\/strong><\/p>\n<p>Le B\u00e9nin prendra part aux c\u00e9l\u00e9brations officielles du 66\u1d49 anniversaire de l&rsquo;ind\u00e9pendance de la C\u00f4te d&rsquo;Ivoire, pr\u00e9vues le 7 ao\u00fbt 2026. \u00c0 cette occasion, les Forces arm\u00e9es b\u00e9ninoises d\u00e9fileront aux c\u00f4t\u00e9s des troupes ivoiriennes, t\u00e9moignant de la qualit\u00e9 des relations qui unissent les deux pays.<\/p>\n<p>L&rsquo;annonce a \u00e9t\u00e9 faite par le chef d&rsquo;\u00e9tat-major g\u00e9n\u00e9ral des arm\u00e9es ivoiriennes, le g\u00e9n\u00e9ral Lassina Doumbia. Selon lui, le Gabon, la Guin\u00e9e, le B\u00e9nin et l&rsquo;Inde figurent parmi les pays invit\u00e9s \u00e0 participer aux festivit\u00e9s nationales.<\/p>\n<p>Cette pr\u00e9sence du B\u00e9nin s&rsquo;inscrit dans le cadre des liens diplomatiques \u00e9troits qu&rsquo;il entretient depuis plusieurs ann\u00e9es avec la C\u00f4te d&rsquo;Ivoire. Les deux \u00c9tats coop\u00e8rent dans plusieurs domaines, notamment en mati\u00e8re de s\u00e9curit\u00e9, de d\u00e9fense et d&rsquo;int\u00e9gration r\u00e9gionale.<\/p>\n<p>Au-del\u00e0 de son caract\u00e8re symbolique, la participation des militaires b\u00e9ninois au d\u00e9fil\u00e9 militaire traduit la confiance mutuelle entre les deux arm\u00e9es et la volont\u00e9 des autorit\u00e9s de renforcer davantage leur partenariat. Elle met \u00e9galement en lumi\u00e8re l&rsquo;importance accord\u00e9e \u00e0 la coop\u00e9ration entre les pays africains pour relever ensemble les d\u00e9fis s\u00e9curitaires et consolider la stabilit\u00e9 dans la sous-r\u00e9gion ouest-africaine.<\/p>\n<p><strong>Gildas AHOGNI<\/strong><\/p>\n","protected":false},"excerpt":{"rendered":"<p>Les Forces arm\u00e9es b\u00e9ninoises participeront aux festivit\u00e9s du 66\u1d49 anniversaire de l&rsquo;ind\u00e9pendance de la C\u00f4te d&rsquo;Ivoire, le 7 ao\u00fbt prochain. Cette invitation illustre la solidit\u00e9 des relations entre Cotonou et&hellip;<\/p>\n","protected":false},"author":5,"featured_media":21775,"comment_status":"open","ping_status":"open","sticky":false,"template":"","format":"standard","meta":{"content-type":"","om_disable_all_campaigns":false,"_monsterinsights_skip_tracking":false,"_uf_show_specific_survey":0,"_uf_disable_surveys":false,"footnotes":""},"categories":[20],"tags":[],"class_list":["post-21774","post","type-post","status-publish","format-standard","has-post-thumbnail","hentry","category-societe"],"aioseo_notices":[],"aioseo_head":"\n\t\t<!-- All in One SEO 5.0.1.1 - aioseo.com -->\n\t<meta name=\"description\" content=\"Les Forces arm\u00e9es b\u00e9ninoises participeront aux festivit\u00e9s du 66\u1d49 anniversaire de l&#039;ind\u00e9pendance de la C\u00f4te d&#039;Ivoire, le 7 ao\u00fbt prochain. Cette invitation illustre la solidit\u00e9 des relations entre Cotonou et Abidjan ainsi que leur engagement commun en faveur de la coop\u00e9ration r\u00e9gionale. Le B\u00e9nin prendra part aux c\u00e9l\u00e9brations officielles du 66\u1d49 anniversaire de l&#039;ind\u00e9pendance de\" \/>\n\t<meta name=\"robots\" content=\"max-image-preview:large\" \/>\n\t<meta name=\"author\" content=\"Redaction\"\/>\n\t<link rel=\"canonical\" href=\"https:\/\/lepatriotebenin.com\/index.php\/2026\/07\/17\/cooperation-militaire-regionale-le-benin-defilera-pour-lindependance-ivoirienne\/\" \/>\n\t<meta name=\"generator\" content=\"All in One SEO (AIOSEO) 5.0.1.1\" \/>\n\t\t<meta property=\"og:locale\" content=\"fr_FR\" \/>\n\t\t<meta property=\"og:site_name\" content=\"Le Patriote - Le Patriote B\u00e9nin\" \/>\n\t\t<meta property=\"og:type\" content=\"article\" \/>\n\t\t<meta property=\"og:title\" content=\"Coop\u00e9ration militaire r\u00e9gionale : Le B\u00e9nin d\u00e9filera pour l\u2019ind\u00e9pendance ivoirienne - Le Patriote\" \/>\n\t\t<meta property=\"og:description\" content=\"Les Forces arm\u00e9es b\u00e9ninoises participeront aux festivit\u00e9s du 66\u1d49 anniversaire de l&#039;ind\u00e9pendance de la C\u00f4te d&#039;Ivoire, le 7 ao\u00fbt prochain. Cette invitation illustre la solidit\u00e9 des relations entre Cotonou et Abidjan ainsi que leur engagement commun en faveur de la coop\u00e9ration r\u00e9gionale. Le B\u00e9nin prendra part aux c\u00e9l\u00e9brations officielles du 66\u1d49 anniversaire de l&#039;ind\u00e9pendance de\" \/>\n\t\t<meta property=\"og:url\" content=\"https:\/\/lepatriotebenin.com\/index.php\/2026\/07\/17\/cooperation-militaire-regionale-le-benin-defilera-pour-lindependance-ivoirienne\/\" \/>\n\t\t<meta property=\"article:published_time\" content=\"2026-07-17T10:33:14+00:00\" \/>\n\t\t<meta property=\"article:modified_time\" content=\"2026-07-17T10:33:14+00:00\" \/>\n\t\t<meta name=\"twitter:card\" content=\"summary_large_image\" \/>\n\t\t<meta name=\"twitter:title\" content=\"Coop\u00e9ration militaire r\u00e9gionale : Le B\u00e9nin d\u00e9filera pour l\u2019ind\u00e9pendance ivoirienne - Le Patriote\" \/>\n\t\t<meta name=\"twitter:description\" content=\"Les Forces arm\u00e9es b\u00e9ninoises participeront aux festivit\u00e9s du 66\u1d49 anniversaire de l&#039;ind\u00e9pendance de la C\u00f4te d&#039;Ivoire, le 7 ao\u00fbt prochain. Cette invitation illustre la solidit\u00e9 des relations entre Cotonou et Abidjan ainsi que leur engagement commun en faveur de la coop\u00e9ration r\u00e9gionale. Le B\u00e9nin prendra part aux c\u00e9l\u00e9brations officielles du 66\u1d49 anniversaire de l&#039;ind\u00e9pendance de\" \/>\n\t\t<script type=\"application\/ld+json\" class=\"aioseo-schema\">\n\t\t\t{\"@context\":\"https:\\\/\\\/schema.org\",\"@graph\":[{\"@type\":\"BlogPosting\",\"@id\":\"https:\\\/\\\/lepatriotebenin.com\\\/index.php\\\/2026\\\/07\\\/17\\\/cooperation-militaire-regionale-le-benin-defilera-pour-lindependance-ivoirienne\\\/#blogposting\",\"name\":\"Coop\\u00e9ration militaire r\\u00e9gionale : Le B\\u00e9nin d\\u00e9filera pour l\\u2019ind\\u00e9pendance ivoirienne - Le Patriote\",\"headline\":\"Coop\\u00e9ration militaire r\\u00e9gionale : Le B\\u00e9nin d\\u00e9filera pour l&rsquo;ind\\u00e9pendance ivoirienne\",\"author\":{\"@id\":\"https:\\\/\\\/lepatriotebenin.com#author\"},\"publisher\":{\"@id\":\"https:\\\/\\\/lepatriotebenin.com\\\/#organization\"},\"image\":{\"@type\":\"ImageObject\",\"url\":\"https:\\\/\\\/lepatriotebenin.com\\\/wp-content\\\/uploads\\\/2026\\\/07\\\/benin-ivoire.jpg\",\"width\":1200,\"height\":675},\"datePublished\":\"2026-07-17T12:33:14+02:00\",\"dateModified\":\"2026-07-17T12:33:14+02:00\",\"inLanguage\":\"fr-FR\",\"mainEntityOfPage\":{\"@id\":\"https:\\\/\\\/lepatriotebenin.com\\\/index.php\\\/2026\\\/07\\\/17\\\/cooperation-militaire-regionale-le-benin-defilera-pour-lindependance-ivoirienne\\\/#webpage\"},\"isPartOf\":{\"@id\":\"https:\\\/\\\/lepatriotebenin.com\\\/index.php\\\/2026\\\/07\\\/17\\\/cooperation-militaire-regionale-le-benin-defilera-pour-lindependance-ivoirienne\\\/#webpage\"},\"articleSection\":\"Soci\\u00e9t\\u00e9\"},{\"@type\":\"BreadcrumbList\",\"@id\":\"https:\\\/\\\/lepatriotebenin.com\\\/index.php\\\/2026\\\/07\\\/17\\\/cooperation-militaire-regionale-le-benin-defilera-pour-lindependance-ivoirienne\\\/#breadcrumblist\",\"itemListElement\":[{\"@type\":\"ListItem\",\"@id\":\"https:\\\/\\\/lepatriotebenin.com#listItem\",\"position\":1,\"name\":\"Home\",\"item\":\"https:\\\/\\\/lepatriotebenin.com\",\"nextItem\":{\"@type\":\"ListItem\",\"@id\":\"https:\\\/\\\/lepatriotebenin.com\\\/index.php\\\/category\\\/societe\\\/#listItem\",\"name\":\"Soci\\u00e9t\\u00e9\"}},{\"@type\":\"ListItem\",\"@id\":\"https:\\\/\\\/lepatriotebenin.com\\\/index.php\\\/category\\\/societe\\\/#listItem\",\"position\":2,\"name\":\"Soci\\u00e9t\\u00e9\",\"item\":\"https:\\\/\\\/lepatriotebenin.com\\\/index.php\\\/category\\\/societe\\\/\",\"nextItem\":{\"@type\":\"ListItem\",\"@id\":\"https:\\\/\\\/lepatriotebenin.com\\\/index.php\\\/2026\\\/07\\\/17\\\/cooperation-militaire-regionale-le-benin-defilera-pour-lindependance-ivoirienne\\\/#listItem\",\"name\":\"Coop\\u00e9ration militaire r\\u00e9gionale : Le B\\u00e9nin d\\u00e9filera pour l&rsquo;ind\\u00e9pendance ivoirienne\"},\"previousItem\":{\"@type\":\"ListItem\",\"@id\":\"https:\\\/\\\/lepatriotebenin.com#listItem\",\"name\":\"Home\"}},{\"@type\":\"ListItem\",\"@id\":\"https:\\\/\\\/lepatriotebenin.com\\\/index.php\\\/2026\\\/07\\\/17\\\/cooperation-militaire-regionale-le-benin-defilera-pour-lindependance-ivoirienne\\\/#listItem\",\"position\":3,\"name\":\"Coop\\u00e9ration militaire r\\u00e9gionale : Le B\\u00e9nin d\\u00e9filera pour l&rsquo;ind\\u00e9pendance ivoirienne\",\"previousItem\":{\"@type\":\"ListItem\",\"@id\":\"https:\\\/\\\/lepatriotebenin.com\\\/index.php\\\/category\\\/societe\\\/#listItem\",\"name\":\"Soci\\u00e9t\\u00e9\"}}]},{\"@type\":\"Organization\",\"@id\":\"https:\\\/\\\/lepatriotebenin.com\\\/#organization\",\"name\":\"Le Patriote\",\"description\":\"Le Patriote B\\u00e9nin\",\"url\":\"https:\\\/\\\/lepatriotebenin.com\\\/\"},{\"@type\":\"Person\",\"@id\":\"https:\\\/\\\/lepatriotebenin.com#author\",\"url\":\"https:\\\/\\\/lepatriotebenin.com\",\"name\":\"Redaction\",\"image\":{\"@type\":\"ImageObject\",\"@id\":\"https:\\\/\\\/lepatriotebenin.com\\\/index.php\\\/2026\\\/07\\\/17\\\/cooperation-militaire-regionale-le-benin-defilera-pour-lindependance-ivoirienne\\\/#authorImage\",\"url\":\"https:\\\/\\\/secure.gravatar.com\\\/avatar\\\/c4c509357859ea2ca2cbb6d8812898a73e4ef1ef9934c2e591d7e32face734d1?s=96&d=mm&r=g\",\"width\":96,\"height\":96,\"caption\":\"Redaction\"}},{\"@type\":\"WebPage\",\"@id\":\"https:\\\/\\\/lepatriotebenin.com\\\/index.php\\\/2026\\\/07\\\/17\\\/cooperation-militaire-regionale-le-benin-defilera-pour-lindependance-ivoirienne\\\/#webpage\",\"url\":\"https:\\\/\\\/lepatriotebenin.com\\\/index.php\\\/2026\\\/07\\\/17\\\/cooperation-militaire-regionale-le-benin-defilera-pour-lindependance-ivoirienne\\\/\",\"name\":\"Coop\\u00e9ration militaire r\\u00e9gionale : Le B\\u00e9nin d\\u00e9filera pour l\\u2019ind\\u00e9pendance ivoirienne - Le Patriote\",\"description\":\"Les Forces arm\\u00e9es b\\u00e9ninoises participeront aux festivit\\u00e9s du 66\\u1d49 anniversaire de l'ind\\u00e9pendance de la C\\u00f4te d'Ivoire, le 7 ao\\u00fbt prochain. Cette invitation illustre la solidit\\u00e9 des relations entre Cotonou et Abidjan ainsi que leur engagement commun en faveur de la coop\\u00e9ration r\\u00e9gionale. Le B\\u00e9nin prendra part aux c\\u00e9l\\u00e9brations officielles du 66\\u1d49 anniversaire de l'ind\\u00e9pendance de\",\"inLanguage\":\"fr-FR\",\"isPartOf\":{\"@id\":\"https:\\\/\\\/lepatriotebenin.com\\\/#website\"},\"breadcrumb\":{\"@id\":\"https:\\\/\\\/lepatriotebenin.com\\\/index.php\\\/2026\\\/07\\\/17\\\/cooperation-militaire-regionale-le-benin-defilera-pour-lindependance-ivoirienne\\\/#breadcrumblist\"},\"author\":{\"@id\":\"https:\\\/\\\/lepatriotebenin.com#author\"},\"creator\":{\"@id\":\"https:\\\/\\\/lepatriotebenin.com#author\"},\"image\":{\"@type\":\"ImageObject\",\"url\":\"https:\\\/\\\/lepatriotebenin.com\\\/wp-content\\\/uploads\\\/2026\\\/07\\\/benin-ivoire.jpg\",\"@id\":\"https:\\\/\\\/lepatriotebenin.com\\\/index.php\\\/2026\\\/07\\\/17\\\/cooperation-militaire-regionale-le-benin-defilera-pour-lindependance-ivoirienne\\\/#mainImage\",\"width\":1200,\"height\":675},\"primaryImageOfPage\":{\"@id\":\"https:\\\/\\\/lepatriotebenin.com\\\/index.php\\\/2026\\\/07\\\/17\\\/cooperation-militaire-regionale-le-benin-defilera-pour-lindependance-ivoirienne\\\/#mainImage\"},\"datePublished\":\"2026-07-17T12:33:14+02:00\",\"dateModified\":\"2026-07-17T12:33:14+02:00\"},{\"@type\":\"WebSite\",\"@id\":\"https:\\\/\\\/lepatriotebenin.com\\\/#website\",\"url\":\"https:\\\/\\\/lepatriotebenin.com\\\/\",\"name\":\"Le Patriote\",\"description\":\"Le Patriote B\\u00e9nin\",\"inLanguage\":\"fr-FR\",\"publisher\":{\"@id\":\"https:\\\/\\\/lepatriotebenin.com\\\/#organization\"}}]}\n\t\t<\/script>\n\t\t<!-- All in One SEO -->\n\n","aioseo_head_json":{"title":"Coop\u00e9ration militaire r\u00e9gionale : Le B\u00e9nin d\u00e9filera pour l\u2019ind\u00e9pendance ivoirienne - Le Patriote","description":"Les Forces arm\u00e9es b\u00e9ninoises participeront aux festivit\u00e9s du 66\u1d49 anniversaire de l'ind\u00e9pendance de la C\u00f4te d'Ivoire, le 7 ao\u00fbt prochain. Cette invitation illustre la solidit\u00e9 des relations entre Cotonou et Abidjan ainsi que leur engagement commun en faveur de la coop\u00e9ration r\u00e9gionale. Le B\u00e9nin prendra part aux c\u00e9l\u00e9brations officielles du 66\u1d49 anniversaire de l'ind\u00e9pendance de","canonical_url":"https:\/\/lepatriotebenin.com\/index.php\/2026\/07\/17\/cooperation-militaire-regionale-le-benin-defilera-pour-lindependance-ivoirienne\/","robots":"max-image-preview:large","keywords":"","webmasterTools":{"miscellaneous":""},"schema":{"@context":"https:\/\/schema.org","@graph":[{"@type":"BlogPosting","@id":"https:\/\/lepatriotebenin.com\/index.php\/2026\/07\/17\/cooperation-militaire-regionale-le-benin-defilera-pour-lindependance-ivoirienne\/#blogposting","name":"Coop\u00e9ration militaire r\u00e9gionale : Le B\u00e9nin d\u00e9filera pour l\u2019ind\u00e9pendance ivoirienne - Le Patriote","headline":"Coop\u00e9ration militaire r\u00e9gionale : Le B\u00e9nin d\u00e9filera pour l&rsquo;ind\u00e9pendance ivoirienne","author":{"@id":"https:\/\/lepatriotebenin.com#author"},"publisher":{"@id":"https:\/\/lepatriotebenin.com\/#organization"},"image":{"@type":"ImageObject","url":"https:\/\/lepatriotebenin.com\/wp-content\/uploads\/2026\/07\/benin-ivoire.jpg","width":1200,"height":675},"datePublished":"2026-07-17T12:33:14+02:00","dateModified":"2026-07-17T12:33:14+02:00","inLanguage":"fr-FR","mainEntityOfPage":{"@id":"https:\/\/lepatriotebenin.com\/index.php\/2026\/07\/17\/cooperation-militaire-regionale-le-benin-defilera-pour-lindependance-ivoirienne\/#webpage"},"isPartOf":{"@id":"https:\/\/lepatriotebenin.com\/index.php\/2026\/07\/17\/cooperation-militaire-regionale-le-benin-defilera-pour-lindependance-ivoirienne\/#webpage"},"articleSection":"Soci\u00e9t\u00e9"},{"@type":"BreadcrumbList","@id":"https:\/\/lepatriotebenin.com\/index.php\/2026\/07\/17\/cooperation-militaire-regionale-le-benin-defilera-pour-lindependance-ivoirienne\/#breadcrumblist","itemListElement":[{"@type":"ListItem","@id":"https:\/\/lepatriotebenin.com#listItem","position":1,"name":"Home","item":"https:\/\/lepatriotebenin.com","nextItem":{"@type":"ListItem","@id":"https:\/\/lepatriotebenin.com\/index.php\/category\/societe\/#listItem","name":"Soci\u00e9t\u00e9"}},{"@type":"ListItem","@id":"https:\/\/lepatriotebenin.com\/index.php\/category\/societe\/#listItem","position":2,"name":"Soci\u00e9t\u00e9","item":"https:\/\/lepatriotebenin.com\/index.php\/category\/societe\/","nextItem":{"@type":"ListItem","@id":"https:\/\/lepatriotebenin.com\/index.php\/2026\/07\/17\/cooperation-militaire-regionale-le-benin-defilera-pour-lindependance-ivoirienne\/#listItem","name":"Coop\u00e9ration militaire r\u00e9gionale : Le B\u00e9nin d\u00e9filera pour l&rsquo;ind\u00e9pendance ivoirienne"},"previousItem":{"@type":"ListItem","@id":"https:\/\/lepatriotebenin.com#listItem","name":"Home"}},{"@type":"ListItem","@id":"https:\/\/lepatriotebenin.com\/index.php\/2026\/07\/17\/cooperation-militaire-regionale-le-benin-defilera-pour-lindependance-ivoirienne\/#listItem","position":3,"name":"Coop\u00e9ration militaire r\u00e9gionale : Le B\u00e9nin d\u00e9filera pour l&rsquo;ind\u00e9pendance ivoirienne","previousItem":{"@type":"ListItem","@id":"https:\/\/lepatriotebenin.com\/index.php\/category\/societe\/#listItem","name":"Soci\u00e9t\u00e9"}}]},{"@type":"Organization","@id":"https:\/\/lepatriotebenin.com\/#organization","name":"Le Patriote","description":"Le Patriote B\u00e9nin","url":"https:\/\/lepatriotebenin.com\/"},{"@type":"Person","@id":"https:\/\/lepatriotebenin.com#author","url":"https:\/\/lepatriotebenin.com","name":"Redaction","image":{"@type":"ImageObject","@id":"https:\/\/lepatriotebenin.com\/index.php\/2026\/07\/17\/cooperation-militaire-regionale-le-benin-defilera-pour-lindependance-ivoirienne\/#authorImage","url":"https:\/\/secure.gravatar.com\/avatar\/c4c509357859ea2ca2cbb6d8812898a73e4ef1ef9934c2e591d7e32face734d1?s=96&d=mm&r=g","width":96,"height":96,"caption":"Redaction"}},{"@type":"WebPage","@id":"https:\/\/lepatriotebenin.com\/index.php\/2026\/07\/17\/cooperation-militaire-regionale-le-benin-defilera-pour-lindependance-ivoirienne\/#webpage","url":"https:\/\/lepatriotebenin.com\/index.php\/2026\/07\/17\/cooperation-militaire-regionale-le-benin-defilera-pour-lindependance-ivoirienne\/","name":"Coop\u00e9ration militaire r\u00e9gionale : Le B\u00e9nin d\u00e9filera pour l\u2019ind\u00e9pendance ivoirienne - Le Patriote","description":"Les Forces arm\u00e9es b\u00e9ninoises participeront aux festivit\u00e9s du 66\u1d49 anniversaire de l'ind\u00e9pendance de la C\u00f4te d'Ivoire, le 7 ao\u00fbt prochain. Cette invitation illustre la solidit\u00e9 des relations entre Cotonou et Abidjan ainsi que leur engagement commun en faveur de la coop\u00e9ration r\u00e9gionale. Le B\u00e9nin prendra part aux c\u00e9l\u00e9brations officielles du 66\u1d49 anniversaire de l'ind\u00e9pendance de","inLanguage":"fr-FR","isPartOf":{"@id":"https:\/\/lepatriotebenin.com\/#website"},"breadcrumb":{"@id":"https:\/\/lepatriotebenin.com\/index.php\/2026\/07\/17\/cooperation-militaire-regionale-le-benin-defilera-pour-lindependance-ivoirienne\/#breadcrumblist"},"author":{"@id":"https:\/\/lepatriotebenin.com#author"},"creator":{"@id":"https:\/\/lepatriotebenin.com#author"},"image":{"@type":"ImageObject","url":"https:\/\/lepatriotebenin.com\/wp-content\/uploads\/2026\/07\/benin-ivoire.jpg","@id":"https:\/\/lepatriotebenin.com\/index.php\/2026\/07\/17\/cooperation-militaire-regionale-le-benin-defilera-pour-lindependance-ivoirienne\/#mainImage","width":1200,"height":675},"primaryImageOfPage":{"@id":"https:\/\/lepatriotebenin.com\/index.php\/2026\/07\/17\/cooperation-militaire-regionale-le-benin-defilera-pour-lindependance-ivoirienne\/#mainImage"},"datePublished":"2026-07-17T12:33:14+02:00","dateModified":"2026-07-17T12:33:14+02:00"},{"@type":"WebSite","@id":"https:\/\/lepatriotebenin.com\/#website","url":"https:\/\/lepatriotebenin.com\/","name":"Le Patriote","description":"Le Patriote B\u00e9nin","inLanguage":"fr-FR","publisher":{"@id":"https:\/\/lepatriotebenin.com\/#organization"}}]},"og:locale":"fr_FR","og:site_name":"Le Patriote - Le Patriote B\u00e9nin","og:type":"article","og:title":"Coop\u00e9ration militaire r\u00e9gionale : Le B\u00e9nin d\u00e9filera pour l\u2019ind\u00e9pendance ivoirienne - Le Patriote","og:description":"Les Forces arm\u00e9es b\u00e9ninoises participeront aux festivit\u00e9s du 66\u1d49 anniversaire de l'ind\u00e9pendance de la C\u00f4te d'Ivoire, le 7 ao\u00fbt prochain. Cette invitation illustre la solidit\u00e9 des relations entre Cotonou et Abidjan ainsi que leur engagement commun en faveur de la coop\u00e9ration r\u00e9gionale. Le B\u00e9nin prendra part aux c\u00e9l\u00e9brations officielles du 66\u1d49 anniversaire de l'ind\u00e9pendance de","og:url":"https:\/\/lepatriotebenin.com\/index.php\/2026\/07\/17\/cooperation-militaire-regionale-le-benin-defilera-pour-lindependance-ivoirienne\/","article:published_time":"2026-07-17T10:33:14+00:00","article:modified_time":"2026-07-17T10:33:14+00:00","twitter:card":"summary_large_image","twitter:title":"Coop\u00e9ration militaire r\u00e9gionale : Le B\u00e9nin d\u00e9filera pour l\u2019ind\u00e9pendance ivoirienne - Le Patriote","twitter:description":"Les Forces arm\u00e9es b\u00e9ninoises participeront aux festivit\u00e9s du 66\u1d49 anniversaire de l'ind\u00e9pendance de la C\u00f4te d'Ivoire, le 7 ao\u00fbt prochain. Cette invitation illustre la solidit\u00e9 des relations entre Cotonou et Abidjan ainsi que leur engagement commun en faveur de la coop\u00e9ration r\u00e9gionale. Le B\u00e9nin prendra part aux c\u00e9l\u00e9brations officielles du 66\u1d49 anniversaire de l'ind\u00e9pendance de"},"aioseo_meta_data":{"post_id":"21774","title":null,"description":null,"keywords":null,"keyphrases":{"focus":{"keyphrase":"","score":0,"analysis":{"keyphraseInTitle":{"score":0,"maxScore":9,"error":1}}},"additional":[]},"primary_term":null,"canonical_url":null,"og_title":null,"og_description":null,"og_object_type":"default","og_image_type":"default","og_image_url":null,"og_image_width":null,"og_image_height":null,"og_image_custom_url":null,"og_image_custom_fields":null,"og_video":"","og_custom_url":null,"og_article_section":null,"og_article_tags":null,"twitter_use_og":false,"twitter_card":"default","twitter_image_type":"default","twitter_image_url":null,"twitter_image_custom_url":null,"twitter_image_custom_fields":null,"twitter_title":null,"twitter_description":null,"schema":{"blockGraphs":[],"customGraphs":[],"default":{"data":{"Article":[],"Course":[],"Dataset":[],"FAQPage":[],"Movie":[],"Person":[],"Product":[],"ProductReview":[],"Car":[],"Recipe":[],"Service":[],"SoftwareApplication":[],"WebPage":[]},"graphName":"BlogPosting","isEnabled":true},"graphs":[]},"schema_type":"default","schema_type_options":null,"pillar_content":false,"robots_default":true,"robots_noindex":false,"robots_noarchive":false,"robots_nosnippet":false,"robots_nofollow":false,"robots_noimageindex":false,"robots_noodp":false,"robots_notranslate":false,"robots_max_snippet":"-1","robots_max_videopreview":"-1","robots_max_imagepreview":"large","priority":null,"frequency":"default","local_seo":null,"breadcrumb_settings":null,"limit_modified_date":false,"ai":{"faqs":[],"keyPoints":[],"schemas":[],"titles":[],"descriptions":[],"socialPosts":{"email":{"subject":"","preview":"","content":""},"linkedin":[],"twitter":[],"facebook":[],"instagram":[]}},"created":"2026-07-17 10:33:14","updated":"2026-07-17 10:35:33","seo_analyzer_scan_date":null,"focus_keyword":null,"additional_keywords":null,"truseo_locale":null},"aioseo_breadcrumb":"<div class=\"aioseo-breadcrumbs\"><span class=\"aioseo-breadcrumb\">\n\t\t\t<a href=\"https:\/\/lepatriotebenin.com\" title=\"Home\">Home<\/a>\n\t\t<\/span><span class=\"aioseo-breadcrumb-separator\">&raquo;<\/span><span class=\"aioseo-breadcrumb\">\n\t\t\t<a href=\"https:\/\/lepatriotebenin.com\/index.php\/category\/societe\/\" title=\"Soci\u00e9t\u00e9\">Soci\u00e9t\u00e9<\/a>\n\t\t<\/span><span class=\"aioseo-breadcrumb-separator\">&raquo;<\/span><span class=\"aioseo-breadcrumb\">\n\t\t\tCoop\u00e9ration militaire r\u00e9gionale : Le B\u00e9nin d\u00e9filera pour l\u2019ind\u00e9pendance ivoirienne\n\t\t<\/span><\/div>","aioseo_breadcrumb_json":[{"label":"Home","link":"https:\/\/lepatriotebenin.com"},{"label":"Soci\u00e9t\u00e9","link":"https:\/\/lepatriotebenin.com\/index.php\/category\/societe\/"},{"label":"Coop\u00e9ration militaire r\u00e9gionale : Le B\u00e9nin d\u00e9filera pour l&rsquo;ind\u00e9pendance ivoirienne","link":"https:\/\/lepatriotebenin.com\/index.php\/2026\/07\/17\/cooperation-militaire-regionale-le-benin-defilera-pour-lindependance-ivoirienne\/"}],"yoast_head":"<!-- This site is optimized with the Yoast SEO plugin v28.3 - https:\/\/yoast.com\/product\/yoast-seo-wordpress\/ -->\n<title>Coop\u00e9ration militaire r\u00e9gionale : Le B\u00e9nin d\u00e9filera pour l&#039;ind\u00e9pendance ivoirienne - Le Patriote<\/title>\n<meta name=\"robots\" content=\"index, follow, max-snippet:-1, max-image-preview:large, max-video-preview:-1\" \/>\n<link rel=\"canonical\" href=\"https:\/\/lepatriotebenin.com\/index.php\/2026\/07\/17\/cooperation-militaire-regionale-le-benin-defilera-pour-lindependance-ivoirienne\/\" \/>\n<meta property=\"og:locale\" content=\"fr_FR\" \/>\n<meta property=\"og:type\" content=\"article\" \/>\n<meta property=\"og:title\" content=\"Coop\u00e9ration militaire r\u00e9gionale : Le B\u00e9nin d\u00e9filera pour l&#039;ind\u00e9pendance ivoirienne - Le Patriote\" \/>\n<meta property=\"og:description\" content=\"Les Forces arm\u00e9es b\u00e9ninoises participeront aux festivit\u00e9s du 66\u1d49 anniversaire de l&rsquo;ind\u00e9pendance de la C\u00f4te d&rsquo;Ivoire, le 7 ao\u00fbt prochain. Cette invitation illustre la solidit\u00e9 des relations entre Cotonou et&hellip;\" \/>\n<meta property=\"og:url\" content=\"https:\/\/lepatriotebenin.com\/index.php\/2026\/07\/17\/cooperation-militaire-regionale-le-benin-defilera-pour-lindependance-ivoirienne\/\" \/>\n<meta property=\"og:site_name\" content=\"Le Patriote\" \/>\n<meta property=\"article:published_time\" content=\"2026-07-17T10:33:14+00:00\" \/>\n<meta property=\"og:image\" content=\"https:\/\/lepatriotebenin.com\/wp-content\/uploads\/2026\/07\/benin-ivoire.jpg\" \/>\n\t<meta property=\"og:image:width\" content=\"1200\" \/>\n\t<meta property=\"og:image:height\" content=\"675\" \/>\n\t<meta property=\"og:image:type\" content=\"image\/jpeg\" \/>\n<meta name=\"author\" content=\"Redaction\" \/>\n<meta name=\"twitter:card\" content=\"summary_large_image\" \/>\n<meta name=\"twitter:label1\" content=\"\u00c9crit par\" \/>\n\t<meta name=\"twitter:data1\" content=\"Redaction\" \/>\n\t<meta name=\"twitter:label2\" content=\"Dur\u00e9e de lecture estim\u00e9e\" \/>\n\t<meta name=\"twitter:data2\" content=\"2 minutes\" \/>\n<script type=\"application\/ld+json\" class=\"yoast-schema-graph\">{\"@context\":\"https:\\\/\\\/schema.org\",\"@graph\":[{\"@type\":\"Article\",\"@id\":\"https:\\\/\\\/lepatriotebenin.com\\\/index.php\\\/2026\\\/07\\\/17\\\/cooperation-militaire-regionale-le-benin-defilera-pour-lindependance-ivoirienne\\\/#article\",\"isPartOf\":{\"@id\":\"https:\\\/\\\/lepatriotebenin.com\\\/index.php\\\/2026\\\/07\\\/17\\\/cooperation-militaire-regionale-le-benin-defilera-pour-lindependance-ivoirienne\\\/\"},\"author\":{\"name\":\"Redaction\",\"@id\":\"https:\\\/\\\/lepatriotebenin.com\\\/#\\\/schema\\\/person\\\/2e7709b9c9cc313e452d1136af61690f\"},\"headline\":\"Coop\u00e9ration militaire r\u00e9gionale : Le B\u00e9nin d\u00e9filera pour l&rsquo;ind\u00e9pendance ivoirienne\",\"datePublished\":\"2026-07-17T10:33:14+00:00\",\"mainEntityOfPage\":{\"@id\":\"https:\\\/\\\/lepatriotebenin.com\\\/index.php\\\/2026\\\/07\\\/17\\\/cooperation-militaire-regionale-le-benin-defilera-pour-lindependance-ivoirienne\\\/\"},\"wordCount\":292,\"commentCount\":0,\"image\":{\"@id\":\"https:\\\/\\\/lepatriotebenin.com\\\/index.php\\\/2026\\\/07\\\/17\\\/cooperation-militaire-regionale-le-benin-defilera-pour-lindependance-ivoirienne\\\/#primaryimage\"},\"thumbnailUrl\":\"https:\\\/\\\/lepatriotebenin.com\\\/wp-content\\\/uploads\\\/2026\\\/07\\\/benin-ivoire.jpg\",\"articleSection\":[\"Soci\u00e9t\u00e9\"],\"inLanguage\":\"fr-FR\",\"potentialAction\":[{\"@type\":\"CommentAction\",\"name\":\"Comment\",\"target\":[\"https:\\\/\\\/lepatriotebenin.com\\\/index.php\\\/2026\\\/07\\\/17\\\/cooperation-militaire-regionale-le-benin-defilera-pour-lindependance-ivoirienne\\\/#respond\"]}]},{\"@type\":\"WebPage\",\"@id\":\"https:\\\/\\\/lepatriotebenin.com\\\/index.php\\\/2026\\\/07\\\/17\\\/cooperation-militaire-regionale-le-benin-defilera-pour-lindependance-ivoirienne\\\/\",\"url\":\"https:\\\/\\\/lepatriotebenin.com\\\/index.php\\\/2026\\\/07\\\/17\\\/cooperation-militaire-regionale-le-benin-defilera-pour-lindependance-ivoirienne\\\/\",\"name\":\"Coop\u00e9ration militaire r\u00e9gionale : Le B\u00e9nin d\u00e9filera pour l'ind\u00e9pendance ivoirienne - Le Patriote\",\"isPartOf\":{\"@id\":\"https:\\\/\\\/lepatriotebenin.com\\\/#website\"},\"primaryImageOfPage\":{\"@id\":\"https:\\\/\\\/lepatriotebenin.com\\\/index.php\\\/2026\\\/07\\\/17\\\/cooperation-militaire-regionale-le-benin-defilera-pour-lindependance-ivoirienne\\\/#primaryimage\"},\"image\":{\"@id\":\"https:\\\/\\\/lepatriotebenin.com\\\/index.php\\\/2026\\\/07\\\/17\\\/cooperation-militaire-regionale-le-benin-defilera-pour-lindependance-ivoirienne\\\/#primaryimage\"},\"thumbnailUrl\":\"https:\\\/\\\/lepatriotebenin.com\\\/wp-content\\\/uploads\\\/2026\\\/07\\\/benin-ivoire.jpg\",\"datePublished\":\"2026-07-17T10:33:14+00:00\",\"author\":{\"@id\":\"https:\\\/\\\/lepatriotebenin.com\\\/#\\\/schema\\\/person\\\/2e7709b9c9cc313e452d1136af61690f\"},\"breadcrumb\":{\"@id\":\"https:\\\/\\\/lepatriotebenin.com\\\/index.php\\\/2026\\\/07\\\/17\\\/cooperation-militaire-regionale-le-benin-defilera-pour-lindependance-ivoirienne\\\/#breadcrumb\"},\"inLanguage\":\"fr-FR\",\"potentialAction\":[{\"@type\":\"ReadAction\",\"target\":[\"https:\\\/\\\/lepatriotebenin.com\\\/index.php\\\/2026\\\/07\\\/17\\\/cooperation-militaire-regionale-le-benin-defilera-pour-lindependance-ivoirienne\\\/\"]}]},{\"@type\":\"ImageObject\",\"inLanguage\":\"fr-FR\",\"@id\":\"https:\\\/\\\/lepatriotebenin.com\\\/index.php\\\/2026\\\/07\\\/17\\\/cooperation-militaire-regionale-le-benin-defilera-pour-lindependance-ivoirienne\\\/#primaryimage\",\"url\":\"https:\\\/\\\/lepatriotebenin.com\\\/wp-content\\\/uploads\\\/2026\\\/07\\\/benin-ivoire.jpg\",\"contentUrl\":\"https:\\\/\\\/lepatriotebenin.com\\\/wp-content\\\/uploads\\\/2026\\\/07\\\/benin-ivoire.jpg\",\"width\":1200,\"height\":675},{\"@type\":\"BreadcrumbList\",\"@id\":\"https:\\\/\\\/lepatriotebenin.com\\\/index.php\\\/2026\\\/07\\\/17\\\/cooperation-militaire-regionale-le-benin-defilera-pour-lindependance-ivoirienne\\\/#breadcrumb\",\"itemListElement\":[{\"@type\":\"ListItem\",\"position\":1,\"name\":\"Accueil\",\"item\":\"https:\\\/\\\/lepatriotebenin.com\\\/\"},{\"@type\":\"ListItem\",\"position\":2,\"name\":\"Coop\u00e9ration militaire r\u00e9gionale : Le B\u00e9nin d\u00e9filera pour l&rsquo;ind\u00e9pendance ivoirienne\"}]},{\"@type\":\"WebSite\",\"@id\":\"https:\\\/\\\/lepatriotebenin.com\\\/#website\",\"url\":\"https:\\\/\\\/lepatriotebenin.com\\\/\",\"name\":\"Le Patriote\",\"description\":\"Le Patriote B\u00e9nin\",\"potentialAction\":[{\"@type\":\"SearchAction\",\"target\":{\"@type\":\"EntryPoint\",\"urlTemplate\":\"https:\\\/\\\/lepatriotebenin.com\\\/?s={search_term_string}\"},\"query-input\":{\"@type\":\"PropertyValueSpecification\",\"valueRequired\":true,\"valueName\":\"search_term_string\"}}],\"inLanguage\":\"fr-FR\"},{\"@type\":\"Person\",\"@id\":\"https:\\\/\\\/lepatriotebenin.com\\\/#\\\/schema\\\/person\\\/2e7709b9c9cc313e452d1136af61690f\",\"name\":\"Redaction\",\"image\":{\"@type\":\"ImageObject\",\"inLanguage\":\"fr-FR\",\"@id\":\"https:\\\/\\\/secure.gravatar.com\\\/avatar\\\/c4c509357859ea2ca2cbb6d8812898a73e4ef1ef9934c2e591d7e32face734d1?s=96&d=mm&r=g\",\"url\":\"https:\\\/\\\/secure.gravatar.com\\\/avatar\\\/c4c509357859ea2ca2cbb6d8812898a73e4ef1ef9934c2e591d7e32face734d1?s=96&d=mm&r=g\",\"contentUrl\":\"https:\\\/\\\/secure.gravatar.com\\\/avatar\\\/c4c509357859ea2ca2cbb6d8812898a73e4ef1ef9934c2e591d7e32face734d1?s=96&d=mm&r=g\",\"caption\":\"Redaction\"},\"url\":\"https:\\\/\\\/lepatriotebenin.com\"}]}<\/script>\n<!-- \/ Yoast SEO plugin. -->","yoast_head_json":{"title":"Coop\u00e9ration militaire r\u00e9gionale : Le B\u00e9nin d\u00e9filera pour l'ind\u00e9pendance ivoirienne - Le Patriote","robots":{"index":"index","follow":"follow","max-snippet":"max-snippet:-1","max-image-preview":"max-image-preview:large","max-video-preview":"max-video-preview:-1"},"canonical":"https:\/\/lepatriotebenin.com\/index.php\/2026\/07\/17\/cooperation-militaire-regionale-le-benin-defilera-pour-lindependance-ivoirienne\/","og_locale":"fr_FR","og_type":"article","og_title":"Coop\u00e9ration militaire r\u00e9gionale : Le B\u00e9nin d\u00e9filera pour l'ind\u00e9pendance ivoirienne - Le Patriote","og_description":"Les Forces arm\u00e9es b\u00e9ninoises participeront aux festivit\u00e9s du 66\u1d49 anniversaire de l&rsquo;ind\u00e9pendance de la C\u00f4te d&rsquo;Ivoire, le 7 ao\u00fbt prochain. Cette invitation illustre la solidit\u00e9 des relations entre Cotonou et&hellip;","og_url":"https:\/\/lepatriotebenin.com\/index.php\/2026\/07\/17\/cooperation-militaire-regionale-le-benin-defilera-pour-lindependance-ivoirienne\/","og_site_name":"Le Patriote","article_published_time":"2026-07-17T10:33:14+00:00","og_image":[{"width":1200,"height":675,"url":"https:\/\/lepatriotebenin.com\/wp-content\/uploads\/2026\/07\/benin-ivoire.jpg","type":"image\/jpeg"}],"author":"Redaction","twitter_card":"summary_large_image","twitter_misc":{"\u00c9crit par":"Redaction","Dur\u00e9e de lecture estim\u00e9e":"2 minutes"},"schema":{"@context":"https:\/\/schema.org","@graph":[{"@type":"Article","@id":"https:\/\/lepatriotebenin.com\/index.php\/2026\/07\/17\/cooperation-militaire-regionale-le-benin-defilera-pour-lindependance-ivoirienne\/#article","isPartOf":{"@id":"https:\/\/lepatriotebenin.com\/index.php\/2026\/07\/17\/cooperation-militaire-regionale-le-benin-defilera-pour-lindependance-ivoirienne\/"},"author":{"name":"Redaction","@id":"https:\/\/lepatriotebenin.com\/#\/schema\/person\/2e7709b9c9cc313e452d1136af61690f"},"headline":"Coop\u00e9ration militaire r\u00e9gionale : Le B\u00e9nin d\u00e9filera pour l&rsquo;ind\u00e9pendance ivoirienne","datePublished":"2026-07-17T10:33:14+00:00","mainEntityOfPage":{"@id":"https:\/\/lepatriotebenin.com\/index.php\/2026\/07\/17\/cooperation-militaire-regionale-le-benin-defilera-pour-lindependance-ivoirienne\/"},"wordCount":292,"commentCount":0,"image":{"@id":"https:\/\/lepatriotebenin.com\/index.php\/2026\/07\/17\/cooperation-militaire-regionale-le-benin-defilera-pour-lindependance-ivoirienne\/#primaryimage"},"thumbnailUrl":"https:\/\/lepatriotebenin.com\/wp-content\/uploads\/2026\/07\/benin-ivoire.jpg","articleSection":["Soci\u00e9t\u00e9"],"inLanguage":"fr-FR","potentialAction":[{"@type":"CommentAction","name":"Comment","target":["https:\/\/lepatriotebenin.com\/index.php\/2026\/07\/17\/cooperation-militaire-regionale-le-benin-defilera-pour-lindependance-ivoirienne\/#respond"]}]},{"@type":"WebPage","@id":"https:\/\/lepatriotebenin.com\/index.php\/2026\/07\/17\/cooperation-militaire-regionale-le-benin-defilera-pour-lindependance-ivoirienne\/","url":"https:\/\/lepatriotebenin.com\/index.php\/2026\/07\/17\/cooperation-militaire-regionale-le-benin-defilera-pour-lindependance-ivoirienne\/","name":"Coop\u00e9ration militaire r\u00e9gionale : Le B\u00e9nin d\u00e9filera pour l'ind\u00e9pendance ivoirienne - Le Patriote","isPartOf":{"@id":"https:\/\/lepatriotebenin.com\/#website"},"primaryImageOfPage":{"@id":"https:\/\/lepatriotebenin.com\/index.php\/2026\/07\/17\/cooperation-militaire-regionale-le-benin-defilera-pour-lindependance-ivoirienne\/#primaryimage"},"image":{"@id":"https:\/\/lepatriotebenin.com\/index.php\/2026\/07\/17\/cooperation-militaire-regionale-le-benin-defilera-pour-lindependance-ivoirienne\/#primaryimage"},"thumbnailUrl":"https:\/\/lepatriotebenin.com\/wp-content\/uploads\/2026\/07\/benin-ivoire.jpg","datePublished":"2026-07-17T10:33:14+00:00","author":{"@id":"https:\/\/lepatriotebenin.com\/#\/schema\/person\/2e7709b9c9cc313e452d1136af61690f"},"breadcrumb":{"@id":"https:\/\/lepatriotebenin.com\/index.php\/2026\/07\/17\/cooperation-militaire-regionale-le-benin-defilera-pour-lindependance-ivoirienne\/#breadcrumb"},"inLanguage":"fr-FR","potentialAction":[{"@type":"ReadAction","target":["https:\/\/lepatriotebenin.com\/index.php\/2026\/07\/17\/cooperation-militaire-regionale-le-benin-defilera-pour-lindependance-ivoirienne\/"]}]},{"@type":"ImageObject","inLanguage":"fr-FR","@id":"https:\/\/lepatriotebenin.com\/index.php\/2026\/07\/17\/cooperation-militaire-regionale-le-benin-defilera-pour-lindependance-ivoirienne\/#primaryimage","url":"https:\/\/lepatriotebenin.com\/wp-content\/uploads\/2026\/07\/benin-ivoire.jpg","contentUrl":"https:\/\/lepatriotebenin.com\/wp-content\/uploads\/2026\/07\/benin-ivoire.jpg","width":1200,"height":675},{"@type":"BreadcrumbList","@id":"https:\/\/lepatriotebenin.com\/index.php\/2026\/07\/17\/cooperation-militaire-regionale-le-benin-defilera-pour-lindependance-ivoirienne\/#breadcrumb","itemListElement":[{"@type":"ListItem","position":1,"name":"Accueil","item":"https:\/\/lepatriotebenin.com\/"},{"@type":"ListItem","position":2,"name":"Coop\u00e9ration militaire r\u00e9gionale : Le B\u00e9nin d\u00e9filera pour l&rsquo;ind\u00e9pendance ivoirienne"}]},{"@type":"WebSite","@id":"https:\/\/lepatriotebenin.com\/#website","url":"https:\/\/lepatriotebenin.com\/","name":"Le Patriote","description":"Le Patriote B\u00e9nin","potentialAction":[{"@type":"SearchAction","target":{"@type":"EntryPoint","urlTemplate":"https:\/\/lepatriotebenin.com\/?s={search_term_string}"},"query-input":{"@type":"PropertyValueSpecification","valueRequired":true,"valueName":"search_term_string"}}],"inLanguage":"fr-FR"},{"@type":"Person","@id":"https:\/\/lepatriotebenin.com\/#\/schema\/person\/2e7709b9c9cc313e452d1136af61690f","name":"Redaction","image":{"@type":"ImageObject","inLanguage":"fr-FR","@id":"https:\/\/secure.gravatar.com\/avatar\/c4c509357859ea2ca2cbb6d8812898a73e4ef1ef9934c2e591d7e32face734d1?s=96&d=mm&r=g","url":"https:\/\/secure.gravatar.com\/avatar\/c4c509357859ea2ca2cbb6d8812898a73e4ef1ef9934c2e591d7e32face734d1?s=96&d=mm&r=g","contentUrl":"https:\/\/secure.gravatar.com\/avatar\/c4c509357859ea2ca2cbb6d8812898a73e4ef1ef9934c2e591d7e32face734d1?s=96&d=mm&r=g","caption":"Redaction"},"url":"https:\/\/lepatriotebenin.com"}]}},"_links":{"self":[{"href":"https:\/\/lepatriotebenin.com\/index.php\/wp-json\/wp\/v2\/posts\/21774","targetHints":{"allow":["GET"]}}],"collection":[{"href":"https:\/\/lepatriotebenin.com\/index.php\/wp-json\/wp\/v2\/posts"}],"about":[{"href":"https:\/\/lepatriotebenin.com\/index.php\/wp-json\/wp\/v2\/types\/post"}],"author":[{"embeddable":true,"href":"https:\/\/lepatriotebenin.com\/index.php\/wp-json\/wp\/v2\/users\/5"}],"replies":[{"embeddable":true,"href":"https:\/\/lepatriotebenin.com\/index.php\/wp-json\/wp\/v2\/comments?post=21774"}],"version-history":[{"count":1,"href":"https:\/\/lepatriotebenin.com\/index.php\/wp-json\/wp\/v2\/posts\/21774\/revisions"}],"predecessor-version":[{"id":21776,"href":"https:\/\/lepatriotebenin.com\/index.php\/wp-json\/wp\/v2\/posts\/21774\/revisions\/21776"}],"wp:featuredmedia":[{"embeddable":true,"href":"https:\/\/lepatriotebenin.com\/index.php\/wp-json\/wp\/v2\/media\/21775"}],"wp:attachment":[{"href":"https:\/\/lepatriotebenin.com\/index.php\/wp-json\/wp\/v2\/media?parent=21774"}],"wp:term":[{"taxonomy":"category","embeddable":true,"href":"https:\/\/lepatriotebenin.com\/index.php\/wp-json\/wp\/v2\/categories?post=21774"},{"taxonomy":"post_tag","embeddable":true,"href":"https:\/\/lepatriotebenin.com\/index.php\/wp-json\/wp\/v2\/tags?post=21774"}],"curies":[{"name":"wp","href":"https:\/\/api.w.org\/{rel}","templated":true}]}}