{"id":21763,"date":"2026-07-17T01:48:21","date_gmt":"2026-07-16T23:48:21","guid":{"rendered":"https:\/\/lepatriotebenin.com\/?p=21763"},"modified":"2026-07-17T01:48:21","modified_gmt":"2026-07-16T23:48:21","slug":"festival-des-masques-a-porto-novo-deux-jours-danimations-a-decouvrir","status":"publish","type":"post","link":"https:\/\/lepatriotebenin.com\/index.php\/2026\/07\/17\/festival-des-masques-a-porto-novo-deux-jours-danimations-a-decouvrir\/","title":{"rendered":"Festival des Masques \u00e0 Porto-Novo  : Deux jours d&rsquo;animations \u00e0 d\u00e9couvrir"},"content":{"rendered":"<p><strong><em>Porto-Novo accueillera, les 25 et 26 juillet 2026, une nouvelle \u00e9dition du Festival des Masques. Pendant deux jours, la capitale b\u00e9ninoise vibrera au rythme des traditions, des arts et des spectacles vivants. Animations culturelles, colloque scientifique, concerts et grande procession sont au programme d&rsquo;un rendez-vous ouvert gratuitement au public.<\/em><\/strong><\/p>\n<p>La ville de Porto-Novo s&rsquo;appr\u00eate \u00e0 vivre un week-end plac\u00e9 sous le signe du patrimoine culturel avec le Festival des Masques 2026. Les 25 et 26 juillet, plusieurs sites de la capitale accueilleront des milliers de visiteurs autour d&rsquo;un programme riche m\u00ealant traditions, savoirs et divertissements.<\/p>\n<p>En effet, le Village du Festival sera anim\u00e9 durant les deux journ\u00e9es par des prestations artistiques mettant \u00e0 l&rsquo;honneur Kal\u00e9ta, Ad\u00e9-Oba, Python, G\u00e8l\u00e8d\u00e8 et d&rsquo;autres expressions culturelles b\u00e9ninoises. Des ateliers destin\u00e9s aux enfants, des d\u00e9monstrations de sculpture sur bois, la confection de parures en perles ainsi qu&rsquo;une initiation aux rythmes traditionnels compl\u00e9teront les activit\u00e9s. Le dimanche 26 juillet d\u00e9butera par un colloque scientifique consacr\u00e9 au th\u00e8me \u00ab Masques Vodun : h\u00e9ritage et modernit\u00e9 \u00bb. Parall\u00e8lement, plusieurs places embl\u00e9matiques de Porto-Novo accueilleront des d\u00e9monstrations de Zangb\u00eato, Egungun, G\u00e8l\u00e8d\u00e8, Gounouko, Vodun Hounv\u00e8, ainsi que des repr\u00e9sentations de masques chinois et de masques d&rsquo;Afrique de l&rsquo;Ouest.<\/p>\n<p>Le moment le plus attendu reste la Grande Procession des Masques, pr\u00e9vue de 17 h \u00e0 18 h 30 sur le boulevard lagunaire. Ce d\u00e9fil\u00e9 rassemblera des masques embl\u00e9matiques du B\u00e9nin ainsi que des d\u00e9l\u00e9gations venues d&rsquo;autres pays africains, offrant un spectacle haut en couleur.<\/p>\n<p>Les festivit\u00e9s se poursuivront \u00e0 partir de 19 heures avec de grands concerts r\u00e9unissant des artistes de renom. Enti\u00e8rement gratuit, le Festival des Masques 2026 ambitionne de promouvoir le patrimoine culturel b\u00e9ninois tout en faisant de Porto-Novo une vitrine des traditions africaines et un carrefour de rencontres culturelles.<\/p>\n<p>&nbsp;<\/p>\n<p><strong>Gildas AHOGNI<\/strong><\/p>\n","protected":false},"excerpt":{"rendered":"<p>Porto-Novo accueillera, les 25 et 26 juillet 2026, une nouvelle \u00e9dition du Festival des Masques. Pendant deux jours, la capitale b\u00e9ninoise vibrera au rythme des traditions, des arts et des&hellip;<\/p>\n","protected":false},"author":5,"featured_media":21764,"comment_status":"open","ping_status":"open","sticky":false,"template":"","format":"standard","meta":{"content-type":"","om_disable_all_campaigns":false,"_monsterinsights_skip_tracking":false,"_uf_show_specific_survey":0,"_uf_disable_surveys":false,"footnotes":""},"categories":[29],"tags":[],"class_list":["post-21763","post","type-post","status-publish","format-standard","has-post-thumbnail","hentry","category-culture"],"aioseo_notices":[],"aioseo_head":"\n\t\t<!-- All in One SEO 5.0.1.1 - aioseo.com -->\n\t<meta name=\"description\" content=\"Porto-Novo accueillera, les 25 et 26 juillet 2026, une nouvelle \u00e9dition du Festival des Masques. Pendant deux jours, la capitale b\u00e9ninoise vibrera au rythme des traditions, des arts et des spectacles vivants. Animations culturelles, colloque scientifique, concerts et grande procession sont au programme d&#039;un rendez-vous ouvert gratuitement au public. La ville de Porto-Novo s&#039;appr\u00eate \u00e0\" \/>\n\t<meta name=\"robots\" content=\"max-image-preview:large\" \/>\n\t<meta name=\"author\" content=\"Redaction\"\/>\n\t<link rel=\"canonical\" href=\"https:\/\/lepatriotebenin.com\/index.php\/2026\/07\/17\/festival-des-masques-a-porto-novo-deux-jours-danimations-a-decouvrir\/\" \/>\n\t<meta name=\"generator\" content=\"All in One SEO (AIOSEO) 5.0.1.1\" \/>\n\t\t<meta property=\"og:locale\" content=\"fr_FR\" \/>\n\t\t<meta property=\"og:site_name\" content=\"Le Patriote - Le Patriote B\u00e9nin\" \/>\n\t\t<meta property=\"og:type\" content=\"article\" \/>\n\t\t<meta property=\"og:title\" content=\"Festival des Masques \u00e0 Porto-Novo : Deux jours d\u2019animations \u00e0 d\u00e9couvrir - Le Patriote\" \/>\n\t\t<meta property=\"og:description\" content=\"Porto-Novo accueillera, les 25 et 26 juillet 2026, une nouvelle \u00e9dition du Festival des Masques. Pendant deux jours, la capitale b\u00e9ninoise vibrera au rythme des traditions, des arts et des spectacles vivants. Animations culturelles, colloque scientifique, concerts et grande procession sont au programme d&#039;un rendez-vous ouvert gratuitement au public. La ville de Porto-Novo s&#039;appr\u00eate \u00e0\" \/>\n\t\t<meta property=\"og:url\" content=\"https:\/\/lepatriotebenin.com\/index.php\/2026\/07\/17\/festival-des-masques-a-porto-novo-deux-jours-danimations-a-decouvrir\/\" \/>\n\t\t<meta property=\"article:published_time\" content=\"2026-07-16T23:48:21+00:00\" \/>\n\t\t<meta property=\"article:modified_time\" content=\"2026-07-16T23:48:21+00:00\" \/>\n\t\t<meta name=\"twitter:card\" content=\"summary_large_image\" \/>\n\t\t<meta name=\"twitter:title\" content=\"Festival des Masques \u00e0 Porto-Novo : Deux jours d\u2019animations \u00e0 d\u00e9couvrir - Le Patriote\" \/>\n\t\t<meta name=\"twitter:description\" content=\"Porto-Novo accueillera, les 25 et 26 juillet 2026, une nouvelle \u00e9dition du Festival des Masques. Pendant deux jours, la capitale b\u00e9ninoise vibrera au rythme des traditions, des arts et des spectacles vivants. Animations culturelles, colloque scientifique, concerts et grande procession sont au programme d&#039;un rendez-vous ouvert gratuitement au public. La ville de Porto-Novo s&#039;appr\u00eate \u00e0\" \/>\n\t\t<script type=\"application\/ld+json\" class=\"aioseo-schema\">\n\t\t\t{\"@context\":\"https:\\\/\\\/schema.org\",\"@graph\":[{\"@type\":\"BlogPosting\",\"@id\":\"https:\\\/\\\/lepatriotebenin.com\\\/index.php\\\/2026\\\/07\\\/17\\\/festival-des-masques-a-porto-novo-deux-jours-danimations-a-decouvrir\\\/#blogposting\",\"name\":\"Festival des Masques \\u00e0 Porto-Novo : Deux jours d\\u2019animations \\u00e0 d\\u00e9couvrir - Le Patriote\",\"headline\":\"Festival des Masques \\u00e0 Porto-Novo  : Deux jours d&rsquo;animations \\u00e0 d\\u00e9couvrir\",\"author\":{\"@id\":\"https:\\\/\\\/lepatriotebenin.com#author\"},\"publisher\":{\"@id\":\"https:\\\/\\\/lepatriotebenin.com\\\/#organization\"},\"image\":{\"@type\":\"ImageObject\",\"url\":\"https:\\\/\\\/lepatriotebenin.com\\\/wp-content\\\/uploads\\\/2026\\\/07\\\/festival-des-masques.jpg\",\"width\":1520,\"height\":1207},\"datePublished\":\"2026-07-17T01:48:21+02:00\",\"dateModified\":\"2026-07-17T01:48:21+02:00\",\"inLanguage\":\"fr-FR\",\"mainEntityOfPage\":{\"@id\":\"https:\\\/\\\/lepatriotebenin.com\\\/index.php\\\/2026\\\/07\\\/17\\\/festival-des-masques-a-porto-novo-deux-jours-danimations-a-decouvrir\\\/#webpage\"},\"isPartOf\":{\"@id\":\"https:\\\/\\\/lepatriotebenin.com\\\/index.php\\\/2026\\\/07\\\/17\\\/festival-des-masques-a-porto-novo-deux-jours-danimations-a-decouvrir\\\/#webpage\"},\"articleSection\":\"Culture\"},{\"@type\":\"BreadcrumbList\",\"@id\":\"https:\\\/\\\/lepatriotebenin.com\\\/index.php\\\/2026\\\/07\\\/17\\\/festival-des-masques-a-porto-novo-deux-jours-danimations-a-decouvrir\\\/#breadcrumblist\",\"itemListElement\":[{\"@type\":\"ListItem\",\"@id\":\"https:\\\/\\\/lepatriotebenin.com#listItem\",\"position\":1,\"name\":\"Home\",\"item\":\"https:\\\/\\\/lepatriotebenin.com\",\"nextItem\":{\"@type\":\"ListItem\",\"@id\":\"https:\\\/\\\/lepatriotebenin.com\\\/index.php\\\/category\\\/culture\\\/#listItem\",\"name\":\"Culture\"}},{\"@type\":\"ListItem\",\"@id\":\"https:\\\/\\\/lepatriotebenin.com\\\/index.php\\\/category\\\/culture\\\/#listItem\",\"position\":2,\"name\":\"Culture\",\"item\":\"https:\\\/\\\/lepatriotebenin.com\\\/index.php\\\/category\\\/culture\\\/\",\"nextItem\":{\"@type\":\"ListItem\",\"@id\":\"https:\\\/\\\/lepatriotebenin.com\\\/index.php\\\/2026\\\/07\\\/17\\\/festival-des-masques-a-porto-novo-deux-jours-danimations-a-decouvrir\\\/#listItem\",\"name\":\"Festival des Masques \\u00e0 Porto-Novo  : Deux jours d&rsquo;animations \\u00e0 d\\u00e9couvrir\"},\"previousItem\":{\"@type\":\"ListItem\",\"@id\":\"https:\\\/\\\/lepatriotebenin.com#listItem\",\"name\":\"Home\"}},{\"@type\":\"ListItem\",\"@id\":\"https:\\\/\\\/lepatriotebenin.com\\\/index.php\\\/2026\\\/07\\\/17\\\/festival-des-masques-a-porto-novo-deux-jours-danimations-a-decouvrir\\\/#listItem\",\"position\":3,\"name\":\"Festival des Masques \\u00e0 Porto-Novo  : Deux jours d&rsquo;animations \\u00e0 d\\u00e9couvrir\",\"previousItem\":{\"@type\":\"ListItem\",\"@id\":\"https:\\\/\\\/lepatriotebenin.com\\\/index.php\\\/category\\\/culture\\\/#listItem\",\"name\":\"Culture\"}}]},{\"@type\":\"Organization\",\"@id\":\"https:\\\/\\\/lepatriotebenin.com\\\/#organization\",\"name\":\"Le Patriote\",\"description\":\"Le Patriote B\\u00e9nin\",\"url\":\"https:\\\/\\\/lepatriotebenin.com\\\/\"},{\"@type\":\"Person\",\"@id\":\"https:\\\/\\\/lepatriotebenin.com#author\",\"url\":\"https:\\\/\\\/lepatriotebenin.com\",\"name\":\"Redaction\",\"image\":{\"@type\":\"ImageObject\",\"@id\":\"https:\\\/\\\/lepatriotebenin.com\\\/index.php\\\/2026\\\/07\\\/17\\\/festival-des-masques-a-porto-novo-deux-jours-danimations-a-decouvrir\\\/#authorImage\",\"url\":\"https:\\\/\\\/secure.gravatar.com\\\/avatar\\\/c4c509357859ea2ca2cbb6d8812898a73e4ef1ef9934c2e591d7e32face734d1?s=96&d=mm&r=g\",\"width\":96,\"height\":96,\"caption\":\"Redaction\"}},{\"@type\":\"WebPage\",\"@id\":\"https:\\\/\\\/lepatriotebenin.com\\\/index.php\\\/2026\\\/07\\\/17\\\/festival-des-masques-a-porto-novo-deux-jours-danimations-a-decouvrir\\\/#webpage\",\"url\":\"https:\\\/\\\/lepatriotebenin.com\\\/index.php\\\/2026\\\/07\\\/17\\\/festival-des-masques-a-porto-novo-deux-jours-danimations-a-decouvrir\\\/\",\"name\":\"Festival des Masques \\u00e0 Porto-Novo : Deux jours d\\u2019animations \\u00e0 d\\u00e9couvrir - Le Patriote\",\"description\":\"Porto-Novo accueillera, les 25 et 26 juillet 2026, une nouvelle \\u00e9dition du Festival des Masques. Pendant deux jours, la capitale b\\u00e9ninoise vibrera au rythme des traditions, des arts et des spectacles vivants. Animations culturelles, colloque scientifique, concerts et grande procession sont au programme d'un rendez-vous ouvert gratuitement au public. La ville de Porto-Novo s'appr\\u00eate \\u00e0\",\"inLanguage\":\"fr-FR\",\"isPartOf\":{\"@id\":\"https:\\\/\\\/lepatriotebenin.com\\\/#website\"},\"breadcrumb\":{\"@id\":\"https:\\\/\\\/lepatriotebenin.com\\\/index.php\\\/2026\\\/07\\\/17\\\/festival-des-masques-a-porto-novo-deux-jours-danimations-a-decouvrir\\\/#breadcrumblist\"},\"author\":{\"@id\":\"https:\\\/\\\/lepatriotebenin.com#author\"},\"creator\":{\"@id\":\"https:\\\/\\\/lepatriotebenin.com#author\"},\"image\":{\"@type\":\"ImageObject\",\"url\":\"https:\\\/\\\/lepatriotebenin.com\\\/wp-content\\\/uploads\\\/2026\\\/07\\\/festival-des-masques.jpg\",\"@id\":\"https:\\\/\\\/lepatriotebenin.com\\\/index.php\\\/2026\\\/07\\\/17\\\/festival-des-masques-a-porto-novo-deux-jours-danimations-a-decouvrir\\\/#mainImage\",\"width\":1520,\"height\":1207},\"primaryImageOfPage\":{\"@id\":\"https:\\\/\\\/lepatriotebenin.com\\\/index.php\\\/2026\\\/07\\\/17\\\/festival-des-masques-a-porto-novo-deux-jours-danimations-a-decouvrir\\\/#mainImage\"},\"datePublished\":\"2026-07-17T01:48:21+02:00\",\"dateModified\":\"2026-07-17T01:48:21+02:00\"},{\"@type\":\"WebSite\",\"@id\":\"https:\\\/\\\/lepatriotebenin.com\\\/#website\",\"url\":\"https:\\\/\\\/lepatriotebenin.com\\\/\",\"name\":\"Le Patriote\",\"description\":\"Le Patriote B\\u00e9nin\",\"inLanguage\":\"fr-FR\",\"publisher\":{\"@id\":\"https:\\\/\\\/lepatriotebenin.com\\\/#organization\"}}]}\n\t\t<\/script>\n\t\t<!-- All in One SEO -->\n\n","aioseo_head_json":{"title":"Festival des Masques \u00e0 Porto-Novo : Deux jours d\u2019animations \u00e0 d\u00e9couvrir - Le Patriote","description":"Porto-Novo accueillera, les 25 et 26 juillet 2026, une nouvelle \u00e9dition du Festival des Masques. Pendant deux jours, la capitale b\u00e9ninoise vibrera au rythme des traditions, des arts et des spectacles vivants. Animations culturelles, colloque scientifique, concerts et grande procession sont au programme d'un rendez-vous ouvert gratuitement au public. La ville de Porto-Novo s'appr\u00eate \u00e0","canonical_url":"https:\/\/lepatriotebenin.com\/index.php\/2026\/07\/17\/festival-des-masques-a-porto-novo-deux-jours-danimations-a-decouvrir\/","robots":"max-image-preview:large","keywords":"","webmasterTools":{"miscellaneous":""},"schema":{"@context":"https:\/\/schema.org","@graph":[{"@type":"BlogPosting","@id":"https:\/\/lepatriotebenin.com\/index.php\/2026\/07\/17\/festival-des-masques-a-porto-novo-deux-jours-danimations-a-decouvrir\/#blogposting","name":"Festival des Masques \u00e0 Porto-Novo : Deux jours d\u2019animations \u00e0 d\u00e9couvrir - Le Patriote","headline":"Festival des Masques \u00e0 Porto-Novo  : Deux jours d&rsquo;animations \u00e0 d\u00e9couvrir","author":{"@id":"https:\/\/lepatriotebenin.com#author"},"publisher":{"@id":"https:\/\/lepatriotebenin.com\/#organization"},"image":{"@type":"ImageObject","url":"https:\/\/lepatriotebenin.com\/wp-content\/uploads\/2026\/07\/festival-des-masques.jpg","width":1520,"height":1207},"datePublished":"2026-07-17T01:48:21+02:00","dateModified":"2026-07-17T01:48:21+02:00","inLanguage":"fr-FR","mainEntityOfPage":{"@id":"https:\/\/lepatriotebenin.com\/index.php\/2026\/07\/17\/festival-des-masques-a-porto-novo-deux-jours-danimations-a-decouvrir\/#webpage"},"isPartOf":{"@id":"https:\/\/lepatriotebenin.com\/index.php\/2026\/07\/17\/festival-des-masques-a-porto-novo-deux-jours-danimations-a-decouvrir\/#webpage"},"articleSection":"Culture"},{"@type":"BreadcrumbList","@id":"https:\/\/lepatriotebenin.com\/index.php\/2026\/07\/17\/festival-des-masques-a-porto-novo-deux-jours-danimations-a-decouvrir\/#breadcrumblist","itemListElement":[{"@type":"ListItem","@id":"https:\/\/lepatriotebenin.com#listItem","position":1,"name":"Home","item":"https:\/\/lepatriotebenin.com","nextItem":{"@type":"ListItem","@id":"https:\/\/lepatriotebenin.com\/index.php\/category\/culture\/#listItem","name":"Culture"}},{"@type":"ListItem","@id":"https:\/\/lepatriotebenin.com\/index.php\/category\/culture\/#listItem","position":2,"name":"Culture","item":"https:\/\/lepatriotebenin.com\/index.php\/category\/culture\/","nextItem":{"@type":"ListItem","@id":"https:\/\/lepatriotebenin.com\/index.php\/2026\/07\/17\/festival-des-masques-a-porto-novo-deux-jours-danimations-a-decouvrir\/#listItem","name":"Festival des Masques \u00e0 Porto-Novo  : Deux jours d&rsquo;animations \u00e0 d\u00e9couvrir"},"previousItem":{"@type":"ListItem","@id":"https:\/\/lepatriotebenin.com#listItem","name":"Home"}},{"@type":"ListItem","@id":"https:\/\/lepatriotebenin.com\/index.php\/2026\/07\/17\/festival-des-masques-a-porto-novo-deux-jours-danimations-a-decouvrir\/#listItem","position":3,"name":"Festival des Masques \u00e0 Porto-Novo  : Deux jours d&rsquo;animations \u00e0 d\u00e9couvrir","previousItem":{"@type":"ListItem","@id":"https:\/\/lepatriotebenin.com\/index.php\/category\/culture\/#listItem","name":"Culture"}}]},{"@type":"Organization","@id":"https:\/\/lepatriotebenin.com\/#organization","name":"Le Patriote","description":"Le Patriote B\u00e9nin","url":"https:\/\/lepatriotebenin.com\/"},{"@type":"Person","@id":"https:\/\/lepatriotebenin.com#author","url":"https:\/\/lepatriotebenin.com","name":"Redaction","image":{"@type":"ImageObject","@id":"https:\/\/lepatriotebenin.com\/index.php\/2026\/07\/17\/festival-des-masques-a-porto-novo-deux-jours-danimations-a-decouvrir\/#authorImage","url":"https:\/\/secure.gravatar.com\/avatar\/c4c509357859ea2ca2cbb6d8812898a73e4ef1ef9934c2e591d7e32face734d1?s=96&d=mm&r=g","width":96,"height":96,"caption":"Redaction"}},{"@type":"WebPage","@id":"https:\/\/lepatriotebenin.com\/index.php\/2026\/07\/17\/festival-des-masques-a-porto-novo-deux-jours-danimations-a-decouvrir\/#webpage","url":"https:\/\/lepatriotebenin.com\/index.php\/2026\/07\/17\/festival-des-masques-a-porto-novo-deux-jours-danimations-a-decouvrir\/","name":"Festival des Masques \u00e0 Porto-Novo : Deux jours d\u2019animations \u00e0 d\u00e9couvrir - Le Patriote","description":"Porto-Novo accueillera, les 25 et 26 juillet 2026, une nouvelle \u00e9dition du Festival des Masques. Pendant deux jours, la capitale b\u00e9ninoise vibrera au rythme des traditions, des arts et des spectacles vivants. Animations culturelles, colloque scientifique, concerts et grande procession sont au programme d'un rendez-vous ouvert gratuitement au public. La ville de Porto-Novo s'appr\u00eate \u00e0","inLanguage":"fr-FR","isPartOf":{"@id":"https:\/\/lepatriotebenin.com\/#website"},"breadcrumb":{"@id":"https:\/\/lepatriotebenin.com\/index.php\/2026\/07\/17\/festival-des-masques-a-porto-novo-deux-jours-danimations-a-decouvrir\/#breadcrumblist"},"author":{"@id":"https:\/\/lepatriotebenin.com#author"},"creator":{"@id":"https:\/\/lepatriotebenin.com#author"},"image":{"@type":"ImageObject","url":"https:\/\/lepatriotebenin.com\/wp-content\/uploads\/2026\/07\/festival-des-masques.jpg","@id":"https:\/\/lepatriotebenin.com\/index.php\/2026\/07\/17\/festival-des-masques-a-porto-novo-deux-jours-danimations-a-decouvrir\/#mainImage","width":1520,"height":1207},"primaryImageOfPage":{"@id":"https:\/\/lepatriotebenin.com\/index.php\/2026\/07\/17\/festival-des-masques-a-porto-novo-deux-jours-danimations-a-decouvrir\/#mainImage"},"datePublished":"2026-07-17T01:48:21+02:00","dateModified":"2026-07-17T01:48:21+02:00"},{"@type":"WebSite","@id":"https:\/\/lepatriotebenin.com\/#website","url":"https:\/\/lepatriotebenin.com\/","name":"Le Patriote","description":"Le Patriote B\u00e9nin","inLanguage":"fr-FR","publisher":{"@id":"https:\/\/lepatriotebenin.com\/#organization"}}]},"og:locale":"fr_FR","og:site_name":"Le Patriote - Le Patriote B\u00e9nin","og:type":"article","og:title":"Festival des Masques \u00e0 Porto-Novo : Deux jours d\u2019animations \u00e0 d\u00e9couvrir - Le Patriote","og:description":"Porto-Novo accueillera, les 25 et 26 juillet 2026, une nouvelle \u00e9dition du Festival des Masques. Pendant deux jours, la capitale b\u00e9ninoise vibrera au rythme des traditions, des arts et des spectacles vivants. Animations culturelles, colloque scientifique, concerts et grande procession sont au programme d'un rendez-vous ouvert gratuitement au public. La ville de Porto-Novo s'appr\u00eate \u00e0","og:url":"https:\/\/lepatriotebenin.com\/index.php\/2026\/07\/17\/festival-des-masques-a-porto-novo-deux-jours-danimations-a-decouvrir\/","article:published_time":"2026-07-16T23:48:21+00:00","article:modified_time":"2026-07-16T23:48:21+00:00","twitter:card":"summary_large_image","twitter:title":"Festival des Masques \u00e0 Porto-Novo : Deux jours d\u2019animations \u00e0 d\u00e9couvrir - Le Patriote","twitter:description":"Porto-Novo accueillera, les 25 et 26 juillet 2026, une nouvelle \u00e9dition du Festival des Masques. Pendant deux jours, la capitale b\u00e9ninoise vibrera au rythme des traditions, des arts et des spectacles vivants. Animations culturelles, colloque scientifique, concerts et grande procession sont au programme d'un rendez-vous ouvert gratuitement au public. La ville de Porto-Novo s'appr\u00eate \u00e0"},"aioseo_meta_data":{"post_id":"21763","title":null,"description":null,"keywords":null,"keyphrases":{"focus":{"keyphrase":"","score":0,"analysis":{"keyphraseInTitle":{"score":0,"maxScore":9,"error":1}}},"additional":[]},"primary_term":null,"canonical_url":null,"og_title":null,"og_description":null,"og_object_type":"default","og_image_type":"default","og_image_url":null,"og_image_width":null,"og_image_height":null,"og_image_custom_url":null,"og_image_custom_fields":null,"og_video":"","og_custom_url":null,"og_article_section":null,"og_article_tags":null,"twitter_use_og":false,"twitter_card":"default","twitter_image_type":"default","twitter_image_url":null,"twitter_image_custom_url":null,"twitter_image_custom_fields":null,"twitter_title":null,"twitter_description":null,"schema":{"blockGraphs":[],"customGraphs":[],"default":{"data":{"Article":[],"Course":[],"Dataset":[],"FAQPage":[],"Movie":[],"Person":[],"Product":[],"ProductReview":[],"Car":[],"Recipe":[],"Service":[],"SoftwareApplication":[],"WebPage":[]},"graphName":"BlogPosting","isEnabled":true},"graphs":[]},"schema_type":"default","schema_type_options":null,"pillar_content":false,"robots_default":true,"robots_noindex":false,"robots_noarchive":false,"robots_nosnippet":false,"robots_nofollow":false,"robots_noimageindex":false,"robots_noodp":false,"robots_notranslate":false,"robots_max_snippet":"-1","robots_max_videopreview":"-1","robots_max_imagepreview":"large","priority":null,"frequency":"default","local_seo":null,"breadcrumb_settings":null,"limit_modified_date":false,"ai":{"faqs":[],"keyPoints":[],"schemas":[],"titles":[],"descriptions":[],"socialPosts":{"email":{"subject":"","preview":"","content":""},"linkedin":[],"twitter":[],"facebook":[],"instagram":[]}},"created":"2026-07-16 23:48:21","updated":"2026-07-17 00:00:24","seo_analyzer_scan_date":null,"focus_keyword":null,"additional_keywords":null,"truseo_locale":null},"aioseo_breadcrumb":"<div class=\"aioseo-breadcrumbs\"><span class=\"aioseo-breadcrumb\">\n\t\t\t<a href=\"https:\/\/lepatriotebenin.com\" title=\"Home\">Home<\/a>\n\t\t<\/span><span class=\"aioseo-breadcrumb-separator\">&raquo;<\/span><span class=\"aioseo-breadcrumb\">\n\t\t\t<a href=\"https:\/\/lepatriotebenin.com\/index.php\/category\/culture\/\" title=\"Culture\">Culture<\/a>\n\t\t<\/span><span class=\"aioseo-breadcrumb-separator\">&raquo;<\/span><span class=\"aioseo-breadcrumb\">\n\t\t\tFestival des Masques \u00e0 Porto-Novo  : Deux jours d\u2019animations \u00e0 d\u00e9couvrir\n\t\t<\/span><\/div>","aioseo_breadcrumb_json":[{"label":"Home","link":"https:\/\/lepatriotebenin.com"},{"label":"Culture","link":"https:\/\/lepatriotebenin.com\/index.php\/category\/culture\/"},{"label":"Festival des Masques \u00e0 Porto-Novo  : Deux jours d&rsquo;animations \u00e0 d\u00e9couvrir","link":"https:\/\/lepatriotebenin.com\/index.php\/2026\/07\/17\/festival-des-masques-a-porto-novo-deux-jours-danimations-a-decouvrir\/"}],"yoast_head":"<!-- This site is optimized with the Yoast SEO plugin v28.3 - https:\/\/yoast.com\/product\/yoast-seo-wordpress\/ -->\n<title>Festival des Masques \u00e0 Porto-Novo : Deux jours d&#039;animations \u00e0 d\u00e9couvrir - Le Patriote<\/title>\n<meta name=\"robots\" content=\"index, follow, max-snippet:-1, max-image-preview:large, max-video-preview:-1\" \/>\n<link rel=\"canonical\" href=\"https:\/\/lepatriotebenin.com\/index.php\/2026\/07\/17\/festival-des-masques-a-porto-novo-deux-jours-danimations-a-decouvrir\/\" \/>\n<meta property=\"og:locale\" content=\"fr_FR\" \/>\n<meta property=\"og:type\" content=\"article\" \/>\n<meta property=\"og:title\" content=\"Festival des Masques \u00e0 Porto-Novo : Deux jours d&#039;animations \u00e0 d\u00e9couvrir - Le Patriote\" \/>\n<meta property=\"og:description\" content=\"Porto-Novo accueillera, les 25 et 26 juillet 2026, une nouvelle \u00e9dition du Festival des Masques. Pendant deux jours, la capitale b\u00e9ninoise vibrera au rythme des traditions, des arts et des&hellip;\" \/>\n<meta property=\"og:url\" content=\"https:\/\/lepatriotebenin.com\/index.php\/2026\/07\/17\/festival-des-masques-a-porto-novo-deux-jours-danimations-a-decouvrir\/\" \/>\n<meta property=\"og:site_name\" content=\"Le Patriote\" \/>\n<meta property=\"article:published_time\" content=\"2026-07-16T23:48:21+00:00\" \/>\n<meta property=\"og:image\" content=\"https:\/\/lepatriotebenin.com\/wp-content\/uploads\/2026\/07\/festival-des-masques.jpg\" \/>\n\t<meta property=\"og:image:width\" content=\"1520\" \/>\n\t<meta property=\"og:image:height\" content=\"1207\" \/>\n\t<meta property=\"og:image:type\" content=\"image\/jpeg\" \/>\n<meta name=\"author\" content=\"Redaction\" \/>\n<meta name=\"twitter:card\" content=\"summary_large_image\" \/>\n<meta name=\"twitter:label1\" content=\"\u00c9crit par\" \/>\n\t<meta name=\"twitter:data1\" content=\"Redaction\" \/>\n\t<meta name=\"twitter:label2\" content=\"Dur\u00e9e de lecture estim\u00e9e\" \/>\n\t<meta name=\"twitter:data2\" content=\"2 minutes\" \/>\n<script type=\"application\/ld+json\" class=\"yoast-schema-graph\">{\"@context\":\"https:\\\/\\\/schema.org\",\"@graph\":[{\"@type\":\"Article\",\"@id\":\"https:\\\/\\\/lepatriotebenin.com\\\/index.php\\\/2026\\\/07\\\/17\\\/festival-des-masques-a-porto-novo-deux-jours-danimations-a-decouvrir\\\/#article\",\"isPartOf\":{\"@id\":\"https:\\\/\\\/lepatriotebenin.com\\\/index.php\\\/2026\\\/07\\\/17\\\/festival-des-masques-a-porto-novo-deux-jours-danimations-a-decouvrir\\\/\"},\"author\":{\"name\":\"Redaction\",\"@id\":\"https:\\\/\\\/lepatriotebenin.com\\\/#\\\/schema\\\/person\\\/2e7709b9c9cc313e452d1136af61690f\"},\"headline\":\"Festival des Masques \u00e0 Porto-Novo : Deux jours d&rsquo;animations \u00e0 d\u00e9couvrir\",\"datePublished\":\"2026-07-16T23:48:21+00:00\",\"mainEntityOfPage\":{\"@id\":\"https:\\\/\\\/lepatriotebenin.com\\\/index.php\\\/2026\\\/07\\\/17\\\/festival-des-masques-a-porto-novo-deux-jours-danimations-a-decouvrir\\\/\"},\"wordCount\":327,\"commentCount\":0,\"image\":{\"@id\":\"https:\\\/\\\/lepatriotebenin.com\\\/index.php\\\/2026\\\/07\\\/17\\\/festival-des-masques-a-porto-novo-deux-jours-danimations-a-decouvrir\\\/#primaryimage\"},\"thumbnailUrl\":\"https:\\\/\\\/lepatriotebenin.com\\\/wp-content\\\/uploads\\\/2026\\\/07\\\/festival-des-masques.jpg\",\"articleSection\":[\"Culture\"],\"inLanguage\":\"fr-FR\",\"potentialAction\":[{\"@type\":\"CommentAction\",\"name\":\"Comment\",\"target\":[\"https:\\\/\\\/lepatriotebenin.com\\\/index.php\\\/2026\\\/07\\\/17\\\/festival-des-masques-a-porto-novo-deux-jours-danimations-a-decouvrir\\\/#respond\"]}]},{\"@type\":\"WebPage\",\"@id\":\"https:\\\/\\\/lepatriotebenin.com\\\/index.php\\\/2026\\\/07\\\/17\\\/festival-des-masques-a-porto-novo-deux-jours-danimations-a-decouvrir\\\/\",\"url\":\"https:\\\/\\\/lepatriotebenin.com\\\/index.php\\\/2026\\\/07\\\/17\\\/festival-des-masques-a-porto-novo-deux-jours-danimations-a-decouvrir\\\/\",\"name\":\"Festival des Masques \u00e0 Porto-Novo : Deux jours d'animations \u00e0 d\u00e9couvrir - Le Patriote\",\"isPartOf\":{\"@id\":\"https:\\\/\\\/lepatriotebenin.com\\\/#website\"},\"primaryImageOfPage\":{\"@id\":\"https:\\\/\\\/lepatriotebenin.com\\\/index.php\\\/2026\\\/07\\\/17\\\/festival-des-masques-a-porto-novo-deux-jours-danimations-a-decouvrir\\\/#primaryimage\"},\"image\":{\"@id\":\"https:\\\/\\\/lepatriotebenin.com\\\/index.php\\\/2026\\\/07\\\/17\\\/festival-des-masques-a-porto-novo-deux-jours-danimations-a-decouvrir\\\/#primaryimage\"},\"thumbnailUrl\":\"https:\\\/\\\/lepatriotebenin.com\\\/wp-content\\\/uploads\\\/2026\\\/07\\\/festival-des-masques.jpg\",\"datePublished\":\"2026-07-16T23:48:21+00:00\",\"author\":{\"@id\":\"https:\\\/\\\/lepatriotebenin.com\\\/#\\\/schema\\\/person\\\/2e7709b9c9cc313e452d1136af61690f\"},\"breadcrumb\":{\"@id\":\"https:\\\/\\\/lepatriotebenin.com\\\/index.php\\\/2026\\\/07\\\/17\\\/festival-des-masques-a-porto-novo-deux-jours-danimations-a-decouvrir\\\/#breadcrumb\"},\"inLanguage\":\"fr-FR\",\"potentialAction\":[{\"@type\":\"ReadAction\",\"target\":[\"https:\\\/\\\/lepatriotebenin.com\\\/index.php\\\/2026\\\/07\\\/17\\\/festival-des-masques-a-porto-novo-deux-jours-danimations-a-decouvrir\\\/\"]}]},{\"@type\":\"ImageObject\",\"inLanguage\":\"fr-FR\",\"@id\":\"https:\\\/\\\/lepatriotebenin.com\\\/index.php\\\/2026\\\/07\\\/17\\\/festival-des-masques-a-porto-novo-deux-jours-danimations-a-decouvrir\\\/#primaryimage\",\"url\":\"https:\\\/\\\/lepatriotebenin.com\\\/wp-content\\\/uploads\\\/2026\\\/07\\\/festival-des-masques.jpg\",\"contentUrl\":\"https:\\\/\\\/lepatriotebenin.com\\\/wp-content\\\/uploads\\\/2026\\\/07\\\/festival-des-masques.jpg\",\"width\":1520,\"height\":1207},{\"@type\":\"BreadcrumbList\",\"@id\":\"https:\\\/\\\/lepatriotebenin.com\\\/index.php\\\/2026\\\/07\\\/17\\\/festival-des-masques-a-porto-novo-deux-jours-danimations-a-decouvrir\\\/#breadcrumb\",\"itemListElement\":[{\"@type\":\"ListItem\",\"position\":1,\"name\":\"Accueil\",\"item\":\"https:\\\/\\\/lepatriotebenin.com\\\/\"},{\"@type\":\"ListItem\",\"position\":2,\"name\":\"Festival des Masques \u00e0 Porto-Novo : Deux jours d&rsquo;animations \u00e0 d\u00e9couvrir\"}]},{\"@type\":\"WebSite\",\"@id\":\"https:\\\/\\\/lepatriotebenin.com\\\/#website\",\"url\":\"https:\\\/\\\/lepatriotebenin.com\\\/\",\"name\":\"Le Patriote\",\"description\":\"Le Patriote B\u00e9nin\",\"potentialAction\":[{\"@type\":\"SearchAction\",\"target\":{\"@type\":\"EntryPoint\",\"urlTemplate\":\"https:\\\/\\\/lepatriotebenin.com\\\/?s={search_term_string}\"},\"query-input\":{\"@type\":\"PropertyValueSpecification\",\"valueRequired\":true,\"valueName\":\"search_term_string\"}}],\"inLanguage\":\"fr-FR\"},{\"@type\":\"Person\",\"@id\":\"https:\\\/\\\/lepatriotebenin.com\\\/#\\\/schema\\\/person\\\/2e7709b9c9cc313e452d1136af61690f\",\"name\":\"Redaction\",\"image\":{\"@type\":\"ImageObject\",\"inLanguage\":\"fr-FR\",\"@id\":\"https:\\\/\\\/secure.gravatar.com\\\/avatar\\\/c4c509357859ea2ca2cbb6d8812898a73e4ef1ef9934c2e591d7e32face734d1?s=96&d=mm&r=g\",\"url\":\"https:\\\/\\\/secure.gravatar.com\\\/avatar\\\/c4c509357859ea2ca2cbb6d8812898a73e4ef1ef9934c2e591d7e32face734d1?s=96&d=mm&r=g\",\"contentUrl\":\"https:\\\/\\\/secure.gravatar.com\\\/avatar\\\/c4c509357859ea2ca2cbb6d8812898a73e4ef1ef9934c2e591d7e32face734d1?s=96&d=mm&r=g\",\"caption\":\"Redaction\"},\"url\":\"https:\\\/\\\/lepatriotebenin.com\"}]}<\/script>\n<!-- \/ Yoast SEO plugin. -->","yoast_head_json":{"title":"Festival des Masques \u00e0 Porto-Novo : Deux jours d'animations \u00e0 d\u00e9couvrir - Le Patriote","robots":{"index":"index","follow":"follow","max-snippet":"max-snippet:-1","max-image-preview":"max-image-preview:large","max-video-preview":"max-video-preview:-1"},"canonical":"https:\/\/lepatriotebenin.com\/index.php\/2026\/07\/17\/festival-des-masques-a-porto-novo-deux-jours-danimations-a-decouvrir\/","og_locale":"fr_FR","og_type":"article","og_title":"Festival des Masques \u00e0 Porto-Novo : Deux jours d'animations \u00e0 d\u00e9couvrir - Le Patriote","og_description":"Porto-Novo accueillera, les 25 et 26 juillet 2026, une nouvelle \u00e9dition du Festival des Masques. Pendant deux jours, la capitale b\u00e9ninoise vibrera au rythme des traditions, des arts et des&hellip;","og_url":"https:\/\/lepatriotebenin.com\/index.php\/2026\/07\/17\/festival-des-masques-a-porto-novo-deux-jours-danimations-a-decouvrir\/","og_site_name":"Le Patriote","article_published_time":"2026-07-16T23:48:21+00:00","og_image":[{"width":1520,"height":1207,"url":"https:\/\/lepatriotebenin.com\/wp-content\/uploads\/2026\/07\/festival-des-masques.jpg","type":"image\/jpeg"}],"author":"Redaction","twitter_card":"summary_large_image","twitter_misc":{"\u00c9crit par":"Redaction","Dur\u00e9e de lecture estim\u00e9e":"2 minutes"},"schema":{"@context":"https:\/\/schema.org","@graph":[{"@type":"Article","@id":"https:\/\/lepatriotebenin.com\/index.php\/2026\/07\/17\/festival-des-masques-a-porto-novo-deux-jours-danimations-a-decouvrir\/#article","isPartOf":{"@id":"https:\/\/lepatriotebenin.com\/index.php\/2026\/07\/17\/festival-des-masques-a-porto-novo-deux-jours-danimations-a-decouvrir\/"},"author":{"name":"Redaction","@id":"https:\/\/lepatriotebenin.com\/#\/schema\/person\/2e7709b9c9cc313e452d1136af61690f"},"headline":"Festival des Masques \u00e0 Porto-Novo : Deux jours d&rsquo;animations \u00e0 d\u00e9couvrir","datePublished":"2026-07-16T23:48:21+00:00","mainEntityOfPage":{"@id":"https:\/\/lepatriotebenin.com\/index.php\/2026\/07\/17\/festival-des-masques-a-porto-novo-deux-jours-danimations-a-decouvrir\/"},"wordCount":327,"commentCount":0,"image":{"@id":"https:\/\/lepatriotebenin.com\/index.php\/2026\/07\/17\/festival-des-masques-a-porto-novo-deux-jours-danimations-a-decouvrir\/#primaryimage"},"thumbnailUrl":"https:\/\/lepatriotebenin.com\/wp-content\/uploads\/2026\/07\/festival-des-masques.jpg","articleSection":["Culture"],"inLanguage":"fr-FR","potentialAction":[{"@type":"CommentAction","name":"Comment","target":["https:\/\/lepatriotebenin.com\/index.php\/2026\/07\/17\/festival-des-masques-a-porto-novo-deux-jours-danimations-a-decouvrir\/#respond"]}]},{"@type":"WebPage","@id":"https:\/\/lepatriotebenin.com\/index.php\/2026\/07\/17\/festival-des-masques-a-porto-novo-deux-jours-danimations-a-decouvrir\/","url":"https:\/\/lepatriotebenin.com\/index.php\/2026\/07\/17\/festival-des-masques-a-porto-novo-deux-jours-danimations-a-decouvrir\/","name":"Festival des Masques \u00e0 Porto-Novo : Deux jours d'animations \u00e0 d\u00e9couvrir - Le Patriote","isPartOf":{"@id":"https:\/\/lepatriotebenin.com\/#website"},"primaryImageOfPage":{"@id":"https:\/\/lepatriotebenin.com\/index.php\/2026\/07\/17\/festival-des-masques-a-porto-novo-deux-jours-danimations-a-decouvrir\/#primaryimage"},"image":{"@id":"https:\/\/lepatriotebenin.com\/index.php\/2026\/07\/17\/festival-des-masques-a-porto-novo-deux-jours-danimations-a-decouvrir\/#primaryimage"},"thumbnailUrl":"https:\/\/lepatriotebenin.com\/wp-content\/uploads\/2026\/07\/festival-des-masques.jpg","datePublished":"2026-07-16T23:48:21+00:00","author":{"@id":"https:\/\/lepatriotebenin.com\/#\/schema\/person\/2e7709b9c9cc313e452d1136af61690f"},"breadcrumb":{"@id":"https:\/\/lepatriotebenin.com\/index.php\/2026\/07\/17\/festival-des-masques-a-porto-novo-deux-jours-danimations-a-decouvrir\/#breadcrumb"},"inLanguage":"fr-FR","potentialAction":[{"@type":"ReadAction","target":["https:\/\/lepatriotebenin.com\/index.php\/2026\/07\/17\/festival-des-masques-a-porto-novo-deux-jours-danimations-a-decouvrir\/"]}]},{"@type":"ImageObject","inLanguage":"fr-FR","@id":"https:\/\/lepatriotebenin.com\/index.php\/2026\/07\/17\/festival-des-masques-a-porto-novo-deux-jours-danimations-a-decouvrir\/#primaryimage","url":"https:\/\/lepatriotebenin.com\/wp-content\/uploads\/2026\/07\/festival-des-masques.jpg","contentUrl":"https:\/\/lepatriotebenin.com\/wp-content\/uploads\/2026\/07\/festival-des-masques.jpg","width":1520,"height":1207},{"@type":"BreadcrumbList","@id":"https:\/\/lepatriotebenin.com\/index.php\/2026\/07\/17\/festival-des-masques-a-porto-novo-deux-jours-danimations-a-decouvrir\/#breadcrumb","itemListElement":[{"@type":"ListItem","position":1,"name":"Accueil","item":"https:\/\/lepatriotebenin.com\/"},{"@type":"ListItem","position":2,"name":"Festival des Masques \u00e0 Porto-Novo : Deux jours d&rsquo;animations \u00e0 d\u00e9couvrir"}]},{"@type":"WebSite","@id":"https:\/\/lepatriotebenin.com\/#website","url":"https:\/\/lepatriotebenin.com\/","name":"Le Patriote","description":"Le Patriote B\u00e9nin","potentialAction":[{"@type":"SearchAction","target":{"@type":"EntryPoint","urlTemplate":"https:\/\/lepatriotebenin.com\/?s={search_term_string}"},"query-input":{"@type":"PropertyValueSpecification","valueRequired":true,"valueName":"search_term_string"}}],"inLanguage":"fr-FR"},{"@type":"Person","@id":"https:\/\/lepatriotebenin.com\/#\/schema\/person\/2e7709b9c9cc313e452d1136af61690f","name":"Redaction","image":{"@type":"ImageObject","inLanguage":"fr-FR","@id":"https:\/\/secure.gravatar.com\/avatar\/c4c509357859ea2ca2cbb6d8812898a73e4ef1ef9934c2e591d7e32face734d1?s=96&d=mm&r=g","url":"https:\/\/secure.gravatar.com\/avatar\/c4c509357859ea2ca2cbb6d8812898a73e4ef1ef9934c2e591d7e32face734d1?s=96&d=mm&r=g","contentUrl":"https:\/\/secure.gravatar.com\/avatar\/c4c509357859ea2ca2cbb6d8812898a73e4ef1ef9934c2e591d7e32face734d1?s=96&d=mm&r=g","caption":"Redaction"},"url":"https:\/\/lepatriotebenin.com"}]}},"_links":{"self":[{"href":"https:\/\/lepatriotebenin.com\/index.php\/wp-json\/wp\/v2\/posts\/21763","targetHints":{"allow":["GET"]}}],"collection":[{"href":"https:\/\/lepatriotebenin.com\/index.php\/wp-json\/wp\/v2\/posts"}],"about":[{"href":"https:\/\/lepatriotebenin.com\/index.php\/wp-json\/wp\/v2\/types\/post"}],"author":[{"embeddable":true,"href":"https:\/\/lepatriotebenin.com\/index.php\/wp-json\/wp\/v2\/users\/5"}],"replies":[{"embeddable":true,"href":"https:\/\/lepatriotebenin.com\/index.php\/wp-json\/wp\/v2\/comments?post=21763"}],"version-history":[{"count":1,"href":"https:\/\/lepatriotebenin.com\/index.php\/wp-json\/wp\/v2\/posts\/21763\/revisions"}],"predecessor-version":[{"id":21765,"href":"https:\/\/lepatriotebenin.com\/index.php\/wp-json\/wp\/v2\/posts\/21763\/revisions\/21765"}],"wp:featuredmedia":[{"embeddable":true,"href":"https:\/\/lepatriotebenin.com\/index.php\/wp-json\/wp\/v2\/media\/21764"}],"wp:attachment":[{"href":"https:\/\/lepatriotebenin.com\/index.php\/wp-json\/wp\/v2\/media?parent=21763"}],"wp:term":[{"taxonomy":"category","embeddable":true,"href":"https:\/\/lepatriotebenin.com\/index.php\/wp-json\/wp\/v2\/categories?post=21763"},{"taxonomy":"post_tag","embeddable":true,"href":"https:\/\/lepatriotebenin.com\/index.php\/wp-json\/wp\/v2\/tags?post=21763"}],"curies":[{"name":"wp","href":"https:\/\/api.w.org\/{rel}","templated":true}]}}