{"id":21759,"date":"2026-07-17T01:42:45","date_gmt":"2026-07-16T23:42:45","guid":{"rendered":"https:\/\/lepatriotebenin.com\/?p=21759"},"modified":"2026-07-17T01:42:45","modified_gmt":"2026-07-16T23:42:45","slug":"presidence-du-senat-le-piege-que-talon-doit-eviter","status":"publish","type":"post","link":"https:\/\/lepatriotebenin.com\/index.php\/2026\/07\/17\/presidence-du-senat-le-piege-que-talon-doit-eviter\/","title":{"rendered":"Pr\u00e9sidence du S\u00e9nat: Le pi\u00e8ge que Talon doit \u00e9viter."},"content":{"rendered":"<p><strong>Le 30 juillet prochain, le B\u00e9nin ouvrira une nouvelle page de son histoire institutionnelle avec l&rsquo;installation officielle du S\u00e9nat, la Haute chambre du Parlement pr\u00e9vue par la Constitution r\u00e9vis\u00e9e. Avant m\u00eame son installation, une question alimente d\u00e9j\u00e0 les d\u00e9bats : qui sera le premier pr\u00e9sident de cette Haute chambre ? Si les sp\u00e9culations accordent une place de choix \u00e0 l&rsquo;ancien pr\u00e9sident Patrice Talon, ce dernier gagnerait pourtant \u00e0 \u00e9viter un pi\u00e8ge politique qui pourrait ternir son image et celle de cette nouvelle institution.<\/strong><\/p>\n<p>Dans quelques jours, l&rsquo;opinion publique aura une id\u00e9e sur celui qui pr\u00e9sidera aux destin\u00e9es du S\u00e9nat. Selon plusieurs indiscr\u00e9tions, trois personnalit\u00e9s sont pressenties pour prendre la t\u00eate de cette institution parlementaire. Parmi elles figureraient notamment les deux derniers chefs d&rsquo;\u00c9tat ayant dirig\u00e9 le B\u00e9nin entre 2006 et 2026 en l&rsquo;occurrence Boni Yayi et Patrice Talon. Une telle hypoth\u00e8se suscite des d\u00e9bats, car le choix du premier pr\u00e9sident du S\u00e9nat sera d\u00e9terminant pour la cr\u00e9dibilit\u00e9 de cette institution appel\u00e9e \u00e0 jouer un r\u00f4le important dans l&rsquo;\u00e9quilibre des pouvoirs notamment le contr\u00f4le de l&rsquo;action du gouvernement, le vote des lois&#8230;<\/p>\n<p>Pour Patrice Talon, accepter cette fonction pourrait \u00eatre une erreur strat\u00e9gique. En effet, apr\u00e8s avoir quitt\u00e9 le pouvoir, le voir revenir imm\u00e9diatement \u00e0 la t\u00eate d&rsquo;une autre grande institution de la R\u00e9publique donnerait l&rsquo;impression qu&rsquo;il refuse v\u00e9ritablement de quitter la sc\u00e8ne politique nationale et le pouvoir. Cette id\u00e9e serait plus renforc\u00e9e que Romuald Wadagni, son ancien ministre et dauphin politique, dirige aujourd&rsquo;hui le pays. Si Patrice Talon devenait pr\u00e9sident du S\u00e9nat, beaucoup pourraient y voir la volont\u00e9 de continuer \u00e0 exercer une influence permanente sur la gouvernance de son successeur.<\/p>\n<p>En politique, les pens\u00e9es comptent souvent autant que les actes. L&rsquo;autre interpr\u00e9tation est li\u00e9e au fait que Patrice Talon est un ancien pr\u00e9sident d\u00e9sireux de conserver la main sur les grands dossiers nationaux \u00e0 travers une institution de premier plan. Le S\u00e9nat, cens\u00e9 jouer un r\u00f4le de contr\u00f4le et d&rsquo;\u00e9quilibre institutionnel, risque d&rsquo;\u00eatre per\u00e7u comme une prolongation du pouvoir exerc\u00e9 hier par Patrice Talon. Une telle situation porterait \u00e9galement atteinte \u00e0 la cr\u00e9dibilit\u00e9 m\u00eame du S\u00e9nat qui sera vu comme une institution non autonome.<\/p>\n<p>D\u00e8s lors, les hypoth\u00e8ses na\u00eetront pour laisser voir que le S\u00e9nat a \u00e9t\u00e9 cr\u00e9\u00e9 par Patrice Talon pour lui offrir un point de chute politique apr\u00e8s la pr\u00e9sidence de la R\u00e9publique. Une chose est s\u00fbre. Apr\u00e8s plusieurs ann\u00e9es marqu\u00e9es par de profondes tensions socio-politiques, un choix empreint d&rsquo;humilit\u00e9 enverrait un signal fort. Patrice Talon sortirait grandi en laissant une autre personnalit\u00e9 conduire les premiers pas du S\u00e9nat.<\/p>\n<p>Sinon, le choix de Boni Yayi, autre ancien chef de l&rsquo;\u00c9tat, pourrait \u00e9galement contribuer \u00e0 donner une image plus \u00e9quilibr\u00e9e de cette institution et \u00e0 renforcer l&rsquo;esprit de r\u00e9conciliation que les populations souhaitent. En choisissant de rester en retrait, Patrice Talon renforcerait non seulement la cr\u00e9dibilit\u00e9 du S\u00e9nat, mais aussi sa propre stature d&rsquo;ancien chef d&rsquo;\u00c9tat capable de privil\u00e9gier l&rsquo;int\u00e9r\u00eat sup\u00e9rieur des institutions au d\u00e9triment des int\u00e9r\u00eats personnels.<\/p>\n<p><strong>Alassane Tour\u00e9<\/strong><\/p>\n","protected":false},"excerpt":{"rendered":"<p>Le 30 juillet prochain, le B\u00e9nin ouvrira une nouvelle page de son histoire institutionnelle avec l&rsquo;installation officielle du S\u00e9nat, la Haute chambre du Parlement pr\u00e9vue par la Constitution r\u00e9vis\u00e9e. Avant&hellip;<\/p>\n","protected":false},"author":5,"featured_media":21760,"comment_status":"open","ping_status":"open","sticky":false,"template":"","format":"standard","meta":{"content-type":"","om_disable_all_campaigns":false,"_monsterinsights_skip_tracking":false,"_uf_show_specific_survey":0,"_uf_disable_surveys":false,"footnotes":""},"categories":[26],"tags":[],"class_list":["post-21759","post","type-post","status-publish","format-standard","has-post-thumbnail","hentry","category-politique"],"aioseo_notices":[],"aioseo_head":"\n\t\t<!-- All in One SEO 5.0.1.1 - aioseo.com -->\n\t<meta name=\"description\" content=\"Le 30 juillet prochain, le B\u00e9nin ouvrira une nouvelle page de son histoire institutionnelle avec l&#039;installation officielle du S\u00e9nat, la Haute chambre du Parlement pr\u00e9vue par la Constitution r\u00e9vis\u00e9e. Avant m\u00eame son installation, une question alimente d\u00e9j\u00e0 les d\u00e9bats : qui sera le premier pr\u00e9sident de cette Haute chambre ? Si les sp\u00e9culations accordent une\" \/>\n\t<meta name=\"robots\" content=\"max-image-preview:large\" \/>\n\t<meta name=\"author\" content=\"Redaction\"\/>\n\t<link rel=\"canonical\" href=\"https:\/\/lepatriotebenin.com\/index.php\/2026\/07\/17\/presidence-du-senat-le-piege-que-talon-doit-eviter\/\" \/>\n\t<meta name=\"generator\" content=\"All in One SEO (AIOSEO) 5.0.1.1\" \/>\n\t\t<meta property=\"og:locale\" content=\"fr_FR\" \/>\n\t\t<meta property=\"og:site_name\" content=\"Le Patriote - Le Patriote B\u00e9nin\" \/>\n\t\t<meta property=\"og:type\" content=\"article\" \/>\n\t\t<meta property=\"og:title\" content=\"Pr\u00e9sidence du S\u00e9nat: Le pi\u00e8ge que Talon doit \u00e9viter. - Le Patriote\" \/>\n\t\t<meta property=\"og:description\" content=\"Le 30 juillet prochain, le B\u00e9nin ouvrira une nouvelle page de son histoire institutionnelle avec l&#039;installation officielle du S\u00e9nat, la Haute chambre du Parlement pr\u00e9vue par la Constitution r\u00e9vis\u00e9e. Avant m\u00eame son installation, une question alimente d\u00e9j\u00e0 les d\u00e9bats : qui sera le premier pr\u00e9sident de cette Haute chambre ? Si les sp\u00e9culations accordent une\" \/>\n\t\t<meta property=\"og:url\" content=\"https:\/\/lepatriotebenin.com\/index.php\/2026\/07\/17\/presidence-du-senat-le-piege-que-talon-doit-eviter\/\" \/>\n\t\t<meta property=\"article:published_time\" content=\"2026-07-16T23:42:45+00:00\" \/>\n\t\t<meta property=\"article:modified_time\" content=\"2026-07-16T23:42:45+00:00\" \/>\n\t\t<meta name=\"twitter:card\" content=\"summary_large_image\" \/>\n\t\t<meta name=\"twitter:title\" content=\"Pr\u00e9sidence du S\u00e9nat: Le pi\u00e8ge que Talon doit \u00e9viter. - Le Patriote\" \/>\n\t\t<meta name=\"twitter:description\" content=\"Le 30 juillet prochain, le B\u00e9nin ouvrira une nouvelle page de son histoire institutionnelle avec l&#039;installation officielle du S\u00e9nat, la Haute chambre du Parlement pr\u00e9vue par la Constitution r\u00e9vis\u00e9e. Avant m\u00eame son installation, une question alimente d\u00e9j\u00e0 les d\u00e9bats : qui sera le premier pr\u00e9sident de cette Haute chambre ? Si les sp\u00e9culations accordent une\" \/>\n\t\t<script type=\"application\/ld+json\" class=\"aioseo-schema\">\n\t\t\t{\"@context\":\"https:\\\/\\\/schema.org\",\"@graph\":[{\"@type\":\"BlogPosting\",\"@id\":\"https:\\\/\\\/lepatriotebenin.com\\\/index.php\\\/2026\\\/07\\\/17\\\/presidence-du-senat-le-piege-que-talon-doit-eviter\\\/#blogposting\",\"name\":\"Pr\\u00e9sidence du S\\u00e9nat: Le pi\\u00e8ge que Talon doit \\u00e9viter. - Le Patriote\",\"headline\":\"Pr\\u00e9sidence du S\\u00e9nat: Le pi\\u00e8ge que Talon doit \\u00e9viter.\",\"author\":{\"@id\":\"https:\\\/\\\/lepatriotebenin.com#author\"},\"publisher\":{\"@id\":\"https:\\\/\\\/lepatriotebenin.com\\\/#organization\"},\"image\":{\"@type\":\"ImageObject\",\"url\":\"https:\\\/\\\/lepatriotebenin.com\\\/wp-content\\\/uploads\\\/2026\\\/07\\\/talon.jpg\",\"width\":853,\"height\":480},\"datePublished\":\"2026-07-17T01:42:45+02:00\",\"dateModified\":\"2026-07-17T01:42:45+02:00\",\"inLanguage\":\"fr-FR\",\"mainEntityOfPage\":{\"@id\":\"https:\\\/\\\/lepatriotebenin.com\\\/index.php\\\/2026\\\/07\\\/17\\\/presidence-du-senat-le-piege-que-talon-doit-eviter\\\/#webpage\"},\"isPartOf\":{\"@id\":\"https:\\\/\\\/lepatriotebenin.com\\\/index.php\\\/2026\\\/07\\\/17\\\/presidence-du-senat-le-piege-que-talon-doit-eviter\\\/#webpage\"},\"articleSection\":\"Politique\"},{\"@type\":\"BreadcrumbList\",\"@id\":\"https:\\\/\\\/lepatriotebenin.com\\\/index.php\\\/2026\\\/07\\\/17\\\/presidence-du-senat-le-piege-que-talon-doit-eviter\\\/#breadcrumblist\",\"itemListElement\":[{\"@type\":\"ListItem\",\"@id\":\"https:\\\/\\\/lepatriotebenin.com#listItem\",\"position\":1,\"name\":\"Home\",\"item\":\"https:\\\/\\\/lepatriotebenin.com\",\"nextItem\":{\"@type\":\"ListItem\",\"@id\":\"https:\\\/\\\/lepatriotebenin.com\\\/index.php\\\/category\\\/politique\\\/#listItem\",\"name\":\"Politique\"}},{\"@type\":\"ListItem\",\"@id\":\"https:\\\/\\\/lepatriotebenin.com\\\/index.php\\\/category\\\/politique\\\/#listItem\",\"position\":2,\"name\":\"Politique\",\"item\":\"https:\\\/\\\/lepatriotebenin.com\\\/index.php\\\/category\\\/politique\\\/\",\"nextItem\":{\"@type\":\"ListItem\",\"@id\":\"https:\\\/\\\/lepatriotebenin.com\\\/index.php\\\/2026\\\/07\\\/17\\\/presidence-du-senat-le-piege-que-talon-doit-eviter\\\/#listItem\",\"name\":\"Pr\\u00e9sidence du S\\u00e9nat: Le pi\\u00e8ge que Talon doit \\u00e9viter.\"},\"previousItem\":{\"@type\":\"ListItem\",\"@id\":\"https:\\\/\\\/lepatriotebenin.com#listItem\",\"name\":\"Home\"}},{\"@type\":\"ListItem\",\"@id\":\"https:\\\/\\\/lepatriotebenin.com\\\/index.php\\\/2026\\\/07\\\/17\\\/presidence-du-senat-le-piege-que-talon-doit-eviter\\\/#listItem\",\"position\":3,\"name\":\"Pr\\u00e9sidence du S\\u00e9nat: Le pi\\u00e8ge que Talon doit \\u00e9viter.\",\"previousItem\":{\"@type\":\"ListItem\",\"@id\":\"https:\\\/\\\/lepatriotebenin.com\\\/index.php\\\/category\\\/politique\\\/#listItem\",\"name\":\"Politique\"}}]},{\"@type\":\"Organization\",\"@id\":\"https:\\\/\\\/lepatriotebenin.com\\\/#organization\",\"name\":\"Le Patriote\",\"description\":\"Le Patriote B\\u00e9nin\",\"url\":\"https:\\\/\\\/lepatriotebenin.com\\\/\"},{\"@type\":\"Person\",\"@id\":\"https:\\\/\\\/lepatriotebenin.com#author\",\"url\":\"https:\\\/\\\/lepatriotebenin.com\",\"name\":\"Redaction\",\"image\":{\"@type\":\"ImageObject\",\"@id\":\"https:\\\/\\\/lepatriotebenin.com\\\/index.php\\\/2026\\\/07\\\/17\\\/presidence-du-senat-le-piege-que-talon-doit-eviter\\\/#authorImage\",\"url\":\"https:\\\/\\\/secure.gravatar.com\\\/avatar\\\/c4c509357859ea2ca2cbb6d8812898a73e4ef1ef9934c2e591d7e32face734d1?s=96&d=mm&r=g\",\"width\":96,\"height\":96,\"caption\":\"Redaction\"}},{\"@type\":\"WebPage\",\"@id\":\"https:\\\/\\\/lepatriotebenin.com\\\/index.php\\\/2026\\\/07\\\/17\\\/presidence-du-senat-le-piege-que-talon-doit-eviter\\\/#webpage\",\"url\":\"https:\\\/\\\/lepatriotebenin.com\\\/index.php\\\/2026\\\/07\\\/17\\\/presidence-du-senat-le-piege-que-talon-doit-eviter\\\/\",\"name\":\"Pr\\u00e9sidence du S\\u00e9nat: Le pi\\u00e8ge que Talon doit \\u00e9viter. - Le Patriote\",\"description\":\"Le 30 juillet prochain, le B\\u00e9nin ouvrira une nouvelle page de son histoire institutionnelle avec l'installation officielle du S\\u00e9nat, la Haute chambre du Parlement pr\\u00e9vue par la Constitution r\\u00e9vis\\u00e9e. Avant m\\u00eame son installation, une question alimente d\\u00e9j\\u00e0 les d\\u00e9bats : qui sera le premier pr\\u00e9sident de cette Haute chambre ? Si les sp\\u00e9culations accordent une\",\"inLanguage\":\"fr-FR\",\"isPartOf\":{\"@id\":\"https:\\\/\\\/lepatriotebenin.com\\\/#website\"},\"breadcrumb\":{\"@id\":\"https:\\\/\\\/lepatriotebenin.com\\\/index.php\\\/2026\\\/07\\\/17\\\/presidence-du-senat-le-piege-que-talon-doit-eviter\\\/#breadcrumblist\"},\"author\":{\"@id\":\"https:\\\/\\\/lepatriotebenin.com#author\"},\"creator\":{\"@id\":\"https:\\\/\\\/lepatriotebenin.com#author\"},\"image\":{\"@type\":\"ImageObject\",\"url\":\"https:\\\/\\\/lepatriotebenin.com\\\/wp-content\\\/uploads\\\/2026\\\/07\\\/talon.jpg\",\"@id\":\"https:\\\/\\\/lepatriotebenin.com\\\/index.php\\\/2026\\\/07\\\/17\\\/presidence-du-senat-le-piege-que-talon-doit-eviter\\\/#mainImage\",\"width\":853,\"height\":480},\"primaryImageOfPage\":{\"@id\":\"https:\\\/\\\/lepatriotebenin.com\\\/index.php\\\/2026\\\/07\\\/17\\\/presidence-du-senat-le-piege-que-talon-doit-eviter\\\/#mainImage\"},\"datePublished\":\"2026-07-17T01:42:45+02:00\",\"dateModified\":\"2026-07-17T01:42:45+02:00\"},{\"@type\":\"WebSite\",\"@id\":\"https:\\\/\\\/lepatriotebenin.com\\\/#website\",\"url\":\"https:\\\/\\\/lepatriotebenin.com\\\/\",\"name\":\"Le Patriote\",\"description\":\"Le Patriote B\\u00e9nin\",\"inLanguage\":\"fr-FR\",\"publisher\":{\"@id\":\"https:\\\/\\\/lepatriotebenin.com\\\/#organization\"}}]}\n\t\t<\/script>\n\t\t<!-- All in One SEO -->\n\n","aioseo_head_json":{"title":"Pr\u00e9sidence du S\u00e9nat: Le pi\u00e8ge que Talon doit \u00e9viter. - Le Patriote","description":"Le 30 juillet prochain, le B\u00e9nin ouvrira une nouvelle page de son histoire institutionnelle avec l'installation officielle du S\u00e9nat, la Haute chambre du Parlement pr\u00e9vue par la Constitution r\u00e9vis\u00e9e. Avant m\u00eame son installation, une question alimente d\u00e9j\u00e0 les d\u00e9bats : qui sera le premier pr\u00e9sident de cette Haute chambre ? Si les sp\u00e9culations accordent une","canonical_url":"https:\/\/lepatriotebenin.com\/index.php\/2026\/07\/17\/presidence-du-senat-le-piege-que-talon-doit-eviter\/","robots":"max-image-preview:large","keywords":"","webmasterTools":{"miscellaneous":""},"schema":{"@context":"https:\/\/schema.org","@graph":[{"@type":"BlogPosting","@id":"https:\/\/lepatriotebenin.com\/index.php\/2026\/07\/17\/presidence-du-senat-le-piege-que-talon-doit-eviter\/#blogposting","name":"Pr\u00e9sidence du S\u00e9nat: Le pi\u00e8ge que Talon doit \u00e9viter. - Le Patriote","headline":"Pr\u00e9sidence du S\u00e9nat: Le pi\u00e8ge que Talon doit \u00e9viter.","author":{"@id":"https:\/\/lepatriotebenin.com#author"},"publisher":{"@id":"https:\/\/lepatriotebenin.com\/#organization"},"image":{"@type":"ImageObject","url":"https:\/\/lepatriotebenin.com\/wp-content\/uploads\/2026\/07\/talon.jpg","width":853,"height":480},"datePublished":"2026-07-17T01:42:45+02:00","dateModified":"2026-07-17T01:42:45+02:00","inLanguage":"fr-FR","mainEntityOfPage":{"@id":"https:\/\/lepatriotebenin.com\/index.php\/2026\/07\/17\/presidence-du-senat-le-piege-que-talon-doit-eviter\/#webpage"},"isPartOf":{"@id":"https:\/\/lepatriotebenin.com\/index.php\/2026\/07\/17\/presidence-du-senat-le-piege-que-talon-doit-eviter\/#webpage"},"articleSection":"Politique"},{"@type":"BreadcrumbList","@id":"https:\/\/lepatriotebenin.com\/index.php\/2026\/07\/17\/presidence-du-senat-le-piege-que-talon-doit-eviter\/#breadcrumblist","itemListElement":[{"@type":"ListItem","@id":"https:\/\/lepatriotebenin.com#listItem","position":1,"name":"Home","item":"https:\/\/lepatriotebenin.com","nextItem":{"@type":"ListItem","@id":"https:\/\/lepatriotebenin.com\/index.php\/category\/politique\/#listItem","name":"Politique"}},{"@type":"ListItem","@id":"https:\/\/lepatriotebenin.com\/index.php\/category\/politique\/#listItem","position":2,"name":"Politique","item":"https:\/\/lepatriotebenin.com\/index.php\/category\/politique\/","nextItem":{"@type":"ListItem","@id":"https:\/\/lepatriotebenin.com\/index.php\/2026\/07\/17\/presidence-du-senat-le-piege-que-talon-doit-eviter\/#listItem","name":"Pr\u00e9sidence du S\u00e9nat: Le pi\u00e8ge que Talon doit \u00e9viter."},"previousItem":{"@type":"ListItem","@id":"https:\/\/lepatriotebenin.com#listItem","name":"Home"}},{"@type":"ListItem","@id":"https:\/\/lepatriotebenin.com\/index.php\/2026\/07\/17\/presidence-du-senat-le-piege-que-talon-doit-eviter\/#listItem","position":3,"name":"Pr\u00e9sidence du S\u00e9nat: Le pi\u00e8ge que Talon doit \u00e9viter.","previousItem":{"@type":"ListItem","@id":"https:\/\/lepatriotebenin.com\/index.php\/category\/politique\/#listItem","name":"Politique"}}]},{"@type":"Organization","@id":"https:\/\/lepatriotebenin.com\/#organization","name":"Le Patriote","description":"Le Patriote B\u00e9nin","url":"https:\/\/lepatriotebenin.com\/"},{"@type":"Person","@id":"https:\/\/lepatriotebenin.com#author","url":"https:\/\/lepatriotebenin.com","name":"Redaction","image":{"@type":"ImageObject","@id":"https:\/\/lepatriotebenin.com\/index.php\/2026\/07\/17\/presidence-du-senat-le-piege-que-talon-doit-eviter\/#authorImage","url":"https:\/\/secure.gravatar.com\/avatar\/c4c509357859ea2ca2cbb6d8812898a73e4ef1ef9934c2e591d7e32face734d1?s=96&d=mm&r=g","width":96,"height":96,"caption":"Redaction"}},{"@type":"WebPage","@id":"https:\/\/lepatriotebenin.com\/index.php\/2026\/07\/17\/presidence-du-senat-le-piege-que-talon-doit-eviter\/#webpage","url":"https:\/\/lepatriotebenin.com\/index.php\/2026\/07\/17\/presidence-du-senat-le-piege-que-talon-doit-eviter\/","name":"Pr\u00e9sidence du S\u00e9nat: Le pi\u00e8ge que Talon doit \u00e9viter. - Le Patriote","description":"Le 30 juillet prochain, le B\u00e9nin ouvrira une nouvelle page de son histoire institutionnelle avec l'installation officielle du S\u00e9nat, la Haute chambre du Parlement pr\u00e9vue par la Constitution r\u00e9vis\u00e9e. Avant m\u00eame son installation, une question alimente d\u00e9j\u00e0 les d\u00e9bats : qui sera le premier pr\u00e9sident de cette Haute chambre ? Si les sp\u00e9culations accordent une","inLanguage":"fr-FR","isPartOf":{"@id":"https:\/\/lepatriotebenin.com\/#website"},"breadcrumb":{"@id":"https:\/\/lepatriotebenin.com\/index.php\/2026\/07\/17\/presidence-du-senat-le-piege-que-talon-doit-eviter\/#breadcrumblist"},"author":{"@id":"https:\/\/lepatriotebenin.com#author"},"creator":{"@id":"https:\/\/lepatriotebenin.com#author"},"image":{"@type":"ImageObject","url":"https:\/\/lepatriotebenin.com\/wp-content\/uploads\/2026\/07\/talon.jpg","@id":"https:\/\/lepatriotebenin.com\/index.php\/2026\/07\/17\/presidence-du-senat-le-piege-que-talon-doit-eviter\/#mainImage","width":853,"height":480},"primaryImageOfPage":{"@id":"https:\/\/lepatriotebenin.com\/index.php\/2026\/07\/17\/presidence-du-senat-le-piege-que-talon-doit-eviter\/#mainImage"},"datePublished":"2026-07-17T01:42:45+02:00","dateModified":"2026-07-17T01:42:45+02:00"},{"@type":"WebSite","@id":"https:\/\/lepatriotebenin.com\/#website","url":"https:\/\/lepatriotebenin.com\/","name":"Le Patriote","description":"Le Patriote B\u00e9nin","inLanguage":"fr-FR","publisher":{"@id":"https:\/\/lepatriotebenin.com\/#organization"}}]},"og:locale":"fr_FR","og:site_name":"Le Patriote - Le Patriote B\u00e9nin","og:type":"article","og:title":"Pr\u00e9sidence du S\u00e9nat: Le pi\u00e8ge que Talon doit \u00e9viter. - Le Patriote","og:description":"Le 30 juillet prochain, le B\u00e9nin ouvrira une nouvelle page de son histoire institutionnelle avec l'installation officielle du S\u00e9nat, la Haute chambre du Parlement pr\u00e9vue par la Constitution r\u00e9vis\u00e9e. Avant m\u00eame son installation, une question alimente d\u00e9j\u00e0 les d\u00e9bats : qui sera le premier pr\u00e9sident de cette Haute chambre ? Si les sp\u00e9culations accordent une","og:url":"https:\/\/lepatriotebenin.com\/index.php\/2026\/07\/17\/presidence-du-senat-le-piege-que-talon-doit-eviter\/","article:published_time":"2026-07-16T23:42:45+00:00","article:modified_time":"2026-07-16T23:42:45+00:00","twitter:card":"summary_large_image","twitter:title":"Pr\u00e9sidence du S\u00e9nat: Le pi\u00e8ge que Talon doit \u00e9viter. - Le Patriote","twitter:description":"Le 30 juillet prochain, le B\u00e9nin ouvrira une nouvelle page de son histoire institutionnelle avec l'installation officielle du S\u00e9nat, la Haute chambre du Parlement pr\u00e9vue par la Constitution r\u00e9vis\u00e9e. Avant m\u00eame son installation, une question alimente d\u00e9j\u00e0 les d\u00e9bats : qui sera le premier pr\u00e9sident de cette Haute chambre ? Si les sp\u00e9culations accordent une"},"aioseo_meta_data":{"post_id":"21759","title":null,"description":null,"keywords":null,"keyphrases":{"focus":{"keyphrase":"","score":0,"analysis":{"keyphraseInTitle":{"score":0,"maxScore":9,"error":1}}},"additional":[]},"primary_term":null,"canonical_url":null,"og_title":null,"og_description":null,"og_object_type":"default","og_image_type":"default","og_image_url":null,"og_image_width":null,"og_image_height":null,"og_image_custom_url":null,"og_image_custom_fields":null,"og_video":"","og_custom_url":null,"og_article_section":null,"og_article_tags":null,"twitter_use_og":false,"twitter_card":"default","twitter_image_type":"default","twitter_image_url":null,"twitter_image_custom_url":null,"twitter_image_custom_fields":null,"twitter_title":null,"twitter_description":null,"schema":{"blockGraphs":[],"customGraphs":[],"default":{"data":{"Article":[],"Course":[],"Dataset":[],"FAQPage":[],"Movie":[],"Person":[],"Product":[],"ProductReview":[],"Car":[],"Recipe":[],"Service":[],"SoftwareApplication":[],"WebPage":[]},"graphName":"BlogPosting","isEnabled":true},"graphs":[]},"schema_type":"default","schema_type_options":null,"pillar_content":false,"robots_default":true,"robots_noindex":false,"robots_noarchive":false,"robots_nosnippet":false,"robots_nofollow":false,"robots_noimageindex":false,"robots_noodp":false,"robots_notranslate":false,"robots_max_snippet":"-1","robots_max_videopreview":"-1","robots_max_imagepreview":"large","priority":null,"frequency":"default","local_seo":null,"breadcrumb_settings":null,"limit_modified_date":false,"ai":{"faqs":[],"keyPoints":[],"schemas":[],"titles":[],"descriptions":[],"socialPosts":{"email":{"subject":"","preview":"","content":""},"linkedin":[],"twitter":[],"facebook":[],"instagram":[]}},"created":"2026-07-16 23:42:45","updated":"2026-07-17 00:00:24","seo_analyzer_scan_date":null,"focus_keyword":null,"additional_keywords":null,"truseo_locale":null},"aioseo_breadcrumb":"<div class=\"aioseo-breadcrumbs\"><span class=\"aioseo-breadcrumb\">\n\t\t\t<a href=\"https:\/\/lepatriotebenin.com\" title=\"Home\">Home<\/a>\n\t\t<\/span><span class=\"aioseo-breadcrumb-separator\">&raquo;<\/span><span class=\"aioseo-breadcrumb\">\n\t\t\t<a href=\"https:\/\/lepatriotebenin.com\/index.php\/category\/politique\/\" title=\"Politique\">Politique<\/a>\n\t\t<\/span><span class=\"aioseo-breadcrumb-separator\">&raquo;<\/span><span class=\"aioseo-breadcrumb\">\n\t\t\tPr\u00e9sidence du S\u00e9nat: Le pi\u00e8ge que Talon doit \u00e9viter.\n\t\t<\/span><\/div>","aioseo_breadcrumb_json":[{"label":"Home","link":"https:\/\/lepatriotebenin.com"},{"label":"Politique","link":"https:\/\/lepatriotebenin.com\/index.php\/category\/politique\/"},{"label":"Pr\u00e9sidence du S\u00e9nat: Le pi\u00e8ge que Talon doit \u00e9viter.","link":"https:\/\/lepatriotebenin.com\/index.php\/2026\/07\/17\/presidence-du-senat-le-piege-que-talon-doit-eviter\/"}],"yoast_head":"<!-- This site is optimized with the Yoast SEO plugin v28.3 - https:\/\/yoast.com\/product\/yoast-seo-wordpress\/ -->\n<title>Pr\u00e9sidence du S\u00e9nat: Le pi\u00e8ge que Talon doit \u00e9viter. - Le Patriote<\/title>\n<meta name=\"robots\" content=\"index, follow, max-snippet:-1, max-image-preview:large, max-video-preview:-1\" \/>\n<link rel=\"canonical\" href=\"https:\/\/lepatriotebenin.com\/index.php\/2026\/07\/17\/presidence-du-senat-le-piege-que-talon-doit-eviter\/\" \/>\n<meta property=\"og:locale\" content=\"fr_FR\" \/>\n<meta property=\"og:type\" content=\"article\" \/>\n<meta property=\"og:title\" content=\"Pr\u00e9sidence du S\u00e9nat: Le pi\u00e8ge que Talon doit \u00e9viter. - Le Patriote\" \/>\n<meta property=\"og:description\" content=\"Le 30 juillet prochain, le B\u00e9nin ouvrira une nouvelle page de son histoire institutionnelle avec l&rsquo;installation officielle du S\u00e9nat, la Haute chambre du Parlement pr\u00e9vue par la Constitution r\u00e9vis\u00e9e. Avant&hellip;\" \/>\n<meta property=\"og:url\" content=\"https:\/\/lepatriotebenin.com\/index.php\/2026\/07\/17\/presidence-du-senat-le-piege-que-talon-doit-eviter\/\" \/>\n<meta property=\"og:site_name\" content=\"Le Patriote\" \/>\n<meta property=\"article:published_time\" content=\"2026-07-16T23:42:45+00:00\" \/>\n<meta property=\"og:image\" content=\"https:\/\/lepatriotebenin.com\/wp-content\/uploads\/2026\/07\/talon.jpg\" \/>\n\t<meta property=\"og:image:width\" content=\"853\" \/>\n\t<meta property=\"og:image:height\" content=\"480\" \/>\n\t<meta property=\"og:image:type\" content=\"image\/jpeg\" \/>\n<meta name=\"author\" content=\"Redaction\" \/>\n<meta name=\"twitter:card\" content=\"summary_large_image\" \/>\n<meta name=\"twitter:label1\" content=\"\u00c9crit par\" \/>\n\t<meta name=\"twitter:data1\" content=\"Redaction\" \/>\n\t<meta name=\"twitter:label2\" content=\"Dur\u00e9e de lecture estim\u00e9e\" \/>\n\t<meta name=\"twitter:data2\" content=\"3 minutes\" \/>\n<script type=\"application\/ld+json\" class=\"yoast-schema-graph\">{\"@context\":\"https:\\\/\\\/schema.org\",\"@graph\":[{\"@type\":\"Article\",\"@id\":\"https:\\\/\\\/lepatriotebenin.com\\\/index.php\\\/2026\\\/07\\\/17\\\/presidence-du-senat-le-piege-que-talon-doit-eviter\\\/#article\",\"isPartOf\":{\"@id\":\"https:\\\/\\\/lepatriotebenin.com\\\/index.php\\\/2026\\\/07\\\/17\\\/presidence-du-senat-le-piege-que-talon-doit-eviter\\\/\"},\"author\":{\"name\":\"Redaction\",\"@id\":\"https:\\\/\\\/lepatriotebenin.com\\\/#\\\/schema\\\/person\\\/2e7709b9c9cc313e452d1136af61690f\"},\"headline\":\"Pr\u00e9sidence du S\u00e9nat: Le pi\u00e8ge que Talon doit \u00e9viter.\",\"datePublished\":\"2026-07-16T23:42:45+00:00\",\"mainEntityOfPage\":{\"@id\":\"https:\\\/\\\/lepatriotebenin.com\\\/index.php\\\/2026\\\/07\\\/17\\\/presidence-du-senat-le-piege-que-talon-doit-eviter\\\/\"},\"wordCount\":585,\"commentCount\":0,\"image\":{\"@id\":\"https:\\\/\\\/lepatriotebenin.com\\\/index.php\\\/2026\\\/07\\\/17\\\/presidence-du-senat-le-piege-que-talon-doit-eviter\\\/#primaryimage\"},\"thumbnailUrl\":\"https:\\\/\\\/lepatriotebenin.com\\\/wp-content\\\/uploads\\\/2026\\\/07\\\/talon.jpg\",\"articleSection\":[\"Politique\"],\"inLanguage\":\"fr-FR\",\"potentialAction\":[{\"@type\":\"CommentAction\",\"name\":\"Comment\",\"target\":[\"https:\\\/\\\/lepatriotebenin.com\\\/index.php\\\/2026\\\/07\\\/17\\\/presidence-du-senat-le-piege-que-talon-doit-eviter\\\/#respond\"]}]},{\"@type\":\"WebPage\",\"@id\":\"https:\\\/\\\/lepatriotebenin.com\\\/index.php\\\/2026\\\/07\\\/17\\\/presidence-du-senat-le-piege-que-talon-doit-eviter\\\/\",\"url\":\"https:\\\/\\\/lepatriotebenin.com\\\/index.php\\\/2026\\\/07\\\/17\\\/presidence-du-senat-le-piege-que-talon-doit-eviter\\\/\",\"name\":\"Pr\u00e9sidence du S\u00e9nat: Le pi\u00e8ge que Talon doit \u00e9viter. - Le Patriote\",\"isPartOf\":{\"@id\":\"https:\\\/\\\/lepatriotebenin.com\\\/#website\"},\"primaryImageOfPage\":{\"@id\":\"https:\\\/\\\/lepatriotebenin.com\\\/index.php\\\/2026\\\/07\\\/17\\\/presidence-du-senat-le-piege-que-talon-doit-eviter\\\/#primaryimage\"},\"image\":{\"@id\":\"https:\\\/\\\/lepatriotebenin.com\\\/index.php\\\/2026\\\/07\\\/17\\\/presidence-du-senat-le-piege-que-talon-doit-eviter\\\/#primaryimage\"},\"thumbnailUrl\":\"https:\\\/\\\/lepatriotebenin.com\\\/wp-content\\\/uploads\\\/2026\\\/07\\\/talon.jpg\",\"datePublished\":\"2026-07-16T23:42:45+00:00\",\"author\":{\"@id\":\"https:\\\/\\\/lepatriotebenin.com\\\/#\\\/schema\\\/person\\\/2e7709b9c9cc313e452d1136af61690f\"},\"breadcrumb\":{\"@id\":\"https:\\\/\\\/lepatriotebenin.com\\\/index.php\\\/2026\\\/07\\\/17\\\/presidence-du-senat-le-piege-que-talon-doit-eviter\\\/#breadcrumb\"},\"inLanguage\":\"fr-FR\",\"potentialAction\":[{\"@type\":\"ReadAction\",\"target\":[\"https:\\\/\\\/lepatriotebenin.com\\\/index.php\\\/2026\\\/07\\\/17\\\/presidence-du-senat-le-piege-que-talon-doit-eviter\\\/\"]}]},{\"@type\":\"ImageObject\",\"inLanguage\":\"fr-FR\",\"@id\":\"https:\\\/\\\/lepatriotebenin.com\\\/index.php\\\/2026\\\/07\\\/17\\\/presidence-du-senat-le-piege-que-talon-doit-eviter\\\/#primaryimage\",\"url\":\"https:\\\/\\\/lepatriotebenin.com\\\/wp-content\\\/uploads\\\/2026\\\/07\\\/talon.jpg\",\"contentUrl\":\"https:\\\/\\\/lepatriotebenin.com\\\/wp-content\\\/uploads\\\/2026\\\/07\\\/talon.jpg\",\"width\":853,\"height\":480},{\"@type\":\"BreadcrumbList\",\"@id\":\"https:\\\/\\\/lepatriotebenin.com\\\/index.php\\\/2026\\\/07\\\/17\\\/presidence-du-senat-le-piege-que-talon-doit-eviter\\\/#breadcrumb\",\"itemListElement\":[{\"@type\":\"ListItem\",\"position\":1,\"name\":\"Accueil\",\"item\":\"https:\\\/\\\/lepatriotebenin.com\\\/\"},{\"@type\":\"ListItem\",\"position\":2,\"name\":\"Pr\u00e9sidence du S\u00e9nat: Le pi\u00e8ge que Talon doit \u00e9viter.\"}]},{\"@type\":\"WebSite\",\"@id\":\"https:\\\/\\\/lepatriotebenin.com\\\/#website\",\"url\":\"https:\\\/\\\/lepatriotebenin.com\\\/\",\"name\":\"Le Patriote\",\"description\":\"Le Patriote B\u00e9nin\",\"potentialAction\":[{\"@type\":\"SearchAction\",\"target\":{\"@type\":\"EntryPoint\",\"urlTemplate\":\"https:\\\/\\\/lepatriotebenin.com\\\/?s={search_term_string}\"},\"query-input\":{\"@type\":\"PropertyValueSpecification\",\"valueRequired\":true,\"valueName\":\"search_term_string\"}}],\"inLanguage\":\"fr-FR\"},{\"@type\":\"Person\",\"@id\":\"https:\\\/\\\/lepatriotebenin.com\\\/#\\\/schema\\\/person\\\/2e7709b9c9cc313e452d1136af61690f\",\"name\":\"Redaction\",\"image\":{\"@type\":\"ImageObject\",\"inLanguage\":\"fr-FR\",\"@id\":\"https:\\\/\\\/secure.gravatar.com\\\/avatar\\\/c4c509357859ea2ca2cbb6d8812898a73e4ef1ef9934c2e591d7e32face734d1?s=96&d=mm&r=g\",\"url\":\"https:\\\/\\\/secure.gravatar.com\\\/avatar\\\/c4c509357859ea2ca2cbb6d8812898a73e4ef1ef9934c2e591d7e32face734d1?s=96&d=mm&r=g\",\"contentUrl\":\"https:\\\/\\\/secure.gravatar.com\\\/avatar\\\/c4c509357859ea2ca2cbb6d8812898a73e4ef1ef9934c2e591d7e32face734d1?s=96&d=mm&r=g\",\"caption\":\"Redaction\"},\"url\":\"https:\\\/\\\/lepatriotebenin.com\"}]}<\/script>\n<!-- \/ Yoast SEO plugin. -->","yoast_head_json":{"title":"Pr\u00e9sidence du S\u00e9nat: Le pi\u00e8ge que Talon doit \u00e9viter. - Le Patriote","robots":{"index":"index","follow":"follow","max-snippet":"max-snippet:-1","max-image-preview":"max-image-preview:large","max-video-preview":"max-video-preview:-1"},"canonical":"https:\/\/lepatriotebenin.com\/index.php\/2026\/07\/17\/presidence-du-senat-le-piege-que-talon-doit-eviter\/","og_locale":"fr_FR","og_type":"article","og_title":"Pr\u00e9sidence du S\u00e9nat: Le pi\u00e8ge que Talon doit \u00e9viter. - Le Patriote","og_description":"Le 30 juillet prochain, le B\u00e9nin ouvrira une nouvelle page de son histoire institutionnelle avec l&rsquo;installation officielle du S\u00e9nat, la Haute chambre du Parlement pr\u00e9vue par la Constitution r\u00e9vis\u00e9e. Avant&hellip;","og_url":"https:\/\/lepatriotebenin.com\/index.php\/2026\/07\/17\/presidence-du-senat-le-piege-que-talon-doit-eviter\/","og_site_name":"Le Patriote","article_published_time":"2026-07-16T23:42:45+00:00","og_image":[{"width":853,"height":480,"url":"https:\/\/lepatriotebenin.com\/wp-content\/uploads\/2026\/07\/talon.jpg","type":"image\/jpeg"}],"author":"Redaction","twitter_card":"summary_large_image","twitter_misc":{"\u00c9crit par":"Redaction","Dur\u00e9e de lecture estim\u00e9e":"3 minutes"},"schema":{"@context":"https:\/\/schema.org","@graph":[{"@type":"Article","@id":"https:\/\/lepatriotebenin.com\/index.php\/2026\/07\/17\/presidence-du-senat-le-piege-que-talon-doit-eviter\/#article","isPartOf":{"@id":"https:\/\/lepatriotebenin.com\/index.php\/2026\/07\/17\/presidence-du-senat-le-piege-que-talon-doit-eviter\/"},"author":{"name":"Redaction","@id":"https:\/\/lepatriotebenin.com\/#\/schema\/person\/2e7709b9c9cc313e452d1136af61690f"},"headline":"Pr\u00e9sidence du S\u00e9nat: Le pi\u00e8ge que Talon doit \u00e9viter.","datePublished":"2026-07-16T23:42:45+00:00","mainEntityOfPage":{"@id":"https:\/\/lepatriotebenin.com\/index.php\/2026\/07\/17\/presidence-du-senat-le-piege-que-talon-doit-eviter\/"},"wordCount":585,"commentCount":0,"image":{"@id":"https:\/\/lepatriotebenin.com\/index.php\/2026\/07\/17\/presidence-du-senat-le-piege-que-talon-doit-eviter\/#primaryimage"},"thumbnailUrl":"https:\/\/lepatriotebenin.com\/wp-content\/uploads\/2026\/07\/talon.jpg","articleSection":["Politique"],"inLanguage":"fr-FR","potentialAction":[{"@type":"CommentAction","name":"Comment","target":["https:\/\/lepatriotebenin.com\/index.php\/2026\/07\/17\/presidence-du-senat-le-piege-que-talon-doit-eviter\/#respond"]}]},{"@type":"WebPage","@id":"https:\/\/lepatriotebenin.com\/index.php\/2026\/07\/17\/presidence-du-senat-le-piege-que-talon-doit-eviter\/","url":"https:\/\/lepatriotebenin.com\/index.php\/2026\/07\/17\/presidence-du-senat-le-piege-que-talon-doit-eviter\/","name":"Pr\u00e9sidence du S\u00e9nat: Le pi\u00e8ge que Talon doit \u00e9viter. - Le Patriote","isPartOf":{"@id":"https:\/\/lepatriotebenin.com\/#website"},"primaryImageOfPage":{"@id":"https:\/\/lepatriotebenin.com\/index.php\/2026\/07\/17\/presidence-du-senat-le-piege-que-talon-doit-eviter\/#primaryimage"},"image":{"@id":"https:\/\/lepatriotebenin.com\/index.php\/2026\/07\/17\/presidence-du-senat-le-piege-que-talon-doit-eviter\/#primaryimage"},"thumbnailUrl":"https:\/\/lepatriotebenin.com\/wp-content\/uploads\/2026\/07\/talon.jpg","datePublished":"2026-07-16T23:42:45+00:00","author":{"@id":"https:\/\/lepatriotebenin.com\/#\/schema\/person\/2e7709b9c9cc313e452d1136af61690f"},"breadcrumb":{"@id":"https:\/\/lepatriotebenin.com\/index.php\/2026\/07\/17\/presidence-du-senat-le-piege-que-talon-doit-eviter\/#breadcrumb"},"inLanguage":"fr-FR","potentialAction":[{"@type":"ReadAction","target":["https:\/\/lepatriotebenin.com\/index.php\/2026\/07\/17\/presidence-du-senat-le-piege-que-talon-doit-eviter\/"]}]},{"@type":"ImageObject","inLanguage":"fr-FR","@id":"https:\/\/lepatriotebenin.com\/index.php\/2026\/07\/17\/presidence-du-senat-le-piege-que-talon-doit-eviter\/#primaryimage","url":"https:\/\/lepatriotebenin.com\/wp-content\/uploads\/2026\/07\/talon.jpg","contentUrl":"https:\/\/lepatriotebenin.com\/wp-content\/uploads\/2026\/07\/talon.jpg","width":853,"height":480},{"@type":"BreadcrumbList","@id":"https:\/\/lepatriotebenin.com\/index.php\/2026\/07\/17\/presidence-du-senat-le-piege-que-talon-doit-eviter\/#breadcrumb","itemListElement":[{"@type":"ListItem","position":1,"name":"Accueil","item":"https:\/\/lepatriotebenin.com\/"},{"@type":"ListItem","position":2,"name":"Pr\u00e9sidence du S\u00e9nat: Le pi\u00e8ge que Talon doit \u00e9viter."}]},{"@type":"WebSite","@id":"https:\/\/lepatriotebenin.com\/#website","url":"https:\/\/lepatriotebenin.com\/","name":"Le Patriote","description":"Le Patriote B\u00e9nin","potentialAction":[{"@type":"SearchAction","target":{"@type":"EntryPoint","urlTemplate":"https:\/\/lepatriotebenin.com\/?s={search_term_string}"},"query-input":{"@type":"PropertyValueSpecification","valueRequired":true,"valueName":"search_term_string"}}],"inLanguage":"fr-FR"},{"@type":"Person","@id":"https:\/\/lepatriotebenin.com\/#\/schema\/person\/2e7709b9c9cc313e452d1136af61690f","name":"Redaction","image":{"@type":"ImageObject","inLanguage":"fr-FR","@id":"https:\/\/secure.gravatar.com\/avatar\/c4c509357859ea2ca2cbb6d8812898a73e4ef1ef9934c2e591d7e32face734d1?s=96&d=mm&r=g","url":"https:\/\/secure.gravatar.com\/avatar\/c4c509357859ea2ca2cbb6d8812898a73e4ef1ef9934c2e591d7e32face734d1?s=96&d=mm&r=g","contentUrl":"https:\/\/secure.gravatar.com\/avatar\/c4c509357859ea2ca2cbb6d8812898a73e4ef1ef9934c2e591d7e32face734d1?s=96&d=mm&r=g","caption":"Redaction"},"url":"https:\/\/lepatriotebenin.com"}]}},"_links":{"self":[{"href":"https:\/\/lepatriotebenin.com\/index.php\/wp-json\/wp\/v2\/posts\/21759","targetHints":{"allow":["GET"]}}],"collection":[{"href":"https:\/\/lepatriotebenin.com\/index.php\/wp-json\/wp\/v2\/posts"}],"about":[{"href":"https:\/\/lepatriotebenin.com\/index.php\/wp-json\/wp\/v2\/types\/post"}],"author":[{"embeddable":true,"href":"https:\/\/lepatriotebenin.com\/index.php\/wp-json\/wp\/v2\/users\/5"}],"replies":[{"embeddable":true,"href":"https:\/\/lepatriotebenin.com\/index.php\/wp-json\/wp\/v2\/comments?post=21759"}],"version-history":[{"count":2,"href":"https:\/\/lepatriotebenin.com\/index.php\/wp-json\/wp\/v2\/posts\/21759\/revisions"}],"predecessor-version":[{"id":21769,"href":"https:\/\/lepatriotebenin.com\/index.php\/wp-json\/wp\/v2\/posts\/21759\/revisions\/21769"}],"wp:featuredmedia":[{"embeddable":true,"href":"https:\/\/lepatriotebenin.com\/index.php\/wp-json\/wp\/v2\/media\/21760"}],"wp:attachment":[{"href":"https:\/\/lepatriotebenin.com\/index.php\/wp-json\/wp\/v2\/media?parent=21759"}],"wp:term":[{"taxonomy":"category","embeddable":true,"href":"https:\/\/lepatriotebenin.com\/index.php\/wp-json\/wp\/v2\/categories?post=21759"},{"taxonomy":"post_tag","embeddable":true,"href":"https:\/\/lepatriotebenin.com\/index.php\/wp-json\/wp\/v2\/tags?post=21759"}],"curies":[{"name":"wp","href":"https:\/\/api.w.org\/{rel}","templated":true}]}}