{"id":21756,"date":"2026-07-17T01:19:08","date_gmt":"2026-07-16T23:19:08","guid":{"rendered":"https:\/\/lepatriotebenin.com\/?p=21756"},"modified":"2026-07-17T01:19:08","modified_gmt":"2026-07-16T23:19:08","slug":"senegal-ousmane-sonko-vise-par-une-plainte-dans-laffaire-touba","status":"publish","type":"post","link":"https:\/\/lepatriotebenin.com\/index.php\/2026\/07\/17\/senegal-ousmane-sonko-vise-par-une-plainte-dans-laffaire-touba\/","title":{"rendered":"S\u00e9n\u00e9gal : Ousmane Sonko vis\u00e9 par une plainte dans l\u2019affaire Touba"},"content":{"rendered":"<p>&nbsp;<\/p>\n<p><strong>Le pr\u00e9sident de l\u2019Assembl\u00e9e nationale s\u00e9n\u00e9galaise, Ousmane Sonko, fait face \u00e0 une proc\u00e9dure judiciaire. D\u2019apr\u00e8s les informations rapport\u00e9es par le journal Le Quotidien, une plainte a \u00e9t\u00e9 d\u00e9pos\u00e9e contre l\u2019ancien Premier ministre aupr\u00e8s du procureur de la R\u00e9publique pr\u00e8s le Tribunal de grande instance hors classe de Dakar.<\/strong><\/p>\n<p>En effet, l\u2019affaire est d\u00e9sormais entre les mains du parquet de Dakar. Le Collectif des petits-fils de Serigne Touba a saisi la justice \u00e0 la suite de propos attribu\u00e9s \u00e0 Ousmane Sonko lors de l\u2019inauguration du si\u00e8ge du parti Pastef. Les plaignants estiment que ces d\u00e9clarations, jug\u00e9es diffamatoires, portent atteinte \u00e0 l\u2019honneur de la communaut\u00e9 mouride. Selon Le Quotidien, la plainte a \u00e9t\u00e9 d\u00e9pos\u00e9e le 14 juillet 2026 avant d\u2019\u00eatre re\u00e7ue par le parquet de Dakar le lendemain. Elle concerne des propos du pr\u00e9sident de l\u2019Assembl\u00e9e nationale faisant r\u00e9f\u00e9rence \u00e0 la pr\u00e9sence pr\u00e9sum\u00e9e d\u2019\u00ab argent sale \u00bb dans la cit\u00e9 religieuse de Touba.<\/p>\n<p>Pour les membres du collectif, ces d\u00e9clarations seraient susceptibles de ternir l\u2019image d\u2019une ville fond\u00e9e par Cheikh Ahmadou Bamba autour de valeurs de foi, de probit\u00e9 et de travail. Ils demandent ainsi l\u2019ouverture d\u2019une enqu\u00eate et l\u2019audition d\u2019Ousmane Sonko afin qu\u2019il \u00ab pr\u00e9cise le sens exact de ses d\u00e9clarations \u00bb et fournisse les \u00e9l\u00e9ments sur lesquels il fonde ses propos.<\/p>\n<p>Le collectif, repr\u00e9sent\u00e9 notamment par Serigne Modou Maroun Niang et Serigne Mourtalla Bousso, affirme \u00e9galement \u00eatre pr\u00eat \u00e0 mettre \u00e0 la disposition de la justice les \u00e9l\u00e9ments n\u00e9cessaires, notamment des enregistrements vid\u00e9o et leurs retranscriptions. D\u00e9j\u00e0, Serigne Saliou Bousso, membre du groupe, a assur\u00e9 que cette d\u00e9marche \u00ab n\u2019est dirig\u00e9e contre personne \u00e0 titre personnel \u00bb, mais qu\u2019elle vise \u00e0 \u00ab d\u00e9fendre l\u2019honneur de Touba \u00bb et \u00e0 \u00ab faire triompher la v\u00e9rit\u00e9 \u00bb.<\/p>\n<p>Les plaignants rappellent enfin que la libert\u00e9 d\u2019expression demeure un droit essentiel, tout en soulignant qu\u2019elle doit s\u2019exercer avec responsabilit\u00e9, dans le respect de la dignit\u00e9 des personnes et des communaut\u00e9s.<\/p>\n<p><strong>Alola BIAOU<\/strong><\/p>\n","protected":false},"excerpt":{"rendered":"<p>&nbsp; Le pr\u00e9sident de l\u2019Assembl\u00e9e nationale s\u00e9n\u00e9galaise, Ousmane Sonko, fait face \u00e0 une proc\u00e9dure judiciaire. D\u2019apr\u00e8s les informations rapport\u00e9es par le journal Le Quotidien, une plainte a \u00e9t\u00e9 d\u00e9pos\u00e9e contre&hellip;<\/p>\n","protected":false},"author":5,"featured_media":21757,"comment_status":"open","ping_status":"open","sticky":false,"template":"","format":"standard","meta":{"content-type":"","om_disable_all_campaigns":false,"_monsterinsights_skip_tracking":false,"_uf_show_specific_survey":0,"_uf_disable_surveys":false,"footnotes":""},"categories":[26],"tags":[],"class_list":["post-21756","post","type-post","status-publish","format-standard","has-post-thumbnail","hentry","category-politique"],"aioseo_notices":[],"aioseo_head":"\n\t\t<!-- All in One SEO 5.0.1.1 - aioseo.com -->\n\t<meta name=\"description\" content=\"Le pr\u00e9sident de l\u2019Assembl\u00e9e nationale s\u00e9n\u00e9galaise, Ousmane Sonko, fait face \u00e0 une proc\u00e9dure judiciaire. D\u2019apr\u00e8s les informations rapport\u00e9es par le journal Le Quotidien, une plainte a \u00e9t\u00e9 d\u00e9pos\u00e9e contre l\u2019ancien Premier ministre aupr\u00e8s du procureur de la R\u00e9publique pr\u00e8s le Tribunal de grande instance hors classe de Dakar. En effet, l\u2019affaire est d\u00e9sormais entre\" \/>\n\t<meta name=\"robots\" content=\"max-image-preview:large\" \/>\n\t<meta name=\"author\" content=\"Redaction\"\/>\n\t<link rel=\"canonical\" href=\"https:\/\/lepatriotebenin.com\/index.php\/2026\/07\/17\/senegal-ousmane-sonko-vise-par-une-plainte-dans-laffaire-touba\/\" \/>\n\t<meta name=\"generator\" content=\"All in One SEO (AIOSEO) 5.0.1.1\" \/>\n\t\t<meta property=\"og:locale\" content=\"fr_FR\" \/>\n\t\t<meta property=\"og:site_name\" content=\"Le Patriote - Le Patriote B\u00e9nin\" \/>\n\t\t<meta property=\"og:type\" content=\"article\" \/>\n\t\t<meta property=\"og:title\" content=\"S\u00e9n\u00e9gal : Ousmane Sonko vis\u00e9 par une plainte dans l\u2019affaire Touba - Le Patriote\" \/>\n\t\t<meta property=\"og:description\" content=\"Le pr\u00e9sident de l\u2019Assembl\u00e9e nationale s\u00e9n\u00e9galaise, Ousmane Sonko, fait face \u00e0 une proc\u00e9dure judiciaire. D\u2019apr\u00e8s les informations rapport\u00e9es par le journal Le Quotidien, une plainte a \u00e9t\u00e9 d\u00e9pos\u00e9e contre l\u2019ancien Premier ministre aupr\u00e8s du procureur de la R\u00e9publique pr\u00e8s le Tribunal de grande instance hors classe de Dakar. En effet, l\u2019affaire est d\u00e9sormais entre\" \/>\n\t\t<meta property=\"og:url\" content=\"https:\/\/lepatriotebenin.com\/index.php\/2026\/07\/17\/senegal-ousmane-sonko-vise-par-une-plainte-dans-laffaire-touba\/\" \/>\n\t\t<meta property=\"article:published_time\" content=\"2026-07-16T23:19:08+00:00\" \/>\n\t\t<meta property=\"article:modified_time\" content=\"2026-07-16T23:19:08+00:00\" \/>\n\t\t<meta name=\"twitter:card\" content=\"summary_large_image\" \/>\n\t\t<meta name=\"twitter:title\" content=\"S\u00e9n\u00e9gal : Ousmane Sonko vis\u00e9 par une plainte dans l\u2019affaire Touba - Le Patriote\" \/>\n\t\t<meta name=\"twitter:description\" content=\"Le pr\u00e9sident de l\u2019Assembl\u00e9e nationale s\u00e9n\u00e9galaise, Ousmane Sonko, fait face \u00e0 une proc\u00e9dure judiciaire. D\u2019apr\u00e8s les informations rapport\u00e9es par le journal Le Quotidien, une plainte a \u00e9t\u00e9 d\u00e9pos\u00e9e contre l\u2019ancien Premier ministre aupr\u00e8s du procureur de la R\u00e9publique pr\u00e8s le Tribunal de grande instance hors classe de Dakar. En effet, l\u2019affaire est d\u00e9sormais entre\" \/>\n\t\t<script type=\"application\/ld+json\" class=\"aioseo-schema\">\n\t\t\t{\"@context\":\"https:\\\/\\\/schema.org\",\"@graph\":[{\"@type\":\"BlogPosting\",\"@id\":\"https:\\\/\\\/lepatriotebenin.com\\\/index.php\\\/2026\\\/07\\\/17\\\/senegal-ousmane-sonko-vise-par-une-plainte-dans-laffaire-touba\\\/#blogposting\",\"name\":\"S\\u00e9n\\u00e9gal : Ousmane Sonko vis\\u00e9 par une plainte dans l\\u2019affaire Touba - Le Patriote\",\"headline\":\"S\\u00e9n\\u00e9gal : Ousmane Sonko vis\\u00e9 par une plainte dans l\\u2019affaire Touba\",\"author\":{\"@id\":\"https:\\\/\\\/lepatriotebenin.com#author\"},\"publisher\":{\"@id\":\"https:\\\/\\\/lepatriotebenin.com\\\/#organization\"},\"image\":{\"@type\":\"ImageObject\",\"url\":\"https:\\\/\\\/lepatriotebenin.com\\\/wp-content\\\/uploads\\\/2026\\\/07\\\/senegal-2.jpg\",\"width\":696,\"height\":426},\"datePublished\":\"2026-07-17T01:19:08+02:00\",\"dateModified\":\"2026-07-17T01:19:08+02:00\",\"inLanguage\":\"fr-FR\",\"mainEntityOfPage\":{\"@id\":\"https:\\\/\\\/lepatriotebenin.com\\\/index.php\\\/2026\\\/07\\\/17\\\/senegal-ousmane-sonko-vise-par-une-plainte-dans-laffaire-touba\\\/#webpage\"},\"isPartOf\":{\"@id\":\"https:\\\/\\\/lepatriotebenin.com\\\/index.php\\\/2026\\\/07\\\/17\\\/senegal-ousmane-sonko-vise-par-une-plainte-dans-laffaire-touba\\\/#webpage\"},\"articleSection\":\"Politique\"},{\"@type\":\"BreadcrumbList\",\"@id\":\"https:\\\/\\\/lepatriotebenin.com\\\/index.php\\\/2026\\\/07\\\/17\\\/senegal-ousmane-sonko-vise-par-une-plainte-dans-laffaire-touba\\\/#breadcrumblist\",\"itemListElement\":[{\"@type\":\"ListItem\",\"@id\":\"https:\\\/\\\/lepatriotebenin.com#listItem\",\"position\":1,\"name\":\"Home\",\"item\":\"https:\\\/\\\/lepatriotebenin.com\",\"nextItem\":{\"@type\":\"ListItem\",\"@id\":\"https:\\\/\\\/lepatriotebenin.com\\\/index.php\\\/category\\\/politique\\\/#listItem\",\"name\":\"Politique\"}},{\"@type\":\"ListItem\",\"@id\":\"https:\\\/\\\/lepatriotebenin.com\\\/index.php\\\/category\\\/politique\\\/#listItem\",\"position\":2,\"name\":\"Politique\",\"item\":\"https:\\\/\\\/lepatriotebenin.com\\\/index.php\\\/category\\\/politique\\\/\",\"nextItem\":{\"@type\":\"ListItem\",\"@id\":\"https:\\\/\\\/lepatriotebenin.com\\\/index.php\\\/2026\\\/07\\\/17\\\/senegal-ousmane-sonko-vise-par-une-plainte-dans-laffaire-touba\\\/#listItem\",\"name\":\"S\\u00e9n\\u00e9gal : Ousmane Sonko vis\\u00e9 par une plainte dans l\\u2019affaire Touba\"},\"previousItem\":{\"@type\":\"ListItem\",\"@id\":\"https:\\\/\\\/lepatriotebenin.com#listItem\",\"name\":\"Home\"}},{\"@type\":\"ListItem\",\"@id\":\"https:\\\/\\\/lepatriotebenin.com\\\/index.php\\\/2026\\\/07\\\/17\\\/senegal-ousmane-sonko-vise-par-une-plainte-dans-laffaire-touba\\\/#listItem\",\"position\":3,\"name\":\"S\\u00e9n\\u00e9gal : Ousmane Sonko vis\\u00e9 par une plainte dans l\\u2019affaire Touba\",\"previousItem\":{\"@type\":\"ListItem\",\"@id\":\"https:\\\/\\\/lepatriotebenin.com\\\/index.php\\\/category\\\/politique\\\/#listItem\",\"name\":\"Politique\"}}]},{\"@type\":\"Organization\",\"@id\":\"https:\\\/\\\/lepatriotebenin.com\\\/#organization\",\"name\":\"Le Patriote\",\"description\":\"Le Patriote B\\u00e9nin\",\"url\":\"https:\\\/\\\/lepatriotebenin.com\\\/\"},{\"@type\":\"Person\",\"@id\":\"https:\\\/\\\/lepatriotebenin.com#author\",\"url\":\"https:\\\/\\\/lepatriotebenin.com\",\"name\":\"Redaction\",\"image\":{\"@type\":\"ImageObject\",\"@id\":\"https:\\\/\\\/lepatriotebenin.com\\\/index.php\\\/2026\\\/07\\\/17\\\/senegal-ousmane-sonko-vise-par-une-plainte-dans-laffaire-touba\\\/#authorImage\",\"url\":\"https:\\\/\\\/secure.gravatar.com\\\/avatar\\\/c4c509357859ea2ca2cbb6d8812898a73e4ef1ef9934c2e591d7e32face734d1?s=96&d=mm&r=g\",\"width\":96,\"height\":96,\"caption\":\"Redaction\"}},{\"@type\":\"WebPage\",\"@id\":\"https:\\\/\\\/lepatriotebenin.com\\\/index.php\\\/2026\\\/07\\\/17\\\/senegal-ousmane-sonko-vise-par-une-plainte-dans-laffaire-touba\\\/#webpage\",\"url\":\"https:\\\/\\\/lepatriotebenin.com\\\/index.php\\\/2026\\\/07\\\/17\\\/senegal-ousmane-sonko-vise-par-une-plainte-dans-laffaire-touba\\\/\",\"name\":\"S\\u00e9n\\u00e9gal : Ousmane Sonko vis\\u00e9 par une plainte dans l\\u2019affaire Touba - Le Patriote\",\"description\":\"Le pr\\u00e9sident de l\\u2019Assembl\\u00e9e nationale s\\u00e9n\\u00e9galaise, Ousmane Sonko, fait face \\u00e0 une proc\\u00e9dure judiciaire. D\\u2019apr\\u00e8s les informations rapport\\u00e9es par le journal Le Quotidien, une plainte a \\u00e9t\\u00e9 d\\u00e9pos\\u00e9e contre l\\u2019ancien Premier ministre aupr\\u00e8s du procureur de la R\\u00e9publique pr\\u00e8s le Tribunal de grande instance hors classe de Dakar. En effet, l\\u2019affaire est d\\u00e9sormais entre\",\"inLanguage\":\"fr-FR\",\"isPartOf\":{\"@id\":\"https:\\\/\\\/lepatriotebenin.com\\\/#website\"},\"breadcrumb\":{\"@id\":\"https:\\\/\\\/lepatriotebenin.com\\\/index.php\\\/2026\\\/07\\\/17\\\/senegal-ousmane-sonko-vise-par-une-plainte-dans-laffaire-touba\\\/#breadcrumblist\"},\"author\":{\"@id\":\"https:\\\/\\\/lepatriotebenin.com#author\"},\"creator\":{\"@id\":\"https:\\\/\\\/lepatriotebenin.com#author\"},\"image\":{\"@type\":\"ImageObject\",\"url\":\"https:\\\/\\\/lepatriotebenin.com\\\/wp-content\\\/uploads\\\/2026\\\/07\\\/senegal-2.jpg\",\"@id\":\"https:\\\/\\\/lepatriotebenin.com\\\/index.php\\\/2026\\\/07\\\/17\\\/senegal-ousmane-sonko-vise-par-une-plainte-dans-laffaire-touba\\\/#mainImage\",\"width\":696,\"height\":426},\"primaryImageOfPage\":{\"@id\":\"https:\\\/\\\/lepatriotebenin.com\\\/index.php\\\/2026\\\/07\\\/17\\\/senegal-ousmane-sonko-vise-par-une-plainte-dans-laffaire-touba\\\/#mainImage\"},\"datePublished\":\"2026-07-17T01:19:08+02:00\",\"dateModified\":\"2026-07-17T01:19:08+02:00\"},{\"@type\":\"WebSite\",\"@id\":\"https:\\\/\\\/lepatriotebenin.com\\\/#website\",\"url\":\"https:\\\/\\\/lepatriotebenin.com\\\/\",\"name\":\"Le Patriote\",\"description\":\"Le Patriote B\\u00e9nin\",\"inLanguage\":\"fr-FR\",\"publisher\":{\"@id\":\"https:\\\/\\\/lepatriotebenin.com\\\/#organization\"}}]}\n\t\t<\/script>\n\t\t<!-- All in One SEO -->\n\n","aioseo_head_json":{"title":"S\u00e9n\u00e9gal : Ousmane Sonko vis\u00e9 par une plainte dans l\u2019affaire Touba - Le Patriote","description":"Le pr\u00e9sident de l\u2019Assembl\u00e9e nationale s\u00e9n\u00e9galaise, Ousmane Sonko, fait face \u00e0 une proc\u00e9dure judiciaire. D\u2019apr\u00e8s les informations rapport\u00e9es par le journal Le Quotidien, une plainte a \u00e9t\u00e9 d\u00e9pos\u00e9e contre l\u2019ancien Premier ministre aupr\u00e8s du procureur de la R\u00e9publique pr\u00e8s le Tribunal de grande instance hors classe de Dakar. En effet, l\u2019affaire est d\u00e9sormais entre","canonical_url":"https:\/\/lepatriotebenin.com\/index.php\/2026\/07\/17\/senegal-ousmane-sonko-vise-par-une-plainte-dans-laffaire-touba\/","robots":"max-image-preview:large","keywords":"","webmasterTools":{"miscellaneous":""},"schema":{"@context":"https:\/\/schema.org","@graph":[{"@type":"BlogPosting","@id":"https:\/\/lepatriotebenin.com\/index.php\/2026\/07\/17\/senegal-ousmane-sonko-vise-par-une-plainte-dans-laffaire-touba\/#blogposting","name":"S\u00e9n\u00e9gal : Ousmane Sonko vis\u00e9 par une plainte dans l\u2019affaire Touba - Le Patriote","headline":"S\u00e9n\u00e9gal : Ousmane Sonko vis\u00e9 par une plainte dans l\u2019affaire Touba","author":{"@id":"https:\/\/lepatriotebenin.com#author"},"publisher":{"@id":"https:\/\/lepatriotebenin.com\/#organization"},"image":{"@type":"ImageObject","url":"https:\/\/lepatriotebenin.com\/wp-content\/uploads\/2026\/07\/senegal-2.jpg","width":696,"height":426},"datePublished":"2026-07-17T01:19:08+02:00","dateModified":"2026-07-17T01:19:08+02:00","inLanguage":"fr-FR","mainEntityOfPage":{"@id":"https:\/\/lepatriotebenin.com\/index.php\/2026\/07\/17\/senegal-ousmane-sonko-vise-par-une-plainte-dans-laffaire-touba\/#webpage"},"isPartOf":{"@id":"https:\/\/lepatriotebenin.com\/index.php\/2026\/07\/17\/senegal-ousmane-sonko-vise-par-une-plainte-dans-laffaire-touba\/#webpage"},"articleSection":"Politique"},{"@type":"BreadcrumbList","@id":"https:\/\/lepatriotebenin.com\/index.php\/2026\/07\/17\/senegal-ousmane-sonko-vise-par-une-plainte-dans-laffaire-touba\/#breadcrumblist","itemListElement":[{"@type":"ListItem","@id":"https:\/\/lepatriotebenin.com#listItem","position":1,"name":"Home","item":"https:\/\/lepatriotebenin.com","nextItem":{"@type":"ListItem","@id":"https:\/\/lepatriotebenin.com\/index.php\/category\/politique\/#listItem","name":"Politique"}},{"@type":"ListItem","@id":"https:\/\/lepatriotebenin.com\/index.php\/category\/politique\/#listItem","position":2,"name":"Politique","item":"https:\/\/lepatriotebenin.com\/index.php\/category\/politique\/","nextItem":{"@type":"ListItem","@id":"https:\/\/lepatriotebenin.com\/index.php\/2026\/07\/17\/senegal-ousmane-sonko-vise-par-une-plainte-dans-laffaire-touba\/#listItem","name":"S\u00e9n\u00e9gal : Ousmane Sonko vis\u00e9 par une plainte dans l\u2019affaire Touba"},"previousItem":{"@type":"ListItem","@id":"https:\/\/lepatriotebenin.com#listItem","name":"Home"}},{"@type":"ListItem","@id":"https:\/\/lepatriotebenin.com\/index.php\/2026\/07\/17\/senegal-ousmane-sonko-vise-par-une-plainte-dans-laffaire-touba\/#listItem","position":3,"name":"S\u00e9n\u00e9gal : Ousmane Sonko vis\u00e9 par une plainte dans l\u2019affaire Touba","previousItem":{"@type":"ListItem","@id":"https:\/\/lepatriotebenin.com\/index.php\/category\/politique\/#listItem","name":"Politique"}}]},{"@type":"Organization","@id":"https:\/\/lepatriotebenin.com\/#organization","name":"Le Patriote","description":"Le Patriote B\u00e9nin","url":"https:\/\/lepatriotebenin.com\/"},{"@type":"Person","@id":"https:\/\/lepatriotebenin.com#author","url":"https:\/\/lepatriotebenin.com","name":"Redaction","image":{"@type":"ImageObject","@id":"https:\/\/lepatriotebenin.com\/index.php\/2026\/07\/17\/senegal-ousmane-sonko-vise-par-une-plainte-dans-laffaire-touba\/#authorImage","url":"https:\/\/secure.gravatar.com\/avatar\/c4c509357859ea2ca2cbb6d8812898a73e4ef1ef9934c2e591d7e32face734d1?s=96&d=mm&r=g","width":96,"height":96,"caption":"Redaction"}},{"@type":"WebPage","@id":"https:\/\/lepatriotebenin.com\/index.php\/2026\/07\/17\/senegal-ousmane-sonko-vise-par-une-plainte-dans-laffaire-touba\/#webpage","url":"https:\/\/lepatriotebenin.com\/index.php\/2026\/07\/17\/senegal-ousmane-sonko-vise-par-une-plainte-dans-laffaire-touba\/","name":"S\u00e9n\u00e9gal : Ousmane Sonko vis\u00e9 par une plainte dans l\u2019affaire Touba - Le Patriote","description":"Le pr\u00e9sident de l\u2019Assembl\u00e9e nationale s\u00e9n\u00e9galaise, Ousmane Sonko, fait face \u00e0 une proc\u00e9dure judiciaire. D\u2019apr\u00e8s les informations rapport\u00e9es par le journal Le Quotidien, une plainte a \u00e9t\u00e9 d\u00e9pos\u00e9e contre l\u2019ancien Premier ministre aupr\u00e8s du procureur de la R\u00e9publique pr\u00e8s le Tribunal de grande instance hors classe de Dakar. En effet, l\u2019affaire est d\u00e9sormais entre","inLanguage":"fr-FR","isPartOf":{"@id":"https:\/\/lepatriotebenin.com\/#website"},"breadcrumb":{"@id":"https:\/\/lepatriotebenin.com\/index.php\/2026\/07\/17\/senegal-ousmane-sonko-vise-par-une-plainte-dans-laffaire-touba\/#breadcrumblist"},"author":{"@id":"https:\/\/lepatriotebenin.com#author"},"creator":{"@id":"https:\/\/lepatriotebenin.com#author"},"image":{"@type":"ImageObject","url":"https:\/\/lepatriotebenin.com\/wp-content\/uploads\/2026\/07\/senegal-2.jpg","@id":"https:\/\/lepatriotebenin.com\/index.php\/2026\/07\/17\/senegal-ousmane-sonko-vise-par-une-plainte-dans-laffaire-touba\/#mainImage","width":696,"height":426},"primaryImageOfPage":{"@id":"https:\/\/lepatriotebenin.com\/index.php\/2026\/07\/17\/senegal-ousmane-sonko-vise-par-une-plainte-dans-laffaire-touba\/#mainImage"},"datePublished":"2026-07-17T01:19:08+02:00","dateModified":"2026-07-17T01:19:08+02:00"},{"@type":"WebSite","@id":"https:\/\/lepatriotebenin.com\/#website","url":"https:\/\/lepatriotebenin.com\/","name":"Le Patriote","description":"Le Patriote B\u00e9nin","inLanguage":"fr-FR","publisher":{"@id":"https:\/\/lepatriotebenin.com\/#organization"}}]},"og:locale":"fr_FR","og:site_name":"Le Patriote - Le Patriote B\u00e9nin","og:type":"article","og:title":"S\u00e9n\u00e9gal : Ousmane Sonko vis\u00e9 par une plainte dans l\u2019affaire Touba - Le Patriote","og:description":"Le pr\u00e9sident de l\u2019Assembl\u00e9e nationale s\u00e9n\u00e9galaise, Ousmane Sonko, fait face \u00e0 une proc\u00e9dure judiciaire. D\u2019apr\u00e8s les informations rapport\u00e9es par le journal Le Quotidien, une plainte a \u00e9t\u00e9 d\u00e9pos\u00e9e contre l\u2019ancien Premier ministre aupr\u00e8s du procureur de la R\u00e9publique pr\u00e8s le Tribunal de grande instance hors classe de Dakar. En effet, l\u2019affaire est d\u00e9sormais entre","og:url":"https:\/\/lepatriotebenin.com\/index.php\/2026\/07\/17\/senegal-ousmane-sonko-vise-par-une-plainte-dans-laffaire-touba\/","article:published_time":"2026-07-16T23:19:08+00:00","article:modified_time":"2026-07-16T23:19:08+00:00","twitter:card":"summary_large_image","twitter:title":"S\u00e9n\u00e9gal : Ousmane Sonko vis\u00e9 par une plainte dans l\u2019affaire Touba - Le Patriote","twitter:description":"Le pr\u00e9sident de l\u2019Assembl\u00e9e nationale s\u00e9n\u00e9galaise, Ousmane Sonko, fait face \u00e0 une proc\u00e9dure judiciaire. D\u2019apr\u00e8s les informations rapport\u00e9es par le journal Le Quotidien, une plainte a \u00e9t\u00e9 d\u00e9pos\u00e9e contre l\u2019ancien Premier ministre aupr\u00e8s du procureur de la R\u00e9publique pr\u00e8s le Tribunal de grande instance hors classe de Dakar. En effet, l\u2019affaire est d\u00e9sormais entre"},"aioseo_meta_data":{"post_id":"21756","title":null,"description":null,"keywords":null,"keyphrases":{"focus":{"keyphrase":"","score":0,"analysis":{"keyphraseInTitle":{"score":0,"maxScore":9,"error":1}}},"additional":[]},"primary_term":null,"canonical_url":null,"og_title":null,"og_description":null,"og_object_type":"default","og_image_type":"default","og_image_url":null,"og_image_width":null,"og_image_height":null,"og_image_custom_url":null,"og_image_custom_fields":null,"og_video":"","og_custom_url":null,"og_article_section":null,"og_article_tags":null,"twitter_use_og":false,"twitter_card":"default","twitter_image_type":"default","twitter_image_url":null,"twitter_image_custom_url":null,"twitter_image_custom_fields":null,"twitter_title":null,"twitter_description":null,"schema":{"blockGraphs":[],"customGraphs":[],"default":{"data":{"Article":[],"Course":[],"Dataset":[],"FAQPage":[],"Movie":[],"Person":[],"Product":[],"ProductReview":[],"Car":[],"Recipe":[],"Service":[],"SoftwareApplication":[],"WebPage":[]},"graphName":"BlogPosting","isEnabled":true},"graphs":[]},"schema_type":"default","schema_type_options":null,"pillar_content":false,"robots_default":true,"robots_noindex":false,"robots_noarchive":false,"robots_nosnippet":false,"robots_nofollow":false,"robots_noimageindex":false,"robots_noodp":false,"robots_notranslate":false,"robots_max_snippet":"-1","robots_max_videopreview":"-1","robots_max_imagepreview":"large","priority":null,"frequency":"default","local_seo":null,"breadcrumb_settings":null,"limit_modified_date":false,"ai":{"faqs":[],"keyPoints":[],"schemas":[],"titles":[],"descriptions":[],"socialPosts":{"email":{"subject":"","preview":"","content":""},"linkedin":[],"twitter":[],"facebook":[],"instagram":[]}},"created":"2026-07-16 23:19:08","updated":"2026-07-17 00:00:24","seo_analyzer_scan_date":null,"focus_keyword":null,"additional_keywords":null,"truseo_locale":null},"aioseo_breadcrumb":"<div class=\"aioseo-breadcrumbs\"><span class=\"aioseo-breadcrumb\">\n\t\t\t<a href=\"https:\/\/lepatriotebenin.com\" title=\"Home\">Home<\/a>\n\t\t<\/span><span class=\"aioseo-breadcrumb-separator\">&raquo;<\/span><span class=\"aioseo-breadcrumb\">\n\t\t\t<a href=\"https:\/\/lepatriotebenin.com\/index.php\/category\/politique\/\" title=\"Politique\">Politique<\/a>\n\t\t<\/span><span class=\"aioseo-breadcrumb-separator\">&raquo;<\/span><span class=\"aioseo-breadcrumb\">\n\t\t\tS\u00e9n\u00e9gal : Ousmane Sonko vis\u00e9 par une plainte dans l\u2019affaire Touba\n\t\t<\/span><\/div>","aioseo_breadcrumb_json":[{"label":"Home","link":"https:\/\/lepatriotebenin.com"},{"label":"Politique","link":"https:\/\/lepatriotebenin.com\/index.php\/category\/politique\/"},{"label":"S\u00e9n\u00e9gal : Ousmane Sonko vis\u00e9 par une plainte dans l\u2019affaire Touba","link":"https:\/\/lepatriotebenin.com\/index.php\/2026\/07\/17\/senegal-ousmane-sonko-vise-par-une-plainte-dans-laffaire-touba\/"}],"yoast_head":"<!-- This site is optimized with the Yoast SEO plugin v28.3 - https:\/\/yoast.com\/product\/yoast-seo-wordpress\/ -->\n<title>S\u00e9n\u00e9gal : Ousmane Sonko vis\u00e9 par une plainte dans l\u2019affaire Touba - Le Patriote<\/title>\n<meta name=\"robots\" content=\"index, follow, max-snippet:-1, max-image-preview:large, max-video-preview:-1\" \/>\n<link rel=\"canonical\" href=\"https:\/\/lepatriotebenin.com\/index.php\/2026\/07\/17\/senegal-ousmane-sonko-vise-par-une-plainte-dans-laffaire-touba\/\" \/>\n<meta property=\"og:locale\" content=\"fr_FR\" \/>\n<meta property=\"og:type\" content=\"article\" \/>\n<meta property=\"og:title\" content=\"S\u00e9n\u00e9gal : Ousmane Sonko vis\u00e9 par une plainte dans l\u2019affaire Touba - Le Patriote\" \/>\n<meta property=\"og:description\" content=\"&nbsp; Le pr\u00e9sident de l\u2019Assembl\u00e9e nationale s\u00e9n\u00e9galaise, Ousmane Sonko, fait face \u00e0 une proc\u00e9dure judiciaire. D\u2019apr\u00e8s les informations rapport\u00e9es par le journal Le Quotidien, une plainte a \u00e9t\u00e9 d\u00e9pos\u00e9e contre&hellip;\" \/>\n<meta property=\"og:url\" content=\"https:\/\/lepatriotebenin.com\/index.php\/2026\/07\/17\/senegal-ousmane-sonko-vise-par-une-plainte-dans-laffaire-touba\/\" \/>\n<meta property=\"og:site_name\" content=\"Le Patriote\" \/>\n<meta property=\"article:published_time\" content=\"2026-07-16T23:19:08+00:00\" \/>\n<meta property=\"og:image\" content=\"https:\/\/lepatriotebenin.com\/wp-content\/uploads\/2026\/07\/senegal-2.jpg\" \/>\n\t<meta property=\"og:image:width\" content=\"696\" \/>\n\t<meta property=\"og:image:height\" content=\"426\" \/>\n\t<meta property=\"og:image:type\" content=\"image\/jpeg\" \/>\n<meta name=\"author\" content=\"Redaction\" \/>\n<meta name=\"twitter:card\" content=\"summary_large_image\" \/>\n<meta name=\"twitter:label1\" content=\"\u00c9crit par\" \/>\n\t<meta name=\"twitter:data1\" content=\"Redaction\" \/>\n\t<meta name=\"twitter:label2\" content=\"Dur\u00e9e de lecture estim\u00e9e\" \/>\n\t<meta name=\"twitter:data2\" content=\"2 minutes\" \/>\n<script type=\"application\/ld+json\" class=\"yoast-schema-graph\">{\"@context\":\"https:\\\/\\\/schema.org\",\"@graph\":[{\"@type\":\"Article\",\"@id\":\"https:\\\/\\\/lepatriotebenin.com\\\/index.php\\\/2026\\\/07\\\/17\\\/senegal-ousmane-sonko-vise-par-une-plainte-dans-laffaire-touba\\\/#article\",\"isPartOf\":{\"@id\":\"https:\\\/\\\/lepatriotebenin.com\\\/index.php\\\/2026\\\/07\\\/17\\\/senegal-ousmane-sonko-vise-par-une-plainte-dans-laffaire-touba\\\/\"},\"author\":{\"name\":\"Redaction\",\"@id\":\"https:\\\/\\\/lepatriotebenin.com\\\/#\\\/schema\\\/person\\\/2e7709b9c9cc313e452d1136af61690f\"},\"headline\":\"S\u00e9n\u00e9gal : Ousmane Sonko vis\u00e9 par une plainte dans l\u2019affaire Touba\",\"datePublished\":\"2026-07-16T23:19:08+00:00\",\"mainEntityOfPage\":{\"@id\":\"https:\\\/\\\/lepatriotebenin.com\\\/index.php\\\/2026\\\/07\\\/17\\\/senegal-ousmane-sonko-vise-par-une-plainte-dans-laffaire-touba\\\/\"},\"wordCount\":376,\"commentCount\":0,\"image\":{\"@id\":\"https:\\\/\\\/lepatriotebenin.com\\\/index.php\\\/2026\\\/07\\\/17\\\/senegal-ousmane-sonko-vise-par-une-plainte-dans-laffaire-touba\\\/#primaryimage\"},\"thumbnailUrl\":\"https:\\\/\\\/lepatriotebenin.com\\\/wp-content\\\/uploads\\\/2026\\\/07\\\/senegal-2.jpg\",\"articleSection\":[\"Politique\"],\"inLanguage\":\"fr-FR\",\"potentialAction\":[{\"@type\":\"CommentAction\",\"name\":\"Comment\",\"target\":[\"https:\\\/\\\/lepatriotebenin.com\\\/index.php\\\/2026\\\/07\\\/17\\\/senegal-ousmane-sonko-vise-par-une-plainte-dans-laffaire-touba\\\/#respond\"]}]},{\"@type\":\"WebPage\",\"@id\":\"https:\\\/\\\/lepatriotebenin.com\\\/index.php\\\/2026\\\/07\\\/17\\\/senegal-ousmane-sonko-vise-par-une-plainte-dans-laffaire-touba\\\/\",\"url\":\"https:\\\/\\\/lepatriotebenin.com\\\/index.php\\\/2026\\\/07\\\/17\\\/senegal-ousmane-sonko-vise-par-une-plainte-dans-laffaire-touba\\\/\",\"name\":\"S\u00e9n\u00e9gal : Ousmane Sonko vis\u00e9 par une plainte dans l\u2019affaire Touba - Le Patriote\",\"isPartOf\":{\"@id\":\"https:\\\/\\\/lepatriotebenin.com\\\/#website\"},\"primaryImageOfPage\":{\"@id\":\"https:\\\/\\\/lepatriotebenin.com\\\/index.php\\\/2026\\\/07\\\/17\\\/senegal-ousmane-sonko-vise-par-une-plainte-dans-laffaire-touba\\\/#primaryimage\"},\"image\":{\"@id\":\"https:\\\/\\\/lepatriotebenin.com\\\/index.php\\\/2026\\\/07\\\/17\\\/senegal-ousmane-sonko-vise-par-une-plainte-dans-laffaire-touba\\\/#primaryimage\"},\"thumbnailUrl\":\"https:\\\/\\\/lepatriotebenin.com\\\/wp-content\\\/uploads\\\/2026\\\/07\\\/senegal-2.jpg\",\"datePublished\":\"2026-07-16T23:19:08+00:00\",\"author\":{\"@id\":\"https:\\\/\\\/lepatriotebenin.com\\\/#\\\/schema\\\/person\\\/2e7709b9c9cc313e452d1136af61690f\"},\"breadcrumb\":{\"@id\":\"https:\\\/\\\/lepatriotebenin.com\\\/index.php\\\/2026\\\/07\\\/17\\\/senegal-ousmane-sonko-vise-par-une-plainte-dans-laffaire-touba\\\/#breadcrumb\"},\"inLanguage\":\"fr-FR\",\"potentialAction\":[{\"@type\":\"ReadAction\",\"target\":[\"https:\\\/\\\/lepatriotebenin.com\\\/index.php\\\/2026\\\/07\\\/17\\\/senegal-ousmane-sonko-vise-par-une-plainte-dans-laffaire-touba\\\/\"]}]},{\"@type\":\"ImageObject\",\"inLanguage\":\"fr-FR\",\"@id\":\"https:\\\/\\\/lepatriotebenin.com\\\/index.php\\\/2026\\\/07\\\/17\\\/senegal-ousmane-sonko-vise-par-une-plainte-dans-laffaire-touba\\\/#primaryimage\",\"url\":\"https:\\\/\\\/lepatriotebenin.com\\\/wp-content\\\/uploads\\\/2026\\\/07\\\/senegal-2.jpg\",\"contentUrl\":\"https:\\\/\\\/lepatriotebenin.com\\\/wp-content\\\/uploads\\\/2026\\\/07\\\/senegal-2.jpg\",\"width\":696,\"height\":426},{\"@type\":\"BreadcrumbList\",\"@id\":\"https:\\\/\\\/lepatriotebenin.com\\\/index.php\\\/2026\\\/07\\\/17\\\/senegal-ousmane-sonko-vise-par-une-plainte-dans-laffaire-touba\\\/#breadcrumb\",\"itemListElement\":[{\"@type\":\"ListItem\",\"position\":1,\"name\":\"Accueil\",\"item\":\"https:\\\/\\\/lepatriotebenin.com\\\/\"},{\"@type\":\"ListItem\",\"position\":2,\"name\":\"S\u00e9n\u00e9gal : Ousmane Sonko vis\u00e9 par une plainte dans l\u2019affaire Touba\"}]},{\"@type\":\"WebSite\",\"@id\":\"https:\\\/\\\/lepatriotebenin.com\\\/#website\",\"url\":\"https:\\\/\\\/lepatriotebenin.com\\\/\",\"name\":\"Le Patriote\",\"description\":\"Le Patriote B\u00e9nin\",\"potentialAction\":[{\"@type\":\"SearchAction\",\"target\":{\"@type\":\"EntryPoint\",\"urlTemplate\":\"https:\\\/\\\/lepatriotebenin.com\\\/?s={search_term_string}\"},\"query-input\":{\"@type\":\"PropertyValueSpecification\",\"valueRequired\":true,\"valueName\":\"search_term_string\"}}],\"inLanguage\":\"fr-FR\"},{\"@type\":\"Person\",\"@id\":\"https:\\\/\\\/lepatriotebenin.com\\\/#\\\/schema\\\/person\\\/2e7709b9c9cc313e452d1136af61690f\",\"name\":\"Redaction\",\"image\":{\"@type\":\"ImageObject\",\"inLanguage\":\"fr-FR\",\"@id\":\"https:\\\/\\\/secure.gravatar.com\\\/avatar\\\/c4c509357859ea2ca2cbb6d8812898a73e4ef1ef9934c2e591d7e32face734d1?s=96&d=mm&r=g\",\"url\":\"https:\\\/\\\/secure.gravatar.com\\\/avatar\\\/c4c509357859ea2ca2cbb6d8812898a73e4ef1ef9934c2e591d7e32face734d1?s=96&d=mm&r=g\",\"contentUrl\":\"https:\\\/\\\/secure.gravatar.com\\\/avatar\\\/c4c509357859ea2ca2cbb6d8812898a73e4ef1ef9934c2e591d7e32face734d1?s=96&d=mm&r=g\",\"caption\":\"Redaction\"},\"url\":\"https:\\\/\\\/lepatriotebenin.com\"}]}<\/script>\n<!-- \/ Yoast SEO plugin. -->","yoast_head_json":{"title":"S\u00e9n\u00e9gal : Ousmane Sonko vis\u00e9 par une plainte dans l\u2019affaire Touba - Le Patriote","robots":{"index":"index","follow":"follow","max-snippet":"max-snippet:-1","max-image-preview":"max-image-preview:large","max-video-preview":"max-video-preview:-1"},"canonical":"https:\/\/lepatriotebenin.com\/index.php\/2026\/07\/17\/senegal-ousmane-sonko-vise-par-une-plainte-dans-laffaire-touba\/","og_locale":"fr_FR","og_type":"article","og_title":"S\u00e9n\u00e9gal : Ousmane Sonko vis\u00e9 par une plainte dans l\u2019affaire Touba - Le Patriote","og_description":"&nbsp; Le pr\u00e9sident de l\u2019Assembl\u00e9e nationale s\u00e9n\u00e9galaise, Ousmane Sonko, fait face \u00e0 une proc\u00e9dure judiciaire. D\u2019apr\u00e8s les informations rapport\u00e9es par le journal Le Quotidien, une plainte a \u00e9t\u00e9 d\u00e9pos\u00e9e contre&hellip;","og_url":"https:\/\/lepatriotebenin.com\/index.php\/2026\/07\/17\/senegal-ousmane-sonko-vise-par-une-plainte-dans-laffaire-touba\/","og_site_name":"Le Patriote","article_published_time":"2026-07-16T23:19:08+00:00","og_image":[{"width":696,"height":426,"url":"https:\/\/lepatriotebenin.com\/wp-content\/uploads\/2026\/07\/senegal-2.jpg","type":"image\/jpeg"}],"author":"Redaction","twitter_card":"summary_large_image","twitter_misc":{"\u00c9crit par":"Redaction","Dur\u00e9e de lecture estim\u00e9e":"2 minutes"},"schema":{"@context":"https:\/\/schema.org","@graph":[{"@type":"Article","@id":"https:\/\/lepatriotebenin.com\/index.php\/2026\/07\/17\/senegal-ousmane-sonko-vise-par-une-plainte-dans-laffaire-touba\/#article","isPartOf":{"@id":"https:\/\/lepatriotebenin.com\/index.php\/2026\/07\/17\/senegal-ousmane-sonko-vise-par-une-plainte-dans-laffaire-touba\/"},"author":{"name":"Redaction","@id":"https:\/\/lepatriotebenin.com\/#\/schema\/person\/2e7709b9c9cc313e452d1136af61690f"},"headline":"S\u00e9n\u00e9gal : Ousmane Sonko vis\u00e9 par une plainte dans l\u2019affaire Touba","datePublished":"2026-07-16T23:19:08+00:00","mainEntityOfPage":{"@id":"https:\/\/lepatriotebenin.com\/index.php\/2026\/07\/17\/senegal-ousmane-sonko-vise-par-une-plainte-dans-laffaire-touba\/"},"wordCount":376,"commentCount":0,"image":{"@id":"https:\/\/lepatriotebenin.com\/index.php\/2026\/07\/17\/senegal-ousmane-sonko-vise-par-une-plainte-dans-laffaire-touba\/#primaryimage"},"thumbnailUrl":"https:\/\/lepatriotebenin.com\/wp-content\/uploads\/2026\/07\/senegal-2.jpg","articleSection":["Politique"],"inLanguage":"fr-FR","potentialAction":[{"@type":"CommentAction","name":"Comment","target":["https:\/\/lepatriotebenin.com\/index.php\/2026\/07\/17\/senegal-ousmane-sonko-vise-par-une-plainte-dans-laffaire-touba\/#respond"]}]},{"@type":"WebPage","@id":"https:\/\/lepatriotebenin.com\/index.php\/2026\/07\/17\/senegal-ousmane-sonko-vise-par-une-plainte-dans-laffaire-touba\/","url":"https:\/\/lepatriotebenin.com\/index.php\/2026\/07\/17\/senegal-ousmane-sonko-vise-par-une-plainte-dans-laffaire-touba\/","name":"S\u00e9n\u00e9gal : Ousmane Sonko vis\u00e9 par une plainte dans l\u2019affaire Touba - Le Patriote","isPartOf":{"@id":"https:\/\/lepatriotebenin.com\/#website"},"primaryImageOfPage":{"@id":"https:\/\/lepatriotebenin.com\/index.php\/2026\/07\/17\/senegal-ousmane-sonko-vise-par-une-plainte-dans-laffaire-touba\/#primaryimage"},"image":{"@id":"https:\/\/lepatriotebenin.com\/index.php\/2026\/07\/17\/senegal-ousmane-sonko-vise-par-une-plainte-dans-laffaire-touba\/#primaryimage"},"thumbnailUrl":"https:\/\/lepatriotebenin.com\/wp-content\/uploads\/2026\/07\/senegal-2.jpg","datePublished":"2026-07-16T23:19:08+00:00","author":{"@id":"https:\/\/lepatriotebenin.com\/#\/schema\/person\/2e7709b9c9cc313e452d1136af61690f"},"breadcrumb":{"@id":"https:\/\/lepatriotebenin.com\/index.php\/2026\/07\/17\/senegal-ousmane-sonko-vise-par-une-plainte-dans-laffaire-touba\/#breadcrumb"},"inLanguage":"fr-FR","potentialAction":[{"@type":"ReadAction","target":["https:\/\/lepatriotebenin.com\/index.php\/2026\/07\/17\/senegal-ousmane-sonko-vise-par-une-plainte-dans-laffaire-touba\/"]}]},{"@type":"ImageObject","inLanguage":"fr-FR","@id":"https:\/\/lepatriotebenin.com\/index.php\/2026\/07\/17\/senegal-ousmane-sonko-vise-par-une-plainte-dans-laffaire-touba\/#primaryimage","url":"https:\/\/lepatriotebenin.com\/wp-content\/uploads\/2026\/07\/senegal-2.jpg","contentUrl":"https:\/\/lepatriotebenin.com\/wp-content\/uploads\/2026\/07\/senegal-2.jpg","width":696,"height":426},{"@type":"BreadcrumbList","@id":"https:\/\/lepatriotebenin.com\/index.php\/2026\/07\/17\/senegal-ousmane-sonko-vise-par-une-plainte-dans-laffaire-touba\/#breadcrumb","itemListElement":[{"@type":"ListItem","position":1,"name":"Accueil","item":"https:\/\/lepatriotebenin.com\/"},{"@type":"ListItem","position":2,"name":"S\u00e9n\u00e9gal : Ousmane Sonko vis\u00e9 par une plainte dans l\u2019affaire Touba"}]},{"@type":"WebSite","@id":"https:\/\/lepatriotebenin.com\/#website","url":"https:\/\/lepatriotebenin.com\/","name":"Le Patriote","description":"Le Patriote B\u00e9nin","potentialAction":[{"@type":"SearchAction","target":{"@type":"EntryPoint","urlTemplate":"https:\/\/lepatriotebenin.com\/?s={search_term_string}"},"query-input":{"@type":"PropertyValueSpecification","valueRequired":true,"valueName":"search_term_string"}}],"inLanguage":"fr-FR"},{"@type":"Person","@id":"https:\/\/lepatriotebenin.com\/#\/schema\/person\/2e7709b9c9cc313e452d1136af61690f","name":"Redaction","image":{"@type":"ImageObject","inLanguage":"fr-FR","@id":"https:\/\/secure.gravatar.com\/avatar\/c4c509357859ea2ca2cbb6d8812898a73e4ef1ef9934c2e591d7e32face734d1?s=96&d=mm&r=g","url":"https:\/\/secure.gravatar.com\/avatar\/c4c509357859ea2ca2cbb6d8812898a73e4ef1ef9934c2e591d7e32face734d1?s=96&d=mm&r=g","contentUrl":"https:\/\/secure.gravatar.com\/avatar\/c4c509357859ea2ca2cbb6d8812898a73e4ef1ef9934c2e591d7e32face734d1?s=96&d=mm&r=g","caption":"Redaction"},"url":"https:\/\/lepatriotebenin.com"}]}},"_links":{"self":[{"href":"https:\/\/lepatriotebenin.com\/index.php\/wp-json\/wp\/v2\/posts\/21756","targetHints":{"allow":["GET"]}}],"collection":[{"href":"https:\/\/lepatriotebenin.com\/index.php\/wp-json\/wp\/v2\/posts"}],"about":[{"href":"https:\/\/lepatriotebenin.com\/index.php\/wp-json\/wp\/v2\/types\/post"}],"author":[{"embeddable":true,"href":"https:\/\/lepatriotebenin.com\/index.php\/wp-json\/wp\/v2\/users\/5"}],"replies":[{"embeddable":true,"href":"https:\/\/lepatriotebenin.com\/index.php\/wp-json\/wp\/v2\/comments?post=21756"}],"version-history":[{"count":1,"href":"https:\/\/lepatriotebenin.com\/index.php\/wp-json\/wp\/v2\/posts\/21756\/revisions"}],"predecessor-version":[{"id":21758,"href":"https:\/\/lepatriotebenin.com\/index.php\/wp-json\/wp\/v2\/posts\/21756\/revisions\/21758"}],"wp:featuredmedia":[{"embeddable":true,"href":"https:\/\/lepatriotebenin.com\/index.php\/wp-json\/wp\/v2\/media\/21757"}],"wp:attachment":[{"href":"https:\/\/lepatriotebenin.com\/index.php\/wp-json\/wp\/v2\/media?parent=21756"}],"wp:term":[{"taxonomy":"category","embeddable":true,"href":"https:\/\/lepatriotebenin.com\/index.php\/wp-json\/wp\/v2\/categories?post=21756"},{"taxonomy":"post_tag","embeddable":true,"href":"https:\/\/lepatriotebenin.com\/index.php\/wp-json\/wp\/v2\/tags?post=21756"}],"curies":[{"name":"wp","href":"https:\/\/api.w.org\/{rel}","templated":true}]}}