{"id":21744,"date":"2026-07-17T00:50:12","date_gmt":"2026-07-16T22:50:12","guid":{"rendered":"https:\/\/lepatriotebenin.com\/?p=21744"},"modified":"2026-07-17T00:50:12","modified_gmt":"2026-07-16T22:50:12","slug":"cote-divoire-la-fif-fixe-la-date-de-son-assemblee-generale-elective","status":"publish","type":"post","link":"https:\/\/lepatriotebenin.com\/index.php\/2026\/07\/17\/cote-divoire-la-fif-fixe-la-date-de-son-assemblee-generale-elective\/","title":{"rendered":"C\u00f4te d\u2019Ivoire : la FIF fixe la date de son Assembl\u00e9e g\u00e9n\u00e9rale \u00e9lective"},"content":{"rendered":"<p>La F\u00e9d\u00e9ration ivoirienne de football (FIF) a arr\u00eat\u00e9 la date de son prochain rendez-vous \u00e9lectoral. L\u2019Assembl\u00e9e g\u00e9n\u00e9rale \u00e9lective de l\u2019instance se tiendra le samedi 12 septembre 2026 \u00e0 10h00, \u00e0 la salle C de la Fondation F\u00e9lix Houphou\u00ebt-Boigny pour la Recherche de la Paix \u00e0 Yamoussoukro.<\/p>\n<p>Le proc\u00e8s-verbal complet ainsi que l\u2019ordre du jour d\u00e9taill\u00e9 de cette assembl\u00e9e sont d\u00e9sormais disponibles \u00e0 travers la convocation officielle et les documents publi\u00e9s par la F\u00e9d\u00e9ration ivoirienne de football (FIF). Ces \u00e9l\u00e9ments pr\u00e9cisent les diff\u00e9rents points statutaires inscrits au programme de cette importante \u00e9ch\u00e9ance, \u00ab qui sera remis le jour de ladite Assembl\u00e9e \u00bb, a indiqu\u00e9 le pr\u00e9sident de la FIF, Yacine Idriss Diallo.<\/p>\n<p>&nbsp;<\/p>\n<p>Alola BIAOU<\/p>\n","protected":false},"excerpt":{"rendered":"<p>La F\u00e9d\u00e9ration ivoirienne de football (FIF) a arr\u00eat\u00e9 la date de son prochain rendez-vous \u00e9lectoral. L\u2019Assembl\u00e9e g\u00e9n\u00e9rale \u00e9lective de l\u2019instance se tiendra le samedi 12 septembre 2026 \u00e0 10h00, \u00e0&hellip;<\/p>\n","protected":false},"author":5,"featured_media":21745,"comment_status":"open","ping_status":"open","sticky":false,"template":"","format":"standard","meta":{"content-type":"","om_disable_all_campaigns":false,"_monsterinsights_skip_tracking":false,"_uf_show_specific_survey":0,"_uf_disable_surveys":false,"footnotes":""},"categories":[8],"tags":[],"class_list":["post-21744","post","type-post","status-publish","format-standard","has-post-thumbnail","hentry","category-sport"],"aioseo_notices":[],"aioseo_head":"\n\t\t<!-- All in One SEO 5.0.1.1 - aioseo.com -->\n\t<meta name=\"description\" content=\"La F\u00e9d\u00e9ration ivoirienne de football (FIF) a arr\u00eat\u00e9 la date de son prochain rendez-vous \u00e9lectoral. L\u2019Assembl\u00e9e g\u00e9n\u00e9rale \u00e9lective de l\u2019instance se tiendra le samedi 12 septembre 2026 \u00e0 10h00, \u00e0 la salle C de la Fondation F\u00e9lix Houphou\u00ebt-Boigny pour la Recherche de la Paix \u00e0 Yamoussoukro. Le proc\u00e8s-verbal complet ainsi que l\u2019ordre du jour d\u00e9taill\u00e9\" \/>\n\t<meta name=\"robots\" content=\"max-image-preview:large\" \/>\n\t<meta name=\"author\" content=\"Redaction\"\/>\n\t<link rel=\"canonical\" href=\"https:\/\/lepatriotebenin.com\/index.php\/2026\/07\/17\/cote-divoire-la-fif-fixe-la-date-de-son-assemblee-generale-elective\/\" \/>\n\t<meta name=\"generator\" content=\"All in One SEO (AIOSEO) 5.0.1.1\" \/>\n\t\t<meta property=\"og:locale\" content=\"fr_FR\" \/>\n\t\t<meta property=\"og:site_name\" content=\"Le Patriote - Le Patriote B\u00e9nin\" \/>\n\t\t<meta property=\"og:type\" content=\"article\" \/>\n\t\t<meta property=\"og:title\" content=\"C\u00f4te d\u2019Ivoire : la FIF fixe la date de son Assembl\u00e9e g\u00e9n\u00e9rale \u00e9lective - Le Patriote\" \/>\n\t\t<meta property=\"og:description\" content=\"La F\u00e9d\u00e9ration ivoirienne de football (FIF) a arr\u00eat\u00e9 la date de son prochain rendez-vous \u00e9lectoral. L\u2019Assembl\u00e9e g\u00e9n\u00e9rale \u00e9lective de l\u2019instance se tiendra le samedi 12 septembre 2026 \u00e0 10h00, \u00e0 la salle C de la Fondation F\u00e9lix Houphou\u00ebt-Boigny pour la Recherche de la Paix \u00e0 Yamoussoukro. Le proc\u00e8s-verbal complet ainsi que l\u2019ordre du jour d\u00e9taill\u00e9\" \/>\n\t\t<meta property=\"og:url\" content=\"https:\/\/lepatriotebenin.com\/index.php\/2026\/07\/17\/cote-divoire-la-fif-fixe-la-date-de-son-assemblee-generale-elective\/\" \/>\n\t\t<meta property=\"article:published_time\" content=\"2026-07-16T22:50:12+00:00\" \/>\n\t\t<meta property=\"article:modified_time\" content=\"2026-07-16T22:50:12+00:00\" \/>\n\t\t<meta name=\"twitter:card\" content=\"summary_large_image\" \/>\n\t\t<meta name=\"twitter:title\" content=\"C\u00f4te d\u2019Ivoire : la FIF fixe la date de son Assembl\u00e9e g\u00e9n\u00e9rale \u00e9lective - Le Patriote\" \/>\n\t\t<meta name=\"twitter:description\" content=\"La F\u00e9d\u00e9ration ivoirienne de football (FIF) a arr\u00eat\u00e9 la date de son prochain rendez-vous \u00e9lectoral. L\u2019Assembl\u00e9e g\u00e9n\u00e9rale \u00e9lective de l\u2019instance se tiendra le samedi 12 septembre 2026 \u00e0 10h00, \u00e0 la salle C de la Fondation F\u00e9lix Houphou\u00ebt-Boigny pour la Recherche de la Paix \u00e0 Yamoussoukro. Le proc\u00e8s-verbal complet ainsi que l\u2019ordre du jour d\u00e9taill\u00e9\" \/>\n\t\t<script type=\"application\/ld+json\" class=\"aioseo-schema\">\n\t\t\t{\"@context\":\"https:\\\/\\\/schema.org\",\"@graph\":[{\"@type\":\"BlogPosting\",\"@id\":\"https:\\\/\\\/lepatriotebenin.com\\\/index.php\\\/2026\\\/07\\\/17\\\/cote-divoire-la-fif-fixe-la-date-de-son-assemblee-generale-elective\\\/#blogposting\",\"name\":\"C\\u00f4te d\\u2019Ivoire : la FIF fixe la date de son Assembl\\u00e9e g\\u00e9n\\u00e9rale \\u00e9lective - Le Patriote\",\"headline\":\"C\\u00f4te d\\u2019Ivoire : la FIF fixe la date de son Assembl\\u00e9e g\\u00e9n\\u00e9rale \\u00e9lective\",\"author\":{\"@id\":\"https:\\\/\\\/lepatriotebenin.com#author\"},\"publisher\":{\"@id\":\"https:\\\/\\\/lepatriotebenin.com\\\/#organization\"},\"image\":{\"@type\":\"ImageObject\",\"url\":\"https:\\\/\\\/lepatriotebenin.com\\\/wp-content\\\/uploads\\\/2026\\\/07\\\/709821489-1307218534857329-7161655952253142530-n.jpg\",\"width\":2048,\"height\":1365},\"datePublished\":\"2026-07-17T00:50:12+02:00\",\"dateModified\":\"2026-07-17T00:50:12+02:00\",\"inLanguage\":\"fr-FR\",\"mainEntityOfPage\":{\"@id\":\"https:\\\/\\\/lepatriotebenin.com\\\/index.php\\\/2026\\\/07\\\/17\\\/cote-divoire-la-fif-fixe-la-date-de-son-assemblee-generale-elective\\\/#webpage\"},\"isPartOf\":{\"@id\":\"https:\\\/\\\/lepatriotebenin.com\\\/index.php\\\/2026\\\/07\\\/17\\\/cote-divoire-la-fif-fixe-la-date-de-son-assemblee-generale-elective\\\/#webpage\"},\"articleSection\":\"Sport\"},{\"@type\":\"BreadcrumbList\",\"@id\":\"https:\\\/\\\/lepatriotebenin.com\\\/index.php\\\/2026\\\/07\\\/17\\\/cote-divoire-la-fif-fixe-la-date-de-son-assemblee-generale-elective\\\/#breadcrumblist\",\"itemListElement\":[{\"@type\":\"ListItem\",\"@id\":\"https:\\\/\\\/lepatriotebenin.com#listItem\",\"position\":1,\"name\":\"Home\",\"item\":\"https:\\\/\\\/lepatriotebenin.com\",\"nextItem\":{\"@type\":\"ListItem\",\"@id\":\"https:\\\/\\\/lepatriotebenin.com\\\/index.php\\\/category\\\/sport\\\/#listItem\",\"name\":\"Sport\"}},{\"@type\":\"ListItem\",\"@id\":\"https:\\\/\\\/lepatriotebenin.com\\\/index.php\\\/category\\\/sport\\\/#listItem\",\"position\":2,\"name\":\"Sport\",\"item\":\"https:\\\/\\\/lepatriotebenin.com\\\/index.php\\\/category\\\/sport\\\/\",\"nextItem\":{\"@type\":\"ListItem\",\"@id\":\"https:\\\/\\\/lepatriotebenin.com\\\/index.php\\\/2026\\\/07\\\/17\\\/cote-divoire-la-fif-fixe-la-date-de-son-assemblee-generale-elective\\\/#listItem\",\"name\":\"C\\u00f4te d\\u2019Ivoire : la FIF fixe la date de son Assembl\\u00e9e g\\u00e9n\\u00e9rale \\u00e9lective\"},\"previousItem\":{\"@type\":\"ListItem\",\"@id\":\"https:\\\/\\\/lepatriotebenin.com#listItem\",\"name\":\"Home\"}},{\"@type\":\"ListItem\",\"@id\":\"https:\\\/\\\/lepatriotebenin.com\\\/index.php\\\/2026\\\/07\\\/17\\\/cote-divoire-la-fif-fixe-la-date-de-son-assemblee-generale-elective\\\/#listItem\",\"position\":3,\"name\":\"C\\u00f4te d\\u2019Ivoire : la FIF fixe la date de son Assembl\\u00e9e g\\u00e9n\\u00e9rale \\u00e9lective\",\"previousItem\":{\"@type\":\"ListItem\",\"@id\":\"https:\\\/\\\/lepatriotebenin.com\\\/index.php\\\/category\\\/sport\\\/#listItem\",\"name\":\"Sport\"}}]},{\"@type\":\"Organization\",\"@id\":\"https:\\\/\\\/lepatriotebenin.com\\\/#organization\",\"name\":\"Le Patriote\",\"description\":\"Le Patriote B\\u00e9nin\",\"url\":\"https:\\\/\\\/lepatriotebenin.com\\\/\"},{\"@type\":\"Person\",\"@id\":\"https:\\\/\\\/lepatriotebenin.com#author\",\"url\":\"https:\\\/\\\/lepatriotebenin.com\",\"name\":\"Redaction\",\"image\":{\"@type\":\"ImageObject\",\"@id\":\"https:\\\/\\\/lepatriotebenin.com\\\/index.php\\\/2026\\\/07\\\/17\\\/cote-divoire-la-fif-fixe-la-date-de-son-assemblee-generale-elective\\\/#authorImage\",\"url\":\"https:\\\/\\\/secure.gravatar.com\\\/avatar\\\/c4c509357859ea2ca2cbb6d8812898a73e4ef1ef9934c2e591d7e32face734d1?s=96&d=mm&r=g\",\"width\":96,\"height\":96,\"caption\":\"Redaction\"}},{\"@type\":\"WebPage\",\"@id\":\"https:\\\/\\\/lepatriotebenin.com\\\/index.php\\\/2026\\\/07\\\/17\\\/cote-divoire-la-fif-fixe-la-date-de-son-assemblee-generale-elective\\\/#webpage\",\"url\":\"https:\\\/\\\/lepatriotebenin.com\\\/index.php\\\/2026\\\/07\\\/17\\\/cote-divoire-la-fif-fixe-la-date-de-son-assemblee-generale-elective\\\/\",\"name\":\"C\\u00f4te d\\u2019Ivoire : la FIF fixe la date de son Assembl\\u00e9e g\\u00e9n\\u00e9rale \\u00e9lective - Le Patriote\",\"description\":\"La F\\u00e9d\\u00e9ration ivoirienne de football (FIF) a arr\\u00eat\\u00e9 la date de son prochain rendez-vous \\u00e9lectoral. L\\u2019Assembl\\u00e9e g\\u00e9n\\u00e9rale \\u00e9lective de l\\u2019instance se tiendra le samedi 12 septembre 2026 \\u00e0 10h00, \\u00e0 la salle C de la Fondation F\\u00e9lix Houphou\\u00ebt-Boigny pour la Recherche de la Paix \\u00e0 Yamoussoukro. Le proc\\u00e8s-verbal complet ainsi que l\\u2019ordre du jour d\\u00e9taill\\u00e9\",\"inLanguage\":\"fr-FR\",\"isPartOf\":{\"@id\":\"https:\\\/\\\/lepatriotebenin.com\\\/#website\"},\"breadcrumb\":{\"@id\":\"https:\\\/\\\/lepatriotebenin.com\\\/index.php\\\/2026\\\/07\\\/17\\\/cote-divoire-la-fif-fixe-la-date-de-son-assemblee-generale-elective\\\/#breadcrumblist\"},\"author\":{\"@id\":\"https:\\\/\\\/lepatriotebenin.com#author\"},\"creator\":{\"@id\":\"https:\\\/\\\/lepatriotebenin.com#author\"},\"image\":{\"@type\":\"ImageObject\",\"url\":\"https:\\\/\\\/lepatriotebenin.com\\\/wp-content\\\/uploads\\\/2026\\\/07\\\/709821489-1307218534857329-7161655952253142530-n.jpg\",\"@id\":\"https:\\\/\\\/lepatriotebenin.com\\\/index.php\\\/2026\\\/07\\\/17\\\/cote-divoire-la-fif-fixe-la-date-de-son-assemblee-generale-elective\\\/#mainImage\",\"width\":2048,\"height\":1365},\"primaryImageOfPage\":{\"@id\":\"https:\\\/\\\/lepatriotebenin.com\\\/index.php\\\/2026\\\/07\\\/17\\\/cote-divoire-la-fif-fixe-la-date-de-son-assemblee-generale-elective\\\/#mainImage\"},\"datePublished\":\"2026-07-17T00:50:12+02:00\",\"dateModified\":\"2026-07-17T00:50:12+02:00\"},{\"@type\":\"WebSite\",\"@id\":\"https:\\\/\\\/lepatriotebenin.com\\\/#website\",\"url\":\"https:\\\/\\\/lepatriotebenin.com\\\/\",\"name\":\"Le Patriote\",\"description\":\"Le Patriote B\\u00e9nin\",\"inLanguage\":\"fr-FR\",\"publisher\":{\"@id\":\"https:\\\/\\\/lepatriotebenin.com\\\/#organization\"}}]}\n\t\t<\/script>\n\t\t<!-- All in One SEO -->\n\n","aioseo_head_json":{"title":"C\u00f4te d\u2019Ivoire : la FIF fixe la date de son Assembl\u00e9e g\u00e9n\u00e9rale \u00e9lective - Le Patriote","description":"La F\u00e9d\u00e9ration ivoirienne de football (FIF) a arr\u00eat\u00e9 la date de son prochain rendez-vous \u00e9lectoral. L\u2019Assembl\u00e9e g\u00e9n\u00e9rale \u00e9lective de l\u2019instance se tiendra le samedi 12 septembre 2026 \u00e0 10h00, \u00e0 la salle C de la Fondation F\u00e9lix Houphou\u00ebt-Boigny pour la Recherche de la Paix \u00e0 Yamoussoukro. Le proc\u00e8s-verbal complet ainsi que l\u2019ordre du jour d\u00e9taill\u00e9","canonical_url":"https:\/\/lepatriotebenin.com\/index.php\/2026\/07\/17\/cote-divoire-la-fif-fixe-la-date-de-son-assemblee-generale-elective\/","robots":"max-image-preview:large","keywords":"","webmasterTools":{"miscellaneous":""},"schema":{"@context":"https:\/\/schema.org","@graph":[{"@type":"BlogPosting","@id":"https:\/\/lepatriotebenin.com\/index.php\/2026\/07\/17\/cote-divoire-la-fif-fixe-la-date-de-son-assemblee-generale-elective\/#blogposting","name":"C\u00f4te d\u2019Ivoire : la FIF fixe la date de son Assembl\u00e9e g\u00e9n\u00e9rale \u00e9lective - Le Patriote","headline":"C\u00f4te d\u2019Ivoire : la FIF fixe la date de son Assembl\u00e9e g\u00e9n\u00e9rale \u00e9lective","author":{"@id":"https:\/\/lepatriotebenin.com#author"},"publisher":{"@id":"https:\/\/lepatriotebenin.com\/#organization"},"image":{"@type":"ImageObject","url":"https:\/\/lepatriotebenin.com\/wp-content\/uploads\/2026\/07\/709821489-1307218534857329-7161655952253142530-n.jpg","width":2048,"height":1365},"datePublished":"2026-07-17T00:50:12+02:00","dateModified":"2026-07-17T00:50:12+02:00","inLanguage":"fr-FR","mainEntityOfPage":{"@id":"https:\/\/lepatriotebenin.com\/index.php\/2026\/07\/17\/cote-divoire-la-fif-fixe-la-date-de-son-assemblee-generale-elective\/#webpage"},"isPartOf":{"@id":"https:\/\/lepatriotebenin.com\/index.php\/2026\/07\/17\/cote-divoire-la-fif-fixe-la-date-de-son-assemblee-generale-elective\/#webpage"},"articleSection":"Sport"},{"@type":"BreadcrumbList","@id":"https:\/\/lepatriotebenin.com\/index.php\/2026\/07\/17\/cote-divoire-la-fif-fixe-la-date-de-son-assemblee-generale-elective\/#breadcrumblist","itemListElement":[{"@type":"ListItem","@id":"https:\/\/lepatriotebenin.com#listItem","position":1,"name":"Home","item":"https:\/\/lepatriotebenin.com","nextItem":{"@type":"ListItem","@id":"https:\/\/lepatriotebenin.com\/index.php\/category\/sport\/#listItem","name":"Sport"}},{"@type":"ListItem","@id":"https:\/\/lepatriotebenin.com\/index.php\/category\/sport\/#listItem","position":2,"name":"Sport","item":"https:\/\/lepatriotebenin.com\/index.php\/category\/sport\/","nextItem":{"@type":"ListItem","@id":"https:\/\/lepatriotebenin.com\/index.php\/2026\/07\/17\/cote-divoire-la-fif-fixe-la-date-de-son-assemblee-generale-elective\/#listItem","name":"C\u00f4te d\u2019Ivoire : la FIF fixe la date de son Assembl\u00e9e g\u00e9n\u00e9rale \u00e9lective"},"previousItem":{"@type":"ListItem","@id":"https:\/\/lepatriotebenin.com#listItem","name":"Home"}},{"@type":"ListItem","@id":"https:\/\/lepatriotebenin.com\/index.php\/2026\/07\/17\/cote-divoire-la-fif-fixe-la-date-de-son-assemblee-generale-elective\/#listItem","position":3,"name":"C\u00f4te d\u2019Ivoire : la FIF fixe la date de son Assembl\u00e9e g\u00e9n\u00e9rale \u00e9lective","previousItem":{"@type":"ListItem","@id":"https:\/\/lepatriotebenin.com\/index.php\/category\/sport\/#listItem","name":"Sport"}}]},{"@type":"Organization","@id":"https:\/\/lepatriotebenin.com\/#organization","name":"Le Patriote","description":"Le Patriote B\u00e9nin","url":"https:\/\/lepatriotebenin.com\/"},{"@type":"Person","@id":"https:\/\/lepatriotebenin.com#author","url":"https:\/\/lepatriotebenin.com","name":"Redaction","image":{"@type":"ImageObject","@id":"https:\/\/lepatriotebenin.com\/index.php\/2026\/07\/17\/cote-divoire-la-fif-fixe-la-date-de-son-assemblee-generale-elective\/#authorImage","url":"https:\/\/secure.gravatar.com\/avatar\/c4c509357859ea2ca2cbb6d8812898a73e4ef1ef9934c2e591d7e32face734d1?s=96&d=mm&r=g","width":96,"height":96,"caption":"Redaction"}},{"@type":"WebPage","@id":"https:\/\/lepatriotebenin.com\/index.php\/2026\/07\/17\/cote-divoire-la-fif-fixe-la-date-de-son-assemblee-generale-elective\/#webpage","url":"https:\/\/lepatriotebenin.com\/index.php\/2026\/07\/17\/cote-divoire-la-fif-fixe-la-date-de-son-assemblee-generale-elective\/","name":"C\u00f4te d\u2019Ivoire : la FIF fixe la date de son Assembl\u00e9e g\u00e9n\u00e9rale \u00e9lective - Le Patriote","description":"La F\u00e9d\u00e9ration ivoirienne de football (FIF) a arr\u00eat\u00e9 la date de son prochain rendez-vous \u00e9lectoral. L\u2019Assembl\u00e9e g\u00e9n\u00e9rale \u00e9lective de l\u2019instance se tiendra le samedi 12 septembre 2026 \u00e0 10h00, \u00e0 la salle C de la Fondation F\u00e9lix Houphou\u00ebt-Boigny pour la Recherche de la Paix \u00e0 Yamoussoukro. Le proc\u00e8s-verbal complet ainsi que l\u2019ordre du jour d\u00e9taill\u00e9","inLanguage":"fr-FR","isPartOf":{"@id":"https:\/\/lepatriotebenin.com\/#website"},"breadcrumb":{"@id":"https:\/\/lepatriotebenin.com\/index.php\/2026\/07\/17\/cote-divoire-la-fif-fixe-la-date-de-son-assemblee-generale-elective\/#breadcrumblist"},"author":{"@id":"https:\/\/lepatriotebenin.com#author"},"creator":{"@id":"https:\/\/lepatriotebenin.com#author"},"image":{"@type":"ImageObject","url":"https:\/\/lepatriotebenin.com\/wp-content\/uploads\/2026\/07\/709821489-1307218534857329-7161655952253142530-n.jpg","@id":"https:\/\/lepatriotebenin.com\/index.php\/2026\/07\/17\/cote-divoire-la-fif-fixe-la-date-de-son-assemblee-generale-elective\/#mainImage","width":2048,"height":1365},"primaryImageOfPage":{"@id":"https:\/\/lepatriotebenin.com\/index.php\/2026\/07\/17\/cote-divoire-la-fif-fixe-la-date-de-son-assemblee-generale-elective\/#mainImage"},"datePublished":"2026-07-17T00:50:12+02:00","dateModified":"2026-07-17T00:50:12+02:00"},{"@type":"WebSite","@id":"https:\/\/lepatriotebenin.com\/#website","url":"https:\/\/lepatriotebenin.com\/","name":"Le Patriote","description":"Le Patriote B\u00e9nin","inLanguage":"fr-FR","publisher":{"@id":"https:\/\/lepatriotebenin.com\/#organization"}}]},"og:locale":"fr_FR","og:site_name":"Le Patriote - Le Patriote B\u00e9nin","og:type":"article","og:title":"C\u00f4te d\u2019Ivoire : la FIF fixe la date de son Assembl\u00e9e g\u00e9n\u00e9rale \u00e9lective - Le Patriote","og:description":"La F\u00e9d\u00e9ration ivoirienne de football (FIF) a arr\u00eat\u00e9 la date de son prochain rendez-vous \u00e9lectoral. L\u2019Assembl\u00e9e g\u00e9n\u00e9rale \u00e9lective de l\u2019instance se tiendra le samedi 12 septembre 2026 \u00e0 10h00, \u00e0 la salle C de la Fondation F\u00e9lix Houphou\u00ebt-Boigny pour la Recherche de la Paix \u00e0 Yamoussoukro. Le proc\u00e8s-verbal complet ainsi que l\u2019ordre du jour d\u00e9taill\u00e9","og:url":"https:\/\/lepatriotebenin.com\/index.php\/2026\/07\/17\/cote-divoire-la-fif-fixe-la-date-de-son-assemblee-generale-elective\/","article:published_time":"2026-07-16T22:50:12+00:00","article:modified_time":"2026-07-16T22:50:12+00:00","twitter:card":"summary_large_image","twitter:title":"C\u00f4te d\u2019Ivoire : la FIF fixe la date de son Assembl\u00e9e g\u00e9n\u00e9rale \u00e9lective - Le Patriote","twitter:description":"La F\u00e9d\u00e9ration ivoirienne de football (FIF) a arr\u00eat\u00e9 la date de son prochain rendez-vous \u00e9lectoral. L\u2019Assembl\u00e9e g\u00e9n\u00e9rale \u00e9lective de l\u2019instance se tiendra le samedi 12 septembre 2026 \u00e0 10h00, \u00e0 la salle C de la Fondation F\u00e9lix Houphou\u00ebt-Boigny pour la Recherche de la Paix \u00e0 Yamoussoukro. Le proc\u00e8s-verbal complet ainsi que l\u2019ordre du jour d\u00e9taill\u00e9"},"aioseo_meta_data":{"post_id":"21744","title":null,"description":null,"keywords":null,"keyphrases":{"focus":{"keyphrase":"","score":0,"analysis":{"keyphraseInTitle":{"score":0,"maxScore":9,"error":1}}},"additional":[]},"primary_term":null,"canonical_url":null,"og_title":null,"og_description":null,"og_object_type":"default","og_image_type":"default","og_image_url":null,"og_image_width":null,"og_image_height":null,"og_image_custom_url":null,"og_image_custom_fields":null,"og_video":"","og_custom_url":null,"og_article_section":null,"og_article_tags":null,"twitter_use_og":false,"twitter_card":"default","twitter_image_type":"default","twitter_image_url":null,"twitter_image_custom_url":null,"twitter_image_custom_fields":null,"twitter_title":null,"twitter_description":null,"schema":{"blockGraphs":[],"customGraphs":[],"default":{"data":{"Article":[],"Course":[],"Dataset":[],"FAQPage":[],"Movie":[],"Person":[],"Product":[],"ProductReview":[],"Car":[],"Recipe":[],"Service":[],"SoftwareApplication":[],"WebPage":[]},"graphName":"BlogPosting","isEnabled":true},"graphs":[]},"schema_type":"default","schema_type_options":null,"pillar_content":false,"robots_default":true,"robots_noindex":false,"robots_noarchive":false,"robots_nosnippet":false,"robots_nofollow":false,"robots_noimageindex":false,"robots_noodp":false,"robots_notranslate":false,"robots_max_snippet":"-1","robots_max_videopreview":"-1","robots_max_imagepreview":"large","priority":null,"frequency":"default","local_seo":null,"breadcrumb_settings":null,"limit_modified_date":false,"ai":{"faqs":[],"keyPoints":[],"schemas":[],"titles":[],"descriptions":[],"socialPosts":{"email":{"subject":"","preview":"","content":""},"linkedin":[],"twitter":[],"facebook":[],"instagram":[]}},"created":"2026-07-16 22:50:12","updated":"2026-07-16 22:57:45","seo_analyzer_scan_date":null,"focus_keyword":null,"additional_keywords":null,"truseo_locale":null},"aioseo_breadcrumb":"<div class=\"aioseo-breadcrumbs\"><span class=\"aioseo-breadcrumb\">\n\t\t\t<a href=\"https:\/\/lepatriotebenin.com\" title=\"Home\">Home<\/a>\n\t\t<\/span><span class=\"aioseo-breadcrumb-separator\">&raquo;<\/span><span class=\"aioseo-breadcrumb\">\n\t\t\t<a href=\"https:\/\/lepatriotebenin.com\/index.php\/category\/sport\/\" title=\"Sport\">Sport<\/a>\n\t\t<\/span><span class=\"aioseo-breadcrumb-separator\">&raquo;<\/span><span class=\"aioseo-breadcrumb\">\n\t\t\tC\u00f4te d\u2019Ivoire : la FIF fixe la date de son Assembl\u00e9e g\u00e9n\u00e9rale \u00e9lective\n\t\t<\/span><\/div>","aioseo_breadcrumb_json":[{"label":"Home","link":"https:\/\/lepatriotebenin.com"},{"label":"Sport","link":"https:\/\/lepatriotebenin.com\/index.php\/category\/sport\/"},{"label":"C\u00f4te d\u2019Ivoire : la FIF fixe la date de son Assembl\u00e9e g\u00e9n\u00e9rale \u00e9lective","link":"https:\/\/lepatriotebenin.com\/index.php\/2026\/07\/17\/cote-divoire-la-fif-fixe-la-date-de-son-assemblee-generale-elective\/"}],"yoast_head":"<!-- This site is optimized with the Yoast SEO plugin v28.3 - https:\/\/yoast.com\/product\/yoast-seo-wordpress\/ -->\n<title>C\u00f4te d\u2019Ivoire : la FIF fixe la date de son Assembl\u00e9e g\u00e9n\u00e9rale \u00e9lective - Le Patriote<\/title>\n<meta name=\"robots\" content=\"index, follow, max-snippet:-1, max-image-preview:large, max-video-preview:-1\" \/>\n<link rel=\"canonical\" href=\"https:\/\/lepatriotebenin.com\/index.php\/2026\/07\/17\/cote-divoire-la-fif-fixe-la-date-de-son-assemblee-generale-elective\/\" \/>\n<meta property=\"og:locale\" content=\"fr_FR\" \/>\n<meta property=\"og:type\" content=\"article\" \/>\n<meta property=\"og:title\" content=\"C\u00f4te d\u2019Ivoire : la FIF fixe la date de son Assembl\u00e9e g\u00e9n\u00e9rale \u00e9lective - Le Patriote\" \/>\n<meta property=\"og:description\" content=\"La F\u00e9d\u00e9ration ivoirienne de football (FIF) a arr\u00eat\u00e9 la date de son prochain rendez-vous \u00e9lectoral. L\u2019Assembl\u00e9e g\u00e9n\u00e9rale \u00e9lective de l\u2019instance se tiendra le samedi 12 septembre 2026 \u00e0 10h00, \u00e0&hellip;\" \/>\n<meta property=\"og:url\" content=\"https:\/\/lepatriotebenin.com\/index.php\/2026\/07\/17\/cote-divoire-la-fif-fixe-la-date-de-son-assemblee-generale-elective\/\" \/>\n<meta property=\"og:site_name\" content=\"Le Patriote\" \/>\n<meta property=\"article:published_time\" content=\"2026-07-16T22:50:12+00:00\" \/>\n<meta property=\"og:image\" content=\"https:\/\/lepatriotebenin.com\/wp-content\/uploads\/2026\/07\/709821489-1307218534857329-7161655952253142530-n.jpg\" \/>\n\t<meta property=\"og:image:width\" content=\"2048\" \/>\n\t<meta property=\"og:image:height\" content=\"1365\" \/>\n\t<meta property=\"og:image:type\" content=\"image\/jpeg\" \/>\n<meta name=\"author\" content=\"Redaction\" \/>\n<meta name=\"twitter:card\" content=\"summary_large_image\" \/>\n<meta name=\"twitter:label1\" content=\"\u00c9crit par\" \/>\n\t<meta name=\"twitter:data1\" content=\"Redaction\" \/>\n\t<meta name=\"twitter:label2\" content=\"Dur\u00e9e de lecture estim\u00e9e\" \/>\n\t<meta name=\"twitter:data2\" content=\"1 minute\" \/>\n<script type=\"application\/ld+json\" class=\"yoast-schema-graph\">{\"@context\":\"https:\\\/\\\/schema.org\",\"@graph\":[{\"@type\":\"Article\",\"@id\":\"https:\\\/\\\/lepatriotebenin.com\\\/index.php\\\/2026\\\/07\\\/17\\\/cote-divoire-la-fif-fixe-la-date-de-son-assemblee-generale-elective\\\/#article\",\"isPartOf\":{\"@id\":\"https:\\\/\\\/lepatriotebenin.com\\\/index.php\\\/2026\\\/07\\\/17\\\/cote-divoire-la-fif-fixe-la-date-de-son-assemblee-generale-elective\\\/\"},\"author\":{\"name\":\"Redaction\",\"@id\":\"https:\\\/\\\/lepatriotebenin.com\\\/#\\\/schema\\\/person\\\/2e7709b9c9cc313e452d1136af61690f\"},\"headline\":\"C\u00f4te d\u2019Ivoire : la FIF fixe la date de son Assembl\u00e9e g\u00e9n\u00e9rale \u00e9lective\",\"datePublished\":\"2026-07-16T22:50:12+00:00\",\"mainEntityOfPage\":{\"@id\":\"https:\\\/\\\/lepatriotebenin.com\\\/index.php\\\/2026\\\/07\\\/17\\\/cote-divoire-la-fif-fixe-la-date-de-son-assemblee-generale-elective\\\/\"},\"wordCount\":147,\"commentCount\":0,\"image\":{\"@id\":\"https:\\\/\\\/lepatriotebenin.com\\\/index.php\\\/2026\\\/07\\\/17\\\/cote-divoire-la-fif-fixe-la-date-de-son-assemblee-generale-elective\\\/#primaryimage\"},\"thumbnailUrl\":\"https:\\\/\\\/lepatriotebenin.com\\\/wp-content\\\/uploads\\\/2026\\\/07\\\/709821489-1307218534857329-7161655952253142530-n.jpg\",\"articleSection\":[\"Sport\"],\"inLanguage\":\"fr-FR\",\"potentialAction\":[{\"@type\":\"CommentAction\",\"name\":\"Comment\",\"target\":[\"https:\\\/\\\/lepatriotebenin.com\\\/index.php\\\/2026\\\/07\\\/17\\\/cote-divoire-la-fif-fixe-la-date-de-son-assemblee-generale-elective\\\/#respond\"]}]},{\"@type\":\"WebPage\",\"@id\":\"https:\\\/\\\/lepatriotebenin.com\\\/index.php\\\/2026\\\/07\\\/17\\\/cote-divoire-la-fif-fixe-la-date-de-son-assemblee-generale-elective\\\/\",\"url\":\"https:\\\/\\\/lepatriotebenin.com\\\/index.php\\\/2026\\\/07\\\/17\\\/cote-divoire-la-fif-fixe-la-date-de-son-assemblee-generale-elective\\\/\",\"name\":\"C\u00f4te d\u2019Ivoire : la FIF fixe la date de son Assembl\u00e9e g\u00e9n\u00e9rale \u00e9lective - Le Patriote\",\"isPartOf\":{\"@id\":\"https:\\\/\\\/lepatriotebenin.com\\\/#website\"},\"primaryImageOfPage\":{\"@id\":\"https:\\\/\\\/lepatriotebenin.com\\\/index.php\\\/2026\\\/07\\\/17\\\/cote-divoire-la-fif-fixe-la-date-de-son-assemblee-generale-elective\\\/#primaryimage\"},\"image\":{\"@id\":\"https:\\\/\\\/lepatriotebenin.com\\\/index.php\\\/2026\\\/07\\\/17\\\/cote-divoire-la-fif-fixe-la-date-de-son-assemblee-generale-elective\\\/#primaryimage\"},\"thumbnailUrl\":\"https:\\\/\\\/lepatriotebenin.com\\\/wp-content\\\/uploads\\\/2026\\\/07\\\/709821489-1307218534857329-7161655952253142530-n.jpg\",\"datePublished\":\"2026-07-16T22:50:12+00:00\",\"author\":{\"@id\":\"https:\\\/\\\/lepatriotebenin.com\\\/#\\\/schema\\\/person\\\/2e7709b9c9cc313e452d1136af61690f\"},\"breadcrumb\":{\"@id\":\"https:\\\/\\\/lepatriotebenin.com\\\/index.php\\\/2026\\\/07\\\/17\\\/cote-divoire-la-fif-fixe-la-date-de-son-assemblee-generale-elective\\\/#breadcrumb\"},\"inLanguage\":\"fr-FR\",\"potentialAction\":[{\"@type\":\"ReadAction\",\"target\":[\"https:\\\/\\\/lepatriotebenin.com\\\/index.php\\\/2026\\\/07\\\/17\\\/cote-divoire-la-fif-fixe-la-date-de-son-assemblee-generale-elective\\\/\"]}]},{\"@type\":\"ImageObject\",\"inLanguage\":\"fr-FR\",\"@id\":\"https:\\\/\\\/lepatriotebenin.com\\\/index.php\\\/2026\\\/07\\\/17\\\/cote-divoire-la-fif-fixe-la-date-de-son-assemblee-generale-elective\\\/#primaryimage\",\"url\":\"https:\\\/\\\/lepatriotebenin.com\\\/wp-content\\\/uploads\\\/2026\\\/07\\\/709821489-1307218534857329-7161655952253142530-n.jpg\",\"contentUrl\":\"https:\\\/\\\/lepatriotebenin.com\\\/wp-content\\\/uploads\\\/2026\\\/07\\\/709821489-1307218534857329-7161655952253142530-n.jpg\",\"width\":2048,\"height\":1365},{\"@type\":\"BreadcrumbList\",\"@id\":\"https:\\\/\\\/lepatriotebenin.com\\\/index.php\\\/2026\\\/07\\\/17\\\/cote-divoire-la-fif-fixe-la-date-de-son-assemblee-generale-elective\\\/#breadcrumb\",\"itemListElement\":[{\"@type\":\"ListItem\",\"position\":1,\"name\":\"Accueil\",\"item\":\"https:\\\/\\\/lepatriotebenin.com\\\/\"},{\"@type\":\"ListItem\",\"position\":2,\"name\":\"C\u00f4te d\u2019Ivoire : la FIF fixe la date de son Assembl\u00e9e g\u00e9n\u00e9rale \u00e9lective\"}]},{\"@type\":\"WebSite\",\"@id\":\"https:\\\/\\\/lepatriotebenin.com\\\/#website\",\"url\":\"https:\\\/\\\/lepatriotebenin.com\\\/\",\"name\":\"Le Patriote\",\"description\":\"Le Patriote B\u00e9nin\",\"potentialAction\":[{\"@type\":\"SearchAction\",\"target\":{\"@type\":\"EntryPoint\",\"urlTemplate\":\"https:\\\/\\\/lepatriotebenin.com\\\/?s={search_term_string}\"},\"query-input\":{\"@type\":\"PropertyValueSpecification\",\"valueRequired\":true,\"valueName\":\"search_term_string\"}}],\"inLanguage\":\"fr-FR\"},{\"@type\":\"Person\",\"@id\":\"https:\\\/\\\/lepatriotebenin.com\\\/#\\\/schema\\\/person\\\/2e7709b9c9cc313e452d1136af61690f\",\"name\":\"Redaction\",\"image\":{\"@type\":\"ImageObject\",\"inLanguage\":\"fr-FR\",\"@id\":\"https:\\\/\\\/secure.gravatar.com\\\/avatar\\\/c4c509357859ea2ca2cbb6d8812898a73e4ef1ef9934c2e591d7e32face734d1?s=96&d=mm&r=g\",\"url\":\"https:\\\/\\\/secure.gravatar.com\\\/avatar\\\/c4c509357859ea2ca2cbb6d8812898a73e4ef1ef9934c2e591d7e32face734d1?s=96&d=mm&r=g\",\"contentUrl\":\"https:\\\/\\\/secure.gravatar.com\\\/avatar\\\/c4c509357859ea2ca2cbb6d8812898a73e4ef1ef9934c2e591d7e32face734d1?s=96&d=mm&r=g\",\"caption\":\"Redaction\"},\"url\":\"https:\\\/\\\/lepatriotebenin.com\"}]}<\/script>\n<!-- \/ Yoast SEO plugin. -->","yoast_head_json":{"title":"C\u00f4te d\u2019Ivoire : la FIF fixe la date de son Assembl\u00e9e g\u00e9n\u00e9rale \u00e9lective - Le Patriote","robots":{"index":"index","follow":"follow","max-snippet":"max-snippet:-1","max-image-preview":"max-image-preview:large","max-video-preview":"max-video-preview:-1"},"canonical":"https:\/\/lepatriotebenin.com\/index.php\/2026\/07\/17\/cote-divoire-la-fif-fixe-la-date-de-son-assemblee-generale-elective\/","og_locale":"fr_FR","og_type":"article","og_title":"C\u00f4te d\u2019Ivoire : la FIF fixe la date de son Assembl\u00e9e g\u00e9n\u00e9rale \u00e9lective - Le Patriote","og_description":"La F\u00e9d\u00e9ration ivoirienne de football (FIF) a arr\u00eat\u00e9 la date de son prochain rendez-vous \u00e9lectoral. L\u2019Assembl\u00e9e g\u00e9n\u00e9rale \u00e9lective de l\u2019instance se tiendra le samedi 12 septembre 2026 \u00e0 10h00, \u00e0&hellip;","og_url":"https:\/\/lepatriotebenin.com\/index.php\/2026\/07\/17\/cote-divoire-la-fif-fixe-la-date-de-son-assemblee-generale-elective\/","og_site_name":"Le Patriote","article_published_time":"2026-07-16T22:50:12+00:00","og_image":[{"width":2048,"height":1365,"url":"https:\/\/lepatriotebenin.com\/wp-content\/uploads\/2026\/07\/709821489-1307218534857329-7161655952253142530-n.jpg","type":"image\/jpeg"}],"author":"Redaction","twitter_card":"summary_large_image","twitter_misc":{"\u00c9crit par":"Redaction","Dur\u00e9e de lecture estim\u00e9e":"1 minute"},"schema":{"@context":"https:\/\/schema.org","@graph":[{"@type":"Article","@id":"https:\/\/lepatriotebenin.com\/index.php\/2026\/07\/17\/cote-divoire-la-fif-fixe-la-date-de-son-assemblee-generale-elective\/#article","isPartOf":{"@id":"https:\/\/lepatriotebenin.com\/index.php\/2026\/07\/17\/cote-divoire-la-fif-fixe-la-date-de-son-assemblee-generale-elective\/"},"author":{"name":"Redaction","@id":"https:\/\/lepatriotebenin.com\/#\/schema\/person\/2e7709b9c9cc313e452d1136af61690f"},"headline":"C\u00f4te d\u2019Ivoire : la FIF fixe la date de son Assembl\u00e9e g\u00e9n\u00e9rale \u00e9lective","datePublished":"2026-07-16T22:50:12+00:00","mainEntityOfPage":{"@id":"https:\/\/lepatriotebenin.com\/index.php\/2026\/07\/17\/cote-divoire-la-fif-fixe-la-date-de-son-assemblee-generale-elective\/"},"wordCount":147,"commentCount":0,"image":{"@id":"https:\/\/lepatriotebenin.com\/index.php\/2026\/07\/17\/cote-divoire-la-fif-fixe-la-date-de-son-assemblee-generale-elective\/#primaryimage"},"thumbnailUrl":"https:\/\/lepatriotebenin.com\/wp-content\/uploads\/2026\/07\/709821489-1307218534857329-7161655952253142530-n.jpg","articleSection":["Sport"],"inLanguage":"fr-FR","potentialAction":[{"@type":"CommentAction","name":"Comment","target":["https:\/\/lepatriotebenin.com\/index.php\/2026\/07\/17\/cote-divoire-la-fif-fixe-la-date-de-son-assemblee-generale-elective\/#respond"]}]},{"@type":"WebPage","@id":"https:\/\/lepatriotebenin.com\/index.php\/2026\/07\/17\/cote-divoire-la-fif-fixe-la-date-de-son-assemblee-generale-elective\/","url":"https:\/\/lepatriotebenin.com\/index.php\/2026\/07\/17\/cote-divoire-la-fif-fixe-la-date-de-son-assemblee-generale-elective\/","name":"C\u00f4te d\u2019Ivoire : la FIF fixe la date de son Assembl\u00e9e g\u00e9n\u00e9rale \u00e9lective - Le Patriote","isPartOf":{"@id":"https:\/\/lepatriotebenin.com\/#website"},"primaryImageOfPage":{"@id":"https:\/\/lepatriotebenin.com\/index.php\/2026\/07\/17\/cote-divoire-la-fif-fixe-la-date-de-son-assemblee-generale-elective\/#primaryimage"},"image":{"@id":"https:\/\/lepatriotebenin.com\/index.php\/2026\/07\/17\/cote-divoire-la-fif-fixe-la-date-de-son-assemblee-generale-elective\/#primaryimage"},"thumbnailUrl":"https:\/\/lepatriotebenin.com\/wp-content\/uploads\/2026\/07\/709821489-1307218534857329-7161655952253142530-n.jpg","datePublished":"2026-07-16T22:50:12+00:00","author":{"@id":"https:\/\/lepatriotebenin.com\/#\/schema\/person\/2e7709b9c9cc313e452d1136af61690f"},"breadcrumb":{"@id":"https:\/\/lepatriotebenin.com\/index.php\/2026\/07\/17\/cote-divoire-la-fif-fixe-la-date-de-son-assemblee-generale-elective\/#breadcrumb"},"inLanguage":"fr-FR","potentialAction":[{"@type":"ReadAction","target":["https:\/\/lepatriotebenin.com\/index.php\/2026\/07\/17\/cote-divoire-la-fif-fixe-la-date-de-son-assemblee-generale-elective\/"]}]},{"@type":"ImageObject","inLanguage":"fr-FR","@id":"https:\/\/lepatriotebenin.com\/index.php\/2026\/07\/17\/cote-divoire-la-fif-fixe-la-date-de-son-assemblee-generale-elective\/#primaryimage","url":"https:\/\/lepatriotebenin.com\/wp-content\/uploads\/2026\/07\/709821489-1307218534857329-7161655952253142530-n.jpg","contentUrl":"https:\/\/lepatriotebenin.com\/wp-content\/uploads\/2026\/07\/709821489-1307218534857329-7161655952253142530-n.jpg","width":2048,"height":1365},{"@type":"BreadcrumbList","@id":"https:\/\/lepatriotebenin.com\/index.php\/2026\/07\/17\/cote-divoire-la-fif-fixe-la-date-de-son-assemblee-generale-elective\/#breadcrumb","itemListElement":[{"@type":"ListItem","position":1,"name":"Accueil","item":"https:\/\/lepatriotebenin.com\/"},{"@type":"ListItem","position":2,"name":"C\u00f4te d\u2019Ivoire : la FIF fixe la date de son Assembl\u00e9e g\u00e9n\u00e9rale \u00e9lective"}]},{"@type":"WebSite","@id":"https:\/\/lepatriotebenin.com\/#website","url":"https:\/\/lepatriotebenin.com\/","name":"Le Patriote","description":"Le Patriote B\u00e9nin","potentialAction":[{"@type":"SearchAction","target":{"@type":"EntryPoint","urlTemplate":"https:\/\/lepatriotebenin.com\/?s={search_term_string}"},"query-input":{"@type":"PropertyValueSpecification","valueRequired":true,"valueName":"search_term_string"}}],"inLanguage":"fr-FR"},{"@type":"Person","@id":"https:\/\/lepatriotebenin.com\/#\/schema\/person\/2e7709b9c9cc313e452d1136af61690f","name":"Redaction","image":{"@type":"ImageObject","inLanguage":"fr-FR","@id":"https:\/\/secure.gravatar.com\/avatar\/c4c509357859ea2ca2cbb6d8812898a73e4ef1ef9934c2e591d7e32face734d1?s=96&d=mm&r=g","url":"https:\/\/secure.gravatar.com\/avatar\/c4c509357859ea2ca2cbb6d8812898a73e4ef1ef9934c2e591d7e32face734d1?s=96&d=mm&r=g","contentUrl":"https:\/\/secure.gravatar.com\/avatar\/c4c509357859ea2ca2cbb6d8812898a73e4ef1ef9934c2e591d7e32face734d1?s=96&d=mm&r=g","caption":"Redaction"},"url":"https:\/\/lepatriotebenin.com"}]}},"_links":{"self":[{"href":"https:\/\/lepatriotebenin.com\/index.php\/wp-json\/wp\/v2\/posts\/21744","targetHints":{"allow":["GET"]}}],"collection":[{"href":"https:\/\/lepatriotebenin.com\/index.php\/wp-json\/wp\/v2\/posts"}],"about":[{"href":"https:\/\/lepatriotebenin.com\/index.php\/wp-json\/wp\/v2\/types\/post"}],"author":[{"embeddable":true,"href":"https:\/\/lepatriotebenin.com\/index.php\/wp-json\/wp\/v2\/users\/5"}],"replies":[{"embeddable":true,"href":"https:\/\/lepatriotebenin.com\/index.php\/wp-json\/wp\/v2\/comments?post=21744"}],"version-history":[{"count":1,"href":"https:\/\/lepatriotebenin.com\/index.php\/wp-json\/wp\/v2\/posts\/21744\/revisions"}],"predecessor-version":[{"id":21746,"href":"https:\/\/lepatriotebenin.com\/index.php\/wp-json\/wp\/v2\/posts\/21744\/revisions\/21746"}],"wp:featuredmedia":[{"embeddable":true,"href":"https:\/\/lepatriotebenin.com\/index.php\/wp-json\/wp\/v2\/media\/21745"}],"wp:attachment":[{"href":"https:\/\/lepatriotebenin.com\/index.php\/wp-json\/wp\/v2\/media?parent=21744"}],"wp:term":[{"taxonomy":"category","embeddable":true,"href":"https:\/\/lepatriotebenin.com\/index.php\/wp-json\/wp\/v2\/categories?post=21744"},{"taxonomy":"post_tag","embeddable":true,"href":"https:\/\/lepatriotebenin.com\/index.php\/wp-json\/wp\/v2\/tags?post=21744"}],"curies":[{"name":"wp","href":"https:\/\/api.w.org\/{rel}","templated":true}]}}