{"id":21738,"date":"2026-07-17T00:42:48","date_gmt":"2026-07-16T22:42:48","guid":{"rendered":"https:\/\/lepatriotebenin.com\/?p=21738"},"modified":"2026-07-17T00:42:48","modified_gmt":"2026-07-16T22:42:48","slug":"senegal-elimine-du-mondial-le-gouvernement-impose-le-silence-a-la-federation","status":"publish","type":"post","link":"https:\/\/lepatriotebenin.com\/index.php\/2026\/07\/17\/senegal-elimine-du-mondial-le-gouvernement-impose-le-silence-a-la-federation\/","title":{"rendered":"S\u00e9n\u00e9gal \u00e9limin\u00e9 du Mondial : le gouvernement impose le silence \u00e0 la F\u00e9d\u00e9ration"},"content":{"rendered":"<p><strong>Les Lions de la Teranga se sont arr\u00eat\u00e9s en huiti\u00e8mes de finale de la Coupe du monde. Battu par la Belgique apr\u00e8s avoir pourtant men\u00e9 2-0 jusqu\u2019\u00e0 la 86e minute, le S\u00e9n\u00e9gal voit son \u00e9limination continuer de faire r\u00e9agir.<\/strong><\/p>\n<p>\u00c0 ce sujet, le bras de fer s\u2019installe d\u00e9sormais entre les autorit\u00e9s s\u00e9n\u00e9galaises et la F\u00e9d\u00e9ration s\u00e9n\u00e9galaise de football (FSF). Dans un communiqu\u00e9 publi\u00e9 ce mardi, le minist\u00e8re de la Jeunesse, des Sports et de la Culture a demand\u00e9 \u00e0 l\u2019instance dirigeante du football national de suspendre \u00ab avec effet imm\u00e9diat \u00bb toute communication publique li\u00e9e \u00e0 la participation des Lions au Mondial.<\/p>\n<p>Cette d\u00e9cision intervient alors que les d\u00e9bats se multiplient autour de la campagne de la s\u00e9lection nationale. Le d\u00e9partement minist\u00e9riel \u00e9voque la n\u00e9cessit\u00e9 de \u00ab pr\u00e9server la s\u00e9r\u00e9nit\u00e9 nationale \u00bb et de \u00ab garantir le respect des institutions \u00bb. Il d\u00e9nonce \u00e9galement des pol\u00e9miques jug\u00e9es \u00ab st\u00e9riles \u00bb, estimant qu\u2019elles \u00ab nuisent gravement \u00e0 l&rsquo;image et \u00e0 la r\u00e9putation de notre pays \u00e0 l&rsquo;\u00e9chelle internationale \u00bb.<\/p>\n<p>Les autorit\u00e9s assurent par ailleurs vouloir prendre leurs responsabilit\u00e9s dans la gestion de cette situation. Un processus d\u2019\u00e9valuation sera engag\u00e9 afin de \u00ab faire toute la lumi\u00e8re sur cette participation \u00bb. Il devra aboutir \u00e0 un \u00ab bilan complet et rigoureux \u00bb, men\u00e9 de mani\u00e8re officielle, dans le \u00ab strict respect des proc\u00e9dures et avec toute la gravit\u00e9 requise \u00bb.<\/p>\n<p>Le minist\u00e8re appelle enfin les diff\u00e9rents acteurs \u00e0 privil\u00e9gier la retenue et le sens des responsabilit\u00e9s. Il insiste sur le \u00ab respect absolu de la dignit\u00e9 humaine et des principes de l&rsquo;\u00c9tat de droit \u00bb, dans l\u2019objectif de pr\u00e9server un climat apais\u00e9 autour de cette affaire.<\/p>\n<p>&nbsp;<\/p>\n<p><strong>Alola BIAOU<\/strong><\/p>\n","protected":false},"excerpt":{"rendered":"<p>Les Lions de la Teranga se sont arr\u00eat\u00e9s en huiti\u00e8mes de finale de la Coupe du monde. Battu par la Belgique apr\u00e8s avoir pourtant men\u00e9 2-0 jusqu\u2019\u00e0 la 86e minute,&hellip;<\/p>\n","protected":false},"author":5,"featured_media":21739,"comment_status":"open","ping_status":"open","sticky":false,"template":"","format":"standard","meta":{"content-type":"","om_disable_all_campaigns":false,"_monsterinsights_skip_tracking":false,"_uf_show_specific_survey":0,"_uf_disable_surveys":false,"footnotes":""},"categories":[8],"tags":[],"class_list":["post-21738","post","type-post","status-publish","format-standard","has-post-thumbnail","hentry","category-sport"],"aioseo_notices":[],"aioseo_head":"\n\t\t<!-- All in One SEO 5.0.1.1 - aioseo.com -->\n\t<meta name=\"description\" content=\"Les Lions de la Teranga se sont arr\u00eat\u00e9s en huiti\u00e8mes de finale de la Coupe du monde. Battu par la Belgique apr\u00e8s avoir pourtant men\u00e9 2-0 jusqu\u2019\u00e0 la 86e minute, le S\u00e9n\u00e9gal voit son \u00e9limination continuer de faire r\u00e9agir. \u00c0 ce sujet, le bras de fer s\u2019installe d\u00e9sormais entre les autorit\u00e9s s\u00e9n\u00e9galaises et la F\u00e9d\u00e9ration\" \/>\n\t<meta name=\"robots\" content=\"max-image-preview:large\" \/>\n\t<meta name=\"author\" content=\"Redaction\"\/>\n\t<link rel=\"canonical\" href=\"https:\/\/lepatriotebenin.com\/index.php\/2026\/07\/17\/senegal-elimine-du-mondial-le-gouvernement-impose-le-silence-a-la-federation\/\" \/>\n\t<meta name=\"generator\" content=\"All in One SEO (AIOSEO) 5.0.1.1\" \/>\n\t\t<meta property=\"og:locale\" content=\"fr_FR\" \/>\n\t\t<meta property=\"og:site_name\" content=\"Le Patriote - Le Patriote B\u00e9nin\" \/>\n\t\t<meta property=\"og:type\" content=\"article\" \/>\n\t\t<meta property=\"og:title\" content=\"S\u00e9n\u00e9gal \u00e9limin\u00e9 du Mondial : le gouvernement impose le silence \u00e0 la F\u00e9d\u00e9ration - Le Patriote\" \/>\n\t\t<meta property=\"og:description\" content=\"Les Lions de la Teranga se sont arr\u00eat\u00e9s en huiti\u00e8mes de finale de la Coupe du monde. Battu par la Belgique apr\u00e8s avoir pourtant men\u00e9 2-0 jusqu\u2019\u00e0 la 86e minute, le S\u00e9n\u00e9gal voit son \u00e9limination continuer de faire r\u00e9agir. \u00c0 ce sujet, le bras de fer s\u2019installe d\u00e9sormais entre les autorit\u00e9s s\u00e9n\u00e9galaises et la F\u00e9d\u00e9ration\" \/>\n\t\t<meta property=\"og:url\" content=\"https:\/\/lepatriotebenin.com\/index.php\/2026\/07\/17\/senegal-elimine-du-mondial-le-gouvernement-impose-le-silence-a-la-federation\/\" \/>\n\t\t<meta property=\"article:published_time\" content=\"2026-07-16T22:42:48+00:00\" \/>\n\t\t<meta property=\"article:modified_time\" content=\"2026-07-16T22:42:48+00:00\" \/>\n\t\t<meta name=\"twitter:card\" content=\"summary_large_image\" \/>\n\t\t<meta name=\"twitter:title\" content=\"S\u00e9n\u00e9gal \u00e9limin\u00e9 du Mondial : le gouvernement impose le silence \u00e0 la F\u00e9d\u00e9ration - Le Patriote\" \/>\n\t\t<meta name=\"twitter:description\" content=\"Les Lions de la Teranga se sont arr\u00eat\u00e9s en huiti\u00e8mes de finale de la Coupe du monde. Battu par la Belgique apr\u00e8s avoir pourtant men\u00e9 2-0 jusqu\u2019\u00e0 la 86e minute, le S\u00e9n\u00e9gal voit son \u00e9limination continuer de faire r\u00e9agir. \u00c0 ce sujet, le bras de fer s\u2019installe d\u00e9sormais entre les autorit\u00e9s s\u00e9n\u00e9galaises et la F\u00e9d\u00e9ration\" \/>\n\t\t<script type=\"application\/ld+json\" class=\"aioseo-schema\">\n\t\t\t{\"@context\":\"https:\\\/\\\/schema.org\",\"@graph\":[{\"@type\":\"BlogPosting\",\"@id\":\"https:\\\/\\\/lepatriotebenin.com\\\/index.php\\\/2026\\\/07\\\/17\\\/senegal-elimine-du-mondial-le-gouvernement-impose-le-silence-a-la-federation\\\/#blogposting\",\"name\":\"S\\u00e9n\\u00e9gal \\u00e9limin\\u00e9 du Mondial : le gouvernement impose le silence \\u00e0 la F\\u00e9d\\u00e9ration - Le Patriote\",\"headline\":\"S\\u00e9n\\u00e9gal \\u00e9limin\\u00e9 du Mondial : le gouvernement impose le silence \\u00e0 la F\\u00e9d\\u00e9ration\",\"author\":{\"@id\":\"https:\\\/\\\/lepatriotebenin.com#author\"},\"publisher\":{\"@id\":\"https:\\\/\\\/lepatriotebenin.com\\\/#organization\"},\"image\":{\"@type\":\"ImageObject\",\"url\":\"https:\\\/\\\/lepatriotebenin.com\\\/wp-content\\\/uploads\\\/2026\\\/07\\\/senegal-3.jpeg\",\"width\":447,\"height\":447},\"datePublished\":\"2026-07-17T00:42:48+02:00\",\"dateModified\":\"2026-07-17T00:42:48+02:00\",\"inLanguage\":\"fr-FR\",\"mainEntityOfPage\":{\"@id\":\"https:\\\/\\\/lepatriotebenin.com\\\/index.php\\\/2026\\\/07\\\/17\\\/senegal-elimine-du-mondial-le-gouvernement-impose-le-silence-a-la-federation\\\/#webpage\"},\"isPartOf\":{\"@id\":\"https:\\\/\\\/lepatriotebenin.com\\\/index.php\\\/2026\\\/07\\\/17\\\/senegal-elimine-du-mondial-le-gouvernement-impose-le-silence-a-la-federation\\\/#webpage\"},\"articleSection\":\"Sport\"},{\"@type\":\"BreadcrumbList\",\"@id\":\"https:\\\/\\\/lepatriotebenin.com\\\/index.php\\\/2026\\\/07\\\/17\\\/senegal-elimine-du-mondial-le-gouvernement-impose-le-silence-a-la-federation\\\/#breadcrumblist\",\"itemListElement\":[{\"@type\":\"ListItem\",\"@id\":\"https:\\\/\\\/lepatriotebenin.com#listItem\",\"position\":1,\"name\":\"Home\",\"item\":\"https:\\\/\\\/lepatriotebenin.com\",\"nextItem\":{\"@type\":\"ListItem\",\"@id\":\"https:\\\/\\\/lepatriotebenin.com\\\/index.php\\\/category\\\/sport\\\/#listItem\",\"name\":\"Sport\"}},{\"@type\":\"ListItem\",\"@id\":\"https:\\\/\\\/lepatriotebenin.com\\\/index.php\\\/category\\\/sport\\\/#listItem\",\"position\":2,\"name\":\"Sport\",\"item\":\"https:\\\/\\\/lepatriotebenin.com\\\/index.php\\\/category\\\/sport\\\/\",\"nextItem\":{\"@type\":\"ListItem\",\"@id\":\"https:\\\/\\\/lepatriotebenin.com\\\/index.php\\\/2026\\\/07\\\/17\\\/senegal-elimine-du-mondial-le-gouvernement-impose-le-silence-a-la-federation\\\/#listItem\",\"name\":\"S\\u00e9n\\u00e9gal \\u00e9limin\\u00e9 du Mondial : le gouvernement impose le silence \\u00e0 la F\\u00e9d\\u00e9ration\"},\"previousItem\":{\"@type\":\"ListItem\",\"@id\":\"https:\\\/\\\/lepatriotebenin.com#listItem\",\"name\":\"Home\"}},{\"@type\":\"ListItem\",\"@id\":\"https:\\\/\\\/lepatriotebenin.com\\\/index.php\\\/2026\\\/07\\\/17\\\/senegal-elimine-du-mondial-le-gouvernement-impose-le-silence-a-la-federation\\\/#listItem\",\"position\":3,\"name\":\"S\\u00e9n\\u00e9gal \\u00e9limin\\u00e9 du Mondial : le gouvernement impose le silence \\u00e0 la F\\u00e9d\\u00e9ration\",\"previousItem\":{\"@type\":\"ListItem\",\"@id\":\"https:\\\/\\\/lepatriotebenin.com\\\/index.php\\\/category\\\/sport\\\/#listItem\",\"name\":\"Sport\"}}]},{\"@type\":\"Organization\",\"@id\":\"https:\\\/\\\/lepatriotebenin.com\\\/#organization\",\"name\":\"Le Patriote\",\"description\":\"Le Patriote B\\u00e9nin\",\"url\":\"https:\\\/\\\/lepatriotebenin.com\\\/\"},{\"@type\":\"Person\",\"@id\":\"https:\\\/\\\/lepatriotebenin.com#author\",\"url\":\"https:\\\/\\\/lepatriotebenin.com\",\"name\":\"Redaction\",\"image\":{\"@type\":\"ImageObject\",\"@id\":\"https:\\\/\\\/lepatriotebenin.com\\\/index.php\\\/2026\\\/07\\\/17\\\/senegal-elimine-du-mondial-le-gouvernement-impose-le-silence-a-la-federation\\\/#authorImage\",\"url\":\"https:\\\/\\\/secure.gravatar.com\\\/avatar\\\/c4c509357859ea2ca2cbb6d8812898a73e4ef1ef9934c2e591d7e32face734d1?s=96&d=mm&r=g\",\"width\":96,\"height\":96,\"caption\":\"Redaction\"}},{\"@type\":\"WebPage\",\"@id\":\"https:\\\/\\\/lepatriotebenin.com\\\/index.php\\\/2026\\\/07\\\/17\\\/senegal-elimine-du-mondial-le-gouvernement-impose-le-silence-a-la-federation\\\/#webpage\",\"url\":\"https:\\\/\\\/lepatriotebenin.com\\\/index.php\\\/2026\\\/07\\\/17\\\/senegal-elimine-du-mondial-le-gouvernement-impose-le-silence-a-la-federation\\\/\",\"name\":\"S\\u00e9n\\u00e9gal \\u00e9limin\\u00e9 du Mondial : le gouvernement impose le silence \\u00e0 la F\\u00e9d\\u00e9ration - Le Patriote\",\"description\":\"Les Lions de la Teranga se sont arr\\u00eat\\u00e9s en huiti\\u00e8mes de finale de la Coupe du monde. Battu par la Belgique apr\\u00e8s avoir pourtant men\\u00e9 2-0 jusqu\\u2019\\u00e0 la 86e minute, le S\\u00e9n\\u00e9gal voit son \\u00e9limination continuer de faire r\\u00e9agir. \\u00c0 ce sujet, le bras de fer s\\u2019installe d\\u00e9sormais entre les autorit\\u00e9s s\\u00e9n\\u00e9galaises et la F\\u00e9d\\u00e9ration\",\"inLanguage\":\"fr-FR\",\"isPartOf\":{\"@id\":\"https:\\\/\\\/lepatriotebenin.com\\\/#website\"},\"breadcrumb\":{\"@id\":\"https:\\\/\\\/lepatriotebenin.com\\\/index.php\\\/2026\\\/07\\\/17\\\/senegal-elimine-du-mondial-le-gouvernement-impose-le-silence-a-la-federation\\\/#breadcrumblist\"},\"author\":{\"@id\":\"https:\\\/\\\/lepatriotebenin.com#author\"},\"creator\":{\"@id\":\"https:\\\/\\\/lepatriotebenin.com#author\"},\"image\":{\"@type\":\"ImageObject\",\"url\":\"https:\\\/\\\/lepatriotebenin.com\\\/wp-content\\\/uploads\\\/2026\\\/07\\\/senegal-3.jpeg\",\"@id\":\"https:\\\/\\\/lepatriotebenin.com\\\/index.php\\\/2026\\\/07\\\/17\\\/senegal-elimine-du-mondial-le-gouvernement-impose-le-silence-a-la-federation\\\/#mainImage\",\"width\":447,\"height\":447},\"primaryImageOfPage\":{\"@id\":\"https:\\\/\\\/lepatriotebenin.com\\\/index.php\\\/2026\\\/07\\\/17\\\/senegal-elimine-du-mondial-le-gouvernement-impose-le-silence-a-la-federation\\\/#mainImage\"},\"datePublished\":\"2026-07-17T00:42:48+02:00\",\"dateModified\":\"2026-07-17T00:42:48+02:00\"},{\"@type\":\"WebSite\",\"@id\":\"https:\\\/\\\/lepatriotebenin.com\\\/#website\",\"url\":\"https:\\\/\\\/lepatriotebenin.com\\\/\",\"name\":\"Le Patriote\",\"description\":\"Le Patriote B\\u00e9nin\",\"inLanguage\":\"fr-FR\",\"publisher\":{\"@id\":\"https:\\\/\\\/lepatriotebenin.com\\\/#organization\"}}]}\n\t\t<\/script>\n\t\t<!-- All in One SEO -->\n\n","aioseo_head_json":{"title":"S\u00e9n\u00e9gal \u00e9limin\u00e9 du Mondial : le gouvernement impose le silence \u00e0 la F\u00e9d\u00e9ration - Le Patriote","description":"Les Lions de la Teranga se sont arr\u00eat\u00e9s en huiti\u00e8mes de finale de la Coupe du monde. Battu par la Belgique apr\u00e8s avoir pourtant men\u00e9 2-0 jusqu\u2019\u00e0 la 86e minute, le S\u00e9n\u00e9gal voit son \u00e9limination continuer de faire r\u00e9agir. \u00c0 ce sujet, le bras de fer s\u2019installe d\u00e9sormais entre les autorit\u00e9s s\u00e9n\u00e9galaises et la F\u00e9d\u00e9ration","canonical_url":"https:\/\/lepatriotebenin.com\/index.php\/2026\/07\/17\/senegal-elimine-du-mondial-le-gouvernement-impose-le-silence-a-la-federation\/","robots":"max-image-preview:large","keywords":"","webmasterTools":{"miscellaneous":""},"schema":{"@context":"https:\/\/schema.org","@graph":[{"@type":"BlogPosting","@id":"https:\/\/lepatriotebenin.com\/index.php\/2026\/07\/17\/senegal-elimine-du-mondial-le-gouvernement-impose-le-silence-a-la-federation\/#blogposting","name":"S\u00e9n\u00e9gal \u00e9limin\u00e9 du Mondial : le gouvernement impose le silence \u00e0 la F\u00e9d\u00e9ration - Le Patriote","headline":"S\u00e9n\u00e9gal \u00e9limin\u00e9 du Mondial : le gouvernement impose le silence \u00e0 la F\u00e9d\u00e9ration","author":{"@id":"https:\/\/lepatriotebenin.com#author"},"publisher":{"@id":"https:\/\/lepatriotebenin.com\/#organization"},"image":{"@type":"ImageObject","url":"https:\/\/lepatriotebenin.com\/wp-content\/uploads\/2026\/07\/senegal-3.jpeg","width":447,"height":447},"datePublished":"2026-07-17T00:42:48+02:00","dateModified":"2026-07-17T00:42:48+02:00","inLanguage":"fr-FR","mainEntityOfPage":{"@id":"https:\/\/lepatriotebenin.com\/index.php\/2026\/07\/17\/senegal-elimine-du-mondial-le-gouvernement-impose-le-silence-a-la-federation\/#webpage"},"isPartOf":{"@id":"https:\/\/lepatriotebenin.com\/index.php\/2026\/07\/17\/senegal-elimine-du-mondial-le-gouvernement-impose-le-silence-a-la-federation\/#webpage"},"articleSection":"Sport"},{"@type":"BreadcrumbList","@id":"https:\/\/lepatriotebenin.com\/index.php\/2026\/07\/17\/senegal-elimine-du-mondial-le-gouvernement-impose-le-silence-a-la-federation\/#breadcrumblist","itemListElement":[{"@type":"ListItem","@id":"https:\/\/lepatriotebenin.com#listItem","position":1,"name":"Home","item":"https:\/\/lepatriotebenin.com","nextItem":{"@type":"ListItem","@id":"https:\/\/lepatriotebenin.com\/index.php\/category\/sport\/#listItem","name":"Sport"}},{"@type":"ListItem","@id":"https:\/\/lepatriotebenin.com\/index.php\/category\/sport\/#listItem","position":2,"name":"Sport","item":"https:\/\/lepatriotebenin.com\/index.php\/category\/sport\/","nextItem":{"@type":"ListItem","@id":"https:\/\/lepatriotebenin.com\/index.php\/2026\/07\/17\/senegal-elimine-du-mondial-le-gouvernement-impose-le-silence-a-la-federation\/#listItem","name":"S\u00e9n\u00e9gal \u00e9limin\u00e9 du Mondial : le gouvernement impose le silence \u00e0 la F\u00e9d\u00e9ration"},"previousItem":{"@type":"ListItem","@id":"https:\/\/lepatriotebenin.com#listItem","name":"Home"}},{"@type":"ListItem","@id":"https:\/\/lepatriotebenin.com\/index.php\/2026\/07\/17\/senegal-elimine-du-mondial-le-gouvernement-impose-le-silence-a-la-federation\/#listItem","position":3,"name":"S\u00e9n\u00e9gal \u00e9limin\u00e9 du Mondial : le gouvernement impose le silence \u00e0 la F\u00e9d\u00e9ration","previousItem":{"@type":"ListItem","@id":"https:\/\/lepatriotebenin.com\/index.php\/category\/sport\/#listItem","name":"Sport"}}]},{"@type":"Organization","@id":"https:\/\/lepatriotebenin.com\/#organization","name":"Le Patriote","description":"Le Patriote B\u00e9nin","url":"https:\/\/lepatriotebenin.com\/"},{"@type":"Person","@id":"https:\/\/lepatriotebenin.com#author","url":"https:\/\/lepatriotebenin.com","name":"Redaction","image":{"@type":"ImageObject","@id":"https:\/\/lepatriotebenin.com\/index.php\/2026\/07\/17\/senegal-elimine-du-mondial-le-gouvernement-impose-le-silence-a-la-federation\/#authorImage","url":"https:\/\/secure.gravatar.com\/avatar\/c4c509357859ea2ca2cbb6d8812898a73e4ef1ef9934c2e591d7e32face734d1?s=96&d=mm&r=g","width":96,"height":96,"caption":"Redaction"}},{"@type":"WebPage","@id":"https:\/\/lepatriotebenin.com\/index.php\/2026\/07\/17\/senegal-elimine-du-mondial-le-gouvernement-impose-le-silence-a-la-federation\/#webpage","url":"https:\/\/lepatriotebenin.com\/index.php\/2026\/07\/17\/senegal-elimine-du-mondial-le-gouvernement-impose-le-silence-a-la-federation\/","name":"S\u00e9n\u00e9gal \u00e9limin\u00e9 du Mondial : le gouvernement impose le silence \u00e0 la F\u00e9d\u00e9ration - Le Patriote","description":"Les Lions de la Teranga se sont arr\u00eat\u00e9s en huiti\u00e8mes de finale de la Coupe du monde. Battu par la Belgique apr\u00e8s avoir pourtant men\u00e9 2-0 jusqu\u2019\u00e0 la 86e minute, le S\u00e9n\u00e9gal voit son \u00e9limination continuer de faire r\u00e9agir. \u00c0 ce sujet, le bras de fer s\u2019installe d\u00e9sormais entre les autorit\u00e9s s\u00e9n\u00e9galaises et la F\u00e9d\u00e9ration","inLanguage":"fr-FR","isPartOf":{"@id":"https:\/\/lepatriotebenin.com\/#website"},"breadcrumb":{"@id":"https:\/\/lepatriotebenin.com\/index.php\/2026\/07\/17\/senegal-elimine-du-mondial-le-gouvernement-impose-le-silence-a-la-federation\/#breadcrumblist"},"author":{"@id":"https:\/\/lepatriotebenin.com#author"},"creator":{"@id":"https:\/\/lepatriotebenin.com#author"},"image":{"@type":"ImageObject","url":"https:\/\/lepatriotebenin.com\/wp-content\/uploads\/2026\/07\/senegal-3.jpeg","@id":"https:\/\/lepatriotebenin.com\/index.php\/2026\/07\/17\/senegal-elimine-du-mondial-le-gouvernement-impose-le-silence-a-la-federation\/#mainImage","width":447,"height":447},"primaryImageOfPage":{"@id":"https:\/\/lepatriotebenin.com\/index.php\/2026\/07\/17\/senegal-elimine-du-mondial-le-gouvernement-impose-le-silence-a-la-federation\/#mainImage"},"datePublished":"2026-07-17T00:42:48+02:00","dateModified":"2026-07-17T00:42:48+02:00"},{"@type":"WebSite","@id":"https:\/\/lepatriotebenin.com\/#website","url":"https:\/\/lepatriotebenin.com\/","name":"Le Patriote","description":"Le Patriote B\u00e9nin","inLanguage":"fr-FR","publisher":{"@id":"https:\/\/lepatriotebenin.com\/#organization"}}]},"og:locale":"fr_FR","og:site_name":"Le Patriote - Le Patriote B\u00e9nin","og:type":"article","og:title":"S\u00e9n\u00e9gal \u00e9limin\u00e9 du Mondial : le gouvernement impose le silence \u00e0 la F\u00e9d\u00e9ration - Le Patriote","og:description":"Les Lions de la Teranga se sont arr\u00eat\u00e9s en huiti\u00e8mes de finale de la Coupe du monde. Battu par la Belgique apr\u00e8s avoir pourtant men\u00e9 2-0 jusqu\u2019\u00e0 la 86e minute, le S\u00e9n\u00e9gal voit son \u00e9limination continuer de faire r\u00e9agir. \u00c0 ce sujet, le bras de fer s\u2019installe d\u00e9sormais entre les autorit\u00e9s s\u00e9n\u00e9galaises et la F\u00e9d\u00e9ration","og:url":"https:\/\/lepatriotebenin.com\/index.php\/2026\/07\/17\/senegal-elimine-du-mondial-le-gouvernement-impose-le-silence-a-la-federation\/","article:published_time":"2026-07-16T22:42:48+00:00","article:modified_time":"2026-07-16T22:42:48+00:00","twitter:card":"summary_large_image","twitter:title":"S\u00e9n\u00e9gal \u00e9limin\u00e9 du Mondial : le gouvernement impose le silence \u00e0 la F\u00e9d\u00e9ration - Le Patriote","twitter:description":"Les Lions de la Teranga se sont arr\u00eat\u00e9s en huiti\u00e8mes de finale de la Coupe du monde. Battu par la Belgique apr\u00e8s avoir pourtant men\u00e9 2-0 jusqu\u2019\u00e0 la 86e minute, le S\u00e9n\u00e9gal voit son \u00e9limination continuer de faire r\u00e9agir. \u00c0 ce sujet, le bras de fer s\u2019installe d\u00e9sormais entre les autorit\u00e9s s\u00e9n\u00e9galaises et la F\u00e9d\u00e9ration"},"aioseo_meta_data":{"post_id":"21738","title":null,"description":null,"keywords":null,"keyphrases":{"focus":{"keyphrase":"","score":0,"analysis":{"keyphraseInTitle":{"score":0,"maxScore":9,"error":1}}},"additional":[]},"primary_term":null,"canonical_url":null,"og_title":null,"og_description":null,"og_object_type":"default","og_image_type":"default","og_image_url":null,"og_image_width":null,"og_image_height":null,"og_image_custom_url":null,"og_image_custom_fields":null,"og_video":"","og_custom_url":null,"og_article_section":null,"og_article_tags":null,"twitter_use_og":false,"twitter_card":"default","twitter_image_type":"default","twitter_image_url":null,"twitter_image_custom_url":null,"twitter_image_custom_fields":null,"twitter_title":null,"twitter_description":null,"schema":{"blockGraphs":[],"customGraphs":[],"default":{"data":{"Article":[],"Course":[],"Dataset":[],"FAQPage":[],"Movie":[],"Person":[],"Product":[],"ProductReview":[],"Car":[],"Recipe":[],"Service":[],"SoftwareApplication":[],"WebPage":[]},"graphName":"BlogPosting","isEnabled":true},"graphs":[]},"schema_type":"default","schema_type_options":null,"pillar_content":false,"robots_default":true,"robots_noindex":false,"robots_noarchive":false,"robots_nosnippet":false,"robots_nofollow":false,"robots_noimageindex":false,"robots_noodp":false,"robots_notranslate":false,"robots_max_snippet":"-1","robots_max_videopreview":"-1","robots_max_imagepreview":"large","priority":null,"frequency":"default","local_seo":null,"breadcrumb_settings":null,"limit_modified_date":false,"ai":{"faqs":[],"keyPoints":[],"schemas":[],"titles":[],"descriptions":[],"socialPosts":{"email":{"subject":"","preview":"","content":""},"linkedin":[],"twitter":[],"facebook":[],"instagram":[]}},"created":"2026-07-16 22:42:48","updated":"2026-07-16 22:56:08","seo_analyzer_scan_date":null,"focus_keyword":null,"additional_keywords":null,"truseo_locale":null},"aioseo_breadcrumb":"<div class=\"aioseo-breadcrumbs\"><span class=\"aioseo-breadcrumb\">\n\t\t\t<a href=\"https:\/\/lepatriotebenin.com\" title=\"Home\">Home<\/a>\n\t\t<\/span><span class=\"aioseo-breadcrumb-separator\">&raquo;<\/span><span class=\"aioseo-breadcrumb\">\n\t\t\t<a href=\"https:\/\/lepatriotebenin.com\/index.php\/category\/sport\/\" title=\"Sport\">Sport<\/a>\n\t\t<\/span><span class=\"aioseo-breadcrumb-separator\">&raquo;<\/span><span class=\"aioseo-breadcrumb\">\n\t\t\tS\u00e9n\u00e9gal \u00e9limin\u00e9 du Mondial : le gouvernement impose le silence \u00e0 la F\u00e9d\u00e9ration\n\t\t<\/span><\/div>","aioseo_breadcrumb_json":[{"label":"Home","link":"https:\/\/lepatriotebenin.com"},{"label":"Sport","link":"https:\/\/lepatriotebenin.com\/index.php\/category\/sport\/"},{"label":"S\u00e9n\u00e9gal \u00e9limin\u00e9 du Mondial : le gouvernement impose le silence \u00e0 la F\u00e9d\u00e9ration","link":"https:\/\/lepatriotebenin.com\/index.php\/2026\/07\/17\/senegal-elimine-du-mondial-le-gouvernement-impose-le-silence-a-la-federation\/"}],"yoast_head":"<!-- This site is optimized with the Yoast SEO plugin v28.3 - https:\/\/yoast.com\/product\/yoast-seo-wordpress\/ -->\n<title>S\u00e9n\u00e9gal \u00e9limin\u00e9 du Mondial : le gouvernement impose le silence \u00e0 la F\u00e9d\u00e9ration - Le Patriote<\/title>\n<meta name=\"robots\" content=\"index, follow, max-snippet:-1, max-image-preview:large, max-video-preview:-1\" \/>\n<link rel=\"canonical\" href=\"https:\/\/lepatriotebenin.com\/index.php\/2026\/07\/17\/senegal-elimine-du-mondial-le-gouvernement-impose-le-silence-a-la-federation\/\" \/>\n<meta property=\"og:locale\" content=\"fr_FR\" \/>\n<meta property=\"og:type\" content=\"article\" \/>\n<meta property=\"og:title\" content=\"S\u00e9n\u00e9gal \u00e9limin\u00e9 du Mondial : le gouvernement impose le silence \u00e0 la F\u00e9d\u00e9ration - Le Patriote\" \/>\n<meta property=\"og:description\" content=\"Les Lions de la Teranga se sont arr\u00eat\u00e9s en huiti\u00e8mes de finale de la Coupe du monde. Battu par la Belgique apr\u00e8s avoir pourtant men\u00e9 2-0 jusqu\u2019\u00e0 la 86e minute,&hellip;\" \/>\n<meta property=\"og:url\" content=\"https:\/\/lepatriotebenin.com\/index.php\/2026\/07\/17\/senegal-elimine-du-mondial-le-gouvernement-impose-le-silence-a-la-federation\/\" \/>\n<meta property=\"og:site_name\" content=\"Le Patriote\" \/>\n<meta property=\"article:published_time\" content=\"2026-07-16T22:42:48+00:00\" \/>\n<meta property=\"og:image\" content=\"https:\/\/lepatriotebenin.com\/wp-content\/uploads\/2026\/07\/senegal-3.jpeg\" \/>\n\t<meta property=\"og:image:width\" content=\"447\" \/>\n\t<meta property=\"og:image:height\" content=\"447\" \/>\n\t<meta property=\"og:image:type\" content=\"image\/jpeg\" \/>\n<meta name=\"author\" content=\"Redaction\" \/>\n<meta name=\"twitter:card\" content=\"summary_large_image\" \/>\n<meta name=\"twitter:label1\" content=\"\u00c9crit par\" \/>\n\t<meta name=\"twitter:data1\" content=\"Redaction\" \/>\n\t<meta name=\"twitter:label2\" content=\"Dur\u00e9e de lecture estim\u00e9e\" \/>\n\t<meta name=\"twitter:data2\" content=\"2 minutes\" \/>\n<script type=\"application\/ld+json\" class=\"yoast-schema-graph\">{\"@context\":\"https:\\\/\\\/schema.org\",\"@graph\":[{\"@type\":\"Article\",\"@id\":\"https:\\\/\\\/lepatriotebenin.com\\\/index.php\\\/2026\\\/07\\\/17\\\/senegal-elimine-du-mondial-le-gouvernement-impose-le-silence-a-la-federation\\\/#article\",\"isPartOf\":{\"@id\":\"https:\\\/\\\/lepatriotebenin.com\\\/index.php\\\/2026\\\/07\\\/17\\\/senegal-elimine-du-mondial-le-gouvernement-impose-le-silence-a-la-federation\\\/\"},\"author\":{\"name\":\"Redaction\",\"@id\":\"https:\\\/\\\/lepatriotebenin.com\\\/#\\\/schema\\\/person\\\/2e7709b9c9cc313e452d1136af61690f\"},\"headline\":\"S\u00e9n\u00e9gal \u00e9limin\u00e9 du Mondial : le gouvernement impose le silence \u00e0 la F\u00e9d\u00e9ration\",\"datePublished\":\"2026-07-16T22:42:48+00:00\",\"mainEntityOfPage\":{\"@id\":\"https:\\\/\\\/lepatriotebenin.com\\\/index.php\\\/2026\\\/07\\\/17\\\/senegal-elimine-du-mondial-le-gouvernement-impose-le-silence-a-la-federation\\\/\"},\"wordCount\":316,\"commentCount\":0,\"image\":{\"@id\":\"https:\\\/\\\/lepatriotebenin.com\\\/index.php\\\/2026\\\/07\\\/17\\\/senegal-elimine-du-mondial-le-gouvernement-impose-le-silence-a-la-federation\\\/#primaryimage\"},\"thumbnailUrl\":\"https:\\\/\\\/lepatriotebenin.com\\\/wp-content\\\/uploads\\\/2026\\\/07\\\/senegal-3.jpeg\",\"articleSection\":[\"Sport\"],\"inLanguage\":\"fr-FR\",\"potentialAction\":[{\"@type\":\"CommentAction\",\"name\":\"Comment\",\"target\":[\"https:\\\/\\\/lepatriotebenin.com\\\/index.php\\\/2026\\\/07\\\/17\\\/senegal-elimine-du-mondial-le-gouvernement-impose-le-silence-a-la-federation\\\/#respond\"]}]},{\"@type\":\"WebPage\",\"@id\":\"https:\\\/\\\/lepatriotebenin.com\\\/index.php\\\/2026\\\/07\\\/17\\\/senegal-elimine-du-mondial-le-gouvernement-impose-le-silence-a-la-federation\\\/\",\"url\":\"https:\\\/\\\/lepatriotebenin.com\\\/index.php\\\/2026\\\/07\\\/17\\\/senegal-elimine-du-mondial-le-gouvernement-impose-le-silence-a-la-federation\\\/\",\"name\":\"S\u00e9n\u00e9gal \u00e9limin\u00e9 du Mondial : le gouvernement impose le silence \u00e0 la F\u00e9d\u00e9ration - Le Patriote\",\"isPartOf\":{\"@id\":\"https:\\\/\\\/lepatriotebenin.com\\\/#website\"},\"primaryImageOfPage\":{\"@id\":\"https:\\\/\\\/lepatriotebenin.com\\\/index.php\\\/2026\\\/07\\\/17\\\/senegal-elimine-du-mondial-le-gouvernement-impose-le-silence-a-la-federation\\\/#primaryimage\"},\"image\":{\"@id\":\"https:\\\/\\\/lepatriotebenin.com\\\/index.php\\\/2026\\\/07\\\/17\\\/senegal-elimine-du-mondial-le-gouvernement-impose-le-silence-a-la-federation\\\/#primaryimage\"},\"thumbnailUrl\":\"https:\\\/\\\/lepatriotebenin.com\\\/wp-content\\\/uploads\\\/2026\\\/07\\\/senegal-3.jpeg\",\"datePublished\":\"2026-07-16T22:42:48+00:00\",\"author\":{\"@id\":\"https:\\\/\\\/lepatriotebenin.com\\\/#\\\/schema\\\/person\\\/2e7709b9c9cc313e452d1136af61690f\"},\"breadcrumb\":{\"@id\":\"https:\\\/\\\/lepatriotebenin.com\\\/index.php\\\/2026\\\/07\\\/17\\\/senegal-elimine-du-mondial-le-gouvernement-impose-le-silence-a-la-federation\\\/#breadcrumb\"},\"inLanguage\":\"fr-FR\",\"potentialAction\":[{\"@type\":\"ReadAction\",\"target\":[\"https:\\\/\\\/lepatriotebenin.com\\\/index.php\\\/2026\\\/07\\\/17\\\/senegal-elimine-du-mondial-le-gouvernement-impose-le-silence-a-la-federation\\\/\"]}]},{\"@type\":\"ImageObject\",\"inLanguage\":\"fr-FR\",\"@id\":\"https:\\\/\\\/lepatriotebenin.com\\\/index.php\\\/2026\\\/07\\\/17\\\/senegal-elimine-du-mondial-le-gouvernement-impose-le-silence-a-la-federation\\\/#primaryimage\",\"url\":\"https:\\\/\\\/lepatriotebenin.com\\\/wp-content\\\/uploads\\\/2026\\\/07\\\/senegal-3.jpeg\",\"contentUrl\":\"https:\\\/\\\/lepatriotebenin.com\\\/wp-content\\\/uploads\\\/2026\\\/07\\\/senegal-3.jpeg\",\"width\":447,\"height\":447},{\"@type\":\"BreadcrumbList\",\"@id\":\"https:\\\/\\\/lepatriotebenin.com\\\/index.php\\\/2026\\\/07\\\/17\\\/senegal-elimine-du-mondial-le-gouvernement-impose-le-silence-a-la-federation\\\/#breadcrumb\",\"itemListElement\":[{\"@type\":\"ListItem\",\"position\":1,\"name\":\"Accueil\",\"item\":\"https:\\\/\\\/lepatriotebenin.com\\\/\"},{\"@type\":\"ListItem\",\"position\":2,\"name\":\"S\u00e9n\u00e9gal \u00e9limin\u00e9 du Mondial : le gouvernement impose le silence \u00e0 la F\u00e9d\u00e9ration\"}]},{\"@type\":\"WebSite\",\"@id\":\"https:\\\/\\\/lepatriotebenin.com\\\/#website\",\"url\":\"https:\\\/\\\/lepatriotebenin.com\\\/\",\"name\":\"Le Patriote\",\"description\":\"Le Patriote B\u00e9nin\",\"potentialAction\":[{\"@type\":\"SearchAction\",\"target\":{\"@type\":\"EntryPoint\",\"urlTemplate\":\"https:\\\/\\\/lepatriotebenin.com\\\/?s={search_term_string}\"},\"query-input\":{\"@type\":\"PropertyValueSpecification\",\"valueRequired\":true,\"valueName\":\"search_term_string\"}}],\"inLanguage\":\"fr-FR\"},{\"@type\":\"Person\",\"@id\":\"https:\\\/\\\/lepatriotebenin.com\\\/#\\\/schema\\\/person\\\/2e7709b9c9cc313e452d1136af61690f\",\"name\":\"Redaction\",\"image\":{\"@type\":\"ImageObject\",\"inLanguage\":\"fr-FR\",\"@id\":\"https:\\\/\\\/secure.gravatar.com\\\/avatar\\\/c4c509357859ea2ca2cbb6d8812898a73e4ef1ef9934c2e591d7e32face734d1?s=96&d=mm&r=g\",\"url\":\"https:\\\/\\\/secure.gravatar.com\\\/avatar\\\/c4c509357859ea2ca2cbb6d8812898a73e4ef1ef9934c2e591d7e32face734d1?s=96&d=mm&r=g\",\"contentUrl\":\"https:\\\/\\\/secure.gravatar.com\\\/avatar\\\/c4c509357859ea2ca2cbb6d8812898a73e4ef1ef9934c2e591d7e32face734d1?s=96&d=mm&r=g\",\"caption\":\"Redaction\"},\"url\":\"https:\\\/\\\/lepatriotebenin.com\"}]}<\/script>\n<!-- \/ Yoast SEO plugin. -->","yoast_head_json":{"title":"S\u00e9n\u00e9gal \u00e9limin\u00e9 du Mondial : le gouvernement impose le silence \u00e0 la F\u00e9d\u00e9ration - Le Patriote","robots":{"index":"index","follow":"follow","max-snippet":"max-snippet:-1","max-image-preview":"max-image-preview:large","max-video-preview":"max-video-preview:-1"},"canonical":"https:\/\/lepatriotebenin.com\/index.php\/2026\/07\/17\/senegal-elimine-du-mondial-le-gouvernement-impose-le-silence-a-la-federation\/","og_locale":"fr_FR","og_type":"article","og_title":"S\u00e9n\u00e9gal \u00e9limin\u00e9 du Mondial : le gouvernement impose le silence \u00e0 la F\u00e9d\u00e9ration - Le Patriote","og_description":"Les Lions de la Teranga se sont arr\u00eat\u00e9s en huiti\u00e8mes de finale de la Coupe du monde. Battu par la Belgique apr\u00e8s avoir pourtant men\u00e9 2-0 jusqu\u2019\u00e0 la 86e minute,&hellip;","og_url":"https:\/\/lepatriotebenin.com\/index.php\/2026\/07\/17\/senegal-elimine-du-mondial-le-gouvernement-impose-le-silence-a-la-federation\/","og_site_name":"Le Patriote","article_published_time":"2026-07-16T22:42:48+00:00","og_image":[{"width":447,"height":447,"url":"https:\/\/lepatriotebenin.com\/wp-content\/uploads\/2026\/07\/senegal-3.jpeg","type":"image\/jpeg"}],"author":"Redaction","twitter_card":"summary_large_image","twitter_misc":{"\u00c9crit par":"Redaction","Dur\u00e9e de lecture estim\u00e9e":"2 minutes"},"schema":{"@context":"https:\/\/schema.org","@graph":[{"@type":"Article","@id":"https:\/\/lepatriotebenin.com\/index.php\/2026\/07\/17\/senegal-elimine-du-mondial-le-gouvernement-impose-le-silence-a-la-federation\/#article","isPartOf":{"@id":"https:\/\/lepatriotebenin.com\/index.php\/2026\/07\/17\/senegal-elimine-du-mondial-le-gouvernement-impose-le-silence-a-la-federation\/"},"author":{"name":"Redaction","@id":"https:\/\/lepatriotebenin.com\/#\/schema\/person\/2e7709b9c9cc313e452d1136af61690f"},"headline":"S\u00e9n\u00e9gal \u00e9limin\u00e9 du Mondial : le gouvernement impose le silence \u00e0 la F\u00e9d\u00e9ration","datePublished":"2026-07-16T22:42:48+00:00","mainEntityOfPage":{"@id":"https:\/\/lepatriotebenin.com\/index.php\/2026\/07\/17\/senegal-elimine-du-mondial-le-gouvernement-impose-le-silence-a-la-federation\/"},"wordCount":316,"commentCount":0,"image":{"@id":"https:\/\/lepatriotebenin.com\/index.php\/2026\/07\/17\/senegal-elimine-du-mondial-le-gouvernement-impose-le-silence-a-la-federation\/#primaryimage"},"thumbnailUrl":"https:\/\/lepatriotebenin.com\/wp-content\/uploads\/2026\/07\/senegal-3.jpeg","articleSection":["Sport"],"inLanguage":"fr-FR","potentialAction":[{"@type":"CommentAction","name":"Comment","target":["https:\/\/lepatriotebenin.com\/index.php\/2026\/07\/17\/senegal-elimine-du-mondial-le-gouvernement-impose-le-silence-a-la-federation\/#respond"]}]},{"@type":"WebPage","@id":"https:\/\/lepatriotebenin.com\/index.php\/2026\/07\/17\/senegal-elimine-du-mondial-le-gouvernement-impose-le-silence-a-la-federation\/","url":"https:\/\/lepatriotebenin.com\/index.php\/2026\/07\/17\/senegal-elimine-du-mondial-le-gouvernement-impose-le-silence-a-la-federation\/","name":"S\u00e9n\u00e9gal \u00e9limin\u00e9 du Mondial : le gouvernement impose le silence \u00e0 la F\u00e9d\u00e9ration - Le Patriote","isPartOf":{"@id":"https:\/\/lepatriotebenin.com\/#website"},"primaryImageOfPage":{"@id":"https:\/\/lepatriotebenin.com\/index.php\/2026\/07\/17\/senegal-elimine-du-mondial-le-gouvernement-impose-le-silence-a-la-federation\/#primaryimage"},"image":{"@id":"https:\/\/lepatriotebenin.com\/index.php\/2026\/07\/17\/senegal-elimine-du-mondial-le-gouvernement-impose-le-silence-a-la-federation\/#primaryimage"},"thumbnailUrl":"https:\/\/lepatriotebenin.com\/wp-content\/uploads\/2026\/07\/senegal-3.jpeg","datePublished":"2026-07-16T22:42:48+00:00","author":{"@id":"https:\/\/lepatriotebenin.com\/#\/schema\/person\/2e7709b9c9cc313e452d1136af61690f"},"breadcrumb":{"@id":"https:\/\/lepatriotebenin.com\/index.php\/2026\/07\/17\/senegal-elimine-du-mondial-le-gouvernement-impose-le-silence-a-la-federation\/#breadcrumb"},"inLanguage":"fr-FR","potentialAction":[{"@type":"ReadAction","target":["https:\/\/lepatriotebenin.com\/index.php\/2026\/07\/17\/senegal-elimine-du-mondial-le-gouvernement-impose-le-silence-a-la-federation\/"]}]},{"@type":"ImageObject","inLanguage":"fr-FR","@id":"https:\/\/lepatriotebenin.com\/index.php\/2026\/07\/17\/senegal-elimine-du-mondial-le-gouvernement-impose-le-silence-a-la-federation\/#primaryimage","url":"https:\/\/lepatriotebenin.com\/wp-content\/uploads\/2026\/07\/senegal-3.jpeg","contentUrl":"https:\/\/lepatriotebenin.com\/wp-content\/uploads\/2026\/07\/senegal-3.jpeg","width":447,"height":447},{"@type":"BreadcrumbList","@id":"https:\/\/lepatriotebenin.com\/index.php\/2026\/07\/17\/senegal-elimine-du-mondial-le-gouvernement-impose-le-silence-a-la-federation\/#breadcrumb","itemListElement":[{"@type":"ListItem","position":1,"name":"Accueil","item":"https:\/\/lepatriotebenin.com\/"},{"@type":"ListItem","position":2,"name":"S\u00e9n\u00e9gal \u00e9limin\u00e9 du Mondial : le gouvernement impose le silence \u00e0 la F\u00e9d\u00e9ration"}]},{"@type":"WebSite","@id":"https:\/\/lepatriotebenin.com\/#website","url":"https:\/\/lepatriotebenin.com\/","name":"Le Patriote","description":"Le Patriote B\u00e9nin","potentialAction":[{"@type":"SearchAction","target":{"@type":"EntryPoint","urlTemplate":"https:\/\/lepatriotebenin.com\/?s={search_term_string}"},"query-input":{"@type":"PropertyValueSpecification","valueRequired":true,"valueName":"search_term_string"}}],"inLanguage":"fr-FR"},{"@type":"Person","@id":"https:\/\/lepatriotebenin.com\/#\/schema\/person\/2e7709b9c9cc313e452d1136af61690f","name":"Redaction","image":{"@type":"ImageObject","inLanguage":"fr-FR","@id":"https:\/\/secure.gravatar.com\/avatar\/c4c509357859ea2ca2cbb6d8812898a73e4ef1ef9934c2e591d7e32face734d1?s=96&d=mm&r=g","url":"https:\/\/secure.gravatar.com\/avatar\/c4c509357859ea2ca2cbb6d8812898a73e4ef1ef9934c2e591d7e32face734d1?s=96&d=mm&r=g","contentUrl":"https:\/\/secure.gravatar.com\/avatar\/c4c509357859ea2ca2cbb6d8812898a73e4ef1ef9934c2e591d7e32face734d1?s=96&d=mm&r=g","caption":"Redaction"},"url":"https:\/\/lepatriotebenin.com"}]}},"_links":{"self":[{"href":"https:\/\/lepatriotebenin.com\/index.php\/wp-json\/wp\/v2\/posts\/21738","targetHints":{"allow":["GET"]}}],"collection":[{"href":"https:\/\/lepatriotebenin.com\/index.php\/wp-json\/wp\/v2\/posts"}],"about":[{"href":"https:\/\/lepatriotebenin.com\/index.php\/wp-json\/wp\/v2\/types\/post"}],"author":[{"embeddable":true,"href":"https:\/\/lepatriotebenin.com\/index.php\/wp-json\/wp\/v2\/users\/5"}],"replies":[{"embeddable":true,"href":"https:\/\/lepatriotebenin.com\/index.php\/wp-json\/wp\/v2\/comments?post=21738"}],"version-history":[{"count":1,"href":"https:\/\/lepatriotebenin.com\/index.php\/wp-json\/wp\/v2\/posts\/21738\/revisions"}],"predecessor-version":[{"id":21740,"href":"https:\/\/lepatriotebenin.com\/index.php\/wp-json\/wp\/v2\/posts\/21738\/revisions\/21740"}],"wp:featuredmedia":[{"embeddable":true,"href":"https:\/\/lepatriotebenin.com\/index.php\/wp-json\/wp\/v2\/media\/21739"}],"wp:attachment":[{"href":"https:\/\/lepatriotebenin.com\/index.php\/wp-json\/wp\/v2\/media?parent=21738"}],"wp:term":[{"taxonomy":"category","embeddable":true,"href":"https:\/\/lepatriotebenin.com\/index.php\/wp-json\/wp\/v2\/categories?post=21738"},{"taxonomy":"post_tag","embeddable":true,"href":"https:\/\/lepatriotebenin.com\/index.php\/wp-json\/wp\/v2\/tags?post=21738"}],"curies":[{"name":"wp","href":"https:\/\/api.w.org\/{rel}","templated":true}]}}