{"id":21735,"date":"2026-07-17T00:39:46","date_gmt":"2026-07-16T22:39:46","guid":{"rendered":"https:\/\/lepatriotebenin.com\/?p=21735"},"modified":"2026-07-17T00:39:46","modified_gmt":"2026-07-16T22:39:46","slug":"championnat-des-5-nations-dathletisme-2026-le-benin-devoile-ses-15-representants-pour-ouagadougou","status":"publish","type":"post","link":"https:\/\/lepatriotebenin.com\/index.php\/2026\/07\/17\/championnat-des-5-nations-dathletisme-2026-le-benin-devoile-ses-15-representants-pour-ouagadougou\/","title":{"rendered":"Championnat des  5 Nations d\u2019athl\u00e9tisme 2026 : le B\u00e9nin d\u00e9voile ses 15 repr\u00e9sentants pour Ouagadougou"},"content":{"rendered":"<p>En marge du rendez-vous r\u00e9gional pr\u00e9vu du 23 au 27 juillet 2026 \u00e0 Ouagadougou, la F\u00e9d\u00e9ration b\u00e9ninoise d\u2019athl\u00e9tisme a d\u00e9voil\u00e9 la liste des athl\u00e8tes retenus pour d\u00e9fendre les couleurs nationales. Une s\u00e9lection compos\u00e9e de jeunes talents des cat\u00e9gories U18 et U20, avec plusieurs m\u00e9daill\u00e9s d\u00e9j\u00e0 remarqu\u00e9s sur la sc\u00e8ne ouest-africaine.<\/p>\n<p>La rel\u00e8ve de l\u2019athl\u00e9tisme b\u00e9ninois s\u2019appr\u00eate \u00e0 retrouver les meilleures athl\u00e8tes de la sous-r\u00e9gion. Pour l\u2019\u00e9dition 2026 du championnat des 5 Nations, qui se tiendra au Burkina Faso, la Direction technique nationale de la F\u00e9d\u00e9ration b\u00e9ninoise d\u2019athl\u00e9tisme a lev\u00e9 le voile sur les 15 athl\u00e8tes appel\u00e9s \u00e0 repr\u00e9senter le pays.<\/p>\n<p>Apr\u00e8s une participation remarqu\u00e9e aux championnats ouest-africains U18-U20 disput\u00e9s \u00e0 Dakar, les jeunes Gu\u00e9pards de l\u2019athl\u00e9tisme auront une nouvelle occasion de se mesurer \u00e0 la concurrence r\u00e9gionale. Le B\u00e9nin, troisi\u00e8me au classement lors de l\u2019\u00e9dition 2025 organis\u00e9e au stade Olympique Alassane Ouattara d\u2019\u00c9bimp\u00e9 en C\u00f4te d\u2019Ivoire avec 30 m\u00e9dailles, dont sept en or, ambitionne de confirmer sa progression.<\/p>\n<p>Sous la conduite de la Direction technique nationale dirig\u00e9e par Evrard Anayane, la d\u00e9l\u00e9gation b\u00e9ninoise mise notamment sur des athl\u00e8tes d\u00e9j\u00e0 r\u00e9compens\u00e9s lors des derni\u00e8res \u00e9ch\u00e9ances. Parmi eux figurent Ruffine Sonon, m\u00e9daill\u00e9 d\u2019or sur 800 m, Houmou Boukary, vainqueur au triple saut, ainsi que Loudie Ogoubi, auteur d\u2019une performance remarqu\u00e9e sur 100 m avec un chrono de 11\u2019\u201985 \u00e0 Dakar.<\/p>\n<p>\u00c0 Ouagadougou, les repr\u00e9sentants b\u00e9ninois tenteront ainsi de d\u00e9fendre les acquis r\u00e9cents de la discipline et de porter haut les ambitions nationales face aux autres nations engag\u00e9es.<\/p>\n<p>Pour rappel, le championnat des 5 Nations r\u00e9unit le B\u00e9nin, la C\u00f4te d\u2019Ivoire, le Ghana, le Togo et le Burkina Faso dans une comp\u00e9tition d\u00e9di\u00e9e aux cat\u00e9gories U18 et U20.<\/p>\n<p><strong>Les repr\u00e9sentants b\u00e9ninois en U18<\/strong><\/p>\n<p>&#8211; Ruffine Sonon \u279c 800 m<\/p>\n<p>&#8211; Fidelia Hou\u00e9ho \u279c 100 m haies \u2022 Saut en longueur \u2022 Saut en hauteur<\/p>\n<p>&#8211; Ruth Agbado \u279c 100 m \u2022 200 m<\/p>\n<p>&#8211; Loudie Ogoubi \u279c 100 m \u2022 200 m<\/p>\n<p>&#8211; Ibrahim Kissagui \u279c 100 m \u2022 Lancer du poids<\/p>\n<p>&#8211; Miracle Clowa \u279c Triple saut<\/p>\n<p>&#8211; Oc\u00e9ane Houindot\u00e9 \u279c 800 m \u2022 1 500 m<\/p>\n<p>&#8211; Rahamatou Mama \u279c 400 m haies<\/p>\n<p>&#8211; Ramziath Amadou \u279c 200 m \u2022 400 m<\/p>\n<p><strong>Les repr\u00e9sentants b\u00e9ninois en U20<\/strong><\/p>\n<p>&#8211; Houmou Boukary \u279c Triple saut<\/p>\n<p>&#8211; Daniel Akpa \u279c 200 m \u2022 400 m<\/p>\n<p>&#8211; Alassane Chabi \u279c 400 m haies \u2022 800 m<\/p>\n<p>&#8211; Caleb Amouzou \u279c 400 m \u2022 400 m haies<\/p>\n<p>&#8211; Aliou Assouma \u279c 100 m \u2022 Saut en longueur<\/p>\n<p>&#8211; Epiphanie Koudouro \u279c 400 m \u2022 800 m<\/p>\n<p>&nbsp;<\/p>\n<p><strong>Alola BIAOU<\/strong><\/p>\n","protected":false},"excerpt":{"rendered":"<p>En marge du rendez-vous r\u00e9gional pr\u00e9vu du 23 au 27 juillet 2026 \u00e0 Ouagadougou, la F\u00e9d\u00e9ration b\u00e9ninoise d\u2019athl\u00e9tisme a d\u00e9voil\u00e9 la liste des athl\u00e8tes retenus pour d\u00e9fendre les couleurs nationales.&hellip;<\/p>\n","protected":false},"author":5,"featured_media":21736,"comment_status":"open","ping_status":"open","sticky":false,"template":"","format":"standard","meta":{"content-type":"","om_disable_all_campaigns":false,"_monsterinsights_skip_tracking":false,"_uf_show_specific_survey":0,"_uf_disable_surveys":false,"footnotes":""},"categories":[8],"tags":[],"class_list":["post-21735","post","type-post","status-publish","format-standard","has-post-thumbnail","hentry","category-sport"],"aioseo_notices":[],"aioseo_head":"\n\t\t<!-- All in One SEO 5.0.1.1 - aioseo.com -->\n\t<meta name=\"description\" content=\"En marge du rendez-vous r\u00e9gional pr\u00e9vu du 23 au 27 juillet 2026 \u00e0 Ouagadougou, la F\u00e9d\u00e9ration b\u00e9ninoise d\u2019athl\u00e9tisme a d\u00e9voil\u00e9 la liste des athl\u00e8tes retenus pour d\u00e9fendre les couleurs nationales. Une s\u00e9lection compos\u00e9e de jeunes talents des cat\u00e9gories U18 et U20, avec plusieurs m\u00e9daill\u00e9s d\u00e9j\u00e0 remarqu\u00e9s sur la sc\u00e8ne ouest-africaine. La rel\u00e8ve de l\u2019athl\u00e9tisme b\u00e9ninois\" \/>\n\t<meta name=\"robots\" content=\"max-image-preview:large\" \/>\n\t<meta name=\"author\" content=\"Redaction\"\/>\n\t<link rel=\"canonical\" href=\"https:\/\/lepatriotebenin.com\/index.php\/2026\/07\/17\/championnat-des-5-nations-dathletisme-2026-le-benin-devoile-ses-15-representants-pour-ouagadougou\/\" \/>\n\t<meta name=\"generator\" content=\"All in One SEO (AIOSEO) 5.0.1.1\" \/>\n\t\t<meta property=\"og:locale\" content=\"fr_FR\" \/>\n\t\t<meta property=\"og:site_name\" content=\"Le Patriote - Le Patriote B\u00e9nin\" \/>\n\t\t<meta property=\"og:type\" content=\"article\" \/>\n\t\t<meta property=\"og:title\" content=\"Championnat des 5 Nations d\u2019athl\u00e9tisme 2026 : le B\u00e9nin d\u00e9voile ses 15 repr\u00e9sentants pour Ouagadougou - Le Patriote\" \/>\n\t\t<meta property=\"og:description\" content=\"En marge du rendez-vous r\u00e9gional pr\u00e9vu du 23 au 27 juillet 2026 \u00e0 Ouagadougou, la F\u00e9d\u00e9ration b\u00e9ninoise d\u2019athl\u00e9tisme a d\u00e9voil\u00e9 la liste des athl\u00e8tes retenus pour d\u00e9fendre les couleurs nationales. Une s\u00e9lection compos\u00e9e de jeunes talents des cat\u00e9gories U18 et U20, avec plusieurs m\u00e9daill\u00e9s d\u00e9j\u00e0 remarqu\u00e9s sur la sc\u00e8ne ouest-africaine. La rel\u00e8ve de l\u2019athl\u00e9tisme b\u00e9ninois\" \/>\n\t\t<meta property=\"og:url\" content=\"https:\/\/lepatriotebenin.com\/index.php\/2026\/07\/17\/championnat-des-5-nations-dathletisme-2026-le-benin-devoile-ses-15-representants-pour-ouagadougou\/\" \/>\n\t\t<meta property=\"article:published_time\" content=\"2026-07-16T22:39:46+00:00\" \/>\n\t\t<meta property=\"article:modified_time\" content=\"2026-07-16T22:39:46+00:00\" \/>\n\t\t<meta name=\"twitter:card\" content=\"summary_large_image\" \/>\n\t\t<meta name=\"twitter:title\" content=\"Championnat des 5 Nations d\u2019athl\u00e9tisme 2026 : le B\u00e9nin d\u00e9voile ses 15 repr\u00e9sentants pour Ouagadougou - Le Patriote\" \/>\n\t\t<meta name=\"twitter:description\" content=\"En marge du rendez-vous r\u00e9gional pr\u00e9vu du 23 au 27 juillet 2026 \u00e0 Ouagadougou, la F\u00e9d\u00e9ration b\u00e9ninoise d\u2019athl\u00e9tisme a d\u00e9voil\u00e9 la liste des athl\u00e8tes retenus pour d\u00e9fendre les couleurs nationales. Une s\u00e9lection compos\u00e9e de jeunes talents des cat\u00e9gories U18 et U20, avec plusieurs m\u00e9daill\u00e9s d\u00e9j\u00e0 remarqu\u00e9s sur la sc\u00e8ne ouest-africaine. La rel\u00e8ve de l\u2019athl\u00e9tisme b\u00e9ninois\" \/>\n\t\t<script type=\"application\/ld+json\" class=\"aioseo-schema\">\n\t\t\t{\"@context\":\"https:\\\/\\\/schema.org\",\"@graph\":[{\"@type\":\"BlogPosting\",\"@id\":\"https:\\\/\\\/lepatriotebenin.com\\\/index.php\\\/2026\\\/07\\\/17\\\/championnat-des-5-nations-dathletisme-2026-le-benin-devoile-ses-15-representants-pour-ouagadougou\\\/#blogposting\",\"name\":\"Championnat des 5 Nations d\\u2019athl\\u00e9tisme 2026 : le B\\u00e9nin d\\u00e9voile ses 15 repr\\u00e9sentants pour Ouagadougou - Le Patriote\",\"headline\":\"Championnat des  5 Nations d\\u2019athl\\u00e9tisme 2026 : le B\\u00e9nin d\\u00e9voile ses 15 repr\\u00e9sentants pour Ouagadougou\",\"author\":{\"@id\":\"https:\\\/\\\/lepatriotebenin.com#author\"},\"publisher\":{\"@id\":\"https:\\\/\\\/lepatriotebenin.com\\\/#organization\"},\"image\":{\"@type\":\"ImageObject\",\"url\":\"https:\\\/\\\/lepatriotebenin.com\\\/wp-content\\\/uploads\\\/2026\\\/07\\\/nations.jpg\",\"width\":1080,\"height\":719},\"datePublished\":\"2026-07-17T00:39:46+02:00\",\"dateModified\":\"2026-07-17T00:39:46+02:00\",\"inLanguage\":\"fr-FR\",\"mainEntityOfPage\":{\"@id\":\"https:\\\/\\\/lepatriotebenin.com\\\/index.php\\\/2026\\\/07\\\/17\\\/championnat-des-5-nations-dathletisme-2026-le-benin-devoile-ses-15-representants-pour-ouagadougou\\\/#webpage\"},\"isPartOf\":{\"@id\":\"https:\\\/\\\/lepatriotebenin.com\\\/index.php\\\/2026\\\/07\\\/17\\\/championnat-des-5-nations-dathletisme-2026-le-benin-devoile-ses-15-representants-pour-ouagadougou\\\/#webpage\"},\"articleSection\":\"Sport\"},{\"@type\":\"BreadcrumbList\",\"@id\":\"https:\\\/\\\/lepatriotebenin.com\\\/index.php\\\/2026\\\/07\\\/17\\\/championnat-des-5-nations-dathletisme-2026-le-benin-devoile-ses-15-representants-pour-ouagadougou\\\/#breadcrumblist\",\"itemListElement\":[{\"@type\":\"ListItem\",\"@id\":\"https:\\\/\\\/lepatriotebenin.com#listItem\",\"position\":1,\"name\":\"Home\",\"item\":\"https:\\\/\\\/lepatriotebenin.com\",\"nextItem\":{\"@type\":\"ListItem\",\"@id\":\"https:\\\/\\\/lepatriotebenin.com\\\/index.php\\\/category\\\/sport\\\/#listItem\",\"name\":\"Sport\"}},{\"@type\":\"ListItem\",\"@id\":\"https:\\\/\\\/lepatriotebenin.com\\\/index.php\\\/category\\\/sport\\\/#listItem\",\"position\":2,\"name\":\"Sport\",\"item\":\"https:\\\/\\\/lepatriotebenin.com\\\/index.php\\\/category\\\/sport\\\/\",\"nextItem\":{\"@type\":\"ListItem\",\"@id\":\"https:\\\/\\\/lepatriotebenin.com\\\/index.php\\\/2026\\\/07\\\/17\\\/championnat-des-5-nations-dathletisme-2026-le-benin-devoile-ses-15-representants-pour-ouagadougou\\\/#listItem\",\"name\":\"Championnat des  5 Nations d\\u2019athl\\u00e9tisme 2026 : le B\\u00e9nin d\\u00e9voile ses 15 repr\\u00e9sentants pour Ouagadougou\"},\"previousItem\":{\"@type\":\"ListItem\",\"@id\":\"https:\\\/\\\/lepatriotebenin.com#listItem\",\"name\":\"Home\"}},{\"@type\":\"ListItem\",\"@id\":\"https:\\\/\\\/lepatriotebenin.com\\\/index.php\\\/2026\\\/07\\\/17\\\/championnat-des-5-nations-dathletisme-2026-le-benin-devoile-ses-15-representants-pour-ouagadougou\\\/#listItem\",\"position\":3,\"name\":\"Championnat des  5 Nations d\\u2019athl\\u00e9tisme 2026 : le B\\u00e9nin d\\u00e9voile ses 15 repr\\u00e9sentants pour Ouagadougou\",\"previousItem\":{\"@type\":\"ListItem\",\"@id\":\"https:\\\/\\\/lepatriotebenin.com\\\/index.php\\\/category\\\/sport\\\/#listItem\",\"name\":\"Sport\"}}]},{\"@type\":\"Organization\",\"@id\":\"https:\\\/\\\/lepatriotebenin.com\\\/#organization\",\"name\":\"Le Patriote\",\"description\":\"Le Patriote B\\u00e9nin\",\"url\":\"https:\\\/\\\/lepatriotebenin.com\\\/\"},{\"@type\":\"Person\",\"@id\":\"https:\\\/\\\/lepatriotebenin.com#author\",\"url\":\"https:\\\/\\\/lepatriotebenin.com\",\"name\":\"Redaction\",\"image\":{\"@type\":\"ImageObject\",\"@id\":\"https:\\\/\\\/lepatriotebenin.com\\\/index.php\\\/2026\\\/07\\\/17\\\/championnat-des-5-nations-dathletisme-2026-le-benin-devoile-ses-15-representants-pour-ouagadougou\\\/#authorImage\",\"url\":\"https:\\\/\\\/secure.gravatar.com\\\/avatar\\\/c4c509357859ea2ca2cbb6d8812898a73e4ef1ef9934c2e591d7e32face734d1?s=96&d=mm&r=g\",\"width\":96,\"height\":96,\"caption\":\"Redaction\"}},{\"@type\":\"WebPage\",\"@id\":\"https:\\\/\\\/lepatriotebenin.com\\\/index.php\\\/2026\\\/07\\\/17\\\/championnat-des-5-nations-dathletisme-2026-le-benin-devoile-ses-15-representants-pour-ouagadougou\\\/#webpage\",\"url\":\"https:\\\/\\\/lepatriotebenin.com\\\/index.php\\\/2026\\\/07\\\/17\\\/championnat-des-5-nations-dathletisme-2026-le-benin-devoile-ses-15-representants-pour-ouagadougou\\\/\",\"name\":\"Championnat des 5 Nations d\\u2019athl\\u00e9tisme 2026 : le B\\u00e9nin d\\u00e9voile ses 15 repr\\u00e9sentants pour Ouagadougou - Le Patriote\",\"description\":\"En marge du rendez-vous r\\u00e9gional pr\\u00e9vu du 23 au 27 juillet 2026 \\u00e0 Ouagadougou, la F\\u00e9d\\u00e9ration b\\u00e9ninoise d\\u2019athl\\u00e9tisme a d\\u00e9voil\\u00e9 la liste des athl\\u00e8tes retenus pour d\\u00e9fendre les couleurs nationales. Une s\\u00e9lection compos\\u00e9e de jeunes talents des cat\\u00e9gories U18 et U20, avec plusieurs m\\u00e9daill\\u00e9s d\\u00e9j\\u00e0 remarqu\\u00e9s sur la sc\\u00e8ne ouest-africaine. La rel\\u00e8ve de l\\u2019athl\\u00e9tisme b\\u00e9ninois\",\"inLanguage\":\"fr-FR\",\"isPartOf\":{\"@id\":\"https:\\\/\\\/lepatriotebenin.com\\\/#website\"},\"breadcrumb\":{\"@id\":\"https:\\\/\\\/lepatriotebenin.com\\\/index.php\\\/2026\\\/07\\\/17\\\/championnat-des-5-nations-dathletisme-2026-le-benin-devoile-ses-15-representants-pour-ouagadougou\\\/#breadcrumblist\"},\"author\":{\"@id\":\"https:\\\/\\\/lepatriotebenin.com#author\"},\"creator\":{\"@id\":\"https:\\\/\\\/lepatriotebenin.com#author\"},\"image\":{\"@type\":\"ImageObject\",\"url\":\"https:\\\/\\\/lepatriotebenin.com\\\/wp-content\\\/uploads\\\/2026\\\/07\\\/nations.jpg\",\"@id\":\"https:\\\/\\\/lepatriotebenin.com\\\/index.php\\\/2026\\\/07\\\/17\\\/championnat-des-5-nations-dathletisme-2026-le-benin-devoile-ses-15-representants-pour-ouagadougou\\\/#mainImage\",\"width\":1080,\"height\":719},\"primaryImageOfPage\":{\"@id\":\"https:\\\/\\\/lepatriotebenin.com\\\/index.php\\\/2026\\\/07\\\/17\\\/championnat-des-5-nations-dathletisme-2026-le-benin-devoile-ses-15-representants-pour-ouagadougou\\\/#mainImage\"},\"datePublished\":\"2026-07-17T00:39:46+02:00\",\"dateModified\":\"2026-07-17T00:39:46+02:00\"},{\"@type\":\"WebSite\",\"@id\":\"https:\\\/\\\/lepatriotebenin.com\\\/#website\",\"url\":\"https:\\\/\\\/lepatriotebenin.com\\\/\",\"name\":\"Le Patriote\",\"description\":\"Le Patriote B\\u00e9nin\",\"inLanguage\":\"fr-FR\",\"publisher\":{\"@id\":\"https:\\\/\\\/lepatriotebenin.com\\\/#organization\"}}]}\n\t\t<\/script>\n\t\t<!-- All in One SEO -->\n\n","aioseo_head_json":{"title":"Championnat des 5 Nations d\u2019athl\u00e9tisme 2026 : le B\u00e9nin d\u00e9voile ses 15 repr\u00e9sentants pour Ouagadougou - Le Patriote","description":"En marge du rendez-vous r\u00e9gional pr\u00e9vu du 23 au 27 juillet 2026 \u00e0 Ouagadougou, la F\u00e9d\u00e9ration b\u00e9ninoise d\u2019athl\u00e9tisme a d\u00e9voil\u00e9 la liste des athl\u00e8tes retenus pour d\u00e9fendre les couleurs nationales. Une s\u00e9lection compos\u00e9e de jeunes talents des cat\u00e9gories U18 et U20, avec plusieurs m\u00e9daill\u00e9s d\u00e9j\u00e0 remarqu\u00e9s sur la sc\u00e8ne ouest-africaine. La rel\u00e8ve de l\u2019athl\u00e9tisme b\u00e9ninois","canonical_url":"https:\/\/lepatriotebenin.com\/index.php\/2026\/07\/17\/championnat-des-5-nations-dathletisme-2026-le-benin-devoile-ses-15-representants-pour-ouagadougou\/","robots":"max-image-preview:large","keywords":"","webmasterTools":{"miscellaneous":""},"schema":{"@context":"https:\/\/schema.org","@graph":[{"@type":"BlogPosting","@id":"https:\/\/lepatriotebenin.com\/index.php\/2026\/07\/17\/championnat-des-5-nations-dathletisme-2026-le-benin-devoile-ses-15-representants-pour-ouagadougou\/#blogposting","name":"Championnat des 5 Nations d\u2019athl\u00e9tisme 2026 : le B\u00e9nin d\u00e9voile ses 15 repr\u00e9sentants pour Ouagadougou - Le Patriote","headline":"Championnat des  5 Nations d\u2019athl\u00e9tisme 2026 : le B\u00e9nin d\u00e9voile ses 15 repr\u00e9sentants pour Ouagadougou","author":{"@id":"https:\/\/lepatriotebenin.com#author"},"publisher":{"@id":"https:\/\/lepatriotebenin.com\/#organization"},"image":{"@type":"ImageObject","url":"https:\/\/lepatriotebenin.com\/wp-content\/uploads\/2026\/07\/nations.jpg","width":1080,"height":719},"datePublished":"2026-07-17T00:39:46+02:00","dateModified":"2026-07-17T00:39:46+02:00","inLanguage":"fr-FR","mainEntityOfPage":{"@id":"https:\/\/lepatriotebenin.com\/index.php\/2026\/07\/17\/championnat-des-5-nations-dathletisme-2026-le-benin-devoile-ses-15-representants-pour-ouagadougou\/#webpage"},"isPartOf":{"@id":"https:\/\/lepatriotebenin.com\/index.php\/2026\/07\/17\/championnat-des-5-nations-dathletisme-2026-le-benin-devoile-ses-15-representants-pour-ouagadougou\/#webpage"},"articleSection":"Sport"},{"@type":"BreadcrumbList","@id":"https:\/\/lepatriotebenin.com\/index.php\/2026\/07\/17\/championnat-des-5-nations-dathletisme-2026-le-benin-devoile-ses-15-representants-pour-ouagadougou\/#breadcrumblist","itemListElement":[{"@type":"ListItem","@id":"https:\/\/lepatriotebenin.com#listItem","position":1,"name":"Home","item":"https:\/\/lepatriotebenin.com","nextItem":{"@type":"ListItem","@id":"https:\/\/lepatriotebenin.com\/index.php\/category\/sport\/#listItem","name":"Sport"}},{"@type":"ListItem","@id":"https:\/\/lepatriotebenin.com\/index.php\/category\/sport\/#listItem","position":2,"name":"Sport","item":"https:\/\/lepatriotebenin.com\/index.php\/category\/sport\/","nextItem":{"@type":"ListItem","@id":"https:\/\/lepatriotebenin.com\/index.php\/2026\/07\/17\/championnat-des-5-nations-dathletisme-2026-le-benin-devoile-ses-15-representants-pour-ouagadougou\/#listItem","name":"Championnat des  5 Nations d\u2019athl\u00e9tisme 2026 : le B\u00e9nin d\u00e9voile ses 15 repr\u00e9sentants pour Ouagadougou"},"previousItem":{"@type":"ListItem","@id":"https:\/\/lepatriotebenin.com#listItem","name":"Home"}},{"@type":"ListItem","@id":"https:\/\/lepatriotebenin.com\/index.php\/2026\/07\/17\/championnat-des-5-nations-dathletisme-2026-le-benin-devoile-ses-15-representants-pour-ouagadougou\/#listItem","position":3,"name":"Championnat des  5 Nations d\u2019athl\u00e9tisme 2026 : le B\u00e9nin d\u00e9voile ses 15 repr\u00e9sentants pour Ouagadougou","previousItem":{"@type":"ListItem","@id":"https:\/\/lepatriotebenin.com\/index.php\/category\/sport\/#listItem","name":"Sport"}}]},{"@type":"Organization","@id":"https:\/\/lepatriotebenin.com\/#organization","name":"Le Patriote","description":"Le Patriote B\u00e9nin","url":"https:\/\/lepatriotebenin.com\/"},{"@type":"Person","@id":"https:\/\/lepatriotebenin.com#author","url":"https:\/\/lepatriotebenin.com","name":"Redaction","image":{"@type":"ImageObject","@id":"https:\/\/lepatriotebenin.com\/index.php\/2026\/07\/17\/championnat-des-5-nations-dathletisme-2026-le-benin-devoile-ses-15-representants-pour-ouagadougou\/#authorImage","url":"https:\/\/secure.gravatar.com\/avatar\/c4c509357859ea2ca2cbb6d8812898a73e4ef1ef9934c2e591d7e32face734d1?s=96&d=mm&r=g","width":96,"height":96,"caption":"Redaction"}},{"@type":"WebPage","@id":"https:\/\/lepatriotebenin.com\/index.php\/2026\/07\/17\/championnat-des-5-nations-dathletisme-2026-le-benin-devoile-ses-15-representants-pour-ouagadougou\/#webpage","url":"https:\/\/lepatriotebenin.com\/index.php\/2026\/07\/17\/championnat-des-5-nations-dathletisme-2026-le-benin-devoile-ses-15-representants-pour-ouagadougou\/","name":"Championnat des 5 Nations d\u2019athl\u00e9tisme 2026 : le B\u00e9nin d\u00e9voile ses 15 repr\u00e9sentants pour Ouagadougou - Le Patriote","description":"En marge du rendez-vous r\u00e9gional pr\u00e9vu du 23 au 27 juillet 2026 \u00e0 Ouagadougou, la F\u00e9d\u00e9ration b\u00e9ninoise d\u2019athl\u00e9tisme a d\u00e9voil\u00e9 la liste des athl\u00e8tes retenus pour d\u00e9fendre les couleurs nationales. Une s\u00e9lection compos\u00e9e de jeunes talents des cat\u00e9gories U18 et U20, avec plusieurs m\u00e9daill\u00e9s d\u00e9j\u00e0 remarqu\u00e9s sur la sc\u00e8ne ouest-africaine. La rel\u00e8ve de l\u2019athl\u00e9tisme b\u00e9ninois","inLanguage":"fr-FR","isPartOf":{"@id":"https:\/\/lepatriotebenin.com\/#website"},"breadcrumb":{"@id":"https:\/\/lepatriotebenin.com\/index.php\/2026\/07\/17\/championnat-des-5-nations-dathletisme-2026-le-benin-devoile-ses-15-representants-pour-ouagadougou\/#breadcrumblist"},"author":{"@id":"https:\/\/lepatriotebenin.com#author"},"creator":{"@id":"https:\/\/lepatriotebenin.com#author"},"image":{"@type":"ImageObject","url":"https:\/\/lepatriotebenin.com\/wp-content\/uploads\/2026\/07\/nations.jpg","@id":"https:\/\/lepatriotebenin.com\/index.php\/2026\/07\/17\/championnat-des-5-nations-dathletisme-2026-le-benin-devoile-ses-15-representants-pour-ouagadougou\/#mainImage","width":1080,"height":719},"primaryImageOfPage":{"@id":"https:\/\/lepatriotebenin.com\/index.php\/2026\/07\/17\/championnat-des-5-nations-dathletisme-2026-le-benin-devoile-ses-15-representants-pour-ouagadougou\/#mainImage"},"datePublished":"2026-07-17T00:39:46+02:00","dateModified":"2026-07-17T00:39:46+02:00"},{"@type":"WebSite","@id":"https:\/\/lepatriotebenin.com\/#website","url":"https:\/\/lepatriotebenin.com\/","name":"Le Patriote","description":"Le Patriote B\u00e9nin","inLanguage":"fr-FR","publisher":{"@id":"https:\/\/lepatriotebenin.com\/#organization"}}]},"og:locale":"fr_FR","og:site_name":"Le Patriote - Le Patriote B\u00e9nin","og:type":"article","og:title":"Championnat des 5 Nations d\u2019athl\u00e9tisme 2026 : le B\u00e9nin d\u00e9voile ses 15 repr\u00e9sentants pour Ouagadougou - Le Patriote","og:description":"En marge du rendez-vous r\u00e9gional pr\u00e9vu du 23 au 27 juillet 2026 \u00e0 Ouagadougou, la F\u00e9d\u00e9ration b\u00e9ninoise d\u2019athl\u00e9tisme a d\u00e9voil\u00e9 la liste des athl\u00e8tes retenus pour d\u00e9fendre les couleurs nationales. Une s\u00e9lection compos\u00e9e de jeunes talents des cat\u00e9gories U18 et U20, avec plusieurs m\u00e9daill\u00e9s d\u00e9j\u00e0 remarqu\u00e9s sur la sc\u00e8ne ouest-africaine. La rel\u00e8ve de l\u2019athl\u00e9tisme b\u00e9ninois","og:url":"https:\/\/lepatriotebenin.com\/index.php\/2026\/07\/17\/championnat-des-5-nations-dathletisme-2026-le-benin-devoile-ses-15-representants-pour-ouagadougou\/","article:published_time":"2026-07-16T22:39:46+00:00","article:modified_time":"2026-07-16T22:39:46+00:00","twitter:card":"summary_large_image","twitter:title":"Championnat des 5 Nations d\u2019athl\u00e9tisme 2026 : le B\u00e9nin d\u00e9voile ses 15 repr\u00e9sentants pour Ouagadougou - Le Patriote","twitter:description":"En marge du rendez-vous r\u00e9gional pr\u00e9vu du 23 au 27 juillet 2026 \u00e0 Ouagadougou, la F\u00e9d\u00e9ration b\u00e9ninoise d\u2019athl\u00e9tisme a d\u00e9voil\u00e9 la liste des athl\u00e8tes retenus pour d\u00e9fendre les couleurs nationales. Une s\u00e9lection compos\u00e9e de jeunes talents des cat\u00e9gories U18 et U20, avec plusieurs m\u00e9daill\u00e9s d\u00e9j\u00e0 remarqu\u00e9s sur la sc\u00e8ne ouest-africaine. La rel\u00e8ve de l\u2019athl\u00e9tisme b\u00e9ninois"},"aioseo_meta_data":{"post_id":"21735","title":null,"description":null,"keywords":null,"keyphrases":{"focus":{"keyphrase":"","score":0,"analysis":{"keyphraseInTitle":{"score":0,"maxScore":9,"error":1}}},"additional":[]},"primary_term":null,"canonical_url":null,"og_title":null,"og_description":null,"og_object_type":"default","og_image_type":"default","og_image_url":null,"og_image_width":null,"og_image_height":null,"og_image_custom_url":null,"og_image_custom_fields":null,"og_video":"","og_custom_url":null,"og_article_section":null,"og_article_tags":null,"twitter_use_og":false,"twitter_card":"default","twitter_image_type":"default","twitter_image_url":null,"twitter_image_custom_url":null,"twitter_image_custom_fields":null,"twitter_title":null,"twitter_description":null,"schema":{"blockGraphs":[],"customGraphs":[],"default":{"data":{"Article":[],"Course":[],"Dataset":[],"FAQPage":[],"Movie":[],"Person":[],"Product":[],"ProductReview":[],"Car":[],"Recipe":[],"Service":[],"SoftwareApplication":[],"WebPage":[]},"graphName":"BlogPosting","isEnabled":true},"graphs":[]},"schema_type":"default","schema_type_options":null,"pillar_content":false,"robots_default":true,"robots_noindex":false,"robots_noarchive":false,"robots_nosnippet":false,"robots_nofollow":false,"robots_noimageindex":false,"robots_noodp":false,"robots_notranslate":false,"robots_max_snippet":"-1","robots_max_videopreview":"-1","robots_max_imagepreview":"large","priority":null,"frequency":"default","local_seo":null,"breadcrumb_settings":null,"limit_modified_date":false,"ai":{"faqs":[],"keyPoints":[],"schemas":[],"titles":[],"descriptions":[],"socialPosts":{"email":{"subject":"","preview":"","content":""},"linkedin":[],"twitter":[],"facebook":[],"instagram":[]}},"created":"2026-07-16 22:39:46","updated":"2026-07-16 22:56:08","seo_analyzer_scan_date":null,"focus_keyword":null,"additional_keywords":null,"truseo_locale":null},"aioseo_breadcrumb":"<div class=\"aioseo-breadcrumbs\"><span class=\"aioseo-breadcrumb\">\n\t\t\t<a href=\"https:\/\/lepatriotebenin.com\" title=\"Home\">Home<\/a>\n\t\t<\/span><span class=\"aioseo-breadcrumb-separator\">&raquo;<\/span><span class=\"aioseo-breadcrumb\">\n\t\t\t<a href=\"https:\/\/lepatriotebenin.com\/index.php\/category\/sport\/\" title=\"Sport\">Sport<\/a>\n\t\t<\/span><span class=\"aioseo-breadcrumb-separator\">&raquo;<\/span><span class=\"aioseo-breadcrumb\">\n\t\t\tChampionnat des  5 Nations d\u2019athl\u00e9tisme 2026 : le B\u00e9nin d\u00e9voile ses 15 repr\u00e9sentants pour Ouagadougou\n\t\t<\/span><\/div>","aioseo_breadcrumb_json":[{"label":"Home","link":"https:\/\/lepatriotebenin.com"},{"label":"Sport","link":"https:\/\/lepatriotebenin.com\/index.php\/category\/sport\/"},{"label":"Championnat des  5 Nations d\u2019athl\u00e9tisme 2026 : le B\u00e9nin d\u00e9voile ses 15 repr\u00e9sentants pour Ouagadougou","link":"https:\/\/lepatriotebenin.com\/index.php\/2026\/07\/17\/championnat-des-5-nations-dathletisme-2026-le-benin-devoile-ses-15-representants-pour-ouagadougou\/"}],"yoast_head":"<!-- This site is optimized with the Yoast SEO plugin v28.3 - https:\/\/yoast.com\/product\/yoast-seo-wordpress\/ -->\n<title>Championnat des 5 Nations d\u2019athl\u00e9tisme 2026 : le B\u00e9nin d\u00e9voile ses 15 repr\u00e9sentants pour Ouagadougou - Le Patriote<\/title>\n<meta name=\"robots\" content=\"index, follow, max-snippet:-1, max-image-preview:large, max-video-preview:-1\" \/>\n<link rel=\"canonical\" href=\"https:\/\/lepatriotebenin.com\/index.php\/2026\/07\/17\/championnat-des-5-nations-dathletisme-2026-le-benin-devoile-ses-15-representants-pour-ouagadougou\/\" \/>\n<meta property=\"og:locale\" content=\"fr_FR\" \/>\n<meta property=\"og:type\" content=\"article\" \/>\n<meta property=\"og:title\" content=\"Championnat des 5 Nations d\u2019athl\u00e9tisme 2026 : le B\u00e9nin d\u00e9voile ses 15 repr\u00e9sentants pour Ouagadougou - Le Patriote\" \/>\n<meta property=\"og:description\" content=\"En marge du rendez-vous r\u00e9gional pr\u00e9vu du 23 au 27 juillet 2026 \u00e0 Ouagadougou, la F\u00e9d\u00e9ration b\u00e9ninoise d\u2019athl\u00e9tisme a d\u00e9voil\u00e9 la liste des athl\u00e8tes retenus pour d\u00e9fendre les couleurs nationales.&hellip;\" \/>\n<meta property=\"og:url\" content=\"https:\/\/lepatriotebenin.com\/index.php\/2026\/07\/17\/championnat-des-5-nations-dathletisme-2026-le-benin-devoile-ses-15-representants-pour-ouagadougou\/\" \/>\n<meta property=\"og:site_name\" content=\"Le Patriote\" \/>\n<meta property=\"article:published_time\" content=\"2026-07-16T22:39:46+00:00\" \/>\n<meta property=\"og:image\" content=\"https:\/\/lepatriotebenin.com\/wp-content\/uploads\/2026\/07\/nations.jpg\" \/>\n\t<meta property=\"og:image:width\" content=\"1080\" \/>\n\t<meta property=\"og:image:height\" content=\"719\" \/>\n\t<meta property=\"og:image:type\" content=\"image\/jpeg\" \/>\n<meta name=\"author\" content=\"Redaction\" \/>\n<meta name=\"twitter:card\" content=\"summary_large_image\" \/>\n<meta name=\"twitter:label1\" content=\"\u00c9crit par\" \/>\n\t<meta name=\"twitter:data1\" content=\"Redaction\" \/>\n\t<meta name=\"twitter:label2\" content=\"Dur\u00e9e de lecture estim\u00e9e\" \/>\n\t<meta name=\"twitter:data2\" content=\"3 minutes\" \/>\n<script type=\"application\/ld+json\" class=\"yoast-schema-graph\">{\"@context\":\"https:\\\/\\\/schema.org\",\"@graph\":[{\"@type\":\"Article\",\"@id\":\"https:\\\/\\\/lepatriotebenin.com\\\/index.php\\\/2026\\\/07\\\/17\\\/championnat-des-5-nations-dathletisme-2026-le-benin-devoile-ses-15-representants-pour-ouagadougou\\\/#article\",\"isPartOf\":{\"@id\":\"https:\\\/\\\/lepatriotebenin.com\\\/index.php\\\/2026\\\/07\\\/17\\\/championnat-des-5-nations-dathletisme-2026-le-benin-devoile-ses-15-representants-pour-ouagadougou\\\/\"},\"author\":{\"name\":\"Redaction\",\"@id\":\"https:\\\/\\\/lepatriotebenin.com\\\/#\\\/schema\\\/person\\\/2e7709b9c9cc313e452d1136af61690f\"},\"headline\":\"Championnat des 5 Nations d\u2019athl\u00e9tisme 2026 : le B\u00e9nin d\u00e9voile ses 15 repr\u00e9sentants pour Ouagadougou\",\"datePublished\":\"2026-07-16T22:39:46+00:00\",\"mainEntityOfPage\":{\"@id\":\"https:\\\/\\\/lepatriotebenin.com\\\/index.php\\\/2026\\\/07\\\/17\\\/championnat-des-5-nations-dathletisme-2026-le-benin-devoile-ses-15-representants-pour-ouagadougou\\\/\"},\"wordCount\":455,\"commentCount\":0,\"image\":{\"@id\":\"https:\\\/\\\/lepatriotebenin.com\\\/index.php\\\/2026\\\/07\\\/17\\\/championnat-des-5-nations-dathletisme-2026-le-benin-devoile-ses-15-representants-pour-ouagadougou\\\/#primaryimage\"},\"thumbnailUrl\":\"https:\\\/\\\/lepatriotebenin.com\\\/wp-content\\\/uploads\\\/2026\\\/07\\\/nations.jpg\",\"articleSection\":[\"Sport\"],\"inLanguage\":\"fr-FR\",\"potentialAction\":[{\"@type\":\"CommentAction\",\"name\":\"Comment\",\"target\":[\"https:\\\/\\\/lepatriotebenin.com\\\/index.php\\\/2026\\\/07\\\/17\\\/championnat-des-5-nations-dathletisme-2026-le-benin-devoile-ses-15-representants-pour-ouagadougou\\\/#respond\"]}]},{\"@type\":\"WebPage\",\"@id\":\"https:\\\/\\\/lepatriotebenin.com\\\/index.php\\\/2026\\\/07\\\/17\\\/championnat-des-5-nations-dathletisme-2026-le-benin-devoile-ses-15-representants-pour-ouagadougou\\\/\",\"url\":\"https:\\\/\\\/lepatriotebenin.com\\\/index.php\\\/2026\\\/07\\\/17\\\/championnat-des-5-nations-dathletisme-2026-le-benin-devoile-ses-15-representants-pour-ouagadougou\\\/\",\"name\":\"Championnat des 5 Nations d\u2019athl\u00e9tisme 2026 : le B\u00e9nin d\u00e9voile ses 15 repr\u00e9sentants pour Ouagadougou - Le Patriote\",\"isPartOf\":{\"@id\":\"https:\\\/\\\/lepatriotebenin.com\\\/#website\"},\"primaryImageOfPage\":{\"@id\":\"https:\\\/\\\/lepatriotebenin.com\\\/index.php\\\/2026\\\/07\\\/17\\\/championnat-des-5-nations-dathletisme-2026-le-benin-devoile-ses-15-representants-pour-ouagadougou\\\/#primaryimage\"},\"image\":{\"@id\":\"https:\\\/\\\/lepatriotebenin.com\\\/index.php\\\/2026\\\/07\\\/17\\\/championnat-des-5-nations-dathletisme-2026-le-benin-devoile-ses-15-representants-pour-ouagadougou\\\/#primaryimage\"},\"thumbnailUrl\":\"https:\\\/\\\/lepatriotebenin.com\\\/wp-content\\\/uploads\\\/2026\\\/07\\\/nations.jpg\",\"datePublished\":\"2026-07-16T22:39:46+00:00\",\"author\":{\"@id\":\"https:\\\/\\\/lepatriotebenin.com\\\/#\\\/schema\\\/person\\\/2e7709b9c9cc313e452d1136af61690f\"},\"breadcrumb\":{\"@id\":\"https:\\\/\\\/lepatriotebenin.com\\\/index.php\\\/2026\\\/07\\\/17\\\/championnat-des-5-nations-dathletisme-2026-le-benin-devoile-ses-15-representants-pour-ouagadougou\\\/#breadcrumb\"},\"inLanguage\":\"fr-FR\",\"potentialAction\":[{\"@type\":\"ReadAction\",\"target\":[\"https:\\\/\\\/lepatriotebenin.com\\\/index.php\\\/2026\\\/07\\\/17\\\/championnat-des-5-nations-dathletisme-2026-le-benin-devoile-ses-15-representants-pour-ouagadougou\\\/\"]}]},{\"@type\":\"ImageObject\",\"inLanguage\":\"fr-FR\",\"@id\":\"https:\\\/\\\/lepatriotebenin.com\\\/index.php\\\/2026\\\/07\\\/17\\\/championnat-des-5-nations-dathletisme-2026-le-benin-devoile-ses-15-representants-pour-ouagadougou\\\/#primaryimage\",\"url\":\"https:\\\/\\\/lepatriotebenin.com\\\/wp-content\\\/uploads\\\/2026\\\/07\\\/nations.jpg\",\"contentUrl\":\"https:\\\/\\\/lepatriotebenin.com\\\/wp-content\\\/uploads\\\/2026\\\/07\\\/nations.jpg\",\"width\":1080,\"height\":719},{\"@type\":\"BreadcrumbList\",\"@id\":\"https:\\\/\\\/lepatriotebenin.com\\\/index.php\\\/2026\\\/07\\\/17\\\/championnat-des-5-nations-dathletisme-2026-le-benin-devoile-ses-15-representants-pour-ouagadougou\\\/#breadcrumb\",\"itemListElement\":[{\"@type\":\"ListItem\",\"position\":1,\"name\":\"Accueil\",\"item\":\"https:\\\/\\\/lepatriotebenin.com\\\/\"},{\"@type\":\"ListItem\",\"position\":2,\"name\":\"Championnat des 5 Nations d\u2019athl\u00e9tisme 2026 : le B\u00e9nin d\u00e9voile ses 15 repr\u00e9sentants pour Ouagadougou\"}]},{\"@type\":\"WebSite\",\"@id\":\"https:\\\/\\\/lepatriotebenin.com\\\/#website\",\"url\":\"https:\\\/\\\/lepatriotebenin.com\\\/\",\"name\":\"Le Patriote\",\"description\":\"Le Patriote B\u00e9nin\",\"potentialAction\":[{\"@type\":\"SearchAction\",\"target\":{\"@type\":\"EntryPoint\",\"urlTemplate\":\"https:\\\/\\\/lepatriotebenin.com\\\/?s={search_term_string}\"},\"query-input\":{\"@type\":\"PropertyValueSpecification\",\"valueRequired\":true,\"valueName\":\"search_term_string\"}}],\"inLanguage\":\"fr-FR\"},{\"@type\":\"Person\",\"@id\":\"https:\\\/\\\/lepatriotebenin.com\\\/#\\\/schema\\\/person\\\/2e7709b9c9cc313e452d1136af61690f\",\"name\":\"Redaction\",\"image\":{\"@type\":\"ImageObject\",\"inLanguage\":\"fr-FR\",\"@id\":\"https:\\\/\\\/secure.gravatar.com\\\/avatar\\\/c4c509357859ea2ca2cbb6d8812898a73e4ef1ef9934c2e591d7e32face734d1?s=96&d=mm&r=g\",\"url\":\"https:\\\/\\\/secure.gravatar.com\\\/avatar\\\/c4c509357859ea2ca2cbb6d8812898a73e4ef1ef9934c2e591d7e32face734d1?s=96&d=mm&r=g\",\"contentUrl\":\"https:\\\/\\\/secure.gravatar.com\\\/avatar\\\/c4c509357859ea2ca2cbb6d8812898a73e4ef1ef9934c2e591d7e32face734d1?s=96&d=mm&r=g\",\"caption\":\"Redaction\"},\"url\":\"https:\\\/\\\/lepatriotebenin.com\"}]}<\/script>\n<!-- \/ Yoast SEO plugin. -->","yoast_head_json":{"title":"Championnat des 5 Nations d\u2019athl\u00e9tisme 2026 : le B\u00e9nin d\u00e9voile ses 15 repr\u00e9sentants pour Ouagadougou - Le Patriote","robots":{"index":"index","follow":"follow","max-snippet":"max-snippet:-1","max-image-preview":"max-image-preview:large","max-video-preview":"max-video-preview:-1"},"canonical":"https:\/\/lepatriotebenin.com\/index.php\/2026\/07\/17\/championnat-des-5-nations-dathletisme-2026-le-benin-devoile-ses-15-representants-pour-ouagadougou\/","og_locale":"fr_FR","og_type":"article","og_title":"Championnat des 5 Nations d\u2019athl\u00e9tisme 2026 : le B\u00e9nin d\u00e9voile ses 15 repr\u00e9sentants pour Ouagadougou - Le Patriote","og_description":"En marge du rendez-vous r\u00e9gional pr\u00e9vu du 23 au 27 juillet 2026 \u00e0 Ouagadougou, la F\u00e9d\u00e9ration b\u00e9ninoise d\u2019athl\u00e9tisme a d\u00e9voil\u00e9 la liste des athl\u00e8tes retenus pour d\u00e9fendre les couleurs nationales.&hellip;","og_url":"https:\/\/lepatriotebenin.com\/index.php\/2026\/07\/17\/championnat-des-5-nations-dathletisme-2026-le-benin-devoile-ses-15-representants-pour-ouagadougou\/","og_site_name":"Le Patriote","article_published_time":"2026-07-16T22:39:46+00:00","og_image":[{"width":1080,"height":719,"url":"https:\/\/lepatriotebenin.com\/wp-content\/uploads\/2026\/07\/nations.jpg","type":"image\/jpeg"}],"author":"Redaction","twitter_card":"summary_large_image","twitter_misc":{"\u00c9crit par":"Redaction","Dur\u00e9e de lecture estim\u00e9e":"3 minutes"},"schema":{"@context":"https:\/\/schema.org","@graph":[{"@type":"Article","@id":"https:\/\/lepatriotebenin.com\/index.php\/2026\/07\/17\/championnat-des-5-nations-dathletisme-2026-le-benin-devoile-ses-15-representants-pour-ouagadougou\/#article","isPartOf":{"@id":"https:\/\/lepatriotebenin.com\/index.php\/2026\/07\/17\/championnat-des-5-nations-dathletisme-2026-le-benin-devoile-ses-15-representants-pour-ouagadougou\/"},"author":{"name":"Redaction","@id":"https:\/\/lepatriotebenin.com\/#\/schema\/person\/2e7709b9c9cc313e452d1136af61690f"},"headline":"Championnat des 5 Nations d\u2019athl\u00e9tisme 2026 : le B\u00e9nin d\u00e9voile ses 15 repr\u00e9sentants pour Ouagadougou","datePublished":"2026-07-16T22:39:46+00:00","mainEntityOfPage":{"@id":"https:\/\/lepatriotebenin.com\/index.php\/2026\/07\/17\/championnat-des-5-nations-dathletisme-2026-le-benin-devoile-ses-15-representants-pour-ouagadougou\/"},"wordCount":455,"commentCount":0,"image":{"@id":"https:\/\/lepatriotebenin.com\/index.php\/2026\/07\/17\/championnat-des-5-nations-dathletisme-2026-le-benin-devoile-ses-15-representants-pour-ouagadougou\/#primaryimage"},"thumbnailUrl":"https:\/\/lepatriotebenin.com\/wp-content\/uploads\/2026\/07\/nations.jpg","articleSection":["Sport"],"inLanguage":"fr-FR","potentialAction":[{"@type":"CommentAction","name":"Comment","target":["https:\/\/lepatriotebenin.com\/index.php\/2026\/07\/17\/championnat-des-5-nations-dathletisme-2026-le-benin-devoile-ses-15-representants-pour-ouagadougou\/#respond"]}]},{"@type":"WebPage","@id":"https:\/\/lepatriotebenin.com\/index.php\/2026\/07\/17\/championnat-des-5-nations-dathletisme-2026-le-benin-devoile-ses-15-representants-pour-ouagadougou\/","url":"https:\/\/lepatriotebenin.com\/index.php\/2026\/07\/17\/championnat-des-5-nations-dathletisme-2026-le-benin-devoile-ses-15-representants-pour-ouagadougou\/","name":"Championnat des 5 Nations d\u2019athl\u00e9tisme 2026 : le B\u00e9nin d\u00e9voile ses 15 repr\u00e9sentants pour Ouagadougou - Le Patriote","isPartOf":{"@id":"https:\/\/lepatriotebenin.com\/#website"},"primaryImageOfPage":{"@id":"https:\/\/lepatriotebenin.com\/index.php\/2026\/07\/17\/championnat-des-5-nations-dathletisme-2026-le-benin-devoile-ses-15-representants-pour-ouagadougou\/#primaryimage"},"image":{"@id":"https:\/\/lepatriotebenin.com\/index.php\/2026\/07\/17\/championnat-des-5-nations-dathletisme-2026-le-benin-devoile-ses-15-representants-pour-ouagadougou\/#primaryimage"},"thumbnailUrl":"https:\/\/lepatriotebenin.com\/wp-content\/uploads\/2026\/07\/nations.jpg","datePublished":"2026-07-16T22:39:46+00:00","author":{"@id":"https:\/\/lepatriotebenin.com\/#\/schema\/person\/2e7709b9c9cc313e452d1136af61690f"},"breadcrumb":{"@id":"https:\/\/lepatriotebenin.com\/index.php\/2026\/07\/17\/championnat-des-5-nations-dathletisme-2026-le-benin-devoile-ses-15-representants-pour-ouagadougou\/#breadcrumb"},"inLanguage":"fr-FR","potentialAction":[{"@type":"ReadAction","target":["https:\/\/lepatriotebenin.com\/index.php\/2026\/07\/17\/championnat-des-5-nations-dathletisme-2026-le-benin-devoile-ses-15-representants-pour-ouagadougou\/"]}]},{"@type":"ImageObject","inLanguage":"fr-FR","@id":"https:\/\/lepatriotebenin.com\/index.php\/2026\/07\/17\/championnat-des-5-nations-dathletisme-2026-le-benin-devoile-ses-15-representants-pour-ouagadougou\/#primaryimage","url":"https:\/\/lepatriotebenin.com\/wp-content\/uploads\/2026\/07\/nations.jpg","contentUrl":"https:\/\/lepatriotebenin.com\/wp-content\/uploads\/2026\/07\/nations.jpg","width":1080,"height":719},{"@type":"BreadcrumbList","@id":"https:\/\/lepatriotebenin.com\/index.php\/2026\/07\/17\/championnat-des-5-nations-dathletisme-2026-le-benin-devoile-ses-15-representants-pour-ouagadougou\/#breadcrumb","itemListElement":[{"@type":"ListItem","position":1,"name":"Accueil","item":"https:\/\/lepatriotebenin.com\/"},{"@type":"ListItem","position":2,"name":"Championnat des 5 Nations d\u2019athl\u00e9tisme 2026 : le B\u00e9nin d\u00e9voile ses 15 repr\u00e9sentants pour Ouagadougou"}]},{"@type":"WebSite","@id":"https:\/\/lepatriotebenin.com\/#website","url":"https:\/\/lepatriotebenin.com\/","name":"Le Patriote","description":"Le Patriote B\u00e9nin","potentialAction":[{"@type":"SearchAction","target":{"@type":"EntryPoint","urlTemplate":"https:\/\/lepatriotebenin.com\/?s={search_term_string}"},"query-input":{"@type":"PropertyValueSpecification","valueRequired":true,"valueName":"search_term_string"}}],"inLanguage":"fr-FR"},{"@type":"Person","@id":"https:\/\/lepatriotebenin.com\/#\/schema\/person\/2e7709b9c9cc313e452d1136af61690f","name":"Redaction","image":{"@type":"ImageObject","inLanguage":"fr-FR","@id":"https:\/\/secure.gravatar.com\/avatar\/c4c509357859ea2ca2cbb6d8812898a73e4ef1ef9934c2e591d7e32face734d1?s=96&d=mm&r=g","url":"https:\/\/secure.gravatar.com\/avatar\/c4c509357859ea2ca2cbb6d8812898a73e4ef1ef9934c2e591d7e32face734d1?s=96&d=mm&r=g","contentUrl":"https:\/\/secure.gravatar.com\/avatar\/c4c509357859ea2ca2cbb6d8812898a73e4ef1ef9934c2e591d7e32face734d1?s=96&d=mm&r=g","caption":"Redaction"},"url":"https:\/\/lepatriotebenin.com"}]}},"_links":{"self":[{"href":"https:\/\/lepatriotebenin.com\/index.php\/wp-json\/wp\/v2\/posts\/21735","targetHints":{"allow":["GET"]}}],"collection":[{"href":"https:\/\/lepatriotebenin.com\/index.php\/wp-json\/wp\/v2\/posts"}],"about":[{"href":"https:\/\/lepatriotebenin.com\/index.php\/wp-json\/wp\/v2\/types\/post"}],"author":[{"embeddable":true,"href":"https:\/\/lepatriotebenin.com\/index.php\/wp-json\/wp\/v2\/users\/5"}],"replies":[{"embeddable":true,"href":"https:\/\/lepatriotebenin.com\/index.php\/wp-json\/wp\/v2\/comments?post=21735"}],"version-history":[{"count":1,"href":"https:\/\/lepatriotebenin.com\/index.php\/wp-json\/wp\/v2\/posts\/21735\/revisions"}],"predecessor-version":[{"id":21737,"href":"https:\/\/lepatriotebenin.com\/index.php\/wp-json\/wp\/v2\/posts\/21735\/revisions\/21737"}],"wp:featuredmedia":[{"embeddable":true,"href":"https:\/\/lepatriotebenin.com\/index.php\/wp-json\/wp\/v2\/media\/21736"}],"wp:attachment":[{"href":"https:\/\/lepatriotebenin.com\/index.php\/wp-json\/wp\/v2\/media?parent=21735"}],"wp:term":[{"taxonomy":"category","embeddable":true,"href":"https:\/\/lepatriotebenin.com\/index.php\/wp-json\/wp\/v2\/categories?post=21735"},{"taxonomy":"post_tag","embeddable":true,"href":"https:\/\/lepatriotebenin.com\/index.php\/wp-json\/wp\/v2\/tags?post=21735"}],"curies":[{"name":"wp","href":"https:\/\/api.w.org\/{rel}","templated":true}]}}