{"id":21732,"date":"2026-07-17T00:36:27","date_gmt":"2026-07-16T22:36:27","guid":{"rendered":"https:\/\/lepatriotebenin.com\/?p=21732"},"modified":"2026-07-17T00:36:27","modified_gmt":"2026-07-16T22:36:27","slug":"apres-lexpulsion-de-deux-de-ses-diplomates-par-le-burkina-faso-lunion-europeenne-proteste","status":"publish","type":"post","link":"https:\/\/lepatriotebenin.com\/index.php\/2026\/07\/17\/apres-lexpulsion-de-deux-de-ses-diplomates-par-le-burkina-faso-lunion-europeenne-proteste\/","title":{"rendered":"Apr\u00e8s l&rsquo;expulsion de deux de ses diplomates par le Burkina Faso : L&rsquo;Union europ\u00e9enne proteste"},"content":{"rendered":"<p>L&rsquo;Union europ\u00e9enne a fermement condamn\u00e9 la d\u00e9cision du Burkina Faso de d\u00e9clarer \u00ab persona non grata \u00bb deux diplomates de sa d\u00e9l\u00e9gation \u00e0 Ouagadougou. Elle a annonc\u00e9 la convocation de l&rsquo;ambassadeur du Burkina Faso et promet des mesures de r\u00e9torsion apr\u00e8s l&rsquo;expulsion de deux de ses diplomates.<\/p>\n<p>\u200eLes tensions diplomatiques entre Ouagadougou et Bruxelles franchissent un nouveau palier. Dans une publication sur le r\u00e9seau social X, Bruxelles a d\u00e9nonc\u00e9 une mesure \u00ab injustifi\u00e9e \u00bb, annonc\u00e9 la convocation de l&rsquo;ambassadeur burkinab\u00e8 aupr\u00e8s de l&rsquo;UE et pr\u00e9venu que des mesures de r\u00e9ponse seraient prises dans les prochains jours.<\/p>\n<p>\u200eLes deux responsables concern\u00e9s, le chef adjoint de la d\u00e9l\u00e9gation de l&rsquo;UE et un charg\u00e9 de programme, disposent de trois jours pour quitter le territoire burkinab\u00e8. Les autorit\u00e9s de Ouagadougou n&rsquo;ont fourni aucune explication officielle \u00e0 cette d\u00e9cision.<\/p>\n<p>\u200eCette nouvelle crise intervient dans un contexte de relations d\u00e9j\u00e0 glaciales. Le 22 juin, le ministre burkinab\u00e8 des Affaires \u00e9trang\u00e8res, Karamoko Jean-Marie Traor\u00e9, avait convoqu\u00e9 le chef de la d\u00e9l\u00e9gation de l&rsquo;UE pour protester contre une r\u00e9solution du Parlement europ\u00e9en critiquant la situation des droits humains au Burkina Faso, jug\u00e9e comme une ing\u00e9rence dans les affaires int\u00e9rieures du pays.<\/p>\n<p>\u200eDepuis l&rsquo;arriv\u00e9e au pouvoir du capitaine Ibrahim Traor\u00e9 en 2022, le Burkina Faso s&rsquo;est progressivement \u00e9loign\u00e9 de plusieurs partenaires occidentaux, tout en renfor\u00e7ant ses liens avec la Russie et les autres membres de l&rsquo;Alliance des \u00c9tats du Sahel (AES). Cette nouvelle passe d&rsquo;armes diplomatique pourrait accentuer davantage le refroidissement des relations entre Ouagadougou et Bruxelles.<\/p>\n<p>\u200e<\/p>\n<p><strong>\u200eEz\u00e9chiel Dagb\u00e9gnon PADONOU<\/strong><\/p>\n","protected":false},"excerpt":{"rendered":"<p>L&rsquo;Union europ\u00e9enne a fermement condamn\u00e9 la d\u00e9cision du Burkina Faso de d\u00e9clarer \u00ab persona non grata \u00bb deux diplomates de sa d\u00e9l\u00e9gation \u00e0 Ouagadougou. Elle a annonc\u00e9 la convocation de&hellip;<\/p>\n","protected":false},"author":5,"featured_media":21733,"comment_status":"open","ping_status":"open","sticky":false,"template":"","format":"standard","meta":{"content-type":"","om_disable_all_campaigns":false,"_monsterinsights_skip_tracking":false,"_uf_show_specific_survey":0,"_uf_disable_surveys":false,"footnotes":""},"categories":[20],"tags":[],"class_list":["post-21732","post","type-post","status-publish","format-standard","has-post-thumbnail","hentry","category-societe"],"aioseo_notices":[],"aioseo_head":"\n\t\t<!-- All in One SEO 5.0.1.1 - aioseo.com -->\n\t<meta name=\"description\" content=\"L&#039;Union europ\u00e9enne a fermement condamn\u00e9 la d\u00e9cision du Burkina Faso de d\u00e9clarer \u00ab persona non grata \u00bb deux diplomates de sa d\u00e9l\u00e9gation \u00e0 Ouagadougou. Elle a annonc\u00e9 la convocation de l&#039;ambassadeur du Burkina Faso et promet des mesures de r\u00e9torsion apr\u00e8s l&#039;expulsion de deux de ses diplomates. \u200eLes tensions diplomatiques entre Ouagadougou et Bruxelles franchissent\" \/>\n\t<meta name=\"robots\" content=\"max-image-preview:large\" \/>\n\t<meta name=\"author\" content=\"Redaction\"\/>\n\t<link rel=\"canonical\" href=\"https:\/\/lepatriotebenin.com\/index.php\/2026\/07\/17\/apres-lexpulsion-de-deux-de-ses-diplomates-par-le-burkina-faso-lunion-europeenne-proteste\/\" \/>\n\t<meta name=\"generator\" content=\"All in One SEO (AIOSEO) 5.0.1.1\" \/>\n\t\t<meta property=\"og:locale\" content=\"fr_FR\" \/>\n\t\t<meta property=\"og:site_name\" content=\"Le Patriote - Le Patriote B\u00e9nin\" \/>\n\t\t<meta property=\"og:type\" content=\"article\" \/>\n\t\t<meta property=\"og:title\" content=\"Apr\u00e8s l\u2019expulsion de deux de ses diplomates par le Burkina Faso : L\u2019Union europ\u00e9enne proteste - Le Patriote\" \/>\n\t\t<meta property=\"og:description\" content=\"L&#039;Union europ\u00e9enne a fermement condamn\u00e9 la d\u00e9cision du Burkina Faso de d\u00e9clarer \u00ab persona non grata \u00bb deux diplomates de sa d\u00e9l\u00e9gation \u00e0 Ouagadougou. Elle a annonc\u00e9 la convocation de l&#039;ambassadeur du Burkina Faso et promet des mesures de r\u00e9torsion apr\u00e8s l&#039;expulsion de deux de ses diplomates. \u200eLes tensions diplomatiques entre Ouagadougou et Bruxelles franchissent\" \/>\n\t\t<meta property=\"og:url\" content=\"https:\/\/lepatriotebenin.com\/index.php\/2026\/07\/17\/apres-lexpulsion-de-deux-de-ses-diplomates-par-le-burkina-faso-lunion-europeenne-proteste\/\" \/>\n\t\t<meta property=\"article:published_time\" content=\"2026-07-16T22:36:27+00:00\" \/>\n\t\t<meta property=\"article:modified_time\" content=\"2026-07-16T22:36:27+00:00\" \/>\n\t\t<meta name=\"twitter:card\" content=\"summary_large_image\" \/>\n\t\t<meta name=\"twitter:title\" content=\"Apr\u00e8s l\u2019expulsion de deux de ses diplomates par le Burkina Faso : L\u2019Union europ\u00e9enne proteste - Le Patriote\" \/>\n\t\t<meta name=\"twitter:description\" content=\"L&#039;Union europ\u00e9enne a fermement condamn\u00e9 la d\u00e9cision du Burkina Faso de d\u00e9clarer \u00ab persona non grata \u00bb deux diplomates de sa d\u00e9l\u00e9gation \u00e0 Ouagadougou. Elle a annonc\u00e9 la convocation de l&#039;ambassadeur du Burkina Faso et promet des mesures de r\u00e9torsion apr\u00e8s l&#039;expulsion de deux de ses diplomates. \u200eLes tensions diplomatiques entre Ouagadougou et Bruxelles franchissent\" \/>\n\t\t<script type=\"application\/ld+json\" class=\"aioseo-schema\">\n\t\t\t{\"@context\":\"https:\\\/\\\/schema.org\",\"@graph\":[{\"@type\":\"BlogPosting\",\"@id\":\"https:\\\/\\\/lepatriotebenin.com\\\/index.php\\\/2026\\\/07\\\/17\\\/apres-lexpulsion-de-deux-de-ses-diplomates-par-le-burkina-faso-lunion-europeenne-proteste\\\/#blogposting\",\"name\":\"Apr\\u00e8s l\\u2019expulsion de deux de ses diplomates par le Burkina Faso : L\\u2019Union europ\\u00e9enne proteste - Le Patriote\",\"headline\":\"Apr\\u00e8s l&rsquo;expulsion de deux de ses diplomates par le Burkina Faso : L&rsquo;Union europ\\u00e9enne proteste\",\"author\":{\"@id\":\"https:\\\/\\\/lepatriotebenin.com#author\"},\"publisher\":{\"@id\":\"https:\\\/\\\/lepatriotebenin.com\\\/#organization\"},\"image\":{\"@type\":\"ImageObject\",\"url\":\"https:\\\/\\\/lepatriotebenin.com\\\/wp-content\\\/uploads\\\/2026\\\/07\\\/ue.jpeg\",\"width\":720,\"height\":481},\"datePublished\":\"2026-07-17T00:36:27+02:00\",\"dateModified\":\"2026-07-17T00:36:27+02:00\",\"inLanguage\":\"fr-FR\",\"mainEntityOfPage\":{\"@id\":\"https:\\\/\\\/lepatriotebenin.com\\\/index.php\\\/2026\\\/07\\\/17\\\/apres-lexpulsion-de-deux-de-ses-diplomates-par-le-burkina-faso-lunion-europeenne-proteste\\\/#webpage\"},\"isPartOf\":{\"@id\":\"https:\\\/\\\/lepatriotebenin.com\\\/index.php\\\/2026\\\/07\\\/17\\\/apres-lexpulsion-de-deux-de-ses-diplomates-par-le-burkina-faso-lunion-europeenne-proteste\\\/#webpage\"},\"articleSection\":\"Soci\\u00e9t\\u00e9\"},{\"@type\":\"BreadcrumbList\",\"@id\":\"https:\\\/\\\/lepatriotebenin.com\\\/index.php\\\/2026\\\/07\\\/17\\\/apres-lexpulsion-de-deux-de-ses-diplomates-par-le-burkina-faso-lunion-europeenne-proteste\\\/#breadcrumblist\",\"itemListElement\":[{\"@type\":\"ListItem\",\"@id\":\"https:\\\/\\\/lepatriotebenin.com#listItem\",\"position\":1,\"name\":\"Home\",\"item\":\"https:\\\/\\\/lepatriotebenin.com\",\"nextItem\":{\"@type\":\"ListItem\",\"@id\":\"https:\\\/\\\/lepatriotebenin.com\\\/index.php\\\/category\\\/societe\\\/#listItem\",\"name\":\"Soci\\u00e9t\\u00e9\"}},{\"@type\":\"ListItem\",\"@id\":\"https:\\\/\\\/lepatriotebenin.com\\\/index.php\\\/category\\\/societe\\\/#listItem\",\"position\":2,\"name\":\"Soci\\u00e9t\\u00e9\",\"item\":\"https:\\\/\\\/lepatriotebenin.com\\\/index.php\\\/category\\\/societe\\\/\",\"nextItem\":{\"@type\":\"ListItem\",\"@id\":\"https:\\\/\\\/lepatriotebenin.com\\\/index.php\\\/2026\\\/07\\\/17\\\/apres-lexpulsion-de-deux-de-ses-diplomates-par-le-burkina-faso-lunion-europeenne-proteste\\\/#listItem\",\"name\":\"Apr\\u00e8s l&rsquo;expulsion de deux de ses diplomates par le Burkina Faso : L&rsquo;Union europ\\u00e9enne proteste\"},\"previousItem\":{\"@type\":\"ListItem\",\"@id\":\"https:\\\/\\\/lepatriotebenin.com#listItem\",\"name\":\"Home\"}},{\"@type\":\"ListItem\",\"@id\":\"https:\\\/\\\/lepatriotebenin.com\\\/index.php\\\/2026\\\/07\\\/17\\\/apres-lexpulsion-de-deux-de-ses-diplomates-par-le-burkina-faso-lunion-europeenne-proteste\\\/#listItem\",\"position\":3,\"name\":\"Apr\\u00e8s l&rsquo;expulsion de deux de ses diplomates par le Burkina Faso : L&rsquo;Union europ\\u00e9enne proteste\",\"previousItem\":{\"@type\":\"ListItem\",\"@id\":\"https:\\\/\\\/lepatriotebenin.com\\\/index.php\\\/category\\\/societe\\\/#listItem\",\"name\":\"Soci\\u00e9t\\u00e9\"}}]},{\"@type\":\"Organization\",\"@id\":\"https:\\\/\\\/lepatriotebenin.com\\\/#organization\",\"name\":\"Le Patriote\",\"description\":\"Le Patriote B\\u00e9nin\",\"url\":\"https:\\\/\\\/lepatriotebenin.com\\\/\"},{\"@type\":\"Person\",\"@id\":\"https:\\\/\\\/lepatriotebenin.com#author\",\"url\":\"https:\\\/\\\/lepatriotebenin.com\",\"name\":\"Redaction\",\"image\":{\"@type\":\"ImageObject\",\"@id\":\"https:\\\/\\\/lepatriotebenin.com\\\/index.php\\\/2026\\\/07\\\/17\\\/apres-lexpulsion-de-deux-de-ses-diplomates-par-le-burkina-faso-lunion-europeenne-proteste\\\/#authorImage\",\"url\":\"https:\\\/\\\/secure.gravatar.com\\\/avatar\\\/c4c509357859ea2ca2cbb6d8812898a73e4ef1ef9934c2e591d7e32face734d1?s=96&d=mm&r=g\",\"width\":96,\"height\":96,\"caption\":\"Redaction\"}},{\"@type\":\"WebPage\",\"@id\":\"https:\\\/\\\/lepatriotebenin.com\\\/index.php\\\/2026\\\/07\\\/17\\\/apres-lexpulsion-de-deux-de-ses-diplomates-par-le-burkina-faso-lunion-europeenne-proteste\\\/#webpage\",\"url\":\"https:\\\/\\\/lepatriotebenin.com\\\/index.php\\\/2026\\\/07\\\/17\\\/apres-lexpulsion-de-deux-de-ses-diplomates-par-le-burkina-faso-lunion-europeenne-proteste\\\/\",\"name\":\"Apr\\u00e8s l\\u2019expulsion de deux de ses diplomates par le Burkina Faso : L\\u2019Union europ\\u00e9enne proteste - Le Patriote\",\"description\":\"L'Union europ\\u00e9enne a fermement condamn\\u00e9 la d\\u00e9cision du Burkina Faso de d\\u00e9clarer \\u00ab persona non grata \\u00bb deux diplomates de sa d\\u00e9l\\u00e9gation \\u00e0 Ouagadougou. Elle a annonc\\u00e9 la convocation de l'ambassadeur du Burkina Faso et promet des mesures de r\\u00e9torsion apr\\u00e8s l'expulsion de deux de ses diplomates. \\u200eLes tensions diplomatiques entre Ouagadougou et Bruxelles franchissent\",\"inLanguage\":\"fr-FR\",\"isPartOf\":{\"@id\":\"https:\\\/\\\/lepatriotebenin.com\\\/#website\"},\"breadcrumb\":{\"@id\":\"https:\\\/\\\/lepatriotebenin.com\\\/index.php\\\/2026\\\/07\\\/17\\\/apres-lexpulsion-de-deux-de-ses-diplomates-par-le-burkina-faso-lunion-europeenne-proteste\\\/#breadcrumblist\"},\"author\":{\"@id\":\"https:\\\/\\\/lepatriotebenin.com#author\"},\"creator\":{\"@id\":\"https:\\\/\\\/lepatriotebenin.com#author\"},\"image\":{\"@type\":\"ImageObject\",\"url\":\"https:\\\/\\\/lepatriotebenin.com\\\/wp-content\\\/uploads\\\/2026\\\/07\\\/ue.jpeg\",\"@id\":\"https:\\\/\\\/lepatriotebenin.com\\\/index.php\\\/2026\\\/07\\\/17\\\/apres-lexpulsion-de-deux-de-ses-diplomates-par-le-burkina-faso-lunion-europeenne-proteste\\\/#mainImage\",\"width\":720,\"height\":481},\"primaryImageOfPage\":{\"@id\":\"https:\\\/\\\/lepatriotebenin.com\\\/index.php\\\/2026\\\/07\\\/17\\\/apres-lexpulsion-de-deux-de-ses-diplomates-par-le-burkina-faso-lunion-europeenne-proteste\\\/#mainImage\"},\"datePublished\":\"2026-07-17T00:36:27+02:00\",\"dateModified\":\"2026-07-17T00:36:27+02:00\"},{\"@type\":\"WebSite\",\"@id\":\"https:\\\/\\\/lepatriotebenin.com\\\/#website\",\"url\":\"https:\\\/\\\/lepatriotebenin.com\\\/\",\"name\":\"Le Patriote\",\"description\":\"Le Patriote B\\u00e9nin\",\"inLanguage\":\"fr-FR\",\"publisher\":{\"@id\":\"https:\\\/\\\/lepatriotebenin.com\\\/#organization\"}}]}\n\t\t<\/script>\n\t\t<!-- All in One SEO -->\n\n","aioseo_head_json":{"title":"Apr\u00e8s l\u2019expulsion de deux de ses diplomates par le Burkina Faso : L\u2019Union europ\u00e9enne proteste - Le Patriote","description":"L'Union europ\u00e9enne a fermement condamn\u00e9 la d\u00e9cision du Burkina Faso de d\u00e9clarer \u00ab persona non grata \u00bb deux diplomates de sa d\u00e9l\u00e9gation \u00e0 Ouagadougou. Elle a annonc\u00e9 la convocation de l'ambassadeur du Burkina Faso et promet des mesures de r\u00e9torsion apr\u00e8s l'expulsion de deux de ses diplomates. \u200eLes tensions diplomatiques entre Ouagadougou et Bruxelles franchissent","canonical_url":"https:\/\/lepatriotebenin.com\/index.php\/2026\/07\/17\/apres-lexpulsion-de-deux-de-ses-diplomates-par-le-burkina-faso-lunion-europeenne-proteste\/","robots":"max-image-preview:large","keywords":"","webmasterTools":{"miscellaneous":""},"schema":{"@context":"https:\/\/schema.org","@graph":[{"@type":"BlogPosting","@id":"https:\/\/lepatriotebenin.com\/index.php\/2026\/07\/17\/apres-lexpulsion-de-deux-de-ses-diplomates-par-le-burkina-faso-lunion-europeenne-proteste\/#blogposting","name":"Apr\u00e8s l\u2019expulsion de deux de ses diplomates par le Burkina Faso : L\u2019Union europ\u00e9enne proteste - Le Patriote","headline":"Apr\u00e8s l&rsquo;expulsion de deux de ses diplomates par le Burkina Faso : L&rsquo;Union europ\u00e9enne proteste","author":{"@id":"https:\/\/lepatriotebenin.com#author"},"publisher":{"@id":"https:\/\/lepatriotebenin.com\/#organization"},"image":{"@type":"ImageObject","url":"https:\/\/lepatriotebenin.com\/wp-content\/uploads\/2026\/07\/ue.jpeg","width":720,"height":481},"datePublished":"2026-07-17T00:36:27+02:00","dateModified":"2026-07-17T00:36:27+02:00","inLanguage":"fr-FR","mainEntityOfPage":{"@id":"https:\/\/lepatriotebenin.com\/index.php\/2026\/07\/17\/apres-lexpulsion-de-deux-de-ses-diplomates-par-le-burkina-faso-lunion-europeenne-proteste\/#webpage"},"isPartOf":{"@id":"https:\/\/lepatriotebenin.com\/index.php\/2026\/07\/17\/apres-lexpulsion-de-deux-de-ses-diplomates-par-le-burkina-faso-lunion-europeenne-proteste\/#webpage"},"articleSection":"Soci\u00e9t\u00e9"},{"@type":"BreadcrumbList","@id":"https:\/\/lepatriotebenin.com\/index.php\/2026\/07\/17\/apres-lexpulsion-de-deux-de-ses-diplomates-par-le-burkina-faso-lunion-europeenne-proteste\/#breadcrumblist","itemListElement":[{"@type":"ListItem","@id":"https:\/\/lepatriotebenin.com#listItem","position":1,"name":"Home","item":"https:\/\/lepatriotebenin.com","nextItem":{"@type":"ListItem","@id":"https:\/\/lepatriotebenin.com\/index.php\/category\/societe\/#listItem","name":"Soci\u00e9t\u00e9"}},{"@type":"ListItem","@id":"https:\/\/lepatriotebenin.com\/index.php\/category\/societe\/#listItem","position":2,"name":"Soci\u00e9t\u00e9","item":"https:\/\/lepatriotebenin.com\/index.php\/category\/societe\/","nextItem":{"@type":"ListItem","@id":"https:\/\/lepatriotebenin.com\/index.php\/2026\/07\/17\/apres-lexpulsion-de-deux-de-ses-diplomates-par-le-burkina-faso-lunion-europeenne-proteste\/#listItem","name":"Apr\u00e8s l&rsquo;expulsion de deux de ses diplomates par le Burkina Faso : L&rsquo;Union europ\u00e9enne proteste"},"previousItem":{"@type":"ListItem","@id":"https:\/\/lepatriotebenin.com#listItem","name":"Home"}},{"@type":"ListItem","@id":"https:\/\/lepatriotebenin.com\/index.php\/2026\/07\/17\/apres-lexpulsion-de-deux-de-ses-diplomates-par-le-burkina-faso-lunion-europeenne-proteste\/#listItem","position":3,"name":"Apr\u00e8s l&rsquo;expulsion de deux de ses diplomates par le Burkina Faso : L&rsquo;Union europ\u00e9enne proteste","previousItem":{"@type":"ListItem","@id":"https:\/\/lepatriotebenin.com\/index.php\/category\/societe\/#listItem","name":"Soci\u00e9t\u00e9"}}]},{"@type":"Organization","@id":"https:\/\/lepatriotebenin.com\/#organization","name":"Le Patriote","description":"Le Patriote B\u00e9nin","url":"https:\/\/lepatriotebenin.com\/"},{"@type":"Person","@id":"https:\/\/lepatriotebenin.com#author","url":"https:\/\/lepatriotebenin.com","name":"Redaction","image":{"@type":"ImageObject","@id":"https:\/\/lepatriotebenin.com\/index.php\/2026\/07\/17\/apres-lexpulsion-de-deux-de-ses-diplomates-par-le-burkina-faso-lunion-europeenne-proteste\/#authorImage","url":"https:\/\/secure.gravatar.com\/avatar\/c4c509357859ea2ca2cbb6d8812898a73e4ef1ef9934c2e591d7e32face734d1?s=96&d=mm&r=g","width":96,"height":96,"caption":"Redaction"}},{"@type":"WebPage","@id":"https:\/\/lepatriotebenin.com\/index.php\/2026\/07\/17\/apres-lexpulsion-de-deux-de-ses-diplomates-par-le-burkina-faso-lunion-europeenne-proteste\/#webpage","url":"https:\/\/lepatriotebenin.com\/index.php\/2026\/07\/17\/apres-lexpulsion-de-deux-de-ses-diplomates-par-le-burkina-faso-lunion-europeenne-proteste\/","name":"Apr\u00e8s l\u2019expulsion de deux de ses diplomates par le Burkina Faso : L\u2019Union europ\u00e9enne proteste - Le Patriote","description":"L'Union europ\u00e9enne a fermement condamn\u00e9 la d\u00e9cision du Burkina Faso de d\u00e9clarer \u00ab persona non grata \u00bb deux diplomates de sa d\u00e9l\u00e9gation \u00e0 Ouagadougou. Elle a annonc\u00e9 la convocation de l'ambassadeur du Burkina Faso et promet des mesures de r\u00e9torsion apr\u00e8s l'expulsion de deux de ses diplomates. \u200eLes tensions diplomatiques entre Ouagadougou et Bruxelles franchissent","inLanguage":"fr-FR","isPartOf":{"@id":"https:\/\/lepatriotebenin.com\/#website"},"breadcrumb":{"@id":"https:\/\/lepatriotebenin.com\/index.php\/2026\/07\/17\/apres-lexpulsion-de-deux-de-ses-diplomates-par-le-burkina-faso-lunion-europeenne-proteste\/#breadcrumblist"},"author":{"@id":"https:\/\/lepatriotebenin.com#author"},"creator":{"@id":"https:\/\/lepatriotebenin.com#author"},"image":{"@type":"ImageObject","url":"https:\/\/lepatriotebenin.com\/wp-content\/uploads\/2026\/07\/ue.jpeg","@id":"https:\/\/lepatriotebenin.com\/index.php\/2026\/07\/17\/apres-lexpulsion-de-deux-de-ses-diplomates-par-le-burkina-faso-lunion-europeenne-proteste\/#mainImage","width":720,"height":481},"primaryImageOfPage":{"@id":"https:\/\/lepatriotebenin.com\/index.php\/2026\/07\/17\/apres-lexpulsion-de-deux-de-ses-diplomates-par-le-burkina-faso-lunion-europeenne-proteste\/#mainImage"},"datePublished":"2026-07-17T00:36:27+02:00","dateModified":"2026-07-17T00:36:27+02:00"},{"@type":"WebSite","@id":"https:\/\/lepatriotebenin.com\/#website","url":"https:\/\/lepatriotebenin.com\/","name":"Le Patriote","description":"Le Patriote B\u00e9nin","inLanguage":"fr-FR","publisher":{"@id":"https:\/\/lepatriotebenin.com\/#organization"}}]},"og:locale":"fr_FR","og:site_name":"Le Patriote - Le Patriote B\u00e9nin","og:type":"article","og:title":"Apr\u00e8s l\u2019expulsion de deux de ses diplomates par le Burkina Faso : L\u2019Union europ\u00e9enne proteste - Le Patriote","og:description":"L'Union europ\u00e9enne a fermement condamn\u00e9 la d\u00e9cision du Burkina Faso de d\u00e9clarer \u00ab persona non grata \u00bb deux diplomates de sa d\u00e9l\u00e9gation \u00e0 Ouagadougou. Elle a annonc\u00e9 la convocation de l'ambassadeur du Burkina Faso et promet des mesures de r\u00e9torsion apr\u00e8s l'expulsion de deux de ses diplomates. \u200eLes tensions diplomatiques entre Ouagadougou et Bruxelles franchissent","og:url":"https:\/\/lepatriotebenin.com\/index.php\/2026\/07\/17\/apres-lexpulsion-de-deux-de-ses-diplomates-par-le-burkina-faso-lunion-europeenne-proteste\/","article:published_time":"2026-07-16T22:36:27+00:00","article:modified_time":"2026-07-16T22:36:27+00:00","twitter:card":"summary_large_image","twitter:title":"Apr\u00e8s l\u2019expulsion de deux de ses diplomates par le Burkina Faso : L\u2019Union europ\u00e9enne proteste - Le Patriote","twitter:description":"L'Union europ\u00e9enne a fermement condamn\u00e9 la d\u00e9cision du Burkina Faso de d\u00e9clarer \u00ab persona non grata \u00bb deux diplomates de sa d\u00e9l\u00e9gation \u00e0 Ouagadougou. Elle a annonc\u00e9 la convocation de l'ambassadeur du Burkina Faso et promet des mesures de r\u00e9torsion apr\u00e8s l'expulsion de deux de ses diplomates. \u200eLes tensions diplomatiques entre Ouagadougou et Bruxelles franchissent"},"aioseo_meta_data":{"post_id":"21732","title":null,"description":null,"keywords":null,"keyphrases":{"focus":{"keyphrase":"","score":0,"analysis":{"keyphraseInTitle":{"score":0,"maxScore":9,"error":1}}},"additional":[]},"primary_term":null,"canonical_url":null,"og_title":null,"og_description":null,"og_object_type":"default","og_image_type":"default","og_image_url":null,"og_image_width":null,"og_image_height":null,"og_image_custom_url":null,"og_image_custom_fields":null,"og_video":"","og_custom_url":null,"og_article_section":null,"og_article_tags":null,"twitter_use_og":false,"twitter_card":"default","twitter_image_type":"default","twitter_image_url":null,"twitter_image_custom_url":null,"twitter_image_custom_fields":null,"twitter_title":null,"twitter_description":null,"schema":{"blockGraphs":[],"customGraphs":[],"default":{"data":{"Article":[],"Course":[],"Dataset":[],"FAQPage":[],"Movie":[],"Person":[],"Product":[],"ProductReview":[],"Car":[],"Recipe":[],"Service":[],"SoftwareApplication":[],"WebPage":[]},"graphName":"BlogPosting","isEnabled":true},"graphs":[]},"schema_type":"default","schema_type_options":null,"pillar_content":false,"robots_default":true,"robots_noindex":false,"robots_noarchive":false,"robots_nosnippet":false,"robots_nofollow":false,"robots_noimageindex":false,"robots_noodp":false,"robots_notranslate":false,"robots_max_snippet":"-1","robots_max_videopreview":"-1","robots_max_imagepreview":"large","priority":null,"frequency":"default","local_seo":null,"breadcrumb_settings":null,"limit_modified_date":false,"ai":{"faqs":[],"keyPoints":[],"schemas":[],"titles":[],"descriptions":[],"socialPosts":{"email":{"subject":"","preview":"","content":""},"linkedin":[],"twitter":[],"facebook":[],"instagram":[]}},"created":"2026-07-16 22:36:27","updated":"2026-07-16 22:56:08","seo_analyzer_scan_date":null,"focus_keyword":null,"additional_keywords":null,"truseo_locale":null},"aioseo_breadcrumb":"<div class=\"aioseo-breadcrumbs\"><span class=\"aioseo-breadcrumb\">\n\t\t\t<a href=\"https:\/\/lepatriotebenin.com\" title=\"Home\">Home<\/a>\n\t\t<\/span><span class=\"aioseo-breadcrumb-separator\">&raquo;<\/span><span class=\"aioseo-breadcrumb\">\n\t\t\t<a href=\"https:\/\/lepatriotebenin.com\/index.php\/category\/societe\/\" title=\"Soci\u00e9t\u00e9\">Soci\u00e9t\u00e9<\/a>\n\t\t<\/span><span class=\"aioseo-breadcrumb-separator\">&raquo;<\/span><span class=\"aioseo-breadcrumb\">\n\t\t\tApr\u00e8s l\u2019expulsion de deux de ses diplomates par le Burkina Faso : L\u2019Union europ\u00e9enne proteste\n\t\t<\/span><\/div>","aioseo_breadcrumb_json":[{"label":"Home","link":"https:\/\/lepatriotebenin.com"},{"label":"Soci\u00e9t\u00e9","link":"https:\/\/lepatriotebenin.com\/index.php\/category\/societe\/"},{"label":"Apr\u00e8s l&rsquo;expulsion de deux de ses diplomates par le Burkina Faso : L&rsquo;Union europ\u00e9enne proteste","link":"https:\/\/lepatriotebenin.com\/index.php\/2026\/07\/17\/apres-lexpulsion-de-deux-de-ses-diplomates-par-le-burkina-faso-lunion-europeenne-proteste\/"}],"yoast_head":"<!-- This site is optimized with the Yoast SEO plugin v28.3 - https:\/\/yoast.com\/product\/yoast-seo-wordpress\/ -->\n<title>Apr\u00e8s l&#039;expulsion de deux de ses diplomates par le Burkina Faso : L&#039;Union europ\u00e9enne proteste - Le Patriote<\/title>\n<meta name=\"robots\" content=\"index, follow, max-snippet:-1, max-image-preview:large, max-video-preview:-1\" \/>\n<link rel=\"canonical\" href=\"https:\/\/lepatriotebenin.com\/index.php\/2026\/07\/17\/apres-lexpulsion-de-deux-de-ses-diplomates-par-le-burkina-faso-lunion-europeenne-proteste\/\" \/>\n<meta property=\"og:locale\" content=\"fr_FR\" \/>\n<meta property=\"og:type\" content=\"article\" \/>\n<meta property=\"og:title\" content=\"Apr\u00e8s l&#039;expulsion de deux de ses diplomates par le Burkina Faso : L&#039;Union europ\u00e9enne proteste - Le Patriote\" \/>\n<meta property=\"og:description\" content=\"L&rsquo;Union europ\u00e9enne a fermement condamn\u00e9 la d\u00e9cision du Burkina Faso de d\u00e9clarer \u00ab persona non grata \u00bb deux diplomates de sa d\u00e9l\u00e9gation \u00e0 Ouagadougou. Elle a annonc\u00e9 la convocation de&hellip;\" \/>\n<meta property=\"og:url\" content=\"https:\/\/lepatriotebenin.com\/index.php\/2026\/07\/17\/apres-lexpulsion-de-deux-de-ses-diplomates-par-le-burkina-faso-lunion-europeenne-proteste\/\" \/>\n<meta property=\"og:site_name\" content=\"Le Patriote\" \/>\n<meta property=\"article:published_time\" content=\"2026-07-16T22:36:27+00:00\" \/>\n<meta property=\"og:image\" content=\"https:\/\/lepatriotebenin.com\/wp-content\/uploads\/2026\/07\/ue.jpeg\" \/>\n\t<meta property=\"og:image:width\" content=\"720\" \/>\n\t<meta property=\"og:image:height\" content=\"481\" \/>\n\t<meta property=\"og:image:type\" content=\"image\/jpeg\" \/>\n<meta name=\"author\" content=\"Redaction\" \/>\n<meta name=\"twitter:card\" content=\"summary_large_image\" \/>\n<meta name=\"twitter:label1\" content=\"\u00c9crit par\" \/>\n\t<meta name=\"twitter:data1\" content=\"Redaction\" \/>\n\t<meta name=\"twitter:label2\" content=\"Dur\u00e9e de lecture estim\u00e9e\" \/>\n\t<meta name=\"twitter:data2\" content=\"2 minutes\" \/>\n<script type=\"application\/ld+json\" class=\"yoast-schema-graph\">{\"@context\":\"https:\\\/\\\/schema.org\",\"@graph\":[{\"@type\":\"Article\",\"@id\":\"https:\\\/\\\/lepatriotebenin.com\\\/index.php\\\/2026\\\/07\\\/17\\\/apres-lexpulsion-de-deux-de-ses-diplomates-par-le-burkina-faso-lunion-europeenne-proteste\\\/#article\",\"isPartOf\":{\"@id\":\"https:\\\/\\\/lepatriotebenin.com\\\/index.php\\\/2026\\\/07\\\/17\\\/apres-lexpulsion-de-deux-de-ses-diplomates-par-le-burkina-faso-lunion-europeenne-proteste\\\/\"},\"author\":{\"name\":\"Redaction\",\"@id\":\"https:\\\/\\\/lepatriotebenin.com\\\/#\\\/schema\\\/person\\\/2e7709b9c9cc313e452d1136af61690f\"},\"headline\":\"Apr\u00e8s l&rsquo;expulsion de deux de ses diplomates par le Burkina Faso : L&rsquo;Union europ\u00e9enne proteste\",\"datePublished\":\"2026-07-16T22:36:27+00:00\",\"mainEntityOfPage\":{\"@id\":\"https:\\\/\\\/lepatriotebenin.com\\\/index.php\\\/2026\\\/07\\\/17\\\/apres-lexpulsion-de-deux-de-ses-diplomates-par-le-burkina-faso-lunion-europeenne-proteste\\\/\"},\"wordCount\":304,\"commentCount\":0,\"image\":{\"@id\":\"https:\\\/\\\/lepatriotebenin.com\\\/index.php\\\/2026\\\/07\\\/17\\\/apres-lexpulsion-de-deux-de-ses-diplomates-par-le-burkina-faso-lunion-europeenne-proteste\\\/#primaryimage\"},\"thumbnailUrl\":\"https:\\\/\\\/lepatriotebenin.com\\\/wp-content\\\/uploads\\\/2026\\\/07\\\/ue.jpeg\",\"articleSection\":[\"Soci\u00e9t\u00e9\"],\"inLanguage\":\"fr-FR\",\"potentialAction\":[{\"@type\":\"CommentAction\",\"name\":\"Comment\",\"target\":[\"https:\\\/\\\/lepatriotebenin.com\\\/index.php\\\/2026\\\/07\\\/17\\\/apres-lexpulsion-de-deux-de-ses-diplomates-par-le-burkina-faso-lunion-europeenne-proteste\\\/#respond\"]}]},{\"@type\":\"WebPage\",\"@id\":\"https:\\\/\\\/lepatriotebenin.com\\\/index.php\\\/2026\\\/07\\\/17\\\/apres-lexpulsion-de-deux-de-ses-diplomates-par-le-burkina-faso-lunion-europeenne-proteste\\\/\",\"url\":\"https:\\\/\\\/lepatriotebenin.com\\\/index.php\\\/2026\\\/07\\\/17\\\/apres-lexpulsion-de-deux-de-ses-diplomates-par-le-burkina-faso-lunion-europeenne-proteste\\\/\",\"name\":\"Apr\u00e8s l'expulsion de deux de ses diplomates par le Burkina Faso : L'Union europ\u00e9enne proteste - Le Patriote\",\"isPartOf\":{\"@id\":\"https:\\\/\\\/lepatriotebenin.com\\\/#website\"},\"primaryImageOfPage\":{\"@id\":\"https:\\\/\\\/lepatriotebenin.com\\\/index.php\\\/2026\\\/07\\\/17\\\/apres-lexpulsion-de-deux-de-ses-diplomates-par-le-burkina-faso-lunion-europeenne-proteste\\\/#primaryimage\"},\"image\":{\"@id\":\"https:\\\/\\\/lepatriotebenin.com\\\/index.php\\\/2026\\\/07\\\/17\\\/apres-lexpulsion-de-deux-de-ses-diplomates-par-le-burkina-faso-lunion-europeenne-proteste\\\/#primaryimage\"},\"thumbnailUrl\":\"https:\\\/\\\/lepatriotebenin.com\\\/wp-content\\\/uploads\\\/2026\\\/07\\\/ue.jpeg\",\"datePublished\":\"2026-07-16T22:36:27+00:00\",\"author\":{\"@id\":\"https:\\\/\\\/lepatriotebenin.com\\\/#\\\/schema\\\/person\\\/2e7709b9c9cc313e452d1136af61690f\"},\"breadcrumb\":{\"@id\":\"https:\\\/\\\/lepatriotebenin.com\\\/index.php\\\/2026\\\/07\\\/17\\\/apres-lexpulsion-de-deux-de-ses-diplomates-par-le-burkina-faso-lunion-europeenne-proteste\\\/#breadcrumb\"},\"inLanguage\":\"fr-FR\",\"potentialAction\":[{\"@type\":\"ReadAction\",\"target\":[\"https:\\\/\\\/lepatriotebenin.com\\\/index.php\\\/2026\\\/07\\\/17\\\/apres-lexpulsion-de-deux-de-ses-diplomates-par-le-burkina-faso-lunion-europeenne-proteste\\\/\"]}]},{\"@type\":\"ImageObject\",\"inLanguage\":\"fr-FR\",\"@id\":\"https:\\\/\\\/lepatriotebenin.com\\\/index.php\\\/2026\\\/07\\\/17\\\/apres-lexpulsion-de-deux-de-ses-diplomates-par-le-burkina-faso-lunion-europeenne-proteste\\\/#primaryimage\",\"url\":\"https:\\\/\\\/lepatriotebenin.com\\\/wp-content\\\/uploads\\\/2026\\\/07\\\/ue.jpeg\",\"contentUrl\":\"https:\\\/\\\/lepatriotebenin.com\\\/wp-content\\\/uploads\\\/2026\\\/07\\\/ue.jpeg\",\"width\":720,\"height\":481},{\"@type\":\"BreadcrumbList\",\"@id\":\"https:\\\/\\\/lepatriotebenin.com\\\/index.php\\\/2026\\\/07\\\/17\\\/apres-lexpulsion-de-deux-de-ses-diplomates-par-le-burkina-faso-lunion-europeenne-proteste\\\/#breadcrumb\",\"itemListElement\":[{\"@type\":\"ListItem\",\"position\":1,\"name\":\"Accueil\",\"item\":\"https:\\\/\\\/lepatriotebenin.com\\\/\"},{\"@type\":\"ListItem\",\"position\":2,\"name\":\"Apr\u00e8s l&rsquo;expulsion de deux de ses diplomates par le Burkina Faso : L&rsquo;Union europ\u00e9enne proteste\"}]},{\"@type\":\"WebSite\",\"@id\":\"https:\\\/\\\/lepatriotebenin.com\\\/#website\",\"url\":\"https:\\\/\\\/lepatriotebenin.com\\\/\",\"name\":\"Le Patriote\",\"description\":\"Le Patriote B\u00e9nin\",\"potentialAction\":[{\"@type\":\"SearchAction\",\"target\":{\"@type\":\"EntryPoint\",\"urlTemplate\":\"https:\\\/\\\/lepatriotebenin.com\\\/?s={search_term_string}\"},\"query-input\":{\"@type\":\"PropertyValueSpecification\",\"valueRequired\":true,\"valueName\":\"search_term_string\"}}],\"inLanguage\":\"fr-FR\"},{\"@type\":\"Person\",\"@id\":\"https:\\\/\\\/lepatriotebenin.com\\\/#\\\/schema\\\/person\\\/2e7709b9c9cc313e452d1136af61690f\",\"name\":\"Redaction\",\"image\":{\"@type\":\"ImageObject\",\"inLanguage\":\"fr-FR\",\"@id\":\"https:\\\/\\\/secure.gravatar.com\\\/avatar\\\/c4c509357859ea2ca2cbb6d8812898a73e4ef1ef9934c2e591d7e32face734d1?s=96&d=mm&r=g\",\"url\":\"https:\\\/\\\/secure.gravatar.com\\\/avatar\\\/c4c509357859ea2ca2cbb6d8812898a73e4ef1ef9934c2e591d7e32face734d1?s=96&d=mm&r=g\",\"contentUrl\":\"https:\\\/\\\/secure.gravatar.com\\\/avatar\\\/c4c509357859ea2ca2cbb6d8812898a73e4ef1ef9934c2e591d7e32face734d1?s=96&d=mm&r=g\",\"caption\":\"Redaction\"},\"url\":\"https:\\\/\\\/lepatriotebenin.com\"}]}<\/script>\n<!-- \/ Yoast SEO plugin. -->","yoast_head_json":{"title":"Apr\u00e8s l'expulsion de deux de ses diplomates par le Burkina Faso : L'Union europ\u00e9enne proteste - Le Patriote","robots":{"index":"index","follow":"follow","max-snippet":"max-snippet:-1","max-image-preview":"max-image-preview:large","max-video-preview":"max-video-preview:-1"},"canonical":"https:\/\/lepatriotebenin.com\/index.php\/2026\/07\/17\/apres-lexpulsion-de-deux-de-ses-diplomates-par-le-burkina-faso-lunion-europeenne-proteste\/","og_locale":"fr_FR","og_type":"article","og_title":"Apr\u00e8s l'expulsion de deux de ses diplomates par le Burkina Faso : L'Union europ\u00e9enne proteste - Le Patriote","og_description":"L&rsquo;Union europ\u00e9enne a fermement condamn\u00e9 la d\u00e9cision du Burkina Faso de d\u00e9clarer \u00ab persona non grata \u00bb deux diplomates de sa d\u00e9l\u00e9gation \u00e0 Ouagadougou. Elle a annonc\u00e9 la convocation de&hellip;","og_url":"https:\/\/lepatriotebenin.com\/index.php\/2026\/07\/17\/apres-lexpulsion-de-deux-de-ses-diplomates-par-le-burkina-faso-lunion-europeenne-proteste\/","og_site_name":"Le Patriote","article_published_time":"2026-07-16T22:36:27+00:00","og_image":[{"width":720,"height":481,"url":"https:\/\/lepatriotebenin.com\/wp-content\/uploads\/2026\/07\/ue.jpeg","type":"image\/jpeg"}],"author":"Redaction","twitter_card":"summary_large_image","twitter_misc":{"\u00c9crit par":"Redaction","Dur\u00e9e de lecture estim\u00e9e":"2 minutes"},"schema":{"@context":"https:\/\/schema.org","@graph":[{"@type":"Article","@id":"https:\/\/lepatriotebenin.com\/index.php\/2026\/07\/17\/apres-lexpulsion-de-deux-de-ses-diplomates-par-le-burkina-faso-lunion-europeenne-proteste\/#article","isPartOf":{"@id":"https:\/\/lepatriotebenin.com\/index.php\/2026\/07\/17\/apres-lexpulsion-de-deux-de-ses-diplomates-par-le-burkina-faso-lunion-europeenne-proteste\/"},"author":{"name":"Redaction","@id":"https:\/\/lepatriotebenin.com\/#\/schema\/person\/2e7709b9c9cc313e452d1136af61690f"},"headline":"Apr\u00e8s l&rsquo;expulsion de deux de ses diplomates par le Burkina Faso : L&rsquo;Union europ\u00e9enne proteste","datePublished":"2026-07-16T22:36:27+00:00","mainEntityOfPage":{"@id":"https:\/\/lepatriotebenin.com\/index.php\/2026\/07\/17\/apres-lexpulsion-de-deux-de-ses-diplomates-par-le-burkina-faso-lunion-europeenne-proteste\/"},"wordCount":304,"commentCount":0,"image":{"@id":"https:\/\/lepatriotebenin.com\/index.php\/2026\/07\/17\/apres-lexpulsion-de-deux-de-ses-diplomates-par-le-burkina-faso-lunion-europeenne-proteste\/#primaryimage"},"thumbnailUrl":"https:\/\/lepatriotebenin.com\/wp-content\/uploads\/2026\/07\/ue.jpeg","articleSection":["Soci\u00e9t\u00e9"],"inLanguage":"fr-FR","potentialAction":[{"@type":"CommentAction","name":"Comment","target":["https:\/\/lepatriotebenin.com\/index.php\/2026\/07\/17\/apres-lexpulsion-de-deux-de-ses-diplomates-par-le-burkina-faso-lunion-europeenne-proteste\/#respond"]}]},{"@type":"WebPage","@id":"https:\/\/lepatriotebenin.com\/index.php\/2026\/07\/17\/apres-lexpulsion-de-deux-de-ses-diplomates-par-le-burkina-faso-lunion-europeenne-proteste\/","url":"https:\/\/lepatriotebenin.com\/index.php\/2026\/07\/17\/apres-lexpulsion-de-deux-de-ses-diplomates-par-le-burkina-faso-lunion-europeenne-proteste\/","name":"Apr\u00e8s l'expulsion de deux de ses diplomates par le Burkina Faso : L'Union europ\u00e9enne proteste - Le Patriote","isPartOf":{"@id":"https:\/\/lepatriotebenin.com\/#website"},"primaryImageOfPage":{"@id":"https:\/\/lepatriotebenin.com\/index.php\/2026\/07\/17\/apres-lexpulsion-de-deux-de-ses-diplomates-par-le-burkina-faso-lunion-europeenne-proteste\/#primaryimage"},"image":{"@id":"https:\/\/lepatriotebenin.com\/index.php\/2026\/07\/17\/apres-lexpulsion-de-deux-de-ses-diplomates-par-le-burkina-faso-lunion-europeenne-proteste\/#primaryimage"},"thumbnailUrl":"https:\/\/lepatriotebenin.com\/wp-content\/uploads\/2026\/07\/ue.jpeg","datePublished":"2026-07-16T22:36:27+00:00","author":{"@id":"https:\/\/lepatriotebenin.com\/#\/schema\/person\/2e7709b9c9cc313e452d1136af61690f"},"breadcrumb":{"@id":"https:\/\/lepatriotebenin.com\/index.php\/2026\/07\/17\/apres-lexpulsion-de-deux-de-ses-diplomates-par-le-burkina-faso-lunion-europeenne-proteste\/#breadcrumb"},"inLanguage":"fr-FR","potentialAction":[{"@type":"ReadAction","target":["https:\/\/lepatriotebenin.com\/index.php\/2026\/07\/17\/apres-lexpulsion-de-deux-de-ses-diplomates-par-le-burkina-faso-lunion-europeenne-proteste\/"]}]},{"@type":"ImageObject","inLanguage":"fr-FR","@id":"https:\/\/lepatriotebenin.com\/index.php\/2026\/07\/17\/apres-lexpulsion-de-deux-de-ses-diplomates-par-le-burkina-faso-lunion-europeenne-proteste\/#primaryimage","url":"https:\/\/lepatriotebenin.com\/wp-content\/uploads\/2026\/07\/ue.jpeg","contentUrl":"https:\/\/lepatriotebenin.com\/wp-content\/uploads\/2026\/07\/ue.jpeg","width":720,"height":481},{"@type":"BreadcrumbList","@id":"https:\/\/lepatriotebenin.com\/index.php\/2026\/07\/17\/apres-lexpulsion-de-deux-de-ses-diplomates-par-le-burkina-faso-lunion-europeenne-proteste\/#breadcrumb","itemListElement":[{"@type":"ListItem","position":1,"name":"Accueil","item":"https:\/\/lepatriotebenin.com\/"},{"@type":"ListItem","position":2,"name":"Apr\u00e8s l&rsquo;expulsion de deux de ses diplomates par le Burkina Faso : L&rsquo;Union europ\u00e9enne proteste"}]},{"@type":"WebSite","@id":"https:\/\/lepatriotebenin.com\/#website","url":"https:\/\/lepatriotebenin.com\/","name":"Le Patriote","description":"Le Patriote B\u00e9nin","potentialAction":[{"@type":"SearchAction","target":{"@type":"EntryPoint","urlTemplate":"https:\/\/lepatriotebenin.com\/?s={search_term_string}"},"query-input":{"@type":"PropertyValueSpecification","valueRequired":true,"valueName":"search_term_string"}}],"inLanguage":"fr-FR"},{"@type":"Person","@id":"https:\/\/lepatriotebenin.com\/#\/schema\/person\/2e7709b9c9cc313e452d1136af61690f","name":"Redaction","image":{"@type":"ImageObject","inLanguage":"fr-FR","@id":"https:\/\/secure.gravatar.com\/avatar\/c4c509357859ea2ca2cbb6d8812898a73e4ef1ef9934c2e591d7e32face734d1?s=96&d=mm&r=g","url":"https:\/\/secure.gravatar.com\/avatar\/c4c509357859ea2ca2cbb6d8812898a73e4ef1ef9934c2e591d7e32face734d1?s=96&d=mm&r=g","contentUrl":"https:\/\/secure.gravatar.com\/avatar\/c4c509357859ea2ca2cbb6d8812898a73e4ef1ef9934c2e591d7e32face734d1?s=96&d=mm&r=g","caption":"Redaction"},"url":"https:\/\/lepatriotebenin.com"}]}},"_links":{"self":[{"href":"https:\/\/lepatriotebenin.com\/index.php\/wp-json\/wp\/v2\/posts\/21732","targetHints":{"allow":["GET"]}}],"collection":[{"href":"https:\/\/lepatriotebenin.com\/index.php\/wp-json\/wp\/v2\/posts"}],"about":[{"href":"https:\/\/lepatriotebenin.com\/index.php\/wp-json\/wp\/v2\/types\/post"}],"author":[{"embeddable":true,"href":"https:\/\/lepatriotebenin.com\/index.php\/wp-json\/wp\/v2\/users\/5"}],"replies":[{"embeddable":true,"href":"https:\/\/lepatriotebenin.com\/index.php\/wp-json\/wp\/v2\/comments?post=21732"}],"version-history":[{"count":1,"href":"https:\/\/lepatriotebenin.com\/index.php\/wp-json\/wp\/v2\/posts\/21732\/revisions"}],"predecessor-version":[{"id":21734,"href":"https:\/\/lepatriotebenin.com\/index.php\/wp-json\/wp\/v2\/posts\/21732\/revisions\/21734"}],"wp:featuredmedia":[{"embeddable":true,"href":"https:\/\/lepatriotebenin.com\/index.php\/wp-json\/wp\/v2\/media\/21733"}],"wp:attachment":[{"href":"https:\/\/lepatriotebenin.com\/index.php\/wp-json\/wp\/v2\/media?parent=21732"}],"wp:term":[{"taxonomy":"category","embeddable":true,"href":"https:\/\/lepatriotebenin.com\/index.php\/wp-json\/wp\/v2\/categories?post=21732"},{"taxonomy":"post_tag","embeddable":true,"href":"https:\/\/lepatriotebenin.com\/index.php\/wp-json\/wp\/v2\/tags?post=21732"}],"curies":[{"name":"wp","href":"https:\/\/api.w.org\/{rel}","templated":true}]}}