{"id":21729,"date":"2026-07-17T00:34:00","date_gmt":"2026-07-16T22:34:00","guid":{"rendered":"https:\/\/lepatriotebenin.com\/?p=21729"},"modified":"2026-07-17T00:34:00","modified_gmt":"2026-07-16T22:34:00","slug":"france-le-gouvernement-sanctionne-lunite-russe-turla","status":"publish","type":"post","link":"https:\/\/lepatriotebenin.com\/index.php\/2026\/07\/17\/france-le-gouvernement-sanctionne-lunite-russe-turla\/","title":{"rendered":"\u200eFrance : le gouvernement sanctionne l&rsquo;unit\u00e9 russe \u00ab Turla \u00bb"},"content":{"rendered":"<p><strong>Paris hausse le ton contre Moscou apr\u00e8s avoir attribu\u00e9 \u00e0 une unit\u00e9 d&rsquo;\u00e9lite du renseignement russe une vaste campagne de cyberespionnage visant plusieurs institutions fran\u00e7aises. Des sanctions cibl\u00e9es ont \u00e9t\u00e9 annonc\u00e9es tandis que l&rsquo;ambassadeur de Russie sera convoqu\u00e9 dans les prochains jours.<\/strong><\/p>\n<p>\u200eLa France a annonc\u00e9, lundi 13 juillet, une s\u00e9rie de sanctions contre neuf individus et quatre entit\u00e9s russes accus\u00e9s d&rsquo;avoir particip\u00e9 \u00e0 des op\u00e9rations de cyberespionnage orchestr\u00e9es par le Service f\u00e9d\u00e9ral de s\u00e9curit\u00e9 (FSB), le renseignement int\u00e9rieur russe. Le ministre fran\u00e7ais des Affaires \u00e9trang\u00e8res, Jean-No\u00ebl Barrot, a \u00e9galement indiqu\u00e9 que l&rsquo;ambassadeur de Russie \u00e0 Paris serait convoqu\u00e9 afin de protester contre ces activit\u00e9s jug\u00e9es hostiles.<\/p>\n<p>\u200eSelon les autorit\u00e9s fran\u00e7aises, les attaques sont attribu\u00e9es au groupe \u00a0\u00bb Turla \u00ab\u00a0, une unit\u00e9 rattach\u00e9e au 16\u1d49 Centre du FSB. Cette unit\u00e9 est consid\u00e9r\u00e9e comme l&rsquo;une des plus sophistiqu\u00e9es du renseignement russe en mati\u00e8re de cyberespionnage. Active depuis au moins 2004 \u00e0 l&rsquo;\u00e9chelle internationale, cette unit\u00e9 est accus\u00e9e d&rsquo;avoir infiltr\u00e9 les messageries du minist\u00e8re fran\u00e7ais des Arm\u00e9es d\u00e8s 2017, le r\u00e9seau diplomatique de l&rsquo;ambassade de France \u00e0 Moscou en 2018, ainsi qu&rsquo;un institut de recherche travaillant sur des technologies sensibles pour l&rsquo;industrie de d\u00e9fense. Les investigations font \u00e9tat d&rsquo;une importante exfiltration de donn\u00e9es confidentielles.<\/p>\n<p>\u200eCette d\u00e9cision intervient dans un contexte de tensions persistantes entre la Russie et les pays occidentaux depuis le d\u00e9but de la guerre en Ukraine. Le m\u00eame jour, l&rsquo;Union europ\u00e9enne et le Royaume-Uni ont \u00e9galement adopt\u00e9 de nouvelles sanctions dont, entre autres, le gel des avoirs et des restrictions de voyage contre 24 responsables et entit\u00e9s russes, impliqu\u00e9s dans des op\u00e9rations de cyberespionnage et de sabotage visant des infrastructures critiques en Europe. Paris affirme ainsi sa volont\u00e9 de renforcer la protection de ses institutions strat\u00e9giques face \u00e0 des menaces num\u00e9riques de plus en plus sophistiqu\u00e9es.<\/p>\n<p>\u200e<\/p>\n<p><strong>\u200eEz\u00e9chiel Dagb\u00e9gnon PADONOU<\/strong><\/p>\n","protected":false},"excerpt":{"rendered":"<p>Paris hausse le ton contre Moscou apr\u00e8s avoir attribu\u00e9 \u00e0 une unit\u00e9 d&rsquo;\u00e9lite du renseignement russe une vaste campagne de cyberespionnage visant plusieurs institutions fran\u00e7aises. Des sanctions cibl\u00e9es ont \u00e9t\u00e9&hellip;<\/p>\n","protected":false},"author":5,"featured_media":21730,"comment_status":"open","ping_status":"open","sticky":false,"template":"","format":"standard","meta":{"content-type":"","om_disable_all_campaigns":false,"_monsterinsights_skip_tracking":false,"_uf_show_specific_survey":0,"_uf_disable_surveys":false,"footnotes":""},"categories":[20],"tags":[],"class_list":["post-21729","post","type-post","status-publish","format-standard","has-post-thumbnail","hentry","category-societe"],"aioseo_notices":[],"aioseo_head":"\n\t\t<!-- All in One SEO 5.0.1.1 - aioseo.com -->\n\t<meta name=\"description\" content=\"Paris hausse le ton contre Moscou apr\u00e8s avoir attribu\u00e9 \u00e0 une unit\u00e9 d&#039;\u00e9lite du renseignement russe une vaste campagne de cyberespionnage visant plusieurs institutions fran\u00e7aises. Des sanctions cibl\u00e9es ont \u00e9t\u00e9 annonc\u00e9es tandis que l&#039;ambassadeur de Russie sera convoqu\u00e9 dans les prochains jours. \u200eLa France a annonc\u00e9, lundi 13 juillet, une s\u00e9rie de sanctions contre neuf\" \/>\n\t<meta name=\"robots\" content=\"max-image-preview:large\" \/>\n\t<meta name=\"author\" content=\"Redaction\"\/>\n\t<link rel=\"canonical\" href=\"https:\/\/lepatriotebenin.com\/index.php\/2026\/07\/17\/france-le-gouvernement-sanctionne-lunite-russe-turla\/\" \/>\n\t<meta name=\"generator\" content=\"All in One SEO (AIOSEO) 5.0.1.1\" \/>\n\t\t<meta property=\"og:locale\" content=\"fr_FR\" \/>\n\t\t<meta property=\"og:site_name\" content=\"Le Patriote - Le Patriote B\u00e9nin\" \/>\n\t\t<meta property=\"og:type\" content=\"article\" \/>\n\t\t<meta property=\"og:title\" content=\"\u200eFrance : le gouvernement sanctionne l\u2019unit\u00e9 russe \u00ab Turla \u00bb - Le Patriote\" \/>\n\t\t<meta property=\"og:description\" content=\"Paris hausse le ton contre Moscou apr\u00e8s avoir attribu\u00e9 \u00e0 une unit\u00e9 d&#039;\u00e9lite du renseignement russe une vaste campagne de cyberespionnage visant plusieurs institutions fran\u00e7aises. Des sanctions cibl\u00e9es ont \u00e9t\u00e9 annonc\u00e9es tandis que l&#039;ambassadeur de Russie sera convoqu\u00e9 dans les prochains jours. \u200eLa France a annonc\u00e9, lundi 13 juillet, une s\u00e9rie de sanctions contre neuf\" \/>\n\t\t<meta property=\"og:url\" content=\"https:\/\/lepatriotebenin.com\/index.php\/2026\/07\/17\/france-le-gouvernement-sanctionne-lunite-russe-turla\/\" \/>\n\t\t<meta property=\"article:published_time\" content=\"2026-07-16T22:34:00+00:00\" \/>\n\t\t<meta property=\"article:modified_time\" content=\"2026-07-16T22:34:00+00:00\" \/>\n\t\t<meta name=\"twitter:card\" content=\"summary_large_image\" \/>\n\t\t<meta name=\"twitter:title\" content=\"\u200eFrance : le gouvernement sanctionne l\u2019unit\u00e9 russe \u00ab Turla \u00bb - Le Patriote\" \/>\n\t\t<meta name=\"twitter:description\" content=\"Paris hausse le ton contre Moscou apr\u00e8s avoir attribu\u00e9 \u00e0 une unit\u00e9 d&#039;\u00e9lite du renseignement russe une vaste campagne de cyberespionnage visant plusieurs institutions fran\u00e7aises. Des sanctions cibl\u00e9es ont \u00e9t\u00e9 annonc\u00e9es tandis que l&#039;ambassadeur de Russie sera convoqu\u00e9 dans les prochains jours. \u200eLa France a annonc\u00e9, lundi 13 juillet, une s\u00e9rie de sanctions contre neuf\" \/>\n\t\t<script type=\"application\/ld+json\" class=\"aioseo-schema\">\n\t\t\t{\"@context\":\"https:\\\/\\\/schema.org\",\"@graph\":[{\"@type\":\"BlogPosting\",\"@id\":\"https:\\\/\\\/lepatriotebenin.com\\\/index.php\\\/2026\\\/07\\\/17\\\/france-le-gouvernement-sanctionne-lunite-russe-turla\\\/#blogposting\",\"name\":\"\\u200eFrance : le gouvernement sanctionne l\\u2019unit\\u00e9 russe \\u00ab Turla \\u00bb - Le Patriote\",\"headline\":\"\\u200eFrance : le gouvernement sanctionne l&rsquo;unit\\u00e9 russe \\u00ab Turla \\u00bb\",\"author\":{\"@id\":\"https:\\\/\\\/lepatriotebenin.com#author\"},\"publisher\":{\"@id\":\"https:\\\/\\\/lepatriotebenin.com\\\/#organization\"},\"image\":{\"@type\":\"ImageObject\",\"url\":\"https:\\\/\\\/lepatriotebenin.com\\\/wp-content\\\/uploads\\\/2026\\\/07\\\/tula.jpeg\",\"width\":1024,\"height\":683},\"datePublished\":\"2026-07-17T00:34:00+02:00\",\"dateModified\":\"2026-07-17T00:34:00+02:00\",\"inLanguage\":\"fr-FR\",\"mainEntityOfPage\":{\"@id\":\"https:\\\/\\\/lepatriotebenin.com\\\/index.php\\\/2026\\\/07\\\/17\\\/france-le-gouvernement-sanctionne-lunite-russe-turla\\\/#webpage\"},\"isPartOf\":{\"@id\":\"https:\\\/\\\/lepatriotebenin.com\\\/index.php\\\/2026\\\/07\\\/17\\\/france-le-gouvernement-sanctionne-lunite-russe-turla\\\/#webpage\"},\"articleSection\":\"Soci\\u00e9t\\u00e9\"},{\"@type\":\"BreadcrumbList\",\"@id\":\"https:\\\/\\\/lepatriotebenin.com\\\/index.php\\\/2026\\\/07\\\/17\\\/france-le-gouvernement-sanctionne-lunite-russe-turla\\\/#breadcrumblist\",\"itemListElement\":[{\"@type\":\"ListItem\",\"@id\":\"https:\\\/\\\/lepatriotebenin.com#listItem\",\"position\":1,\"name\":\"Home\",\"item\":\"https:\\\/\\\/lepatriotebenin.com\",\"nextItem\":{\"@type\":\"ListItem\",\"@id\":\"https:\\\/\\\/lepatriotebenin.com\\\/index.php\\\/category\\\/societe\\\/#listItem\",\"name\":\"Soci\\u00e9t\\u00e9\"}},{\"@type\":\"ListItem\",\"@id\":\"https:\\\/\\\/lepatriotebenin.com\\\/index.php\\\/category\\\/societe\\\/#listItem\",\"position\":2,\"name\":\"Soci\\u00e9t\\u00e9\",\"item\":\"https:\\\/\\\/lepatriotebenin.com\\\/index.php\\\/category\\\/societe\\\/\",\"nextItem\":{\"@type\":\"ListItem\",\"@id\":\"https:\\\/\\\/lepatriotebenin.com\\\/index.php\\\/2026\\\/07\\\/17\\\/france-le-gouvernement-sanctionne-lunite-russe-turla\\\/#listItem\",\"name\":\"\\u200eFrance : le gouvernement sanctionne l&rsquo;unit\\u00e9 russe \\u00ab Turla \\u00bb\"},\"previousItem\":{\"@type\":\"ListItem\",\"@id\":\"https:\\\/\\\/lepatriotebenin.com#listItem\",\"name\":\"Home\"}},{\"@type\":\"ListItem\",\"@id\":\"https:\\\/\\\/lepatriotebenin.com\\\/index.php\\\/2026\\\/07\\\/17\\\/france-le-gouvernement-sanctionne-lunite-russe-turla\\\/#listItem\",\"position\":3,\"name\":\"\\u200eFrance : le gouvernement sanctionne l&rsquo;unit\\u00e9 russe \\u00ab Turla \\u00bb\",\"previousItem\":{\"@type\":\"ListItem\",\"@id\":\"https:\\\/\\\/lepatriotebenin.com\\\/index.php\\\/category\\\/societe\\\/#listItem\",\"name\":\"Soci\\u00e9t\\u00e9\"}}]},{\"@type\":\"Organization\",\"@id\":\"https:\\\/\\\/lepatriotebenin.com\\\/#organization\",\"name\":\"Le Patriote\",\"description\":\"Le Patriote B\\u00e9nin\",\"url\":\"https:\\\/\\\/lepatriotebenin.com\\\/\"},{\"@type\":\"Person\",\"@id\":\"https:\\\/\\\/lepatriotebenin.com#author\",\"url\":\"https:\\\/\\\/lepatriotebenin.com\",\"name\":\"Redaction\",\"image\":{\"@type\":\"ImageObject\",\"@id\":\"https:\\\/\\\/lepatriotebenin.com\\\/index.php\\\/2026\\\/07\\\/17\\\/france-le-gouvernement-sanctionne-lunite-russe-turla\\\/#authorImage\",\"url\":\"https:\\\/\\\/secure.gravatar.com\\\/avatar\\\/c4c509357859ea2ca2cbb6d8812898a73e4ef1ef9934c2e591d7e32face734d1?s=96&d=mm&r=g\",\"width\":96,\"height\":96,\"caption\":\"Redaction\"}},{\"@type\":\"WebPage\",\"@id\":\"https:\\\/\\\/lepatriotebenin.com\\\/index.php\\\/2026\\\/07\\\/17\\\/france-le-gouvernement-sanctionne-lunite-russe-turla\\\/#webpage\",\"url\":\"https:\\\/\\\/lepatriotebenin.com\\\/index.php\\\/2026\\\/07\\\/17\\\/france-le-gouvernement-sanctionne-lunite-russe-turla\\\/\",\"name\":\"\\u200eFrance : le gouvernement sanctionne l\\u2019unit\\u00e9 russe \\u00ab Turla \\u00bb - Le Patriote\",\"description\":\"Paris hausse le ton contre Moscou apr\\u00e8s avoir attribu\\u00e9 \\u00e0 une unit\\u00e9 d'\\u00e9lite du renseignement russe une vaste campagne de cyberespionnage visant plusieurs institutions fran\\u00e7aises. Des sanctions cibl\\u00e9es ont \\u00e9t\\u00e9 annonc\\u00e9es tandis que l'ambassadeur de Russie sera convoqu\\u00e9 dans les prochains jours. \\u200eLa France a annonc\\u00e9, lundi 13 juillet, une s\\u00e9rie de sanctions contre neuf\",\"inLanguage\":\"fr-FR\",\"isPartOf\":{\"@id\":\"https:\\\/\\\/lepatriotebenin.com\\\/#website\"},\"breadcrumb\":{\"@id\":\"https:\\\/\\\/lepatriotebenin.com\\\/index.php\\\/2026\\\/07\\\/17\\\/france-le-gouvernement-sanctionne-lunite-russe-turla\\\/#breadcrumblist\"},\"author\":{\"@id\":\"https:\\\/\\\/lepatriotebenin.com#author\"},\"creator\":{\"@id\":\"https:\\\/\\\/lepatriotebenin.com#author\"},\"image\":{\"@type\":\"ImageObject\",\"url\":\"https:\\\/\\\/lepatriotebenin.com\\\/wp-content\\\/uploads\\\/2026\\\/07\\\/tula.jpeg\",\"@id\":\"https:\\\/\\\/lepatriotebenin.com\\\/index.php\\\/2026\\\/07\\\/17\\\/france-le-gouvernement-sanctionne-lunite-russe-turla\\\/#mainImage\",\"width\":1024,\"height\":683},\"primaryImageOfPage\":{\"@id\":\"https:\\\/\\\/lepatriotebenin.com\\\/index.php\\\/2026\\\/07\\\/17\\\/france-le-gouvernement-sanctionne-lunite-russe-turla\\\/#mainImage\"},\"datePublished\":\"2026-07-17T00:34:00+02:00\",\"dateModified\":\"2026-07-17T00:34:00+02:00\"},{\"@type\":\"WebSite\",\"@id\":\"https:\\\/\\\/lepatriotebenin.com\\\/#website\",\"url\":\"https:\\\/\\\/lepatriotebenin.com\\\/\",\"name\":\"Le Patriote\",\"description\":\"Le Patriote B\\u00e9nin\",\"inLanguage\":\"fr-FR\",\"publisher\":{\"@id\":\"https:\\\/\\\/lepatriotebenin.com\\\/#organization\"}}]}\n\t\t<\/script>\n\t\t<!-- All in One SEO -->\n\n","aioseo_head_json":{"title":"\u200eFrance : le gouvernement sanctionne l\u2019unit\u00e9 russe \u00ab Turla \u00bb - Le Patriote","description":"Paris hausse le ton contre Moscou apr\u00e8s avoir attribu\u00e9 \u00e0 une unit\u00e9 d'\u00e9lite du renseignement russe une vaste campagne de cyberespionnage visant plusieurs institutions fran\u00e7aises. Des sanctions cibl\u00e9es ont \u00e9t\u00e9 annonc\u00e9es tandis que l'ambassadeur de Russie sera convoqu\u00e9 dans les prochains jours. \u200eLa France a annonc\u00e9, lundi 13 juillet, une s\u00e9rie de sanctions contre neuf","canonical_url":"https:\/\/lepatriotebenin.com\/index.php\/2026\/07\/17\/france-le-gouvernement-sanctionne-lunite-russe-turla\/","robots":"max-image-preview:large","keywords":"","webmasterTools":{"miscellaneous":""},"schema":{"@context":"https:\/\/schema.org","@graph":[{"@type":"BlogPosting","@id":"https:\/\/lepatriotebenin.com\/index.php\/2026\/07\/17\/france-le-gouvernement-sanctionne-lunite-russe-turla\/#blogposting","name":"\u200eFrance : le gouvernement sanctionne l\u2019unit\u00e9 russe \u00ab Turla \u00bb - Le Patriote","headline":"\u200eFrance : le gouvernement sanctionne l&rsquo;unit\u00e9 russe \u00ab Turla \u00bb","author":{"@id":"https:\/\/lepatriotebenin.com#author"},"publisher":{"@id":"https:\/\/lepatriotebenin.com\/#organization"},"image":{"@type":"ImageObject","url":"https:\/\/lepatriotebenin.com\/wp-content\/uploads\/2026\/07\/tula.jpeg","width":1024,"height":683},"datePublished":"2026-07-17T00:34:00+02:00","dateModified":"2026-07-17T00:34:00+02:00","inLanguage":"fr-FR","mainEntityOfPage":{"@id":"https:\/\/lepatriotebenin.com\/index.php\/2026\/07\/17\/france-le-gouvernement-sanctionne-lunite-russe-turla\/#webpage"},"isPartOf":{"@id":"https:\/\/lepatriotebenin.com\/index.php\/2026\/07\/17\/france-le-gouvernement-sanctionne-lunite-russe-turla\/#webpage"},"articleSection":"Soci\u00e9t\u00e9"},{"@type":"BreadcrumbList","@id":"https:\/\/lepatriotebenin.com\/index.php\/2026\/07\/17\/france-le-gouvernement-sanctionne-lunite-russe-turla\/#breadcrumblist","itemListElement":[{"@type":"ListItem","@id":"https:\/\/lepatriotebenin.com#listItem","position":1,"name":"Home","item":"https:\/\/lepatriotebenin.com","nextItem":{"@type":"ListItem","@id":"https:\/\/lepatriotebenin.com\/index.php\/category\/societe\/#listItem","name":"Soci\u00e9t\u00e9"}},{"@type":"ListItem","@id":"https:\/\/lepatriotebenin.com\/index.php\/category\/societe\/#listItem","position":2,"name":"Soci\u00e9t\u00e9","item":"https:\/\/lepatriotebenin.com\/index.php\/category\/societe\/","nextItem":{"@type":"ListItem","@id":"https:\/\/lepatriotebenin.com\/index.php\/2026\/07\/17\/france-le-gouvernement-sanctionne-lunite-russe-turla\/#listItem","name":"\u200eFrance : le gouvernement sanctionne l&rsquo;unit\u00e9 russe \u00ab Turla \u00bb"},"previousItem":{"@type":"ListItem","@id":"https:\/\/lepatriotebenin.com#listItem","name":"Home"}},{"@type":"ListItem","@id":"https:\/\/lepatriotebenin.com\/index.php\/2026\/07\/17\/france-le-gouvernement-sanctionne-lunite-russe-turla\/#listItem","position":3,"name":"\u200eFrance : le gouvernement sanctionne l&rsquo;unit\u00e9 russe \u00ab Turla \u00bb","previousItem":{"@type":"ListItem","@id":"https:\/\/lepatriotebenin.com\/index.php\/category\/societe\/#listItem","name":"Soci\u00e9t\u00e9"}}]},{"@type":"Organization","@id":"https:\/\/lepatriotebenin.com\/#organization","name":"Le Patriote","description":"Le Patriote B\u00e9nin","url":"https:\/\/lepatriotebenin.com\/"},{"@type":"Person","@id":"https:\/\/lepatriotebenin.com#author","url":"https:\/\/lepatriotebenin.com","name":"Redaction","image":{"@type":"ImageObject","@id":"https:\/\/lepatriotebenin.com\/index.php\/2026\/07\/17\/france-le-gouvernement-sanctionne-lunite-russe-turla\/#authorImage","url":"https:\/\/secure.gravatar.com\/avatar\/c4c509357859ea2ca2cbb6d8812898a73e4ef1ef9934c2e591d7e32face734d1?s=96&d=mm&r=g","width":96,"height":96,"caption":"Redaction"}},{"@type":"WebPage","@id":"https:\/\/lepatriotebenin.com\/index.php\/2026\/07\/17\/france-le-gouvernement-sanctionne-lunite-russe-turla\/#webpage","url":"https:\/\/lepatriotebenin.com\/index.php\/2026\/07\/17\/france-le-gouvernement-sanctionne-lunite-russe-turla\/","name":"\u200eFrance : le gouvernement sanctionne l\u2019unit\u00e9 russe \u00ab Turla \u00bb - Le Patriote","description":"Paris hausse le ton contre Moscou apr\u00e8s avoir attribu\u00e9 \u00e0 une unit\u00e9 d'\u00e9lite du renseignement russe une vaste campagne de cyberespionnage visant plusieurs institutions fran\u00e7aises. Des sanctions cibl\u00e9es ont \u00e9t\u00e9 annonc\u00e9es tandis que l'ambassadeur de Russie sera convoqu\u00e9 dans les prochains jours. \u200eLa France a annonc\u00e9, lundi 13 juillet, une s\u00e9rie de sanctions contre neuf","inLanguage":"fr-FR","isPartOf":{"@id":"https:\/\/lepatriotebenin.com\/#website"},"breadcrumb":{"@id":"https:\/\/lepatriotebenin.com\/index.php\/2026\/07\/17\/france-le-gouvernement-sanctionne-lunite-russe-turla\/#breadcrumblist"},"author":{"@id":"https:\/\/lepatriotebenin.com#author"},"creator":{"@id":"https:\/\/lepatriotebenin.com#author"},"image":{"@type":"ImageObject","url":"https:\/\/lepatriotebenin.com\/wp-content\/uploads\/2026\/07\/tula.jpeg","@id":"https:\/\/lepatriotebenin.com\/index.php\/2026\/07\/17\/france-le-gouvernement-sanctionne-lunite-russe-turla\/#mainImage","width":1024,"height":683},"primaryImageOfPage":{"@id":"https:\/\/lepatriotebenin.com\/index.php\/2026\/07\/17\/france-le-gouvernement-sanctionne-lunite-russe-turla\/#mainImage"},"datePublished":"2026-07-17T00:34:00+02:00","dateModified":"2026-07-17T00:34:00+02:00"},{"@type":"WebSite","@id":"https:\/\/lepatriotebenin.com\/#website","url":"https:\/\/lepatriotebenin.com\/","name":"Le Patriote","description":"Le Patriote B\u00e9nin","inLanguage":"fr-FR","publisher":{"@id":"https:\/\/lepatriotebenin.com\/#organization"}}]},"og:locale":"fr_FR","og:site_name":"Le Patriote - Le Patriote B\u00e9nin","og:type":"article","og:title":"\u200eFrance : le gouvernement sanctionne l\u2019unit\u00e9 russe \u00ab Turla \u00bb - Le Patriote","og:description":"Paris hausse le ton contre Moscou apr\u00e8s avoir attribu\u00e9 \u00e0 une unit\u00e9 d'\u00e9lite du renseignement russe une vaste campagne de cyberespionnage visant plusieurs institutions fran\u00e7aises. Des sanctions cibl\u00e9es ont \u00e9t\u00e9 annonc\u00e9es tandis que l'ambassadeur de Russie sera convoqu\u00e9 dans les prochains jours. \u200eLa France a annonc\u00e9, lundi 13 juillet, une s\u00e9rie de sanctions contre neuf","og:url":"https:\/\/lepatriotebenin.com\/index.php\/2026\/07\/17\/france-le-gouvernement-sanctionne-lunite-russe-turla\/","article:published_time":"2026-07-16T22:34:00+00:00","article:modified_time":"2026-07-16T22:34:00+00:00","twitter:card":"summary_large_image","twitter:title":"\u200eFrance : le gouvernement sanctionne l\u2019unit\u00e9 russe \u00ab Turla \u00bb - Le Patriote","twitter:description":"Paris hausse le ton contre Moscou apr\u00e8s avoir attribu\u00e9 \u00e0 une unit\u00e9 d'\u00e9lite du renseignement russe une vaste campagne de cyberespionnage visant plusieurs institutions fran\u00e7aises. Des sanctions cibl\u00e9es ont \u00e9t\u00e9 annonc\u00e9es tandis que l'ambassadeur de Russie sera convoqu\u00e9 dans les prochains jours. \u200eLa France a annonc\u00e9, lundi 13 juillet, une s\u00e9rie de sanctions contre neuf"},"aioseo_meta_data":{"post_id":"21729","title":null,"description":null,"keywords":null,"keyphrases":{"focus":{"keyphrase":"","score":0,"analysis":{"keyphraseInTitle":{"score":0,"maxScore":9,"error":1}}},"additional":[]},"primary_term":null,"canonical_url":null,"og_title":null,"og_description":null,"og_object_type":"default","og_image_type":"default","og_image_url":null,"og_image_width":null,"og_image_height":null,"og_image_custom_url":null,"og_image_custom_fields":null,"og_video":"","og_custom_url":null,"og_article_section":null,"og_article_tags":null,"twitter_use_og":false,"twitter_card":"default","twitter_image_type":"default","twitter_image_url":null,"twitter_image_custom_url":null,"twitter_image_custom_fields":null,"twitter_title":null,"twitter_description":null,"schema":{"blockGraphs":[],"customGraphs":[],"default":{"data":{"Article":[],"Course":[],"Dataset":[],"FAQPage":[],"Movie":[],"Person":[],"Product":[],"ProductReview":[],"Car":[],"Recipe":[],"Service":[],"SoftwareApplication":[],"WebPage":[]},"graphName":"BlogPosting","isEnabled":true},"graphs":[]},"schema_type":"default","schema_type_options":null,"pillar_content":false,"robots_default":true,"robots_noindex":false,"robots_noarchive":false,"robots_nosnippet":false,"robots_nofollow":false,"robots_noimageindex":false,"robots_noodp":false,"robots_notranslate":false,"robots_max_snippet":"-1","robots_max_videopreview":"-1","robots_max_imagepreview":"large","priority":null,"frequency":"default","local_seo":null,"breadcrumb_settings":null,"limit_modified_date":false,"ai":{"faqs":[],"keyPoints":[],"schemas":[],"titles":[],"descriptions":[],"socialPosts":{"email":{"subject":"","preview":"","content":""},"linkedin":[],"twitter":[],"facebook":[],"instagram":[]}},"created":"2026-07-16 22:34:01","updated":"2026-07-16 22:56:07","seo_analyzer_scan_date":null,"focus_keyword":null,"additional_keywords":null,"truseo_locale":null},"aioseo_breadcrumb":"<div class=\"aioseo-breadcrumbs\"><span class=\"aioseo-breadcrumb\">\n\t\t\t<a href=\"https:\/\/lepatriotebenin.com\" title=\"Home\">Home<\/a>\n\t\t<\/span><span class=\"aioseo-breadcrumb-separator\">&raquo;<\/span><span class=\"aioseo-breadcrumb\">\n\t\t\t<a href=\"https:\/\/lepatriotebenin.com\/index.php\/category\/societe\/\" title=\"Soci\u00e9t\u00e9\">Soci\u00e9t\u00e9<\/a>\n\t\t<\/span><span class=\"aioseo-breadcrumb-separator\">&raquo;<\/span><span class=\"aioseo-breadcrumb\">\n\t\t\t\u200eFrance : le gouvernement sanctionne l\u2019unit\u00e9 russe \u00ab Turla \u00bb\n\t\t<\/span><\/div>","aioseo_breadcrumb_json":[{"label":"Home","link":"https:\/\/lepatriotebenin.com"},{"label":"Soci\u00e9t\u00e9","link":"https:\/\/lepatriotebenin.com\/index.php\/category\/societe\/"},{"label":"\u200eFrance : le gouvernement sanctionne l&rsquo;unit\u00e9 russe \u00ab Turla \u00bb","link":"https:\/\/lepatriotebenin.com\/index.php\/2026\/07\/17\/france-le-gouvernement-sanctionne-lunite-russe-turla\/"}],"yoast_head":"<!-- This site is optimized with the Yoast SEO plugin v28.3 - https:\/\/yoast.com\/product\/yoast-seo-wordpress\/ -->\n<title>\u200eFrance : le gouvernement sanctionne l&#039;unit\u00e9 russe \u00ab Turla \u00bb - Le Patriote<\/title>\n<meta name=\"robots\" content=\"index, follow, max-snippet:-1, max-image-preview:large, max-video-preview:-1\" \/>\n<link rel=\"canonical\" href=\"https:\/\/lepatriotebenin.com\/index.php\/2026\/07\/17\/france-le-gouvernement-sanctionne-lunite-russe-turla\/\" \/>\n<meta property=\"og:locale\" content=\"fr_FR\" \/>\n<meta property=\"og:type\" content=\"article\" \/>\n<meta property=\"og:title\" content=\"\u200eFrance : le gouvernement sanctionne l&#039;unit\u00e9 russe \u00ab Turla \u00bb - Le Patriote\" \/>\n<meta property=\"og:description\" content=\"Paris hausse le ton contre Moscou apr\u00e8s avoir attribu\u00e9 \u00e0 une unit\u00e9 d&rsquo;\u00e9lite du renseignement russe une vaste campagne de cyberespionnage visant plusieurs institutions fran\u00e7aises. Des sanctions cibl\u00e9es ont \u00e9t\u00e9&hellip;\" \/>\n<meta property=\"og:url\" content=\"https:\/\/lepatriotebenin.com\/index.php\/2026\/07\/17\/france-le-gouvernement-sanctionne-lunite-russe-turla\/\" \/>\n<meta property=\"og:site_name\" content=\"Le Patriote\" \/>\n<meta property=\"article:published_time\" content=\"2026-07-16T22:34:00+00:00\" \/>\n<meta property=\"og:image\" content=\"https:\/\/lepatriotebenin.com\/wp-content\/uploads\/2026\/07\/tula.jpeg\" \/>\n\t<meta property=\"og:image:width\" content=\"1024\" \/>\n\t<meta property=\"og:image:height\" content=\"683\" \/>\n\t<meta property=\"og:image:type\" content=\"image\/jpeg\" \/>\n<meta name=\"author\" content=\"Redaction\" \/>\n<meta name=\"twitter:card\" content=\"summary_large_image\" \/>\n<meta name=\"twitter:label1\" content=\"\u00c9crit par\" \/>\n\t<meta name=\"twitter:data1\" content=\"Redaction\" \/>\n\t<meta name=\"twitter:label2\" content=\"Dur\u00e9e de lecture estim\u00e9e\" \/>\n\t<meta name=\"twitter:data2\" content=\"2 minutes\" \/>\n<script type=\"application\/ld+json\" class=\"yoast-schema-graph\">{\"@context\":\"https:\\\/\\\/schema.org\",\"@graph\":[{\"@type\":\"Article\",\"@id\":\"https:\\\/\\\/lepatriotebenin.com\\\/index.php\\\/2026\\\/07\\\/17\\\/france-le-gouvernement-sanctionne-lunite-russe-turla\\\/#article\",\"isPartOf\":{\"@id\":\"https:\\\/\\\/lepatriotebenin.com\\\/index.php\\\/2026\\\/07\\\/17\\\/france-le-gouvernement-sanctionne-lunite-russe-turla\\\/\"},\"author\":{\"name\":\"Redaction\",\"@id\":\"https:\\\/\\\/lepatriotebenin.com\\\/#\\\/schema\\\/person\\\/2e7709b9c9cc313e452d1136af61690f\"},\"headline\":\"\u200eFrance : le gouvernement sanctionne l&rsquo;unit\u00e9 russe \u00ab Turla \u00bb\",\"datePublished\":\"2026-07-16T22:34:00+00:00\",\"mainEntityOfPage\":{\"@id\":\"https:\\\/\\\/lepatriotebenin.com\\\/index.php\\\/2026\\\/07\\\/17\\\/france-le-gouvernement-sanctionne-lunite-russe-turla\\\/\"},\"wordCount\":351,\"commentCount\":0,\"image\":{\"@id\":\"https:\\\/\\\/lepatriotebenin.com\\\/index.php\\\/2026\\\/07\\\/17\\\/france-le-gouvernement-sanctionne-lunite-russe-turla\\\/#primaryimage\"},\"thumbnailUrl\":\"https:\\\/\\\/lepatriotebenin.com\\\/wp-content\\\/uploads\\\/2026\\\/07\\\/tula.jpeg\",\"articleSection\":[\"Soci\u00e9t\u00e9\"],\"inLanguage\":\"fr-FR\",\"potentialAction\":[{\"@type\":\"CommentAction\",\"name\":\"Comment\",\"target\":[\"https:\\\/\\\/lepatriotebenin.com\\\/index.php\\\/2026\\\/07\\\/17\\\/france-le-gouvernement-sanctionne-lunite-russe-turla\\\/#respond\"]}]},{\"@type\":\"WebPage\",\"@id\":\"https:\\\/\\\/lepatriotebenin.com\\\/index.php\\\/2026\\\/07\\\/17\\\/france-le-gouvernement-sanctionne-lunite-russe-turla\\\/\",\"url\":\"https:\\\/\\\/lepatriotebenin.com\\\/index.php\\\/2026\\\/07\\\/17\\\/france-le-gouvernement-sanctionne-lunite-russe-turla\\\/\",\"name\":\"\u200eFrance : le gouvernement sanctionne l'unit\u00e9 russe \u00ab Turla \u00bb - Le Patriote\",\"isPartOf\":{\"@id\":\"https:\\\/\\\/lepatriotebenin.com\\\/#website\"},\"primaryImageOfPage\":{\"@id\":\"https:\\\/\\\/lepatriotebenin.com\\\/index.php\\\/2026\\\/07\\\/17\\\/france-le-gouvernement-sanctionne-lunite-russe-turla\\\/#primaryimage\"},\"image\":{\"@id\":\"https:\\\/\\\/lepatriotebenin.com\\\/index.php\\\/2026\\\/07\\\/17\\\/france-le-gouvernement-sanctionne-lunite-russe-turla\\\/#primaryimage\"},\"thumbnailUrl\":\"https:\\\/\\\/lepatriotebenin.com\\\/wp-content\\\/uploads\\\/2026\\\/07\\\/tula.jpeg\",\"datePublished\":\"2026-07-16T22:34:00+00:00\",\"author\":{\"@id\":\"https:\\\/\\\/lepatriotebenin.com\\\/#\\\/schema\\\/person\\\/2e7709b9c9cc313e452d1136af61690f\"},\"breadcrumb\":{\"@id\":\"https:\\\/\\\/lepatriotebenin.com\\\/index.php\\\/2026\\\/07\\\/17\\\/france-le-gouvernement-sanctionne-lunite-russe-turla\\\/#breadcrumb\"},\"inLanguage\":\"fr-FR\",\"potentialAction\":[{\"@type\":\"ReadAction\",\"target\":[\"https:\\\/\\\/lepatriotebenin.com\\\/index.php\\\/2026\\\/07\\\/17\\\/france-le-gouvernement-sanctionne-lunite-russe-turla\\\/\"]}]},{\"@type\":\"ImageObject\",\"inLanguage\":\"fr-FR\",\"@id\":\"https:\\\/\\\/lepatriotebenin.com\\\/index.php\\\/2026\\\/07\\\/17\\\/france-le-gouvernement-sanctionne-lunite-russe-turla\\\/#primaryimage\",\"url\":\"https:\\\/\\\/lepatriotebenin.com\\\/wp-content\\\/uploads\\\/2026\\\/07\\\/tula.jpeg\",\"contentUrl\":\"https:\\\/\\\/lepatriotebenin.com\\\/wp-content\\\/uploads\\\/2026\\\/07\\\/tula.jpeg\",\"width\":1024,\"height\":683},{\"@type\":\"BreadcrumbList\",\"@id\":\"https:\\\/\\\/lepatriotebenin.com\\\/index.php\\\/2026\\\/07\\\/17\\\/france-le-gouvernement-sanctionne-lunite-russe-turla\\\/#breadcrumb\",\"itemListElement\":[{\"@type\":\"ListItem\",\"position\":1,\"name\":\"Accueil\",\"item\":\"https:\\\/\\\/lepatriotebenin.com\\\/\"},{\"@type\":\"ListItem\",\"position\":2,\"name\":\"\u200eFrance : le gouvernement sanctionne l&rsquo;unit\u00e9 russe \u00ab Turla \u00bb\"}]},{\"@type\":\"WebSite\",\"@id\":\"https:\\\/\\\/lepatriotebenin.com\\\/#website\",\"url\":\"https:\\\/\\\/lepatriotebenin.com\\\/\",\"name\":\"Le Patriote\",\"description\":\"Le Patriote B\u00e9nin\",\"potentialAction\":[{\"@type\":\"SearchAction\",\"target\":{\"@type\":\"EntryPoint\",\"urlTemplate\":\"https:\\\/\\\/lepatriotebenin.com\\\/?s={search_term_string}\"},\"query-input\":{\"@type\":\"PropertyValueSpecification\",\"valueRequired\":true,\"valueName\":\"search_term_string\"}}],\"inLanguage\":\"fr-FR\"},{\"@type\":\"Person\",\"@id\":\"https:\\\/\\\/lepatriotebenin.com\\\/#\\\/schema\\\/person\\\/2e7709b9c9cc313e452d1136af61690f\",\"name\":\"Redaction\",\"image\":{\"@type\":\"ImageObject\",\"inLanguage\":\"fr-FR\",\"@id\":\"https:\\\/\\\/secure.gravatar.com\\\/avatar\\\/c4c509357859ea2ca2cbb6d8812898a73e4ef1ef9934c2e591d7e32face734d1?s=96&d=mm&r=g\",\"url\":\"https:\\\/\\\/secure.gravatar.com\\\/avatar\\\/c4c509357859ea2ca2cbb6d8812898a73e4ef1ef9934c2e591d7e32face734d1?s=96&d=mm&r=g\",\"contentUrl\":\"https:\\\/\\\/secure.gravatar.com\\\/avatar\\\/c4c509357859ea2ca2cbb6d8812898a73e4ef1ef9934c2e591d7e32face734d1?s=96&d=mm&r=g\",\"caption\":\"Redaction\"},\"url\":\"https:\\\/\\\/lepatriotebenin.com\"}]}<\/script>\n<!-- \/ Yoast SEO plugin. -->","yoast_head_json":{"title":"\u200eFrance : le gouvernement sanctionne l'unit\u00e9 russe \u00ab Turla \u00bb - Le Patriote","robots":{"index":"index","follow":"follow","max-snippet":"max-snippet:-1","max-image-preview":"max-image-preview:large","max-video-preview":"max-video-preview:-1"},"canonical":"https:\/\/lepatriotebenin.com\/index.php\/2026\/07\/17\/france-le-gouvernement-sanctionne-lunite-russe-turla\/","og_locale":"fr_FR","og_type":"article","og_title":"\u200eFrance : le gouvernement sanctionne l'unit\u00e9 russe \u00ab Turla \u00bb - Le Patriote","og_description":"Paris hausse le ton contre Moscou apr\u00e8s avoir attribu\u00e9 \u00e0 une unit\u00e9 d&rsquo;\u00e9lite du renseignement russe une vaste campagne de cyberespionnage visant plusieurs institutions fran\u00e7aises. Des sanctions cibl\u00e9es ont \u00e9t\u00e9&hellip;","og_url":"https:\/\/lepatriotebenin.com\/index.php\/2026\/07\/17\/france-le-gouvernement-sanctionne-lunite-russe-turla\/","og_site_name":"Le Patriote","article_published_time":"2026-07-16T22:34:00+00:00","og_image":[{"width":1024,"height":683,"url":"https:\/\/lepatriotebenin.com\/wp-content\/uploads\/2026\/07\/tula.jpeg","type":"image\/jpeg"}],"author":"Redaction","twitter_card":"summary_large_image","twitter_misc":{"\u00c9crit par":"Redaction","Dur\u00e9e de lecture estim\u00e9e":"2 minutes"},"schema":{"@context":"https:\/\/schema.org","@graph":[{"@type":"Article","@id":"https:\/\/lepatriotebenin.com\/index.php\/2026\/07\/17\/france-le-gouvernement-sanctionne-lunite-russe-turla\/#article","isPartOf":{"@id":"https:\/\/lepatriotebenin.com\/index.php\/2026\/07\/17\/france-le-gouvernement-sanctionne-lunite-russe-turla\/"},"author":{"name":"Redaction","@id":"https:\/\/lepatriotebenin.com\/#\/schema\/person\/2e7709b9c9cc313e452d1136af61690f"},"headline":"\u200eFrance : le gouvernement sanctionne l&rsquo;unit\u00e9 russe \u00ab Turla \u00bb","datePublished":"2026-07-16T22:34:00+00:00","mainEntityOfPage":{"@id":"https:\/\/lepatriotebenin.com\/index.php\/2026\/07\/17\/france-le-gouvernement-sanctionne-lunite-russe-turla\/"},"wordCount":351,"commentCount":0,"image":{"@id":"https:\/\/lepatriotebenin.com\/index.php\/2026\/07\/17\/france-le-gouvernement-sanctionne-lunite-russe-turla\/#primaryimage"},"thumbnailUrl":"https:\/\/lepatriotebenin.com\/wp-content\/uploads\/2026\/07\/tula.jpeg","articleSection":["Soci\u00e9t\u00e9"],"inLanguage":"fr-FR","potentialAction":[{"@type":"CommentAction","name":"Comment","target":["https:\/\/lepatriotebenin.com\/index.php\/2026\/07\/17\/france-le-gouvernement-sanctionne-lunite-russe-turla\/#respond"]}]},{"@type":"WebPage","@id":"https:\/\/lepatriotebenin.com\/index.php\/2026\/07\/17\/france-le-gouvernement-sanctionne-lunite-russe-turla\/","url":"https:\/\/lepatriotebenin.com\/index.php\/2026\/07\/17\/france-le-gouvernement-sanctionne-lunite-russe-turla\/","name":"\u200eFrance : le gouvernement sanctionne l'unit\u00e9 russe \u00ab Turla \u00bb - Le Patriote","isPartOf":{"@id":"https:\/\/lepatriotebenin.com\/#website"},"primaryImageOfPage":{"@id":"https:\/\/lepatriotebenin.com\/index.php\/2026\/07\/17\/france-le-gouvernement-sanctionne-lunite-russe-turla\/#primaryimage"},"image":{"@id":"https:\/\/lepatriotebenin.com\/index.php\/2026\/07\/17\/france-le-gouvernement-sanctionne-lunite-russe-turla\/#primaryimage"},"thumbnailUrl":"https:\/\/lepatriotebenin.com\/wp-content\/uploads\/2026\/07\/tula.jpeg","datePublished":"2026-07-16T22:34:00+00:00","author":{"@id":"https:\/\/lepatriotebenin.com\/#\/schema\/person\/2e7709b9c9cc313e452d1136af61690f"},"breadcrumb":{"@id":"https:\/\/lepatriotebenin.com\/index.php\/2026\/07\/17\/france-le-gouvernement-sanctionne-lunite-russe-turla\/#breadcrumb"},"inLanguage":"fr-FR","potentialAction":[{"@type":"ReadAction","target":["https:\/\/lepatriotebenin.com\/index.php\/2026\/07\/17\/france-le-gouvernement-sanctionne-lunite-russe-turla\/"]}]},{"@type":"ImageObject","inLanguage":"fr-FR","@id":"https:\/\/lepatriotebenin.com\/index.php\/2026\/07\/17\/france-le-gouvernement-sanctionne-lunite-russe-turla\/#primaryimage","url":"https:\/\/lepatriotebenin.com\/wp-content\/uploads\/2026\/07\/tula.jpeg","contentUrl":"https:\/\/lepatriotebenin.com\/wp-content\/uploads\/2026\/07\/tula.jpeg","width":1024,"height":683},{"@type":"BreadcrumbList","@id":"https:\/\/lepatriotebenin.com\/index.php\/2026\/07\/17\/france-le-gouvernement-sanctionne-lunite-russe-turla\/#breadcrumb","itemListElement":[{"@type":"ListItem","position":1,"name":"Accueil","item":"https:\/\/lepatriotebenin.com\/"},{"@type":"ListItem","position":2,"name":"\u200eFrance : le gouvernement sanctionne l&rsquo;unit\u00e9 russe \u00ab Turla \u00bb"}]},{"@type":"WebSite","@id":"https:\/\/lepatriotebenin.com\/#website","url":"https:\/\/lepatriotebenin.com\/","name":"Le Patriote","description":"Le Patriote B\u00e9nin","potentialAction":[{"@type":"SearchAction","target":{"@type":"EntryPoint","urlTemplate":"https:\/\/lepatriotebenin.com\/?s={search_term_string}"},"query-input":{"@type":"PropertyValueSpecification","valueRequired":true,"valueName":"search_term_string"}}],"inLanguage":"fr-FR"},{"@type":"Person","@id":"https:\/\/lepatriotebenin.com\/#\/schema\/person\/2e7709b9c9cc313e452d1136af61690f","name":"Redaction","image":{"@type":"ImageObject","inLanguage":"fr-FR","@id":"https:\/\/secure.gravatar.com\/avatar\/c4c509357859ea2ca2cbb6d8812898a73e4ef1ef9934c2e591d7e32face734d1?s=96&d=mm&r=g","url":"https:\/\/secure.gravatar.com\/avatar\/c4c509357859ea2ca2cbb6d8812898a73e4ef1ef9934c2e591d7e32face734d1?s=96&d=mm&r=g","contentUrl":"https:\/\/secure.gravatar.com\/avatar\/c4c509357859ea2ca2cbb6d8812898a73e4ef1ef9934c2e591d7e32face734d1?s=96&d=mm&r=g","caption":"Redaction"},"url":"https:\/\/lepatriotebenin.com"}]}},"_links":{"self":[{"href":"https:\/\/lepatriotebenin.com\/index.php\/wp-json\/wp\/v2\/posts\/21729","targetHints":{"allow":["GET"]}}],"collection":[{"href":"https:\/\/lepatriotebenin.com\/index.php\/wp-json\/wp\/v2\/posts"}],"about":[{"href":"https:\/\/lepatriotebenin.com\/index.php\/wp-json\/wp\/v2\/types\/post"}],"author":[{"embeddable":true,"href":"https:\/\/lepatriotebenin.com\/index.php\/wp-json\/wp\/v2\/users\/5"}],"replies":[{"embeddable":true,"href":"https:\/\/lepatriotebenin.com\/index.php\/wp-json\/wp\/v2\/comments?post=21729"}],"version-history":[{"count":1,"href":"https:\/\/lepatriotebenin.com\/index.php\/wp-json\/wp\/v2\/posts\/21729\/revisions"}],"predecessor-version":[{"id":21731,"href":"https:\/\/lepatriotebenin.com\/index.php\/wp-json\/wp\/v2\/posts\/21729\/revisions\/21731"}],"wp:featuredmedia":[{"embeddable":true,"href":"https:\/\/lepatriotebenin.com\/index.php\/wp-json\/wp\/v2\/media\/21730"}],"wp:attachment":[{"href":"https:\/\/lepatriotebenin.com\/index.php\/wp-json\/wp\/v2\/media?parent=21729"}],"wp:term":[{"taxonomy":"category","embeddable":true,"href":"https:\/\/lepatriotebenin.com\/index.php\/wp-json\/wp\/v2\/categories?post=21729"},{"taxonomy":"post_tag","embeddable":true,"href":"https:\/\/lepatriotebenin.com\/index.php\/wp-json\/wp\/v2\/tags?post=21729"}],"curies":[{"name":"wp","href":"https:\/\/api.w.org\/{rel}","templated":true}]}}