{"id":21723,"date":"2026-07-16T22:52:33","date_gmt":"2026-07-16T20:52:33","guid":{"rendered":"https:\/\/lepatriotebenin.com\/?p=21723"},"modified":"2026-07-16T22:52:33","modified_gmt":"2026-07-16T20:52:33","slug":"grace-presidentielle-la-mise-en-garde-de-yvon-detchenou-aux-demarcheurs-frauduleux","status":"publish","type":"post","link":"https:\/\/lepatriotebenin.com\/index.php\/2026\/07\/16\/grace-presidentielle-la-mise-en-garde-de-yvon-detchenou-aux-demarcheurs-frauduleux\/","title":{"rendered":"Gr\u00e2ce Pr\u00e9sidentielle : La mise en garde de Yvon D\u00e9tch\u00e9nou aux d\u00e9marcheurs frauduleux"},"content":{"rendered":"<p>Dans un communiqu\u00e9, le ministre de la Justice, Yvon D\u00e9tch\u00e9nou menace de r\u00e9primer toute exigence financi\u00e8re pour la gr\u00e2ce pr\u00e9sidentielle et les mesures d&rsquo;am\u00e9nagement de peine. Par ailleurs, il exhorte les populations \u00e0 la plus grande vigilance<\/p>\n<p><img fetchpriority=\"high\" decoding=\"async\" class=\"alignnone size-medium wp-image-21724\" src=\"https:\/\/lepatriotebenin.com\/wp-content\/uploads\/2026\/07\/grace-213x300.jpeg\" alt=\"\" width=\"213\" height=\"300\" srcset=\"https:\/\/lepatriotebenin.com\/wp-content\/uploads\/2026\/07\/grace-213x300.jpeg 213w, https:\/\/lepatriotebenin.com\/wp-content\/uploads\/2026\/07\/grace-585x824.jpeg 585w, https:\/\/lepatriotebenin.com\/wp-content\/uploads\/2026\/07\/grace.jpeg 720w\" sizes=\"(max-width: 213px) 100vw, 213px\" \/><\/p>\n","protected":false},"excerpt":{"rendered":"<p>Dans un communiqu\u00e9, le ministre de la Justice, Yvon D\u00e9tch\u00e9nou menace de r\u00e9primer toute exigence financi\u00e8re pour la gr\u00e2ce pr\u00e9sidentielle et les mesures d&rsquo;am\u00e9nagement de peine. Par ailleurs, il exhorte&hellip;<\/p>\n","protected":false},"author":5,"featured_media":21534,"comment_status":"open","ping_status":"open","sticky":false,"template":"","format":"standard","meta":{"content-type":"","om_disable_all_campaigns":false,"_monsterinsights_skip_tracking":false,"_uf_show_specific_survey":0,"_uf_disable_surveys":false,"footnotes":""},"categories":[26],"tags":[],"class_list":["post-21723","post","type-post","status-publish","format-standard","has-post-thumbnail","hentry","category-politique"],"aioseo_notices":[],"aioseo_head":"\n\t\t<!-- All in One SEO 5.0.1.1 - aioseo.com -->\n\t<meta name=\"description\" content=\"Dans un communiqu\u00e9, le ministre de la Justice, Yvon D\u00e9tch\u00e9nou menace de r\u00e9primer toute exigence financi\u00e8re pour la gr\u00e2ce pr\u00e9sidentielle et les mesures d&#039;am\u00e9nagement de peine. Par ailleurs, il exhorte les populations \u00e0 la plus grande vigilance\" \/>\n\t<meta name=\"robots\" content=\"max-image-preview:large\" \/>\n\t<meta name=\"author\" content=\"Redaction\"\/>\n\t<link rel=\"canonical\" href=\"https:\/\/lepatriotebenin.com\/index.php\/2026\/07\/16\/grace-presidentielle-la-mise-en-garde-de-yvon-detchenou-aux-demarcheurs-frauduleux\/\" \/>\n\t<meta name=\"generator\" content=\"All in One SEO (AIOSEO) 5.0.1.1\" \/>\n\t\t<meta property=\"og:locale\" content=\"fr_FR\" \/>\n\t\t<meta property=\"og:site_name\" content=\"Le Patriote - Le Patriote B\u00e9nin\" \/>\n\t\t<meta property=\"og:type\" content=\"article\" \/>\n\t\t<meta property=\"og:title\" content=\"Gr\u00e2ce Pr\u00e9sidentielle : La mise en garde de Yvon D\u00e9tch\u00e9nou aux d\u00e9marcheurs frauduleux - Le Patriote\" \/>\n\t\t<meta property=\"og:description\" content=\"Dans un communiqu\u00e9, le ministre de la Justice, Yvon D\u00e9tch\u00e9nou menace de r\u00e9primer toute exigence financi\u00e8re pour la gr\u00e2ce pr\u00e9sidentielle et les mesures d&#039;am\u00e9nagement de peine. Par ailleurs, il exhorte les populations \u00e0 la plus grande vigilance\" \/>\n\t\t<meta property=\"og:url\" content=\"https:\/\/lepatriotebenin.com\/index.php\/2026\/07\/16\/grace-presidentielle-la-mise-en-garde-de-yvon-detchenou-aux-demarcheurs-frauduleux\/\" \/>\n\t\t<meta property=\"article:published_time\" content=\"2026-07-16T20:52:33+00:00\" \/>\n\t\t<meta property=\"article:modified_time\" content=\"2026-07-16T20:52:33+00:00\" \/>\n\t\t<meta name=\"twitter:card\" content=\"summary_large_image\" \/>\n\t\t<meta name=\"twitter:title\" content=\"Gr\u00e2ce Pr\u00e9sidentielle : La mise en garde de Yvon D\u00e9tch\u00e9nou aux d\u00e9marcheurs frauduleux - Le Patriote\" \/>\n\t\t<meta name=\"twitter:description\" content=\"Dans un communiqu\u00e9, le ministre de la Justice, Yvon D\u00e9tch\u00e9nou menace de r\u00e9primer toute exigence financi\u00e8re pour la gr\u00e2ce pr\u00e9sidentielle et les mesures d&#039;am\u00e9nagement de peine. Par ailleurs, il exhorte les populations \u00e0 la plus grande vigilance\" \/>\n\t\t<script type=\"application\/ld+json\" class=\"aioseo-schema\">\n\t\t\t{\"@context\":\"https:\\\/\\\/schema.org\",\"@graph\":[{\"@type\":\"BlogPosting\",\"@id\":\"https:\\\/\\\/lepatriotebenin.com\\\/index.php\\\/2026\\\/07\\\/16\\\/grace-presidentielle-la-mise-en-garde-de-yvon-detchenou-aux-demarcheurs-frauduleux\\\/#blogposting\",\"name\":\"Gr\\u00e2ce Pr\\u00e9sidentielle : La mise en garde de Yvon D\\u00e9tch\\u00e9nou aux d\\u00e9marcheurs frauduleux - Le Patriote\",\"headline\":\"Gr\\u00e2ce Pr\\u00e9sidentielle : La mise en garde de Yvon D\\u00e9tch\\u00e9nou aux d\\u00e9marcheurs frauduleux\",\"author\":{\"@id\":\"https:\\\/\\\/lepatriotebenin.com#author\"},\"publisher\":{\"@id\":\"https:\\\/\\\/lepatriotebenin.com\\\/#organization\"},\"image\":{\"@type\":\"ImageObject\",\"url\":\"https:\\\/\\\/lepatriotebenin.com\\\/wp-content\\\/uploads\\\/2026\\\/07\\\/yvon-detchenou.jpeg\",\"width\":739,\"height\":415},\"datePublished\":\"2026-07-16T22:52:33+02:00\",\"dateModified\":\"2026-07-16T22:52:33+02:00\",\"inLanguage\":\"fr-FR\",\"mainEntityOfPage\":{\"@id\":\"https:\\\/\\\/lepatriotebenin.com\\\/index.php\\\/2026\\\/07\\\/16\\\/grace-presidentielle-la-mise-en-garde-de-yvon-detchenou-aux-demarcheurs-frauduleux\\\/#webpage\"},\"isPartOf\":{\"@id\":\"https:\\\/\\\/lepatriotebenin.com\\\/index.php\\\/2026\\\/07\\\/16\\\/grace-presidentielle-la-mise-en-garde-de-yvon-detchenou-aux-demarcheurs-frauduleux\\\/#webpage\"},\"articleSection\":\"Politique\"},{\"@type\":\"BreadcrumbList\",\"@id\":\"https:\\\/\\\/lepatriotebenin.com\\\/index.php\\\/2026\\\/07\\\/16\\\/grace-presidentielle-la-mise-en-garde-de-yvon-detchenou-aux-demarcheurs-frauduleux\\\/#breadcrumblist\",\"itemListElement\":[{\"@type\":\"ListItem\",\"@id\":\"https:\\\/\\\/lepatriotebenin.com#listItem\",\"position\":1,\"name\":\"Home\",\"item\":\"https:\\\/\\\/lepatriotebenin.com\",\"nextItem\":{\"@type\":\"ListItem\",\"@id\":\"https:\\\/\\\/lepatriotebenin.com\\\/index.php\\\/category\\\/politique\\\/#listItem\",\"name\":\"Politique\"}},{\"@type\":\"ListItem\",\"@id\":\"https:\\\/\\\/lepatriotebenin.com\\\/index.php\\\/category\\\/politique\\\/#listItem\",\"position\":2,\"name\":\"Politique\",\"item\":\"https:\\\/\\\/lepatriotebenin.com\\\/index.php\\\/category\\\/politique\\\/\",\"nextItem\":{\"@type\":\"ListItem\",\"@id\":\"https:\\\/\\\/lepatriotebenin.com\\\/index.php\\\/2026\\\/07\\\/16\\\/grace-presidentielle-la-mise-en-garde-de-yvon-detchenou-aux-demarcheurs-frauduleux\\\/#listItem\",\"name\":\"Gr\\u00e2ce Pr\\u00e9sidentielle : La mise en garde de Yvon D\\u00e9tch\\u00e9nou aux d\\u00e9marcheurs frauduleux\"},\"previousItem\":{\"@type\":\"ListItem\",\"@id\":\"https:\\\/\\\/lepatriotebenin.com#listItem\",\"name\":\"Home\"}},{\"@type\":\"ListItem\",\"@id\":\"https:\\\/\\\/lepatriotebenin.com\\\/index.php\\\/2026\\\/07\\\/16\\\/grace-presidentielle-la-mise-en-garde-de-yvon-detchenou-aux-demarcheurs-frauduleux\\\/#listItem\",\"position\":3,\"name\":\"Gr\\u00e2ce Pr\\u00e9sidentielle : La mise en garde de Yvon D\\u00e9tch\\u00e9nou aux d\\u00e9marcheurs frauduleux\",\"previousItem\":{\"@type\":\"ListItem\",\"@id\":\"https:\\\/\\\/lepatriotebenin.com\\\/index.php\\\/category\\\/politique\\\/#listItem\",\"name\":\"Politique\"}}]},{\"@type\":\"Organization\",\"@id\":\"https:\\\/\\\/lepatriotebenin.com\\\/#organization\",\"name\":\"Le Patriote\",\"description\":\"Le Patriote B\\u00e9nin\",\"url\":\"https:\\\/\\\/lepatriotebenin.com\\\/\"},{\"@type\":\"Person\",\"@id\":\"https:\\\/\\\/lepatriotebenin.com#author\",\"url\":\"https:\\\/\\\/lepatriotebenin.com\",\"name\":\"Redaction\",\"image\":{\"@type\":\"ImageObject\",\"@id\":\"https:\\\/\\\/lepatriotebenin.com\\\/index.php\\\/2026\\\/07\\\/16\\\/grace-presidentielle-la-mise-en-garde-de-yvon-detchenou-aux-demarcheurs-frauduleux\\\/#authorImage\",\"url\":\"https:\\\/\\\/secure.gravatar.com\\\/avatar\\\/c4c509357859ea2ca2cbb6d8812898a73e4ef1ef9934c2e591d7e32face734d1?s=96&d=mm&r=g\",\"width\":96,\"height\":96,\"caption\":\"Redaction\"}},{\"@type\":\"WebPage\",\"@id\":\"https:\\\/\\\/lepatriotebenin.com\\\/index.php\\\/2026\\\/07\\\/16\\\/grace-presidentielle-la-mise-en-garde-de-yvon-detchenou-aux-demarcheurs-frauduleux\\\/#webpage\",\"url\":\"https:\\\/\\\/lepatriotebenin.com\\\/index.php\\\/2026\\\/07\\\/16\\\/grace-presidentielle-la-mise-en-garde-de-yvon-detchenou-aux-demarcheurs-frauduleux\\\/\",\"name\":\"Gr\\u00e2ce Pr\\u00e9sidentielle : La mise en garde de Yvon D\\u00e9tch\\u00e9nou aux d\\u00e9marcheurs frauduleux - Le Patriote\",\"description\":\"Dans un communiqu\\u00e9, le ministre de la Justice, Yvon D\\u00e9tch\\u00e9nou menace de r\\u00e9primer toute exigence financi\\u00e8re pour la gr\\u00e2ce pr\\u00e9sidentielle et les mesures d'am\\u00e9nagement de peine. Par ailleurs, il exhorte les populations \\u00e0 la plus grande vigilance\",\"inLanguage\":\"fr-FR\",\"isPartOf\":{\"@id\":\"https:\\\/\\\/lepatriotebenin.com\\\/#website\"},\"breadcrumb\":{\"@id\":\"https:\\\/\\\/lepatriotebenin.com\\\/index.php\\\/2026\\\/07\\\/16\\\/grace-presidentielle-la-mise-en-garde-de-yvon-detchenou-aux-demarcheurs-frauduleux\\\/#breadcrumblist\"},\"author\":{\"@id\":\"https:\\\/\\\/lepatriotebenin.com#author\"},\"creator\":{\"@id\":\"https:\\\/\\\/lepatriotebenin.com#author\"},\"image\":{\"@type\":\"ImageObject\",\"url\":\"https:\\\/\\\/lepatriotebenin.com\\\/wp-content\\\/uploads\\\/2026\\\/07\\\/yvon-detchenou.jpeg\",\"@id\":\"https:\\\/\\\/lepatriotebenin.com\\\/index.php\\\/2026\\\/07\\\/16\\\/grace-presidentielle-la-mise-en-garde-de-yvon-detchenou-aux-demarcheurs-frauduleux\\\/#mainImage\",\"width\":739,\"height\":415},\"primaryImageOfPage\":{\"@id\":\"https:\\\/\\\/lepatriotebenin.com\\\/index.php\\\/2026\\\/07\\\/16\\\/grace-presidentielle-la-mise-en-garde-de-yvon-detchenou-aux-demarcheurs-frauduleux\\\/#mainImage\"},\"datePublished\":\"2026-07-16T22:52:33+02:00\",\"dateModified\":\"2026-07-16T22:52:33+02:00\"},{\"@type\":\"WebSite\",\"@id\":\"https:\\\/\\\/lepatriotebenin.com\\\/#website\",\"url\":\"https:\\\/\\\/lepatriotebenin.com\\\/\",\"name\":\"Le Patriote\",\"description\":\"Le Patriote B\\u00e9nin\",\"inLanguage\":\"fr-FR\",\"publisher\":{\"@id\":\"https:\\\/\\\/lepatriotebenin.com\\\/#organization\"}}]}\n\t\t<\/script>\n\t\t<!-- All in One SEO -->\n\n","aioseo_head_json":{"title":"Gr\u00e2ce Pr\u00e9sidentielle : La mise en garde de Yvon D\u00e9tch\u00e9nou aux d\u00e9marcheurs frauduleux - Le Patriote","description":"Dans un communiqu\u00e9, le ministre de la Justice, Yvon D\u00e9tch\u00e9nou menace de r\u00e9primer toute exigence financi\u00e8re pour la gr\u00e2ce pr\u00e9sidentielle et les mesures d'am\u00e9nagement de peine. Par ailleurs, il exhorte les populations \u00e0 la plus grande vigilance","canonical_url":"https:\/\/lepatriotebenin.com\/index.php\/2026\/07\/16\/grace-presidentielle-la-mise-en-garde-de-yvon-detchenou-aux-demarcheurs-frauduleux\/","robots":"max-image-preview:large","keywords":"","webmasterTools":{"miscellaneous":""},"schema":{"@context":"https:\/\/schema.org","@graph":[{"@type":"BlogPosting","@id":"https:\/\/lepatriotebenin.com\/index.php\/2026\/07\/16\/grace-presidentielle-la-mise-en-garde-de-yvon-detchenou-aux-demarcheurs-frauduleux\/#blogposting","name":"Gr\u00e2ce Pr\u00e9sidentielle : La mise en garde de Yvon D\u00e9tch\u00e9nou aux d\u00e9marcheurs frauduleux - Le Patriote","headline":"Gr\u00e2ce Pr\u00e9sidentielle : La mise en garde de Yvon D\u00e9tch\u00e9nou aux d\u00e9marcheurs frauduleux","author":{"@id":"https:\/\/lepatriotebenin.com#author"},"publisher":{"@id":"https:\/\/lepatriotebenin.com\/#organization"},"image":{"@type":"ImageObject","url":"https:\/\/lepatriotebenin.com\/wp-content\/uploads\/2026\/07\/yvon-detchenou.jpeg","width":739,"height":415},"datePublished":"2026-07-16T22:52:33+02:00","dateModified":"2026-07-16T22:52:33+02:00","inLanguage":"fr-FR","mainEntityOfPage":{"@id":"https:\/\/lepatriotebenin.com\/index.php\/2026\/07\/16\/grace-presidentielle-la-mise-en-garde-de-yvon-detchenou-aux-demarcheurs-frauduleux\/#webpage"},"isPartOf":{"@id":"https:\/\/lepatriotebenin.com\/index.php\/2026\/07\/16\/grace-presidentielle-la-mise-en-garde-de-yvon-detchenou-aux-demarcheurs-frauduleux\/#webpage"},"articleSection":"Politique"},{"@type":"BreadcrumbList","@id":"https:\/\/lepatriotebenin.com\/index.php\/2026\/07\/16\/grace-presidentielle-la-mise-en-garde-de-yvon-detchenou-aux-demarcheurs-frauduleux\/#breadcrumblist","itemListElement":[{"@type":"ListItem","@id":"https:\/\/lepatriotebenin.com#listItem","position":1,"name":"Home","item":"https:\/\/lepatriotebenin.com","nextItem":{"@type":"ListItem","@id":"https:\/\/lepatriotebenin.com\/index.php\/category\/politique\/#listItem","name":"Politique"}},{"@type":"ListItem","@id":"https:\/\/lepatriotebenin.com\/index.php\/category\/politique\/#listItem","position":2,"name":"Politique","item":"https:\/\/lepatriotebenin.com\/index.php\/category\/politique\/","nextItem":{"@type":"ListItem","@id":"https:\/\/lepatriotebenin.com\/index.php\/2026\/07\/16\/grace-presidentielle-la-mise-en-garde-de-yvon-detchenou-aux-demarcheurs-frauduleux\/#listItem","name":"Gr\u00e2ce Pr\u00e9sidentielle : La mise en garde de Yvon D\u00e9tch\u00e9nou aux d\u00e9marcheurs frauduleux"},"previousItem":{"@type":"ListItem","@id":"https:\/\/lepatriotebenin.com#listItem","name":"Home"}},{"@type":"ListItem","@id":"https:\/\/lepatriotebenin.com\/index.php\/2026\/07\/16\/grace-presidentielle-la-mise-en-garde-de-yvon-detchenou-aux-demarcheurs-frauduleux\/#listItem","position":3,"name":"Gr\u00e2ce Pr\u00e9sidentielle : La mise en garde de Yvon D\u00e9tch\u00e9nou aux d\u00e9marcheurs frauduleux","previousItem":{"@type":"ListItem","@id":"https:\/\/lepatriotebenin.com\/index.php\/category\/politique\/#listItem","name":"Politique"}}]},{"@type":"Organization","@id":"https:\/\/lepatriotebenin.com\/#organization","name":"Le Patriote","description":"Le Patriote B\u00e9nin","url":"https:\/\/lepatriotebenin.com\/"},{"@type":"Person","@id":"https:\/\/lepatriotebenin.com#author","url":"https:\/\/lepatriotebenin.com","name":"Redaction","image":{"@type":"ImageObject","@id":"https:\/\/lepatriotebenin.com\/index.php\/2026\/07\/16\/grace-presidentielle-la-mise-en-garde-de-yvon-detchenou-aux-demarcheurs-frauduleux\/#authorImage","url":"https:\/\/secure.gravatar.com\/avatar\/c4c509357859ea2ca2cbb6d8812898a73e4ef1ef9934c2e591d7e32face734d1?s=96&d=mm&r=g","width":96,"height":96,"caption":"Redaction"}},{"@type":"WebPage","@id":"https:\/\/lepatriotebenin.com\/index.php\/2026\/07\/16\/grace-presidentielle-la-mise-en-garde-de-yvon-detchenou-aux-demarcheurs-frauduleux\/#webpage","url":"https:\/\/lepatriotebenin.com\/index.php\/2026\/07\/16\/grace-presidentielle-la-mise-en-garde-de-yvon-detchenou-aux-demarcheurs-frauduleux\/","name":"Gr\u00e2ce Pr\u00e9sidentielle : La mise en garde de Yvon D\u00e9tch\u00e9nou aux d\u00e9marcheurs frauduleux - Le Patriote","description":"Dans un communiqu\u00e9, le ministre de la Justice, Yvon D\u00e9tch\u00e9nou menace de r\u00e9primer toute exigence financi\u00e8re pour la gr\u00e2ce pr\u00e9sidentielle et les mesures d'am\u00e9nagement de peine. Par ailleurs, il exhorte les populations \u00e0 la plus grande vigilance","inLanguage":"fr-FR","isPartOf":{"@id":"https:\/\/lepatriotebenin.com\/#website"},"breadcrumb":{"@id":"https:\/\/lepatriotebenin.com\/index.php\/2026\/07\/16\/grace-presidentielle-la-mise-en-garde-de-yvon-detchenou-aux-demarcheurs-frauduleux\/#breadcrumblist"},"author":{"@id":"https:\/\/lepatriotebenin.com#author"},"creator":{"@id":"https:\/\/lepatriotebenin.com#author"},"image":{"@type":"ImageObject","url":"https:\/\/lepatriotebenin.com\/wp-content\/uploads\/2026\/07\/yvon-detchenou.jpeg","@id":"https:\/\/lepatriotebenin.com\/index.php\/2026\/07\/16\/grace-presidentielle-la-mise-en-garde-de-yvon-detchenou-aux-demarcheurs-frauduleux\/#mainImage","width":739,"height":415},"primaryImageOfPage":{"@id":"https:\/\/lepatriotebenin.com\/index.php\/2026\/07\/16\/grace-presidentielle-la-mise-en-garde-de-yvon-detchenou-aux-demarcheurs-frauduleux\/#mainImage"},"datePublished":"2026-07-16T22:52:33+02:00","dateModified":"2026-07-16T22:52:33+02:00"},{"@type":"WebSite","@id":"https:\/\/lepatriotebenin.com\/#website","url":"https:\/\/lepatriotebenin.com\/","name":"Le Patriote","description":"Le Patriote B\u00e9nin","inLanguage":"fr-FR","publisher":{"@id":"https:\/\/lepatriotebenin.com\/#organization"}}]},"og:locale":"fr_FR","og:site_name":"Le Patriote - Le Patriote B\u00e9nin","og:type":"article","og:title":"Gr\u00e2ce Pr\u00e9sidentielle : La mise en garde de Yvon D\u00e9tch\u00e9nou aux d\u00e9marcheurs frauduleux - Le Patriote","og:description":"Dans un communiqu\u00e9, le ministre de la Justice, Yvon D\u00e9tch\u00e9nou menace de r\u00e9primer toute exigence financi\u00e8re pour la gr\u00e2ce pr\u00e9sidentielle et les mesures d'am\u00e9nagement de peine. Par ailleurs, il exhorte les populations \u00e0 la plus grande vigilance","og:url":"https:\/\/lepatriotebenin.com\/index.php\/2026\/07\/16\/grace-presidentielle-la-mise-en-garde-de-yvon-detchenou-aux-demarcheurs-frauduleux\/","article:published_time":"2026-07-16T20:52:33+00:00","article:modified_time":"2026-07-16T20:52:33+00:00","twitter:card":"summary_large_image","twitter:title":"Gr\u00e2ce Pr\u00e9sidentielle : La mise en garde de Yvon D\u00e9tch\u00e9nou aux d\u00e9marcheurs frauduleux - Le Patriote","twitter:description":"Dans un communiqu\u00e9, le ministre de la Justice, Yvon D\u00e9tch\u00e9nou menace de r\u00e9primer toute exigence financi\u00e8re pour la gr\u00e2ce pr\u00e9sidentielle et les mesures d'am\u00e9nagement de peine. Par ailleurs, il exhorte les populations \u00e0 la plus grande vigilance"},"aioseo_meta_data":{"post_id":"21723","title":null,"description":null,"keywords":null,"keyphrases":{"focus":{"keyphrase":"","score":0,"analysis":{"keyphraseInTitle":{"score":0,"maxScore":9,"error":1}}},"additional":[]},"primary_term":null,"canonical_url":null,"og_title":null,"og_description":null,"og_object_type":"default","og_image_type":"default","og_image_url":null,"og_image_width":null,"og_image_height":null,"og_image_custom_url":null,"og_image_custom_fields":null,"og_video":"","og_custom_url":null,"og_article_section":null,"og_article_tags":null,"twitter_use_og":false,"twitter_card":"default","twitter_image_type":"default","twitter_image_url":null,"twitter_image_custom_url":null,"twitter_image_custom_fields":null,"twitter_title":null,"twitter_description":null,"schema":{"blockGraphs":[],"customGraphs":[],"default":{"data":{"Article":[],"Course":[],"Dataset":[],"FAQPage":[],"Movie":[],"Person":[],"Product":[],"ProductReview":[],"Car":[],"Recipe":[],"Service":[],"SoftwareApplication":[],"WebPage":[]},"graphName":"BlogPosting","isEnabled":true},"graphs":[]},"schema_type":"default","schema_type_options":null,"pillar_content":false,"robots_default":true,"robots_noindex":false,"robots_noarchive":false,"robots_nosnippet":false,"robots_nofollow":false,"robots_noimageindex":false,"robots_noodp":false,"robots_notranslate":false,"robots_max_snippet":"-1","robots_max_videopreview":"-1","robots_max_imagepreview":"large","priority":null,"frequency":"default","local_seo":null,"breadcrumb_settings":null,"limit_modified_date":false,"ai":{"faqs":[],"keyPoints":[],"schemas":[],"titles":[],"descriptions":[],"socialPosts":{"email":{"subject":"","preview":"","content":""},"linkedin":[],"twitter":[],"facebook":[],"instagram":[]}},"created":"2026-07-16 20:52:33","updated":"2026-07-16 20:53:12","seo_analyzer_scan_date":null,"focus_keyword":null,"additional_keywords":null,"truseo_locale":null},"aioseo_breadcrumb":"<div class=\"aioseo-breadcrumbs\"><span class=\"aioseo-breadcrumb\">\n\t\t\t<a href=\"https:\/\/lepatriotebenin.com\" title=\"Home\">Home<\/a>\n\t\t<\/span><span class=\"aioseo-breadcrumb-separator\">&raquo;<\/span><span class=\"aioseo-breadcrumb\">\n\t\t\t<a href=\"https:\/\/lepatriotebenin.com\/index.php\/category\/politique\/\" title=\"Politique\">Politique<\/a>\n\t\t<\/span><span class=\"aioseo-breadcrumb-separator\">&raquo;<\/span><span class=\"aioseo-breadcrumb\">\n\t\t\tGr\u00e2ce Pr\u00e9sidentielle : La mise en garde de Yvon D\u00e9tch\u00e9nou aux d\u00e9marcheurs frauduleux\n\t\t<\/span><\/div>","aioseo_breadcrumb_json":[{"label":"Home","link":"https:\/\/lepatriotebenin.com"},{"label":"Politique","link":"https:\/\/lepatriotebenin.com\/index.php\/category\/politique\/"},{"label":"Gr\u00e2ce Pr\u00e9sidentielle : La mise en garde de Yvon D\u00e9tch\u00e9nou aux d\u00e9marcheurs frauduleux","link":"https:\/\/lepatriotebenin.com\/index.php\/2026\/07\/16\/grace-presidentielle-la-mise-en-garde-de-yvon-detchenou-aux-demarcheurs-frauduleux\/"}],"yoast_head":"<!-- This site is optimized with the Yoast SEO plugin v28.3 - https:\/\/yoast.com\/product\/yoast-seo-wordpress\/ -->\n<title>Gr\u00e2ce Pr\u00e9sidentielle : La mise en garde de Yvon D\u00e9tch\u00e9nou aux d\u00e9marcheurs frauduleux - Le Patriote<\/title>\n<meta name=\"robots\" content=\"index, follow, max-snippet:-1, max-image-preview:large, max-video-preview:-1\" \/>\n<link rel=\"canonical\" href=\"https:\/\/lepatriotebenin.com\/index.php\/2026\/07\/16\/grace-presidentielle-la-mise-en-garde-de-yvon-detchenou-aux-demarcheurs-frauduleux\/\" \/>\n<meta property=\"og:locale\" content=\"fr_FR\" \/>\n<meta property=\"og:type\" content=\"article\" \/>\n<meta property=\"og:title\" content=\"Gr\u00e2ce Pr\u00e9sidentielle : La mise en garde de Yvon D\u00e9tch\u00e9nou aux d\u00e9marcheurs frauduleux - Le Patriote\" \/>\n<meta property=\"og:description\" content=\"Dans un communiqu\u00e9, le ministre de la Justice, Yvon D\u00e9tch\u00e9nou menace de r\u00e9primer toute exigence financi\u00e8re pour la gr\u00e2ce pr\u00e9sidentielle et les mesures d&rsquo;am\u00e9nagement de peine. Par ailleurs, il exhorte&hellip;\" \/>\n<meta property=\"og:url\" content=\"https:\/\/lepatriotebenin.com\/index.php\/2026\/07\/16\/grace-presidentielle-la-mise-en-garde-de-yvon-detchenou-aux-demarcheurs-frauduleux\/\" \/>\n<meta property=\"og:site_name\" content=\"Le Patriote\" \/>\n<meta property=\"article:published_time\" content=\"2026-07-16T20:52:33+00:00\" \/>\n<meta property=\"og:image\" content=\"https:\/\/lepatriotebenin.com\/wp-content\/uploads\/2026\/07\/yvon-detchenou.jpeg\" \/>\n\t<meta property=\"og:image:width\" content=\"739\" \/>\n\t<meta property=\"og:image:height\" content=\"415\" \/>\n\t<meta property=\"og:image:type\" content=\"image\/jpeg\" \/>\n<meta name=\"author\" content=\"Redaction\" \/>\n<meta name=\"twitter:card\" content=\"summary_large_image\" \/>\n<meta name=\"twitter:label1\" content=\"\u00c9crit par\" \/>\n\t<meta name=\"twitter:data1\" content=\"Redaction\" \/>\n\t<meta name=\"twitter:label2\" content=\"Dur\u00e9e de lecture estim\u00e9e\" \/>\n\t<meta name=\"twitter:data2\" content=\"1 minute\" \/>\n<script type=\"application\/ld+json\" class=\"yoast-schema-graph\">{\"@context\":\"https:\\\/\\\/schema.org\",\"@graph\":[{\"@type\":\"Article\",\"@id\":\"https:\\\/\\\/lepatriotebenin.com\\\/index.php\\\/2026\\\/07\\\/16\\\/grace-presidentielle-la-mise-en-garde-de-yvon-detchenou-aux-demarcheurs-frauduleux\\\/#article\",\"isPartOf\":{\"@id\":\"https:\\\/\\\/lepatriotebenin.com\\\/index.php\\\/2026\\\/07\\\/16\\\/grace-presidentielle-la-mise-en-garde-de-yvon-detchenou-aux-demarcheurs-frauduleux\\\/\"},\"author\":{\"name\":\"Redaction\",\"@id\":\"https:\\\/\\\/lepatriotebenin.com\\\/#\\\/schema\\\/person\\\/2e7709b9c9cc313e452d1136af61690f\"},\"headline\":\"Gr\u00e2ce Pr\u00e9sidentielle : La mise en garde de Yvon D\u00e9tch\u00e9nou aux d\u00e9marcheurs frauduleux\",\"datePublished\":\"2026-07-16T20:52:33+00:00\",\"mainEntityOfPage\":{\"@id\":\"https:\\\/\\\/lepatriotebenin.com\\\/index.php\\\/2026\\\/07\\\/16\\\/grace-presidentielle-la-mise-en-garde-de-yvon-detchenou-aux-demarcheurs-frauduleux\\\/\"},\"wordCount\":61,\"commentCount\":0,\"image\":{\"@id\":\"https:\\\/\\\/lepatriotebenin.com\\\/index.php\\\/2026\\\/07\\\/16\\\/grace-presidentielle-la-mise-en-garde-de-yvon-detchenou-aux-demarcheurs-frauduleux\\\/#primaryimage\"},\"thumbnailUrl\":\"https:\\\/\\\/lepatriotebenin.com\\\/wp-content\\\/uploads\\\/2026\\\/07\\\/yvon-detchenou.jpeg\",\"articleSection\":[\"Politique\"],\"inLanguage\":\"fr-FR\",\"potentialAction\":[{\"@type\":\"CommentAction\",\"name\":\"Comment\",\"target\":[\"https:\\\/\\\/lepatriotebenin.com\\\/index.php\\\/2026\\\/07\\\/16\\\/grace-presidentielle-la-mise-en-garde-de-yvon-detchenou-aux-demarcheurs-frauduleux\\\/#respond\"]}]},{\"@type\":\"WebPage\",\"@id\":\"https:\\\/\\\/lepatriotebenin.com\\\/index.php\\\/2026\\\/07\\\/16\\\/grace-presidentielle-la-mise-en-garde-de-yvon-detchenou-aux-demarcheurs-frauduleux\\\/\",\"url\":\"https:\\\/\\\/lepatriotebenin.com\\\/index.php\\\/2026\\\/07\\\/16\\\/grace-presidentielle-la-mise-en-garde-de-yvon-detchenou-aux-demarcheurs-frauduleux\\\/\",\"name\":\"Gr\u00e2ce Pr\u00e9sidentielle : La mise en garde de Yvon D\u00e9tch\u00e9nou aux d\u00e9marcheurs frauduleux - Le Patriote\",\"isPartOf\":{\"@id\":\"https:\\\/\\\/lepatriotebenin.com\\\/#website\"},\"primaryImageOfPage\":{\"@id\":\"https:\\\/\\\/lepatriotebenin.com\\\/index.php\\\/2026\\\/07\\\/16\\\/grace-presidentielle-la-mise-en-garde-de-yvon-detchenou-aux-demarcheurs-frauduleux\\\/#primaryimage\"},\"image\":{\"@id\":\"https:\\\/\\\/lepatriotebenin.com\\\/index.php\\\/2026\\\/07\\\/16\\\/grace-presidentielle-la-mise-en-garde-de-yvon-detchenou-aux-demarcheurs-frauduleux\\\/#primaryimage\"},\"thumbnailUrl\":\"https:\\\/\\\/lepatriotebenin.com\\\/wp-content\\\/uploads\\\/2026\\\/07\\\/yvon-detchenou.jpeg\",\"datePublished\":\"2026-07-16T20:52:33+00:00\",\"author\":{\"@id\":\"https:\\\/\\\/lepatriotebenin.com\\\/#\\\/schema\\\/person\\\/2e7709b9c9cc313e452d1136af61690f\"},\"breadcrumb\":{\"@id\":\"https:\\\/\\\/lepatriotebenin.com\\\/index.php\\\/2026\\\/07\\\/16\\\/grace-presidentielle-la-mise-en-garde-de-yvon-detchenou-aux-demarcheurs-frauduleux\\\/#breadcrumb\"},\"inLanguage\":\"fr-FR\",\"potentialAction\":[{\"@type\":\"ReadAction\",\"target\":[\"https:\\\/\\\/lepatriotebenin.com\\\/index.php\\\/2026\\\/07\\\/16\\\/grace-presidentielle-la-mise-en-garde-de-yvon-detchenou-aux-demarcheurs-frauduleux\\\/\"]}]},{\"@type\":\"ImageObject\",\"inLanguage\":\"fr-FR\",\"@id\":\"https:\\\/\\\/lepatriotebenin.com\\\/index.php\\\/2026\\\/07\\\/16\\\/grace-presidentielle-la-mise-en-garde-de-yvon-detchenou-aux-demarcheurs-frauduleux\\\/#primaryimage\",\"url\":\"https:\\\/\\\/lepatriotebenin.com\\\/wp-content\\\/uploads\\\/2026\\\/07\\\/yvon-detchenou.jpeg\",\"contentUrl\":\"https:\\\/\\\/lepatriotebenin.com\\\/wp-content\\\/uploads\\\/2026\\\/07\\\/yvon-detchenou.jpeg\",\"width\":739,\"height\":415},{\"@type\":\"BreadcrumbList\",\"@id\":\"https:\\\/\\\/lepatriotebenin.com\\\/index.php\\\/2026\\\/07\\\/16\\\/grace-presidentielle-la-mise-en-garde-de-yvon-detchenou-aux-demarcheurs-frauduleux\\\/#breadcrumb\",\"itemListElement\":[{\"@type\":\"ListItem\",\"position\":1,\"name\":\"Accueil\",\"item\":\"https:\\\/\\\/lepatriotebenin.com\\\/\"},{\"@type\":\"ListItem\",\"position\":2,\"name\":\"Gr\u00e2ce Pr\u00e9sidentielle : La mise en garde de Yvon D\u00e9tch\u00e9nou aux d\u00e9marcheurs frauduleux\"}]},{\"@type\":\"WebSite\",\"@id\":\"https:\\\/\\\/lepatriotebenin.com\\\/#website\",\"url\":\"https:\\\/\\\/lepatriotebenin.com\\\/\",\"name\":\"Le Patriote\",\"description\":\"Le Patriote B\u00e9nin\",\"potentialAction\":[{\"@type\":\"SearchAction\",\"target\":{\"@type\":\"EntryPoint\",\"urlTemplate\":\"https:\\\/\\\/lepatriotebenin.com\\\/?s={search_term_string}\"},\"query-input\":{\"@type\":\"PropertyValueSpecification\",\"valueRequired\":true,\"valueName\":\"search_term_string\"}}],\"inLanguage\":\"fr-FR\"},{\"@type\":\"Person\",\"@id\":\"https:\\\/\\\/lepatriotebenin.com\\\/#\\\/schema\\\/person\\\/2e7709b9c9cc313e452d1136af61690f\",\"name\":\"Redaction\",\"image\":{\"@type\":\"ImageObject\",\"inLanguage\":\"fr-FR\",\"@id\":\"https:\\\/\\\/secure.gravatar.com\\\/avatar\\\/c4c509357859ea2ca2cbb6d8812898a73e4ef1ef9934c2e591d7e32face734d1?s=96&d=mm&r=g\",\"url\":\"https:\\\/\\\/secure.gravatar.com\\\/avatar\\\/c4c509357859ea2ca2cbb6d8812898a73e4ef1ef9934c2e591d7e32face734d1?s=96&d=mm&r=g\",\"contentUrl\":\"https:\\\/\\\/secure.gravatar.com\\\/avatar\\\/c4c509357859ea2ca2cbb6d8812898a73e4ef1ef9934c2e591d7e32face734d1?s=96&d=mm&r=g\",\"caption\":\"Redaction\"},\"url\":\"https:\\\/\\\/lepatriotebenin.com\"}]}<\/script>\n<!-- \/ Yoast SEO plugin. -->","yoast_head_json":{"title":"Gr\u00e2ce Pr\u00e9sidentielle : La mise en garde de Yvon D\u00e9tch\u00e9nou aux d\u00e9marcheurs frauduleux - Le Patriote","robots":{"index":"index","follow":"follow","max-snippet":"max-snippet:-1","max-image-preview":"max-image-preview:large","max-video-preview":"max-video-preview:-1"},"canonical":"https:\/\/lepatriotebenin.com\/index.php\/2026\/07\/16\/grace-presidentielle-la-mise-en-garde-de-yvon-detchenou-aux-demarcheurs-frauduleux\/","og_locale":"fr_FR","og_type":"article","og_title":"Gr\u00e2ce Pr\u00e9sidentielle : La mise en garde de Yvon D\u00e9tch\u00e9nou aux d\u00e9marcheurs frauduleux - Le Patriote","og_description":"Dans un communiqu\u00e9, le ministre de la Justice, Yvon D\u00e9tch\u00e9nou menace de r\u00e9primer toute exigence financi\u00e8re pour la gr\u00e2ce pr\u00e9sidentielle et les mesures d&rsquo;am\u00e9nagement de peine. Par ailleurs, il exhorte&hellip;","og_url":"https:\/\/lepatriotebenin.com\/index.php\/2026\/07\/16\/grace-presidentielle-la-mise-en-garde-de-yvon-detchenou-aux-demarcheurs-frauduleux\/","og_site_name":"Le Patriote","article_published_time":"2026-07-16T20:52:33+00:00","og_image":[{"width":739,"height":415,"url":"https:\/\/lepatriotebenin.com\/wp-content\/uploads\/2026\/07\/yvon-detchenou.jpeg","type":"image\/jpeg"}],"author":"Redaction","twitter_card":"summary_large_image","twitter_misc":{"\u00c9crit par":"Redaction","Dur\u00e9e de lecture estim\u00e9e":"1 minute"},"schema":{"@context":"https:\/\/schema.org","@graph":[{"@type":"Article","@id":"https:\/\/lepatriotebenin.com\/index.php\/2026\/07\/16\/grace-presidentielle-la-mise-en-garde-de-yvon-detchenou-aux-demarcheurs-frauduleux\/#article","isPartOf":{"@id":"https:\/\/lepatriotebenin.com\/index.php\/2026\/07\/16\/grace-presidentielle-la-mise-en-garde-de-yvon-detchenou-aux-demarcheurs-frauduleux\/"},"author":{"name":"Redaction","@id":"https:\/\/lepatriotebenin.com\/#\/schema\/person\/2e7709b9c9cc313e452d1136af61690f"},"headline":"Gr\u00e2ce Pr\u00e9sidentielle : La mise en garde de Yvon D\u00e9tch\u00e9nou aux d\u00e9marcheurs frauduleux","datePublished":"2026-07-16T20:52:33+00:00","mainEntityOfPage":{"@id":"https:\/\/lepatriotebenin.com\/index.php\/2026\/07\/16\/grace-presidentielle-la-mise-en-garde-de-yvon-detchenou-aux-demarcheurs-frauduleux\/"},"wordCount":61,"commentCount":0,"image":{"@id":"https:\/\/lepatriotebenin.com\/index.php\/2026\/07\/16\/grace-presidentielle-la-mise-en-garde-de-yvon-detchenou-aux-demarcheurs-frauduleux\/#primaryimage"},"thumbnailUrl":"https:\/\/lepatriotebenin.com\/wp-content\/uploads\/2026\/07\/yvon-detchenou.jpeg","articleSection":["Politique"],"inLanguage":"fr-FR","potentialAction":[{"@type":"CommentAction","name":"Comment","target":["https:\/\/lepatriotebenin.com\/index.php\/2026\/07\/16\/grace-presidentielle-la-mise-en-garde-de-yvon-detchenou-aux-demarcheurs-frauduleux\/#respond"]}]},{"@type":"WebPage","@id":"https:\/\/lepatriotebenin.com\/index.php\/2026\/07\/16\/grace-presidentielle-la-mise-en-garde-de-yvon-detchenou-aux-demarcheurs-frauduleux\/","url":"https:\/\/lepatriotebenin.com\/index.php\/2026\/07\/16\/grace-presidentielle-la-mise-en-garde-de-yvon-detchenou-aux-demarcheurs-frauduleux\/","name":"Gr\u00e2ce Pr\u00e9sidentielle : La mise en garde de Yvon D\u00e9tch\u00e9nou aux d\u00e9marcheurs frauduleux - Le Patriote","isPartOf":{"@id":"https:\/\/lepatriotebenin.com\/#website"},"primaryImageOfPage":{"@id":"https:\/\/lepatriotebenin.com\/index.php\/2026\/07\/16\/grace-presidentielle-la-mise-en-garde-de-yvon-detchenou-aux-demarcheurs-frauduleux\/#primaryimage"},"image":{"@id":"https:\/\/lepatriotebenin.com\/index.php\/2026\/07\/16\/grace-presidentielle-la-mise-en-garde-de-yvon-detchenou-aux-demarcheurs-frauduleux\/#primaryimage"},"thumbnailUrl":"https:\/\/lepatriotebenin.com\/wp-content\/uploads\/2026\/07\/yvon-detchenou.jpeg","datePublished":"2026-07-16T20:52:33+00:00","author":{"@id":"https:\/\/lepatriotebenin.com\/#\/schema\/person\/2e7709b9c9cc313e452d1136af61690f"},"breadcrumb":{"@id":"https:\/\/lepatriotebenin.com\/index.php\/2026\/07\/16\/grace-presidentielle-la-mise-en-garde-de-yvon-detchenou-aux-demarcheurs-frauduleux\/#breadcrumb"},"inLanguage":"fr-FR","potentialAction":[{"@type":"ReadAction","target":["https:\/\/lepatriotebenin.com\/index.php\/2026\/07\/16\/grace-presidentielle-la-mise-en-garde-de-yvon-detchenou-aux-demarcheurs-frauduleux\/"]}]},{"@type":"ImageObject","inLanguage":"fr-FR","@id":"https:\/\/lepatriotebenin.com\/index.php\/2026\/07\/16\/grace-presidentielle-la-mise-en-garde-de-yvon-detchenou-aux-demarcheurs-frauduleux\/#primaryimage","url":"https:\/\/lepatriotebenin.com\/wp-content\/uploads\/2026\/07\/yvon-detchenou.jpeg","contentUrl":"https:\/\/lepatriotebenin.com\/wp-content\/uploads\/2026\/07\/yvon-detchenou.jpeg","width":739,"height":415},{"@type":"BreadcrumbList","@id":"https:\/\/lepatriotebenin.com\/index.php\/2026\/07\/16\/grace-presidentielle-la-mise-en-garde-de-yvon-detchenou-aux-demarcheurs-frauduleux\/#breadcrumb","itemListElement":[{"@type":"ListItem","position":1,"name":"Accueil","item":"https:\/\/lepatriotebenin.com\/"},{"@type":"ListItem","position":2,"name":"Gr\u00e2ce Pr\u00e9sidentielle : La mise en garde de Yvon D\u00e9tch\u00e9nou aux d\u00e9marcheurs frauduleux"}]},{"@type":"WebSite","@id":"https:\/\/lepatriotebenin.com\/#website","url":"https:\/\/lepatriotebenin.com\/","name":"Le Patriote","description":"Le Patriote B\u00e9nin","potentialAction":[{"@type":"SearchAction","target":{"@type":"EntryPoint","urlTemplate":"https:\/\/lepatriotebenin.com\/?s={search_term_string}"},"query-input":{"@type":"PropertyValueSpecification","valueRequired":true,"valueName":"search_term_string"}}],"inLanguage":"fr-FR"},{"@type":"Person","@id":"https:\/\/lepatriotebenin.com\/#\/schema\/person\/2e7709b9c9cc313e452d1136af61690f","name":"Redaction","image":{"@type":"ImageObject","inLanguage":"fr-FR","@id":"https:\/\/secure.gravatar.com\/avatar\/c4c509357859ea2ca2cbb6d8812898a73e4ef1ef9934c2e591d7e32face734d1?s=96&d=mm&r=g","url":"https:\/\/secure.gravatar.com\/avatar\/c4c509357859ea2ca2cbb6d8812898a73e4ef1ef9934c2e591d7e32face734d1?s=96&d=mm&r=g","contentUrl":"https:\/\/secure.gravatar.com\/avatar\/c4c509357859ea2ca2cbb6d8812898a73e4ef1ef9934c2e591d7e32face734d1?s=96&d=mm&r=g","caption":"Redaction"},"url":"https:\/\/lepatriotebenin.com"}]}},"_links":{"self":[{"href":"https:\/\/lepatriotebenin.com\/index.php\/wp-json\/wp\/v2\/posts\/21723","targetHints":{"allow":["GET"]}}],"collection":[{"href":"https:\/\/lepatriotebenin.com\/index.php\/wp-json\/wp\/v2\/posts"}],"about":[{"href":"https:\/\/lepatriotebenin.com\/index.php\/wp-json\/wp\/v2\/types\/post"}],"author":[{"embeddable":true,"href":"https:\/\/lepatriotebenin.com\/index.php\/wp-json\/wp\/v2\/users\/5"}],"replies":[{"embeddable":true,"href":"https:\/\/lepatriotebenin.com\/index.php\/wp-json\/wp\/v2\/comments?post=21723"}],"version-history":[{"count":1,"href":"https:\/\/lepatriotebenin.com\/index.php\/wp-json\/wp\/v2\/posts\/21723\/revisions"}],"predecessor-version":[{"id":21725,"href":"https:\/\/lepatriotebenin.com\/index.php\/wp-json\/wp\/v2\/posts\/21723\/revisions\/21725"}],"wp:featuredmedia":[{"embeddable":true,"href":"https:\/\/lepatriotebenin.com\/index.php\/wp-json\/wp\/v2\/media\/21534"}],"wp:attachment":[{"href":"https:\/\/lepatriotebenin.com\/index.php\/wp-json\/wp\/v2\/media?parent=21723"}],"wp:term":[{"taxonomy":"category","embeddable":true,"href":"https:\/\/lepatriotebenin.com\/index.php\/wp-json\/wp\/v2\/categories?post=21723"},{"taxonomy":"post_tag","embeddable":true,"href":"https:\/\/lepatriotebenin.com\/index.php\/wp-json\/wp\/v2\/tags?post=21723"}],"curies":[{"name":"wp","href":"https:\/\/api.w.org\/{rel}","templated":true}]}}