{"id":21717,"date":"2026-07-16T17:21:08","date_gmt":"2026-07-16T15:21:08","guid":{"rendered":"https:\/\/lepatriotebenin.com\/?p=21717"},"modified":"2026-07-16T17:21:08","modified_gmt":"2026-07-16T15:21:08","slug":"france-lassemblee-nationale-adopte-definitivement-le-droit-a-laide-a-mourir","status":"publish","type":"post","link":"https:\/\/lepatriotebenin.com\/index.php\/2026\/07\/16\/france-lassemblee-nationale-adopte-definitivement-le-droit-a-laide-a-mourir\/","title":{"rendered":"France : l\u2019Assembl\u00e9e nationale adopte d\u00e9finitivement le droit \u00e0 l\u2019aide \u00e0 mourir"},"content":{"rendered":"<p><em><strong>Au terme de quatre ans de d\u00e9bats, l\u2019Assembl\u00e9e nationale a adopt\u00e9 d\u00e9finitivement ce mercredi 15 juillet la proposition de loi cr\u00e9ant un droit \u00e0 l\u2019aide \u00e0 mourir. Le texte, vot\u00e9 par 291 voix pour, 241 contre et 29 abstentions, ouvre une proc\u00e9dure encadr\u00e9e pour certains malades en fin de vie.<\/strong><\/em><\/p>\n<p>\u200eLa loi en France autorise pour la premi\u00e8re fois l\u2019assistance au suicide, voire l\u2019euthanasie, sous conditions strictes. Selon les informations, pour y acc\u00e9der, le patient doit \u00eatre majeur, atteint d\u2019une affection grave et incurable en phase avanc\u00e9e, et souffrir d\u2019une douleur r\u00e9fractaire aux traitements ou jug\u00e9e insupportable. Il doit aussi \u00eatre apte \u00e0 exprimer sa volont\u00e9 de fa\u00e7on libre et \u00e9clair\u00e9e.<\/p>\n<p>\u200eLa demande est adress\u00e9e \u00e0 un m\u00e9decin qui r\u00e9unit un coll\u00e8ge pluriprofessionnel avant de rendre une d\u00e9cision motiv\u00e9e dans un d\u00e9lai de 15 jours. Le malade dispose ensuite d\u2019un d\u00e9lai de r\u00e9flexion d\u2019au moins deux jours pour confirmer. L\u2019auto-administration du produit l\u00e9tal est la r\u00e8gle, l\u2019intervention d\u2019un soignant n\u2019\u00e9tant possible que si le patient ne peut le faire lui-m\u00eame. Une clause de conscience prot\u00e8ge les professionnels qui refusent d\u2019y participer.<\/p>\n<p>\u200eRejet\u00e9e trois fois au S\u00e9nat, la proposition a \u00e9t\u00e9 d\u00e9finitivement adopt\u00e9e par l\u2019Assembl\u00e9e apr\u00e8s l\u2019\u00e9chec d\u2019une commission mixte paritaire. Si son adoption a \u00e9t\u00e9 salu\u00e9e par plusieurs d\u00e9put\u00e9s, elle suscite toutefois l&rsquo;indignation de certaines organisations, notamment chr\u00e9tiennes.<\/p>\n<p>\u200e<\/p>\n<p><strong>\u200eEz\u00e9chiel Dagb\u00e9gnon PADONOU<\/strong><\/p>\n<p>\u200e<\/p>\n","protected":false},"excerpt":{"rendered":"<p>Au terme de quatre ans de d\u00e9bats, l\u2019Assembl\u00e9e nationale a adopt\u00e9 d\u00e9finitivement ce mercredi 15 juillet la proposition de loi cr\u00e9ant un droit \u00e0 l\u2019aide \u00e0 mourir. Le texte, vot\u00e9&hellip;<\/p>\n","protected":false},"author":5,"featured_media":21718,"comment_status":"open","ping_status":"open","sticky":false,"template":"","format":"standard","meta":{"content-type":"","om_disable_all_campaigns":false,"_monsterinsights_skip_tracking":false,"_uf_show_specific_survey":0,"_uf_disable_surveys":false,"footnotes":""},"categories":[20],"tags":[],"class_list":["post-21717","post","type-post","status-publish","format-standard","has-post-thumbnail","hentry","category-societe"],"aioseo_notices":[],"aioseo_head":"\n\t\t<!-- All in One SEO 5.0.1.1 - aioseo.com -->\n\t<meta name=\"description\" content=\"Au terme de quatre ans de d\u00e9bats, l\u2019Assembl\u00e9e nationale a adopt\u00e9 d\u00e9finitivement ce mercredi 15 juillet la proposition de loi cr\u00e9ant un droit \u00e0 l\u2019aide \u00e0 mourir. Le texte, vot\u00e9 par 291 voix pour, 241 contre et 29 abstentions, ouvre une proc\u00e9dure encadr\u00e9e pour certains malades en fin de vie. \u200eLa loi en France autorise\" \/>\n\t<meta name=\"robots\" content=\"max-image-preview:large\" \/>\n\t<meta name=\"author\" content=\"Redaction\"\/>\n\t<link rel=\"canonical\" href=\"https:\/\/lepatriotebenin.com\/index.php\/2026\/07\/16\/france-lassemblee-nationale-adopte-definitivement-le-droit-a-laide-a-mourir\/\" \/>\n\t<meta name=\"generator\" content=\"All in One SEO (AIOSEO) 5.0.1.1\" \/>\n\t\t<meta property=\"og:locale\" content=\"fr_FR\" \/>\n\t\t<meta property=\"og:site_name\" content=\"Le Patriote - Le Patriote B\u00e9nin\" \/>\n\t\t<meta property=\"og:type\" content=\"article\" \/>\n\t\t<meta property=\"og:title\" content=\"France : l\u2019Assembl\u00e9e nationale adopte d\u00e9finitivement le droit \u00e0 l\u2019aide \u00e0 mourir - Le Patriote\" \/>\n\t\t<meta property=\"og:description\" content=\"Au terme de quatre ans de d\u00e9bats, l\u2019Assembl\u00e9e nationale a adopt\u00e9 d\u00e9finitivement ce mercredi 15 juillet la proposition de loi cr\u00e9ant un droit \u00e0 l\u2019aide \u00e0 mourir. Le texte, vot\u00e9 par 291 voix pour, 241 contre et 29 abstentions, ouvre une proc\u00e9dure encadr\u00e9e pour certains malades en fin de vie. \u200eLa loi en France autorise\" \/>\n\t\t<meta property=\"og:url\" content=\"https:\/\/lepatriotebenin.com\/index.php\/2026\/07\/16\/france-lassemblee-nationale-adopte-definitivement-le-droit-a-laide-a-mourir\/\" \/>\n\t\t<meta property=\"article:published_time\" content=\"2026-07-16T15:21:08+00:00\" \/>\n\t\t<meta property=\"article:modified_time\" content=\"2026-07-16T15:21:08+00:00\" \/>\n\t\t<meta name=\"twitter:card\" content=\"summary_large_image\" \/>\n\t\t<meta name=\"twitter:title\" content=\"France : l\u2019Assembl\u00e9e nationale adopte d\u00e9finitivement le droit \u00e0 l\u2019aide \u00e0 mourir - Le Patriote\" \/>\n\t\t<meta name=\"twitter:description\" content=\"Au terme de quatre ans de d\u00e9bats, l\u2019Assembl\u00e9e nationale a adopt\u00e9 d\u00e9finitivement ce mercredi 15 juillet la proposition de loi cr\u00e9ant un droit \u00e0 l\u2019aide \u00e0 mourir. Le texte, vot\u00e9 par 291 voix pour, 241 contre et 29 abstentions, ouvre une proc\u00e9dure encadr\u00e9e pour certains malades en fin de vie. \u200eLa loi en France autorise\" \/>\n\t\t<script type=\"application\/ld+json\" class=\"aioseo-schema\">\n\t\t\t{\"@context\":\"https:\\\/\\\/schema.org\",\"@graph\":[{\"@type\":\"BlogPosting\",\"@id\":\"https:\\\/\\\/lepatriotebenin.com\\\/index.php\\\/2026\\\/07\\\/16\\\/france-lassemblee-nationale-adopte-definitivement-le-droit-a-laide-a-mourir\\\/#blogposting\",\"name\":\"France : l\\u2019Assembl\\u00e9e nationale adopte d\\u00e9finitivement le droit \\u00e0 l\\u2019aide \\u00e0 mourir - Le Patriote\",\"headline\":\"France : l\\u2019Assembl\\u00e9e nationale adopte d\\u00e9finitivement le droit \\u00e0 l\\u2019aide \\u00e0 mourir\",\"author\":{\"@id\":\"https:\\\/\\\/lepatriotebenin.com#author\"},\"publisher\":{\"@id\":\"https:\\\/\\\/lepatriotebenin.com\\\/#organization\"},\"image\":{\"@type\":\"ImageObject\",\"url\":\"https:\\\/\\\/lepatriotebenin.com\\\/wp-content\\\/uploads\\\/2026\\\/07\\\/france-2.jpeg\",\"width\":720,\"height\":490},\"datePublished\":\"2026-07-16T17:21:08+02:00\",\"dateModified\":\"2026-07-16T17:21:08+02:00\",\"inLanguage\":\"fr-FR\",\"mainEntityOfPage\":{\"@id\":\"https:\\\/\\\/lepatriotebenin.com\\\/index.php\\\/2026\\\/07\\\/16\\\/france-lassemblee-nationale-adopte-definitivement-le-droit-a-laide-a-mourir\\\/#webpage\"},\"isPartOf\":{\"@id\":\"https:\\\/\\\/lepatriotebenin.com\\\/index.php\\\/2026\\\/07\\\/16\\\/france-lassemblee-nationale-adopte-definitivement-le-droit-a-laide-a-mourir\\\/#webpage\"},\"articleSection\":\"Soci\\u00e9t\\u00e9\"},{\"@type\":\"BreadcrumbList\",\"@id\":\"https:\\\/\\\/lepatriotebenin.com\\\/index.php\\\/2026\\\/07\\\/16\\\/france-lassemblee-nationale-adopte-definitivement-le-droit-a-laide-a-mourir\\\/#breadcrumblist\",\"itemListElement\":[{\"@type\":\"ListItem\",\"@id\":\"https:\\\/\\\/lepatriotebenin.com#listItem\",\"position\":1,\"name\":\"Home\",\"item\":\"https:\\\/\\\/lepatriotebenin.com\",\"nextItem\":{\"@type\":\"ListItem\",\"@id\":\"https:\\\/\\\/lepatriotebenin.com\\\/index.php\\\/category\\\/societe\\\/#listItem\",\"name\":\"Soci\\u00e9t\\u00e9\"}},{\"@type\":\"ListItem\",\"@id\":\"https:\\\/\\\/lepatriotebenin.com\\\/index.php\\\/category\\\/societe\\\/#listItem\",\"position\":2,\"name\":\"Soci\\u00e9t\\u00e9\",\"item\":\"https:\\\/\\\/lepatriotebenin.com\\\/index.php\\\/category\\\/societe\\\/\",\"nextItem\":{\"@type\":\"ListItem\",\"@id\":\"https:\\\/\\\/lepatriotebenin.com\\\/index.php\\\/2026\\\/07\\\/16\\\/france-lassemblee-nationale-adopte-definitivement-le-droit-a-laide-a-mourir\\\/#listItem\",\"name\":\"France : l\\u2019Assembl\\u00e9e nationale adopte d\\u00e9finitivement le droit \\u00e0 l\\u2019aide \\u00e0 mourir\"},\"previousItem\":{\"@type\":\"ListItem\",\"@id\":\"https:\\\/\\\/lepatriotebenin.com#listItem\",\"name\":\"Home\"}},{\"@type\":\"ListItem\",\"@id\":\"https:\\\/\\\/lepatriotebenin.com\\\/index.php\\\/2026\\\/07\\\/16\\\/france-lassemblee-nationale-adopte-definitivement-le-droit-a-laide-a-mourir\\\/#listItem\",\"position\":3,\"name\":\"France : l\\u2019Assembl\\u00e9e nationale adopte d\\u00e9finitivement le droit \\u00e0 l\\u2019aide \\u00e0 mourir\",\"previousItem\":{\"@type\":\"ListItem\",\"@id\":\"https:\\\/\\\/lepatriotebenin.com\\\/index.php\\\/category\\\/societe\\\/#listItem\",\"name\":\"Soci\\u00e9t\\u00e9\"}}]},{\"@type\":\"Organization\",\"@id\":\"https:\\\/\\\/lepatriotebenin.com\\\/#organization\",\"name\":\"Le Patriote\",\"description\":\"Le Patriote B\\u00e9nin\",\"url\":\"https:\\\/\\\/lepatriotebenin.com\\\/\"},{\"@type\":\"Person\",\"@id\":\"https:\\\/\\\/lepatriotebenin.com#author\",\"url\":\"https:\\\/\\\/lepatriotebenin.com\",\"name\":\"Redaction\",\"image\":{\"@type\":\"ImageObject\",\"@id\":\"https:\\\/\\\/lepatriotebenin.com\\\/index.php\\\/2026\\\/07\\\/16\\\/france-lassemblee-nationale-adopte-definitivement-le-droit-a-laide-a-mourir\\\/#authorImage\",\"url\":\"https:\\\/\\\/secure.gravatar.com\\\/avatar\\\/c4c509357859ea2ca2cbb6d8812898a73e4ef1ef9934c2e591d7e32face734d1?s=96&d=mm&r=g\",\"width\":96,\"height\":96,\"caption\":\"Redaction\"}},{\"@type\":\"WebPage\",\"@id\":\"https:\\\/\\\/lepatriotebenin.com\\\/index.php\\\/2026\\\/07\\\/16\\\/france-lassemblee-nationale-adopte-definitivement-le-droit-a-laide-a-mourir\\\/#webpage\",\"url\":\"https:\\\/\\\/lepatriotebenin.com\\\/index.php\\\/2026\\\/07\\\/16\\\/france-lassemblee-nationale-adopte-definitivement-le-droit-a-laide-a-mourir\\\/\",\"name\":\"France : l\\u2019Assembl\\u00e9e nationale adopte d\\u00e9finitivement le droit \\u00e0 l\\u2019aide \\u00e0 mourir - Le Patriote\",\"description\":\"Au terme de quatre ans de d\\u00e9bats, l\\u2019Assembl\\u00e9e nationale a adopt\\u00e9 d\\u00e9finitivement ce mercredi 15 juillet la proposition de loi cr\\u00e9ant un droit \\u00e0 l\\u2019aide \\u00e0 mourir. Le texte, vot\\u00e9 par 291 voix pour, 241 contre et 29 abstentions, ouvre une proc\\u00e9dure encadr\\u00e9e pour certains malades en fin de vie. \\u200eLa loi en France autorise\",\"inLanguage\":\"fr-FR\",\"isPartOf\":{\"@id\":\"https:\\\/\\\/lepatriotebenin.com\\\/#website\"},\"breadcrumb\":{\"@id\":\"https:\\\/\\\/lepatriotebenin.com\\\/index.php\\\/2026\\\/07\\\/16\\\/france-lassemblee-nationale-adopte-definitivement-le-droit-a-laide-a-mourir\\\/#breadcrumblist\"},\"author\":{\"@id\":\"https:\\\/\\\/lepatriotebenin.com#author\"},\"creator\":{\"@id\":\"https:\\\/\\\/lepatriotebenin.com#author\"},\"image\":{\"@type\":\"ImageObject\",\"url\":\"https:\\\/\\\/lepatriotebenin.com\\\/wp-content\\\/uploads\\\/2026\\\/07\\\/france-2.jpeg\",\"@id\":\"https:\\\/\\\/lepatriotebenin.com\\\/index.php\\\/2026\\\/07\\\/16\\\/france-lassemblee-nationale-adopte-definitivement-le-droit-a-laide-a-mourir\\\/#mainImage\",\"width\":720,\"height\":490},\"primaryImageOfPage\":{\"@id\":\"https:\\\/\\\/lepatriotebenin.com\\\/index.php\\\/2026\\\/07\\\/16\\\/france-lassemblee-nationale-adopte-definitivement-le-droit-a-laide-a-mourir\\\/#mainImage\"},\"datePublished\":\"2026-07-16T17:21:08+02:00\",\"dateModified\":\"2026-07-16T17:21:08+02:00\"},{\"@type\":\"WebSite\",\"@id\":\"https:\\\/\\\/lepatriotebenin.com\\\/#website\",\"url\":\"https:\\\/\\\/lepatriotebenin.com\\\/\",\"name\":\"Le Patriote\",\"description\":\"Le Patriote B\\u00e9nin\",\"inLanguage\":\"fr-FR\",\"publisher\":{\"@id\":\"https:\\\/\\\/lepatriotebenin.com\\\/#organization\"}}]}\n\t\t<\/script>\n\t\t<!-- All in One SEO -->\n\n","aioseo_head_json":{"title":"France : l\u2019Assembl\u00e9e nationale adopte d\u00e9finitivement le droit \u00e0 l\u2019aide \u00e0 mourir - Le Patriote","description":"Au terme de quatre ans de d\u00e9bats, l\u2019Assembl\u00e9e nationale a adopt\u00e9 d\u00e9finitivement ce mercredi 15 juillet la proposition de loi cr\u00e9ant un droit \u00e0 l\u2019aide \u00e0 mourir. Le texte, vot\u00e9 par 291 voix pour, 241 contre et 29 abstentions, ouvre une proc\u00e9dure encadr\u00e9e pour certains malades en fin de vie. \u200eLa loi en France autorise","canonical_url":"https:\/\/lepatriotebenin.com\/index.php\/2026\/07\/16\/france-lassemblee-nationale-adopte-definitivement-le-droit-a-laide-a-mourir\/","robots":"max-image-preview:large","keywords":"","webmasterTools":{"miscellaneous":""},"schema":{"@context":"https:\/\/schema.org","@graph":[{"@type":"BlogPosting","@id":"https:\/\/lepatriotebenin.com\/index.php\/2026\/07\/16\/france-lassemblee-nationale-adopte-definitivement-le-droit-a-laide-a-mourir\/#blogposting","name":"France : l\u2019Assembl\u00e9e nationale adopte d\u00e9finitivement le droit \u00e0 l\u2019aide \u00e0 mourir - Le Patriote","headline":"France : l\u2019Assembl\u00e9e nationale adopte d\u00e9finitivement le droit \u00e0 l\u2019aide \u00e0 mourir","author":{"@id":"https:\/\/lepatriotebenin.com#author"},"publisher":{"@id":"https:\/\/lepatriotebenin.com\/#organization"},"image":{"@type":"ImageObject","url":"https:\/\/lepatriotebenin.com\/wp-content\/uploads\/2026\/07\/france-2.jpeg","width":720,"height":490},"datePublished":"2026-07-16T17:21:08+02:00","dateModified":"2026-07-16T17:21:08+02:00","inLanguage":"fr-FR","mainEntityOfPage":{"@id":"https:\/\/lepatriotebenin.com\/index.php\/2026\/07\/16\/france-lassemblee-nationale-adopte-definitivement-le-droit-a-laide-a-mourir\/#webpage"},"isPartOf":{"@id":"https:\/\/lepatriotebenin.com\/index.php\/2026\/07\/16\/france-lassemblee-nationale-adopte-definitivement-le-droit-a-laide-a-mourir\/#webpage"},"articleSection":"Soci\u00e9t\u00e9"},{"@type":"BreadcrumbList","@id":"https:\/\/lepatriotebenin.com\/index.php\/2026\/07\/16\/france-lassemblee-nationale-adopte-definitivement-le-droit-a-laide-a-mourir\/#breadcrumblist","itemListElement":[{"@type":"ListItem","@id":"https:\/\/lepatriotebenin.com#listItem","position":1,"name":"Home","item":"https:\/\/lepatriotebenin.com","nextItem":{"@type":"ListItem","@id":"https:\/\/lepatriotebenin.com\/index.php\/category\/societe\/#listItem","name":"Soci\u00e9t\u00e9"}},{"@type":"ListItem","@id":"https:\/\/lepatriotebenin.com\/index.php\/category\/societe\/#listItem","position":2,"name":"Soci\u00e9t\u00e9","item":"https:\/\/lepatriotebenin.com\/index.php\/category\/societe\/","nextItem":{"@type":"ListItem","@id":"https:\/\/lepatriotebenin.com\/index.php\/2026\/07\/16\/france-lassemblee-nationale-adopte-definitivement-le-droit-a-laide-a-mourir\/#listItem","name":"France : l\u2019Assembl\u00e9e nationale adopte d\u00e9finitivement le droit \u00e0 l\u2019aide \u00e0 mourir"},"previousItem":{"@type":"ListItem","@id":"https:\/\/lepatriotebenin.com#listItem","name":"Home"}},{"@type":"ListItem","@id":"https:\/\/lepatriotebenin.com\/index.php\/2026\/07\/16\/france-lassemblee-nationale-adopte-definitivement-le-droit-a-laide-a-mourir\/#listItem","position":3,"name":"France : l\u2019Assembl\u00e9e nationale adopte d\u00e9finitivement le droit \u00e0 l\u2019aide \u00e0 mourir","previousItem":{"@type":"ListItem","@id":"https:\/\/lepatriotebenin.com\/index.php\/category\/societe\/#listItem","name":"Soci\u00e9t\u00e9"}}]},{"@type":"Organization","@id":"https:\/\/lepatriotebenin.com\/#organization","name":"Le Patriote","description":"Le Patriote B\u00e9nin","url":"https:\/\/lepatriotebenin.com\/"},{"@type":"Person","@id":"https:\/\/lepatriotebenin.com#author","url":"https:\/\/lepatriotebenin.com","name":"Redaction","image":{"@type":"ImageObject","@id":"https:\/\/lepatriotebenin.com\/index.php\/2026\/07\/16\/france-lassemblee-nationale-adopte-definitivement-le-droit-a-laide-a-mourir\/#authorImage","url":"https:\/\/secure.gravatar.com\/avatar\/c4c509357859ea2ca2cbb6d8812898a73e4ef1ef9934c2e591d7e32face734d1?s=96&d=mm&r=g","width":96,"height":96,"caption":"Redaction"}},{"@type":"WebPage","@id":"https:\/\/lepatriotebenin.com\/index.php\/2026\/07\/16\/france-lassemblee-nationale-adopte-definitivement-le-droit-a-laide-a-mourir\/#webpage","url":"https:\/\/lepatriotebenin.com\/index.php\/2026\/07\/16\/france-lassemblee-nationale-adopte-definitivement-le-droit-a-laide-a-mourir\/","name":"France : l\u2019Assembl\u00e9e nationale adopte d\u00e9finitivement le droit \u00e0 l\u2019aide \u00e0 mourir - Le Patriote","description":"Au terme de quatre ans de d\u00e9bats, l\u2019Assembl\u00e9e nationale a adopt\u00e9 d\u00e9finitivement ce mercredi 15 juillet la proposition de loi cr\u00e9ant un droit \u00e0 l\u2019aide \u00e0 mourir. Le texte, vot\u00e9 par 291 voix pour, 241 contre et 29 abstentions, ouvre une proc\u00e9dure encadr\u00e9e pour certains malades en fin de vie. \u200eLa loi en France autorise","inLanguage":"fr-FR","isPartOf":{"@id":"https:\/\/lepatriotebenin.com\/#website"},"breadcrumb":{"@id":"https:\/\/lepatriotebenin.com\/index.php\/2026\/07\/16\/france-lassemblee-nationale-adopte-definitivement-le-droit-a-laide-a-mourir\/#breadcrumblist"},"author":{"@id":"https:\/\/lepatriotebenin.com#author"},"creator":{"@id":"https:\/\/lepatriotebenin.com#author"},"image":{"@type":"ImageObject","url":"https:\/\/lepatriotebenin.com\/wp-content\/uploads\/2026\/07\/france-2.jpeg","@id":"https:\/\/lepatriotebenin.com\/index.php\/2026\/07\/16\/france-lassemblee-nationale-adopte-definitivement-le-droit-a-laide-a-mourir\/#mainImage","width":720,"height":490},"primaryImageOfPage":{"@id":"https:\/\/lepatriotebenin.com\/index.php\/2026\/07\/16\/france-lassemblee-nationale-adopte-definitivement-le-droit-a-laide-a-mourir\/#mainImage"},"datePublished":"2026-07-16T17:21:08+02:00","dateModified":"2026-07-16T17:21:08+02:00"},{"@type":"WebSite","@id":"https:\/\/lepatriotebenin.com\/#website","url":"https:\/\/lepatriotebenin.com\/","name":"Le Patriote","description":"Le Patriote B\u00e9nin","inLanguage":"fr-FR","publisher":{"@id":"https:\/\/lepatriotebenin.com\/#organization"}}]},"og:locale":"fr_FR","og:site_name":"Le Patriote - Le Patriote B\u00e9nin","og:type":"article","og:title":"France : l\u2019Assembl\u00e9e nationale adopte d\u00e9finitivement le droit \u00e0 l\u2019aide \u00e0 mourir - Le Patriote","og:description":"Au terme de quatre ans de d\u00e9bats, l\u2019Assembl\u00e9e nationale a adopt\u00e9 d\u00e9finitivement ce mercredi 15 juillet la proposition de loi cr\u00e9ant un droit \u00e0 l\u2019aide \u00e0 mourir. Le texte, vot\u00e9 par 291 voix pour, 241 contre et 29 abstentions, ouvre une proc\u00e9dure encadr\u00e9e pour certains malades en fin de vie. \u200eLa loi en France autorise","og:url":"https:\/\/lepatriotebenin.com\/index.php\/2026\/07\/16\/france-lassemblee-nationale-adopte-definitivement-le-droit-a-laide-a-mourir\/","article:published_time":"2026-07-16T15:21:08+00:00","article:modified_time":"2026-07-16T15:21:08+00:00","twitter:card":"summary_large_image","twitter:title":"France : l\u2019Assembl\u00e9e nationale adopte d\u00e9finitivement le droit \u00e0 l\u2019aide \u00e0 mourir - Le Patriote","twitter:description":"Au terme de quatre ans de d\u00e9bats, l\u2019Assembl\u00e9e nationale a adopt\u00e9 d\u00e9finitivement ce mercredi 15 juillet la proposition de loi cr\u00e9ant un droit \u00e0 l\u2019aide \u00e0 mourir. Le texte, vot\u00e9 par 291 voix pour, 241 contre et 29 abstentions, ouvre une proc\u00e9dure encadr\u00e9e pour certains malades en fin de vie. \u200eLa loi en France autorise"},"aioseo_meta_data":{"post_id":"21717","title":null,"description":null,"keywords":null,"keyphrases":{"focus":{"keyphrase":"","score":0,"analysis":{"keyphraseInTitle":{"score":0,"maxScore":9,"error":1}}},"additional":[]},"primary_term":null,"canonical_url":null,"og_title":null,"og_description":null,"og_object_type":"default","og_image_type":"default","og_image_url":null,"og_image_width":null,"og_image_height":null,"og_image_custom_url":null,"og_image_custom_fields":null,"og_video":"","og_custom_url":null,"og_article_section":null,"og_article_tags":null,"twitter_use_og":false,"twitter_card":"default","twitter_image_type":"default","twitter_image_url":null,"twitter_image_custom_url":null,"twitter_image_custom_fields":null,"twitter_title":null,"twitter_description":null,"schema":{"blockGraphs":[],"customGraphs":[],"default":{"data":{"Article":[],"Course":[],"Dataset":[],"FAQPage":[],"Movie":[],"Person":[],"Product":[],"ProductReview":[],"Car":[],"Recipe":[],"Service":[],"SoftwareApplication":[],"WebPage":[]},"graphName":"BlogPosting","isEnabled":true},"graphs":[]},"schema_type":"default","schema_type_options":null,"pillar_content":false,"robots_default":true,"robots_noindex":false,"robots_noarchive":false,"robots_nosnippet":false,"robots_nofollow":false,"robots_noimageindex":false,"robots_noodp":false,"robots_notranslate":false,"robots_max_snippet":"-1","robots_max_videopreview":"-1","robots_max_imagepreview":"large","priority":null,"frequency":"default","local_seo":null,"breadcrumb_settings":null,"limit_modified_date":false,"ai":{"faqs":[],"keyPoints":[],"schemas":[],"titles":[],"descriptions":[],"socialPosts":{"email":{"subject":"","preview":"","content":""},"linkedin":[],"twitter":[],"facebook":[],"instagram":[]}},"created":"2026-07-16 15:21:09","updated":"2026-07-16 15:44:34","seo_analyzer_scan_date":null,"focus_keyword":null,"additional_keywords":null,"truseo_locale":null},"aioseo_breadcrumb":"<div class=\"aioseo-breadcrumbs\"><span class=\"aioseo-breadcrumb\">\n\t\t\t<a href=\"https:\/\/lepatriotebenin.com\" title=\"Home\">Home<\/a>\n\t\t<\/span><span class=\"aioseo-breadcrumb-separator\">&raquo;<\/span><span class=\"aioseo-breadcrumb\">\n\t\t\t<a href=\"https:\/\/lepatriotebenin.com\/index.php\/category\/societe\/\" title=\"Soci\u00e9t\u00e9\">Soci\u00e9t\u00e9<\/a>\n\t\t<\/span><span class=\"aioseo-breadcrumb-separator\">&raquo;<\/span><span class=\"aioseo-breadcrumb\">\n\t\t\tFrance : l\u2019Assembl\u00e9e nationale adopte d\u00e9finitivement le droit \u00e0 l\u2019aide \u00e0 mourir\n\t\t<\/span><\/div>","aioseo_breadcrumb_json":[{"label":"Home","link":"https:\/\/lepatriotebenin.com"},{"label":"Soci\u00e9t\u00e9","link":"https:\/\/lepatriotebenin.com\/index.php\/category\/societe\/"},{"label":"France : l\u2019Assembl\u00e9e nationale adopte d\u00e9finitivement le droit \u00e0 l\u2019aide \u00e0 mourir","link":"https:\/\/lepatriotebenin.com\/index.php\/2026\/07\/16\/france-lassemblee-nationale-adopte-definitivement-le-droit-a-laide-a-mourir\/"}],"yoast_head":"<!-- This site is optimized with the Yoast SEO plugin v28.3 - https:\/\/yoast.com\/product\/yoast-seo-wordpress\/ -->\n<title>France : l\u2019Assembl\u00e9e nationale adopte d\u00e9finitivement le droit \u00e0 l\u2019aide \u00e0 mourir - Le Patriote<\/title>\n<meta name=\"robots\" content=\"index, follow, max-snippet:-1, max-image-preview:large, max-video-preview:-1\" \/>\n<link rel=\"canonical\" href=\"https:\/\/lepatriotebenin.com\/index.php\/2026\/07\/16\/france-lassemblee-nationale-adopte-definitivement-le-droit-a-laide-a-mourir\/\" \/>\n<meta property=\"og:locale\" content=\"fr_FR\" \/>\n<meta property=\"og:type\" content=\"article\" \/>\n<meta property=\"og:title\" content=\"France : l\u2019Assembl\u00e9e nationale adopte d\u00e9finitivement le droit \u00e0 l\u2019aide \u00e0 mourir - Le Patriote\" \/>\n<meta property=\"og:description\" content=\"Au terme de quatre ans de d\u00e9bats, l\u2019Assembl\u00e9e nationale a adopt\u00e9 d\u00e9finitivement ce mercredi 15 juillet la proposition de loi cr\u00e9ant un droit \u00e0 l\u2019aide \u00e0 mourir. Le texte, vot\u00e9&hellip;\" \/>\n<meta property=\"og:url\" content=\"https:\/\/lepatriotebenin.com\/index.php\/2026\/07\/16\/france-lassemblee-nationale-adopte-definitivement-le-droit-a-laide-a-mourir\/\" \/>\n<meta property=\"og:site_name\" content=\"Le Patriote\" \/>\n<meta property=\"article:published_time\" content=\"2026-07-16T15:21:08+00:00\" \/>\n<meta property=\"og:image\" content=\"https:\/\/lepatriotebenin.com\/wp-content\/uploads\/2026\/07\/france-2.jpeg\" \/>\n\t<meta property=\"og:image:width\" content=\"720\" \/>\n\t<meta property=\"og:image:height\" content=\"490\" \/>\n\t<meta property=\"og:image:type\" content=\"image\/jpeg\" \/>\n<meta name=\"author\" content=\"Redaction\" \/>\n<meta name=\"twitter:card\" content=\"summary_large_image\" \/>\n<meta name=\"twitter:label1\" content=\"\u00c9crit par\" \/>\n\t<meta name=\"twitter:data1\" content=\"Redaction\" \/>\n\t<meta name=\"twitter:label2\" content=\"Dur\u00e9e de lecture estim\u00e9e\" \/>\n\t<meta name=\"twitter:data2\" content=\"2 minutes\" \/>\n<script type=\"application\/ld+json\" class=\"yoast-schema-graph\">{\"@context\":\"https:\\\/\\\/schema.org\",\"@graph\":[{\"@type\":\"Article\",\"@id\":\"https:\\\/\\\/lepatriotebenin.com\\\/index.php\\\/2026\\\/07\\\/16\\\/france-lassemblee-nationale-adopte-definitivement-le-droit-a-laide-a-mourir\\\/#article\",\"isPartOf\":{\"@id\":\"https:\\\/\\\/lepatriotebenin.com\\\/index.php\\\/2026\\\/07\\\/16\\\/france-lassemblee-nationale-adopte-definitivement-le-droit-a-laide-a-mourir\\\/\"},\"author\":{\"name\":\"Redaction\",\"@id\":\"https:\\\/\\\/lepatriotebenin.com\\\/#\\\/schema\\\/person\\\/2e7709b9c9cc313e452d1136af61690f\"},\"headline\":\"France : l\u2019Assembl\u00e9e nationale adopte d\u00e9finitivement le droit \u00e0 l\u2019aide \u00e0 mourir\",\"datePublished\":\"2026-07-16T15:21:08+00:00\",\"mainEntityOfPage\":{\"@id\":\"https:\\\/\\\/lepatriotebenin.com\\\/index.php\\\/2026\\\/07\\\/16\\\/france-lassemblee-nationale-adopte-definitivement-le-droit-a-laide-a-mourir\\\/\"},\"wordCount\":280,\"commentCount\":0,\"image\":{\"@id\":\"https:\\\/\\\/lepatriotebenin.com\\\/index.php\\\/2026\\\/07\\\/16\\\/france-lassemblee-nationale-adopte-definitivement-le-droit-a-laide-a-mourir\\\/#primaryimage\"},\"thumbnailUrl\":\"https:\\\/\\\/lepatriotebenin.com\\\/wp-content\\\/uploads\\\/2026\\\/07\\\/france-2.jpeg\",\"articleSection\":[\"Soci\u00e9t\u00e9\"],\"inLanguage\":\"fr-FR\",\"potentialAction\":[{\"@type\":\"CommentAction\",\"name\":\"Comment\",\"target\":[\"https:\\\/\\\/lepatriotebenin.com\\\/index.php\\\/2026\\\/07\\\/16\\\/france-lassemblee-nationale-adopte-definitivement-le-droit-a-laide-a-mourir\\\/#respond\"]}]},{\"@type\":\"WebPage\",\"@id\":\"https:\\\/\\\/lepatriotebenin.com\\\/index.php\\\/2026\\\/07\\\/16\\\/france-lassemblee-nationale-adopte-definitivement-le-droit-a-laide-a-mourir\\\/\",\"url\":\"https:\\\/\\\/lepatriotebenin.com\\\/index.php\\\/2026\\\/07\\\/16\\\/france-lassemblee-nationale-adopte-definitivement-le-droit-a-laide-a-mourir\\\/\",\"name\":\"France : l\u2019Assembl\u00e9e nationale adopte d\u00e9finitivement le droit \u00e0 l\u2019aide \u00e0 mourir - Le Patriote\",\"isPartOf\":{\"@id\":\"https:\\\/\\\/lepatriotebenin.com\\\/#website\"},\"primaryImageOfPage\":{\"@id\":\"https:\\\/\\\/lepatriotebenin.com\\\/index.php\\\/2026\\\/07\\\/16\\\/france-lassemblee-nationale-adopte-definitivement-le-droit-a-laide-a-mourir\\\/#primaryimage\"},\"image\":{\"@id\":\"https:\\\/\\\/lepatriotebenin.com\\\/index.php\\\/2026\\\/07\\\/16\\\/france-lassemblee-nationale-adopte-definitivement-le-droit-a-laide-a-mourir\\\/#primaryimage\"},\"thumbnailUrl\":\"https:\\\/\\\/lepatriotebenin.com\\\/wp-content\\\/uploads\\\/2026\\\/07\\\/france-2.jpeg\",\"datePublished\":\"2026-07-16T15:21:08+00:00\",\"author\":{\"@id\":\"https:\\\/\\\/lepatriotebenin.com\\\/#\\\/schema\\\/person\\\/2e7709b9c9cc313e452d1136af61690f\"},\"breadcrumb\":{\"@id\":\"https:\\\/\\\/lepatriotebenin.com\\\/index.php\\\/2026\\\/07\\\/16\\\/france-lassemblee-nationale-adopte-definitivement-le-droit-a-laide-a-mourir\\\/#breadcrumb\"},\"inLanguage\":\"fr-FR\",\"potentialAction\":[{\"@type\":\"ReadAction\",\"target\":[\"https:\\\/\\\/lepatriotebenin.com\\\/index.php\\\/2026\\\/07\\\/16\\\/france-lassemblee-nationale-adopte-definitivement-le-droit-a-laide-a-mourir\\\/\"]}]},{\"@type\":\"ImageObject\",\"inLanguage\":\"fr-FR\",\"@id\":\"https:\\\/\\\/lepatriotebenin.com\\\/index.php\\\/2026\\\/07\\\/16\\\/france-lassemblee-nationale-adopte-definitivement-le-droit-a-laide-a-mourir\\\/#primaryimage\",\"url\":\"https:\\\/\\\/lepatriotebenin.com\\\/wp-content\\\/uploads\\\/2026\\\/07\\\/france-2.jpeg\",\"contentUrl\":\"https:\\\/\\\/lepatriotebenin.com\\\/wp-content\\\/uploads\\\/2026\\\/07\\\/france-2.jpeg\",\"width\":720,\"height\":490},{\"@type\":\"BreadcrumbList\",\"@id\":\"https:\\\/\\\/lepatriotebenin.com\\\/index.php\\\/2026\\\/07\\\/16\\\/france-lassemblee-nationale-adopte-definitivement-le-droit-a-laide-a-mourir\\\/#breadcrumb\",\"itemListElement\":[{\"@type\":\"ListItem\",\"position\":1,\"name\":\"Accueil\",\"item\":\"https:\\\/\\\/lepatriotebenin.com\\\/\"},{\"@type\":\"ListItem\",\"position\":2,\"name\":\"France : l\u2019Assembl\u00e9e nationale adopte d\u00e9finitivement le droit \u00e0 l\u2019aide \u00e0 mourir\"}]},{\"@type\":\"WebSite\",\"@id\":\"https:\\\/\\\/lepatriotebenin.com\\\/#website\",\"url\":\"https:\\\/\\\/lepatriotebenin.com\\\/\",\"name\":\"Le Patriote\",\"description\":\"Le Patriote B\u00e9nin\",\"potentialAction\":[{\"@type\":\"SearchAction\",\"target\":{\"@type\":\"EntryPoint\",\"urlTemplate\":\"https:\\\/\\\/lepatriotebenin.com\\\/?s={search_term_string}\"},\"query-input\":{\"@type\":\"PropertyValueSpecification\",\"valueRequired\":true,\"valueName\":\"search_term_string\"}}],\"inLanguage\":\"fr-FR\"},{\"@type\":\"Person\",\"@id\":\"https:\\\/\\\/lepatriotebenin.com\\\/#\\\/schema\\\/person\\\/2e7709b9c9cc313e452d1136af61690f\",\"name\":\"Redaction\",\"image\":{\"@type\":\"ImageObject\",\"inLanguage\":\"fr-FR\",\"@id\":\"https:\\\/\\\/secure.gravatar.com\\\/avatar\\\/c4c509357859ea2ca2cbb6d8812898a73e4ef1ef9934c2e591d7e32face734d1?s=96&d=mm&r=g\",\"url\":\"https:\\\/\\\/secure.gravatar.com\\\/avatar\\\/c4c509357859ea2ca2cbb6d8812898a73e4ef1ef9934c2e591d7e32face734d1?s=96&d=mm&r=g\",\"contentUrl\":\"https:\\\/\\\/secure.gravatar.com\\\/avatar\\\/c4c509357859ea2ca2cbb6d8812898a73e4ef1ef9934c2e591d7e32face734d1?s=96&d=mm&r=g\",\"caption\":\"Redaction\"},\"url\":\"https:\\\/\\\/lepatriotebenin.com\"}]}<\/script>\n<!-- \/ Yoast SEO plugin. -->","yoast_head_json":{"title":"France : l\u2019Assembl\u00e9e nationale adopte d\u00e9finitivement le droit \u00e0 l\u2019aide \u00e0 mourir - Le Patriote","robots":{"index":"index","follow":"follow","max-snippet":"max-snippet:-1","max-image-preview":"max-image-preview:large","max-video-preview":"max-video-preview:-1"},"canonical":"https:\/\/lepatriotebenin.com\/index.php\/2026\/07\/16\/france-lassemblee-nationale-adopte-definitivement-le-droit-a-laide-a-mourir\/","og_locale":"fr_FR","og_type":"article","og_title":"France : l\u2019Assembl\u00e9e nationale adopte d\u00e9finitivement le droit \u00e0 l\u2019aide \u00e0 mourir - Le Patriote","og_description":"Au terme de quatre ans de d\u00e9bats, l\u2019Assembl\u00e9e nationale a adopt\u00e9 d\u00e9finitivement ce mercredi 15 juillet la proposition de loi cr\u00e9ant un droit \u00e0 l\u2019aide \u00e0 mourir. Le texte, vot\u00e9&hellip;","og_url":"https:\/\/lepatriotebenin.com\/index.php\/2026\/07\/16\/france-lassemblee-nationale-adopte-definitivement-le-droit-a-laide-a-mourir\/","og_site_name":"Le Patriote","article_published_time":"2026-07-16T15:21:08+00:00","og_image":[{"width":720,"height":490,"url":"https:\/\/lepatriotebenin.com\/wp-content\/uploads\/2026\/07\/france-2.jpeg","type":"image\/jpeg"}],"author":"Redaction","twitter_card":"summary_large_image","twitter_misc":{"\u00c9crit par":"Redaction","Dur\u00e9e de lecture estim\u00e9e":"2 minutes"},"schema":{"@context":"https:\/\/schema.org","@graph":[{"@type":"Article","@id":"https:\/\/lepatriotebenin.com\/index.php\/2026\/07\/16\/france-lassemblee-nationale-adopte-definitivement-le-droit-a-laide-a-mourir\/#article","isPartOf":{"@id":"https:\/\/lepatriotebenin.com\/index.php\/2026\/07\/16\/france-lassemblee-nationale-adopte-definitivement-le-droit-a-laide-a-mourir\/"},"author":{"name":"Redaction","@id":"https:\/\/lepatriotebenin.com\/#\/schema\/person\/2e7709b9c9cc313e452d1136af61690f"},"headline":"France : l\u2019Assembl\u00e9e nationale adopte d\u00e9finitivement le droit \u00e0 l\u2019aide \u00e0 mourir","datePublished":"2026-07-16T15:21:08+00:00","mainEntityOfPage":{"@id":"https:\/\/lepatriotebenin.com\/index.php\/2026\/07\/16\/france-lassemblee-nationale-adopte-definitivement-le-droit-a-laide-a-mourir\/"},"wordCount":280,"commentCount":0,"image":{"@id":"https:\/\/lepatriotebenin.com\/index.php\/2026\/07\/16\/france-lassemblee-nationale-adopte-definitivement-le-droit-a-laide-a-mourir\/#primaryimage"},"thumbnailUrl":"https:\/\/lepatriotebenin.com\/wp-content\/uploads\/2026\/07\/france-2.jpeg","articleSection":["Soci\u00e9t\u00e9"],"inLanguage":"fr-FR","potentialAction":[{"@type":"CommentAction","name":"Comment","target":["https:\/\/lepatriotebenin.com\/index.php\/2026\/07\/16\/france-lassemblee-nationale-adopte-definitivement-le-droit-a-laide-a-mourir\/#respond"]}]},{"@type":"WebPage","@id":"https:\/\/lepatriotebenin.com\/index.php\/2026\/07\/16\/france-lassemblee-nationale-adopte-definitivement-le-droit-a-laide-a-mourir\/","url":"https:\/\/lepatriotebenin.com\/index.php\/2026\/07\/16\/france-lassemblee-nationale-adopte-definitivement-le-droit-a-laide-a-mourir\/","name":"France : l\u2019Assembl\u00e9e nationale adopte d\u00e9finitivement le droit \u00e0 l\u2019aide \u00e0 mourir - Le Patriote","isPartOf":{"@id":"https:\/\/lepatriotebenin.com\/#website"},"primaryImageOfPage":{"@id":"https:\/\/lepatriotebenin.com\/index.php\/2026\/07\/16\/france-lassemblee-nationale-adopte-definitivement-le-droit-a-laide-a-mourir\/#primaryimage"},"image":{"@id":"https:\/\/lepatriotebenin.com\/index.php\/2026\/07\/16\/france-lassemblee-nationale-adopte-definitivement-le-droit-a-laide-a-mourir\/#primaryimage"},"thumbnailUrl":"https:\/\/lepatriotebenin.com\/wp-content\/uploads\/2026\/07\/france-2.jpeg","datePublished":"2026-07-16T15:21:08+00:00","author":{"@id":"https:\/\/lepatriotebenin.com\/#\/schema\/person\/2e7709b9c9cc313e452d1136af61690f"},"breadcrumb":{"@id":"https:\/\/lepatriotebenin.com\/index.php\/2026\/07\/16\/france-lassemblee-nationale-adopte-definitivement-le-droit-a-laide-a-mourir\/#breadcrumb"},"inLanguage":"fr-FR","potentialAction":[{"@type":"ReadAction","target":["https:\/\/lepatriotebenin.com\/index.php\/2026\/07\/16\/france-lassemblee-nationale-adopte-definitivement-le-droit-a-laide-a-mourir\/"]}]},{"@type":"ImageObject","inLanguage":"fr-FR","@id":"https:\/\/lepatriotebenin.com\/index.php\/2026\/07\/16\/france-lassemblee-nationale-adopte-definitivement-le-droit-a-laide-a-mourir\/#primaryimage","url":"https:\/\/lepatriotebenin.com\/wp-content\/uploads\/2026\/07\/france-2.jpeg","contentUrl":"https:\/\/lepatriotebenin.com\/wp-content\/uploads\/2026\/07\/france-2.jpeg","width":720,"height":490},{"@type":"BreadcrumbList","@id":"https:\/\/lepatriotebenin.com\/index.php\/2026\/07\/16\/france-lassemblee-nationale-adopte-definitivement-le-droit-a-laide-a-mourir\/#breadcrumb","itemListElement":[{"@type":"ListItem","position":1,"name":"Accueil","item":"https:\/\/lepatriotebenin.com\/"},{"@type":"ListItem","position":2,"name":"France : l\u2019Assembl\u00e9e nationale adopte d\u00e9finitivement le droit \u00e0 l\u2019aide \u00e0 mourir"}]},{"@type":"WebSite","@id":"https:\/\/lepatriotebenin.com\/#website","url":"https:\/\/lepatriotebenin.com\/","name":"Le Patriote","description":"Le Patriote B\u00e9nin","potentialAction":[{"@type":"SearchAction","target":{"@type":"EntryPoint","urlTemplate":"https:\/\/lepatriotebenin.com\/?s={search_term_string}"},"query-input":{"@type":"PropertyValueSpecification","valueRequired":true,"valueName":"search_term_string"}}],"inLanguage":"fr-FR"},{"@type":"Person","@id":"https:\/\/lepatriotebenin.com\/#\/schema\/person\/2e7709b9c9cc313e452d1136af61690f","name":"Redaction","image":{"@type":"ImageObject","inLanguage":"fr-FR","@id":"https:\/\/secure.gravatar.com\/avatar\/c4c509357859ea2ca2cbb6d8812898a73e4ef1ef9934c2e591d7e32face734d1?s=96&d=mm&r=g","url":"https:\/\/secure.gravatar.com\/avatar\/c4c509357859ea2ca2cbb6d8812898a73e4ef1ef9934c2e591d7e32face734d1?s=96&d=mm&r=g","contentUrl":"https:\/\/secure.gravatar.com\/avatar\/c4c509357859ea2ca2cbb6d8812898a73e4ef1ef9934c2e591d7e32face734d1?s=96&d=mm&r=g","caption":"Redaction"},"url":"https:\/\/lepatriotebenin.com"}]}},"_links":{"self":[{"href":"https:\/\/lepatriotebenin.com\/index.php\/wp-json\/wp\/v2\/posts\/21717","targetHints":{"allow":["GET"]}}],"collection":[{"href":"https:\/\/lepatriotebenin.com\/index.php\/wp-json\/wp\/v2\/posts"}],"about":[{"href":"https:\/\/lepatriotebenin.com\/index.php\/wp-json\/wp\/v2\/types\/post"}],"author":[{"embeddable":true,"href":"https:\/\/lepatriotebenin.com\/index.php\/wp-json\/wp\/v2\/users\/5"}],"replies":[{"embeddable":true,"href":"https:\/\/lepatriotebenin.com\/index.php\/wp-json\/wp\/v2\/comments?post=21717"}],"version-history":[{"count":1,"href":"https:\/\/lepatriotebenin.com\/index.php\/wp-json\/wp\/v2\/posts\/21717\/revisions"}],"predecessor-version":[{"id":21719,"href":"https:\/\/lepatriotebenin.com\/index.php\/wp-json\/wp\/v2\/posts\/21717\/revisions\/21719"}],"wp:featuredmedia":[{"embeddable":true,"href":"https:\/\/lepatriotebenin.com\/index.php\/wp-json\/wp\/v2\/media\/21718"}],"wp:attachment":[{"href":"https:\/\/lepatriotebenin.com\/index.php\/wp-json\/wp\/v2\/media?parent=21717"}],"wp:term":[{"taxonomy":"category","embeddable":true,"href":"https:\/\/lepatriotebenin.com\/index.php\/wp-json\/wp\/v2\/categories?post=21717"},{"taxonomy":"post_tag","embeddable":true,"href":"https:\/\/lepatriotebenin.com\/index.php\/wp-json\/wp\/v2\/tags?post=21717"}],"curies":[{"name":"wp","href":"https:\/\/api.w.org\/{rel}","templated":true}]}}