{"id":21714,"date":"2026-07-16T17:15:53","date_gmt":"2026-07-16T15:15:53","guid":{"rendered":"https:\/\/lepatriotebenin.com\/?p=21714"},"modified":"2026-07-16T17:15:53","modified_gmt":"2026-07-16T15:15:53","slug":"algerie-un-incendie-dans-un-orphelinat-fait-au-moins-11-morts","status":"publish","type":"post","link":"https:\/\/lepatriotebenin.com\/index.php\/2026\/07\/16\/algerie-un-incendie-dans-un-orphelinat-fait-au-moins-11-morts\/","title":{"rendered":"Alg\u00e9rie : un incendie dans un orphelinat fait au moins 11 morts"},"content":{"rendered":"<p><strong>Au moins 11 personnes sont mortes et 19 autres ont \u00e9t\u00e9 bless\u00e9es jeudi dans un incendie survenu dans un orphelinat de la banlieue d\u2019Alger. Selon la Protection civile, le sinistre est toujours en cours d\u2019extinction.<\/strong><\/p>\n<p>\u200eLe drame s\u2019est produit \u00e0 la \u00ab\u00a0Fondation de l\u2019enfance assist\u00e9e\u00a0\u00bb, situ\u00e9e dans la commune de Mohammadia. Dans un communiqu\u00e9, la Protection civile alg\u00e9rienne indique que ses \u00e9quipes poursuivent les op\u00e9rations pour venir \u00e0 bout des flammes. Le bilan provisoire fait \u00e9tat de 11 d\u00e9c\u00e8s. L\u2019\u00e2ge des victimes n\u2019a pas \u00e9t\u00e9 communiqu\u00e9. Aussi, 19 personnes ont \u00e9galement \u00e9t\u00e9 bless\u00e9es et prises en charge par les secours.<\/p>\n<p>\u200eL\u2019origine du feu n\u2019est pas encore connue. Une enqu\u00eate devrait \u00eatre ouverte pour d\u00e9terminer les circonstances exactes de ce drame qui touche un \u00e9tablissement accueillant des enfants. Les autorit\u00e9s locales ont exprim\u00e9 leur solidarit\u00e9 aux familles endeuill\u00e9es. Cet incendie relance la question de la s\u00e9curit\u00e9 dans les structures d\u2019accueil en Alg\u00e9rie, pays d\u00e9j\u00e0 marqu\u00e9 par de pr\u00e9c\u00e9dents drames comme celui de la maternit\u00e9 d\u2019Oued Souf en 2019 qui avait co\u00fbt\u00e9 la vie \u00e0 huit nourrissons.<\/p>\n<p><strong>\u200eEz\u00e9chiel Dagb\u00e9gnon PADONOU<\/strong><\/p>\n","protected":false},"excerpt":{"rendered":"<p>Au moins 11 personnes sont mortes et 19 autres ont \u00e9t\u00e9 bless\u00e9es jeudi dans un incendie survenu dans un orphelinat de la banlieue d\u2019Alger. Selon la Protection civile, le sinistre&hellip;<\/p>\n","protected":false},"author":5,"featured_media":21715,"comment_status":"open","ping_status":"open","sticky":false,"template":"","format":"standard","meta":{"content-type":"","om_disable_all_campaigns":false,"_monsterinsights_skip_tracking":false,"_uf_show_specific_survey":0,"_uf_disable_surveys":false,"footnotes":""},"categories":[20],"tags":[],"class_list":["post-21714","post","type-post","status-publish","format-standard","has-post-thumbnail","hentry","category-societe"],"aioseo_notices":[],"aioseo_head":"\n\t\t<!-- All in One SEO 5.0.1.1 - aioseo.com -->\n\t<meta name=\"description\" content=\"Au moins 11 personnes sont mortes et 19 autres ont \u00e9t\u00e9 bless\u00e9es jeudi dans un incendie survenu dans un orphelinat de la banlieue d\u2019Alger. Selon la Protection civile, le sinistre est toujours en cours d\u2019extinction. \u200eLe drame s\u2019est produit \u00e0 la &quot;Fondation de l\u2019enfance assist\u00e9e&quot;, situ\u00e9e dans la commune de Mohammadia. Dans un communiqu\u00e9, la\" \/>\n\t<meta name=\"robots\" content=\"max-image-preview:large\" \/>\n\t<meta name=\"author\" content=\"Redaction\"\/>\n\t<link rel=\"canonical\" href=\"https:\/\/lepatriotebenin.com\/index.php\/2026\/07\/16\/algerie-un-incendie-dans-un-orphelinat-fait-au-moins-11-morts\/\" \/>\n\t<meta name=\"generator\" content=\"All in One SEO (AIOSEO) 5.0.1.1\" \/>\n\t\t<meta property=\"og:locale\" content=\"fr_FR\" \/>\n\t\t<meta property=\"og:site_name\" content=\"Le Patriote - Le Patriote B\u00e9nin\" \/>\n\t\t<meta property=\"og:type\" content=\"article\" \/>\n\t\t<meta property=\"og:title\" content=\"Alg\u00e9rie : un incendie dans un orphelinat fait au moins 11 morts - Le Patriote\" \/>\n\t\t<meta property=\"og:description\" content=\"Au moins 11 personnes sont mortes et 19 autres ont \u00e9t\u00e9 bless\u00e9es jeudi dans un incendie survenu dans un orphelinat de la banlieue d\u2019Alger. Selon la Protection civile, le sinistre est toujours en cours d\u2019extinction. \u200eLe drame s\u2019est produit \u00e0 la &quot;Fondation de l\u2019enfance assist\u00e9e&quot;, situ\u00e9e dans la commune de Mohammadia. Dans un communiqu\u00e9, la\" \/>\n\t\t<meta property=\"og:url\" content=\"https:\/\/lepatriotebenin.com\/index.php\/2026\/07\/16\/algerie-un-incendie-dans-un-orphelinat-fait-au-moins-11-morts\/\" \/>\n\t\t<meta property=\"article:published_time\" content=\"2026-07-16T15:15:53+00:00\" \/>\n\t\t<meta property=\"article:modified_time\" content=\"2026-07-16T15:15:53+00:00\" \/>\n\t\t<meta name=\"twitter:card\" content=\"summary_large_image\" \/>\n\t\t<meta name=\"twitter:title\" content=\"Alg\u00e9rie : un incendie dans un orphelinat fait au moins 11 morts - Le Patriote\" \/>\n\t\t<meta name=\"twitter:description\" content=\"Au moins 11 personnes sont mortes et 19 autres ont \u00e9t\u00e9 bless\u00e9es jeudi dans un incendie survenu dans un orphelinat de la banlieue d\u2019Alger. Selon la Protection civile, le sinistre est toujours en cours d\u2019extinction. \u200eLe drame s\u2019est produit \u00e0 la &quot;Fondation de l\u2019enfance assist\u00e9e&quot;, situ\u00e9e dans la commune de Mohammadia. Dans un communiqu\u00e9, la\" \/>\n\t\t<script type=\"application\/ld+json\" class=\"aioseo-schema\">\n\t\t\t{\"@context\":\"https:\\\/\\\/schema.org\",\"@graph\":[{\"@type\":\"BlogPosting\",\"@id\":\"https:\\\/\\\/lepatriotebenin.com\\\/index.php\\\/2026\\\/07\\\/16\\\/algerie-un-incendie-dans-un-orphelinat-fait-au-moins-11-morts\\\/#blogposting\",\"name\":\"Alg\\u00e9rie : un incendie dans un orphelinat fait au moins 11 morts - Le Patriote\",\"headline\":\"Alg\\u00e9rie : un incendie dans un orphelinat fait au moins 11 morts\",\"author\":{\"@id\":\"https:\\\/\\\/lepatriotebenin.com#author\"},\"publisher\":{\"@id\":\"https:\\\/\\\/lepatriotebenin.com\\\/#organization\"},\"image\":{\"@type\":\"ImageObject\",\"url\":\"https:\\\/\\\/lepatriotebenin.com\\\/wp-content\\\/uploads\\\/2026\\\/07\\\/algerie.jpeg\",\"width\":720,\"height\":619},\"datePublished\":\"2026-07-16T17:15:53+02:00\",\"dateModified\":\"2026-07-16T17:15:53+02:00\",\"inLanguage\":\"fr-FR\",\"mainEntityOfPage\":{\"@id\":\"https:\\\/\\\/lepatriotebenin.com\\\/index.php\\\/2026\\\/07\\\/16\\\/algerie-un-incendie-dans-un-orphelinat-fait-au-moins-11-morts\\\/#webpage\"},\"isPartOf\":{\"@id\":\"https:\\\/\\\/lepatriotebenin.com\\\/index.php\\\/2026\\\/07\\\/16\\\/algerie-un-incendie-dans-un-orphelinat-fait-au-moins-11-morts\\\/#webpage\"},\"articleSection\":\"Soci\\u00e9t\\u00e9\"},{\"@type\":\"BreadcrumbList\",\"@id\":\"https:\\\/\\\/lepatriotebenin.com\\\/index.php\\\/2026\\\/07\\\/16\\\/algerie-un-incendie-dans-un-orphelinat-fait-au-moins-11-morts\\\/#breadcrumblist\",\"itemListElement\":[{\"@type\":\"ListItem\",\"@id\":\"https:\\\/\\\/lepatriotebenin.com#listItem\",\"position\":1,\"name\":\"Home\",\"item\":\"https:\\\/\\\/lepatriotebenin.com\",\"nextItem\":{\"@type\":\"ListItem\",\"@id\":\"https:\\\/\\\/lepatriotebenin.com\\\/index.php\\\/category\\\/societe\\\/#listItem\",\"name\":\"Soci\\u00e9t\\u00e9\"}},{\"@type\":\"ListItem\",\"@id\":\"https:\\\/\\\/lepatriotebenin.com\\\/index.php\\\/category\\\/societe\\\/#listItem\",\"position\":2,\"name\":\"Soci\\u00e9t\\u00e9\",\"item\":\"https:\\\/\\\/lepatriotebenin.com\\\/index.php\\\/category\\\/societe\\\/\",\"nextItem\":{\"@type\":\"ListItem\",\"@id\":\"https:\\\/\\\/lepatriotebenin.com\\\/index.php\\\/2026\\\/07\\\/16\\\/algerie-un-incendie-dans-un-orphelinat-fait-au-moins-11-morts\\\/#listItem\",\"name\":\"Alg\\u00e9rie : un incendie dans un orphelinat fait au moins 11 morts\"},\"previousItem\":{\"@type\":\"ListItem\",\"@id\":\"https:\\\/\\\/lepatriotebenin.com#listItem\",\"name\":\"Home\"}},{\"@type\":\"ListItem\",\"@id\":\"https:\\\/\\\/lepatriotebenin.com\\\/index.php\\\/2026\\\/07\\\/16\\\/algerie-un-incendie-dans-un-orphelinat-fait-au-moins-11-morts\\\/#listItem\",\"position\":3,\"name\":\"Alg\\u00e9rie : un incendie dans un orphelinat fait au moins 11 morts\",\"previousItem\":{\"@type\":\"ListItem\",\"@id\":\"https:\\\/\\\/lepatriotebenin.com\\\/index.php\\\/category\\\/societe\\\/#listItem\",\"name\":\"Soci\\u00e9t\\u00e9\"}}]},{\"@type\":\"Organization\",\"@id\":\"https:\\\/\\\/lepatriotebenin.com\\\/#organization\",\"name\":\"Le Patriote\",\"description\":\"Le Patriote B\\u00e9nin\",\"url\":\"https:\\\/\\\/lepatriotebenin.com\\\/\"},{\"@type\":\"Person\",\"@id\":\"https:\\\/\\\/lepatriotebenin.com#author\",\"url\":\"https:\\\/\\\/lepatriotebenin.com\",\"name\":\"Redaction\",\"image\":{\"@type\":\"ImageObject\",\"@id\":\"https:\\\/\\\/lepatriotebenin.com\\\/index.php\\\/2026\\\/07\\\/16\\\/algerie-un-incendie-dans-un-orphelinat-fait-au-moins-11-morts\\\/#authorImage\",\"url\":\"https:\\\/\\\/secure.gravatar.com\\\/avatar\\\/c4c509357859ea2ca2cbb6d8812898a73e4ef1ef9934c2e591d7e32face734d1?s=96&d=mm&r=g\",\"width\":96,\"height\":96,\"caption\":\"Redaction\"}},{\"@type\":\"WebPage\",\"@id\":\"https:\\\/\\\/lepatriotebenin.com\\\/index.php\\\/2026\\\/07\\\/16\\\/algerie-un-incendie-dans-un-orphelinat-fait-au-moins-11-morts\\\/#webpage\",\"url\":\"https:\\\/\\\/lepatriotebenin.com\\\/index.php\\\/2026\\\/07\\\/16\\\/algerie-un-incendie-dans-un-orphelinat-fait-au-moins-11-morts\\\/\",\"name\":\"Alg\\u00e9rie : un incendie dans un orphelinat fait au moins 11 morts - Le Patriote\",\"description\":\"Au moins 11 personnes sont mortes et 19 autres ont \\u00e9t\\u00e9 bless\\u00e9es jeudi dans un incendie survenu dans un orphelinat de la banlieue d\\u2019Alger. Selon la Protection civile, le sinistre est toujours en cours d\\u2019extinction. \\u200eLe drame s\\u2019est produit \\u00e0 la \\\"Fondation de l\\u2019enfance assist\\u00e9e\\\", situ\\u00e9e dans la commune de Mohammadia. Dans un communiqu\\u00e9, la\",\"inLanguage\":\"fr-FR\",\"isPartOf\":{\"@id\":\"https:\\\/\\\/lepatriotebenin.com\\\/#website\"},\"breadcrumb\":{\"@id\":\"https:\\\/\\\/lepatriotebenin.com\\\/index.php\\\/2026\\\/07\\\/16\\\/algerie-un-incendie-dans-un-orphelinat-fait-au-moins-11-morts\\\/#breadcrumblist\"},\"author\":{\"@id\":\"https:\\\/\\\/lepatriotebenin.com#author\"},\"creator\":{\"@id\":\"https:\\\/\\\/lepatriotebenin.com#author\"},\"image\":{\"@type\":\"ImageObject\",\"url\":\"https:\\\/\\\/lepatriotebenin.com\\\/wp-content\\\/uploads\\\/2026\\\/07\\\/algerie.jpeg\",\"@id\":\"https:\\\/\\\/lepatriotebenin.com\\\/index.php\\\/2026\\\/07\\\/16\\\/algerie-un-incendie-dans-un-orphelinat-fait-au-moins-11-morts\\\/#mainImage\",\"width\":720,\"height\":619},\"primaryImageOfPage\":{\"@id\":\"https:\\\/\\\/lepatriotebenin.com\\\/index.php\\\/2026\\\/07\\\/16\\\/algerie-un-incendie-dans-un-orphelinat-fait-au-moins-11-morts\\\/#mainImage\"},\"datePublished\":\"2026-07-16T17:15:53+02:00\",\"dateModified\":\"2026-07-16T17:15:53+02:00\"},{\"@type\":\"WebSite\",\"@id\":\"https:\\\/\\\/lepatriotebenin.com\\\/#website\",\"url\":\"https:\\\/\\\/lepatriotebenin.com\\\/\",\"name\":\"Le Patriote\",\"description\":\"Le Patriote B\\u00e9nin\",\"inLanguage\":\"fr-FR\",\"publisher\":{\"@id\":\"https:\\\/\\\/lepatriotebenin.com\\\/#organization\"}}]}\n\t\t<\/script>\n\t\t<!-- All in One SEO -->\n\n","aioseo_head_json":{"title":"Alg\u00e9rie : un incendie dans un orphelinat fait au moins 11 morts - Le Patriote","description":"Au moins 11 personnes sont mortes et 19 autres ont \u00e9t\u00e9 bless\u00e9es jeudi dans un incendie survenu dans un orphelinat de la banlieue d\u2019Alger. Selon la Protection civile, le sinistre est toujours en cours d\u2019extinction. \u200eLe drame s\u2019est produit \u00e0 la \"Fondation de l\u2019enfance assist\u00e9e\", situ\u00e9e dans la commune de Mohammadia. Dans un communiqu\u00e9, la","canonical_url":"https:\/\/lepatriotebenin.com\/index.php\/2026\/07\/16\/algerie-un-incendie-dans-un-orphelinat-fait-au-moins-11-morts\/","robots":"max-image-preview:large","keywords":"","webmasterTools":{"miscellaneous":""},"schema":{"@context":"https:\/\/schema.org","@graph":[{"@type":"BlogPosting","@id":"https:\/\/lepatriotebenin.com\/index.php\/2026\/07\/16\/algerie-un-incendie-dans-un-orphelinat-fait-au-moins-11-morts\/#blogposting","name":"Alg\u00e9rie : un incendie dans un orphelinat fait au moins 11 morts - Le Patriote","headline":"Alg\u00e9rie : un incendie dans un orphelinat fait au moins 11 morts","author":{"@id":"https:\/\/lepatriotebenin.com#author"},"publisher":{"@id":"https:\/\/lepatriotebenin.com\/#organization"},"image":{"@type":"ImageObject","url":"https:\/\/lepatriotebenin.com\/wp-content\/uploads\/2026\/07\/algerie.jpeg","width":720,"height":619},"datePublished":"2026-07-16T17:15:53+02:00","dateModified":"2026-07-16T17:15:53+02:00","inLanguage":"fr-FR","mainEntityOfPage":{"@id":"https:\/\/lepatriotebenin.com\/index.php\/2026\/07\/16\/algerie-un-incendie-dans-un-orphelinat-fait-au-moins-11-morts\/#webpage"},"isPartOf":{"@id":"https:\/\/lepatriotebenin.com\/index.php\/2026\/07\/16\/algerie-un-incendie-dans-un-orphelinat-fait-au-moins-11-morts\/#webpage"},"articleSection":"Soci\u00e9t\u00e9"},{"@type":"BreadcrumbList","@id":"https:\/\/lepatriotebenin.com\/index.php\/2026\/07\/16\/algerie-un-incendie-dans-un-orphelinat-fait-au-moins-11-morts\/#breadcrumblist","itemListElement":[{"@type":"ListItem","@id":"https:\/\/lepatriotebenin.com#listItem","position":1,"name":"Home","item":"https:\/\/lepatriotebenin.com","nextItem":{"@type":"ListItem","@id":"https:\/\/lepatriotebenin.com\/index.php\/category\/societe\/#listItem","name":"Soci\u00e9t\u00e9"}},{"@type":"ListItem","@id":"https:\/\/lepatriotebenin.com\/index.php\/category\/societe\/#listItem","position":2,"name":"Soci\u00e9t\u00e9","item":"https:\/\/lepatriotebenin.com\/index.php\/category\/societe\/","nextItem":{"@type":"ListItem","@id":"https:\/\/lepatriotebenin.com\/index.php\/2026\/07\/16\/algerie-un-incendie-dans-un-orphelinat-fait-au-moins-11-morts\/#listItem","name":"Alg\u00e9rie : un incendie dans un orphelinat fait au moins 11 morts"},"previousItem":{"@type":"ListItem","@id":"https:\/\/lepatriotebenin.com#listItem","name":"Home"}},{"@type":"ListItem","@id":"https:\/\/lepatriotebenin.com\/index.php\/2026\/07\/16\/algerie-un-incendie-dans-un-orphelinat-fait-au-moins-11-morts\/#listItem","position":3,"name":"Alg\u00e9rie : un incendie dans un orphelinat fait au moins 11 morts","previousItem":{"@type":"ListItem","@id":"https:\/\/lepatriotebenin.com\/index.php\/category\/societe\/#listItem","name":"Soci\u00e9t\u00e9"}}]},{"@type":"Organization","@id":"https:\/\/lepatriotebenin.com\/#organization","name":"Le Patriote","description":"Le Patriote B\u00e9nin","url":"https:\/\/lepatriotebenin.com\/"},{"@type":"Person","@id":"https:\/\/lepatriotebenin.com#author","url":"https:\/\/lepatriotebenin.com","name":"Redaction","image":{"@type":"ImageObject","@id":"https:\/\/lepatriotebenin.com\/index.php\/2026\/07\/16\/algerie-un-incendie-dans-un-orphelinat-fait-au-moins-11-morts\/#authorImage","url":"https:\/\/secure.gravatar.com\/avatar\/c4c509357859ea2ca2cbb6d8812898a73e4ef1ef9934c2e591d7e32face734d1?s=96&d=mm&r=g","width":96,"height":96,"caption":"Redaction"}},{"@type":"WebPage","@id":"https:\/\/lepatriotebenin.com\/index.php\/2026\/07\/16\/algerie-un-incendie-dans-un-orphelinat-fait-au-moins-11-morts\/#webpage","url":"https:\/\/lepatriotebenin.com\/index.php\/2026\/07\/16\/algerie-un-incendie-dans-un-orphelinat-fait-au-moins-11-morts\/","name":"Alg\u00e9rie : un incendie dans un orphelinat fait au moins 11 morts - Le Patriote","description":"Au moins 11 personnes sont mortes et 19 autres ont \u00e9t\u00e9 bless\u00e9es jeudi dans un incendie survenu dans un orphelinat de la banlieue d\u2019Alger. Selon la Protection civile, le sinistre est toujours en cours d\u2019extinction. \u200eLe drame s\u2019est produit \u00e0 la \"Fondation de l\u2019enfance assist\u00e9e\", situ\u00e9e dans la commune de Mohammadia. Dans un communiqu\u00e9, la","inLanguage":"fr-FR","isPartOf":{"@id":"https:\/\/lepatriotebenin.com\/#website"},"breadcrumb":{"@id":"https:\/\/lepatriotebenin.com\/index.php\/2026\/07\/16\/algerie-un-incendie-dans-un-orphelinat-fait-au-moins-11-morts\/#breadcrumblist"},"author":{"@id":"https:\/\/lepatriotebenin.com#author"},"creator":{"@id":"https:\/\/lepatriotebenin.com#author"},"image":{"@type":"ImageObject","url":"https:\/\/lepatriotebenin.com\/wp-content\/uploads\/2026\/07\/algerie.jpeg","@id":"https:\/\/lepatriotebenin.com\/index.php\/2026\/07\/16\/algerie-un-incendie-dans-un-orphelinat-fait-au-moins-11-morts\/#mainImage","width":720,"height":619},"primaryImageOfPage":{"@id":"https:\/\/lepatriotebenin.com\/index.php\/2026\/07\/16\/algerie-un-incendie-dans-un-orphelinat-fait-au-moins-11-morts\/#mainImage"},"datePublished":"2026-07-16T17:15:53+02:00","dateModified":"2026-07-16T17:15:53+02:00"},{"@type":"WebSite","@id":"https:\/\/lepatriotebenin.com\/#website","url":"https:\/\/lepatriotebenin.com\/","name":"Le Patriote","description":"Le Patriote B\u00e9nin","inLanguage":"fr-FR","publisher":{"@id":"https:\/\/lepatriotebenin.com\/#organization"}}]},"og:locale":"fr_FR","og:site_name":"Le Patriote - Le Patriote B\u00e9nin","og:type":"article","og:title":"Alg\u00e9rie : un incendie dans un orphelinat fait au moins 11 morts - Le Patriote","og:description":"Au moins 11 personnes sont mortes et 19 autres ont \u00e9t\u00e9 bless\u00e9es jeudi dans un incendie survenu dans un orphelinat de la banlieue d\u2019Alger. Selon la Protection civile, le sinistre est toujours en cours d\u2019extinction. \u200eLe drame s\u2019est produit \u00e0 la &quot;Fondation de l\u2019enfance assist\u00e9e&quot;, situ\u00e9e dans la commune de Mohammadia. Dans un communiqu\u00e9, la","og:url":"https:\/\/lepatriotebenin.com\/index.php\/2026\/07\/16\/algerie-un-incendie-dans-un-orphelinat-fait-au-moins-11-morts\/","article:published_time":"2026-07-16T15:15:53+00:00","article:modified_time":"2026-07-16T15:15:53+00:00","twitter:card":"summary_large_image","twitter:title":"Alg\u00e9rie : un incendie dans un orphelinat fait au moins 11 morts - Le Patriote","twitter:description":"Au moins 11 personnes sont mortes et 19 autres ont \u00e9t\u00e9 bless\u00e9es jeudi dans un incendie survenu dans un orphelinat de la banlieue d\u2019Alger. Selon la Protection civile, le sinistre est toujours en cours d\u2019extinction. \u200eLe drame s\u2019est produit \u00e0 la &quot;Fondation de l\u2019enfance assist\u00e9e&quot;, situ\u00e9e dans la commune de Mohammadia. Dans un communiqu\u00e9, la"},"aioseo_meta_data":{"post_id":"21714","title":null,"description":null,"keywords":null,"keyphrases":{"focus":{"keyphrase":"","score":0,"analysis":{"keyphraseInTitle":{"score":0,"maxScore":9,"error":1}}},"additional":[]},"primary_term":null,"canonical_url":null,"og_title":null,"og_description":null,"og_object_type":"default","og_image_type":"default","og_image_url":null,"og_image_width":null,"og_image_height":null,"og_image_custom_url":null,"og_image_custom_fields":null,"og_video":"","og_custom_url":null,"og_article_section":null,"og_article_tags":null,"twitter_use_og":false,"twitter_card":"default","twitter_image_type":"default","twitter_image_url":null,"twitter_image_custom_url":null,"twitter_image_custom_fields":null,"twitter_title":null,"twitter_description":null,"schema":{"blockGraphs":[],"customGraphs":[],"default":{"data":{"Article":[],"Course":[],"Dataset":[],"FAQPage":[],"Movie":[],"Person":[],"Product":[],"ProductReview":[],"Car":[],"Recipe":[],"Service":[],"SoftwareApplication":[],"WebPage":[]},"graphName":"BlogPosting","isEnabled":true},"graphs":[]},"schema_type":"default","schema_type_options":null,"pillar_content":false,"robots_default":true,"robots_noindex":false,"robots_noarchive":false,"robots_nosnippet":false,"robots_nofollow":false,"robots_noimageindex":false,"robots_noodp":false,"robots_notranslate":false,"robots_max_snippet":"-1","robots_max_videopreview":"-1","robots_max_imagepreview":"large","priority":null,"frequency":"default","local_seo":null,"breadcrumb_settings":null,"limit_modified_date":false,"ai":{"faqs":[],"keyPoints":[],"schemas":[],"titles":[],"descriptions":[],"socialPosts":{"email":{"subject":"","preview":"","content":""},"linkedin":[],"twitter":[],"facebook":[],"instagram":[]}},"created":"2026-07-16 15:15:53","updated":"2026-07-16 15:44:34","seo_analyzer_scan_date":null,"focus_keyword":null,"additional_keywords":null,"truseo_locale":null},"aioseo_breadcrumb":"<div class=\"aioseo-breadcrumbs\"><span class=\"aioseo-breadcrumb\">\n\t\t\t<a href=\"https:\/\/lepatriotebenin.com\" title=\"Home\">Home<\/a>\n\t\t<\/span><span class=\"aioseo-breadcrumb-separator\">&raquo;<\/span><span class=\"aioseo-breadcrumb\">\n\t\t\t<a href=\"https:\/\/lepatriotebenin.com\/index.php\/category\/societe\/\" title=\"Soci\u00e9t\u00e9\">Soci\u00e9t\u00e9<\/a>\n\t\t<\/span><span class=\"aioseo-breadcrumb-separator\">&raquo;<\/span><span class=\"aioseo-breadcrumb\">\n\t\t\tAlg\u00e9rie : un incendie dans un orphelinat fait au moins 11 morts\n\t\t<\/span><\/div>","aioseo_breadcrumb_json":[{"label":"Home","link":"https:\/\/lepatriotebenin.com"},{"label":"Soci\u00e9t\u00e9","link":"https:\/\/lepatriotebenin.com\/index.php\/category\/societe\/"},{"label":"Alg\u00e9rie : un incendie dans un orphelinat fait au moins 11 morts","link":"https:\/\/lepatriotebenin.com\/index.php\/2026\/07\/16\/algerie-un-incendie-dans-un-orphelinat-fait-au-moins-11-morts\/"}],"yoast_head":"<!-- This site is optimized with the Yoast SEO plugin v28.3 - https:\/\/yoast.com\/product\/yoast-seo-wordpress\/ -->\n<title>Alg\u00e9rie : un incendie dans un orphelinat fait au moins 11 morts - Le Patriote<\/title>\n<meta name=\"robots\" content=\"index, follow, max-snippet:-1, max-image-preview:large, max-video-preview:-1\" \/>\n<link rel=\"canonical\" href=\"https:\/\/lepatriotebenin.com\/index.php\/2026\/07\/16\/algerie-un-incendie-dans-un-orphelinat-fait-au-moins-11-morts\/\" \/>\n<meta property=\"og:locale\" content=\"fr_FR\" \/>\n<meta property=\"og:type\" content=\"article\" \/>\n<meta property=\"og:title\" content=\"Alg\u00e9rie : un incendie dans un orphelinat fait au moins 11 morts - Le Patriote\" \/>\n<meta property=\"og:description\" content=\"Au moins 11 personnes sont mortes et 19 autres ont \u00e9t\u00e9 bless\u00e9es jeudi dans un incendie survenu dans un orphelinat de la banlieue d\u2019Alger. Selon la Protection civile, le sinistre&hellip;\" \/>\n<meta property=\"og:url\" content=\"https:\/\/lepatriotebenin.com\/index.php\/2026\/07\/16\/algerie-un-incendie-dans-un-orphelinat-fait-au-moins-11-morts\/\" \/>\n<meta property=\"og:site_name\" content=\"Le Patriote\" \/>\n<meta property=\"article:published_time\" content=\"2026-07-16T15:15:53+00:00\" \/>\n<meta property=\"og:image\" content=\"https:\/\/lepatriotebenin.com\/wp-content\/uploads\/2026\/07\/algerie.jpeg\" \/>\n\t<meta property=\"og:image:width\" content=\"720\" \/>\n\t<meta property=\"og:image:height\" content=\"619\" \/>\n\t<meta property=\"og:image:type\" content=\"image\/jpeg\" \/>\n<meta name=\"author\" content=\"Redaction\" \/>\n<meta name=\"twitter:card\" content=\"summary_large_image\" \/>\n<meta name=\"twitter:label1\" content=\"\u00c9crit par\" \/>\n\t<meta name=\"twitter:data1\" content=\"Redaction\" \/>\n\t<meta name=\"twitter:label2\" content=\"Dur\u00e9e de lecture estim\u00e9e\" \/>\n\t<meta name=\"twitter:data2\" content=\"2 minutes\" \/>\n<script type=\"application\/ld+json\" class=\"yoast-schema-graph\">{\"@context\":\"https:\\\/\\\/schema.org\",\"@graph\":[{\"@type\":\"Article\",\"@id\":\"https:\\\/\\\/lepatriotebenin.com\\\/index.php\\\/2026\\\/07\\\/16\\\/algerie-un-incendie-dans-un-orphelinat-fait-au-moins-11-morts\\\/#article\",\"isPartOf\":{\"@id\":\"https:\\\/\\\/lepatriotebenin.com\\\/index.php\\\/2026\\\/07\\\/16\\\/algerie-un-incendie-dans-un-orphelinat-fait-au-moins-11-morts\\\/\"},\"author\":{\"name\":\"Redaction\",\"@id\":\"https:\\\/\\\/lepatriotebenin.com\\\/#\\\/schema\\\/person\\\/2e7709b9c9cc313e452d1136af61690f\"},\"headline\":\"Alg\u00e9rie : un incendie dans un orphelinat fait au moins 11 morts\",\"datePublished\":\"2026-07-16T15:15:53+00:00\",\"mainEntityOfPage\":{\"@id\":\"https:\\\/\\\/lepatriotebenin.com\\\/index.php\\\/2026\\\/07\\\/16\\\/algerie-un-incendie-dans-un-orphelinat-fait-au-moins-11-morts\\\/\"},\"wordCount\":211,\"commentCount\":0,\"image\":{\"@id\":\"https:\\\/\\\/lepatriotebenin.com\\\/index.php\\\/2026\\\/07\\\/16\\\/algerie-un-incendie-dans-un-orphelinat-fait-au-moins-11-morts\\\/#primaryimage\"},\"thumbnailUrl\":\"https:\\\/\\\/lepatriotebenin.com\\\/wp-content\\\/uploads\\\/2026\\\/07\\\/algerie.jpeg\",\"articleSection\":[\"Soci\u00e9t\u00e9\"],\"inLanguage\":\"fr-FR\",\"potentialAction\":[{\"@type\":\"CommentAction\",\"name\":\"Comment\",\"target\":[\"https:\\\/\\\/lepatriotebenin.com\\\/index.php\\\/2026\\\/07\\\/16\\\/algerie-un-incendie-dans-un-orphelinat-fait-au-moins-11-morts\\\/#respond\"]}]},{\"@type\":\"WebPage\",\"@id\":\"https:\\\/\\\/lepatriotebenin.com\\\/index.php\\\/2026\\\/07\\\/16\\\/algerie-un-incendie-dans-un-orphelinat-fait-au-moins-11-morts\\\/\",\"url\":\"https:\\\/\\\/lepatriotebenin.com\\\/index.php\\\/2026\\\/07\\\/16\\\/algerie-un-incendie-dans-un-orphelinat-fait-au-moins-11-morts\\\/\",\"name\":\"Alg\u00e9rie : un incendie dans un orphelinat fait au moins 11 morts - Le Patriote\",\"isPartOf\":{\"@id\":\"https:\\\/\\\/lepatriotebenin.com\\\/#website\"},\"primaryImageOfPage\":{\"@id\":\"https:\\\/\\\/lepatriotebenin.com\\\/index.php\\\/2026\\\/07\\\/16\\\/algerie-un-incendie-dans-un-orphelinat-fait-au-moins-11-morts\\\/#primaryimage\"},\"image\":{\"@id\":\"https:\\\/\\\/lepatriotebenin.com\\\/index.php\\\/2026\\\/07\\\/16\\\/algerie-un-incendie-dans-un-orphelinat-fait-au-moins-11-morts\\\/#primaryimage\"},\"thumbnailUrl\":\"https:\\\/\\\/lepatriotebenin.com\\\/wp-content\\\/uploads\\\/2026\\\/07\\\/algerie.jpeg\",\"datePublished\":\"2026-07-16T15:15:53+00:00\",\"author\":{\"@id\":\"https:\\\/\\\/lepatriotebenin.com\\\/#\\\/schema\\\/person\\\/2e7709b9c9cc313e452d1136af61690f\"},\"breadcrumb\":{\"@id\":\"https:\\\/\\\/lepatriotebenin.com\\\/index.php\\\/2026\\\/07\\\/16\\\/algerie-un-incendie-dans-un-orphelinat-fait-au-moins-11-morts\\\/#breadcrumb\"},\"inLanguage\":\"fr-FR\",\"potentialAction\":[{\"@type\":\"ReadAction\",\"target\":[\"https:\\\/\\\/lepatriotebenin.com\\\/index.php\\\/2026\\\/07\\\/16\\\/algerie-un-incendie-dans-un-orphelinat-fait-au-moins-11-morts\\\/\"]}]},{\"@type\":\"ImageObject\",\"inLanguage\":\"fr-FR\",\"@id\":\"https:\\\/\\\/lepatriotebenin.com\\\/index.php\\\/2026\\\/07\\\/16\\\/algerie-un-incendie-dans-un-orphelinat-fait-au-moins-11-morts\\\/#primaryimage\",\"url\":\"https:\\\/\\\/lepatriotebenin.com\\\/wp-content\\\/uploads\\\/2026\\\/07\\\/algerie.jpeg\",\"contentUrl\":\"https:\\\/\\\/lepatriotebenin.com\\\/wp-content\\\/uploads\\\/2026\\\/07\\\/algerie.jpeg\",\"width\":720,\"height\":619},{\"@type\":\"BreadcrumbList\",\"@id\":\"https:\\\/\\\/lepatriotebenin.com\\\/index.php\\\/2026\\\/07\\\/16\\\/algerie-un-incendie-dans-un-orphelinat-fait-au-moins-11-morts\\\/#breadcrumb\",\"itemListElement\":[{\"@type\":\"ListItem\",\"position\":1,\"name\":\"Accueil\",\"item\":\"https:\\\/\\\/lepatriotebenin.com\\\/\"},{\"@type\":\"ListItem\",\"position\":2,\"name\":\"Alg\u00e9rie : un incendie dans un orphelinat fait au moins 11 morts\"}]},{\"@type\":\"WebSite\",\"@id\":\"https:\\\/\\\/lepatriotebenin.com\\\/#website\",\"url\":\"https:\\\/\\\/lepatriotebenin.com\\\/\",\"name\":\"Le Patriote\",\"description\":\"Le Patriote B\u00e9nin\",\"potentialAction\":[{\"@type\":\"SearchAction\",\"target\":{\"@type\":\"EntryPoint\",\"urlTemplate\":\"https:\\\/\\\/lepatriotebenin.com\\\/?s={search_term_string}\"},\"query-input\":{\"@type\":\"PropertyValueSpecification\",\"valueRequired\":true,\"valueName\":\"search_term_string\"}}],\"inLanguage\":\"fr-FR\"},{\"@type\":\"Person\",\"@id\":\"https:\\\/\\\/lepatriotebenin.com\\\/#\\\/schema\\\/person\\\/2e7709b9c9cc313e452d1136af61690f\",\"name\":\"Redaction\",\"image\":{\"@type\":\"ImageObject\",\"inLanguage\":\"fr-FR\",\"@id\":\"https:\\\/\\\/secure.gravatar.com\\\/avatar\\\/c4c509357859ea2ca2cbb6d8812898a73e4ef1ef9934c2e591d7e32face734d1?s=96&d=mm&r=g\",\"url\":\"https:\\\/\\\/secure.gravatar.com\\\/avatar\\\/c4c509357859ea2ca2cbb6d8812898a73e4ef1ef9934c2e591d7e32face734d1?s=96&d=mm&r=g\",\"contentUrl\":\"https:\\\/\\\/secure.gravatar.com\\\/avatar\\\/c4c509357859ea2ca2cbb6d8812898a73e4ef1ef9934c2e591d7e32face734d1?s=96&d=mm&r=g\",\"caption\":\"Redaction\"},\"url\":\"https:\\\/\\\/lepatriotebenin.com\"}]}<\/script>\n<!-- \/ Yoast SEO plugin. -->","yoast_head_json":{"title":"Alg\u00e9rie : un incendie dans un orphelinat fait au moins 11 morts - Le Patriote","robots":{"index":"index","follow":"follow","max-snippet":"max-snippet:-1","max-image-preview":"max-image-preview:large","max-video-preview":"max-video-preview:-1"},"canonical":"https:\/\/lepatriotebenin.com\/index.php\/2026\/07\/16\/algerie-un-incendie-dans-un-orphelinat-fait-au-moins-11-morts\/","og_locale":"fr_FR","og_type":"article","og_title":"Alg\u00e9rie : un incendie dans un orphelinat fait au moins 11 morts - Le Patriote","og_description":"Au moins 11 personnes sont mortes et 19 autres ont \u00e9t\u00e9 bless\u00e9es jeudi dans un incendie survenu dans un orphelinat de la banlieue d\u2019Alger. Selon la Protection civile, le sinistre&hellip;","og_url":"https:\/\/lepatriotebenin.com\/index.php\/2026\/07\/16\/algerie-un-incendie-dans-un-orphelinat-fait-au-moins-11-morts\/","og_site_name":"Le Patriote","article_published_time":"2026-07-16T15:15:53+00:00","og_image":[{"width":720,"height":619,"url":"https:\/\/lepatriotebenin.com\/wp-content\/uploads\/2026\/07\/algerie.jpeg","type":"image\/jpeg"}],"author":"Redaction","twitter_card":"summary_large_image","twitter_misc":{"\u00c9crit par":"Redaction","Dur\u00e9e de lecture estim\u00e9e":"2 minutes"},"schema":{"@context":"https:\/\/schema.org","@graph":[{"@type":"Article","@id":"https:\/\/lepatriotebenin.com\/index.php\/2026\/07\/16\/algerie-un-incendie-dans-un-orphelinat-fait-au-moins-11-morts\/#article","isPartOf":{"@id":"https:\/\/lepatriotebenin.com\/index.php\/2026\/07\/16\/algerie-un-incendie-dans-un-orphelinat-fait-au-moins-11-morts\/"},"author":{"name":"Redaction","@id":"https:\/\/lepatriotebenin.com\/#\/schema\/person\/2e7709b9c9cc313e452d1136af61690f"},"headline":"Alg\u00e9rie : un incendie dans un orphelinat fait au moins 11 morts","datePublished":"2026-07-16T15:15:53+00:00","mainEntityOfPage":{"@id":"https:\/\/lepatriotebenin.com\/index.php\/2026\/07\/16\/algerie-un-incendie-dans-un-orphelinat-fait-au-moins-11-morts\/"},"wordCount":211,"commentCount":0,"image":{"@id":"https:\/\/lepatriotebenin.com\/index.php\/2026\/07\/16\/algerie-un-incendie-dans-un-orphelinat-fait-au-moins-11-morts\/#primaryimage"},"thumbnailUrl":"https:\/\/lepatriotebenin.com\/wp-content\/uploads\/2026\/07\/algerie.jpeg","articleSection":["Soci\u00e9t\u00e9"],"inLanguage":"fr-FR","potentialAction":[{"@type":"CommentAction","name":"Comment","target":["https:\/\/lepatriotebenin.com\/index.php\/2026\/07\/16\/algerie-un-incendie-dans-un-orphelinat-fait-au-moins-11-morts\/#respond"]}]},{"@type":"WebPage","@id":"https:\/\/lepatriotebenin.com\/index.php\/2026\/07\/16\/algerie-un-incendie-dans-un-orphelinat-fait-au-moins-11-morts\/","url":"https:\/\/lepatriotebenin.com\/index.php\/2026\/07\/16\/algerie-un-incendie-dans-un-orphelinat-fait-au-moins-11-morts\/","name":"Alg\u00e9rie : un incendie dans un orphelinat fait au moins 11 morts - Le Patriote","isPartOf":{"@id":"https:\/\/lepatriotebenin.com\/#website"},"primaryImageOfPage":{"@id":"https:\/\/lepatriotebenin.com\/index.php\/2026\/07\/16\/algerie-un-incendie-dans-un-orphelinat-fait-au-moins-11-morts\/#primaryimage"},"image":{"@id":"https:\/\/lepatriotebenin.com\/index.php\/2026\/07\/16\/algerie-un-incendie-dans-un-orphelinat-fait-au-moins-11-morts\/#primaryimage"},"thumbnailUrl":"https:\/\/lepatriotebenin.com\/wp-content\/uploads\/2026\/07\/algerie.jpeg","datePublished":"2026-07-16T15:15:53+00:00","author":{"@id":"https:\/\/lepatriotebenin.com\/#\/schema\/person\/2e7709b9c9cc313e452d1136af61690f"},"breadcrumb":{"@id":"https:\/\/lepatriotebenin.com\/index.php\/2026\/07\/16\/algerie-un-incendie-dans-un-orphelinat-fait-au-moins-11-morts\/#breadcrumb"},"inLanguage":"fr-FR","potentialAction":[{"@type":"ReadAction","target":["https:\/\/lepatriotebenin.com\/index.php\/2026\/07\/16\/algerie-un-incendie-dans-un-orphelinat-fait-au-moins-11-morts\/"]}]},{"@type":"ImageObject","inLanguage":"fr-FR","@id":"https:\/\/lepatriotebenin.com\/index.php\/2026\/07\/16\/algerie-un-incendie-dans-un-orphelinat-fait-au-moins-11-morts\/#primaryimage","url":"https:\/\/lepatriotebenin.com\/wp-content\/uploads\/2026\/07\/algerie.jpeg","contentUrl":"https:\/\/lepatriotebenin.com\/wp-content\/uploads\/2026\/07\/algerie.jpeg","width":720,"height":619},{"@type":"BreadcrumbList","@id":"https:\/\/lepatriotebenin.com\/index.php\/2026\/07\/16\/algerie-un-incendie-dans-un-orphelinat-fait-au-moins-11-morts\/#breadcrumb","itemListElement":[{"@type":"ListItem","position":1,"name":"Accueil","item":"https:\/\/lepatriotebenin.com\/"},{"@type":"ListItem","position":2,"name":"Alg\u00e9rie : un incendie dans un orphelinat fait au moins 11 morts"}]},{"@type":"WebSite","@id":"https:\/\/lepatriotebenin.com\/#website","url":"https:\/\/lepatriotebenin.com\/","name":"Le Patriote","description":"Le Patriote B\u00e9nin","potentialAction":[{"@type":"SearchAction","target":{"@type":"EntryPoint","urlTemplate":"https:\/\/lepatriotebenin.com\/?s={search_term_string}"},"query-input":{"@type":"PropertyValueSpecification","valueRequired":true,"valueName":"search_term_string"}}],"inLanguage":"fr-FR"},{"@type":"Person","@id":"https:\/\/lepatriotebenin.com\/#\/schema\/person\/2e7709b9c9cc313e452d1136af61690f","name":"Redaction","image":{"@type":"ImageObject","inLanguage":"fr-FR","@id":"https:\/\/secure.gravatar.com\/avatar\/c4c509357859ea2ca2cbb6d8812898a73e4ef1ef9934c2e591d7e32face734d1?s=96&d=mm&r=g","url":"https:\/\/secure.gravatar.com\/avatar\/c4c509357859ea2ca2cbb6d8812898a73e4ef1ef9934c2e591d7e32face734d1?s=96&d=mm&r=g","contentUrl":"https:\/\/secure.gravatar.com\/avatar\/c4c509357859ea2ca2cbb6d8812898a73e4ef1ef9934c2e591d7e32face734d1?s=96&d=mm&r=g","caption":"Redaction"},"url":"https:\/\/lepatriotebenin.com"}]}},"_links":{"self":[{"href":"https:\/\/lepatriotebenin.com\/index.php\/wp-json\/wp\/v2\/posts\/21714","targetHints":{"allow":["GET"]}}],"collection":[{"href":"https:\/\/lepatriotebenin.com\/index.php\/wp-json\/wp\/v2\/posts"}],"about":[{"href":"https:\/\/lepatriotebenin.com\/index.php\/wp-json\/wp\/v2\/types\/post"}],"author":[{"embeddable":true,"href":"https:\/\/lepatriotebenin.com\/index.php\/wp-json\/wp\/v2\/users\/5"}],"replies":[{"embeddable":true,"href":"https:\/\/lepatriotebenin.com\/index.php\/wp-json\/wp\/v2\/comments?post=21714"}],"version-history":[{"count":1,"href":"https:\/\/lepatriotebenin.com\/index.php\/wp-json\/wp\/v2\/posts\/21714\/revisions"}],"predecessor-version":[{"id":21716,"href":"https:\/\/lepatriotebenin.com\/index.php\/wp-json\/wp\/v2\/posts\/21714\/revisions\/21716"}],"wp:featuredmedia":[{"embeddable":true,"href":"https:\/\/lepatriotebenin.com\/index.php\/wp-json\/wp\/v2\/media\/21715"}],"wp:attachment":[{"href":"https:\/\/lepatriotebenin.com\/index.php\/wp-json\/wp\/v2\/media?parent=21714"}],"wp:term":[{"taxonomy":"category","embeddable":true,"href":"https:\/\/lepatriotebenin.com\/index.php\/wp-json\/wp\/v2\/categories?post=21714"},{"taxonomy":"post_tag","embeddable":true,"href":"https:\/\/lepatriotebenin.com\/index.php\/wp-json\/wp\/v2\/tags?post=21714"}],"curies":[{"name":"wp","href":"https:\/\/api.w.org\/{rel}","templated":true}]}}