{"id":21686,"date":"2026-07-15T13:41:04","date_gmt":"2026-07-15T11:41:04","guid":{"rendered":"https:\/\/lepatriotebenin.com\/?p=21686"},"modified":"2026-07-15T13:41:04","modified_gmt":"2026-07-15T11:41:04","slug":"burkina-faso-deux-diplomates-de-lue-declares-persona-non-grata","status":"publish","type":"post","link":"https:\/\/lepatriotebenin.com\/index.php\/2026\/07\/15\/burkina-faso-deux-diplomates-de-lue-declares-persona-non-grata\/","title":{"rendered":"Burkina Faso : deux diplomates de l\u2019UE d\u00e9clar\u00e9s \u00ab persona non grata \u00bb"},"content":{"rendered":"<p>Le Burkina Faso a d\u00e9clar\u00e9 mardi soir \u00ab persona non grata \u00bb deux diplomates de l&rsquo;UE. L\u2019annonce intervient dans un contexte de tensions croissantes entre les autorit\u00e9s de transition et l\u2019Union europ\u00e9enne.<\/p>\n<p>\u200eSelon l\u2019Agence d\u2019Information du Burkina (AIB), le chef de d\u00e9l\u00e9gation adjoint de l\u2019UE et la charg\u00e9e de programme de la D\u00e9l\u00e9gation de l\u2019UE au Burkina Faso sont d\u00e9sormais d\u00e9clar\u00e9s \u00ab personna non grata \u00bb. Les deux diplomates disposent d\u2019un d\u00e9lai de trois jours pour quitter le territoire. Ouagadougou n\u2019a pas encore communiqu\u00e9 officiellement sur les motifs de cette expulsion.<\/p>\n<p>\u200eCette d\u00e9cision s\u2019inscrit dans une s\u00e9rie d\u2019expulsions de repr\u00e9sentants d\u2019organisations internationales. En ao\u00fbt 2025, la coordonnatrice r\u00e9sidente de l\u2019ONU, Carol Flore-Smereczniak, avait \u00e9t\u00e9 d\u00e9clar\u00e9e \u00ab persona non grata \u00bb apr\u00e8s la publication d\u2019un rapport onusien jug\u00e9 \u00ab mensonger \u00bb par Ouagadougou.<\/p>\n<p>\u200eEn juin dernier, le chef de la D\u00e9l\u00e9gation de l\u2019UE, Daniel Aristi Gaztelumendi, avait d\u00e9j\u00e0 \u00e9t\u00e9 convoqu\u00e9 par le ministre burkinab\u00e8 des Affaires \u00e9trang\u00e8res, Karamoko Jean-Marie Traor\u00e9. La convocation faisait suite \u00e0 une r\u00e9solution du Parlement europ\u00e9en que le r\u00e9gime militaire qualifiait d\u2019\u00ab hostile \u00bb.<\/p>\n<p>\u200eLe 26 juin 2026, le Burkina Faso \u00e0 travers un communiqu\u00e9, a annonc\u00e9 la rupture de ses relations diplomatiques avec la France, d\u00e9non\u00e7ant une ing\u00e9rence \u00e9trang\u00e8re. La France a qualifi\u00e9 cette d\u00e9cision d&rsquo;\u00abhostile\u00bb et \u00e0 pr\u00e9cis\u00e9 que les mesures de r\u00e9ciprocit\u00e9 seront prises.<\/p>\n<p><strong>\u200eEz\u00e9chiel Dagb\u00e9gnon PADONOU<\/strong><\/p>\n","protected":false},"excerpt":{"rendered":"<p>Le Burkina Faso a d\u00e9clar\u00e9 mardi soir \u00ab persona non grata \u00bb deux diplomates de l&rsquo;UE. L\u2019annonce intervient dans un contexte de tensions croissantes entre les autorit\u00e9s de transition et&hellip;<\/p>\n","protected":false},"author":5,"featured_media":21687,"comment_status":"open","ping_status":"open","sticky":false,"template":"","format":"standard","meta":{"content-type":"","om_disable_all_campaigns":false,"_monsterinsights_skip_tracking":false,"_uf_show_specific_survey":0,"_uf_disable_surveys":false,"footnotes":""},"categories":[26],"tags":[],"class_list":["post-21686","post","type-post","status-publish","format-standard","has-post-thumbnail","hentry","category-politique"],"aioseo_notices":[],"aioseo_head":"\n\t\t<!-- All in One SEO 5.0.1.1 - aioseo.com -->\n\t<meta name=\"description\" content=\"Le Burkina Faso a d\u00e9clar\u00e9 mardi soir \u00ab persona non grata \u00bb deux diplomates de l&#039;UE. L\u2019annonce intervient dans un contexte de tensions croissantes entre les autorit\u00e9s de transition et l\u2019Union europ\u00e9enne. \u200eSelon l\u2019Agence d\u2019Information du Burkina (AIB), le chef de d\u00e9l\u00e9gation adjoint de l\u2019UE et la charg\u00e9e de programme de la D\u00e9l\u00e9gation de l\u2019UE\" \/>\n\t<meta name=\"robots\" content=\"max-image-preview:large\" \/>\n\t<meta name=\"author\" content=\"Redaction\"\/>\n\t<link rel=\"canonical\" href=\"https:\/\/lepatriotebenin.com\/index.php\/2026\/07\/15\/burkina-faso-deux-diplomates-de-lue-declares-persona-non-grata\/\" \/>\n\t<meta name=\"generator\" content=\"All in One SEO (AIOSEO) 5.0.1.1\" \/>\n\t\t<meta property=\"og:locale\" content=\"fr_FR\" \/>\n\t\t<meta property=\"og:site_name\" content=\"Le Patriote - Le Patriote B\u00e9nin\" \/>\n\t\t<meta property=\"og:type\" content=\"article\" \/>\n\t\t<meta property=\"og:title\" content=\"Burkina Faso : deux diplomates de l\u2019UE d\u00e9clar\u00e9s \u00ab persona non grata \u00bb - Le Patriote\" \/>\n\t\t<meta property=\"og:description\" content=\"Le Burkina Faso a d\u00e9clar\u00e9 mardi soir \u00ab persona non grata \u00bb deux diplomates de l&#039;UE. L\u2019annonce intervient dans un contexte de tensions croissantes entre les autorit\u00e9s de transition et l\u2019Union europ\u00e9enne. \u200eSelon l\u2019Agence d\u2019Information du Burkina (AIB), le chef de d\u00e9l\u00e9gation adjoint de l\u2019UE et la charg\u00e9e de programme de la D\u00e9l\u00e9gation de l\u2019UE\" \/>\n\t\t<meta property=\"og:url\" content=\"https:\/\/lepatriotebenin.com\/index.php\/2026\/07\/15\/burkina-faso-deux-diplomates-de-lue-declares-persona-non-grata\/\" \/>\n\t\t<meta property=\"article:published_time\" content=\"2026-07-15T11:41:04+00:00\" \/>\n\t\t<meta property=\"article:modified_time\" content=\"2026-07-15T11:41:04+00:00\" \/>\n\t\t<meta name=\"twitter:card\" content=\"summary_large_image\" \/>\n\t\t<meta name=\"twitter:title\" content=\"Burkina Faso : deux diplomates de l\u2019UE d\u00e9clar\u00e9s \u00ab persona non grata \u00bb - Le Patriote\" \/>\n\t\t<meta name=\"twitter:description\" content=\"Le Burkina Faso a d\u00e9clar\u00e9 mardi soir \u00ab persona non grata \u00bb deux diplomates de l&#039;UE. L\u2019annonce intervient dans un contexte de tensions croissantes entre les autorit\u00e9s de transition et l\u2019Union europ\u00e9enne. \u200eSelon l\u2019Agence d\u2019Information du Burkina (AIB), le chef de d\u00e9l\u00e9gation adjoint de l\u2019UE et la charg\u00e9e de programme de la D\u00e9l\u00e9gation de l\u2019UE\" \/>\n\t\t<script type=\"application\/ld+json\" class=\"aioseo-schema\">\n\t\t\t{\"@context\":\"https:\\\/\\\/schema.org\",\"@graph\":[{\"@type\":\"BlogPosting\",\"@id\":\"https:\\\/\\\/lepatriotebenin.com\\\/index.php\\\/2026\\\/07\\\/15\\\/burkina-faso-deux-diplomates-de-lue-declares-persona-non-grata\\\/#blogposting\",\"name\":\"Burkina Faso : deux diplomates de l\\u2019UE d\\u00e9clar\\u00e9s \\u00ab persona non grata \\u00bb - Le Patriote\",\"headline\":\"Burkina Faso : deux diplomates de l\\u2019UE d\\u00e9clar\\u00e9s \\u00ab persona non grata \\u00bb\",\"author\":{\"@id\":\"https:\\\/\\\/lepatriotebenin.com#author\"},\"publisher\":{\"@id\":\"https:\\\/\\\/lepatriotebenin.com\\\/#organization\"},\"image\":{\"@type\":\"ImageObject\",\"url\":\"https:\\\/\\\/lepatriotebenin.com\\\/wp-content\\\/uploads\\\/2026\\\/07\\\/burkina.jpeg\",\"width\":864,\"height\":486},\"datePublished\":\"2026-07-15T13:41:04+02:00\",\"dateModified\":\"2026-07-15T13:41:04+02:00\",\"inLanguage\":\"fr-FR\",\"mainEntityOfPage\":{\"@id\":\"https:\\\/\\\/lepatriotebenin.com\\\/index.php\\\/2026\\\/07\\\/15\\\/burkina-faso-deux-diplomates-de-lue-declares-persona-non-grata\\\/#webpage\"},\"isPartOf\":{\"@id\":\"https:\\\/\\\/lepatriotebenin.com\\\/index.php\\\/2026\\\/07\\\/15\\\/burkina-faso-deux-diplomates-de-lue-declares-persona-non-grata\\\/#webpage\"},\"articleSection\":\"Politique\"},{\"@type\":\"BreadcrumbList\",\"@id\":\"https:\\\/\\\/lepatriotebenin.com\\\/index.php\\\/2026\\\/07\\\/15\\\/burkina-faso-deux-diplomates-de-lue-declares-persona-non-grata\\\/#breadcrumblist\",\"itemListElement\":[{\"@type\":\"ListItem\",\"@id\":\"https:\\\/\\\/lepatriotebenin.com#listItem\",\"position\":1,\"name\":\"Home\",\"item\":\"https:\\\/\\\/lepatriotebenin.com\",\"nextItem\":{\"@type\":\"ListItem\",\"@id\":\"https:\\\/\\\/lepatriotebenin.com\\\/index.php\\\/category\\\/politique\\\/#listItem\",\"name\":\"Politique\"}},{\"@type\":\"ListItem\",\"@id\":\"https:\\\/\\\/lepatriotebenin.com\\\/index.php\\\/category\\\/politique\\\/#listItem\",\"position\":2,\"name\":\"Politique\",\"item\":\"https:\\\/\\\/lepatriotebenin.com\\\/index.php\\\/category\\\/politique\\\/\",\"nextItem\":{\"@type\":\"ListItem\",\"@id\":\"https:\\\/\\\/lepatriotebenin.com\\\/index.php\\\/2026\\\/07\\\/15\\\/burkina-faso-deux-diplomates-de-lue-declares-persona-non-grata\\\/#listItem\",\"name\":\"Burkina Faso : deux diplomates de l\\u2019UE d\\u00e9clar\\u00e9s \\u00ab persona non grata \\u00bb\"},\"previousItem\":{\"@type\":\"ListItem\",\"@id\":\"https:\\\/\\\/lepatriotebenin.com#listItem\",\"name\":\"Home\"}},{\"@type\":\"ListItem\",\"@id\":\"https:\\\/\\\/lepatriotebenin.com\\\/index.php\\\/2026\\\/07\\\/15\\\/burkina-faso-deux-diplomates-de-lue-declares-persona-non-grata\\\/#listItem\",\"position\":3,\"name\":\"Burkina Faso : deux diplomates de l\\u2019UE d\\u00e9clar\\u00e9s \\u00ab persona non grata \\u00bb\",\"previousItem\":{\"@type\":\"ListItem\",\"@id\":\"https:\\\/\\\/lepatriotebenin.com\\\/index.php\\\/category\\\/politique\\\/#listItem\",\"name\":\"Politique\"}}]},{\"@type\":\"Organization\",\"@id\":\"https:\\\/\\\/lepatriotebenin.com\\\/#organization\",\"name\":\"Le Patriote\",\"description\":\"Le Patriote B\\u00e9nin\",\"url\":\"https:\\\/\\\/lepatriotebenin.com\\\/\"},{\"@type\":\"Person\",\"@id\":\"https:\\\/\\\/lepatriotebenin.com#author\",\"url\":\"https:\\\/\\\/lepatriotebenin.com\",\"name\":\"Redaction\",\"image\":{\"@type\":\"ImageObject\",\"@id\":\"https:\\\/\\\/lepatriotebenin.com\\\/index.php\\\/2026\\\/07\\\/15\\\/burkina-faso-deux-diplomates-de-lue-declares-persona-non-grata\\\/#authorImage\",\"url\":\"https:\\\/\\\/secure.gravatar.com\\\/avatar\\\/c4c509357859ea2ca2cbb6d8812898a73e4ef1ef9934c2e591d7e32face734d1?s=96&d=mm&r=g\",\"width\":96,\"height\":96,\"caption\":\"Redaction\"}},{\"@type\":\"WebPage\",\"@id\":\"https:\\\/\\\/lepatriotebenin.com\\\/index.php\\\/2026\\\/07\\\/15\\\/burkina-faso-deux-diplomates-de-lue-declares-persona-non-grata\\\/#webpage\",\"url\":\"https:\\\/\\\/lepatriotebenin.com\\\/index.php\\\/2026\\\/07\\\/15\\\/burkina-faso-deux-diplomates-de-lue-declares-persona-non-grata\\\/\",\"name\":\"Burkina Faso : deux diplomates de l\\u2019UE d\\u00e9clar\\u00e9s \\u00ab persona non grata \\u00bb - Le Patriote\",\"description\":\"Le Burkina Faso a d\\u00e9clar\\u00e9 mardi soir \\u00ab persona non grata \\u00bb deux diplomates de l'UE. L\\u2019annonce intervient dans un contexte de tensions croissantes entre les autorit\\u00e9s de transition et l\\u2019Union europ\\u00e9enne. \\u200eSelon l\\u2019Agence d\\u2019Information du Burkina (AIB), le chef de d\\u00e9l\\u00e9gation adjoint de l\\u2019UE et la charg\\u00e9e de programme de la D\\u00e9l\\u00e9gation de l\\u2019UE\",\"inLanguage\":\"fr-FR\",\"isPartOf\":{\"@id\":\"https:\\\/\\\/lepatriotebenin.com\\\/#website\"},\"breadcrumb\":{\"@id\":\"https:\\\/\\\/lepatriotebenin.com\\\/index.php\\\/2026\\\/07\\\/15\\\/burkina-faso-deux-diplomates-de-lue-declares-persona-non-grata\\\/#breadcrumblist\"},\"author\":{\"@id\":\"https:\\\/\\\/lepatriotebenin.com#author\"},\"creator\":{\"@id\":\"https:\\\/\\\/lepatriotebenin.com#author\"},\"image\":{\"@type\":\"ImageObject\",\"url\":\"https:\\\/\\\/lepatriotebenin.com\\\/wp-content\\\/uploads\\\/2026\\\/07\\\/burkina.jpeg\",\"@id\":\"https:\\\/\\\/lepatriotebenin.com\\\/index.php\\\/2026\\\/07\\\/15\\\/burkina-faso-deux-diplomates-de-lue-declares-persona-non-grata\\\/#mainImage\",\"width\":864,\"height\":486},\"primaryImageOfPage\":{\"@id\":\"https:\\\/\\\/lepatriotebenin.com\\\/index.php\\\/2026\\\/07\\\/15\\\/burkina-faso-deux-diplomates-de-lue-declares-persona-non-grata\\\/#mainImage\"},\"datePublished\":\"2026-07-15T13:41:04+02:00\",\"dateModified\":\"2026-07-15T13:41:04+02:00\"},{\"@type\":\"WebSite\",\"@id\":\"https:\\\/\\\/lepatriotebenin.com\\\/#website\",\"url\":\"https:\\\/\\\/lepatriotebenin.com\\\/\",\"name\":\"Le Patriote\",\"description\":\"Le Patriote B\\u00e9nin\",\"inLanguage\":\"fr-FR\",\"publisher\":{\"@id\":\"https:\\\/\\\/lepatriotebenin.com\\\/#organization\"}}]}\n\t\t<\/script>\n\t\t<!-- All in One SEO -->\n\n","aioseo_head_json":{"title":"Burkina Faso : deux diplomates de l\u2019UE d\u00e9clar\u00e9s \u00ab persona non grata \u00bb - Le Patriote","description":"Le Burkina Faso a d\u00e9clar\u00e9 mardi soir \u00ab persona non grata \u00bb deux diplomates de l'UE. L\u2019annonce intervient dans un contexte de tensions croissantes entre les autorit\u00e9s de transition et l\u2019Union europ\u00e9enne. \u200eSelon l\u2019Agence d\u2019Information du Burkina (AIB), le chef de d\u00e9l\u00e9gation adjoint de l\u2019UE et la charg\u00e9e de programme de la D\u00e9l\u00e9gation de l\u2019UE","canonical_url":"https:\/\/lepatriotebenin.com\/index.php\/2026\/07\/15\/burkina-faso-deux-diplomates-de-lue-declares-persona-non-grata\/","robots":"max-image-preview:large","keywords":"","webmasterTools":{"miscellaneous":""},"schema":{"@context":"https:\/\/schema.org","@graph":[{"@type":"BlogPosting","@id":"https:\/\/lepatriotebenin.com\/index.php\/2026\/07\/15\/burkina-faso-deux-diplomates-de-lue-declares-persona-non-grata\/#blogposting","name":"Burkina Faso : deux diplomates de l\u2019UE d\u00e9clar\u00e9s \u00ab persona non grata \u00bb - Le Patriote","headline":"Burkina Faso : deux diplomates de l\u2019UE d\u00e9clar\u00e9s \u00ab persona non grata \u00bb","author":{"@id":"https:\/\/lepatriotebenin.com#author"},"publisher":{"@id":"https:\/\/lepatriotebenin.com\/#organization"},"image":{"@type":"ImageObject","url":"https:\/\/lepatriotebenin.com\/wp-content\/uploads\/2026\/07\/burkina.jpeg","width":864,"height":486},"datePublished":"2026-07-15T13:41:04+02:00","dateModified":"2026-07-15T13:41:04+02:00","inLanguage":"fr-FR","mainEntityOfPage":{"@id":"https:\/\/lepatriotebenin.com\/index.php\/2026\/07\/15\/burkina-faso-deux-diplomates-de-lue-declares-persona-non-grata\/#webpage"},"isPartOf":{"@id":"https:\/\/lepatriotebenin.com\/index.php\/2026\/07\/15\/burkina-faso-deux-diplomates-de-lue-declares-persona-non-grata\/#webpage"},"articleSection":"Politique"},{"@type":"BreadcrumbList","@id":"https:\/\/lepatriotebenin.com\/index.php\/2026\/07\/15\/burkina-faso-deux-diplomates-de-lue-declares-persona-non-grata\/#breadcrumblist","itemListElement":[{"@type":"ListItem","@id":"https:\/\/lepatriotebenin.com#listItem","position":1,"name":"Home","item":"https:\/\/lepatriotebenin.com","nextItem":{"@type":"ListItem","@id":"https:\/\/lepatriotebenin.com\/index.php\/category\/politique\/#listItem","name":"Politique"}},{"@type":"ListItem","@id":"https:\/\/lepatriotebenin.com\/index.php\/category\/politique\/#listItem","position":2,"name":"Politique","item":"https:\/\/lepatriotebenin.com\/index.php\/category\/politique\/","nextItem":{"@type":"ListItem","@id":"https:\/\/lepatriotebenin.com\/index.php\/2026\/07\/15\/burkina-faso-deux-diplomates-de-lue-declares-persona-non-grata\/#listItem","name":"Burkina Faso : deux diplomates de l\u2019UE d\u00e9clar\u00e9s \u00ab persona non grata \u00bb"},"previousItem":{"@type":"ListItem","@id":"https:\/\/lepatriotebenin.com#listItem","name":"Home"}},{"@type":"ListItem","@id":"https:\/\/lepatriotebenin.com\/index.php\/2026\/07\/15\/burkina-faso-deux-diplomates-de-lue-declares-persona-non-grata\/#listItem","position":3,"name":"Burkina Faso : deux diplomates de l\u2019UE d\u00e9clar\u00e9s \u00ab persona non grata \u00bb","previousItem":{"@type":"ListItem","@id":"https:\/\/lepatriotebenin.com\/index.php\/category\/politique\/#listItem","name":"Politique"}}]},{"@type":"Organization","@id":"https:\/\/lepatriotebenin.com\/#organization","name":"Le Patriote","description":"Le Patriote B\u00e9nin","url":"https:\/\/lepatriotebenin.com\/"},{"@type":"Person","@id":"https:\/\/lepatriotebenin.com#author","url":"https:\/\/lepatriotebenin.com","name":"Redaction","image":{"@type":"ImageObject","@id":"https:\/\/lepatriotebenin.com\/index.php\/2026\/07\/15\/burkina-faso-deux-diplomates-de-lue-declares-persona-non-grata\/#authorImage","url":"https:\/\/secure.gravatar.com\/avatar\/c4c509357859ea2ca2cbb6d8812898a73e4ef1ef9934c2e591d7e32face734d1?s=96&d=mm&r=g","width":96,"height":96,"caption":"Redaction"}},{"@type":"WebPage","@id":"https:\/\/lepatriotebenin.com\/index.php\/2026\/07\/15\/burkina-faso-deux-diplomates-de-lue-declares-persona-non-grata\/#webpage","url":"https:\/\/lepatriotebenin.com\/index.php\/2026\/07\/15\/burkina-faso-deux-diplomates-de-lue-declares-persona-non-grata\/","name":"Burkina Faso : deux diplomates de l\u2019UE d\u00e9clar\u00e9s \u00ab persona non grata \u00bb - Le Patriote","description":"Le Burkina Faso a d\u00e9clar\u00e9 mardi soir \u00ab persona non grata \u00bb deux diplomates de l'UE. L\u2019annonce intervient dans un contexte de tensions croissantes entre les autorit\u00e9s de transition et l\u2019Union europ\u00e9enne. \u200eSelon l\u2019Agence d\u2019Information du Burkina (AIB), le chef de d\u00e9l\u00e9gation adjoint de l\u2019UE et la charg\u00e9e de programme de la D\u00e9l\u00e9gation de l\u2019UE","inLanguage":"fr-FR","isPartOf":{"@id":"https:\/\/lepatriotebenin.com\/#website"},"breadcrumb":{"@id":"https:\/\/lepatriotebenin.com\/index.php\/2026\/07\/15\/burkina-faso-deux-diplomates-de-lue-declares-persona-non-grata\/#breadcrumblist"},"author":{"@id":"https:\/\/lepatriotebenin.com#author"},"creator":{"@id":"https:\/\/lepatriotebenin.com#author"},"image":{"@type":"ImageObject","url":"https:\/\/lepatriotebenin.com\/wp-content\/uploads\/2026\/07\/burkina.jpeg","@id":"https:\/\/lepatriotebenin.com\/index.php\/2026\/07\/15\/burkina-faso-deux-diplomates-de-lue-declares-persona-non-grata\/#mainImage","width":864,"height":486},"primaryImageOfPage":{"@id":"https:\/\/lepatriotebenin.com\/index.php\/2026\/07\/15\/burkina-faso-deux-diplomates-de-lue-declares-persona-non-grata\/#mainImage"},"datePublished":"2026-07-15T13:41:04+02:00","dateModified":"2026-07-15T13:41:04+02:00"},{"@type":"WebSite","@id":"https:\/\/lepatriotebenin.com\/#website","url":"https:\/\/lepatriotebenin.com\/","name":"Le Patriote","description":"Le Patriote B\u00e9nin","inLanguage":"fr-FR","publisher":{"@id":"https:\/\/lepatriotebenin.com\/#organization"}}]},"og:locale":"fr_FR","og:site_name":"Le Patriote - Le Patriote B\u00e9nin","og:type":"article","og:title":"Burkina Faso : deux diplomates de l\u2019UE d\u00e9clar\u00e9s \u00ab persona non grata \u00bb - Le Patriote","og:description":"Le Burkina Faso a d\u00e9clar\u00e9 mardi soir \u00ab persona non grata \u00bb deux diplomates de l'UE. L\u2019annonce intervient dans un contexte de tensions croissantes entre les autorit\u00e9s de transition et l\u2019Union europ\u00e9enne. \u200eSelon l\u2019Agence d\u2019Information du Burkina (AIB), le chef de d\u00e9l\u00e9gation adjoint de l\u2019UE et la charg\u00e9e de programme de la D\u00e9l\u00e9gation de l\u2019UE","og:url":"https:\/\/lepatriotebenin.com\/index.php\/2026\/07\/15\/burkina-faso-deux-diplomates-de-lue-declares-persona-non-grata\/","article:published_time":"2026-07-15T11:41:04+00:00","article:modified_time":"2026-07-15T11:41:04+00:00","twitter:card":"summary_large_image","twitter:title":"Burkina Faso : deux diplomates de l\u2019UE d\u00e9clar\u00e9s \u00ab persona non grata \u00bb - Le Patriote","twitter:description":"Le Burkina Faso a d\u00e9clar\u00e9 mardi soir \u00ab persona non grata \u00bb deux diplomates de l'UE. L\u2019annonce intervient dans un contexte de tensions croissantes entre les autorit\u00e9s de transition et l\u2019Union europ\u00e9enne. \u200eSelon l\u2019Agence d\u2019Information du Burkina (AIB), le chef de d\u00e9l\u00e9gation adjoint de l\u2019UE et la charg\u00e9e de programme de la D\u00e9l\u00e9gation de l\u2019UE"},"aioseo_meta_data":{"post_id":"21686","title":null,"description":null,"keywords":null,"keyphrases":{"focus":{"keyphrase":"","score":0,"analysis":{"keyphraseInTitle":{"score":0,"maxScore":9,"error":1}}},"additional":[]},"primary_term":null,"canonical_url":null,"og_title":null,"og_description":null,"og_object_type":"default","og_image_type":"default","og_image_url":null,"og_image_width":null,"og_image_height":null,"og_image_custom_url":null,"og_image_custom_fields":null,"og_video":"","og_custom_url":null,"og_article_section":null,"og_article_tags":null,"twitter_use_og":false,"twitter_card":"default","twitter_image_type":"default","twitter_image_url":null,"twitter_image_custom_url":null,"twitter_image_custom_fields":null,"twitter_title":null,"twitter_description":null,"schema":{"blockGraphs":[],"customGraphs":[],"default":{"data":{"Article":[],"Course":[],"Dataset":[],"FAQPage":[],"Movie":[],"Person":[],"Product":[],"ProductReview":[],"Car":[],"Recipe":[],"Service":[],"SoftwareApplication":[],"WebPage":[]},"graphName":"BlogPosting","isEnabled":true},"graphs":[]},"schema_type":"default","schema_type_options":null,"pillar_content":false,"robots_default":true,"robots_noindex":false,"robots_noarchive":false,"robots_nosnippet":false,"robots_nofollow":false,"robots_noimageindex":false,"robots_noodp":false,"robots_notranslate":false,"robots_max_snippet":"-1","robots_max_videopreview":"-1","robots_max_imagepreview":"large","priority":null,"frequency":"default","local_seo":null,"breadcrumb_settings":null,"limit_modified_date":false,"ai":{"faqs":[],"keyPoints":[],"schemas":[],"titles":[],"descriptions":[],"socialPosts":{"email":{"subject":"","preview":"","content":""},"linkedin":[],"twitter":[],"facebook":[],"instagram":[]}},"created":"2026-07-15 11:41:05","updated":"2026-07-15 11:46:49","seo_analyzer_scan_date":null,"focus_keyword":null,"additional_keywords":null,"truseo_locale":null},"aioseo_breadcrumb":"<div class=\"aioseo-breadcrumbs\"><span class=\"aioseo-breadcrumb\">\n\t\t\t<a href=\"https:\/\/lepatriotebenin.com\" title=\"Home\">Home<\/a>\n\t\t<\/span><span class=\"aioseo-breadcrumb-separator\">&raquo;<\/span><span class=\"aioseo-breadcrumb\">\n\t\t\t<a href=\"https:\/\/lepatriotebenin.com\/index.php\/category\/politique\/\" title=\"Politique\">Politique<\/a>\n\t\t<\/span><span class=\"aioseo-breadcrumb-separator\">&raquo;<\/span><span class=\"aioseo-breadcrumb\">\n\t\t\tBurkina Faso : deux diplomates de l\u2019UE d\u00e9clar\u00e9s \u00ab persona non grata \u00bb\n\t\t<\/span><\/div>","aioseo_breadcrumb_json":[{"label":"Home","link":"https:\/\/lepatriotebenin.com"},{"label":"Politique","link":"https:\/\/lepatriotebenin.com\/index.php\/category\/politique\/"},{"label":"Burkina Faso : deux diplomates de l\u2019UE d\u00e9clar\u00e9s \u00ab persona non grata \u00bb","link":"https:\/\/lepatriotebenin.com\/index.php\/2026\/07\/15\/burkina-faso-deux-diplomates-de-lue-declares-persona-non-grata\/"}],"yoast_head":"<!-- This site is optimized with the Yoast SEO plugin v28.3 - https:\/\/yoast.com\/product\/yoast-seo-wordpress\/ -->\n<title>Burkina Faso : deux diplomates de l\u2019UE d\u00e9clar\u00e9s \u00ab persona non grata \u00bb - Le Patriote<\/title>\n<meta name=\"robots\" content=\"index, follow, max-snippet:-1, max-image-preview:large, max-video-preview:-1\" \/>\n<link rel=\"canonical\" href=\"https:\/\/lepatriotebenin.com\/index.php\/2026\/07\/15\/burkina-faso-deux-diplomates-de-lue-declares-persona-non-grata\/\" \/>\n<meta property=\"og:locale\" content=\"fr_FR\" \/>\n<meta property=\"og:type\" content=\"article\" \/>\n<meta property=\"og:title\" content=\"Burkina Faso : deux diplomates de l\u2019UE d\u00e9clar\u00e9s \u00ab persona non grata \u00bb - Le Patriote\" \/>\n<meta property=\"og:description\" content=\"Le Burkina Faso a d\u00e9clar\u00e9 mardi soir \u00ab persona non grata \u00bb deux diplomates de l&rsquo;UE. L\u2019annonce intervient dans un contexte de tensions croissantes entre les autorit\u00e9s de transition et&hellip;\" \/>\n<meta property=\"og:url\" content=\"https:\/\/lepatriotebenin.com\/index.php\/2026\/07\/15\/burkina-faso-deux-diplomates-de-lue-declares-persona-non-grata\/\" \/>\n<meta property=\"og:site_name\" content=\"Le Patriote\" \/>\n<meta property=\"article:published_time\" content=\"2026-07-15T11:41:04+00:00\" \/>\n<meta property=\"og:image\" content=\"https:\/\/lepatriotebenin.com\/wp-content\/uploads\/2026\/07\/burkina.jpeg\" \/>\n\t<meta property=\"og:image:width\" content=\"864\" \/>\n\t<meta property=\"og:image:height\" content=\"486\" \/>\n\t<meta property=\"og:image:type\" content=\"image\/jpeg\" \/>\n<meta name=\"author\" content=\"Redaction\" \/>\n<meta name=\"twitter:card\" content=\"summary_large_image\" \/>\n<meta name=\"twitter:label1\" content=\"\u00c9crit par\" \/>\n\t<meta name=\"twitter:data1\" content=\"Redaction\" \/>\n\t<meta name=\"twitter:label2\" content=\"Dur\u00e9e de lecture estim\u00e9e\" \/>\n\t<meta name=\"twitter:data2\" content=\"2 minutes\" \/>\n<script type=\"application\/ld+json\" class=\"yoast-schema-graph\">{\"@context\":\"https:\\\/\\\/schema.org\",\"@graph\":[{\"@type\":\"Article\",\"@id\":\"https:\\\/\\\/lepatriotebenin.com\\\/index.php\\\/2026\\\/07\\\/15\\\/burkina-faso-deux-diplomates-de-lue-declares-persona-non-grata\\\/#article\",\"isPartOf\":{\"@id\":\"https:\\\/\\\/lepatriotebenin.com\\\/index.php\\\/2026\\\/07\\\/15\\\/burkina-faso-deux-diplomates-de-lue-declares-persona-non-grata\\\/\"},\"author\":{\"name\":\"Redaction\",\"@id\":\"https:\\\/\\\/lepatriotebenin.com\\\/#\\\/schema\\\/person\\\/2e7709b9c9cc313e452d1136af61690f\"},\"headline\":\"Burkina Faso : deux diplomates de l\u2019UE d\u00e9clar\u00e9s \u00ab persona non grata \u00bb\",\"datePublished\":\"2026-07-15T11:41:04+00:00\",\"mainEntityOfPage\":{\"@id\":\"https:\\\/\\\/lepatriotebenin.com\\\/index.php\\\/2026\\\/07\\\/15\\\/burkina-faso-deux-diplomates-de-lue-declares-persona-non-grata\\\/\"},\"wordCount\":273,\"commentCount\":0,\"image\":{\"@id\":\"https:\\\/\\\/lepatriotebenin.com\\\/index.php\\\/2026\\\/07\\\/15\\\/burkina-faso-deux-diplomates-de-lue-declares-persona-non-grata\\\/#primaryimage\"},\"thumbnailUrl\":\"https:\\\/\\\/lepatriotebenin.com\\\/wp-content\\\/uploads\\\/2026\\\/07\\\/burkina.jpeg\",\"articleSection\":[\"Politique\"],\"inLanguage\":\"fr-FR\",\"potentialAction\":[{\"@type\":\"CommentAction\",\"name\":\"Comment\",\"target\":[\"https:\\\/\\\/lepatriotebenin.com\\\/index.php\\\/2026\\\/07\\\/15\\\/burkina-faso-deux-diplomates-de-lue-declares-persona-non-grata\\\/#respond\"]}]},{\"@type\":\"WebPage\",\"@id\":\"https:\\\/\\\/lepatriotebenin.com\\\/index.php\\\/2026\\\/07\\\/15\\\/burkina-faso-deux-diplomates-de-lue-declares-persona-non-grata\\\/\",\"url\":\"https:\\\/\\\/lepatriotebenin.com\\\/index.php\\\/2026\\\/07\\\/15\\\/burkina-faso-deux-diplomates-de-lue-declares-persona-non-grata\\\/\",\"name\":\"Burkina Faso : deux diplomates de l\u2019UE d\u00e9clar\u00e9s \u00ab persona non grata \u00bb - Le Patriote\",\"isPartOf\":{\"@id\":\"https:\\\/\\\/lepatriotebenin.com\\\/#website\"},\"primaryImageOfPage\":{\"@id\":\"https:\\\/\\\/lepatriotebenin.com\\\/index.php\\\/2026\\\/07\\\/15\\\/burkina-faso-deux-diplomates-de-lue-declares-persona-non-grata\\\/#primaryimage\"},\"image\":{\"@id\":\"https:\\\/\\\/lepatriotebenin.com\\\/index.php\\\/2026\\\/07\\\/15\\\/burkina-faso-deux-diplomates-de-lue-declares-persona-non-grata\\\/#primaryimage\"},\"thumbnailUrl\":\"https:\\\/\\\/lepatriotebenin.com\\\/wp-content\\\/uploads\\\/2026\\\/07\\\/burkina.jpeg\",\"datePublished\":\"2026-07-15T11:41:04+00:00\",\"author\":{\"@id\":\"https:\\\/\\\/lepatriotebenin.com\\\/#\\\/schema\\\/person\\\/2e7709b9c9cc313e452d1136af61690f\"},\"breadcrumb\":{\"@id\":\"https:\\\/\\\/lepatriotebenin.com\\\/index.php\\\/2026\\\/07\\\/15\\\/burkina-faso-deux-diplomates-de-lue-declares-persona-non-grata\\\/#breadcrumb\"},\"inLanguage\":\"fr-FR\",\"potentialAction\":[{\"@type\":\"ReadAction\",\"target\":[\"https:\\\/\\\/lepatriotebenin.com\\\/index.php\\\/2026\\\/07\\\/15\\\/burkina-faso-deux-diplomates-de-lue-declares-persona-non-grata\\\/\"]}]},{\"@type\":\"ImageObject\",\"inLanguage\":\"fr-FR\",\"@id\":\"https:\\\/\\\/lepatriotebenin.com\\\/index.php\\\/2026\\\/07\\\/15\\\/burkina-faso-deux-diplomates-de-lue-declares-persona-non-grata\\\/#primaryimage\",\"url\":\"https:\\\/\\\/lepatriotebenin.com\\\/wp-content\\\/uploads\\\/2026\\\/07\\\/burkina.jpeg\",\"contentUrl\":\"https:\\\/\\\/lepatriotebenin.com\\\/wp-content\\\/uploads\\\/2026\\\/07\\\/burkina.jpeg\",\"width\":864,\"height\":486},{\"@type\":\"BreadcrumbList\",\"@id\":\"https:\\\/\\\/lepatriotebenin.com\\\/index.php\\\/2026\\\/07\\\/15\\\/burkina-faso-deux-diplomates-de-lue-declares-persona-non-grata\\\/#breadcrumb\",\"itemListElement\":[{\"@type\":\"ListItem\",\"position\":1,\"name\":\"Accueil\",\"item\":\"https:\\\/\\\/lepatriotebenin.com\\\/\"},{\"@type\":\"ListItem\",\"position\":2,\"name\":\"Burkina Faso : deux diplomates de l\u2019UE d\u00e9clar\u00e9s \u00ab persona non grata \u00bb\"}]},{\"@type\":\"WebSite\",\"@id\":\"https:\\\/\\\/lepatriotebenin.com\\\/#website\",\"url\":\"https:\\\/\\\/lepatriotebenin.com\\\/\",\"name\":\"Le Patriote\",\"description\":\"Le Patriote B\u00e9nin\",\"potentialAction\":[{\"@type\":\"SearchAction\",\"target\":{\"@type\":\"EntryPoint\",\"urlTemplate\":\"https:\\\/\\\/lepatriotebenin.com\\\/?s={search_term_string}\"},\"query-input\":{\"@type\":\"PropertyValueSpecification\",\"valueRequired\":true,\"valueName\":\"search_term_string\"}}],\"inLanguage\":\"fr-FR\"},{\"@type\":\"Person\",\"@id\":\"https:\\\/\\\/lepatriotebenin.com\\\/#\\\/schema\\\/person\\\/2e7709b9c9cc313e452d1136af61690f\",\"name\":\"Redaction\",\"image\":{\"@type\":\"ImageObject\",\"inLanguage\":\"fr-FR\",\"@id\":\"https:\\\/\\\/secure.gravatar.com\\\/avatar\\\/c4c509357859ea2ca2cbb6d8812898a73e4ef1ef9934c2e591d7e32face734d1?s=96&d=mm&r=g\",\"url\":\"https:\\\/\\\/secure.gravatar.com\\\/avatar\\\/c4c509357859ea2ca2cbb6d8812898a73e4ef1ef9934c2e591d7e32face734d1?s=96&d=mm&r=g\",\"contentUrl\":\"https:\\\/\\\/secure.gravatar.com\\\/avatar\\\/c4c509357859ea2ca2cbb6d8812898a73e4ef1ef9934c2e591d7e32face734d1?s=96&d=mm&r=g\",\"caption\":\"Redaction\"},\"url\":\"https:\\\/\\\/lepatriotebenin.com\"}]}<\/script>\n<!-- \/ Yoast SEO plugin. -->","yoast_head_json":{"title":"Burkina Faso : deux diplomates de l\u2019UE d\u00e9clar\u00e9s \u00ab persona non grata \u00bb - Le Patriote","robots":{"index":"index","follow":"follow","max-snippet":"max-snippet:-1","max-image-preview":"max-image-preview:large","max-video-preview":"max-video-preview:-1"},"canonical":"https:\/\/lepatriotebenin.com\/index.php\/2026\/07\/15\/burkina-faso-deux-diplomates-de-lue-declares-persona-non-grata\/","og_locale":"fr_FR","og_type":"article","og_title":"Burkina Faso : deux diplomates de l\u2019UE d\u00e9clar\u00e9s \u00ab persona non grata \u00bb - Le Patriote","og_description":"Le Burkina Faso a d\u00e9clar\u00e9 mardi soir \u00ab persona non grata \u00bb deux diplomates de l&rsquo;UE. L\u2019annonce intervient dans un contexte de tensions croissantes entre les autorit\u00e9s de transition et&hellip;","og_url":"https:\/\/lepatriotebenin.com\/index.php\/2026\/07\/15\/burkina-faso-deux-diplomates-de-lue-declares-persona-non-grata\/","og_site_name":"Le Patriote","article_published_time":"2026-07-15T11:41:04+00:00","og_image":[{"width":864,"height":486,"url":"https:\/\/lepatriotebenin.com\/wp-content\/uploads\/2026\/07\/burkina.jpeg","type":"image\/jpeg"}],"author":"Redaction","twitter_card":"summary_large_image","twitter_misc":{"\u00c9crit par":"Redaction","Dur\u00e9e de lecture estim\u00e9e":"2 minutes"},"schema":{"@context":"https:\/\/schema.org","@graph":[{"@type":"Article","@id":"https:\/\/lepatriotebenin.com\/index.php\/2026\/07\/15\/burkina-faso-deux-diplomates-de-lue-declares-persona-non-grata\/#article","isPartOf":{"@id":"https:\/\/lepatriotebenin.com\/index.php\/2026\/07\/15\/burkina-faso-deux-diplomates-de-lue-declares-persona-non-grata\/"},"author":{"name":"Redaction","@id":"https:\/\/lepatriotebenin.com\/#\/schema\/person\/2e7709b9c9cc313e452d1136af61690f"},"headline":"Burkina Faso : deux diplomates de l\u2019UE d\u00e9clar\u00e9s \u00ab persona non grata \u00bb","datePublished":"2026-07-15T11:41:04+00:00","mainEntityOfPage":{"@id":"https:\/\/lepatriotebenin.com\/index.php\/2026\/07\/15\/burkina-faso-deux-diplomates-de-lue-declares-persona-non-grata\/"},"wordCount":273,"commentCount":0,"image":{"@id":"https:\/\/lepatriotebenin.com\/index.php\/2026\/07\/15\/burkina-faso-deux-diplomates-de-lue-declares-persona-non-grata\/#primaryimage"},"thumbnailUrl":"https:\/\/lepatriotebenin.com\/wp-content\/uploads\/2026\/07\/burkina.jpeg","articleSection":["Politique"],"inLanguage":"fr-FR","potentialAction":[{"@type":"CommentAction","name":"Comment","target":["https:\/\/lepatriotebenin.com\/index.php\/2026\/07\/15\/burkina-faso-deux-diplomates-de-lue-declares-persona-non-grata\/#respond"]}]},{"@type":"WebPage","@id":"https:\/\/lepatriotebenin.com\/index.php\/2026\/07\/15\/burkina-faso-deux-diplomates-de-lue-declares-persona-non-grata\/","url":"https:\/\/lepatriotebenin.com\/index.php\/2026\/07\/15\/burkina-faso-deux-diplomates-de-lue-declares-persona-non-grata\/","name":"Burkina Faso : deux diplomates de l\u2019UE d\u00e9clar\u00e9s \u00ab persona non grata \u00bb - Le Patriote","isPartOf":{"@id":"https:\/\/lepatriotebenin.com\/#website"},"primaryImageOfPage":{"@id":"https:\/\/lepatriotebenin.com\/index.php\/2026\/07\/15\/burkina-faso-deux-diplomates-de-lue-declares-persona-non-grata\/#primaryimage"},"image":{"@id":"https:\/\/lepatriotebenin.com\/index.php\/2026\/07\/15\/burkina-faso-deux-diplomates-de-lue-declares-persona-non-grata\/#primaryimage"},"thumbnailUrl":"https:\/\/lepatriotebenin.com\/wp-content\/uploads\/2026\/07\/burkina.jpeg","datePublished":"2026-07-15T11:41:04+00:00","author":{"@id":"https:\/\/lepatriotebenin.com\/#\/schema\/person\/2e7709b9c9cc313e452d1136af61690f"},"breadcrumb":{"@id":"https:\/\/lepatriotebenin.com\/index.php\/2026\/07\/15\/burkina-faso-deux-diplomates-de-lue-declares-persona-non-grata\/#breadcrumb"},"inLanguage":"fr-FR","potentialAction":[{"@type":"ReadAction","target":["https:\/\/lepatriotebenin.com\/index.php\/2026\/07\/15\/burkina-faso-deux-diplomates-de-lue-declares-persona-non-grata\/"]}]},{"@type":"ImageObject","inLanguage":"fr-FR","@id":"https:\/\/lepatriotebenin.com\/index.php\/2026\/07\/15\/burkina-faso-deux-diplomates-de-lue-declares-persona-non-grata\/#primaryimage","url":"https:\/\/lepatriotebenin.com\/wp-content\/uploads\/2026\/07\/burkina.jpeg","contentUrl":"https:\/\/lepatriotebenin.com\/wp-content\/uploads\/2026\/07\/burkina.jpeg","width":864,"height":486},{"@type":"BreadcrumbList","@id":"https:\/\/lepatriotebenin.com\/index.php\/2026\/07\/15\/burkina-faso-deux-diplomates-de-lue-declares-persona-non-grata\/#breadcrumb","itemListElement":[{"@type":"ListItem","position":1,"name":"Accueil","item":"https:\/\/lepatriotebenin.com\/"},{"@type":"ListItem","position":2,"name":"Burkina Faso : deux diplomates de l\u2019UE d\u00e9clar\u00e9s \u00ab persona non grata \u00bb"}]},{"@type":"WebSite","@id":"https:\/\/lepatriotebenin.com\/#website","url":"https:\/\/lepatriotebenin.com\/","name":"Le Patriote","description":"Le Patriote B\u00e9nin","potentialAction":[{"@type":"SearchAction","target":{"@type":"EntryPoint","urlTemplate":"https:\/\/lepatriotebenin.com\/?s={search_term_string}"},"query-input":{"@type":"PropertyValueSpecification","valueRequired":true,"valueName":"search_term_string"}}],"inLanguage":"fr-FR"},{"@type":"Person","@id":"https:\/\/lepatriotebenin.com\/#\/schema\/person\/2e7709b9c9cc313e452d1136af61690f","name":"Redaction","image":{"@type":"ImageObject","inLanguage":"fr-FR","@id":"https:\/\/secure.gravatar.com\/avatar\/c4c509357859ea2ca2cbb6d8812898a73e4ef1ef9934c2e591d7e32face734d1?s=96&d=mm&r=g","url":"https:\/\/secure.gravatar.com\/avatar\/c4c509357859ea2ca2cbb6d8812898a73e4ef1ef9934c2e591d7e32face734d1?s=96&d=mm&r=g","contentUrl":"https:\/\/secure.gravatar.com\/avatar\/c4c509357859ea2ca2cbb6d8812898a73e4ef1ef9934c2e591d7e32face734d1?s=96&d=mm&r=g","caption":"Redaction"},"url":"https:\/\/lepatriotebenin.com"}]}},"_links":{"self":[{"href":"https:\/\/lepatriotebenin.com\/index.php\/wp-json\/wp\/v2\/posts\/21686","targetHints":{"allow":["GET"]}}],"collection":[{"href":"https:\/\/lepatriotebenin.com\/index.php\/wp-json\/wp\/v2\/posts"}],"about":[{"href":"https:\/\/lepatriotebenin.com\/index.php\/wp-json\/wp\/v2\/types\/post"}],"author":[{"embeddable":true,"href":"https:\/\/lepatriotebenin.com\/index.php\/wp-json\/wp\/v2\/users\/5"}],"replies":[{"embeddable":true,"href":"https:\/\/lepatriotebenin.com\/index.php\/wp-json\/wp\/v2\/comments?post=21686"}],"version-history":[{"count":1,"href":"https:\/\/lepatriotebenin.com\/index.php\/wp-json\/wp\/v2\/posts\/21686\/revisions"}],"predecessor-version":[{"id":21688,"href":"https:\/\/lepatriotebenin.com\/index.php\/wp-json\/wp\/v2\/posts\/21686\/revisions\/21688"}],"wp:featuredmedia":[{"embeddable":true,"href":"https:\/\/lepatriotebenin.com\/index.php\/wp-json\/wp\/v2\/media\/21687"}],"wp:attachment":[{"href":"https:\/\/lepatriotebenin.com\/index.php\/wp-json\/wp\/v2\/media?parent=21686"}],"wp:term":[{"taxonomy":"category","embeddable":true,"href":"https:\/\/lepatriotebenin.com\/index.php\/wp-json\/wp\/v2\/categories?post=21686"},{"taxonomy":"post_tag","embeddable":true,"href":"https:\/\/lepatriotebenin.com\/index.php\/wp-json\/wp\/v2\/tags?post=21686"}],"curies":[{"name":"wp","href":"https:\/\/api.w.org\/{rel}","templated":true}]}}