{"id":2106,"date":"2023-12-21T15:34:41","date_gmt":"2023-12-21T14:34:41","guid":{"rendered":"https:\/\/lepatriotebenin.com\/?p=2106"},"modified":"2023-12-21T15:34:41","modified_gmt":"2023-12-21T14:34:41","slug":"message-de-talon-a-la-nation-nous-avons-ecoute-un-discours-programme-dixit-atchade","status":"publish","type":"post","link":"https:\/\/lepatriotebenin.com\/index.php\/2023\/12\/21\/message-de-talon-a-la-nation-nous-avons-ecoute-un-discours-programme-dixit-atchade\/","title":{"rendered":"\u00a0Message de Talon \u00e0 la Nation\u00a0: \u00ab\u00a0Nous avons \u00e9cout\u00e9 un discours programme\u00a0\u00bb, dixit Atchad\u00e9 \u00a0"},"content":{"rendered":"\n<p>Le Pr\u00e9sident de la R\u00e9publique, Patrice Talon a prononc\u00e9, ce <strong>jeudi 21 d\u00e9cembre 2023<\/strong> au palais des Gouverneurs de Porto-Novo, son message sur l\u2019\u00e9tat de la nation en 2023.&nbsp; Tout juste apr\u00e8s le discours du chef de l\u2019Etat sur l\u2019\u00e9tat de la nation, le pr\u00e9sident du groupe parlementaire \u00ab Les D\u00e9mocrates&nbsp;\u00bb \u00e0 l\u2019Assembl\u00e9e nationale Nour\u00e9nou Atchad\u00e9 a r\u00e9agi. &nbsp;Selon lui, ils ont<em> \u00ab&nbsp;\u00e9cout\u00e9 un discours programme, un discours qui parle du B\u00e9nin de l\u2019avenir&nbsp;\u00bb.<\/em><\/p>\n\n\n\n<p>&nbsp;Pour le vice-pr\u00e9sident du parti \u00ab&nbsp;Les D\u00e9mocrates&nbsp;\u00bb, <em>le Chef de l\u2019Etat devrait normalement, il devrait \u00ab&nbsp;faire cas de ce que le B\u00e9nin est aujourd\u2019hui&nbsp;\u00bb.<\/em>&nbsp; Mais il est enti\u00e8rement d\u2019accord avec le pr\u00e9sident Talon quand ce dernier a d\u00e9clar\u00e9 que <em>\u00ab&nbsp;son gouvernement s\u2019est efforc\u00e9 \u00e0 la s\u00e9curit\u00e9&nbsp;\u00bb <\/em>en 2023. &nbsp;Le pr\u00e9sident du groupe parlementaire \u00ab Les D\u00e9mocrates&nbsp;\u00bb est \u00e9galement d\u2019accord avec le premier magistrat du pays quand il a reconnu qu\u2019il y a, dans l\u2019agriculture, <em>\u00ab une r\u00e9gression aujourd\u2019hui dans notre pays malgr\u00e9 les moyens mis en place&nbsp;\u00bb.<\/em>&nbsp; Pour le d\u00e9put\u00e9 Nour\u00e9nou Atchad\u00e9, \u00ab<em> c\u2019est la mauvaise politique du gouvernement en mati\u00e8re de l\u2019agriculture qui a conduit \u00e0 ce r\u00e9sultat<\/em>&nbsp;\u00bb.<\/p>\n\n\n\n<p><em>&nbsp;\u00ab&nbsp;Lorsque le gouvernement traque les producteurs de soja, lorsqu\u2019on malm\u00e8ne les producteurs de coton, je crois que les r\u00e9sultats au finish, c\u2019est la r\u00e9gression agricole que nous avons connue&nbsp;\u00bb <\/em>a indiqu\u00e9 le d\u00e9put\u00e9 Atchad\u00e9 avant de poursuivre&nbsp;: \u00ab. <em>Et \u00e9tant entendu la place qu\u2019occupe l\u2019agriculture dans notre \u00e9conomie, dans le PIB de notre pays, je pense que le gouvernement est appel\u00e9 \u00e0 changer sa politique dans cette mati\u00e8re&nbsp;<\/em>\u00bb. Il a affirm\u00e9 qu\u2019il sera enti\u00e8rement d\u2019accord avec le pr\u00e9sident de la r\u00e9publique quand il \u00ab a<em> parl\u00e9 de Glo-Djigb\u00e9 comme \u00e9tant un hub de d\u00e9veloppement<\/em>&nbsp;\u00bb si et seulement si les choses se passent &nbsp;&nbsp;dans de bonnes conditions. Car dit-il, <em>\u00ab&nbsp;la transformation de nos produits agricoles, \u00ab ne doit pas se faire au d\u00e9triment des producteurs&nbsp;\u00bb<\/em>.<\/p>\n\n\n\n<figure class=\"wp-block-image size-full\"><img fetchpriority=\"high\" decoding=\"async\" width=\"275\" height=\"183\" src=\"https:\/\/lepatriotebenin.com\/wp-content\/uploads\/2023\/12\/atchade.jpg\" alt=\"\" class=\"wp-image-2107\" srcset=\"https:\/\/lepatriotebenin.com\/wp-content\/uploads\/2023\/12\/atchade.jpg 275w, https:\/\/lepatriotebenin.com\/wp-content\/uploads\/2023\/12\/atchade-263x175.jpg 263w\" sizes=\"(max-width: 275px) 100vw, 275px\" \/><\/figure>\n","protected":false},"excerpt":{"rendered":"<p>Le Pr\u00e9sident de la R\u00e9publique, Patrice Talon a prononc\u00e9, ce jeudi 21 d\u00e9cembre 2023 au palais des Gouverneurs de Porto-Novo, son message sur l\u2019\u00e9tat de la nation en 2023.&nbsp; Tout&hellip;<\/p>\n","protected":false},"author":6,"featured_media":2107,"comment_status":"open","ping_status":"open","sticky":false,"template":"","format":"standard","meta":{"content-type":"","om_disable_all_campaigns":false,"_monsterinsights_skip_tracking":false,"_monsterinsights_sitenote_active":false,"_monsterinsights_sitenote_note":"","_monsterinsights_sitenote_category":0,"_uf_show_specific_survey":0,"_uf_disable_surveys":false,"footnotes":""},"categories":[26],"tags":[],"class_list":["post-2106","post","type-post","status-publish","format-standard","has-post-thumbnail","hentry","category-politique"],"aioseo_notices":[],"yoast_head":"<!-- This site is optimized with the Yoast SEO plugin v27.5 - https:\/\/yoast.com\/product\/yoast-seo-wordpress\/ -->\n<title>\u00a0Message de Talon \u00e0 la Nation\u00a0: \u00ab\u00a0Nous avons \u00e9cout\u00e9 un discours programme\u00a0\u00bb, dixit Atchad\u00e9 \u00a0 - Le Patriote Message de Talon \u00e0 la Nation\u00a0: \u00ab\u00a0Nous avons \u00e9cout\u00e9 un discours programme\u00a0\u00bb, dixit Atchad\u00e9<\/title>\n<meta name=\"description\" content=\"\u00ab\u00a0Lorsque le gouvernement traque les producteurs de soja, lorsqu\u2019on malm\u00e8ne les producteurs de coton, je crois que les r\u00e9sultats ....\" \/>\n<meta name=\"robots\" content=\"index, follow, max-snippet:-1, max-image-preview:large, max-video-preview:-1\" \/>\n<link rel=\"canonical\" href=\"https:\/\/lepatriotebenin.com\/index.php\/2023\/12\/21\/message-de-talon-a-la-nation-nous-avons-ecoute-un-discours-programme-dixit-atchade\/\" \/>\n<meta property=\"og:locale\" content=\"fr_FR\" \/>\n<meta property=\"og:type\" content=\"article\" \/>\n<meta property=\"og:title\" content=\"\u00a0Message de Talon \u00e0 la Nation\u00a0: \u00ab\u00a0Nous avons \u00e9cout\u00e9 un discours programme\u00a0\u00bb, dixit Atchad\u00e9 \u00a0 - Le Patriote Message de Talon \u00e0 la Nation\u00a0: \u00ab\u00a0Nous avons \u00e9cout\u00e9 un discours programme\u00a0\u00bb, dixit Atchad\u00e9\" \/>\n<meta property=\"og:description\" content=\"\u00ab\u00a0Lorsque le gouvernement traque les producteurs de soja, lorsqu\u2019on malm\u00e8ne les producteurs de coton, je crois que les r\u00e9sultats ....\" \/>\n<meta property=\"og:url\" content=\"https:\/\/lepatriotebenin.com\/index.php\/2023\/12\/21\/message-de-talon-a-la-nation-nous-avons-ecoute-un-discours-programme-dixit-atchade\/\" \/>\n<meta property=\"og:site_name\" content=\"Le Patriote\" \/>\n<meta property=\"article:published_time\" content=\"2023-12-21T14:34:41+00:00\" \/>\n<meta property=\"og:image\" content=\"https:\/\/lepatriotebenin.com\/wp-content\/uploads\/2023\/12\/atchade.jpg\" \/>\n\t<meta property=\"og:image:width\" content=\"275\" \/>\n\t<meta property=\"og:image:height\" content=\"183\" \/>\n\t<meta property=\"og:image:type\" content=\"image\/jpeg\" \/>\n<meta name=\"author\" content=\"Roland AFFANOU\" \/>\n<meta name=\"twitter:card\" content=\"summary_large_image\" \/>\n<meta name=\"twitter:label1\" content=\"\u00c9crit par\" \/>\n\t<meta name=\"twitter:data1\" content=\"Roland AFFANOU\" \/>\n\t<meta name=\"twitter:label2\" content=\"Dur\u00e9e de lecture estim\u00e9e\" \/>\n\t<meta name=\"twitter:data2\" content=\"2 minutes\" \/>\n<script type=\"application\/ld+json\" class=\"yoast-schema-graph\">{\"@context\":\"https:\\\/\\\/schema.org\",\"@graph\":[{\"@type\":\"Article\",\"@id\":\"https:\\\/\\\/lepatriotebenin.com\\\/index.php\\\/2023\\\/12\\\/21\\\/message-de-talon-a-la-nation-nous-avons-ecoute-un-discours-programme-dixit-atchade\\\/#article\",\"isPartOf\":{\"@id\":\"https:\\\/\\\/lepatriotebenin.com\\\/index.php\\\/2023\\\/12\\\/21\\\/message-de-talon-a-la-nation-nous-avons-ecoute-un-discours-programme-dixit-atchade\\\/\"},\"author\":{\"name\":\"Roland AFFANOU\",\"@id\":\"https:\\\/\\\/lepatriotebenin.com\\\/#\\\/schema\\\/person\\\/4a9b67216c97d04045e01405c534c91f\"},\"headline\":\"\u00a0Message de Talon \u00e0 la Nation\u00a0: \u00ab\u00a0Nous avons \u00e9cout\u00e9 un discours programme\u00a0\u00bb, dixit Atchad\u00e9 \u00a0\",\"datePublished\":\"2023-12-21T14:34:41+00:00\",\"mainEntityOfPage\":{\"@id\":\"https:\\\/\\\/lepatriotebenin.com\\\/index.php\\\/2023\\\/12\\\/21\\\/message-de-talon-a-la-nation-nous-avons-ecoute-un-discours-programme-dixit-atchade\\\/\"},\"wordCount\":388,\"commentCount\":0,\"image\":{\"@id\":\"https:\\\/\\\/lepatriotebenin.com\\\/index.php\\\/2023\\\/12\\\/21\\\/message-de-talon-a-la-nation-nous-avons-ecoute-un-discours-programme-dixit-atchade\\\/#primaryimage\"},\"thumbnailUrl\":\"https:\\\/\\\/lepatriotebenin.com\\\/wp-content\\\/uploads\\\/2023\\\/12\\\/atchade.jpg\",\"articleSection\":[\"Politique\"],\"inLanguage\":\"fr-FR\",\"potentialAction\":[{\"@type\":\"CommentAction\",\"name\":\"Comment\",\"target\":[\"https:\\\/\\\/lepatriotebenin.com\\\/index.php\\\/2023\\\/12\\\/21\\\/message-de-talon-a-la-nation-nous-avons-ecoute-un-discours-programme-dixit-atchade\\\/#respond\"]}]},{\"@type\":\"WebPage\",\"@id\":\"https:\\\/\\\/lepatriotebenin.com\\\/index.php\\\/2023\\\/12\\\/21\\\/message-de-talon-a-la-nation-nous-avons-ecoute-un-discours-programme-dixit-atchade\\\/\",\"url\":\"https:\\\/\\\/lepatriotebenin.com\\\/index.php\\\/2023\\\/12\\\/21\\\/message-de-talon-a-la-nation-nous-avons-ecoute-un-discours-programme-dixit-atchade\\\/\",\"name\":\"\u00a0Message de Talon \u00e0 la Nation\u00a0: \u00ab\u00a0Nous avons \u00e9cout\u00e9 un discours programme\u00a0\u00bb, dixit Atchad\u00e9 \u00a0 - Le Patriote Message de Talon \u00e0 la Nation\u00a0: \u00ab\u00a0Nous avons \u00e9cout\u00e9 un discours programme\u00a0\u00bb, dixit Atchad\u00e9\",\"isPartOf\":{\"@id\":\"https:\\\/\\\/lepatriotebenin.com\\\/#website\"},\"primaryImageOfPage\":{\"@id\":\"https:\\\/\\\/lepatriotebenin.com\\\/index.php\\\/2023\\\/12\\\/21\\\/message-de-talon-a-la-nation-nous-avons-ecoute-un-discours-programme-dixit-atchade\\\/#primaryimage\"},\"image\":{\"@id\":\"https:\\\/\\\/lepatriotebenin.com\\\/index.php\\\/2023\\\/12\\\/21\\\/message-de-talon-a-la-nation-nous-avons-ecoute-un-discours-programme-dixit-atchade\\\/#primaryimage\"},\"thumbnailUrl\":\"https:\\\/\\\/lepatriotebenin.com\\\/wp-content\\\/uploads\\\/2023\\\/12\\\/atchade.jpg\",\"datePublished\":\"2023-12-21T14:34:41+00:00\",\"author\":{\"@id\":\"https:\\\/\\\/lepatriotebenin.com\\\/#\\\/schema\\\/person\\\/4a9b67216c97d04045e01405c534c91f\"},\"description\":\"\u00ab\u00a0Lorsque le gouvernement traque les producteurs de soja, lorsqu\u2019on malm\u00e8ne les producteurs de coton, je crois que les r\u00e9sultats ....\",\"breadcrumb\":{\"@id\":\"https:\\\/\\\/lepatriotebenin.com\\\/index.php\\\/2023\\\/12\\\/21\\\/message-de-talon-a-la-nation-nous-avons-ecoute-un-discours-programme-dixit-atchade\\\/#breadcrumb\"},\"inLanguage\":\"fr-FR\",\"potentialAction\":[{\"@type\":\"ReadAction\",\"target\":[\"https:\\\/\\\/lepatriotebenin.com\\\/index.php\\\/2023\\\/12\\\/21\\\/message-de-talon-a-la-nation-nous-avons-ecoute-un-discours-programme-dixit-atchade\\\/\"]}]},{\"@type\":\"ImageObject\",\"inLanguage\":\"fr-FR\",\"@id\":\"https:\\\/\\\/lepatriotebenin.com\\\/index.php\\\/2023\\\/12\\\/21\\\/message-de-talon-a-la-nation-nous-avons-ecoute-un-discours-programme-dixit-atchade\\\/#primaryimage\",\"url\":\"https:\\\/\\\/lepatriotebenin.com\\\/wp-content\\\/uploads\\\/2023\\\/12\\\/atchade.jpg\",\"contentUrl\":\"https:\\\/\\\/lepatriotebenin.com\\\/wp-content\\\/uploads\\\/2023\\\/12\\\/atchade.jpg\",\"width\":275,\"height\":183},{\"@type\":\"BreadcrumbList\",\"@id\":\"https:\\\/\\\/lepatriotebenin.com\\\/index.php\\\/2023\\\/12\\\/21\\\/message-de-talon-a-la-nation-nous-avons-ecoute-un-discours-programme-dixit-atchade\\\/#breadcrumb\",\"itemListElement\":[{\"@type\":\"ListItem\",\"position\":1,\"name\":\"Accueil\",\"item\":\"https:\\\/\\\/lepatriotebenin.com\\\/\"},{\"@type\":\"ListItem\",\"position\":2,\"name\":\"\u00a0Message de Talon \u00e0 la Nation\u00a0: \u00ab\u00a0Nous avons \u00e9cout\u00e9 un discours programme\u00a0\u00bb, dixit Atchad\u00e9 \u00a0\"}]},{\"@type\":\"WebSite\",\"@id\":\"https:\\\/\\\/lepatriotebenin.com\\\/#website\",\"url\":\"https:\\\/\\\/lepatriotebenin.com\\\/\",\"name\":\"Le Patriote\",\"description\":\"Le Patriote B\u00e9nin\",\"potentialAction\":[{\"@type\":\"SearchAction\",\"target\":{\"@type\":\"EntryPoint\",\"urlTemplate\":\"https:\\\/\\\/lepatriotebenin.com\\\/?s={search_term_string}\"},\"query-input\":{\"@type\":\"PropertyValueSpecification\",\"valueRequired\":true,\"valueName\":\"search_term_string\"}}],\"inLanguage\":\"fr-FR\"},{\"@type\":\"Person\",\"@id\":\"https:\\\/\\\/lepatriotebenin.com\\\/#\\\/schema\\\/person\\\/4a9b67216c97d04045e01405c534c91f\",\"name\":\"Roland AFFANOU\",\"image\":{\"@type\":\"ImageObject\",\"inLanguage\":\"fr-FR\",\"@id\":\"https:\\\/\\\/secure.gravatar.com\\\/avatar\\\/7209d3f6d2d47ea4d0c67e14d3effb61feb10ae540a4381280c66265de5bd643?s=96&d=mm&r=g\",\"url\":\"https:\\\/\\\/secure.gravatar.com\\\/avatar\\\/7209d3f6d2d47ea4d0c67e14d3effb61feb10ae540a4381280c66265de5bd643?s=96&d=mm&r=g\",\"contentUrl\":\"https:\\\/\\\/secure.gravatar.com\\\/avatar\\\/7209d3f6d2d47ea4d0c67e14d3effb61feb10ae540a4381280c66265de5bd643?s=96&d=mm&r=g\",\"caption\":\"Roland AFFANOU\"},\"url\":\"https:\\\/\\\/lepatriotebenin.com\"}]}<\/script>\n<!-- \/ Yoast SEO plugin. -->","yoast_head_json":{"title":"\u00a0Message de Talon \u00e0 la Nation\u00a0: \u00ab\u00a0Nous avons \u00e9cout\u00e9 un discours programme\u00a0\u00bb, dixit Atchad\u00e9 \u00a0 - Le Patriote Message de Talon \u00e0 la Nation\u00a0: \u00ab\u00a0Nous avons \u00e9cout\u00e9 un discours programme\u00a0\u00bb, dixit Atchad\u00e9","description":"\u00ab\u00a0Lorsque le gouvernement traque les producteurs de soja, lorsqu\u2019on malm\u00e8ne les producteurs de coton, je crois que les r\u00e9sultats ....","robots":{"index":"index","follow":"follow","max-snippet":"max-snippet:-1","max-image-preview":"max-image-preview:large","max-video-preview":"max-video-preview:-1"},"canonical":"https:\/\/lepatriotebenin.com\/index.php\/2023\/12\/21\/message-de-talon-a-la-nation-nous-avons-ecoute-un-discours-programme-dixit-atchade\/","og_locale":"fr_FR","og_type":"article","og_title":"\u00a0Message de Talon \u00e0 la Nation\u00a0: \u00ab\u00a0Nous avons \u00e9cout\u00e9 un discours programme\u00a0\u00bb, dixit Atchad\u00e9 \u00a0 - Le Patriote Message de Talon \u00e0 la Nation\u00a0: \u00ab\u00a0Nous avons \u00e9cout\u00e9 un discours programme\u00a0\u00bb, dixit Atchad\u00e9","og_description":"\u00ab\u00a0Lorsque le gouvernement traque les producteurs de soja, lorsqu\u2019on malm\u00e8ne les producteurs de coton, je crois que les r\u00e9sultats ....","og_url":"https:\/\/lepatriotebenin.com\/index.php\/2023\/12\/21\/message-de-talon-a-la-nation-nous-avons-ecoute-un-discours-programme-dixit-atchade\/","og_site_name":"Le Patriote","article_published_time":"2023-12-21T14:34:41+00:00","og_image":[{"width":275,"height":183,"url":"https:\/\/lepatriotebenin.com\/wp-content\/uploads\/2023\/12\/atchade.jpg","type":"image\/jpeg"}],"author":"Roland AFFANOU","twitter_card":"summary_large_image","twitter_misc":{"\u00c9crit par":"Roland AFFANOU","Dur\u00e9e de lecture estim\u00e9e":"2 minutes"},"schema":{"@context":"https:\/\/schema.org","@graph":[{"@type":"Article","@id":"https:\/\/lepatriotebenin.com\/index.php\/2023\/12\/21\/message-de-talon-a-la-nation-nous-avons-ecoute-un-discours-programme-dixit-atchade\/#article","isPartOf":{"@id":"https:\/\/lepatriotebenin.com\/index.php\/2023\/12\/21\/message-de-talon-a-la-nation-nous-avons-ecoute-un-discours-programme-dixit-atchade\/"},"author":{"name":"Roland AFFANOU","@id":"https:\/\/lepatriotebenin.com\/#\/schema\/person\/4a9b67216c97d04045e01405c534c91f"},"headline":"\u00a0Message de Talon \u00e0 la Nation\u00a0: \u00ab\u00a0Nous avons \u00e9cout\u00e9 un discours programme\u00a0\u00bb, dixit Atchad\u00e9 \u00a0","datePublished":"2023-12-21T14:34:41+00:00","mainEntityOfPage":{"@id":"https:\/\/lepatriotebenin.com\/index.php\/2023\/12\/21\/message-de-talon-a-la-nation-nous-avons-ecoute-un-discours-programme-dixit-atchade\/"},"wordCount":388,"commentCount":0,"image":{"@id":"https:\/\/lepatriotebenin.com\/index.php\/2023\/12\/21\/message-de-talon-a-la-nation-nous-avons-ecoute-un-discours-programme-dixit-atchade\/#primaryimage"},"thumbnailUrl":"https:\/\/lepatriotebenin.com\/wp-content\/uploads\/2023\/12\/atchade.jpg","articleSection":["Politique"],"inLanguage":"fr-FR","potentialAction":[{"@type":"CommentAction","name":"Comment","target":["https:\/\/lepatriotebenin.com\/index.php\/2023\/12\/21\/message-de-talon-a-la-nation-nous-avons-ecoute-un-discours-programme-dixit-atchade\/#respond"]}]},{"@type":"WebPage","@id":"https:\/\/lepatriotebenin.com\/index.php\/2023\/12\/21\/message-de-talon-a-la-nation-nous-avons-ecoute-un-discours-programme-dixit-atchade\/","url":"https:\/\/lepatriotebenin.com\/index.php\/2023\/12\/21\/message-de-talon-a-la-nation-nous-avons-ecoute-un-discours-programme-dixit-atchade\/","name":"\u00a0Message de Talon \u00e0 la Nation\u00a0: \u00ab\u00a0Nous avons \u00e9cout\u00e9 un discours programme\u00a0\u00bb, dixit Atchad\u00e9 \u00a0 - Le Patriote Message de Talon \u00e0 la Nation\u00a0: \u00ab\u00a0Nous avons \u00e9cout\u00e9 un discours programme\u00a0\u00bb, dixit Atchad\u00e9","isPartOf":{"@id":"https:\/\/lepatriotebenin.com\/#website"},"primaryImageOfPage":{"@id":"https:\/\/lepatriotebenin.com\/index.php\/2023\/12\/21\/message-de-talon-a-la-nation-nous-avons-ecoute-un-discours-programme-dixit-atchade\/#primaryimage"},"image":{"@id":"https:\/\/lepatriotebenin.com\/index.php\/2023\/12\/21\/message-de-talon-a-la-nation-nous-avons-ecoute-un-discours-programme-dixit-atchade\/#primaryimage"},"thumbnailUrl":"https:\/\/lepatriotebenin.com\/wp-content\/uploads\/2023\/12\/atchade.jpg","datePublished":"2023-12-21T14:34:41+00:00","author":{"@id":"https:\/\/lepatriotebenin.com\/#\/schema\/person\/4a9b67216c97d04045e01405c534c91f"},"description":"\u00ab\u00a0Lorsque le gouvernement traque les producteurs de soja, lorsqu\u2019on malm\u00e8ne les producteurs de coton, je crois que les r\u00e9sultats ....","breadcrumb":{"@id":"https:\/\/lepatriotebenin.com\/index.php\/2023\/12\/21\/message-de-talon-a-la-nation-nous-avons-ecoute-un-discours-programme-dixit-atchade\/#breadcrumb"},"inLanguage":"fr-FR","potentialAction":[{"@type":"ReadAction","target":["https:\/\/lepatriotebenin.com\/index.php\/2023\/12\/21\/message-de-talon-a-la-nation-nous-avons-ecoute-un-discours-programme-dixit-atchade\/"]}]},{"@type":"ImageObject","inLanguage":"fr-FR","@id":"https:\/\/lepatriotebenin.com\/index.php\/2023\/12\/21\/message-de-talon-a-la-nation-nous-avons-ecoute-un-discours-programme-dixit-atchade\/#primaryimage","url":"https:\/\/lepatriotebenin.com\/wp-content\/uploads\/2023\/12\/atchade.jpg","contentUrl":"https:\/\/lepatriotebenin.com\/wp-content\/uploads\/2023\/12\/atchade.jpg","width":275,"height":183},{"@type":"BreadcrumbList","@id":"https:\/\/lepatriotebenin.com\/index.php\/2023\/12\/21\/message-de-talon-a-la-nation-nous-avons-ecoute-un-discours-programme-dixit-atchade\/#breadcrumb","itemListElement":[{"@type":"ListItem","position":1,"name":"Accueil","item":"https:\/\/lepatriotebenin.com\/"},{"@type":"ListItem","position":2,"name":"\u00a0Message de Talon \u00e0 la Nation\u00a0: \u00ab\u00a0Nous avons \u00e9cout\u00e9 un discours programme\u00a0\u00bb, dixit Atchad\u00e9 \u00a0"}]},{"@type":"WebSite","@id":"https:\/\/lepatriotebenin.com\/#website","url":"https:\/\/lepatriotebenin.com\/","name":"Le Patriote","description":"Le Patriote B\u00e9nin","potentialAction":[{"@type":"SearchAction","target":{"@type":"EntryPoint","urlTemplate":"https:\/\/lepatriotebenin.com\/?s={search_term_string}"},"query-input":{"@type":"PropertyValueSpecification","valueRequired":true,"valueName":"search_term_string"}}],"inLanguage":"fr-FR"},{"@type":"Person","@id":"https:\/\/lepatriotebenin.com\/#\/schema\/person\/4a9b67216c97d04045e01405c534c91f","name":"Roland AFFANOU","image":{"@type":"ImageObject","inLanguage":"fr-FR","@id":"https:\/\/secure.gravatar.com\/avatar\/7209d3f6d2d47ea4d0c67e14d3effb61feb10ae540a4381280c66265de5bd643?s=96&d=mm&r=g","url":"https:\/\/secure.gravatar.com\/avatar\/7209d3f6d2d47ea4d0c67e14d3effb61feb10ae540a4381280c66265de5bd643?s=96&d=mm&r=g","contentUrl":"https:\/\/secure.gravatar.com\/avatar\/7209d3f6d2d47ea4d0c67e14d3effb61feb10ae540a4381280c66265de5bd643?s=96&d=mm&r=g","caption":"Roland AFFANOU"},"url":"https:\/\/lepatriotebenin.com"}]}},"_links":{"self":[{"href":"https:\/\/lepatriotebenin.com\/index.php\/wp-json\/wp\/v2\/posts\/2106","targetHints":{"allow":["GET"]}}],"collection":[{"href":"https:\/\/lepatriotebenin.com\/index.php\/wp-json\/wp\/v2\/posts"}],"about":[{"href":"https:\/\/lepatriotebenin.com\/index.php\/wp-json\/wp\/v2\/types\/post"}],"author":[{"embeddable":true,"href":"https:\/\/lepatriotebenin.com\/index.php\/wp-json\/wp\/v2\/users\/6"}],"replies":[{"embeddable":true,"href":"https:\/\/lepatriotebenin.com\/index.php\/wp-json\/wp\/v2\/comments?post=2106"}],"version-history":[{"count":1,"href":"https:\/\/lepatriotebenin.com\/index.php\/wp-json\/wp\/v2\/posts\/2106\/revisions"}],"predecessor-version":[{"id":2108,"href":"https:\/\/lepatriotebenin.com\/index.php\/wp-json\/wp\/v2\/posts\/2106\/revisions\/2108"}],"wp:featuredmedia":[{"embeddable":true,"href":"https:\/\/lepatriotebenin.com\/index.php\/wp-json\/wp\/v2\/media\/2107"}],"wp:attachment":[{"href":"https:\/\/lepatriotebenin.com\/index.php\/wp-json\/wp\/v2\/media?parent=2106"}],"wp:term":[{"taxonomy":"category","embeddable":true,"href":"https:\/\/lepatriotebenin.com\/index.php\/wp-json\/wp\/v2\/categories?post=2106"},{"taxonomy":"post_tag","embeddable":true,"href":"https:\/\/lepatriotebenin.com\/index.php\/wp-json\/wp\/v2\/tags?post=2106"}],"curies":[{"name":"wp","href":"https:\/\/api.w.org\/{rel}","templated":true}]}}