{"id":2103,"date":"2023-12-21T14:48:22","date_gmt":"2023-12-21T13:48:22","guid":{"rendered":"https:\/\/lepatriotebenin.com\/?p=2103"},"modified":"2023-12-21T14:48:23","modified_gmt":"2023-12-21T13:48:23","slug":"deces-de-lemir-nawaf-al-ahmad-al-jaber-al-sabah-boni-yayi-presente-ses-condoleances-a-la-nation-koweitienne","status":"publish","type":"post","link":"https:\/\/lepatriotebenin.com\/index.php\/2023\/12\/21\/deces-de-lemir-nawaf-al-ahmad-al-jaber-al-sabah-boni-yayi-presente-ses-condoleances-a-la-nation-koweitienne\/","title":{"rendered":"D\u00e9c\u00e8s de l\u2019Emir Nawaf Al-Ahmad Al-Jaber Al-Sabah\u00a0: Boni Yayi pr\u00e9sente ses condol\u00e9ances \u00e0 la Nation koweitienne"},"content":{"rendered":"\n<p>Le pr\u00e9sident du parti Les D\u00e9mocrates, l\u2019ancien pr\u00e9sident <strong>Boni Yayi<\/strong> \u00e0 la t\u00eate d\u2019une forte d\u00e9l\u00e9gation des membres du bureau de la Coordination Nationale de son parti est all\u00e9 pr\u00e9senter, dans l\u2019apr\u00e8s-midi du <strong>mardi 19 d\u00e9cembre 2023,<\/strong> les condol\u00e9ances du parti \u00e0 l\u2019ambassadeur et au peuple kowe\u00eftien suite au d\u00e9c\u00e8s de l\u2019Emir du Kowe\u00eft, <strong>le cheikh Nawaf Al-Ahmad Al-Jaber Al-Sabah<\/strong>.\u00a0 <\/p>\n\n\n\n<p>\u00a0Il est \u00e0 pr\u00e9ciser que c\u2019est sous le r\u00e9gime de Boni Yayi que la coop\u00e9ration entre le B\u00e9nin et le Kowe\u00eft \u00e9tait au beau fixe avec de nombreux projets r\u00e9alis\u00e9s dans certaines communes du B\u00e9nin notamment dans le domaine de l\u2019agriculture, de la lutte contre l\u2019\u00e9rosion c\u00f4ti\u00e8re, des infrastructures routi\u00e8res et sanitaires et dans bien d\u2019autres secteurs. Signalons que l\u2019Emir du Kowe\u00eft, le cheikh Nawaf Al-Ahmad Al-Jaber Al-Sabah, est d\u00e9c\u00e9d\u00e9 le <strong>samedi 16 d\u00e9cembre 2023<\/strong> \u00e0 l\u2019\u00e2ge de <strong>86 ans<\/strong> apr\u00e8s un mandat de trois ans marqu\u00e9s par des conflits politiques r\u00e9p\u00e9t\u00e9s \u00e0 la t\u00eate de ce pays du Golfe riche en p\u00e9trole. C\u2019est le prince h\u00e9ritier, <strong>Cheikh Mechaal al-Ahmad al-Jaber al-Sabah,<\/strong> \u00e2g\u00e9 de <strong>83 ans,<\/strong> qui a \u00e9t\u00e9 d\u00e9sign\u00e9 comme nouvel \u00e9mir du pays.\u00a0\u00ab\u00a0<em>Le cabinet kowe\u00eftien nomme le prince h\u00e9ritier, son altesse Cheikh Mechaal, \u00e9mir de l&rsquo;\u00c9tat du Kowe\u00eft\u00a0\u00bb,<\/em> avait annonc\u00e9 la t\u00e9l\u00e9vision d&rsquo;\u00c9tat koweitienne.<\/p>\n\n\n\n<figure class=\"wp-block-image size-large\"><img fetchpriority=\"high\" decoding=\"async\" width=\"1024\" height=\"576\" src=\"https:\/\/lepatriotebenin.com\/wp-content\/uploads\/2023\/12\/koweit-condoleance-yayi-amb-2048x1152-1-1024x576.jpg\" alt=\"\" class=\"wp-image-2104\" srcset=\"https:\/\/lepatriotebenin.com\/wp-content\/uploads\/2023\/12\/koweit-condoleance-yayi-amb-2048x1152-1-1024x576.jpg 1024w, https:\/\/lepatriotebenin.com\/wp-content\/uploads\/2023\/12\/koweit-condoleance-yayi-amb-2048x1152-1-300x169.jpg 300w, https:\/\/lepatriotebenin.com\/wp-content\/uploads\/2023\/12\/koweit-condoleance-yayi-amb-2048x1152-1-768x432.jpg 768w, https:\/\/lepatriotebenin.com\/wp-content\/uploads\/2023\/12\/koweit-condoleance-yayi-amb-2048x1152-1-1536x864.jpg 1536w, https:\/\/lepatriotebenin.com\/wp-content\/uploads\/2023\/12\/koweit-condoleance-yayi-amb-2048x1152-1-1200x675.jpg 1200w, https:\/\/lepatriotebenin.com\/wp-content\/uploads\/2023\/12\/koweit-condoleance-yayi-amb-2048x1152-1-1920x1080.jpg 1920w, https:\/\/lepatriotebenin.com\/wp-content\/uploads\/2023\/12\/koweit-condoleance-yayi-amb-2048x1152-1-1170x658.jpg 1170w, https:\/\/lepatriotebenin.com\/wp-content\/uploads\/2023\/12\/koweit-condoleance-yayi-amb-2048x1152-1-585x329.jpg 585w, https:\/\/lepatriotebenin.com\/wp-content\/uploads\/2023\/12\/koweit-condoleance-yayi-amb-2048x1152-1.jpg 2048w\" sizes=\"(max-width: 1024px) 100vw, 1024px\" \/><\/figure>\n","protected":false},"excerpt":{"rendered":"<p>Le pr\u00e9sident du parti Les D\u00e9mocrates, l\u2019ancien pr\u00e9sident Boni Yayi \u00e0 la t\u00eate d\u2019une forte d\u00e9l\u00e9gation des membres du bureau de la Coordination Nationale de son parti est all\u00e9 pr\u00e9senter,&hellip;<\/p>\n","protected":false},"author":6,"featured_media":2104,"comment_status":"open","ping_status":"open","sticky":false,"template":"","format":"standard","meta":{"content-type":"","om_disable_all_campaigns":false,"_monsterinsights_skip_tracking":false,"_monsterinsights_sitenote_active":false,"_monsterinsights_sitenote_note":"","_monsterinsights_sitenote_category":0,"_uf_show_specific_survey":0,"_uf_disable_surveys":false,"footnotes":""},"categories":[26],"tags":[],"class_list":["post-2103","post","type-post","status-publish","format-standard","has-post-thumbnail","hentry","category-politique"],"aioseo_notices":[],"yoast_head":"<!-- This site is optimized with the Yoast SEO plugin v27.5 - https:\/\/yoast.com\/product\/yoast-seo-wordpress\/ -->\n<title>D\u00e9c\u00e8s de l\u2019Emir Nawaf Al-Ahmad Al-Jaber Al-Sabah\u00a0: Boni Yayi pr\u00e9sente ses condol\u00e9ances \u00e0 la Nation koweitienne - Le Patriote<\/title>\n<meta name=\"robots\" content=\"index, follow, max-snippet:-1, max-image-preview:large, max-video-preview:-1\" \/>\n<link rel=\"canonical\" href=\"https:\/\/lepatriotebenin.com\/index.php\/2023\/12\/21\/deces-de-lemir-nawaf-al-ahmad-al-jaber-al-sabah-boni-yayi-presente-ses-condoleances-a-la-nation-koweitienne\/\" \/>\n<meta property=\"og:locale\" content=\"fr_FR\" \/>\n<meta property=\"og:type\" content=\"article\" \/>\n<meta property=\"og:title\" content=\"D\u00e9c\u00e8s de l\u2019Emir Nawaf Al-Ahmad Al-Jaber Al-Sabah\u00a0: Boni Yayi pr\u00e9sente ses condol\u00e9ances \u00e0 la Nation koweitienne - Le Patriote\" \/>\n<meta property=\"og:description\" content=\"Le pr\u00e9sident du parti Les D\u00e9mocrates, l\u2019ancien pr\u00e9sident Boni Yayi \u00e0 la t\u00eate d\u2019une forte d\u00e9l\u00e9gation des membres du bureau de la Coordination Nationale de son parti est all\u00e9 pr\u00e9senter,&hellip;\" \/>\n<meta property=\"og:url\" content=\"https:\/\/lepatriotebenin.com\/index.php\/2023\/12\/21\/deces-de-lemir-nawaf-al-ahmad-al-jaber-al-sabah-boni-yayi-presente-ses-condoleances-a-la-nation-koweitienne\/\" \/>\n<meta property=\"og:site_name\" content=\"Le Patriote\" \/>\n<meta property=\"article:published_time\" content=\"2023-12-21T13:48:22+00:00\" \/>\n<meta property=\"article:modified_time\" content=\"2023-12-21T13:48:23+00:00\" \/>\n<meta property=\"og:image\" content=\"https:\/\/lepatriotebenin.com\/wp-content\/uploads\/2023\/12\/koweit-condoleance-yayi-amb-2048x1152-1.jpg\" \/>\n\t<meta property=\"og:image:width\" content=\"2048\" \/>\n\t<meta property=\"og:image:height\" content=\"1152\" \/>\n\t<meta property=\"og:image:type\" content=\"image\/jpeg\" \/>\n<meta name=\"author\" content=\"Roland AFFANOU\" \/>\n<meta name=\"twitter:card\" content=\"summary_large_image\" \/>\n<meta name=\"twitter:label1\" content=\"\u00c9crit par\" \/>\n\t<meta name=\"twitter:data1\" content=\"Roland AFFANOU\" \/>\n\t<meta name=\"twitter:label2\" content=\"Dur\u00e9e de lecture estim\u00e9e\" \/>\n\t<meta name=\"twitter:data2\" content=\"2 minutes\" \/>\n<script type=\"application\/ld+json\" class=\"yoast-schema-graph\">{\"@context\":\"https:\\\/\\\/schema.org\",\"@graph\":[{\"@type\":\"Article\",\"@id\":\"https:\\\/\\\/lepatriotebenin.com\\\/index.php\\\/2023\\\/12\\\/21\\\/deces-de-lemir-nawaf-al-ahmad-al-jaber-al-sabah-boni-yayi-presente-ses-condoleances-a-la-nation-koweitienne\\\/#article\",\"isPartOf\":{\"@id\":\"https:\\\/\\\/lepatriotebenin.com\\\/index.php\\\/2023\\\/12\\\/21\\\/deces-de-lemir-nawaf-al-ahmad-al-jaber-al-sabah-boni-yayi-presente-ses-condoleances-a-la-nation-koweitienne\\\/\"},\"author\":{\"name\":\"Roland AFFANOU\",\"@id\":\"https:\\\/\\\/lepatriotebenin.com\\\/#\\\/schema\\\/person\\\/4a9b67216c97d04045e01405c534c91f\"},\"headline\":\"D\u00e9c\u00e8s de l\u2019Emir Nawaf Al-Ahmad Al-Jaber Al-Sabah\u00a0: Boni Yayi pr\u00e9sente ses condol\u00e9ances \u00e0 la Nation koweitienne\",\"datePublished\":\"2023-12-21T13:48:22+00:00\",\"dateModified\":\"2023-12-21T13:48:23+00:00\",\"mainEntityOfPage\":{\"@id\":\"https:\\\/\\\/lepatriotebenin.com\\\/index.php\\\/2023\\\/12\\\/21\\\/deces-de-lemir-nawaf-al-ahmad-al-jaber-al-sabah-boni-yayi-presente-ses-condoleances-a-la-nation-koweitienne\\\/\"},\"wordCount\":273,\"commentCount\":0,\"image\":{\"@id\":\"https:\\\/\\\/lepatriotebenin.com\\\/index.php\\\/2023\\\/12\\\/21\\\/deces-de-lemir-nawaf-al-ahmad-al-jaber-al-sabah-boni-yayi-presente-ses-condoleances-a-la-nation-koweitienne\\\/#primaryimage\"},\"thumbnailUrl\":\"https:\\\/\\\/lepatriotebenin.com\\\/wp-content\\\/uploads\\\/2023\\\/12\\\/koweit-condoleance-yayi-amb-2048x1152-1.jpg\",\"articleSection\":[\"Politique\"],\"inLanguage\":\"fr-FR\",\"potentialAction\":[{\"@type\":\"CommentAction\",\"name\":\"Comment\",\"target\":[\"https:\\\/\\\/lepatriotebenin.com\\\/index.php\\\/2023\\\/12\\\/21\\\/deces-de-lemir-nawaf-al-ahmad-al-jaber-al-sabah-boni-yayi-presente-ses-condoleances-a-la-nation-koweitienne\\\/#respond\"]}]},{\"@type\":\"WebPage\",\"@id\":\"https:\\\/\\\/lepatriotebenin.com\\\/index.php\\\/2023\\\/12\\\/21\\\/deces-de-lemir-nawaf-al-ahmad-al-jaber-al-sabah-boni-yayi-presente-ses-condoleances-a-la-nation-koweitienne\\\/\",\"url\":\"https:\\\/\\\/lepatriotebenin.com\\\/index.php\\\/2023\\\/12\\\/21\\\/deces-de-lemir-nawaf-al-ahmad-al-jaber-al-sabah-boni-yayi-presente-ses-condoleances-a-la-nation-koweitienne\\\/\",\"name\":\"D\u00e9c\u00e8s de l\u2019Emir Nawaf Al-Ahmad Al-Jaber Al-Sabah\u00a0: Boni Yayi pr\u00e9sente ses condol\u00e9ances \u00e0 la Nation koweitienne - Le Patriote\",\"isPartOf\":{\"@id\":\"https:\\\/\\\/lepatriotebenin.com\\\/#website\"},\"primaryImageOfPage\":{\"@id\":\"https:\\\/\\\/lepatriotebenin.com\\\/index.php\\\/2023\\\/12\\\/21\\\/deces-de-lemir-nawaf-al-ahmad-al-jaber-al-sabah-boni-yayi-presente-ses-condoleances-a-la-nation-koweitienne\\\/#primaryimage\"},\"image\":{\"@id\":\"https:\\\/\\\/lepatriotebenin.com\\\/index.php\\\/2023\\\/12\\\/21\\\/deces-de-lemir-nawaf-al-ahmad-al-jaber-al-sabah-boni-yayi-presente-ses-condoleances-a-la-nation-koweitienne\\\/#primaryimage\"},\"thumbnailUrl\":\"https:\\\/\\\/lepatriotebenin.com\\\/wp-content\\\/uploads\\\/2023\\\/12\\\/koweit-condoleance-yayi-amb-2048x1152-1.jpg\",\"datePublished\":\"2023-12-21T13:48:22+00:00\",\"dateModified\":\"2023-12-21T13:48:23+00:00\",\"author\":{\"@id\":\"https:\\\/\\\/lepatriotebenin.com\\\/#\\\/schema\\\/person\\\/4a9b67216c97d04045e01405c534c91f\"},\"breadcrumb\":{\"@id\":\"https:\\\/\\\/lepatriotebenin.com\\\/index.php\\\/2023\\\/12\\\/21\\\/deces-de-lemir-nawaf-al-ahmad-al-jaber-al-sabah-boni-yayi-presente-ses-condoleances-a-la-nation-koweitienne\\\/#breadcrumb\"},\"inLanguage\":\"fr-FR\",\"potentialAction\":[{\"@type\":\"ReadAction\",\"target\":[\"https:\\\/\\\/lepatriotebenin.com\\\/index.php\\\/2023\\\/12\\\/21\\\/deces-de-lemir-nawaf-al-ahmad-al-jaber-al-sabah-boni-yayi-presente-ses-condoleances-a-la-nation-koweitienne\\\/\"]}]},{\"@type\":\"ImageObject\",\"inLanguage\":\"fr-FR\",\"@id\":\"https:\\\/\\\/lepatriotebenin.com\\\/index.php\\\/2023\\\/12\\\/21\\\/deces-de-lemir-nawaf-al-ahmad-al-jaber-al-sabah-boni-yayi-presente-ses-condoleances-a-la-nation-koweitienne\\\/#primaryimage\",\"url\":\"https:\\\/\\\/lepatriotebenin.com\\\/wp-content\\\/uploads\\\/2023\\\/12\\\/koweit-condoleance-yayi-amb-2048x1152-1.jpg\",\"contentUrl\":\"https:\\\/\\\/lepatriotebenin.com\\\/wp-content\\\/uploads\\\/2023\\\/12\\\/koweit-condoleance-yayi-amb-2048x1152-1.jpg\",\"width\":2048,\"height\":1152},{\"@type\":\"BreadcrumbList\",\"@id\":\"https:\\\/\\\/lepatriotebenin.com\\\/index.php\\\/2023\\\/12\\\/21\\\/deces-de-lemir-nawaf-al-ahmad-al-jaber-al-sabah-boni-yayi-presente-ses-condoleances-a-la-nation-koweitienne\\\/#breadcrumb\",\"itemListElement\":[{\"@type\":\"ListItem\",\"position\":1,\"name\":\"Accueil\",\"item\":\"https:\\\/\\\/lepatriotebenin.com\\\/\"},{\"@type\":\"ListItem\",\"position\":2,\"name\":\"D\u00e9c\u00e8s de l\u2019Emir Nawaf Al-Ahmad Al-Jaber Al-Sabah\u00a0: Boni Yayi pr\u00e9sente ses condol\u00e9ances \u00e0 la Nation koweitienne\"}]},{\"@type\":\"WebSite\",\"@id\":\"https:\\\/\\\/lepatriotebenin.com\\\/#website\",\"url\":\"https:\\\/\\\/lepatriotebenin.com\\\/\",\"name\":\"Le Patriote\",\"description\":\"Le Patriote B\u00e9nin\",\"potentialAction\":[{\"@type\":\"SearchAction\",\"target\":{\"@type\":\"EntryPoint\",\"urlTemplate\":\"https:\\\/\\\/lepatriotebenin.com\\\/?s={search_term_string}\"},\"query-input\":{\"@type\":\"PropertyValueSpecification\",\"valueRequired\":true,\"valueName\":\"search_term_string\"}}],\"inLanguage\":\"fr-FR\"},{\"@type\":\"Person\",\"@id\":\"https:\\\/\\\/lepatriotebenin.com\\\/#\\\/schema\\\/person\\\/4a9b67216c97d04045e01405c534c91f\",\"name\":\"Roland AFFANOU\",\"image\":{\"@type\":\"ImageObject\",\"inLanguage\":\"fr-FR\",\"@id\":\"https:\\\/\\\/secure.gravatar.com\\\/avatar\\\/7209d3f6d2d47ea4d0c67e14d3effb61feb10ae540a4381280c66265de5bd643?s=96&d=mm&r=g\",\"url\":\"https:\\\/\\\/secure.gravatar.com\\\/avatar\\\/7209d3f6d2d47ea4d0c67e14d3effb61feb10ae540a4381280c66265de5bd643?s=96&d=mm&r=g\",\"contentUrl\":\"https:\\\/\\\/secure.gravatar.com\\\/avatar\\\/7209d3f6d2d47ea4d0c67e14d3effb61feb10ae540a4381280c66265de5bd643?s=96&d=mm&r=g\",\"caption\":\"Roland AFFANOU\"},\"url\":\"https:\\\/\\\/lepatriotebenin.com\"}]}<\/script>\n<!-- \/ Yoast SEO plugin. -->","yoast_head_json":{"title":"D\u00e9c\u00e8s de l\u2019Emir Nawaf Al-Ahmad Al-Jaber Al-Sabah\u00a0: Boni Yayi pr\u00e9sente ses condol\u00e9ances \u00e0 la Nation koweitienne - Le Patriote","robots":{"index":"index","follow":"follow","max-snippet":"max-snippet:-1","max-image-preview":"max-image-preview:large","max-video-preview":"max-video-preview:-1"},"canonical":"https:\/\/lepatriotebenin.com\/index.php\/2023\/12\/21\/deces-de-lemir-nawaf-al-ahmad-al-jaber-al-sabah-boni-yayi-presente-ses-condoleances-a-la-nation-koweitienne\/","og_locale":"fr_FR","og_type":"article","og_title":"D\u00e9c\u00e8s de l\u2019Emir Nawaf Al-Ahmad Al-Jaber Al-Sabah\u00a0: Boni Yayi pr\u00e9sente ses condol\u00e9ances \u00e0 la Nation koweitienne - Le Patriote","og_description":"Le pr\u00e9sident du parti Les D\u00e9mocrates, l\u2019ancien pr\u00e9sident Boni Yayi \u00e0 la t\u00eate d\u2019une forte d\u00e9l\u00e9gation des membres du bureau de la Coordination Nationale de son parti est all\u00e9 pr\u00e9senter,&hellip;","og_url":"https:\/\/lepatriotebenin.com\/index.php\/2023\/12\/21\/deces-de-lemir-nawaf-al-ahmad-al-jaber-al-sabah-boni-yayi-presente-ses-condoleances-a-la-nation-koweitienne\/","og_site_name":"Le Patriote","article_published_time":"2023-12-21T13:48:22+00:00","article_modified_time":"2023-12-21T13:48:23+00:00","og_image":[{"width":2048,"height":1152,"url":"https:\/\/lepatriotebenin.com\/wp-content\/uploads\/2023\/12\/koweit-condoleance-yayi-amb-2048x1152-1.jpg","type":"image\/jpeg"}],"author":"Roland AFFANOU","twitter_card":"summary_large_image","twitter_misc":{"\u00c9crit par":"Roland AFFANOU","Dur\u00e9e de lecture estim\u00e9e":"2 minutes"},"schema":{"@context":"https:\/\/schema.org","@graph":[{"@type":"Article","@id":"https:\/\/lepatriotebenin.com\/index.php\/2023\/12\/21\/deces-de-lemir-nawaf-al-ahmad-al-jaber-al-sabah-boni-yayi-presente-ses-condoleances-a-la-nation-koweitienne\/#article","isPartOf":{"@id":"https:\/\/lepatriotebenin.com\/index.php\/2023\/12\/21\/deces-de-lemir-nawaf-al-ahmad-al-jaber-al-sabah-boni-yayi-presente-ses-condoleances-a-la-nation-koweitienne\/"},"author":{"name":"Roland AFFANOU","@id":"https:\/\/lepatriotebenin.com\/#\/schema\/person\/4a9b67216c97d04045e01405c534c91f"},"headline":"D\u00e9c\u00e8s de l\u2019Emir Nawaf Al-Ahmad Al-Jaber Al-Sabah\u00a0: Boni Yayi pr\u00e9sente ses condol\u00e9ances \u00e0 la Nation koweitienne","datePublished":"2023-12-21T13:48:22+00:00","dateModified":"2023-12-21T13:48:23+00:00","mainEntityOfPage":{"@id":"https:\/\/lepatriotebenin.com\/index.php\/2023\/12\/21\/deces-de-lemir-nawaf-al-ahmad-al-jaber-al-sabah-boni-yayi-presente-ses-condoleances-a-la-nation-koweitienne\/"},"wordCount":273,"commentCount":0,"image":{"@id":"https:\/\/lepatriotebenin.com\/index.php\/2023\/12\/21\/deces-de-lemir-nawaf-al-ahmad-al-jaber-al-sabah-boni-yayi-presente-ses-condoleances-a-la-nation-koweitienne\/#primaryimage"},"thumbnailUrl":"https:\/\/lepatriotebenin.com\/wp-content\/uploads\/2023\/12\/koweit-condoleance-yayi-amb-2048x1152-1.jpg","articleSection":["Politique"],"inLanguage":"fr-FR","potentialAction":[{"@type":"CommentAction","name":"Comment","target":["https:\/\/lepatriotebenin.com\/index.php\/2023\/12\/21\/deces-de-lemir-nawaf-al-ahmad-al-jaber-al-sabah-boni-yayi-presente-ses-condoleances-a-la-nation-koweitienne\/#respond"]}]},{"@type":"WebPage","@id":"https:\/\/lepatriotebenin.com\/index.php\/2023\/12\/21\/deces-de-lemir-nawaf-al-ahmad-al-jaber-al-sabah-boni-yayi-presente-ses-condoleances-a-la-nation-koweitienne\/","url":"https:\/\/lepatriotebenin.com\/index.php\/2023\/12\/21\/deces-de-lemir-nawaf-al-ahmad-al-jaber-al-sabah-boni-yayi-presente-ses-condoleances-a-la-nation-koweitienne\/","name":"D\u00e9c\u00e8s de l\u2019Emir Nawaf Al-Ahmad Al-Jaber Al-Sabah\u00a0: Boni Yayi pr\u00e9sente ses condol\u00e9ances \u00e0 la Nation koweitienne - Le Patriote","isPartOf":{"@id":"https:\/\/lepatriotebenin.com\/#website"},"primaryImageOfPage":{"@id":"https:\/\/lepatriotebenin.com\/index.php\/2023\/12\/21\/deces-de-lemir-nawaf-al-ahmad-al-jaber-al-sabah-boni-yayi-presente-ses-condoleances-a-la-nation-koweitienne\/#primaryimage"},"image":{"@id":"https:\/\/lepatriotebenin.com\/index.php\/2023\/12\/21\/deces-de-lemir-nawaf-al-ahmad-al-jaber-al-sabah-boni-yayi-presente-ses-condoleances-a-la-nation-koweitienne\/#primaryimage"},"thumbnailUrl":"https:\/\/lepatriotebenin.com\/wp-content\/uploads\/2023\/12\/koweit-condoleance-yayi-amb-2048x1152-1.jpg","datePublished":"2023-12-21T13:48:22+00:00","dateModified":"2023-12-21T13:48:23+00:00","author":{"@id":"https:\/\/lepatriotebenin.com\/#\/schema\/person\/4a9b67216c97d04045e01405c534c91f"},"breadcrumb":{"@id":"https:\/\/lepatriotebenin.com\/index.php\/2023\/12\/21\/deces-de-lemir-nawaf-al-ahmad-al-jaber-al-sabah-boni-yayi-presente-ses-condoleances-a-la-nation-koweitienne\/#breadcrumb"},"inLanguage":"fr-FR","potentialAction":[{"@type":"ReadAction","target":["https:\/\/lepatriotebenin.com\/index.php\/2023\/12\/21\/deces-de-lemir-nawaf-al-ahmad-al-jaber-al-sabah-boni-yayi-presente-ses-condoleances-a-la-nation-koweitienne\/"]}]},{"@type":"ImageObject","inLanguage":"fr-FR","@id":"https:\/\/lepatriotebenin.com\/index.php\/2023\/12\/21\/deces-de-lemir-nawaf-al-ahmad-al-jaber-al-sabah-boni-yayi-presente-ses-condoleances-a-la-nation-koweitienne\/#primaryimage","url":"https:\/\/lepatriotebenin.com\/wp-content\/uploads\/2023\/12\/koweit-condoleance-yayi-amb-2048x1152-1.jpg","contentUrl":"https:\/\/lepatriotebenin.com\/wp-content\/uploads\/2023\/12\/koweit-condoleance-yayi-amb-2048x1152-1.jpg","width":2048,"height":1152},{"@type":"BreadcrumbList","@id":"https:\/\/lepatriotebenin.com\/index.php\/2023\/12\/21\/deces-de-lemir-nawaf-al-ahmad-al-jaber-al-sabah-boni-yayi-presente-ses-condoleances-a-la-nation-koweitienne\/#breadcrumb","itemListElement":[{"@type":"ListItem","position":1,"name":"Accueil","item":"https:\/\/lepatriotebenin.com\/"},{"@type":"ListItem","position":2,"name":"D\u00e9c\u00e8s de l\u2019Emir Nawaf Al-Ahmad Al-Jaber Al-Sabah\u00a0: Boni Yayi pr\u00e9sente ses condol\u00e9ances \u00e0 la Nation koweitienne"}]},{"@type":"WebSite","@id":"https:\/\/lepatriotebenin.com\/#website","url":"https:\/\/lepatriotebenin.com\/","name":"Le Patriote","description":"Le Patriote B\u00e9nin","potentialAction":[{"@type":"SearchAction","target":{"@type":"EntryPoint","urlTemplate":"https:\/\/lepatriotebenin.com\/?s={search_term_string}"},"query-input":{"@type":"PropertyValueSpecification","valueRequired":true,"valueName":"search_term_string"}}],"inLanguage":"fr-FR"},{"@type":"Person","@id":"https:\/\/lepatriotebenin.com\/#\/schema\/person\/4a9b67216c97d04045e01405c534c91f","name":"Roland AFFANOU","image":{"@type":"ImageObject","inLanguage":"fr-FR","@id":"https:\/\/secure.gravatar.com\/avatar\/7209d3f6d2d47ea4d0c67e14d3effb61feb10ae540a4381280c66265de5bd643?s=96&d=mm&r=g","url":"https:\/\/secure.gravatar.com\/avatar\/7209d3f6d2d47ea4d0c67e14d3effb61feb10ae540a4381280c66265de5bd643?s=96&d=mm&r=g","contentUrl":"https:\/\/secure.gravatar.com\/avatar\/7209d3f6d2d47ea4d0c67e14d3effb61feb10ae540a4381280c66265de5bd643?s=96&d=mm&r=g","caption":"Roland AFFANOU"},"url":"https:\/\/lepatriotebenin.com"}]}},"_links":{"self":[{"href":"https:\/\/lepatriotebenin.com\/index.php\/wp-json\/wp\/v2\/posts\/2103","targetHints":{"allow":["GET"]}}],"collection":[{"href":"https:\/\/lepatriotebenin.com\/index.php\/wp-json\/wp\/v2\/posts"}],"about":[{"href":"https:\/\/lepatriotebenin.com\/index.php\/wp-json\/wp\/v2\/types\/post"}],"author":[{"embeddable":true,"href":"https:\/\/lepatriotebenin.com\/index.php\/wp-json\/wp\/v2\/users\/6"}],"replies":[{"embeddable":true,"href":"https:\/\/lepatriotebenin.com\/index.php\/wp-json\/wp\/v2\/comments?post=2103"}],"version-history":[{"count":1,"href":"https:\/\/lepatriotebenin.com\/index.php\/wp-json\/wp\/v2\/posts\/2103\/revisions"}],"predecessor-version":[{"id":2105,"href":"https:\/\/lepatriotebenin.com\/index.php\/wp-json\/wp\/v2\/posts\/2103\/revisions\/2105"}],"wp:featuredmedia":[{"embeddable":true,"href":"https:\/\/lepatriotebenin.com\/index.php\/wp-json\/wp\/v2\/media\/2104"}],"wp:attachment":[{"href":"https:\/\/lepatriotebenin.com\/index.php\/wp-json\/wp\/v2\/media?parent=2103"}],"wp:term":[{"taxonomy":"category","embeddable":true,"href":"https:\/\/lepatriotebenin.com\/index.php\/wp-json\/wp\/v2\/categories?post=2103"},{"taxonomy":"post_tag","embeddable":true,"href":"https:\/\/lepatriotebenin.com\/index.php\/wp-json\/wp\/v2\/tags?post=2103"}],"curies":[{"name":"wp","href":"https:\/\/api.w.org\/{rel}","templated":true}]}}